{"id":12473,"date":"2017-08-31T08:11:02","date_gmt":"2017-08-31T08:11:02","guid":{"rendered":"https:\/\/gracious-dewdney.138-201-221-2.plesk.page\/?p=12473"},"modified":"2019-10-23T10:32:44","modified_gmt":"2019-10-23T10:32:44","slug":"keljunk-ujra-egyutt-utra","status":"publish","type":"post","link":"https:\/\/stuttgarti-katolikusok.de\/index.php\/keljunk-ujra-egyutt-utra\/","title":{"rendered":"Kelj\u00fcnk \u00fajra egy\u00fctt \u00fatra!"},"content":{"rendered":"<p><strong>Kelj\u00fcnk \u00fajra egy\u00fctt \u00fatra!<\/strong><\/p>\n<p>H\u00e1rom esztend\u0151 ut\u00e1n Isten ism\u00e9t megadta nekem azt a lehet\u0151s\u00e9get, hogy \u2013 r\u00e9gi szenved\u00e9lyemnek h\u00f3dolva \u2013 egy hosszabb biciklit\u00far\u00e1ra keljek. Ezek a t\u00far\u00e1k nem csak felejthetetlen k\u00e1pl\u00e1n\u00e9veimre eml\u00e9keztetnek, amikor nem egyszer t\u00f6bb tucat fiatalt\u00f3l k\u00eds\u00e9rve biciklivel j\u00e1rtam a messze es\u0151 fili\u00e1kat. Hanem id\u0151k\u00f6zben l\u00e9tsz\u00fcks\u00e9gletemm\u00e9 v\u00e1ltak, mert mik\u00f6zben tekerem a kilom\u00e9tereket, f\u00e1rad ugyan a testem, de parttalann\u00e1 t\u00e1gul a lelkem, \u00e9s mindig kiv\u00e1ncsi szellememmel ezer \u00e9s ezer \u00faj, soha nem l\u00e1tott arculat\u00e1t fedezem fel az \u00fat sor\u00e1n el\u00e9m t\u00e1rul\u00f3 vil\u00e1gnak.<\/p>\n<p>Az id\u00e9n a Neckar \u00e9s a Rajna-mente volt soron. Indul\u00e1s el\u0151tt bar\u00e1tommal el\u0151bb j\u00f3l \u00e1ttanulm\u00e1nyoztuk a t\u00e9rk\u00e9pet \u00e9s minden sz\u00fcks\u00e9ges tudnival\u00f3t a fej\u00fcnkbe v\u00e9st\u00fcnk, hogy a kit\u0171z\u00f6tt utic\u00e9ljainkat sorra el\u00e9rhess\u00fck. Ut\u00e1na minden \u2013 kev\u00e9s \u2013 c\u00f3km\u00f3kunkat bepakoltuk, hogy a legsz\u00fcks\u00e9gesebb ruh\u00e1zattal \u00e9s \u00e9lelemmel el legy\u00fcnk l\u00e1tva. V\u00e9g\u00fcl ellen\u0151rizt\u00fck a j\u00e1rg\u00e1nyainkat, hogy b\u00edrj\u00e1k a hossz\u00fa utat.<\/p>\n<p>Azt\u00e1n \u00fatra kelt\u00fcnk&#8230;<\/p>\n<ol>\n<li>Az ember \u00e1ltal\u00e1ban az\u00e9rt kel \u00fatra, hogy <em>vil\u00e1got l\u00e1sson.<\/em> M\u00e1s v\u00e1rosokat, m\u00e1s falvakat, m\u00e1s vid\u00e9keket, m\u00e1s term\u00e9szeti sz\u00e9ps\u00e9geket, mint amikkel nap, mint nap k\u00f6rbe van v\u00e9ve&#8230;<\/li>\n<\/ol>\n<p>Ugyanakkor tal\u00e1n nem is tudja, hogy ez az \u00fatra k\u00e9sztet\u0151 nyugtalans\u00e1g egy m\u00e1sik vil\u00e1g szir\u00e9nhangja a lelk\u00e9ben, amely \u0151t arra k\u00e9szteti, hogy \u00e9let\u00e9nek \u00e9rtelm\u00e9t keresse \u00e9s bel\u00fcl \u00e9get\u0151 k\u00e9rd\u00e9seire v\u00e1laszt tal\u00e1ljon. \u00datrakel\u00e9s\u00e9vel bels\u0151 nyugtalans\u00e1g\u00e1ra keres megnyugv\u00e1st. Andrea Schwarz \u00edr\u00f3n\u0151 szavaival: <em>\u201eHa a l\u00e9lek keres \u00e9s az \u00e9rtelem k\u00e9rdez, akkor sz\u00e1rnyra k\u00e9l a sz\u00edv, \u00e9s\u00a0 \u00fatnak indul az ember&#8230;\u201d<\/em><\/p>\n<p>\u00c9s mik\u00f6zben vil\u00e1got l\u00e1t, lelk\u00e9ben minden sz\u00e9pen, lassan elrendez\u0151dik&#8230;<\/p>\n<ol start=\"2\">\n<li>Az ember az\u00e9rt is kel \u00fatra, hogy <em>\u00faj tapasztalatokra<\/em> tegyen szert. M\u00e1s \u00e9lm\u00e9nyek, m\u00e1s helyzetek, m\u00e1s k\u00f6r\u00fclm\u00e9nyek, m\u00e1s kih\u00edv\u00e1sok el\u00e9 siet. Van, amelyikt\u0151l lelke t\u00falcsordul az \u00f6r\u00f6mt\u0151l, de van olyan is, amely megr\u00e1z\u00f3, kellemetlen&#8230; Viszont, \u00e9s milyen csod\u00e1latos, mindegyik \u00e9lm\u00e9ny gazdag\u00edtja tapasztalat\u00e1t, t\u00e1g\u00edtja horizontj\u00e1t!<\/li>\n<\/ol>\n<p>\u00c9s mik\u00f6zben az ember elhagyja megszokott k\u00f6rnyezet\u00e9t, amely neki biztons\u00e1got \u00e9s v\u00e9delmet ny\u00fajt, kev\u00e9s elem\u00f3zsi\u00e1val \u00e9s csomaggal \u00fatra k\u00e9l, megtapasztalja azt is, hogy milyen kev\u00e9s sz\u00fcks\u00e9ges a boldogs\u00e1ghoz&#8230;<\/p>\n<ol start=\"3\">\n<li>V\u00e9g\u00fcl az ember az\u00e9rt is kel \u00fatra, hogy <em>hat\u00e1rait feszegesse<\/em>. L\u00e1ssa, hogy (m\u00e9g) mire k\u00e9pes? Mert aki \u00fatnak indul, annak az \u00e9lete mozg\u00e1sba j\u00f6n. Az \u00e1ll\u00f3v\u00edz felkavarodik, ami \u00e9vek alatt megsz\u00fcrk\u00fclt, megkem\u00e9nyedett, berozsd\u00e1sodott, az most az \u00fat alatt \u00fajra sz\u00edness\u00e9, form\u00e1lhat\u00f3v\u00e1 \u00e9s f\u00e9nyess\u00e9 v\u00e1lik. Igaz, hogy az \u00fat sor\u00e1n n\u00e9ha kudarcokat is szenvedhet az id\u0151 viszontags\u00e1gai, az emberek \u00e9rdektelens\u00e9ge miatt, de megtapasztalja, hogy a benne szunnyad\u00f3 er\u0151k t\u00f6bbre k\u00e9pesek a megszokottn\u00e1l. S\u0151t, \u00faj er\u0151ket fedez fel \u00f6nmag\u00e1ban! Csod\u00e1lkozva tapasztalja, hogy m\u00e9g mindig t\u00f6bbre k\u00e9pes, mint gondolta&#8230;<\/li>\n<\/ol>\n<p>Mondanom sem kell, hogy az idei biciklit\u00fara ism\u00e9t meg\u00e9rt minden f\u00e1rads\u00e1got! Az id\u0151 v\u00e9gig nagyszer\u0171 volt! A falvak \u00e9s v\u00e1rosok, amiket megl\u00e1togattunk, a term\u00e9szet sz\u00e9ps\u00e9gei leny\u0171g\u00f6z\u0151ek voltak, az emberek, akikkel tal\u00e1lkoztunk, kedvesek, \u00e9rdekl\u0151d\u0151k \u00e9s seg\u00edt\u0151k\u00e9szek voltak, \u00e9s ezek mind felejthetetlen \u00e9lm\u00e9nyekk\u00e9 r\u00f6gz\u00fcltek bennem. Ism\u00e9t megtapasztalhattam, hogy \u00e9letem t\u00f6bb, mint a mindennapok sokszori egyhang\u00fas\u00e1ga. \u00dajra \u00e9lvezhettem azt, hogy nem tudtam, hol alszunk aznap este, mit esz\u00fcnk \u00e9s mit iszunk&#8230; V\u00e9g\u00fcl \u00fajfent bel\u00e9m villant, hogy t\u00f6bbre vagyok k\u00e9pes, mint n\u00e9ha, neh\u00e9z perceimben lemond\u00f3an gondolom&#8230;<\/p>\n<p>A v\u00e9g\u00e9n azonban m\u00e1r v\u00e1gyakoztam haza. Nem utols\u00f3sorban az\u00e9rt is, hogy ism\u00e9t veletek lehessek!<\/p>\n<p>A gondolat azonban nem hagy nyugodni: ez a szeptemberben kezd\u0151d\u0151 \u201e\u00faj \u00fat\u201d, amely el\u00e9 most mindannyian oly sok rem\u00e9nnyel \u00e9s elv\u00e1r\u00e1ssal, \u00f6r\u00f6mmel \u00e9s szeretettel, kiv\u00e1ncsis\u00e1ggal \u00e9s v\u00e1rakoz\u00e1ssal n\u00e9z\u00fcnk, hasonl\u00edt a biciklit\u00far\u00e1ra, egy\u00e1ltal\u00e1n a kir\u00e1ndul\u00e1sra.<\/p>\n<p>Szeretettel h\u00edvlak h\u00e1t mindannyi\u00f3tokat: kelj\u00fcnk \u00fajra egy\u00fctt \u00fatra!<\/p>\n<p>Kelj\u00fcnk \u00fatra egy\u00fctt egyh\u00e1zk\u00f6zs\u00e9geinkben, templomainkban \u00e9s rendezv\u00e9nyeinken,<\/p>\n<p>&#8211; hogy k\u00f6r\u00fcl\u00f6tt\u00fcnk \u00faj vil\u00e1gokat fedezz\u00fcnk fel, \u00e9s a benn\u00fcnk fel\u00e1gaskod\u00f3 \u00e9letk\u00e9rd\u00e9sekre kiel\u00e9g\u00edt\u0151 v\u00e1laszokat kaphassunk;<\/p>\n<p>&#8211; hogy h\u00e9tv\u00e9geken kiszakadva a mindennapok sz\u00fcrke egyhang\u00fas\u00e1g\u00e1b\u00f3l, \u00faj \u00e9lm\u00e9nyekkel \u00e9s \u00faj tapasztalatokkal t\u00e9rhess\u00fcnk haza, \u00e9s bar\u00e1taink, az egyh\u00e1zk\u00f6zs\u00e9g tagjai k\u00f6z\u00f6tt felfedezhess\u00fck, milyen kev\u00e9s kell sokszor a boldogs\u00e1ghoz;<\/p>\n<p>&#8211; \u00e9s v\u00e9g\u00fcl hogy szem\u00e9lyis\u00e9g\u00fcnk hat\u00e1rait feszegetve \u00e9szrevehess\u00fck: Isten egy sereg j\u00f3tulajdons\u00e1ggal \u00e1ldott meg benn\u00fcnket, \u00e9s vel\u00fck \u2013 mag\u00e1n- \u00e9s k\u00f6z\u00f6ss\u00e9gi \u00e9let\u00fcnkben &#8211; t\u00f6bbre vagyunk k\u00e9pesek, mint gondoln\u00e1nk!<\/p>\n<p>Ezt k\u00edv\u00e1nja minden H\u00edv\u00e9nek \u00e9s Olvas\u00f3j\u00e1nak,<\/p>\n<p>Szerettel,<\/p>\n<p>Imre atya<\/p>\n<p>&nbsp;<\/p>\n<p>Stuttgart, 2017-08-31.<\/p>\n<p>&nbsp;<\/p>\n<p>PS! Noha Tibor atya most \u2013 betegs\u00e9ge miatt \u2013 \u00e9lete egyik neh\u00e9z \u00fatszakasz\u00e1n kell, hogy kereszt\u00fcl menjen, term\u00e9szetesen \u0151t is magunkkal vissz\u00fck&#8230;<\/p>\n<p>&nbsp;<\/p>\n<p>&nbsp;<\/p>\n<p>&nbsp;<\/p>\n","protected":false},"excerpt":{"rendered":"<p>Kelj\u00fcnk \u00fajra egy\u00fctt \u00fatra! H\u00e1rom esztend\u0151 ut\u00e1n Isten ism\u00e9t megadta nekem azt a lehet\u0151s\u00e9get, hogy \u2013 r\u00e9gi szenved\u00e9lyemnek h\u00f3dolva \u2013 egy hosszabb biciklit\u00far\u00e1ra keljek. Ezek a t\u00far\u00e1k nem csak felejthetetlen k\u00e1pl\u00e1n\u00e9veimre eml\u00e9keztetnek, amikor nem egyszer t\u00f6bb tucat fiatalt\u00f3l k\u00eds\u00e9rve biciklivel j\u00e1rtam a messze es\u0151 fili\u00e1kat. Hanem id\u0151k\u00f6zben l\u00e9tsz\u00fcks\u00e9gletemm\u00e9 v\u00e1ltak, mert mik\u00f6zben tekerem a kilom\u00e9tereket, f\u00e1rad ugyan a testem, de parttalann\u00e1 t\u00e1gul a lelkem, \u00e9s mindig kiv\u00e1ncsi szellememmel ezer \u00e9s ezer \u00faj, soha nem l\u00e1tott arculat\u00e1t fedezem fel az \u00fat sor\u00e1n el\u00e9m t\u00e1rul\u00f3 vil\u00e1gnak. Az id\u00e9n a Neckar \u00e9s a Rajna-mente volt soron. Indul\u00e1s el\u0151tt bar\u00e1tommal el\u0151bb j\u00f3l \u00e1ttanulm\u00e1nyoztuk a t\u00e9rk\u00e9pet \u00e9s minden sz\u00fcks\u00e9ges tudnival\u00f3t a fej\u00fcnkbe v\u00e9st\u00fcnk, hogy a kit\u0171z\u00f6tt utic\u00e9ljainkat sorra el\u00e9rhess\u00fck. Ut\u00e1na minden \u2013 kev\u00e9s \u2013 c\u00f3km\u00f3kunkat bepakoltuk, hogy a legsz\u00fcks\u00e9gesebb ruh\u00e1zattal \u00e9s \u00e9lelemmel el legy\u00fcnk l\u00e1tva. V\u00e9g\u00fcl ellen\u0151rizt\u00fck a j\u00e1rg\u00e1nyainkat, hogy b\u00edrj\u00e1k a hossz\u00fa utat. Azt\u00e1n \u00fatra kelt\u00fcnk&#8230; Az ember \u00e1ltal\u00e1ban az\u00e9rt kel \u00fatra, hogy vil\u00e1got l\u00e1sson. M\u00e1s v\u00e1rosokat, m\u00e1s falvakat, m\u00e1s vid\u00e9keket, m\u00e1s term\u00e9szeti sz\u00e9ps\u00e9geket, mint amikkel nap, mint nap k\u00f6rbe van v\u00e9ve&#8230; Ugyanakkor tal\u00e1n nem is tudja, hogy ez az \u00fatra k\u00e9sztet\u0151 nyugtalans\u00e1g egy m\u00e1sik vil\u00e1g szir\u00e9nhangja a lelk\u00e9ben, amely \u0151t arra k\u00e9szteti, hogy \u00e9let\u00e9nek \u00e9rtelm\u00e9t keresse \u00e9s bel\u00fcl \u00e9get\u0151 k\u00e9rd\u00e9seire v\u00e1laszt tal\u00e1ljon. \u00datrakel\u00e9s\u00e9vel bels\u0151 nyugtalans\u00e1g\u00e1ra keres megnyugv\u00e1st. Andrea Schwarz \u00edr\u00f3n\u0151 szavaival: \u201eHa a l\u00e9lek keres \u00e9s az \u00e9rtelem k\u00e9rdez, akkor sz\u00e1rnyra k\u00e9l a sz\u00edv, \u00e9s\u00a0 \u00fatnak indul az ember&#8230;\u201d \u00c9s mik\u00f6zben vil\u00e1got l\u00e1t, lelk\u00e9ben minden sz\u00e9pen, lassan elrendez\u0151dik&#8230; Az ember az\u00e9rt is kel \u00fatra, hogy \u00faj tapasztalatokra tegyen szert. M\u00e1s \u00e9lm\u00e9nyek, m\u00e1s helyzetek, m\u00e1s k\u00f6r\u00fclm\u00e9nyek, m\u00e1s kih\u00edv\u00e1sok el\u00e9 siet. Van, amelyikt\u0151l lelke t\u00falcsordul az \u00f6r\u00f6mt\u0151l, de van olyan is, amely megr\u00e1z\u00f3, kellemetlen&#8230; Viszont, \u00e9s milyen csod\u00e1latos, mindegyik \u00e9lm\u00e9ny gazdag\u00edtja tapasztalat\u00e1t, t\u00e1g\u00edtja horizontj\u00e1t! \u00c9s mik\u00f6zben az ember elhagyja megszokott k\u00f6rnyezet\u00e9t, amely neki biztons\u00e1got \u00e9s v\u00e9delmet ny\u00fajt, kev\u00e9s elem\u00f3zsi\u00e1val \u00e9s csomaggal \u00fatra k\u00e9l, megtapasztalja azt is,&#8230; <\/p>\n<p><a class=\"readmore\" href=\"https:\/\/stuttgarti-katolikusok.de\/index.php\/keljunk-ujra-egyutt-utra\/\">R\u00e9szletek<\/a><\/p>\n","protected":false},"author":3,"featured_media":0,"comment_status":"closed","ping_status":"closed","sticky":false,"template":"","format":"standard","meta":{"footnotes":""},"categories":[24],"tags":[],"class_list":["post-12473","post","type-post","status-publish","format-standard","hentry","category-gondolatok"],"yoast_head":"<!-- This site is optimized with the Yoast SEO plugin v27.3 - https:\/\/yoast.com\/product\/yoast-seo-wordpress\/ -->\n<title>Kelj\u00fcnk \u00fajra egy\u00fctt \u00fatra! - Stuttgarti Katolikusok<\/title>\n<meta name=\"robots\" content=\"index, follow, max-snippet:-1, max-image-preview:large, max-video-preview:-1\" \/>\n<link rel=\"canonical\" href=\"https:\/\/stuttgarti-katolikusok.de\/index.php\/keljunk-ujra-egyutt-utra\/\" \/>\n<meta property=\"og:locale\" content=\"hu_HU\" \/>\n<meta property=\"og:type\" content=\"article\" \/>\n<meta property=\"og:title\" content=\"Kelj\u00fcnk \u00fajra egy\u00fctt \u00fatra! - Stuttgarti Katolikusok\" \/>\n<meta property=\"og:description\" content=\"Kelj\u00fcnk \u00fajra egy\u00fctt \u00fatra! H\u00e1rom esztend\u0151 ut\u00e1n Isten ism\u00e9t megadta nekem azt a lehet\u0151s\u00e9get, hogy \u2013 r\u00e9gi szenved\u00e9lyemnek h\u00f3dolva \u2013 egy hosszabb biciklit\u00far\u00e1ra keljek. Ezek a t\u00far\u00e1k nem csak felejthetetlen k\u00e1pl\u00e1n\u00e9veimre eml\u00e9keztetnek, amikor nem egyszer t\u00f6bb tucat fiatalt\u00f3l k\u00eds\u00e9rve biciklivel j\u00e1rtam a messze es\u0151 fili\u00e1kat. Hanem id\u0151k\u00f6zben l\u00e9tsz\u00fcks\u00e9gletemm\u00e9 v\u00e1ltak, mert mik\u00f6zben tekerem a kilom\u00e9tereket, f\u00e1rad ugyan a testem, de parttalann\u00e1 t\u00e1gul a lelkem, \u00e9s mindig kiv\u00e1ncsi szellememmel ezer \u00e9s ezer \u00faj, soha nem l\u00e1tott arculat\u00e1t fedezem fel az \u00fat sor\u00e1n el\u00e9m t\u00e1rul\u00f3 vil\u00e1gnak. Az id\u00e9n a Neckar \u00e9s a Rajna-mente volt soron. Indul\u00e1s el\u0151tt bar\u00e1tommal el\u0151bb j\u00f3l \u00e1ttanulm\u00e1nyoztuk a t\u00e9rk\u00e9pet \u00e9s minden sz\u00fcks\u00e9ges tudnival\u00f3t a fej\u00fcnkbe v\u00e9st\u00fcnk, hogy a kit\u0171z\u00f6tt utic\u00e9ljainkat sorra el\u00e9rhess\u00fck. Ut\u00e1na minden \u2013 kev\u00e9s \u2013 c\u00f3km\u00f3kunkat bepakoltuk, hogy a legsz\u00fcks\u00e9gesebb ruh\u00e1zattal \u00e9s \u00e9lelemmel el legy\u00fcnk l\u00e1tva. V\u00e9g\u00fcl ellen\u0151rizt\u00fck a j\u00e1rg\u00e1nyainkat, hogy b\u00edrj\u00e1k a hossz\u00fa utat. Azt\u00e1n \u00fatra kelt\u00fcnk&#8230; Az ember \u00e1ltal\u00e1ban az\u00e9rt kel \u00fatra, hogy vil\u00e1got l\u00e1sson. M\u00e1s v\u00e1rosokat, m\u00e1s falvakat, m\u00e1s vid\u00e9keket, m\u00e1s term\u00e9szeti sz\u00e9ps\u00e9geket, mint amikkel nap, mint nap k\u00f6rbe van v\u00e9ve&#8230; Ugyanakkor tal\u00e1n nem is tudja, hogy ez az \u00fatra k\u00e9sztet\u0151 nyugtalans\u00e1g egy m\u00e1sik vil\u00e1g szir\u00e9nhangja a lelk\u00e9ben, amely \u0151t arra k\u00e9szteti, hogy \u00e9let\u00e9nek \u00e9rtelm\u00e9t keresse \u00e9s bel\u00fcl \u00e9get\u0151 k\u00e9rd\u00e9seire v\u00e1laszt tal\u00e1ljon. \u00datrakel\u00e9s\u00e9vel bels\u0151 nyugtalans\u00e1g\u00e1ra keres megnyugv\u00e1st. Andrea Schwarz \u00edr\u00f3n\u0151 szavaival: \u201eHa a l\u00e9lek keres \u00e9s az \u00e9rtelem k\u00e9rdez, akkor sz\u00e1rnyra k\u00e9l a sz\u00edv, \u00e9s\u00a0 \u00fatnak indul az ember&#8230;\u201d \u00c9s mik\u00f6zben vil\u00e1got l\u00e1t, lelk\u00e9ben minden sz\u00e9pen, lassan elrendez\u0151dik&#8230; Az ember az\u00e9rt is kel \u00fatra, hogy \u00faj tapasztalatokra tegyen szert. M\u00e1s \u00e9lm\u00e9nyek, m\u00e1s helyzetek, m\u00e1s k\u00f6r\u00fclm\u00e9nyek, m\u00e1s kih\u00edv\u00e1sok el\u00e9 siet. Van, amelyikt\u0151l lelke t\u00falcsordul az \u00f6r\u00f6mt\u0151l, de van olyan is, amely megr\u00e1z\u00f3, kellemetlen&#8230; Viszont, \u00e9s milyen csod\u00e1latos, mindegyik \u00e9lm\u00e9ny gazdag\u00edtja tapasztalat\u00e1t, t\u00e1g\u00edtja horizontj\u00e1t! \u00c9s mik\u00f6zben az ember elhagyja megszokott k\u00f6rnyezet\u00e9t, amely neki biztons\u00e1got \u00e9s v\u00e9delmet ny\u00fajt, kev\u00e9s elem\u00f3zsi\u00e1val \u00e9s csomaggal \u00fatra k\u00e9l, megtapasztalja azt is,... R\u00e9szletek\" \/>\n<meta property=\"og:url\" content=\"https:\/\/stuttgarti-katolikusok.de\/index.php\/keljunk-ujra-egyutt-utra\/\" \/>\n<meta property=\"og:site_name\" content=\"Stuttgarti Katolikusok\" \/>\n<meta property=\"article:published_time\" content=\"2017-08-31T08:11:02+00:00\" \/>\n<meta property=\"article:modified_time\" content=\"2019-10-23T10:32:44+00:00\" \/>\n<meta name=\"author\" content=\"Tibor atya\" \/>\n<meta name=\"twitter:card\" content=\"summary_large_image\" \/>\n<meta name=\"twitter:label1\" content=\"Szerz\u0151:\" \/>\n\t<meta name=\"twitter:data1\" content=\"Tibor atya\" \/>\n\t<meta name=\"twitter:label2\" content=\"Becs\u00fclt olvas\u00e1si id\u0151\" \/>\n\t<meta name=\"twitter:data2\" content=\"5 perc\" \/>\n<script type=\"application\/ld+json\" class=\"yoast-schema-graph\">{\"@context\":\"https:\\\/\\\/schema.org\",\"@graph\":[{\"@type\":\"Article\",\"@id\":\"https:\\\/\\\/stuttgarti-katolikusok.de\\\/index.php\\\/keljunk-ujra-egyutt-utra\\\/#article\",\"isPartOf\":{\"@id\":\"https:\\\/\\\/stuttgarti-katolikusok.de\\\/index.php\\\/keljunk-ujra-egyutt-utra\\\/\"},\"author\":{\"name\":\"Tibor atya\",\"@id\":\"https:\\\/\\\/stuttgarti-katolikusok.de\\\/#\\\/schema\\\/person\\\/75908d6f8fdc03a57889d27209df7795\"},\"headline\":\"Kelj\u00fcnk \u00fajra egy\u00fctt \u00fatra!\",\"datePublished\":\"2017-08-31T08:11:02+00:00\",\"dateModified\":\"2019-10-23T10:32:44+00:00\",\"mainEntityOfPage\":{\"@id\":\"https:\\\/\\\/stuttgarti-katolikusok.de\\\/index.php\\\/keljunk-ujra-egyutt-utra\\\/\"},\"wordCount\":980,\"articleSection\":[\"Gondolatok\"],\"inLanguage\":\"hu\"},{\"@type\":\"WebPage\",\"@id\":\"https:\\\/\\\/stuttgarti-katolikusok.de\\\/index.php\\\/keljunk-ujra-egyutt-utra\\\/\",\"url\":\"https:\\\/\\\/stuttgarti-katolikusok.de\\\/index.php\\\/keljunk-ujra-egyutt-utra\\\/\",\"name\":\"Kelj\u00fcnk \u00fajra egy\u00fctt \u00fatra! - Stuttgarti Katolikusok\",\"isPartOf\":{\"@id\":\"https:\\\/\\\/stuttgarti-katolikusok.de\\\/#website\"},\"datePublished\":\"2017-08-31T08:11:02+00:00\",\"dateModified\":\"2019-10-23T10:32:44+00:00\",\"author\":{\"@id\":\"https:\\\/\\\/stuttgarti-katolikusok.de\\\/#\\\/schema\\\/person\\\/75908d6f8fdc03a57889d27209df7795\"},\"breadcrumb\":{\"@id\":\"https:\\\/\\\/stuttgarti-katolikusok.de\\\/index.php\\\/keljunk-ujra-egyutt-utra\\\/#breadcrumb\"},\"inLanguage\":\"hu\",\"potentialAction\":[{\"@type\":\"ReadAction\",\"target\":[\"https:\\\/\\\/stuttgarti-katolikusok.de\\\/index.php\\\/keljunk-ujra-egyutt-utra\\\/\"]}]},{\"@type\":\"BreadcrumbList\",\"@id\":\"https:\\\/\\\/stuttgarti-katolikusok.de\\\/index.php\\\/keljunk-ujra-egyutt-utra\\\/#breadcrumb\",\"itemListElement\":[{\"@type\":\"ListItem\",\"position\":1,\"name\":\"Kezd\u0151lap\",\"item\":\"https:\\\/\\\/stuttgarti-katolikusok.de\\\/\"},{\"@type\":\"ListItem\",\"position\":2,\"name\":\"Kelj\u00fcnk \u00fajra egy\u00fctt \u00fatra!\"}]},{\"@type\":\"WebSite\",\"@id\":\"https:\\\/\\\/stuttgarti-katolikusok.de\\\/#website\",\"url\":\"https:\\\/\\\/stuttgarti-katolikusok.de\\\/\",\"name\":\"Stuttgarti Katolikusok\",\"description\":\"\",\"potentialAction\":[{\"@type\":\"SearchAction\",\"target\":{\"@type\":\"EntryPoint\",\"urlTemplate\":\"https:\\\/\\\/stuttgarti-katolikusok.de\\\/?s={search_term_string}\"},\"query-input\":{\"@type\":\"PropertyValueSpecification\",\"valueRequired\":true,\"valueName\":\"search_term_string\"}}],\"inLanguage\":\"hu\"},{\"@type\":\"Person\",\"@id\":\"https:\\\/\\\/stuttgarti-katolikusok.de\\\/#\\\/schema\\\/person\\\/75908d6f8fdc03a57889d27209df7795\",\"name\":\"Tibor atya\",\"image\":{\"@type\":\"ImageObject\",\"inLanguage\":\"hu\",\"@id\":\"https:\\\/\\\/secure.gravatar.com\\\/avatar\\\/61d268e57d1f4525b111222e29d2d5a7f8c420fdbf231ba5566a8ceac74fa960?s=96&d=mm&r=g\",\"url\":\"https:\\\/\\\/secure.gravatar.com\\\/avatar\\\/61d268e57d1f4525b111222e29d2d5a7f8c420fdbf231ba5566a8ceac74fa960?s=96&d=mm&r=g\",\"contentUrl\":\"https:\\\/\\\/secure.gravatar.com\\\/avatar\\\/61d268e57d1f4525b111222e29d2d5a7f8c420fdbf231ba5566a8ceac74fa960?s=96&d=mm&r=g\",\"caption\":\"Tibor atya\"},\"url\":\"https:\\\/\\\/stuttgarti-katolikusok.de\\\/index.php\\\/author\\\/tibor-atya\\\/\"}]}<\/script>\n<!-- \/ Yoast SEO plugin. -->","yoast_head_json":{"title":"Kelj\u00fcnk \u00fajra egy\u00fctt \u00fatra! - Stuttgarti Katolikusok","robots":{"index":"index","follow":"follow","max-snippet":"max-snippet:-1","max-image-preview":"max-image-preview:large","max-video-preview":"max-video-preview:-1"},"canonical":"https:\/\/stuttgarti-katolikusok.de\/index.php\/keljunk-ujra-egyutt-utra\/","og_locale":"hu_HU","og_type":"article","og_title":"Kelj\u00fcnk \u00fajra egy\u00fctt \u00fatra! - Stuttgarti Katolikusok","og_description":"Kelj\u00fcnk \u00fajra egy\u00fctt \u00fatra! H\u00e1rom esztend\u0151 ut\u00e1n Isten ism\u00e9t megadta nekem azt a lehet\u0151s\u00e9get, hogy \u2013 r\u00e9gi szenved\u00e9lyemnek h\u00f3dolva \u2013 egy hosszabb biciklit\u00far\u00e1ra keljek. Ezek a t\u00far\u00e1k nem csak felejthetetlen k\u00e1pl\u00e1n\u00e9veimre eml\u00e9keztetnek, amikor nem egyszer t\u00f6bb tucat fiatalt\u00f3l k\u00eds\u00e9rve biciklivel j\u00e1rtam a messze es\u0151 fili\u00e1kat. Hanem id\u0151k\u00f6zben l\u00e9tsz\u00fcks\u00e9gletemm\u00e9 v\u00e1ltak, mert mik\u00f6zben tekerem a kilom\u00e9tereket, f\u00e1rad ugyan a testem, de parttalann\u00e1 t\u00e1gul a lelkem, \u00e9s mindig kiv\u00e1ncsi szellememmel ezer \u00e9s ezer \u00faj, soha nem l\u00e1tott arculat\u00e1t fedezem fel az \u00fat sor\u00e1n el\u00e9m t\u00e1rul\u00f3 vil\u00e1gnak. Az id\u00e9n a Neckar \u00e9s a Rajna-mente volt soron. Indul\u00e1s el\u0151tt bar\u00e1tommal el\u0151bb j\u00f3l \u00e1ttanulm\u00e1nyoztuk a t\u00e9rk\u00e9pet \u00e9s minden sz\u00fcks\u00e9ges tudnival\u00f3t a fej\u00fcnkbe v\u00e9st\u00fcnk, hogy a kit\u0171z\u00f6tt utic\u00e9ljainkat sorra el\u00e9rhess\u00fck. Ut\u00e1na minden \u2013 kev\u00e9s \u2013 c\u00f3km\u00f3kunkat bepakoltuk, hogy a legsz\u00fcks\u00e9gesebb ruh\u00e1zattal \u00e9s \u00e9lelemmel el legy\u00fcnk l\u00e1tva. V\u00e9g\u00fcl ellen\u0151rizt\u00fck a j\u00e1rg\u00e1nyainkat, hogy b\u00edrj\u00e1k a hossz\u00fa utat. Azt\u00e1n \u00fatra kelt\u00fcnk&#8230; Az ember \u00e1ltal\u00e1ban az\u00e9rt kel \u00fatra, hogy vil\u00e1got l\u00e1sson. M\u00e1s v\u00e1rosokat, m\u00e1s falvakat, m\u00e1s vid\u00e9keket, m\u00e1s term\u00e9szeti sz\u00e9ps\u00e9geket, mint amikkel nap, mint nap k\u00f6rbe van v\u00e9ve&#8230; Ugyanakkor tal\u00e1n nem is tudja, hogy ez az \u00fatra k\u00e9sztet\u0151 nyugtalans\u00e1g egy m\u00e1sik vil\u00e1g szir\u00e9nhangja a lelk\u00e9ben, amely \u0151t arra k\u00e9szteti, hogy \u00e9let\u00e9nek \u00e9rtelm\u00e9t keresse \u00e9s bel\u00fcl \u00e9get\u0151 k\u00e9rd\u00e9seire v\u00e1laszt tal\u00e1ljon. \u00datrakel\u00e9s\u00e9vel bels\u0151 nyugtalans\u00e1g\u00e1ra keres megnyugv\u00e1st. Andrea Schwarz \u00edr\u00f3n\u0151 szavaival: \u201eHa a l\u00e9lek keres \u00e9s az \u00e9rtelem k\u00e9rdez, akkor sz\u00e1rnyra k\u00e9l a sz\u00edv, \u00e9s\u00a0 \u00fatnak indul az ember&#8230;\u201d \u00c9s mik\u00f6zben vil\u00e1got l\u00e1t, lelk\u00e9ben minden sz\u00e9pen, lassan elrendez\u0151dik&#8230; Az ember az\u00e9rt is kel \u00fatra, hogy \u00faj tapasztalatokra tegyen szert. M\u00e1s \u00e9lm\u00e9nyek, m\u00e1s helyzetek, m\u00e1s k\u00f6r\u00fclm\u00e9nyek, m\u00e1s kih\u00edv\u00e1sok el\u00e9 siet. Van, amelyikt\u0151l lelke t\u00falcsordul az \u00f6r\u00f6mt\u0151l, de van olyan is, amely megr\u00e1z\u00f3, kellemetlen&#8230; Viszont, \u00e9s milyen csod\u00e1latos, mindegyik \u00e9lm\u00e9ny gazdag\u00edtja tapasztalat\u00e1t, t\u00e1g\u00edtja horizontj\u00e1t! \u00c9s mik\u00f6zben az ember elhagyja megszokott k\u00f6rnyezet\u00e9t, amely neki biztons\u00e1got \u00e9s v\u00e9delmet ny\u00fajt, kev\u00e9s elem\u00f3zsi\u00e1val \u00e9s csomaggal \u00fatra k\u00e9l, megtapasztalja azt is,... R\u00e9szletek","og_url":"https:\/\/stuttgarti-katolikusok.de\/index.php\/keljunk-ujra-egyutt-utra\/","og_site_name":"Stuttgarti Katolikusok","article_published_time":"2017-08-31T08:11:02+00:00","article_modified_time":"2019-10-23T10:32:44+00:00","author":"Tibor atya","twitter_card":"summary_large_image","twitter_misc":{"Szerz\u0151:":"Tibor atya","Becs\u00fclt olvas\u00e1si id\u0151":"5 perc"},"schema":{"@context":"https:\/\/schema.org","@graph":[{"@type":"Article","@id":"https:\/\/stuttgarti-katolikusok.de\/index.php\/keljunk-ujra-egyutt-utra\/#article","isPartOf":{"@id":"https:\/\/stuttgarti-katolikusok.de\/index.php\/keljunk-ujra-egyutt-utra\/"},"author":{"name":"Tibor atya","@id":"https:\/\/stuttgarti-katolikusok.de\/#\/schema\/person\/75908d6f8fdc03a57889d27209df7795"},"headline":"Kelj\u00fcnk \u00fajra egy\u00fctt \u00fatra!","datePublished":"2017-08-31T08:11:02+00:00","dateModified":"2019-10-23T10:32:44+00:00","mainEntityOfPage":{"@id":"https:\/\/stuttgarti-katolikusok.de\/index.php\/keljunk-ujra-egyutt-utra\/"},"wordCount":980,"articleSection":["Gondolatok"],"inLanguage":"hu"},{"@type":"WebPage","@id":"https:\/\/stuttgarti-katolikusok.de\/index.php\/keljunk-ujra-egyutt-utra\/","url":"https:\/\/stuttgarti-katolikusok.de\/index.php\/keljunk-ujra-egyutt-utra\/","name":"Kelj\u00fcnk \u00fajra egy\u00fctt \u00fatra! - Stuttgarti Katolikusok","isPartOf":{"@id":"https:\/\/stuttgarti-katolikusok.de\/#website"},"datePublished":"2017-08-31T08:11:02+00:00","dateModified":"2019-10-23T10:32:44+00:00","author":{"@id":"https:\/\/stuttgarti-katolikusok.de\/#\/schema\/person\/75908d6f8fdc03a57889d27209df7795"},"breadcrumb":{"@id":"https:\/\/stuttgarti-katolikusok.de\/index.php\/keljunk-ujra-egyutt-utra\/#breadcrumb"},"inLanguage":"hu","potentialAction":[{"@type":"ReadAction","target":["https:\/\/stuttgarti-katolikusok.de\/index.php\/keljunk-ujra-egyutt-utra\/"]}]},{"@type":"BreadcrumbList","@id":"https:\/\/stuttgarti-katolikusok.de\/index.php\/keljunk-ujra-egyutt-utra\/#breadcrumb","itemListElement":[{"@type":"ListItem","position":1,"name":"Kezd\u0151lap","item":"https:\/\/stuttgarti-katolikusok.de\/"},{"@type":"ListItem","position":2,"name":"Kelj\u00fcnk \u00fajra egy\u00fctt \u00fatra!"}]},{"@type":"WebSite","@id":"https:\/\/stuttgarti-katolikusok.de\/#website","url":"https:\/\/stuttgarti-katolikusok.de\/","name":"Stuttgarti Katolikusok","description":"","potentialAction":[{"@type":"SearchAction","target":{"@type":"EntryPoint","urlTemplate":"https:\/\/stuttgarti-katolikusok.de\/?s={search_term_string}"},"query-input":{"@type":"PropertyValueSpecification","valueRequired":true,"valueName":"search_term_string"}}],"inLanguage":"hu"},{"@type":"Person","@id":"https:\/\/stuttgarti-katolikusok.de\/#\/schema\/person\/75908d6f8fdc03a57889d27209df7795","name":"Tibor atya","image":{"@type":"ImageObject","inLanguage":"hu","@id":"https:\/\/secure.gravatar.com\/avatar\/61d268e57d1f4525b111222e29d2d5a7f8c420fdbf231ba5566a8ceac74fa960?s=96&d=mm&r=g","url":"https:\/\/secure.gravatar.com\/avatar\/61d268e57d1f4525b111222e29d2d5a7f8c420fdbf231ba5566a8ceac74fa960?s=96&d=mm&r=g","contentUrl":"https:\/\/secure.gravatar.com\/avatar\/61d268e57d1f4525b111222e29d2d5a7f8c420fdbf231ba5566a8ceac74fa960?s=96&d=mm&r=g","caption":"Tibor atya"},"url":"https:\/\/stuttgarti-katolikusok.de\/index.php\/author\/tibor-atya\/"}]}},"_links":{"self":[{"href":"https:\/\/stuttgarti-katolikusok.de\/index.php\/wp-json\/wp\/v2\/posts\/12473","targetHints":{"allow":["GET"]}}],"collection":[{"href":"https:\/\/stuttgarti-katolikusok.de\/index.php\/wp-json\/wp\/v2\/posts"}],"about":[{"href":"https:\/\/stuttgarti-katolikusok.de\/index.php\/wp-json\/wp\/v2\/types\/post"}],"author":[{"embeddable":true,"href":"https:\/\/stuttgarti-katolikusok.de\/index.php\/wp-json\/wp\/v2\/users\/3"}],"replies":[{"embeddable":true,"href":"https:\/\/stuttgarti-katolikusok.de\/index.php\/wp-json\/wp\/v2\/comments?post=12473"}],"version-history":[{"count":1,"href":"https:\/\/stuttgarti-katolikusok.de\/index.php\/wp-json\/wp\/v2\/posts\/12473\/revisions"}],"predecessor-version":[{"id":12475,"href":"https:\/\/stuttgarti-katolikusok.de\/index.php\/wp-json\/wp\/v2\/posts\/12473\/revisions\/12475"}],"wp:attachment":[{"href":"https:\/\/stuttgarti-katolikusok.de\/index.php\/wp-json\/wp\/v2\/media?parent=12473"}],"wp:term":[{"taxonomy":"category","embeddable":true,"href":"https:\/\/stuttgarti-katolikusok.de\/index.php\/wp-json\/wp\/v2\/categories?post=12473"},{"taxonomy":"post_tag","embeddable":true,"href":"https:\/\/stuttgarti-katolikusok.de\/index.php\/wp-json\/wp\/v2\/tags?post=12473"}],"curies":[{"name":"wp","href":"https:\/\/api.w.org\/{rel}","templated":true}]}}