{"id":12394,"date":"2017-07-09T17:39:16","date_gmt":"2017-07-09T17:39:16","guid":{"rendered":"https:\/\/gracious-dewdney.138-201-221-2.plesk.page\/?p=12394"},"modified":"2020-04-27T15:28:11","modified_gmt":"2020-04-27T15:28:11","slug":"szunido-2","status":"publish","type":"post","link":"https:\/\/stuttgarti-katolikusok.de\/index.php\/szunido-2\/","title":{"rendered":"Sz\u00fcnid\u0151"},"content":{"rendered":"<p>A k\u00f6vetkez\u0151 kis t\u00f6rt\u00e9net igen csak elgondolkoztatott. Egy k\u00ednai professzor\u00a0 megl\u00e1togatta berlini koll\u00e9g\u00e1j\u00e1t. Amint meg\u00e9rkezett a p\u00e1lyaudvarra, bar\u00e1tja m\u00e1r t\u00fcrelmetlen\u00fcl v\u00e1rta. \u2013 <em>\u201eIgyekezz\u201d<\/em> \u2013 mondta neki, <em>\u201eazonnal indul a busz. Ha ezt lek\u00e9ss\u00fck, akkor majd csak t\u00edz perc m\u00falva indul a k\u00f6vetkez\u0151.\u201d<\/em> A k\u00ednai professzor nagy nyugalommal azt k\u00e9rdezte: <em>&#8211; \u201e\u00c9s mit csin\u00e1lunk a t\u00edz perccel, ha hamarabb \u00e9rkez\u00fcnk oda?\u201d<br \/>\n<\/em><br \/>\nRohan\u00f3 vil\u00e1gunkban egyre kevesebb az id\u0151.<\/p>\n<p>Mindenhova sietve megy\u00fcnk.<\/p>\n<p>Ha kocsival vagyunk \u00e9s el\u0151tt\u00fcnk a l\u00e1mpa <em>\u201enarancss\u00e1rg\u00e1ra\u201d<\/em> v\u00e1lt, m\u00e9g hamar \u00e1thajtunk rajta, nehogy egy percet is <em>\u201eelvesz\u00edts\u00fcnk\u201d.<\/em><\/p>\n<p>Ha aut\u00f3\u00faton megy\u00fcnk, sokszor vesz\u00e9lyes el\u0151z\u00e9sekbe is belemegy\u00fcnk, mert <em>\u201esiet\u00fcnk\u201d<\/em>.<\/p>\n<p>Hat\u00e1rid\u0151napl\u00f3nk egyre tel\u00edtettebb. Egyszerre t\u00f6bb dolgot is v\u00e9gz\u00fcnk, hogy hamar a v\u00e9g\u00fckre \u00e9rj\u00fcnk. Hogy milyen min\u0151s\u00e9ggel, az m\u00e1r m\u00e1s k\u00e9rd\u00e9s&#8230;<\/p>\n<p>Sokan munkasz\u00fcnet\u00fck idej\u00e9t is azzal t\u00f6ltik, hogy k\u00f6zben mindenf\u00e9le fontosnak v\u00e9lt dolgot elint\u00e9znek.<\/p>\n<p>Olyanok is vannak, nem kevesen, akik a <em>skypon<\/em> val\u00f3 besz\u00e9lget\u00e9s k\u00f6zben valakivel \u00e9pp <em>e-maileznek<\/em>, m\u00e1sik kez\u00fckben pedig a maroktelefonon \u00e9pp egy <em>WhatsApp-ot<\/em> k\u00fcldenek&#8230;<\/p>\n<p>V\u00e9g\u00fcl nem kev\u00e9s azok sz\u00e1ma, akik a szabads\u00e1g ideje alatt is ide-oda rohannak, hogy min\u00e9l t\u00f6bb <em>\u201e\u00e9lm\u00e9nyben\u201d<\/em> legyen r\u00e9sz\u00fck&#8230;<\/p>\n<p>Pedig nem a fontos, hogy sokat tegy\u00fcnk, hanem az, hogy amit tesz\u00fcnk, azt <em>alaposan<\/em> \u00e9s <em>j\u00f3l<\/em> <em>tegy\u00fck<\/em>.<\/p>\n<p>Nem az a fontos, hogy gyorsan dolgozzunk, hanem az, hogy <em>hat\u00e1sosan<\/em>.<\/p>\n<p>Munk\u00e1nknak csak akkor van \u00e9rtelme, ha <em>pontosan<\/em> \u00e9s <em>sz\u00e9pen<\/em>, nem pedig kapkodva tessz\u00fck. <em>\u201eNe l\u00e9gy szeles. (&#8230;) Dolgozni csak pontosan, sz\u00e9pen, ahogy a csillag megy az \u00e9gen, \u00fagy \u00e9rdemes\u201d<\/em> \u2013 \u00edrja J\u00f3zsef Attila k\u00f6lt\u0151nk.<\/p>\n<p>Ez\u00e9rt fontos a munka \u00e9s a tev\u00e9kenys\u00e9g ut\u00e1n (vagy k\u00f6zben) <em>a sz\u00fcnet<\/em>. Ha ugyanis csak dolgozunk, akkor kif\u00e1rad a test\u00fcnk \u00e9s a lelk\u00fcnk.<\/p>\n<p>Pihen\u00e9s, kikapcsol\u00f3d\u00e1s alatt viszont mindkett\u0151 feltankolhat. Ut\u00e1na jobban \u00e9s hat\u00e1sosabban tudjuk v\u00e9gezni munk\u00e1nkat.<\/p>\n<p>Milyen legyen <em>a hat\u00e9kony sz\u00fcnet<\/em>, a pihentet\u0151 kikapcsol\u00f3d\u00e1s?<\/p>\n<p>Mindenkinek m\u00e1s \u00e9s m\u00e1s&#8230;<br \/>\nEgy banktisztvisel\u0151 mes\u00e9lte nekem, hogy id\u0151k\u00f6zben leszokott a kantinban val\u00f3 ev\u00e9sr\u0151l, mert eb\u00e9d k\u00f6zben is \u00e1lland\u00f3an a r\u00e9szv\u00e9nyek \u00e1ll\u00e1s\u00e1t kellett hallania t\u00e1rsait\u00f3l. Mit csin\u00e1l ehelyett? Eb\u00e9did\u0151 alatt elmegy, be\u00fcl egy k\u00f6zeli templomba \u00e9s \u00e9lvezi a csendet. Neki ez a hat\u00e9kony sz\u00fcnet.<br \/>\nEgy m\u00e1sik azt mes\u00e9lte nekem, hogy eb\u00e9dsz\u00fcnetben a parkba megy s\u00e9t\u00e1lni, hogy <em>\u201ekij\u00e1rja\u201d<\/em> mag\u00e1b\u00f3l azt, ami nyomasztja.<br \/>\nEgyeseknek a fel\u00fcd\u00fcl\u00e9shez arra van sz\u00fcks\u00e9g\u00fck, hogy tal\u00e1lkozzanak m\u00e1sokkal, m\u00e1sok pedig ink\u00e1bb magukban akarnak maradni&#8230;<\/p>\n<p>A csend, a nyugalom, a munka megszak\u00edt\u00e1sa azonban mindenkit <em>gy\u00f3gy\u00edt<\/em>.<\/p>\n<p>Engedi, hogy fell\u00e9legezzek, seg\u00edt abban, hogy az \u00faj k\u00f6vetelm\u00e9nyeknek jobban eleget tegyek. Kiny\u00edtom az ablakot, hogy friss leveg\u0151t eresszek be, \u00e9s a terheket lerakom&#8230;<br \/>\n\u00c9s n\u00e9ha, tal\u00e1n an\u00e9lk\u00fcl, hogy keresn\u00e9m, m\u00e9g az is siker\u00fcl, hogy elengedjem magam \u00e9s Isten tenyer\u00e9be hulljak&#8230;<\/p>\n<p>Ilyenkor magamhoz tal\u00e1lok, \u00faj er\u0151re kapok, \u00e9s az el\u0151ttem \u00e1ll\u00f3 munk\u00e1t sokkal k\u00f6nnyebben v\u00e9gezhetem el.<\/p>\n<p>Mi\u00e9rt \u00edrom ezeket?<\/p>\n<p>Mert most van a szabads\u00e1g \u00e9s a vak\u00e1ci\u00f3, a <em>\u201enagy sz\u00fcnet\u201d<\/em> id\u0151szaka.<\/p>\n<p>Vajon mi v\u00e1r r\u00e1m ott, ahova megyek?<\/p>\n<p>Vajon ki tudom-e magam istenigaz\u00e1b\u00f3l pihenni?<\/p>\n<p>Vajon lesz-e annyi id\u0151m, hogy \u00f6nmagamhoz visszatal\u00e1ljak?<\/p>\n<p>Isten adja, hogy \u00edgy legyen!<\/p>\n<p>Mindannyi\u00f3toknak egy nagyon sz\u00e9p vak\u00e1ci\u00f3t, sz\u00fcnid\u0151t \u00e9s szabads\u00e1got k\u00edv\u00e1nok!<\/p>\n<p>&nbsp;<\/p>\n<p>\u00c9s \u0150, akinek minden\u00fctt gondja van r\u00e1nk, Aki f\u00f6l\u00f6tt\u00fcnk \u0151rk\u00f6dik, Akit a j\u00f3 \u00e9s a <em>\u201erossz\u201d<\/em> id\u0151t adja, k\u00eds\u00e9rjen el Titeket mindenhova, \u00e1ldjon illetve \u0151rizzen meg Titeket, \u00e9s hozzon vissza \u00e9ps\u00e9gben \u00e9s eg\u00e9szs\u00e9gben!<\/p>\n<p>Ezt k\u00edv\u00e1nja lelkip\u00e1sztori \u00e9s bar\u00e1ti szeretettel<\/p>\n<p>&nbsp;<\/p>\n<p><em>Imre atya<\/em><\/p>\n<p>Stuttgart, 2017. j\u00falius 09.<\/p>\n","protected":false},"excerpt":{"rendered":"<p>A k\u00f6vetkez\u0151 kis t\u00f6rt\u00e9net igen csak elgondolkoztatott. Egy k\u00ednai professzor\u00a0 megl\u00e1togatta berlini koll\u00e9g\u00e1j\u00e1t. Amint meg\u00e9rkezett a p\u00e1lyaudvarra, bar\u00e1tja m\u00e1r t\u00fcrelmetlen\u00fcl v\u00e1rta. \u2013 \u201eIgyekezz\u201d \u2013 mondta neki, \u201eazonnal indul a busz. Ha ezt lek\u00e9ss\u00fck, akkor majd csak t\u00edz perc m\u00falva indul a k\u00f6vetkez\u0151.\u201d A k\u00ednai professzor nagy nyugalommal azt k\u00e9rdezte: &#8211; \u201e\u00c9s mit csin\u00e1lunk a t\u00edz perccel, ha hamarabb \u00e9rkez\u00fcnk oda?\u201d Rohan\u00f3 vil\u00e1gunkban egyre kevesebb az id\u0151. Mindenhova sietve megy\u00fcnk. Ha kocsival vagyunk \u00e9s el\u0151tt\u00fcnk a l\u00e1mpa \u201enarancss\u00e1rg\u00e1ra\u201d v\u00e1lt, m\u00e9g hamar \u00e1thajtunk rajta, nehogy egy percet is \u201eelvesz\u00edts\u00fcnk\u201d. Ha aut\u00f3\u00faton megy\u00fcnk, sokszor vesz\u00e9lyes el\u0151z\u00e9sekbe is belemegy\u00fcnk, mert \u201esiet\u00fcnk\u201d. Hat\u00e1rid\u0151napl\u00f3nk egyre tel\u00edtettebb. Egyszerre t\u00f6bb dolgot is v\u00e9gz\u00fcnk, hogy hamar a v\u00e9g\u00fckre \u00e9rj\u00fcnk. Hogy milyen min\u0151s\u00e9ggel, az m\u00e1r m\u00e1s k\u00e9rd\u00e9s&#8230; Sokan munkasz\u00fcnet\u00fck idej\u00e9t is azzal t\u00f6ltik, hogy k\u00f6zben mindenf\u00e9le fontosnak v\u00e9lt dolgot elint\u00e9znek. Olyanok is vannak, nem kevesen, akik a skypon val\u00f3 besz\u00e9lget\u00e9s k\u00f6zben valakivel \u00e9pp e-maileznek, m\u00e1sik kez\u00fckben pedig a maroktelefonon \u00e9pp egy WhatsApp-ot k\u00fcldenek&#8230; V\u00e9g\u00fcl nem kev\u00e9s azok sz\u00e1ma, akik a szabads\u00e1g ideje alatt is ide-oda rohannak, hogy min\u00e9l t\u00f6bb \u201e\u00e9lm\u00e9nyben\u201d legyen r\u00e9sz\u00fck&#8230; Pedig nem a fontos, hogy sokat tegy\u00fcnk, hanem az, hogy amit tesz\u00fcnk, azt alaposan \u00e9s j\u00f3l tegy\u00fck. Nem az a fontos, hogy gyorsan dolgozzunk, hanem az, hogy hat\u00e1sosan. Munk\u00e1nknak csak akkor van \u00e9rtelme, ha pontosan \u00e9s sz\u00e9pen, nem pedig kapkodva tessz\u00fck. \u201eNe l\u00e9gy szeles. (&#8230;) Dolgozni csak pontosan, sz\u00e9pen, ahogy a csillag megy az \u00e9gen, \u00fagy \u00e9rdemes\u201d \u2013 \u00edrja J\u00f3zsef Attila k\u00f6lt\u0151nk. Ez\u00e9rt fontos a munka \u00e9s a tev\u00e9kenys\u00e9g ut\u00e1n (vagy k\u00f6zben) a sz\u00fcnet. Ha ugyanis csak dolgozunk, akkor kif\u00e1rad a test\u00fcnk \u00e9s a lelk\u00fcnk. Pihen\u00e9s, kikapcsol\u00f3d\u00e1s alatt viszont mindkett\u0151 feltankolhat. Ut\u00e1na jobban \u00e9s hat\u00e1sosabban tudjuk v\u00e9gezni munk\u00e1nkat. Milyen legyen a hat\u00e9kony sz\u00fcnet, a pihentet\u0151 kikapcsol\u00f3d\u00e1s? Mindenkinek m\u00e1s \u00e9s m\u00e1s&#8230; Egy banktisztvisel\u0151 mes\u00e9lte nekem, hogy id\u0151k\u00f6zben leszokott a kantinban val\u00f3 ev\u00e9sr\u0151l, mert eb\u00e9d k\u00f6zben is \u00e1lland\u00f3an a r\u00e9szv\u00e9nyek&#8230; <\/p>\n<p><a class=\"readmore\" href=\"https:\/\/stuttgarti-katolikusok.de\/index.php\/szunido-2\/\">R\u00e9szletek<\/a><\/p>\n","protected":false},"author":3,"featured_media":0,"comment_status":"closed","ping_status":"closed","sticky":false,"template":"","format":"standard","meta":{"footnotes":""},"categories":[24],"tags":[],"class_list":["post-12394","post","type-post","status-publish","format-standard","hentry","category-gondolatok"],"yoast_head":"<!-- This site is optimized with the Yoast SEO plugin v27.3 - https:\/\/yoast.com\/product\/yoast-seo-wordpress\/ -->\n<title>Sz\u00fcnid\u0151 - Stuttgarti Katolikusok<\/title>\n<meta name=\"robots\" content=\"index, follow, max-snippet:-1, max-image-preview:large, max-video-preview:-1\" \/>\n<link rel=\"canonical\" href=\"https:\/\/stuttgarti-katolikusok.de\/index.php\/szunido-2\/\" \/>\n<meta property=\"og:locale\" content=\"hu_HU\" \/>\n<meta property=\"og:type\" content=\"article\" \/>\n<meta property=\"og:title\" content=\"Sz\u00fcnid\u0151 - Stuttgarti Katolikusok\" \/>\n<meta property=\"og:description\" content=\"A k\u00f6vetkez\u0151 kis t\u00f6rt\u00e9net igen csak elgondolkoztatott. Egy k\u00ednai professzor\u00a0 megl\u00e1togatta berlini koll\u00e9g\u00e1j\u00e1t. Amint meg\u00e9rkezett a p\u00e1lyaudvarra, bar\u00e1tja m\u00e1r t\u00fcrelmetlen\u00fcl v\u00e1rta. \u2013 \u201eIgyekezz\u201d \u2013 mondta neki, \u201eazonnal indul a busz. Ha ezt lek\u00e9ss\u00fck, akkor majd csak t\u00edz perc m\u00falva indul a k\u00f6vetkez\u0151.\u201d A k\u00ednai professzor nagy nyugalommal azt k\u00e9rdezte: &#8211; \u201e\u00c9s mit csin\u00e1lunk a t\u00edz perccel, ha hamarabb \u00e9rkez\u00fcnk oda?\u201d Rohan\u00f3 vil\u00e1gunkban egyre kevesebb az id\u0151. Mindenhova sietve megy\u00fcnk. Ha kocsival vagyunk \u00e9s el\u0151tt\u00fcnk a l\u00e1mpa \u201enarancss\u00e1rg\u00e1ra\u201d v\u00e1lt, m\u00e9g hamar \u00e1thajtunk rajta, nehogy egy percet is \u201eelvesz\u00edts\u00fcnk\u201d. Ha aut\u00f3\u00faton megy\u00fcnk, sokszor vesz\u00e9lyes el\u0151z\u00e9sekbe is belemegy\u00fcnk, mert \u201esiet\u00fcnk\u201d. Hat\u00e1rid\u0151napl\u00f3nk egyre tel\u00edtettebb. Egyszerre t\u00f6bb dolgot is v\u00e9gz\u00fcnk, hogy hamar a v\u00e9g\u00fckre \u00e9rj\u00fcnk. Hogy milyen min\u0151s\u00e9ggel, az m\u00e1r m\u00e1s k\u00e9rd\u00e9s&#8230; Sokan munkasz\u00fcnet\u00fck idej\u00e9t is azzal t\u00f6ltik, hogy k\u00f6zben mindenf\u00e9le fontosnak v\u00e9lt dolgot elint\u00e9znek. Olyanok is vannak, nem kevesen, akik a skypon val\u00f3 besz\u00e9lget\u00e9s k\u00f6zben valakivel \u00e9pp e-maileznek, m\u00e1sik kez\u00fckben pedig a maroktelefonon \u00e9pp egy WhatsApp-ot k\u00fcldenek&#8230; V\u00e9g\u00fcl nem kev\u00e9s azok sz\u00e1ma, akik a szabads\u00e1g ideje alatt is ide-oda rohannak, hogy min\u00e9l t\u00f6bb \u201e\u00e9lm\u00e9nyben\u201d legyen r\u00e9sz\u00fck&#8230; Pedig nem a fontos, hogy sokat tegy\u00fcnk, hanem az, hogy amit tesz\u00fcnk, azt alaposan \u00e9s j\u00f3l tegy\u00fck. Nem az a fontos, hogy gyorsan dolgozzunk, hanem az, hogy hat\u00e1sosan. Munk\u00e1nknak csak akkor van \u00e9rtelme, ha pontosan \u00e9s sz\u00e9pen, nem pedig kapkodva tessz\u00fck. \u201eNe l\u00e9gy szeles. (&#8230;) Dolgozni csak pontosan, sz\u00e9pen, ahogy a csillag megy az \u00e9gen, \u00fagy \u00e9rdemes\u201d \u2013 \u00edrja J\u00f3zsef Attila k\u00f6lt\u0151nk. Ez\u00e9rt fontos a munka \u00e9s a tev\u00e9kenys\u00e9g ut\u00e1n (vagy k\u00f6zben) a sz\u00fcnet. Ha ugyanis csak dolgozunk, akkor kif\u00e1rad a test\u00fcnk \u00e9s a lelk\u00fcnk. Pihen\u00e9s, kikapcsol\u00f3d\u00e1s alatt viszont mindkett\u0151 feltankolhat. Ut\u00e1na jobban \u00e9s hat\u00e1sosabban tudjuk v\u00e9gezni munk\u00e1nkat. Milyen legyen a hat\u00e9kony sz\u00fcnet, a pihentet\u0151 kikapcsol\u00f3d\u00e1s? Mindenkinek m\u00e1s \u00e9s m\u00e1s&#8230; Egy banktisztvisel\u0151 mes\u00e9lte nekem, hogy id\u0151k\u00f6zben leszokott a kantinban val\u00f3 ev\u00e9sr\u0151l, mert eb\u00e9d k\u00f6zben is \u00e1lland\u00f3an a r\u00e9szv\u00e9nyek... R\u00e9szletek\" \/>\n<meta property=\"og:url\" content=\"https:\/\/stuttgarti-katolikusok.de\/index.php\/szunido-2\/\" \/>\n<meta property=\"og:site_name\" content=\"Stuttgarti Katolikusok\" \/>\n<meta property=\"article:published_time\" content=\"2017-07-09T17:39:16+00:00\" \/>\n<meta property=\"article:modified_time\" content=\"2020-04-27T15:28:11+00:00\" \/>\n<meta name=\"author\" content=\"Tibor atya\" \/>\n<meta name=\"twitter:card\" content=\"summary_large_image\" \/>\n<meta name=\"twitter:label1\" content=\"Szerz\u0151:\" \/>\n\t<meta name=\"twitter:data1\" content=\"Tibor atya\" \/>\n\t<meta name=\"twitter:label2\" content=\"Becs\u00fclt olvas\u00e1si id\u0151\" \/>\n\t<meta name=\"twitter:data2\" content=\"4 perc\" \/>\n<script type=\"application\/ld+json\" class=\"yoast-schema-graph\">{\"@context\":\"https:\\\/\\\/schema.org\",\"@graph\":[{\"@type\":\"Article\",\"@id\":\"https:\\\/\\\/stuttgarti-katolikusok.de\\\/index.php\\\/szunido-2\\\/#article\",\"isPartOf\":{\"@id\":\"https:\\\/\\\/stuttgarti-katolikusok.de\\\/index.php\\\/szunido-2\\\/\"},\"author\":{\"name\":\"Tibor atya\",\"@id\":\"https:\\\/\\\/stuttgarti-katolikusok.de\\\/#\\\/schema\\\/person\\\/75908d6f8fdc03a57889d27209df7795\"},\"headline\":\"Sz\u00fcnid\u0151\",\"datePublished\":\"2017-07-09T17:39:16+00:00\",\"dateModified\":\"2020-04-27T15:28:11+00:00\",\"mainEntityOfPage\":{\"@id\":\"https:\\\/\\\/stuttgarti-katolikusok.de\\\/index.php\\\/szunido-2\\\/\"},\"wordCount\":730,\"articleSection\":[\"Gondolatok\"],\"inLanguage\":\"hu\"},{\"@type\":\"WebPage\",\"@id\":\"https:\\\/\\\/stuttgarti-katolikusok.de\\\/index.php\\\/szunido-2\\\/\",\"url\":\"https:\\\/\\\/stuttgarti-katolikusok.de\\\/index.php\\\/szunido-2\\\/\",\"name\":\"Sz\u00fcnid\u0151 - Stuttgarti Katolikusok\",\"isPartOf\":{\"@id\":\"https:\\\/\\\/stuttgarti-katolikusok.de\\\/#website\"},\"datePublished\":\"2017-07-09T17:39:16+00:00\",\"dateModified\":\"2020-04-27T15:28:11+00:00\",\"author\":{\"@id\":\"https:\\\/\\\/stuttgarti-katolikusok.de\\\/#\\\/schema\\\/person\\\/75908d6f8fdc03a57889d27209df7795\"},\"breadcrumb\":{\"@id\":\"https:\\\/\\\/stuttgarti-katolikusok.de\\\/index.php\\\/szunido-2\\\/#breadcrumb\"},\"inLanguage\":\"hu\",\"potentialAction\":[{\"@type\":\"ReadAction\",\"target\":[\"https:\\\/\\\/stuttgarti-katolikusok.de\\\/index.php\\\/szunido-2\\\/\"]}]},{\"@type\":\"BreadcrumbList\",\"@id\":\"https:\\\/\\\/stuttgarti-katolikusok.de\\\/index.php\\\/szunido-2\\\/#breadcrumb\",\"itemListElement\":[{\"@type\":\"ListItem\",\"position\":1,\"name\":\"Kezd\u0151lap\",\"item\":\"https:\\\/\\\/stuttgarti-katolikusok.de\\\/\"},{\"@type\":\"ListItem\",\"position\":2,\"name\":\"Sz\u00fcnid\u0151\"}]},{\"@type\":\"WebSite\",\"@id\":\"https:\\\/\\\/stuttgarti-katolikusok.de\\\/#website\",\"url\":\"https:\\\/\\\/stuttgarti-katolikusok.de\\\/\",\"name\":\"Stuttgarti Katolikusok\",\"description\":\"\",\"potentialAction\":[{\"@type\":\"SearchAction\",\"target\":{\"@type\":\"EntryPoint\",\"urlTemplate\":\"https:\\\/\\\/stuttgarti-katolikusok.de\\\/?s={search_term_string}\"},\"query-input\":{\"@type\":\"PropertyValueSpecification\",\"valueRequired\":true,\"valueName\":\"search_term_string\"}}],\"inLanguage\":\"hu\"},{\"@type\":\"Person\",\"@id\":\"https:\\\/\\\/stuttgarti-katolikusok.de\\\/#\\\/schema\\\/person\\\/75908d6f8fdc03a57889d27209df7795\",\"name\":\"Tibor atya\",\"image\":{\"@type\":\"ImageObject\",\"inLanguage\":\"hu\",\"@id\":\"https:\\\/\\\/secure.gravatar.com\\\/avatar\\\/61d268e57d1f4525b111222e29d2d5a7f8c420fdbf231ba5566a8ceac74fa960?s=96&d=mm&r=g\",\"url\":\"https:\\\/\\\/secure.gravatar.com\\\/avatar\\\/61d268e57d1f4525b111222e29d2d5a7f8c420fdbf231ba5566a8ceac74fa960?s=96&d=mm&r=g\",\"contentUrl\":\"https:\\\/\\\/secure.gravatar.com\\\/avatar\\\/61d268e57d1f4525b111222e29d2d5a7f8c420fdbf231ba5566a8ceac74fa960?s=96&d=mm&r=g\",\"caption\":\"Tibor atya\"},\"url\":\"https:\\\/\\\/stuttgarti-katolikusok.de\\\/index.php\\\/author\\\/tibor-atya\\\/\"}]}<\/script>\n<!-- \/ Yoast SEO plugin. -->","yoast_head_json":{"title":"Sz\u00fcnid\u0151 - Stuttgarti Katolikusok","robots":{"index":"index","follow":"follow","max-snippet":"max-snippet:-1","max-image-preview":"max-image-preview:large","max-video-preview":"max-video-preview:-1"},"canonical":"https:\/\/stuttgarti-katolikusok.de\/index.php\/szunido-2\/","og_locale":"hu_HU","og_type":"article","og_title":"Sz\u00fcnid\u0151 - Stuttgarti Katolikusok","og_description":"A k\u00f6vetkez\u0151 kis t\u00f6rt\u00e9net igen csak elgondolkoztatott. Egy k\u00ednai professzor\u00a0 megl\u00e1togatta berlini koll\u00e9g\u00e1j\u00e1t. Amint meg\u00e9rkezett a p\u00e1lyaudvarra, bar\u00e1tja m\u00e1r t\u00fcrelmetlen\u00fcl v\u00e1rta. \u2013 \u201eIgyekezz\u201d \u2013 mondta neki, \u201eazonnal indul a busz. Ha ezt lek\u00e9ss\u00fck, akkor majd csak t\u00edz perc m\u00falva indul a k\u00f6vetkez\u0151.\u201d A k\u00ednai professzor nagy nyugalommal azt k\u00e9rdezte: &#8211; \u201e\u00c9s mit csin\u00e1lunk a t\u00edz perccel, ha hamarabb \u00e9rkez\u00fcnk oda?\u201d Rohan\u00f3 vil\u00e1gunkban egyre kevesebb az id\u0151. Mindenhova sietve megy\u00fcnk. Ha kocsival vagyunk \u00e9s el\u0151tt\u00fcnk a l\u00e1mpa \u201enarancss\u00e1rg\u00e1ra\u201d v\u00e1lt, m\u00e9g hamar \u00e1thajtunk rajta, nehogy egy percet is \u201eelvesz\u00edts\u00fcnk\u201d. Ha aut\u00f3\u00faton megy\u00fcnk, sokszor vesz\u00e9lyes el\u0151z\u00e9sekbe is belemegy\u00fcnk, mert \u201esiet\u00fcnk\u201d. Hat\u00e1rid\u0151napl\u00f3nk egyre tel\u00edtettebb. Egyszerre t\u00f6bb dolgot is v\u00e9gz\u00fcnk, hogy hamar a v\u00e9g\u00fckre \u00e9rj\u00fcnk. Hogy milyen min\u0151s\u00e9ggel, az m\u00e1r m\u00e1s k\u00e9rd\u00e9s&#8230; Sokan munkasz\u00fcnet\u00fck idej\u00e9t is azzal t\u00f6ltik, hogy k\u00f6zben mindenf\u00e9le fontosnak v\u00e9lt dolgot elint\u00e9znek. Olyanok is vannak, nem kevesen, akik a skypon val\u00f3 besz\u00e9lget\u00e9s k\u00f6zben valakivel \u00e9pp e-maileznek, m\u00e1sik kez\u00fckben pedig a maroktelefonon \u00e9pp egy WhatsApp-ot k\u00fcldenek&#8230; V\u00e9g\u00fcl nem kev\u00e9s azok sz\u00e1ma, akik a szabads\u00e1g ideje alatt is ide-oda rohannak, hogy min\u00e9l t\u00f6bb \u201e\u00e9lm\u00e9nyben\u201d legyen r\u00e9sz\u00fck&#8230; Pedig nem a fontos, hogy sokat tegy\u00fcnk, hanem az, hogy amit tesz\u00fcnk, azt alaposan \u00e9s j\u00f3l tegy\u00fck. Nem az a fontos, hogy gyorsan dolgozzunk, hanem az, hogy hat\u00e1sosan. Munk\u00e1nknak csak akkor van \u00e9rtelme, ha pontosan \u00e9s sz\u00e9pen, nem pedig kapkodva tessz\u00fck. \u201eNe l\u00e9gy szeles. (&#8230;) Dolgozni csak pontosan, sz\u00e9pen, ahogy a csillag megy az \u00e9gen, \u00fagy \u00e9rdemes\u201d \u2013 \u00edrja J\u00f3zsef Attila k\u00f6lt\u0151nk. Ez\u00e9rt fontos a munka \u00e9s a tev\u00e9kenys\u00e9g ut\u00e1n (vagy k\u00f6zben) a sz\u00fcnet. Ha ugyanis csak dolgozunk, akkor kif\u00e1rad a test\u00fcnk \u00e9s a lelk\u00fcnk. Pihen\u00e9s, kikapcsol\u00f3d\u00e1s alatt viszont mindkett\u0151 feltankolhat. Ut\u00e1na jobban \u00e9s hat\u00e1sosabban tudjuk v\u00e9gezni munk\u00e1nkat. Milyen legyen a hat\u00e9kony sz\u00fcnet, a pihentet\u0151 kikapcsol\u00f3d\u00e1s? Mindenkinek m\u00e1s \u00e9s m\u00e1s&#8230; Egy banktisztvisel\u0151 mes\u00e9lte nekem, hogy id\u0151k\u00f6zben leszokott a kantinban val\u00f3 ev\u00e9sr\u0151l, mert eb\u00e9d k\u00f6zben is \u00e1lland\u00f3an a r\u00e9szv\u00e9nyek... R\u00e9szletek","og_url":"https:\/\/stuttgarti-katolikusok.de\/index.php\/szunido-2\/","og_site_name":"Stuttgarti Katolikusok","article_published_time":"2017-07-09T17:39:16+00:00","article_modified_time":"2020-04-27T15:28:11+00:00","author":"Tibor atya","twitter_card":"summary_large_image","twitter_misc":{"Szerz\u0151:":"Tibor atya","Becs\u00fclt olvas\u00e1si id\u0151":"4 perc"},"schema":{"@context":"https:\/\/schema.org","@graph":[{"@type":"Article","@id":"https:\/\/stuttgarti-katolikusok.de\/index.php\/szunido-2\/#article","isPartOf":{"@id":"https:\/\/stuttgarti-katolikusok.de\/index.php\/szunido-2\/"},"author":{"name":"Tibor atya","@id":"https:\/\/stuttgarti-katolikusok.de\/#\/schema\/person\/75908d6f8fdc03a57889d27209df7795"},"headline":"Sz\u00fcnid\u0151","datePublished":"2017-07-09T17:39:16+00:00","dateModified":"2020-04-27T15:28:11+00:00","mainEntityOfPage":{"@id":"https:\/\/stuttgarti-katolikusok.de\/index.php\/szunido-2\/"},"wordCount":730,"articleSection":["Gondolatok"],"inLanguage":"hu"},{"@type":"WebPage","@id":"https:\/\/stuttgarti-katolikusok.de\/index.php\/szunido-2\/","url":"https:\/\/stuttgarti-katolikusok.de\/index.php\/szunido-2\/","name":"Sz\u00fcnid\u0151 - Stuttgarti Katolikusok","isPartOf":{"@id":"https:\/\/stuttgarti-katolikusok.de\/#website"},"datePublished":"2017-07-09T17:39:16+00:00","dateModified":"2020-04-27T15:28:11+00:00","author":{"@id":"https:\/\/stuttgarti-katolikusok.de\/#\/schema\/person\/75908d6f8fdc03a57889d27209df7795"},"breadcrumb":{"@id":"https:\/\/stuttgarti-katolikusok.de\/index.php\/szunido-2\/#breadcrumb"},"inLanguage":"hu","potentialAction":[{"@type":"ReadAction","target":["https:\/\/stuttgarti-katolikusok.de\/index.php\/szunido-2\/"]}]},{"@type":"BreadcrumbList","@id":"https:\/\/stuttgarti-katolikusok.de\/index.php\/szunido-2\/#breadcrumb","itemListElement":[{"@type":"ListItem","position":1,"name":"Kezd\u0151lap","item":"https:\/\/stuttgarti-katolikusok.de\/"},{"@type":"ListItem","position":2,"name":"Sz\u00fcnid\u0151"}]},{"@type":"WebSite","@id":"https:\/\/stuttgarti-katolikusok.de\/#website","url":"https:\/\/stuttgarti-katolikusok.de\/","name":"Stuttgarti Katolikusok","description":"","potentialAction":[{"@type":"SearchAction","target":{"@type":"EntryPoint","urlTemplate":"https:\/\/stuttgarti-katolikusok.de\/?s={search_term_string}"},"query-input":{"@type":"PropertyValueSpecification","valueRequired":true,"valueName":"search_term_string"}}],"inLanguage":"hu"},{"@type":"Person","@id":"https:\/\/stuttgarti-katolikusok.de\/#\/schema\/person\/75908d6f8fdc03a57889d27209df7795","name":"Tibor atya","image":{"@type":"ImageObject","inLanguage":"hu","@id":"https:\/\/secure.gravatar.com\/avatar\/61d268e57d1f4525b111222e29d2d5a7f8c420fdbf231ba5566a8ceac74fa960?s=96&d=mm&r=g","url":"https:\/\/secure.gravatar.com\/avatar\/61d268e57d1f4525b111222e29d2d5a7f8c420fdbf231ba5566a8ceac74fa960?s=96&d=mm&r=g","contentUrl":"https:\/\/secure.gravatar.com\/avatar\/61d268e57d1f4525b111222e29d2d5a7f8c420fdbf231ba5566a8ceac74fa960?s=96&d=mm&r=g","caption":"Tibor atya"},"url":"https:\/\/stuttgarti-katolikusok.de\/index.php\/author\/tibor-atya\/"}]}},"_links":{"self":[{"href":"https:\/\/stuttgarti-katolikusok.de\/index.php\/wp-json\/wp\/v2\/posts\/12394","targetHints":{"allow":["GET"]}}],"collection":[{"href":"https:\/\/stuttgarti-katolikusok.de\/index.php\/wp-json\/wp\/v2\/posts"}],"about":[{"href":"https:\/\/stuttgarti-katolikusok.de\/index.php\/wp-json\/wp\/v2\/types\/post"}],"author":[{"embeddable":true,"href":"https:\/\/stuttgarti-katolikusok.de\/index.php\/wp-json\/wp\/v2\/users\/3"}],"replies":[{"embeddable":true,"href":"https:\/\/stuttgarti-katolikusok.de\/index.php\/wp-json\/wp\/v2\/comments?post=12394"}],"version-history":[{"count":4,"href":"https:\/\/stuttgarti-katolikusok.de\/index.php\/wp-json\/wp\/v2\/posts\/12394\/revisions"}],"predecessor-version":[{"id":12399,"href":"https:\/\/stuttgarti-katolikusok.de\/index.php\/wp-json\/wp\/v2\/posts\/12394\/revisions\/12399"}],"wp:attachment":[{"href":"https:\/\/stuttgarti-katolikusok.de\/index.php\/wp-json\/wp\/v2\/media?parent=12394"}],"wp:term":[{"taxonomy":"category","embeddable":true,"href":"https:\/\/stuttgarti-katolikusok.de\/index.php\/wp-json\/wp\/v2\/categories?post=12394"},{"taxonomy":"post_tag","embeddable":true,"href":"https:\/\/stuttgarti-katolikusok.de\/index.php\/wp-json\/wp\/v2\/tags?post=12394"}],"curies":[{"name":"wp","href":"https:\/\/api.w.org\/{rel}","templated":true}]}}