{"id":12361,"date":"2017-07-03T06:54:20","date_gmt":"2017-07-03T06:54:20","guid":{"rendered":"https:\/\/gracious-dewdney.138-201-221-2.plesk.page\/?p=12361"},"modified":"2017-08-28T17:20:02","modified_gmt":"2017-08-28T17:20:02","slug":"baratom-2017-juliusa-augusztusa-szeptembere","status":"publish","type":"post","link":"https:\/\/stuttgarti-katolikusok.de\/index.php\/baratom-2017-juliusa-augusztusa-szeptembere\/","title":{"rendered":"Bar\u00e1tom &#8211; 2017 j\u00faliusa &#8211; augusztusa &#8211; szeptembere"},"content":{"rendered":"<p><strong>B A R \u00c1 T O M<\/strong><\/p>\n<h3>A Szent Gell\u00e9rt Magyar Katolikus Egyh\u00e1zk\u00f6zs\u00e9g Havilapja<\/h3>\n<p>Szerkeszt\u0151: Ft. Merl\u00e1s Tibor \u00e9s Ft. Dr. Tempfli Imre. Kiad\u00f3: a Szent Gell\u00e9rt Magyar Katolikus Egyh\u00e1zk\u00f6zs\u00e9g. Postac\u00edm: Albert-Sch\u00e4ffle-Str. 30, 70186-Stuttgart. Tel: 0711-236 91 90, Fax: 0711-236 73 93, E-mail: <a href=\"mailto:mis-sion@gracious-dewdney.138-201-221-2.plesk.page\">mission@gracious-dewdney.138-201-221-2.plesk.page<\/a> Honlap: <a href=\"https:\/\/stuttgarti-katolikusok.de\/\">www. stuttgarti-katolikusok.de<\/a> Facebook: Stuttgarti.Katolikusok Sz\u00e1mla: Postbank Stuttgart, IBAN: DE80 600 100 700 002 190 704,\u00a0 BIC: PBNKDEFF<\/p>\n<table>\n<tbody>\n<tr>\n<td width=\"900\"><strong><em>&#8221; H\u00e1rom sz\u00f3 nagyon sokat seg\u00edt (az \u00e9letben). H\u00e1rom sz\u00f3, amelyet mindig mondani kell: &#8222;k\u00e9rem;<\/em><\/strong><em> <strong>k\u00f6sz\u00f6n\u00f6m; bocs\u00e1nat&#8221;. <\/strong><\/em><\/p>\n<p><strong>(<a href=\"https:\/\/www.citatum.hu\/szerzo\/Ferenc_papa\">Ferenc p\u00e1pa<\/a>)<\/strong><\/td>\n<\/tr>\n<\/tbody>\n<\/table>\n<p><strong>\u00a0<\/strong><\/p>\n<p><strong>Mondd egyszer\u0171en azt, hogy \u201eK\u00f6sz\u00f6n\u00f6m!\u201d<\/strong><\/p>\n<p>Ma durc\u00e1s vagy. Legal\u00e1bbis \u00fagy mutatod. Haragudni akarsz \u2013 tal\u00e1n az \u00e9letre, a munk\u00e1dra, az emberekre, a T\u00e9ged k\u00f6r\u00fclleng\u0151 stresszre vagy mindenre \u00e9s mindenkire \u2013, de nem sikeredik. Ismerlek m\u00e1r: l\u00e1tszik, hogy nem komoly az eg\u00e9sz, csak valamit el akarsz mondani&#8230; <em>\u201eAtya, \u00e9n ezent\u00fal senkinek nem k\u00f6sz\u00f6n\u00f6k meg semmit! Nekem se k\u00f6sz\u00f6ni meg senki, hogy meghallgatom, kiszolg\u00e1lom, seg\u00edtem. Mi\u00e9rt kell egy\u00e1ltal\u00e1n h\u00e1l\u00e1snak lenni?\u201d<\/em> \u2013 fakadsz ki, mik\u00f6zben t\u00e1sk\u00e1dat a sz\u00e9kre ejted, \u00e9s le\u00fclsz&#8230;<\/p>\n<p>Miel\u0151tt v\u00e1laszoln\u00e9k Neked, megv\u00e1rom, am\u00edg elhelyezkedsz \u00e9s r\u00e1m tudsz figyelni&#8230; Az\u00e9rt kell az \u00e9letben h\u00e1l\u00e1snak lenned, mert &#8211; a luter\u00e1nus teol\u00f3gus, Dietrich\u00a0 Bonhoeffer (1906-1945) szavaival kifejezve -: <em>\u201eA h\u00e1la gazdagg\u00e1 teszi az \u00e9letedet.\u201d<\/em> \u00c9s mert ez ford\u00edtva is igaz: <em>\u201eHa nem tudsz valamit megk\u00f6sz\u00f6nni, ha nem vagy h\u00e1l\u00e1s, akkor egy nagyon szeg\u00e9ny ember vagy&#8230;\u201d<\/em><\/p>\n<p>Aki ki tudja mondani ezt a kis sz\u00f3t, hogy: <em>\u201eK\u00f6sz\u00f6n\u00f6m\u201d,<\/em> az \u2013 ha anyagilag nem is lesz gazdagabb, mint el\u0151tte volt, de \u2013 tudatosabban \u00e9li meg azt, amije van. \u00c9s \u00e9szreveszi, hogy gazdagabb, mint v\u00e9lte \u00e9s gondolta.<\/p>\n<p>Aki ki tudja mondani ezt a kis sz\u00f3t, hogy: <em>\u201eK\u00f6sz\u00f6n\u00f6m\u201d,<\/em> az \u00f6rvend annak, amije van, \u00e9s nem azon sop\u00e1nkodik folyton, amit m\u00e9g szeretne megszerezni.<\/p>\n<p>Aki ki tudja mondani ezt a kis sz\u00f3t, hogy: <em>\u201eK\u00f6sz\u00f6n\u00f6m\u201d,<\/em> az felismeri az \u00e9rt\u00e9k\u00e9t annak, amije van. Az a kis dolgokon is el tud csod\u00e1lkozni, azok\u00e9rt is h\u00e1l\u00e1s.<\/p>\n<p>A fentieket m\u00e9g Francis Bacon angol filoz\u00f3fus (1561-1626) mond\u00e1s\u00e1val eg\u00e9sz\u00edten\u00e9m ki: <em>\u201eNem a boldogok a h\u00e1l\u00e1sak, hanem a h\u00e1l\u00e1sak a boldogok!\u201d<\/em><\/p>\n<p>A h\u00e1la \u2013 m\u00e1sodszor \u2013 kapcsolatot is teremt.<\/p>\n<p>Aki kifejezi h\u00e1l\u00e1j\u00e1t, az nem csak azt mutatja meg ezzel, hogy a neki adott aj\u00e1nd\u00e9k vagy seg\u00edts\u00e9gny\u00fajt\u00e1s \u00e9rt\u00e9kes. Hanem sokkal ink\u00e1bb azt fejezi ki szav\u00e1val vagy gesztus\u00e1val, hogy az aj\u00e1nd\u00e9koz\u00f3, a seg\u00edt\u0151 is fontos, helyesebben fontosabb, mint az aj\u00e1nd\u00e9k!<\/p>\n<p>Ezzel a k\u00f6sz\u00f6net, a h\u00e1la elm\u00e9ly\u00edti a felebar\u00e1tommal val\u00f3 kapcsolatomat. H\u00e1l\u00e1mmal azt fejezem ki, m\u00e9g ha nem is mondom el: <em>\u201eNem csak aj\u00e1nd\u00e9kodat fogadom el, de Te is nagyon fontos \u00e9s \u00e9rt\u00e9kes vagy sz\u00e1momra. Mi ketten egym\u00e1shoz tartozunk!\u201d<\/em><\/p>\n<p>Ez\u00e9rt csak l\u00e9gy tov\u00e1bbra is h\u00e1l\u00e1s!<\/p>\n<p>Mondd egyszer\u0171en azt, hogy <em>\u201eK\u00f6sz\u00f6n\u00f6m!\u201d<\/em><\/p>\n<p>Mert ha \u00edgy teszel, akkor<\/p>\n<ul>\n<li>\u00faj l\u00e1t\u00e1sra teszel szert,<\/li>\n<li>akkor megtanulsz a kicsi dolgoknak is \u00f6rvendeni,<\/li>\n<li>akkor nem versengsz felebar\u00e1toddal,<\/li>\n<li>akkor eln\u00e9mul akaratoskod\u00e1sod, \u00f6nfej\u0171s\u00e9ged,<\/li>\n<li>akkor rossz gondolataid elt\u00f6rp\u00fclnek,<\/li>\n<li>akkor \u00e9rezhet\u0151en jobb lesz k\u00f6r\u00fcl\u00f6tted a leveg\u0151,<\/li>\n<li>akkor igaz\u00e1n megtanulod, hogy mit jelent a hit,<\/li>\n<li>akkor mag\u00e1t\u00f3l leomlik k\u00f6r\u00fcl\u00f6tted a s\u00e9rtet\u0151d\u00f6tts\u00e9g hat\u00e1ra,<\/li>\n<li>akkor utat tal\u00e1lsz embert\u00e1rsaid sz\u00edv\u00e9hez,<\/li>\n<li>akkor ism\u00e9t fell\u00e9leghetsz,<\/li>\n<li>akkor kincset tal\u00e1lsz,<\/li>\n<li>akkor az arcok k\u00f6r\u00fcl\u00f6tted der\u0171sebbek lesznek,<\/li>\n<li>akkor folyton aj\u00e1nd\u00e9kot kapsz, mert adsz,<\/li>\n<\/ul>\n<p>\u00c9s ha \u00edgy lesz, ne azon t\u00f6rd majd a fejed, hogy hogyan h\u00e1l\u00e1ld meg Istennek, embert\u00e1rsaidnak az aj\u00e1nd\u00e9kokat, hanem egyszer\u0171en csak mondd ki, hogy: <em>\u201eK\u00f6sz\u00f6n\u00f6m!\u201d<\/em><\/p>\n<p>Aki teh\u00e1t h\u00e1l\u00e1s, az gazdag \u00e9s boldog, illetve j\u00f3, tart\u00f3s, szeretetteljes, der\u0171s \u00e9s m\u00e9ly kapcsolatokban \u00e9l. Kell-e enn\u00e9l t\u00f6bb a mai vil\u00e1gban?<\/p>\n<h3>S Z E N T M I S \u00c9 I N K<\/h3>\n<p><em>Stuttgart-B\u00e4rensee\u00a0\u00a0\u00a0\u00a0\u00a0\u00a0\u00a0\u00a0\u00a0\u00a0 <\/em>j\u00falius 02 vas\u00e1rnap\u00a0\u00a0\u00a0\u00a0\u00a0\u00a0\u00a0\u00a0\u00a0\u00a0\u00a0\u00a0\u00a0\u00a0\u00a0\u00a0\u00a0\u00a0\u00a0 09.30 \u00f3ra<\/p>\n<p><em>Ellwangen\u00a0\u00a0\u00a0\u00a0\u00a0\u00a0\u00a0\u00a0\u00a0\u00a0\u00a0\u00a0\u00a0\u00a0\u00a0\u00a0\u00a0\u00a0\u00a0\u00a0 <\/em>j\u00falius 09 vas\u00e1rnap\u00a0\u00a0\u00a0\u00a0\u00a0\u00a0\u00a0\u00a0\u00a0\u00a0\u00a0\u00a0\u00a0\u00a0\u00a0\u00a0\u00a0\u00a0\u00a0 11.30 \u00f3ra<\/p>\n<p><em>Balingen\u00a0\u00a0\u00a0\u00a0\u00a0\u00a0\u00a0\u00a0\u00a0\u00a0\u00a0\u00a0\u00a0\u00a0\u00a0\u00a0\u00a0\u00a0\u00a0\u00a0\u00a0\u00a0\u00a0\u00a0\u00a0\u00a0\u00a0 <\/em>szeptember 02 szombat\u00a0\u00a0\u00a0\u00a0\u00a0\u00a0\u00a0\u00a0\u00a0\u00a0 17.00 \u00f3ra<\/p>\n<p><em>Munderkingen<\/em> \u00a0\u00a0\u00a0\u00a0\u00a0\u00a0\u00a0\u00a0\u00a0\u00a0\u00a0\u00a0\u00a0\u00a0 szeptember 03 vas\u00e1rnap\u00a0\u00a0\u00a0\u00a0\u00a0\u00a0\u00a0\u00a0\u00a0\u00a0 09.00 \u00f3ra\u00a0 <strong>ELMARAD!<\/strong><\/p>\n<p><em>Schw\u00e4bisch Gm\u00fcnd \u00a0\u00a0\u00a0\u00a0\u00a0\u00a0\u00a0 <\/em>szeptember 03 vas\u00e1rnap\u00a0\u00a0\u00a0\u00a0\u00a0\u00a0\u00a0\u00a0\u00a0\u00a0 09.30 \u00f3ra<\/p>\n<p><em>Stuttgart\u00a0\u00a0\u00a0\u00a0\u00a0\u00a0\u00a0\u00a0\u00a0\u00a0\u00a0\u00a0\u00a0\u00a0\u00a0\u00a0\u00a0\u00a0\u00a0\u00a0\u00a0\u00a0\u00a0 <\/em>szeptember 03 vas\u00e1rnap\u00a0\u00a0\u00a0\u00a0\u00a0\u00a0\u00a0\u00a0\u00a0\u00a0 15.00 \u00f3ra <strong>!!!<\/strong><\/p>\n<p><em>Friedrichshafen-Berg\u00a0\u00a0\u00a0\u00a0\u00a0\u00a0\u00a0 <\/em>szeptember 09 szombat\u00a0\u00a0\u00a0\u00a0\u00a0\u00a0\u00a0\u00a0\u00a0\u00a0 17.00 \u00f3ra<\/p>\n<p><em>Weingarten<\/em> \u00a0\u00a0\u00a0\u00a0\u00a0\u00a0\u00a0\u00a0\u00a0\u00a0\u00a0\u00a0\u00a0\u00a0\u00a0\u00a0\u00a0\u00a0 szeptember 10 vas\u00e1rnap \u00a0\u00a0\u00a0\u00a0\u00a0\u00a0\u00a0\u00a0\u00a0 10.00 \u00f3ra<\/p>\n<p><em>Ulm<\/em> \u00a0\u00a0\u00a0\u00a0\u00a0\u00a0\u00a0\u00a0\u00a0\u00a0\u00a0\u00a0\u00a0\u00a0\u00a0\u00a0\u00a0\u00a0\u00a0\u00a0\u00a0\u00a0\u00a0\u00a0\u00a0\u00a0\u00a0 szeptember 10 vas\u00e1rnap \u00a0\u00a0\u00a0\u00a0\u00a0\u00a0\u00a0\u00a0\u00a0 10.00 \u00f3ra<\/p>\n<p><em>Ludwigsburg\u00a0\u00a0\u00a0\u00a0\u00a0\u00a0\u00a0\u00a0\u00a0\u00a0\u00a0\u00a0\u00a0\u00a0\u00a0\u00a0\u00a0 <\/em>szeptember 17 vas\u00e1rnap\u00a0\u00a0\u00a0\u00a0\u00a0\u00a0\u00a0\u00a0\u00a0\u00a0 09.30 \u00f3ra<\/p>\n<p><em>Stuttgart\u00a0\u00a0\u00a0\u00a0\u00a0\u00a0\u00a0\u00a0\u00a0\u00a0\u00a0\u00a0\u00a0\u00a0\u00a0\u00a0\u00a0\u00a0\u00a0\u00a0\u00a0\u00a0\u00a0 <\/em>szeptember 17 vas\u00e1rnap\u00a0\u00a0\u00a0\u00a0\u00a0 \u00a0\u00a0\u00a0\u00a0 12.00 \u00f3ra <strong>!!!<\/strong><\/p>\n<p><em>Heidenheim\u00a0\u00a0\u00a0\u00a0\u00a0\u00a0\u00a0\u00a0\u00a0\u00a0\u00a0\u00a0\u00a0\u00a0\u00a0\u00a0\u00a0\u00a0 <\/em>szeptember 23 szombat\u00a0\u00a0\u00a0\u00a0\u00a0\u00a0\u00a0\u00a0\u00a0\u00a0 15.30 \u00f3ra<\/p>\n<p><em>Reutlingen\u00a0\u00a0\u00a0\u00a0\u00a0\u00a0\u00a0\u00a0\u00a0\u00a0\u00a0\u00a0\u00a0\u00a0\u00a0\u00a0\u00a0\u00a0\u00a0\u00a0 <\/em>szeptember 23 szombat\u00a0\u00a0\u00a0\u00a0\u00a0\u00a0\u00a0\u00a0\u00a0\u00a0 16.30 \u00f3ra<\/p>\n<p><em>Biberach\u00a0\u00a0\u00a0\u00a0\u00a0\u00a0\u00a0\u00a0\u00a0\u00a0\u00a0\u00a0\u00a0\u00a0\u00a0\u00a0\u00a0\u00a0\u00a0\u00a0\u00a0\u00a0\u00a0 <\/em>szeptember 24 vas\u00e1rnap\u00a0\u00a0\u00a0\u00a0\u00a0\u00a0\u00a0\u00a0\u00a0\u00a0 08.45 \u00f3ra\u00a0 <strong>ELMARAD!<\/strong><\/p>\n<p><em>B\u00f6blingen\u00a0\u00a0\u00a0\u00a0\u00a0\u00a0\u00a0\u00a0\u00a0\u00a0\u00a0\u00a0\u00a0\u00a0\u00a0\u00a0\u00a0\u00a0\u00a0\u00a0\u00a0 <\/em>szeptember 24 vas\u00e1rnap\u00a0\u00a0\u00a0\u00a0\u00a0\u00a0\u00a0\u00a0\u00a0\u00a0 09.30 \u00f3ra<\/p>\n<p><em>Ulm\u00a0\u00a0\u00a0\u00a0\u00a0\u00a0\u00a0\u00a0\u00a0\u00a0\u00a0\u00a0\u00a0\u00a0\u00a0\u00a0\u00a0\u00a0\u00a0\u00a0\u00a0\u00a0\u00a0\u00a0\u00a0\u00a0\u00a0\u00a0 <\/em>szeptember 24 vas\u00e1rnap\u00a0\u00a0\u00a0\u00a0\u00a0\u00a0\u00a0\u00a0\u00a0\u00a0 10.00 \u00f3ra <strong>!!!\u00a0 ELMARAD!<br \/>\n<\/strong><\/p>\n<p><em>Eislingen\u00a0\u00a0\u00a0\u00a0\u00a0\u00a0\u00a0\u00a0\u00a0\u00a0\u00a0\u00a0\u00a0\u00a0\u00a0\u00a0\u00a0\u00a0\u00a0\u00a0\u00a0\u00a0 <\/em>szeptember 24 vas\u00e1rnap\u00a0\u00a0\u00a0\u00a0\u00a0\u00a0\u00a0\u00a0\u00a0\u00a0 15.00 \u00f3ra\u00a0 <strong>ELMARAD!<\/strong><\/p>\n<p><em>Heilbronn\u00a0\u00a0\u00a0\u00a0\u00a0\u00a0\u00a0\u00a0\u00a0\u00a0\u00a0\u00a0\u00a0\u00a0\u00a0\u00a0\u00a0\u00a0\u00a0\u00a0\u00a0 <\/em>szeptember 24 vas\u00e1rnap\u00a0\u00a0\u00a0\u00a0\u00a0\u00a0\u00a0\u00a0\u00a0\u00a0 15.30 \u00f3ra<\/p>\n<p><strong>\u00a0<\/strong><\/p>\n<p><strong>K\u00d6ZLEM\u00c9NYEK \u2013 RENDEZV\u00c9NYEK<\/strong><\/p>\n<p><strong>Lelkip\u00e1sztorok szabads\u00e1ga<\/strong> \u2013 <em>j\u00falius 21-e \u00e9s augusztus 31-e k\u00f6z\u00f6tt szabads\u00e1gon<\/em> lesz\u00fcnk. K\u00e9rj\u00fck az ittmaradtakat, hogy lelki \u00fcgyekben a helyi n\u00e9met pl\u00e9b\u00e1noshoz\u00a0 forduljanak. Szeptembert\u0151l a fenti miserend \u00e9rv\u00e9nyes. <strong>Minden kedves H\u00edv\u00fcnknek<\/strong> tartalmas nyarat k\u00edv\u00e1nunk, sok napf\u00e9nnyel, pihentet\u0151 programokkal, j\u00f3 eg\u00e9szs\u00e9ggel \u00e9s lelki tartalommal! Ne feledkezzenek meg sem otthon sem idegenben a vas\u00e1rnapi szentmis\u00e9r\u0151l! <strong>K\u00f6sz\u00f6nj\u00fck<\/strong> az egyh\u00e1ztan\u00e1csosoknak, a leg\u00e1tusoknak, az \u00e1ldoztat\u00f3knak, a felolvas\u00f3knak, az orgonist\u00e1knak, a sekresty\u00e9seknek, a ministr\u00e1nsoknak \u00e9s valamennyi \u00f6nk\u00e9ntes seg\u00edt\u0151nek azt a sok \u00e1ldozatot, amelyet k\u00f6z\u00f6ss\u00e9g\u00fcnk\u00e9rt hoztak. Isten fizesse meg nekik sz\u00e1zszorosan!<\/p>\n<p><strong>*<\/strong><\/p>\n<p><strong>Stuttgartban<\/strong> p\u00e9ntekenk\u00e9nt 17.50 \u00f3rakor <em>r\u00f3zsaf\u00fcz\u00e9r,<\/em> majd <em>szentmise<\/em>. A h\u00edveket <strong>szeptember<\/strong> 8-\u00e1n, 15-\u00e9n, 22-\u00e9n \u00e9s 29-\u00e9n v\u00e1rjuk. A <strong>Bar\u00e1ts\u00e1gklub <\/strong>tagjai is ugyanezeken a napokon tal\u00e1lkoznak 16.00 \u00f3rakor, a <em>K\u00f6z\u00f6ss\u00e9gi Teremben<\/em>. Mindenkit szeretettel v\u00e1rnak!<\/p>\n<p><strong>Tibor atya betegs\u00e9ge <\/strong>miatt<strong> Ulmban<\/strong> cs\u00fct\u00f6rt\u00f6k\u00f6nk\u00e9nt, <strong>Weingarten<\/strong>ben pedig p\u00e9ntekenk\u00e9nt, a h\u00e9tk\u00f6znapi szentmis\u00e9k <strong>szeptemberben ELMARADNAK!<\/strong><\/p>\n<p><strong>*<\/strong><\/p>\n<p><strong>Szeptember 3-\u00e1n<\/strong>, vas\u00e1rnap, Stuttgartban, a du.15.00 \u00f3rakor kezd\u0151d\u0151 szentmise egy\u00fattal a <em>cs\u00edksomly\u00f3i<\/em> \u00e9s a <em>benelux-\u00e1llamokbeli zar\u00e1ndokok<\/em> <em>h\u00e1lamis\u00e9je<\/em> is lesz. Ut\u00e1na <strong>zar\u00e1ndok-tal\u00e1lkoz\u00f3 <\/strong>a K\u00f6z\u00f6ss\u00e9gi Teremben&#8230;<\/p>\n<p>*<\/p>\n<p>Stuttgartban<strong> szeptember 16-\u00e1n, <\/strong>szombaton <strong>Nyitott Templomok \u00c9jszak\u00e1ja. <\/strong>\u00a0Keret\u00e9ben, \u00e9s Egyh\u00e1zk\u00f6zs\u00e9g\u00fcnk fenn\u00e1ll\u00e1s\u00e1nak 70. jubileuma alkalm\u00e1b\u00f3l, 19.00 \u00f3r\u00e1t\u00f3l <strong>Bal\u00e1zs Fec\u00f3 koncert <\/strong>a Bruder-Klaus templomban. R\u00e9szv\u00e9teli sz\u00e1nd\u00e9kotokat k\u00fcldj\u00e9tek el vagy az <a href=\"mailto:uki-s@uki-s.de\">uki-s@uki-s.de<\/a> vagy pedig a misszi\u00f3nk e-Mail c\u00edm\u00e9re (mission@gracious-dewdney.138-201-221-2.plesk.page), illetve jelezz\u00e9tek sz\u00f3ban az Irod\u00e1n.<\/p>\n<p><strong>*<\/strong><\/p>\n<p><strong>Szeptember 17-\u00e9n: <\/strong><em>Egyh\u00e1zk\u00f6zs\u00e9g\u00fcnk v\u00e9d\u0151szentj\u00e9nek, Szent Gell\u00e9rt p\u00fcsp\u00f6k \u00e9s v\u00e9rtan\u00fanak az \u00fcnnepe.<\/em> A <strong>szentmise<\/strong>, amelyet megh\u00edvott vend\u00e9g\u00fcnk, <strong>Ft. P. Urb\u00e1n Erik<\/strong>\u00a0 cs\u00edksomly\u00f3i ferences h\u00e1zf\u0151n\u00f6k, gyulafeh\u00e9rv\u00e1ri \u00e9rseki helyn\u00f6k \u00far mutat be, 12.00 \u00f3rakor lesz a Bruder-Klaus-templomban. Azut\u00e1n <strong>k\u00f6z\u00f6s eb\u00e9d<\/strong> kinn, a templom el\u0151tti t\u00e9ren. V\u00e9g\u00fcl <strong>kultur\u00e1lis program<\/strong> k\u00f6vetkezik a templomban. Mindenkit szeretettel v\u00e1runk!<\/p>\n<p><strong>*<\/strong><\/p>\n<p>Stuttgartban<strong> szeptember 8-\u00e1n <\/strong>\u00e9s 22-\u00e9n <strong>Sportklubunk <\/strong>tagjai j\u00f6nnek \u00f6ssze <em>asztaliteniszre<\/em> \u00e9s\u00a0 <em>K\u00f3rusra<\/em><strong>. Szeptember 15-\u00e9n, <\/strong>p\u00e9nteken 19.00 \u00f3rakor pedig a <strong>Bibliak\u00f6r\u00f6s\u00f6k <\/strong>tal\u00e1lkoznak. El\u0151ad\u00f3: <em>Ft. P. Urb\u00e1n Erik ferences h\u00e1zf\u0151n\u00f6k.<\/em> Minden programunkra mindenkit szeretettel v\u00e1runk!<\/p>\n<p><strong>*<\/strong><\/p>\n<p><strong>Nevess vel\u00fcnk \u2013 <\/strong><em>Kevin lelkendezve j\u00f6n haza az els\u0151 angol\u00f3r\u00e1r\u00f3l.<\/em><\/p>\n<p><em>Igy dicsekszik anyuk\u00e1j\u00e1nak:<\/em><\/p>\n<p><em>&#8211; Anya, k\u00e9pzeld el, most m\u00e1r tudom angolul azt, hogy \u201eJ\u00f3 napot!\u201d \u201eViszontl\u00e1t\u00e1sra!\u201d \u00c9s \u201eK\u00f6sz\u00f6n\u00f6m!\u201d<\/em><\/p>\n<p><em>&#8211; \u00d6rvendek \u2013 v\u00e1laszolja \u00e9desanyja, aki szemmel l\u00e1that\u00f3an nem olyan lelkes, mint csemet\u00e9je. \u2013 Eddig ugyanis ezeket m\u00e9g magyarul sem tudtad kimondani&#8230;<\/em><\/p>\n<p>&nbsp;<\/p>\n<p><strong><em>Minden kedves H\u00edv\u00fcnknek tartalmas nyarat k\u00edv\u00e1nunk, <\/em><\/strong><\/p>\n<p><strong><em>sok napf\u00e9nnyel, pihentet\u0151 programokkal, j\u00f3 eg\u00e9szs\u00e9ggel \u00e9s lelki tartalommal! <\/em><\/strong><\/p>\n<p>&nbsp;<\/p>\n","protected":false},"excerpt":{"rendered":"<p>B A R \u00c1 T O M A Szent Gell\u00e9rt Magyar Katolikus Egyh\u00e1zk\u00f6zs\u00e9g Havilapja Szerkeszt\u0151: Ft. Merl\u00e1s Tibor \u00e9s Ft. Dr. Tempfli Imre. Kiad\u00f3: a Szent Gell\u00e9rt Magyar Katolikus Egyh\u00e1zk\u00f6zs\u00e9g. Postac\u00edm: Albert-Sch\u00e4ffle-Str. 30, 70186-Stuttgart. Tel: 0711-236 91 90, Fax: 0711-236 73 93, E-mail: mission@gracious-dewdney.138-201-221-2.plesk.page Honlap: www. stuttgarti-katolikusok.de Facebook: Stuttgarti.Katolikusok Sz\u00e1mla: Postbank Stuttgart, IBAN: DE80 600 100 700 002 190 704,\u00a0 BIC: PBNKDEFF &#8221; H\u00e1rom sz\u00f3 nagyon sokat seg\u00edt (az \u00e9letben). H\u00e1rom sz\u00f3, amelyet mindig mondani kell: &#8222;k\u00e9rem; k\u00f6sz\u00f6n\u00f6m; bocs\u00e1nat&#8221;. (Ferenc p\u00e1pa) \u00a0 Mondd egyszer\u0171en azt, hogy \u201eK\u00f6sz\u00f6n\u00f6m!\u201d Ma durc\u00e1s vagy. Legal\u00e1bbis \u00fagy mutatod. Haragudni akarsz \u2013 tal\u00e1n az \u00e9letre, a munk\u00e1dra, az emberekre, a T\u00e9ged k\u00f6r\u00fclleng\u0151 stresszre vagy mindenre \u00e9s mindenkire \u2013, de nem sikeredik. Ismerlek m\u00e1r: l\u00e1tszik, hogy nem komoly az eg\u00e9sz, csak valamit el akarsz mondani&#8230; \u201eAtya, \u00e9n ezent\u00fal senkinek nem k\u00f6sz\u00f6n\u00f6k meg semmit! Nekem se k\u00f6sz\u00f6ni meg senki, hogy meghallgatom, kiszolg\u00e1lom, seg\u00edtem. Mi\u00e9rt kell egy\u00e1ltal\u00e1n h\u00e1l\u00e1snak lenni?\u201d \u2013 fakadsz ki, mik\u00f6zben t\u00e1sk\u00e1dat a sz\u00e9kre ejted, \u00e9s le\u00fclsz&#8230; Miel\u0151tt v\u00e1laszoln\u00e9k Neked, megv\u00e1rom, am\u00edg elhelyezkedsz \u00e9s r\u00e1m tudsz figyelni&#8230; Az\u00e9rt kell az \u00e9letben h\u00e1l\u00e1snak lenned, mert &#8211; a luter\u00e1nus teol\u00f3gus, Dietrich\u00a0 Bonhoeffer (1906-1945) szavaival kifejezve -: \u201eA h\u00e1la gazdagg\u00e1 teszi az \u00e9letedet.\u201d \u00c9s mert ez ford\u00edtva is igaz: \u201eHa nem tudsz valamit megk\u00f6sz\u00f6nni, ha nem vagy h\u00e1l\u00e1s, akkor egy nagyon szeg\u00e9ny ember vagy&#8230;\u201d Aki ki tudja mondani ezt a kis sz\u00f3t, hogy: \u201eK\u00f6sz\u00f6n\u00f6m\u201d, az \u2013 ha anyagilag nem is lesz gazdagabb, mint el\u0151tte volt, de \u2013 tudatosabban \u00e9li meg azt, amije van. \u00c9s \u00e9szreveszi, hogy gazdagabb, mint v\u00e9lte \u00e9s gondolta. Aki ki tudja mondani ezt a kis sz\u00f3t, hogy: \u201eK\u00f6sz\u00f6n\u00f6m\u201d, az \u00f6rvend annak, amije van, \u00e9s nem azon sop\u00e1nkodik folyton, amit m\u00e9g szeretne megszerezni. Aki ki tudja mondani ezt a kis sz\u00f3t, hogy: \u201eK\u00f6sz\u00f6n\u00f6m\u201d, az felismeri az \u00e9rt\u00e9k\u00e9t annak, amije van. Az a kis dolgokon is el tud csod\u00e1lkozni,&#8230; <\/p>\n<p><a class=\"readmore\" href=\"https:\/\/stuttgarti-katolikusok.de\/index.php\/baratom-2017-juliusa-augusztusa-szeptembere\/\">R\u00e9szletek<\/a><\/p>\n","protected":false},"author":3,"featured_media":0,"comment_status":"closed","ping_status":"closed","sticky":false,"template":"","format":"standard","meta":{"footnotes":""},"categories":[29],"tags":[],"class_list":["post-12361","post","type-post","status-publish","format-standard","hentry","category-baratom"],"yoast_head":"<!-- This site is optimized with the Yoast SEO plugin v27.3 - https:\/\/yoast.com\/product\/yoast-seo-wordpress\/ -->\n<title>Bar\u00e1tom - 2017 j\u00faliusa - augusztusa - szeptembere - Stuttgarti Katolikusok<\/title>\n<meta name=\"robots\" content=\"index, follow, max-snippet:-1, max-image-preview:large, max-video-preview:-1\" \/>\n<link rel=\"canonical\" href=\"https:\/\/stuttgarti-katolikusok.de\/index.php\/baratom-2017-juliusa-augusztusa-szeptembere\/\" \/>\n<meta property=\"og:locale\" content=\"hu_HU\" \/>\n<meta property=\"og:type\" content=\"article\" \/>\n<meta property=\"og:title\" content=\"Bar\u00e1tom - 2017 j\u00faliusa - augusztusa - szeptembere - Stuttgarti Katolikusok\" \/>\n<meta property=\"og:description\" content=\"B A R \u00c1 T O M A Szent Gell\u00e9rt Magyar Katolikus Egyh\u00e1zk\u00f6zs\u00e9g Havilapja Szerkeszt\u0151: Ft. Merl\u00e1s Tibor \u00e9s Ft. Dr. Tempfli Imre. Kiad\u00f3: a Szent Gell\u00e9rt Magyar Katolikus Egyh\u00e1zk\u00f6zs\u00e9g. Postac\u00edm: Albert-Sch\u00e4ffle-Str. 30, 70186-Stuttgart. Tel: 0711-236 91 90, Fax: 0711-236 73 93, E-mail: mission@gracious-dewdney.138-201-221-2.plesk.page Honlap: www. stuttgarti-katolikusok.de Facebook: Stuttgarti.Katolikusok Sz\u00e1mla: Postbank Stuttgart, IBAN: DE80 600 100 700 002 190 704,\u00a0 BIC: PBNKDEFF &#8221; H\u00e1rom sz\u00f3 nagyon sokat seg\u00edt (az \u00e9letben). H\u00e1rom sz\u00f3, amelyet mindig mondani kell: &#8222;k\u00e9rem; k\u00f6sz\u00f6n\u00f6m; bocs\u00e1nat&#8221;. (Ferenc p\u00e1pa) \u00a0 Mondd egyszer\u0171en azt, hogy \u201eK\u00f6sz\u00f6n\u00f6m!\u201d Ma durc\u00e1s vagy. Legal\u00e1bbis \u00fagy mutatod. Haragudni akarsz \u2013 tal\u00e1n az \u00e9letre, a munk\u00e1dra, az emberekre, a T\u00e9ged k\u00f6r\u00fclleng\u0151 stresszre vagy mindenre \u00e9s mindenkire \u2013, de nem sikeredik. Ismerlek m\u00e1r: l\u00e1tszik, hogy nem komoly az eg\u00e9sz, csak valamit el akarsz mondani&#8230; \u201eAtya, \u00e9n ezent\u00fal senkinek nem k\u00f6sz\u00f6n\u00f6k meg semmit! Nekem se k\u00f6sz\u00f6ni meg senki, hogy meghallgatom, kiszolg\u00e1lom, seg\u00edtem. Mi\u00e9rt kell egy\u00e1ltal\u00e1n h\u00e1l\u00e1snak lenni?\u201d \u2013 fakadsz ki, mik\u00f6zben t\u00e1sk\u00e1dat a sz\u00e9kre ejted, \u00e9s le\u00fclsz&#8230; Miel\u0151tt v\u00e1laszoln\u00e9k Neked, megv\u00e1rom, am\u00edg elhelyezkedsz \u00e9s r\u00e1m tudsz figyelni&#8230; Az\u00e9rt kell az \u00e9letben h\u00e1l\u00e1snak lenned, mert &#8211; a luter\u00e1nus teol\u00f3gus, Dietrich\u00a0 Bonhoeffer (1906-1945) szavaival kifejezve -: \u201eA h\u00e1la gazdagg\u00e1 teszi az \u00e9letedet.\u201d \u00c9s mert ez ford\u00edtva is igaz: \u201eHa nem tudsz valamit megk\u00f6sz\u00f6nni, ha nem vagy h\u00e1l\u00e1s, akkor egy nagyon szeg\u00e9ny ember vagy&#8230;\u201d Aki ki tudja mondani ezt a kis sz\u00f3t, hogy: \u201eK\u00f6sz\u00f6n\u00f6m\u201d, az \u2013 ha anyagilag nem is lesz gazdagabb, mint el\u0151tte volt, de \u2013 tudatosabban \u00e9li meg azt, amije van. \u00c9s \u00e9szreveszi, hogy gazdagabb, mint v\u00e9lte \u00e9s gondolta. Aki ki tudja mondani ezt a kis sz\u00f3t, hogy: \u201eK\u00f6sz\u00f6n\u00f6m\u201d, az \u00f6rvend annak, amije van, \u00e9s nem azon sop\u00e1nkodik folyton, amit m\u00e9g szeretne megszerezni. Aki ki tudja mondani ezt a kis sz\u00f3t, hogy: \u201eK\u00f6sz\u00f6n\u00f6m\u201d, az felismeri az \u00e9rt\u00e9k\u00e9t annak, amije van. Az a kis dolgokon is el tud csod\u00e1lkozni,... R\u00e9szletek\" \/>\n<meta property=\"og:url\" content=\"https:\/\/stuttgarti-katolikusok.de\/index.php\/baratom-2017-juliusa-augusztusa-szeptembere\/\" \/>\n<meta property=\"og:site_name\" content=\"Stuttgarti Katolikusok\" \/>\n<meta property=\"article:published_time\" content=\"2017-07-03T06:54:20+00:00\" \/>\n<meta property=\"article:modified_time\" content=\"2017-08-28T17:20:02+00:00\" \/>\n<meta name=\"author\" content=\"Tibor atya\" \/>\n<meta name=\"twitter:card\" content=\"summary_large_image\" \/>\n<meta name=\"twitter:label1\" content=\"Szerz\u0151:\" \/>\n\t<meta name=\"twitter:data1\" content=\"Tibor atya\" \/>\n\t<meta name=\"twitter:label2\" content=\"Becs\u00fclt olvas\u00e1si id\u0151\" \/>\n\t<meta name=\"twitter:data2\" content=\"7 perc\" \/>\n<script type=\"application\/ld+json\" class=\"yoast-schema-graph\">{\"@context\":\"https:\\\/\\\/schema.org\",\"@graph\":[{\"@type\":\"Article\",\"@id\":\"https:\\\/\\\/stuttgarti-katolikusok.de\\\/index.php\\\/baratom-2017-juliusa-augusztusa-szeptembere\\\/#article\",\"isPartOf\":{\"@id\":\"https:\\\/\\\/stuttgarti-katolikusok.de\\\/index.php\\\/baratom-2017-juliusa-augusztusa-szeptembere\\\/\"},\"author\":{\"name\":\"Tibor atya\",\"@id\":\"https:\\\/\\\/stuttgarti-katolikusok.de\\\/#\\\/schema\\\/person\\\/75908d6f8fdc03a57889d27209df7795\"},\"headline\":\"Bar\u00e1tom &#8211; 2017 j\u00faliusa &#8211; augusztusa &#8211; szeptembere\",\"datePublished\":\"2017-07-03T06:54:20+00:00\",\"dateModified\":\"2017-08-28T17:20:02+00:00\",\"mainEntityOfPage\":{\"@id\":\"https:\\\/\\\/stuttgarti-katolikusok.de\\\/index.php\\\/baratom-2017-juliusa-augusztusa-szeptembere\\\/\"},\"wordCount\":1389,\"articleSection\":[\"Bar\u00e1tom\"],\"inLanguage\":\"hu\"},{\"@type\":\"WebPage\",\"@id\":\"https:\\\/\\\/stuttgarti-katolikusok.de\\\/index.php\\\/baratom-2017-juliusa-augusztusa-szeptembere\\\/\",\"url\":\"https:\\\/\\\/stuttgarti-katolikusok.de\\\/index.php\\\/baratom-2017-juliusa-augusztusa-szeptembere\\\/\",\"name\":\"Bar\u00e1tom - 2017 j\u00faliusa - augusztusa - szeptembere - Stuttgarti Katolikusok\",\"isPartOf\":{\"@id\":\"https:\\\/\\\/stuttgarti-katolikusok.de\\\/#website\"},\"datePublished\":\"2017-07-03T06:54:20+00:00\",\"dateModified\":\"2017-08-28T17:20:02+00:00\",\"author\":{\"@id\":\"https:\\\/\\\/stuttgarti-katolikusok.de\\\/#\\\/schema\\\/person\\\/75908d6f8fdc03a57889d27209df7795\"},\"breadcrumb\":{\"@id\":\"https:\\\/\\\/stuttgarti-katolikusok.de\\\/index.php\\\/baratom-2017-juliusa-augusztusa-szeptembere\\\/#breadcrumb\"},\"inLanguage\":\"hu\",\"potentialAction\":[{\"@type\":\"ReadAction\",\"target\":[\"https:\\\/\\\/stuttgarti-katolikusok.de\\\/index.php\\\/baratom-2017-juliusa-augusztusa-szeptembere\\\/\"]}]},{\"@type\":\"BreadcrumbList\",\"@id\":\"https:\\\/\\\/stuttgarti-katolikusok.de\\\/index.php\\\/baratom-2017-juliusa-augusztusa-szeptembere\\\/#breadcrumb\",\"itemListElement\":[{\"@type\":\"ListItem\",\"position\":1,\"name\":\"Kezd\u0151lap\",\"item\":\"https:\\\/\\\/stuttgarti-katolikusok.de\\\/\"},{\"@type\":\"ListItem\",\"position\":2,\"name\":\"Bar\u00e1tom &#8211; 2017 j\u00faliusa &#8211; augusztusa &#8211; szeptembere\"}]},{\"@type\":\"WebSite\",\"@id\":\"https:\\\/\\\/stuttgarti-katolikusok.de\\\/#website\",\"url\":\"https:\\\/\\\/stuttgarti-katolikusok.de\\\/\",\"name\":\"Stuttgarti Katolikusok\",\"description\":\"\",\"potentialAction\":[{\"@type\":\"SearchAction\",\"target\":{\"@type\":\"EntryPoint\",\"urlTemplate\":\"https:\\\/\\\/stuttgarti-katolikusok.de\\\/?s={search_term_string}\"},\"query-input\":{\"@type\":\"PropertyValueSpecification\",\"valueRequired\":true,\"valueName\":\"search_term_string\"}}],\"inLanguage\":\"hu\"},{\"@type\":\"Person\",\"@id\":\"https:\\\/\\\/stuttgarti-katolikusok.de\\\/#\\\/schema\\\/person\\\/75908d6f8fdc03a57889d27209df7795\",\"name\":\"Tibor atya\",\"image\":{\"@type\":\"ImageObject\",\"inLanguage\":\"hu\",\"@id\":\"https:\\\/\\\/secure.gravatar.com\\\/avatar\\\/61d268e57d1f4525b111222e29d2d5a7f8c420fdbf231ba5566a8ceac74fa960?s=96&d=mm&r=g\",\"url\":\"https:\\\/\\\/secure.gravatar.com\\\/avatar\\\/61d268e57d1f4525b111222e29d2d5a7f8c420fdbf231ba5566a8ceac74fa960?s=96&d=mm&r=g\",\"contentUrl\":\"https:\\\/\\\/secure.gravatar.com\\\/avatar\\\/61d268e57d1f4525b111222e29d2d5a7f8c420fdbf231ba5566a8ceac74fa960?s=96&d=mm&r=g\",\"caption\":\"Tibor atya\"},\"url\":\"https:\\\/\\\/stuttgarti-katolikusok.de\\\/index.php\\\/author\\\/tibor-atya\\\/\"}]}<\/script>\n<!-- \/ Yoast SEO plugin. -->","yoast_head_json":{"title":"Bar\u00e1tom - 2017 j\u00faliusa - augusztusa - szeptembere - Stuttgarti Katolikusok","robots":{"index":"index","follow":"follow","max-snippet":"max-snippet:-1","max-image-preview":"max-image-preview:large","max-video-preview":"max-video-preview:-1"},"canonical":"https:\/\/stuttgarti-katolikusok.de\/index.php\/baratom-2017-juliusa-augusztusa-szeptembere\/","og_locale":"hu_HU","og_type":"article","og_title":"Bar\u00e1tom - 2017 j\u00faliusa - augusztusa - szeptembere - Stuttgarti Katolikusok","og_description":"B A R \u00c1 T O M A Szent Gell\u00e9rt Magyar Katolikus Egyh\u00e1zk\u00f6zs\u00e9g Havilapja Szerkeszt\u0151: Ft. Merl\u00e1s Tibor \u00e9s Ft. Dr. Tempfli Imre. Kiad\u00f3: a Szent Gell\u00e9rt Magyar Katolikus Egyh\u00e1zk\u00f6zs\u00e9g. Postac\u00edm: Albert-Sch\u00e4ffle-Str. 30, 70186-Stuttgart. Tel: 0711-236 91 90, Fax: 0711-236 73 93, E-mail: mission@gracious-dewdney.138-201-221-2.plesk.page Honlap: www. stuttgarti-katolikusok.de Facebook: Stuttgarti.Katolikusok Sz\u00e1mla: Postbank Stuttgart, IBAN: DE80 600 100 700 002 190 704,\u00a0 BIC: PBNKDEFF &#8221; H\u00e1rom sz\u00f3 nagyon sokat seg\u00edt (az \u00e9letben). H\u00e1rom sz\u00f3, amelyet mindig mondani kell: &#8222;k\u00e9rem; k\u00f6sz\u00f6n\u00f6m; bocs\u00e1nat&#8221;. (Ferenc p\u00e1pa) \u00a0 Mondd egyszer\u0171en azt, hogy \u201eK\u00f6sz\u00f6n\u00f6m!\u201d Ma durc\u00e1s vagy. Legal\u00e1bbis \u00fagy mutatod. Haragudni akarsz \u2013 tal\u00e1n az \u00e9letre, a munk\u00e1dra, az emberekre, a T\u00e9ged k\u00f6r\u00fclleng\u0151 stresszre vagy mindenre \u00e9s mindenkire \u2013, de nem sikeredik. Ismerlek m\u00e1r: l\u00e1tszik, hogy nem komoly az eg\u00e9sz, csak valamit el akarsz mondani&#8230; \u201eAtya, \u00e9n ezent\u00fal senkinek nem k\u00f6sz\u00f6n\u00f6k meg semmit! Nekem se k\u00f6sz\u00f6ni meg senki, hogy meghallgatom, kiszolg\u00e1lom, seg\u00edtem. Mi\u00e9rt kell egy\u00e1ltal\u00e1n h\u00e1l\u00e1snak lenni?\u201d \u2013 fakadsz ki, mik\u00f6zben t\u00e1sk\u00e1dat a sz\u00e9kre ejted, \u00e9s le\u00fclsz&#8230; Miel\u0151tt v\u00e1laszoln\u00e9k Neked, megv\u00e1rom, am\u00edg elhelyezkedsz \u00e9s r\u00e1m tudsz figyelni&#8230; Az\u00e9rt kell az \u00e9letben h\u00e1l\u00e1snak lenned, mert &#8211; a luter\u00e1nus teol\u00f3gus, Dietrich\u00a0 Bonhoeffer (1906-1945) szavaival kifejezve -: \u201eA h\u00e1la gazdagg\u00e1 teszi az \u00e9letedet.\u201d \u00c9s mert ez ford\u00edtva is igaz: \u201eHa nem tudsz valamit megk\u00f6sz\u00f6nni, ha nem vagy h\u00e1l\u00e1s, akkor egy nagyon szeg\u00e9ny ember vagy&#8230;\u201d Aki ki tudja mondani ezt a kis sz\u00f3t, hogy: \u201eK\u00f6sz\u00f6n\u00f6m\u201d, az \u2013 ha anyagilag nem is lesz gazdagabb, mint el\u0151tte volt, de \u2013 tudatosabban \u00e9li meg azt, amije van. \u00c9s \u00e9szreveszi, hogy gazdagabb, mint v\u00e9lte \u00e9s gondolta. Aki ki tudja mondani ezt a kis sz\u00f3t, hogy: \u201eK\u00f6sz\u00f6n\u00f6m\u201d, az \u00f6rvend annak, amije van, \u00e9s nem azon sop\u00e1nkodik folyton, amit m\u00e9g szeretne megszerezni. Aki ki tudja mondani ezt a kis sz\u00f3t, hogy: \u201eK\u00f6sz\u00f6n\u00f6m\u201d, az felismeri az \u00e9rt\u00e9k\u00e9t annak, amije van. Az a kis dolgokon is el tud csod\u00e1lkozni,... R\u00e9szletek","og_url":"https:\/\/stuttgarti-katolikusok.de\/index.php\/baratom-2017-juliusa-augusztusa-szeptembere\/","og_site_name":"Stuttgarti Katolikusok","article_published_time":"2017-07-03T06:54:20+00:00","article_modified_time":"2017-08-28T17:20:02+00:00","author":"Tibor atya","twitter_card":"summary_large_image","twitter_misc":{"Szerz\u0151:":"Tibor atya","Becs\u00fclt olvas\u00e1si id\u0151":"7 perc"},"schema":{"@context":"https:\/\/schema.org","@graph":[{"@type":"Article","@id":"https:\/\/stuttgarti-katolikusok.de\/index.php\/baratom-2017-juliusa-augusztusa-szeptembere\/#article","isPartOf":{"@id":"https:\/\/stuttgarti-katolikusok.de\/index.php\/baratom-2017-juliusa-augusztusa-szeptembere\/"},"author":{"name":"Tibor atya","@id":"https:\/\/stuttgarti-katolikusok.de\/#\/schema\/person\/75908d6f8fdc03a57889d27209df7795"},"headline":"Bar\u00e1tom &#8211; 2017 j\u00faliusa &#8211; augusztusa &#8211; szeptembere","datePublished":"2017-07-03T06:54:20+00:00","dateModified":"2017-08-28T17:20:02+00:00","mainEntityOfPage":{"@id":"https:\/\/stuttgarti-katolikusok.de\/index.php\/baratom-2017-juliusa-augusztusa-szeptembere\/"},"wordCount":1389,"articleSection":["Bar\u00e1tom"],"inLanguage":"hu"},{"@type":"WebPage","@id":"https:\/\/stuttgarti-katolikusok.de\/index.php\/baratom-2017-juliusa-augusztusa-szeptembere\/","url":"https:\/\/stuttgarti-katolikusok.de\/index.php\/baratom-2017-juliusa-augusztusa-szeptembere\/","name":"Bar\u00e1tom - 2017 j\u00faliusa - augusztusa - szeptembere - Stuttgarti Katolikusok","isPartOf":{"@id":"https:\/\/stuttgarti-katolikusok.de\/#website"},"datePublished":"2017-07-03T06:54:20+00:00","dateModified":"2017-08-28T17:20:02+00:00","author":{"@id":"https:\/\/stuttgarti-katolikusok.de\/#\/schema\/person\/75908d6f8fdc03a57889d27209df7795"},"breadcrumb":{"@id":"https:\/\/stuttgarti-katolikusok.de\/index.php\/baratom-2017-juliusa-augusztusa-szeptembere\/#breadcrumb"},"inLanguage":"hu","potentialAction":[{"@type":"ReadAction","target":["https:\/\/stuttgarti-katolikusok.de\/index.php\/baratom-2017-juliusa-augusztusa-szeptembere\/"]}]},{"@type":"BreadcrumbList","@id":"https:\/\/stuttgarti-katolikusok.de\/index.php\/baratom-2017-juliusa-augusztusa-szeptembere\/#breadcrumb","itemListElement":[{"@type":"ListItem","position":1,"name":"Kezd\u0151lap","item":"https:\/\/stuttgarti-katolikusok.de\/"},{"@type":"ListItem","position":2,"name":"Bar\u00e1tom &#8211; 2017 j\u00faliusa &#8211; augusztusa &#8211; szeptembere"}]},{"@type":"WebSite","@id":"https:\/\/stuttgarti-katolikusok.de\/#website","url":"https:\/\/stuttgarti-katolikusok.de\/","name":"Stuttgarti Katolikusok","description":"","potentialAction":[{"@type":"SearchAction","target":{"@type":"EntryPoint","urlTemplate":"https:\/\/stuttgarti-katolikusok.de\/?s={search_term_string}"},"query-input":{"@type":"PropertyValueSpecification","valueRequired":true,"valueName":"search_term_string"}}],"inLanguage":"hu"},{"@type":"Person","@id":"https:\/\/stuttgarti-katolikusok.de\/#\/schema\/person\/75908d6f8fdc03a57889d27209df7795","name":"Tibor atya","image":{"@type":"ImageObject","inLanguage":"hu","@id":"https:\/\/secure.gravatar.com\/avatar\/61d268e57d1f4525b111222e29d2d5a7f8c420fdbf231ba5566a8ceac74fa960?s=96&d=mm&r=g","url":"https:\/\/secure.gravatar.com\/avatar\/61d268e57d1f4525b111222e29d2d5a7f8c420fdbf231ba5566a8ceac74fa960?s=96&d=mm&r=g","contentUrl":"https:\/\/secure.gravatar.com\/avatar\/61d268e57d1f4525b111222e29d2d5a7f8c420fdbf231ba5566a8ceac74fa960?s=96&d=mm&r=g","caption":"Tibor atya"},"url":"https:\/\/stuttgarti-katolikusok.de\/index.php\/author\/tibor-atya\/"}]}},"_links":{"self":[{"href":"https:\/\/stuttgarti-katolikusok.de\/index.php\/wp-json\/wp\/v2\/posts\/12361","targetHints":{"allow":["GET"]}}],"collection":[{"href":"https:\/\/stuttgarti-katolikusok.de\/index.php\/wp-json\/wp\/v2\/posts"}],"about":[{"href":"https:\/\/stuttgarti-katolikusok.de\/index.php\/wp-json\/wp\/v2\/types\/post"}],"author":[{"embeddable":true,"href":"https:\/\/stuttgarti-katolikusok.de\/index.php\/wp-json\/wp\/v2\/users\/3"}],"replies":[{"embeddable":true,"href":"https:\/\/stuttgarti-katolikusok.de\/index.php\/wp-json\/wp\/v2\/comments?post=12361"}],"version-history":[{"count":4,"href":"https:\/\/stuttgarti-katolikusok.de\/index.php\/wp-json\/wp\/v2\/posts\/12361\/revisions"}],"predecessor-version":[{"id":12469,"href":"https:\/\/stuttgarti-katolikusok.de\/index.php\/wp-json\/wp\/v2\/posts\/12361\/revisions\/12469"}],"wp:attachment":[{"href":"https:\/\/stuttgarti-katolikusok.de\/index.php\/wp-json\/wp\/v2\/media?parent=12361"}],"wp:term":[{"taxonomy":"category","embeddable":true,"href":"https:\/\/stuttgarti-katolikusok.de\/index.php\/wp-json\/wp\/v2\/categories?post=12361"},{"taxonomy":"post_tag","embeddable":true,"href":"https:\/\/stuttgarti-katolikusok.de\/index.php\/wp-json\/wp\/v2\/tags?post=12361"}],"curies":[{"name":"wp","href":"https:\/\/api.w.org\/{rel}","templated":true}]}}