{"id":12358,"date":"2017-07-03T05:16:12","date_gmt":"2017-07-03T05:16:12","guid":{"rendered":"https:\/\/gracious-dewdney.138-201-221-2.plesk.page\/?p=12358"},"modified":"2020-04-27T16:13:46","modified_gmt":"2020-04-27T16:13:46","slug":"meghivo-kis-zarandoklatra","status":"publish","type":"post","link":"https:\/\/stuttgarti-katolikusok.de\/index.php\/meghivo-kis-zarandoklatra\/","title":{"rendered":"Megh\u00edv\u00f3 kis-zar\u00e1ndoklatra"},"content":{"rendered":"<p>MEGH\u00cdV\u00d3<\/p>\n<p>A Szent Gell\u00e9rt Magyar Katolikus Egyh\u00e1zk\u00f6zs\u00e9g \u2013 r\u00e9gi szok\u00e1s\u00e1hoz h\u00edven \u2013 2017. j\u00falius 9-\u00e9n zar\u00e1ndoklatot szervez ez\u00fattal Ellwangenbe (Jagst), amelyre minden kedves h\u00edv\u00e9t szeretettel megh\u00edvja. K\u00fcl\u00f6n aut\u00f3buszokat ind\u00edtunk Stuttgartb\u00f3l \u00e9s Weingartenb\u0151l. Indul\u00e1s reggel 8.00 \u00f3rakor!<\/p>\n<p>Ellwangen W\u00fcrttemberg Ostalb j\u00e1r\u00e1s\u00e1ban fekszik, Aalent\u0151l 17 km-re, \u00e9szakra. A reform\u00e1ci\u00f3 ut\u00e1n kis szigetk\u00e9nt katolikus maradt.<\/p>\n<p>S\u0151t, 1806-t\u00f3l Baden-W\u00fcrttemberg legnagyobb katolikus egyh\u00e1zi k\u00f6zpontja volt k\u00fcl\u00f6n egyetemmel. Egy hajsz\u00e1l v\u00e1lasztotta el att\u00f3l, hogy a mai Rottenburg-Stuttgarti Egyh\u00e1zmegye k\u00f6zpontja legyen\u2026<\/p>\n<p>L\u00e1tnival\u00f3i k\u00f6z\u00e9 tartozik a kora-k\u00f6z\u00e9pkori Szent Vitus bazilika, a renesz\u00e1nsz kast\u00e9ly \u00e9s a Sch\u00f6nenbergi zar\u00e1ndoktemplom.<\/p>\n<p>Miut\u00e1n megn\u00e9zt\u00fck a v\u00e1rost, a Sch\u00f6nenbergkirche-ben (Sch\u00f6nenberg 42) 11.45 \u00f3rakor szentmis\u00e9t tartunk. Ut\u00e1na pedig k\u00f6z\u00f6s eb\u00e9d a magunkkal hozott elem\u00f3zsi\u00e1b\u00f3l, \u00e9s zar\u00e1ndokt\u00e1rsi egy\u00fcttl\u00e9t. A napot a templomban egy \u00fcnnep\u00e9lyes vecserny\u00e9vel z\u00e1rjuk, majd 16.00 \u00f3ra t\u00e1jt visszaindulunk.<\/p>\n<p>Mindenkit szeretettel v\u00e1runk!<\/p>\n<p>Jelentkezni Imre \u00e9s Tibor aty\u00e1kn\u00e1l lehet!<\/p>\n","protected":false},"excerpt":{"rendered":"<p>MEGH\u00cdV\u00d3 A Szent Gell\u00e9rt Magyar Katolikus Egyh\u00e1zk\u00f6zs\u00e9g \u2013 r\u00e9gi szok\u00e1s\u00e1hoz h\u00edven \u2013 2017. j\u00falius 9-\u00e9n zar\u00e1ndoklatot szervez ez\u00fattal Ellwangenbe (Jagst), amelyre minden kedves h\u00edv\u00e9t szeretettel megh\u00edvja. K\u00fcl\u00f6n aut\u00f3buszokat ind\u00edtunk Stuttgartb\u00f3l \u00e9s Weingartenb\u0151l. Indul\u00e1s reggel 8.00 \u00f3rakor! Ellwangen W\u00fcrttemberg Ostalb j\u00e1r\u00e1s\u00e1ban fekszik, Aalent\u0151l 17 km-re, \u00e9szakra. A reform\u00e1ci\u00f3 ut\u00e1n kis szigetk\u00e9nt katolikus maradt. S\u0151t, 1806-t\u00f3l Baden-W\u00fcrttemberg legnagyobb katolikus egyh\u00e1zi k\u00f6zpontja volt k\u00fcl\u00f6n egyetemmel. Egy hajsz\u00e1l v\u00e1lasztotta el att\u00f3l, hogy a mai Rottenburg-Stuttgarti Egyh\u00e1zmegye k\u00f6zpontja legyen\u2026 L\u00e1tnival\u00f3i k\u00f6z\u00e9 tartozik a kora-k\u00f6z\u00e9pkori Szent Vitus bazilika, a renesz\u00e1nsz kast\u00e9ly \u00e9s a Sch\u00f6nenbergi zar\u00e1ndoktemplom. Miut\u00e1n megn\u00e9zt\u00fck a v\u00e1rost, a Sch\u00f6nenbergkirche-ben (Sch\u00f6nenberg 42) 11.45 \u00f3rakor szentmis\u00e9t tartunk. Ut\u00e1na pedig k\u00f6z\u00f6s eb\u00e9d a magunkkal hozott elem\u00f3zsi\u00e1b\u00f3l, \u00e9s zar\u00e1ndokt\u00e1rsi egy\u00fcttl\u00e9t. A napot a templomban egy \u00fcnnep\u00e9lyes vecserny\u00e9vel z\u00e1rjuk, majd 16.00 \u00f3ra t\u00e1jt visszaindulunk. Mindenkit szeretettel v\u00e1runk! Jelentkezni Imre \u00e9s Tibor aty\u00e1kn\u00e1l lehet!<\/p>\n","protected":false},"author":3,"featured_media":0,"comment_status":"closed","ping_status":"closed","sticky":false,"template":"","format":"standard","meta":{"footnotes":""},"categories":[37],"tags":[],"class_list":["post-12358","post","type-post","status-publish","format-standard","hentry","category-progamelozetes"],"yoast_head":"<!-- This site is optimized with the Yoast SEO plugin v27.3 - https:\/\/yoast.com\/product\/yoast-seo-wordpress\/ -->\n<title>Megh\u00edv\u00f3 kis-zar\u00e1ndoklatra - Stuttgarti Katolikusok<\/title>\n<meta name=\"robots\" content=\"index, follow, max-snippet:-1, max-image-preview:large, max-video-preview:-1\" \/>\n<link rel=\"canonical\" href=\"https:\/\/stuttgarti-katolikusok.de\/index.php\/meghivo-kis-zarandoklatra\/\" \/>\n<meta property=\"og:locale\" content=\"hu_HU\" \/>\n<meta property=\"og:type\" content=\"article\" \/>\n<meta property=\"og:title\" content=\"Megh\u00edv\u00f3 kis-zar\u00e1ndoklatra - Stuttgarti Katolikusok\" \/>\n<meta property=\"og:description\" content=\"MEGH\u00cdV\u00d3 A Szent Gell\u00e9rt Magyar Katolikus Egyh\u00e1zk\u00f6zs\u00e9g \u2013 r\u00e9gi szok\u00e1s\u00e1hoz h\u00edven \u2013 2017. j\u00falius 9-\u00e9n zar\u00e1ndoklatot szervez ez\u00fattal Ellwangenbe (Jagst), amelyre minden kedves h\u00edv\u00e9t szeretettel megh\u00edvja. K\u00fcl\u00f6n aut\u00f3buszokat ind\u00edtunk Stuttgartb\u00f3l \u00e9s Weingartenb\u0151l. Indul\u00e1s reggel 8.00 \u00f3rakor! Ellwangen W\u00fcrttemberg Ostalb j\u00e1r\u00e1s\u00e1ban fekszik, Aalent\u0151l 17 km-re, \u00e9szakra. A reform\u00e1ci\u00f3 ut\u00e1n kis szigetk\u00e9nt katolikus maradt. S\u0151t, 1806-t\u00f3l Baden-W\u00fcrttemberg legnagyobb katolikus egyh\u00e1zi k\u00f6zpontja volt k\u00fcl\u00f6n egyetemmel. Egy hajsz\u00e1l v\u00e1lasztotta el att\u00f3l, hogy a mai Rottenburg-Stuttgarti Egyh\u00e1zmegye k\u00f6zpontja legyen\u2026 L\u00e1tnival\u00f3i k\u00f6z\u00e9 tartozik a kora-k\u00f6z\u00e9pkori Szent Vitus bazilika, a renesz\u00e1nsz kast\u00e9ly \u00e9s a Sch\u00f6nenbergi zar\u00e1ndoktemplom. Miut\u00e1n megn\u00e9zt\u00fck a v\u00e1rost, a Sch\u00f6nenbergkirche-ben (Sch\u00f6nenberg 42) 11.45 \u00f3rakor szentmis\u00e9t tartunk. Ut\u00e1na pedig k\u00f6z\u00f6s eb\u00e9d a magunkkal hozott elem\u00f3zsi\u00e1b\u00f3l, \u00e9s zar\u00e1ndokt\u00e1rsi egy\u00fcttl\u00e9t. A napot a templomban egy \u00fcnnep\u00e9lyes vecserny\u00e9vel z\u00e1rjuk, majd 16.00 \u00f3ra t\u00e1jt visszaindulunk. Mindenkit szeretettel v\u00e1runk! Jelentkezni Imre \u00e9s Tibor aty\u00e1kn\u00e1l lehet!\" \/>\n<meta property=\"og:url\" content=\"https:\/\/stuttgarti-katolikusok.de\/index.php\/meghivo-kis-zarandoklatra\/\" \/>\n<meta property=\"og:site_name\" content=\"Stuttgarti Katolikusok\" \/>\n<meta property=\"article:published_time\" content=\"2017-07-03T05:16:12+00:00\" \/>\n<meta property=\"article:modified_time\" content=\"2020-04-27T16:13:46+00:00\" \/>\n<meta name=\"author\" content=\"Tibor atya\" \/>\n<meta name=\"twitter:card\" content=\"summary_large_image\" \/>\n<meta name=\"twitter:label1\" content=\"Szerz\u0151:\" \/>\n\t<meta name=\"twitter:data1\" content=\"Tibor atya\" \/>\n\t<meta name=\"twitter:label2\" content=\"Becs\u00fclt olvas\u00e1si id\u0151\" \/>\n\t<meta name=\"twitter:data2\" content=\"1 perc\" \/>\n<script type=\"application\/ld+json\" class=\"yoast-schema-graph\">{\"@context\":\"https:\\\/\\\/schema.org\",\"@graph\":[{\"@type\":\"Article\",\"@id\":\"https:\\\/\\\/stuttgarti-katolikusok.de\\\/index.php\\\/meghivo-kis-zarandoklatra\\\/#article\",\"isPartOf\":{\"@id\":\"https:\\\/\\\/stuttgarti-katolikusok.de\\\/index.php\\\/meghivo-kis-zarandoklatra\\\/\"},\"author\":{\"name\":\"Tibor atya\",\"@id\":\"https:\\\/\\\/stuttgarti-katolikusok.de\\\/#\\\/schema\\\/person\\\/75908d6f8fdc03a57889d27209df7795\"},\"headline\":\"Megh\u00edv\u00f3 kis-zar\u00e1ndoklatra\",\"datePublished\":\"2017-07-03T05:16:12+00:00\",\"dateModified\":\"2020-04-27T16:13:46+00:00\",\"mainEntityOfPage\":{\"@id\":\"https:\\\/\\\/stuttgarti-katolikusok.de\\\/index.php\\\/meghivo-kis-zarandoklatra\\\/\"},\"wordCount\":207,\"articleSection\":[\"Progamel\u0151zetes\"],\"inLanguage\":\"hu\"},{\"@type\":\"WebPage\",\"@id\":\"https:\\\/\\\/stuttgarti-katolikusok.de\\\/index.php\\\/meghivo-kis-zarandoklatra\\\/\",\"url\":\"https:\\\/\\\/stuttgarti-katolikusok.de\\\/index.php\\\/meghivo-kis-zarandoklatra\\\/\",\"name\":\"Megh\u00edv\u00f3 kis-zar\u00e1ndoklatra - Stuttgarti Katolikusok\",\"isPartOf\":{\"@id\":\"https:\\\/\\\/stuttgarti-katolikusok.de\\\/#website\"},\"datePublished\":\"2017-07-03T05:16:12+00:00\",\"dateModified\":\"2020-04-27T16:13:46+00:00\",\"author\":{\"@id\":\"https:\\\/\\\/stuttgarti-katolikusok.de\\\/#\\\/schema\\\/person\\\/75908d6f8fdc03a57889d27209df7795\"},\"breadcrumb\":{\"@id\":\"https:\\\/\\\/stuttgarti-katolikusok.de\\\/index.php\\\/meghivo-kis-zarandoklatra\\\/#breadcrumb\"},\"inLanguage\":\"hu\",\"potentialAction\":[{\"@type\":\"ReadAction\",\"target\":[\"https:\\\/\\\/stuttgarti-katolikusok.de\\\/index.php\\\/meghivo-kis-zarandoklatra\\\/\"]}]},{\"@type\":\"BreadcrumbList\",\"@id\":\"https:\\\/\\\/stuttgarti-katolikusok.de\\\/index.php\\\/meghivo-kis-zarandoklatra\\\/#breadcrumb\",\"itemListElement\":[{\"@type\":\"ListItem\",\"position\":1,\"name\":\"Kezd\u0151lap\",\"item\":\"https:\\\/\\\/stuttgarti-katolikusok.de\\\/\"},{\"@type\":\"ListItem\",\"position\":2,\"name\":\"Megh\u00edv\u00f3 kis-zar\u00e1ndoklatra\"}]},{\"@type\":\"WebSite\",\"@id\":\"https:\\\/\\\/stuttgarti-katolikusok.de\\\/#website\",\"url\":\"https:\\\/\\\/stuttgarti-katolikusok.de\\\/\",\"name\":\"Stuttgarti Katolikusok\",\"description\":\"\",\"potentialAction\":[{\"@type\":\"SearchAction\",\"target\":{\"@type\":\"EntryPoint\",\"urlTemplate\":\"https:\\\/\\\/stuttgarti-katolikusok.de\\\/?s={search_term_string}\"},\"query-input\":{\"@type\":\"PropertyValueSpecification\",\"valueRequired\":true,\"valueName\":\"search_term_string\"}}],\"inLanguage\":\"hu\"},{\"@type\":\"Person\",\"@id\":\"https:\\\/\\\/stuttgarti-katolikusok.de\\\/#\\\/schema\\\/person\\\/75908d6f8fdc03a57889d27209df7795\",\"name\":\"Tibor atya\",\"image\":{\"@type\":\"ImageObject\",\"inLanguage\":\"hu\",\"@id\":\"https:\\\/\\\/secure.gravatar.com\\\/avatar\\\/61d268e57d1f4525b111222e29d2d5a7f8c420fdbf231ba5566a8ceac74fa960?s=96&d=mm&r=g\",\"url\":\"https:\\\/\\\/secure.gravatar.com\\\/avatar\\\/61d268e57d1f4525b111222e29d2d5a7f8c420fdbf231ba5566a8ceac74fa960?s=96&d=mm&r=g\",\"contentUrl\":\"https:\\\/\\\/secure.gravatar.com\\\/avatar\\\/61d268e57d1f4525b111222e29d2d5a7f8c420fdbf231ba5566a8ceac74fa960?s=96&d=mm&r=g\",\"caption\":\"Tibor atya\"},\"url\":\"https:\\\/\\\/stuttgarti-katolikusok.de\\\/index.php\\\/author\\\/tibor-atya\\\/\"}]}<\/script>\n<!-- \/ Yoast SEO plugin. -->","yoast_head_json":{"title":"Megh\u00edv\u00f3 kis-zar\u00e1ndoklatra - Stuttgarti Katolikusok","robots":{"index":"index","follow":"follow","max-snippet":"max-snippet:-1","max-image-preview":"max-image-preview:large","max-video-preview":"max-video-preview:-1"},"canonical":"https:\/\/stuttgarti-katolikusok.de\/index.php\/meghivo-kis-zarandoklatra\/","og_locale":"hu_HU","og_type":"article","og_title":"Megh\u00edv\u00f3 kis-zar\u00e1ndoklatra - Stuttgarti Katolikusok","og_description":"MEGH\u00cdV\u00d3 A Szent Gell\u00e9rt Magyar Katolikus Egyh\u00e1zk\u00f6zs\u00e9g \u2013 r\u00e9gi szok\u00e1s\u00e1hoz h\u00edven \u2013 2017. j\u00falius 9-\u00e9n zar\u00e1ndoklatot szervez ez\u00fattal Ellwangenbe (Jagst), amelyre minden kedves h\u00edv\u00e9t szeretettel megh\u00edvja. K\u00fcl\u00f6n aut\u00f3buszokat ind\u00edtunk Stuttgartb\u00f3l \u00e9s Weingartenb\u0151l. Indul\u00e1s reggel 8.00 \u00f3rakor! Ellwangen W\u00fcrttemberg Ostalb j\u00e1r\u00e1s\u00e1ban fekszik, Aalent\u0151l 17 km-re, \u00e9szakra. A reform\u00e1ci\u00f3 ut\u00e1n kis szigetk\u00e9nt katolikus maradt. S\u0151t, 1806-t\u00f3l Baden-W\u00fcrttemberg legnagyobb katolikus egyh\u00e1zi k\u00f6zpontja volt k\u00fcl\u00f6n egyetemmel. Egy hajsz\u00e1l v\u00e1lasztotta el att\u00f3l, hogy a mai Rottenburg-Stuttgarti Egyh\u00e1zmegye k\u00f6zpontja legyen\u2026 L\u00e1tnival\u00f3i k\u00f6z\u00e9 tartozik a kora-k\u00f6z\u00e9pkori Szent Vitus bazilika, a renesz\u00e1nsz kast\u00e9ly \u00e9s a Sch\u00f6nenbergi zar\u00e1ndoktemplom. Miut\u00e1n megn\u00e9zt\u00fck a v\u00e1rost, a Sch\u00f6nenbergkirche-ben (Sch\u00f6nenberg 42) 11.45 \u00f3rakor szentmis\u00e9t tartunk. Ut\u00e1na pedig k\u00f6z\u00f6s eb\u00e9d a magunkkal hozott elem\u00f3zsi\u00e1b\u00f3l, \u00e9s zar\u00e1ndokt\u00e1rsi egy\u00fcttl\u00e9t. A napot a templomban egy \u00fcnnep\u00e9lyes vecserny\u00e9vel z\u00e1rjuk, majd 16.00 \u00f3ra t\u00e1jt visszaindulunk. Mindenkit szeretettel v\u00e1runk! Jelentkezni Imre \u00e9s Tibor aty\u00e1kn\u00e1l lehet!","og_url":"https:\/\/stuttgarti-katolikusok.de\/index.php\/meghivo-kis-zarandoklatra\/","og_site_name":"Stuttgarti Katolikusok","article_published_time":"2017-07-03T05:16:12+00:00","article_modified_time":"2020-04-27T16:13:46+00:00","author":"Tibor atya","twitter_card":"summary_large_image","twitter_misc":{"Szerz\u0151:":"Tibor atya","Becs\u00fclt olvas\u00e1si id\u0151":"1 perc"},"schema":{"@context":"https:\/\/schema.org","@graph":[{"@type":"Article","@id":"https:\/\/stuttgarti-katolikusok.de\/index.php\/meghivo-kis-zarandoklatra\/#article","isPartOf":{"@id":"https:\/\/stuttgarti-katolikusok.de\/index.php\/meghivo-kis-zarandoklatra\/"},"author":{"name":"Tibor atya","@id":"https:\/\/stuttgarti-katolikusok.de\/#\/schema\/person\/75908d6f8fdc03a57889d27209df7795"},"headline":"Megh\u00edv\u00f3 kis-zar\u00e1ndoklatra","datePublished":"2017-07-03T05:16:12+00:00","dateModified":"2020-04-27T16:13:46+00:00","mainEntityOfPage":{"@id":"https:\/\/stuttgarti-katolikusok.de\/index.php\/meghivo-kis-zarandoklatra\/"},"wordCount":207,"articleSection":["Progamel\u0151zetes"],"inLanguage":"hu"},{"@type":"WebPage","@id":"https:\/\/stuttgarti-katolikusok.de\/index.php\/meghivo-kis-zarandoklatra\/","url":"https:\/\/stuttgarti-katolikusok.de\/index.php\/meghivo-kis-zarandoklatra\/","name":"Megh\u00edv\u00f3 kis-zar\u00e1ndoklatra - Stuttgarti Katolikusok","isPartOf":{"@id":"https:\/\/stuttgarti-katolikusok.de\/#website"},"datePublished":"2017-07-03T05:16:12+00:00","dateModified":"2020-04-27T16:13:46+00:00","author":{"@id":"https:\/\/stuttgarti-katolikusok.de\/#\/schema\/person\/75908d6f8fdc03a57889d27209df7795"},"breadcrumb":{"@id":"https:\/\/stuttgarti-katolikusok.de\/index.php\/meghivo-kis-zarandoklatra\/#breadcrumb"},"inLanguage":"hu","potentialAction":[{"@type":"ReadAction","target":["https:\/\/stuttgarti-katolikusok.de\/index.php\/meghivo-kis-zarandoklatra\/"]}]},{"@type":"BreadcrumbList","@id":"https:\/\/stuttgarti-katolikusok.de\/index.php\/meghivo-kis-zarandoklatra\/#breadcrumb","itemListElement":[{"@type":"ListItem","position":1,"name":"Kezd\u0151lap","item":"https:\/\/stuttgarti-katolikusok.de\/"},{"@type":"ListItem","position":2,"name":"Megh\u00edv\u00f3 kis-zar\u00e1ndoklatra"}]},{"@type":"WebSite","@id":"https:\/\/stuttgarti-katolikusok.de\/#website","url":"https:\/\/stuttgarti-katolikusok.de\/","name":"Stuttgarti Katolikusok","description":"","potentialAction":[{"@type":"SearchAction","target":{"@type":"EntryPoint","urlTemplate":"https:\/\/stuttgarti-katolikusok.de\/?s={search_term_string}"},"query-input":{"@type":"PropertyValueSpecification","valueRequired":true,"valueName":"search_term_string"}}],"inLanguage":"hu"},{"@type":"Person","@id":"https:\/\/stuttgarti-katolikusok.de\/#\/schema\/person\/75908d6f8fdc03a57889d27209df7795","name":"Tibor atya","image":{"@type":"ImageObject","inLanguage":"hu","@id":"https:\/\/secure.gravatar.com\/avatar\/61d268e57d1f4525b111222e29d2d5a7f8c420fdbf231ba5566a8ceac74fa960?s=96&d=mm&r=g","url":"https:\/\/secure.gravatar.com\/avatar\/61d268e57d1f4525b111222e29d2d5a7f8c420fdbf231ba5566a8ceac74fa960?s=96&d=mm&r=g","contentUrl":"https:\/\/secure.gravatar.com\/avatar\/61d268e57d1f4525b111222e29d2d5a7f8c420fdbf231ba5566a8ceac74fa960?s=96&d=mm&r=g","caption":"Tibor atya"},"url":"https:\/\/stuttgarti-katolikusok.de\/index.php\/author\/tibor-atya\/"}]}},"_links":{"self":[{"href":"https:\/\/stuttgarti-katolikusok.de\/index.php\/wp-json\/wp\/v2\/posts\/12358","targetHints":{"allow":["GET"]}}],"collection":[{"href":"https:\/\/stuttgarti-katolikusok.de\/index.php\/wp-json\/wp\/v2\/posts"}],"about":[{"href":"https:\/\/stuttgarti-katolikusok.de\/index.php\/wp-json\/wp\/v2\/types\/post"}],"author":[{"embeddable":true,"href":"https:\/\/stuttgarti-katolikusok.de\/index.php\/wp-json\/wp\/v2\/users\/3"}],"replies":[{"embeddable":true,"href":"https:\/\/stuttgarti-katolikusok.de\/index.php\/wp-json\/wp\/v2\/comments?post=12358"}],"version-history":[{"count":1,"href":"https:\/\/stuttgarti-katolikusok.de\/index.php\/wp-json\/wp\/v2\/posts\/12358\/revisions"}],"predecessor-version":[{"id":12360,"href":"https:\/\/stuttgarti-katolikusok.de\/index.php\/wp-json\/wp\/v2\/posts\/12358\/revisions\/12360"}],"wp:attachment":[{"href":"https:\/\/stuttgarti-katolikusok.de\/index.php\/wp-json\/wp\/v2\/media?parent=12358"}],"wp:term":[{"taxonomy":"category","embeddable":true,"href":"https:\/\/stuttgarti-katolikusok.de\/index.php\/wp-json\/wp\/v2\/categories?post=12358"},{"taxonomy":"post_tag","embeddable":true,"href":"https:\/\/stuttgarti-katolikusok.de\/index.php\/wp-json\/wp\/v2\/tags?post=12358"}],"curies":[{"name":"wp","href":"https:\/\/api.w.org\/{rel}","templated":true}]}}