{"id":12294,"date":"2017-06-26T10:05:05","date_gmt":"2017-06-26T10:05:05","guid":{"rendered":"https:\/\/gracious-dewdney.138-201-221-2.plesk.page\/?p=12294"},"modified":"2020-04-27T16:13:31","modified_gmt":"2020-04-27T16:13:31","slug":"csaladi-nap-a-barensee-mellett","status":"publish","type":"post","link":"https:\/\/stuttgarti-katolikusok.de\/index.php\/csaladi-nap-a-barensee-mellett\/","title":{"rendered":"Csal\u00e1di Nap a B\u00e4rensee mellett&#8230;"},"content":{"rendered":"<p><strong>C S A L \u00c1 D I\u00a0 \u00a0N A P<\/strong><\/p>\n<ol start=\"2017\">\n<li><strong> J\u00daLIUS 02., VAS\u00c1RNAP<\/strong><\/li>\n<\/ol>\n<p><em>Stuttgart \u2013 B\u00e4rensee<\/em><\/p>\n<p>&nbsp;<\/p>\n<p><strong>PROGRAM:<\/strong><\/p>\n<p>9.30-kor katolikus t\u00e1bori szentmise.<\/p>\n<p>10.00 \u00f3r\u00e1t\u00f3l napestig j\u00e1t\u00e9kok \u00e9s versenyek gyerekeknek \u00e9s feln\u0151tteknek egyar\u00e1nt:<\/p>\n<p>foci- \u00e9s r\u00f6plabda bajnoks\u00e1g,<\/p>\n<p>Ki mit tud?,<\/p>\n<p>t\u00f6rt\u00e9nelmi \u00e9s kult\u00far\u00e1lis vet\u00e9lked\u0151&#8230;<\/p>\n<p>\u2026 \u00e9s mindez magyarul!<\/p>\n<p>Gyertek el, legy\u00fcnk egy\u00fctt, ismerj\u00fck meg egym\u00e1st \u00e9s \u00e9rezz\u00fck j\u00f3l magunkat!<\/p>\n<p><strong>HOZAND\u00d3<\/strong><\/p>\n<p>Ki mit szeret enni-inni \u00e9s cipelni! (sz\u00e9k, asztal), megfelel\u0151 ruh\u00e1zat \u00e9s l\u00e1bbeli.<\/p>\n<p>Grillez\u00e9s, a t\u0171zvesz\u00e9ly miatt, nem lehets\u00e9ges, ez\u00e9rt k\u00e9sz \u00e9teleket hozzatok magatokkal!<\/p>\n<p>Mindenkit nagy szeretettel v\u00e1r a<\/p>\n<p><strong>A STUTTGARTI MAGYAROK SZ\u00d6VETS\u00c9GE<\/strong><\/p>\n<p>(Baranta, Cserk\u00e9szek, Hunnia Bar\u00e1ti K\u00f6r, Katolikus Egyh\u00e1zk\u00f6zs\u00e9g, Napvir\u00e1g Kult\u00faregyes\u00fclet, Magyar \u00d3voda Egyes\u00fclet)!<\/p>\n<p><strong>\u00daTLE\u00cdR\u00c1S<\/strong><\/p>\n<p>Stuttgart ir\u00e1ny\u00e1b\u00f3l a B14-es \u00faton az alag\u00faton \u00e1t a Schattenringn\u00e9l (2. kij\u00e1r\u00f3) Magstadt fel\u00e9 megy\u00fcnk a Magstadterstr.-\u00e9n. Ott mindj\u00e1rt a k\u00f6rforg\u00f3b\u00f3l kimegy\u00fcnk \u00e9s megpr\u00f3b\u00e1lunk parkolni. Mivel a parkol\u00f3hely kev\u00e9s, lehet, hogy egy kicsivel tov\u00e1bb kell menni. Innen kb 800m-t kell m\u00e9g gyalogolni a tiszt\u00e1sig, mik\u00f6zben a B\u00e4renschl\u00f6ssle-t (balra) elhagyjuk!<\/p>\n<p>Aki a Parkplatz Solitudetor-n\u00e1l parkol, az pedig induljon egyenesen a B\u00e4renschl\u00f6\u00dfle ir\u00e1ny\u00e1ba.<\/p>\n<p>A t\u00e9rk\u00e9pet l\u00e1sd: https:\/\/www.google.de\/maps\/place\/B%C3%A4rensee\/@48.7756951,9.0909493,17z\/data=!4m5!3m4!1s0x4799dc087b314d67:0x83f424594ec21230!8m2!3d48.7615512!4d9.0887795<\/p>\n","protected":false},"excerpt":{"rendered":"<p>C S A L \u00c1 D I\u00a0 \u00a0N A P J\u00daLIUS 02., VAS\u00c1RNAP Stuttgart \u2013 B\u00e4rensee &nbsp; PROGRAM: 9.30-kor katolikus t\u00e1bori szentmise. 10.00 \u00f3r\u00e1t\u00f3l napestig j\u00e1t\u00e9kok \u00e9s versenyek gyerekeknek \u00e9s feln\u0151tteknek egyar\u00e1nt: foci- \u00e9s r\u00f6plabda bajnoks\u00e1g, Ki mit tud?, t\u00f6rt\u00e9nelmi \u00e9s kult\u00far\u00e1lis vet\u00e9lked\u0151&#8230; \u2026 \u00e9s mindez magyarul! Gyertek el, legy\u00fcnk egy\u00fctt, ismerj\u00fck meg egym\u00e1st \u00e9s \u00e9rezz\u00fck j\u00f3l magunkat! HOZAND\u00d3 Ki mit szeret enni-inni \u00e9s cipelni! (sz\u00e9k, asztal), megfelel\u0151 ruh\u00e1zat \u00e9s l\u00e1bbeli. Grillez\u00e9s, a t\u0171zvesz\u00e9ly miatt, nem lehets\u00e9ges, ez\u00e9rt k\u00e9sz \u00e9teleket hozzatok magatokkal! Mindenkit nagy szeretettel v\u00e1r a A STUTTGARTI MAGYAROK SZ\u00d6VETS\u00c9GE (Baranta, Cserk\u00e9szek, Hunnia Bar\u00e1ti K\u00f6r, Katolikus Egyh\u00e1zk\u00f6zs\u00e9g, Napvir\u00e1g Kult\u00faregyes\u00fclet, Magyar \u00d3voda Egyes\u00fclet)! \u00daTLE\u00cdR\u00c1S Stuttgart ir\u00e1ny\u00e1b\u00f3l a B14-es \u00faton az alag\u00faton \u00e1t a Schattenringn\u00e9l (2. kij\u00e1r\u00f3) Magstadt fel\u00e9 megy\u00fcnk a Magstadterstr.-\u00e9n. Ott mindj\u00e1rt a k\u00f6rforg\u00f3b\u00f3l kimegy\u00fcnk \u00e9s megpr\u00f3b\u00e1lunk parkolni. Mivel a parkol\u00f3hely kev\u00e9s, lehet, hogy egy kicsivel tov\u00e1bb kell menni. Innen kb 800m-t kell m\u00e9g gyalogolni a tiszt\u00e1sig, mik\u00f6zben a B\u00e4renschl\u00f6ssle-t (balra) elhagyjuk! Aki a Parkplatz Solitudetor-n\u00e1l parkol, az pedig induljon egyenesen a B\u00e4renschl\u00f6\u00dfle ir\u00e1ny\u00e1ba. A t\u00e9rk\u00e9pet l\u00e1sd: https:\/\/www.google.de\/maps\/place\/B%C3%A4rensee\/@48.7756951,9.0909493,17z\/data=!4m5!3m4!1s0x4799dc087b314d67:0x83f424594ec21230!8m2!3d48.7615512!4d9.0887795<\/p>\n","protected":false},"author":3,"featured_media":0,"comment_status":"closed","ping_status":"closed","sticky":false,"template":"","format":"standard","meta":{"footnotes":""},"categories":[37],"tags":[],"class_list":["post-12294","post","type-post","status-publish","format-standard","hentry","category-progamelozetes"],"yoast_head":"<!-- This site is optimized with the Yoast SEO plugin v27.3 - https:\/\/yoast.com\/product\/yoast-seo-wordpress\/ -->\n<title>Csal\u00e1di Nap a B\u00e4rensee mellett... - Stuttgarti Katolikusok<\/title>\n<meta name=\"robots\" content=\"index, follow, max-snippet:-1, max-image-preview:large, max-video-preview:-1\" \/>\n<link rel=\"canonical\" href=\"https:\/\/stuttgarti-katolikusok.de\/index.php\/csaladi-nap-a-barensee-mellett\/\" \/>\n<meta property=\"og:locale\" content=\"hu_HU\" \/>\n<meta property=\"og:type\" content=\"article\" \/>\n<meta property=\"og:title\" content=\"Csal\u00e1di Nap a B\u00e4rensee mellett... - Stuttgarti Katolikusok\" \/>\n<meta property=\"og:description\" content=\"C S A L \u00c1 D I\u00a0 \u00a0N A P J\u00daLIUS 02., VAS\u00c1RNAP Stuttgart \u2013 B\u00e4rensee &nbsp; PROGRAM: 9.30-kor katolikus t\u00e1bori szentmise. 10.00 \u00f3r\u00e1t\u00f3l napestig j\u00e1t\u00e9kok \u00e9s versenyek gyerekeknek \u00e9s feln\u0151tteknek egyar\u00e1nt: foci- \u00e9s r\u00f6plabda bajnoks\u00e1g, Ki mit tud?, t\u00f6rt\u00e9nelmi \u00e9s kult\u00far\u00e1lis vet\u00e9lked\u0151&#8230; \u2026 \u00e9s mindez magyarul! Gyertek el, legy\u00fcnk egy\u00fctt, ismerj\u00fck meg egym\u00e1st \u00e9s \u00e9rezz\u00fck j\u00f3l magunkat! HOZAND\u00d3 Ki mit szeret enni-inni \u00e9s cipelni! (sz\u00e9k, asztal), megfelel\u0151 ruh\u00e1zat \u00e9s l\u00e1bbeli. Grillez\u00e9s, a t\u0171zvesz\u00e9ly miatt, nem lehets\u00e9ges, ez\u00e9rt k\u00e9sz \u00e9teleket hozzatok magatokkal! Mindenkit nagy szeretettel v\u00e1r a A STUTTGARTI MAGYAROK SZ\u00d6VETS\u00c9GE (Baranta, Cserk\u00e9szek, Hunnia Bar\u00e1ti K\u00f6r, Katolikus Egyh\u00e1zk\u00f6zs\u00e9g, Napvir\u00e1g Kult\u00faregyes\u00fclet, Magyar \u00d3voda Egyes\u00fclet)! \u00daTLE\u00cdR\u00c1S Stuttgart ir\u00e1ny\u00e1b\u00f3l a B14-es \u00faton az alag\u00faton \u00e1t a Schattenringn\u00e9l (2. kij\u00e1r\u00f3) Magstadt fel\u00e9 megy\u00fcnk a Magstadterstr.-\u00e9n. Ott mindj\u00e1rt a k\u00f6rforg\u00f3b\u00f3l kimegy\u00fcnk \u00e9s megpr\u00f3b\u00e1lunk parkolni. Mivel a parkol\u00f3hely kev\u00e9s, lehet, hogy egy kicsivel tov\u00e1bb kell menni. Innen kb 800m-t kell m\u00e9g gyalogolni a tiszt\u00e1sig, mik\u00f6zben a B\u00e4renschl\u00f6ssle-t (balra) elhagyjuk! Aki a Parkplatz Solitudetor-n\u00e1l parkol, az pedig induljon egyenesen a B\u00e4renschl\u00f6\u00dfle ir\u00e1ny\u00e1ba. A t\u00e9rk\u00e9pet l\u00e1sd: https:\/\/www.google.de\/maps\/place\/B%C3%A4rensee\/@48.7756951,9.0909493,17z\/data=!4m5!3m4!1s0x4799dc087b314d67:0x83f424594ec21230!8m2!3d48.7615512!4d9.0887795\" \/>\n<meta property=\"og:url\" content=\"https:\/\/stuttgarti-katolikusok.de\/index.php\/csaladi-nap-a-barensee-mellett\/\" \/>\n<meta property=\"og:site_name\" content=\"Stuttgarti Katolikusok\" \/>\n<meta property=\"article:published_time\" content=\"2017-06-26T10:05:05+00:00\" \/>\n<meta property=\"article:modified_time\" content=\"2020-04-27T16:13:31+00:00\" \/>\n<meta name=\"author\" content=\"Tibor atya\" \/>\n<meta name=\"twitter:card\" content=\"summary_large_image\" \/>\n<meta name=\"twitter:label1\" content=\"Szerz\u0151:\" \/>\n\t<meta name=\"twitter:data1\" content=\"Tibor atya\" \/>\n\t<meta name=\"twitter:label2\" content=\"Becs\u00fclt olvas\u00e1si id\u0151\" \/>\n\t<meta name=\"twitter:data2\" content=\"1 perc\" \/>\n<script type=\"application\/ld+json\" class=\"yoast-schema-graph\">{\"@context\":\"https:\\\/\\\/schema.org\",\"@graph\":[{\"@type\":\"Article\",\"@id\":\"https:\\\/\\\/stuttgarti-katolikusok.de\\\/index.php\\\/csaladi-nap-a-barensee-mellett\\\/#article\",\"isPartOf\":{\"@id\":\"https:\\\/\\\/stuttgarti-katolikusok.de\\\/index.php\\\/csaladi-nap-a-barensee-mellett\\\/\"},\"author\":{\"name\":\"Tibor atya\",\"@id\":\"https:\\\/\\\/stuttgarti-katolikusok.de\\\/#\\\/schema\\\/person\\\/75908d6f8fdc03a57889d27209df7795\"},\"headline\":\"Csal\u00e1di Nap a B\u00e4rensee mellett&#8230;\",\"datePublished\":\"2017-06-26T10:05:05+00:00\",\"dateModified\":\"2020-04-27T16:13:31+00:00\",\"mainEntityOfPage\":{\"@id\":\"https:\\\/\\\/stuttgarti-katolikusok.de\\\/index.php\\\/csaladi-nap-a-barensee-mellett\\\/\"},\"wordCount\":274,\"articleSection\":[\"Progamel\u0151zetes\"],\"inLanguage\":\"hu\"},{\"@type\":\"WebPage\",\"@id\":\"https:\\\/\\\/stuttgarti-katolikusok.de\\\/index.php\\\/csaladi-nap-a-barensee-mellett\\\/\",\"url\":\"https:\\\/\\\/stuttgarti-katolikusok.de\\\/index.php\\\/csaladi-nap-a-barensee-mellett\\\/\",\"name\":\"Csal\u00e1di Nap a B\u00e4rensee mellett... - Stuttgarti Katolikusok\",\"isPartOf\":{\"@id\":\"https:\\\/\\\/stuttgarti-katolikusok.de\\\/#website\"},\"datePublished\":\"2017-06-26T10:05:05+00:00\",\"dateModified\":\"2020-04-27T16:13:31+00:00\",\"author\":{\"@id\":\"https:\\\/\\\/stuttgarti-katolikusok.de\\\/#\\\/schema\\\/person\\\/75908d6f8fdc03a57889d27209df7795\"},\"breadcrumb\":{\"@id\":\"https:\\\/\\\/stuttgarti-katolikusok.de\\\/index.php\\\/csaladi-nap-a-barensee-mellett\\\/#breadcrumb\"},\"inLanguage\":\"hu\",\"potentialAction\":[{\"@type\":\"ReadAction\",\"target\":[\"https:\\\/\\\/stuttgarti-katolikusok.de\\\/index.php\\\/csaladi-nap-a-barensee-mellett\\\/\"]}]},{\"@type\":\"BreadcrumbList\",\"@id\":\"https:\\\/\\\/stuttgarti-katolikusok.de\\\/index.php\\\/csaladi-nap-a-barensee-mellett\\\/#breadcrumb\",\"itemListElement\":[{\"@type\":\"ListItem\",\"position\":1,\"name\":\"Kezd\u0151lap\",\"item\":\"https:\\\/\\\/stuttgarti-katolikusok.de\\\/\"},{\"@type\":\"ListItem\",\"position\":2,\"name\":\"Csal\u00e1di Nap a B\u00e4rensee mellett&#8230;\"}]},{\"@type\":\"WebSite\",\"@id\":\"https:\\\/\\\/stuttgarti-katolikusok.de\\\/#website\",\"url\":\"https:\\\/\\\/stuttgarti-katolikusok.de\\\/\",\"name\":\"Stuttgarti Katolikusok\",\"description\":\"\",\"potentialAction\":[{\"@type\":\"SearchAction\",\"target\":{\"@type\":\"EntryPoint\",\"urlTemplate\":\"https:\\\/\\\/stuttgarti-katolikusok.de\\\/?s={search_term_string}\"},\"query-input\":{\"@type\":\"PropertyValueSpecification\",\"valueRequired\":true,\"valueName\":\"search_term_string\"}}],\"inLanguage\":\"hu\"},{\"@type\":\"Person\",\"@id\":\"https:\\\/\\\/stuttgarti-katolikusok.de\\\/#\\\/schema\\\/person\\\/75908d6f8fdc03a57889d27209df7795\",\"name\":\"Tibor atya\",\"image\":{\"@type\":\"ImageObject\",\"inLanguage\":\"hu\",\"@id\":\"https:\\\/\\\/secure.gravatar.com\\\/avatar\\\/61d268e57d1f4525b111222e29d2d5a7f8c420fdbf231ba5566a8ceac74fa960?s=96&d=mm&r=g\",\"url\":\"https:\\\/\\\/secure.gravatar.com\\\/avatar\\\/61d268e57d1f4525b111222e29d2d5a7f8c420fdbf231ba5566a8ceac74fa960?s=96&d=mm&r=g\",\"contentUrl\":\"https:\\\/\\\/secure.gravatar.com\\\/avatar\\\/61d268e57d1f4525b111222e29d2d5a7f8c420fdbf231ba5566a8ceac74fa960?s=96&d=mm&r=g\",\"caption\":\"Tibor atya\"},\"url\":\"https:\\\/\\\/stuttgarti-katolikusok.de\\\/index.php\\\/author\\\/tibor-atya\\\/\"}]}<\/script>\n<!-- \/ Yoast SEO plugin. -->","yoast_head_json":{"title":"Csal\u00e1di Nap a B\u00e4rensee mellett... - Stuttgarti Katolikusok","robots":{"index":"index","follow":"follow","max-snippet":"max-snippet:-1","max-image-preview":"max-image-preview:large","max-video-preview":"max-video-preview:-1"},"canonical":"https:\/\/stuttgarti-katolikusok.de\/index.php\/csaladi-nap-a-barensee-mellett\/","og_locale":"hu_HU","og_type":"article","og_title":"Csal\u00e1di Nap a B\u00e4rensee mellett... - Stuttgarti Katolikusok","og_description":"C S A L \u00c1 D I\u00a0 \u00a0N A P J\u00daLIUS 02., VAS\u00c1RNAP Stuttgart \u2013 B\u00e4rensee &nbsp; PROGRAM: 9.30-kor katolikus t\u00e1bori szentmise. 10.00 \u00f3r\u00e1t\u00f3l napestig j\u00e1t\u00e9kok \u00e9s versenyek gyerekeknek \u00e9s feln\u0151tteknek egyar\u00e1nt: foci- \u00e9s r\u00f6plabda bajnoks\u00e1g, Ki mit tud?, t\u00f6rt\u00e9nelmi \u00e9s kult\u00far\u00e1lis vet\u00e9lked\u0151&#8230; \u2026 \u00e9s mindez magyarul! Gyertek el, legy\u00fcnk egy\u00fctt, ismerj\u00fck meg egym\u00e1st \u00e9s \u00e9rezz\u00fck j\u00f3l magunkat! HOZAND\u00d3 Ki mit szeret enni-inni \u00e9s cipelni! (sz\u00e9k, asztal), megfelel\u0151 ruh\u00e1zat \u00e9s l\u00e1bbeli. Grillez\u00e9s, a t\u0171zvesz\u00e9ly miatt, nem lehets\u00e9ges, ez\u00e9rt k\u00e9sz \u00e9teleket hozzatok magatokkal! Mindenkit nagy szeretettel v\u00e1r a A STUTTGARTI MAGYAROK SZ\u00d6VETS\u00c9GE (Baranta, Cserk\u00e9szek, Hunnia Bar\u00e1ti K\u00f6r, Katolikus Egyh\u00e1zk\u00f6zs\u00e9g, Napvir\u00e1g Kult\u00faregyes\u00fclet, Magyar \u00d3voda Egyes\u00fclet)! \u00daTLE\u00cdR\u00c1S Stuttgart ir\u00e1ny\u00e1b\u00f3l a B14-es \u00faton az alag\u00faton \u00e1t a Schattenringn\u00e9l (2. kij\u00e1r\u00f3) Magstadt fel\u00e9 megy\u00fcnk a Magstadterstr.-\u00e9n. Ott mindj\u00e1rt a k\u00f6rforg\u00f3b\u00f3l kimegy\u00fcnk \u00e9s megpr\u00f3b\u00e1lunk parkolni. Mivel a parkol\u00f3hely kev\u00e9s, lehet, hogy egy kicsivel tov\u00e1bb kell menni. Innen kb 800m-t kell m\u00e9g gyalogolni a tiszt\u00e1sig, mik\u00f6zben a B\u00e4renschl\u00f6ssle-t (balra) elhagyjuk! Aki a Parkplatz Solitudetor-n\u00e1l parkol, az pedig induljon egyenesen a B\u00e4renschl\u00f6\u00dfle ir\u00e1ny\u00e1ba. A t\u00e9rk\u00e9pet l\u00e1sd: https:\/\/www.google.de\/maps\/place\/B%C3%A4rensee\/@48.7756951,9.0909493,17z\/data=!4m5!3m4!1s0x4799dc087b314d67:0x83f424594ec21230!8m2!3d48.7615512!4d9.0887795","og_url":"https:\/\/stuttgarti-katolikusok.de\/index.php\/csaladi-nap-a-barensee-mellett\/","og_site_name":"Stuttgarti Katolikusok","article_published_time":"2017-06-26T10:05:05+00:00","article_modified_time":"2020-04-27T16:13:31+00:00","author":"Tibor atya","twitter_card":"summary_large_image","twitter_misc":{"Szerz\u0151:":"Tibor atya","Becs\u00fclt olvas\u00e1si id\u0151":"1 perc"},"schema":{"@context":"https:\/\/schema.org","@graph":[{"@type":"Article","@id":"https:\/\/stuttgarti-katolikusok.de\/index.php\/csaladi-nap-a-barensee-mellett\/#article","isPartOf":{"@id":"https:\/\/stuttgarti-katolikusok.de\/index.php\/csaladi-nap-a-barensee-mellett\/"},"author":{"name":"Tibor atya","@id":"https:\/\/stuttgarti-katolikusok.de\/#\/schema\/person\/75908d6f8fdc03a57889d27209df7795"},"headline":"Csal\u00e1di Nap a B\u00e4rensee mellett&#8230;","datePublished":"2017-06-26T10:05:05+00:00","dateModified":"2020-04-27T16:13:31+00:00","mainEntityOfPage":{"@id":"https:\/\/stuttgarti-katolikusok.de\/index.php\/csaladi-nap-a-barensee-mellett\/"},"wordCount":274,"articleSection":["Progamel\u0151zetes"],"inLanguage":"hu"},{"@type":"WebPage","@id":"https:\/\/stuttgarti-katolikusok.de\/index.php\/csaladi-nap-a-barensee-mellett\/","url":"https:\/\/stuttgarti-katolikusok.de\/index.php\/csaladi-nap-a-barensee-mellett\/","name":"Csal\u00e1di Nap a B\u00e4rensee mellett... - Stuttgarti Katolikusok","isPartOf":{"@id":"https:\/\/stuttgarti-katolikusok.de\/#website"},"datePublished":"2017-06-26T10:05:05+00:00","dateModified":"2020-04-27T16:13:31+00:00","author":{"@id":"https:\/\/stuttgarti-katolikusok.de\/#\/schema\/person\/75908d6f8fdc03a57889d27209df7795"},"breadcrumb":{"@id":"https:\/\/stuttgarti-katolikusok.de\/index.php\/csaladi-nap-a-barensee-mellett\/#breadcrumb"},"inLanguage":"hu","potentialAction":[{"@type":"ReadAction","target":["https:\/\/stuttgarti-katolikusok.de\/index.php\/csaladi-nap-a-barensee-mellett\/"]}]},{"@type":"BreadcrumbList","@id":"https:\/\/stuttgarti-katolikusok.de\/index.php\/csaladi-nap-a-barensee-mellett\/#breadcrumb","itemListElement":[{"@type":"ListItem","position":1,"name":"Kezd\u0151lap","item":"https:\/\/stuttgarti-katolikusok.de\/"},{"@type":"ListItem","position":2,"name":"Csal\u00e1di Nap a B\u00e4rensee mellett&#8230;"}]},{"@type":"WebSite","@id":"https:\/\/stuttgarti-katolikusok.de\/#website","url":"https:\/\/stuttgarti-katolikusok.de\/","name":"Stuttgarti Katolikusok","description":"","potentialAction":[{"@type":"SearchAction","target":{"@type":"EntryPoint","urlTemplate":"https:\/\/stuttgarti-katolikusok.de\/?s={search_term_string}"},"query-input":{"@type":"PropertyValueSpecification","valueRequired":true,"valueName":"search_term_string"}}],"inLanguage":"hu"},{"@type":"Person","@id":"https:\/\/stuttgarti-katolikusok.de\/#\/schema\/person\/75908d6f8fdc03a57889d27209df7795","name":"Tibor atya","image":{"@type":"ImageObject","inLanguage":"hu","@id":"https:\/\/secure.gravatar.com\/avatar\/61d268e57d1f4525b111222e29d2d5a7f8c420fdbf231ba5566a8ceac74fa960?s=96&d=mm&r=g","url":"https:\/\/secure.gravatar.com\/avatar\/61d268e57d1f4525b111222e29d2d5a7f8c420fdbf231ba5566a8ceac74fa960?s=96&d=mm&r=g","contentUrl":"https:\/\/secure.gravatar.com\/avatar\/61d268e57d1f4525b111222e29d2d5a7f8c420fdbf231ba5566a8ceac74fa960?s=96&d=mm&r=g","caption":"Tibor atya"},"url":"https:\/\/stuttgarti-katolikusok.de\/index.php\/author\/tibor-atya\/"}]}},"_links":{"self":[{"href":"https:\/\/stuttgarti-katolikusok.de\/index.php\/wp-json\/wp\/v2\/posts\/12294","targetHints":{"allow":["GET"]}}],"collection":[{"href":"https:\/\/stuttgarti-katolikusok.de\/index.php\/wp-json\/wp\/v2\/posts"}],"about":[{"href":"https:\/\/stuttgarti-katolikusok.de\/index.php\/wp-json\/wp\/v2\/types\/post"}],"author":[{"embeddable":true,"href":"https:\/\/stuttgarti-katolikusok.de\/index.php\/wp-json\/wp\/v2\/users\/3"}],"replies":[{"embeddable":true,"href":"https:\/\/stuttgarti-katolikusok.de\/index.php\/wp-json\/wp\/v2\/comments?post=12294"}],"version-history":[{"count":1,"href":"https:\/\/stuttgarti-katolikusok.de\/index.php\/wp-json\/wp\/v2\/posts\/12294\/revisions"}],"predecessor-version":[{"id":12296,"href":"https:\/\/stuttgarti-katolikusok.de\/index.php\/wp-json\/wp\/v2\/posts\/12294\/revisions\/12296"}],"wp:attachment":[{"href":"https:\/\/stuttgarti-katolikusok.de\/index.php\/wp-json\/wp\/v2\/media?parent=12294"}],"wp:term":[{"taxonomy":"category","embeddable":true,"href":"https:\/\/stuttgarti-katolikusok.de\/index.php\/wp-json\/wp\/v2\/categories?post=12294"},{"taxonomy":"post_tag","embeddable":true,"href":"https:\/\/stuttgarti-katolikusok.de\/index.php\/wp-json\/wp\/v2\/tags?post=12294"}],"curies":[{"name":"wp","href":"https:\/\/api.w.org\/{rel}","templated":true}]}}