{"id":12287,"date":"2017-06-24T04:08:00","date_gmt":"2017-06-24T04:08:00","guid":{"rendered":"https:\/\/gracious-dewdney.138-201-221-2.plesk.page\/?p=12287"},"modified":"2017-06-24T04:08:00","modified_gmt":"2017-06-24T04:08:00","slug":"mezei-eva-szent-laszlo-bucsu-ludwigsburgban","status":"publish","type":"post","link":"https:\/\/stuttgarti-katolikusok.de\/index.php\/mezei-eva-szent-laszlo-bucsu-ludwigsburgban\/","title":{"rendered":"Mezei \u00c9va: Szent L\u00e1szl\u00f3 b\u00facs\u00fa Ludwigsburgban"},"content":{"rendered":"<p><strong>Szent L\u00e1szl\u00f3 b\u00facs\u00fa Ludwigsburgban<\/strong><\/p>\n<p>&nbsp;<\/p>\n<p>Ver\u0151f\u00e9nyes sz\u00e9p napon gy\u00fclt\u00fcnk \u00f6ssze vas\u00e1rnap, j\u00fanius 17-\u00e9n Ludwigsburgban, hogy Szent L\u00e1szl\u00f3 tisztelet\u00e9re a szentmis\u00e9t bemutassuk \u00e9s a b\u00facs\u00fat megtartsuk. Sz\u00e9pen megtelt a templom, mert nemcsak a ludwigsburgiak voltak jelen, hanem k\u00f6zelebbi \u00e9s t\u00e1volabbi helyekr\u0151l is j\u00f6ttek el h\u00edv\u0151k.<\/p>\n<p>Imre atya szentbesz\u00e9d\u00e9ben m\u00e9ltatta Szent L\u00e1szl\u00f3 er\u00e9nyeit. M\u00edg Istv\u00e1n, az er\u0151skez\u0171 uralkod\u00f3, szigorral vezette be a kereszt\u00e9nys\u00e9get, addig L\u00e1szl\u00f3 a\u00a0 &#8211; lovagkir\u00e1ly \u2013 im\u00e1ds\u00e1ggal \u00e9s Istenbe vetett hit\u00e9vel gy\u0151z\u00f6tt ellenfelein, tette \u0151ket alattval\u00f3v\u00e1.<\/p>\n<p>Nekem, mint somogyinak is vannak \u00e9l\u0151 k\u00f6tel\u00e9keim Szent L\u00e1szl\u00f3hoz. A Balaton d\u00e9li partj\u00e1n alap\u00edtott benc\u00e9s kolostort, gy\u00f6ny\u00f6r\u0171 oszlopai m\u00e9g most is l\u00e1that\u00f3k. Sz\u00edvesen tart\u00f3zkodott szerzetesei k\u00f6z\u00f6tt, ott is halt meg. Holttest\u00e9t viszont Nagyv\u00e1radra vitt\u00e9k eltemetni&#8230;<\/p>\n<p>Bicz\u00f3 Piroska: Az \u00c1rp\u00e1d \u2013 H\u00e1zi kir\u00e1lys\u00edrok c\u00edm\u0171 k\u00f6nyv\u00e9ben egy csod\u00e1s esem\u00e9nyr\u0151l sz\u00e1mol be: <em>\u201e a halottas menet a ny\u00e1ri melegben egy fogad\u00f3hoz \u00e9rt \u00e9s b\u00e1r a feh\u00e9rv\u00e1ri \/Sz\u00e9kesfeh\u00e9rv\u00e1r\/ templomba akart\u00e1k ir\u00e1ny\u00edtani, a l\u00f3 n\u00e9lk\u00fcli halottas kocsi mag\u00e1t\u00f3l elindult a helyes \u00faton V\u00e1radra, az elh\u00fanyt kir\u00e1ly akarata szerint.\u201c<\/em><\/p>\n<p>Mise ut\u00e1n r\u00f6gt\u00f6n ter\u00edtett asztalokhoz \u00fclhett\u00fcnk, mert szorgos vend\u00e9gl\u00e1t\u00f3ink m\u00e1r reggel kor\u00e1n odak\u00e9sz\u00edtett\u00e9k a sok finoms\u00e1got. Ki\u2013ki hozz\u00e1tette a mag\u00e1val hozottat is, \u00edgy b\u0151s\u00e9gesen j\u00f3llakhatott mindenki.<\/p>\n<p>Nehezen v\u00e1lt el a t\u00e1rsas\u00e1g, mert mindig \u00fajabb csoportok alakultak, mindenki mindenkivel szeretett volna besz\u00e9lgetni. V\u00e9g\u00fcl k\u00f6z\u00f6s \u00f6sszefog\u00e1ssal rendbetett\u00fck a helyet, a t\u00e9m\u00e1kb\u00f3l is kifogyva az aut\u00f3khoz indultunk.<\/p>\n<p>Erika m\u00e9g visszaszaladt, hogy illatos liliomcsokr\u00e1t a k\u00e1poln\u00e1ban hagyja. J\u00f3 ideje v\u00e1rtunk m\u00e1r r\u00e1, mikor egyszer csak halljuk: <em>\u201eCsak k\u00e9t percre gyertek m\u00e9g egyszer vissza!\u201c<\/em> Bent a k\u00e1poln\u00e1ban a vir\u00e1ggal d\u00edsz\u00edtett M\u00e1ria szobor el\u0151tt v\u00e1rt \u00e9s k\u00e9rte, \u00e9nekeln\u00e9nk m\u00e9g n\u00e9h\u00e1ny sz\u00e9p M\u00e1ria \u00e9neket. Angela kis f\u00fczet\u00e9b\u0151l kiv\u00e1lasztottunk n\u00e9h\u00e1nyat \u00e9s t\u00falcsordul\u00f3 sz\u00edvvel \u00e9nekelt\u00fcnk M\u00e1ri\u00e1nak&#8230;<\/p>\n<p>B\u00facs\u00faz\u00e1sn\u00e1l mindenki egyhang\u00faan vallotta, milyen csod\u00e1latos nap volt ez!<\/p>\n<p>M\u00e9g sok ilyet adjon nek\u00fcnk Isten \u2013 Szent L\u00e1szl\u00f3 k\u00f6zbenj\u00e1r\u00e1s\u00e1ra!<\/p>\n<p><em>Pforzheim, 2017-06-23.<\/em><\/p>\n<p><em>\u00a0Mezei \u00c9va<\/em><\/p>\n","protected":false},"excerpt":{"rendered":"<p>Szent L\u00e1szl\u00f3 b\u00facs\u00fa Ludwigsburgban &nbsp; Ver\u0151f\u00e9nyes sz\u00e9p napon gy\u00fclt\u00fcnk \u00f6ssze vas\u00e1rnap, j\u00fanius 17-\u00e9n Ludwigsburgban, hogy Szent L\u00e1szl\u00f3 tisztelet\u00e9re a szentmis\u00e9t bemutassuk \u00e9s a b\u00facs\u00fat megtartsuk. Sz\u00e9pen megtelt a templom, mert nemcsak a ludwigsburgiak voltak jelen, hanem k\u00f6zelebbi \u00e9s t\u00e1volabbi helyekr\u0151l is j\u00f6ttek el h\u00edv\u0151k. Imre atya szentbesz\u00e9d\u00e9ben m\u00e9ltatta Szent L\u00e1szl\u00f3 er\u00e9nyeit. M\u00edg Istv\u00e1n, az er\u0151skez\u0171 uralkod\u00f3, szigorral vezette be a kereszt\u00e9nys\u00e9get, addig L\u00e1szl\u00f3 a\u00a0 &#8211; lovagkir\u00e1ly \u2013 im\u00e1ds\u00e1ggal \u00e9s Istenbe vetett hit\u00e9vel gy\u0151z\u00f6tt ellenfelein, tette \u0151ket alattval\u00f3v\u00e1. Nekem, mint somogyinak is vannak \u00e9l\u0151 k\u00f6tel\u00e9keim Szent L\u00e1szl\u00f3hoz. A Balaton d\u00e9li partj\u00e1n alap\u00edtott benc\u00e9s kolostort, gy\u00f6ny\u00f6r\u0171 oszlopai m\u00e9g most is l\u00e1that\u00f3k. Sz\u00edvesen tart\u00f3zkodott szerzetesei k\u00f6z\u00f6tt, ott is halt meg. Holttest\u00e9t viszont Nagyv\u00e1radra vitt\u00e9k eltemetni&#8230; Bicz\u00f3 Piroska: Az \u00c1rp\u00e1d \u2013 H\u00e1zi kir\u00e1lys\u00edrok c\u00edm\u0171 k\u00f6nyv\u00e9ben egy csod\u00e1s esem\u00e9nyr\u0151l sz\u00e1mol be: \u201e a halottas menet a ny\u00e1ri melegben egy fogad\u00f3hoz \u00e9rt \u00e9s b\u00e1r a feh\u00e9rv\u00e1ri \/Sz\u00e9kesfeh\u00e9rv\u00e1r\/ templomba akart\u00e1k ir\u00e1ny\u00edtani, a l\u00f3 n\u00e9lk\u00fcli halottas kocsi mag\u00e1t\u00f3l elindult a helyes \u00faton V\u00e1radra, az elh\u00fanyt kir\u00e1ly akarata szerint.\u201c Mise ut\u00e1n r\u00f6gt\u00f6n ter\u00edtett asztalokhoz \u00fclhett\u00fcnk, mert szorgos vend\u00e9gl\u00e1t\u00f3ink m\u00e1r reggel kor\u00e1n odak\u00e9sz\u00edtett\u00e9k a sok finoms\u00e1got. Ki\u2013ki hozz\u00e1tette a mag\u00e1val hozottat is, \u00edgy b\u0151s\u00e9gesen j\u00f3llakhatott mindenki. Nehezen v\u00e1lt el a t\u00e1rsas\u00e1g, mert mindig \u00fajabb csoportok alakultak, mindenki mindenkivel szeretett volna besz\u00e9lgetni. V\u00e9g\u00fcl k\u00f6z\u00f6s \u00f6sszefog\u00e1ssal rendbetett\u00fck a helyet, a t\u00e9m\u00e1kb\u00f3l is kifogyva az aut\u00f3khoz indultunk. Erika m\u00e9g visszaszaladt, hogy illatos liliomcsokr\u00e1t a k\u00e1poln\u00e1ban hagyja. J\u00f3 ideje v\u00e1rtunk m\u00e1r r\u00e1, mikor egyszer csak halljuk: \u201eCsak k\u00e9t percre gyertek m\u00e9g egyszer vissza!\u201c Bent a k\u00e1poln\u00e1ban a vir\u00e1ggal d\u00edsz\u00edtett M\u00e1ria szobor el\u0151tt v\u00e1rt \u00e9s k\u00e9rte, \u00e9nekeln\u00e9nk m\u00e9g n\u00e9h\u00e1ny sz\u00e9p M\u00e1ria \u00e9neket. Angela kis f\u00fczet\u00e9b\u0151l kiv\u00e1lasztottunk n\u00e9h\u00e1nyat \u00e9s t\u00falcsordul\u00f3 sz\u00edvvel \u00e9nekelt\u00fcnk M\u00e1ri\u00e1nak&#8230; B\u00facs\u00faz\u00e1sn\u00e1l mindenki egyhang\u00faan vallotta, milyen csod\u00e1latos nap volt ez! M\u00e9g sok ilyet adjon nek\u00fcnk Isten \u2013 Szent L\u00e1szl\u00f3 k\u00f6zbenj\u00e1r\u00e1s\u00e1ra! Pforzheim, 2017-06-23. \u00a0Mezei \u00c9va<\/p>\n","protected":false},"author":3,"featured_media":12288,"comment_status":"closed","ping_status":"closed","sticky":false,"template":"","format":"standard","meta":{"footnotes":""},"categories":[28],"tags":[],"class_list":["post-12287","post","type-post","status-publish","format-standard","has-post-thumbnail","hentry","category-olvasoink-irjak"],"yoast_head":"<!-- This site is optimized with the Yoast SEO plugin v27.3 - https:\/\/yoast.com\/product\/yoast-seo-wordpress\/ -->\n<title>Mezei \u00c9va: Szent L\u00e1szl\u00f3 b\u00facs\u00fa Ludwigsburgban - Stuttgarti Katolikusok<\/title>\n<meta name=\"robots\" content=\"index, follow, max-snippet:-1, max-image-preview:large, max-video-preview:-1\" \/>\n<link rel=\"canonical\" href=\"https:\/\/stuttgarti-katolikusok.de\/index.php\/mezei-eva-szent-laszlo-bucsu-ludwigsburgban\/\" \/>\n<meta property=\"og:locale\" content=\"hu_HU\" \/>\n<meta property=\"og:type\" content=\"article\" \/>\n<meta property=\"og:title\" content=\"Mezei \u00c9va: Szent L\u00e1szl\u00f3 b\u00facs\u00fa Ludwigsburgban - Stuttgarti Katolikusok\" \/>\n<meta property=\"og:description\" content=\"Szent L\u00e1szl\u00f3 b\u00facs\u00fa Ludwigsburgban &nbsp; Ver\u0151f\u00e9nyes sz\u00e9p napon gy\u00fclt\u00fcnk \u00f6ssze vas\u00e1rnap, j\u00fanius 17-\u00e9n Ludwigsburgban, hogy Szent L\u00e1szl\u00f3 tisztelet\u00e9re a szentmis\u00e9t bemutassuk \u00e9s a b\u00facs\u00fat megtartsuk. Sz\u00e9pen megtelt a templom, mert nemcsak a ludwigsburgiak voltak jelen, hanem k\u00f6zelebbi \u00e9s t\u00e1volabbi helyekr\u0151l is j\u00f6ttek el h\u00edv\u0151k. Imre atya szentbesz\u00e9d\u00e9ben m\u00e9ltatta Szent L\u00e1szl\u00f3 er\u00e9nyeit. M\u00edg Istv\u00e1n, az er\u0151skez\u0171 uralkod\u00f3, szigorral vezette be a kereszt\u00e9nys\u00e9get, addig L\u00e1szl\u00f3 a\u00a0 &#8211; lovagkir\u00e1ly \u2013 im\u00e1ds\u00e1ggal \u00e9s Istenbe vetett hit\u00e9vel gy\u0151z\u00f6tt ellenfelein, tette \u0151ket alattval\u00f3v\u00e1. Nekem, mint somogyinak is vannak \u00e9l\u0151 k\u00f6tel\u00e9keim Szent L\u00e1szl\u00f3hoz. A Balaton d\u00e9li partj\u00e1n alap\u00edtott benc\u00e9s kolostort, gy\u00f6ny\u00f6r\u0171 oszlopai m\u00e9g most is l\u00e1that\u00f3k. Sz\u00edvesen tart\u00f3zkodott szerzetesei k\u00f6z\u00f6tt, ott is halt meg. Holttest\u00e9t viszont Nagyv\u00e1radra vitt\u00e9k eltemetni&#8230; Bicz\u00f3 Piroska: Az \u00c1rp\u00e1d \u2013 H\u00e1zi kir\u00e1lys\u00edrok c\u00edm\u0171 k\u00f6nyv\u00e9ben egy csod\u00e1s esem\u00e9nyr\u0151l sz\u00e1mol be: \u201e a halottas menet a ny\u00e1ri melegben egy fogad\u00f3hoz \u00e9rt \u00e9s b\u00e1r a feh\u00e9rv\u00e1ri \/Sz\u00e9kesfeh\u00e9rv\u00e1r\/ templomba akart\u00e1k ir\u00e1ny\u00edtani, a l\u00f3 n\u00e9lk\u00fcli halottas kocsi mag\u00e1t\u00f3l elindult a helyes \u00faton V\u00e1radra, az elh\u00fanyt kir\u00e1ly akarata szerint.\u201c Mise ut\u00e1n r\u00f6gt\u00f6n ter\u00edtett asztalokhoz \u00fclhett\u00fcnk, mert szorgos vend\u00e9gl\u00e1t\u00f3ink m\u00e1r reggel kor\u00e1n odak\u00e9sz\u00edtett\u00e9k a sok finoms\u00e1got. Ki\u2013ki hozz\u00e1tette a mag\u00e1val hozottat is, \u00edgy b\u0151s\u00e9gesen j\u00f3llakhatott mindenki. Nehezen v\u00e1lt el a t\u00e1rsas\u00e1g, mert mindig \u00fajabb csoportok alakultak, mindenki mindenkivel szeretett volna besz\u00e9lgetni. V\u00e9g\u00fcl k\u00f6z\u00f6s \u00f6sszefog\u00e1ssal rendbetett\u00fck a helyet, a t\u00e9m\u00e1kb\u00f3l is kifogyva az aut\u00f3khoz indultunk. Erika m\u00e9g visszaszaladt, hogy illatos liliomcsokr\u00e1t a k\u00e1poln\u00e1ban hagyja. J\u00f3 ideje v\u00e1rtunk m\u00e1r r\u00e1, mikor egyszer csak halljuk: \u201eCsak k\u00e9t percre gyertek m\u00e9g egyszer vissza!\u201c Bent a k\u00e1poln\u00e1ban a vir\u00e1ggal d\u00edsz\u00edtett M\u00e1ria szobor el\u0151tt v\u00e1rt \u00e9s k\u00e9rte, \u00e9nekeln\u00e9nk m\u00e9g n\u00e9h\u00e1ny sz\u00e9p M\u00e1ria \u00e9neket. Angela kis f\u00fczet\u00e9b\u0151l kiv\u00e1lasztottunk n\u00e9h\u00e1nyat \u00e9s t\u00falcsordul\u00f3 sz\u00edvvel \u00e9nekelt\u00fcnk M\u00e1ri\u00e1nak&#8230; B\u00facs\u00faz\u00e1sn\u00e1l mindenki egyhang\u00faan vallotta, milyen csod\u00e1latos nap volt ez! M\u00e9g sok ilyet adjon nek\u00fcnk Isten \u2013 Szent L\u00e1szl\u00f3 k\u00f6zbenj\u00e1r\u00e1s\u00e1ra! Pforzheim, 2017-06-23. \u00a0Mezei \u00c9va\" \/>\n<meta property=\"og:url\" content=\"https:\/\/stuttgarti-katolikusok.de\/index.php\/mezei-eva-szent-laszlo-bucsu-ludwigsburgban\/\" \/>\n<meta property=\"og:site_name\" content=\"Stuttgarti Katolikusok\" \/>\n<meta property=\"article:published_time\" content=\"2017-06-24T04:08:00+00:00\" \/>\n<meta property=\"og:image\" content=\"https:\/\/stuttgarti-katolikusok.de\/wp-content\/uploads\/2017\/06\/lb-bucsu.jpg\" \/>\n\t<meta property=\"og:image:width\" content=\"600\" \/>\n\t<meta property=\"og:image:height\" content=\"400\" \/>\n\t<meta property=\"og:image:type\" content=\"image\/jpeg\" \/>\n<meta name=\"author\" content=\"Tibor atya\" \/>\n<meta name=\"twitter:card\" content=\"summary_large_image\" \/>\n<meta name=\"twitter:label1\" content=\"Szerz\u0151:\" \/>\n\t<meta name=\"twitter:data1\" content=\"Tibor atya\" \/>\n\t<meta name=\"twitter:label2\" content=\"Becs\u00fclt olvas\u00e1si id\u0151\" \/>\n\t<meta name=\"twitter:data2\" content=\"2 perc\" \/>\n<script type=\"application\/ld+json\" class=\"yoast-schema-graph\">{\"@context\":\"https:\\\/\\\/schema.org\",\"@graph\":[{\"@type\":\"Article\",\"@id\":\"https:\\\/\\\/stuttgarti-katolikusok.de\\\/index.php\\\/mezei-eva-szent-laszlo-bucsu-ludwigsburgban\\\/#article\",\"isPartOf\":{\"@id\":\"https:\\\/\\\/stuttgarti-katolikusok.de\\\/index.php\\\/mezei-eva-szent-laszlo-bucsu-ludwigsburgban\\\/\"},\"author\":{\"name\":\"Tibor atya\",\"@id\":\"https:\\\/\\\/stuttgarti-katolikusok.de\\\/#\\\/schema\\\/person\\\/75908d6f8fdc03a57889d27209df7795\"},\"headline\":\"Mezei \u00c9va: Szent L\u00e1szl\u00f3 b\u00facs\u00fa Ludwigsburgban\",\"datePublished\":\"2017-06-24T04:08:00+00:00\",\"mainEntityOfPage\":{\"@id\":\"https:\\\/\\\/stuttgarti-katolikusok.de\\\/index.php\\\/mezei-eva-szent-laszlo-bucsu-ludwigsburgban\\\/\"},\"wordCount\":465,\"image\":{\"@id\":\"https:\\\/\\\/stuttgarti-katolikusok.de\\\/index.php\\\/mezei-eva-szent-laszlo-bucsu-ludwigsburgban\\\/#primaryimage\"},\"thumbnailUrl\":\"https:\\\/\\\/stuttgarti-katolikusok.de\\\/wp-content\\\/uploads\\\/2017\\\/06\\\/lb-bucsu.jpg\",\"articleSection\":[\"Olvas\u00f3ink \u00edrj\u00e1k\"],\"inLanguage\":\"hu\"},{\"@type\":\"WebPage\",\"@id\":\"https:\\\/\\\/stuttgarti-katolikusok.de\\\/index.php\\\/mezei-eva-szent-laszlo-bucsu-ludwigsburgban\\\/\",\"url\":\"https:\\\/\\\/stuttgarti-katolikusok.de\\\/index.php\\\/mezei-eva-szent-laszlo-bucsu-ludwigsburgban\\\/\",\"name\":\"Mezei \u00c9va: Szent L\u00e1szl\u00f3 b\u00facs\u00fa Ludwigsburgban - Stuttgarti Katolikusok\",\"isPartOf\":{\"@id\":\"https:\\\/\\\/stuttgarti-katolikusok.de\\\/#website\"},\"primaryImageOfPage\":{\"@id\":\"https:\\\/\\\/stuttgarti-katolikusok.de\\\/index.php\\\/mezei-eva-szent-laszlo-bucsu-ludwigsburgban\\\/#primaryimage\"},\"image\":{\"@id\":\"https:\\\/\\\/stuttgarti-katolikusok.de\\\/index.php\\\/mezei-eva-szent-laszlo-bucsu-ludwigsburgban\\\/#primaryimage\"},\"thumbnailUrl\":\"https:\\\/\\\/stuttgarti-katolikusok.de\\\/wp-content\\\/uploads\\\/2017\\\/06\\\/lb-bucsu.jpg\",\"datePublished\":\"2017-06-24T04:08:00+00:00\",\"author\":{\"@id\":\"https:\\\/\\\/stuttgarti-katolikusok.de\\\/#\\\/schema\\\/person\\\/75908d6f8fdc03a57889d27209df7795\"},\"breadcrumb\":{\"@id\":\"https:\\\/\\\/stuttgarti-katolikusok.de\\\/index.php\\\/mezei-eva-szent-laszlo-bucsu-ludwigsburgban\\\/#breadcrumb\"},\"inLanguage\":\"hu\",\"potentialAction\":[{\"@type\":\"ReadAction\",\"target\":[\"https:\\\/\\\/stuttgarti-katolikusok.de\\\/index.php\\\/mezei-eva-szent-laszlo-bucsu-ludwigsburgban\\\/\"]}]},{\"@type\":\"ImageObject\",\"inLanguage\":\"hu\",\"@id\":\"https:\\\/\\\/stuttgarti-katolikusok.de\\\/index.php\\\/mezei-eva-szent-laszlo-bucsu-ludwigsburgban\\\/#primaryimage\",\"url\":\"https:\\\/\\\/stuttgarti-katolikusok.de\\\/wp-content\\\/uploads\\\/2017\\\/06\\\/lb-bucsu.jpg\",\"contentUrl\":\"https:\\\/\\\/stuttgarti-katolikusok.de\\\/wp-content\\\/uploads\\\/2017\\\/06\\\/lb-bucsu.jpg\",\"width\":600,\"height\":400},{\"@type\":\"BreadcrumbList\",\"@id\":\"https:\\\/\\\/stuttgarti-katolikusok.de\\\/index.php\\\/mezei-eva-szent-laszlo-bucsu-ludwigsburgban\\\/#breadcrumb\",\"itemListElement\":[{\"@type\":\"ListItem\",\"position\":1,\"name\":\"Kezd\u0151lap\",\"item\":\"https:\\\/\\\/stuttgarti-katolikusok.de\\\/\"},{\"@type\":\"ListItem\",\"position\":2,\"name\":\"Mezei \u00c9va: Szent L\u00e1szl\u00f3 b\u00facs\u00fa Ludwigsburgban\"}]},{\"@type\":\"WebSite\",\"@id\":\"https:\\\/\\\/stuttgarti-katolikusok.de\\\/#website\",\"url\":\"https:\\\/\\\/stuttgarti-katolikusok.de\\\/\",\"name\":\"Stuttgarti Katolikusok\",\"description\":\"\",\"potentialAction\":[{\"@type\":\"SearchAction\",\"target\":{\"@type\":\"EntryPoint\",\"urlTemplate\":\"https:\\\/\\\/stuttgarti-katolikusok.de\\\/?s={search_term_string}\"},\"query-input\":{\"@type\":\"PropertyValueSpecification\",\"valueRequired\":true,\"valueName\":\"search_term_string\"}}],\"inLanguage\":\"hu\"},{\"@type\":\"Person\",\"@id\":\"https:\\\/\\\/stuttgarti-katolikusok.de\\\/#\\\/schema\\\/person\\\/75908d6f8fdc03a57889d27209df7795\",\"name\":\"Tibor atya\",\"image\":{\"@type\":\"ImageObject\",\"inLanguage\":\"hu\",\"@id\":\"https:\\\/\\\/secure.gravatar.com\\\/avatar\\\/61d268e57d1f4525b111222e29d2d5a7f8c420fdbf231ba5566a8ceac74fa960?s=96&d=mm&r=g\",\"url\":\"https:\\\/\\\/secure.gravatar.com\\\/avatar\\\/61d268e57d1f4525b111222e29d2d5a7f8c420fdbf231ba5566a8ceac74fa960?s=96&d=mm&r=g\",\"contentUrl\":\"https:\\\/\\\/secure.gravatar.com\\\/avatar\\\/61d268e57d1f4525b111222e29d2d5a7f8c420fdbf231ba5566a8ceac74fa960?s=96&d=mm&r=g\",\"caption\":\"Tibor atya\"},\"url\":\"https:\\\/\\\/stuttgarti-katolikusok.de\\\/index.php\\\/author\\\/tibor-atya\\\/\"}]}<\/script>\n<!-- \/ Yoast SEO plugin. -->","yoast_head_json":{"title":"Mezei \u00c9va: Szent L\u00e1szl\u00f3 b\u00facs\u00fa Ludwigsburgban - Stuttgarti Katolikusok","robots":{"index":"index","follow":"follow","max-snippet":"max-snippet:-1","max-image-preview":"max-image-preview:large","max-video-preview":"max-video-preview:-1"},"canonical":"https:\/\/stuttgarti-katolikusok.de\/index.php\/mezei-eva-szent-laszlo-bucsu-ludwigsburgban\/","og_locale":"hu_HU","og_type":"article","og_title":"Mezei \u00c9va: Szent L\u00e1szl\u00f3 b\u00facs\u00fa Ludwigsburgban - Stuttgarti Katolikusok","og_description":"Szent L\u00e1szl\u00f3 b\u00facs\u00fa Ludwigsburgban &nbsp; Ver\u0151f\u00e9nyes sz\u00e9p napon gy\u00fclt\u00fcnk \u00f6ssze vas\u00e1rnap, j\u00fanius 17-\u00e9n Ludwigsburgban, hogy Szent L\u00e1szl\u00f3 tisztelet\u00e9re a szentmis\u00e9t bemutassuk \u00e9s a b\u00facs\u00fat megtartsuk. Sz\u00e9pen megtelt a templom, mert nemcsak a ludwigsburgiak voltak jelen, hanem k\u00f6zelebbi \u00e9s t\u00e1volabbi helyekr\u0151l is j\u00f6ttek el h\u00edv\u0151k. Imre atya szentbesz\u00e9d\u00e9ben m\u00e9ltatta Szent L\u00e1szl\u00f3 er\u00e9nyeit. M\u00edg Istv\u00e1n, az er\u0151skez\u0171 uralkod\u00f3, szigorral vezette be a kereszt\u00e9nys\u00e9get, addig L\u00e1szl\u00f3 a\u00a0 &#8211; lovagkir\u00e1ly \u2013 im\u00e1ds\u00e1ggal \u00e9s Istenbe vetett hit\u00e9vel gy\u0151z\u00f6tt ellenfelein, tette \u0151ket alattval\u00f3v\u00e1. Nekem, mint somogyinak is vannak \u00e9l\u0151 k\u00f6tel\u00e9keim Szent L\u00e1szl\u00f3hoz. A Balaton d\u00e9li partj\u00e1n alap\u00edtott benc\u00e9s kolostort, gy\u00f6ny\u00f6r\u0171 oszlopai m\u00e9g most is l\u00e1that\u00f3k. Sz\u00edvesen tart\u00f3zkodott szerzetesei k\u00f6z\u00f6tt, ott is halt meg. Holttest\u00e9t viszont Nagyv\u00e1radra vitt\u00e9k eltemetni&#8230; Bicz\u00f3 Piroska: Az \u00c1rp\u00e1d \u2013 H\u00e1zi kir\u00e1lys\u00edrok c\u00edm\u0171 k\u00f6nyv\u00e9ben egy csod\u00e1s esem\u00e9nyr\u0151l sz\u00e1mol be: \u201e a halottas menet a ny\u00e1ri melegben egy fogad\u00f3hoz \u00e9rt \u00e9s b\u00e1r a feh\u00e9rv\u00e1ri \/Sz\u00e9kesfeh\u00e9rv\u00e1r\/ templomba akart\u00e1k ir\u00e1ny\u00edtani, a l\u00f3 n\u00e9lk\u00fcli halottas kocsi mag\u00e1t\u00f3l elindult a helyes \u00faton V\u00e1radra, az elh\u00fanyt kir\u00e1ly akarata szerint.\u201c Mise ut\u00e1n r\u00f6gt\u00f6n ter\u00edtett asztalokhoz \u00fclhett\u00fcnk, mert szorgos vend\u00e9gl\u00e1t\u00f3ink m\u00e1r reggel kor\u00e1n odak\u00e9sz\u00edtett\u00e9k a sok finoms\u00e1got. Ki\u2013ki hozz\u00e1tette a mag\u00e1val hozottat is, \u00edgy b\u0151s\u00e9gesen j\u00f3llakhatott mindenki. Nehezen v\u00e1lt el a t\u00e1rsas\u00e1g, mert mindig \u00fajabb csoportok alakultak, mindenki mindenkivel szeretett volna besz\u00e9lgetni. V\u00e9g\u00fcl k\u00f6z\u00f6s \u00f6sszefog\u00e1ssal rendbetett\u00fck a helyet, a t\u00e9m\u00e1kb\u00f3l is kifogyva az aut\u00f3khoz indultunk. Erika m\u00e9g visszaszaladt, hogy illatos liliomcsokr\u00e1t a k\u00e1poln\u00e1ban hagyja. J\u00f3 ideje v\u00e1rtunk m\u00e1r r\u00e1, mikor egyszer csak halljuk: \u201eCsak k\u00e9t percre gyertek m\u00e9g egyszer vissza!\u201c Bent a k\u00e1poln\u00e1ban a vir\u00e1ggal d\u00edsz\u00edtett M\u00e1ria szobor el\u0151tt v\u00e1rt \u00e9s k\u00e9rte, \u00e9nekeln\u00e9nk m\u00e9g n\u00e9h\u00e1ny sz\u00e9p M\u00e1ria \u00e9neket. Angela kis f\u00fczet\u00e9b\u0151l kiv\u00e1lasztottunk n\u00e9h\u00e1nyat \u00e9s t\u00falcsordul\u00f3 sz\u00edvvel \u00e9nekelt\u00fcnk M\u00e1ri\u00e1nak&#8230; B\u00facs\u00faz\u00e1sn\u00e1l mindenki egyhang\u00faan vallotta, milyen csod\u00e1latos nap volt ez! M\u00e9g sok ilyet adjon nek\u00fcnk Isten \u2013 Szent L\u00e1szl\u00f3 k\u00f6zbenj\u00e1r\u00e1s\u00e1ra! Pforzheim, 2017-06-23. \u00a0Mezei \u00c9va","og_url":"https:\/\/stuttgarti-katolikusok.de\/index.php\/mezei-eva-szent-laszlo-bucsu-ludwigsburgban\/","og_site_name":"Stuttgarti Katolikusok","article_published_time":"2017-06-24T04:08:00+00:00","og_image":[{"width":600,"height":400,"url":"https:\/\/stuttgarti-katolikusok.de\/wp-content\/uploads\/2017\/06\/lb-bucsu.jpg","type":"image\/jpeg"}],"author":"Tibor atya","twitter_card":"summary_large_image","twitter_misc":{"Szerz\u0151:":"Tibor atya","Becs\u00fclt olvas\u00e1si id\u0151":"2 perc"},"schema":{"@context":"https:\/\/schema.org","@graph":[{"@type":"Article","@id":"https:\/\/stuttgarti-katolikusok.de\/index.php\/mezei-eva-szent-laszlo-bucsu-ludwigsburgban\/#article","isPartOf":{"@id":"https:\/\/stuttgarti-katolikusok.de\/index.php\/mezei-eva-szent-laszlo-bucsu-ludwigsburgban\/"},"author":{"name":"Tibor atya","@id":"https:\/\/stuttgarti-katolikusok.de\/#\/schema\/person\/75908d6f8fdc03a57889d27209df7795"},"headline":"Mezei \u00c9va: Szent L\u00e1szl\u00f3 b\u00facs\u00fa Ludwigsburgban","datePublished":"2017-06-24T04:08:00+00:00","mainEntityOfPage":{"@id":"https:\/\/stuttgarti-katolikusok.de\/index.php\/mezei-eva-szent-laszlo-bucsu-ludwigsburgban\/"},"wordCount":465,"image":{"@id":"https:\/\/stuttgarti-katolikusok.de\/index.php\/mezei-eva-szent-laszlo-bucsu-ludwigsburgban\/#primaryimage"},"thumbnailUrl":"https:\/\/stuttgarti-katolikusok.de\/wp-content\/uploads\/2017\/06\/lb-bucsu.jpg","articleSection":["Olvas\u00f3ink \u00edrj\u00e1k"],"inLanguage":"hu"},{"@type":"WebPage","@id":"https:\/\/stuttgarti-katolikusok.de\/index.php\/mezei-eva-szent-laszlo-bucsu-ludwigsburgban\/","url":"https:\/\/stuttgarti-katolikusok.de\/index.php\/mezei-eva-szent-laszlo-bucsu-ludwigsburgban\/","name":"Mezei \u00c9va: Szent L\u00e1szl\u00f3 b\u00facs\u00fa Ludwigsburgban - Stuttgarti Katolikusok","isPartOf":{"@id":"https:\/\/stuttgarti-katolikusok.de\/#website"},"primaryImageOfPage":{"@id":"https:\/\/stuttgarti-katolikusok.de\/index.php\/mezei-eva-szent-laszlo-bucsu-ludwigsburgban\/#primaryimage"},"image":{"@id":"https:\/\/stuttgarti-katolikusok.de\/index.php\/mezei-eva-szent-laszlo-bucsu-ludwigsburgban\/#primaryimage"},"thumbnailUrl":"https:\/\/stuttgarti-katolikusok.de\/wp-content\/uploads\/2017\/06\/lb-bucsu.jpg","datePublished":"2017-06-24T04:08:00+00:00","author":{"@id":"https:\/\/stuttgarti-katolikusok.de\/#\/schema\/person\/75908d6f8fdc03a57889d27209df7795"},"breadcrumb":{"@id":"https:\/\/stuttgarti-katolikusok.de\/index.php\/mezei-eva-szent-laszlo-bucsu-ludwigsburgban\/#breadcrumb"},"inLanguage":"hu","potentialAction":[{"@type":"ReadAction","target":["https:\/\/stuttgarti-katolikusok.de\/index.php\/mezei-eva-szent-laszlo-bucsu-ludwigsburgban\/"]}]},{"@type":"ImageObject","inLanguage":"hu","@id":"https:\/\/stuttgarti-katolikusok.de\/index.php\/mezei-eva-szent-laszlo-bucsu-ludwigsburgban\/#primaryimage","url":"https:\/\/stuttgarti-katolikusok.de\/wp-content\/uploads\/2017\/06\/lb-bucsu.jpg","contentUrl":"https:\/\/stuttgarti-katolikusok.de\/wp-content\/uploads\/2017\/06\/lb-bucsu.jpg","width":600,"height":400},{"@type":"BreadcrumbList","@id":"https:\/\/stuttgarti-katolikusok.de\/index.php\/mezei-eva-szent-laszlo-bucsu-ludwigsburgban\/#breadcrumb","itemListElement":[{"@type":"ListItem","position":1,"name":"Kezd\u0151lap","item":"https:\/\/stuttgarti-katolikusok.de\/"},{"@type":"ListItem","position":2,"name":"Mezei \u00c9va: Szent L\u00e1szl\u00f3 b\u00facs\u00fa Ludwigsburgban"}]},{"@type":"WebSite","@id":"https:\/\/stuttgarti-katolikusok.de\/#website","url":"https:\/\/stuttgarti-katolikusok.de\/","name":"Stuttgarti Katolikusok","description":"","potentialAction":[{"@type":"SearchAction","target":{"@type":"EntryPoint","urlTemplate":"https:\/\/stuttgarti-katolikusok.de\/?s={search_term_string}"},"query-input":{"@type":"PropertyValueSpecification","valueRequired":true,"valueName":"search_term_string"}}],"inLanguage":"hu"},{"@type":"Person","@id":"https:\/\/stuttgarti-katolikusok.de\/#\/schema\/person\/75908d6f8fdc03a57889d27209df7795","name":"Tibor atya","image":{"@type":"ImageObject","inLanguage":"hu","@id":"https:\/\/secure.gravatar.com\/avatar\/61d268e57d1f4525b111222e29d2d5a7f8c420fdbf231ba5566a8ceac74fa960?s=96&d=mm&r=g","url":"https:\/\/secure.gravatar.com\/avatar\/61d268e57d1f4525b111222e29d2d5a7f8c420fdbf231ba5566a8ceac74fa960?s=96&d=mm&r=g","contentUrl":"https:\/\/secure.gravatar.com\/avatar\/61d268e57d1f4525b111222e29d2d5a7f8c420fdbf231ba5566a8ceac74fa960?s=96&d=mm&r=g","caption":"Tibor atya"},"url":"https:\/\/stuttgarti-katolikusok.de\/index.php\/author\/tibor-atya\/"}]}},"_links":{"self":[{"href":"https:\/\/stuttgarti-katolikusok.de\/index.php\/wp-json\/wp\/v2\/posts\/12287","targetHints":{"allow":["GET"]}}],"collection":[{"href":"https:\/\/stuttgarti-katolikusok.de\/index.php\/wp-json\/wp\/v2\/posts"}],"about":[{"href":"https:\/\/stuttgarti-katolikusok.de\/index.php\/wp-json\/wp\/v2\/types\/post"}],"author":[{"embeddable":true,"href":"https:\/\/stuttgarti-katolikusok.de\/index.php\/wp-json\/wp\/v2\/users\/3"}],"replies":[{"embeddable":true,"href":"https:\/\/stuttgarti-katolikusok.de\/index.php\/wp-json\/wp\/v2\/comments?post=12287"}],"version-history":[{"count":1,"href":"https:\/\/stuttgarti-katolikusok.de\/index.php\/wp-json\/wp\/v2\/posts\/12287\/revisions"}],"predecessor-version":[{"id":12289,"href":"https:\/\/stuttgarti-katolikusok.de\/index.php\/wp-json\/wp\/v2\/posts\/12287\/revisions\/12289"}],"wp:featuredmedia":[{"embeddable":true,"href":"https:\/\/stuttgarti-katolikusok.de\/index.php\/wp-json\/wp\/v2\/media\/12288"}],"wp:attachment":[{"href":"https:\/\/stuttgarti-katolikusok.de\/index.php\/wp-json\/wp\/v2\/media?parent=12287"}],"wp:term":[{"taxonomy":"category","embeddable":true,"href":"https:\/\/stuttgarti-katolikusok.de\/index.php\/wp-json\/wp\/v2\/categories?post=12287"},{"taxonomy":"post_tag","embeddable":true,"href":"https:\/\/stuttgarti-katolikusok.de\/index.php\/wp-json\/wp\/v2\/tags?post=12287"}],"curies":[{"name":"wp","href":"https:\/\/api.w.org\/{rel}","templated":true}]}}