{"id":12239,"date":"2017-06-19T08:07:12","date_gmt":"2017-06-19T08:07:12","guid":{"rendered":"https:\/\/gracious-dewdney.138-201-221-2.plesk.page\/?p=12239"},"modified":"2017-06-19T10:30:31","modified_gmt":"2017-06-19T10:30:31","slug":"bicaj-zari-maulbronnba","status":"publish","type":"post","link":"https:\/\/stuttgarti-katolikusok.de\/index.php\/bicaj-zari-maulbronnba\/","title":{"rendered":"Bicaj-zari Maulbronnba"},"content":{"rendered":"<p><strong>Bicaj-zari Maulbronnba<\/strong><\/p>\n<p>Szombaton j\u00fanius 17-\u00e9n reggel f\u00e9l 9-kor ism\u00e9t tal\u00e1lkoztunk a Stuttgarti F\u0151p\u00e1lyaudvaron az imm\u00e1r hetedik esztendeje szok\u00e1sos biciklizar\u00e1ndoklatra. 9.00 \u00f3rakor indult Karlsruhe fel\u00e9 a vonatunk, \u00e9s alig tal\u00e1ltunk magunknak helyet a sok bicikli k\u00f6z\u00f6tt, ugyanis nagyon sz\u00e9p id\u0151 volt: Szent P\u00e9ter igen csak j\u00f3 id\u0151vel \u00e1ldott meg benn\u00fcnket! Emese Ulmb\u00f3l, \u00c9va \u00e9s Sanyi Dettingenb\u0151l, Erika \u00e9s J\u00f3zsi B\u00f6blingenb\u0151l, Erzsike \u00e9s Tibi Waiblingenb\u0151l, az Andr\u00e9 csal\u00e1d h\u00e1romtagja, egy bar\u00e1t, Imre atya \u00e9s j\u00f3magam Stuttgartb\u00f3l\u2026<\/p>\n<p>Vaihingenben k\u00e9t \u201e\u0151stagunk\u201c is felsz\u00e1llt: Zita \u00e9s Laci. Pontosan f\u00e9l 10-kor \u00e9rkezt\u00fcnk meg Pforzheimba, ahol a \u201eGeiger-banda\u201c m\u00e1r v\u00e1rt r\u00e1nk: Erika, Georg, Joellel \u00e9s term\u00e9szetesen Bucik\u00e1val.<\/p>\n<p>Igy h\u00e1t 19-en voltunk, \u00e9s m\u00e1r indultunk is volna \u00fatunkra, ha valaki nem felejtette volna a mell\u00e9ny\u00e9t \u00e9s benne valamennyi kulcs\u00e1t a h\u00e1tizs\u00e1kkal egy\u00fctt \u2013 a vonaton. Az ilyenkor szok\u00e1sos hivatalos elint\u00e9znival\u00f3, \u00e9s a sok im\u00e1ds\u00e1g azonban ez alkalommal meghozta a gy\u00fcm\u00f6lcs\u00e9t: egy \u00f3ra m\u00falva minden visszaker\u00fclt jogos tulajdonos\u00e1hoz, aki, nem is kell, hogy mondjam, mennyire \u00f6rvendett a dolog szerencs\u00e9s kimenetel\u00e9nek\u2026<\/p>\n<p>Egy kicsi k\u00e9s\u00e9ssel elindultunk teh\u00e1t libasorban az Enz ment\u00e9n M\u00fchlacker fel\u00e9. K\u00f6r\u00fcl\u00f6tt\u00fcnk vir\u00e1gos r\u00e9t, mellett\u00fcnk csacsogott a foly\u00f3, \u00e9s sz\u00e9p naps\u00fct\u00e9s k\u00eds\u00e9rt benn\u00fcnket eg\u00e9szen \u00fatunkon. Alig indultunk el, term\u00e9szetesen elindult a besz\u00e9lget\u00e9s is, \u00e9s \u00c9v\u00e1nak valamint Sanyinak, akik az eg\u00e9sz bicaj-zarit szervezt\u00e9k ugyancsak oda kellett figyelni r\u00e1nk, nehogy elt\u00e9vessz\u00fck az utat sok csacsog\u00e1s k\u00f6z\u00f6tt. Az Andr\u00e9-fi\u00fak mindig el\u0151re siettek, eg\u00e9szen addig am\u00edg az egyik\u00fck el nem esett. Szerencs\u00e9re nem t\u00f6rt\u00e9nt k\u00fcl\u00f6n\u00f6sebb nagy baj, \u00e9s a \u00a0k\u00f6z\u00f6tt\u00fck jelenl\u00e9v\u0151 orvosnak siker\u00fclt a sebeket bek\u00f6t\u00f6znie<\/p>\n<p>M\u00fchlackerbe meg\u00e9rkezve \u00e1tment\u00fcnk a gyalogos z\u00f3n\u00e1n, azt\u00e1n kerest\u00fck az utat Maulbronn fel\u00e9. Innen kezd\u0151d\u00f6tt azt\u00e1n a neh\u00e9zs\u00e9g. Ugyanis el\u00e9gg\u00e9 dimbes-dombos volt az \u00fat. M\u00e9g szerencse, hogy csatlakozott hozz\u00e1nk Zoli, aki nagyszer\u0171en kiismerte mag\u00e1t, hisz Maulbronnban lakik. Miel\u0151tt meg\u00e9rkezt\u00fcnk volna hozz\u00e1juk, m\u00e9g megpihent\u00fcnk egy pizz\u00e9ri\u00e1n\u00e1l, ahol egy finom eszpressz\u00f3t ittunk illetve egy kicsit reggelizt\u00fcnk.<\/p>\n<p>Innen azt\u00e1n hegyr\u0151l fel hegyr\u0151l le ment\u00fcnk, s\u0151t m\u00e9g a biciklinket is tolnunk kellett egyszer-egyszer a mott\u00f3 szerint, amely azt mondja: \u201eWer sein Fahrrad liebt, der schiebt!\u201c (Aki szereti a biciklij\u00e9t, az tolja). Az erdei \u00fat, eltekintve a sok emelked\u0151t\u0151l, csodasz\u00e9p volt, a h\u0171v\u00f6s lomb\u00fa f\u00e1kkal, a sok vir\u00e1ggal\u2026 Aki m\u00e1r volt Maulbronnban, azt tudja, hogy ez a gy\u00f6ny\u00f6r\u0171 helys\u00e9g dombok is erd\u0151 k\u00f6z\u00f6tt van elrejtve, aki viszont biciklivel megj\u00e1rta m\u00e1r az utat, az m\u00e9g ink\u00e1bb tudja azt is, hogy mennyire el van rejtve\u2026<\/p>\n<p>Szerencs\u00e9re miel\u0151tt meg\u00e9rkezt\u00fcnk volna kolostorhoz, Zoli m\u00e9g elvitt mag\u00e1hoz hogy megk\u00edn\u00e1ljon benn\u00fcnket egy kis itallal, gy\u00fcm\u00f6lcs-sal\u00e1t\u00e1val \u00e9s a nagyon finom tepert\u0151s pog\u00e1cs\u00e1val, amelyet \u00e9desanyja k\u00e9sz\u00edtett. Term\u00e9szetesen mi, l\u00e1nyok \u00e9s asszonyok a tepert\u0151s pog\u00e1csa receptj\u00e9t szerett\u00fck volna megtudni, de semmi es\u00e9ly\u00fcnk nem volt r\u00e1, ugyanis azt nem \u00edr\u00e1s \u0151rizte, hanem Zoli \u00e9desanyj\u00e1nak a sz\u00edve \u00e9s keze. Majd legk\u00f6zelebb \u00fagyis megszerezz\u00fck a receptet&#8230;<\/p>\n<p>Egy j\u00f3 \u00e9s kiad\u00f3s pihen\u0151 ut\u00e1n meg\u00e9rkezt\u00fcnk a kolostorhoz. Imre atya el\u0151sz\u00f6r a kolostor t\u00f6rt\u00e9net\u00e9t mes\u00e9lte el nek\u00fcnk a k\u00fatn\u00e1l, Zoli pedig legend\u00e1kkal is t\u00f6rt\u00e9netekkel kedveskedett nek\u00fcnk, amelyeket a kolostorral kapcsolatban \u0151rz\u00f6tt meg az eml\u00e9kezet. A Schwarzwaldt\u00f3l \u00e9szakra fekv\u0151 legjobban megmaradt kolostor val\u00f3ban minden zar\u00e1ndokot csod\u00e1lattal t\u00f6lt el.\u00a0 H\u00e1t m\u00e9g ha be is j\u00e1rja, mint ahogyan azt mi tett\u00fck Imre aty\u00e1val\u2026 Ut\u00e1na szellemileg \u00e9s lelkileg felt\u00f6lt\u0151dve ki\u00fclt\u00fcnk a kolostor melletti vend\u00e9gl\u0151 kertj\u00e9be, \u00e9s ott \u00e9tellel \u00e9s itallal er\u0151s\u00edtett\u00fck magunkat, na meg term\u00e9szetesen a Sanyi \u00e1ltal oszotogatott kis magn\u00e9zium-tablett\u00e1kkal&#8230; Itt ismert\u00fck meg m\u00e9g jobban azokat, akik most el\u0151sz\u00f6r csap\u00f3dtak hozz\u00e1nk: J\u00f3zsit is Erik\u00e1t.<\/p>\n<p>F\u00e1rads\u00e1ggal a csontjainkban \u00e9s izmainkban, viszont lelkileg \u00e9s szellemileg felt\u00f6lt\u0151dve \u00a0indultunk vissza. A h\u00e1rom legfittebb h\u00f6lgy: Erzsike, Erika \u00e9s j\u00f3magam nagyon, de nagyon\u00a0 \u00e9lvezt\u00fck a dimbes-dombos utat&#8230;<\/p>\n<p>Meg\u00e9rkezve M\u00fchlackerbe az els\u0151 \u00fatjelz\u0151 t\u00e1bl\u00e1n\u00e1l meg\u00e1lltunk \u00e9s mikor l\u00e1ttuk hogy Pforzheim 12 km-re, Vaihingen pedig 15-re van, term\u00e9szetesen Pforzheim fel\u00e9 vett\u00fck az \u00fatunkat.\u00a0 \u00dagye nem kell megmagyar\u00e1znom, hogy mi\u00e9rt? Ez\u00fattal az Enz m\u00e9g szebb volt, mint Maulbronn fel\u00e9 j\u00f6vet, most a s\u00edk bicikliutat m\u00e9g jobban \u00e9lvezt\u00fck, hisz m\u00e1r f\u00e1radtak voltunk. T\u00f6bb sz\u00fcnetett is kellett tartanunk, hogy v\u00edzzel er\u0151s\u00edts\u00fck magunkat. F\u00e1radtan de boldogan \u00e9rkezt\u00fcnk meg 19.00 t\u00e1jban Pforzheimba. Mad\u00e1rl\u00e1tta eles\u00e9g\u00fcnket nem akartuk hazahozni, ez\u00e9rt le\u00fclt\u00fcnk az \u00e1llom\u00e1s el\u0151tt, \u00e9s mindent k\u00f6z\u00f6sen elfogyasztottunk, mik\u00f6zben v\u00e1rtuk a vonatot. F\u00e9l 9 t\u00e1jban \u00e9rkezt\u00fcnk meg Stuttgartba, \u00e9s \u00fagy b\u00facs\u00faztunk el egym\u00e1st\u00f3l, hogy a k\u00f6vetkez\u0151 \u00e9vben ism\u00e9t tal\u00e1lkozunk &#8211; a hagyom\u00e1nyos bicaj-zarin.<br \/>\n<em>Stuttgart, 2017-06-19.<\/em><\/p>\n<p><em><br \/>\nDr. Diana Horvath<\/em><\/p>\n","protected":false},"excerpt":{"rendered":"<p>Bicaj-zari Maulbronnba Szombaton j\u00fanius 17-\u00e9n reggel f\u00e9l 9-kor ism\u00e9t tal\u00e1lkoztunk a Stuttgarti F\u0151p\u00e1lyaudvaron az imm\u00e1r hetedik esztendeje szok\u00e1sos biciklizar\u00e1ndoklatra. 9.00 \u00f3rakor indult Karlsruhe fel\u00e9 a vonatunk, \u00e9s alig tal\u00e1ltunk magunknak helyet a sok bicikli k\u00f6z\u00f6tt, ugyanis nagyon sz\u00e9p id\u0151 volt: Szent P\u00e9ter igen csak j\u00f3 id\u0151vel \u00e1ldott meg benn\u00fcnket! Emese Ulmb\u00f3l, \u00c9va \u00e9s Sanyi Dettingenb\u0151l, Erika \u00e9s J\u00f3zsi B\u00f6blingenb\u0151l, Erzsike \u00e9s Tibi Waiblingenb\u0151l, az Andr\u00e9 csal\u00e1d h\u00e1romtagja, egy bar\u00e1t, Imre atya \u00e9s j\u00f3magam Stuttgartb\u00f3l\u2026 Vaihingenben k\u00e9t \u201e\u0151stagunk\u201c is felsz\u00e1llt: Zita \u00e9s Laci. Pontosan f\u00e9l 10-kor \u00e9rkezt\u00fcnk meg Pforzheimba, ahol a \u201eGeiger-banda\u201c m\u00e1r v\u00e1rt r\u00e1nk: Erika, Georg, Joellel \u00e9s term\u00e9szetesen Bucik\u00e1val. Igy h\u00e1t 19-en voltunk, \u00e9s m\u00e1r indultunk is volna \u00fatunkra, ha valaki nem felejtette volna a mell\u00e9ny\u00e9t \u00e9s benne valamennyi kulcs\u00e1t a h\u00e1tizs\u00e1kkal egy\u00fctt \u2013 a vonaton. Az ilyenkor szok\u00e1sos hivatalos elint\u00e9znival\u00f3, \u00e9s a sok im\u00e1ds\u00e1g azonban ez alkalommal meghozta a gy\u00fcm\u00f6lcs\u00e9t: egy \u00f3ra m\u00falva minden visszaker\u00fclt jogos tulajdonos\u00e1hoz, aki, nem is kell, hogy mondjam, mennyire \u00f6rvendett a dolog szerencs\u00e9s kimenetel\u00e9nek\u2026 Egy kicsi k\u00e9s\u00e9ssel elindultunk teh\u00e1t libasorban az Enz ment\u00e9n M\u00fchlacker fel\u00e9. K\u00f6r\u00fcl\u00f6tt\u00fcnk vir\u00e1gos r\u00e9t, mellett\u00fcnk csacsogott a foly\u00f3, \u00e9s sz\u00e9p naps\u00fct\u00e9s k\u00eds\u00e9rt benn\u00fcnket eg\u00e9szen \u00fatunkon. Alig indultunk el, term\u00e9szetesen elindult a besz\u00e9lget\u00e9s is, \u00e9s \u00c9v\u00e1nak valamint Sanyinak, akik az eg\u00e9sz bicaj-zarit szervezt\u00e9k ugyancsak oda kellett figyelni r\u00e1nk, nehogy elt\u00e9vessz\u00fck az utat sok csacsog\u00e1s k\u00f6z\u00f6tt. Az Andr\u00e9-fi\u00fak mindig el\u0151re siettek, eg\u00e9szen addig am\u00edg az egyik\u00fck el nem esett. Szerencs\u00e9re nem t\u00f6rt\u00e9nt k\u00fcl\u00f6n\u00f6sebb nagy baj, \u00e9s a \u00a0k\u00f6z\u00f6tt\u00fck jelenl\u00e9v\u0151 orvosnak siker\u00fclt a sebeket bek\u00f6t\u00f6znie M\u00fchlackerbe meg\u00e9rkezve \u00e1tment\u00fcnk a gyalogos z\u00f3n\u00e1n, azt\u00e1n kerest\u00fck az utat Maulbronn fel\u00e9. Innen kezd\u0151d\u00f6tt azt\u00e1n a neh\u00e9zs\u00e9g. Ugyanis el\u00e9gg\u00e9 dimbes-dombos volt az \u00fat. M\u00e9g szerencse, hogy csatlakozott hozz\u00e1nk Zoli, aki nagyszer\u0171en kiismerte mag\u00e1t, hisz Maulbronnban lakik. Miel\u0151tt meg\u00e9rkezt\u00fcnk volna hozz\u00e1juk, m\u00e9g megpihent\u00fcnk egy pizz\u00e9ri\u00e1n\u00e1l, ahol egy finom eszpressz\u00f3t ittunk illetve egy kicsit reggelizt\u00fcnk. Innen azt\u00e1n hegyr\u0151l fel&#8230; <\/p>\n<p><a class=\"readmore\" href=\"https:\/\/stuttgarti-katolikusok.de\/index.php\/bicaj-zari-maulbronnba\/\">R\u00e9szletek<\/a><\/p>\n","protected":false},"author":3,"featured_media":12241,"comment_status":"closed","ping_status":"closed","sticky":false,"template":"","format":"standard","meta":{"footnotes":""},"categories":[28],"tags":[],"class_list":["post-12239","post","type-post","status-publish","format-standard","has-post-thumbnail","hentry","category-olvasoink-irjak"],"yoast_head":"<!-- This site is optimized with the Yoast SEO plugin v27.3 - https:\/\/yoast.com\/product\/yoast-seo-wordpress\/ -->\n<title>Bicaj-zari Maulbronnba - Stuttgarti Katolikusok<\/title>\n<meta name=\"robots\" content=\"index, follow, max-snippet:-1, max-image-preview:large, max-video-preview:-1\" \/>\n<link rel=\"canonical\" href=\"https:\/\/stuttgarti-katolikusok.de\/index.php\/bicaj-zari-maulbronnba\/\" \/>\n<meta property=\"og:locale\" content=\"hu_HU\" \/>\n<meta property=\"og:type\" content=\"article\" \/>\n<meta property=\"og:title\" content=\"Bicaj-zari Maulbronnba - Stuttgarti Katolikusok\" \/>\n<meta property=\"og:description\" content=\"Bicaj-zari Maulbronnba Szombaton j\u00fanius 17-\u00e9n reggel f\u00e9l 9-kor ism\u00e9t tal\u00e1lkoztunk a Stuttgarti F\u0151p\u00e1lyaudvaron az imm\u00e1r hetedik esztendeje szok\u00e1sos biciklizar\u00e1ndoklatra. 9.00 \u00f3rakor indult Karlsruhe fel\u00e9 a vonatunk, \u00e9s alig tal\u00e1ltunk magunknak helyet a sok bicikli k\u00f6z\u00f6tt, ugyanis nagyon sz\u00e9p id\u0151 volt: Szent P\u00e9ter igen csak j\u00f3 id\u0151vel \u00e1ldott meg benn\u00fcnket! Emese Ulmb\u00f3l, \u00c9va \u00e9s Sanyi Dettingenb\u0151l, Erika \u00e9s J\u00f3zsi B\u00f6blingenb\u0151l, Erzsike \u00e9s Tibi Waiblingenb\u0151l, az Andr\u00e9 csal\u00e1d h\u00e1romtagja, egy bar\u00e1t, Imre atya \u00e9s j\u00f3magam Stuttgartb\u00f3l\u2026 Vaihingenben k\u00e9t \u201e\u0151stagunk\u201c is felsz\u00e1llt: Zita \u00e9s Laci. Pontosan f\u00e9l 10-kor \u00e9rkezt\u00fcnk meg Pforzheimba, ahol a \u201eGeiger-banda\u201c m\u00e1r v\u00e1rt r\u00e1nk: Erika, Georg, Joellel \u00e9s term\u00e9szetesen Bucik\u00e1val. Igy h\u00e1t 19-en voltunk, \u00e9s m\u00e1r indultunk is volna \u00fatunkra, ha valaki nem felejtette volna a mell\u00e9ny\u00e9t \u00e9s benne valamennyi kulcs\u00e1t a h\u00e1tizs\u00e1kkal egy\u00fctt \u2013 a vonaton. Az ilyenkor szok\u00e1sos hivatalos elint\u00e9znival\u00f3, \u00e9s a sok im\u00e1ds\u00e1g azonban ez alkalommal meghozta a gy\u00fcm\u00f6lcs\u00e9t: egy \u00f3ra m\u00falva minden visszaker\u00fclt jogos tulajdonos\u00e1hoz, aki, nem is kell, hogy mondjam, mennyire \u00f6rvendett a dolog szerencs\u00e9s kimenetel\u00e9nek\u2026 Egy kicsi k\u00e9s\u00e9ssel elindultunk teh\u00e1t libasorban az Enz ment\u00e9n M\u00fchlacker fel\u00e9. K\u00f6r\u00fcl\u00f6tt\u00fcnk vir\u00e1gos r\u00e9t, mellett\u00fcnk csacsogott a foly\u00f3, \u00e9s sz\u00e9p naps\u00fct\u00e9s k\u00eds\u00e9rt benn\u00fcnket eg\u00e9szen \u00fatunkon. Alig indultunk el, term\u00e9szetesen elindult a besz\u00e9lget\u00e9s is, \u00e9s \u00c9v\u00e1nak valamint Sanyinak, akik az eg\u00e9sz bicaj-zarit szervezt\u00e9k ugyancsak oda kellett figyelni r\u00e1nk, nehogy elt\u00e9vessz\u00fck az utat sok csacsog\u00e1s k\u00f6z\u00f6tt. Az Andr\u00e9-fi\u00fak mindig el\u0151re siettek, eg\u00e9szen addig am\u00edg az egyik\u00fck el nem esett. Szerencs\u00e9re nem t\u00f6rt\u00e9nt k\u00fcl\u00f6n\u00f6sebb nagy baj, \u00e9s a \u00a0k\u00f6z\u00f6tt\u00fck jelenl\u00e9v\u0151 orvosnak siker\u00fclt a sebeket bek\u00f6t\u00f6znie M\u00fchlackerbe meg\u00e9rkezve \u00e1tment\u00fcnk a gyalogos z\u00f3n\u00e1n, azt\u00e1n kerest\u00fck az utat Maulbronn fel\u00e9. Innen kezd\u0151d\u00f6tt azt\u00e1n a neh\u00e9zs\u00e9g. Ugyanis el\u00e9gg\u00e9 dimbes-dombos volt az \u00fat. M\u00e9g szerencse, hogy csatlakozott hozz\u00e1nk Zoli, aki nagyszer\u0171en kiismerte mag\u00e1t, hisz Maulbronnban lakik. Miel\u0151tt meg\u00e9rkezt\u00fcnk volna hozz\u00e1juk, m\u00e9g megpihent\u00fcnk egy pizz\u00e9ri\u00e1n\u00e1l, ahol egy finom eszpressz\u00f3t ittunk illetve egy kicsit reggelizt\u00fcnk. Innen azt\u00e1n hegyr\u0151l fel... R\u00e9szletek\" \/>\n<meta property=\"og:url\" content=\"https:\/\/stuttgarti-katolikusok.de\/index.php\/bicaj-zari-maulbronnba\/\" \/>\n<meta property=\"og:site_name\" content=\"Stuttgarti Katolikusok\" \/>\n<meta property=\"article:published_time\" content=\"2017-06-19T08:07:12+00:00\" \/>\n<meta property=\"article:modified_time\" content=\"2017-06-19T10:30:31+00:00\" \/>\n<meta property=\"og:image\" content=\"https:\/\/stuttgarti-katolikusok.de\/wp-content\/uploads\/2017\/06\/dscn6070-1024x768.jpg\" \/>\n\t<meta property=\"og:image:width\" content=\"1024\" \/>\n\t<meta property=\"og:image:height\" content=\"768\" \/>\n\t<meta property=\"og:image:type\" content=\"image\/jpeg\" \/>\n<meta name=\"author\" content=\"Tibor atya\" \/>\n<meta name=\"twitter:card\" content=\"summary_large_image\" \/>\n<meta name=\"twitter:label1\" content=\"Szerz\u0151:\" \/>\n\t<meta name=\"twitter:data1\" content=\"Tibor atya\" \/>\n\t<meta name=\"twitter:label2\" content=\"Becs\u00fclt olvas\u00e1si id\u0151\" \/>\n\t<meta name=\"twitter:data2\" content=\"5 perc\" \/>\n<script type=\"application\/ld+json\" class=\"yoast-schema-graph\">{\"@context\":\"https:\\\/\\\/schema.org\",\"@graph\":[{\"@type\":\"Article\",\"@id\":\"https:\\\/\\\/stuttgarti-katolikusok.de\\\/index.php\\\/bicaj-zari-maulbronnba\\\/#article\",\"isPartOf\":{\"@id\":\"https:\\\/\\\/stuttgarti-katolikusok.de\\\/index.php\\\/bicaj-zari-maulbronnba\\\/\"},\"author\":{\"name\":\"Tibor atya\",\"@id\":\"https:\\\/\\\/stuttgarti-katolikusok.de\\\/#\\\/schema\\\/person\\\/75908d6f8fdc03a57889d27209df7795\"},\"headline\":\"Bicaj-zari Maulbronnba\",\"datePublished\":\"2017-06-19T08:07:12+00:00\",\"dateModified\":\"2017-06-19T10:30:31+00:00\",\"mainEntityOfPage\":{\"@id\":\"https:\\\/\\\/stuttgarti-katolikusok.de\\\/index.php\\\/bicaj-zari-maulbronnba\\\/\"},\"wordCount\":980,\"image\":{\"@id\":\"https:\\\/\\\/stuttgarti-katolikusok.de\\\/index.php\\\/bicaj-zari-maulbronnba\\\/#primaryimage\"},\"thumbnailUrl\":\"https:\\\/\\\/stuttgarti-katolikusok.de\\\/wp-content\\\/uploads\\\/2017\\\/06\\\/dscn6070.jpg\",\"articleSection\":[\"Olvas\u00f3ink \u00edrj\u00e1k\"],\"inLanguage\":\"hu\"},{\"@type\":\"WebPage\",\"@id\":\"https:\\\/\\\/stuttgarti-katolikusok.de\\\/index.php\\\/bicaj-zari-maulbronnba\\\/\",\"url\":\"https:\\\/\\\/stuttgarti-katolikusok.de\\\/index.php\\\/bicaj-zari-maulbronnba\\\/\",\"name\":\"Bicaj-zari Maulbronnba - Stuttgarti Katolikusok\",\"isPartOf\":{\"@id\":\"https:\\\/\\\/stuttgarti-katolikusok.de\\\/#website\"},\"primaryImageOfPage\":{\"@id\":\"https:\\\/\\\/stuttgarti-katolikusok.de\\\/index.php\\\/bicaj-zari-maulbronnba\\\/#primaryimage\"},\"image\":{\"@id\":\"https:\\\/\\\/stuttgarti-katolikusok.de\\\/index.php\\\/bicaj-zari-maulbronnba\\\/#primaryimage\"},\"thumbnailUrl\":\"https:\\\/\\\/stuttgarti-katolikusok.de\\\/wp-content\\\/uploads\\\/2017\\\/06\\\/dscn6070.jpg\",\"datePublished\":\"2017-06-19T08:07:12+00:00\",\"dateModified\":\"2017-06-19T10:30:31+00:00\",\"author\":{\"@id\":\"https:\\\/\\\/stuttgarti-katolikusok.de\\\/#\\\/schema\\\/person\\\/75908d6f8fdc03a57889d27209df7795\"},\"breadcrumb\":{\"@id\":\"https:\\\/\\\/stuttgarti-katolikusok.de\\\/index.php\\\/bicaj-zari-maulbronnba\\\/#breadcrumb\"},\"inLanguage\":\"hu\",\"potentialAction\":[{\"@type\":\"ReadAction\",\"target\":[\"https:\\\/\\\/stuttgarti-katolikusok.de\\\/index.php\\\/bicaj-zari-maulbronnba\\\/\"]}]},{\"@type\":\"ImageObject\",\"inLanguage\":\"hu\",\"@id\":\"https:\\\/\\\/stuttgarti-katolikusok.de\\\/index.php\\\/bicaj-zari-maulbronnba\\\/#primaryimage\",\"url\":\"https:\\\/\\\/stuttgarti-katolikusok.de\\\/wp-content\\\/uploads\\\/2017\\\/06\\\/dscn6070.jpg\",\"contentUrl\":\"https:\\\/\\\/stuttgarti-katolikusok.de\\\/wp-content\\\/uploads\\\/2017\\\/06\\\/dscn6070.jpg\",\"width\":4000,\"height\":3000},{\"@type\":\"BreadcrumbList\",\"@id\":\"https:\\\/\\\/stuttgarti-katolikusok.de\\\/index.php\\\/bicaj-zari-maulbronnba\\\/#breadcrumb\",\"itemListElement\":[{\"@type\":\"ListItem\",\"position\":1,\"name\":\"Kezd\u0151lap\",\"item\":\"https:\\\/\\\/stuttgarti-katolikusok.de\\\/\"},{\"@type\":\"ListItem\",\"position\":2,\"name\":\"Bicaj-zari Maulbronnba\"}]},{\"@type\":\"WebSite\",\"@id\":\"https:\\\/\\\/stuttgarti-katolikusok.de\\\/#website\",\"url\":\"https:\\\/\\\/stuttgarti-katolikusok.de\\\/\",\"name\":\"Stuttgarti Katolikusok\",\"description\":\"\",\"potentialAction\":[{\"@type\":\"SearchAction\",\"target\":{\"@type\":\"EntryPoint\",\"urlTemplate\":\"https:\\\/\\\/stuttgarti-katolikusok.de\\\/?s={search_term_string}\"},\"query-input\":{\"@type\":\"PropertyValueSpecification\",\"valueRequired\":true,\"valueName\":\"search_term_string\"}}],\"inLanguage\":\"hu\"},{\"@type\":\"Person\",\"@id\":\"https:\\\/\\\/stuttgarti-katolikusok.de\\\/#\\\/schema\\\/person\\\/75908d6f8fdc03a57889d27209df7795\",\"name\":\"Tibor atya\",\"image\":{\"@type\":\"ImageObject\",\"inLanguage\":\"hu\",\"@id\":\"https:\\\/\\\/secure.gravatar.com\\\/avatar\\\/61d268e57d1f4525b111222e29d2d5a7f8c420fdbf231ba5566a8ceac74fa960?s=96&d=mm&r=g\",\"url\":\"https:\\\/\\\/secure.gravatar.com\\\/avatar\\\/61d268e57d1f4525b111222e29d2d5a7f8c420fdbf231ba5566a8ceac74fa960?s=96&d=mm&r=g\",\"contentUrl\":\"https:\\\/\\\/secure.gravatar.com\\\/avatar\\\/61d268e57d1f4525b111222e29d2d5a7f8c420fdbf231ba5566a8ceac74fa960?s=96&d=mm&r=g\",\"caption\":\"Tibor atya\"},\"url\":\"https:\\\/\\\/stuttgarti-katolikusok.de\\\/index.php\\\/author\\\/tibor-atya\\\/\"}]}<\/script>\n<!-- \/ Yoast SEO plugin. -->","yoast_head_json":{"title":"Bicaj-zari Maulbronnba - Stuttgarti Katolikusok","robots":{"index":"index","follow":"follow","max-snippet":"max-snippet:-1","max-image-preview":"max-image-preview:large","max-video-preview":"max-video-preview:-1"},"canonical":"https:\/\/stuttgarti-katolikusok.de\/index.php\/bicaj-zari-maulbronnba\/","og_locale":"hu_HU","og_type":"article","og_title":"Bicaj-zari Maulbronnba - Stuttgarti Katolikusok","og_description":"Bicaj-zari Maulbronnba Szombaton j\u00fanius 17-\u00e9n reggel f\u00e9l 9-kor ism\u00e9t tal\u00e1lkoztunk a Stuttgarti F\u0151p\u00e1lyaudvaron az imm\u00e1r hetedik esztendeje szok\u00e1sos biciklizar\u00e1ndoklatra. 9.00 \u00f3rakor indult Karlsruhe fel\u00e9 a vonatunk, \u00e9s alig tal\u00e1ltunk magunknak helyet a sok bicikli k\u00f6z\u00f6tt, ugyanis nagyon sz\u00e9p id\u0151 volt: Szent P\u00e9ter igen csak j\u00f3 id\u0151vel \u00e1ldott meg benn\u00fcnket! Emese Ulmb\u00f3l, \u00c9va \u00e9s Sanyi Dettingenb\u0151l, Erika \u00e9s J\u00f3zsi B\u00f6blingenb\u0151l, Erzsike \u00e9s Tibi Waiblingenb\u0151l, az Andr\u00e9 csal\u00e1d h\u00e1romtagja, egy bar\u00e1t, Imre atya \u00e9s j\u00f3magam Stuttgartb\u00f3l\u2026 Vaihingenben k\u00e9t \u201e\u0151stagunk\u201c is felsz\u00e1llt: Zita \u00e9s Laci. Pontosan f\u00e9l 10-kor \u00e9rkezt\u00fcnk meg Pforzheimba, ahol a \u201eGeiger-banda\u201c m\u00e1r v\u00e1rt r\u00e1nk: Erika, Georg, Joellel \u00e9s term\u00e9szetesen Bucik\u00e1val. Igy h\u00e1t 19-en voltunk, \u00e9s m\u00e1r indultunk is volna \u00fatunkra, ha valaki nem felejtette volna a mell\u00e9ny\u00e9t \u00e9s benne valamennyi kulcs\u00e1t a h\u00e1tizs\u00e1kkal egy\u00fctt \u2013 a vonaton. Az ilyenkor szok\u00e1sos hivatalos elint\u00e9znival\u00f3, \u00e9s a sok im\u00e1ds\u00e1g azonban ez alkalommal meghozta a gy\u00fcm\u00f6lcs\u00e9t: egy \u00f3ra m\u00falva minden visszaker\u00fclt jogos tulajdonos\u00e1hoz, aki, nem is kell, hogy mondjam, mennyire \u00f6rvendett a dolog szerencs\u00e9s kimenetel\u00e9nek\u2026 Egy kicsi k\u00e9s\u00e9ssel elindultunk teh\u00e1t libasorban az Enz ment\u00e9n M\u00fchlacker fel\u00e9. K\u00f6r\u00fcl\u00f6tt\u00fcnk vir\u00e1gos r\u00e9t, mellett\u00fcnk csacsogott a foly\u00f3, \u00e9s sz\u00e9p naps\u00fct\u00e9s k\u00eds\u00e9rt benn\u00fcnket eg\u00e9szen \u00fatunkon. Alig indultunk el, term\u00e9szetesen elindult a besz\u00e9lget\u00e9s is, \u00e9s \u00c9v\u00e1nak valamint Sanyinak, akik az eg\u00e9sz bicaj-zarit szervezt\u00e9k ugyancsak oda kellett figyelni r\u00e1nk, nehogy elt\u00e9vessz\u00fck az utat sok csacsog\u00e1s k\u00f6z\u00f6tt. Az Andr\u00e9-fi\u00fak mindig el\u0151re siettek, eg\u00e9szen addig am\u00edg az egyik\u00fck el nem esett. Szerencs\u00e9re nem t\u00f6rt\u00e9nt k\u00fcl\u00f6n\u00f6sebb nagy baj, \u00e9s a \u00a0k\u00f6z\u00f6tt\u00fck jelenl\u00e9v\u0151 orvosnak siker\u00fclt a sebeket bek\u00f6t\u00f6znie M\u00fchlackerbe meg\u00e9rkezve \u00e1tment\u00fcnk a gyalogos z\u00f3n\u00e1n, azt\u00e1n kerest\u00fck az utat Maulbronn fel\u00e9. Innen kezd\u0151d\u00f6tt azt\u00e1n a neh\u00e9zs\u00e9g. Ugyanis el\u00e9gg\u00e9 dimbes-dombos volt az \u00fat. M\u00e9g szerencse, hogy csatlakozott hozz\u00e1nk Zoli, aki nagyszer\u0171en kiismerte mag\u00e1t, hisz Maulbronnban lakik. Miel\u0151tt meg\u00e9rkezt\u00fcnk volna hozz\u00e1juk, m\u00e9g megpihent\u00fcnk egy pizz\u00e9ri\u00e1n\u00e1l, ahol egy finom eszpressz\u00f3t ittunk illetve egy kicsit reggelizt\u00fcnk. Innen azt\u00e1n hegyr\u0151l fel... R\u00e9szletek","og_url":"https:\/\/stuttgarti-katolikusok.de\/index.php\/bicaj-zari-maulbronnba\/","og_site_name":"Stuttgarti Katolikusok","article_published_time":"2017-06-19T08:07:12+00:00","article_modified_time":"2017-06-19T10:30:31+00:00","og_image":[{"width":1024,"height":768,"url":"https:\/\/stuttgarti-katolikusok.de\/wp-content\/uploads\/2017\/06\/dscn6070-1024x768.jpg","type":"image\/jpeg"}],"author":"Tibor atya","twitter_card":"summary_large_image","twitter_misc":{"Szerz\u0151:":"Tibor atya","Becs\u00fclt olvas\u00e1si id\u0151":"5 perc"},"schema":{"@context":"https:\/\/schema.org","@graph":[{"@type":"Article","@id":"https:\/\/stuttgarti-katolikusok.de\/index.php\/bicaj-zari-maulbronnba\/#article","isPartOf":{"@id":"https:\/\/stuttgarti-katolikusok.de\/index.php\/bicaj-zari-maulbronnba\/"},"author":{"name":"Tibor atya","@id":"https:\/\/stuttgarti-katolikusok.de\/#\/schema\/person\/75908d6f8fdc03a57889d27209df7795"},"headline":"Bicaj-zari Maulbronnba","datePublished":"2017-06-19T08:07:12+00:00","dateModified":"2017-06-19T10:30:31+00:00","mainEntityOfPage":{"@id":"https:\/\/stuttgarti-katolikusok.de\/index.php\/bicaj-zari-maulbronnba\/"},"wordCount":980,"image":{"@id":"https:\/\/stuttgarti-katolikusok.de\/index.php\/bicaj-zari-maulbronnba\/#primaryimage"},"thumbnailUrl":"https:\/\/stuttgarti-katolikusok.de\/wp-content\/uploads\/2017\/06\/dscn6070.jpg","articleSection":["Olvas\u00f3ink \u00edrj\u00e1k"],"inLanguage":"hu"},{"@type":"WebPage","@id":"https:\/\/stuttgarti-katolikusok.de\/index.php\/bicaj-zari-maulbronnba\/","url":"https:\/\/stuttgarti-katolikusok.de\/index.php\/bicaj-zari-maulbronnba\/","name":"Bicaj-zari Maulbronnba - Stuttgarti Katolikusok","isPartOf":{"@id":"https:\/\/stuttgarti-katolikusok.de\/#website"},"primaryImageOfPage":{"@id":"https:\/\/stuttgarti-katolikusok.de\/index.php\/bicaj-zari-maulbronnba\/#primaryimage"},"image":{"@id":"https:\/\/stuttgarti-katolikusok.de\/index.php\/bicaj-zari-maulbronnba\/#primaryimage"},"thumbnailUrl":"https:\/\/stuttgarti-katolikusok.de\/wp-content\/uploads\/2017\/06\/dscn6070.jpg","datePublished":"2017-06-19T08:07:12+00:00","dateModified":"2017-06-19T10:30:31+00:00","author":{"@id":"https:\/\/stuttgarti-katolikusok.de\/#\/schema\/person\/75908d6f8fdc03a57889d27209df7795"},"breadcrumb":{"@id":"https:\/\/stuttgarti-katolikusok.de\/index.php\/bicaj-zari-maulbronnba\/#breadcrumb"},"inLanguage":"hu","potentialAction":[{"@type":"ReadAction","target":["https:\/\/stuttgarti-katolikusok.de\/index.php\/bicaj-zari-maulbronnba\/"]}]},{"@type":"ImageObject","inLanguage":"hu","@id":"https:\/\/stuttgarti-katolikusok.de\/index.php\/bicaj-zari-maulbronnba\/#primaryimage","url":"https:\/\/stuttgarti-katolikusok.de\/wp-content\/uploads\/2017\/06\/dscn6070.jpg","contentUrl":"https:\/\/stuttgarti-katolikusok.de\/wp-content\/uploads\/2017\/06\/dscn6070.jpg","width":4000,"height":3000},{"@type":"BreadcrumbList","@id":"https:\/\/stuttgarti-katolikusok.de\/index.php\/bicaj-zari-maulbronnba\/#breadcrumb","itemListElement":[{"@type":"ListItem","position":1,"name":"Kezd\u0151lap","item":"https:\/\/stuttgarti-katolikusok.de\/"},{"@type":"ListItem","position":2,"name":"Bicaj-zari Maulbronnba"}]},{"@type":"WebSite","@id":"https:\/\/stuttgarti-katolikusok.de\/#website","url":"https:\/\/stuttgarti-katolikusok.de\/","name":"Stuttgarti Katolikusok","description":"","potentialAction":[{"@type":"SearchAction","target":{"@type":"EntryPoint","urlTemplate":"https:\/\/stuttgarti-katolikusok.de\/?s={search_term_string}"},"query-input":{"@type":"PropertyValueSpecification","valueRequired":true,"valueName":"search_term_string"}}],"inLanguage":"hu"},{"@type":"Person","@id":"https:\/\/stuttgarti-katolikusok.de\/#\/schema\/person\/75908d6f8fdc03a57889d27209df7795","name":"Tibor atya","image":{"@type":"ImageObject","inLanguage":"hu","@id":"https:\/\/secure.gravatar.com\/avatar\/61d268e57d1f4525b111222e29d2d5a7f8c420fdbf231ba5566a8ceac74fa960?s=96&d=mm&r=g","url":"https:\/\/secure.gravatar.com\/avatar\/61d268e57d1f4525b111222e29d2d5a7f8c420fdbf231ba5566a8ceac74fa960?s=96&d=mm&r=g","contentUrl":"https:\/\/secure.gravatar.com\/avatar\/61d268e57d1f4525b111222e29d2d5a7f8c420fdbf231ba5566a8ceac74fa960?s=96&d=mm&r=g","caption":"Tibor atya"},"url":"https:\/\/stuttgarti-katolikusok.de\/index.php\/author\/tibor-atya\/"}]}},"_links":{"self":[{"href":"https:\/\/stuttgarti-katolikusok.de\/index.php\/wp-json\/wp\/v2\/posts\/12239","targetHints":{"allow":["GET"]}}],"collection":[{"href":"https:\/\/stuttgarti-katolikusok.de\/index.php\/wp-json\/wp\/v2\/posts"}],"about":[{"href":"https:\/\/stuttgarti-katolikusok.de\/index.php\/wp-json\/wp\/v2\/types\/post"}],"author":[{"embeddable":true,"href":"https:\/\/stuttgarti-katolikusok.de\/index.php\/wp-json\/wp\/v2\/users\/3"}],"replies":[{"embeddable":true,"href":"https:\/\/stuttgarti-katolikusok.de\/index.php\/wp-json\/wp\/v2\/comments?post=12239"}],"version-history":[{"count":3,"href":"https:\/\/stuttgarti-katolikusok.de\/index.php\/wp-json\/wp\/v2\/posts\/12239\/revisions"}],"predecessor-version":[{"id":12249,"href":"https:\/\/stuttgarti-katolikusok.de\/index.php\/wp-json\/wp\/v2\/posts\/12239\/revisions\/12249"}],"wp:featuredmedia":[{"embeddable":true,"href":"https:\/\/stuttgarti-katolikusok.de\/index.php\/wp-json\/wp\/v2\/media\/12241"}],"wp:attachment":[{"href":"https:\/\/stuttgarti-katolikusok.de\/index.php\/wp-json\/wp\/v2\/media?parent=12239"}],"wp:term":[{"taxonomy":"category","embeddable":true,"href":"https:\/\/stuttgarti-katolikusok.de\/index.php\/wp-json\/wp\/v2\/categories?post=12239"},{"taxonomy":"post_tag","embeddable":true,"href":"https:\/\/stuttgarti-katolikusok.de\/index.php\/wp-json\/wp\/v2\/tags?post=12239"}],"curies":[{"name":"wp","href":"https:\/\/api.w.org\/{rel}","templated":true}]}}