{"id":12231,"date":"2017-06-19T06:17:43","date_gmt":"2017-06-19T06:17:43","guid":{"rendered":"https:\/\/gracious-dewdney.138-201-221-2.plesk.page\/?p=12231"},"modified":"2017-06-19T07:28:24","modified_gmt":"2017-06-19T07:28:24","slug":"programelozetes-junius-19-es-julius-9-kozott","status":"publish","type":"post","link":"https:\/\/stuttgarti-katolikusok.de\/index.php\/programelozetes-junius-19-es-julius-9-kozott\/","title":{"rendered":"Programel\u0151zetes j\u00fanius 19 \u00e9s j\u00falius 9 k\u00f6z\u00f6tt"},"content":{"rendered":"<p><strong>Programel\u0151zetes<\/strong><\/p>\n<p><strong>\u00a0<\/strong><\/p>\n<p><strong>J\u00fanius 22-\u00e9n, <\/strong>cs\u00fct\u00f6rt\u00f6k\u00f6n,<\/p>\n<p>17.30 \u00f3rakor, <strong>Ulmi d\u00e9lut\u00e1n<\/strong>. <em>Szentmise<\/em> el\u0151tt <em>gy\u00f3ntat\u00e1s<\/em>, szentmise ut\u00e1n <em>Besz\u00e9lget\u00e9sek a Bibli\u00e1r\u00f3l<\/em>.<\/p>\n<p style=\"text-align: center;\">*<\/p>\n<p><strong>J\u00fanius 23-\u00e1n, <\/strong>p\u00e9nteken,<\/p>\n<p><strong>Stuttgartban<\/strong> 16.00 \u00f3rakor <em>Bar\u00e1ts\u00e1gklub<\/em>.<strong>\u00a0 <\/strong>17.50 \u00f3rakor <em>J\u00e9zus Sz\u00edve \u00e1jtatoss\u00e1g<\/em>, majd <em>szentmise, <\/em>keret\u00e9ben <em>P\u00e9nteki Egyetem: Besz\u00e9lget\u00e9sek a Katekizmusr\u00f3l<\/em>. Ut\u00e1na <em>Sportklub<\/em>.<\/p>\n<p>19.00 \u00f3rakor <strong>Weingarteni d\u00e9lut\u00e1n<\/strong> a Marien Kirche-ben. 18.30-kor <em>r\u00f3zsaf\u00fcz\u00e9r im\u00e1ds\u00e1g<\/em>, <em>J\u00e9zus Sz\u00edve \u00e1jtatoss\u00e1g<\/em>, 19.00 \u00f3rakor <em>szentmise<\/em>, azt k\u00f6vet\u0151en pedig <em>Besz\u00e9lget\u00e9sek a Bibli\u00e1r\u00f3l<\/em>.<\/p>\n<p style=\"text-align: center;\">*<\/p>\n<p><strong>J\u00fanius 24<\/strong>, szombat,<\/p>\n<p><strong>Biberachban templomb\u00facs\u00fa:<\/strong> \u00c1rp\u00e1dh\u00e1zi Szent Kinga \u00fcnnepe. 16.00 \u00f3rakor <em>szentmise<\/em>, majd <em>\u00e1g\u00e1p\u00e9<\/em>.<\/p>\n<p><strong>Reutlingenben <\/strong>16.30 \u00f3rakor <em>szentmise<\/em>, ut\u00e1na <em>\u00e1g\u00e1p\u00e9<\/em>.<\/p>\n<p style=\"text-align: center;\">*<\/p>\n<p><strong>J\u00fanius 25-\u00e9n, <\/strong>vas\u00e1rnap,<\/p>\n<p><strong>Heidenheimban<\/strong>, 8.00 \u00f3rakkor szentmise! A szentmise keret\u00e9ben <em>Sarnyai Tamara<\/em> els\u0151\u00e1ldoz\u00e1s\u00e1ra ker\u00fcl sor.<\/p>\n<p><strong>B\u00f6blingenben templomb\u00facs\u00fa: <\/strong><em>Boldog Scheffler J\u00e1nos \u00e9s Boldog Bogd\u00e1nffy Szil\u00e1rd v\u00e9rtan\u00fa p\u00fcsp\u00f6k\u00f6k \u00fcnnepe<\/em>. 9.30 \u00f3rakor <em>szentmise<\/em>, ut\u00e1na <em>\u00e1g\u00e1p\u00e9<\/em>.<\/p>\n<p><strong>Eislingenben <\/strong>15.00 \u00f3rakor szentmise, majd ut\u00e1na f\u00e9l\u00e9vz\u00e1r\u00f3 <em>\u00e1g\u00e1p\u00e9<\/em>, amelyen <em>l\u00e1ngoss\u00fct\u00e9s<\/em> lesz.<\/p>\n<p><strong>Heilbronnban <\/strong>15.30 \u00f3rakor <em>igeistentisztelet<\/em>, ut\u00e1na <em>\u00e1g\u00e1p\u00e9<\/em>.<\/p>\n<p style=\"text-align: center;\">*<\/p>\n<p><strong>J\u00fanius 29-\u00e9n, <\/strong>cs\u00fct\u00f6rt\u00f6k\u00f6n,<\/p>\n<p>17.30 \u00f3rakor, <strong>Ulmi d\u00e9lut\u00e1n<\/strong>. <em>Szentmise<\/em> el\u0151tt <em>gy\u00f3ntat\u00e1s<\/em>, szentmise ut\u00e1n <em>Besz\u00e9lget\u00e9sek a Bibli\u00e1r\u00f3l<\/em>.<\/p>\n<p style=\"text-align: center;\">*<\/p>\n<p><strong>J\u00fanius 30-\u00e1n, <\/strong>p\u00e9nteken,<\/p>\n<p><strong>Stuttgartban<\/strong> 17.50 \u00f3rakor <em>J\u00e9zus Sz\u00edve \u00e1jtatoss\u00e1g<\/em>, majd <em>szentmise, <\/em>keret\u00e9ben <em>P\u00e9nteki Egyetem: Besz\u00e9lget\u00e9sek a Katekizmusr\u00f3l<\/em>. Ut\u00e1na <em>bar\u00e1ti egy\u00fcttl\u00e9t a pl\u00e9b\u00e1ni\u00e1n<\/em>.<\/p>\n<p>19.00 \u00f3rakor <strong>Weingarteni d\u00e9lut\u00e1n<\/strong> a Marien Kirche-ben. 18.30-kor <em>r\u00f3zsaf\u00fcz\u00e9r im\u00e1ds\u00e1g<\/em>, <em>J\u00e9zus Sz\u00edve \u00e1jtatoss\u00e1g<\/em>, 19.00 \u00f3rakor <em>szentmise<\/em>, azt k\u00f6vet\u0151en pedig <em>Besz\u00e9lget\u00e9sek a Bibli\u00e1r\u00f3l<\/em>.<\/p>\n<p style=\"text-align: center;\">*<\/p>\n<p><strong>J\u00falius 01, <\/strong>szombat,<\/p>\n<p><strong>Stuttgartban <\/strong><em>Lektorok Napja, <\/em>tov\u00e1bbk\u00e9pz\u0151: <em>A lektor \u00e9s a Szent\u00edr\u00e1s<\/em> c\u00edmmel<em>. <\/em>Tal\u00e1lkoz\u00f3: \u00a09.00 \u00f3rakor a <em>K\u00f6z\u00f6ss\u00e9gi Teremben. <\/em>\u00a0Z\u00e1r\u00f3ima: 11.00 \u00f3rakor a templomban.<\/p>\n<p style=\"text-align: center;\">*<\/p>\n<p><strong>J\u00falius 02, <\/strong>vas\u00e1rnap,<b> <\/b><\/p>\n<p>a Stuttgarthoz k\u00e9zel fekv\u0151 B\u00e4rensee mellett <strong>Csal\u00e1di Nap<\/strong>. 9.30 \u00f3rakor t\u00e1bori szentmise, ut\u00e1na j\u00e1t\u00e9k, bar\u00e1ti egy\u00fcttl\u00e9t.<\/p>\n<p style=\"text-align: center;\">*<\/p>\n<p><strong>J\u00falius 06-\u00e1n, <\/strong>cs\u00fct\u00f6rt\u00f6k\u00f6n,<\/p>\n<p>17.30 \u00f3rakor, <strong>Ulmi d\u00e9lut\u00e1n<\/strong>. <em>Szentmise<\/em> el\u0151tt <em>gy\u00f3ntat\u00e1s<\/em>, szentmise ut\u00e1n <em>Besz\u00e9lget\u00e9sek a Bibli\u00e1r\u00f3l<\/em>.<\/p>\n<p style=\"text-align: center;\">*<\/p>\n<p><strong>J\u00falius 07-\u00e9n, <\/strong>p\u00e9nteken,<\/p>\n<p><strong>Stuttgartban<\/strong> 17.50 \u00f3rakor <em>r\u00f3zsaf\u00fcz\u00e9r \u00e1jtatoss\u00e1g<\/em>, majd <em>szentmise, <\/em>keret\u00e9ben <em>P\u00e9nteki Egyetem: Besz\u00e9lget\u00e9sek a Katekizmusr\u00f3l<\/em>. Ut\u00e1na <em>Imak\u00f6r<\/em>.<\/p>\n<p>19.00 \u00f3rakor <strong>Weingarteni d\u00e9lut\u00e1n<\/strong> a Marien Kirche-ben. 18.30-kor <em>r\u00f3zsaf\u00fcz\u00e9r im\u00e1ds\u00e1g<\/em>, <em>J\u00e9zus Sz\u00edve \u00e1jtatoss\u00e1g<\/em>, 19.00 \u00f3rakor <em>szentmise<\/em>, azt k\u00f6vet\u0151en pedig <em>Besz\u00e9lget\u00e9sek a Bibli\u00e1r\u00f3l<\/em>.<\/p>\n<p style=\"text-align: center;\">*<\/p>\n<p><strong>J\u00falius 09<\/strong>, vas\u00e1rnap,<\/p>\n<p><em>Egyh\u00e1zk\u00f6zs\u00e9g\u00fcnk 14 r\u00e9szegyh\u00e1z\u00e1nak <\/em><strong>Kis Zar\u00e1ndoklata.<\/strong> \u00datir\u00e1ny <strong>Ellwangen, <\/strong>a sch\u00f6nenbergi\u00a0 M\u00e1ria-kegytemplom.\u00a0 <em>Szentmise<\/em> 11.45 \u00f3rakor. Ut\u00e1na <em>k\u00f6z\u00f6s eb\u00e9d, \u00e9nek \u00e9s bar\u00e1ti egy\u00fcttl\u00e9t!<\/em> Stuttgartb\u00f3l \u00e9s Weingartenb\u0151l <em>aut\u00f3buszt<\/em> ind\u00edtunk! Aki vel\u00fcnk szeretne tartani <em>jelentkezz\u00e9k<\/em> az Irod\u00e1n, illetve Tibor aty\u00e1n\u00e1l!<\/p>\n<p>&nbsp;<\/p>\n<p><em>\u201eSenki nem tudja, mire k\u00e9pes, miel\u0151tt meg nem pr\u00f3b\u00e1lta volna\u201c<\/em> <strong>(Publilius Syrus \u2013 Kr.e. 90-40 \u2013 r\u00f3mai \u00edr\u00f3)<\/strong><\/p>\n<p><strong><em>Kellemes napokat, j\u00f3 munk\u00e1t, tartalmas besz\u00e9lget\u00e9seket \u00e9s \u00f6r\u00f6mteli tal\u00e1lkoz\u00e1sokat k\u00edv\u00e1nunk minden Kedves H\u00edv\u00fcnknek!<\/em><\/strong><\/p>\n","protected":false},"excerpt":{"rendered":"<p>Programel\u0151zetes \u00a0 J\u00fanius 22-\u00e9n, cs\u00fct\u00f6rt\u00f6k\u00f6n, 17.30 \u00f3rakor, Ulmi d\u00e9lut\u00e1n. Szentmise el\u0151tt gy\u00f3ntat\u00e1s, szentmise ut\u00e1n Besz\u00e9lget\u00e9sek a Bibli\u00e1r\u00f3l. * J\u00fanius 23-\u00e1n, p\u00e9nteken, Stuttgartban 16.00 \u00f3rakor Bar\u00e1ts\u00e1gklub.\u00a0 17.50 \u00f3rakor J\u00e9zus Sz\u00edve \u00e1jtatoss\u00e1g, majd szentmise, keret\u00e9ben P\u00e9nteki Egyetem: Besz\u00e9lget\u00e9sek a Katekizmusr\u00f3l. Ut\u00e1na Sportklub. 19.00 \u00f3rakor Weingarteni d\u00e9lut\u00e1n a Marien Kirche-ben. 18.30-kor r\u00f3zsaf\u00fcz\u00e9r im\u00e1ds\u00e1g, J\u00e9zus Sz\u00edve \u00e1jtatoss\u00e1g, 19.00 \u00f3rakor szentmise, azt k\u00f6vet\u0151en pedig Besz\u00e9lget\u00e9sek a Bibli\u00e1r\u00f3l. * J\u00fanius 24, szombat, Biberachban templomb\u00facs\u00fa: \u00c1rp\u00e1dh\u00e1zi Szent Kinga \u00fcnnepe. 16.00 \u00f3rakor szentmise, majd \u00e1g\u00e1p\u00e9. Reutlingenben 16.30 \u00f3rakor szentmise, ut\u00e1na \u00e1g\u00e1p\u00e9. * J\u00fanius 25-\u00e9n, vas\u00e1rnap, Heidenheimban, 8.00 \u00f3rakkor szentmise! A szentmise keret\u00e9ben Sarnyai Tamara els\u0151\u00e1ldoz\u00e1s\u00e1ra ker\u00fcl sor. B\u00f6blingenben templomb\u00facs\u00fa: Boldog Scheffler J\u00e1nos \u00e9s Boldog Bogd\u00e1nffy Szil\u00e1rd v\u00e9rtan\u00fa p\u00fcsp\u00f6k\u00f6k \u00fcnnepe. 9.30 \u00f3rakor szentmise, ut\u00e1na \u00e1g\u00e1p\u00e9. Eislingenben 15.00 \u00f3rakor szentmise, majd ut\u00e1na f\u00e9l\u00e9vz\u00e1r\u00f3 \u00e1g\u00e1p\u00e9, amelyen l\u00e1ngoss\u00fct\u00e9s lesz. Heilbronnban 15.30 \u00f3rakor igeistentisztelet, ut\u00e1na \u00e1g\u00e1p\u00e9. * J\u00fanius 29-\u00e9n, cs\u00fct\u00f6rt\u00f6k\u00f6n, 17.30 \u00f3rakor, Ulmi d\u00e9lut\u00e1n. Szentmise el\u0151tt gy\u00f3ntat\u00e1s, szentmise ut\u00e1n Besz\u00e9lget\u00e9sek a Bibli\u00e1r\u00f3l. * J\u00fanius 30-\u00e1n, p\u00e9nteken, Stuttgartban 17.50 \u00f3rakor J\u00e9zus Sz\u00edve \u00e1jtatoss\u00e1g, majd szentmise, keret\u00e9ben P\u00e9nteki Egyetem: Besz\u00e9lget\u00e9sek a Katekizmusr\u00f3l. Ut\u00e1na bar\u00e1ti egy\u00fcttl\u00e9t a pl\u00e9b\u00e1ni\u00e1n. 19.00 \u00f3rakor Weingarteni d\u00e9lut\u00e1n a Marien Kirche-ben. 18.30-kor r\u00f3zsaf\u00fcz\u00e9r im\u00e1ds\u00e1g, J\u00e9zus Sz\u00edve \u00e1jtatoss\u00e1g, 19.00 \u00f3rakor szentmise, azt k\u00f6vet\u0151en pedig Besz\u00e9lget\u00e9sek a Bibli\u00e1r\u00f3l. * J\u00falius 01, szombat, Stuttgartban Lektorok Napja, tov\u00e1bbk\u00e9pz\u0151: A lektor \u00e9s a Szent\u00edr\u00e1s c\u00edmmel. Tal\u00e1lkoz\u00f3: \u00a09.00 \u00f3rakor a K\u00f6z\u00f6ss\u00e9gi Teremben. \u00a0Z\u00e1r\u00f3ima: 11.00 \u00f3rakor a templomban. * J\u00falius 02, vas\u00e1rnap, a Stuttgarthoz k\u00e9zel fekv\u0151 B\u00e4rensee mellett Csal\u00e1di Nap. 9.30 \u00f3rakor t\u00e1bori szentmise, ut\u00e1na j\u00e1t\u00e9k, bar\u00e1ti egy\u00fcttl\u00e9t. * J\u00falius 06-\u00e1n, cs\u00fct\u00f6rt\u00f6k\u00f6n, 17.30 \u00f3rakor, Ulmi d\u00e9lut\u00e1n. Szentmise el\u0151tt gy\u00f3ntat\u00e1s, szentmise ut\u00e1n Besz\u00e9lget\u00e9sek a Bibli\u00e1r\u00f3l. * J\u00falius 07-\u00e9n, p\u00e9nteken, Stuttgartban 17.50 \u00f3rakor r\u00f3zsaf\u00fcz\u00e9r \u00e1jtatoss\u00e1g, majd szentmise, keret\u00e9ben P\u00e9nteki Egyetem: Besz\u00e9lget\u00e9sek a Katekizmusr\u00f3l. Ut\u00e1na Imak\u00f6r. 19.00 \u00f3rakor Weingarteni d\u00e9lut\u00e1n a Marien Kirche-ben. 18.30-kor r\u00f3zsaf\u00fcz\u00e9r im\u00e1ds\u00e1g, J\u00e9zus Sz\u00edve \u00e1jtatoss\u00e1g, 19.00 \u00f3rakor szentmise, azt k\u00f6vet\u0151en pedig Besz\u00e9lget\u00e9sek a Bibli\u00e1r\u00f3l. * J\u00falius 09, vas\u00e1rnap,&#8230; <\/p>\n<p><a class=\"readmore\" href=\"https:\/\/stuttgarti-katolikusok.de\/index.php\/programelozetes-junius-19-es-julius-9-kozott\/\">R\u00e9szletek<\/a><\/p>\n","protected":false},"author":3,"featured_media":0,"comment_status":"closed","ping_status":"closed","sticky":false,"template":"","format":"standard","meta":{"footnotes":""},"categories":[37],"tags":[],"class_list":["post-12231","post","type-post","status-publish","format-standard","hentry","category-progamelozetes"],"yoast_head":"<!-- This site is optimized with the Yoast SEO plugin v27.3 - https:\/\/yoast.com\/product\/yoast-seo-wordpress\/ -->\n<title>Programel\u0151zetes j\u00fanius 19 \u00e9s j\u00falius 9 k\u00f6z\u00f6tt - Stuttgarti Katolikusok<\/title>\n<meta name=\"robots\" content=\"index, follow, max-snippet:-1, max-image-preview:large, max-video-preview:-1\" \/>\n<link rel=\"canonical\" href=\"https:\/\/stuttgarti-katolikusok.de\/index.php\/programelozetes-junius-19-es-julius-9-kozott\/\" \/>\n<meta property=\"og:locale\" content=\"hu_HU\" \/>\n<meta property=\"og:type\" content=\"article\" \/>\n<meta property=\"og:title\" content=\"Programel\u0151zetes j\u00fanius 19 \u00e9s j\u00falius 9 k\u00f6z\u00f6tt - Stuttgarti Katolikusok\" \/>\n<meta property=\"og:description\" content=\"Programel\u0151zetes \u00a0 J\u00fanius 22-\u00e9n, cs\u00fct\u00f6rt\u00f6k\u00f6n, 17.30 \u00f3rakor, Ulmi d\u00e9lut\u00e1n. Szentmise el\u0151tt gy\u00f3ntat\u00e1s, szentmise ut\u00e1n Besz\u00e9lget\u00e9sek a Bibli\u00e1r\u00f3l. * J\u00fanius 23-\u00e1n, p\u00e9nteken, Stuttgartban 16.00 \u00f3rakor Bar\u00e1ts\u00e1gklub.\u00a0 17.50 \u00f3rakor J\u00e9zus Sz\u00edve \u00e1jtatoss\u00e1g, majd szentmise, keret\u00e9ben P\u00e9nteki Egyetem: Besz\u00e9lget\u00e9sek a Katekizmusr\u00f3l. Ut\u00e1na Sportklub. 19.00 \u00f3rakor Weingarteni d\u00e9lut\u00e1n a Marien Kirche-ben. 18.30-kor r\u00f3zsaf\u00fcz\u00e9r im\u00e1ds\u00e1g, J\u00e9zus Sz\u00edve \u00e1jtatoss\u00e1g, 19.00 \u00f3rakor szentmise, azt k\u00f6vet\u0151en pedig Besz\u00e9lget\u00e9sek a Bibli\u00e1r\u00f3l. * J\u00fanius 24, szombat, Biberachban templomb\u00facs\u00fa: \u00c1rp\u00e1dh\u00e1zi Szent Kinga \u00fcnnepe. 16.00 \u00f3rakor szentmise, majd \u00e1g\u00e1p\u00e9. Reutlingenben 16.30 \u00f3rakor szentmise, ut\u00e1na \u00e1g\u00e1p\u00e9. * J\u00fanius 25-\u00e9n, vas\u00e1rnap, Heidenheimban, 8.00 \u00f3rakkor szentmise! A szentmise keret\u00e9ben Sarnyai Tamara els\u0151\u00e1ldoz\u00e1s\u00e1ra ker\u00fcl sor. B\u00f6blingenben templomb\u00facs\u00fa: Boldog Scheffler J\u00e1nos \u00e9s Boldog Bogd\u00e1nffy Szil\u00e1rd v\u00e9rtan\u00fa p\u00fcsp\u00f6k\u00f6k \u00fcnnepe. 9.30 \u00f3rakor szentmise, ut\u00e1na \u00e1g\u00e1p\u00e9. Eislingenben 15.00 \u00f3rakor szentmise, majd ut\u00e1na f\u00e9l\u00e9vz\u00e1r\u00f3 \u00e1g\u00e1p\u00e9, amelyen l\u00e1ngoss\u00fct\u00e9s lesz. Heilbronnban 15.30 \u00f3rakor igeistentisztelet, ut\u00e1na \u00e1g\u00e1p\u00e9. * J\u00fanius 29-\u00e9n, cs\u00fct\u00f6rt\u00f6k\u00f6n, 17.30 \u00f3rakor, Ulmi d\u00e9lut\u00e1n. Szentmise el\u0151tt gy\u00f3ntat\u00e1s, szentmise ut\u00e1n Besz\u00e9lget\u00e9sek a Bibli\u00e1r\u00f3l. * J\u00fanius 30-\u00e1n, p\u00e9nteken, Stuttgartban 17.50 \u00f3rakor J\u00e9zus Sz\u00edve \u00e1jtatoss\u00e1g, majd szentmise, keret\u00e9ben P\u00e9nteki Egyetem: Besz\u00e9lget\u00e9sek a Katekizmusr\u00f3l. Ut\u00e1na bar\u00e1ti egy\u00fcttl\u00e9t a pl\u00e9b\u00e1ni\u00e1n. 19.00 \u00f3rakor Weingarteni d\u00e9lut\u00e1n a Marien Kirche-ben. 18.30-kor r\u00f3zsaf\u00fcz\u00e9r im\u00e1ds\u00e1g, J\u00e9zus Sz\u00edve \u00e1jtatoss\u00e1g, 19.00 \u00f3rakor szentmise, azt k\u00f6vet\u0151en pedig Besz\u00e9lget\u00e9sek a Bibli\u00e1r\u00f3l. * J\u00falius 01, szombat, Stuttgartban Lektorok Napja, tov\u00e1bbk\u00e9pz\u0151: A lektor \u00e9s a Szent\u00edr\u00e1s c\u00edmmel. Tal\u00e1lkoz\u00f3: \u00a09.00 \u00f3rakor a K\u00f6z\u00f6ss\u00e9gi Teremben. \u00a0Z\u00e1r\u00f3ima: 11.00 \u00f3rakor a templomban. * J\u00falius 02, vas\u00e1rnap, a Stuttgarthoz k\u00e9zel fekv\u0151 B\u00e4rensee mellett Csal\u00e1di Nap. 9.30 \u00f3rakor t\u00e1bori szentmise, ut\u00e1na j\u00e1t\u00e9k, bar\u00e1ti egy\u00fcttl\u00e9t. * J\u00falius 06-\u00e1n, cs\u00fct\u00f6rt\u00f6k\u00f6n, 17.30 \u00f3rakor, Ulmi d\u00e9lut\u00e1n. Szentmise el\u0151tt gy\u00f3ntat\u00e1s, szentmise ut\u00e1n Besz\u00e9lget\u00e9sek a Bibli\u00e1r\u00f3l. * J\u00falius 07-\u00e9n, p\u00e9nteken, Stuttgartban 17.50 \u00f3rakor r\u00f3zsaf\u00fcz\u00e9r \u00e1jtatoss\u00e1g, majd szentmise, keret\u00e9ben P\u00e9nteki Egyetem: Besz\u00e9lget\u00e9sek a Katekizmusr\u00f3l. Ut\u00e1na Imak\u00f6r. 19.00 \u00f3rakor Weingarteni d\u00e9lut\u00e1n a Marien Kirche-ben. 18.30-kor r\u00f3zsaf\u00fcz\u00e9r im\u00e1ds\u00e1g, J\u00e9zus Sz\u00edve \u00e1jtatoss\u00e1g, 19.00 \u00f3rakor szentmise, azt k\u00f6vet\u0151en pedig Besz\u00e9lget\u00e9sek a Bibli\u00e1r\u00f3l. * J\u00falius 09, vas\u00e1rnap,... R\u00e9szletek\" \/>\n<meta property=\"og:url\" content=\"https:\/\/stuttgarti-katolikusok.de\/index.php\/programelozetes-junius-19-es-julius-9-kozott\/\" \/>\n<meta property=\"og:site_name\" content=\"Stuttgarti Katolikusok\" \/>\n<meta property=\"article:published_time\" content=\"2017-06-19T06:17:43+00:00\" \/>\n<meta property=\"article:modified_time\" content=\"2017-06-19T07:28:24+00:00\" \/>\n<meta name=\"author\" content=\"Tibor atya\" \/>\n<meta name=\"twitter:card\" content=\"summary_large_image\" \/>\n<meta name=\"twitter:label1\" content=\"Szerz\u0151:\" \/>\n\t<meta name=\"twitter:data1\" content=\"Tibor atya\" \/>\n\t<meta name=\"twitter:label2\" content=\"Becs\u00fclt olvas\u00e1si id\u0151\" \/>\n\t<meta name=\"twitter:data2\" content=\"3 perc\" \/>\n<script type=\"application\/ld+json\" class=\"yoast-schema-graph\">{\"@context\":\"https:\\\/\\\/schema.org\",\"@graph\":[{\"@type\":\"Article\",\"@id\":\"https:\\\/\\\/stuttgarti-katolikusok.de\\\/index.php\\\/programelozetes-junius-19-es-julius-9-kozott\\\/#article\",\"isPartOf\":{\"@id\":\"https:\\\/\\\/stuttgarti-katolikusok.de\\\/index.php\\\/programelozetes-junius-19-es-julius-9-kozott\\\/\"},\"author\":{\"name\":\"Tibor atya\",\"@id\":\"https:\\\/\\\/stuttgarti-katolikusok.de\\\/#\\\/schema\\\/person\\\/75908d6f8fdc03a57889d27209df7795\"},\"headline\":\"Programel\u0151zetes j\u00fanius 19 \u00e9s j\u00falius 9 k\u00f6z\u00f6tt\",\"datePublished\":\"2017-06-19T06:17:43+00:00\",\"dateModified\":\"2017-06-19T07:28:24+00:00\",\"mainEntityOfPage\":{\"@id\":\"https:\\\/\\\/stuttgarti-katolikusok.de\\\/index.php\\\/programelozetes-junius-19-es-julius-9-kozott\\\/\"},\"wordCount\":584,\"articleSection\":[\"Progamel\u0151zetes\"],\"inLanguage\":\"hu\"},{\"@type\":\"WebPage\",\"@id\":\"https:\\\/\\\/stuttgarti-katolikusok.de\\\/index.php\\\/programelozetes-junius-19-es-julius-9-kozott\\\/\",\"url\":\"https:\\\/\\\/stuttgarti-katolikusok.de\\\/index.php\\\/programelozetes-junius-19-es-julius-9-kozott\\\/\",\"name\":\"Programel\u0151zetes j\u00fanius 19 \u00e9s j\u00falius 9 k\u00f6z\u00f6tt - Stuttgarti Katolikusok\",\"isPartOf\":{\"@id\":\"https:\\\/\\\/stuttgarti-katolikusok.de\\\/#website\"},\"datePublished\":\"2017-06-19T06:17:43+00:00\",\"dateModified\":\"2017-06-19T07:28:24+00:00\",\"author\":{\"@id\":\"https:\\\/\\\/stuttgarti-katolikusok.de\\\/#\\\/schema\\\/person\\\/75908d6f8fdc03a57889d27209df7795\"},\"breadcrumb\":{\"@id\":\"https:\\\/\\\/stuttgarti-katolikusok.de\\\/index.php\\\/programelozetes-junius-19-es-julius-9-kozott\\\/#breadcrumb\"},\"inLanguage\":\"hu\",\"potentialAction\":[{\"@type\":\"ReadAction\",\"target\":[\"https:\\\/\\\/stuttgarti-katolikusok.de\\\/index.php\\\/programelozetes-junius-19-es-julius-9-kozott\\\/\"]}]},{\"@type\":\"BreadcrumbList\",\"@id\":\"https:\\\/\\\/stuttgarti-katolikusok.de\\\/index.php\\\/programelozetes-junius-19-es-julius-9-kozott\\\/#breadcrumb\",\"itemListElement\":[{\"@type\":\"ListItem\",\"position\":1,\"name\":\"Kezd\u0151lap\",\"item\":\"https:\\\/\\\/stuttgarti-katolikusok.de\\\/\"},{\"@type\":\"ListItem\",\"position\":2,\"name\":\"Programel\u0151zetes j\u00fanius 19 \u00e9s j\u00falius 9 k\u00f6z\u00f6tt\"}]},{\"@type\":\"WebSite\",\"@id\":\"https:\\\/\\\/stuttgarti-katolikusok.de\\\/#website\",\"url\":\"https:\\\/\\\/stuttgarti-katolikusok.de\\\/\",\"name\":\"Stuttgarti Katolikusok\",\"description\":\"\",\"potentialAction\":[{\"@type\":\"SearchAction\",\"target\":{\"@type\":\"EntryPoint\",\"urlTemplate\":\"https:\\\/\\\/stuttgarti-katolikusok.de\\\/?s={search_term_string}\"},\"query-input\":{\"@type\":\"PropertyValueSpecification\",\"valueRequired\":true,\"valueName\":\"search_term_string\"}}],\"inLanguage\":\"hu\"},{\"@type\":\"Person\",\"@id\":\"https:\\\/\\\/stuttgarti-katolikusok.de\\\/#\\\/schema\\\/person\\\/75908d6f8fdc03a57889d27209df7795\",\"name\":\"Tibor atya\",\"image\":{\"@type\":\"ImageObject\",\"inLanguage\":\"hu\",\"@id\":\"https:\\\/\\\/secure.gravatar.com\\\/avatar\\\/61d268e57d1f4525b111222e29d2d5a7f8c420fdbf231ba5566a8ceac74fa960?s=96&d=mm&r=g\",\"url\":\"https:\\\/\\\/secure.gravatar.com\\\/avatar\\\/61d268e57d1f4525b111222e29d2d5a7f8c420fdbf231ba5566a8ceac74fa960?s=96&d=mm&r=g\",\"contentUrl\":\"https:\\\/\\\/secure.gravatar.com\\\/avatar\\\/61d268e57d1f4525b111222e29d2d5a7f8c420fdbf231ba5566a8ceac74fa960?s=96&d=mm&r=g\",\"caption\":\"Tibor atya\"},\"url\":\"https:\\\/\\\/stuttgarti-katolikusok.de\\\/index.php\\\/author\\\/tibor-atya\\\/\"}]}<\/script>\n<!-- \/ Yoast SEO plugin. -->","yoast_head_json":{"title":"Programel\u0151zetes j\u00fanius 19 \u00e9s j\u00falius 9 k\u00f6z\u00f6tt - Stuttgarti Katolikusok","robots":{"index":"index","follow":"follow","max-snippet":"max-snippet:-1","max-image-preview":"max-image-preview:large","max-video-preview":"max-video-preview:-1"},"canonical":"https:\/\/stuttgarti-katolikusok.de\/index.php\/programelozetes-junius-19-es-julius-9-kozott\/","og_locale":"hu_HU","og_type":"article","og_title":"Programel\u0151zetes j\u00fanius 19 \u00e9s j\u00falius 9 k\u00f6z\u00f6tt - Stuttgarti Katolikusok","og_description":"Programel\u0151zetes \u00a0 J\u00fanius 22-\u00e9n, cs\u00fct\u00f6rt\u00f6k\u00f6n, 17.30 \u00f3rakor, Ulmi d\u00e9lut\u00e1n. Szentmise el\u0151tt gy\u00f3ntat\u00e1s, szentmise ut\u00e1n Besz\u00e9lget\u00e9sek a Bibli\u00e1r\u00f3l. * J\u00fanius 23-\u00e1n, p\u00e9nteken, Stuttgartban 16.00 \u00f3rakor Bar\u00e1ts\u00e1gklub.\u00a0 17.50 \u00f3rakor J\u00e9zus Sz\u00edve \u00e1jtatoss\u00e1g, majd szentmise, keret\u00e9ben P\u00e9nteki Egyetem: Besz\u00e9lget\u00e9sek a Katekizmusr\u00f3l. Ut\u00e1na Sportklub. 19.00 \u00f3rakor Weingarteni d\u00e9lut\u00e1n a Marien Kirche-ben. 18.30-kor r\u00f3zsaf\u00fcz\u00e9r im\u00e1ds\u00e1g, J\u00e9zus Sz\u00edve \u00e1jtatoss\u00e1g, 19.00 \u00f3rakor szentmise, azt k\u00f6vet\u0151en pedig Besz\u00e9lget\u00e9sek a Bibli\u00e1r\u00f3l. * J\u00fanius 24, szombat, Biberachban templomb\u00facs\u00fa: \u00c1rp\u00e1dh\u00e1zi Szent Kinga \u00fcnnepe. 16.00 \u00f3rakor szentmise, majd \u00e1g\u00e1p\u00e9. Reutlingenben 16.30 \u00f3rakor szentmise, ut\u00e1na \u00e1g\u00e1p\u00e9. * J\u00fanius 25-\u00e9n, vas\u00e1rnap, Heidenheimban, 8.00 \u00f3rakkor szentmise! A szentmise keret\u00e9ben Sarnyai Tamara els\u0151\u00e1ldoz\u00e1s\u00e1ra ker\u00fcl sor. B\u00f6blingenben templomb\u00facs\u00fa: Boldog Scheffler J\u00e1nos \u00e9s Boldog Bogd\u00e1nffy Szil\u00e1rd v\u00e9rtan\u00fa p\u00fcsp\u00f6k\u00f6k \u00fcnnepe. 9.30 \u00f3rakor szentmise, ut\u00e1na \u00e1g\u00e1p\u00e9. Eislingenben 15.00 \u00f3rakor szentmise, majd ut\u00e1na f\u00e9l\u00e9vz\u00e1r\u00f3 \u00e1g\u00e1p\u00e9, amelyen l\u00e1ngoss\u00fct\u00e9s lesz. Heilbronnban 15.30 \u00f3rakor igeistentisztelet, ut\u00e1na \u00e1g\u00e1p\u00e9. * J\u00fanius 29-\u00e9n, cs\u00fct\u00f6rt\u00f6k\u00f6n, 17.30 \u00f3rakor, Ulmi d\u00e9lut\u00e1n. Szentmise el\u0151tt gy\u00f3ntat\u00e1s, szentmise ut\u00e1n Besz\u00e9lget\u00e9sek a Bibli\u00e1r\u00f3l. * J\u00fanius 30-\u00e1n, p\u00e9nteken, Stuttgartban 17.50 \u00f3rakor J\u00e9zus Sz\u00edve \u00e1jtatoss\u00e1g, majd szentmise, keret\u00e9ben P\u00e9nteki Egyetem: Besz\u00e9lget\u00e9sek a Katekizmusr\u00f3l. Ut\u00e1na bar\u00e1ti egy\u00fcttl\u00e9t a pl\u00e9b\u00e1ni\u00e1n. 19.00 \u00f3rakor Weingarteni d\u00e9lut\u00e1n a Marien Kirche-ben. 18.30-kor r\u00f3zsaf\u00fcz\u00e9r im\u00e1ds\u00e1g, J\u00e9zus Sz\u00edve \u00e1jtatoss\u00e1g, 19.00 \u00f3rakor szentmise, azt k\u00f6vet\u0151en pedig Besz\u00e9lget\u00e9sek a Bibli\u00e1r\u00f3l. * J\u00falius 01, szombat, Stuttgartban Lektorok Napja, tov\u00e1bbk\u00e9pz\u0151: A lektor \u00e9s a Szent\u00edr\u00e1s c\u00edmmel. Tal\u00e1lkoz\u00f3: \u00a09.00 \u00f3rakor a K\u00f6z\u00f6ss\u00e9gi Teremben. \u00a0Z\u00e1r\u00f3ima: 11.00 \u00f3rakor a templomban. * J\u00falius 02, vas\u00e1rnap, a Stuttgarthoz k\u00e9zel fekv\u0151 B\u00e4rensee mellett Csal\u00e1di Nap. 9.30 \u00f3rakor t\u00e1bori szentmise, ut\u00e1na j\u00e1t\u00e9k, bar\u00e1ti egy\u00fcttl\u00e9t. * J\u00falius 06-\u00e1n, cs\u00fct\u00f6rt\u00f6k\u00f6n, 17.30 \u00f3rakor, Ulmi d\u00e9lut\u00e1n. Szentmise el\u0151tt gy\u00f3ntat\u00e1s, szentmise ut\u00e1n Besz\u00e9lget\u00e9sek a Bibli\u00e1r\u00f3l. * J\u00falius 07-\u00e9n, p\u00e9nteken, Stuttgartban 17.50 \u00f3rakor r\u00f3zsaf\u00fcz\u00e9r \u00e1jtatoss\u00e1g, majd szentmise, keret\u00e9ben P\u00e9nteki Egyetem: Besz\u00e9lget\u00e9sek a Katekizmusr\u00f3l. Ut\u00e1na Imak\u00f6r. 19.00 \u00f3rakor Weingarteni d\u00e9lut\u00e1n a Marien Kirche-ben. 18.30-kor r\u00f3zsaf\u00fcz\u00e9r im\u00e1ds\u00e1g, J\u00e9zus Sz\u00edve \u00e1jtatoss\u00e1g, 19.00 \u00f3rakor szentmise, azt k\u00f6vet\u0151en pedig Besz\u00e9lget\u00e9sek a Bibli\u00e1r\u00f3l. * J\u00falius 09, vas\u00e1rnap,... R\u00e9szletek","og_url":"https:\/\/stuttgarti-katolikusok.de\/index.php\/programelozetes-junius-19-es-julius-9-kozott\/","og_site_name":"Stuttgarti Katolikusok","article_published_time":"2017-06-19T06:17:43+00:00","article_modified_time":"2017-06-19T07:28:24+00:00","author":"Tibor atya","twitter_card":"summary_large_image","twitter_misc":{"Szerz\u0151:":"Tibor atya","Becs\u00fclt olvas\u00e1si id\u0151":"3 perc"},"schema":{"@context":"https:\/\/schema.org","@graph":[{"@type":"Article","@id":"https:\/\/stuttgarti-katolikusok.de\/index.php\/programelozetes-junius-19-es-julius-9-kozott\/#article","isPartOf":{"@id":"https:\/\/stuttgarti-katolikusok.de\/index.php\/programelozetes-junius-19-es-julius-9-kozott\/"},"author":{"name":"Tibor atya","@id":"https:\/\/stuttgarti-katolikusok.de\/#\/schema\/person\/75908d6f8fdc03a57889d27209df7795"},"headline":"Programel\u0151zetes j\u00fanius 19 \u00e9s j\u00falius 9 k\u00f6z\u00f6tt","datePublished":"2017-06-19T06:17:43+00:00","dateModified":"2017-06-19T07:28:24+00:00","mainEntityOfPage":{"@id":"https:\/\/stuttgarti-katolikusok.de\/index.php\/programelozetes-junius-19-es-julius-9-kozott\/"},"wordCount":584,"articleSection":["Progamel\u0151zetes"],"inLanguage":"hu"},{"@type":"WebPage","@id":"https:\/\/stuttgarti-katolikusok.de\/index.php\/programelozetes-junius-19-es-julius-9-kozott\/","url":"https:\/\/stuttgarti-katolikusok.de\/index.php\/programelozetes-junius-19-es-julius-9-kozott\/","name":"Programel\u0151zetes j\u00fanius 19 \u00e9s j\u00falius 9 k\u00f6z\u00f6tt - Stuttgarti Katolikusok","isPartOf":{"@id":"https:\/\/stuttgarti-katolikusok.de\/#website"},"datePublished":"2017-06-19T06:17:43+00:00","dateModified":"2017-06-19T07:28:24+00:00","author":{"@id":"https:\/\/stuttgarti-katolikusok.de\/#\/schema\/person\/75908d6f8fdc03a57889d27209df7795"},"breadcrumb":{"@id":"https:\/\/stuttgarti-katolikusok.de\/index.php\/programelozetes-junius-19-es-julius-9-kozott\/#breadcrumb"},"inLanguage":"hu","potentialAction":[{"@type":"ReadAction","target":["https:\/\/stuttgarti-katolikusok.de\/index.php\/programelozetes-junius-19-es-julius-9-kozott\/"]}]},{"@type":"BreadcrumbList","@id":"https:\/\/stuttgarti-katolikusok.de\/index.php\/programelozetes-junius-19-es-julius-9-kozott\/#breadcrumb","itemListElement":[{"@type":"ListItem","position":1,"name":"Kezd\u0151lap","item":"https:\/\/stuttgarti-katolikusok.de\/"},{"@type":"ListItem","position":2,"name":"Programel\u0151zetes j\u00fanius 19 \u00e9s j\u00falius 9 k\u00f6z\u00f6tt"}]},{"@type":"WebSite","@id":"https:\/\/stuttgarti-katolikusok.de\/#website","url":"https:\/\/stuttgarti-katolikusok.de\/","name":"Stuttgarti Katolikusok","description":"","potentialAction":[{"@type":"SearchAction","target":{"@type":"EntryPoint","urlTemplate":"https:\/\/stuttgarti-katolikusok.de\/?s={search_term_string}"},"query-input":{"@type":"PropertyValueSpecification","valueRequired":true,"valueName":"search_term_string"}}],"inLanguage":"hu"},{"@type":"Person","@id":"https:\/\/stuttgarti-katolikusok.de\/#\/schema\/person\/75908d6f8fdc03a57889d27209df7795","name":"Tibor atya","image":{"@type":"ImageObject","inLanguage":"hu","@id":"https:\/\/secure.gravatar.com\/avatar\/61d268e57d1f4525b111222e29d2d5a7f8c420fdbf231ba5566a8ceac74fa960?s=96&d=mm&r=g","url":"https:\/\/secure.gravatar.com\/avatar\/61d268e57d1f4525b111222e29d2d5a7f8c420fdbf231ba5566a8ceac74fa960?s=96&d=mm&r=g","contentUrl":"https:\/\/secure.gravatar.com\/avatar\/61d268e57d1f4525b111222e29d2d5a7f8c420fdbf231ba5566a8ceac74fa960?s=96&d=mm&r=g","caption":"Tibor atya"},"url":"https:\/\/stuttgarti-katolikusok.de\/index.php\/author\/tibor-atya\/"}]}},"_links":{"self":[{"href":"https:\/\/stuttgarti-katolikusok.de\/index.php\/wp-json\/wp\/v2\/posts\/12231","targetHints":{"allow":["GET"]}}],"collection":[{"href":"https:\/\/stuttgarti-katolikusok.de\/index.php\/wp-json\/wp\/v2\/posts"}],"about":[{"href":"https:\/\/stuttgarti-katolikusok.de\/index.php\/wp-json\/wp\/v2\/types\/post"}],"author":[{"embeddable":true,"href":"https:\/\/stuttgarti-katolikusok.de\/index.php\/wp-json\/wp\/v2\/users\/3"}],"replies":[{"embeddable":true,"href":"https:\/\/stuttgarti-katolikusok.de\/index.php\/wp-json\/wp\/v2\/comments?post=12231"}],"version-history":[{"count":3,"href":"https:\/\/stuttgarti-katolikusok.de\/index.php\/wp-json\/wp\/v2\/posts\/12231\/revisions"}],"predecessor-version":[{"id":12238,"href":"https:\/\/stuttgarti-katolikusok.de\/index.php\/wp-json\/wp\/v2\/posts\/12231\/revisions\/12238"}],"wp:attachment":[{"href":"https:\/\/stuttgarti-katolikusok.de\/index.php\/wp-json\/wp\/v2\/media?parent=12231"}],"wp:term":[{"taxonomy":"category","embeddable":true,"href":"https:\/\/stuttgarti-katolikusok.de\/index.php\/wp-json\/wp\/v2\/categories?post=12231"},{"taxonomy":"post_tag","embeddable":true,"href":"https:\/\/stuttgarti-katolikusok.de\/index.php\/wp-json\/wp\/v2\/tags?post=12231"}],"curies":[{"name":"wp","href":"https:\/\/api.w.org\/{rel}","templated":true}]}}