{"id":12197,"date":"2017-06-09T18:54:35","date_gmt":"2017-06-09T18:54:35","guid":{"rendered":"https:\/\/gracious-dewdney.138-201-221-2.plesk.page\/?p=12197"},"modified":"2017-06-10T14:21:30","modified_gmt":"2017-06-10T14:21:30","slug":"david-melinda-jubileumi-unnepseg","status":"publish","type":"post","link":"https:\/\/stuttgarti-katolikusok.de\/index.php\/david-melinda-jubileumi-unnepseg\/","title":{"rendered":"D\u00e1vid Melinda: Jubileumi \u00fcnneps\u00e9g"},"content":{"rendered":"<p>Jubileumi \u00fcnneps\u00e9g<\/p>\n<p>Hetven \u00e9vvel ezel\u0151tt, 1947. m\u00e1jus 13-\u00e1n, honfit\u00e1rsaink k\u00e9r\u00e9s\u00e9re alap\u00edtotta meg Isten szolg\u00e1ja, Joannes Baptist Sproll rottenburgi p\u00fcsp\u00f6k, a Stuttgarti Magyar Misszi\u00f3t.<\/p>\n<p>A jelenlegi tizen\u00f6t r\u00e9szegyh\u00e1zk\u00f6zs\u00e9g l\u00e9trej\u00f6tt\u00e9\u00e9rt \u00e9s megmarad\u00e1s\u00e1\u00e9rt k\u00f6sz\u00f6nettel tartozunk pl\u00e9b\u00e1nosainknak, akik h\u00edveik lelki gondoz\u00e1s\u00e1t \u00e1ldozatteljesen \u00e9s kitart\u00e1ssal v\u00e1llalt\u00e1k \u00e9s v\u00e9ghezvitt\u00e9k, valamint a h\u00edveknek, akik k\u00f6z\u00fcl sokan \u00e9let\u00fck v\u00e9g\u00e9ig \u00f6nk\u00e9ntes munk\u00e1val hozz\u00e1j\u00e1rultak rendezv\u00e9nyeink siker\u00e9hez.<\/p>\n<p>Tragikus esem\u00e9nyek is hozz\u00e1j\u00e1rultak Egyh\u00e1zk\u00f6zs\u00e9g\u00fcnk megalap\u00edt\u00e1s\u00e1hoz \u00e9s fennmarad\u00e1s\u00e1hoz: a II. vil\u00e1gh\u00e1bor\u00fa v\u00e9g\u00e9n, 1945-ben, majd 1956-ban, a forradalom ut\u00e1n t\u00f6bb magyar honfit\u00e1rsunk menek\u00fcl\u00e9sre k\u00e9nyszer\u00fclt, majd 1989 ut\u00e1n \u00fajb\u00f3l megindult egy n\u00e9pv\u00e1ndorl\u00e1s keletr\u0151l nyugatra. Mi is k\u00f6zt\u00fck voltunk \u00e9s itt Stuttgartban \u00faj otthonra \u00e9s k\u00f6z\u00f6ss\u00e9gre tal\u00e1ltunk.<\/p>\n<p>M\u00e1jus 19. \u00e9s 21. k\u00f6z\u00f6tt h\u00e1rom napos jubileumi \u00fcnneps\u00e9ggel eml\u00e9kezt\u00fcnk meg a hetven \u00e9ves \u00e9vfordul\u00f3r\u00f3l. Megh\u00edvott vend\u00e9geink k\u00f6z\u00e9 tartozott Ft. Dr. Veres Andr\u00e1s, gy\u0151ri p\u00fcsp\u00f6k, a Magyar Katolikus P\u00fcsp\u00f6ki Konferencia eln\u00f6ke, Dr. Solt\u00e9sz Mikl\u00f3s egyh\u00e1zi, nemzetis\u00e9gi \u00e9s civil t\u00e1rsadalmi kapcsolatok\u00e9rt felel\u0151s \u00e1llamtitk\u00e1r \u00e9s Dr. Ber\u00e9nyi J\u00e1nos stuttgarti f\u0151konzul.<\/p>\n<p>P\u00e9ntek d\u00e9lut\u00e1n z\u00e1szl\u00f3felvon\u00e1ssal vette kezdet\u00e9t jubileumi \u00fcnneps\u00e9g\u00fcnk. A templom el\u0151tti t\u00e9ren a 2000-ben R\u00f3m\u00e1ban felszentelt jubileumi z\u00e1szl\u00f3nkat vontuk fel. Ezut\u00e1n Tibor atya a Bar\u00e1ts\u00e1g Klub tagjainak Egyh\u00e1zk\u00f6zs\u00e9g\u00fcnk t\u00f6rt\u00e9net\u00e9r\u0151l tartott el\u0151ad\u00e1st, majd a Bruder Klaus templomban jubileumi szentmise k\u00f6vetkezett. A nap f\u00e9nypontja volt a \u201c70 \u00e9ves a Szent Gell\u00e9rt Egyh\u00e1zk\u00f6zs\u00e9g\u201d ki\u00e1ll\u00edt\u00e1s megnyit\u00e1sa. Brune Gy\u00f6rgyi Marietta \u00e9s Schultheis \u00c9va t\u00f6bb mint f\u00e9l \u00e9ves munk\u00e1j\u00e1nak eredm\u00e9ny\u00e9t tekintett\u00fck meg 16 plak\u00e1ton. Imre atya felh\u00edv\u00e1s\u00e1ra a h\u00edvek elhozt\u00e1k f\u00e9ltve \u0151rz\u0151tt k\u00e9peiket egyh\u00e1zk\u00f6zs\u00e9gi \u00e9s csal\u00e1di esem\u00e9nyekr\u0151l. Ezek a k\u00e9pek, valamint Imre atya 2012-ben megjelent k\u00f6nyve \u201eA Stuttgarti Magyar Egyh\u00e1zk\u00f6zs\u00e9g T\u00f6rt\u00e9nete\u201c szolg\u00e1ltatt\u00e1k az anyagot a plak\u00e1tokhoz. Imre atya gondolatai, Szab\u00f3 Brigitta egyh\u00e1ztan\u00e1csosunk moder\u00e1ci\u00f3ja valamint Gy\u00f6rgyi \u00e9s \u00c9va hozz\u00e1sz\u00f3l\u00e1sai emelt\u00e9k az est f\u00e9nypontj\u00e1t, amelyet pezsg\u0151s fogad\u00e1ssal fejezt\u00fcnk be.<\/p>\n<p>Szombaton reggelivel v\u00e1rtunk az els\u0151 \u00e9rkez\u0151kre a K\u00f6z\u00f6ss\u00e9gi Teremben. Sz\u00fcks\u00e9g is volt a gazdag reggelire, mert maratoni nap \u00e1llt el\u0151tt\u00fcnk. A Szent Gell\u00e9rt Egyh\u00e1zk\u00f6zs\u00e9g 15 r\u00e9szegyh\u00e1zk\u00f6zs\u00e9g\u00e9nek bemutatkoz\u00e1s\u00e1val kezd\u0151d\u00f6tt. \u00c9rdekesn\u00e9l \u00e9rdekesebb besz\u00e1mol\u00f3k k\u00f6vetkeztek, mindegyik egyedi, mint film-, powerpoint- vagy szem\u00e9lyes prezent\u00e1ci\u00f3 form\u00e1j\u00e1ban. A 15 kit\u00fcn\u0151 besz\u00e1mol\u00f3 k\u00f6z\u00fcl a Stuttgarti Egyh\u00e1zk\u00f6zs\u00e9g bemutatkoz\u00e1s\u00e1t ecsetelem, mert Benedek Annik\u00f3 egyh\u00e1ztan\u00e1csosunk \u00f6tlet\u00e9nek megval\u00f3s\u00edt\u00e1s\u00e1hoz mi is hozz\u00e1j\u00e1rultunk D\u00e1vid Ferenc, Sebescen Eszter \u00e9s Zumb\u00fchl Csilla k\u00f6zrem\u0171k\u00f6d\u00e9s\u00e9vel. Annik\u00f3 Egyh\u00e1zk\u00f6zs\u00e9g\u00fcnket egy kartonb\u00f3l k\u00e9sz\u00edtett templom seg\u00edts\u00e9g\u00e9vel mutatta be. A templomba helyezett miniat\u0171r t\u00e1rgyak a k\u00fcl\u00f6nb\u00f6z\u0151 rendezv\u00e9nyeinket, k\u00f6reinket \u00e9s klubjainkat szimboliz\u00e1lt\u00e1k. Ezek k\u00f6z\u00e9 tartozik a <em>p\u00e9nteki szentmise<\/em> a katekizmus k\u00e9rd\u00e9seinek megbesz\u00e9l\u00e9s\u00e9vel, a <em>gyermekmise<\/em> minden h\u00f3nap els\u0151 vas\u00e1rnapj\u00e1n, a j\u00faliusi <em>Csal\u00e1di Nap<\/em> a B\u00e4renseen\u00e1l t\u00e1bori mis\u00e9vel \u00e9s k\u00f6z\u00f6s grillez\u00e9ssel, <em>bicikli zar\u00e1ndoklat<\/em>, <em>sport-klub<\/em>, <em>lektoravat\u00e1s, \u00e1ldoztat\u00f3k tal\u00e1lkoz\u00f3ja,<\/em> r\u00e9szegyh\u00e1zk\u00f6zs\u00e9geink <em>templomb\u00facs\u00faja<\/em>, \u00e9vi <em>kis- \u00e9s nagyzar\u00e1ndoklat, imak\u00f6r, bibliak\u00f6r, fiatal h\u00e1zasok k\u00f6re, k\u00f3rus, Erasmus Akad\u00e9mia, cserk\u00e9szet, Bar\u00e1ts\u00e1gklub, j\u00f3t\u00e9konys\u00e1gi baz\u00e1r, Stuttgarti Magyarok Sz\u00f6vets\u00e9ge <\/em>\u00e9s a<em> Nemzeti \u00d6sszetartoz\u00e1s Napj\u00e1nak<\/em> meg\u00fcnnepl\u00e9se.<\/p>\n<p>A bemutatkoz\u00e1sok ut\u00e1n a sportversenyek k\u00f6vetkeztek: labdar\u00fag\u00e1s hat csapattal a templom melletti sportp\u00e1ly\u00e1n. A sportversenyek szervez\u00e9s\u00e9\u00e9rt \u00e9s lebonyol\u00edt\u00e1s\u00e1\u00e9rt k\u00f6sz\u00f6net illeti Zumb\u00fchl Vilit, aki a r\u00e9sztvev\u0151ket toborozta \u00e9s Flesch Robi seg\u00edts\u00e9g\u00e9vel a csapatokat \u00f6ssze\u00e1ll\u00edtotta.<\/p>\n<p>A testi edz\u00e9s ut\u00e1n k\u00fcl\u00f6n megh\u00edv\u00f3 n\u00e9lk\u00fcl \u00f6z\u00f6nl\u00f6ttek a j\u00e1t\u00e9kosok \u00e9s szurkol\u00f3k a vacsoraasztalhoz, ahol Jablonkay Lydia csapatparancsnok \u00e9s cserk\u00e9szei \u00edzletes p\u00f6rk\u00f6lttel v\u00e1rtak r\u00e1juk.<\/p>\n<p>Egy gazdag kult\u00farm\u0171sorral z\u00e1r\u00f3dott a nap. A fell\u00e9p\u0151k k\u00f6z\u00e9 tartoztak a Cs\u00f6b\u00f6rcs\u00f6k t\u00e1ncegy\u00fcttes, a 81. Dob\u00f3 Istv\u00e1n cserk\u00e9szcsapat, a Turul Baranta Egyes\u00fclet, a Hunnia Bar\u00e1ti K\u00f6r \u00e9s a Kratochwill-dal\u00e1rda.<\/p>\n<p>Vas\u00e1rnap mind a tizen\u00f6t mis\u00e9z\u0151 helyr\u0151l j\u00f6ttek h\u00edveink im\u00e1dkozni \u00e9s h\u00e1l\u00e1t adni a J\u00f3istennek a kegyelem\u00e9rt amit kaptak. Tibor atya vezet\u00e9s\u00e9vel a weingarteni, friedrichshafeni, ravensburgi, biberachi \u00e9s ulmi h\u00edvek a nagy t\u00e1vols\u00e1g miatt aut\u00f3busszal \u00e9rkeztek a jubileumi \u00fcnneps\u00e9gre.<\/p>\n<p>A vas\u00e1rnapi program a J\u00f3t\u00e9konys\u00e1gi Baz\u00e1r megnyit\u00e1s\u00e1val kezd\u0151d\u00f6tt, majd a nap f\u00e9nypontja k\u00f6vetkezett, a szentmise 12 els\u0151\u00e1ldoz\u00f3val \u00e9s a p\u00fcsp\u00f6k atya pr\u00e9dik\u00e1ci\u00f3j\u00e1val. Imre atya a szentmise kezdet\u00e9n a vend\u00e9gek mellett az els\u0151\u00e1ldoz\u00f3kat is k\u00f6sz\u00f6nt\u00f6tte, akik nem csak sz\u00e9pen voltak fel\u00f6lt\u0151zve k\u00fcls\u0151leg, de a lelk\u00fck is sz\u00e9pen be\u00f6lt\u00f6z\u00f6tt \u00fcnnepl\u0151be, mivel ma el\u0151sz\u00f6r vett\u00e9k magukhoz az \u00dar J\u00e9zus test\u00e9t \u00e9s v\u00e9r\u00e9t. Meghat\u00f3 volt l\u00e1tni az \u00fcnnepl\u0151be \u00f6lt\u00f6z\u00f6tt l\u00e1nyokat \u00e9s fi\u00fakat \u00e9s saj\u00e1t illetve gyerekeink els\u0151 \u00e1ldoz\u00e1sa jutott esz\u00fcnkbe. K\u00f6sz\u00f6net a sz\u00fcl\u0151knek, akik egy \u00e9ven \u00e1t gyermekeiket els\u0151\u00e1ldoz\u00f3i el\u0151k\u00e9sz\u00edt\u0151re hozt\u00e1k, k\u00f6sz\u00f6net Brune Gy\u00f6rgyi Mariett\u00e1nak \u00e9s J\u00f3zsa Erik\u00e1nak a seg\u00edts\u00e9g\u00e9rt.<\/p>\n<p>Ft. Veres Andr\u00e1s p\u00fcsp\u00f6k \u00far szentbesz\u00e9d\u00e9nek f\u0151 t\u00e9m\u00e1ja a kereszt\u00e9nys\u00e9g volt, amely k\u00e9t ezer \u00e9ves t\u00f6rt\u00e9nelme sor\u00e1n t\u00f6bbsz\u00f6r neh\u00e9z korszakokon esett \u00e1t, mint jelenleg is. Goeth\u00e9t id\u00e9zte, aki szerint \u201eEur\u00f3pa sz\u00e1m\u00e1ra a kereszt\u00e9nys\u00e9g anyanyelv\u201c, mert a kereszt\u00e9ny hit, J\u00e9zus Krisztus evang\u00e9liuma \u00e1ltal kult\u00far\u00e1j\u00e1ban, gondolkod\u00e1s\u00e1ban, vall\u00e1si \u00e9let\u00e9ben \u00e9s eg\u00e9sz l\u00e9tez\u00e9s\u00e9ben Eur\u00f3pa \u00faj ir\u00e1nyt vett. Biztatott benn\u00fcnket, hogy tov\u00e1bbra is val\u00f3s\u00edtsuk meg a csal\u00e1degyh\u00e1zat \u00e9s a szentmis\u00e9t mint a legszentebb im\u00e1ds\u00e1got tisztelj\u00fck. A gyermekekhez is voltak kedves szavai a p\u00fcsp\u00f6k aty\u00e1nak. Feln\u0151tteknek nevezte az els\u0151\u00e1ldoz\u00f3kat, akik ezent\u00fal az olt\u00e1rn\u00e1l, Krisztus asztal\u00e1n\u00e1l tal\u00e1lkoznak. Arra k\u00e9rte \u0151ket, hogy j\u00f6jjenek gyakran szentmis\u00e9re \u00e9s viselked\u00e9s\u00fckkel bizony\u00edts\u00e1g kereszt\u00e9ny mivoltukat.<\/p>\n<p>A szentmise ut\u00e1n a templom el\u0151tti t\u00e9ren guly\u00e1slevessel, k\u00fcrt\u0151s kal\u00e1ccsal \u00e9s h\u00e1zi k\u00e9sz\u00edt\u00e9s\u0171 s\u00fctem\u00e9nnyel v\u00e1rtak r\u00e1nk szorgalmas egyh\u00e1ztan\u00e1csosaink, leg\u00e1tusaink \u00e9s \u00f6nk\u00e9nteseink. K\u00f6sz\u00f6net \u00e9rte a szak\u00e1csoknak: Fastanz P\u00e1lnak, Gnandt Gy\u00f6rgynek, Ivanyuk Norbertnek, Kinzel L\u00e1szl\u00f3nak, Tempfli Barn\u00e1nak, Tepfenhart L\u00e1szl\u00f3nak, a k\u00fcrt\u00f6s kal\u00e1csot s\u00fct\u0151 Slemmer Ferencnek \u00e9s a s\u00fctem\u00e9nyeseknek.<\/p>\n<p>Az eb\u00e9d ut\u00e1ni f\u00f3rum t\u00e9m\u00e1ja: \u201eMi a magyar \u00c1llam \u00e9s Katolikus Egyh\u00e1z \u00e1ll\u00e1spontja a k\u00fclf\u00f6ld\u00f6n \u00e9l\u0151 magyarokkal kapcsolatban?\u201c A p\u00fcsp\u00f6k atya \u00e9s az \u00e1llamtitk\u00e1r \u00far v\u00e9lem\u00e9nye azonos volt: megmaradni hitben \u00e9s nyelvben.<\/p>\n<p>A templom el\u0151tti t\u00e9ren z\u00e1szl\u00f3bont\u00e1ssal fejezt\u00fck be a felejthetetlen h\u00e1rom napos jubileumi \u00fcnneps\u00e9g\u00fcnket.<\/p>\n<p>K\u00f6sz\u00f6net \u00e9s h\u00e1la Imre aty\u00e1nak az \u00f6tlet\u00e9rt, a sok munk\u00e1\u00e9rt, \u00e9lm\u00e9ny\u00e9rt. Adja a J\u00f3isten, hogy megval\u00f3s\u00edthassuk Szent Gell\u00e9rt Egyh\u00e1zk\u00f6zs\u00e9g\u00fcnkben a csal\u00e1degyh\u00e1zat, ahol a h\u00edveket a szeretet \u00e9s \u00f6sszetart\u00e1s k\u00f6ti \u00f6ssze!<\/p>\n<p>D\u00e1vid Melinda<\/p>\n<ol start=\"2017\">\n<li>j\u00fanius 08.<\/li>\n<\/ol>\n","protected":false},"excerpt":{"rendered":"<p>Jubileumi \u00fcnneps\u00e9g Hetven \u00e9vvel ezel\u0151tt, 1947. m\u00e1jus 13-\u00e1n, honfit\u00e1rsaink k\u00e9r\u00e9s\u00e9re alap\u00edtotta meg Isten szolg\u00e1ja, Joannes Baptist Sproll rottenburgi p\u00fcsp\u00f6k, a Stuttgarti Magyar Misszi\u00f3t. A jelenlegi tizen\u00f6t r\u00e9szegyh\u00e1zk\u00f6zs\u00e9g l\u00e9trej\u00f6tt\u00e9\u00e9rt \u00e9s megmarad\u00e1s\u00e1\u00e9rt k\u00f6sz\u00f6nettel tartozunk pl\u00e9b\u00e1nosainknak, akik h\u00edveik lelki gondoz\u00e1s\u00e1t \u00e1ldozatteljesen \u00e9s kitart\u00e1ssal v\u00e1llalt\u00e1k \u00e9s v\u00e9ghezvitt\u00e9k, valamint a h\u00edveknek, akik k\u00f6z\u00fcl sokan \u00e9let\u00fck v\u00e9g\u00e9ig \u00f6nk\u00e9ntes munk\u00e1val hozz\u00e1j\u00e1rultak rendezv\u00e9nyeink siker\u00e9hez. Tragikus esem\u00e9nyek is hozz\u00e1j\u00e1rultak Egyh\u00e1zk\u00f6zs\u00e9g\u00fcnk megalap\u00edt\u00e1s\u00e1hoz \u00e9s fennmarad\u00e1s\u00e1hoz: a II. vil\u00e1gh\u00e1bor\u00fa v\u00e9g\u00e9n, 1945-ben, majd 1956-ban, a forradalom ut\u00e1n t\u00f6bb magyar honfit\u00e1rsunk menek\u00fcl\u00e9sre k\u00e9nyszer\u00fclt, majd 1989 ut\u00e1n \u00fajb\u00f3l megindult egy n\u00e9pv\u00e1ndorl\u00e1s keletr\u0151l nyugatra. Mi is k\u00f6zt\u00fck voltunk \u00e9s itt Stuttgartban \u00faj otthonra \u00e9s k\u00f6z\u00f6ss\u00e9gre tal\u00e1ltunk. M\u00e1jus 19. \u00e9s 21. k\u00f6z\u00f6tt h\u00e1rom napos jubileumi \u00fcnneps\u00e9ggel eml\u00e9kezt\u00fcnk meg a hetven \u00e9ves \u00e9vfordul\u00f3r\u00f3l. Megh\u00edvott vend\u00e9geink k\u00f6z\u00e9 tartozott Ft. Dr. Veres Andr\u00e1s, gy\u0151ri p\u00fcsp\u00f6k, a Magyar Katolikus P\u00fcsp\u00f6ki Konferencia eln\u00f6ke, Dr. Solt\u00e9sz Mikl\u00f3s egyh\u00e1zi, nemzetis\u00e9gi \u00e9s civil t\u00e1rsadalmi kapcsolatok\u00e9rt felel\u0151s \u00e1llamtitk\u00e1r \u00e9s Dr. Ber\u00e9nyi J\u00e1nos stuttgarti f\u0151konzul. P\u00e9ntek d\u00e9lut\u00e1n z\u00e1szl\u00f3felvon\u00e1ssal vette kezdet\u00e9t jubileumi \u00fcnneps\u00e9g\u00fcnk. A templom el\u0151tti t\u00e9ren a 2000-ben R\u00f3m\u00e1ban felszentelt jubileumi z\u00e1szl\u00f3nkat vontuk fel. Ezut\u00e1n Tibor atya a Bar\u00e1ts\u00e1g Klub tagjainak Egyh\u00e1zk\u00f6zs\u00e9g\u00fcnk t\u00f6rt\u00e9net\u00e9r\u0151l tartott el\u0151ad\u00e1st, majd a Bruder Klaus templomban jubileumi szentmise k\u00f6vetkezett. A nap f\u00e9nypontja volt a \u201c70 \u00e9ves a Szent Gell\u00e9rt Egyh\u00e1zk\u00f6zs\u00e9g\u201d ki\u00e1ll\u00edt\u00e1s megnyit\u00e1sa. Brune Gy\u00f6rgyi Marietta \u00e9s Schultheis \u00c9va t\u00f6bb mint f\u00e9l \u00e9ves munk\u00e1j\u00e1nak eredm\u00e9ny\u00e9t tekintett\u00fck meg 16 plak\u00e1ton. Imre atya felh\u00edv\u00e1s\u00e1ra a h\u00edvek elhozt\u00e1k f\u00e9ltve \u0151rz\u0151tt k\u00e9peiket egyh\u00e1zk\u00f6zs\u00e9gi \u00e9s csal\u00e1di esem\u00e9nyekr\u0151l. Ezek a k\u00e9pek, valamint Imre atya 2012-ben megjelent k\u00f6nyve \u201eA Stuttgarti Magyar Egyh\u00e1zk\u00f6zs\u00e9g T\u00f6rt\u00e9nete\u201c szolg\u00e1ltatt\u00e1k az anyagot a plak\u00e1tokhoz. Imre atya gondolatai, Szab\u00f3 Brigitta egyh\u00e1ztan\u00e1csosunk moder\u00e1ci\u00f3ja valamint Gy\u00f6rgyi \u00e9s \u00c9va hozz\u00e1sz\u00f3l\u00e1sai emelt\u00e9k az est f\u00e9nypontj\u00e1t, amelyet pezsg\u0151s fogad\u00e1ssal fejezt\u00fcnk be. Szombaton reggelivel v\u00e1rtunk az els\u0151 \u00e9rkez\u0151kre a K\u00f6z\u00f6ss\u00e9gi Teremben. Sz\u00fcks\u00e9g is volt a gazdag reggelire, mert maratoni nap \u00e1llt el\u0151tt\u00fcnk. A Szent Gell\u00e9rt Egyh\u00e1zk\u00f6zs\u00e9g 15 r\u00e9szegyh\u00e1zk\u00f6zs\u00e9g\u00e9nek bemutatkoz\u00e1s\u00e1val kezd\u0151d\u00f6tt. \u00c9rdekesn\u00e9l \u00e9rdekesebb besz\u00e1mol\u00f3k k\u00f6vetkeztek,&#8230; <\/p>\n<p><a class=\"readmore\" href=\"https:\/\/stuttgarti-katolikusok.de\/index.php\/david-melinda-jubileumi-unnepseg\/\">R\u00e9szletek<\/a><\/p>\n","protected":false},"author":3,"featured_media":0,"comment_status":"closed","ping_status":"closed","sticky":false,"template":"","format":"standard","meta":{"footnotes":""},"categories":[28],"tags":[],"class_list":["post-12197","post","type-post","status-publish","format-standard","hentry","category-olvasoink-irjak"],"yoast_head":"<!-- This site is optimized with the Yoast SEO plugin v27.3 - https:\/\/yoast.com\/product\/yoast-seo-wordpress\/ -->\n<title>D\u00e1vid Melinda: Jubileumi \u00fcnneps\u00e9g - Stuttgarti Katolikusok<\/title>\n<meta name=\"robots\" content=\"index, follow, max-snippet:-1, max-image-preview:large, max-video-preview:-1\" \/>\n<link rel=\"canonical\" href=\"https:\/\/stuttgarti-katolikusok.de\/index.php\/david-melinda-jubileumi-unnepseg\/\" \/>\n<meta property=\"og:locale\" content=\"hu_HU\" \/>\n<meta property=\"og:type\" content=\"article\" \/>\n<meta property=\"og:title\" content=\"D\u00e1vid Melinda: Jubileumi \u00fcnneps\u00e9g - Stuttgarti Katolikusok\" \/>\n<meta property=\"og:description\" content=\"Jubileumi \u00fcnneps\u00e9g Hetven \u00e9vvel ezel\u0151tt, 1947. m\u00e1jus 13-\u00e1n, honfit\u00e1rsaink k\u00e9r\u00e9s\u00e9re alap\u00edtotta meg Isten szolg\u00e1ja, Joannes Baptist Sproll rottenburgi p\u00fcsp\u00f6k, a Stuttgarti Magyar Misszi\u00f3t. A jelenlegi tizen\u00f6t r\u00e9szegyh\u00e1zk\u00f6zs\u00e9g l\u00e9trej\u00f6tt\u00e9\u00e9rt \u00e9s megmarad\u00e1s\u00e1\u00e9rt k\u00f6sz\u00f6nettel tartozunk pl\u00e9b\u00e1nosainknak, akik h\u00edveik lelki gondoz\u00e1s\u00e1t \u00e1ldozatteljesen \u00e9s kitart\u00e1ssal v\u00e1llalt\u00e1k \u00e9s v\u00e9ghezvitt\u00e9k, valamint a h\u00edveknek, akik k\u00f6z\u00fcl sokan \u00e9let\u00fck v\u00e9g\u00e9ig \u00f6nk\u00e9ntes munk\u00e1val hozz\u00e1j\u00e1rultak rendezv\u00e9nyeink siker\u00e9hez. Tragikus esem\u00e9nyek is hozz\u00e1j\u00e1rultak Egyh\u00e1zk\u00f6zs\u00e9g\u00fcnk megalap\u00edt\u00e1s\u00e1hoz \u00e9s fennmarad\u00e1s\u00e1hoz: a II. vil\u00e1gh\u00e1bor\u00fa v\u00e9g\u00e9n, 1945-ben, majd 1956-ban, a forradalom ut\u00e1n t\u00f6bb magyar honfit\u00e1rsunk menek\u00fcl\u00e9sre k\u00e9nyszer\u00fclt, majd 1989 ut\u00e1n \u00fajb\u00f3l megindult egy n\u00e9pv\u00e1ndorl\u00e1s keletr\u0151l nyugatra. Mi is k\u00f6zt\u00fck voltunk \u00e9s itt Stuttgartban \u00faj otthonra \u00e9s k\u00f6z\u00f6ss\u00e9gre tal\u00e1ltunk. M\u00e1jus 19. \u00e9s 21. k\u00f6z\u00f6tt h\u00e1rom napos jubileumi \u00fcnneps\u00e9ggel eml\u00e9kezt\u00fcnk meg a hetven \u00e9ves \u00e9vfordul\u00f3r\u00f3l. Megh\u00edvott vend\u00e9geink k\u00f6z\u00e9 tartozott Ft. Dr. Veres Andr\u00e1s, gy\u0151ri p\u00fcsp\u00f6k, a Magyar Katolikus P\u00fcsp\u00f6ki Konferencia eln\u00f6ke, Dr. Solt\u00e9sz Mikl\u00f3s egyh\u00e1zi, nemzetis\u00e9gi \u00e9s civil t\u00e1rsadalmi kapcsolatok\u00e9rt felel\u0151s \u00e1llamtitk\u00e1r \u00e9s Dr. Ber\u00e9nyi J\u00e1nos stuttgarti f\u0151konzul. P\u00e9ntek d\u00e9lut\u00e1n z\u00e1szl\u00f3felvon\u00e1ssal vette kezdet\u00e9t jubileumi \u00fcnneps\u00e9g\u00fcnk. A templom el\u0151tti t\u00e9ren a 2000-ben R\u00f3m\u00e1ban felszentelt jubileumi z\u00e1szl\u00f3nkat vontuk fel. Ezut\u00e1n Tibor atya a Bar\u00e1ts\u00e1g Klub tagjainak Egyh\u00e1zk\u00f6zs\u00e9g\u00fcnk t\u00f6rt\u00e9net\u00e9r\u0151l tartott el\u0151ad\u00e1st, majd a Bruder Klaus templomban jubileumi szentmise k\u00f6vetkezett. A nap f\u00e9nypontja volt a \u201c70 \u00e9ves a Szent Gell\u00e9rt Egyh\u00e1zk\u00f6zs\u00e9g\u201d ki\u00e1ll\u00edt\u00e1s megnyit\u00e1sa. Brune Gy\u00f6rgyi Marietta \u00e9s Schultheis \u00c9va t\u00f6bb mint f\u00e9l \u00e9ves munk\u00e1j\u00e1nak eredm\u00e9ny\u00e9t tekintett\u00fck meg 16 plak\u00e1ton. Imre atya felh\u00edv\u00e1s\u00e1ra a h\u00edvek elhozt\u00e1k f\u00e9ltve \u0151rz\u0151tt k\u00e9peiket egyh\u00e1zk\u00f6zs\u00e9gi \u00e9s csal\u00e1di esem\u00e9nyekr\u0151l. Ezek a k\u00e9pek, valamint Imre atya 2012-ben megjelent k\u00f6nyve \u201eA Stuttgarti Magyar Egyh\u00e1zk\u00f6zs\u00e9g T\u00f6rt\u00e9nete\u201c szolg\u00e1ltatt\u00e1k az anyagot a plak\u00e1tokhoz. Imre atya gondolatai, Szab\u00f3 Brigitta egyh\u00e1ztan\u00e1csosunk moder\u00e1ci\u00f3ja valamint Gy\u00f6rgyi \u00e9s \u00c9va hozz\u00e1sz\u00f3l\u00e1sai emelt\u00e9k az est f\u00e9nypontj\u00e1t, amelyet pezsg\u0151s fogad\u00e1ssal fejezt\u00fcnk be. Szombaton reggelivel v\u00e1rtunk az els\u0151 \u00e9rkez\u0151kre a K\u00f6z\u00f6ss\u00e9gi Teremben. Sz\u00fcks\u00e9g is volt a gazdag reggelire, mert maratoni nap \u00e1llt el\u0151tt\u00fcnk. A Szent Gell\u00e9rt Egyh\u00e1zk\u00f6zs\u00e9g 15 r\u00e9szegyh\u00e1zk\u00f6zs\u00e9g\u00e9nek bemutatkoz\u00e1s\u00e1val kezd\u0151d\u00f6tt. \u00c9rdekesn\u00e9l \u00e9rdekesebb besz\u00e1mol\u00f3k k\u00f6vetkeztek,... R\u00e9szletek\" \/>\n<meta property=\"og:url\" content=\"https:\/\/stuttgarti-katolikusok.de\/index.php\/david-melinda-jubileumi-unnepseg\/\" \/>\n<meta property=\"og:site_name\" content=\"Stuttgarti Katolikusok\" \/>\n<meta property=\"article:published_time\" content=\"2017-06-09T18:54:35+00:00\" \/>\n<meta property=\"article:modified_time\" content=\"2017-06-10T14:21:30+00:00\" \/>\n<meta name=\"author\" content=\"Tibor atya\" \/>\n<meta name=\"twitter:card\" content=\"summary_large_image\" \/>\n<meta name=\"twitter:label1\" content=\"Szerz\u0151:\" \/>\n\t<meta name=\"twitter:data1\" content=\"Tibor atya\" \/>\n\t<meta name=\"twitter:label2\" content=\"Becs\u00fclt olvas\u00e1si id\u0151\" \/>\n\t<meta name=\"twitter:data2\" content=\"7 perc\" \/>\n<script type=\"application\/ld+json\" class=\"yoast-schema-graph\">{\"@context\":\"https:\\\/\\\/schema.org\",\"@graph\":[{\"@type\":\"Article\",\"@id\":\"https:\\\/\\\/stuttgarti-katolikusok.de\\\/index.php\\\/david-melinda-jubileumi-unnepseg\\\/#article\",\"isPartOf\":{\"@id\":\"https:\\\/\\\/stuttgarti-katolikusok.de\\\/index.php\\\/david-melinda-jubileumi-unnepseg\\\/\"},\"author\":{\"name\":\"Tibor atya\",\"@id\":\"https:\\\/\\\/stuttgarti-katolikusok.de\\\/#\\\/schema\\\/person\\\/75908d6f8fdc03a57889d27209df7795\"},\"headline\":\"D\u00e1vid Melinda: Jubileumi \u00fcnneps\u00e9g\",\"datePublished\":\"2017-06-09T18:54:35+00:00\",\"dateModified\":\"2017-06-10T14:21:30+00:00\",\"mainEntityOfPage\":{\"@id\":\"https:\\\/\\\/stuttgarti-katolikusok.de\\\/index.php\\\/david-melinda-jubileumi-unnepseg\\\/\"},\"wordCount\":1479,\"articleSection\":[\"Olvas\u00f3ink \u00edrj\u00e1k\"],\"inLanguage\":\"hu\"},{\"@type\":\"WebPage\",\"@id\":\"https:\\\/\\\/stuttgarti-katolikusok.de\\\/index.php\\\/david-melinda-jubileumi-unnepseg\\\/\",\"url\":\"https:\\\/\\\/stuttgarti-katolikusok.de\\\/index.php\\\/david-melinda-jubileumi-unnepseg\\\/\",\"name\":\"D\u00e1vid Melinda: Jubileumi \u00fcnneps\u00e9g - Stuttgarti Katolikusok\",\"isPartOf\":{\"@id\":\"https:\\\/\\\/stuttgarti-katolikusok.de\\\/#website\"},\"datePublished\":\"2017-06-09T18:54:35+00:00\",\"dateModified\":\"2017-06-10T14:21:30+00:00\",\"author\":{\"@id\":\"https:\\\/\\\/stuttgarti-katolikusok.de\\\/#\\\/schema\\\/person\\\/75908d6f8fdc03a57889d27209df7795\"},\"breadcrumb\":{\"@id\":\"https:\\\/\\\/stuttgarti-katolikusok.de\\\/index.php\\\/david-melinda-jubileumi-unnepseg\\\/#breadcrumb\"},\"inLanguage\":\"hu\",\"potentialAction\":[{\"@type\":\"ReadAction\",\"target\":[\"https:\\\/\\\/stuttgarti-katolikusok.de\\\/index.php\\\/david-melinda-jubileumi-unnepseg\\\/\"]}]},{\"@type\":\"BreadcrumbList\",\"@id\":\"https:\\\/\\\/stuttgarti-katolikusok.de\\\/index.php\\\/david-melinda-jubileumi-unnepseg\\\/#breadcrumb\",\"itemListElement\":[{\"@type\":\"ListItem\",\"position\":1,\"name\":\"Kezd\u0151lap\",\"item\":\"https:\\\/\\\/stuttgarti-katolikusok.de\\\/\"},{\"@type\":\"ListItem\",\"position\":2,\"name\":\"D\u00e1vid Melinda: Jubileumi \u00fcnneps\u00e9g\"}]},{\"@type\":\"WebSite\",\"@id\":\"https:\\\/\\\/stuttgarti-katolikusok.de\\\/#website\",\"url\":\"https:\\\/\\\/stuttgarti-katolikusok.de\\\/\",\"name\":\"Stuttgarti Katolikusok\",\"description\":\"\",\"potentialAction\":[{\"@type\":\"SearchAction\",\"target\":{\"@type\":\"EntryPoint\",\"urlTemplate\":\"https:\\\/\\\/stuttgarti-katolikusok.de\\\/?s={search_term_string}\"},\"query-input\":{\"@type\":\"PropertyValueSpecification\",\"valueRequired\":true,\"valueName\":\"search_term_string\"}}],\"inLanguage\":\"hu\"},{\"@type\":\"Person\",\"@id\":\"https:\\\/\\\/stuttgarti-katolikusok.de\\\/#\\\/schema\\\/person\\\/75908d6f8fdc03a57889d27209df7795\",\"name\":\"Tibor atya\",\"image\":{\"@type\":\"ImageObject\",\"inLanguage\":\"hu\",\"@id\":\"https:\\\/\\\/secure.gravatar.com\\\/avatar\\\/61d268e57d1f4525b111222e29d2d5a7f8c420fdbf231ba5566a8ceac74fa960?s=96&d=mm&r=g\",\"url\":\"https:\\\/\\\/secure.gravatar.com\\\/avatar\\\/61d268e57d1f4525b111222e29d2d5a7f8c420fdbf231ba5566a8ceac74fa960?s=96&d=mm&r=g\",\"contentUrl\":\"https:\\\/\\\/secure.gravatar.com\\\/avatar\\\/61d268e57d1f4525b111222e29d2d5a7f8c420fdbf231ba5566a8ceac74fa960?s=96&d=mm&r=g\",\"caption\":\"Tibor atya\"},\"url\":\"https:\\\/\\\/stuttgarti-katolikusok.de\\\/index.php\\\/author\\\/tibor-atya\\\/\"}]}<\/script>\n<!-- \/ Yoast SEO plugin. -->","yoast_head_json":{"title":"D\u00e1vid Melinda: Jubileumi \u00fcnneps\u00e9g - Stuttgarti Katolikusok","robots":{"index":"index","follow":"follow","max-snippet":"max-snippet:-1","max-image-preview":"max-image-preview:large","max-video-preview":"max-video-preview:-1"},"canonical":"https:\/\/stuttgarti-katolikusok.de\/index.php\/david-melinda-jubileumi-unnepseg\/","og_locale":"hu_HU","og_type":"article","og_title":"D\u00e1vid Melinda: Jubileumi \u00fcnneps\u00e9g - Stuttgarti Katolikusok","og_description":"Jubileumi \u00fcnneps\u00e9g Hetven \u00e9vvel ezel\u0151tt, 1947. m\u00e1jus 13-\u00e1n, honfit\u00e1rsaink k\u00e9r\u00e9s\u00e9re alap\u00edtotta meg Isten szolg\u00e1ja, Joannes Baptist Sproll rottenburgi p\u00fcsp\u00f6k, a Stuttgarti Magyar Misszi\u00f3t. A jelenlegi tizen\u00f6t r\u00e9szegyh\u00e1zk\u00f6zs\u00e9g l\u00e9trej\u00f6tt\u00e9\u00e9rt \u00e9s megmarad\u00e1s\u00e1\u00e9rt k\u00f6sz\u00f6nettel tartozunk pl\u00e9b\u00e1nosainknak, akik h\u00edveik lelki gondoz\u00e1s\u00e1t \u00e1ldozatteljesen \u00e9s kitart\u00e1ssal v\u00e1llalt\u00e1k \u00e9s v\u00e9ghezvitt\u00e9k, valamint a h\u00edveknek, akik k\u00f6z\u00fcl sokan \u00e9let\u00fck v\u00e9g\u00e9ig \u00f6nk\u00e9ntes munk\u00e1val hozz\u00e1j\u00e1rultak rendezv\u00e9nyeink siker\u00e9hez. Tragikus esem\u00e9nyek is hozz\u00e1j\u00e1rultak Egyh\u00e1zk\u00f6zs\u00e9g\u00fcnk megalap\u00edt\u00e1s\u00e1hoz \u00e9s fennmarad\u00e1s\u00e1hoz: a II. vil\u00e1gh\u00e1bor\u00fa v\u00e9g\u00e9n, 1945-ben, majd 1956-ban, a forradalom ut\u00e1n t\u00f6bb magyar honfit\u00e1rsunk menek\u00fcl\u00e9sre k\u00e9nyszer\u00fclt, majd 1989 ut\u00e1n \u00fajb\u00f3l megindult egy n\u00e9pv\u00e1ndorl\u00e1s keletr\u0151l nyugatra. Mi is k\u00f6zt\u00fck voltunk \u00e9s itt Stuttgartban \u00faj otthonra \u00e9s k\u00f6z\u00f6ss\u00e9gre tal\u00e1ltunk. M\u00e1jus 19. \u00e9s 21. k\u00f6z\u00f6tt h\u00e1rom napos jubileumi \u00fcnneps\u00e9ggel eml\u00e9kezt\u00fcnk meg a hetven \u00e9ves \u00e9vfordul\u00f3r\u00f3l. Megh\u00edvott vend\u00e9geink k\u00f6z\u00e9 tartozott Ft. Dr. Veres Andr\u00e1s, gy\u0151ri p\u00fcsp\u00f6k, a Magyar Katolikus P\u00fcsp\u00f6ki Konferencia eln\u00f6ke, Dr. Solt\u00e9sz Mikl\u00f3s egyh\u00e1zi, nemzetis\u00e9gi \u00e9s civil t\u00e1rsadalmi kapcsolatok\u00e9rt felel\u0151s \u00e1llamtitk\u00e1r \u00e9s Dr. Ber\u00e9nyi J\u00e1nos stuttgarti f\u0151konzul. P\u00e9ntek d\u00e9lut\u00e1n z\u00e1szl\u00f3felvon\u00e1ssal vette kezdet\u00e9t jubileumi \u00fcnneps\u00e9g\u00fcnk. A templom el\u0151tti t\u00e9ren a 2000-ben R\u00f3m\u00e1ban felszentelt jubileumi z\u00e1szl\u00f3nkat vontuk fel. Ezut\u00e1n Tibor atya a Bar\u00e1ts\u00e1g Klub tagjainak Egyh\u00e1zk\u00f6zs\u00e9g\u00fcnk t\u00f6rt\u00e9net\u00e9r\u0151l tartott el\u0151ad\u00e1st, majd a Bruder Klaus templomban jubileumi szentmise k\u00f6vetkezett. A nap f\u00e9nypontja volt a \u201c70 \u00e9ves a Szent Gell\u00e9rt Egyh\u00e1zk\u00f6zs\u00e9g\u201d ki\u00e1ll\u00edt\u00e1s megnyit\u00e1sa. Brune Gy\u00f6rgyi Marietta \u00e9s Schultheis \u00c9va t\u00f6bb mint f\u00e9l \u00e9ves munk\u00e1j\u00e1nak eredm\u00e9ny\u00e9t tekintett\u00fck meg 16 plak\u00e1ton. Imre atya felh\u00edv\u00e1s\u00e1ra a h\u00edvek elhozt\u00e1k f\u00e9ltve \u0151rz\u0151tt k\u00e9peiket egyh\u00e1zk\u00f6zs\u00e9gi \u00e9s csal\u00e1di esem\u00e9nyekr\u0151l. Ezek a k\u00e9pek, valamint Imre atya 2012-ben megjelent k\u00f6nyve \u201eA Stuttgarti Magyar Egyh\u00e1zk\u00f6zs\u00e9g T\u00f6rt\u00e9nete\u201c szolg\u00e1ltatt\u00e1k az anyagot a plak\u00e1tokhoz. Imre atya gondolatai, Szab\u00f3 Brigitta egyh\u00e1ztan\u00e1csosunk moder\u00e1ci\u00f3ja valamint Gy\u00f6rgyi \u00e9s \u00c9va hozz\u00e1sz\u00f3l\u00e1sai emelt\u00e9k az est f\u00e9nypontj\u00e1t, amelyet pezsg\u0151s fogad\u00e1ssal fejezt\u00fcnk be. Szombaton reggelivel v\u00e1rtunk az els\u0151 \u00e9rkez\u0151kre a K\u00f6z\u00f6ss\u00e9gi Teremben. Sz\u00fcks\u00e9g is volt a gazdag reggelire, mert maratoni nap \u00e1llt el\u0151tt\u00fcnk. A Szent Gell\u00e9rt Egyh\u00e1zk\u00f6zs\u00e9g 15 r\u00e9szegyh\u00e1zk\u00f6zs\u00e9g\u00e9nek bemutatkoz\u00e1s\u00e1val kezd\u0151d\u00f6tt. \u00c9rdekesn\u00e9l \u00e9rdekesebb besz\u00e1mol\u00f3k k\u00f6vetkeztek,... R\u00e9szletek","og_url":"https:\/\/stuttgarti-katolikusok.de\/index.php\/david-melinda-jubileumi-unnepseg\/","og_site_name":"Stuttgarti Katolikusok","article_published_time":"2017-06-09T18:54:35+00:00","article_modified_time":"2017-06-10T14:21:30+00:00","author":"Tibor atya","twitter_card":"summary_large_image","twitter_misc":{"Szerz\u0151:":"Tibor atya","Becs\u00fclt olvas\u00e1si id\u0151":"7 perc"},"schema":{"@context":"https:\/\/schema.org","@graph":[{"@type":"Article","@id":"https:\/\/stuttgarti-katolikusok.de\/index.php\/david-melinda-jubileumi-unnepseg\/#article","isPartOf":{"@id":"https:\/\/stuttgarti-katolikusok.de\/index.php\/david-melinda-jubileumi-unnepseg\/"},"author":{"name":"Tibor atya","@id":"https:\/\/stuttgarti-katolikusok.de\/#\/schema\/person\/75908d6f8fdc03a57889d27209df7795"},"headline":"D\u00e1vid Melinda: Jubileumi \u00fcnneps\u00e9g","datePublished":"2017-06-09T18:54:35+00:00","dateModified":"2017-06-10T14:21:30+00:00","mainEntityOfPage":{"@id":"https:\/\/stuttgarti-katolikusok.de\/index.php\/david-melinda-jubileumi-unnepseg\/"},"wordCount":1479,"articleSection":["Olvas\u00f3ink \u00edrj\u00e1k"],"inLanguage":"hu"},{"@type":"WebPage","@id":"https:\/\/stuttgarti-katolikusok.de\/index.php\/david-melinda-jubileumi-unnepseg\/","url":"https:\/\/stuttgarti-katolikusok.de\/index.php\/david-melinda-jubileumi-unnepseg\/","name":"D\u00e1vid Melinda: Jubileumi \u00fcnneps\u00e9g - Stuttgarti Katolikusok","isPartOf":{"@id":"https:\/\/stuttgarti-katolikusok.de\/#website"},"datePublished":"2017-06-09T18:54:35+00:00","dateModified":"2017-06-10T14:21:30+00:00","author":{"@id":"https:\/\/stuttgarti-katolikusok.de\/#\/schema\/person\/75908d6f8fdc03a57889d27209df7795"},"breadcrumb":{"@id":"https:\/\/stuttgarti-katolikusok.de\/index.php\/david-melinda-jubileumi-unnepseg\/#breadcrumb"},"inLanguage":"hu","potentialAction":[{"@type":"ReadAction","target":["https:\/\/stuttgarti-katolikusok.de\/index.php\/david-melinda-jubileumi-unnepseg\/"]}]},{"@type":"BreadcrumbList","@id":"https:\/\/stuttgarti-katolikusok.de\/index.php\/david-melinda-jubileumi-unnepseg\/#breadcrumb","itemListElement":[{"@type":"ListItem","position":1,"name":"Kezd\u0151lap","item":"https:\/\/stuttgarti-katolikusok.de\/"},{"@type":"ListItem","position":2,"name":"D\u00e1vid Melinda: Jubileumi \u00fcnneps\u00e9g"}]},{"@type":"WebSite","@id":"https:\/\/stuttgarti-katolikusok.de\/#website","url":"https:\/\/stuttgarti-katolikusok.de\/","name":"Stuttgarti Katolikusok","description":"","potentialAction":[{"@type":"SearchAction","target":{"@type":"EntryPoint","urlTemplate":"https:\/\/stuttgarti-katolikusok.de\/?s={search_term_string}"},"query-input":{"@type":"PropertyValueSpecification","valueRequired":true,"valueName":"search_term_string"}}],"inLanguage":"hu"},{"@type":"Person","@id":"https:\/\/stuttgarti-katolikusok.de\/#\/schema\/person\/75908d6f8fdc03a57889d27209df7795","name":"Tibor atya","image":{"@type":"ImageObject","inLanguage":"hu","@id":"https:\/\/secure.gravatar.com\/avatar\/61d268e57d1f4525b111222e29d2d5a7f8c420fdbf231ba5566a8ceac74fa960?s=96&d=mm&r=g","url":"https:\/\/secure.gravatar.com\/avatar\/61d268e57d1f4525b111222e29d2d5a7f8c420fdbf231ba5566a8ceac74fa960?s=96&d=mm&r=g","contentUrl":"https:\/\/secure.gravatar.com\/avatar\/61d268e57d1f4525b111222e29d2d5a7f8c420fdbf231ba5566a8ceac74fa960?s=96&d=mm&r=g","caption":"Tibor atya"},"url":"https:\/\/stuttgarti-katolikusok.de\/index.php\/author\/tibor-atya\/"}]}},"_links":{"self":[{"href":"https:\/\/stuttgarti-katolikusok.de\/index.php\/wp-json\/wp\/v2\/posts\/12197","targetHints":{"allow":["GET"]}}],"collection":[{"href":"https:\/\/stuttgarti-katolikusok.de\/index.php\/wp-json\/wp\/v2\/posts"}],"about":[{"href":"https:\/\/stuttgarti-katolikusok.de\/index.php\/wp-json\/wp\/v2\/types\/post"}],"author":[{"embeddable":true,"href":"https:\/\/stuttgarti-katolikusok.de\/index.php\/wp-json\/wp\/v2\/users\/3"}],"replies":[{"embeddable":true,"href":"https:\/\/stuttgarti-katolikusok.de\/index.php\/wp-json\/wp\/v2\/comments?post=12197"}],"version-history":[{"count":5,"href":"https:\/\/stuttgarti-katolikusok.de\/index.php\/wp-json\/wp\/v2\/posts\/12197\/revisions"}],"predecessor-version":[{"id":12205,"href":"https:\/\/stuttgarti-katolikusok.de\/index.php\/wp-json\/wp\/v2\/posts\/12197\/revisions\/12205"}],"wp:attachment":[{"href":"https:\/\/stuttgarti-katolikusok.de\/index.php\/wp-json\/wp\/v2\/media?parent=12197"}],"wp:term":[{"taxonomy":"category","embeddable":true,"href":"https:\/\/stuttgarti-katolikusok.de\/index.php\/wp-json\/wp\/v2\/categories?post=12197"},{"taxonomy":"post_tag","embeddable":true,"href":"https:\/\/stuttgarti-katolikusok.de\/index.php\/wp-json\/wp\/v2\/tags?post=12197"}],"curies":[{"name":"wp","href":"https:\/\/api.w.org\/{rel}","templated":true}]}}