{"id":12123,"date":"2017-06-06T04:57:06","date_gmt":"2017-06-06T04:57:06","guid":{"rendered":"https:\/\/gracious-dewdney.138-201-221-2.plesk.page\/?p=12123"},"modified":"2017-06-07T10:14:53","modified_gmt":"2017-06-07T10:14:53","slug":"programelozetes-junius-5-es-18-kozott","status":"publish","type":"post","link":"https:\/\/stuttgarti-katolikusok.de\/index.php\/programelozetes-junius-5-es-18-kozott\/","title":{"rendered":"Programel\u0151zetes j\u00fanius 5 \u00e9s 18 k\u00f6z\u00f6tt"},"content":{"rendered":"<p><strong>Programel\u0151zetes<\/strong><\/p>\n<p>&nbsp;<\/p>\n<p><strong>J\u00fanius 8-\u00e1n, <\/strong>cs\u00fct\u00f6rt\u00f6k\u00f6n,<\/p>\n<p>17.30 \u00f3rakor, <strong>Ulmi d\u00e9lut\u00e1n<\/strong>. <em>Szentmise<\/em> el\u0151tt <em>gy\u00f3ntat\u00e1s<\/em>, szentmise ut\u00e1n J\u00e9zus Sz\u00edve tisztelete \u00a0az Egyh\u00e1zban \u2013 <em>el\u0151ad\u00e1s<\/em>.<\/p>\n<p style=\"text-align: center;\">*<\/p>\n<p><strong>J\u00fanius 9-\u00e9n, <\/strong>p\u00e9nteken,<\/p>\n<p><strong>Stuttgartban<\/strong> 16.00 \u00f3rakor <em>Bar\u00e1ts\u00e1gklub<\/em>.<strong>\u00a0 <\/strong>17.50 \u00f3rakor <em>J\u00e9zus Sz\u00edve \u00e1jtatoss\u00e1g<\/em>, majd <em>szentmise, <\/em>keret\u00e9ben <em>P\u00e9nteki Egyetem: Besz\u00e9lget\u00e9sek a Katekizmusr\u00f3l<\/em>. Ut\u00e1na <em>Sportklub<\/em>.<\/p>\n<p><strong>Weingarteni d\u00e9lut\u00e1n<\/strong> a Marien Kirche-ben. 18.30 \u00f3rakor <em>r\u00f3zsaf\u00fcz\u00e9r im\u00e1ds\u00e1g<\/em>, <em>J\u00e9zus Sz\u00edve \u00e1jtatoss\u00e1g<\/em>, 19.00 \u00f3rakor <em>szentmise<\/em>, azt k\u00f6vet\u0151en pedig <em>Nt. Korda Zolt\u00e1n tiszteletes Szatm\u00e1rn\u00e9metib\u0151l <\/em>tart egy r\u00f6vid besz\u00e1mol\u00f3t.<\/p>\n<p style=\"text-align: center;\">*<\/p>\n<p><strong>J\u00fanius 10-\u00e9n<\/strong>, szombaton,<\/p>\n<p><strong>ERAK kir\u00e1ndul\u00e1s <\/strong><em>Augsburgba<\/em>. Jelentkezni lehet m\u00e9g az Irod\u00e1n.<\/p>\n<p>17.00 \u00f3rakor <strong>Friedrichshafenben<\/strong> <em>szentmise<\/em>. Ut\u00e1na <em>\u00e1g\u00e1p\u00e9<\/em>.<\/p>\n<p style=\"text-align: center;\">*<\/p>\n<p><strong>J\u00fanius 11-\u00e9n, <\/strong>vas\u00e1rnap,<\/p>\n<p><strong>\u00a0\u00a0\u00a0\u00a0\u00a0\u00a0\u00a0\u00a0\u00a0\u00a0\u00a0 Weingartenben <\/strong>10.00 \u00f3rakor <em>szentmise.<\/em> Ennek keret\u00e9ben <em>Moln\u00e1r \u00c1d\u00e1m<\/em> \u00e9s <em>Kuzsner Edu\u00e1rd <\/em>els\u0151\u00e1ldoz\u00e1sa. A szentmis\u00e9n im\u00e1t mond Nt. Korda Zolt\u00e1n tiszteletes Szatm\u00e1rn\u00e9metib\u0151l. Ut\u00e1na <em>\u00e1g\u00e1p\u00e9<\/em>.\u00a0\u00a0\u00a0\u00a0\u00a0\u00a0\u00a0\u00a0\u00a0\u00a0\u00a0 <strong>Ulmban<\/strong> 15.00 \u00f3rakor <em>szentmise<\/em>, ut\u00e1na <em>\u00e1g\u00e1p\u00e9<\/em>.<\/p>\n<p style=\"text-align: center;\">*<\/p>\n<p><strong>J\u00fanius 15-\u00e9n, <\/strong>cs\u00fct\u00f6rt\u00f6k\u00f6n, <strong>\u00darnapja,<\/strong><\/p>\n<p><strong>\u00a0\u00a0\u00a0\u00a0\u00a0\u00a0\u00a0\u00a0\u00a0\u00a0\u00a0 Ulmban<\/strong> 17.30 \u00f3rakor <em>szentmise<\/em> el\u0151tt <em>gy\u00f3ntat\u00e1s<\/em>, ut\u00e1na J\u00e9zus Sz\u00edve tisztelete az Egyh\u00e1zban \u2013 <em>el\u0151ad\u00e1s<\/em>.<\/p>\n<p style=\"text-align: center;\">*<\/p>\n<p><strong>J\u00fanius 16-\u00e1n, <\/strong>p\u00e9nteken,<\/p>\n<p><strong>Stuttgartban<\/strong> 16.00 \u00f3rakor <em>Bar\u00e1ts\u00e1gklub<\/em>.<strong>\u00a0 <\/strong>17.50 \u00f3rakor <em>J\u00e9zus Sz\u00edve \u00e1jtatoss\u00e1g<\/em>, majd <em>\u00darnapi szentmise. <\/em>Vend\u00e9gpapunk <em>Ft. Varga L\u00f3r\u00e1nt, m\u00e1t\u00e9szalkai seg\u00e9dlelk\u00e9sz. <\/em>Ut\u00e1na <em>Bibliak\u00f6r<\/em>.<\/p>\n<p><strong>Weingarteni d\u00e9lut\u00e1n<\/strong> a Marien Kirche-ben. 18.30 \u00f3rakor <em>r\u00f3zsaf\u00fcz\u00e9r im\u00e1ds\u00e1g<\/em>, <em>J\u00e9zus Sz\u00edve \u00e1jtatoss\u00e1g<\/em>, 19.00 \u00f3rakor <em>szentmise<\/em>, azt k\u00f6vet\u0151en pedig <em>el\u0151ad\u00e1s<\/em>: J\u00e9zus Sz\u00edve tisztelete az Egyh\u00e1zban.<\/p>\n<p style=\"text-align: center;\">*<\/p>\n<p><strong>J\u00fanius 17-\u00e9n<\/strong>, szombaton,<\/p>\n<p><strong>Bicikli zar\u00e1ndoklat <\/strong><em>a Maulbronni kolostorba.<\/em><\/p>\n<p>Tal\u00e1lkoz\u00e1s a stuttgarti f\u0151p\u00e1lyaudvaron reggel 8.30 \u00f3rakor. \u00c9rdekl\u0151dni az Irod\u00e1n vagy D\u00e9nes-H\u00fcgel \u00c9v\u00e1n\u00e1l (07021-84450, mobil 0160-463 965 5)<\/p>\n<p style=\"text-align: center;\">*<\/p>\n<p><strong>J\u00fanius 18-\u00e1n<\/strong>, vas\u00e1rnap,<\/p>\n<p><strong>Ludwigsburgban <\/strong>templomb\u00facs\u00fa: <em>Szent L\u00e1szl\u00f3 kir\u00e1ly<\/em> \u00fcnnepe. 9.30 \u00f3rakor <em>szentmise<\/em>, ut\u00e1na <em>\u00e1g\u00e1p\u00e9<\/em>.<\/p>\n<p><strong>Stuttgartban<\/strong> 12.00 \u00f3rakor <em>szentmise. <\/em>Ut\u00e1na <em>k\u00f6z\u00f6s eb\u00e9d az els\u0151\u00e1ldoz\u00f3kkal \u00e9s sz\u00fcleikkel. <\/em><\/p>\n<p>&nbsp;<\/p>\n<p>Minden helyen mindenkit szeretettel v\u00e1r a k\u00f6z\u00f6ss\u00e9g, Imre atya \u00e9s Tibor atya!<\/p>\n<p><em>\u00a0<\/em><\/p>\n<p><em>\u201eA szeretet az a kulcs, amellyel b\u00e1rmely sz\u00edv kincseskamr\u00e1j\u00e1t kinyithatod. Csak rajtad m\u00falik, hogy mikor teszed a kulcsot a z\u00e1rba!\u201d <\/em><strong>(Ismeretlen)<\/strong><\/p>\n<p><em>\u00a0<\/em><\/p>\n<p><strong><em>Kellemes napokat, j\u00f3 munk\u00e1t, tartalmas besz\u00e9lget\u00e9seket \u00e9s \u00f6r\u00f6mteli tal\u00e1lkoz\u00e1sokat k\u00edv\u00e1nunk minden Kedves H\u00edv\u00fcnknek!<\/em><\/strong><\/p>\n","protected":false},"excerpt":{"rendered":"<p>Programel\u0151zetes &nbsp; J\u00fanius 8-\u00e1n, cs\u00fct\u00f6rt\u00f6k\u00f6n, 17.30 \u00f3rakor, Ulmi d\u00e9lut\u00e1n. Szentmise el\u0151tt gy\u00f3ntat\u00e1s, szentmise ut\u00e1n J\u00e9zus Sz\u00edve tisztelete \u00a0az Egyh\u00e1zban \u2013 el\u0151ad\u00e1s. * J\u00fanius 9-\u00e9n, p\u00e9nteken, Stuttgartban 16.00 \u00f3rakor Bar\u00e1ts\u00e1gklub.\u00a0 17.50 \u00f3rakor J\u00e9zus Sz\u00edve \u00e1jtatoss\u00e1g, majd szentmise, keret\u00e9ben P\u00e9nteki Egyetem: Besz\u00e9lget\u00e9sek a Katekizmusr\u00f3l. Ut\u00e1na Sportklub. Weingarteni d\u00e9lut\u00e1n a Marien Kirche-ben. 18.30 \u00f3rakor r\u00f3zsaf\u00fcz\u00e9r im\u00e1ds\u00e1g, J\u00e9zus Sz\u00edve \u00e1jtatoss\u00e1g, 19.00 \u00f3rakor szentmise, azt k\u00f6vet\u0151en pedig Nt. Korda Zolt\u00e1n tiszteletes Szatm\u00e1rn\u00e9metib\u0151l tart egy r\u00f6vid besz\u00e1mol\u00f3t. * J\u00fanius 10-\u00e9n, szombaton, ERAK kir\u00e1ndul\u00e1s Augsburgba. Jelentkezni lehet m\u00e9g az Irod\u00e1n. 17.00 \u00f3rakor Friedrichshafenben szentmise. Ut\u00e1na \u00e1g\u00e1p\u00e9. * J\u00fanius 11-\u00e9n, vas\u00e1rnap, \u00a0\u00a0\u00a0\u00a0\u00a0\u00a0\u00a0\u00a0\u00a0\u00a0\u00a0 Weingartenben 10.00 \u00f3rakor szentmise. Ennek keret\u00e9ben Moln\u00e1r \u00c1d\u00e1m \u00e9s Kuzsner Edu\u00e1rd els\u0151\u00e1ldoz\u00e1sa. A szentmis\u00e9n im\u00e1t mond Nt. Korda Zolt\u00e1n tiszteletes Szatm\u00e1rn\u00e9metib\u0151l. Ut\u00e1na \u00e1g\u00e1p\u00e9.\u00a0\u00a0\u00a0\u00a0\u00a0\u00a0\u00a0\u00a0\u00a0\u00a0\u00a0 Ulmban 15.00 \u00f3rakor szentmise, ut\u00e1na \u00e1g\u00e1p\u00e9. * J\u00fanius 15-\u00e9n, cs\u00fct\u00f6rt\u00f6k\u00f6n, \u00darnapja, \u00a0\u00a0\u00a0\u00a0\u00a0\u00a0\u00a0\u00a0\u00a0\u00a0\u00a0 Ulmban 17.30 \u00f3rakor szentmise el\u0151tt gy\u00f3ntat\u00e1s, ut\u00e1na J\u00e9zus Sz\u00edve tisztelete az Egyh\u00e1zban \u2013 el\u0151ad\u00e1s. * J\u00fanius 16-\u00e1n, p\u00e9nteken, Stuttgartban 16.00 \u00f3rakor Bar\u00e1ts\u00e1gklub.\u00a0 17.50 \u00f3rakor J\u00e9zus Sz\u00edve \u00e1jtatoss\u00e1g, majd \u00darnapi szentmise. Vend\u00e9gpapunk Ft. Varga L\u00f3r\u00e1nt, m\u00e1t\u00e9szalkai seg\u00e9dlelk\u00e9sz. Ut\u00e1na Bibliak\u00f6r. Weingarteni d\u00e9lut\u00e1n a Marien Kirche-ben. 18.30 \u00f3rakor r\u00f3zsaf\u00fcz\u00e9r im\u00e1ds\u00e1g, J\u00e9zus Sz\u00edve \u00e1jtatoss\u00e1g, 19.00 \u00f3rakor szentmise, azt k\u00f6vet\u0151en pedig el\u0151ad\u00e1s: J\u00e9zus Sz\u00edve tisztelete az Egyh\u00e1zban. * J\u00fanius 17-\u00e9n, szombaton, Bicikli zar\u00e1ndoklat a Maulbronni kolostorba. Tal\u00e1lkoz\u00e1s a stuttgarti f\u0151p\u00e1lyaudvaron reggel 8.30 \u00f3rakor. \u00c9rdekl\u0151dni az Irod\u00e1n vagy D\u00e9nes-H\u00fcgel \u00c9v\u00e1n\u00e1l (07021-84450, mobil 0160-463 965 5) * J\u00fanius 18-\u00e1n, vas\u00e1rnap, Ludwigsburgban templomb\u00facs\u00fa: Szent L\u00e1szl\u00f3 kir\u00e1ly \u00fcnnepe. 9.30 \u00f3rakor szentmise, ut\u00e1na \u00e1g\u00e1p\u00e9. Stuttgartban 12.00 \u00f3rakor szentmise. Ut\u00e1na k\u00f6z\u00f6s eb\u00e9d az els\u0151\u00e1ldoz\u00f3kkal \u00e9s sz\u00fcleikkel. &nbsp; Minden helyen mindenkit szeretettel v\u00e1r a k\u00f6z\u00f6ss\u00e9g, Imre atya \u00e9s Tibor atya! \u00a0 \u201eA szeretet az a kulcs, amellyel b\u00e1rmely sz\u00edv kincseskamr\u00e1j\u00e1t kinyithatod. Csak rajtad m\u00falik, hogy mikor teszed a kulcsot a z\u00e1rba!\u201d (Ismeretlen) \u00a0 Kellemes napokat, j\u00f3 munk\u00e1t, tartalmas besz\u00e9lget\u00e9seket \u00e9s \u00f6r\u00f6mteli tal\u00e1lkoz\u00e1sokat k\u00edv\u00e1nunk minden Kedves H\u00edv\u00fcnknek!<\/p>\n","protected":false},"author":3,"featured_media":0,"comment_status":"closed","ping_status":"closed","sticky":false,"template":"","format":"standard","meta":{"footnotes":""},"categories":[37],"tags":[],"class_list":["post-12123","post","type-post","status-publish","format-standard","hentry","category-progamelozetes"],"yoast_head":"<!-- This site is optimized with the Yoast SEO plugin v27.3 - https:\/\/yoast.com\/product\/yoast-seo-wordpress\/ -->\n<title>Programel\u0151zetes j\u00fanius 5 \u00e9s 18 k\u00f6z\u00f6tt - Stuttgarti Katolikusok<\/title>\n<meta name=\"robots\" content=\"index, follow, max-snippet:-1, max-image-preview:large, max-video-preview:-1\" \/>\n<link rel=\"canonical\" href=\"https:\/\/stuttgarti-katolikusok.de\/index.php\/programelozetes-junius-5-es-18-kozott\/\" \/>\n<meta property=\"og:locale\" content=\"hu_HU\" \/>\n<meta property=\"og:type\" content=\"article\" \/>\n<meta property=\"og:title\" content=\"Programel\u0151zetes j\u00fanius 5 \u00e9s 18 k\u00f6z\u00f6tt - Stuttgarti Katolikusok\" \/>\n<meta property=\"og:description\" content=\"Programel\u0151zetes &nbsp; J\u00fanius 8-\u00e1n, cs\u00fct\u00f6rt\u00f6k\u00f6n, 17.30 \u00f3rakor, Ulmi d\u00e9lut\u00e1n. Szentmise el\u0151tt gy\u00f3ntat\u00e1s, szentmise ut\u00e1n J\u00e9zus Sz\u00edve tisztelete \u00a0az Egyh\u00e1zban \u2013 el\u0151ad\u00e1s. * J\u00fanius 9-\u00e9n, p\u00e9nteken, Stuttgartban 16.00 \u00f3rakor Bar\u00e1ts\u00e1gklub.\u00a0 17.50 \u00f3rakor J\u00e9zus Sz\u00edve \u00e1jtatoss\u00e1g, majd szentmise, keret\u00e9ben P\u00e9nteki Egyetem: Besz\u00e9lget\u00e9sek a Katekizmusr\u00f3l. Ut\u00e1na Sportklub. Weingarteni d\u00e9lut\u00e1n a Marien Kirche-ben. 18.30 \u00f3rakor r\u00f3zsaf\u00fcz\u00e9r im\u00e1ds\u00e1g, J\u00e9zus Sz\u00edve \u00e1jtatoss\u00e1g, 19.00 \u00f3rakor szentmise, azt k\u00f6vet\u0151en pedig Nt. Korda Zolt\u00e1n tiszteletes Szatm\u00e1rn\u00e9metib\u0151l tart egy r\u00f6vid besz\u00e1mol\u00f3t. * J\u00fanius 10-\u00e9n, szombaton, ERAK kir\u00e1ndul\u00e1s Augsburgba. Jelentkezni lehet m\u00e9g az Irod\u00e1n. 17.00 \u00f3rakor Friedrichshafenben szentmise. Ut\u00e1na \u00e1g\u00e1p\u00e9. * J\u00fanius 11-\u00e9n, vas\u00e1rnap, \u00a0\u00a0\u00a0\u00a0\u00a0\u00a0\u00a0\u00a0\u00a0\u00a0\u00a0 Weingartenben 10.00 \u00f3rakor szentmise. Ennek keret\u00e9ben Moln\u00e1r \u00c1d\u00e1m \u00e9s Kuzsner Edu\u00e1rd els\u0151\u00e1ldoz\u00e1sa. A szentmis\u00e9n im\u00e1t mond Nt. Korda Zolt\u00e1n tiszteletes Szatm\u00e1rn\u00e9metib\u0151l. Ut\u00e1na \u00e1g\u00e1p\u00e9.\u00a0\u00a0\u00a0\u00a0\u00a0\u00a0\u00a0\u00a0\u00a0\u00a0\u00a0 Ulmban 15.00 \u00f3rakor szentmise, ut\u00e1na \u00e1g\u00e1p\u00e9. * J\u00fanius 15-\u00e9n, cs\u00fct\u00f6rt\u00f6k\u00f6n, \u00darnapja, \u00a0\u00a0\u00a0\u00a0\u00a0\u00a0\u00a0\u00a0\u00a0\u00a0\u00a0 Ulmban 17.30 \u00f3rakor szentmise el\u0151tt gy\u00f3ntat\u00e1s, ut\u00e1na J\u00e9zus Sz\u00edve tisztelete az Egyh\u00e1zban \u2013 el\u0151ad\u00e1s. * J\u00fanius 16-\u00e1n, p\u00e9nteken, Stuttgartban 16.00 \u00f3rakor Bar\u00e1ts\u00e1gklub.\u00a0 17.50 \u00f3rakor J\u00e9zus Sz\u00edve \u00e1jtatoss\u00e1g, majd \u00darnapi szentmise. Vend\u00e9gpapunk Ft. Varga L\u00f3r\u00e1nt, m\u00e1t\u00e9szalkai seg\u00e9dlelk\u00e9sz. Ut\u00e1na Bibliak\u00f6r. Weingarteni d\u00e9lut\u00e1n a Marien Kirche-ben. 18.30 \u00f3rakor r\u00f3zsaf\u00fcz\u00e9r im\u00e1ds\u00e1g, J\u00e9zus Sz\u00edve \u00e1jtatoss\u00e1g, 19.00 \u00f3rakor szentmise, azt k\u00f6vet\u0151en pedig el\u0151ad\u00e1s: J\u00e9zus Sz\u00edve tisztelete az Egyh\u00e1zban. * J\u00fanius 17-\u00e9n, szombaton, Bicikli zar\u00e1ndoklat a Maulbronni kolostorba. Tal\u00e1lkoz\u00e1s a stuttgarti f\u0151p\u00e1lyaudvaron reggel 8.30 \u00f3rakor. \u00c9rdekl\u0151dni az Irod\u00e1n vagy D\u00e9nes-H\u00fcgel \u00c9v\u00e1n\u00e1l (07021-84450, mobil 0160-463 965 5) * J\u00fanius 18-\u00e1n, vas\u00e1rnap, Ludwigsburgban templomb\u00facs\u00fa: Szent L\u00e1szl\u00f3 kir\u00e1ly \u00fcnnepe. 9.30 \u00f3rakor szentmise, ut\u00e1na \u00e1g\u00e1p\u00e9. Stuttgartban 12.00 \u00f3rakor szentmise. Ut\u00e1na k\u00f6z\u00f6s eb\u00e9d az els\u0151\u00e1ldoz\u00f3kkal \u00e9s sz\u00fcleikkel. &nbsp; Minden helyen mindenkit szeretettel v\u00e1r a k\u00f6z\u00f6ss\u00e9g, Imre atya \u00e9s Tibor atya! \u00a0 \u201eA szeretet az a kulcs, amellyel b\u00e1rmely sz\u00edv kincseskamr\u00e1j\u00e1t kinyithatod. Csak rajtad m\u00falik, hogy mikor teszed a kulcsot a z\u00e1rba!\u201d (Ismeretlen) \u00a0 Kellemes napokat, j\u00f3 munk\u00e1t, tartalmas besz\u00e9lget\u00e9seket \u00e9s \u00f6r\u00f6mteli tal\u00e1lkoz\u00e1sokat k\u00edv\u00e1nunk minden Kedves H\u00edv\u00fcnknek!\" \/>\n<meta property=\"og:url\" content=\"https:\/\/stuttgarti-katolikusok.de\/index.php\/programelozetes-junius-5-es-18-kozott\/\" \/>\n<meta property=\"og:site_name\" content=\"Stuttgarti Katolikusok\" \/>\n<meta property=\"article:published_time\" content=\"2017-06-06T04:57:06+00:00\" \/>\n<meta property=\"article:modified_time\" content=\"2017-06-07T10:14:53+00:00\" \/>\n<meta name=\"author\" content=\"Tibor atya\" \/>\n<meta name=\"twitter:card\" content=\"summary_large_image\" \/>\n<meta name=\"twitter:label1\" content=\"Szerz\u0151:\" \/>\n\t<meta name=\"twitter:data1\" content=\"Tibor atya\" \/>\n\t<meta name=\"twitter:label2\" content=\"Becs\u00fclt olvas\u00e1si id\u0151\" \/>\n\t<meta name=\"twitter:data2\" content=\"2 perc\" \/>\n<script type=\"application\/ld+json\" class=\"yoast-schema-graph\">{\"@context\":\"https:\\\/\\\/schema.org\",\"@graph\":[{\"@type\":\"Article\",\"@id\":\"https:\\\/\\\/stuttgarti-katolikusok.de\\\/index.php\\\/programelozetes-junius-5-es-18-kozott\\\/#article\",\"isPartOf\":{\"@id\":\"https:\\\/\\\/stuttgarti-katolikusok.de\\\/index.php\\\/programelozetes-junius-5-es-18-kozott\\\/\"},\"author\":{\"name\":\"Tibor atya\",\"@id\":\"https:\\\/\\\/stuttgarti-katolikusok.de\\\/#\\\/schema\\\/person\\\/75908d6f8fdc03a57889d27209df7795\"},\"headline\":\"Programel\u0151zetes j\u00fanius 5 \u00e9s 18 k\u00f6z\u00f6tt\",\"datePublished\":\"2017-06-06T04:57:06+00:00\",\"dateModified\":\"2017-06-07T10:14:53+00:00\",\"mainEntityOfPage\":{\"@id\":\"https:\\\/\\\/stuttgarti-katolikusok.de\\\/index.php\\\/programelozetes-junius-5-es-18-kozott\\\/\"},\"wordCount\":445,\"articleSection\":[\"Progamel\u0151zetes\"],\"inLanguage\":\"hu\"},{\"@type\":\"WebPage\",\"@id\":\"https:\\\/\\\/stuttgarti-katolikusok.de\\\/index.php\\\/programelozetes-junius-5-es-18-kozott\\\/\",\"url\":\"https:\\\/\\\/stuttgarti-katolikusok.de\\\/index.php\\\/programelozetes-junius-5-es-18-kozott\\\/\",\"name\":\"Programel\u0151zetes j\u00fanius 5 \u00e9s 18 k\u00f6z\u00f6tt - Stuttgarti Katolikusok\",\"isPartOf\":{\"@id\":\"https:\\\/\\\/stuttgarti-katolikusok.de\\\/#website\"},\"datePublished\":\"2017-06-06T04:57:06+00:00\",\"dateModified\":\"2017-06-07T10:14:53+00:00\",\"author\":{\"@id\":\"https:\\\/\\\/stuttgarti-katolikusok.de\\\/#\\\/schema\\\/person\\\/75908d6f8fdc03a57889d27209df7795\"},\"breadcrumb\":{\"@id\":\"https:\\\/\\\/stuttgarti-katolikusok.de\\\/index.php\\\/programelozetes-junius-5-es-18-kozott\\\/#breadcrumb\"},\"inLanguage\":\"hu\",\"potentialAction\":[{\"@type\":\"ReadAction\",\"target\":[\"https:\\\/\\\/stuttgarti-katolikusok.de\\\/index.php\\\/programelozetes-junius-5-es-18-kozott\\\/\"]}]},{\"@type\":\"BreadcrumbList\",\"@id\":\"https:\\\/\\\/stuttgarti-katolikusok.de\\\/index.php\\\/programelozetes-junius-5-es-18-kozott\\\/#breadcrumb\",\"itemListElement\":[{\"@type\":\"ListItem\",\"position\":1,\"name\":\"Kezd\u0151lap\",\"item\":\"https:\\\/\\\/stuttgarti-katolikusok.de\\\/\"},{\"@type\":\"ListItem\",\"position\":2,\"name\":\"Programel\u0151zetes j\u00fanius 5 \u00e9s 18 k\u00f6z\u00f6tt\"}]},{\"@type\":\"WebSite\",\"@id\":\"https:\\\/\\\/stuttgarti-katolikusok.de\\\/#website\",\"url\":\"https:\\\/\\\/stuttgarti-katolikusok.de\\\/\",\"name\":\"Stuttgarti Katolikusok\",\"description\":\"\",\"potentialAction\":[{\"@type\":\"SearchAction\",\"target\":{\"@type\":\"EntryPoint\",\"urlTemplate\":\"https:\\\/\\\/stuttgarti-katolikusok.de\\\/?s={search_term_string}\"},\"query-input\":{\"@type\":\"PropertyValueSpecification\",\"valueRequired\":true,\"valueName\":\"search_term_string\"}}],\"inLanguage\":\"hu\"},{\"@type\":\"Person\",\"@id\":\"https:\\\/\\\/stuttgarti-katolikusok.de\\\/#\\\/schema\\\/person\\\/75908d6f8fdc03a57889d27209df7795\",\"name\":\"Tibor atya\",\"image\":{\"@type\":\"ImageObject\",\"inLanguage\":\"hu\",\"@id\":\"https:\\\/\\\/secure.gravatar.com\\\/avatar\\\/61d268e57d1f4525b111222e29d2d5a7f8c420fdbf231ba5566a8ceac74fa960?s=96&d=mm&r=g\",\"url\":\"https:\\\/\\\/secure.gravatar.com\\\/avatar\\\/61d268e57d1f4525b111222e29d2d5a7f8c420fdbf231ba5566a8ceac74fa960?s=96&d=mm&r=g\",\"contentUrl\":\"https:\\\/\\\/secure.gravatar.com\\\/avatar\\\/61d268e57d1f4525b111222e29d2d5a7f8c420fdbf231ba5566a8ceac74fa960?s=96&d=mm&r=g\",\"caption\":\"Tibor atya\"},\"url\":\"https:\\\/\\\/stuttgarti-katolikusok.de\\\/index.php\\\/author\\\/tibor-atya\\\/\"}]}<\/script>\n<!-- \/ Yoast SEO plugin. -->","yoast_head_json":{"title":"Programel\u0151zetes j\u00fanius 5 \u00e9s 18 k\u00f6z\u00f6tt - Stuttgarti Katolikusok","robots":{"index":"index","follow":"follow","max-snippet":"max-snippet:-1","max-image-preview":"max-image-preview:large","max-video-preview":"max-video-preview:-1"},"canonical":"https:\/\/stuttgarti-katolikusok.de\/index.php\/programelozetes-junius-5-es-18-kozott\/","og_locale":"hu_HU","og_type":"article","og_title":"Programel\u0151zetes j\u00fanius 5 \u00e9s 18 k\u00f6z\u00f6tt - Stuttgarti Katolikusok","og_description":"Programel\u0151zetes &nbsp; J\u00fanius 8-\u00e1n, cs\u00fct\u00f6rt\u00f6k\u00f6n, 17.30 \u00f3rakor, Ulmi d\u00e9lut\u00e1n. Szentmise el\u0151tt gy\u00f3ntat\u00e1s, szentmise ut\u00e1n J\u00e9zus Sz\u00edve tisztelete \u00a0az Egyh\u00e1zban \u2013 el\u0151ad\u00e1s. * J\u00fanius 9-\u00e9n, p\u00e9nteken, Stuttgartban 16.00 \u00f3rakor Bar\u00e1ts\u00e1gklub.\u00a0 17.50 \u00f3rakor J\u00e9zus Sz\u00edve \u00e1jtatoss\u00e1g, majd szentmise, keret\u00e9ben P\u00e9nteki Egyetem: Besz\u00e9lget\u00e9sek a Katekizmusr\u00f3l. Ut\u00e1na Sportklub. Weingarteni d\u00e9lut\u00e1n a Marien Kirche-ben. 18.30 \u00f3rakor r\u00f3zsaf\u00fcz\u00e9r im\u00e1ds\u00e1g, J\u00e9zus Sz\u00edve \u00e1jtatoss\u00e1g, 19.00 \u00f3rakor szentmise, azt k\u00f6vet\u0151en pedig Nt. Korda Zolt\u00e1n tiszteletes Szatm\u00e1rn\u00e9metib\u0151l tart egy r\u00f6vid besz\u00e1mol\u00f3t. * J\u00fanius 10-\u00e9n, szombaton, ERAK kir\u00e1ndul\u00e1s Augsburgba. Jelentkezni lehet m\u00e9g az Irod\u00e1n. 17.00 \u00f3rakor Friedrichshafenben szentmise. Ut\u00e1na \u00e1g\u00e1p\u00e9. * J\u00fanius 11-\u00e9n, vas\u00e1rnap, \u00a0\u00a0\u00a0\u00a0\u00a0\u00a0\u00a0\u00a0\u00a0\u00a0\u00a0 Weingartenben 10.00 \u00f3rakor szentmise. Ennek keret\u00e9ben Moln\u00e1r \u00c1d\u00e1m \u00e9s Kuzsner Edu\u00e1rd els\u0151\u00e1ldoz\u00e1sa. A szentmis\u00e9n im\u00e1t mond Nt. Korda Zolt\u00e1n tiszteletes Szatm\u00e1rn\u00e9metib\u0151l. Ut\u00e1na \u00e1g\u00e1p\u00e9.\u00a0\u00a0\u00a0\u00a0\u00a0\u00a0\u00a0\u00a0\u00a0\u00a0\u00a0 Ulmban 15.00 \u00f3rakor szentmise, ut\u00e1na \u00e1g\u00e1p\u00e9. * J\u00fanius 15-\u00e9n, cs\u00fct\u00f6rt\u00f6k\u00f6n, \u00darnapja, \u00a0\u00a0\u00a0\u00a0\u00a0\u00a0\u00a0\u00a0\u00a0\u00a0\u00a0 Ulmban 17.30 \u00f3rakor szentmise el\u0151tt gy\u00f3ntat\u00e1s, ut\u00e1na J\u00e9zus Sz\u00edve tisztelete az Egyh\u00e1zban \u2013 el\u0151ad\u00e1s. * J\u00fanius 16-\u00e1n, p\u00e9nteken, Stuttgartban 16.00 \u00f3rakor Bar\u00e1ts\u00e1gklub.\u00a0 17.50 \u00f3rakor J\u00e9zus Sz\u00edve \u00e1jtatoss\u00e1g, majd \u00darnapi szentmise. Vend\u00e9gpapunk Ft. Varga L\u00f3r\u00e1nt, m\u00e1t\u00e9szalkai seg\u00e9dlelk\u00e9sz. Ut\u00e1na Bibliak\u00f6r. Weingarteni d\u00e9lut\u00e1n a Marien Kirche-ben. 18.30 \u00f3rakor r\u00f3zsaf\u00fcz\u00e9r im\u00e1ds\u00e1g, J\u00e9zus Sz\u00edve \u00e1jtatoss\u00e1g, 19.00 \u00f3rakor szentmise, azt k\u00f6vet\u0151en pedig el\u0151ad\u00e1s: J\u00e9zus Sz\u00edve tisztelete az Egyh\u00e1zban. * J\u00fanius 17-\u00e9n, szombaton, Bicikli zar\u00e1ndoklat a Maulbronni kolostorba. Tal\u00e1lkoz\u00e1s a stuttgarti f\u0151p\u00e1lyaudvaron reggel 8.30 \u00f3rakor. \u00c9rdekl\u0151dni az Irod\u00e1n vagy D\u00e9nes-H\u00fcgel \u00c9v\u00e1n\u00e1l (07021-84450, mobil 0160-463 965 5) * J\u00fanius 18-\u00e1n, vas\u00e1rnap, Ludwigsburgban templomb\u00facs\u00fa: Szent L\u00e1szl\u00f3 kir\u00e1ly \u00fcnnepe. 9.30 \u00f3rakor szentmise, ut\u00e1na \u00e1g\u00e1p\u00e9. Stuttgartban 12.00 \u00f3rakor szentmise. Ut\u00e1na k\u00f6z\u00f6s eb\u00e9d az els\u0151\u00e1ldoz\u00f3kkal \u00e9s sz\u00fcleikkel. &nbsp; Minden helyen mindenkit szeretettel v\u00e1r a k\u00f6z\u00f6ss\u00e9g, Imre atya \u00e9s Tibor atya! \u00a0 \u201eA szeretet az a kulcs, amellyel b\u00e1rmely sz\u00edv kincseskamr\u00e1j\u00e1t kinyithatod. Csak rajtad m\u00falik, hogy mikor teszed a kulcsot a z\u00e1rba!\u201d (Ismeretlen) \u00a0 Kellemes napokat, j\u00f3 munk\u00e1t, tartalmas besz\u00e9lget\u00e9seket \u00e9s \u00f6r\u00f6mteli tal\u00e1lkoz\u00e1sokat k\u00edv\u00e1nunk minden Kedves H\u00edv\u00fcnknek!","og_url":"https:\/\/stuttgarti-katolikusok.de\/index.php\/programelozetes-junius-5-es-18-kozott\/","og_site_name":"Stuttgarti Katolikusok","article_published_time":"2017-06-06T04:57:06+00:00","article_modified_time":"2017-06-07T10:14:53+00:00","author":"Tibor atya","twitter_card":"summary_large_image","twitter_misc":{"Szerz\u0151:":"Tibor atya","Becs\u00fclt olvas\u00e1si id\u0151":"2 perc"},"schema":{"@context":"https:\/\/schema.org","@graph":[{"@type":"Article","@id":"https:\/\/stuttgarti-katolikusok.de\/index.php\/programelozetes-junius-5-es-18-kozott\/#article","isPartOf":{"@id":"https:\/\/stuttgarti-katolikusok.de\/index.php\/programelozetes-junius-5-es-18-kozott\/"},"author":{"name":"Tibor atya","@id":"https:\/\/stuttgarti-katolikusok.de\/#\/schema\/person\/75908d6f8fdc03a57889d27209df7795"},"headline":"Programel\u0151zetes j\u00fanius 5 \u00e9s 18 k\u00f6z\u00f6tt","datePublished":"2017-06-06T04:57:06+00:00","dateModified":"2017-06-07T10:14:53+00:00","mainEntityOfPage":{"@id":"https:\/\/stuttgarti-katolikusok.de\/index.php\/programelozetes-junius-5-es-18-kozott\/"},"wordCount":445,"articleSection":["Progamel\u0151zetes"],"inLanguage":"hu"},{"@type":"WebPage","@id":"https:\/\/stuttgarti-katolikusok.de\/index.php\/programelozetes-junius-5-es-18-kozott\/","url":"https:\/\/stuttgarti-katolikusok.de\/index.php\/programelozetes-junius-5-es-18-kozott\/","name":"Programel\u0151zetes j\u00fanius 5 \u00e9s 18 k\u00f6z\u00f6tt - Stuttgarti Katolikusok","isPartOf":{"@id":"https:\/\/stuttgarti-katolikusok.de\/#website"},"datePublished":"2017-06-06T04:57:06+00:00","dateModified":"2017-06-07T10:14:53+00:00","author":{"@id":"https:\/\/stuttgarti-katolikusok.de\/#\/schema\/person\/75908d6f8fdc03a57889d27209df7795"},"breadcrumb":{"@id":"https:\/\/stuttgarti-katolikusok.de\/index.php\/programelozetes-junius-5-es-18-kozott\/#breadcrumb"},"inLanguage":"hu","potentialAction":[{"@type":"ReadAction","target":["https:\/\/stuttgarti-katolikusok.de\/index.php\/programelozetes-junius-5-es-18-kozott\/"]}]},{"@type":"BreadcrumbList","@id":"https:\/\/stuttgarti-katolikusok.de\/index.php\/programelozetes-junius-5-es-18-kozott\/#breadcrumb","itemListElement":[{"@type":"ListItem","position":1,"name":"Kezd\u0151lap","item":"https:\/\/stuttgarti-katolikusok.de\/"},{"@type":"ListItem","position":2,"name":"Programel\u0151zetes j\u00fanius 5 \u00e9s 18 k\u00f6z\u00f6tt"}]},{"@type":"WebSite","@id":"https:\/\/stuttgarti-katolikusok.de\/#website","url":"https:\/\/stuttgarti-katolikusok.de\/","name":"Stuttgarti Katolikusok","description":"","potentialAction":[{"@type":"SearchAction","target":{"@type":"EntryPoint","urlTemplate":"https:\/\/stuttgarti-katolikusok.de\/?s={search_term_string}"},"query-input":{"@type":"PropertyValueSpecification","valueRequired":true,"valueName":"search_term_string"}}],"inLanguage":"hu"},{"@type":"Person","@id":"https:\/\/stuttgarti-katolikusok.de\/#\/schema\/person\/75908d6f8fdc03a57889d27209df7795","name":"Tibor atya","image":{"@type":"ImageObject","inLanguage":"hu","@id":"https:\/\/secure.gravatar.com\/avatar\/61d268e57d1f4525b111222e29d2d5a7f8c420fdbf231ba5566a8ceac74fa960?s=96&d=mm&r=g","url":"https:\/\/secure.gravatar.com\/avatar\/61d268e57d1f4525b111222e29d2d5a7f8c420fdbf231ba5566a8ceac74fa960?s=96&d=mm&r=g","contentUrl":"https:\/\/secure.gravatar.com\/avatar\/61d268e57d1f4525b111222e29d2d5a7f8c420fdbf231ba5566a8ceac74fa960?s=96&d=mm&r=g","caption":"Tibor atya"},"url":"https:\/\/stuttgarti-katolikusok.de\/index.php\/author\/tibor-atya\/"}]}},"_links":{"self":[{"href":"https:\/\/stuttgarti-katolikusok.de\/index.php\/wp-json\/wp\/v2\/posts\/12123","targetHints":{"allow":["GET"]}}],"collection":[{"href":"https:\/\/stuttgarti-katolikusok.de\/index.php\/wp-json\/wp\/v2\/posts"}],"about":[{"href":"https:\/\/stuttgarti-katolikusok.de\/index.php\/wp-json\/wp\/v2\/types\/post"}],"author":[{"embeddable":true,"href":"https:\/\/stuttgarti-katolikusok.de\/index.php\/wp-json\/wp\/v2\/users\/3"}],"replies":[{"embeddable":true,"href":"https:\/\/stuttgarti-katolikusok.de\/index.php\/wp-json\/wp\/v2\/comments?post=12123"}],"version-history":[{"count":4,"href":"https:\/\/stuttgarti-katolikusok.de\/index.php\/wp-json\/wp\/v2\/posts\/12123\/revisions"}],"predecessor-version":[{"id":12172,"href":"https:\/\/stuttgarti-katolikusok.de\/index.php\/wp-json\/wp\/v2\/posts\/12123\/revisions\/12172"}],"wp:attachment":[{"href":"https:\/\/stuttgarti-katolikusok.de\/index.php\/wp-json\/wp\/v2\/media?parent=12123"}],"wp:term":[{"taxonomy":"category","embeddable":true,"href":"https:\/\/stuttgarti-katolikusok.de\/index.php\/wp-json\/wp\/v2\/categories?post=12123"},{"taxonomy":"post_tag","embeddable":true,"href":"https:\/\/stuttgarti-katolikusok.de\/index.php\/wp-json\/wp\/v2\/tags?post=12123"}],"curies":[{"name":"wp","href":"https:\/\/api.w.org\/{rel}","templated":true}]}}