{"id":12083,"date":"2017-06-02T02:34:20","date_gmt":"2017-06-02T02:34:20","guid":{"rendered":"https:\/\/gracious-dewdney.138-201-221-2.plesk.page\/?p=12083"},"modified":"2019-01-30T10:29:54","modified_gmt":"2019-01-30T10:29:54","slug":"stuttgarti-magyar-katolikus-egyhazkozseg-70-jubileuma-vasarnap","status":"publish","type":"post","link":"https:\/\/stuttgarti-katolikusok.de\/index.php\/stuttgarti-magyar-katolikus-egyhazkozseg-70-jubileuma-vasarnap\/","title":{"rendered":"STUTTGARTI MAGYAR KATOLIKUS EGYH\u00c1ZK\u00d6ZS\u00c9G 70. JUBILEUMA &#8211; VAS\u00c1RNAP"},"content":{"rendered":"<p>A szombati naphoz hasonl\u00f3an a vas\u00e1rnap is b\u0151velkedett esem\u00e9nyekben \u00e9s felejthetetlen \u00e9lm\u00e9nyekben.<\/p>\n<p>E napnak programja:<br \/>\n11.00 \u00f3rakor a Bolhapiac megnyit\u00e1sa a templom el\u0151tti t\u00e9ren.<br \/>\n12.00 \u00f3rakor nagymise. F\u0151celebr\u00e1ns: Dr. Veres Andr\u00e1s gy\u0151ri p\u00fcsp\u00f6k, a Magyar Katolikus P\u00fcsp\u00f6kkari Konferencia eln\u00f6ke.<br \/>\n13.30 \u00f3rakor k\u00f6z\u00f6s eb\u00e9d a templom el\u0151tti t\u00e9ren.<br \/>\n15.00 \u00f3rakor f\u00f3rum a templomban: \u201eMi a magyar \u00c1llam \u00e9s Katolikus Egyh\u00e1z \u00e1ll\u00e1spontja a k\u00fclf\u00f6ld\u00f6n \u00e9l\u0151 magyarokkal kapcsolatban?\u201c<br \/>\nVend\u00e9geink: Dr. Veres Andr\u00e1s p\u00fcsp\u00f6k, Dr. Solt\u00e9sz Mikl\u00f3s egyh\u00e1z\u00fcgyi \u00e1llamtitk\u00e1r, Dr. Ber\u00e9nyi J\u00e1nos stuttgarti f\u0151konzul.<br \/>\n17.00 \u00f3ra z\u00e1szl\u00f3bont\u00e1s a templom el\u0151tti t\u00e9ren.<br \/>\n17.30 \u00f3rakor vacsora az Egyh\u00e1ztan\u00e1cs tagjaival, a Leg\u00e1tusokkal \u00e9s az \u00f6nk\u00e9ntes seg\u00edt\u0151kkel a K\u00f6z\u00f6ss\u00e9gi Teremben.<\/p>\n<p>H\u00e1l\u00e1val \u00e9s k\u00f6sz\u00f6nettel sz\u00edv\u00fcnkben hordozzuk ezt a napot is. J\u00f3 volt \u00fcnnepelni!<\/p>\n                    <div class=\"flicgal-gallery-wrapper gallery-12073\">\n                                                    <h3 class=\"flicgal-title\">70 \u00e9ves jubileum vas\u00e1rnap<\/h3>\n                                                <div class=\"flicgal-gallery-container-wrapper\">\n                            <div class=\"flicgal-spinner-wrapper\">\n                                <div class=\"flicgal-loading-img\"><img decoding=\"async\" src=\"https:\/\/stuttgarti-katolikusok.de\/wp-content\/plugins\/flickr-album-gallery\/img\/loading.gif\" \/><\/div>\n                            <\/div>\n                            <div class=\"flicgal-gallery-container\"><\/div>\n                        <\/div>\n                        <!-- Blueimp gallery -->\n                        <div id=\"blueimp-gallery-12073\" class=\"blueimp-gallery blueimp-gallery-controls\">\n                            <div class=\"slides\"><\/div>\n                            <h3 class=\"title\"><\/h3>\n                            <a class=\"prev\"><\/a>\n                            <a class=\"next\"><\/a>\n                            <a class=\"close\"><\/a>\n                            <a class=\"play-pause\"><\/a>\n                            <ol class=\"indicator\"><\/ol>\n                        <\/div>\n                    <\/div>\n                    \n            \n","protected":false},"excerpt":{"rendered":"<p>A szombati naphoz hasonl\u00f3an a vas\u00e1rnap is b\u0151velkedett esem\u00e9nyekben \u00e9s felejthetetlen \u00e9lm\u00e9nyekben. E napnak programja: 11.00 \u00f3rakor a Bolhapiac megnyit\u00e1sa a templom el\u0151tti t\u00e9ren. 12.00 \u00f3rakor nagymise. F\u0151celebr\u00e1ns: Dr. Veres Andr\u00e1s gy\u0151ri p\u00fcsp\u00f6k, a Magyar Katolikus P\u00fcsp\u00f6kkari Konferencia eln\u00f6ke. 13.30 \u00f3rakor k\u00f6z\u00f6s eb\u00e9d a templom el\u0151tti t\u00e9ren. 15.00 \u00f3rakor f\u00f3rum a templomban: \u201eMi a magyar \u00c1llam \u00e9s Katolikus Egyh\u00e1z \u00e1ll\u00e1spontja a k\u00fclf\u00f6ld\u00f6n \u00e9l\u0151 magyarokkal kapcsolatban?\u201c Vend\u00e9geink: Dr. Veres Andr\u00e1s p\u00fcsp\u00f6k, Dr. Solt\u00e9sz Mikl\u00f3s egyh\u00e1z\u00fcgyi \u00e1llamtitk\u00e1r, Dr. Ber\u00e9nyi J\u00e1nos stuttgarti f\u0151konzul. 17.00 \u00f3ra z\u00e1szl\u00f3bont\u00e1s a templom el\u0151tti t\u00e9ren. 17.30 \u00f3rakor vacsora az Egyh\u00e1ztan\u00e1cs tagjaival, a Leg\u00e1tusokkal \u00e9s az \u00f6nk\u00e9ntes seg\u00edt\u0151kkel a K\u00f6z\u00f6ss\u00e9gi Teremben. H\u00e1l\u00e1val \u00e9s k\u00f6sz\u00f6nettel sz\u00edv\u00fcnkben hordozzuk ezt a napot is. J\u00f3 volt \u00fcnnepelni!<\/p>\n","protected":false},"author":3,"featured_media":12089,"comment_status":"closed","ping_status":"closed","sticky":false,"template":"","format":"standard","meta":{"footnotes":""},"categories":[39],"tags":[],"class_list":["post-12083","post","type-post","status-publish","format-standard","has-post-thumbnail","hentry","category-kepgaleria"],"yoast_head":"<!-- This site is optimized with the Yoast SEO plugin v27.3 - https:\/\/yoast.com\/product\/yoast-seo-wordpress\/ -->\n<title>STUTTGARTI MAGYAR KATOLIKUS EGYH\u00c1ZK\u00d6ZS\u00c9G 70. JUBILEUMA - VAS\u00c1RNAP - Stuttgarti Katolikusok<\/title>\n<meta name=\"robots\" content=\"index, follow, max-snippet:-1, max-image-preview:large, max-video-preview:-1\" \/>\n<link rel=\"canonical\" href=\"https:\/\/stuttgarti-katolikusok.de\/index.php\/stuttgarti-magyar-katolikus-egyhazkozseg-70-jubileuma-vasarnap\/\" \/>\n<meta property=\"og:locale\" content=\"hu_HU\" \/>\n<meta property=\"og:type\" content=\"article\" \/>\n<meta property=\"og:title\" content=\"STUTTGARTI MAGYAR KATOLIKUS EGYH\u00c1ZK\u00d6ZS\u00c9G 70. JUBILEUMA - VAS\u00c1RNAP - Stuttgarti Katolikusok\" \/>\n<meta property=\"og:description\" content=\"A szombati naphoz hasonl\u00f3an a vas\u00e1rnap is b\u0151velkedett esem\u00e9nyekben \u00e9s felejthetetlen \u00e9lm\u00e9nyekben. E napnak programja: 11.00 \u00f3rakor a Bolhapiac megnyit\u00e1sa a templom el\u0151tti t\u00e9ren. 12.00 \u00f3rakor nagymise. F\u0151celebr\u00e1ns: Dr. Veres Andr\u00e1s gy\u0151ri p\u00fcsp\u00f6k, a Magyar Katolikus P\u00fcsp\u00f6kkari Konferencia eln\u00f6ke. 13.30 \u00f3rakor k\u00f6z\u00f6s eb\u00e9d a templom el\u0151tti t\u00e9ren. 15.00 \u00f3rakor f\u00f3rum a templomban: \u201eMi a magyar \u00c1llam \u00e9s Katolikus Egyh\u00e1z \u00e1ll\u00e1spontja a k\u00fclf\u00f6ld\u00f6n \u00e9l\u0151 magyarokkal kapcsolatban?\u201c Vend\u00e9geink: Dr. Veres Andr\u00e1s p\u00fcsp\u00f6k, Dr. Solt\u00e9sz Mikl\u00f3s egyh\u00e1z\u00fcgyi \u00e1llamtitk\u00e1r, Dr. Ber\u00e9nyi J\u00e1nos stuttgarti f\u0151konzul. 17.00 \u00f3ra z\u00e1szl\u00f3bont\u00e1s a templom el\u0151tti t\u00e9ren. 17.30 \u00f3rakor vacsora az Egyh\u00e1ztan\u00e1cs tagjaival, a Leg\u00e1tusokkal \u00e9s az \u00f6nk\u00e9ntes seg\u00edt\u0151kkel a K\u00f6z\u00f6ss\u00e9gi Teremben. H\u00e1l\u00e1val \u00e9s k\u00f6sz\u00f6nettel sz\u00edv\u00fcnkben hordozzuk ezt a napot is. J\u00f3 volt \u00fcnnepelni!\" \/>\n<meta property=\"og:url\" content=\"https:\/\/stuttgarti-katolikusok.de\/index.php\/stuttgarti-magyar-katolikus-egyhazkozseg-70-jubileuma-vasarnap\/\" \/>\n<meta property=\"og:site_name\" content=\"Stuttgarti Katolikusok\" \/>\n<meta property=\"article:published_time\" content=\"2017-06-02T02:34:20+00:00\" \/>\n<meta property=\"article:modified_time\" content=\"2019-01-30T10:29:54+00:00\" \/>\n<meta property=\"og:image\" content=\"https:\/\/stuttgarti-katolikusok.de\/wp-content\/uploads\/2017\/06\/70vasarnap.jpg\" \/>\n\t<meta property=\"og:image:width\" content=\"640\" \/>\n\t<meta property=\"og:image:height\" content=\"426\" \/>\n\t<meta property=\"og:image:type\" content=\"image\/jpeg\" \/>\n<meta name=\"author\" content=\"Tibor atya\" \/>\n<meta name=\"twitter:card\" content=\"summary_large_image\" \/>\n<meta name=\"twitter:label1\" content=\"Szerz\u0151:\" \/>\n\t<meta name=\"twitter:data1\" content=\"Tibor atya\" \/>\n\t<meta name=\"twitter:label2\" content=\"Becs\u00fclt olvas\u00e1si id\u0151\" \/>\n\t<meta name=\"twitter:data2\" content=\"1 perc\" \/>\n<script type=\"application\/ld+json\" class=\"yoast-schema-graph\">{\"@context\":\"https:\\\/\\\/schema.org\",\"@graph\":[{\"@type\":\"Article\",\"@id\":\"https:\\\/\\\/stuttgarti-katolikusok.de\\\/index.php\\\/stuttgarti-magyar-katolikus-egyhazkozseg-70-jubileuma-vasarnap\\\/#article\",\"isPartOf\":{\"@id\":\"https:\\\/\\\/stuttgarti-katolikusok.de\\\/index.php\\\/stuttgarti-magyar-katolikus-egyhazkozseg-70-jubileuma-vasarnap\\\/\"},\"author\":{\"name\":\"Tibor atya\",\"@id\":\"https:\\\/\\\/stuttgarti-katolikusok.de\\\/#\\\/schema\\\/person\\\/75908d6f8fdc03a57889d27209df7795\"},\"headline\":\"STUTTGARTI MAGYAR KATOLIKUS EGYH\u00c1ZK\u00d6ZS\u00c9G 70. JUBILEUMA &#8211; VAS\u00c1RNAP\",\"datePublished\":\"2017-06-02T02:34:20+00:00\",\"dateModified\":\"2019-01-30T10:29:54+00:00\",\"mainEntityOfPage\":{\"@id\":\"https:\\\/\\\/stuttgarti-katolikusok.de\\\/index.php\\\/stuttgarti-magyar-katolikus-egyhazkozseg-70-jubileuma-vasarnap\\\/\"},\"wordCount\":181,\"image\":{\"@id\":\"https:\\\/\\\/stuttgarti-katolikusok.de\\\/index.php\\\/stuttgarti-magyar-katolikus-egyhazkozseg-70-jubileuma-vasarnap\\\/#primaryimage\"},\"thumbnailUrl\":\"https:\\\/\\\/stuttgarti-katolikusok.de\\\/wp-content\\\/uploads\\\/2017\\\/06\\\/70vasarnap.jpg\",\"articleSection\":[\"K\u00e9pgal\u00e9ria\"],\"inLanguage\":\"hu\"},{\"@type\":\"WebPage\",\"@id\":\"https:\\\/\\\/stuttgarti-katolikusok.de\\\/index.php\\\/stuttgarti-magyar-katolikus-egyhazkozseg-70-jubileuma-vasarnap\\\/\",\"url\":\"https:\\\/\\\/stuttgarti-katolikusok.de\\\/index.php\\\/stuttgarti-magyar-katolikus-egyhazkozseg-70-jubileuma-vasarnap\\\/\",\"name\":\"STUTTGARTI MAGYAR KATOLIKUS EGYH\u00c1ZK\u00d6ZS\u00c9G 70. JUBILEUMA - VAS\u00c1RNAP - Stuttgarti Katolikusok\",\"isPartOf\":{\"@id\":\"https:\\\/\\\/stuttgarti-katolikusok.de\\\/#website\"},\"primaryImageOfPage\":{\"@id\":\"https:\\\/\\\/stuttgarti-katolikusok.de\\\/index.php\\\/stuttgarti-magyar-katolikus-egyhazkozseg-70-jubileuma-vasarnap\\\/#primaryimage\"},\"image\":{\"@id\":\"https:\\\/\\\/stuttgarti-katolikusok.de\\\/index.php\\\/stuttgarti-magyar-katolikus-egyhazkozseg-70-jubileuma-vasarnap\\\/#primaryimage\"},\"thumbnailUrl\":\"https:\\\/\\\/stuttgarti-katolikusok.de\\\/wp-content\\\/uploads\\\/2017\\\/06\\\/70vasarnap.jpg\",\"datePublished\":\"2017-06-02T02:34:20+00:00\",\"dateModified\":\"2019-01-30T10:29:54+00:00\",\"author\":{\"@id\":\"https:\\\/\\\/stuttgarti-katolikusok.de\\\/#\\\/schema\\\/person\\\/75908d6f8fdc03a57889d27209df7795\"},\"breadcrumb\":{\"@id\":\"https:\\\/\\\/stuttgarti-katolikusok.de\\\/index.php\\\/stuttgarti-magyar-katolikus-egyhazkozseg-70-jubileuma-vasarnap\\\/#breadcrumb\"},\"inLanguage\":\"hu\",\"potentialAction\":[{\"@type\":\"ReadAction\",\"target\":[\"https:\\\/\\\/stuttgarti-katolikusok.de\\\/index.php\\\/stuttgarti-magyar-katolikus-egyhazkozseg-70-jubileuma-vasarnap\\\/\"]}]},{\"@type\":\"ImageObject\",\"inLanguage\":\"hu\",\"@id\":\"https:\\\/\\\/stuttgarti-katolikusok.de\\\/index.php\\\/stuttgarti-magyar-katolikus-egyhazkozseg-70-jubileuma-vasarnap\\\/#primaryimage\",\"url\":\"https:\\\/\\\/stuttgarti-katolikusok.de\\\/wp-content\\\/uploads\\\/2017\\\/06\\\/70vasarnap.jpg\",\"contentUrl\":\"https:\\\/\\\/stuttgarti-katolikusok.de\\\/wp-content\\\/uploads\\\/2017\\\/06\\\/70vasarnap.jpg\",\"width\":640,\"height\":426},{\"@type\":\"BreadcrumbList\",\"@id\":\"https:\\\/\\\/stuttgarti-katolikusok.de\\\/index.php\\\/stuttgarti-magyar-katolikus-egyhazkozseg-70-jubileuma-vasarnap\\\/#breadcrumb\",\"itemListElement\":[{\"@type\":\"ListItem\",\"position\":1,\"name\":\"Kezd\u0151lap\",\"item\":\"https:\\\/\\\/stuttgarti-katolikusok.de\\\/\"},{\"@type\":\"ListItem\",\"position\":2,\"name\":\"STUTTGARTI MAGYAR KATOLIKUS EGYH\u00c1ZK\u00d6ZS\u00c9G 70. JUBILEUMA &#8211; VAS\u00c1RNAP\"}]},{\"@type\":\"WebSite\",\"@id\":\"https:\\\/\\\/stuttgarti-katolikusok.de\\\/#website\",\"url\":\"https:\\\/\\\/stuttgarti-katolikusok.de\\\/\",\"name\":\"Stuttgarti Katolikusok\",\"description\":\"\",\"potentialAction\":[{\"@type\":\"SearchAction\",\"target\":{\"@type\":\"EntryPoint\",\"urlTemplate\":\"https:\\\/\\\/stuttgarti-katolikusok.de\\\/?s={search_term_string}\"},\"query-input\":{\"@type\":\"PropertyValueSpecification\",\"valueRequired\":true,\"valueName\":\"search_term_string\"}}],\"inLanguage\":\"hu\"},{\"@type\":\"Person\",\"@id\":\"https:\\\/\\\/stuttgarti-katolikusok.de\\\/#\\\/schema\\\/person\\\/75908d6f8fdc03a57889d27209df7795\",\"name\":\"Tibor atya\",\"image\":{\"@type\":\"ImageObject\",\"inLanguage\":\"hu\",\"@id\":\"https:\\\/\\\/secure.gravatar.com\\\/avatar\\\/61d268e57d1f4525b111222e29d2d5a7f8c420fdbf231ba5566a8ceac74fa960?s=96&d=mm&r=g\",\"url\":\"https:\\\/\\\/secure.gravatar.com\\\/avatar\\\/61d268e57d1f4525b111222e29d2d5a7f8c420fdbf231ba5566a8ceac74fa960?s=96&d=mm&r=g\",\"contentUrl\":\"https:\\\/\\\/secure.gravatar.com\\\/avatar\\\/61d268e57d1f4525b111222e29d2d5a7f8c420fdbf231ba5566a8ceac74fa960?s=96&d=mm&r=g\",\"caption\":\"Tibor atya\"},\"url\":\"https:\\\/\\\/stuttgarti-katolikusok.de\\\/index.php\\\/author\\\/tibor-atya\\\/\"}]}<\/script>\n<!-- \/ Yoast SEO plugin. -->","yoast_head_json":{"title":"STUTTGARTI MAGYAR KATOLIKUS EGYH\u00c1ZK\u00d6ZS\u00c9G 70. JUBILEUMA - VAS\u00c1RNAP - Stuttgarti Katolikusok","robots":{"index":"index","follow":"follow","max-snippet":"max-snippet:-1","max-image-preview":"max-image-preview:large","max-video-preview":"max-video-preview:-1"},"canonical":"https:\/\/stuttgarti-katolikusok.de\/index.php\/stuttgarti-magyar-katolikus-egyhazkozseg-70-jubileuma-vasarnap\/","og_locale":"hu_HU","og_type":"article","og_title":"STUTTGARTI MAGYAR KATOLIKUS EGYH\u00c1ZK\u00d6ZS\u00c9G 70. JUBILEUMA - VAS\u00c1RNAP - Stuttgarti Katolikusok","og_description":"A szombati naphoz hasonl\u00f3an a vas\u00e1rnap is b\u0151velkedett esem\u00e9nyekben \u00e9s felejthetetlen \u00e9lm\u00e9nyekben. E napnak programja: 11.00 \u00f3rakor a Bolhapiac megnyit\u00e1sa a templom el\u0151tti t\u00e9ren. 12.00 \u00f3rakor nagymise. F\u0151celebr\u00e1ns: Dr. Veres Andr\u00e1s gy\u0151ri p\u00fcsp\u00f6k, a Magyar Katolikus P\u00fcsp\u00f6kkari Konferencia eln\u00f6ke. 13.30 \u00f3rakor k\u00f6z\u00f6s eb\u00e9d a templom el\u0151tti t\u00e9ren. 15.00 \u00f3rakor f\u00f3rum a templomban: \u201eMi a magyar \u00c1llam \u00e9s Katolikus Egyh\u00e1z \u00e1ll\u00e1spontja a k\u00fclf\u00f6ld\u00f6n \u00e9l\u0151 magyarokkal kapcsolatban?\u201c Vend\u00e9geink: Dr. Veres Andr\u00e1s p\u00fcsp\u00f6k, Dr. Solt\u00e9sz Mikl\u00f3s egyh\u00e1z\u00fcgyi \u00e1llamtitk\u00e1r, Dr. Ber\u00e9nyi J\u00e1nos stuttgarti f\u0151konzul. 17.00 \u00f3ra z\u00e1szl\u00f3bont\u00e1s a templom el\u0151tti t\u00e9ren. 17.30 \u00f3rakor vacsora az Egyh\u00e1ztan\u00e1cs tagjaival, a Leg\u00e1tusokkal \u00e9s az \u00f6nk\u00e9ntes seg\u00edt\u0151kkel a K\u00f6z\u00f6ss\u00e9gi Teremben. H\u00e1l\u00e1val \u00e9s k\u00f6sz\u00f6nettel sz\u00edv\u00fcnkben hordozzuk ezt a napot is. J\u00f3 volt \u00fcnnepelni!","og_url":"https:\/\/stuttgarti-katolikusok.de\/index.php\/stuttgarti-magyar-katolikus-egyhazkozseg-70-jubileuma-vasarnap\/","og_site_name":"Stuttgarti Katolikusok","article_published_time":"2017-06-02T02:34:20+00:00","article_modified_time":"2019-01-30T10:29:54+00:00","og_image":[{"width":640,"height":426,"url":"https:\/\/stuttgarti-katolikusok.de\/wp-content\/uploads\/2017\/06\/70vasarnap.jpg","type":"image\/jpeg"}],"author":"Tibor atya","twitter_card":"summary_large_image","twitter_misc":{"Szerz\u0151:":"Tibor atya","Becs\u00fclt olvas\u00e1si id\u0151":"1 perc"},"schema":{"@context":"https:\/\/schema.org","@graph":[{"@type":"Article","@id":"https:\/\/stuttgarti-katolikusok.de\/index.php\/stuttgarti-magyar-katolikus-egyhazkozseg-70-jubileuma-vasarnap\/#article","isPartOf":{"@id":"https:\/\/stuttgarti-katolikusok.de\/index.php\/stuttgarti-magyar-katolikus-egyhazkozseg-70-jubileuma-vasarnap\/"},"author":{"name":"Tibor atya","@id":"https:\/\/stuttgarti-katolikusok.de\/#\/schema\/person\/75908d6f8fdc03a57889d27209df7795"},"headline":"STUTTGARTI MAGYAR KATOLIKUS EGYH\u00c1ZK\u00d6ZS\u00c9G 70. JUBILEUMA &#8211; VAS\u00c1RNAP","datePublished":"2017-06-02T02:34:20+00:00","dateModified":"2019-01-30T10:29:54+00:00","mainEntityOfPage":{"@id":"https:\/\/stuttgarti-katolikusok.de\/index.php\/stuttgarti-magyar-katolikus-egyhazkozseg-70-jubileuma-vasarnap\/"},"wordCount":181,"image":{"@id":"https:\/\/stuttgarti-katolikusok.de\/index.php\/stuttgarti-magyar-katolikus-egyhazkozseg-70-jubileuma-vasarnap\/#primaryimage"},"thumbnailUrl":"https:\/\/stuttgarti-katolikusok.de\/wp-content\/uploads\/2017\/06\/70vasarnap.jpg","articleSection":["K\u00e9pgal\u00e9ria"],"inLanguage":"hu"},{"@type":"WebPage","@id":"https:\/\/stuttgarti-katolikusok.de\/index.php\/stuttgarti-magyar-katolikus-egyhazkozseg-70-jubileuma-vasarnap\/","url":"https:\/\/stuttgarti-katolikusok.de\/index.php\/stuttgarti-magyar-katolikus-egyhazkozseg-70-jubileuma-vasarnap\/","name":"STUTTGARTI MAGYAR KATOLIKUS EGYH\u00c1ZK\u00d6ZS\u00c9G 70. JUBILEUMA - VAS\u00c1RNAP - Stuttgarti Katolikusok","isPartOf":{"@id":"https:\/\/stuttgarti-katolikusok.de\/#website"},"primaryImageOfPage":{"@id":"https:\/\/stuttgarti-katolikusok.de\/index.php\/stuttgarti-magyar-katolikus-egyhazkozseg-70-jubileuma-vasarnap\/#primaryimage"},"image":{"@id":"https:\/\/stuttgarti-katolikusok.de\/index.php\/stuttgarti-magyar-katolikus-egyhazkozseg-70-jubileuma-vasarnap\/#primaryimage"},"thumbnailUrl":"https:\/\/stuttgarti-katolikusok.de\/wp-content\/uploads\/2017\/06\/70vasarnap.jpg","datePublished":"2017-06-02T02:34:20+00:00","dateModified":"2019-01-30T10:29:54+00:00","author":{"@id":"https:\/\/stuttgarti-katolikusok.de\/#\/schema\/person\/75908d6f8fdc03a57889d27209df7795"},"breadcrumb":{"@id":"https:\/\/stuttgarti-katolikusok.de\/index.php\/stuttgarti-magyar-katolikus-egyhazkozseg-70-jubileuma-vasarnap\/#breadcrumb"},"inLanguage":"hu","potentialAction":[{"@type":"ReadAction","target":["https:\/\/stuttgarti-katolikusok.de\/index.php\/stuttgarti-magyar-katolikus-egyhazkozseg-70-jubileuma-vasarnap\/"]}]},{"@type":"ImageObject","inLanguage":"hu","@id":"https:\/\/stuttgarti-katolikusok.de\/index.php\/stuttgarti-magyar-katolikus-egyhazkozseg-70-jubileuma-vasarnap\/#primaryimage","url":"https:\/\/stuttgarti-katolikusok.de\/wp-content\/uploads\/2017\/06\/70vasarnap.jpg","contentUrl":"https:\/\/stuttgarti-katolikusok.de\/wp-content\/uploads\/2017\/06\/70vasarnap.jpg","width":640,"height":426},{"@type":"BreadcrumbList","@id":"https:\/\/stuttgarti-katolikusok.de\/index.php\/stuttgarti-magyar-katolikus-egyhazkozseg-70-jubileuma-vasarnap\/#breadcrumb","itemListElement":[{"@type":"ListItem","position":1,"name":"Kezd\u0151lap","item":"https:\/\/stuttgarti-katolikusok.de\/"},{"@type":"ListItem","position":2,"name":"STUTTGARTI MAGYAR KATOLIKUS EGYH\u00c1ZK\u00d6ZS\u00c9G 70. JUBILEUMA &#8211; VAS\u00c1RNAP"}]},{"@type":"WebSite","@id":"https:\/\/stuttgarti-katolikusok.de\/#website","url":"https:\/\/stuttgarti-katolikusok.de\/","name":"Stuttgarti Katolikusok","description":"","potentialAction":[{"@type":"SearchAction","target":{"@type":"EntryPoint","urlTemplate":"https:\/\/stuttgarti-katolikusok.de\/?s={search_term_string}"},"query-input":{"@type":"PropertyValueSpecification","valueRequired":true,"valueName":"search_term_string"}}],"inLanguage":"hu"},{"@type":"Person","@id":"https:\/\/stuttgarti-katolikusok.de\/#\/schema\/person\/75908d6f8fdc03a57889d27209df7795","name":"Tibor atya","image":{"@type":"ImageObject","inLanguage":"hu","@id":"https:\/\/secure.gravatar.com\/avatar\/61d268e57d1f4525b111222e29d2d5a7f8c420fdbf231ba5566a8ceac74fa960?s=96&d=mm&r=g","url":"https:\/\/secure.gravatar.com\/avatar\/61d268e57d1f4525b111222e29d2d5a7f8c420fdbf231ba5566a8ceac74fa960?s=96&d=mm&r=g","contentUrl":"https:\/\/secure.gravatar.com\/avatar\/61d268e57d1f4525b111222e29d2d5a7f8c420fdbf231ba5566a8ceac74fa960?s=96&d=mm&r=g","caption":"Tibor atya"},"url":"https:\/\/stuttgarti-katolikusok.de\/index.php\/author\/tibor-atya\/"}]}},"_links":{"self":[{"href":"https:\/\/stuttgarti-katolikusok.de\/index.php\/wp-json\/wp\/v2\/posts\/12083","targetHints":{"allow":["GET"]}}],"collection":[{"href":"https:\/\/stuttgarti-katolikusok.de\/index.php\/wp-json\/wp\/v2\/posts"}],"about":[{"href":"https:\/\/stuttgarti-katolikusok.de\/index.php\/wp-json\/wp\/v2\/types\/post"}],"author":[{"embeddable":true,"href":"https:\/\/stuttgarti-katolikusok.de\/index.php\/wp-json\/wp\/v2\/users\/3"}],"replies":[{"embeddable":true,"href":"https:\/\/stuttgarti-katolikusok.de\/index.php\/wp-json\/wp\/v2\/comments?post=12083"}],"version-history":[{"count":2,"href":"https:\/\/stuttgarti-katolikusok.de\/index.php\/wp-json\/wp\/v2\/posts\/12083\/revisions"}],"predecessor-version":[{"id":12087,"href":"https:\/\/stuttgarti-katolikusok.de\/index.php\/wp-json\/wp\/v2\/posts\/12083\/revisions\/12087"}],"wp:featuredmedia":[{"embeddable":true,"href":"https:\/\/stuttgarti-katolikusok.de\/index.php\/wp-json\/wp\/v2\/media\/12089"}],"wp:attachment":[{"href":"https:\/\/stuttgarti-katolikusok.de\/index.php\/wp-json\/wp\/v2\/media?parent=12083"}],"wp:term":[{"taxonomy":"category","embeddable":true,"href":"https:\/\/stuttgarti-katolikusok.de\/index.php\/wp-json\/wp\/v2\/categories?post=12083"},{"taxonomy":"post_tag","embeddable":true,"href":"https:\/\/stuttgarti-katolikusok.de\/index.php\/wp-json\/wp\/v2\/tags?post=12083"}],"curies":[{"name":"wp","href":"https:\/\/api.w.org\/{rel}","templated":true}]}}