{"id":12074,"date":"2017-06-02T01:59:35","date_gmt":"2017-06-02T01:59:35","guid":{"rendered":"https:\/\/gracious-dewdney.138-201-221-2.plesk.page\/?p=12074"},"modified":"2019-01-30T10:33:36","modified_gmt":"2019-01-30T10:33:36","slug":"stuttgarti-magyar-katolikus-egyhazkozseg-70-jubileuma-nyitonap","status":"publish","type":"post","link":"https:\/\/stuttgarti-katolikusok.de\/index.php\/stuttgarti-magyar-katolikus-egyhazkozseg-70-jubileuma-nyitonap\/","title":{"rendered":"STUTTGARTI MAGYAR KATOLIKUS EGYH\u00c1ZK\u00d6ZS\u00c9G 70. JUBILEUMA &#8211; NYIT\u00d3NAP"},"content":{"rendered":"<p>2017. m\u00e1jus 19-\u00e9n, p\u00e9nteken vette kezdet\u00e9t a h\u00e1rom napos jubileumi rendezv\u00e9ny\u00fcnk. E napnak kiemelt esem\u00e9nyei:<\/p>\n<p>16.00 \u00f3rakor z\u00e1szl\u00f3felvon\u00e1s a templom el\u0151tti t\u00e9ren.<br \/>\n16.30 \u00f3ra Bar\u00e1ts\u00e1g klub a K\u00f6z\u00f6ss\u00e9gi Teremben.<br \/>\n18.00 \u00f3rakor jubileumi nyit\u00f3szentmise a Bruder Klaus templomban.<br \/>\n19.00 \u00f3rakor \u201e70 \u00e9ves a Szent Gell\u00e9rt Egyh\u00e1zk\u00f6zs\u00e9g\u201c \u2013 ki\u00e1ll\u00edt\u00e1s a templomban.<\/p>\n<p>Fogadj\u00e1tok szeretettel az itt k\u00e9sz\u00fclt k\u00e9peket:<\/p>\n                    <div class=\"flicgal-gallery-wrapper gallery-12071\">\n                                                <div class=\"flicgal-gallery-container-wrapper\">\n                            <div class=\"flicgal-spinner-wrapper\">\n                                <div class=\"flicgal-loading-img\"><img decoding=\"async\" src=\"https:\/\/stuttgarti-katolikusok.de\/wp-content\/plugins\/flickr-album-gallery\/img\/loading.gif\" \/><\/div>\n                            <\/div>\n                            <div class=\"flicgal-gallery-container\"><\/div>\n                        <\/div>\n                        <!-- Blueimp gallery -->\n                        <div id=\"blueimp-gallery-12071\" class=\"blueimp-gallery blueimp-gallery-controls\">\n                            <div class=\"slides\"><\/div>\n                            <h3 class=\"title\"><\/h3>\n                            <a class=\"prev\"><\/a>\n                            <a class=\"next\"><\/a>\n                            <a class=\"close\"><\/a>\n                            <a class=\"play-pause\"><\/a>\n                            <ol class=\"indicator\"><\/ol>\n                        <\/div>\n                    <\/div>\n                    \n            \n<p>&nbsp;<\/p>\n","protected":false},"excerpt":{"rendered":"<p>2017. m\u00e1jus 19-\u00e9n, p\u00e9nteken vette kezdet\u00e9t a h\u00e1rom napos jubileumi rendezv\u00e9ny\u00fcnk. E napnak kiemelt esem\u00e9nyei: 16.00 \u00f3rakor z\u00e1szl\u00f3felvon\u00e1s a templom el\u0151tti t\u00e9ren. 16.30 \u00f3ra Bar\u00e1ts\u00e1g klub a K\u00f6z\u00f6ss\u00e9gi Teremben. 18.00 \u00f3rakor jubileumi nyit\u00f3szentmise a Bruder Klaus templomban. 19.00 \u00f3rakor \u201e70 \u00e9ves a Szent Gell\u00e9rt Egyh\u00e1zk\u00f6zs\u00e9g\u201c \u2013 ki\u00e1ll\u00edt\u00e1s a templomban. Fogadj\u00e1tok szeretettel az itt k\u00e9sz\u00fclt k\u00e9peket: &nbsp;<\/p>\n","protected":false},"author":3,"featured_media":12075,"comment_status":"closed","ping_status":"closed","sticky":false,"template":"","format":"standard","meta":{"footnotes":""},"categories":[39],"tags":[],"class_list":["post-12074","post","type-post","status-publish","format-standard","has-post-thumbnail","hentry","category-kepgaleria"],"yoast_head":"<!-- This site is optimized with the Yoast SEO plugin v27.3 - https:\/\/yoast.com\/product\/yoast-seo-wordpress\/ -->\n<title>STUTTGARTI MAGYAR KATOLIKUS EGYH\u00c1ZK\u00d6ZS\u00c9G 70. JUBILEUMA - NYIT\u00d3NAP - Stuttgarti Katolikusok<\/title>\n<meta name=\"robots\" content=\"index, follow, max-snippet:-1, max-image-preview:large, max-video-preview:-1\" \/>\n<link rel=\"canonical\" href=\"https:\/\/stuttgarti-katolikusok.de\/index.php\/stuttgarti-magyar-katolikus-egyhazkozseg-70-jubileuma-nyitonap\/\" \/>\n<meta property=\"og:locale\" content=\"hu_HU\" \/>\n<meta property=\"og:type\" content=\"article\" \/>\n<meta property=\"og:title\" content=\"STUTTGARTI MAGYAR KATOLIKUS EGYH\u00c1ZK\u00d6ZS\u00c9G 70. JUBILEUMA - NYIT\u00d3NAP - Stuttgarti Katolikusok\" \/>\n<meta property=\"og:description\" content=\"2017. m\u00e1jus 19-\u00e9n, p\u00e9nteken vette kezdet\u00e9t a h\u00e1rom napos jubileumi rendezv\u00e9ny\u00fcnk. E napnak kiemelt esem\u00e9nyei: 16.00 \u00f3rakor z\u00e1szl\u00f3felvon\u00e1s a templom el\u0151tti t\u00e9ren. 16.30 \u00f3ra Bar\u00e1ts\u00e1g klub a K\u00f6z\u00f6ss\u00e9gi Teremben. 18.00 \u00f3rakor jubileumi nyit\u00f3szentmise a Bruder Klaus templomban. 19.00 \u00f3rakor \u201e70 \u00e9ves a Szent Gell\u00e9rt Egyh\u00e1zk\u00f6zs\u00e9g\u201c \u2013 ki\u00e1ll\u00edt\u00e1s a templomban. Fogadj\u00e1tok szeretettel az itt k\u00e9sz\u00fclt k\u00e9peket: &nbsp;\" \/>\n<meta property=\"og:url\" content=\"https:\/\/stuttgarti-katolikusok.de\/index.php\/stuttgarti-magyar-katolikus-egyhazkozseg-70-jubileuma-nyitonap\/\" \/>\n<meta property=\"og:site_name\" content=\"Stuttgarti Katolikusok\" \/>\n<meta property=\"article:published_time\" content=\"2017-06-02T01:59:35+00:00\" \/>\n<meta property=\"article:modified_time\" content=\"2019-01-30T10:33:36+00:00\" \/>\n<meta property=\"og:image\" content=\"https:\/\/stuttgarti-katolikusok.de\/wp-content\/uploads\/2017\/06\/70pentek.jpg\" \/>\n\t<meta property=\"og:image:width\" content=\"640\" \/>\n\t<meta property=\"og:image:height\" content=\"426\" \/>\n\t<meta property=\"og:image:type\" content=\"image\/jpeg\" \/>\n<meta name=\"author\" content=\"Tibor atya\" \/>\n<meta name=\"twitter:card\" content=\"summary_large_image\" \/>\n<meta name=\"twitter:label1\" content=\"Szerz\u0151:\" \/>\n\t<meta name=\"twitter:data1\" content=\"Tibor atya\" \/>\n<script type=\"application\/ld+json\" class=\"yoast-schema-graph\">{\"@context\":\"https:\\\/\\\/schema.org\",\"@graph\":[{\"@type\":\"Article\",\"@id\":\"https:\\\/\\\/stuttgarti-katolikusok.de\\\/index.php\\\/stuttgarti-magyar-katolikus-egyhazkozseg-70-jubileuma-nyitonap\\\/#article\",\"isPartOf\":{\"@id\":\"https:\\\/\\\/stuttgarti-katolikusok.de\\\/index.php\\\/stuttgarti-magyar-katolikus-egyhazkozseg-70-jubileuma-nyitonap\\\/\"},\"author\":{\"name\":\"Tibor atya\",\"@id\":\"https:\\\/\\\/stuttgarti-katolikusok.de\\\/#\\\/schema\\\/person\\\/75908d6f8fdc03a57889d27209df7795\"},\"headline\":\"STUTTGARTI MAGYAR KATOLIKUS EGYH\u00c1ZK\u00d6ZS\u00c9G 70. JUBILEUMA &#8211; NYIT\u00d3NAP\",\"datePublished\":\"2017-06-02T01:59:35+00:00\",\"dateModified\":\"2019-01-30T10:33:36+00:00\",\"mainEntityOfPage\":{\"@id\":\"https:\\\/\\\/stuttgarti-katolikusok.de\\\/index.php\\\/stuttgarti-magyar-katolikus-egyhazkozseg-70-jubileuma-nyitonap\\\/\"},\"wordCount\":92,\"image\":{\"@id\":\"https:\\\/\\\/stuttgarti-katolikusok.de\\\/index.php\\\/stuttgarti-magyar-katolikus-egyhazkozseg-70-jubileuma-nyitonap\\\/#primaryimage\"},\"thumbnailUrl\":\"https:\\\/\\\/stuttgarti-katolikusok.de\\\/wp-content\\\/uploads\\\/2017\\\/06\\\/70pentek.jpg\",\"articleSection\":[\"K\u00e9pgal\u00e9ria\"],\"inLanguage\":\"hu\"},{\"@type\":\"WebPage\",\"@id\":\"https:\\\/\\\/stuttgarti-katolikusok.de\\\/index.php\\\/stuttgarti-magyar-katolikus-egyhazkozseg-70-jubileuma-nyitonap\\\/\",\"url\":\"https:\\\/\\\/stuttgarti-katolikusok.de\\\/index.php\\\/stuttgarti-magyar-katolikus-egyhazkozseg-70-jubileuma-nyitonap\\\/\",\"name\":\"STUTTGARTI MAGYAR KATOLIKUS EGYH\u00c1ZK\u00d6ZS\u00c9G 70. JUBILEUMA - NYIT\u00d3NAP - Stuttgarti Katolikusok\",\"isPartOf\":{\"@id\":\"https:\\\/\\\/stuttgarti-katolikusok.de\\\/#website\"},\"primaryImageOfPage\":{\"@id\":\"https:\\\/\\\/stuttgarti-katolikusok.de\\\/index.php\\\/stuttgarti-magyar-katolikus-egyhazkozseg-70-jubileuma-nyitonap\\\/#primaryimage\"},\"image\":{\"@id\":\"https:\\\/\\\/stuttgarti-katolikusok.de\\\/index.php\\\/stuttgarti-magyar-katolikus-egyhazkozseg-70-jubileuma-nyitonap\\\/#primaryimage\"},\"thumbnailUrl\":\"https:\\\/\\\/stuttgarti-katolikusok.de\\\/wp-content\\\/uploads\\\/2017\\\/06\\\/70pentek.jpg\",\"datePublished\":\"2017-06-02T01:59:35+00:00\",\"dateModified\":\"2019-01-30T10:33:36+00:00\",\"author\":{\"@id\":\"https:\\\/\\\/stuttgarti-katolikusok.de\\\/#\\\/schema\\\/person\\\/75908d6f8fdc03a57889d27209df7795\"},\"breadcrumb\":{\"@id\":\"https:\\\/\\\/stuttgarti-katolikusok.de\\\/index.php\\\/stuttgarti-magyar-katolikus-egyhazkozseg-70-jubileuma-nyitonap\\\/#breadcrumb\"},\"inLanguage\":\"hu\",\"potentialAction\":[{\"@type\":\"ReadAction\",\"target\":[\"https:\\\/\\\/stuttgarti-katolikusok.de\\\/index.php\\\/stuttgarti-magyar-katolikus-egyhazkozseg-70-jubileuma-nyitonap\\\/\"]}]},{\"@type\":\"ImageObject\",\"inLanguage\":\"hu\",\"@id\":\"https:\\\/\\\/stuttgarti-katolikusok.de\\\/index.php\\\/stuttgarti-magyar-katolikus-egyhazkozseg-70-jubileuma-nyitonap\\\/#primaryimage\",\"url\":\"https:\\\/\\\/stuttgarti-katolikusok.de\\\/wp-content\\\/uploads\\\/2017\\\/06\\\/70pentek.jpg\",\"contentUrl\":\"https:\\\/\\\/stuttgarti-katolikusok.de\\\/wp-content\\\/uploads\\\/2017\\\/06\\\/70pentek.jpg\",\"width\":640,\"height\":426},{\"@type\":\"BreadcrumbList\",\"@id\":\"https:\\\/\\\/stuttgarti-katolikusok.de\\\/index.php\\\/stuttgarti-magyar-katolikus-egyhazkozseg-70-jubileuma-nyitonap\\\/#breadcrumb\",\"itemListElement\":[{\"@type\":\"ListItem\",\"position\":1,\"name\":\"Kezd\u0151lap\",\"item\":\"https:\\\/\\\/stuttgarti-katolikusok.de\\\/\"},{\"@type\":\"ListItem\",\"position\":2,\"name\":\"STUTTGARTI MAGYAR KATOLIKUS EGYH\u00c1ZK\u00d6ZS\u00c9G 70. JUBILEUMA &#8211; NYIT\u00d3NAP\"}]},{\"@type\":\"WebSite\",\"@id\":\"https:\\\/\\\/stuttgarti-katolikusok.de\\\/#website\",\"url\":\"https:\\\/\\\/stuttgarti-katolikusok.de\\\/\",\"name\":\"Stuttgarti Katolikusok\",\"description\":\"\",\"potentialAction\":[{\"@type\":\"SearchAction\",\"target\":{\"@type\":\"EntryPoint\",\"urlTemplate\":\"https:\\\/\\\/stuttgarti-katolikusok.de\\\/?s={search_term_string}\"},\"query-input\":{\"@type\":\"PropertyValueSpecification\",\"valueRequired\":true,\"valueName\":\"search_term_string\"}}],\"inLanguage\":\"hu\"},{\"@type\":\"Person\",\"@id\":\"https:\\\/\\\/stuttgarti-katolikusok.de\\\/#\\\/schema\\\/person\\\/75908d6f8fdc03a57889d27209df7795\",\"name\":\"Tibor atya\",\"image\":{\"@type\":\"ImageObject\",\"inLanguage\":\"hu\",\"@id\":\"https:\\\/\\\/secure.gravatar.com\\\/avatar\\\/61d268e57d1f4525b111222e29d2d5a7f8c420fdbf231ba5566a8ceac74fa960?s=96&d=mm&r=g\",\"url\":\"https:\\\/\\\/secure.gravatar.com\\\/avatar\\\/61d268e57d1f4525b111222e29d2d5a7f8c420fdbf231ba5566a8ceac74fa960?s=96&d=mm&r=g\",\"contentUrl\":\"https:\\\/\\\/secure.gravatar.com\\\/avatar\\\/61d268e57d1f4525b111222e29d2d5a7f8c420fdbf231ba5566a8ceac74fa960?s=96&d=mm&r=g\",\"caption\":\"Tibor atya\"},\"url\":\"https:\\\/\\\/stuttgarti-katolikusok.de\\\/index.php\\\/author\\\/tibor-atya\\\/\"}]}<\/script>\n<!-- \/ Yoast SEO plugin. -->","yoast_head_json":{"title":"STUTTGARTI MAGYAR KATOLIKUS EGYH\u00c1ZK\u00d6ZS\u00c9G 70. JUBILEUMA - NYIT\u00d3NAP - Stuttgarti Katolikusok","robots":{"index":"index","follow":"follow","max-snippet":"max-snippet:-1","max-image-preview":"max-image-preview:large","max-video-preview":"max-video-preview:-1"},"canonical":"https:\/\/stuttgarti-katolikusok.de\/index.php\/stuttgarti-magyar-katolikus-egyhazkozseg-70-jubileuma-nyitonap\/","og_locale":"hu_HU","og_type":"article","og_title":"STUTTGARTI MAGYAR KATOLIKUS EGYH\u00c1ZK\u00d6ZS\u00c9G 70. JUBILEUMA - NYIT\u00d3NAP - Stuttgarti Katolikusok","og_description":"2017. m\u00e1jus 19-\u00e9n, p\u00e9nteken vette kezdet\u00e9t a h\u00e1rom napos jubileumi rendezv\u00e9ny\u00fcnk. E napnak kiemelt esem\u00e9nyei: 16.00 \u00f3rakor z\u00e1szl\u00f3felvon\u00e1s a templom el\u0151tti t\u00e9ren. 16.30 \u00f3ra Bar\u00e1ts\u00e1g klub a K\u00f6z\u00f6ss\u00e9gi Teremben. 18.00 \u00f3rakor jubileumi nyit\u00f3szentmise a Bruder Klaus templomban. 19.00 \u00f3rakor \u201e70 \u00e9ves a Szent Gell\u00e9rt Egyh\u00e1zk\u00f6zs\u00e9g\u201c \u2013 ki\u00e1ll\u00edt\u00e1s a templomban. Fogadj\u00e1tok szeretettel az itt k\u00e9sz\u00fclt k\u00e9peket: &nbsp;","og_url":"https:\/\/stuttgarti-katolikusok.de\/index.php\/stuttgarti-magyar-katolikus-egyhazkozseg-70-jubileuma-nyitonap\/","og_site_name":"Stuttgarti Katolikusok","article_published_time":"2017-06-02T01:59:35+00:00","article_modified_time":"2019-01-30T10:33:36+00:00","og_image":[{"width":640,"height":426,"url":"https:\/\/stuttgarti-katolikusok.de\/wp-content\/uploads\/2017\/06\/70pentek.jpg","type":"image\/jpeg"}],"author":"Tibor atya","twitter_card":"summary_large_image","twitter_misc":{"Szerz\u0151:":"Tibor atya"},"schema":{"@context":"https:\/\/schema.org","@graph":[{"@type":"Article","@id":"https:\/\/stuttgarti-katolikusok.de\/index.php\/stuttgarti-magyar-katolikus-egyhazkozseg-70-jubileuma-nyitonap\/#article","isPartOf":{"@id":"https:\/\/stuttgarti-katolikusok.de\/index.php\/stuttgarti-magyar-katolikus-egyhazkozseg-70-jubileuma-nyitonap\/"},"author":{"name":"Tibor atya","@id":"https:\/\/stuttgarti-katolikusok.de\/#\/schema\/person\/75908d6f8fdc03a57889d27209df7795"},"headline":"STUTTGARTI MAGYAR KATOLIKUS EGYH\u00c1ZK\u00d6ZS\u00c9G 70. JUBILEUMA &#8211; NYIT\u00d3NAP","datePublished":"2017-06-02T01:59:35+00:00","dateModified":"2019-01-30T10:33:36+00:00","mainEntityOfPage":{"@id":"https:\/\/stuttgarti-katolikusok.de\/index.php\/stuttgarti-magyar-katolikus-egyhazkozseg-70-jubileuma-nyitonap\/"},"wordCount":92,"image":{"@id":"https:\/\/stuttgarti-katolikusok.de\/index.php\/stuttgarti-magyar-katolikus-egyhazkozseg-70-jubileuma-nyitonap\/#primaryimage"},"thumbnailUrl":"https:\/\/stuttgarti-katolikusok.de\/wp-content\/uploads\/2017\/06\/70pentek.jpg","articleSection":["K\u00e9pgal\u00e9ria"],"inLanguage":"hu"},{"@type":"WebPage","@id":"https:\/\/stuttgarti-katolikusok.de\/index.php\/stuttgarti-magyar-katolikus-egyhazkozseg-70-jubileuma-nyitonap\/","url":"https:\/\/stuttgarti-katolikusok.de\/index.php\/stuttgarti-magyar-katolikus-egyhazkozseg-70-jubileuma-nyitonap\/","name":"STUTTGARTI MAGYAR KATOLIKUS EGYH\u00c1ZK\u00d6ZS\u00c9G 70. JUBILEUMA - NYIT\u00d3NAP - Stuttgarti Katolikusok","isPartOf":{"@id":"https:\/\/stuttgarti-katolikusok.de\/#website"},"primaryImageOfPage":{"@id":"https:\/\/stuttgarti-katolikusok.de\/index.php\/stuttgarti-magyar-katolikus-egyhazkozseg-70-jubileuma-nyitonap\/#primaryimage"},"image":{"@id":"https:\/\/stuttgarti-katolikusok.de\/index.php\/stuttgarti-magyar-katolikus-egyhazkozseg-70-jubileuma-nyitonap\/#primaryimage"},"thumbnailUrl":"https:\/\/stuttgarti-katolikusok.de\/wp-content\/uploads\/2017\/06\/70pentek.jpg","datePublished":"2017-06-02T01:59:35+00:00","dateModified":"2019-01-30T10:33:36+00:00","author":{"@id":"https:\/\/stuttgarti-katolikusok.de\/#\/schema\/person\/75908d6f8fdc03a57889d27209df7795"},"breadcrumb":{"@id":"https:\/\/stuttgarti-katolikusok.de\/index.php\/stuttgarti-magyar-katolikus-egyhazkozseg-70-jubileuma-nyitonap\/#breadcrumb"},"inLanguage":"hu","potentialAction":[{"@type":"ReadAction","target":["https:\/\/stuttgarti-katolikusok.de\/index.php\/stuttgarti-magyar-katolikus-egyhazkozseg-70-jubileuma-nyitonap\/"]}]},{"@type":"ImageObject","inLanguage":"hu","@id":"https:\/\/stuttgarti-katolikusok.de\/index.php\/stuttgarti-magyar-katolikus-egyhazkozseg-70-jubileuma-nyitonap\/#primaryimage","url":"https:\/\/stuttgarti-katolikusok.de\/wp-content\/uploads\/2017\/06\/70pentek.jpg","contentUrl":"https:\/\/stuttgarti-katolikusok.de\/wp-content\/uploads\/2017\/06\/70pentek.jpg","width":640,"height":426},{"@type":"BreadcrumbList","@id":"https:\/\/stuttgarti-katolikusok.de\/index.php\/stuttgarti-magyar-katolikus-egyhazkozseg-70-jubileuma-nyitonap\/#breadcrumb","itemListElement":[{"@type":"ListItem","position":1,"name":"Kezd\u0151lap","item":"https:\/\/stuttgarti-katolikusok.de\/"},{"@type":"ListItem","position":2,"name":"STUTTGARTI MAGYAR KATOLIKUS EGYH\u00c1ZK\u00d6ZS\u00c9G 70. JUBILEUMA &#8211; NYIT\u00d3NAP"}]},{"@type":"WebSite","@id":"https:\/\/stuttgarti-katolikusok.de\/#website","url":"https:\/\/stuttgarti-katolikusok.de\/","name":"Stuttgarti Katolikusok","description":"","potentialAction":[{"@type":"SearchAction","target":{"@type":"EntryPoint","urlTemplate":"https:\/\/stuttgarti-katolikusok.de\/?s={search_term_string}"},"query-input":{"@type":"PropertyValueSpecification","valueRequired":true,"valueName":"search_term_string"}}],"inLanguage":"hu"},{"@type":"Person","@id":"https:\/\/stuttgarti-katolikusok.de\/#\/schema\/person\/75908d6f8fdc03a57889d27209df7795","name":"Tibor atya","image":{"@type":"ImageObject","inLanguage":"hu","@id":"https:\/\/secure.gravatar.com\/avatar\/61d268e57d1f4525b111222e29d2d5a7f8c420fdbf231ba5566a8ceac74fa960?s=96&d=mm&r=g","url":"https:\/\/secure.gravatar.com\/avatar\/61d268e57d1f4525b111222e29d2d5a7f8c420fdbf231ba5566a8ceac74fa960?s=96&d=mm&r=g","contentUrl":"https:\/\/secure.gravatar.com\/avatar\/61d268e57d1f4525b111222e29d2d5a7f8c420fdbf231ba5566a8ceac74fa960?s=96&d=mm&r=g","caption":"Tibor atya"},"url":"https:\/\/stuttgarti-katolikusok.de\/index.php\/author\/tibor-atya\/"}]}},"_links":{"self":[{"href":"https:\/\/stuttgarti-katolikusok.de\/index.php\/wp-json\/wp\/v2\/posts\/12074","targetHints":{"allow":["GET"]}}],"collection":[{"href":"https:\/\/stuttgarti-katolikusok.de\/index.php\/wp-json\/wp\/v2\/posts"}],"about":[{"href":"https:\/\/stuttgarti-katolikusok.de\/index.php\/wp-json\/wp\/v2\/types\/post"}],"author":[{"embeddable":true,"href":"https:\/\/stuttgarti-katolikusok.de\/index.php\/wp-json\/wp\/v2\/users\/3"}],"replies":[{"embeddable":true,"href":"https:\/\/stuttgarti-katolikusok.de\/index.php\/wp-json\/wp\/v2\/comments?post=12074"}],"version-history":[{"count":1,"href":"https:\/\/stuttgarti-katolikusok.de\/index.php\/wp-json\/wp\/v2\/posts\/12074\/revisions"}],"predecessor-version":[{"id":12076,"href":"https:\/\/stuttgarti-katolikusok.de\/index.php\/wp-json\/wp\/v2\/posts\/12074\/revisions\/12076"}],"wp:featuredmedia":[{"embeddable":true,"href":"https:\/\/stuttgarti-katolikusok.de\/index.php\/wp-json\/wp\/v2\/media\/12075"}],"wp:attachment":[{"href":"https:\/\/stuttgarti-katolikusok.de\/index.php\/wp-json\/wp\/v2\/media?parent=12074"}],"wp:term":[{"taxonomy":"category","embeddable":true,"href":"https:\/\/stuttgarti-katolikusok.de\/index.php\/wp-json\/wp\/v2\/categories?post=12074"},{"taxonomy":"post_tag","embeddable":true,"href":"https:\/\/stuttgarti-katolikusok.de\/index.php\/wp-json\/wp\/v2\/tags?post=12074"}],"curies":[{"name":"wp","href":"https:\/\/api.w.org\/{rel}","templated":true}]}}