{"id":12059,"date":"2017-06-01T04:24:35","date_gmt":"2017-06-01T04:24:35","guid":{"rendered":"https:\/\/gracious-dewdney.138-201-221-2.plesk.page\/?p=12059"},"modified":"2017-06-01T05:32:04","modified_gmt":"2017-06-01T05:32:04","slug":"bicikli-zarandoklat","status":"publish","type":"post","link":"https:\/\/stuttgarti-katolikusok.de\/index.php\/bicikli-zarandoklat\/","title":{"rendered":"Bicikli-zar\u00e1ndoklat"},"content":{"rendered":"<p style=\"text-align: left;\"><strong>\u00a0 \u00a0 \u00a0 \u00a0 \u00a0 \u00a0 \u00a0 \u00a0 \u00a0 \u00a0 \u00a0 \u00a0 \u00a0 \u00a0 \u00a0 \u00a0 \u00a0 \u00a0 \u00a0 \u00a0 \u00a0 \u00a0 \u00a0 \u00a0 \u00a0 \u00a0 \u00a0 \u00a0 \u00a0 \u00a0 \u00a0 \u00a0 \u00a0 \u00a0 \u00a0 \u00a0 \u00a0\u00a0<em>B I C I K L I\u00a0\u00a0\u00a0 Z A R \u00c1 N D O K L A T<\/em><\/strong><\/p>\n<p style=\"text-align: center;\"><strong><em>2017. j\u00fanius 17.<\/em><\/strong><\/p>\n<p>Mint ahogyan ez m\u00e1r p\u00e1r \u00e9ve hagyom\u00e1nny\u00e1 v\u00e1lt, a\u00a0 \u201cSzent Gell\u00e9rt\u201d Magyar Katolikus Egyh\u00e1zk\u00f6ss\u00e9g\u00a0 az id\u00e9n is megszervezi a\u00a0 \u201cbicaj-zarit\u201d, amelyre benneteket,\u00a0 biciklizni kedvel\u0151ket szeretettel\u00a0 megh\u00edv.<\/p>\n<p>Az idei \u00fat az eddigiekn\u00e9l kiss\u00e9 hosszabb lesz!<\/p>\n<p>\u00datic\u00e9lunk a Maulbronn-i kolostor. Naaaaaa nem kell megijedni! Ha akarjuk, megb\u00edrk\u00f3zunk vele!<\/p>\n<p><strong>Odafel\u00e9:<\/strong><\/p>\n<p>Gy\u00fclekez\u00e9s a Stuttgarti f\u0151p\u00e1lyaudvaron reggel <strong>8:30<\/strong> \u00f3rakor.<\/p>\n<p>Indul\u00e1s <strong>9:00<\/strong> \u00f3rakkor\u00a0 az IRE 4902 \u2013 vel a Stuttgart-Pforzheim vonalon.<\/p>\n<p>Pforzheim-t\u00f3l az Enz foly\u00f3 ment\u00e9n elbicikliz\u00fcnk M\u00fchlacker-ig, majd onnan a \u201eWelterbe-Radweg\u201c-en (We1) Maulbronn-ba.<\/p>\n<p>Ott megtekintj\u00fck a kolostort. Majd esz\u00fcnk, besz\u00e9lget\u00fcnk. A j\u00f3kedv \u00e9s nevet\u00e9s ez\u00fattal is benne van a programban.<\/p>\n<p>J\u00f3kedvet, ennival\u00f3t, es\u0151kab\u00e1tot, esetleg v\u00e1lt\u00f3ruh\u00e1t mindenki hozza mag\u00e1val!<\/p>\n<p><strong>Hazafel\u00e9:<\/strong><\/p>\n<p>Maulbronn &#8211; M\u00fchlacker\u00a0 megint a We1-el jel\u00f6lt bicikli\u00faton.<\/p>\n<p>Majd M\u00fchlacker &#8211; Pforzheim az Enz foly\u00f3 mellett.<\/p>\n<p>V\u00e9g\u00fcl a Pforzheim-b\u00f3l Stuttgartba indul\u00f3 vonattal.<\/p>\n<p>Lehet\u0151s\u00e9gek: 17:43 Gleis 12 \u00a0RE19543<\/p>\n<p>vagy: 18:26 Gleis 2 \u00a0IRE 4913<\/p>\n<p>Aki m\u00e1r M\u00fchlacker-ben vonatra szeretne \u00fclni, annak a k\u00f6vetkez\u0151 lehet\u0151s\u00e9gei vannak:<\/p>\n<p>15:21 Gleis 2 \u00a0IRE 4908<\/p>\n<p>15:59 Gleis 2 \u00a0RE 19540<\/p>\n<p>17:21\u00a0 Gleis 2 \u00a0IRE 4910<\/p>\n<p>Szeretettel v\u00e1runk mindenkit, \u00e9s gyertek min\u00e9l t\u00f6bben!!!!!<\/p>\n<p>Inform\u00e1ci\u00f3: a 07021-84450-es telefonsz\u00e1mon\u00a0 D\u00e9nes-H\u00fcgel \u00c9v\u00e1n\u00e1l.<\/p>\n<p>Mobil 0160-463 965 5<\/p>\n","protected":false},"excerpt":{"rendered":"<p>\u00a0 \u00a0 \u00a0 \u00a0 \u00a0 \u00a0 \u00a0 \u00a0 \u00a0 \u00a0 \u00a0 \u00a0 \u00a0 \u00a0 \u00a0 \u00a0 \u00a0 \u00a0 \u00a0 \u00a0 \u00a0 \u00a0 \u00a0 \u00a0 \u00a0 \u00a0 \u00a0 \u00a0 \u00a0 \u00a0 \u00a0 \u00a0 \u00a0 \u00a0 \u00a0 \u00a0 \u00a0\u00a0B I C I K L I\u00a0\u00a0\u00a0 Z A R \u00c1 N D O K L A T 2017. j\u00fanius 17. Mint ahogyan ez m\u00e1r p\u00e1r \u00e9ve hagyom\u00e1nny\u00e1 v\u00e1lt, a\u00a0 \u201cSzent Gell\u00e9rt\u201d Magyar Katolikus Egyh\u00e1zk\u00f6ss\u00e9g\u00a0 az id\u00e9n is megszervezi a\u00a0 \u201cbicaj-zarit\u201d, amelyre benneteket,\u00a0 biciklizni kedvel\u0151ket szeretettel\u00a0 megh\u00edv. Az idei \u00fat az eddigiekn\u00e9l kiss\u00e9 hosszabb lesz! \u00datic\u00e9lunk a Maulbronn-i kolostor. Naaaaaa nem kell megijedni! Ha akarjuk, megb\u00edrk\u00f3zunk vele! Odafel\u00e9: Gy\u00fclekez\u00e9s a Stuttgarti f\u0151p\u00e1lyaudvaron reggel 8:30 \u00f3rakor. Indul\u00e1s 9:00 \u00f3rakkor\u00a0 az IRE 4902 \u2013 vel a Stuttgart-Pforzheim vonalon. Pforzheim-t\u00f3l az Enz foly\u00f3 ment\u00e9n elbicikliz\u00fcnk M\u00fchlacker-ig, majd onnan a \u201eWelterbe-Radweg\u201c-en (We1) Maulbronn-ba. Ott megtekintj\u00fck a kolostort. Majd esz\u00fcnk, besz\u00e9lget\u00fcnk. A j\u00f3kedv \u00e9s nevet\u00e9s ez\u00fattal is benne van a programban. J\u00f3kedvet, ennival\u00f3t, es\u0151kab\u00e1tot, esetleg v\u00e1lt\u00f3ruh\u00e1t mindenki hozza mag\u00e1val! Hazafel\u00e9: Maulbronn &#8211; M\u00fchlacker\u00a0 megint a We1-el jel\u00f6lt bicikli\u00faton. Majd M\u00fchlacker &#8211; Pforzheim az Enz foly\u00f3 mellett. V\u00e9g\u00fcl a Pforzheim-b\u00f3l Stuttgartba indul\u00f3 vonattal. Lehet\u0151s\u00e9gek: 17:43 Gleis 12 \u00a0RE19543 vagy: 18:26 Gleis 2 \u00a0IRE 4913 Aki m\u00e1r M\u00fchlacker-ben vonatra szeretne \u00fclni, annak a k\u00f6vetkez\u0151 lehet\u0151s\u00e9gei vannak: 15:21 Gleis 2 \u00a0IRE 4908 15:59 Gleis 2 \u00a0RE 19540 17:21\u00a0 Gleis 2 \u00a0IRE 4910 Szeretettel v\u00e1runk mindenkit, \u00e9s gyertek min\u00e9l t\u00f6bben!!!!! Inform\u00e1ci\u00f3: a 07021-84450-es telefonsz\u00e1mon\u00a0 D\u00e9nes-H\u00fcgel \u00c9v\u00e1n\u00e1l. Mobil 0160-463 965 5<\/p>\n","protected":false},"author":3,"featured_media":12060,"comment_status":"closed","ping_status":"closed","sticky":false,"template":"","format":"standard","meta":{"footnotes":""},"categories":[5],"tags":[],"class_list":["post-12059","post","type-post","status-publish","format-standard","has-post-thumbnail","hentry","category-hirek"],"yoast_head":"<!-- This site is optimized with the Yoast SEO plugin v27.3 - https:\/\/yoast.com\/product\/yoast-seo-wordpress\/ -->\n<title>Bicikli-zar\u00e1ndoklat - Stuttgarti Katolikusok<\/title>\n<meta name=\"robots\" content=\"index, follow, max-snippet:-1, max-image-preview:large, max-video-preview:-1\" \/>\n<link rel=\"canonical\" href=\"https:\/\/stuttgarti-katolikusok.de\/index.php\/bicikli-zarandoklat\/\" \/>\n<meta property=\"og:locale\" content=\"hu_HU\" \/>\n<meta property=\"og:type\" content=\"article\" \/>\n<meta property=\"og:title\" content=\"Bicikli-zar\u00e1ndoklat - Stuttgarti Katolikusok\" \/>\n<meta property=\"og:description\" content=\"\u00a0 \u00a0 \u00a0 \u00a0 \u00a0 \u00a0 \u00a0 \u00a0 \u00a0 \u00a0 \u00a0 \u00a0 \u00a0 \u00a0 \u00a0 \u00a0 \u00a0 \u00a0 \u00a0 \u00a0 \u00a0 \u00a0 \u00a0 \u00a0 \u00a0 \u00a0 \u00a0 \u00a0 \u00a0 \u00a0 \u00a0 \u00a0 \u00a0 \u00a0 \u00a0 \u00a0 \u00a0\u00a0B I C I K L I\u00a0\u00a0\u00a0 Z A R \u00c1 N D O K L A T 2017. j\u00fanius 17. Mint ahogyan ez m\u00e1r p\u00e1r \u00e9ve hagyom\u00e1nny\u00e1 v\u00e1lt, a\u00a0 \u201cSzent Gell\u00e9rt\u201d Magyar Katolikus Egyh\u00e1zk\u00f6ss\u00e9g\u00a0 az id\u00e9n is megszervezi a\u00a0 \u201cbicaj-zarit\u201d, amelyre benneteket,\u00a0 biciklizni kedvel\u0151ket szeretettel\u00a0 megh\u00edv. Az idei \u00fat az eddigiekn\u00e9l kiss\u00e9 hosszabb lesz! \u00datic\u00e9lunk a Maulbronn-i kolostor. Naaaaaa nem kell megijedni! Ha akarjuk, megb\u00edrk\u00f3zunk vele! Odafel\u00e9: Gy\u00fclekez\u00e9s a Stuttgarti f\u0151p\u00e1lyaudvaron reggel 8:30 \u00f3rakor. Indul\u00e1s 9:00 \u00f3rakkor\u00a0 az IRE 4902 \u2013 vel a Stuttgart-Pforzheim vonalon. Pforzheim-t\u00f3l az Enz foly\u00f3 ment\u00e9n elbicikliz\u00fcnk M\u00fchlacker-ig, majd onnan a \u201eWelterbe-Radweg\u201c-en (We1) Maulbronn-ba. Ott megtekintj\u00fck a kolostort. Majd esz\u00fcnk, besz\u00e9lget\u00fcnk. A j\u00f3kedv \u00e9s nevet\u00e9s ez\u00fattal is benne van a programban. J\u00f3kedvet, ennival\u00f3t, es\u0151kab\u00e1tot, esetleg v\u00e1lt\u00f3ruh\u00e1t mindenki hozza mag\u00e1val! Hazafel\u00e9: Maulbronn &#8211; M\u00fchlacker\u00a0 megint a We1-el jel\u00f6lt bicikli\u00faton. Majd M\u00fchlacker &#8211; Pforzheim az Enz foly\u00f3 mellett. V\u00e9g\u00fcl a Pforzheim-b\u00f3l Stuttgartba indul\u00f3 vonattal. Lehet\u0151s\u00e9gek: 17:43 Gleis 12 \u00a0RE19543 vagy: 18:26 Gleis 2 \u00a0IRE 4913 Aki m\u00e1r M\u00fchlacker-ben vonatra szeretne \u00fclni, annak a k\u00f6vetkez\u0151 lehet\u0151s\u00e9gei vannak: 15:21 Gleis 2 \u00a0IRE 4908 15:59 Gleis 2 \u00a0RE 19540 17:21\u00a0 Gleis 2 \u00a0IRE 4910 Szeretettel v\u00e1runk mindenkit, \u00e9s gyertek min\u00e9l t\u00f6bben!!!!! Inform\u00e1ci\u00f3: a 07021-84450-es telefonsz\u00e1mon\u00a0 D\u00e9nes-H\u00fcgel \u00c9v\u00e1n\u00e1l. Mobil 0160-463 965 5\" \/>\n<meta property=\"og:url\" content=\"https:\/\/stuttgarti-katolikusok.de\/index.php\/bicikli-zarandoklat\/\" \/>\n<meta property=\"og:site_name\" content=\"Stuttgarti Katolikusok\" \/>\n<meta property=\"article:published_time\" content=\"2017-06-01T04:24:35+00:00\" \/>\n<meta property=\"article:modified_time\" content=\"2017-06-01T05:32:04+00:00\" \/>\n<meta property=\"og:image\" content=\"https:\/\/stuttgarti-katolikusok.de\/wp-content\/uploads\/2017\/06\/bicajzari.jpg\" \/>\n\t<meta property=\"og:image:width\" content=\"394\" \/>\n\t<meta property=\"og:image:height\" content=\"389\" \/>\n\t<meta property=\"og:image:type\" content=\"image\/jpeg\" \/>\n<meta name=\"author\" content=\"Tibor atya\" \/>\n<meta name=\"twitter:card\" content=\"summary_large_image\" \/>\n<meta name=\"twitter:label1\" content=\"Szerz\u0151:\" \/>\n\t<meta name=\"twitter:data1\" content=\"Tibor atya\" \/>\n\t<meta name=\"twitter:label2\" content=\"Becs\u00fclt olvas\u00e1si id\u0151\" \/>\n\t<meta name=\"twitter:data2\" content=\"1 perc\" \/>\n<script type=\"application\/ld+json\" class=\"yoast-schema-graph\">{\"@context\":\"https:\\\/\\\/schema.org\",\"@graph\":[{\"@type\":\"Article\",\"@id\":\"https:\\\/\\\/stuttgarti-katolikusok.de\\\/index.php\\\/bicikli-zarandoklat\\\/#article\",\"isPartOf\":{\"@id\":\"https:\\\/\\\/stuttgarti-katolikusok.de\\\/index.php\\\/bicikli-zarandoklat\\\/\"},\"author\":{\"name\":\"Tibor atya\",\"@id\":\"https:\\\/\\\/stuttgarti-katolikusok.de\\\/#\\\/schema\\\/person\\\/75908d6f8fdc03a57889d27209df7795\"},\"headline\":\"Bicikli-zar\u00e1ndoklat\",\"datePublished\":\"2017-06-01T04:24:35+00:00\",\"dateModified\":\"2017-06-01T05:32:04+00:00\",\"mainEntityOfPage\":{\"@id\":\"https:\\\/\\\/stuttgarti-katolikusok.de\\\/index.php\\\/bicikli-zarandoklat\\\/\"},\"wordCount\":246,\"image\":{\"@id\":\"https:\\\/\\\/stuttgarti-katolikusok.de\\\/index.php\\\/bicikli-zarandoklat\\\/#primaryimage\"},\"thumbnailUrl\":\"https:\\\/\\\/stuttgarti-katolikusok.de\\\/wp-content\\\/uploads\\\/2017\\\/06\\\/bicajzari.jpg\",\"articleSection\":[\"H\u00edrek\"],\"inLanguage\":\"hu\"},{\"@type\":\"WebPage\",\"@id\":\"https:\\\/\\\/stuttgarti-katolikusok.de\\\/index.php\\\/bicikli-zarandoklat\\\/\",\"url\":\"https:\\\/\\\/stuttgarti-katolikusok.de\\\/index.php\\\/bicikli-zarandoklat\\\/\",\"name\":\"Bicikli-zar\u00e1ndoklat - Stuttgarti Katolikusok\",\"isPartOf\":{\"@id\":\"https:\\\/\\\/stuttgarti-katolikusok.de\\\/#website\"},\"primaryImageOfPage\":{\"@id\":\"https:\\\/\\\/stuttgarti-katolikusok.de\\\/index.php\\\/bicikli-zarandoklat\\\/#primaryimage\"},\"image\":{\"@id\":\"https:\\\/\\\/stuttgarti-katolikusok.de\\\/index.php\\\/bicikli-zarandoklat\\\/#primaryimage\"},\"thumbnailUrl\":\"https:\\\/\\\/stuttgarti-katolikusok.de\\\/wp-content\\\/uploads\\\/2017\\\/06\\\/bicajzari.jpg\",\"datePublished\":\"2017-06-01T04:24:35+00:00\",\"dateModified\":\"2017-06-01T05:32:04+00:00\",\"author\":{\"@id\":\"https:\\\/\\\/stuttgarti-katolikusok.de\\\/#\\\/schema\\\/person\\\/75908d6f8fdc03a57889d27209df7795\"},\"breadcrumb\":{\"@id\":\"https:\\\/\\\/stuttgarti-katolikusok.de\\\/index.php\\\/bicikli-zarandoklat\\\/#breadcrumb\"},\"inLanguage\":\"hu\",\"potentialAction\":[{\"@type\":\"ReadAction\",\"target\":[\"https:\\\/\\\/stuttgarti-katolikusok.de\\\/index.php\\\/bicikli-zarandoklat\\\/\"]}]},{\"@type\":\"ImageObject\",\"inLanguage\":\"hu\",\"@id\":\"https:\\\/\\\/stuttgarti-katolikusok.de\\\/index.php\\\/bicikli-zarandoklat\\\/#primaryimage\",\"url\":\"https:\\\/\\\/stuttgarti-katolikusok.de\\\/wp-content\\\/uploads\\\/2017\\\/06\\\/bicajzari.jpg\",\"contentUrl\":\"https:\\\/\\\/stuttgarti-katolikusok.de\\\/wp-content\\\/uploads\\\/2017\\\/06\\\/bicajzari.jpg\",\"width\":394,\"height\":389},{\"@type\":\"BreadcrumbList\",\"@id\":\"https:\\\/\\\/stuttgarti-katolikusok.de\\\/index.php\\\/bicikli-zarandoklat\\\/#breadcrumb\",\"itemListElement\":[{\"@type\":\"ListItem\",\"position\":1,\"name\":\"Kezd\u0151lap\",\"item\":\"https:\\\/\\\/stuttgarti-katolikusok.de\\\/\"},{\"@type\":\"ListItem\",\"position\":2,\"name\":\"Bicikli-zar\u00e1ndoklat\"}]},{\"@type\":\"WebSite\",\"@id\":\"https:\\\/\\\/stuttgarti-katolikusok.de\\\/#website\",\"url\":\"https:\\\/\\\/stuttgarti-katolikusok.de\\\/\",\"name\":\"Stuttgarti Katolikusok\",\"description\":\"\",\"potentialAction\":[{\"@type\":\"SearchAction\",\"target\":{\"@type\":\"EntryPoint\",\"urlTemplate\":\"https:\\\/\\\/stuttgarti-katolikusok.de\\\/?s={search_term_string}\"},\"query-input\":{\"@type\":\"PropertyValueSpecification\",\"valueRequired\":true,\"valueName\":\"search_term_string\"}}],\"inLanguage\":\"hu\"},{\"@type\":\"Person\",\"@id\":\"https:\\\/\\\/stuttgarti-katolikusok.de\\\/#\\\/schema\\\/person\\\/75908d6f8fdc03a57889d27209df7795\",\"name\":\"Tibor atya\",\"image\":{\"@type\":\"ImageObject\",\"inLanguage\":\"hu\",\"@id\":\"https:\\\/\\\/secure.gravatar.com\\\/avatar\\\/61d268e57d1f4525b111222e29d2d5a7f8c420fdbf231ba5566a8ceac74fa960?s=96&d=mm&r=g\",\"url\":\"https:\\\/\\\/secure.gravatar.com\\\/avatar\\\/61d268e57d1f4525b111222e29d2d5a7f8c420fdbf231ba5566a8ceac74fa960?s=96&d=mm&r=g\",\"contentUrl\":\"https:\\\/\\\/secure.gravatar.com\\\/avatar\\\/61d268e57d1f4525b111222e29d2d5a7f8c420fdbf231ba5566a8ceac74fa960?s=96&d=mm&r=g\",\"caption\":\"Tibor atya\"},\"url\":\"https:\\\/\\\/stuttgarti-katolikusok.de\\\/index.php\\\/author\\\/tibor-atya\\\/\"}]}<\/script>\n<!-- \/ Yoast SEO plugin. -->","yoast_head_json":{"title":"Bicikli-zar\u00e1ndoklat - Stuttgarti Katolikusok","robots":{"index":"index","follow":"follow","max-snippet":"max-snippet:-1","max-image-preview":"max-image-preview:large","max-video-preview":"max-video-preview:-1"},"canonical":"https:\/\/stuttgarti-katolikusok.de\/index.php\/bicikli-zarandoklat\/","og_locale":"hu_HU","og_type":"article","og_title":"Bicikli-zar\u00e1ndoklat - Stuttgarti Katolikusok","og_description":"\u00a0 \u00a0 \u00a0 \u00a0 \u00a0 \u00a0 \u00a0 \u00a0 \u00a0 \u00a0 \u00a0 \u00a0 \u00a0 \u00a0 \u00a0 \u00a0 \u00a0 \u00a0 \u00a0 \u00a0 \u00a0 \u00a0 \u00a0 \u00a0 \u00a0 \u00a0 \u00a0 \u00a0 \u00a0 \u00a0 \u00a0 \u00a0 \u00a0 \u00a0 \u00a0 \u00a0 \u00a0\u00a0B I C I K L I\u00a0\u00a0\u00a0 Z A R \u00c1 N D O K L A T 2017. j\u00fanius 17. Mint ahogyan ez m\u00e1r p\u00e1r \u00e9ve hagyom\u00e1nny\u00e1 v\u00e1lt, a\u00a0 \u201cSzent Gell\u00e9rt\u201d Magyar Katolikus Egyh\u00e1zk\u00f6ss\u00e9g\u00a0 az id\u00e9n is megszervezi a\u00a0 \u201cbicaj-zarit\u201d, amelyre benneteket,\u00a0 biciklizni kedvel\u0151ket szeretettel\u00a0 megh\u00edv. Az idei \u00fat az eddigiekn\u00e9l kiss\u00e9 hosszabb lesz! \u00datic\u00e9lunk a Maulbronn-i kolostor. Naaaaaa nem kell megijedni! Ha akarjuk, megb\u00edrk\u00f3zunk vele! Odafel\u00e9: Gy\u00fclekez\u00e9s a Stuttgarti f\u0151p\u00e1lyaudvaron reggel 8:30 \u00f3rakor. Indul\u00e1s 9:00 \u00f3rakkor\u00a0 az IRE 4902 \u2013 vel a Stuttgart-Pforzheim vonalon. Pforzheim-t\u00f3l az Enz foly\u00f3 ment\u00e9n elbicikliz\u00fcnk M\u00fchlacker-ig, majd onnan a \u201eWelterbe-Radweg\u201c-en (We1) Maulbronn-ba. Ott megtekintj\u00fck a kolostort. Majd esz\u00fcnk, besz\u00e9lget\u00fcnk. A j\u00f3kedv \u00e9s nevet\u00e9s ez\u00fattal is benne van a programban. J\u00f3kedvet, ennival\u00f3t, es\u0151kab\u00e1tot, esetleg v\u00e1lt\u00f3ruh\u00e1t mindenki hozza mag\u00e1val! Hazafel\u00e9: Maulbronn &#8211; M\u00fchlacker\u00a0 megint a We1-el jel\u00f6lt bicikli\u00faton. Majd M\u00fchlacker &#8211; Pforzheim az Enz foly\u00f3 mellett. V\u00e9g\u00fcl a Pforzheim-b\u00f3l Stuttgartba indul\u00f3 vonattal. Lehet\u0151s\u00e9gek: 17:43 Gleis 12 \u00a0RE19543 vagy: 18:26 Gleis 2 \u00a0IRE 4913 Aki m\u00e1r M\u00fchlacker-ben vonatra szeretne \u00fclni, annak a k\u00f6vetkez\u0151 lehet\u0151s\u00e9gei vannak: 15:21 Gleis 2 \u00a0IRE 4908 15:59 Gleis 2 \u00a0RE 19540 17:21\u00a0 Gleis 2 \u00a0IRE 4910 Szeretettel v\u00e1runk mindenkit, \u00e9s gyertek min\u00e9l t\u00f6bben!!!!! Inform\u00e1ci\u00f3: a 07021-84450-es telefonsz\u00e1mon\u00a0 D\u00e9nes-H\u00fcgel \u00c9v\u00e1n\u00e1l. Mobil 0160-463 965 5","og_url":"https:\/\/stuttgarti-katolikusok.de\/index.php\/bicikli-zarandoklat\/","og_site_name":"Stuttgarti Katolikusok","article_published_time":"2017-06-01T04:24:35+00:00","article_modified_time":"2017-06-01T05:32:04+00:00","og_image":[{"width":394,"height":389,"url":"https:\/\/stuttgarti-katolikusok.de\/wp-content\/uploads\/2017\/06\/bicajzari.jpg","type":"image\/jpeg"}],"author":"Tibor atya","twitter_card":"summary_large_image","twitter_misc":{"Szerz\u0151:":"Tibor atya","Becs\u00fclt olvas\u00e1si id\u0151":"1 perc"},"schema":{"@context":"https:\/\/schema.org","@graph":[{"@type":"Article","@id":"https:\/\/stuttgarti-katolikusok.de\/index.php\/bicikli-zarandoklat\/#article","isPartOf":{"@id":"https:\/\/stuttgarti-katolikusok.de\/index.php\/bicikli-zarandoklat\/"},"author":{"name":"Tibor atya","@id":"https:\/\/stuttgarti-katolikusok.de\/#\/schema\/person\/75908d6f8fdc03a57889d27209df7795"},"headline":"Bicikli-zar\u00e1ndoklat","datePublished":"2017-06-01T04:24:35+00:00","dateModified":"2017-06-01T05:32:04+00:00","mainEntityOfPage":{"@id":"https:\/\/stuttgarti-katolikusok.de\/index.php\/bicikli-zarandoklat\/"},"wordCount":246,"image":{"@id":"https:\/\/stuttgarti-katolikusok.de\/index.php\/bicikli-zarandoklat\/#primaryimage"},"thumbnailUrl":"https:\/\/stuttgarti-katolikusok.de\/wp-content\/uploads\/2017\/06\/bicajzari.jpg","articleSection":["H\u00edrek"],"inLanguage":"hu"},{"@type":"WebPage","@id":"https:\/\/stuttgarti-katolikusok.de\/index.php\/bicikli-zarandoklat\/","url":"https:\/\/stuttgarti-katolikusok.de\/index.php\/bicikli-zarandoklat\/","name":"Bicikli-zar\u00e1ndoklat - Stuttgarti Katolikusok","isPartOf":{"@id":"https:\/\/stuttgarti-katolikusok.de\/#website"},"primaryImageOfPage":{"@id":"https:\/\/stuttgarti-katolikusok.de\/index.php\/bicikli-zarandoklat\/#primaryimage"},"image":{"@id":"https:\/\/stuttgarti-katolikusok.de\/index.php\/bicikli-zarandoklat\/#primaryimage"},"thumbnailUrl":"https:\/\/stuttgarti-katolikusok.de\/wp-content\/uploads\/2017\/06\/bicajzari.jpg","datePublished":"2017-06-01T04:24:35+00:00","dateModified":"2017-06-01T05:32:04+00:00","author":{"@id":"https:\/\/stuttgarti-katolikusok.de\/#\/schema\/person\/75908d6f8fdc03a57889d27209df7795"},"breadcrumb":{"@id":"https:\/\/stuttgarti-katolikusok.de\/index.php\/bicikli-zarandoklat\/#breadcrumb"},"inLanguage":"hu","potentialAction":[{"@type":"ReadAction","target":["https:\/\/stuttgarti-katolikusok.de\/index.php\/bicikli-zarandoklat\/"]}]},{"@type":"ImageObject","inLanguage":"hu","@id":"https:\/\/stuttgarti-katolikusok.de\/index.php\/bicikli-zarandoklat\/#primaryimage","url":"https:\/\/stuttgarti-katolikusok.de\/wp-content\/uploads\/2017\/06\/bicajzari.jpg","contentUrl":"https:\/\/stuttgarti-katolikusok.de\/wp-content\/uploads\/2017\/06\/bicajzari.jpg","width":394,"height":389},{"@type":"BreadcrumbList","@id":"https:\/\/stuttgarti-katolikusok.de\/index.php\/bicikli-zarandoklat\/#breadcrumb","itemListElement":[{"@type":"ListItem","position":1,"name":"Kezd\u0151lap","item":"https:\/\/stuttgarti-katolikusok.de\/"},{"@type":"ListItem","position":2,"name":"Bicikli-zar\u00e1ndoklat"}]},{"@type":"WebSite","@id":"https:\/\/stuttgarti-katolikusok.de\/#website","url":"https:\/\/stuttgarti-katolikusok.de\/","name":"Stuttgarti Katolikusok","description":"","potentialAction":[{"@type":"SearchAction","target":{"@type":"EntryPoint","urlTemplate":"https:\/\/stuttgarti-katolikusok.de\/?s={search_term_string}"},"query-input":{"@type":"PropertyValueSpecification","valueRequired":true,"valueName":"search_term_string"}}],"inLanguage":"hu"},{"@type":"Person","@id":"https:\/\/stuttgarti-katolikusok.de\/#\/schema\/person\/75908d6f8fdc03a57889d27209df7795","name":"Tibor atya","image":{"@type":"ImageObject","inLanguage":"hu","@id":"https:\/\/secure.gravatar.com\/avatar\/61d268e57d1f4525b111222e29d2d5a7f8c420fdbf231ba5566a8ceac74fa960?s=96&d=mm&r=g","url":"https:\/\/secure.gravatar.com\/avatar\/61d268e57d1f4525b111222e29d2d5a7f8c420fdbf231ba5566a8ceac74fa960?s=96&d=mm&r=g","contentUrl":"https:\/\/secure.gravatar.com\/avatar\/61d268e57d1f4525b111222e29d2d5a7f8c420fdbf231ba5566a8ceac74fa960?s=96&d=mm&r=g","caption":"Tibor atya"},"url":"https:\/\/stuttgarti-katolikusok.de\/index.php\/author\/tibor-atya\/"}]}},"_links":{"self":[{"href":"https:\/\/stuttgarti-katolikusok.de\/index.php\/wp-json\/wp\/v2\/posts\/12059","targetHints":{"allow":["GET"]}}],"collection":[{"href":"https:\/\/stuttgarti-katolikusok.de\/index.php\/wp-json\/wp\/v2\/posts"}],"about":[{"href":"https:\/\/stuttgarti-katolikusok.de\/index.php\/wp-json\/wp\/v2\/types\/post"}],"author":[{"embeddable":true,"href":"https:\/\/stuttgarti-katolikusok.de\/index.php\/wp-json\/wp\/v2\/users\/3"}],"replies":[{"embeddable":true,"href":"https:\/\/stuttgarti-katolikusok.de\/index.php\/wp-json\/wp\/v2\/comments?post=12059"}],"version-history":[{"count":3,"href":"https:\/\/stuttgarti-katolikusok.de\/index.php\/wp-json\/wp\/v2\/posts\/12059\/revisions"}],"predecessor-version":[{"id":12070,"href":"https:\/\/stuttgarti-katolikusok.de\/index.php\/wp-json\/wp\/v2\/posts\/12059\/revisions\/12070"}],"wp:featuredmedia":[{"embeddable":true,"href":"https:\/\/stuttgarti-katolikusok.de\/index.php\/wp-json\/wp\/v2\/media\/12060"}],"wp:attachment":[{"href":"https:\/\/stuttgarti-katolikusok.de\/index.php\/wp-json\/wp\/v2\/media?parent=12059"}],"wp:term":[{"taxonomy":"category","embeddable":true,"href":"https:\/\/stuttgarti-katolikusok.de\/index.php\/wp-json\/wp\/v2\/categories?post=12059"},{"taxonomy":"post_tag","embeddable":true,"href":"https:\/\/stuttgarti-katolikusok.de\/index.php\/wp-json\/wp\/v2\/tags?post=12059"}],"curies":[{"name":"wp","href":"https:\/\/api.w.org\/{rel}","templated":true}]}}