{"id":12009,"date":"2017-05-22T06:48:17","date_gmt":"2017-05-22T06:48:17","guid":{"rendered":"https:\/\/gracious-dewdney.138-201-221-2.plesk.page\/?p=12009"},"modified":"2017-05-22T06:48:17","modified_gmt":"2017-05-22T06:48:17","slug":"programelozetes-majus-22-es-junius-4-kozott","status":"publish","type":"post","link":"https:\/\/stuttgarti-katolikusok.de\/index.php\/programelozetes-majus-22-es-junius-4-kozott\/","title":{"rendered":"Programel\u0151zetes m\u00e1jus 22 \u00e9s j\u00fanius 4 k\u00f6z\u00f6tt"},"content":{"rendered":"<p><strong>Programel\u0151zetes<\/strong><br \/>\n<strong>\u00a0<\/strong><\/p>\n<p><strong>J\u00fanius 1-j\u00e9n, <\/strong>cs\u00fct\u00f6rt\u00f6k\u00f6n<\/p>\n<p>17.30 \u00f3r\u00e1t\u00f3l <strong>Ulmban<\/strong> <em>r\u00f3zsaf\u00fcz\u00e9r \u00e1jtatoss\u00e1g<\/em>, el\u0151tte <em>gy\u00f3ntat\u00e1s<\/em>, ut\u00e1na <em>szentmise<\/em>. Annak befejezt\u00e9vel: J\u00e9zus Sz\u00edve tisztelete az Egyh\u00e1zban <em>(el\u0151ad\u00e1s).<\/em><\/p>\n<p><strong>*<\/strong><\/p>\n<p><strong>J\u00fanius 2-\u00e1n<\/strong>, p\u00e9nteken,<\/p>\n<p>16.00 \u00f3rakor <strong>Stuttgartban<\/strong> <em>Bar\u00e1ts\u00e1gklub<\/em>. 17.50 \u00f3rakor <em>r\u00f3zsaf\u00fcz\u00e9r \u00e1jtatoss\u00e1g<\/em>. Ut\u00e1na <em>szentmise, <\/em>keret\u00e9ben <em>P\u00e9nteki Egyetem (Besz\u00e9lget\u00e9sek a Katekizmusr\u00f3l). <\/em>Majd <em>Imak\u00f6r \u2013 szents\u00e9gim\u00e1d\u00e1s \u2013 <\/em>k\u00e9r\u00e9seink felaj\u00e1nl\u00e1sa az Olt\u00e1riszents\u00e9gben jelenl\u00e9v\u0151 Krisztusnak.<\/p>\n<p><strong>\u00a0\u00a0\u00a0\u00a0\u00a0\u00a0\u00a0\u00a0\u00a0\u00a0\u00a0 Weingarteni d\u00e9lut\u00e1n<\/strong> a Marien Kirche-ben. 18.30-kor <em>r\u00f3zsaf\u00fcz\u00e9r im\u00e1ds\u00e1g<\/em>, <em>J\u00e9zus Sz\u00edve \u00e1jtatoss\u00e1g<\/em>, 19.00 \u00f3rakor <em>szentmise<\/em>, azt k\u00f6vet\u0151en pedig <em>el\u0151ad\u00e1s<\/em>: J\u00e9zus Sz\u00edve tisztelete az Egyh\u00e1zban.<\/p>\n<p>*<\/p>\n<p><strong>J\u00fanius 3-\u00e1n, <\/strong>szombaton,<\/p>\n<p><strong>Balingenben<\/strong> 17.00 \u00f3rakor <em>szentmise<\/em>. El\u0151tte <em>gy\u00f3ntat\u00e1s<\/em>, ut\u00e1na <em>\u00e1g\u00e1p\u00e9<\/em>. Keret\u00e9ben <em>el\u0151ad\u00e1s <\/em>(J\u00e9zus Sz\u00edve tisztelete az Egyh\u00e1zban).<\/p>\n<p><strong>*<\/strong><\/p>\n<p><strong>J\u00fanius 4-\u00e9n<\/strong>, vas\u00e1rnap<\/p>\n<p><strong>Munderkingenben <\/strong>\u00a09.00 \u00f3rakor <em>szentmise<\/em>. El\u0151tte <em>gy\u00f3ntat\u00e1s<\/em>.<\/p>\n<p><strong>Schw\u00e4bisch-Gm\u00fcndben <\/strong>9.30 \u00f3rakor <em>szentmise \u2013 <\/em>keret\u00e9ben <em>Sim\u00f3 Levente els\u0151\u00e1ldoz\u00e1sa<\/em>. El\u0151tte <em>gy\u00f3ntat\u00e1s<\/em>, ut\u00e1na <em>\u00e1g\u00e1p\u00e9<\/em>.<\/p>\n<p><strong>\u00a0\u00a0\u00a0\u00a0\u00a0\u00a0\u00a0\u00a0\u00a0\u00a0\u00a0 Stuttgartban <em>Nemzeti \u00d6sszetartoz\u00e1s Vas\u00e1rnapja. <\/em><\/strong>15.00 \u00f3rakor <em>szentmise.<\/em> Vend\u00e9gpapunk \u00e9s d\u00edszvend\u00e9g\u00fcnk <strong>Ft. Istv\u00e1nka Vincze<\/strong> attalai pl\u00e9b\u00e1nos, <strong><em>Cs\u00e1ng\u00f3f\u00f6ld <\/em><\/strong>sz\u00fcl\u00f6tte, aki a szentmis\u00e9t \u00e9s ut\u00e1na pedig n\u00e9p\u00e9t mutatja be majd nek\u00fcnk. A napot <em>\u00e1g\u00e1p\u00e9val <\/em>z\u00e1rjuk<em>.<\/em><\/p>\n<p>Minden helyen mindenkit szeretettel v\u00e1r a k\u00f6z\u00f6ss\u00e9g, Imre atya \u00e9s Tibor atya!<\/p>\n<p><em>\u201eA boldogs\u00e1g mindig kicsi dolgokb\u00f3l tev\u0151dik \u00f6ssze. A boldogtalans\u00e1g pedig legt\u00f6bbsz\u00f6r a kicsi dolgok elhanyagol\u00e1s\u00e1b\u00f3l sz\u00e1rmazik\u201d. <\/em><strong>(K\u00ednai k\u00f6zmond\u00e1s)<\/strong><\/p>\n<p><em>\u00a0<\/em><strong><em>Kegyelemteljes p\u00fcnk\u00f6sdi napokat, j\u00f3 munk\u00e1t, tartalmas besz\u00e9lget\u00e9seket \u00e9s \u00f6r\u00f6mteli tal\u00e1lkoz\u00e1sokat k\u00edv\u00e1nunk minden Kedves H\u00edv\u00fcnknek!<\/em><\/strong><\/p>\n<p><strong>\u00a0<\/strong><\/p>\n<p>&nbsp;<\/p>\n<p><em>\u00a0<\/em><\/p>\n","protected":false},"excerpt":{"rendered":"<p>Programel\u0151zetes \u00a0 J\u00fanius 1-j\u00e9n, cs\u00fct\u00f6rt\u00f6k\u00f6n 17.30 \u00f3r\u00e1t\u00f3l Ulmban r\u00f3zsaf\u00fcz\u00e9r \u00e1jtatoss\u00e1g, el\u0151tte gy\u00f3ntat\u00e1s, ut\u00e1na szentmise. Annak befejezt\u00e9vel: J\u00e9zus Sz\u00edve tisztelete az Egyh\u00e1zban (el\u0151ad\u00e1s). * J\u00fanius 2-\u00e1n, p\u00e9nteken, 16.00 \u00f3rakor Stuttgartban Bar\u00e1ts\u00e1gklub. 17.50 \u00f3rakor r\u00f3zsaf\u00fcz\u00e9r \u00e1jtatoss\u00e1g. Ut\u00e1na szentmise, keret\u00e9ben P\u00e9nteki Egyetem (Besz\u00e9lget\u00e9sek a Katekizmusr\u00f3l). Majd Imak\u00f6r \u2013 szents\u00e9gim\u00e1d\u00e1s \u2013 k\u00e9r\u00e9seink felaj\u00e1nl\u00e1sa az Olt\u00e1riszents\u00e9gben jelenl\u00e9v\u0151 Krisztusnak. \u00a0\u00a0\u00a0\u00a0\u00a0\u00a0\u00a0\u00a0\u00a0\u00a0\u00a0 Weingarteni d\u00e9lut\u00e1n a Marien Kirche-ben. 18.30-kor r\u00f3zsaf\u00fcz\u00e9r im\u00e1ds\u00e1g, J\u00e9zus Sz\u00edve \u00e1jtatoss\u00e1g, 19.00 \u00f3rakor szentmise, azt k\u00f6vet\u0151en pedig el\u0151ad\u00e1s: J\u00e9zus Sz\u00edve tisztelete az Egyh\u00e1zban. * J\u00fanius 3-\u00e1n, szombaton, Balingenben 17.00 \u00f3rakor szentmise. El\u0151tte gy\u00f3ntat\u00e1s, ut\u00e1na \u00e1g\u00e1p\u00e9. Keret\u00e9ben el\u0151ad\u00e1s (J\u00e9zus Sz\u00edve tisztelete az Egyh\u00e1zban). * J\u00fanius 4-\u00e9n, vas\u00e1rnap Munderkingenben \u00a09.00 \u00f3rakor szentmise. El\u0151tte gy\u00f3ntat\u00e1s. Schw\u00e4bisch-Gm\u00fcndben 9.30 \u00f3rakor szentmise \u2013 keret\u00e9ben Sim\u00f3 Levente els\u0151\u00e1ldoz\u00e1sa. El\u0151tte gy\u00f3ntat\u00e1s, ut\u00e1na \u00e1g\u00e1p\u00e9. \u00a0\u00a0\u00a0\u00a0\u00a0\u00a0\u00a0\u00a0\u00a0\u00a0\u00a0 Stuttgartban Nemzeti \u00d6sszetartoz\u00e1s Vas\u00e1rnapja. 15.00 \u00f3rakor szentmise. Vend\u00e9gpapunk \u00e9s d\u00edszvend\u00e9g\u00fcnk Ft. Istv\u00e1nka Vincze attalai pl\u00e9b\u00e1nos, Cs\u00e1ng\u00f3f\u00f6ld sz\u00fcl\u00f6tte, aki a szentmis\u00e9t \u00e9s ut\u00e1na pedig n\u00e9p\u00e9t mutatja be majd nek\u00fcnk. A napot \u00e1g\u00e1p\u00e9val z\u00e1rjuk. Minden helyen mindenkit szeretettel v\u00e1r a k\u00f6z\u00f6ss\u00e9g, Imre atya \u00e9s Tibor atya! \u201eA boldogs\u00e1g mindig kicsi dolgokb\u00f3l tev\u0151dik \u00f6ssze. A boldogtalans\u00e1g pedig legt\u00f6bbsz\u00f6r a kicsi dolgok elhanyagol\u00e1s\u00e1b\u00f3l sz\u00e1rmazik\u201d. (K\u00ednai k\u00f6zmond\u00e1s) \u00a0Kegyelemteljes p\u00fcnk\u00f6sdi napokat, j\u00f3 munk\u00e1t, tartalmas besz\u00e9lget\u00e9seket \u00e9s \u00f6r\u00f6mteli tal\u00e1lkoz\u00e1sokat k\u00edv\u00e1nunk minden Kedves H\u00edv\u00fcnknek! \u00a0 &nbsp; \u00a0<\/p>\n","protected":false},"author":3,"featured_media":12010,"comment_status":"closed","ping_status":"closed","sticky":false,"template":"","format":"standard","meta":{"footnotes":""},"categories":[37],"tags":[],"class_list":["post-12009","post","type-post","status-publish","format-standard","has-post-thumbnail","hentry","category-progamelozetes"],"yoast_head":"<!-- This site is optimized with the Yoast SEO plugin v27.3 - https:\/\/yoast.com\/product\/yoast-seo-wordpress\/ -->\n<title>Programel\u0151zetes m\u00e1jus 22 \u00e9s j\u00fanius 4 k\u00f6z\u00f6tt - Stuttgarti Katolikusok<\/title>\n<meta name=\"robots\" content=\"index, follow, max-snippet:-1, max-image-preview:large, max-video-preview:-1\" \/>\n<link rel=\"canonical\" href=\"https:\/\/stuttgarti-katolikusok.de\/index.php\/programelozetes-majus-22-es-junius-4-kozott\/\" \/>\n<meta property=\"og:locale\" content=\"hu_HU\" \/>\n<meta property=\"og:type\" content=\"article\" \/>\n<meta property=\"og:title\" content=\"Programel\u0151zetes m\u00e1jus 22 \u00e9s j\u00fanius 4 k\u00f6z\u00f6tt - Stuttgarti Katolikusok\" \/>\n<meta property=\"og:description\" content=\"Programel\u0151zetes \u00a0 J\u00fanius 1-j\u00e9n, cs\u00fct\u00f6rt\u00f6k\u00f6n 17.30 \u00f3r\u00e1t\u00f3l Ulmban r\u00f3zsaf\u00fcz\u00e9r \u00e1jtatoss\u00e1g, el\u0151tte gy\u00f3ntat\u00e1s, ut\u00e1na szentmise. Annak befejezt\u00e9vel: J\u00e9zus Sz\u00edve tisztelete az Egyh\u00e1zban (el\u0151ad\u00e1s). * J\u00fanius 2-\u00e1n, p\u00e9nteken, 16.00 \u00f3rakor Stuttgartban Bar\u00e1ts\u00e1gklub. 17.50 \u00f3rakor r\u00f3zsaf\u00fcz\u00e9r \u00e1jtatoss\u00e1g. Ut\u00e1na szentmise, keret\u00e9ben P\u00e9nteki Egyetem (Besz\u00e9lget\u00e9sek a Katekizmusr\u00f3l). Majd Imak\u00f6r \u2013 szents\u00e9gim\u00e1d\u00e1s \u2013 k\u00e9r\u00e9seink felaj\u00e1nl\u00e1sa az Olt\u00e1riszents\u00e9gben jelenl\u00e9v\u0151 Krisztusnak. \u00a0\u00a0\u00a0\u00a0\u00a0\u00a0\u00a0\u00a0\u00a0\u00a0\u00a0 Weingarteni d\u00e9lut\u00e1n a Marien Kirche-ben. 18.30-kor r\u00f3zsaf\u00fcz\u00e9r im\u00e1ds\u00e1g, J\u00e9zus Sz\u00edve \u00e1jtatoss\u00e1g, 19.00 \u00f3rakor szentmise, azt k\u00f6vet\u0151en pedig el\u0151ad\u00e1s: J\u00e9zus Sz\u00edve tisztelete az Egyh\u00e1zban. * J\u00fanius 3-\u00e1n, szombaton, Balingenben 17.00 \u00f3rakor szentmise. El\u0151tte gy\u00f3ntat\u00e1s, ut\u00e1na \u00e1g\u00e1p\u00e9. Keret\u00e9ben el\u0151ad\u00e1s (J\u00e9zus Sz\u00edve tisztelete az Egyh\u00e1zban). * J\u00fanius 4-\u00e9n, vas\u00e1rnap Munderkingenben \u00a09.00 \u00f3rakor szentmise. El\u0151tte gy\u00f3ntat\u00e1s. Schw\u00e4bisch-Gm\u00fcndben 9.30 \u00f3rakor szentmise \u2013 keret\u00e9ben Sim\u00f3 Levente els\u0151\u00e1ldoz\u00e1sa. El\u0151tte gy\u00f3ntat\u00e1s, ut\u00e1na \u00e1g\u00e1p\u00e9. \u00a0\u00a0\u00a0\u00a0\u00a0\u00a0\u00a0\u00a0\u00a0\u00a0\u00a0 Stuttgartban Nemzeti \u00d6sszetartoz\u00e1s Vas\u00e1rnapja. 15.00 \u00f3rakor szentmise. Vend\u00e9gpapunk \u00e9s d\u00edszvend\u00e9g\u00fcnk Ft. Istv\u00e1nka Vincze attalai pl\u00e9b\u00e1nos, Cs\u00e1ng\u00f3f\u00f6ld sz\u00fcl\u00f6tte, aki a szentmis\u00e9t \u00e9s ut\u00e1na pedig n\u00e9p\u00e9t mutatja be majd nek\u00fcnk. A napot \u00e1g\u00e1p\u00e9val z\u00e1rjuk. Minden helyen mindenkit szeretettel v\u00e1r a k\u00f6z\u00f6ss\u00e9g, Imre atya \u00e9s Tibor atya! \u201eA boldogs\u00e1g mindig kicsi dolgokb\u00f3l tev\u0151dik \u00f6ssze. A boldogtalans\u00e1g pedig legt\u00f6bbsz\u00f6r a kicsi dolgok elhanyagol\u00e1s\u00e1b\u00f3l sz\u00e1rmazik\u201d. (K\u00ednai k\u00f6zmond\u00e1s) \u00a0Kegyelemteljes p\u00fcnk\u00f6sdi napokat, j\u00f3 munk\u00e1t, tartalmas besz\u00e9lget\u00e9seket \u00e9s \u00f6r\u00f6mteli tal\u00e1lkoz\u00e1sokat k\u00edv\u00e1nunk minden Kedves H\u00edv\u00fcnknek! \u00a0 &nbsp; \u00a0\" \/>\n<meta property=\"og:url\" content=\"https:\/\/stuttgarti-katolikusok.de\/index.php\/programelozetes-majus-22-es-junius-4-kozott\/\" \/>\n<meta property=\"og:site_name\" content=\"Stuttgarti Katolikusok\" \/>\n<meta property=\"article:published_time\" content=\"2017-05-22T06:48:17+00:00\" \/>\n<meta property=\"og:image\" content=\"https:\/\/stuttgarti-katolikusok.de\/wp-content\/uploads\/2017\/05\/boldogsag1.jpg\" \/>\n\t<meta property=\"og:image:width\" content=\"2434\" \/>\n\t<meta property=\"og:image:height\" content=\"1825\" \/>\n\t<meta property=\"og:image:type\" content=\"image\/jpeg\" \/>\n<meta name=\"author\" content=\"Tibor atya\" \/>\n<meta name=\"twitter:card\" content=\"summary_large_image\" \/>\n<meta name=\"twitter:label1\" content=\"Szerz\u0151:\" \/>\n\t<meta name=\"twitter:data1\" content=\"Tibor atya\" \/>\n\t<meta name=\"twitter:label2\" content=\"Becs\u00fclt olvas\u00e1si id\u0151\" \/>\n\t<meta name=\"twitter:data2\" content=\"2 perc\" \/>\n<script type=\"application\/ld+json\" class=\"yoast-schema-graph\">{\"@context\":\"https:\\\/\\\/schema.org\",\"@graph\":[{\"@type\":\"Article\",\"@id\":\"https:\\\/\\\/stuttgarti-katolikusok.de\\\/index.php\\\/programelozetes-majus-22-es-junius-4-kozott\\\/#article\",\"isPartOf\":{\"@id\":\"https:\\\/\\\/stuttgarti-katolikusok.de\\\/index.php\\\/programelozetes-majus-22-es-junius-4-kozott\\\/\"},\"author\":{\"name\":\"Tibor atya\",\"@id\":\"https:\\\/\\\/stuttgarti-katolikusok.de\\\/#\\\/schema\\\/person\\\/75908d6f8fdc03a57889d27209df7795\"},\"headline\":\"Programel\u0151zetes m\u00e1jus 22 \u00e9s j\u00fanius 4 k\u00f6z\u00f6tt\",\"datePublished\":\"2017-05-22T06:48:17+00:00\",\"mainEntityOfPage\":{\"@id\":\"https:\\\/\\\/stuttgarti-katolikusok.de\\\/index.php\\\/programelozetes-majus-22-es-junius-4-kozott\\\/\"},\"wordCount\":336,\"image\":{\"@id\":\"https:\\\/\\\/stuttgarti-katolikusok.de\\\/index.php\\\/programelozetes-majus-22-es-junius-4-kozott\\\/#primaryimage\"},\"thumbnailUrl\":\"https:\\\/\\\/stuttgarti-katolikusok.de\\\/wp-content\\\/uploads\\\/2017\\\/05\\\/boldogsag1.jpg\",\"articleSection\":[\"Progamel\u0151zetes\"],\"inLanguage\":\"hu\"},{\"@type\":\"WebPage\",\"@id\":\"https:\\\/\\\/stuttgarti-katolikusok.de\\\/index.php\\\/programelozetes-majus-22-es-junius-4-kozott\\\/\",\"url\":\"https:\\\/\\\/stuttgarti-katolikusok.de\\\/index.php\\\/programelozetes-majus-22-es-junius-4-kozott\\\/\",\"name\":\"Programel\u0151zetes m\u00e1jus 22 \u00e9s j\u00fanius 4 k\u00f6z\u00f6tt - Stuttgarti Katolikusok\",\"isPartOf\":{\"@id\":\"https:\\\/\\\/stuttgarti-katolikusok.de\\\/#website\"},\"primaryImageOfPage\":{\"@id\":\"https:\\\/\\\/stuttgarti-katolikusok.de\\\/index.php\\\/programelozetes-majus-22-es-junius-4-kozott\\\/#primaryimage\"},\"image\":{\"@id\":\"https:\\\/\\\/stuttgarti-katolikusok.de\\\/index.php\\\/programelozetes-majus-22-es-junius-4-kozott\\\/#primaryimage\"},\"thumbnailUrl\":\"https:\\\/\\\/stuttgarti-katolikusok.de\\\/wp-content\\\/uploads\\\/2017\\\/05\\\/boldogsag1.jpg\",\"datePublished\":\"2017-05-22T06:48:17+00:00\",\"author\":{\"@id\":\"https:\\\/\\\/stuttgarti-katolikusok.de\\\/#\\\/schema\\\/person\\\/75908d6f8fdc03a57889d27209df7795\"},\"breadcrumb\":{\"@id\":\"https:\\\/\\\/stuttgarti-katolikusok.de\\\/index.php\\\/programelozetes-majus-22-es-junius-4-kozott\\\/#breadcrumb\"},\"inLanguage\":\"hu\",\"potentialAction\":[{\"@type\":\"ReadAction\",\"target\":[\"https:\\\/\\\/stuttgarti-katolikusok.de\\\/index.php\\\/programelozetes-majus-22-es-junius-4-kozott\\\/\"]}]},{\"@type\":\"ImageObject\",\"inLanguage\":\"hu\",\"@id\":\"https:\\\/\\\/stuttgarti-katolikusok.de\\\/index.php\\\/programelozetes-majus-22-es-junius-4-kozott\\\/#primaryimage\",\"url\":\"https:\\\/\\\/stuttgarti-katolikusok.de\\\/wp-content\\\/uploads\\\/2017\\\/05\\\/boldogsag1.jpg\",\"contentUrl\":\"https:\\\/\\\/stuttgarti-katolikusok.de\\\/wp-content\\\/uploads\\\/2017\\\/05\\\/boldogsag1.jpg\",\"width\":2434,\"height\":1825},{\"@type\":\"BreadcrumbList\",\"@id\":\"https:\\\/\\\/stuttgarti-katolikusok.de\\\/index.php\\\/programelozetes-majus-22-es-junius-4-kozott\\\/#breadcrumb\",\"itemListElement\":[{\"@type\":\"ListItem\",\"position\":1,\"name\":\"Kezd\u0151lap\",\"item\":\"https:\\\/\\\/stuttgarti-katolikusok.de\\\/\"},{\"@type\":\"ListItem\",\"position\":2,\"name\":\"Programel\u0151zetes m\u00e1jus 22 \u00e9s j\u00fanius 4 k\u00f6z\u00f6tt\"}]},{\"@type\":\"WebSite\",\"@id\":\"https:\\\/\\\/stuttgarti-katolikusok.de\\\/#website\",\"url\":\"https:\\\/\\\/stuttgarti-katolikusok.de\\\/\",\"name\":\"Stuttgarti Katolikusok\",\"description\":\"\",\"potentialAction\":[{\"@type\":\"SearchAction\",\"target\":{\"@type\":\"EntryPoint\",\"urlTemplate\":\"https:\\\/\\\/stuttgarti-katolikusok.de\\\/?s={search_term_string}\"},\"query-input\":{\"@type\":\"PropertyValueSpecification\",\"valueRequired\":true,\"valueName\":\"search_term_string\"}}],\"inLanguage\":\"hu\"},{\"@type\":\"Person\",\"@id\":\"https:\\\/\\\/stuttgarti-katolikusok.de\\\/#\\\/schema\\\/person\\\/75908d6f8fdc03a57889d27209df7795\",\"name\":\"Tibor atya\",\"image\":{\"@type\":\"ImageObject\",\"inLanguage\":\"hu\",\"@id\":\"https:\\\/\\\/secure.gravatar.com\\\/avatar\\\/61d268e57d1f4525b111222e29d2d5a7f8c420fdbf231ba5566a8ceac74fa960?s=96&d=mm&r=g\",\"url\":\"https:\\\/\\\/secure.gravatar.com\\\/avatar\\\/61d268e57d1f4525b111222e29d2d5a7f8c420fdbf231ba5566a8ceac74fa960?s=96&d=mm&r=g\",\"contentUrl\":\"https:\\\/\\\/secure.gravatar.com\\\/avatar\\\/61d268e57d1f4525b111222e29d2d5a7f8c420fdbf231ba5566a8ceac74fa960?s=96&d=mm&r=g\",\"caption\":\"Tibor atya\"},\"url\":\"https:\\\/\\\/stuttgarti-katolikusok.de\\\/index.php\\\/author\\\/tibor-atya\\\/\"}]}<\/script>\n<!-- \/ Yoast SEO plugin. -->","yoast_head_json":{"title":"Programel\u0151zetes m\u00e1jus 22 \u00e9s j\u00fanius 4 k\u00f6z\u00f6tt - Stuttgarti Katolikusok","robots":{"index":"index","follow":"follow","max-snippet":"max-snippet:-1","max-image-preview":"max-image-preview:large","max-video-preview":"max-video-preview:-1"},"canonical":"https:\/\/stuttgarti-katolikusok.de\/index.php\/programelozetes-majus-22-es-junius-4-kozott\/","og_locale":"hu_HU","og_type":"article","og_title":"Programel\u0151zetes m\u00e1jus 22 \u00e9s j\u00fanius 4 k\u00f6z\u00f6tt - Stuttgarti Katolikusok","og_description":"Programel\u0151zetes \u00a0 J\u00fanius 1-j\u00e9n, cs\u00fct\u00f6rt\u00f6k\u00f6n 17.30 \u00f3r\u00e1t\u00f3l Ulmban r\u00f3zsaf\u00fcz\u00e9r \u00e1jtatoss\u00e1g, el\u0151tte gy\u00f3ntat\u00e1s, ut\u00e1na szentmise. Annak befejezt\u00e9vel: J\u00e9zus Sz\u00edve tisztelete az Egyh\u00e1zban (el\u0151ad\u00e1s). * J\u00fanius 2-\u00e1n, p\u00e9nteken, 16.00 \u00f3rakor Stuttgartban Bar\u00e1ts\u00e1gklub. 17.50 \u00f3rakor r\u00f3zsaf\u00fcz\u00e9r \u00e1jtatoss\u00e1g. Ut\u00e1na szentmise, keret\u00e9ben P\u00e9nteki Egyetem (Besz\u00e9lget\u00e9sek a Katekizmusr\u00f3l). Majd Imak\u00f6r \u2013 szents\u00e9gim\u00e1d\u00e1s \u2013 k\u00e9r\u00e9seink felaj\u00e1nl\u00e1sa az Olt\u00e1riszents\u00e9gben jelenl\u00e9v\u0151 Krisztusnak. \u00a0\u00a0\u00a0\u00a0\u00a0\u00a0\u00a0\u00a0\u00a0\u00a0\u00a0 Weingarteni d\u00e9lut\u00e1n a Marien Kirche-ben. 18.30-kor r\u00f3zsaf\u00fcz\u00e9r im\u00e1ds\u00e1g, J\u00e9zus Sz\u00edve \u00e1jtatoss\u00e1g, 19.00 \u00f3rakor szentmise, azt k\u00f6vet\u0151en pedig el\u0151ad\u00e1s: J\u00e9zus Sz\u00edve tisztelete az Egyh\u00e1zban. * J\u00fanius 3-\u00e1n, szombaton, Balingenben 17.00 \u00f3rakor szentmise. El\u0151tte gy\u00f3ntat\u00e1s, ut\u00e1na \u00e1g\u00e1p\u00e9. Keret\u00e9ben el\u0151ad\u00e1s (J\u00e9zus Sz\u00edve tisztelete az Egyh\u00e1zban). * J\u00fanius 4-\u00e9n, vas\u00e1rnap Munderkingenben \u00a09.00 \u00f3rakor szentmise. El\u0151tte gy\u00f3ntat\u00e1s. Schw\u00e4bisch-Gm\u00fcndben 9.30 \u00f3rakor szentmise \u2013 keret\u00e9ben Sim\u00f3 Levente els\u0151\u00e1ldoz\u00e1sa. El\u0151tte gy\u00f3ntat\u00e1s, ut\u00e1na \u00e1g\u00e1p\u00e9. \u00a0\u00a0\u00a0\u00a0\u00a0\u00a0\u00a0\u00a0\u00a0\u00a0\u00a0 Stuttgartban Nemzeti \u00d6sszetartoz\u00e1s Vas\u00e1rnapja. 15.00 \u00f3rakor szentmise. Vend\u00e9gpapunk \u00e9s d\u00edszvend\u00e9g\u00fcnk Ft. Istv\u00e1nka Vincze attalai pl\u00e9b\u00e1nos, Cs\u00e1ng\u00f3f\u00f6ld sz\u00fcl\u00f6tte, aki a szentmis\u00e9t \u00e9s ut\u00e1na pedig n\u00e9p\u00e9t mutatja be majd nek\u00fcnk. A napot \u00e1g\u00e1p\u00e9val z\u00e1rjuk. Minden helyen mindenkit szeretettel v\u00e1r a k\u00f6z\u00f6ss\u00e9g, Imre atya \u00e9s Tibor atya! \u201eA boldogs\u00e1g mindig kicsi dolgokb\u00f3l tev\u0151dik \u00f6ssze. A boldogtalans\u00e1g pedig legt\u00f6bbsz\u00f6r a kicsi dolgok elhanyagol\u00e1s\u00e1b\u00f3l sz\u00e1rmazik\u201d. (K\u00ednai k\u00f6zmond\u00e1s) \u00a0Kegyelemteljes p\u00fcnk\u00f6sdi napokat, j\u00f3 munk\u00e1t, tartalmas besz\u00e9lget\u00e9seket \u00e9s \u00f6r\u00f6mteli tal\u00e1lkoz\u00e1sokat k\u00edv\u00e1nunk minden Kedves H\u00edv\u00fcnknek! \u00a0 &nbsp; \u00a0","og_url":"https:\/\/stuttgarti-katolikusok.de\/index.php\/programelozetes-majus-22-es-junius-4-kozott\/","og_site_name":"Stuttgarti Katolikusok","article_published_time":"2017-05-22T06:48:17+00:00","og_image":[{"width":2434,"height":1825,"url":"https:\/\/stuttgarti-katolikusok.de\/wp-content\/uploads\/2017\/05\/boldogsag1.jpg","type":"image\/jpeg"}],"author":"Tibor atya","twitter_card":"summary_large_image","twitter_misc":{"Szerz\u0151:":"Tibor atya","Becs\u00fclt olvas\u00e1si id\u0151":"2 perc"},"schema":{"@context":"https:\/\/schema.org","@graph":[{"@type":"Article","@id":"https:\/\/stuttgarti-katolikusok.de\/index.php\/programelozetes-majus-22-es-junius-4-kozott\/#article","isPartOf":{"@id":"https:\/\/stuttgarti-katolikusok.de\/index.php\/programelozetes-majus-22-es-junius-4-kozott\/"},"author":{"name":"Tibor atya","@id":"https:\/\/stuttgarti-katolikusok.de\/#\/schema\/person\/75908d6f8fdc03a57889d27209df7795"},"headline":"Programel\u0151zetes m\u00e1jus 22 \u00e9s j\u00fanius 4 k\u00f6z\u00f6tt","datePublished":"2017-05-22T06:48:17+00:00","mainEntityOfPage":{"@id":"https:\/\/stuttgarti-katolikusok.de\/index.php\/programelozetes-majus-22-es-junius-4-kozott\/"},"wordCount":336,"image":{"@id":"https:\/\/stuttgarti-katolikusok.de\/index.php\/programelozetes-majus-22-es-junius-4-kozott\/#primaryimage"},"thumbnailUrl":"https:\/\/stuttgarti-katolikusok.de\/wp-content\/uploads\/2017\/05\/boldogsag1.jpg","articleSection":["Progamel\u0151zetes"],"inLanguage":"hu"},{"@type":"WebPage","@id":"https:\/\/stuttgarti-katolikusok.de\/index.php\/programelozetes-majus-22-es-junius-4-kozott\/","url":"https:\/\/stuttgarti-katolikusok.de\/index.php\/programelozetes-majus-22-es-junius-4-kozott\/","name":"Programel\u0151zetes m\u00e1jus 22 \u00e9s j\u00fanius 4 k\u00f6z\u00f6tt - Stuttgarti Katolikusok","isPartOf":{"@id":"https:\/\/stuttgarti-katolikusok.de\/#website"},"primaryImageOfPage":{"@id":"https:\/\/stuttgarti-katolikusok.de\/index.php\/programelozetes-majus-22-es-junius-4-kozott\/#primaryimage"},"image":{"@id":"https:\/\/stuttgarti-katolikusok.de\/index.php\/programelozetes-majus-22-es-junius-4-kozott\/#primaryimage"},"thumbnailUrl":"https:\/\/stuttgarti-katolikusok.de\/wp-content\/uploads\/2017\/05\/boldogsag1.jpg","datePublished":"2017-05-22T06:48:17+00:00","author":{"@id":"https:\/\/stuttgarti-katolikusok.de\/#\/schema\/person\/75908d6f8fdc03a57889d27209df7795"},"breadcrumb":{"@id":"https:\/\/stuttgarti-katolikusok.de\/index.php\/programelozetes-majus-22-es-junius-4-kozott\/#breadcrumb"},"inLanguage":"hu","potentialAction":[{"@type":"ReadAction","target":["https:\/\/stuttgarti-katolikusok.de\/index.php\/programelozetes-majus-22-es-junius-4-kozott\/"]}]},{"@type":"ImageObject","inLanguage":"hu","@id":"https:\/\/stuttgarti-katolikusok.de\/index.php\/programelozetes-majus-22-es-junius-4-kozott\/#primaryimage","url":"https:\/\/stuttgarti-katolikusok.de\/wp-content\/uploads\/2017\/05\/boldogsag1.jpg","contentUrl":"https:\/\/stuttgarti-katolikusok.de\/wp-content\/uploads\/2017\/05\/boldogsag1.jpg","width":2434,"height":1825},{"@type":"BreadcrumbList","@id":"https:\/\/stuttgarti-katolikusok.de\/index.php\/programelozetes-majus-22-es-junius-4-kozott\/#breadcrumb","itemListElement":[{"@type":"ListItem","position":1,"name":"Kezd\u0151lap","item":"https:\/\/stuttgarti-katolikusok.de\/"},{"@type":"ListItem","position":2,"name":"Programel\u0151zetes m\u00e1jus 22 \u00e9s j\u00fanius 4 k\u00f6z\u00f6tt"}]},{"@type":"WebSite","@id":"https:\/\/stuttgarti-katolikusok.de\/#website","url":"https:\/\/stuttgarti-katolikusok.de\/","name":"Stuttgarti Katolikusok","description":"","potentialAction":[{"@type":"SearchAction","target":{"@type":"EntryPoint","urlTemplate":"https:\/\/stuttgarti-katolikusok.de\/?s={search_term_string}"},"query-input":{"@type":"PropertyValueSpecification","valueRequired":true,"valueName":"search_term_string"}}],"inLanguage":"hu"},{"@type":"Person","@id":"https:\/\/stuttgarti-katolikusok.de\/#\/schema\/person\/75908d6f8fdc03a57889d27209df7795","name":"Tibor atya","image":{"@type":"ImageObject","inLanguage":"hu","@id":"https:\/\/secure.gravatar.com\/avatar\/61d268e57d1f4525b111222e29d2d5a7f8c420fdbf231ba5566a8ceac74fa960?s=96&d=mm&r=g","url":"https:\/\/secure.gravatar.com\/avatar\/61d268e57d1f4525b111222e29d2d5a7f8c420fdbf231ba5566a8ceac74fa960?s=96&d=mm&r=g","contentUrl":"https:\/\/secure.gravatar.com\/avatar\/61d268e57d1f4525b111222e29d2d5a7f8c420fdbf231ba5566a8ceac74fa960?s=96&d=mm&r=g","caption":"Tibor atya"},"url":"https:\/\/stuttgarti-katolikusok.de\/index.php\/author\/tibor-atya\/"}]}},"_links":{"self":[{"href":"https:\/\/stuttgarti-katolikusok.de\/index.php\/wp-json\/wp\/v2\/posts\/12009","targetHints":{"allow":["GET"]}}],"collection":[{"href":"https:\/\/stuttgarti-katolikusok.de\/index.php\/wp-json\/wp\/v2\/posts"}],"about":[{"href":"https:\/\/stuttgarti-katolikusok.de\/index.php\/wp-json\/wp\/v2\/types\/post"}],"author":[{"embeddable":true,"href":"https:\/\/stuttgarti-katolikusok.de\/index.php\/wp-json\/wp\/v2\/users\/3"}],"replies":[{"embeddable":true,"href":"https:\/\/stuttgarti-katolikusok.de\/index.php\/wp-json\/wp\/v2\/comments?post=12009"}],"version-history":[{"count":1,"href":"https:\/\/stuttgarti-katolikusok.de\/index.php\/wp-json\/wp\/v2\/posts\/12009\/revisions"}],"predecessor-version":[{"id":12011,"href":"https:\/\/stuttgarti-katolikusok.de\/index.php\/wp-json\/wp\/v2\/posts\/12009\/revisions\/12011"}],"wp:featuredmedia":[{"embeddable":true,"href":"https:\/\/stuttgarti-katolikusok.de\/index.php\/wp-json\/wp\/v2\/media\/12010"}],"wp:attachment":[{"href":"https:\/\/stuttgarti-katolikusok.de\/index.php\/wp-json\/wp\/v2\/media?parent=12009"}],"wp:term":[{"taxonomy":"category","embeddable":true,"href":"https:\/\/stuttgarti-katolikusok.de\/index.php\/wp-json\/wp\/v2\/categories?post=12009"},{"taxonomy":"post_tag","embeddable":true,"href":"https:\/\/stuttgarti-katolikusok.de\/index.php\/wp-json\/wp\/v2\/tags?post=12009"}],"curies":[{"name":"wp","href":"https:\/\/api.w.org\/{rel}","templated":true}]}}