{"id":11986,"date":"2017-05-15T05:14:54","date_gmt":"2017-05-15T05:14:54","guid":{"rendered":"https:\/\/gracious-dewdney.138-201-221-2.plesk.page\/?p=11986"},"modified":"2017-05-15T05:14:54","modified_gmt":"2017-05-15T05:14:54","slug":"baratom-2017-majusa","status":"publish","type":"post","link":"https:\/\/stuttgarti-katolikusok.de\/index.php\/baratom-2017-majusa\/","title":{"rendered":"Bar\u00e1tom &#8211; 2017 m\u00e1jusa"},"content":{"rendered":"<p><strong>2 0 1 7\u00a0 \u00a0M \u00c1 J U S <\/strong><\/p>\n<p><strong>\u00a0<\/strong><\/p>\n<table>\n<tbody>\n<tr>\n<td width=\"900\"><strong><em>&#8222;<\/em><\/strong><strong>Ez\u00e9rt mond h\u00e1t t\u00e9ged boldognak minden nemzed\u00e9k, mert te vagy az, aki minden nemzed\u00e9k sz\u00e1m\u00e1ra vil\u00e1gra sz\u00fclted az \u00e9letet \u00e9s a dics<\/strong><strong>\u0151<\/strong><strong>s\u00e9get. Benned tal\u00e1lnak mind\u00f6r\u00f6kre az angyalok \u00f6r\u00f6m\u00f6t, az igazak kegyelmet, a b<\/strong><strong>\u0171<\/strong><strong>n\u00f6s\u00f6k pedig megbocs\u00e1t\u00e1st. Joggal tekint r\u00e1d az eg\u00e9sz teremt\u00e9s, mert benned, \u00e1ltalad \u00e9s bel<\/strong><strong>\u0151<\/strong><strong>led \u00faj\u00edtott meg a Mindenhat\u00f3 j\u00f3s\u00e1gos keze mindent, amit megteremtett.\u201d<\/strong> <em>(R\u00e9szlet Clairvaux-i Szent Bern\u00e1t ap\u00e1t besz\u00e9d\u00e9b<\/em><em>\u0151<\/em><em>l<\/em>)<\/td>\n<\/tr>\n<\/tbody>\n<\/table>\n<p>M\u00e1jusi lit\u00e1ni\u00e1k<\/p>\n<p>A XII. sz\u00e1zadban tal\u00e1ljuk az els\u0151 nyomait a Boldogs\u00e1gos Sz\u0171zh\u00f6z int\u00e9zett lit\u00e1ni\u00e1nak. A XIII-XVI. sz\u00e1zadig sz\u00e1mos, el\u00e9g terjedelmes M\u00e1ria-lit\u00e1nia keletkezett, melyekb\u0151l a XVI. sz\u00e1zadban kialakult a lorett\u00f3i lit\u00e1nia, melyet 1558-ban <em>Canisius Szent P\u00e9ter <\/em>Lorett\u00f3ban hallott \u00e9nekelni, s azut\u00e1n f\u00f6lvett kis im\u00e1ds\u00e1gos k\u00f6nyv\u00e9be. A lit\u00e1nia sz\u00f6vege az elm\u00falt \u00e9vsz\u00e1zadokban fokozatosan b\u0151v\u00fclt. P\u00e9ld\u00e1ul <em>IX. Piusz<\/em> p\u00e1pa a szepl\u0151telen fogantat\u00e1sr\u00f3l sz\u00f3l\u00f3 dogma kihirdet\u00e9se ut\u00e1n elrendelte, hogy azt a lit\u00e1ni\u00e1ba is vegy\u00e9k bele. <em>\u00c1tered\u0151 b\u0171n n\u00e9lk\u00fcl fogantatott Kir\u00e1lyn\u0151<\/em>. <em>XV. Benedek<\/em> p\u00e1pa megengedte, hogy az I. vil\u00e1gh\u00e1bor\u00fa alatt a <em>B\u00e9ke Kir\u00e1lyn\u0151je<\/em> k\u00f6ny\u00f6rg\u00e9st is belevegy\u00e9k a lit\u00e1ni\u00e1ba. <em>XIII. Le\u00f3<\/em> p\u00e1pa enged\u00e9lyezte nek\u00fcnk, magyaroknak a <em>Magyarok Nagyasszonya<\/em> megsz\u00f3l\u00edt\u00e1s besorol\u00e1s\u00e1t a lit\u00e1nia v\u00e9g\u00e9re. Nyilv\u00e1nval\u00f3, hogy 1950-ben a <em>Mennyekbe felvett kir\u00e1lyn\u00e9<\/em> megnevez\u00e9s is beker\u00fclt a titulusok k\u00f6z\u00e9. A II. vatik\u00e1ni zsinat ut\u00e1n <em>VI. P\u00e1l<\/em> p\u00e1pa elrendelte, hogy a zsinat mariol\u00f3gi\u00e1j\u00e1val \u00f6sszhangban M\u00e1ri\u00e1t, mint az <em>\u201eEgyh\u00e1z anyj\u00e1t\u201d<\/em> is k\u00e9rj\u00fck ebben a k\u00f6z\u00f6s im\u00e1ds\u00e1gban.<\/p>\n<p>A r\u00e9gi id\u0151kben a lit\u00e1ni\u00e1kat s \u00edgy a Lorett\u00f3i lit\u00e1ni\u00e1t is vas\u00e1r- \u00e9s \u00fcnnepnapok d\u00e9lut\u00e1njain v\u00e9gezt\u00fck a vecsernye p\u00f3tl\u00e1s\u00e1ra. A pl\u00e9b\u00e1nosok k\u00f6telesek voltak lit\u00e1ni\u00e1t v\u00e9gezni, amely \u00e1jtatoss\u00e1g egy lit\u00e1nia, egy-k\u00e9t egyh\u00e1zi himnusz el\u00e9nekl\u00e9s\u00e9b\u0151l \u00e9s a Szents\u00e9ggel adott \u00e1ld\u00e1sb\u00f3l \u00e1llt. Ezek a lit\u00e1ni\u00e1k n\u00e1lunk szinte mindig a Boldogs\u00e1gos Sz\u0171z tisztelet\u00e9re voltak szentelve. Csak az \u00fagynevezett m\u00e1ri\u00e1s \u00e9vsz\u00e1zadban (1854-1954) alakult ki az a szok\u00e1s, hogy a m\u00e1jus h\u00f3napot k\u00fcl\u00f6nleges m\u00f3don is a Sz\u0171zany\u00e1nak szentelj\u00fck, m\u00e9gpedig a Lorett\u00f3i lit\u00e1nia naponk\u00e9nti v\u00e9gz\u00e9se \u00e1ltal. A legszebb h\u00f3napban saj\u00e1tos hangulata van a m\u00e1jusi lit\u00e1ni\u00e1knak. A lit\u00e1nia \u00e9nekl\u00e9se \u00e1ltal k\u00f6sz\u00f6ntj\u00fck M\u00e1ri\u00e1t, de k\u00f6zben \u00f6nmagunkat is jobban meg\u00e9rtj\u00fck, s\u0151t mi magunk is t\u00f6bb \u00e9s jobb emberekk\u00e9 lesz\u00fcnk.<\/p>\n<p>Ha M\u00e1ri\u00e1ra tekint\u00fcnk, akkor m\u00e1r nem csup\u00e1n szerencs\u00e9tlen \u00e9s t\u00f6r\u00e9keny l\u00e9nynek l\u00e1tjuk az embert a semmi k\u00e9t szakad\u00e9ka k\u00f6z\u00f6tt. Nem csak \u00fagy l\u00e1tjuk magunkat, mint aggodalom \u00e9s nyomor\u00fas\u00e1g k\u00ednozta teremtm\u00e9nyt, hiszen M\u00e1ri\u00e1r\u00f3l \u00e9nekl\u00fcnk, s \u0151t \u00e1ldottnak \u00e9s boldognak magasztaljuk, \u00e9s ezzel v\u00e9gs\u0151 soron saj\u00e1t magunkr\u00f3l is mondunk valamit. Ha m\u00e1jusi \u00e1jtatoss\u00e1got tartunk, seg\u00edts\u00e9g\u00fcl h\u00edvjuk a term\u00e9szetet, hogy dics\u00e9rj\u00fck az embert mint Isten k\u00e9pm\u00e1s\u00e1t, hogy elmondjuk r\u00f3la: meg van v\u00e1ltva, \u00e9s az embert teremt\u0151 \u00e9s \u00fcdv\u00f6z\u00edteni akar\u00f3 Isten saj\u00e1t \u00e9let\u00e9ben akarja \u0151t r\u00e9szes\u00edteni. M\u00e1ri\u00e1t k\u00f6sz\u00f6ntve az ember kereszt\u00e9ny elgondol\u00e1s\u00e1t \u00fcnnepelj\u00fck \u00e9s hirdetj\u00fck. M\u00e9g a protest\u00e1ns teol\u00f3gus, <em>Karl Barth<\/em> is azt mondja: M\u00e1ria a katolikus teol\u00f3gi\u00e1ban eredeti elve, \u0151st\u00edpusa \u00e9s s\u0171r\u00edtett foglalata annak a teremtm\u00e9nynek, aki Isten megel\u0151z\u0151 kegyelme alapj\u00e1n egy\u00fcttm\u0171k\u00f6dik tulajdon \u00fcdv\u00f6ss\u00e9ge megval\u00f3s\u00edt\u00e1s\u00e1ban. M\u00e1ria nemcsak anya, nemcsak k\u00f6zvet\u00edt\u0151-k\u00f6zbenj\u00e1r\u00f3, hanem mintak\u00e9p is sz\u00e1munkra.<\/p>\n<p>Ha a m\u00e1jusi \u00e1jtatoss\u00e1gra j\u00f6v\u00fcnk \u00f6ssze, akkor azt is megtapasztaljuk, \u00e9s egyre jobban meg\u00e9rtj\u00fck: \u00f6sszetartozunk! Mindny\u00e1jan egy\u00fctt hordozzuk a terhet \u00e9s a boldogs\u00e1got, a vesz\u00e9lyt \u00e9s az \u00fcdv\u00f6ss\u00e9get. \u00c9s \u00e9ppen ez\u00e9rt j\u00f6v\u00fcnk \u00f6ssze lit\u00e1ni\u00e1t \u00e9nekelni. Egy im\u00e1dkoz\u00f3, \u00e9nekl\u0151, Isten szav\u00e1t hallgat\u00f3 k\u00f6z\u00f6ss\u00e9g nemcsak egyes, magukban \u00e1ll\u00f3 embereknek az \u00f6sszej\u00f6vetele, akiket az \u00fcdv\u00f6ss\u00e9g\u00e9rt val\u00f3 agg\u00f3d\u00e1s visz el a templomba. Nem arr\u00f3l van sz\u00f3, hogy a templomban egy\u00fctt im\u00e1dkozunk, ut\u00e1na pedig megint csak egyed\u00fcl \u00e9s csak saj\u00e1t magunknak akarjuk megszerezni az \u00fcdv\u00f6ss\u00e9get. Szent k\u00f6z\u00f6ss\u00e9g vagyunk, amely a Boldogs\u00e1gos Sz\u0171z M\u00e1ria kiv\u00e1l\u00f3s\u00e1g\u00e1t dics\u0151\u00edtve Istent dics\u00e9ri, mert \u00e9ppen az \u00fcdv\u00f6ss\u00e9g m\u0171v\u00e9ben ett\u0151l a Sz\u0171zt\u0151l, a Megv\u00e1lt\u00f3 anyj\u00e1t\u00f3l is f\u00fcgg. Szent k\u00f6z\u00f6ss\u00e9g vagyunk, amely val\u00f3ban \u00f6sszetartozik, \u00e9s ez\u00e9rt is gy\u00fclekezik \u00f6ssze, hogy a k\u00f6z\u00f6ss\u00e9gben jobban megtapasztalja J\u00e9zus Krisztus kegyelm\u00e9t, akit Isten M\u00e1ria engedelmess\u00e9g\u00e9nek erej\u00e9ben az \u0151 test\u00e9b\u0151l aj\u00e1nd\u00e9kozott nek\u00fcnk.<\/p>\n<p>A mag\u00e1nyos ember elhagyatotts\u00e1g\u00e1b\u00f3l h\u00edv benn\u00fcnket az egyh\u00e1z liturgi\u00e1ja Isten szeretet\u00e9nek \u00e9s kegyelm\u00e9nek k\u00f6z\u00f6ss\u00e9g\u00e9be. Nyilv\u00e1nval\u00f3, hogy a k\u00f6z\u00f6s im\u00e1ds\u00e1gnak vannak k\u00f6vetkezm\u00e9nyei. Nem im\u00e1dkozhatunk itt k\u00f6z\u00f6sen, ha a h\u00e9tk\u00f6znapokban, a templomon k\u00edv\u00fcl nem \u00e9l\u00fcnk szeretetben \u00e9s h\u0171s\u00e9gben, \u00f6sszetartoz\u00e1sban \u00e9s k\u00f6lcs\u00f6n\u00f6s teherv\u00e1llal\u00e1sban. A M\u00e1ria-tiszteletnek teh\u00e1t v\u00e9gs\u0151 soron k\u00f6ze van a felebar\u00e1ti szeretethez is. Mert M\u00e1ria eg\u00e9sz \u00e9lete arr\u00f3l sz\u00f3l, hogy mindenki felel\u0151s testv\u00e9re \u00fcdv\u00f6ss\u00e9g\u00e9\u00e9rt, k\u00f6zbenj\u00e1rhat \u00e9s k\u00f6zben is kell j\u00e1rnia \u00e9rte im\u00e1val, \u00e1ldozattal, seg\u00edt\u00e9ssel. Mivel ez igaz, ez\u00e9rt M\u00e1ria nemcsak Urunknak Anyja, hanem a mi any\u00e1nk is. Ebben a hitben j\u00f6v\u00fcnk \u00f6ssze est\u00e9nk\u00e9nt templomainkba. Ebben a rem\u00e9nyben akarjuk sz\u00edv\u00fcnk \u00f6r\u00f6m\u00e9ben ism\u00e9t M\u00e1ri\u00e1t dics\u00e9rni ezekben a napokban. Ez a dics\u00e9ret v\u00e9gs\u0151 soron mag\u00e1nak az \u00f6r\u00f6k Istennek a dics\u0151\u00edt\u00e9se, aki k\u00f6zel j\u00f6tt hozz\u00e1nk testt\u00e9 lett Ig\u00e9j\u00e9ben, hiszen ez az Ige Sz\u0171z M\u00e1ri\u00e1t\u00f3l sz\u00fcletett.<\/p>\n<p><strong>\u00a0<\/strong><\/p>\n<p><strong>K\u00d6ZLEM\u00c9NYEK \u2013 RENDEZV\u00c9NYEK<\/strong><\/p>\n<p><strong>\u00a0Stuttgartban<\/strong> p\u00e9ntekenk\u00e9nt 17.50 \u00f3rakor <em>r\u00f3zsaf\u00fcz\u00e9r,<\/em> majd <em>szentmise<\/em>. Az \u00e9rdekl\u0151d\u0151ket <strong>m\u00e1jus<\/strong> 5-\u00e9n, 12-\u00e9n \u00e9s 19-\u00e9n v\u00e1rjuk. A <strong>Bar\u00e1ts\u00e1gklub <\/strong>tagjai is ugyanezeken a napokon tal\u00e1lkoznak, 16.00 \u00f3rakor, a K\u00f6z\u00f6ss\u00e9gi Teremben. Mindenkit szeretettel v\u00e1rnak!<\/p>\n<p><strong>\u00a0Ulmban<\/strong> cs\u00fct\u00f6rt\u00f6k\u00f6nk\u00e9nt, azaz<strong> m\u00e1jus<\/strong> 4-\u00e9n \u00e9s 18-\u00e1n <strong>17.30 <\/strong>\u00f3r\u00e1t\u00f3l, <strong>Weingartenben <\/strong>a <strong>Marien-Kirche<\/strong>ben pedig p\u00e9ntekenk\u00e9nt, azaz <strong>m\u00e1jus<\/strong> 5-\u00e9n 18.30 \u00f3r\u00e1t\u00f3l, 19-\u00e9n 18.00 \u00f3r\u00e1t\u00f3l r\u00f3zsaf\u00fcz\u00e9r, m\u00e1jus 5-\u00e9n <strong>19.00<\/strong> \u00f3r\u00e1t\u00f3l \u00e9s 19-\u00e9n <strong>18.30<\/strong> \u00f3r\u00e1t\u00f3l <em>szentmise<\/em>, ut\u00e1na <em>M\u00e1riatisztelet az Egyh\u00e1zban. <\/em><\/p>\n<p><strong>*<\/strong><\/p>\n<p><strong>Stuttgartban, <\/strong>p\u00e9nteken, <strong>m\u00e1jus 5-\u00e9n<\/strong> 19.00 \u00f3rakor <em>Imak\u00f6r, <\/em>12-\u00e9n \u00e9s 26-\u00e1n 19.00 \u00f3rakor pedig <em>Sportklub. <\/em>Minden \u00e9rdekl\u0151d\u0151t szeretettel v\u00e1runk! <strong>\u00a0<\/strong><\/p>\n<p>*<\/p>\n<p><strong>M\u00e1jus 7-\u00e9n<\/strong>, vas\u00e1rnap, Boldog Gizella, a <strong><em>gm\u00fcndi<\/em><\/strong> egyh\u00e1zk\u00f6zs\u00e9g\u00fcnk <strong><em>b\u00facs\u00faja<\/em>.<\/strong> 9.30 \u00f3rakor <em>szentmise<\/em>, ut\u00e1na <em>\u00e1g\u00e1p\u00e9<\/em>. Mindenki szeretettel v\u00e1runk!<\/p>\n<p><strong>Nevess vel\u00fcnk<\/strong> \u2013 <em>Szent P\u00e9ter egy nap beny\u00fajtja lemond\u00e1s\u00e1t \u00e9s vissza akarja adni J\u00e9zusnak a mennyorsz\u00e1g kulcsait. \u2013 H\u00e1t mi\u00e9rt, P\u00e9ter? \u2013 k\u00e9rdezi az \u00dar J\u00e9zus. Mire P\u00e9ter kikelve mag\u00e1b\u00f3l: &#8211; Mert meguntam m\u00e1r, hogy amikor \u00e9n valaki el\u0151tt bez\u00e1rom az ajt\u00f3t \u00e9s nem akarom beengedni, \u00e9desany\u00e1d kinyit neki oldalt egy ablakot&#8230; <\/em><\/p>\n<p><em>\u00a0<\/em><\/p>\n<h3>S Z E N T M I S \u00c9 I N K<\/h3>\n<p><em>Balingen\u00a0\u00a0\u00a0\u00a0\u00a0\u00a0\u00a0\u00a0\u00a0\u00a0\u00a0\u00a0\u00a0\u00a0\u00a0\u00a0\u00a0\u00a0\u00a0\u00a0\u00a0\u00a0\u00a0\u00a0\u00a0\u00a0 <\/em>m\u00e1jus 06 szombat\u00a0\u00a0\u00a0\u00a0\u00a0\u00a0\u00a0\u00a0\u00a0\u00a0\u00a0\u00a0\u00a0\u00a0\u00a0\u00a0\u00a0\u00a0\u00a0 17.00 \u00f3ra<\/p>\n<p><em>Munderkingen<\/em> \u00a0 \u00a0\u00a0\u00a0\u00a0\u00a0\u00a0\u00a0\u00a0\u00a0\u00a0\u00a0\u00a0 m\u00e1jus 07 vas\u00e1rnap\u00a0\u00a0\u00a0\u00a0\u00a0\u00a0\u00a0\u00a0\u00a0\u00a0\u00a0\u00a0\u00a0\u00a0\u00a0\u00a0\u00a0\u00a0 09.00 \u00f3ra<\/p>\n<p><em>Schw\u00e4bisch Gm\u00fcnd \u00a0\u00a0\u00a0\u00a0\u00a0 <\/em>m\u00e1jus 07 vas\u00e1rnap\u00a0\u00a0\u00a0\u00a0\u00a0\u00a0\u00a0\u00a0\u00a0\u00a0\u00a0\u00a0\u00a0\u00a0\u00a0\u00a0\u00a0\u00a0 09.30 \u00f3ra <strong>!!!<\/strong><\/p>\n<p><em>Stuttgart\u00a0\u00a0\u00a0\u00a0\u00a0\u00a0\u00a0\u00a0\u00a0\u00a0\u00a0\u00a0\u00a0\u00a0\u00a0\u00a0\u00a0\u00a0\u00a0\u00a0\u00a0\u00a0\u00a0\u00a0\u00a0\u00a0 <\/em>m\u00e1jus 07 vas\u00e1rnap\u00a0\u00a0\u00a0\u00a0\u00a0\u00a0\u00a0\u00a0\u00a0\u00a0\u00a0\u00a0\u00a0\u00a0\u00a0\u00a0\u00a0\u00a0 15.00 \u00f3ra<\/p>\n<p><em>Friedrichshafen-Berg\u00a0\u00a0\u00a0 <\/em>m\u00e1jus 13 szombat\u00a0\u00a0\u00a0\u00a0\u00a0\u00a0\u00a0\u00a0\u00a0\u00a0\u00a0\u00a0\u00a0\u00a0\u00a0\u00a0\u00a0\u00a0\u00a0 17.00 \u00f3ra<\/p>\n<p><em>Weingarten<\/em> \u00a0\u00a0\u00a0\u00a0\u00a0\u00a0\u00a0\u00a0\u00a0\u00a0\u00a0\u00a0\u00a0\u00a0\u00a0\u00a0\u00a0\u00a0\u00a0\u00a0 m\u00e1jus 14 vas\u00e1rnap \u00a0\u00a0\u00a0\u00a0\u00a0\u00a0\u00a0\u00a0\u00a0\u00a0\u00a0\u00a0\u00a0\u00a0\u00a0\u00a0\u00a0 10.00 \u00f3ra<\/p>\n<p><em>Ulm<\/em> \u00a0\u00a0\u00a0\u00a0\u00a0\u00a0\u00a0\u00a0\u00a0\u00a0\u00a0\u00a0\u00a0\u00a0\u00a0\u00a0\u00a0\u00a0\u00a0\u00a0\u00a0\u00a0\u00a0\u00a0\u00a0\u00a0\u00a0\u00a0\u00a0\u00a0\u00a0\u00a0\u00a0\u00a0 m\u00e1jus 14 vas\u00e1rnap \u00a0\u00a0\u00a0\u00a0\u00a0\u00a0\u00a0\u00a0\u00a0\u00a0\u00a0\u00a0\u00a0\u00a0\u00a0\u00a0\u00a0\u00a0 15.00 \u00f3ra<\/p>\n<p><em>Stuttgart\u00a0\u00a0\u00a0\u00a0\u00a0\u00a0\u00a0\u00a0\u00a0\u00a0\u00a0\u00a0\u00a0\u00a0\u00a0\u00a0\u00a0\u00a0\u00a0\u00a0\u00a0\u00a0\u00a0\u00a0\u00a0\u00a0 <\/em>m\u00e1jus 21 vas\u00e1rnap\u00a0\u00a0\u00a0\u00a0\u00a0\u00a0 \u00a0\u00a0\u00a0\u00a0\u00a0\u00a0\u00a0\u00a0\u00a0\u00a0\u00a0\u00a0 12.00 \u00f3ra <strong>!!!<\/strong><\/p>\n<p>&nbsp;<\/p>\n<p><strong>Mivel Egyh\u00e1zk\u00f6zs\u00e9g\u00fcnk h\u00edveinek egy csoportja \u2013 m\u00e1jus 22-e \u00e9s 28-a k\u00f6z\u00f6tt a Benelux-\u00e1llamok M\u00e1ria-kegyhelyeit l\u00e1togatja meg, a t\u00f6bbi szentmise ez\u00fattal elmarad. Az itthonmaradottak sz\u00edves meg\u00e9rt\u00e9s\u00e9t k\u00e9rj\u00fck!<\/strong><\/p>\n<p><strong><br \/>\n<\/strong><\/p>\n<p><strong>STUTTGART 1947 &#8211; 2017<\/strong><\/p>\n<p><strong>70 \u00c9VES A SZENT GELL\u00c9RT MAGYAR KATOLIKUS EGYH\u00c1ZK\u00d6ZS\u00c9G<\/strong><\/p>\n<p><strong>A h\u00e1romnapos rendezv\u00e9ny programj\u00e1t l. egy k\u00fcl\u00f6n lapon!<\/strong><\/p>\n<p><strong>Mindenkit szeretettel v\u00e1runk az \u00fcnneps\u00e9gre!<\/strong><\/p>\n<p>&nbsp;<\/p>\n<p>&nbsp;<\/p>\n<p>&nbsp;<\/p>\n","protected":false},"excerpt":{"rendered":"<p>2 0 1 7\u00a0 \u00a0M \u00c1 J U S \u00a0 &#8222;Ez\u00e9rt mond h\u00e1t t\u00e9ged boldognak minden nemzed\u00e9k, mert te vagy az, aki minden nemzed\u00e9k sz\u00e1m\u00e1ra vil\u00e1gra sz\u00fclted az \u00e9letet \u00e9s a dics\u0151s\u00e9get. Benned tal\u00e1lnak mind\u00f6r\u00f6kre az angyalok \u00f6r\u00f6m\u00f6t, az igazak kegyelmet, a b\u0171n\u00f6s\u00f6k pedig megbocs\u00e1t\u00e1st. Joggal tekint r\u00e1d az eg\u00e9sz teremt\u00e9s, mert benned, \u00e1ltalad \u00e9s bel\u0151led \u00faj\u00edtott meg a Mindenhat\u00f3 j\u00f3s\u00e1gos keze mindent, amit megteremtett.\u201d (R\u00e9szlet Clairvaux-i Szent Bern\u00e1t ap\u00e1t besz\u00e9d\u00e9b\u0151l) M\u00e1jusi lit\u00e1ni\u00e1k A XII. sz\u00e1zadban tal\u00e1ljuk az els\u0151 nyomait a Boldogs\u00e1gos Sz\u0171zh\u00f6z int\u00e9zett lit\u00e1ni\u00e1nak. A XIII-XVI. sz\u00e1zadig sz\u00e1mos, el\u00e9g terjedelmes M\u00e1ria-lit\u00e1nia keletkezett, melyekb\u0151l a XVI. sz\u00e1zadban kialakult a lorett\u00f3i lit\u00e1nia, melyet 1558-ban Canisius Szent P\u00e9ter Lorett\u00f3ban hallott \u00e9nekelni, s azut\u00e1n f\u00f6lvett kis im\u00e1ds\u00e1gos k\u00f6nyv\u00e9be. A lit\u00e1nia sz\u00f6vege az elm\u00falt \u00e9vsz\u00e1zadokban fokozatosan b\u0151v\u00fclt. P\u00e9ld\u00e1ul IX. Piusz p\u00e1pa a szepl\u0151telen fogantat\u00e1sr\u00f3l sz\u00f3l\u00f3 dogma kihirdet\u00e9se ut\u00e1n elrendelte, hogy azt a lit\u00e1ni\u00e1ba is vegy\u00e9k bele. \u00c1tered\u0151 b\u0171n n\u00e9lk\u00fcl fogantatott Kir\u00e1lyn\u0151. XV. Benedek p\u00e1pa megengedte, hogy az I. vil\u00e1gh\u00e1bor\u00fa alatt a B\u00e9ke Kir\u00e1lyn\u0151je k\u00f6ny\u00f6rg\u00e9st is belevegy\u00e9k a lit\u00e1ni\u00e1ba. XIII. Le\u00f3 p\u00e1pa enged\u00e9lyezte nek\u00fcnk, magyaroknak a Magyarok Nagyasszonya megsz\u00f3l\u00edt\u00e1s besorol\u00e1s\u00e1t a lit\u00e1nia v\u00e9g\u00e9re. Nyilv\u00e1nval\u00f3, hogy 1950-ben a Mennyekbe felvett kir\u00e1lyn\u00e9 megnevez\u00e9s is beker\u00fclt a titulusok k\u00f6z\u00e9. A II. vatik\u00e1ni zsinat ut\u00e1n VI. P\u00e1l p\u00e1pa elrendelte, hogy a zsinat mariol\u00f3gi\u00e1j\u00e1val \u00f6sszhangban M\u00e1ri\u00e1t, mint az \u201eEgyh\u00e1z anyj\u00e1t\u201d is k\u00e9rj\u00fck ebben a k\u00f6z\u00f6s im\u00e1ds\u00e1gban. A r\u00e9gi id\u0151kben a lit\u00e1ni\u00e1kat s \u00edgy a Lorett\u00f3i lit\u00e1ni\u00e1t is vas\u00e1r- \u00e9s \u00fcnnepnapok d\u00e9lut\u00e1njain v\u00e9gezt\u00fck a vecsernye p\u00f3tl\u00e1s\u00e1ra. A pl\u00e9b\u00e1nosok k\u00f6telesek voltak lit\u00e1ni\u00e1t v\u00e9gezni, amely \u00e1jtatoss\u00e1g egy lit\u00e1nia, egy-k\u00e9t egyh\u00e1zi himnusz el\u00e9nekl\u00e9s\u00e9b\u0151l \u00e9s a Szents\u00e9ggel adott \u00e1ld\u00e1sb\u00f3l \u00e1llt. Ezek a lit\u00e1ni\u00e1k n\u00e1lunk szinte mindig a Boldogs\u00e1gos Sz\u0171z tisztelet\u00e9re voltak szentelve. Csak az \u00fagynevezett m\u00e1ri\u00e1s \u00e9vsz\u00e1zadban (1854-1954) alakult ki az a szok\u00e1s, hogy a m\u00e1jus h\u00f3napot k\u00fcl\u00f6nleges m\u00f3don is a Sz\u0171zany\u00e1nak szentelj\u00fck, m\u00e9gpedig a Lorett\u00f3i lit\u00e1nia naponk\u00e9nti v\u00e9gz\u00e9se \u00e1ltal. A legszebb h\u00f3napban saj\u00e1tos hangulata&#8230; <\/p>\n<p><a class=\"readmore\" href=\"https:\/\/stuttgarti-katolikusok.de\/index.php\/baratom-2017-majusa\/\">R\u00e9szletek<\/a><\/p>\n","protected":false},"author":3,"featured_media":0,"comment_status":"closed","ping_status":"closed","sticky":false,"template":"","format":"standard","meta":{"footnotes":""},"categories":[29],"tags":[],"class_list":["post-11986","post","type-post","status-publish","format-standard","hentry","category-baratom"],"yoast_head":"<!-- This site is optimized with the Yoast SEO plugin v27.3 - https:\/\/yoast.com\/product\/yoast-seo-wordpress\/ -->\n<title>Bar\u00e1tom - 2017 m\u00e1jusa - Stuttgarti Katolikusok<\/title>\n<meta name=\"robots\" content=\"index, follow, max-snippet:-1, max-image-preview:large, max-video-preview:-1\" \/>\n<link rel=\"canonical\" href=\"https:\/\/stuttgarti-katolikusok.de\/index.php\/baratom-2017-majusa\/\" \/>\n<meta property=\"og:locale\" content=\"hu_HU\" \/>\n<meta property=\"og:type\" content=\"article\" \/>\n<meta property=\"og:title\" content=\"Bar\u00e1tom - 2017 m\u00e1jusa - Stuttgarti Katolikusok\" \/>\n<meta property=\"og:description\" content=\"2 0 1 7\u00a0 \u00a0M \u00c1 J U S \u00a0 &#8222;Ez\u00e9rt mond h\u00e1t t\u00e9ged boldognak minden nemzed\u00e9k, mert te vagy az, aki minden nemzed\u00e9k sz\u00e1m\u00e1ra vil\u00e1gra sz\u00fclted az \u00e9letet \u00e9s a dics\u0151s\u00e9get. Benned tal\u00e1lnak mind\u00f6r\u00f6kre az angyalok \u00f6r\u00f6m\u00f6t, az igazak kegyelmet, a b\u0171n\u00f6s\u00f6k pedig megbocs\u00e1t\u00e1st. Joggal tekint r\u00e1d az eg\u00e9sz teremt\u00e9s, mert benned, \u00e1ltalad \u00e9s bel\u0151led \u00faj\u00edtott meg a Mindenhat\u00f3 j\u00f3s\u00e1gos keze mindent, amit megteremtett.\u201d (R\u00e9szlet Clairvaux-i Szent Bern\u00e1t ap\u00e1t besz\u00e9d\u00e9b\u0151l) M\u00e1jusi lit\u00e1ni\u00e1k A XII. sz\u00e1zadban tal\u00e1ljuk az els\u0151 nyomait a Boldogs\u00e1gos Sz\u0171zh\u00f6z int\u00e9zett lit\u00e1ni\u00e1nak. A XIII-XVI. sz\u00e1zadig sz\u00e1mos, el\u00e9g terjedelmes M\u00e1ria-lit\u00e1nia keletkezett, melyekb\u0151l a XVI. sz\u00e1zadban kialakult a lorett\u00f3i lit\u00e1nia, melyet 1558-ban Canisius Szent P\u00e9ter Lorett\u00f3ban hallott \u00e9nekelni, s azut\u00e1n f\u00f6lvett kis im\u00e1ds\u00e1gos k\u00f6nyv\u00e9be. A lit\u00e1nia sz\u00f6vege az elm\u00falt \u00e9vsz\u00e1zadokban fokozatosan b\u0151v\u00fclt. P\u00e9ld\u00e1ul IX. Piusz p\u00e1pa a szepl\u0151telen fogantat\u00e1sr\u00f3l sz\u00f3l\u00f3 dogma kihirdet\u00e9se ut\u00e1n elrendelte, hogy azt a lit\u00e1ni\u00e1ba is vegy\u00e9k bele. \u00c1tered\u0151 b\u0171n n\u00e9lk\u00fcl fogantatott Kir\u00e1lyn\u0151. XV. Benedek p\u00e1pa megengedte, hogy az I. vil\u00e1gh\u00e1bor\u00fa alatt a B\u00e9ke Kir\u00e1lyn\u0151je k\u00f6ny\u00f6rg\u00e9st is belevegy\u00e9k a lit\u00e1ni\u00e1ba. XIII. Le\u00f3 p\u00e1pa enged\u00e9lyezte nek\u00fcnk, magyaroknak a Magyarok Nagyasszonya megsz\u00f3l\u00edt\u00e1s besorol\u00e1s\u00e1t a lit\u00e1nia v\u00e9g\u00e9re. Nyilv\u00e1nval\u00f3, hogy 1950-ben a Mennyekbe felvett kir\u00e1lyn\u00e9 megnevez\u00e9s is beker\u00fclt a titulusok k\u00f6z\u00e9. A II. vatik\u00e1ni zsinat ut\u00e1n VI. P\u00e1l p\u00e1pa elrendelte, hogy a zsinat mariol\u00f3gi\u00e1j\u00e1val \u00f6sszhangban M\u00e1ri\u00e1t, mint az \u201eEgyh\u00e1z anyj\u00e1t\u201d is k\u00e9rj\u00fck ebben a k\u00f6z\u00f6s im\u00e1ds\u00e1gban. A r\u00e9gi id\u0151kben a lit\u00e1ni\u00e1kat s \u00edgy a Lorett\u00f3i lit\u00e1ni\u00e1t is vas\u00e1r- \u00e9s \u00fcnnepnapok d\u00e9lut\u00e1njain v\u00e9gezt\u00fck a vecsernye p\u00f3tl\u00e1s\u00e1ra. A pl\u00e9b\u00e1nosok k\u00f6telesek voltak lit\u00e1ni\u00e1t v\u00e9gezni, amely \u00e1jtatoss\u00e1g egy lit\u00e1nia, egy-k\u00e9t egyh\u00e1zi himnusz el\u00e9nekl\u00e9s\u00e9b\u0151l \u00e9s a Szents\u00e9ggel adott \u00e1ld\u00e1sb\u00f3l \u00e1llt. Ezek a lit\u00e1ni\u00e1k n\u00e1lunk szinte mindig a Boldogs\u00e1gos Sz\u0171z tisztelet\u00e9re voltak szentelve. Csak az \u00fagynevezett m\u00e1ri\u00e1s \u00e9vsz\u00e1zadban (1854-1954) alakult ki az a szok\u00e1s, hogy a m\u00e1jus h\u00f3napot k\u00fcl\u00f6nleges m\u00f3don is a Sz\u0171zany\u00e1nak szentelj\u00fck, m\u00e9gpedig a Lorett\u00f3i lit\u00e1nia naponk\u00e9nti v\u00e9gz\u00e9se \u00e1ltal. A legszebb h\u00f3napban saj\u00e1tos hangulata... R\u00e9szletek\" \/>\n<meta property=\"og:url\" content=\"https:\/\/stuttgarti-katolikusok.de\/index.php\/baratom-2017-majusa\/\" \/>\n<meta property=\"og:site_name\" content=\"Stuttgarti Katolikusok\" \/>\n<meta property=\"article:published_time\" content=\"2017-05-15T05:14:54+00:00\" \/>\n<meta name=\"author\" content=\"Tibor atya\" \/>\n<meta name=\"twitter:card\" content=\"summary_large_image\" \/>\n<meta name=\"twitter:label1\" content=\"Szerz\u0151:\" \/>\n\t<meta name=\"twitter:data1\" content=\"Tibor atya\" \/>\n\t<meta name=\"twitter:label2\" content=\"Becs\u00fclt olvas\u00e1si id\u0151\" \/>\n\t<meta name=\"twitter:data2\" content=\"8 perc\" \/>\n<script type=\"application\/ld+json\" class=\"yoast-schema-graph\">{\"@context\":\"https:\\\/\\\/schema.org\",\"@graph\":[{\"@type\":\"Article\",\"@id\":\"https:\\\/\\\/stuttgarti-katolikusok.de\\\/index.php\\\/baratom-2017-majusa\\\/#article\",\"isPartOf\":{\"@id\":\"https:\\\/\\\/stuttgarti-katolikusok.de\\\/index.php\\\/baratom-2017-majusa\\\/\"},\"author\":{\"name\":\"Tibor atya\",\"@id\":\"https:\\\/\\\/stuttgarti-katolikusok.de\\\/#\\\/schema\\\/person\\\/75908d6f8fdc03a57889d27209df7795\"},\"headline\":\"Bar\u00e1tom &#8211; 2017 m\u00e1jusa\",\"datePublished\":\"2017-05-15T05:14:54+00:00\",\"mainEntityOfPage\":{\"@id\":\"https:\\\/\\\/stuttgarti-katolikusok.de\\\/index.php\\\/baratom-2017-majusa\\\/\"},\"wordCount\":1553,\"articleSection\":[\"Bar\u00e1tom\"],\"inLanguage\":\"hu\"},{\"@type\":\"WebPage\",\"@id\":\"https:\\\/\\\/stuttgarti-katolikusok.de\\\/index.php\\\/baratom-2017-majusa\\\/\",\"url\":\"https:\\\/\\\/stuttgarti-katolikusok.de\\\/index.php\\\/baratom-2017-majusa\\\/\",\"name\":\"Bar\u00e1tom - 2017 m\u00e1jusa - Stuttgarti Katolikusok\",\"isPartOf\":{\"@id\":\"https:\\\/\\\/stuttgarti-katolikusok.de\\\/#website\"},\"datePublished\":\"2017-05-15T05:14:54+00:00\",\"author\":{\"@id\":\"https:\\\/\\\/stuttgarti-katolikusok.de\\\/#\\\/schema\\\/person\\\/75908d6f8fdc03a57889d27209df7795\"},\"breadcrumb\":{\"@id\":\"https:\\\/\\\/stuttgarti-katolikusok.de\\\/index.php\\\/baratom-2017-majusa\\\/#breadcrumb\"},\"inLanguage\":\"hu\",\"potentialAction\":[{\"@type\":\"ReadAction\",\"target\":[\"https:\\\/\\\/stuttgarti-katolikusok.de\\\/index.php\\\/baratom-2017-majusa\\\/\"]}]},{\"@type\":\"BreadcrumbList\",\"@id\":\"https:\\\/\\\/stuttgarti-katolikusok.de\\\/index.php\\\/baratom-2017-majusa\\\/#breadcrumb\",\"itemListElement\":[{\"@type\":\"ListItem\",\"position\":1,\"name\":\"Kezd\u0151lap\",\"item\":\"https:\\\/\\\/stuttgarti-katolikusok.de\\\/\"},{\"@type\":\"ListItem\",\"position\":2,\"name\":\"Bar\u00e1tom &#8211; 2017 m\u00e1jusa\"}]},{\"@type\":\"WebSite\",\"@id\":\"https:\\\/\\\/stuttgarti-katolikusok.de\\\/#website\",\"url\":\"https:\\\/\\\/stuttgarti-katolikusok.de\\\/\",\"name\":\"Stuttgarti Katolikusok\",\"description\":\"\",\"potentialAction\":[{\"@type\":\"SearchAction\",\"target\":{\"@type\":\"EntryPoint\",\"urlTemplate\":\"https:\\\/\\\/stuttgarti-katolikusok.de\\\/?s={search_term_string}\"},\"query-input\":{\"@type\":\"PropertyValueSpecification\",\"valueRequired\":true,\"valueName\":\"search_term_string\"}}],\"inLanguage\":\"hu\"},{\"@type\":\"Person\",\"@id\":\"https:\\\/\\\/stuttgarti-katolikusok.de\\\/#\\\/schema\\\/person\\\/75908d6f8fdc03a57889d27209df7795\",\"name\":\"Tibor atya\",\"image\":{\"@type\":\"ImageObject\",\"inLanguage\":\"hu\",\"@id\":\"https:\\\/\\\/secure.gravatar.com\\\/avatar\\\/61d268e57d1f4525b111222e29d2d5a7f8c420fdbf231ba5566a8ceac74fa960?s=96&d=mm&r=g\",\"url\":\"https:\\\/\\\/secure.gravatar.com\\\/avatar\\\/61d268e57d1f4525b111222e29d2d5a7f8c420fdbf231ba5566a8ceac74fa960?s=96&d=mm&r=g\",\"contentUrl\":\"https:\\\/\\\/secure.gravatar.com\\\/avatar\\\/61d268e57d1f4525b111222e29d2d5a7f8c420fdbf231ba5566a8ceac74fa960?s=96&d=mm&r=g\",\"caption\":\"Tibor atya\"},\"url\":\"https:\\\/\\\/stuttgarti-katolikusok.de\\\/index.php\\\/author\\\/tibor-atya\\\/\"}]}<\/script>\n<!-- \/ Yoast SEO plugin. -->","yoast_head_json":{"title":"Bar\u00e1tom - 2017 m\u00e1jusa - Stuttgarti Katolikusok","robots":{"index":"index","follow":"follow","max-snippet":"max-snippet:-1","max-image-preview":"max-image-preview:large","max-video-preview":"max-video-preview:-1"},"canonical":"https:\/\/stuttgarti-katolikusok.de\/index.php\/baratom-2017-majusa\/","og_locale":"hu_HU","og_type":"article","og_title":"Bar\u00e1tom - 2017 m\u00e1jusa - Stuttgarti Katolikusok","og_description":"2 0 1 7\u00a0 \u00a0M \u00c1 J U S \u00a0 &#8222;Ez\u00e9rt mond h\u00e1t t\u00e9ged boldognak minden nemzed\u00e9k, mert te vagy az, aki minden nemzed\u00e9k sz\u00e1m\u00e1ra vil\u00e1gra sz\u00fclted az \u00e9letet \u00e9s a dics\u0151s\u00e9get. Benned tal\u00e1lnak mind\u00f6r\u00f6kre az angyalok \u00f6r\u00f6m\u00f6t, az igazak kegyelmet, a b\u0171n\u00f6s\u00f6k pedig megbocs\u00e1t\u00e1st. Joggal tekint r\u00e1d az eg\u00e9sz teremt\u00e9s, mert benned, \u00e1ltalad \u00e9s bel\u0151led \u00faj\u00edtott meg a Mindenhat\u00f3 j\u00f3s\u00e1gos keze mindent, amit megteremtett.\u201d (R\u00e9szlet Clairvaux-i Szent Bern\u00e1t ap\u00e1t besz\u00e9d\u00e9b\u0151l) M\u00e1jusi lit\u00e1ni\u00e1k A XII. sz\u00e1zadban tal\u00e1ljuk az els\u0151 nyomait a Boldogs\u00e1gos Sz\u0171zh\u00f6z int\u00e9zett lit\u00e1ni\u00e1nak. A XIII-XVI. sz\u00e1zadig sz\u00e1mos, el\u00e9g terjedelmes M\u00e1ria-lit\u00e1nia keletkezett, melyekb\u0151l a XVI. sz\u00e1zadban kialakult a lorett\u00f3i lit\u00e1nia, melyet 1558-ban Canisius Szent P\u00e9ter Lorett\u00f3ban hallott \u00e9nekelni, s azut\u00e1n f\u00f6lvett kis im\u00e1ds\u00e1gos k\u00f6nyv\u00e9be. A lit\u00e1nia sz\u00f6vege az elm\u00falt \u00e9vsz\u00e1zadokban fokozatosan b\u0151v\u00fclt. P\u00e9ld\u00e1ul IX. Piusz p\u00e1pa a szepl\u0151telen fogantat\u00e1sr\u00f3l sz\u00f3l\u00f3 dogma kihirdet\u00e9se ut\u00e1n elrendelte, hogy azt a lit\u00e1ni\u00e1ba is vegy\u00e9k bele. \u00c1tered\u0151 b\u0171n n\u00e9lk\u00fcl fogantatott Kir\u00e1lyn\u0151. XV. Benedek p\u00e1pa megengedte, hogy az I. vil\u00e1gh\u00e1bor\u00fa alatt a B\u00e9ke Kir\u00e1lyn\u0151je k\u00f6ny\u00f6rg\u00e9st is belevegy\u00e9k a lit\u00e1ni\u00e1ba. XIII. Le\u00f3 p\u00e1pa enged\u00e9lyezte nek\u00fcnk, magyaroknak a Magyarok Nagyasszonya megsz\u00f3l\u00edt\u00e1s besorol\u00e1s\u00e1t a lit\u00e1nia v\u00e9g\u00e9re. Nyilv\u00e1nval\u00f3, hogy 1950-ben a Mennyekbe felvett kir\u00e1lyn\u00e9 megnevez\u00e9s is beker\u00fclt a titulusok k\u00f6z\u00e9. A II. vatik\u00e1ni zsinat ut\u00e1n VI. P\u00e1l p\u00e1pa elrendelte, hogy a zsinat mariol\u00f3gi\u00e1j\u00e1val \u00f6sszhangban M\u00e1ri\u00e1t, mint az \u201eEgyh\u00e1z anyj\u00e1t\u201d is k\u00e9rj\u00fck ebben a k\u00f6z\u00f6s im\u00e1ds\u00e1gban. A r\u00e9gi id\u0151kben a lit\u00e1ni\u00e1kat s \u00edgy a Lorett\u00f3i lit\u00e1ni\u00e1t is vas\u00e1r- \u00e9s \u00fcnnepnapok d\u00e9lut\u00e1njain v\u00e9gezt\u00fck a vecsernye p\u00f3tl\u00e1s\u00e1ra. A pl\u00e9b\u00e1nosok k\u00f6telesek voltak lit\u00e1ni\u00e1t v\u00e9gezni, amely \u00e1jtatoss\u00e1g egy lit\u00e1nia, egy-k\u00e9t egyh\u00e1zi himnusz el\u00e9nekl\u00e9s\u00e9b\u0151l \u00e9s a Szents\u00e9ggel adott \u00e1ld\u00e1sb\u00f3l \u00e1llt. Ezek a lit\u00e1ni\u00e1k n\u00e1lunk szinte mindig a Boldogs\u00e1gos Sz\u0171z tisztelet\u00e9re voltak szentelve. Csak az \u00fagynevezett m\u00e1ri\u00e1s \u00e9vsz\u00e1zadban (1854-1954) alakult ki az a szok\u00e1s, hogy a m\u00e1jus h\u00f3napot k\u00fcl\u00f6nleges m\u00f3don is a Sz\u0171zany\u00e1nak szentelj\u00fck, m\u00e9gpedig a Lorett\u00f3i lit\u00e1nia naponk\u00e9nti v\u00e9gz\u00e9se \u00e1ltal. A legszebb h\u00f3napban saj\u00e1tos hangulata... R\u00e9szletek","og_url":"https:\/\/stuttgarti-katolikusok.de\/index.php\/baratom-2017-majusa\/","og_site_name":"Stuttgarti Katolikusok","article_published_time":"2017-05-15T05:14:54+00:00","author":"Tibor atya","twitter_card":"summary_large_image","twitter_misc":{"Szerz\u0151:":"Tibor atya","Becs\u00fclt olvas\u00e1si id\u0151":"8 perc"},"schema":{"@context":"https:\/\/schema.org","@graph":[{"@type":"Article","@id":"https:\/\/stuttgarti-katolikusok.de\/index.php\/baratom-2017-majusa\/#article","isPartOf":{"@id":"https:\/\/stuttgarti-katolikusok.de\/index.php\/baratom-2017-majusa\/"},"author":{"name":"Tibor atya","@id":"https:\/\/stuttgarti-katolikusok.de\/#\/schema\/person\/75908d6f8fdc03a57889d27209df7795"},"headline":"Bar\u00e1tom &#8211; 2017 m\u00e1jusa","datePublished":"2017-05-15T05:14:54+00:00","mainEntityOfPage":{"@id":"https:\/\/stuttgarti-katolikusok.de\/index.php\/baratom-2017-majusa\/"},"wordCount":1553,"articleSection":["Bar\u00e1tom"],"inLanguage":"hu"},{"@type":"WebPage","@id":"https:\/\/stuttgarti-katolikusok.de\/index.php\/baratom-2017-majusa\/","url":"https:\/\/stuttgarti-katolikusok.de\/index.php\/baratom-2017-majusa\/","name":"Bar\u00e1tom - 2017 m\u00e1jusa - Stuttgarti Katolikusok","isPartOf":{"@id":"https:\/\/stuttgarti-katolikusok.de\/#website"},"datePublished":"2017-05-15T05:14:54+00:00","author":{"@id":"https:\/\/stuttgarti-katolikusok.de\/#\/schema\/person\/75908d6f8fdc03a57889d27209df7795"},"breadcrumb":{"@id":"https:\/\/stuttgarti-katolikusok.de\/index.php\/baratom-2017-majusa\/#breadcrumb"},"inLanguage":"hu","potentialAction":[{"@type":"ReadAction","target":["https:\/\/stuttgarti-katolikusok.de\/index.php\/baratom-2017-majusa\/"]}]},{"@type":"BreadcrumbList","@id":"https:\/\/stuttgarti-katolikusok.de\/index.php\/baratom-2017-majusa\/#breadcrumb","itemListElement":[{"@type":"ListItem","position":1,"name":"Kezd\u0151lap","item":"https:\/\/stuttgarti-katolikusok.de\/"},{"@type":"ListItem","position":2,"name":"Bar\u00e1tom &#8211; 2017 m\u00e1jusa"}]},{"@type":"WebSite","@id":"https:\/\/stuttgarti-katolikusok.de\/#website","url":"https:\/\/stuttgarti-katolikusok.de\/","name":"Stuttgarti Katolikusok","description":"","potentialAction":[{"@type":"SearchAction","target":{"@type":"EntryPoint","urlTemplate":"https:\/\/stuttgarti-katolikusok.de\/?s={search_term_string}"},"query-input":{"@type":"PropertyValueSpecification","valueRequired":true,"valueName":"search_term_string"}}],"inLanguage":"hu"},{"@type":"Person","@id":"https:\/\/stuttgarti-katolikusok.de\/#\/schema\/person\/75908d6f8fdc03a57889d27209df7795","name":"Tibor atya","image":{"@type":"ImageObject","inLanguage":"hu","@id":"https:\/\/secure.gravatar.com\/avatar\/61d268e57d1f4525b111222e29d2d5a7f8c420fdbf231ba5566a8ceac74fa960?s=96&d=mm&r=g","url":"https:\/\/secure.gravatar.com\/avatar\/61d268e57d1f4525b111222e29d2d5a7f8c420fdbf231ba5566a8ceac74fa960?s=96&d=mm&r=g","contentUrl":"https:\/\/secure.gravatar.com\/avatar\/61d268e57d1f4525b111222e29d2d5a7f8c420fdbf231ba5566a8ceac74fa960?s=96&d=mm&r=g","caption":"Tibor atya"},"url":"https:\/\/stuttgarti-katolikusok.de\/index.php\/author\/tibor-atya\/"}]}},"_links":{"self":[{"href":"https:\/\/stuttgarti-katolikusok.de\/index.php\/wp-json\/wp\/v2\/posts\/11986","targetHints":{"allow":["GET"]}}],"collection":[{"href":"https:\/\/stuttgarti-katolikusok.de\/index.php\/wp-json\/wp\/v2\/posts"}],"about":[{"href":"https:\/\/stuttgarti-katolikusok.de\/index.php\/wp-json\/wp\/v2\/types\/post"}],"author":[{"embeddable":true,"href":"https:\/\/stuttgarti-katolikusok.de\/index.php\/wp-json\/wp\/v2\/users\/3"}],"replies":[{"embeddable":true,"href":"https:\/\/stuttgarti-katolikusok.de\/index.php\/wp-json\/wp\/v2\/comments?post=11986"}],"version-history":[{"count":2,"href":"https:\/\/stuttgarti-katolikusok.de\/index.php\/wp-json\/wp\/v2\/posts\/11986\/revisions"}],"predecessor-version":[{"id":11997,"href":"https:\/\/stuttgarti-katolikusok.de\/index.php\/wp-json\/wp\/v2\/posts\/11986\/revisions\/11997"}],"wp:attachment":[{"href":"https:\/\/stuttgarti-katolikusok.de\/index.php\/wp-json\/wp\/v2\/media?parent=11986"}],"wp:term":[{"taxonomy":"category","embeddable":true,"href":"https:\/\/stuttgarti-katolikusok.de\/index.php\/wp-json\/wp\/v2\/categories?post=11986"},{"taxonomy":"post_tag","embeddable":true,"href":"https:\/\/stuttgarti-katolikusok.de\/index.php\/wp-json\/wp\/v2\/tags?post=11986"}],"curies":[{"name":"wp","href":"https:\/\/api.w.org\/{rel}","templated":true}]}}