{"id":11925,"date":"2017-05-02T04:59:56","date_gmt":"2017-05-02T04:59:56","guid":{"rendered":"https:\/\/gracious-dewdney.138-201-221-2.plesk.page\/?p=11925"},"modified":"2017-05-02T09:25:02","modified_gmt":"2017-05-02T09:25:02","slug":"programelozetes-majus-2-es-7-kozott","status":"publish","type":"post","link":"https:\/\/stuttgarti-katolikusok.de\/index.php\/programelozetes-majus-2-es-7-kozott\/","title":{"rendered":"Programel\u0151zetes m\u00e1jus 2 \u00e9s 7 k\u00f6z\u00f6tt"},"content":{"rendered":"<p><strong>Programel\u0151zetes<\/strong><\/p>\n<p><strong>\u00a0M\u00e1jus 4-\u00e9n, <\/strong>cs\u00fct\u00f6rt\u00f6k\u00f6n,17.30 \u00f3rakor, <strong>Ulmi d\u00e9lut\u00e1n<\/strong>. <em>Szentmise<\/em> el\u0151tt <em>gy\u00f3ntat\u00e1s<\/em>, szentmise ut\u00e1n M\u00e1riatisztelet az Egyh\u00e1zban \u2013 <em>el\u0151ad\u00e1s<\/em>.<\/p>\n<p style=\"text-align: center;\">*<\/p>\n<p><strong>M\u00e1jus 5-\u00e9n, <\/strong>p\u00e9nteken, <strong>Stuttgartban<\/strong> 16.00 \u00f3rakor <em>Bar\u00e1ts\u00e1gklub<\/em>.<strong>\u00a0 <\/strong>17.50 \u00f3rakor <em>m\u00e1jusi \u00e1jtatoss\u00e1g<\/em>, majd <em>szentmise, <\/em>keret\u00e9ben <em>P\u00e9nteki Egyetem: Besz\u00e9lget\u00e9sek a Katekizmusr\u00f3l<\/em>. Ut\u00e1na <em>Imak\u00f6r: szents\u00e9gim\u00e1d\u00e1s<\/em>.<\/p>\n<p>19.00 \u00f3rakor <strong>Weingarteni d\u00e9lut\u00e1n<\/strong> a Marien Kirche-ben. 18.30-kor <em>r\u00f3zsaf\u00fcz\u00e9r im\u00e1ds\u00e1g<\/em>, <em>m\u00e1jusi \u00e1jtatoss\u00e1g<\/em>, 19.00 \u00f3rakor <em>szentmise<\/em>, azt k\u00f6vet\u0151en pedig <em>el\u0151ad\u00e1s<\/em>: M\u00e1riatisztelet az Egyh\u00e1zban.<\/p>\n<p style=\"text-align: center;\">*<\/p>\n<p><strong>M\u00e1jus 6-\u00e1n<\/strong>, szombaton, 17.00 \u00f3rakor <strong>Balingenben<\/strong> <em>szentmise<\/em>. Ut\u00e1na <em>\u00e1g\u00e1p\u00e9<\/em>. <em>Any\u00e1k Napja!<\/em><\/p>\n<p style=\"text-align: center;\">*<\/p>\n<p><strong>M\u00e1jus 7-\u00e9n, <\/strong>vas\u00e1rnap, 9.00 \u00f3rakor <strong>Munderkingenben <\/strong>\u00a0<em>szentmise<\/em>. <em>Any\u00e1k Napja!<\/em><\/p>\n<p><strong>Schw\u00e4bisch-Gm\u00fcndben <\/strong><em>templomb\u00facs\u00fa<\/em>: Boldog Gizella \u00fcnnepe. 9.30 \u00f3rakor <em>szentmise,<\/em> ut\u00e1na <em>\u00e1g\u00e1p\u00e9<\/em>. <em>Any\u00e1k Napja!<\/em><\/p>\n<p>15.00 \u00f3rakor <strong>Stuttgartban <\/strong><em>szentmise<\/em>. Ut\u00e1na <em>\u00e1g\u00e1p\u00e9. <\/em>Ezalatt a \u00a0Kisk\u00f6nyvt\u00e1rban <em>els\u0151\u00e1ldoz\u00f3k el\u0151k\u00e9sz\u00edt\u0151je. <\/em><em>Any\u00e1k Napja!<\/em><\/p>\n<p>Minden helyen mindenkit szeretettel v\u00e1r a k\u00f6z\u00f6ss\u00e9g, Imre atya \u00e9s Tibor atya!<\/p>\n<p style=\"text-align: center;\">*<\/p>\n<p><em>\u201e.Az anyai szeretet soha nem \u00f6regszik\u201d <\/em><strong>(Ismeretlen)<\/strong><\/p>\n<p><strong><em>Kegyelemteljes h\u00fasv\u00e9ti napokat, j\u00f3 munk\u00e1t, tartalmas besz\u00e9lget\u00e9seket \u00e9s \u00f6r\u00f6mteli tal\u00e1lkoz\u00e1sokat k\u00edv\u00e1nunk minden Kedves H\u00edv\u00fcnknek!<\/em><\/strong><\/p>\n<p><strong>\u00a0<\/strong><\/p>\n","protected":false},"excerpt":{"rendered":"<p>Programel\u0151zetes \u00a0M\u00e1jus 4-\u00e9n, cs\u00fct\u00f6rt\u00f6k\u00f6n,17.30 \u00f3rakor, Ulmi d\u00e9lut\u00e1n. Szentmise el\u0151tt gy\u00f3ntat\u00e1s, szentmise ut\u00e1n M\u00e1riatisztelet az Egyh\u00e1zban \u2013 el\u0151ad\u00e1s. * M\u00e1jus 5-\u00e9n, p\u00e9nteken, Stuttgartban 16.00 \u00f3rakor Bar\u00e1ts\u00e1gklub.\u00a0 17.50 \u00f3rakor m\u00e1jusi \u00e1jtatoss\u00e1g, majd szentmise, keret\u00e9ben P\u00e9nteki Egyetem: Besz\u00e9lget\u00e9sek a Katekizmusr\u00f3l. Ut\u00e1na Imak\u00f6r: szents\u00e9gim\u00e1d\u00e1s. 19.00 \u00f3rakor Weingarteni d\u00e9lut\u00e1n a Marien Kirche-ben. 18.30-kor r\u00f3zsaf\u00fcz\u00e9r im\u00e1ds\u00e1g, m\u00e1jusi \u00e1jtatoss\u00e1g, 19.00 \u00f3rakor szentmise, azt k\u00f6vet\u0151en pedig el\u0151ad\u00e1s: M\u00e1riatisztelet az Egyh\u00e1zban. * M\u00e1jus 6-\u00e1n, szombaton, 17.00 \u00f3rakor Balingenben szentmise. Ut\u00e1na \u00e1g\u00e1p\u00e9. Any\u00e1k Napja! * M\u00e1jus 7-\u00e9n, vas\u00e1rnap, 9.00 \u00f3rakor Munderkingenben \u00a0szentmise. Any\u00e1k Napja! Schw\u00e4bisch-Gm\u00fcndben templomb\u00facs\u00fa: Boldog Gizella \u00fcnnepe. 9.30 \u00f3rakor szentmise, ut\u00e1na \u00e1g\u00e1p\u00e9. Any\u00e1k Napja! 15.00 \u00f3rakor Stuttgartban szentmise. Ut\u00e1na \u00e1g\u00e1p\u00e9. Ezalatt a \u00a0Kisk\u00f6nyvt\u00e1rban els\u0151\u00e1ldoz\u00f3k el\u0151k\u00e9sz\u00edt\u0151je. Any\u00e1k Napja! Minden helyen mindenkit szeretettel v\u00e1r a k\u00f6z\u00f6ss\u00e9g, Imre atya \u00e9s Tibor atya! * \u201e.Az anyai szeretet soha nem \u00f6regszik\u201d (Ismeretlen) Kegyelemteljes h\u00fasv\u00e9ti napokat, j\u00f3 munk\u00e1t, tartalmas besz\u00e9lget\u00e9seket \u00e9s \u00f6r\u00f6mteli tal\u00e1lkoz\u00e1sokat k\u00edv\u00e1nunk minden Kedves H\u00edv\u00fcnknek! \u00a0<\/p>\n","protected":false},"author":3,"featured_media":11930,"comment_status":"closed","ping_status":"closed","sticky":false,"template":"","format":"standard","meta":{"footnotes":""},"categories":[37],"tags":[],"class_list":["post-11925","post","type-post","status-publish","format-standard","has-post-thumbnail","hentry","category-progamelozetes"],"yoast_head":"<!-- This site is optimized with the Yoast SEO plugin v27.3 - https:\/\/yoast.com\/product\/yoast-seo-wordpress\/ -->\n<title>Programel\u0151zetes m\u00e1jus 2 \u00e9s 7 k\u00f6z\u00f6tt - Stuttgarti Katolikusok<\/title>\n<meta name=\"robots\" content=\"index, follow, max-snippet:-1, max-image-preview:large, max-video-preview:-1\" \/>\n<link rel=\"canonical\" href=\"https:\/\/stuttgarti-katolikusok.de\/index.php\/programelozetes-majus-2-es-7-kozott\/\" \/>\n<meta property=\"og:locale\" content=\"hu_HU\" \/>\n<meta property=\"og:type\" content=\"article\" \/>\n<meta property=\"og:title\" content=\"Programel\u0151zetes m\u00e1jus 2 \u00e9s 7 k\u00f6z\u00f6tt - Stuttgarti Katolikusok\" \/>\n<meta property=\"og:description\" content=\"Programel\u0151zetes \u00a0M\u00e1jus 4-\u00e9n, cs\u00fct\u00f6rt\u00f6k\u00f6n,17.30 \u00f3rakor, Ulmi d\u00e9lut\u00e1n. Szentmise el\u0151tt gy\u00f3ntat\u00e1s, szentmise ut\u00e1n M\u00e1riatisztelet az Egyh\u00e1zban \u2013 el\u0151ad\u00e1s. * M\u00e1jus 5-\u00e9n, p\u00e9nteken, Stuttgartban 16.00 \u00f3rakor Bar\u00e1ts\u00e1gklub.\u00a0 17.50 \u00f3rakor m\u00e1jusi \u00e1jtatoss\u00e1g, majd szentmise, keret\u00e9ben P\u00e9nteki Egyetem: Besz\u00e9lget\u00e9sek a Katekizmusr\u00f3l. Ut\u00e1na Imak\u00f6r: szents\u00e9gim\u00e1d\u00e1s. 19.00 \u00f3rakor Weingarteni d\u00e9lut\u00e1n a Marien Kirche-ben. 18.30-kor r\u00f3zsaf\u00fcz\u00e9r im\u00e1ds\u00e1g, m\u00e1jusi \u00e1jtatoss\u00e1g, 19.00 \u00f3rakor szentmise, azt k\u00f6vet\u0151en pedig el\u0151ad\u00e1s: M\u00e1riatisztelet az Egyh\u00e1zban. * M\u00e1jus 6-\u00e1n, szombaton, 17.00 \u00f3rakor Balingenben szentmise. Ut\u00e1na \u00e1g\u00e1p\u00e9. Any\u00e1k Napja! * M\u00e1jus 7-\u00e9n, vas\u00e1rnap, 9.00 \u00f3rakor Munderkingenben \u00a0szentmise. Any\u00e1k Napja! Schw\u00e4bisch-Gm\u00fcndben templomb\u00facs\u00fa: Boldog Gizella \u00fcnnepe. 9.30 \u00f3rakor szentmise, ut\u00e1na \u00e1g\u00e1p\u00e9. Any\u00e1k Napja! 15.00 \u00f3rakor Stuttgartban szentmise. Ut\u00e1na \u00e1g\u00e1p\u00e9. Ezalatt a \u00a0Kisk\u00f6nyvt\u00e1rban els\u0151\u00e1ldoz\u00f3k el\u0151k\u00e9sz\u00edt\u0151je. Any\u00e1k Napja! Minden helyen mindenkit szeretettel v\u00e1r a k\u00f6z\u00f6ss\u00e9g, Imre atya \u00e9s Tibor atya! * \u201e.Az anyai szeretet soha nem \u00f6regszik\u201d (Ismeretlen) Kegyelemteljes h\u00fasv\u00e9ti napokat, j\u00f3 munk\u00e1t, tartalmas besz\u00e9lget\u00e9seket \u00e9s \u00f6r\u00f6mteli tal\u00e1lkoz\u00e1sokat k\u00edv\u00e1nunk minden Kedves H\u00edv\u00fcnknek! \u00a0\" \/>\n<meta property=\"og:url\" content=\"https:\/\/stuttgarti-katolikusok.de\/index.php\/programelozetes-majus-2-es-7-kozott\/\" \/>\n<meta property=\"og:site_name\" content=\"Stuttgarti Katolikusok\" \/>\n<meta property=\"article:published_time\" content=\"2017-05-02T04:59:56+00:00\" \/>\n<meta property=\"article:modified_time\" content=\"2017-05-02T09:25:02+00:00\" \/>\n<meta property=\"og:image\" content=\"https:\/\/stuttgarti-katolikusok.de\/wp-content\/uploads\/2017\/05\/anyaiszeretet-1.jpg\" \/>\n\t<meta property=\"og:image:width\" content=\"521\" \/>\n\t<meta property=\"og:image:height\" content=\"520\" \/>\n\t<meta property=\"og:image:type\" content=\"image\/jpeg\" \/>\n<meta name=\"author\" content=\"Tibor atya\" \/>\n<meta name=\"twitter:card\" content=\"summary_large_image\" \/>\n<meta name=\"twitter:label1\" content=\"Szerz\u0151:\" \/>\n\t<meta name=\"twitter:data1\" content=\"Tibor atya\" \/>\n\t<meta name=\"twitter:label2\" content=\"Becs\u00fclt olvas\u00e1si id\u0151\" \/>\n\t<meta name=\"twitter:data2\" content=\"1 perc\" \/>\n<script type=\"application\/ld+json\" class=\"yoast-schema-graph\">{\"@context\":\"https:\\\/\\\/schema.org\",\"@graph\":[{\"@type\":\"Article\",\"@id\":\"https:\\\/\\\/stuttgarti-katolikusok.de\\\/index.php\\\/programelozetes-majus-2-es-7-kozott\\\/#article\",\"isPartOf\":{\"@id\":\"https:\\\/\\\/stuttgarti-katolikusok.de\\\/index.php\\\/programelozetes-majus-2-es-7-kozott\\\/\"},\"author\":{\"name\":\"Tibor atya\",\"@id\":\"https:\\\/\\\/stuttgarti-katolikusok.de\\\/#\\\/schema\\\/person\\\/75908d6f8fdc03a57889d27209df7795\"},\"headline\":\"Programel\u0151zetes m\u00e1jus 2 \u00e9s 7 k\u00f6z\u00f6tt\",\"datePublished\":\"2017-05-02T04:59:56+00:00\",\"dateModified\":\"2017-05-02T09:25:02+00:00\",\"mainEntityOfPage\":{\"@id\":\"https:\\\/\\\/stuttgarti-katolikusok.de\\\/index.php\\\/programelozetes-majus-2-es-7-kozott\\\/\"},\"wordCount\":229,\"image\":{\"@id\":\"https:\\\/\\\/stuttgarti-katolikusok.de\\\/index.php\\\/programelozetes-majus-2-es-7-kozott\\\/#primaryimage\"},\"thumbnailUrl\":\"https:\\\/\\\/stuttgarti-katolikusok.de\\\/wp-content\\\/uploads\\\/2017\\\/05\\\/anyaiszeretet-1.jpg\",\"articleSection\":[\"Progamel\u0151zetes\"],\"inLanguage\":\"hu\"},{\"@type\":\"WebPage\",\"@id\":\"https:\\\/\\\/stuttgarti-katolikusok.de\\\/index.php\\\/programelozetes-majus-2-es-7-kozott\\\/\",\"url\":\"https:\\\/\\\/stuttgarti-katolikusok.de\\\/index.php\\\/programelozetes-majus-2-es-7-kozott\\\/\",\"name\":\"Programel\u0151zetes m\u00e1jus 2 \u00e9s 7 k\u00f6z\u00f6tt - Stuttgarti Katolikusok\",\"isPartOf\":{\"@id\":\"https:\\\/\\\/stuttgarti-katolikusok.de\\\/#website\"},\"primaryImageOfPage\":{\"@id\":\"https:\\\/\\\/stuttgarti-katolikusok.de\\\/index.php\\\/programelozetes-majus-2-es-7-kozott\\\/#primaryimage\"},\"image\":{\"@id\":\"https:\\\/\\\/stuttgarti-katolikusok.de\\\/index.php\\\/programelozetes-majus-2-es-7-kozott\\\/#primaryimage\"},\"thumbnailUrl\":\"https:\\\/\\\/stuttgarti-katolikusok.de\\\/wp-content\\\/uploads\\\/2017\\\/05\\\/anyaiszeretet-1.jpg\",\"datePublished\":\"2017-05-02T04:59:56+00:00\",\"dateModified\":\"2017-05-02T09:25:02+00:00\",\"author\":{\"@id\":\"https:\\\/\\\/stuttgarti-katolikusok.de\\\/#\\\/schema\\\/person\\\/75908d6f8fdc03a57889d27209df7795\"},\"breadcrumb\":{\"@id\":\"https:\\\/\\\/stuttgarti-katolikusok.de\\\/index.php\\\/programelozetes-majus-2-es-7-kozott\\\/#breadcrumb\"},\"inLanguage\":\"hu\",\"potentialAction\":[{\"@type\":\"ReadAction\",\"target\":[\"https:\\\/\\\/stuttgarti-katolikusok.de\\\/index.php\\\/programelozetes-majus-2-es-7-kozott\\\/\"]}]},{\"@type\":\"ImageObject\",\"inLanguage\":\"hu\",\"@id\":\"https:\\\/\\\/stuttgarti-katolikusok.de\\\/index.php\\\/programelozetes-majus-2-es-7-kozott\\\/#primaryimage\",\"url\":\"https:\\\/\\\/stuttgarti-katolikusok.de\\\/wp-content\\\/uploads\\\/2017\\\/05\\\/anyaiszeretet-1.jpg\",\"contentUrl\":\"https:\\\/\\\/stuttgarti-katolikusok.de\\\/wp-content\\\/uploads\\\/2017\\\/05\\\/anyaiszeretet-1.jpg\",\"width\":521,\"height\":520},{\"@type\":\"BreadcrumbList\",\"@id\":\"https:\\\/\\\/stuttgarti-katolikusok.de\\\/index.php\\\/programelozetes-majus-2-es-7-kozott\\\/#breadcrumb\",\"itemListElement\":[{\"@type\":\"ListItem\",\"position\":1,\"name\":\"Kezd\u0151lap\",\"item\":\"https:\\\/\\\/stuttgarti-katolikusok.de\\\/\"},{\"@type\":\"ListItem\",\"position\":2,\"name\":\"Programel\u0151zetes m\u00e1jus 2 \u00e9s 7 k\u00f6z\u00f6tt\"}]},{\"@type\":\"WebSite\",\"@id\":\"https:\\\/\\\/stuttgarti-katolikusok.de\\\/#website\",\"url\":\"https:\\\/\\\/stuttgarti-katolikusok.de\\\/\",\"name\":\"Stuttgarti Katolikusok\",\"description\":\"\",\"potentialAction\":[{\"@type\":\"SearchAction\",\"target\":{\"@type\":\"EntryPoint\",\"urlTemplate\":\"https:\\\/\\\/stuttgarti-katolikusok.de\\\/?s={search_term_string}\"},\"query-input\":{\"@type\":\"PropertyValueSpecification\",\"valueRequired\":true,\"valueName\":\"search_term_string\"}}],\"inLanguage\":\"hu\"},{\"@type\":\"Person\",\"@id\":\"https:\\\/\\\/stuttgarti-katolikusok.de\\\/#\\\/schema\\\/person\\\/75908d6f8fdc03a57889d27209df7795\",\"name\":\"Tibor atya\",\"image\":{\"@type\":\"ImageObject\",\"inLanguage\":\"hu\",\"@id\":\"https:\\\/\\\/secure.gravatar.com\\\/avatar\\\/61d268e57d1f4525b111222e29d2d5a7f8c420fdbf231ba5566a8ceac74fa960?s=96&d=mm&r=g\",\"url\":\"https:\\\/\\\/secure.gravatar.com\\\/avatar\\\/61d268e57d1f4525b111222e29d2d5a7f8c420fdbf231ba5566a8ceac74fa960?s=96&d=mm&r=g\",\"contentUrl\":\"https:\\\/\\\/secure.gravatar.com\\\/avatar\\\/61d268e57d1f4525b111222e29d2d5a7f8c420fdbf231ba5566a8ceac74fa960?s=96&d=mm&r=g\",\"caption\":\"Tibor atya\"},\"url\":\"https:\\\/\\\/stuttgarti-katolikusok.de\\\/index.php\\\/author\\\/tibor-atya\\\/\"}]}<\/script>\n<!-- \/ Yoast SEO plugin. -->","yoast_head_json":{"title":"Programel\u0151zetes m\u00e1jus 2 \u00e9s 7 k\u00f6z\u00f6tt - Stuttgarti Katolikusok","robots":{"index":"index","follow":"follow","max-snippet":"max-snippet:-1","max-image-preview":"max-image-preview:large","max-video-preview":"max-video-preview:-1"},"canonical":"https:\/\/stuttgarti-katolikusok.de\/index.php\/programelozetes-majus-2-es-7-kozott\/","og_locale":"hu_HU","og_type":"article","og_title":"Programel\u0151zetes m\u00e1jus 2 \u00e9s 7 k\u00f6z\u00f6tt - Stuttgarti Katolikusok","og_description":"Programel\u0151zetes \u00a0M\u00e1jus 4-\u00e9n, cs\u00fct\u00f6rt\u00f6k\u00f6n,17.30 \u00f3rakor, Ulmi d\u00e9lut\u00e1n. Szentmise el\u0151tt gy\u00f3ntat\u00e1s, szentmise ut\u00e1n M\u00e1riatisztelet az Egyh\u00e1zban \u2013 el\u0151ad\u00e1s. * M\u00e1jus 5-\u00e9n, p\u00e9nteken, Stuttgartban 16.00 \u00f3rakor Bar\u00e1ts\u00e1gklub.\u00a0 17.50 \u00f3rakor m\u00e1jusi \u00e1jtatoss\u00e1g, majd szentmise, keret\u00e9ben P\u00e9nteki Egyetem: Besz\u00e9lget\u00e9sek a Katekizmusr\u00f3l. Ut\u00e1na Imak\u00f6r: szents\u00e9gim\u00e1d\u00e1s. 19.00 \u00f3rakor Weingarteni d\u00e9lut\u00e1n a Marien Kirche-ben. 18.30-kor r\u00f3zsaf\u00fcz\u00e9r im\u00e1ds\u00e1g, m\u00e1jusi \u00e1jtatoss\u00e1g, 19.00 \u00f3rakor szentmise, azt k\u00f6vet\u0151en pedig el\u0151ad\u00e1s: M\u00e1riatisztelet az Egyh\u00e1zban. * M\u00e1jus 6-\u00e1n, szombaton, 17.00 \u00f3rakor Balingenben szentmise. Ut\u00e1na \u00e1g\u00e1p\u00e9. Any\u00e1k Napja! * M\u00e1jus 7-\u00e9n, vas\u00e1rnap, 9.00 \u00f3rakor Munderkingenben \u00a0szentmise. Any\u00e1k Napja! Schw\u00e4bisch-Gm\u00fcndben templomb\u00facs\u00fa: Boldog Gizella \u00fcnnepe. 9.30 \u00f3rakor szentmise, ut\u00e1na \u00e1g\u00e1p\u00e9. Any\u00e1k Napja! 15.00 \u00f3rakor Stuttgartban szentmise. Ut\u00e1na \u00e1g\u00e1p\u00e9. Ezalatt a \u00a0Kisk\u00f6nyvt\u00e1rban els\u0151\u00e1ldoz\u00f3k el\u0151k\u00e9sz\u00edt\u0151je. Any\u00e1k Napja! Minden helyen mindenkit szeretettel v\u00e1r a k\u00f6z\u00f6ss\u00e9g, Imre atya \u00e9s Tibor atya! * \u201e.Az anyai szeretet soha nem \u00f6regszik\u201d (Ismeretlen) Kegyelemteljes h\u00fasv\u00e9ti napokat, j\u00f3 munk\u00e1t, tartalmas besz\u00e9lget\u00e9seket \u00e9s \u00f6r\u00f6mteli tal\u00e1lkoz\u00e1sokat k\u00edv\u00e1nunk minden Kedves H\u00edv\u00fcnknek! \u00a0","og_url":"https:\/\/stuttgarti-katolikusok.de\/index.php\/programelozetes-majus-2-es-7-kozott\/","og_site_name":"Stuttgarti Katolikusok","article_published_time":"2017-05-02T04:59:56+00:00","article_modified_time":"2017-05-02T09:25:02+00:00","og_image":[{"width":521,"height":520,"url":"https:\/\/stuttgarti-katolikusok.de\/wp-content\/uploads\/2017\/05\/anyaiszeretet-1.jpg","type":"image\/jpeg"}],"author":"Tibor atya","twitter_card":"summary_large_image","twitter_misc":{"Szerz\u0151:":"Tibor atya","Becs\u00fclt olvas\u00e1si id\u0151":"1 perc"},"schema":{"@context":"https:\/\/schema.org","@graph":[{"@type":"Article","@id":"https:\/\/stuttgarti-katolikusok.de\/index.php\/programelozetes-majus-2-es-7-kozott\/#article","isPartOf":{"@id":"https:\/\/stuttgarti-katolikusok.de\/index.php\/programelozetes-majus-2-es-7-kozott\/"},"author":{"name":"Tibor atya","@id":"https:\/\/stuttgarti-katolikusok.de\/#\/schema\/person\/75908d6f8fdc03a57889d27209df7795"},"headline":"Programel\u0151zetes m\u00e1jus 2 \u00e9s 7 k\u00f6z\u00f6tt","datePublished":"2017-05-02T04:59:56+00:00","dateModified":"2017-05-02T09:25:02+00:00","mainEntityOfPage":{"@id":"https:\/\/stuttgarti-katolikusok.de\/index.php\/programelozetes-majus-2-es-7-kozott\/"},"wordCount":229,"image":{"@id":"https:\/\/stuttgarti-katolikusok.de\/index.php\/programelozetes-majus-2-es-7-kozott\/#primaryimage"},"thumbnailUrl":"https:\/\/stuttgarti-katolikusok.de\/wp-content\/uploads\/2017\/05\/anyaiszeretet-1.jpg","articleSection":["Progamel\u0151zetes"],"inLanguage":"hu"},{"@type":"WebPage","@id":"https:\/\/stuttgarti-katolikusok.de\/index.php\/programelozetes-majus-2-es-7-kozott\/","url":"https:\/\/stuttgarti-katolikusok.de\/index.php\/programelozetes-majus-2-es-7-kozott\/","name":"Programel\u0151zetes m\u00e1jus 2 \u00e9s 7 k\u00f6z\u00f6tt - Stuttgarti Katolikusok","isPartOf":{"@id":"https:\/\/stuttgarti-katolikusok.de\/#website"},"primaryImageOfPage":{"@id":"https:\/\/stuttgarti-katolikusok.de\/index.php\/programelozetes-majus-2-es-7-kozott\/#primaryimage"},"image":{"@id":"https:\/\/stuttgarti-katolikusok.de\/index.php\/programelozetes-majus-2-es-7-kozott\/#primaryimage"},"thumbnailUrl":"https:\/\/stuttgarti-katolikusok.de\/wp-content\/uploads\/2017\/05\/anyaiszeretet-1.jpg","datePublished":"2017-05-02T04:59:56+00:00","dateModified":"2017-05-02T09:25:02+00:00","author":{"@id":"https:\/\/stuttgarti-katolikusok.de\/#\/schema\/person\/75908d6f8fdc03a57889d27209df7795"},"breadcrumb":{"@id":"https:\/\/stuttgarti-katolikusok.de\/index.php\/programelozetes-majus-2-es-7-kozott\/#breadcrumb"},"inLanguage":"hu","potentialAction":[{"@type":"ReadAction","target":["https:\/\/stuttgarti-katolikusok.de\/index.php\/programelozetes-majus-2-es-7-kozott\/"]}]},{"@type":"ImageObject","inLanguage":"hu","@id":"https:\/\/stuttgarti-katolikusok.de\/index.php\/programelozetes-majus-2-es-7-kozott\/#primaryimage","url":"https:\/\/stuttgarti-katolikusok.de\/wp-content\/uploads\/2017\/05\/anyaiszeretet-1.jpg","contentUrl":"https:\/\/stuttgarti-katolikusok.de\/wp-content\/uploads\/2017\/05\/anyaiszeretet-1.jpg","width":521,"height":520},{"@type":"BreadcrumbList","@id":"https:\/\/stuttgarti-katolikusok.de\/index.php\/programelozetes-majus-2-es-7-kozott\/#breadcrumb","itemListElement":[{"@type":"ListItem","position":1,"name":"Kezd\u0151lap","item":"https:\/\/stuttgarti-katolikusok.de\/"},{"@type":"ListItem","position":2,"name":"Programel\u0151zetes m\u00e1jus 2 \u00e9s 7 k\u00f6z\u00f6tt"}]},{"@type":"WebSite","@id":"https:\/\/stuttgarti-katolikusok.de\/#website","url":"https:\/\/stuttgarti-katolikusok.de\/","name":"Stuttgarti Katolikusok","description":"","potentialAction":[{"@type":"SearchAction","target":{"@type":"EntryPoint","urlTemplate":"https:\/\/stuttgarti-katolikusok.de\/?s={search_term_string}"},"query-input":{"@type":"PropertyValueSpecification","valueRequired":true,"valueName":"search_term_string"}}],"inLanguage":"hu"},{"@type":"Person","@id":"https:\/\/stuttgarti-katolikusok.de\/#\/schema\/person\/75908d6f8fdc03a57889d27209df7795","name":"Tibor atya","image":{"@type":"ImageObject","inLanguage":"hu","@id":"https:\/\/secure.gravatar.com\/avatar\/61d268e57d1f4525b111222e29d2d5a7f8c420fdbf231ba5566a8ceac74fa960?s=96&d=mm&r=g","url":"https:\/\/secure.gravatar.com\/avatar\/61d268e57d1f4525b111222e29d2d5a7f8c420fdbf231ba5566a8ceac74fa960?s=96&d=mm&r=g","contentUrl":"https:\/\/secure.gravatar.com\/avatar\/61d268e57d1f4525b111222e29d2d5a7f8c420fdbf231ba5566a8ceac74fa960?s=96&d=mm&r=g","caption":"Tibor atya"},"url":"https:\/\/stuttgarti-katolikusok.de\/index.php\/author\/tibor-atya\/"}]}},"_links":{"self":[{"href":"https:\/\/stuttgarti-katolikusok.de\/index.php\/wp-json\/wp\/v2\/posts\/11925","targetHints":{"allow":["GET"]}}],"collection":[{"href":"https:\/\/stuttgarti-katolikusok.de\/index.php\/wp-json\/wp\/v2\/posts"}],"about":[{"href":"https:\/\/stuttgarti-katolikusok.de\/index.php\/wp-json\/wp\/v2\/types\/post"}],"author":[{"embeddable":true,"href":"https:\/\/stuttgarti-katolikusok.de\/index.php\/wp-json\/wp\/v2\/users\/3"}],"replies":[{"embeddable":true,"href":"https:\/\/stuttgarti-katolikusok.de\/index.php\/wp-json\/wp\/v2\/comments?post=11925"}],"version-history":[{"count":2,"href":"https:\/\/stuttgarti-katolikusok.de\/index.php\/wp-json\/wp\/v2\/posts\/11925\/revisions"}],"predecessor-version":[{"id":11929,"href":"https:\/\/stuttgarti-katolikusok.de\/index.php\/wp-json\/wp\/v2\/posts\/11925\/revisions\/11929"}],"wp:featuredmedia":[{"embeddable":true,"href":"https:\/\/stuttgarti-katolikusok.de\/index.php\/wp-json\/wp\/v2\/media\/11930"}],"wp:attachment":[{"href":"https:\/\/stuttgarti-katolikusok.de\/index.php\/wp-json\/wp\/v2\/media?parent=11925"}],"wp:term":[{"taxonomy":"category","embeddable":true,"href":"https:\/\/stuttgarti-katolikusok.de\/index.php\/wp-json\/wp\/v2\/categories?post=11925"},{"taxonomy":"post_tag","embeddable":true,"href":"https:\/\/stuttgarti-katolikusok.de\/index.php\/wp-json\/wp\/v2\/tags?post=11925"}],"curies":[{"name":"wp","href":"https:\/\/api.w.org\/{rel}","templated":true}]}}