{"id":11780,"date":"2017-04-11T12:18:22","date_gmt":"2017-04-11T12:18:22","guid":{"rendered":"https:\/\/gracious-dewdney.138-201-221-2.plesk.page\/?p=11780"},"modified":"2017-04-15T12:55:26","modified_gmt":"2017-04-15T12:55:26","slug":"baratom-2017-aprilisa","status":"publish","type":"post","link":"https:\/\/stuttgarti-katolikusok.de\/index.php\/baratom-2017-aprilisa\/","title":{"rendered":"Bar\u00e1tom &#8211; 2017 \u00e1prilisa"},"content":{"rendered":"<p>&nbsp;<\/p>\n<p><strong>Bar\u00e1tom<\/strong><\/p>\n<h3>A Szent Gell\u00e9rt Magyar Katolikus Egyh\u00e1zk\u00f6zs\u00e9g Havilapja<\/h3>\n<p>Szerkeszt\u0151: Ft. Merl\u00e1s Tibor \u00e9s Ft. Dr. Tempfli Imre. Kiad\u00f3: a Szent Gell\u00e9rt Magyar Katolikus Egyh\u00e1zk\u00f6zs\u00e9g. Postac\u00edm: Albert-Sch\u00e4ffle-Str. 30, 70186-Stuttgart. Tel: 0711-236 91 90, Fax: 0711-236 73 93, E-mail: <a href=\"mailto:mis-sion@gracious-dewdney.138-201-221-2.plesk.page\">mission@gracious-dewdney.138-201-221-2.plesk.page<\/a> Honlap: <a href=\"https:\/\/stuttgarti-katolikusok.de\/\">www. stuttgarti-katolikusok.de<\/a> Facebook: Stuttgarti.Katolikusok Sz\u00e1mla: Postbank Stuttgart, IBAN: DE80 600 100 700 002 190 704,\u00a0 BIC: PBNKDEFF<\/p>\n<p><strong>2 0 1 7\u00a0 \u00a0\u00c1 P R\u00a0 I\u00a0 L I S <\/strong><\/p>\n<p><strong>\u00a0<\/strong><\/p>\n<table>\n<tbody>\n<tr>\n<td width=\"750\"><strong><em>&#8222;A h\u00fasv\u00e9t a vall\u00e1s \u00fcnnepe. A vall\u00e1s ad h\u00edveinek megnyugv\u00e1st, hitet, f\u00f6lt\u00e1mad\u00e1st \u00e9s mennyb\u00e9li \u00fcdv\u00f6ss\u00e9get, nagyp\u00e9ntek pedig adja a keresztrefesz\u00edt\u00e9s igazs\u00e1g\u00e1t&#8230; \u00d3h, boldogok a h\u00edv<\/em><\/strong><strong><em>\u0151<\/em><\/strong><strong><em>k, kik ma s\u00edrnak, zokognak, de tudj\u00e1k, hogy m\u00e1r holnap este halleluj\u00e1zni fognak.&#8221; <\/em><\/strong>\u00a0<strong>(Ady Endre)<\/strong><\/td>\n<\/tr>\n<\/tbody>\n<\/table>\n<h3>S Z E N T M I S \u00c9 I N K<\/h3>\n<p><em>Balingen\u00a0\u00a0\u00a0\u00a0\u00a0\u00a0\u00a0\u00a0\u00a0\u00a0\u00a0\u00a0\u00a0\u00a0\u00a0\u00a0 <\/em>\u00e1prilis 01 szombat\u00a0\u00a0\u00a0\u00a0\u00a0\u00a0\u00a0\u00a0\u00a0\u00a0\u00a0\u00a0 17.00 \u00f3ra<\/p>\n<p><em>Munderkingen<\/em> \u00a0\u00a0\u00a0\u00a0\u00a0\u00a0\u00a0 \u00e1prilis 02 vas\u00e1rnap\u00a0\u00a0\u00a0\u00a0\u00a0\u00a0\u00a0\u00a0\u00a0\u00a0\u00a0 09.00 \u00f3ra<\/p>\n<p><em>Schw\u00e4bisch Gm\u00fcnd \u00a0\u00a0\u00a0\u00a0\u00a0\u00a0\u00a0\u00a0\u00a0 <\/em>\u00e1prilis 02 vas\u00e1rnap\u00a0\u00a0\u00a0\u00a0\u00a0\u00a0\u00a0\u00a0\u00a0\u00a0\u00a0 09.30 \u00f3ra<\/p>\n<p><em>Stuttgart\u00a0\u00a0\u00a0\u00a0\u00a0\u00a0\u00a0\u00a0\u00a0\u00a0\u00a0\u00a0\u00a0\u00a0\u00a0 <\/em>\u00e1prilis 02 vas\u00e1rnap\u00a0\u00a0\u00a0\u00a0\u00a0\u00a0\u00a0\u00a0\u00a0\u00a0\u00a0 15.00 \u00f3ra <strong>!!!<\/strong><\/p>\n<p><em>Friedrichshafen-Berg\u00a0\u00a0\u00a0\u00a0\u00a0\u00a0\u00a0\u00a0 <\/em>\u00e1prilis 08 szombat\u00a0\u00a0\u00a0\u00a0\u00a0\u00a0\u00a0\u00a0\u00a0\u00a0\u00a0\u00a0 17.00 \u00f3ra<\/p>\n<p><em>Weingarten<\/em> \u00a0\u00a0\u00a0\u00a0\u00a0\u00a0\u00a0\u00a0\u00a0\u00a0\u00a0 \u00e1prilis 09 vas\u00e1rnap \u00a0\u00a0\u00a0\u00a0\u00a0\u00a0\u00a0\u00a0\u00a0\u00a0 10.00 \u00f3ra<\/p>\n<p><em>Ulm<\/em> \u00a0\u00a0\u00a0\u00a0\u00a0\u00a0\u00a0\u00a0\u00a0\u00a0\u00a0\u00a0\u00a0\u00a0\u00a0\u00a0\u00a0\u00a0\u00a0\u00a0\u00a0\u00a0 \u00e1prilis 09 vas\u00e1rnap \u00a0\u00a0\u00a0\u00a0\u00a0\u00a0\u00a0\u00a0\u00a0\u00a0 15.00 \u00f3ra<\/p>\n<p><em>Weingarten\u00a0\u00a0\u00a0\u00a0\u00a0\u00a0\u00a0\u00a0\u00a0\u00a0\u00a0\u00a0 \u00a0<\/em>\u00e1prilis 13 Nagycs\u00fct\u00f6rt\u00f6k\u00a0 19.00 \u00f3ra<\/p>\n<p><em>Stuttgart\u00a0 <\/em>\u00a0\u00a0\u00a0\u00a0\u00a0\u00a0\u00a0\u00a0\u00a0\u00a0\u00a0\u00a0\u00a0\u00a0\u00a0\u00e1prilis 13 Nagycs\u00fct\u00f6rt\u00f6k\u00a0\u00a0\u00a0 19.00 \u00f3ra<\/p>\n<p><em>Weingarten<\/em>\u00a0\u00a0\u00a0\u00a0\u00a0\u00a0\u00a0\u00a0\u00a0\u00a0\u00a0\u00a0 \u00e1prilis 14 Nagyp\u00e9ntek\u00a0\u00a0\u00a0\u00a0\u00a0\u00a0\u00a0 15.00 \u00f3ra<\/p>\n<p><em>Stuttgart\u00a0\u00a0\u00a0\u00a0\u00a0\u00a0\u00a0\u00a0\u00a0\u00a0\u00a0\u00a0\u00a0\u00a0\u00a0 <\/em>\u00e1prilis 14 Nagyp\u00e9ntek\u00a0\u00a0\u00a0\u00a0\u00a0\u00a0\u00a0 18.00 \u00f3ra<\/p>\n<p><em>Weingarten<\/em>\u00a0\u00a0\u00a0\u00a0\u00a0\u00a0\u00a0\u00a0\u00a0\u00a0\u00a0\u00a0 \u00e1prilis 15 Nagyszombat\u00a0\u00a0\u00a0\u00a0\u00a0 20.00 \u00f3ra<\/p>\n<p><em>Stuttgart\u00a0\u00a0\u00a0\u00a0\u00a0\u00a0\u00a0\u00a0\u00a0\u00a0\u00a0\u00a0\u00a0\u00a0\u00a0 <\/em>\u00e1prilis 15 Nagyszombat\u00a0\u00a0\u00a0\u00a0\u00a0 20.00 \u00f3ra<\/p>\n<p><em>Ludwigsburg\u00a0\u00a0\u00a0\u00a0\u00a0\u00a0\u00a0\u00a0\u00a0\u00a0 <\/em>\u00e1prilis 16 H\u00daSV\u00c9T\u00a0\u00a0\u00a0\u00a0\u00a0\u00a0\u00a0\u00a0\u00a0\u00a0\u00a0\u00a0 09.30 \u00f3ra<\/p>\n<p><em>Weingarten<\/em>\u00a0\u00a0\u00a0\u00a0\u00a0\u00a0\u00a0\u00a0\u00a0\u00a0\u00a0\u00a0 \u00e1prilis 16 H\u00daSV\u00c9T\u00a0\u00a0\u00a0\u00a0\u00a0\u00a0\u00a0\u00a0 \u00a0\u00a0\u00a0 10.00 \u00f3ra<\/p>\n<p><em>Stuttgart\u00a0\u00a0\u00a0\u00a0\u00a0\u00a0\u00a0\u00a0\u00a0\u00a0\u00a0\u00a0\u00a0\u00a0\u00a0 <\/em>\u00e1prilis 16 H\u00daSV\u00c9T\u00a0\u00a0\u00a0\u00a0\u00a0\u00a0\u00a0 \u00a0\u00a0\u00a0\u00a0 12.00 \u00f3ra<\/p>\n<p><em>Pforzheim\u00a0\u00a0\u00a0\u00a0\u00a0\u00a0\u00a0\u00a0\u00a0\u00a0\u00a0\u00a0\u00a0\u00a0 <\/em>\u00e1prilis 16 H\u00daSV\u00c9T\u00a0\u00a0\u00a0\u00a0\u00a0\u00a0\u00a0\u00a0\u00a0\u00a0\u00a0\u00a0 15.00 \u00f3ra<\/p>\n<p><em>Ulm<\/em>\u00a0\u00a0\u00a0\u00a0\u00a0\u00a0\u00a0\u00a0\u00a0\u00a0\u00a0\u00a0\u00a0\u00a0\u00a0\u00a0\u00a0\u00a0\u00a0\u00a0\u00a0\u00a0\u00a0 \u00e1prilis 16 H\u00daSV\u00c9T\u00a0\u00a0\u00a0\u00a0\u00a0\u00a0\u00a0\u00a0 \u00a0\u00a0\u00a0 15.00 \u00f3ra<\/p>\n<p><em>Stuttgart\u00a0\u00a0\u00a0\u00a0\u00a0\u00a0 \u00a0\u00a0\u00a0\u00a0\u00a0\u00a0\u00a0\u00a0 <\/em>\u00e1prilis 17 H\u00fasv\u00e9th\u00e9tf\u0151\u00a0\u00a0\u00a0\u00a0\u00a0\u00a0\u00a0 09.30 \u00f3ra<\/p>\n<p><em>Weingarten<\/em>\u00a0\u00a0\u00a0\u00a0\u00a0\u00a0\u00a0\u00a0\u00a0\u00a0\u00a0\u00a0 \u00e1prilis 17 H\u00fasv\u00e9th\u00e9tf\u0151\u00a0\u00a0\u00a0\u00a0\u00a0\u00a0\u00a0 10.00 \u00f3ra<\/p>\n<p><em>Heidenheim\u00a0\u00a0\u00a0\u00a0\u00a0\u00a0\u00a0\u00a0\u00a0\u00a0\u00a0 <\/em>\u00e1prilis 22 szombat\u00a0\u00a0\u00a0\u00a0\u00a0\u00a0\u00a0\u00a0\u00a0\u00a0\u00a0\u00a0 15.30 \u00f3ra<\/p>\n<p><em>Reutlingen\u00a0\u00a0\u00a0\u00a0\u00a0\u00a0\u00a0\u00a0\u00a0\u00a0\u00a0\u00a0\u00a0 <\/em>\u00e1prilis 22 szombat\u00a0\u00a0\u00a0\u00a0\u00a0\u00a0\u00a0\u00a0\u00a0\u00a0\u00a0\u00a0 16.30 \u00f3ra<\/p>\n<p><em>Biberach\u00a0\u00a0\u00a0\u00a0\u00a0\u00a0\u00a0\u00a0\u00a0\u00a0\u00a0\u00a0\u00a0\u00a0\u00a0\u00a0 <\/em>\u00e1prilis 23 vas\u00e1rnap\u00a0\u00a0\u00a0\u00a0\u00a0\u00a0\u00a0\u00a0\u00a0\u00a0\u00a0 08.45 \u00f3ra<\/p>\n<p><em>B\u00f6blingen\u00a0\u00a0\u00a0\u00a0\u00a0\u00a0\u00a0\u00a0\u00a0\u00a0\u00a0\u00a0\u00a0\u00a0 <\/em>\u00e1prilis 23 vas\u00e1rnap\u00a0\u00a0\u00a0\u00a0\u00a0\u00a0\u00a0\u00a0\u00a0\u00a0\u00a0 09.00 \u00f3ra<\/p>\n<p><em>Eislingen\u00a0\u00a0\u00a0\u00a0\u00a0\u00a0\u00a0\u00a0\u00a0\u00a0\u00a0\u00a0\u00a0\u00a0\u00a0\u00a0 <\/em>\u00e1prilis 23 vas\u00e1rnap\u00a0\u00a0\u00a0\u00a0\u00a0\u00a0\u00a0\u00a0\u00a0\u00a0\u00a0 15.00 \u00f3ra<\/p>\n<p><em>Heilbronn\u00a0\u00a0\u00a0\u00a0\u00a0\u00a0\u00a0\u00a0\u00a0\u00a0\u00a0\u00a0\u00a0\u00a0\u00a0 <\/em>\u00e1prilis 23 vas\u00e1rnap\u00a0\u00a0\u00a0\u00a0\u00a0\u00a0\u00a0\u00a0\u00a0\u00a0\u00a0 15.30 \u00f3ra <strong>!!!<\/strong><\/p>\n<p><strong>\u00a0<\/strong><\/p>\n<p><strong>\u00a0<\/strong><\/p>\n<p><strong>Reviczky Gyula: H\u00fasv\u00e9t<\/strong><strong>\u00a0<\/strong><\/p>\n<p><strong>Fakadnak m\u00e1r a vir\u00e1gok,<\/strong><\/p>\n<p><strong>Kider\u00fcl az \u00e9g,<\/strong><\/p>\n<p><strong>\u00c9s a f\u00f6ld most k\u00e9sz\u00fcl \u00fclni<\/strong><\/p>\n<p><strong>Dr\u00e1ga \u00fcnnep\u00e9t.<\/strong><\/p>\n<p><strong>Sz\u00edveinkben, mint a f\u00f6ld\u00f6n,<\/strong><\/p>\n<p><strong>Ma \u00f6r\u00f6m legyen,<\/strong><\/p>\n<p><strong>Felt\u00e1madt az isten-ember<\/strong><\/p>\n<p><strong>Gy\u0151zedelmesen!<\/strong><strong>\u00a0<\/strong><\/p>\n<p><strong>Aki tudja, mint t\u00f6r\u00e9 fel<\/strong><\/p>\n<p><strong>S\u00edrj\u00e1t a dics\u0151;<\/strong><\/p>\n<p><strong>Aki l\u00e1tja, hogy a f\u00f6ld\u00f6n<\/strong><\/p>\n<p><strong>Minden \u00fajra n\u0151:<\/strong><\/p>\n<p><strong>Gondoljon felt\u00e1mad\u00e1sra,<\/strong><\/p>\n<p><strong>Mely \u00f6r\u00f6k leszen&#8230;<\/strong><\/p>\n<p><strong>Felt\u00e1madt az isten-ember<\/strong><strong>Gy\u0151zedelmesen!<\/strong><strong>\u00a0<\/strong><\/p>\n<p><strong>K\u00d6ZLEM\u00c9NYEK \u2013 RENDEZV\u00c9NYEK<\/strong><\/p>\n<p><strong>Stuttgartban<\/strong> p\u00e9ntekenk\u00e9nt 17.50 \u00f3rakor <em>kereszt\u00fat (H\u00fasv\u00e9t ut\u00e1nt\u00f3l r\u00f3zsaf\u00fcz\u00e9r),<\/em> majd <em>szentmise<\/em>. Az \u00e9rdekl\u0151d\u0151ket <strong>\u00e1prilis<\/strong> 7-\u00e9n \u00e9s 21-\u00e9n v\u00e1rjuk. A <strong>Bar\u00e1ts\u00e1gklub <\/strong>tagjai \u00e1prilis 7-\u00e9n, 21-\u00e9n \u00e9s 28-\u00e1n tal\u00e1lkoznak, 16.00 \u00f3rakor, a K\u00f6z\u00f6ss\u00e9gi Teremben. Mindenkit szeretettel v\u00e1rnak!<\/p>\n<p><strong>Ulmban<\/strong> cs\u00fct\u00f6rt\u00f6k\u00f6nk\u00e9nt, azaz<strong> \u00e1prilis<\/strong> 6-\u00e1n, 20-\u00e1n \u00e9s 27-\u00e9n <strong>17.30 <\/strong>\u00f3r\u00e1t\u00f3l, <strong>Weingartenben <\/strong>a <strong>Marien-Kirche<\/strong>-ben pedig p\u00e9ntekenk\u00e9nt, azaz <strong>\u00e1prilis<\/strong> 7-\u00e9n 18.30 \u00f3r\u00e1t\u00f3l, 21-\u00e9n \u00e9s 28-\u00e1n 18.00 \u00f3r\u00e1t\u00f3l r\u00f3zsaf\u00fcz\u00e9r, \u00e1prilis 7-\u00e9n <strong>19.00<\/strong> \u00f3r\u00e1t\u00f3l, 21-\u00e9n \u00e9s 28-\u00e1n <strong>18.30<\/strong> \u00f3r\u00e1t\u00f3l <em>szentmise<\/em>, ut\u00e1na <em>Besz\u00e9lget\u00e9sek a Bibli\u00e1r\u00f3l. <\/em><\/p>\n<p><strong>*<\/strong><\/p>\n<p><strong>M\u00e1rcius 31-e <\/strong>\u00e9s<strong> \u00e1prilis 2-a <\/strong>k\u00f6z\u00f6tt <em>STUTTGARTI CSENDES NAPOK.<\/em> Moder\u00e1tor: <strong>P. F\u0151cze Bonavent\u00fara<\/strong>, ferences atya D\u00e9v\u00e1r\u00f3l. Az els\u0151 elm\u00e9lked\u00e9s p\u00e9ntek este 18.00 \u00f3rakor kezd\u0151dik.<\/p>\n<p><strong>*<\/strong><\/p>\n<p><strong>\u00c1prilis 2-\u00e1n<\/strong>, vas\u00e1rnap, <strong>Stuttgartban <\/strong>15.00 \u00f3rakor <em>szentmise.<\/em> Keret\u00e9ben <em>\u00c1rp\u00e1dh\u00e1zi Szent Erzs\u00e9bet erekly\u00e9inek \u00e1tv\u00e9tele, <\/em>\u00e9s <em>a szentkenet szents\u00e9g\u00e9nek kiszolg\u00e1l\u00e1sa<\/em>. Ut\u00e1na <em>\u00e1g\u00e1p\u00e9. <\/em>Alatta a Kisk\u00f6nyvt\u00e1rban <em>els\u0151\u00e1ldoz\u00f3k el\u0151k\u00e9sz\u00edt\u0151je.<\/em><\/p>\n<p><strong>*<\/strong><\/p>\n<p><strong>\u00c1prilis 8-\u00e1n<\/strong>, szombaton,<strong> Weingartenben<\/strong> <em>lelkigyakorlat a 14 Nothelfer Kapelle-<\/em>ben. Reggel 9.00 \u00f3rakor kezd\u0151dik, 16.00 \u00f3rakor fejez\u0151dik be. Jelentkezni Tibor aty\u00e1n\u00e1l lehet!<\/p>\n<p><strong>*<\/strong><\/p>\n<p><strong>\u00c1prilis 13-\u00e1n, <\/strong>nagycs\u00fct\u00f6rt\u00f6k\u00f6n, <strong>Weingartenben a 14 Nothelfer Kapelle-<\/strong>ben el\u0151k\u00e9sz\u00edt\u0151 a Szent H\u00e1rom Napra. Ezt k\u00f6vet\u0151en 19.00 a Nagycs\u00fct\u00f6rt\u00f6k esti szentmise veszi kezdet\u00e9t.<\/p>\n<p><strong>*<\/strong><\/p>\n<p><strong>\u00c1prilis 14-\u00e9n<\/strong>, nagyp\u00e9nteken, <strong>Ulmban <\/strong>10.00 \u00f3rakor <em>kereszt\u00fati \u00e1jtatoss\u00e1g<\/em>, azt k\u00f6vet\u0151en a <em>Szent H\u00e1rom Nap<\/em> szertart\u00e1sair\u00f3l besz\u00e9lget\u00fcnk.<\/p>\n<p><strong>*<\/strong><\/p>\n<p><strong>Stuttgartban, <\/strong>p\u00e9nteken, <strong>\u00e1prilis 7-\u00e9n<\/strong> 19.00 \u00f3rakor <em>Imak\u00f6r, <\/em>21-\u00e9n 19.00 \u00f3rakor <em>Bibliak\u00f6r (H\u00edres festm\u00e9nyek a felt\u00e1madt Krisztusr\u00f3l), <\/em>28-\u00e1n 19.00 \u00f3rakor pedig <em>Sportklub. <\/em>Minden \u00e9rdekl\u0151d\u0151t szeretettel v\u00e1runk! <strong>\u00a0<\/strong><\/p>\n<p>*<\/p>\n<p>Elk\u00e9sz\u00fclt az <strong>Egyh\u00e1zk\u00f6zs\u00e9g\u00fcnk <\/strong>fenn\u00e1ll\u00e1s\u00e1nak<strong> 70. \u00e9vfordul\u00f3ja <\/strong>alkalm\u00e1b\u00f3l rendezett \u00fcnneps\u00e9g-sorozat <em>programja<\/em>. Minden szentmise v\u00e9g\u00e9n osztogatjuk. Vigy\u00e9tek magatokkal, hogy tudj\u00e1tok, mikor milyen rendezv\u00e9nyre ker\u00fcl sor, \u00e9s tudjatok r\u00e9szt venni ezen a nem mindennapi \u00fcnneps\u00e9g-sorozaton!<\/p>\n<p><strong><em>*<\/em><\/strong><\/p>\n<p><strong>\u00c1prilis 23-\u00e1n<\/strong>, vas\u00e1rnap, Szent Adalbert, a <strong><em>heilbronni<\/em><\/strong> egyh\u00e1zk\u00f6zs\u00e9g\u00fcnk <strong><em>b\u00facs\u00faja<\/em>.<\/strong> 15.30 <em>szentmise<\/em>, ut\u00e1na <em>\u00e1g\u00e1p\u00e9<\/em>. Mindenki szeretettel v\u00e1runk! K\u00fcl\u00f6n\u00f6sen a szomsz\u00e9dos egyh\u00e1zk\u00f6zs\u00e9geink h\u00edveit: a ludwigsburgiakat \u00e9s a stuttgartiakat!<\/p>\n<p>*<\/p>\n<p><strong>Nevess vel\u00fcnk<\/strong> \u2013 <em>Pistike n\u0151v\u00e9r\u00e9nek bar\u00e1tj\u00e1t megh\u00edvt\u00e1k a sz\u00fcl\u0151k H\u00fasv\u00e9tkor eb\u00e9dre. Az a v\u00e9g\u00e9n illedelmesen megk\u00f6sz\u00f6ni az \u00e9telt: \u201eK\u00f6sz\u00f6n\u00f6m sz\u00e9pen, ilyen j\u00f3 eb\u00e9det m\u00e1r r\u00e9g ettem&#8230;\u201d Mire Pistike: \u201eMi is&#8230;\u201d. <\/em><\/p>\n<p><strong>Kegyelemteljes \u00e9s b\u00e9k\u00e9s h\u00fasv\u00e9ti \u00fcnnepeket k\u00edv\u00e1nunk minden kedves H\u00edv\u00fcnknek!<\/strong><\/p>\n","protected":false},"excerpt":{"rendered":"<p>&nbsp; Bar\u00e1tom A Szent Gell\u00e9rt Magyar Katolikus Egyh\u00e1zk\u00f6zs\u00e9g Havilapja Szerkeszt\u0151: Ft. Merl\u00e1s Tibor \u00e9s Ft. Dr. Tempfli Imre. Kiad\u00f3: a Szent Gell\u00e9rt Magyar Katolikus Egyh\u00e1zk\u00f6zs\u00e9g. Postac\u00edm: Albert-Sch\u00e4ffle-Str. 30, 70186-Stuttgart. Tel: 0711-236 91 90, Fax: 0711-236 73 93, E-mail: mission@gracious-dewdney.138-201-221-2.plesk.page Honlap: www. stuttgarti-katolikusok.de Facebook: Stuttgarti.Katolikusok Sz\u00e1mla: Postbank Stuttgart, IBAN: DE80 600 100 700 002 190 704,\u00a0 BIC: PBNKDEFF 2 0 1 7\u00a0 \u00a0\u00c1 P R\u00a0 I\u00a0 L I S \u00a0 &#8222;A h\u00fasv\u00e9t a vall\u00e1s \u00fcnnepe. A vall\u00e1s ad h\u00edveinek megnyugv\u00e1st, hitet, f\u00f6lt\u00e1mad\u00e1st \u00e9s mennyb\u00e9li \u00fcdv\u00f6ss\u00e9get, nagyp\u00e9ntek pedig adja a keresztrefesz\u00edt\u00e9s igazs\u00e1g\u00e1t&#8230; \u00d3h, boldogok a h\u00edv\u0151k, kik ma s\u00edrnak, zokognak, de tudj\u00e1k, hogy m\u00e1r holnap este halleluj\u00e1zni fognak.&#8221; \u00a0(Ady Endre) S Z E N T M I S \u00c9 I N K Balingen\u00a0\u00a0\u00a0\u00a0\u00a0\u00a0\u00a0\u00a0\u00a0\u00a0\u00a0\u00a0\u00a0\u00a0\u00a0\u00a0 \u00e1prilis 01 szombat\u00a0\u00a0\u00a0\u00a0\u00a0\u00a0\u00a0\u00a0\u00a0\u00a0\u00a0\u00a0 17.00 \u00f3ra Munderkingen \u00a0\u00a0\u00a0\u00a0\u00a0\u00a0\u00a0 \u00e1prilis 02 vas\u00e1rnap\u00a0\u00a0\u00a0\u00a0\u00a0\u00a0\u00a0\u00a0\u00a0\u00a0\u00a0 09.00 \u00f3ra Schw\u00e4bisch Gm\u00fcnd \u00a0\u00a0\u00a0\u00a0\u00a0\u00a0\u00a0\u00a0\u00a0 \u00e1prilis 02 vas\u00e1rnap\u00a0\u00a0\u00a0\u00a0\u00a0\u00a0\u00a0\u00a0\u00a0\u00a0\u00a0 09.30 \u00f3ra Stuttgart\u00a0\u00a0\u00a0\u00a0\u00a0\u00a0\u00a0\u00a0\u00a0\u00a0\u00a0\u00a0\u00a0\u00a0\u00a0 \u00e1prilis 02 vas\u00e1rnap\u00a0\u00a0\u00a0\u00a0\u00a0\u00a0\u00a0\u00a0\u00a0\u00a0\u00a0 15.00 \u00f3ra !!! Friedrichshafen-Berg\u00a0\u00a0\u00a0\u00a0\u00a0\u00a0\u00a0\u00a0 \u00e1prilis 08 szombat\u00a0\u00a0\u00a0\u00a0\u00a0\u00a0\u00a0\u00a0\u00a0\u00a0\u00a0\u00a0 17.00 \u00f3ra Weingarten \u00a0\u00a0\u00a0\u00a0\u00a0\u00a0\u00a0\u00a0\u00a0\u00a0\u00a0 \u00e1prilis 09 vas\u00e1rnap \u00a0\u00a0\u00a0\u00a0\u00a0\u00a0\u00a0\u00a0\u00a0\u00a0 10.00 \u00f3ra Ulm \u00a0\u00a0\u00a0\u00a0\u00a0\u00a0\u00a0\u00a0\u00a0\u00a0\u00a0\u00a0\u00a0\u00a0\u00a0\u00a0\u00a0\u00a0\u00a0\u00a0\u00a0\u00a0 \u00e1prilis 09 vas\u00e1rnap \u00a0\u00a0\u00a0\u00a0\u00a0\u00a0\u00a0\u00a0\u00a0\u00a0 15.00 \u00f3ra Weingarten\u00a0\u00a0\u00a0\u00a0\u00a0\u00a0\u00a0\u00a0\u00a0\u00a0\u00a0\u00a0 \u00a0\u00e1prilis 13 Nagycs\u00fct\u00f6rt\u00f6k\u00a0 19.00 \u00f3ra Stuttgart\u00a0 \u00a0\u00a0\u00a0\u00a0\u00a0\u00a0\u00a0\u00a0\u00a0\u00a0\u00a0\u00a0\u00a0\u00a0\u00a0\u00e1prilis 13 Nagycs\u00fct\u00f6rt\u00f6k\u00a0\u00a0\u00a0 19.00 \u00f3ra Weingarten\u00a0\u00a0\u00a0\u00a0\u00a0\u00a0\u00a0\u00a0\u00a0\u00a0\u00a0\u00a0 \u00e1prilis 14 Nagyp\u00e9ntek\u00a0\u00a0\u00a0\u00a0\u00a0\u00a0\u00a0 15.00 \u00f3ra Stuttgart\u00a0\u00a0\u00a0\u00a0\u00a0\u00a0\u00a0\u00a0\u00a0\u00a0\u00a0\u00a0\u00a0\u00a0\u00a0 \u00e1prilis 14 Nagyp\u00e9ntek\u00a0\u00a0\u00a0\u00a0\u00a0\u00a0\u00a0 18.00 \u00f3ra Weingarten\u00a0\u00a0\u00a0\u00a0\u00a0\u00a0\u00a0\u00a0\u00a0\u00a0\u00a0\u00a0 \u00e1prilis 15 Nagyszombat\u00a0\u00a0\u00a0\u00a0\u00a0 20.00 \u00f3ra Stuttgart\u00a0\u00a0\u00a0\u00a0\u00a0\u00a0\u00a0\u00a0\u00a0\u00a0\u00a0\u00a0\u00a0\u00a0\u00a0 \u00e1prilis 15 Nagyszombat\u00a0\u00a0\u00a0\u00a0\u00a0 20.00 \u00f3ra Ludwigsburg\u00a0\u00a0\u00a0\u00a0\u00a0\u00a0\u00a0\u00a0\u00a0\u00a0 \u00e1prilis 16 H\u00daSV\u00c9T\u00a0\u00a0\u00a0\u00a0\u00a0\u00a0\u00a0\u00a0\u00a0\u00a0\u00a0\u00a0 09.30 \u00f3ra Weingarten\u00a0\u00a0\u00a0\u00a0\u00a0\u00a0\u00a0\u00a0\u00a0\u00a0\u00a0\u00a0 \u00e1prilis 16 H\u00daSV\u00c9T\u00a0\u00a0\u00a0\u00a0\u00a0\u00a0\u00a0\u00a0 \u00a0\u00a0\u00a0 10.00 \u00f3ra Stuttgart\u00a0\u00a0\u00a0\u00a0\u00a0\u00a0\u00a0\u00a0\u00a0\u00a0\u00a0\u00a0\u00a0\u00a0\u00a0 \u00e1prilis 16 H\u00daSV\u00c9T\u00a0\u00a0\u00a0\u00a0\u00a0\u00a0\u00a0 \u00a0\u00a0\u00a0\u00a0 12.00 \u00f3ra Pforzheim\u00a0\u00a0\u00a0\u00a0\u00a0\u00a0\u00a0\u00a0\u00a0\u00a0\u00a0\u00a0\u00a0\u00a0 \u00e1prilis 16 H\u00daSV\u00c9T\u00a0\u00a0\u00a0\u00a0\u00a0\u00a0\u00a0\u00a0\u00a0\u00a0\u00a0\u00a0 15.00 \u00f3ra Ulm\u00a0\u00a0\u00a0\u00a0\u00a0\u00a0\u00a0\u00a0\u00a0\u00a0\u00a0\u00a0\u00a0\u00a0\u00a0\u00a0\u00a0\u00a0\u00a0\u00a0\u00a0\u00a0\u00a0 \u00e1prilis 16 H\u00daSV\u00c9T\u00a0\u00a0\u00a0\u00a0\u00a0\u00a0\u00a0\u00a0 \u00a0\u00a0\u00a0 15.00 \u00f3ra Stuttgart\u00a0\u00a0\u00a0\u00a0\u00a0\u00a0 \u00a0\u00a0\u00a0\u00a0\u00a0\u00a0\u00a0\u00a0 \u00e1prilis 17 H\u00fasv\u00e9th\u00e9tf\u0151\u00a0\u00a0\u00a0\u00a0\u00a0\u00a0\u00a0 09.30 \u00f3ra Weingarten\u00a0\u00a0\u00a0\u00a0\u00a0\u00a0\u00a0\u00a0\u00a0\u00a0\u00a0\u00a0 \u00e1prilis 17 H\u00fasv\u00e9th\u00e9tf\u0151\u00a0\u00a0\u00a0\u00a0\u00a0\u00a0\u00a0 10.00 \u00f3ra Heidenheim\u00a0\u00a0\u00a0\u00a0\u00a0\u00a0\u00a0\u00a0\u00a0\u00a0\u00a0 \u00e1prilis 22 szombat\u00a0\u00a0\u00a0\u00a0\u00a0\u00a0\u00a0\u00a0\u00a0\u00a0\u00a0\u00a0 15.30 \u00f3ra Reutlingen\u00a0\u00a0\u00a0\u00a0\u00a0\u00a0\u00a0\u00a0\u00a0\u00a0\u00a0\u00a0\u00a0 \u00e1prilis 22 szombat\u00a0\u00a0\u00a0\u00a0\u00a0\u00a0\u00a0\u00a0\u00a0\u00a0\u00a0\u00a0 16.30 \u00f3ra Biberach\u00a0\u00a0\u00a0\u00a0\u00a0\u00a0\u00a0\u00a0\u00a0\u00a0\u00a0\u00a0\u00a0\u00a0\u00a0\u00a0 \u00e1prilis 23 vas\u00e1rnap\u00a0\u00a0\u00a0\u00a0\u00a0\u00a0\u00a0\u00a0\u00a0\u00a0\u00a0 08.45 \u00f3ra B\u00f6blingen\u00a0\u00a0\u00a0\u00a0\u00a0\u00a0\u00a0\u00a0\u00a0\u00a0\u00a0\u00a0\u00a0\u00a0 \u00e1prilis 23 vas\u00e1rnap\u00a0\u00a0\u00a0\u00a0\u00a0\u00a0\u00a0\u00a0\u00a0\u00a0\u00a0 09.00 \u00f3ra Eislingen\u00a0\u00a0\u00a0\u00a0\u00a0\u00a0\u00a0\u00a0\u00a0\u00a0\u00a0\u00a0\u00a0\u00a0\u00a0\u00a0 \u00e1prilis 23 vas\u00e1rnap\u00a0\u00a0\u00a0\u00a0\u00a0\u00a0\u00a0\u00a0\u00a0\u00a0\u00a0 15.00 \u00f3ra Heilbronn\u00a0\u00a0\u00a0\u00a0\u00a0\u00a0\u00a0\u00a0\u00a0\u00a0\u00a0\u00a0\u00a0\u00a0\u00a0 \u00e1prilis 23 vas\u00e1rnap\u00a0\u00a0\u00a0\u00a0\u00a0\u00a0\u00a0\u00a0\u00a0\u00a0\u00a0 15.30 \u00f3ra !!! \u00a0 \u00a0 Reviczky Gyula: H\u00fasv\u00e9t\u00a0 Fakadnak m\u00e1r a vir\u00e1gok, Kider\u00fcl az&#8230; <\/p>\n<p><a class=\"readmore\" href=\"https:\/\/stuttgarti-katolikusok.de\/index.php\/baratom-2017-aprilisa\/\">R\u00e9szletek<\/a><\/p>\n","protected":false},"author":3,"featured_media":0,"comment_status":"closed","ping_status":"closed","sticky":false,"template":"","format":"standard","meta":{"footnotes":""},"categories":[29],"tags":[],"class_list":["post-11780","post","type-post","status-publish","format-standard","hentry","category-baratom"],"yoast_head":"<!-- This site is optimized with the Yoast SEO plugin v27.3 - https:\/\/yoast.com\/product\/yoast-seo-wordpress\/ -->\n<title>Bar\u00e1tom - 2017 \u00e1prilisa - Stuttgarti Katolikusok<\/title>\n<meta name=\"robots\" content=\"index, follow, max-snippet:-1, max-image-preview:large, max-video-preview:-1\" \/>\n<link rel=\"canonical\" href=\"https:\/\/stuttgarti-katolikusok.de\/index.php\/baratom-2017-aprilisa\/\" \/>\n<meta property=\"og:locale\" content=\"hu_HU\" \/>\n<meta property=\"og:type\" content=\"article\" \/>\n<meta property=\"og:title\" content=\"Bar\u00e1tom - 2017 \u00e1prilisa - Stuttgarti Katolikusok\" \/>\n<meta property=\"og:description\" content=\"&nbsp; Bar\u00e1tom A Szent Gell\u00e9rt Magyar Katolikus Egyh\u00e1zk\u00f6zs\u00e9g Havilapja Szerkeszt\u0151: Ft. Merl\u00e1s Tibor \u00e9s Ft. Dr. Tempfli Imre. Kiad\u00f3: a Szent Gell\u00e9rt Magyar Katolikus Egyh\u00e1zk\u00f6zs\u00e9g. Postac\u00edm: Albert-Sch\u00e4ffle-Str. 30, 70186-Stuttgart. Tel: 0711-236 91 90, Fax: 0711-236 73 93, E-mail: mission@gracious-dewdney.138-201-221-2.plesk.page Honlap: www. stuttgarti-katolikusok.de Facebook: Stuttgarti.Katolikusok Sz\u00e1mla: Postbank Stuttgart, IBAN: DE80 600 100 700 002 190 704,\u00a0 BIC: PBNKDEFF 2 0 1 7\u00a0 \u00a0\u00c1 P R\u00a0 I\u00a0 L I S \u00a0 &#8222;A h\u00fasv\u00e9t a vall\u00e1s \u00fcnnepe. A vall\u00e1s ad h\u00edveinek megnyugv\u00e1st, hitet, f\u00f6lt\u00e1mad\u00e1st \u00e9s mennyb\u00e9li \u00fcdv\u00f6ss\u00e9get, nagyp\u00e9ntek pedig adja a keresztrefesz\u00edt\u00e9s igazs\u00e1g\u00e1t&#8230; \u00d3h, boldogok a h\u00edv\u0151k, kik ma s\u00edrnak, zokognak, de tudj\u00e1k, hogy m\u00e1r holnap este halleluj\u00e1zni fognak.&#8221; \u00a0(Ady Endre) S Z E N T M I S \u00c9 I N K Balingen\u00a0\u00a0\u00a0\u00a0\u00a0\u00a0\u00a0\u00a0\u00a0\u00a0\u00a0\u00a0\u00a0\u00a0\u00a0\u00a0 \u00e1prilis 01 szombat\u00a0\u00a0\u00a0\u00a0\u00a0\u00a0\u00a0\u00a0\u00a0\u00a0\u00a0\u00a0 17.00 \u00f3ra Munderkingen \u00a0\u00a0\u00a0\u00a0\u00a0\u00a0\u00a0 \u00e1prilis 02 vas\u00e1rnap\u00a0\u00a0\u00a0\u00a0\u00a0\u00a0\u00a0\u00a0\u00a0\u00a0\u00a0 09.00 \u00f3ra Schw\u00e4bisch Gm\u00fcnd \u00a0\u00a0\u00a0\u00a0\u00a0\u00a0\u00a0\u00a0\u00a0 \u00e1prilis 02 vas\u00e1rnap\u00a0\u00a0\u00a0\u00a0\u00a0\u00a0\u00a0\u00a0\u00a0\u00a0\u00a0 09.30 \u00f3ra Stuttgart\u00a0\u00a0\u00a0\u00a0\u00a0\u00a0\u00a0\u00a0\u00a0\u00a0\u00a0\u00a0\u00a0\u00a0\u00a0 \u00e1prilis 02 vas\u00e1rnap\u00a0\u00a0\u00a0\u00a0\u00a0\u00a0\u00a0\u00a0\u00a0\u00a0\u00a0 15.00 \u00f3ra !!! Friedrichshafen-Berg\u00a0\u00a0\u00a0\u00a0\u00a0\u00a0\u00a0\u00a0 \u00e1prilis 08 szombat\u00a0\u00a0\u00a0\u00a0\u00a0\u00a0\u00a0\u00a0\u00a0\u00a0\u00a0\u00a0 17.00 \u00f3ra Weingarten \u00a0\u00a0\u00a0\u00a0\u00a0\u00a0\u00a0\u00a0\u00a0\u00a0\u00a0 \u00e1prilis 09 vas\u00e1rnap \u00a0\u00a0\u00a0\u00a0\u00a0\u00a0\u00a0\u00a0\u00a0\u00a0 10.00 \u00f3ra Ulm \u00a0\u00a0\u00a0\u00a0\u00a0\u00a0\u00a0\u00a0\u00a0\u00a0\u00a0\u00a0\u00a0\u00a0\u00a0\u00a0\u00a0\u00a0\u00a0\u00a0\u00a0\u00a0 \u00e1prilis 09 vas\u00e1rnap \u00a0\u00a0\u00a0\u00a0\u00a0\u00a0\u00a0\u00a0\u00a0\u00a0 15.00 \u00f3ra Weingarten\u00a0\u00a0\u00a0\u00a0\u00a0\u00a0\u00a0\u00a0\u00a0\u00a0\u00a0\u00a0 \u00a0\u00e1prilis 13 Nagycs\u00fct\u00f6rt\u00f6k\u00a0 19.00 \u00f3ra Stuttgart\u00a0 \u00a0\u00a0\u00a0\u00a0\u00a0\u00a0\u00a0\u00a0\u00a0\u00a0\u00a0\u00a0\u00a0\u00a0\u00a0\u00e1prilis 13 Nagycs\u00fct\u00f6rt\u00f6k\u00a0\u00a0\u00a0 19.00 \u00f3ra Weingarten\u00a0\u00a0\u00a0\u00a0\u00a0\u00a0\u00a0\u00a0\u00a0\u00a0\u00a0\u00a0 \u00e1prilis 14 Nagyp\u00e9ntek\u00a0\u00a0\u00a0\u00a0\u00a0\u00a0\u00a0 15.00 \u00f3ra Stuttgart\u00a0\u00a0\u00a0\u00a0\u00a0\u00a0\u00a0\u00a0\u00a0\u00a0\u00a0\u00a0\u00a0\u00a0\u00a0 \u00e1prilis 14 Nagyp\u00e9ntek\u00a0\u00a0\u00a0\u00a0\u00a0\u00a0\u00a0 18.00 \u00f3ra Weingarten\u00a0\u00a0\u00a0\u00a0\u00a0\u00a0\u00a0\u00a0\u00a0\u00a0\u00a0\u00a0 \u00e1prilis 15 Nagyszombat\u00a0\u00a0\u00a0\u00a0\u00a0 20.00 \u00f3ra Stuttgart\u00a0\u00a0\u00a0\u00a0\u00a0\u00a0\u00a0\u00a0\u00a0\u00a0\u00a0\u00a0\u00a0\u00a0\u00a0 \u00e1prilis 15 Nagyszombat\u00a0\u00a0\u00a0\u00a0\u00a0 20.00 \u00f3ra Ludwigsburg\u00a0\u00a0\u00a0\u00a0\u00a0\u00a0\u00a0\u00a0\u00a0\u00a0 \u00e1prilis 16 H\u00daSV\u00c9T\u00a0\u00a0\u00a0\u00a0\u00a0\u00a0\u00a0\u00a0\u00a0\u00a0\u00a0\u00a0 09.30 \u00f3ra Weingarten\u00a0\u00a0\u00a0\u00a0\u00a0\u00a0\u00a0\u00a0\u00a0\u00a0\u00a0\u00a0 \u00e1prilis 16 H\u00daSV\u00c9T\u00a0\u00a0\u00a0\u00a0\u00a0\u00a0\u00a0\u00a0 \u00a0\u00a0\u00a0 10.00 \u00f3ra Stuttgart\u00a0\u00a0\u00a0\u00a0\u00a0\u00a0\u00a0\u00a0\u00a0\u00a0\u00a0\u00a0\u00a0\u00a0\u00a0 \u00e1prilis 16 H\u00daSV\u00c9T\u00a0\u00a0\u00a0\u00a0\u00a0\u00a0\u00a0 \u00a0\u00a0\u00a0\u00a0 12.00 \u00f3ra Pforzheim\u00a0\u00a0\u00a0\u00a0\u00a0\u00a0\u00a0\u00a0\u00a0\u00a0\u00a0\u00a0\u00a0\u00a0 \u00e1prilis 16 H\u00daSV\u00c9T\u00a0\u00a0\u00a0\u00a0\u00a0\u00a0\u00a0\u00a0\u00a0\u00a0\u00a0\u00a0 15.00 \u00f3ra Ulm\u00a0\u00a0\u00a0\u00a0\u00a0\u00a0\u00a0\u00a0\u00a0\u00a0\u00a0\u00a0\u00a0\u00a0\u00a0\u00a0\u00a0\u00a0\u00a0\u00a0\u00a0\u00a0\u00a0 \u00e1prilis 16 H\u00daSV\u00c9T\u00a0\u00a0\u00a0\u00a0\u00a0\u00a0\u00a0\u00a0 \u00a0\u00a0\u00a0 15.00 \u00f3ra Stuttgart\u00a0\u00a0\u00a0\u00a0\u00a0\u00a0 \u00a0\u00a0\u00a0\u00a0\u00a0\u00a0\u00a0\u00a0 \u00e1prilis 17 H\u00fasv\u00e9th\u00e9tf\u0151\u00a0\u00a0\u00a0\u00a0\u00a0\u00a0\u00a0 09.30 \u00f3ra Weingarten\u00a0\u00a0\u00a0\u00a0\u00a0\u00a0\u00a0\u00a0\u00a0\u00a0\u00a0\u00a0 \u00e1prilis 17 H\u00fasv\u00e9th\u00e9tf\u0151\u00a0\u00a0\u00a0\u00a0\u00a0\u00a0\u00a0 10.00 \u00f3ra Heidenheim\u00a0\u00a0\u00a0\u00a0\u00a0\u00a0\u00a0\u00a0\u00a0\u00a0\u00a0 \u00e1prilis 22 szombat\u00a0\u00a0\u00a0\u00a0\u00a0\u00a0\u00a0\u00a0\u00a0\u00a0\u00a0\u00a0 15.30 \u00f3ra Reutlingen\u00a0\u00a0\u00a0\u00a0\u00a0\u00a0\u00a0\u00a0\u00a0\u00a0\u00a0\u00a0\u00a0 \u00e1prilis 22 szombat\u00a0\u00a0\u00a0\u00a0\u00a0\u00a0\u00a0\u00a0\u00a0\u00a0\u00a0\u00a0 16.30 \u00f3ra Biberach\u00a0\u00a0\u00a0\u00a0\u00a0\u00a0\u00a0\u00a0\u00a0\u00a0\u00a0\u00a0\u00a0\u00a0\u00a0\u00a0 \u00e1prilis 23 vas\u00e1rnap\u00a0\u00a0\u00a0\u00a0\u00a0\u00a0\u00a0\u00a0\u00a0\u00a0\u00a0 08.45 \u00f3ra B\u00f6blingen\u00a0\u00a0\u00a0\u00a0\u00a0\u00a0\u00a0\u00a0\u00a0\u00a0\u00a0\u00a0\u00a0\u00a0 \u00e1prilis 23 vas\u00e1rnap\u00a0\u00a0\u00a0\u00a0\u00a0\u00a0\u00a0\u00a0\u00a0\u00a0\u00a0 09.00 \u00f3ra Eislingen\u00a0\u00a0\u00a0\u00a0\u00a0\u00a0\u00a0\u00a0\u00a0\u00a0\u00a0\u00a0\u00a0\u00a0\u00a0\u00a0 \u00e1prilis 23 vas\u00e1rnap\u00a0\u00a0\u00a0\u00a0\u00a0\u00a0\u00a0\u00a0\u00a0\u00a0\u00a0 15.00 \u00f3ra Heilbronn\u00a0\u00a0\u00a0\u00a0\u00a0\u00a0\u00a0\u00a0\u00a0\u00a0\u00a0\u00a0\u00a0\u00a0\u00a0 \u00e1prilis 23 vas\u00e1rnap\u00a0\u00a0\u00a0\u00a0\u00a0\u00a0\u00a0\u00a0\u00a0\u00a0\u00a0 15.30 \u00f3ra !!! \u00a0 \u00a0 Reviczky Gyula: H\u00fasv\u00e9t\u00a0 Fakadnak m\u00e1r a vir\u00e1gok, Kider\u00fcl az... R\u00e9szletek\" \/>\n<meta property=\"og:url\" content=\"https:\/\/stuttgarti-katolikusok.de\/index.php\/baratom-2017-aprilisa\/\" \/>\n<meta property=\"og:site_name\" content=\"Stuttgarti Katolikusok\" \/>\n<meta property=\"article:published_time\" content=\"2017-04-11T12:18:22+00:00\" \/>\n<meta property=\"article:modified_time\" content=\"2017-04-15T12:55:26+00:00\" \/>\n<meta name=\"author\" content=\"Tibor atya\" \/>\n<meta name=\"twitter:card\" content=\"summary_large_image\" \/>\n<meta name=\"twitter:label1\" content=\"Szerz\u0151:\" \/>\n\t<meta name=\"twitter:data1\" content=\"Tibor atya\" \/>\n\t<meta name=\"twitter:label2\" content=\"Becs\u00fclt olvas\u00e1si id\u0151\" \/>\n\t<meta name=\"twitter:data2\" content=\"4 perc\" \/>\n<script type=\"application\/ld+json\" class=\"yoast-schema-graph\">{\"@context\":\"https:\\\/\\\/schema.org\",\"@graph\":[{\"@type\":\"Article\",\"@id\":\"https:\\\/\\\/stuttgarti-katolikusok.de\\\/index.php\\\/baratom-2017-aprilisa\\\/#article\",\"isPartOf\":{\"@id\":\"https:\\\/\\\/stuttgarti-katolikusok.de\\\/index.php\\\/baratom-2017-aprilisa\\\/\"},\"author\":{\"name\":\"Tibor atya\",\"@id\":\"https:\\\/\\\/stuttgarti-katolikusok.de\\\/#\\\/schema\\\/person\\\/75908d6f8fdc03a57889d27209df7795\"},\"headline\":\"Bar\u00e1tom &#8211; 2017 \u00e1prilisa\",\"datePublished\":\"2017-04-11T12:18:22+00:00\",\"dateModified\":\"2017-04-15T12:55:26+00:00\",\"mainEntityOfPage\":{\"@id\":\"https:\\\/\\\/stuttgarti-katolikusok.de\\\/index.php\\\/baratom-2017-aprilisa\\\/\"},\"wordCount\":870,\"articleSection\":[\"Bar\u00e1tom\"],\"inLanguage\":\"hu\"},{\"@type\":\"WebPage\",\"@id\":\"https:\\\/\\\/stuttgarti-katolikusok.de\\\/index.php\\\/baratom-2017-aprilisa\\\/\",\"url\":\"https:\\\/\\\/stuttgarti-katolikusok.de\\\/index.php\\\/baratom-2017-aprilisa\\\/\",\"name\":\"Bar\u00e1tom - 2017 \u00e1prilisa - Stuttgarti Katolikusok\",\"isPartOf\":{\"@id\":\"https:\\\/\\\/stuttgarti-katolikusok.de\\\/#website\"},\"datePublished\":\"2017-04-11T12:18:22+00:00\",\"dateModified\":\"2017-04-15T12:55:26+00:00\",\"author\":{\"@id\":\"https:\\\/\\\/stuttgarti-katolikusok.de\\\/#\\\/schema\\\/person\\\/75908d6f8fdc03a57889d27209df7795\"},\"breadcrumb\":{\"@id\":\"https:\\\/\\\/stuttgarti-katolikusok.de\\\/index.php\\\/baratom-2017-aprilisa\\\/#breadcrumb\"},\"inLanguage\":\"hu\",\"potentialAction\":[{\"@type\":\"ReadAction\",\"target\":[\"https:\\\/\\\/stuttgarti-katolikusok.de\\\/index.php\\\/baratom-2017-aprilisa\\\/\"]}]},{\"@type\":\"BreadcrumbList\",\"@id\":\"https:\\\/\\\/stuttgarti-katolikusok.de\\\/index.php\\\/baratom-2017-aprilisa\\\/#breadcrumb\",\"itemListElement\":[{\"@type\":\"ListItem\",\"position\":1,\"name\":\"Kezd\u0151lap\",\"item\":\"https:\\\/\\\/stuttgarti-katolikusok.de\\\/\"},{\"@type\":\"ListItem\",\"position\":2,\"name\":\"Bar\u00e1tom &#8211; 2017 \u00e1prilisa\"}]},{\"@type\":\"WebSite\",\"@id\":\"https:\\\/\\\/stuttgarti-katolikusok.de\\\/#website\",\"url\":\"https:\\\/\\\/stuttgarti-katolikusok.de\\\/\",\"name\":\"Stuttgarti Katolikusok\",\"description\":\"\",\"potentialAction\":[{\"@type\":\"SearchAction\",\"target\":{\"@type\":\"EntryPoint\",\"urlTemplate\":\"https:\\\/\\\/stuttgarti-katolikusok.de\\\/?s={search_term_string}\"},\"query-input\":{\"@type\":\"PropertyValueSpecification\",\"valueRequired\":true,\"valueName\":\"search_term_string\"}}],\"inLanguage\":\"hu\"},{\"@type\":\"Person\",\"@id\":\"https:\\\/\\\/stuttgarti-katolikusok.de\\\/#\\\/schema\\\/person\\\/75908d6f8fdc03a57889d27209df7795\",\"name\":\"Tibor atya\",\"image\":{\"@type\":\"ImageObject\",\"inLanguage\":\"hu\",\"@id\":\"https:\\\/\\\/secure.gravatar.com\\\/avatar\\\/61d268e57d1f4525b111222e29d2d5a7f8c420fdbf231ba5566a8ceac74fa960?s=96&d=mm&r=g\",\"url\":\"https:\\\/\\\/secure.gravatar.com\\\/avatar\\\/61d268e57d1f4525b111222e29d2d5a7f8c420fdbf231ba5566a8ceac74fa960?s=96&d=mm&r=g\",\"contentUrl\":\"https:\\\/\\\/secure.gravatar.com\\\/avatar\\\/61d268e57d1f4525b111222e29d2d5a7f8c420fdbf231ba5566a8ceac74fa960?s=96&d=mm&r=g\",\"caption\":\"Tibor atya\"},\"url\":\"https:\\\/\\\/stuttgarti-katolikusok.de\\\/index.php\\\/author\\\/tibor-atya\\\/\"}]}<\/script>\n<!-- \/ Yoast SEO plugin. -->","yoast_head_json":{"title":"Bar\u00e1tom - 2017 \u00e1prilisa - Stuttgarti Katolikusok","robots":{"index":"index","follow":"follow","max-snippet":"max-snippet:-1","max-image-preview":"max-image-preview:large","max-video-preview":"max-video-preview:-1"},"canonical":"https:\/\/stuttgarti-katolikusok.de\/index.php\/baratom-2017-aprilisa\/","og_locale":"hu_HU","og_type":"article","og_title":"Bar\u00e1tom - 2017 \u00e1prilisa - Stuttgarti Katolikusok","og_description":"&nbsp; Bar\u00e1tom A Szent Gell\u00e9rt Magyar Katolikus Egyh\u00e1zk\u00f6zs\u00e9g Havilapja Szerkeszt\u0151: Ft. Merl\u00e1s Tibor \u00e9s Ft. Dr. Tempfli Imre. Kiad\u00f3: a Szent Gell\u00e9rt Magyar Katolikus Egyh\u00e1zk\u00f6zs\u00e9g. Postac\u00edm: Albert-Sch\u00e4ffle-Str. 30, 70186-Stuttgart. Tel: 0711-236 91 90, Fax: 0711-236 73 93, E-mail: mission@gracious-dewdney.138-201-221-2.plesk.page Honlap: www. stuttgarti-katolikusok.de Facebook: Stuttgarti.Katolikusok Sz\u00e1mla: Postbank Stuttgart, IBAN: DE80 600 100 700 002 190 704,\u00a0 BIC: PBNKDEFF 2 0 1 7\u00a0 \u00a0\u00c1 P R\u00a0 I\u00a0 L I S \u00a0 &#8222;A h\u00fasv\u00e9t a vall\u00e1s \u00fcnnepe. A vall\u00e1s ad h\u00edveinek megnyugv\u00e1st, hitet, f\u00f6lt\u00e1mad\u00e1st \u00e9s mennyb\u00e9li \u00fcdv\u00f6ss\u00e9get, nagyp\u00e9ntek pedig adja a keresztrefesz\u00edt\u00e9s igazs\u00e1g\u00e1t&#8230; \u00d3h, boldogok a h\u00edv\u0151k, kik ma s\u00edrnak, zokognak, de tudj\u00e1k, hogy m\u00e1r holnap este halleluj\u00e1zni fognak.&#8221; \u00a0(Ady Endre) S Z E N T M I S \u00c9 I N K Balingen\u00a0\u00a0\u00a0\u00a0\u00a0\u00a0\u00a0\u00a0\u00a0\u00a0\u00a0\u00a0\u00a0\u00a0\u00a0\u00a0 \u00e1prilis 01 szombat\u00a0\u00a0\u00a0\u00a0\u00a0\u00a0\u00a0\u00a0\u00a0\u00a0\u00a0\u00a0 17.00 \u00f3ra Munderkingen \u00a0\u00a0\u00a0\u00a0\u00a0\u00a0\u00a0 \u00e1prilis 02 vas\u00e1rnap\u00a0\u00a0\u00a0\u00a0\u00a0\u00a0\u00a0\u00a0\u00a0\u00a0\u00a0 09.00 \u00f3ra Schw\u00e4bisch Gm\u00fcnd \u00a0\u00a0\u00a0\u00a0\u00a0\u00a0\u00a0\u00a0\u00a0 \u00e1prilis 02 vas\u00e1rnap\u00a0\u00a0\u00a0\u00a0\u00a0\u00a0\u00a0\u00a0\u00a0\u00a0\u00a0 09.30 \u00f3ra Stuttgart\u00a0\u00a0\u00a0\u00a0\u00a0\u00a0\u00a0\u00a0\u00a0\u00a0\u00a0\u00a0\u00a0\u00a0\u00a0 \u00e1prilis 02 vas\u00e1rnap\u00a0\u00a0\u00a0\u00a0\u00a0\u00a0\u00a0\u00a0\u00a0\u00a0\u00a0 15.00 \u00f3ra !!! Friedrichshafen-Berg\u00a0\u00a0\u00a0\u00a0\u00a0\u00a0\u00a0\u00a0 \u00e1prilis 08 szombat\u00a0\u00a0\u00a0\u00a0\u00a0\u00a0\u00a0\u00a0\u00a0\u00a0\u00a0\u00a0 17.00 \u00f3ra Weingarten \u00a0\u00a0\u00a0\u00a0\u00a0\u00a0\u00a0\u00a0\u00a0\u00a0\u00a0 \u00e1prilis 09 vas\u00e1rnap \u00a0\u00a0\u00a0\u00a0\u00a0\u00a0\u00a0\u00a0\u00a0\u00a0 10.00 \u00f3ra Ulm \u00a0\u00a0\u00a0\u00a0\u00a0\u00a0\u00a0\u00a0\u00a0\u00a0\u00a0\u00a0\u00a0\u00a0\u00a0\u00a0\u00a0\u00a0\u00a0\u00a0\u00a0\u00a0 \u00e1prilis 09 vas\u00e1rnap \u00a0\u00a0\u00a0\u00a0\u00a0\u00a0\u00a0\u00a0\u00a0\u00a0 15.00 \u00f3ra Weingarten\u00a0\u00a0\u00a0\u00a0\u00a0\u00a0\u00a0\u00a0\u00a0\u00a0\u00a0\u00a0 \u00a0\u00e1prilis 13 Nagycs\u00fct\u00f6rt\u00f6k\u00a0 19.00 \u00f3ra Stuttgart\u00a0 \u00a0\u00a0\u00a0\u00a0\u00a0\u00a0\u00a0\u00a0\u00a0\u00a0\u00a0\u00a0\u00a0\u00a0\u00a0\u00e1prilis 13 Nagycs\u00fct\u00f6rt\u00f6k\u00a0\u00a0\u00a0 19.00 \u00f3ra Weingarten\u00a0\u00a0\u00a0\u00a0\u00a0\u00a0\u00a0\u00a0\u00a0\u00a0\u00a0\u00a0 \u00e1prilis 14 Nagyp\u00e9ntek\u00a0\u00a0\u00a0\u00a0\u00a0\u00a0\u00a0 15.00 \u00f3ra Stuttgart\u00a0\u00a0\u00a0\u00a0\u00a0\u00a0\u00a0\u00a0\u00a0\u00a0\u00a0\u00a0\u00a0\u00a0\u00a0 \u00e1prilis 14 Nagyp\u00e9ntek\u00a0\u00a0\u00a0\u00a0\u00a0\u00a0\u00a0 18.00 \u00f3ra Weingarten\u00a0\u00a0\u00a0\u00a0\u00a0\u00a0\u00a0\u00a0\u00a0\u00a0\u00a0\u00a0 \u00e1prilis 15 Nagyszombat\u00a0\u00a0\u00a0\u00a0\u00a0 20.00 \u00f3ra Stuttgart\u00a0\u00a0\u00a0\u00a0\u00a0\u00a0\u00a0\u00a0\u00a0\u00a0\u00a0\u00a0\u00a0\u00a0\u00a0 \u00e1prilis 15 Nagyszombat\u00a0\u00a0\u00a0\u00a0\u00a0 20.00 \u00f3ra Ludwigsburg\u00a0\u00a0\u00a0\u00a0\u00a0\u00a0\u00a0\u00a0\u00a0\u00a0 \u00e1prilis 16 H\u00daSV\u00c9T\u00a0\u00a0\u00a0\u00a0\u00a0\u00a0\u00a0\u00a0\u00a0\u00a0\u00a0\u00a0 09.30 \u00f3ra Weingarten\u00a0\u00a0\u00a0\u00a0\u00a0\u00a0\u00a0\u00a0\u00a0\u00a0\u00a0\u00a0 \u00e1prilis 16 H\u00daSV\u00c9T\u00a0\u00a0\u00a0\u00a0\u00a0\u00a0\u00a0\u00a0 \u00a0\u00a0\u00a0 10.00 \u00f3ra Stuttgart\u00a0\u00a0\u00a0\u00a0\u00a0\u00a0\u00a0\u00a0\u00a0\u00a0\u00a0\u00a0\u00a0\u00a0\u00a0 \u00e1prilis 16 H\u00daSV\u00c9T\u00a0\u00a0\u00a0\u00a0\u00a0\u00a0\u00a0 \u00a0\u00a0\u00a0\u00a0 12.00 \u00f3ra Pforzheim\u00a0\u00a0\u00a0\u00a0\u00a0\u00a0\u00a0\u00a0\u00a0\u00a0\u00a0\u00a0\u00a0\u00a0 \u00e1prilis 16 H\u00daSV\u00c9T\u00a0\u00a0\u00a0\u00a0\u00a0\u00a0\u00a0\u00a0\u00a0\u00a0\u00a0\u00a0 15.00 \u00f3ra Ulm\u00a0\u00a0\u00a0\u00a0\u00a0\u00a0\u00a0\u00a0\u00a0\u00a0\u00a0\u00a0\u00a0\u00a0\u00a0\u00a0\u00a0\u00a0\u00a0\u00a0\u00a0\u00a0\u00a0 \u00e1prilis 16 H\u00daSV\u00c9T\u00a0\u00a0\u00a0\u00a0\u00a0\u00a0\u00a0\u00a0 \u00a0\u00a0\u00a0 15.00 \u00f3ra Stuttgart\u00a0\u00a0\u00a0\u00a0\u00a0\u00a0 \u00a0\u00a0\u00a0\u00a0\u00a0\u00a0\u00a0\u00a0 \u00e1prilis 17 H\u00fasv\u00e9th\u00e9tf\u0151\u00a0\u00a0\u00a0\u00a0\u00a0\u00a0\u00a0 09.30 \u00f3ra Weingarten\u00a0\u00a0\u00a0\u00a0\u00a0\u00a0\u00a0\u00a0\u00a0\u00a0\u00a0\u00a0 \u00e1prilis 17 H\u00fasv\u00e9th\u00e9tf\u0151\u00a0\u00a0\u00a0\u00a0\u00a0\u00a0\u00a0 10.00 \u00f3ra Heidenheim\u00a0\u00a0\u00a0\u00a0\u00a0\u00a0\u00a0\u00a0\u00a0\u00a0\u00a0 \u00e1prilis 22 szombat\u00a0\u00a0\u00a0\u00a0\u00a0\u00a0\u00a0\u00a0\u00a0\u00a0\u00a0\u00a0 15.30 \u00f3ra Reutlingen\u00a0\u00a0\u00a0\u00a0\u00a0\u00a0\u00a0\u00a0\u00a0\u00a0\u00a0\u00a0\u00a0 \u00e1prilis 22 szombat\u00a0\u00a0\u00a0\u00a0\u00a0\u00a0\u00a0\u00a0\u00a0\u00a0\u00a0\u00a0 16.30 \u00f3ra Biberach\u00a0\u00a0\u00a0\u00a0\u00a0\u00a0\u00a0\u00a0\u00a0\u00a0\u00a0\u00a0\u00a0\u00a0\u00a0\u00a0 \u00e1prilis 23 vas\u00e1rnap\u00a0\u00a0\u00a0\u00a0\u00a0\u00a0\u00a0\u00a0\u00a0\u00a0\u00a0 08.45 \u00f3ra B\u00f6blingen\u00a0\u00a0\u00a0\u00a0\u00a0\u00a0\u00a0\u00a0\u00a0\u00a0\u00a0\u00a0\u00a0\u00a0 \u00e1prilis 23 vas\u00e1rnap\u00a0\u00a0\u00a0\u00a0\u00a0\u00a0\u00a0\u00a0\u00a0\u00a0\u00a0 09.00 \u00f3ra Eislingen\u00a0\u00a0\u00a0\u00a0\u00a0\u00a0\u00a0\u00a0\u00a0\u00a0\u00a0\u00a0\u00a0\u00a0\u00a0\u00a0 \u00e1prilis 23 vas\u00e1rnap\u00a0\u00a0\u00a0\u00a0\u00a0\u00a0\u00a0\u00a0\u00a0\u00a0\u00a0 15.00 \u00f3ra Heilbronn\u00a0\u00a0\u00a0\u00a0\u00a0\u00a0\u00a0\u00a0\u00a0\u00a0\u00a0\u00a0\u00a0\u00a0\u00a0 \u00e1prilis 23 vas\u00e1rnap\u00a0\u00a0\u00a0\u00a0\u00a0\u00a0\u00a0\u00a0\u00a0\u00a0\u00a0 15.30 \u00f3ra !!! \u00a0 \u00a0 Reviczky Gyula: H\u00fasv\u00e9t\u00a0 Fakadnak m\u00e1r a vir\u00e1gok, Kider\u00fcl az... R\u00e9szletek","og_url":"https:\/\/stuttgarti-katolikusok.de\/index.php\/baratom-2017-aprilisa\/","og_site_name":"Stuttgarti Katolikusok","article_published_time":"2017-04-11T12:18:22+00:00","article_modified_time":"2017-04-15T12:55:26+00:00","author":"Tibor atya","twitter_card":"summary_large_image","twitter_misc":{"Szerz\u0151:":"Tibor atya","Becs\u00fclt olvas\u00e1si id\u0151":"4 perc"},"schema":{"@context":"https:\/\/schema.org","@graph":[{"@type":"Article","@id":"https:\/\/stuttgarti-katolikusok.de\/index.php\/baratom-2017-aprilisa\/#article","isPartOf":{"@id":"https:\/\/stuttgarti-katolikusok.de\/index.php\/baratom-2017-aprilisa\/"},"author":{"name":"Tibor atya","@id":"https:\/\/stuttgarti-katolikusok.de\/#\/schema\/person\/75908d6f8fdc03a57889d27209df7795"},"headline":"Bar\u00e1tom &#8211; 2017 \u00e1prilisa","datePublished":"2017-04-11T12:18:22+00:00","dateModified":"2017-04-15T12:55:26+00:00","mainEntityOfPage":{"@id":"https:\/\/stuttgarti-katolikusok.de\/index.php\/baratom-2017-aprilisa\/"},"wordCount":870,"articleSection":["Bar\u00e1tom"],"inLanguage":"hu"},{"@type":"WebPage","@id":"https:\/\/stuttgarti-katolikusok.de\/index.php\/baratom-2017-aprilisa\/","url":"https:\/\/stuttgarti-katolikusok.de\/index.php\/baratom-2017-aprilisa\/","name":"Bar\u00e1tom - 2017 \u00e1prilisa - Stuttgarti Katolikusok","isPartOf":{"@id":"https:\/\/stuttgarti-katolikusok.de\/#website"},"datePublished":"2017-04-11T12:18:22+00:00","dateModified":"2017-04-15T12:55:26+00:00","author":{"@id":"https:\/\/stuttgarti-katolikusok.de\/#\/schema\/person\/75908d6f8fdc03a57889d27209df7795"},"breadcrumb":{"@id":"https:\/\/stuttgarti-katolikusok.de\/index.php\/baratom-2017-aprilisa\/#breadcrumb"},"inLanguage":"hu","potentialAction":[{"@type":"ReadAction","target":["https:\/\/stuttgarti-katolikusok.de\/index.php\/baratom-2017-aprilisa\/"]}]},{"@type":"BreadcrumbList","@id":"https:\/\/stuttgarti-katolikusok.de\/index.php\/baratom-2017-aprilisa\/#breadcrumb","itemListElement":[{"@type":"ListItem","position":1,"name":"Kezd\u0151lap","item":"https:\/\/stuttgarti-katolikusok.de\/"},{"@type":"ListItem","position":2,"name":"Bar\u00e1tom &#8211; 2017 \u00e1prilisa"}]},{"@type":"WebSite","@id":"https:\/\/stuttgarti-katolikusok.de\/#website","url":"https:\/\/stuttgarti-katolikusok.de\/","name":"Stuttgarti Katolikusok","description":"","potentialAction":[{"@type":"SearchAction","target":{"@type":"EntryPoint","urlTemplate":"https:\/\/stuttgarti-katolikusok.de\/?s={search_term_string}"},"query-input":{"@type":"PropertyValueSpecification","valueRequired":true,"valueName":"search_term_string"}}],"inLanguage":"hu"},{"@type":"Person","@id":"https:\/\/stuttgarti-katolikusok.de\/#\/schema\/person\/75908d6f8fdc03a57889d27209df7795","name":"Tibor atya","image":{"@type":"ImageObject","inLanguage":"hu","@id":"https:\/\/secure.gravatar.com\/avatar\/61d268e57d1f4525b111222e29d2d5a7f8c420fdbf231ba5566a8ceac74fa960?s=96&d=mm&r=g","url":"https:\/\/secure.gravatar.com\/avatar\/61d268e57d1f4525b111222e29d2d5a7f8c420fdbf231ba5566a8ceac74fa960?s=96&d=mm&r=g","contentUrl":"https:\/\/secure.gravatar.com\/avatar\/61d268e57d1f4525b111222e29d2d5a7f8c420fdbf231ba5566a8ceac74fa960?s=96&d=mm&r=g","caption":"Tibor atya"},"url":"https:\/\/stuttgarti-katolikusok.de\/index.php\/author\/tibor-atya\/"}]}},"_links":{"self":[{"href":"https:\/\/stuttgarti-katolikusok.de\/index.php\/wp-json\/wp\/v2\/posts\/11780","targetHints":{"allow":["GET"]}}],"collection":[{"href":"https:\/\/stuttgarti-katolikusok.de\/index.php\/wp-json\/wp\/v2\/posts"}],"about":[{"href":"https:\/\/stuttgarti-katolikusok.de\/index.php\/wp-json\/wp\/v2\/types\/post"}],"author":[{"embeddable":true,"href":"https:\/\/stuttgarti-katolikusok.de\/index.php\/wp-json\/wp\/v2\/users\/3"}],"replies":[{"embeddable":true,"href":"https:\/\/stuttgarti-katolikusok.de\/index.php\/wp-json\/wp\/v2\/comments?post=11780"}],"version-history":[{"count":3,"href":"https:\/\/stuttgarti-katolikusok.de\/index.php\/wp-json\/wp\/v2\/posts\/11780\/revisions"}],"predecessor-version":[{"id":11795,"href":"https:\/\/stuttgarti-katolikusok.de\/index.php\/wp-json\/wp\/v2\/posts\/11780\/revisions\/11795"}],"wp:attachment":[{"href":"https:\/\/stuttgarti-katolikusok.de\/index.php\/wp-json\/wp\/v2\/media?parent=11780"}],"wp:term":[{"taxonomy":"category","embeddable":true,"href":"https:\/\/stuttgarti-katolikusok.de\/index.php\/wp-json\/wp\/v2\/categories?post=11780"},{"taxonomy":"post_tag","embeddable":true,"href":"https:\/\/stuttgarti-katolikusok.de\/index.php\/wp-json\/wp\/v2\/tags?post=11780"}],"curies":[{"name":"wp","href":"https:\/\/api.w.org\/{rel}","templated":true}]}}