{"id":11717,"date":"2017-04-10T07:22:27","date_gmt":"2017-04-10T07:22:27","guid":{"rendered":"https:\/\/gracious-dewdney.138-201-221-2.plesk.page\/?p=11717"},"modified":"2017-04-10T13:46:49","modified_gmt":"2017-04-10T13:46:49","slug":"programelozetes-a-szent-harom-napra","status":"publish","type":"post","link":"https:\/\/stuttgarti-katolikusok.de\/index.php\/programelozetes-a-szent-harom-napra\/","title":{"rendered":"Programel\u0151zetes a Szent H\u00e1rom Napra"},"content":{"rendered":"<p><strong>Programel\u0151zetes a Szent H\u00e1rom Napra<\/strong><\/p>\n<p>H \u00da S V \u00c9 T<\/p>\n<p><em>Ezekben a napokban \u00fcnnepelj\u00fck a kereszt\u00e9nys\u00e9g legnagyobb \u00fcnnep\u00e9t, a H\u00fasv\u00e9tot. <\/em><\/p>\n<p><em>Mi a h\u00fasv\u00e9t \u00fczenete sz\u00e1munkra?<\/em><\/p>\n<p><em>Az els\u0151 \u00fczenet: Az, akit keresztre fesz\u00edtettek, meghalt \u00e9s eltemettek, az maga az Isten Fia volt. J\u00e9zusban az Isten megmutatta, hogy mennyire szereti \u00e9s mennyire komolyan veszi az embert \u00e9s minden gondj\u00e1t. Nem hagyja mag\u00e1ra a b\u0171nben, a bajban, a betegs\u00e9gben \u00e9s a szenved\u00e9sben. Hanem eg\u00e9szen emberr\u00e9 lesz, teljes m\u00e9lys\u00e9g\u00e9ben meg\u00edzleli \u00e9rt\u00fcnk az emberi \u00e9let gondjait, s\u0151t m\u00e9g a hal\u00e1lt is. <\/em><\/p>\n<p><em>A m\u00e1sodik \u00fczenet: Isten, J\u00e9zusban, nem elker\u00fclte, nem megsz\u00fcntette, hanem megszentelte a hal\u00e1lt. Isten ugyanis nek\u00fcnk nem v\u00e9ges boldogs\u00e1got, nem csup\u00e1n \u00e9lvezeteket akar ny\u00fajtani, amelyeket ez a muland\u00f3 vil\u00e1g is ny\u00fajthat nek\u00fcnk, hanem v\u00e9get nem \u00e9r\u0151 boldogs\u00e1got. <\/em><\/p>\n<p><em>Ez pedig csak egy felt\u00e1madott, eg\u00e9szen \u00faj \u00e9letben lehets\u00e9ges, amelyre J\u00e9zus az \u0151 felt\u00e1mad\u00e1s\u00e1ban mindannyiunknak biztos\u00edt\u00e9kot ad.<br \/>\n<\/em><\/p>\n<p><em>V\u00e9g\u00fcl a harmadik \u00fczenet: A h\u00fasv\u00e9t a megalapozott, tiszta \u00f6r\u00f6m \u00fcnnepe. Ez a tiszta \u00f6r\u00f6m a felt\u00e1mad\u00e1s t\u00e9ny\u00e9b\u0151l fakad. Mi, kereszt\u00e9nyek, annak is \u00f6rvend\u00fcnk H\u00fasv\u00e9tkor, hogy gondjainkat, aggodalmainkat Krisztus felt\u00e1mad\u00e1s\u00e1nak f\u00e9ny\u00e9ben szeml\u00e9lhetj\u00fck. Isten terv\u00e9ben \u00e9let\u00fcnk minden esem\u00e9ny\u00e9nek megvan a maga \u00e9rtelme \u00e9s oka. Ez\u00e9rt nem f\u00e9l\u00fcnk \u00e9s nem aggodalmaskodunk, mert minden m\u00f6g\u00f6tt Isten mosolyog r\u00e1nk! A felt\u00e1madt J\u00e9zus ma is, minden emberre \u00edgy k\u00f6sz\u00f6n r\u00e1: \u201eB\u00e9ke veletek! Ne f\u00e9ljetek! \u00c9n veletek vagyok!\u201d\u00a0<\/em><\/p>\n<p><em>Ez\u00e9rt \u00fcnnepelj\u00fck t\u00f6bb napon kereszt\u00fcl a H\u00fasv\u00e9tot!<\/em><\/p>\n<p><em>Tarts vel\u00fcnk Te is!<\/em><\/p>\n<p><em>\u00a0<\/em><em>Ime a h\u00fasv\u00e9ti miseprogramunk:<\/em><\/p>\n<p><strong>\u00a0<\/strong><strong>\u00c1PRILIS 13., NAGYCS\u00dcT\u00d6RT\u00d6K<\/strong><\/p>\n<p><strong>\u00a0\u00a0\u00a0\u00a0\u00a0\u00a0\u00a0\u00a0\u00a0\u00a0\u00a0\u00a0\u00a0\u00a0\u00a0\u00a0\u00a0\u00a0\u00a0\u00a0\u00a0\u00a0\u00a0 Weingartenben<\/strong> \u2013 18.00 \u00f3rakor a 14 Nothelfer Kapelle-ben<em> Triduum Paschale<\/em>, 19.00 \u00f3rakor <em>nagycs\u00fct\u00f6rt\u00f6ki szentmise<\/em>, benne <em>l\u00e1bmos\u00e1s<\/em>.<strong><br \/>\n<\/strong><\/p>\n<p><strong>\u00a0\u00a0\u00a0\u00a0\u00a0\u00a0\u00a0\u00a0\u00a0\u00a0\u00a0\u00a0\u00a0\u00a0\u00a0\u00a0\u00a0\u00a0\u00a0\u00a0\u00a0\u00a0\u00a0 Stuttgartban<\/strong> 19.00 \u00f3rakor <em>az Utols\u00f3 Vacsora eml\u00e9kmis\u00e9je<\/em>.<\/p>\n<p style=\"text-align: center;\">*<\/p>\n<p><strong>\u00c1PRILIS 14., NAGYP\u00c9NTEK<\/strong><\/p>\n<p><strong>\u00a0\u00a0\u00a0\u00a0\u00a0\u00a0\u00a0\u00a0\u00a0\u00a0\u00a0\u00a0\u00a0\u00a0\u00a0\u00a0\u00a0\u00a0\u00a0\u00a0\u00a0\u00a0\u00a0 Ulmban<\/strong> \u2013 10.00 \u00f3rakor <em>kereszt\u00fat<\/em>, illetve a <em>Triduum Paschale<\/em> \u2013 a h\u00e1rom nap liturgi\u00e1j\u00e1r\u00f3l.<\/p>\n<p><strong>\u00a0\u00a0\u00a0\u00a0\u00a0\u00a0\u00a0\u00a0\u00a0\u00a0\u00a0\u00a0\u00a0\u00a0\u00a0\u00a0\u00a0\u00a0\u00a0\u00a0\u00a0\u00a0\u00a0 Weingartenben, <\/strong>a 14 Nothelfer Kapelle-ben, 15.00 \u00f3rakor <em>kereszt\u00fat<\/em> \u2013 <em>Nagyp\u00e9nteki szertart\u00e1s passi\u00f3val.<\/em><\/p>\n<p><strong>\u00a0\u00a0\u00a0\u00a0\u00a0\u00a0\u00a0\u00a0\u00a0\u00a0\u00a0\u00a0\u00a0\u00a0\u00a0\u00a0\u00a0\u00a0\u00a0\u00a0\u00a0\u00a0\u00a0 Stuttgartban,<\/strong> 18.00 \u00f3rakor, <em>nagyp\u00e9nteki szertart\u00e1s passi\u00f3val<\/em>.<\/p>\n<p style=\"text-align: center;\">*<\/p>\n<p><strong>\u00c1PRILIS 15., NAGYSZOMBAT<\/strong><\/p>\n<p><strong>\u00a0\u00a0\u00a0\u00a0\u00a0\u00a0\u00a0\u00a0\u00a0\u00a0\u00a0\u00a0\u00a0\u00a0\u00a0\u00a0\u00a0\u00a0\u00a0\u00a0\u00a0\u00a0\u00a0 Weingartenben<\/strong> \u2013 20.00 \u00f3rakor 14 Nothelfer Kapelle\u2013ben <em>H\u00fasv\u00e9t vig\u00edli\u00e1ja &#8211; ut\u00e1na \u00e9telszentel\u00e9s.<\/em><\/p>\n<p><strong>\u00a0\u00a0\u00a0\u00a0\u00a0\u00a0\u00a0\u00a0\u00a0\u00a0\u00a0\u00a0\u00a0\u00a0\u00a0\u00a0\u00a0\u00a0\u00a0\u00a0\u00a0\u00a0\u00a0 Stuttgartban,<\/strong> 20.00 \u00f3rakor <em>H\u00fasv\u00e9ti felt\u00e1mad\u00e1si szertart\u00e1s \u2013 <\/em>ut\u00e1na<em> \u00e9telszentel\u00e9s<\/em>.<\/p>\n<p style=\"text-align: center;\">*<\/p>\n<p><strong>\u00c1PRILIS 16.,\u00a0 H\u00daSV\u00c9TVAS\u00c1RNAP<\/strong><\/p>\n<p><strong>\u00a0\u00a0\u00a0\u00a0\u00a0\u00a0\u00a0\u00a0\u00a0\u00a0\u00a0\u00a0\u00a0\u00a0\u00a0\u00a0\u00a0\u00a0\u00a0\u00a0\u00a0\u00a0\u00a0 Weingartenben<\/strong>, a 14 Nothelfer Kapelle\u2013ben 10.00 \u00f3rakor <em>H\u00fasv\u00e9t \u00fcnnepe \u2013 <\/em>ut\u00e1na <em>\u00e9telszentel\u00e9s.<\/em><\/p>\n<p><strong>\u00a0\u00a0\u00a0\u00a0\u00a0\u00a0\u00a0\u00a0\u00a0\u00a0\u00a0\u00a0\u00a0\u00a0\u00a0\u00a0\u00a0\u00a0\u00a0\u00a0\u00a0\u00a0\u00a0 Ludwigsburgban, <\/strong>9.30 \u00f3rakor <em>H\u00fasv\u00e9ti \u00fcnnepi nagymise &#8211; <\/em>ut\u00e1na<em> \u00e9telszentel\u00e9s.<\/em><\/p>\n<p><strong>\u00a0\u00a0\u00a0\u00a0\u00a0\u00a0\u00a0\u00a0\u00a0\u00a0\u00a0\u00a0\u00a0\u00a0\u00a0\u00a0\u00a0\u00a0\u00a0\u00a0\u00a0\u00a0\u00a0 Stuttgartban, <\/strong>12.00 \u00f3rakor <em>H\u00fasv\u00e9ti \u00fcnnepi nagymise &#8211; <\/em>ut\u00e1na<em> \u00e9telszentel\u00e9s.<\/em><\/p>\n<p><strong>\u00a0\u00a0\u00a0\u00a0\u00a0\u00a0\u00a0\u00a0\u00a0\u00a0\u00a0\u00a0\u00a0\u00a0\u00a0\u00a0\u00a0\u00a0\u00a0\u00a0\u00a0\u00a0\u00a0 Ulmban,<\/strong> 15.00 \u00f3rakor <em>H\u00fasv\u00e9t \u00fcnnepe \u2013 <\/em>ut\u00e1na<em> \u00e9telszentel\u00e9s.<\/em><\/p>\n<p><strong>\u00a0\u00a0\u00a0\u00a0\u00a0\u00a0\u00a0\u00a0\u00a0\u00a0\u00a0\u00a0\u00a0\u00a0\u00a0\u00a0\u00a0\u00a0\u00a0\u00a0\u00a0\u00a0\u00a0 Pforzheimban<\/strong>, 15.00 \u00f3rakor <em>H\u00fasv\u00e9ti \u00fcnnepi nagymise &#8211; <\/em>ut\u00e1na<em> \u00e9telszentel\u00e9s.<\/em><\/p>\n<p style=\"text-align: center;\">*<\/p>\n<p><strong>\u00c1PRILIS 17., H\u00daSV\u00c9TH\u00c9TF\u0150<\/strong><\/p>\n<p><strong>\u00a0\u00a0\u00a0\u00a0\u00a0\u00a0\u00a0\u00a0\u00a0\u00a0\u00a0\u00a0\u00a0\u00a0\u00a0\u00a0\u00a0\u00a0\u00a0\u00a0\u00a0\u00a0\u00a0 Stuttgartban <\/strong>9.30 \u00f3rakor k\u00e9tnyelv\u0171 <em>\u00fcnnepi szentmise, <\/em>majd <em>locsolkod\u00e1s.<\/em><\/p>\n<p><strong>\u00a0\u00a0\u00a0\u00a0\u00a0\u00a0\u00a0\u00a0\u00a0\u00a0\u00a0\u00a0\u00a0\u00a0\u00a0\u00a0\u00a0\u00a0\u00a0\u00a0\u00a0\u00a0\u00a0 Weingartenben,<\/strong> a 14 Nothelfer Kapelle\u2013ben 10.00 \u00f3rakor <em>szentmise.<\/em><\/p>\n<p><em>\u00a0<\/em><\/p>\n<p><em>\u201eA kereszt az egyik oldala annak, aminek a m\u00e1sik oldal\u00e1t felt\u00e1mad\u00e1snak h\u00edvjuk.\u201d <\/em><\/p>\n<p><strong><em>Minden kedves H\u00edv\u00fcnknek \u00e9s minden j\u00f3akarat\u00fa embernek \u00e1ldott, kegyelemteljes \u00e9s \u00f6r\u00f6mteli H\u00fasv\u00e9tot k\u00edv\u00e1nunk!<\/em><\/strong><\/p>\n","protected":false},"excerpt":{"rendered":"<p>Programel\u0151zetes a Szent H\u00e1rom Napra H \u00da S V \u00c9 T Ezekben a napokban \u00fcnnepelj\u00fck a kereszt\u00e9nys\u00e9g legnagyobb \u00fcnnep\u00e9t, a H\u00fasv\u00e9tot. Mi a h\u00fasv\u00e9t \u00fczenete sz\u00e1munkra? Az els\u0151 \u00fczenet: Az, akit keresztre fesz\u00edtettek, meghalt \u00e9s eltemettek, az maga az Isten Fia volt. J\u00e9zusban az Isten megmutatta, hogy mennyire szereti \u00e9s mennyire komolyan veszi az embert \u00e9s minden gondj\u00e1t. Nem hagyja mag\u00e1ra a b\u0171nben, a bajban, a betegs\u00e9gben \u00e9s a szenved\u00e9sben. Hanem eg\u00e9szen emberr\u00e9 lesz, teljes m\u00e9lys\u00e9g\u00e9ben meg\u00edzleli \u00e9rt\u00fcnk az emberi \u00e9let gondjait, s\u0151t m\u00e9g a hal\u00e1lt is. A m\u00e1sodik \u00fczenet: Isten, J\u00e9zusban, nem elker\u00fclte, nem megsz\u00fcntette, hanem megszentelte a hal\u00e1lt. Isten ugyanis nek\u00fcnk nem v\u00e9ges boldogs\u00e1got, nem csup\u00e1n \u00e9lvezeteket akar ny\u00fajtani, amelyeket ez a muland\u00f3 vil\u00e1g is ny\u00fajthat nek\u00fcnk, hanem v\u00e9get nem \u00e9r\u0151 boldogs\u00e1got. Ez pedig csak egy felt\u00e1madott, eg\u00e9szen \u00faj \u00e9letben lehets\u00e9ges, amelyre J\u00e9zus az \u0151 felt\u00e1mad\u00e1s\u00e1ban mindannyiunknak biztos\u00edt\u00e9kot ad. V\u00e9g\u00fcl a harmadik \u00fczenet: A h\u00fasv\u00e9t a megalapozott, tiszta \u00f6r\u00f6m \u00fcnnepe. Ez a tiszta \u00f6r\u00f6m a felt\u00e1mad\u00e1s t\u00e9ny\u00e9b\u0151l fakad. Mi, kereszt\u00e9nyek, annak is \u00f6rvend\u00fcnk H\u00fasv\u00e9tkor, hogy gondjainkat, aggodalmainkat Krisztus felt\u00e1mad\u00e1s\u00e1nak f\u00e9ny\u00e9ben szeml\u00e9lhetj\u00fck. Isten terv\u00e9ben \u00e9let\u00fcnk minden esem\u00e9ny\u00e9nek megvan a maga \u00e9rtelme \u00e9s oka. Ez\u00e9rt nem f\u00e9l\u00fcnk \u00e9s nem aggodalmaskodunk, mert minden m\u00f6g\u00f6tt Isten mosolyog r\u00e1nk! A felt\u00e1madt J\u00e9zus ma is, minden emberre \u00edgy k\u00f6sz\u00f6n r\u00e1: \u201eB\u00e9ke veletek! Ne f\u00e9ljetek! \u00c9n veletek vagyok!\u201d\u00a0 Ez\u00e9rt \u00fcnnepelj\u00fck t\u00f6bb napon kereszt\u00fcl a H\u00fasv\u00e9tot! Tarts vel\u00fcnk Te is! \u00a0Ime a h\u00fasv\u00e9ti miseprogramunk: \u00a0\u00c1PRILIS 13., NAGYCS\u00dcT\u00d6RT\u00d6K \u00a0\u00a0\u00a0\u00a0\u00a0\u00a0\u00a0\u00a0\u00a0\u00a0\u00a0\u00a0\u00a0\u00a0\u00a0\u00a0\u00a0\u00a0\u00a0\u00a0\u00a0\u00a0\u00a0 Weingartenben \u2013 18.00 \u00f3rakor a 14 Nothelfer Kapelle-ben Triduum Paschale, 19.00 \u00f3rakor nagycs\u00fct\u00f6rt\u00f6ki szentmise, benne l\u00e1bmos\u00e1s. \u00a0\u00a0\u00a0\u00a0\u00a0\u00a0\u00a0\u00a0\u00a0\u00a0\u00a0\u00a0\u00a0\u00a0\u00a0\u00a0\u00a0\u00a0\u00a0\u00a0\u00a0\u00a0\u00a0 Stuttgartban 19.00 \u00f3rakor az Utols\u00f3 Vacsora eml\u00e9kmis\u00e9je. * \u00c1PRILIS 14., NAGYP\u00c9NTEK \u00a0\u00a0\u00a0\u00a0\u00a0\u00a0\u00a0\u00a0\u00a0\u00a0\u00a0\u00a0\u00a0\u00a0\u00a0\u00a0\u00a0\u00a0\u00a0\u00a0\u00a0\u00a0\u00a0 Ulmban \u2013 10.00 \u00f3rakor kereszt\u00fat, illetve a Triduum Paschale \u2013 a h\u00e1rom nap liturgi\u00e1j\u00e1r\u00f3l. \u00a0\u00a0\u00a0\u00a0\u00a0\u00a0\u00a0\u00a0\u00a0\u00a0\u00a0\u00a0\u00a0\u00a0\u00a0\u00a0\u00a0\u00a0\u00a0\u00a0\u00a0\u00a0\u00a0 Weingartenben, a 14 Nothelfer Kapelle-ben, 15.00 \u00f3rakor kereszt\u00fat \u2013 Nagyp\u00e9nteki szertart\u00e1s passi\u00f3val. \u00a0\u00a0\u00a0\u00a0\u00a0\u00a0\u00a0\u00a0\u00a0\u00a0\u00a0\u00a0\u00a0\u00a0\u00a0\u00a0\u00a0\u00a0\u00a0\u00a0\u00a0\u00a0\u00a0 Stuttgartban, 18.00 \u00f3rakor, nagyp\u00e9nteki szertart\u00e1s passi\u00f3val. * \u00c1PRILIS 15., NAGYSZOMBAT \u00a0\u00a0\u00a0\u00a0\u00a0\u00a0\u00a0\u00a0\u00a0\u00a0\u00a0\u00a0\u00a0\u00a0\u00a0\u00a0\u00a0\u00a0\u00a0\u00a0\u00a0\u00a0\u00a0&#8230; <\/p>\n<p><a class=\"readmore\" href=\"https:\/\/stuttgarti-katolikusok.de\/index.php\/programelozetes-a-szent-harom-napra\/\">R\u00e9szletek<\/a><\/p>\n","protected":false},"author":3,"featured_media":11718,"comment_status":"closed","ping_status":"closed","sticky":false,"template":"","format":"standard","meta":{"footnotes":""},"categories":[37],"tags":[],"class_list":["post-11717","post","type-post","status-publish","format-standard","has-post-thumbnail","hentry","category-progamelozetes"],"yoast_head":"<!-- This site is optimized with the Yoast SEO plugin v27.3 - https:\/\/yoast.com\/product\/yoast-seo-wordpress\/ -->\n<title>Programel\u0151zetes a Szent H\u00e1rom Napra - Stuttgarti Katolikusok<\/title>\n<meta name=\"robots\" content=\"index, follow, max-snippet:-1, max-image-preview:large, max-video-preview:-1\" \/>\n<link rel=\"canonical\" href=\"https:\/\/stuttgarti-katolikusok.de\/index.php\/programelozetes-a-szent-harom-napra\/\" \/>\n<meta property=\"og:locale\" content=\"hu_HU\" \/>\n<meta property=\"og:type\" content=\"article\" \/>\n<meta property=\"og:title\" content=\"Programel\u0151zetes a Szent H\u00e1rom Napra - Stuttgarti Katolikusok\" \/>\n<meta property=\"og:description\" content=\"Programel\u0151zetes a Szent H\u00e1rom Napra H \u00da S V \u00c9 T Ezekben a napokban \u00fcnnepelj\u00fck a kereszt\u00e9nys\u00e9g legnagyobb \u00fcnnep\u00e9t, a H\u00fasv\u00e9tot. Mi a h\u00fasv\u00e9t \u00fczenete sz\u00e1munkra? Az els\u0151 \u00fczenet: Az, akit keresztre fesz\u00edtettek, meghalt \u00e9s eltemettek, az maga az Isten Fia volt. J\u00e9zusban az Isten megmutatta, hogy mennyire szereti \u00e9s mennyire komolyan veszi az embert \u00e9s minden gondj\u00e1t. Nem hagyja mag\u00e1ra a b\u0171nben, a bajban, a betegs\u00e9gben \u00e9s a szenved\u00e9sben. Hanem eg\u00e9szen emberr\u00e9 lesz, teljes m\u00e9lys\u00e9g\u00e9ben meg\u00edzleli \u00e9rt\u00fcnk az emberi \u00e9let gondjait, s\u0151t m\u00e9g a hal\u00e1lt is. A m\u00e1sodik \u00fczenet: Isten, J\u00e9zusban, nem elker\u00fclte, nem megsz\u00fcntette, hanem megszentelte a hal\u00e1lt. Isten ugyanis nek\u00fcnk nem v\u00e9ges boldogs\u00e1got, nem csup\u00e1n \u00e9lvezeteket akar ny\u00fajtani, amelyeket ez a muland\u00f3 vil\u00e1g is ny\u00fajthat nek\u00fcnk, hanem v\u00e9get nem \u00e9r\u0151 boldogs\u00e1got. Ez pedig csak egy felt\u00e1madott, eg\u00e9szen \u00faj \u00e9letben lehets\u00e9ges, amelyre J\u00e9zus az \u0151 felt\u00e1mad\u00e1s\u00e1ban mindannyiunknak biztos\u00edt\u00e9kot ad. V\u00e9g\u00fcl a harmadik \u00fczenet: A h\u00fasv\u00e9t a megalapozott, tiszta \u00f6r\u00f6m \u00fcnnepe. Ez a tiszta \u00f6r\u00f6m a felt\u00e1mad\u00e1s t\u00e9ny\u00e9b\u0151l fakad. Mi, kereszt\u00e9nyek, annak is \u00f6rvend\u00fcnk H\u00fasv\u00e9tkor, hogy gondjainkat, aggodalmainkat Krisztus felt\u00e1mad\u00e1s\u00e1nak f\u00e9ny\u00e9ben szeml\u00e9lhetj\u00fck. Isten terv\u00e9ben \u00e9let\u00fcnk minden esem\u00e9ny\u00e9nek megvan a maga \u00e9rtelme \u00e9s oka. Ez\u00e9rt nem f\u00e9l\u00fcnk \u00e9s nem aggodalmaskodunk, mert minden m\u00f6g\u00f6tt Isten mosolyog r\u00e1nk! A felt\u00e1madt J\u00e9zus ma is, minden emberre \u00edgy k\u00f6sz\u00f6n r\u00e1: \u201eB\u00e9ke veletek! Ne f\u00e9ljetek! \u00c9n veletek vagyok!\u201d\u00a0 Ez\u00e9rt \u00fcnnepelj\u00fck t\u00f6bb napon kereszt\u00fcl a H\u00fasv\u00e9tot! Tarts vel\u00fcnk Te is! \u00a0Ime a h\u00fasv\u00e9ti miseprogramunk: \u00a0\u00c1PRILIS 13., NAGYCS\u00dcT\u00d6RT\u00d6K \u00a0\u00a0\u00a0\u00a0\u00a0\u00a0\u00a0\u00a0\u00a0\u00a0\u00a0\u00a0\u00a0\u00a0\u00a0\u00a0\u00a0\u00a0\u00a0\u00a0\u00a0\u00a0\u00a0 Weingartenben \u2013 18.00 \u00f3rakor a 14 Nothelfer Kapelle-ben Triduum Paschale, 19.00 \u00f3rakor nagycs\u00fct\u00f6rt\u00f6ki szentmise, benne l\u00e1bmos\u00e1s. \u00a0\u00a0\u00a0\u00a0\u00a0\u00a0\u00a0\u00a0\u00a0\u00a0\u00a0\u00a0\u00a0\u00a0\u00a0\u00a0\u00a0\u00a0\u00a0\u00a0\u00a0\u00a0\u00a0 Stuttgartban 19.00 \u00f3rakor az Utols\u00f3 Vacsora eml\u00e9kmis\u00e9je. * \u00c1PRILIS 14., NAGYP\u00c9NTEK \u00a0\u00a0\u00a0\u00a0\u00a0\u00a0\u00a0\u00a0\u00a0\u00a0\u00a0\u00a0\u00a0\u00a0\u00a0\u00a0\u00a0\u00a0\u00a0\u00a0\u00a0\u00a0\u00a0 Ulmban \u2013 10.00 \u00f3rakor kereszt\u00fat, illetve a Triduum Paschale \u2013 a h\u00e1rom nap liturgi\u00e1j\u00e1r\u00f3l. \u00a0\u00a0\u00a0\u00a0\u00a0\u00a0\u00a0\u00a0\u00a0\u00a0\u00a0\u00a0\u00a0\u00a0\u00a0\u00a0\u00a0\u00a0\u00a0\u00a0\u00a0\u00a0\u00a0 Weingartenben, a 14 Nothelfer Kapelle-ben, 15.00 \u00f3rakor kereszt\u00fat \u2013 Nagyp\u00e9nteki szertart\u00e1s passi\u00f3val. \u00a0\u00a0\u00a0\u00a0\u00a0\u00a0\u00a0\u00a0\u00a0\u00a0\u00a0\u00a0\u00a0\u00a0\u00a0\u00a0\u00a0\u00a0\u00a0\u00a0\u00a0\u00a0\u00a0 Stuttgartban, 18.00 \u00f3rakor, nagyp\u00e9nteki szertart\u00e1s passi\u00f3val. * \u00c1PRILIS 15., NAGYSZOMBAT \u00a0\u00a0\u00a0\u00a0\u00a0\u00a0\u00a0\u00a0\u00a0\u00a0\u00a0\u00a0\u00a0\u00a0\u00a0\u00a0\u00a0\u00a0\u00a0\u00a0\u00a0\u00a0\u00a0... R\u00e9szletek\" \/>\n<meta property=\"og:url\" content=\"https:\/\/stuttgarti-katolikusok.de\/index.php\/programelozetes-a-szent-harom-napra\/\" \/>\n<meta property=\"og:site_name\" content=\"Stuttgarti Katolikusok\" \/>\n<meta property=\"article:published_time\" content=\"2017-04-10T07:22:27+00:00\" \/>\n<meta property=\"article:modified_time\" content=\"2017-04-10T13:46:49+00:00\" \/>\n<meta property=\"og:image\" content=\"https:\/\/stuttgarti-katolikusok.de\/wp-content\/uploads\/2017\/04\/settimana-santa.jpg\" \/>\n\t<meta property=\"og:image:width\" content=\"1024\" \/>\n\t<meta property=\"og:image:height\" content=\"604\" \/>\n\t<meta property=\"og:image:type\" content=\"image\/jpeg\" \/>\n<meta name=\"author\" content=\"Tibor atya\" \/>\n<meta name=\"twitter:card\" content=\"summary_large_image\" \/>\n<meta name=\"twitter:label1\" content=\"Szerz\u0151:\" \/>\n\t<meta name=\"twitter:data1\" content=\"Tibor atya\" \/>\n\t<meta name=\"twitter:label2\" content=\"Becs\u00fclt olvas\u00e1si id\u0151\" \/>\n\t<meta name=\"twitter:data2\" content=\"3 perc\" \/>\n<script type=\"application\/ld+json\" class=\"yoast-schema-graph\">{\"@context\":\"https:\\\/\\\/schema.org\",\"@graph\":[{\"@type\":\"Article\",\"@id\":\"https:\\\/\\\/stuttgarti-katolikusok.de\\\/index.php\\\/programelozetes-a-szent-harom-napra\\\/#article\",\"isPartOf\":{\"@id\":\"https:\\\/\\\/stuttgarti-katolikusok.de\\\/index.php\\\/programelozetes-a-szent-harom-napra\\\/\"},\"author\":{\"name\":\"Tibor atya\",\"@id\":\"https:\\\/\\\/stuttgarti-katolikusok.de\\\/#\\\/schema\\\/person\\\/75908d6f8fdc03a57889d27209df7795\"},\"headline\":\"Programel\u0151zetes a Szent H\u00e1rom Napra\",\"datePublished\":\"2017-04-10T07:22:27+00:00\",\"dateModified\":\"2017-04-10T13:46:49+00:00\",\"mainEntityOfPage\":{\"@id\":\"https:\\\/\\\/stuttgarti-katolikusok.de\\\/index.php\\\/programelozetes-a-szent-harom-napra\\\/\"},\"wordCount\":556,\"image\":{\"@id\":\"https:\\\/\\\/stuttgarti-katolikusok.de\\\/index.php\\\/programelozetes-a-szent-harom-napra\\\/#primaryimage\"},\"thumbnailUrl\":\"https:\\\/\\\/stuttgarti-katolikusok.de\\\/wp-content\\\/uploads\\\/2017\\\/04\\\/settimana-santa.jpg\",\"articleSection\":[\"Progamel\u0151zetes\"],\"inLanguage\":\"hu\"},{\"@type\":\"WebPage\",\"@id\":\"https:\\\/\\\/stuttgarti-katolikusok.de\\\/index.php\\\/programelozetes-a-szent-harom-napra\\\/\",\"url\":\"https:\\\/\\\/stuttgarti-katolikusok.de\\\/index.php\\\/programelozetes-a-szent-harom-napra\\\/\",\"name\":\"Programel\u0151zetes a Szent H\u00e1rom Napra - Stuttgarti Katolikusok\",\"isPartOf\":{\"@id\":\"https:\\\/\\\/stuttgarti-katolikusok.de\\\/#website\"},\"primaryImageOfPage\":{\"@id\":\"https:\\\/\\\/stuttgarti-katolikusok.de\\\/index.php\\\/programelozetes-a-szent-harom-napra\\\/#primaryimage\"},\"image\":{\"@id\":\"https:\\\/\\\/stuttgarti-katolikusok.de\\\/index.php\\\/programelozetes-a-szent-harom-napra\\\/#primaryimage\"},\"thumbnailUrl\":\"https:\\\/\\\/stuttgarti-katolikusok.de\\\/wp-content\\\/uploads\\\/2017\\\/04\\\/settimana-santa.jpg\",\"datePublished\":\"2017-04-10T07:22:27+00:00\",\"dateModified\":\"2017-04-10T13:46:49+00:00\",\"author\":{\"@id\":\"https:\\\/\\\/stuttgarti-katolikusok.de\\\/#\\\/schema\\\/person\\\/75908d6f8fdc03a57889d27209df7795\"},\"breadcrumb\":{\"@id\":\"https:\\\/\\\/stuttgarti-katolikusok.de\\\/index.php\\\/programelozetes-a-szent-harom-napra\\\/#breadcrumb\"},\"inLanguage\":\"hu\",\"potentialAction\":[{\"@type\":\"ReadAction\",\"target\":[\"https:\\\/\\\/stuttgarti-katolikusok.de\\\/index.php\\\/programelozetes-a-szent-harom-napra\\\/\"]}]},{\"@type\":\"ImageObject\",\"inLanguage\":\"hu\",\"@id\":\"https:\\\/\\\/stuttgarti-katolikusok.de\\\/index.php\\\/programelozetes-a-szent-harom-napra\\\/#primaryimage\",\"url\":\"https:\\\/\\\/stuttgarti-katolikusok.de\\\/wp-content\\\/uploads\\\/2017\\\/04\\\/settimana-santa.jpg\",\"contentUrl\":\"https:\\\/\\\/stuttgarti-katolikusok.de\\\/wp-content\\\/uploads\\\/2017\\\/04\\\/settimana-santa.jpg\",\"width\":1024,\"height\":604},{\"@type\":\"BreadcrumbList\",\"@id\":\"https:\\\/\\\/stuttgarti-katolikusok.de\\\/index.php\\\/programelozetes-a-szent-harom-napra\\\/#breadcrumb\",\"itemListElement\":[{\"@type\":\"ListItem\",\"position\":1,\"name\":\"Kezd\u0151lap\",\"item\":\"https:\\\/\\\/stuttgarti-katolikusok.de\\\/\"},{\"@type\":\"ListItem\",\"position\":2,\"name\":\"Programel\u0151zetes a Szent H\u00e1rom Napra\"}]},{\"@type\":\"WebSite\",\"@id\":\"https:\\\/\\\/stuttgarti-katolikusok.de\\\/#website\",\"url\":\"https:\\\/\\\/stuttgarti-katolikusok.de\\\/\",\"name\":\"Stuttgarti Katolikusok\",\"description\":\"\",\"potentialAction\":[{\"@type\":\"SearchAction\",\"target\":{\"@type\":\"EntryPoint\",\"urlTemplate\":\"https:\\\/\\\/stuttgarti-katolikusok.de\\\/?s={search_term_string}\"},\"query-input\":{\"@type\":\"PropertyValueSpecification\",\"valueRequired\":true,\"valueName\":\"search_term_string\"}}],\"inLanguage\":\"hu\"},{\"@type\":\"Person\",\"@id\":\"https:\\\/\\\/stuttgarti-katolikusok.de\\\/#\\\/schema\\\/person\\\/75908d6f8fdc03a57889d27209df7795\",\"name\":\"Tibor atya\",\"image\":{\"@type\":\"ImageObject\",\"inLanguage\":\"hu\",\"@id\":\"https:\\\/\\\/secure.gravatar.com\\\/avatar\\\/61d268e57d1f4525b111222e29d2d5a7f8c420fdbf231ba5566a8ceac74fa960?s=96&d=mm&r=g\",\"url\":\"https:\\\/\\\/secure.gravatar.com\\\/avatar\\\/61d268e57d1f4525b111222e29d2d5a7f8c420fdbf231ba5566a8ceac74fa960?s=96&d=mm&r=g\",\"contentUrl\":\"https:\\\/\\\/secure.gravatar.com\\\/avatar\\\/61d268e57d1f4525b111222e29d2d5a7f8c420fdbf231ba5566a8ceac74fa960?s=96&d=mm&r=g\",\"caption\":\"Tibor atya\"},\"url\":\"https:\\\/\\\/stuttgarti-katolikusok.de\\\/index.php\\\/author\\\/tibor-atya\\\/\"}]}<\/script>\n<!-- \/ Yoast SEO plugin. -->","yoast_head_json":{"title":"Programel\u0151zetes a Szent H\u00e1rom Napra - Stuttgarti Katolikusok","robots":{"index":"index","follow":"follow","max-snippet":"max-snippet:-1","max-image-preview":"max-image-preview:large","max-video-preview":"max-video-preview:-1"},"canonical":"https:\/\/stuttgarti-katolikusok.de\/index.php\/programelozetes-a-szent-harom-napra\/","og_locale":"hu_HU","og_type":"article","og_title":"Programel\u0151zetes a Szent H\u00e1rom Napra - Stuttgarti Katolikusok","og_description":"Programel\u0151zetes a Szent H\u00e1rom Napra H \u00da S V \u00c9 T Ezekben a napokban \u00fcnnepelj\u00fck a kereszt\u00e9nys\u00e9g legnagyobb \u00fcnnep\u00e9t, a H\u00fasv\u00e9tot. Mi a h\u00fasv\u00e9t \u00fczenete sz\u00e1munkra? Az els\u0151 \u00fczenet: Az, akit keresztre fesz\u00edtettek, meghalt \u00e9s eltemettek, az maga az Isten Fia volt. J\u00e9zusban az Isten megmutatta, hogy mennyire szereti \u00e9s mennyire komolyan veszi az embert \u00e9s minden gondj\u00e1t. Nem hagyja mag\u00e1ra a b\u0171nben, a bajban, a betegs\u00e9gben \u00e9s a szenved\u00e9sben. Hanem eg\u00e9szen emberr\u00e9 lesz, teljes m\u00e9lys\u00e9g\u00e9ben meg\u00edzleli \u00e9rt\u00fcnk az emberi \u00e9let gondjait, s\u0151t m\u00e9g a hal\u00e1lt is. A m\u00e1sodik \u00fczenet: Isten, J\u00e9zusban, nem elker\u00fclte, nem megsz\u00fcntette, hanem megszentelte a hal\u00e1lt. Isten ugyanis nek\u00fcnk nem v\u00e9ges boldogs\u00e1got, nem csup\u00e1n \u00e9lvezeteket akar ny\u00fajtani, amelyeket ez a muland\u00f3 vil\u00e1g is ny\u00fajthat nek\u00fcnk, hanem v\u00e9get nem \u00e9r\u0151 boldogs\u00e1got. Ez pedig csak egy felt\u00e1madott, eg\u00e9szen \u00faj \u00e9letben lehets\u00e9ges, amelyre J\u00e9zus az \u0151 felt\u00e1mad\u00e1s\u00e1ban mindannyiunknak biztos\u00edt\u00e9kot ad. V\u00e9g\u00fcl a harmadik \u00fczenet: A h\u00fasv\u00e9t a megalapozott, tiszta \u00f6r\u00f6m \u00fcnnepe. Ez a tiszta \u00f6r\u00f6m a felt\u00e1mad\u00e1s t\u00e9ny\u00e9b\u0151l fakad. Mi, kereszt\u00e9nyek, annak is \u00f6rvend\u00fcnk H\u00fasv\u00e9tkor, hogy gondjainkat, aggodalmainkat Krisztus felt\u00e1mad\u00e1s\u00e1nak f\u00e9ny\u00e9ben szeml\u00e9lhetj\u00fck. Isten terv\u00e9ben \u00e9let\u00fcnk minden esem\u00e9ny\u00e9nek megvan a maga \u00e9rtelme \u00e9s oka. Ez\u00e9rt nem f\u00e9l\u00fcnk \u00e9s nem aggodalmaskodunk, mert minden m\u00f6g\u00f6tt Isten mosolyog r\u00e1nk! A felt\u00e1madt J\u00e9zus ma is, minden emberre \u00edgy k\u00f6sz\u00f6n r\u00e1: \u201eB\u00e9ke veletek! Ne f\u00e9ljetek! \u00c9n veletek vagyok!\u201d\u00a0 Ez\u00e9rt \u00fcnnepelj\u00fck t\u00f6bb napon kereszt\u00fcl a H\u00fasv\u00e9tot! Tarts vel\u00fcnk Te is! \u00a0Ime a h\u00fasv\u00e9ti miseprogramunk: \u00a0\u00c1PRILIS 13., NAGYCS\u00dcT\u00d6RT\u00d6K \u00a0\u00a0\u00a0\u00a0\u00a0\u00a0\u00a0\u00a0\u00a0\u00a0\u00a0\u00a0\u00a0\u00a0\u00a0\u00a0\u00a0\u00a0\u00a0\u00a0\u00a0\u00a0\u00a0 Weingartenben \u2013 18.00 \u00f3rakor a 14 Nothelfer Kapelle-ben Triduum Paschale, 19.00 \u00f3rakor nagycs\u00fct\u00f6rt\u00f6ki szentmise, benne l\u00e1bmos\u00e1s. \u00a0\u00a0\u00a0\u00a0\u00a0\u00a0\u00a0\u00a0\u00a0\u00a0\u00a0\u00a0\u00a0\u00a0\u00a0\u00a0\u00a0\u00a0\u00a0\u00a0\u00a0\u00a0\u00a0 Stuttgartban 19.00 \u00f3rakor az Utols\u00f3 Vacsora eml\u00e9kmis\u00e9je. * \u00c1PRILIS 14., NAGYP\u00c9NTEK \u00a0\u00a0\u00a0\u00a0\u00a0\u00a0\u00a0\u00a0\u00a0\u00a0\u00a0\u00a0\u00a0\u00a0\u00a0\u00a0\u00a0\u00a0\u00a0\u00a0\u00a0\u00a0\u00a0 Ulmban \u2013 10.00 \u00f3rakor kereszt\u00fat, illetve a Triduum Paschale \u2013 a h\u00e1rom nap liturgi\u00e1j\u00e1r\u00f3l. \u00a0\u00a0\u00a0\u00a0\u00a0\u00a0\u00a0\u00a0\u00a0\u00a0\u00a0\u00a0\u00a0\u00a0\u00a0\u00a0\u00a0\u00a0\u00a0\u00a0\u00a0\u00a0\u00a0 Weingartenben, a 14 Nothelfer Kapelle-ben, 15.00 \u00f3rakor kereszt\u00fat \u2013 Nagyp\u00e9nteki szertart\u00e1s passi\u00f3val. \u00a0\u00a0\u00a0\u00a0\u00a0\u00a0\u00a0\u00a0\u00a0\u00a0\u00a0\u00a0\u00a0\u00a0\u00a0\u00a0\u00a0\u00a0\u00a0\u00a0\u00a0\u00a0\u00a0 Stuttgartban, 18.00 \u00f3rakor, nagyp\u00e9nteki szertart\u00e1s passi\u00f3val. * \u00c1PRILIS 15., NAGYSZOMBAT \u00a0\u00a0\u00a0\u00a0\u00a0\u00a0\u00a0\u00a0\u00a0\u00a0\u00a0\u00a0\u00a0\u00a0\u00a0\u00a0\u00a0\u00a0\u00a0\u00a0\u00a0\u00a0\u00a0... R\u00e9szletek","og_url":"https:\/\/stuttgarti-katolikusok.de\/index.php\/programelozetes-a-szent-harom-napra\/","og_site_name":"Stuttgarti Katolikusok","article_published_time":"2017-04-10T07:22:27+00:00","article_modified_time":"2017-04-10T13:46:49+00:00","og_image":[{"width":1024,"height":604,"url":"https:\/\/stuttgarti-katolikusok.de\/wp-content\/uploads\/2017\/04\/settimana-santa.jpg","type":"image\/jpeg"}],"author":"Tibor atya","twitter_card":"summary_large_image","twitter_misc":{"Szerz\u0151:":"Tibor atya","Becs\u00fclt olvas\u00e1si id\u0151":"3 perc"},"schema":{"@context":"https:\/\/schema.org","@graph":[{"@type":"Article","@id":"https:\/\/stuttgarti-katolikusok.de\/index.php\/programelozetes-a-szent-harom-napra\/#article","isPartOf":{"@id":"https:\/\/stuttgarti-katolikusok.de\/index.php\/programelozetes-a-szent-harom-napra\/"},"author":{"name":"Tibor atya","@id":"https:\/\/stuttgarti-katolikusok.de\/#\/schema\/person\/75908d6f8fdc03a57889d27209df7795"},"headline":"Programel\u0151zetes a Szent H\u00e1rom Napra","datePublished":"2017-04-10T07:22:27+00:00","dateModified":"2017-04-10T13:46:49+00:00","mainEntityOfPage":{"@id":"https:\/\/stuttgarti-katolikusok.de\/index.php\/programelozetes-a-szent-harom-napra\/"},"wordCount":556,"image":{"@id":"https:\/\/stuttgarti-katolikusok.de\/index.php\/programelozetes-a-szent-harom-napra\/#primaryimage"},"thumbnailUrl":"https:\/\/stuttgarti-katolikusok.de\/wp-content\/uploads\/2017\/04\/settimana-santa.jpg","articleSection":["Progamel\u0151zetes"],"inLanguage":"hu"},{"@type":"WebPage","@id":"https:\/\/stuttgarti-katolikusok.de\/index.php\/programelozetes-a-szent-harom-napra\/","url":"https:\/\/stuttgarti-katolikusok.de\/index.php\/programelozetes-a-szent-harom-napra\/","name":"Programel\u0151zetes a Szent H\u00e1rom Napra - Stuttgarti Katolikusok","isPartOf":{"@id":"https:\/\/stuttgarti-katolikusok.de\/#website"},"primaryImageOfPage":{"@id":"https:\/\/stuttgarti-katolikusok.de\/index.php\/programelozetes-a-szent-harom-napra\/#primaryimage"},"image":{"@id":"https:\/\/stuttgarti-katolikusok.de\/index.php\/programelozetes-a-szent-harom-napra\/#primaryimage"},"thumbnailUrl":"https:\/\/stuttgarti-katolikusok.de\/wp-content\/uploads\/2017\/04\/settimana-santa.jpg","datePublished":"2017-04-10T07:22:27+00:00","dateModified":"2017-04-10T13:46:49+00:00","author":{"@id":"https:\/\/stuttgarti-katolikusok.de\/#\/schema\/person\/75908d6f8fdc03a57889d27209df7795"},"breadcrumb":{"@id":"https:\/\/stuttgarti-katolikusok.de\/index.php\/programelozetes-a-szent-harom-napra\/#breadcrumb"},"inLanguage":"hu","potentialAction":[{"@type":"ReadAction","target":["https:\/\/stuttgarti-katolikusok.de\/index.php\/programelozetes-a-szent-harom-napra\/"]}]},{"@type":"ImageObject","inLanguage":"hu","@id":"https:\/\/stuttgarti-katolikusok.de\/index.php\/programelozetes-a-szent-harom-napra\/#primaryimage","url":"https:\/\/stuttgarti-katolikusok.de\/wp-content\/uploads\/2017\/04\/settimana-santa.jpg","contentUrl":"https:\/\/stuttgarti-katolikusok.de\/wp-content\/uploads\/2017\/04\/settimana-santa.jpg","width":1024,"height":604},{"@type":"BreadcrumbList","@id":"https:\/\/stuttgarti-katolikusok.de\/index.php\/programelozetes-a-szent-harom-napra\/#breadcrumb","itemListElement":[{"@type":"ListItem","position":1,"name":"Kezd\u0151lap","item":"https:\/\/stuttgarti-katolikusok.de\/"},{"@type":"ListItem","position":2,"name":"Programel\u0151zetes a Szent H\u00e1rom Napra"}]},{"@type":"WebSite","@id":"https:\/\/stuttgarti-katolikusok.de\/#website","url":"https:\/\/stuttgarti-katolikusok.de\/","name":"Stuttgarti Katolikusok","description":"","potentialAction":[{"@type":"SearchAction","target":{"@type":"EntryPoint","urlTemplate":"https:\/\/stuttgarti-katolikusok.de\/?s={search_term_string}"},"query-input":{"@type":"PropertyValueSpecification","valueRequired":true,"valueName":"search_term_string"}}],"inLanguage":"hu"},{"@type":"Person","@id":"https:\/\/stuttgarti-katolikusok.de\/#\/schema\/person\/75908d6f8fdc03a57889d27209df7795","name":"Tibor atya","image":{"@type":"ImageObject","inLanguage":"hu","@id":"https:\/\/secure.gravatar.com\/avatar\/61d268e57d1f4525b111222e29d2d5a7f8c420fdbf231ba5566a8ceac74fa960?s=96&d=mm&r=g","url":"https:\/\/secure.gravatar.com\/avatar\/61d268e57d1f4525b111222e29d2d5a7f8c420fdbf231ba5566a8ceac74fa960?s=96&d=mm&r=g","contentUrl":"https:\/\/secure.gravatar.com\/avatar\/61d268e57d1f4525b111222e29d2d5a7f8c420fdbf231ba5566a8ceac74fa960?s=96&d=mm&r=g","caption":"Tibor atya"},"url":"https:\/\/stuttgarti-katolikusok.de\/index.php\/author\/tibor-atya\/"}]}},"_links":{"self":[{"href":"https:\/\/stuttgarti-katolikusok.de\/index.php\/wp-json\/wp\/v2\/posts\/11717","targetHints":{"allow":["GET"]}}],"collection":[{"href":"https:\/\/stuttgarti-katolikusok.de\/index.php\/wp-json\/wp\/v2\/posts"}],"about":[{"href":"https:\/\/stuttgarti-katolikusok.de\/index.php\/wp-json\/wp\/v2\/types\/post"}],"author":[{"embeddable":true,"href":"https:\/\/stuttgarti-katolikusok.de\/index.php\/wp-json\/wp\/v2\/users\/3"}],"replies":[{"embeddable":true,"href":"https:\/\/stuttgarti-katolikusok.de\/index.php\/wp-json\/wp\/v2\/comments?post=11717"}],"version-history":[{"count":3,"href":"https:\/\/stuttgarti-katolikusok.de\/index.php\/wp-json\/wp\/v2\/posts\/11717\/revisions"}],"predecessor-version":[{"id":11720,"href":"https:\/\/stuttgarti-katolikusok.de\/index.php\/wp-json\/wp\/v2\/posts\/11717\/revisions\/11720"}],"wp:featuredmedia":[{"embeddable":true,"href":"https:\/\/stuttgarti-katolikusok.de\/index.php\/wp-json\/wp\/v2\/media\/11718"}],"wp:attachment":[{"href":"https:\/\/stuttgarti-katolikusok.de\/index.php\/wp-json\/wp\/v2\/media?parent=11717"}],"wp:term":[{"taxonomy":"category","embeddable":true,"href":"https:\/\/stuttgarti-katolikusok.de\/index.php\/wp-json\/wp\/v2\/categories?post=11717"},{"taxonomy":"post_tag","embeddable":true,"href":"https:\/\/stuttgarti-katolikusok.de\/index.php\/wp-json\/wp\/v2\/tags?post=11717"}],"curies":[{"name":"wp","href":"https:\/\/api.w.org\/{rel}","templated":true}]}}