{"id":11704,"date":"2017-04-09T06:24:38","date_gmt":"2017-04-09T06:24:38","guid":{"rendered":"https:\/\/gracious-dewdney.138-201-221-2.plesk.page\/?p=11704"},"modified":"2020-04-27T15:41:32","modified_gmt":"2020-04-27T15:41:32","slug":"schultheis-eva-vasarnaptol-vasarnapig","status":"publish","type":"post","link":"https:\/\/stuttgarti-katolikusok.de\/index.php\/schultheis-eva-vasarnaptol-vasarnapig\/","title":{"rendered":"Schultheis \u00c9va: Vas\u00e1rnapt\u00f3l Vas\u00e1rnapig&#8230;"},"content":{"rendered":"<p><strong><em>Vas\u00e1rnapt\u00f3l Vas\u00e1rnapig<\/em><\/strong><\/p>\n<p><em>Vir\u00e1gvas\u00e1rnappal kezdet\u00e9t veszi nagyh\u00e9t miszt\u00e9riuma. N\u00e9h\u00e1ny nap leforg\u00e1sa alatt \u00f3ri\u00e1si \u00e9rzelmi hull\u00e1mvas\u00faton, a dics\u0151s\u00e9ges jeruzs\u00e1lemi bevonul\u00e1s ut\u00e1n m\u00e9lybezuhan\u00e1s k\u00f6vetkezik. Az Emberfia, aki hasonl\u00f3v\u00e1 lett hozz\u00e1nk, kiveszi r\u00e9sz\u00e9t \u00f6r\u00f6mb\u0151l, szenved\u00e9sb\u0151l, \u00e1rul\u00e1sb\u00f3l, gy\u00f6tr\u0151d\u00e9sb\u0151l, b\u0171ntelen\u00fcl \u00e9s tiszt\u00e1n v\u00e9gigj\u00e1rja minden emberi sorsok, &#8222;Via Doloros\u00e1j\u00e1t&#8221;, majd hal\u00e1lba kergetve visszaadja az \u00e9letet teremt\u0151 Atyj\u00e1nak&#8230;.Eddig a t\u00f6rt\u00e9net els\u0151 h\u00e9t napja&#8230;..<\/em><\/p>\n<p><strong><em>Hal\u00e1lodat hirdetj\u00fck Urunk&#8230;.\u00a0<\/em><\/strong><\/p>\n<p><em>Az ember sorstrag\u00e9di\u00e1ja h\u00e9t nap eltelt\u00e9vel befejez\u0151dni l\u00e1tszik&#8230;. Egy pillanatig elid\u0151z\u00f6m a szenved\u00e9s \u00e9s a hal\u00e1l \u00e1rny\u00e9k\u00e1ban. Mintha egy v\u00e9szj\u00f3sl\u00f3 \u00a0hal\u00e1lhirdet\u0151 pogrom foglya lenn\u00e9k. Sorsomb\u00f3l fakad\u00f3an leragadok \u00e9s a pillanatb\u00f3l \u00f6r\u00f6kk\u00e9val\u00f3s\u00e1g lesz. Mintha nem akarn\u00e1m elengedni, minta csak az\u00e9rt \u00e9ln\u00e9k, hogy lec\u00f6vekeljek a siralom \u00e9s a megpr\u00f3b\u00e1ltat\u00e1sok \u00fatj\u00e1n, a h\u00e1bor\u00fas h\u00edreket visszhangz\u00f3 napi sajt\u00f3, kicsinyes politikusok civakod\u00e1sa, a polg\u00e1rh\u00e1bor\u00fas, \u00e9h\u00edns\u00e9gt\u0151l s\u00fajtott f\u00f6ldr\u00e9szek k\u00e1lv\u00e1ri\u00e1ja mellett. Megb\u00e9nulok a szomsz\u00e9d betegs\u00e9g\u00e9nek h\u00edre hallat\u00e1n. Idegesen \u00f3dzkodom hal\u00e1los betegek \u00e1gy\u00e1n\u00e1l, s\u0151t el sem jutok od\u00e1ig. Persze mindek\u00f6zben legink\u00e1bb magamat sajn\u00e1lom&#8230; mert a szenved\u00e9s \u00e9s bajaim \u00e1rny\u00e9k\u00e1ban, \u00fagy gondolom, valaki megsajn\u00e1l, valaki majd r\u00e9szv\u00e9tet \u00e9rez ir\u00e1ntam is&#8230; A rossz h\u00edr szenz\u00e1ci\u00f3&#8230;..a rossz h\u00edr valahol kapaszkod\u00f3 is, mert besz\u00e9lget\u00e9sre, vit\u00e1ra ad okot, bizonyos \u00e9rtelemben sz\u00f3rakoztat\u00f3bb is.\u00a0 A szenved\u00e9sben osztozunk, a szenved\u00e9st megtapintjuk, a kereszten f\u00fcgg\u0151 Krisztussal marad\u00e9ktalanul sork\u00f6z\u00f6ss\u00e9get v\u00e1llalunk, mert ezek a mi \u00a0h\u00e9tk\u00f6znapjaink. Err\u0151l \u00e1rulkodnak a p\u00e9ntekenk\u00e9nt keresztutat j\u00e1r\u00f3 arcok, az olvas\u00e1s k\u00f6zben megrend\u00fcl\u0151, el-elcsukl\u00f3 hangok&#8230;..sorolhatn\u00e1m az \u00e9rveket, de most tudatosan arra t\u00f6rekszem, hogy tov\u00e1bbl\u00e9pjek, hovatov\u00e1bb \u00e1tvigyem, \u00e1tugorjam \u00e9rtelmemmel tov\u00e1bbgondoljam a szenved\u00e9s \u00e9rtelm\u00e9t<\/em><\/p>\n<p><strong><em>\u00e9s hittel valljuk f\u00f6lt\u00e1mad\u00e1sodat&#8230;.<\/em><\/strong><\/p>\n<p><em>\u00c9s m\u00e9gis&#8230;. L\u00e9tezik egyetlen nap, ha \u00fagy tetszik a nyolcadik, vagy ak\u00e1r a h\u00e9t els\u0151 napja, egy \u00faj vas\u00e1rnap reggel, \u00e9s megt\u00f6rt\u00e9nik a csoda!<\/em><\/p>\n<p><em>Mi ez a csoda? Igaz\u00e1b\u00f3l \u00a0nem tudjuk, mert ha tudn\u00e1nk, f\u00f6l\u00f6sleges lenne minden tov\u00e1bbi magyar\u00e1zkod\u00e1s. Ha tudn\u00e1m, akkor a \u00a0fentebb id\u00e9zett f\u00e9lmondatot, a hittel vallott f\u00f6lt\u00e1mad\u00e1sr\u00f3l sokkal lelkesebben mondan\u00e1m, s\u0151t sokszor ism\u00e9teln\u00e9m, s nem csak az\u00e9rt, mert az \u00farfelmutat\u00e1s liturgi\u00e1j\u00e1nak r\u00e9szek\u00e9nt mondani illik.\u00a0<\/em><\/p>\n<p><em>Annyi bizonyos, hogy valami gy\u00f6keresen megv\u00e1ltozik azon a hajnalon. A csod\u00e1k birodalm\u00e1ba l\u00e9pek. Megfejten\u00e9m a titkot, de nincs \u00f6sszehasonl\u00edt\u00e1si alapom. Hacsak&#8230;..a term\u00e9szetre hivatkozom&#8230;&#8230; az alig n\u00e9h\u00e1ny nap alatt lezajl\u00f3 tavaszi r\u00fcgyfakad\u00e1sra, amely gyakorlatilag semmib\u0151l m\u00e1just var\u00e1zsolt a kertekbe&#8230;.a kop\u00e1r ridegs\u00e9g, fagy, csontig hatol\u00f3 hideg, tar, d\u00edsztelen lombokon \u00e1tnyargal\u00f3, s\u00fcv\u00edt\u0151 szeleken t\u00fal felt\u0171nik az els\u0151 halv\u00e1ny f\u00e9nysug\u00e1r \u00e9s az \u00e9let elindul diadal\u00fatj\u00e1ra&#8230;&#8230; A muzsika hangj\u00e1ra hivatkozom, mintha Dvorak \u00dajvil\u00e1g szimf\u00f3ni\u00e1j\u00e1ban is ugyanezt a l\u00fcktet\u00e9st \u00e9rezn\u00e9m, mintha valami t\u00falvil\u00e1gi esem\u00e9ny jegy\u00e9ben sz\u00fcletett volna ez a zene. Az &#8222;Allegro con fuoco&#8221; dallama a mag\u00e1ny, az egyed\u00fcll\u00e9t, k\u00eds\u00e9rt\u00e9sek \u00e9s a b\u0171n \u00fatj\u00e1r\u00f3l v\u00e9g\u00fcl bels\u0151 csendbe torkoll, az \u00e9n szav\u00e1ba kapaszkodva, meghallani igyekszik az \u0150 szav\u00e1t&#8230;&#8230; S az Istennel val\u00f3 tal\u00e1lkoz\u00e1s pillanat\u00e1ban megsz\u00fcletik a csoda. Saj\u00e1t egy\u00e9ni felt\u00e1mad\u00e1som. Sz\u00e1rba sz\u00f6kken a kegyelem, s diadal\u00fatj\u00e1t m\u00e1r semmi sem \u00e1ll\u00edthatja meg. Ett\u0151l a pillanatt\u00f3l kezdve, m\u00e1sk\u00e9pp v\u00e9lekedem \u00e9letr\u0151l \u00e9s hal\u00e1lr\u00f3l&#8230;.<\/em><\/p>\n<p><strong><em>am\u00edg el nem j\u00f6ssz&#8230;<\/em><\/strong><em>.<\/em><\/p>\n<p><em>\u00c1rnyas, f\u00e9nyt\u0151l \u00e1tragyog\u00f3 erd\u0151n ibolyavir\u00e1gz\u00e1sban gy\u00f6ny\u00f6rk\u00f6d\u00f6m, &#8221; vir\u00e1gos \u00faton \u00e1t Valaki j\u00f6n fel\u00e9m&#8230;&#8221;<\/em><\/p>\n<p>Schultheis \u00c9va<\/p>\n","protected":false},"excerpt":{"rendered":"<p>Vas\u00e1rnapt\u00f3l Vas\u00e1rnapig Vir\u00e1gvas\u00e1rnappal kezdet\u00e9t veszi nagyh\u00e9t miszt\u00e9riuma. N\u00e9h\u00e1ny nap leforg\u00e1sa alatt \u00f3ri\u00e1si \u00e9rzelmi hull\u00e1mvas\u00faton, a dics\u0151s\u00e9ges jeruzs\u00e1lemi bevonul\u00e1s ut\u00e1n m\u00e9lybezuhan\u00e1s k\u00f6vetkezik. Az Emberfia, aki hasonl\u00f3v\u00e1 lett hozz\u00e1nk, kiveszi r\u00e9sz\u00e9t \u00f6r\u00f6mb\u0151l, szenved\u00e9sb\u0151l, \u00e1rul\u00e1sb\u00f3l, gy\u00f6tr\u0151d\u00e9sb\u0151l, b\u0171ntelen\u00fcl \u00e9s tiszt\u00e1n v\u00e9gigj\u00e1rja minden emberi sorsok, &#8222;Via Doloros\u00e1j\u00e1t&#8221;, majd hal\u00e1lba kergetve visszaadja az \u00e9letet teremt\u0151 Atyj\u00e1nak&#8230;.Eddig a t\u00f6rt\u00e9net els\u0151 h\u00e9t napja&#8230;.. Hal\u00e1lodat hirdetj\u00fck Urunk&#8230;.\u00a0 Az ember sorstrag\u00e9di\u00e1ja h\u00e9t nap eltelt\u00e9vel befejez\u0151dni l\u00e1tszik&#8230;. Egy pillanatig elid\u0151z\u00f6m a szenved\u00e9s \u00e9s a hal\u00e1l \u00e1rny\u00e9k\u00e1ban. Mintha egy v\u00e9szj\u00f3sl\u00f3 \u00a0hal\u00e1lhirdet\u0151 pogrom foglya lenn\u00e9k. Sorsomb\u00f3l fakad\u00f3an leragadok \u00e9s a pillanatb\u00f3l \u00f6r\u00f6kk\u00e9val\u00f3s\u00e1g lesz. Mintha nem akarn\u00e1m elengedni, minta csak az\u00e9rt \u00e9ln\u00e9k, hogy lec\u00f6vekeljek a siralom \u00e9s a megpr\u00f3b\u00e1ltat\u00e1sok \u00fatj\u00e1n, a h\u00e1bor\u00fas h\u00edreket visszhangz\u00f3 napi sajt\u00f3, kicsinyes politikusok civakod\u00e1sa, a polg\u00e1rh\u00e1bor\u00fas, \u00e9h\u00edns\u00e9gt\u0151l s\u00fajtott f\u00f6ldr\u00e9szek k\u00e1lv\u00e1ri\u00e1ja mellett. Megb\u00e9nulok a szomsz\u00e9d betegs\u00e9g\u00e9nek h\u00edre hallat\u00e1n. Idegesen \u00f3dzkodom hal\u00e1los betegek \u00e1gy\u00e1n\u00e1l, s\u0151t el sem jutok od\u00e1ig. Persze mindek\u00f6zben legink\u00e1bb magamat sajn\u00e1lom&#8230; mert a szenved\u00e9s \u00e9s bajaim \u00e1rny\u00e9k\u00e1ban, \u00fagy gondolom, valaki megsajn\u00e1l, valaki majd r\u00e9szv\u00e9tet \u00e9rez ir\u00e1ntam is&#8230; A rossz h\u00edr szenz\u00e1ci\u00f3&#8230;..a rossz h\u00edr valahol kapaszkod\u00f3 is, mert besz\u00e9lget\u00e9sre, vit\u00e1ra ad okot, bizonyos \u00e9rtelemben sz\u00f3rakoztat\u00f3bb is.\u00a0 A szenved\u00e9sben osztozunk, a szenved\u00e9st megtapintjuk, a kereszten f\u00fcgg\u0151 Krisztussal marad\u00e9ktalanul sork\u00f6z\u00f6ss\u00e9get v\u00e1llalunk, mert ezek a mi \u00a0h\u00e9tk\u00f6znapjaink. Err\u0151l \u00e1rulkodnak a p\u00e9ntekenk\u00e9nt keresztutat j\u00e1r\u00f3 arcok, az olvas\u00e1s k\u00f6zben megrend\u00fcl\u0151, el-elcsukl\u00f3 hangok&#8230;..sorolhatn\u00e1m az \u00e9rveket, de most tudatosan arra t\u00f6rekszem, hogy tov\u00e1bbl\u00e9pjek, hovatov\u00e1bb \u00e1tvigyem, \u00e1tugorjam \u00e9rtelmemmel tov\u00e1bbgondoljam a szenved\u00e9s \u00e9rtelm\u00e9t \u00e9s hittel valljuk f\u00f6lt\u00e1mad\u00e1sodat&#8230;. \u00c9s m\u00e9gis&#8230;. L\u00e9tezik egyetlen nap, ha \u00fagy tetszik a nyolcadik, vagy ak\u00e1r a h\u00e9t els\u0151 napja, egy \u00faj vas\u00e1rnap reggel, \u00e9s megt\u00f6rt\u00e9nik a csoda! Mi ez a csoda? Igaz\u00e1b\u00f3l \u00a0nem tudjuk, mert ha tudn\u00e1nk, f\u00f6l\u00f6sleges lenne minden tov\u00e1bbi magyar\u00e1zkod\u00e1s. Ha tudn\u00e1m, akkor a \u00a0fentebb id\u00e9zett f\u00e9lmondatot, a hittel vallott f\u00f6lt\u00e1mad\u00e1sr\u00f3l sokkal lelkesebben mondan\u00e1m, s\u0151t sokszor ism\u00e9teln\u00e9m, s nem csak az\u00e9rt, mert az \u00farfelmutat\u00e1s liturgi\u00e1j\u00e1nak r\u00e9szek\u00e9nt mondani illik.\u00a0 Annyi bizonyos, hogy valami&#8230; <\/p>\n<p><a class=\"readmore\" href=\"https:\/\/stuttgarti-katolikusok.de\/index.php\/schultheis-eva-vasarnaptol-vasarnapig\/\">R\u00e9szletek<\/a><\/p>\n","protected":false},"author":3,"featured_media":0,"comment_status":"closed","ping_status":"closed","sticky":false,"template":"","format":"standard","meta":{"footnotes":""},"categories":[28],"tags":[],"class_list":["post-11704","post","type-post","status-publish","format-standard","hentry","category-olvasoink-irjak"],"yoast_head":"<!-- This site is optimized with the Yoast SEO plugin v27.3 - https:\/\/yoast.com\/product\/yoast-seo-wordpress\/ -->\n<title>Schultheis \u00c9va: Vas\u00e1rnapt\u00f3l Vas\u00e1rnapig... - Stuttgarti Katolikusok<\/title>\n<meta name=\"robots\" content=\"index, follow, max-snippet:-1, max-image-preview:large, max-video-preview:-1\" \/>\n<link rel=\"canonical\" href=\"https:\/\/stuttgarti-katolikusok.de\/index.php\/schultheis-eva-vasarnaptol-vasarnapig\/\" \/>\n<meta property=\"og:locale\" content=\"hu_HU\" \/>\n<meta property=\"og:type\" content=\"article\" \/>\n<meta property=\"og:title\" content=\"Schultheis \u00c9va: Vas\u00e1rnapt\u00f3l Vas\u00e1rnapig... - Stuttgarti Katolikusok\" \/>\n<meta property=\"og:description\" content=\"Vas\u00e1rnapt\u00f3l Vas\u00e1rnapig Vir\u00e1gvas\u00e1rnappal kezdet\u00e9t veszi nagyh\u00e9t miszt\u00e9riuma. N\u00e9h\u00e1ny nap leforg\u00e1sa alatt \u00f3ri\u00e1si \u00e9rzelmi hull\u00e1mvas\u00faton, a dics\u0151s\u00e9ges jeruzs\u00e1lemi bevonul\u00e1s ut\u00e1n m\u00e9lybezuhan\u00e1s k\u00f6vetkezik. Az Emberfia, aki hasonl\u00f3v\u00e1 lett hozz\u00e1nk, kiveszi r\u00e9sz\u00e9t \u00f6r\u00f6mb\u0151l, szenved\u00e9sb\u0151l, \u00e1rul\u00e1sb\u00f3l, gy\u00f6tr\u0151d\u00e9sb\u0151l, b\u0171ntelen\u00fcl \u00e9s tiszt\u00e1n v\u00e9gigj\u00e1rja minden emberi sorsok, &#8222;Via Doloros\u00e1j\u00e1t&#8221;, majd hal\u00e1lba kergetve visszaadja az \u00e9letet teremt\u0151 Atyj\u00e1nak&#8230;.Eddig a t\u00f6rt\u00e9net els\u0151 h\u00e9t napja&#8230;.. Hal\u00e1lodat hirdetj\u00fck Urunk&#8230;.\u00a0 Az ember sorstrag\u00e9di\u00e1ja h\u00e9t nap eltelt\u00e9vel befejez\u0151dni l\u00e1tszik&#8230;. Egy pillanatig elid\u0151z\u00f6m a szenved\u00e9s \u00e9s a hal\u00e1l \u00e1rny\u00e9k\u00e1ban. Mintha egy v\u00e9szj\u00f3sl\u00f3 \u00a0hal\u00e1lhirdet\u0151 pogrom foglya lenn\u00e9k. Sorsomb\u00f3l fakad\u00f3an leragadok \u00e9s a pillanatb\u00f3l \u00f6r\u00f6kk\u00e9val\u00f3s\u00e1g lesz. Mintha nem akarn\u00e1m elengedni, minta csak az\u00e9rt \u00e9ln\u00e9k, hogy lec\u00f6vekeljek a siralom \u00e9s a megpr\u00f3b\u00e1ltat\u00e1sok \u00fatj\u00e1n, a h\u00e1bor\u00fas h\u00edreket visszhangz\u00f3 napi sajt\u00f3, kicsinyes politikusok civakod\u00e1sa, a polg\u00e1rh\u00e1bor\u00fas, \u00e9h\u00edns\u00e9gt\u0151l s\u00fajtott f\u00f6ldr\u00e9szek k\u00e1lv\u00e1ri\u00e1ja mellett. Megb\u00e9nulok a szomsz\u00e9d betegs\u00e9g\u00e9nek h\u00edre hallat\u00e1n. Idegesen \u00f3dzkodom hal\u00e1los betegek \u00e1gy\u00e1n\u00e1l, s\u0151t el sem jutok od\u00e1ig. Persze mindek\u00f6zben legink\u00e1bb magamat sajn\u00e1lom&#8230; mert a szenved\u00e9s \u00e9s bajaim \u00e1rny\u00e9k\u00e1ban, \u00fagy gondolom, valaki megsajn\u00e1l, valaki majd r\u00e9szv\u00e9tet \u00e9rez ir\u00e1ntam is&#8230; A rossz h\u00edr szenz\u00e1ci\u00f3&#8230;..a rossz h\u00edr valahol kapaszkod\u00f3 is, mert besz\u00e9lget\u00e9sre, vit\u00e1ra ad okot, bizonyos \u00e9rtelemben sz\u00f3rakoztat\u00f3bb is.\u00a0 A szenved\u00e9sben osztozunk, a szenved\u00e9st megtapintjuk, a kereszten f\u00fcgg\u0151 Krisztussal marad\u00e9ktalanul sork\u00f6z\u00f6ss\u00e9get v\u00e1llalunk, mert ezek a mi \u00a0h\u00e9tk\u00f6znapjaink. Err\u0151l \u00e1rulkodnak a p\u00e9ntekenk\u00e9nt keresztutat j\u00e1r\u00f3 arcok, az olvas\u00e1s k\u00f6zben megrend\u00fcl\u0151, el-elcsukl\u00f3 hangok&#8230;..sorolhatn\u00e1m az \u00e9rveket, de most tudatosan arra t\u00f6rekszem, hogy tov\u00e1bbl\u00e9pjek, hovatov\u00e1bb \u00e1tvigyem, \u00e1tugorjam \u00e9rtelmemmel tov\u00e1bbgondoljam a szenved\u00e9s \u00e9rtelm\u00e9t \u00e9s hittel valljuk f\u00f6lt\u00e1mad\u00e1sodat&#8230;. \u00c9s m\u00e9gis&#8230;. L\u00e9tezik egyetlen nap, ha \u00fagy tetszik a nyolcadik, vagy ak\u00e1r a h\u00e9t els\u0151 napja, egy \u00faj vas\u00e1rnap reggel, \u00e9s megt\u00f6rt\u00e9nik a csoda! Mi ez a csoda? Igaz\u00e1b\u00f3l \u00a0nem tudjuk, mert ha tudn\u00e1nk, f\u00f6l\u00f6sleges lenne minden tov\u00e1bbi magyar\u00e1zkod\u00e1s. Ha tudn\u00e1m, akkor a \u00a0fentebb id\u00e9zett f\u00e9lmondatot, a hittel vallott f\u00f6lt\u00e1mad\u00e1sr\u00f3l sokkal lelkesebben mondan\u00e1m, s\u0151t sokszor ism\u00e9teln\u00e9m, s nem csak az\u00e9rt, mert az \u00farfelmutat\u00e1s liturgi\u00e1j\u00e1nak r\u00e9szek\u00e9nt mondani illik.\u00a0 Annyi bizonyos, hogy valami... R\u00e9szletek\" \/>\n<meta property=\"og:url\" content=\"https:\/\/stuttgarti-katolikusok.de\/index.php\/schultheis-eva-vasarnaptol-vasarnapig\/\" \/>\n<meta property=\"og:site_name\" content=\"Stuttgarti Katolikusok\" \/>\n<meta property=\"article:published_time\" content=\"2017-04-09T06:24:38+00:00\" \/>\n<meta property=\"article:modified_time\" content=\"2020-04-27T15:41:32+00:00\" \/>\n<meta name=\"author\" content=\"Tibor atya\" \/>\n<meta name=\"twitter:card\" content=\"summary_large_image\" \/>\n<meta name=\"twitter:label1\" content=\"Szerz\u0151:\" \/>\n\t<meta name=\"twitter:data1\" content=\"Tibor atya\" \/>\n\t<meta name=\"twitter:label2\" content=\"Becs\u00fclt olvas\u00e1si id\u0151\" \/>\n\t<meta name=\"twitter:data2\" content=\"4 perc\" \/>\n<script type=\"application\/ld+json\" class=\"yoast-schema-graph\">{\"@context\":\"https:\\\/\\\/schema.org\",\"@graph\":[{\"@type\":\"Article\",\"@id\":\"https:\\\/\\\/stuttgarti-katolikusok.de\\\/index.php\\\/schultheis-eva-vasarnaptol-vasarnapig\\\/#article\",\"isPartOf\":{\"@id\":\"https:\\\/\\\/stuttgarti-katolikusok.de\\\/index.php\\\/schultheis-eva-vasarnaptol-vasarnapig\\\/\"},\"author\":{\"name\":\"Tibor atya\",\"@id\":\"https:\\\/\\\/stuttgarti-katolikusok.de\\\/#\\\/schema\\\/person\\\/75908d6f8fdc03a57889d27209df7795\"},\"headline\":\"Schultheis \u00c9va: Vas\u00e1rnapt\u00f3l Vas\u00e1rnapig&#8230;\",\"datePublished\":\"2017-04-09T06:24:38+00:00\",\"dateModified\":\"2020-04-27T15:41:32+00:00\",\"mainEntityOfPage\":{\"@id\":\"https:\\\/\\\/stuttgarti-katolikusok.de\\\/index.php\\\/schultheis-eva-vasarnaptol-vasarnapig\\\/\"},\"wordCount\":744,\"articleSection\":[\"Olvas\u00f3ink \u00edrj\u00e1k\"],\"inLanguage\":\"hu\"},{\"@type\":\"WebPage\",\"@id\":\"https:\\\/\\\/stuttgarti-katolikusok.de\\\/index.php\\\/schultheis-eva-vasarnaptol-vasarnapig\\\/\",\"url\":\"https:\\\/\\\/stuttgarti-katolikusok.de\\\/index.php\\\/schultheis-eva-vasarnaptol-vasarnapig\\\/\",\"name\":\"Schultheis \u00c9va: Vas\u00e1rnapt\u00f3l Vas\u00e1rnapig... - Stuttgarti Katolikusok\",\"isPartOf\":{\"@id\":\"https:\\\/\\\/stuttgarti-katolikusok.de\\\/#website\"},\"datePublished\":\"2017-04-09T06:24:38+00:00\",\"dateModified\":\"2020-04-27T15:41:32+00:00\",\"author\":{\"@id\":\"https:\\\/\\\/stuttgarti-katolikusok.de\\\/#\\\/schema\\\/person\\\/75908d6f8fdc03a57889d27209df7795\"},\"breadcrumb\":{\"@id\":\"https:\\\/\\\/stuttgarti-katolikusok.de\\\/index.php\\\/schultheis-eva-vasarnaptol-vasarnapig\\\/#breadcrumb\"},\"inLanguage\":\"hu\",\"potentialAction\":[{\"@type\":\"ReadAction\",\"target\":[\"https:\\\/\\\/stuttgarti-katolikusok.de\\\/index.php\\\/schultheis-eva-vasarnaptol-vasarnapig\\\/\"]}]},{\"@type\":\"BreadcrumbList\",\"@id\":\"https:\\\/\\\/stuttgarti-katolikusok.de\\\/index.php\\\/schultheis-eva-vasarnaptol-vasarnapig\\\/#breadcrumb\",\"itemListElement\":[{\"@type\":\"ListItem\",\"position\":1,\"name\":\"Kezd\u0151lap\",\"item\":\"https:\\\/\\\/stuttgarti-katolikusok.de\\\/\"},{\"@type\":\"ListItem\",\"position\":2,\"name\":\"Schultheis \u00c9va: Vas\u00e1rnapt\u00f3l Vas\u00e1rnapig&#8230;\"}]},{\"@type\":\"WebSite\",\"@id\":\"https:\\\/\\\/stuttgarti-katolikusok.de\\\/#website\",\"url\":\"https:\\\/\\\/stuttgarti-katolikusok.de\\\/\",\"name\":\"Stuttgarti Katolikusok\",\"description\":\"\",\"potentialAction\":[{\"@type\":\"SearchAction\",\"target\":{\"@type\":\"EntryPoint\",\"urlTemplate\":\"https:\\\/\\\/stuttgarti-katolikusok.de\\\/?s={search_term_string}\"},\"query-input\":{\"@type\":\"PropertyValueSpecification\",\"valueRequired\":true,\"valueName\":\"search_term_string\"}}],\"inLanguage\":\"hu\"},{\"@type\":\"Person\",\"@id\":\"https:\\\/\\\/stuttgarti-katolikusok.de\\\/#\\\/schema\\\/person\\\/75908d6f8fdc03a57889d27209df7795\",\"name\":\"Tibor atya\",\"image\":{\"@type\":\"ImageObject\",\"inLanguage\":\"hu\",\"@id\":\"https:\\\/\\\/secure.gravatar.com\\\/avatar\\\/61d268e57d1f4525b111222e29d2d5a7f8c420fdbf231ba5566a8ceac74fa960?s=96&d=mm&r=g\",\"url\":\"https:\\\/\\\/secure.gravatar.com\\\/avatar\\\/61d268e57d1f4525b111222e29d2d5a7f8c420fdbf231ba5566a8ceac74fa960?s=96&d=mm&r=g\",\"contentUrl\":\"https:\\\/\\\/secure.gravatar.com\\\/avatar\\\/61d268e57d1f4525b111222e29d2d5a7f8c420fdbf231ba5566a8ceac74fa960?s=96&d=mm&r=g\",\"caption\":\"Tibor atya\"},\"url\":\"https:\\\/\\\/stuttgarti-katolikusok.de\\\/index.php\\\/author\\\/tibor-atya\\\/\"}]}<\/script>\n<!-- \/ Yoast SEO plugin. -->","yoast_head_json":{"title":"Schultheis \u00c9va: Vas\u00e1rnapt\u00f3l Vas\u00e1rnapig... - Stuttgarti Katolikusok","robots":{"index":"index","follow":"follow","max-snippet":"max-snippet:-1","max-image-preview":"max-image-preview:large","max-video-preview":"max-video-preview:-1"},"canonical":"https:\/\/stuttgarti-katolikusok.de\/index.php\/schultheis-eva-vasarnaptol-vasarnapig\/","og_locale":"hu_HU","og_type":"article","og_title":"Schultheis \u00c9va: Vas\u00e1rnapt\u00f3l Vas\u00e1rnapig... - Stuttgarti Katolikusok","og_description":"Vas\u00e1rnapt\u00f3l Vas\u00e1rnapig Vir\u00e1gvas\u00e1rnappal kezdet\u00e9t veszi nagyh\u00e9t miszt\u00e9riuma. N\u00e9h\u00e1ny nap leforg\u00e1sa alatt \u00f3ri\u00e1si \u00e9rzelmi hull\u00e1mvas\u00faton, a dics\u0151s\u00e9ges jeruzs\u00e1lemi bevonul\u00e1s ut\u00e1n m\u00e9lybezuhan\u00e1s k\u00f6vetkezik. Az Emberfia, aki hasonl\u00f3v\u00e1 lett hozz\u00e1nk, kiveszi r\u00e9sz\u00e9t \u00f6r\u00f6mb\u0151l, szenved\u00e9sb\u0151l, \u00e1rul\u00e1sb\u00f3l, gy\u00f6tr\u0151d\u00e9sb\u0151l, b\u0171ntelen\u00fcl \u00e9s tiszt\u00e1n v\u00e9gigj\u00e1rja minden emberi sorsok, &#8222;Via Doloros\u00e1j\u00e1t&#8221;, majd hal\u00e1lba kergetve visszaadja az \u00e9letet teremt\u0151 Atyj\u00e1nak&#8230;.Eddig a t\u00f6rt\u00e9net els\u0151 h\u00e9t napja&#8230;.. Hal\u00e1lodat hirdetj\u00fck Urunk&#8230;.\u00a0 Az ember sorstrag\u00e9di\u00e1ja h\u00e9t nap eltelt\u00e9vel befejez\u0151dni l\u00e1tszik&#8230;. Egy pillanatig elid\u0151z\u00f6m a szenved\u00e9s \u00e9s a hal\u00e1l \u00e1rny\u00e9k\u00e1ban. Mintha egy v\u00e9szj\u00f3sl\u00f3 \u00a0hal\u00e1lhirdet\u0151 pogrom foglya lenn\u00e9k. Sorsomb\u00f3l fakad\u00f3an leragadok \u00e9s a pillanatb\u00f3l \u00f6r\u00f6kk\u00e9val\u00f3s\u00e1g lesz. Mintha nem akarn\u00e1m elengedni, minta csak az\u00e9rt \u00e9ln\u00e9k, hogy lec\u00f6vekeljek a siralom \u00e9s a megpr\u00f3b\u00e1ltat\u00e1sok \u00fatj\u00e1n, a h\u00e1bor\u00fas h\u00edreket visszhangz\u00f3 napi sajt\u00f3, kicsinyes politikusok civakod\u00e1sa, a polg\u00e1rh\u00e1bor\u00fas, \u00e9h\u00edns\u00e9gt\u0151l s\u00fajtott f\u00f6ldr\u00e9szek k\u00e1lv\u00e1ri\u00e1ja mellett. Megb\u00e9nulok a szomsz\u00e9d betegs\u00e9g\u00e9nek h\u00edre hallat\u00e1n. Idegesen \u00f3dzkodom hal\u00e1los betegek \u00e1gy\u00e1n\u00e1l, s\u0151t el sem jutok od\u00e1ig. Persze mindek\u00f6zben legink\u00e1bb magamat sajn\u00e1lom&#8230; mert a szenved\u00e9s \u00e9s bajaim \u00e1rny\u00e9k\u00e1ban, \u00fagy gondolom, valaki megsajn\u00e1l, valaki majd r\u00e9szv\u00e9tet \u00e9rez ir\u00e1ntam is&#8230; A rossz h\u00edr szenz\u00e1ci\u00f3&#8230;..a rossz h\u00edr valahol kapaszkod\u00f3 is, mert besz\u00e9lget\u00e9sre, vit\u00e1ra ad okot, bizonyos \u00e9rtelemben sz\u00f3rakoztat\u00f3bb is.\u00a0 A szenved\u00e9sben osztozunk, a szenved\u00e9st megtapintjuk, a kereszten f\u00fcgg\u0151 Krisztussal marad\u00e9ktalanul sork\u00f6z\u00f6ss\u00e9get v\u00e1llalunk, mert ezek a mi \u00a0h\u00e9tk\u00f6znapjaink. Err\u0151l \u00e1rulkodnak a p\u00e9ntekenk\u00e9nt keresztutat j\u00e1r\u00f3 arcok, az olvas\u00e1s k\u00f6zben megrend\u00fcl\u0151, el-elcsukl\u00f3 hangok&#8230;..sorolhatn\u00e1m az \u00e9rveket, de most tudatosan arra t\u00f6rekszem, hogy tov\u00e1bbl\u00e9pjek, hovatov\u00e1bb \u00e1tvigyem, \u00e1tugorjam \u00e9rtelmemmel tov\u00e1bbgondoljam a szenved\u00e9s \u00e9rtelm\u00e9t \u00e9s hittel valljuk f\u00f6lt\u00e1mad\u00e1sodat&#8230;. \u00c9s m\u00e9gis&#8230;. L\u00e9tezik egyetlen nap, ha \u00fagy tetszik a nyolcadik, vagy ak\u00e1r a h\u00e9t els\u0151 napja, egy \u00faj vas\u00e1rnap reggel, \u00e9s megt\u00f6rt\u00e9nik a csoda! Mi ez a csoda? Igaz\u00e1b\u00f3l \u00a0nem tudjuk, mert ha tudn\u00e1nk, f\u00f6l\u00f6sleges lenne minden tov\u00e1bbi magyar\u00e1zkod\u00e1s. Ha tudn\u00e1m, akkor a \u00a0fentebb id\u00e9zett f\u00e9lmondatot, a hittel vallott f\u00f6lt\u00e1mad\u00e1sr\u00f3l sokkal lelkesebben mondan\u00e1m, s\u0151t sokszor ism\u00e9teln\u00e9m, s nem csak az\u00e9rt, mert az \u00farfelmutat\u00e1s liturgi\u00e1j\u00e1nak r\u00e9szek\u00e9nt mondani illik.\u00a0 Annyi bizonyos, hogy valami... R\u00e9szletek","og_url":"https:\/\/stuttgarti-katolikusok.de\/index.php\/schultheis-eva-vasarnaptol-vasarnapig\/","og_site_name":"Stuttgarti Katolikusok","article_published_time":"2017-04-09T06:24:38+00:00","article_modified_time":"2020-04-27T15:41:32+00:00","author":"Tibor atya","twitter_card":"summary_large_image","twitter_misc":{"Szerz\u0151:":"Tibor atya","Becs\u00fclt olvas\u00e1si id\u0151":"4 perc"},"schema":{"@context":"https:\/\/schema.org","@graph":[{"@type":"Article","@id":"https:\/\/stuttgarti-katolikusok.de\/index.php\/schultheis-eva-vasarnaptol-vasarnapig\/#article","isPartOf":{"@id":"https:\/\/stuttgarti-katolikusok.de\/index.php\/schultheis-eva-vasarnaptol-vasarnapig\/"},"author":{"name":"Tibor atya","@id":"https:\/\/stuttgarti-katolikusok.de\/#\/schema\/person\/75908d6f8fdc03a57889d27209df7795"},"headline":"Schultheis \u00c9va: Vas\u00e1rnapt\u00f3l Vas\u00e1rnapig&#8230;","datePublished":"2017-04-09T06:24:38+00:00","dateModified":"2020-04-27T15:41:32+00:00","mainEntityOfPage":{"@id":"https:\/\/stuttgarti-katolikusok.de\/index.php\/schultheis-eva-vasarnaptol-vasarnapig\/"},"wordCount":744,"articleSection":["Olvas\u00f3ink \u00edrj\u00e1k"],"inLanguage":"hu"},{"@type":"WebPage","@id":"https:\/\/stuttgarti-katolikusok.de\/index.php\/schultheis-eva-vasarnaptol-vasarnapig\/","url":"https:\/\/stuttgarti-katolikusok.de\/index.php\/schultheis-eva-vasarnaptol-vasarnapig\/","name":"Schultheis \u00c9va: Vas\u00e1rnapt\u00f3l Vas\u00e1rnapig... - Stuttgarti Katolikusok","isPartOf":{"@id":"https:\/\/stuttgarti-katolikusok.de\/#website"},"datePublished":"2017-04-09T06:24:38+00:00","dateModified":"2020-04-27T15:41:32+00:00","author":{"@id":"https:\/\/stuttgarti-katolikusok.de\/#\/schema\/person\/75908d6f8fdc03a57889d27209df7795"},"breadcrumb":{"@id":"https:\/\/stuttgarti-katolikusok.de\/index.php\/schultheis-eva-vasarnaptol-vasarnapig\/#breadcrumb"},"inLanguage":"hu","potentialAction":[{"@type":"ReadAction","target":["https:\/\/stuttgarti-katolikusok.de\/index.php\/schultheis-eva-vasarnaptol-vasarnapig\/"]}]},{"@type":"BreadcrumbList","@id":"https:\/\/stuttgarti-katolikusok.de\/index.php\/schultheis-eva-vasarnaptol-vasarnapig\/#breadcrumb","itemListElement":[{"@type":"ListItem","position":1,"name":"Kezd\u0151lap","item":"https:\/\/stuttgarti-katolikusok.de\/"},{"@type":"ListItem","position":2,"name":"Schultheis \u00c9va: Vas\u00e1rnapt\u00f3l Vas\u00e1rnapig&#8230;"}]},{"@type":"WebSite","@id":"https:\/\/stuttgarti-katolikusok.de\/#website","url":"https:\/\/stuttgarti-katolikusok.de\/","name":"Stuttgarti Katolikusok","description":"","potentialAction":[{"@type":"SearchAction","target":{"@type":"EntryPoint","urlTemplate":"https:\/\/stuttgarti-katolikusok.de\/?s={search_term_string}"},"query-input":{"@type":"PropertyValueSpecification","valueRequired":true,"valueName":"search_term_string"}}],"inLanguage":"hu"},{"@type":"Person","@id":"https:\/\/stuttgarti-katolikusok.de\/#\/schema\/person\/75908d6f8fdc03a57889d27209df7795","name":"Tibor atya","image":{"@type":"ImageObject","inLanguage":"hu","@id":"https:\/\/secure.gravatar.com\/avatar\/61d268e57d1f4525b111222e29d2d5a7f8c420fdbf231ba5566a8ceac74fa960?s=96&d=mm&r=g","url":"https:\/\/secure.gravatar.com\/avatar\/61d268e57d1f4525b111222e29d2d5a7f8c420fdbf231ba5566a8ceac74fa960?s=96&d=mm&r=g","contentUrl":"https:\/\/secure.gravatar.com\/avatar\/61d268e57d1f4525b111222e29d2d5a7f8c420fdbf231ba5566a8ceac74fa960?s=96&d=mm&r=g","caption":"Tibor atya"},"url":"https:\/\/stuttgarti-katolikusok.de\/index.php\/author\/tibor-atya\/"}]}},"_links":{"self":[{"href":"https:\/\/stuttgarti-katolikusok.de\/index.php\/wp-json\/wp\/v2\/posts\/11704","targetHints":{"allow":["GET"]}}],"collection":[{"href":"https:\/\/stuttgarti-katolikusok.de\/index.php\/wp-json\/wp\/v2\/posts"}],"about":[{"href":"https:\/\/stuttgarti-katolikusok.de\/index.php\/wp-json\/wp\/v2\/types\/post"}],"author":[{"embeddable":true,"href":"https:\/\/stuttgarti-katolikusok.de\/index.php\/wp-json\/wp\/v2\/users\/3"}],"replies":[{"embeddable":true,"href":"https:\/\/stuttgarti-katolikusok.de\/index.php\/wp-json\/wp\/v2\/comments?post=11704"}],"version-history":[{"count":3,"href":"https:\/\/stuttgarti-katolikusok.de\/index.php\/wp-json\/wp\/v2\/posts\/11704\/revisions"}],"predecessor-version":[{"id":11709,"href":"https:\/\/stuttgarti-katolikusok.de\/index.php\/wp-json\/wp\/v2\/posts\/11704\/revisions\/11709"}],"wp:attachment":[{"href":"https:\/\/stuttgarti-katolikusok.de\/index.php\/wp-json\/wp\/v2\/media?parent=11704"}],"wp:term":[{"taxonomy":"category","embeddable":true,"href":"https:\/\/stuttgarti-katolikusok.de\/index.php\/wp-json\/wp\/v2\/categories?post=11704"},{"taxonomy":"post_tag","embeddable":true,"href":"https:\/\/stuttgarti-katolikusok.de\/index.php\/wp-json\/wp\/v2\/tags?post=11704"}],"curies":[{"name":"wp","href":"https:\/\/api.w.org\/{rel}","templated":true}]}}