{"id":11646,"date":"2017-04-03T06:26:40","date_gmt":"2017-04-03T06:26:40","guid":{"rendered":"https:\/\/gracious-dewdney.138-201-221-2.plesk.page\/?p=11646"},"modified":"2019-10-23T10:45:12","modified_gmt":"2019-10-23T10:45:12","slug":"p-focze-bonaventura-nagybojt-pusztajaban","status":"publish","type":"post","link":"https:\/\/stuttgarti-katolikusok.de\/index.php\/p-focze-bonaventura-nagybojt-pusztajaban\/","title":{"rendered":"P. F\u0151cze Bonaventura: Nagyb\u00f6jt puszt\u00e1j\u00e1ban"},"content":{"rendered":"<p>I.<\/p>\n<p>A mai est\u00e9n arra h\u00edvlak, hogy vonuljunk el nagyb\u00f6jt puszt\u00e1j\u00e1ba, fedezz\u00fck fel \u00e9let\u00fcnkben a puszta csendj\u00e9t.<\/p>\n<p>Ebben az id\u0151szakban, amikor tudatosabban is kereszt\u00e9nys\u00e9g\u00fcnk legnagyobb \u00fcnnep\u00e9re k\u00e9sz\u00fcl\u00fcnk sz\u00fcks\u00e9g\u00fcnk van a puszt\u00e1ba vonul\u00e1shoz, az elcsendesed\u00e9shez. Egyh\u00e1zunk t\u00f6rt\u00e9nelm\u00e9b\u0151l sokakat ismer\u00fcnk, akik t\u00e9nylegesen kivonultak a puszt\u00e1ba, a sivatagba, vagy legal\u00e1bbis elvonultak a vil\u00e1gb\u00f3l\/- t\u00f3l, hogy remetes\u00e9gben \u00e9ljenek. Nek\u00fcnk tal\u00e1n nem ebben az \u00e9rtelemben kell elvonulnunk a vil\u00e1gt\u00f3l, hanem l\u00e9lekben kell megkeresn\u00fcnk a b\u00f6jt, az im\u00e1ds\u00e1g \u00e9s az elm\u00e9lked\u00e9s hely\u00e9t az \u00e9let\u00fcnkben.<\/p>\n<p>Val\u00f3ban, nem kell nek\u00fcnk a puszt\u00e1ba menn\u00fcnk, hisz pusztas\u00e1g, sz\u00e1razs\u00e1g, sokszor lelki sz\u00e1razs\u00e1g az \u00e9let\u00fcnk, ez azonban nem v\u00e9gzet, nem v\u00e9letlen, hanem \u00fat a c\u00e9l fel\u00e9. De ne feledjem, hogy a puszta az Istennel val\u00f3 tal\u00e1lkoz\u00e1s helye. A puszt\u00e1ban, a l\u00e9lek csendj\u00e9ben felfedezz\u00fck, r\u00e1d\u00f6bben\u00fcnk arra, hogy Isten kez\u00e9ben vagyunk \u00e9s r\u00e1b\u00edzzuk magunkat Gondvisel\u0151 szeretet\u00e9re. A ma embere f\u00e9l a puszt\u00e1t\u00f3l, a mag\u00e1nyt\u00f3l. Nagyb\u00f6jt a puszt\u00e1ba vonul\u00e1s ideje. Ne f\u00e9lj\u00fcnk t\u0151le. Fogjuk meg J\u00e9zus kez\u00e9t \u00e9s l\u00e9pj\u00fcnk be vele lelk\u00fcnk mag\u00e1ny\u00e1ba, ahol ism\u00e9t meghallhatjuk a puszta gazdag \u00fczenet\u00e9t.<\/p>\n<p>Mindannyiunk sz\u00e1m\u00e1ra j\u00f3l ismert Antoine de Saint-Exup\u00e9ry <em>A Kis Herceg<\/em> gyermekreg\u00e9nye. A szerz\u0151 nagy igazs\u00e1got sz\u00f3laltat meg, amikor \u00edgy sz\u00f3l a Kis Herceg: <em>Az teszi sz\u00e9pp\u00e9 a sivatagot, a puszt\u00e1t (&#8230;), hogy valahol egy kutat rejt.<\/em> (24. fejezet) Lelki mag\u00e1nyomban, saj\u00e1t \u00e9letem puszt\u00e1j\u00e1ban is ott van az \u00f6r\u00f6k \u00e9letre sz\u00f6kell\u0151 v\u00edzforr\u00e1s, velem van szeret\u0151 Isten\u00fcnk, hisz \u0150 egy pillanatra sem feledkezik meg r\u00f3lunk.<\/p>\n<p>Ezekben a napokban vonuljak el lelkem puszt\u00e1j\u00e1ba, mag\u00e1ny\u00e1ba, ne f\u00e9ljek szemben\u00e9zni gyenges\u00e9geimmel, f\u00e9lelmeimmel, hanem merjek tal\u00e1lkozni Istennel. J\u00f3llehet, hogy a puszta, a saj\u00e1t bens\u0151 vil\u00e1gomba val\u00f3 fordul\u00e1s megpr\u00f3b\u00e1l. Tartsam szem el\u0151tt, hogy a puszta kop\u00e1rnak, sivatagnak, szeg\u00e9nynek t\u0171nik, de nagy gazdags\u00e1got rejt. A puszta bibliai fogalomk\u00e9nt nem egy f\u00f6ldrajzi helyre gondol csup\u00e1n, hanem a pr\u00f3bat\u00e9tel idej\u00e9re. A Szent\u00edr\u00e1sb\u00f3l tudjuk, hogy \u00c1brah\u00e1m elhagyja v\u00e1ros\u00e1t, hogy megismerje Istent \u00e9s \u00f6nmag\u00e1t. M\u00f3zes kimegy a puszt\u00e1ba, mert az \u00e9letfeladat\u00e1r\u00f3l alkotott k\u00e9pe \u00f6sszet\u00f6rt, \u00e9s most azt se tudja, ki is \u0151, mi a dolga. \u00c9s azt\u00e1n negyven\u00e9vnyi csendben \u00e9s ki\u00fcresed\u00e9sben tal\u00e1lja meg \u00f6nazonoss\u00e1g\u00e1t. Ill\u00e9s elmenek\u00fcl az akt\u00edv \u00e9let forgatag\u00e1b\u00f3l, csal\u00f3dott \u00f6nmag\u00e1ban, Istenben. A barlang csendj\u00e9ben kap \u00fajra er\u0151t\u2026 . A kiv\u00e1lasztott n\u00e9p a puszt\u00e1ban bolyongott 40 \u00e9vet. J\u00f3l ismerj\u00fck a v\u00e1lasztott n\u00e9p t\u00f6rt\u00e9net\u00e9b\u0151l, hogy a puszt\u00e1ban mikkel kellett szembes\u00fcljenek, \u00e9s nem az\u00e9rt mert Isten elhagyta, hanem mintegy megpr\u00f3b\u00e1ltat\u00e1sokat kellett \u00e1t\u00e9lni\u00fck, hogy az \u00edg\u00e9ret f\u00f6ldj\u00e9t elnyerj\u00e9k. Mi is Istennek v\u00e1lasztott nemzetts\u00e9ge vagyunk. \u00c9ppen ennek felfedez\u00e9s\u00e9re vonulunk lelki mag\u00e1nyunkba, puszt\u00e1nkba, ki-ki a saj\u00e1t cs\u00f6ndj\u00e9be.<\/p>\n<p><em>Egy alkalommal t\u00f6rt\u00e9nt, hogy a mag\u00e1nyosan \u00e9l\u0151 szerzetes remet\u00e9hez egyszer emberek j\u00f6ttek. Megk\u00e9rdezt\u00e9k t\u0151le:<\/em> <em>mire val\u00f3, hogy \u00e9leted nagy r\u00e9sz\u00e9t itt t\u00f6lt\u00f6d el cs\u00f6ndben \u00e9s mag\u00e1nyban?<\/em> <em>A remete \u00e9ppen azzal foglalatoskodott, hogy vizet mert egy cisztern\u00e1b\u00f3l, az es\u0151v\u00edz \u00f6sszegy\u0171jt\u00e9s\u00e9re szolg\u00e1l\u00f3 m\u00e9ly k\u00fatb\u00f3l. F\u00f6lfigyelt a k\u00e9rd\u00e9sre, s munka k\u00f6zben odasz\u00f3lt a l\u00e1togat\u00f3knak:<\/em> <em>n\u00e9zzetek bele a cisztern\u00e1ba! Mit l\u00e1ttok?<\/em> <em>Az emberek k\u00edv\u00e1ncsian k\u00f6r\u00fclvett\u00e9k a szerzetest, \u00e9s pr\u00f3b\u00e1ltak beletekinteni a m\u00e9ly k\u00fatba:<\/em> <em>Nem l\u00e1tunk semmit &#8211; mondt\u00e1k kisv\u00e1rtatva.<\/em> <em>A remete abbahagyta a v\u00edzmer\u00edt\u00e9st, p\u00e1r pillanatnyi cs\u00f6ndet tartott. A l\u00e1togat\u00f3k fesz\u00fclten figyeltek r\u00e1, mozdulni sem mertek. Most n\u00e9zzetek bele a k\u00fatba egyenk\u00e9nt, cs\u00f6ndesen. Mit l\u00e1ttok?<\/em><em>\u00a0 <\/em><em>A l\u00e1togat\u00f3k \u00e9rdekl\u0151d\u00e9ssel hajoltak egyenk\u00e9nt a k\u00fat f\u00f6l\u00e9, s felki\u00e1ltottak: saj\u00e1t arcunkat l\u00e1tjuk a k\u00fatban!<\/em> <em>Bizony, am\u00edg zavartam a vizet \u2013 mondta a remete \u2013, nem l\u00e1ttatok semmit. De a cs\u00f6ndben \u00e9s a nyugalomban megismeritek \u00f6nmagatokat.<\/em><em>\u00a0 <\/em><em>A l\u00e1togat\u00f3k meg\u00e9rtett\u00e9k a remete tan\u00edt\u00e1s\u00e1t.<\/em> Ez\u00e9rt h\u00edvlak a mai est\u00e9n arra, hogy a puszt\u00e1ba vonuljunk, hogy elcsendesedve l\u00e1ssam \u00f6nmagamat teljes val\u00f3j\u00e1ban. \u00dagy l\u00e1ssam \u00f6nmagam mint egy t\u00fck\u00f6rbe \u2013 mert Isten is \u00fagy fogad el torz\u00edt\u00e1s, hozz\u00e1ad\u00e1s n\u00e9lk\u00fcl. Ez\u00e9rt j\u00f3, hogyha elvonulok saj\u00e1t puszt\u00e1mba.<\/p>\n<p>Nagyb\u00f6jt els\u0151 vas\u00e1rnapj\u00e1n hallottuk Szent M\u00e1t\u00e9 evang\u00e9list\u00e1t\u00f3l, hogy a L\u00e9lek a puszt\u00e1ba vitte J\u00e9zust. A L\u00e9lek nem k\u00e9nyszer\u00edtette, hanem \u00f6szt\u00f6n\u00f6zte, hogy menjen a puszt\u00e1ba. J\u00e9zust a Szentl\u00e9lek ir\u00e1ny\u00edtotta. Figyelmes volt ind\u00edttat\u00e1s\u00e1ra, ihlet\u00e9re. A Szentl\u00e9lek \u00e1lland\u00f3an ihlet minket is. Gyakran nem lelkes\u00edt minket a Szentl\u00e9lek sugallata, de higgy\u00fcnk abban, hogy a javunkat, s\u0151t mi t\u00f6bb \u00f6r\u00f6k \u00fcdv\u00f6ss\u00e9g\u00fcnket akarja. Istenhez akar vezetni minket.<\/p>\n<p>Mi\u00e9rt fontos a L\u00e9lek tan\u00edt\u00e1s\u00e1ra, sugallat\u00e1ra, \u00f6szt\u00f6nz\u00e9s\u00e9re odafigyelni? Az\u00e9rt, mert (Ferenc P\u00e1pa) <em>Isten az egyh\u00e1z vezet\u00e9s\u00e9t, tan\u00edt\u00e1s\u00e1t ma is a Szentl\u00e9lekre b\u00edzza. A Szentl\u00e9lek az, ahogyan J\u00e9zus mondja, aki mindent megtan\u00edt nek\u00fcnk. <\/em>A puszta csend\u00fcnkben a Szentl\u00e9lek \u00e1tform\u00e1lja a sz\u00edv\u00fcnket, ha kit\u00e1rulunk el\u0151tte. Ha befogadjuk, akkor megval\u00f3sul Ezekiel pr\u00f3f\u00e9ta nagy j\u00f6vend\u00f6l\u00e9se, hogy <em>\u00daj sz\u00edvet adok nektek, \u00e9s \u00faj lelket adok bel\u00e9tek, kiveszem testetekb\u0151l a k\u0151sz\u00edvet \u00e9s h\u00fassz\u00edvet adok nektek. A lelkemet oltom bel\u00e9tek. <\/em>Csod\u00e1latos, hogy a Szentl\u00e9lek bevezet Isten szeretet\u00e9be. Ezt a saj\u00e1t er\u0151nkkel k\u00e9ptelenek vagyunk el\u00e9rni. Ha a Szentl\u00e9leknek nem adunk teret az \u00e9let\u00fcnkben, ha nem halljuk az \u0150 ihlet\u00e9s\u00e9t, hogyha nem engedelmesked\u00fcnk neki, akkor eg\u00e9sz kereszt\u00e9nys\u00e9g\u00fcnk fel\u00fcletes marad.<\/p>\n<p>J\u00f3 alkalom lehet a nagyb\u00f6jti lelkigyakorlat, hogy a L\u00e9lek ir\u00e1ny\u00edt\u00e1s\u00e1val, vezet\u00e9s\u00e9vel legyek jelen \u00e9letem puszt\u00e1j\u00e1ban, siv\u00e1rs\u00e1g\u00e1ban. Az\u00e9rt is, mert a puszt\u00e1ban vesz\u00e9lyek leselkednek az emberre, k\u00eds\u00e9rt\u00e9snek van kit\u00e9ve azaz mag\u00e1ra van hagyatva. L\u00e1tni fogjuk, hogy a puszt\u00e1ban J\u00e9zusnak is megkellett birk\u00f3znia a k\u00eds\u00e9rt\u00e9ssel. Az \u00e9letemben is jelen vannak olyan neh\u00e9zs\u00e9gek, amelyekkel meg kell k\u00fczdenem. Mindehhez sz\u00fcks\u00e9gem van a Szentl\u00e9lek kegyelmi t\u00e1mogat\u00e1s\u00e1ra, hogy a puszta csend megaj\u00e1nd\u00e9kozzon az er\u00e9nyek gazdags\u00e1g\u00e1val. A Szentl\u00e9lek ir\u00e1ny\u00edt\u00e1s\u00e1val a puszta gazdags\u00e1g\u00e1ra r\u00e1tal\u00e1lunk.<\/p>\n<p>N\u00e9zz\u00fck a puszta n\u00e9h\u00e1ny \u00fczenet\u00e9t. A f\u00f6ldrajzi hely kop\u00e1r, siv\u00e1r, \u00e9lettelen. A lelki \u00e9letben m\u00e9gis gazdags\u00e1got rejt. A L\u00e9lek vezet\u00e9s\u00e9vel megtanulok jobban t\u00e1j\u00e9koz\u00f3dni \u00e9letem \u00fatveszt\u0151iben; felfedezem az egyszer\u0171 dolgok fontoss\u00e1g\u00e1t \u00e9s sz\u00e9ps\u00e9g\u00e9t; l\u00e9nyem m\u00e9ly\u00e9re figyelve r\u00e1d\u00f6bbenek gy\u00f6nges\u00e9geimre, hat\u00e1raimra, korl\u00e1tjaimra \u00e9s m\u00e9g sorolhatn\u00e1nk\u2026 . De ugyanakkor bens\u0151leg is form\u00e1l, mert a L\u00e9lek jelenl\u00e9t\u00e9vel felismerhetem Isten irgalmas szeretet\u00e9nek v\u00e9gtelens\u00e9g\u00e9t. Ami a leg\u00e9rt\u00e9kesebb, hogy felfedezem Isten jelenl\u00e9t\u00e9t. R\u00e1d\u00f6bbenek arra, hogy Isten kez\u00e9ben vagyok \u00e9s r\u00e1b\u00edzom pusztai l\u00e9temet, jelenl\u00e9temet Gondvisel\u0151 szeretet\u00e9re.<\/p>\n<p>Att\u00f3l nagyon sok ember f\u00e9l, hogy csend legyen k\u00f6r\u00fcl\u00f6tte. Egy pszichol\u00f3giai felm\u00e9r\u00e9s szerint az emberis\u00e9g nagy sz\u00e1zal\u00e9ka \u00f6t perc csend ut\u00e1n k\u00e9nyelmetlen\u00fcl \u00e9rzi mag\u00e1t. Mert, hogyha m\u00e1r csendben vagyok akkor m\u00e1r \u00f6szt\u00f6n\u00f6sen is, hol m\u00e1shol j\u00e1r az eszem, vagy valamin gondolkodom, tervezem\u2026 Az elcsendesed\u00e9st is tanulnom kell. Ne f\u00e9ljek a pusztai mag\u00e1nyt\u00f3l. Fedezzem fel Isten jelenl\u00e9t\u00e9t \u00e9s akkor m\u00e1r nem egyed\u00fcl vagyok hanem meg\u00e9lem, hogy \u0150\u00e1ltala vagyok \u0150vele \u00e9s \u0150benne.<\/p>\n<p>Merjek magamban csendet teremteni. Higgyem el, hogy a csendben t\u00f6lt\u00f6tt id\u0151 annyira fontos az \u00e9letemben, mint emberi kapcsolataim. Meg\u00e9ri, hogy lelkem m\u00e9ly\u00e9n \u2013 saj\u00e1t puszt\u00e1mban \u2013 meg\u00e1lljak, lecsendesedjek, \u00e9rezzem lelkem \u00fcress\u00e9g\u00e9t \u00e9s \u00e1t\u00e9ljem azt, hogy csak egyed\u00fcl Isten szeretete k\u00e9pes megt\u00f6lteni.<\/p>\n<p>J\u00e9zus \u00e9let\u00e9b\u0151l tudjuk, hogy t\u00f6bbsz\u00f6r is elvonult vagy egyed\u00fcl, vagy tan\u00edtv\u00e1nyaival id\u0151nk\u00e9nt egy puszta helyre. Az evang\u00e9liumokb\u00f3l ismerj\u00fck, hogy volt olyan, hogy napkelt\u00e9t\u0151l \u2013 napszent\u00fcletig megszak\u00edt\u00e1s n\u00e9lk\u00fcl dolgozott, hisz sokan v\u00e1rtak tan\u00edt\u00e1s\u00e1ra, gy\u00f3gy\u00edt\u00e1s\u00e1ra. De k\u00e9pes volt abbahagyni a munk\u00e1t \u00e9s egy csendes helyre f\u00e9lrevonulni.<\/p>\n<p>Tette az\u00e9rt, mert J\u00e9zus <u>tudatosan \u00e9s rendszeresen<\/u> kereste az Aty\u00e1val val\u00f3 meghitt, csendes egy\u00fcttl\u00e9tet. R\u00e1csod\u00e1lkoztam az \u00e9letemben, hogyha \u00e9n is tudatosan \u00e9s rendszeresen meg\u00e1llok \u00e9s az Aty\u00e1ra figyelek ez a csend engem nem zavar. De bizony olykor-olykor a tev\u00e9kenys\u00e9g l\u00e1z\u00e1ban neh\u00e9z ezt a nyugalmat \u00e1raszt\u00f3 csendet el\u00e9rnem.<\/p>\n<p>Tudom, hogy ez a mai temp\u00f3s \u00e9letritmus amit felvett\u00fcnk, igyekszik lehetetlenn\u00e9 tenni ezt a csendet. Hamisan \u00fagy t\u0171nik, hogy a tev\u00e9kenys\u00e9g, a teljes\u00edt\u00e9s, a teljes\u00edtm\u00e9ny az, ami sz\u00e1m\u00edt. Biztos vagyok benne, hogy az elcsendesed\u00e9sre is id\u0151t kell sz\u00e1nni. Mindennapjaim zaja mellet el\u00e9g neh\u00e9z. Johann Sebastian Bach \u00edgy fogalmazta meg probl\u00e9m\u00e1j\u00e1t, mikor egy lovas szek\u00e9r\u00a0elhaladt mellette irt\u00f3zatos nyikorg\u00e1ssal: <em>Most legal\u00e1bb k\u00e9t napig nem fogok tudni dolgozni, m\u00e1rmint kompon\u00e1lni, mert ez a <\/em><em>zaj ki\u0171zte a fejemb\u0151l az isteni szf\u00e9r\u00e1t.<\/em><\/p>\n<p>Gondoljunk csak bele, hogy kisiskol\u00e1sokt\u00f3l elkezdve id\u00f5s emberekig a technika v\u00edvm\u00e1nyainak k\u00f6sz\u00f6nhet\u00f5en m\u00e9g s\u00e9ta k\u00f6zben is nagyon sokan zen\u00e9t hallgatnak, ezeket nevezem a csend mad\u00e1rijeszt\u00f5inek.<\/p>\n<p>Tudnom kell, hogy kereszt\u00e9ny emberk\u00e9nt \u00e9letemben k\u00fcl\u00f6n\u00f6s kiv\u00e1lts\u00e1g, hogy \u00fajra \u00e9s \u00fajra elvonulhatok \u00e9letem puszt\u00e1j\u00e1ba \u00e9s a csendben Isten el\u00e9 \u00e1llhatok \u00edgy sz\u00f3lva: <em>itt vagyok, sz\u00f3lj Uram. T\u00e9gy velem, amit akarsz. <\/em>Ilyenkor v\u00e9gre nem \u00e9n akarok valamit tenni, hanem engedem, hogy Isten munk\u00e1lkodj\u00e9k bennem. A csend nem valaminek a hi\u00e1nya, hanem lehet\u0151s\u00e9ge annak, hogy valami megsz\u00fclethessen. A csend k\u00f6r\u00fclvesz minket, \u00e9ltet \u00e9s bet\u00f6lt. Az ember sz\u00e1m\u00e1ra m\u00e9gis m\u0171v\u00e9szet az elcsendes\u00fcl\u00e9s. Mert a k\u00fcls\u0151 csendet ugyan meg tudod teremteni, de a bels\u0151 csend felett nem te rendelkezel. Zavarj\u00e1k gondolataid, gondjaid, indulataid. Nem akaratodt\u00f3l f\u00fcgg, hogy szabadd\u00e1 v\u00e1lj t\u0151l\u00fck. A k\u00fcls\u0151 csend seg\u00edti a bels\u0151t, de a bels\u0151nek csak a k\u00f6r\u00fclm\u00e9nyeit tudod megteremteni. A bels\u0151 csend kialakul\u00e1sa folyamat. Fokozatosan csendesedsz el.<\/p>\n<p><em>A misztikusok azt mondj\u00e1k, hogy mindny\u00e1junkban van egy bels\u0151 csendes t\u00e9r. A IV. sz\u00e1zadban \u00e9l\u0151 Evagriosz Pontikosz sivatagi atya ezt Isten hely\u00e9nek tartja, a b\u00e9kess\u00e9g jelenl\u00e9t\u00e9nek, olyan helynek, amelyet Isten fens\u00e9ge \u00e9s b\u00e9k\u00e9je t\u00f6lt be. Szi\u00e9nai Szent Katalinn\u00e1l a bels\u0151 cella, Avilai Ter\u00e9z bels\u0151 v\u00e1rkast\u00e9ly\u00e1ban a legbels\u0151 lak\u00e1s. Ez a hely, benned, bennem \u2013 benn\u00fcnk \u2013 van, akkor is, ha nem \u00e9rezz\u00fck. A n\u00e9pszer\u0171 benc\u00e9s Anselm Gr\u00fcn \u00edrja, hogy: Isten a csend ter\u00e9ben lakik benn\u00fcnk. Mindny\u00e1junkban van egy ilyen bels\u0151 csendes hely. Mi t\u00f6bbnyire nem vagyunk kapcsolatba vele. T\u00fal sok gond \u00e9s f\u00e9lelem halmoz\u00f3dott fel benn\u00fcnk, \u00e9s nem \u00e9rezz\u00fck ezt a csendes teret. De m\u00e1r az is seg\u00edt m\u00e1sk\u00e9pp \u00e9ln\u00fcnk a vil\u00e1gban, hogy tudjuk, benn\u00fcnk van ez a hely. A csendnek ebbe a ter\u00e9be mindig visszah\u00faz\u00f3dhatunk, a vil\u00e1g zaj\u00e1ban is. Ebbe a csendes helyre nem l\u00e9phet be senki. Ez a bels\u0151 csendes t\u00e9r meg\u00f3v minket a vil\u00e1g zaj\u00e1t\u00f3l, a vil\u00e1g t\u00e1mad\u00e1sait\u00f3l, a k\u00edv\u00fclr\u0151l \u00e9rkez\u0151 s\u00e9rt\u00e9sekt\u0151l, b\u00e1nt\u00e1sokt\u00f3l. Ez olyan hely, ahol eg\u00e9szen \u00f6nmagunkn\u00e1l vagyunk. Ez a hely, amelyet nem zavar meg egyetlen gondolat sem. Eckhart mester <\/em><em>(k\u00f6z\u00e9pkori kereszt\u00e9ny misztikus gondolkod\u00f3) szav\u00e1val az ember leg\u00e9rt\u00e9kesebb r\u00e9sze, az a pont, ahol Isten \u00e9s ember k\u00f6z\u00f6tt l\u00e9trej\u00f6het a val\u00f3di tal\u00e1lkoz\u00e1s. Ezt a helyet nem nek\u00fcnk kell megteremteni, hiszen m\u00e1r benn\u00fcnk van, csak betemett\u00e9k a gondok \u00e9s a gondolatok. Ha ki\u00e1ssuk magunkban a hallgat\u00e1s bels\u0151 ter\u00e9t, akkor Istennel \u00fagy tudunk tal\u00e1lkozni, amilyen \u0150 val\u00f3j\u00e1ban. <\/em>(Anselm Gr\u00fcn, <em>Csendb\u0151l bontakoz\u00f3 \u00e9let<\/em>)<\/p>\n<p>Szent Jakab apostol level\u00e9ben olvashatjuk: <em>\u00c9rts\u00e9tek meg, kedves testv\u00e9reim: Legyen minden ember k\u00e9szen a hallgat\u00e1sra, de k\u00e9sedelmes a sz\u00f3l\u00e1sra\u2026 <\/em>(Jak 1,19)<em>. <\/em>Azt \u00edrja, hogy minden ember! Hallgatni, csendben maradni, nem besz\u00e9lni mindenkinek meg kell tanulnia, aki kereszt\u00e9ny \u00e9letet akar \u00e9lni \u00e9s az \u00f6r\u00f6k \u00e9letre t\u00f6rekszik. A csend megtiszt\u00edt, meger\u0151s\u00edt. Szabad utat enged az Istennek tetsz\u0151 gondolatoknak. \u00c9ppen ez\u00e9rt a csendre \u00fagy kell vigy\u00e1znunk, ahogyan a sivatagban az o\u00e1zist \u0151rzik. (L\u00e9tr\u00e1s Szent J\u00e1nos \u00edr szerzetes,* 575)<\/p>\n<p>Teremts benn\u00fcnk csendet, hogy lelk\u00fcnk m\u00e9ly\u00e9n meghalljuk b\u0171nb\u00e1natra h\u00edv\u00f3 szavadat!<br \/>\nTeremts benn\u00fcnk csendet!<br \/>\nA hit aj\u00e1nd\u00e9k\u00e1t elfogad\u00f3 csendet.<br \/>\nA Te titkaidat elfogad\u00f3 csendet.<br \/>\nA Te szeretetedet elfogad\u00f3 csendet.<br \/>\nA l\u00e9lek m\u00e9ly\u00e9n megsz\u00fclet\u0151 \u00f6r\u00f6m csendj\u00e9t.<br \/>\n&nbsp;<\/p>\n<p>A csenden t\u00fal, a csendben az ember \/meg\/-\u00e9rzi a mag\u00e1nyt.<\/p>\n<p>Szent Ferenc aty\u00e1nk szem\u00e9ben a mag\u00e1ny nem negat\u00edv, hanem pozit\u00edv: az Istennel val\u00f3 tal\u00e1lkoz\u00e1s \u00e9s az \u00f6nmag\u00e1ra eszm\u00e9l\u00e9s lehet\u0151s\u00e9g\u00e9t biztos\u00edtja sz\u00e1munkra. Nemcsak a puszt\u00e1nkban, hanem a mag\u00e1nyunkban is fel kell fedezn\u00fcnk Isten jelenl\u00e9t\u00e9t. \u00cdgy k\u00f6zel\u00edts\u00fck meg a mag\u00e1nyt.<\/p>\n<p>Nehez\u00fcnkre esik csendben lenni, mag\u00e1nyosan \u00e9lni. Nem j\u00f3, ha az ember egyed\u00fcl marad. A m\u00e1sodik teremt\u00e9st\u00f6rt\u00e9net le\u00edr\u00e1s\u00e1b\u00f3l megtudjuk, hogy az els\u0151 ember \u2013 \u00c1d\u00e1m \u2013 megtapasztalta a mag\u00e1nyt. J\u00f3llehet, hogy nevet adott minden teremtm\u00e9nynek, uralmat gyakorolt felett\u00fck, de mindezek ellen\u00e9re egyed\u00fcl \u00e9rezte mag\u00e1t, mert <em>nem tal\u00e1lt seg\u00edt\u0151t\u00e1rsat, aki hasonl\u00f3 lett volna hozz\u00e1. <\/em>(Ter 2,20) A Szent\u00edr\u00e1s tan\u00edt\u00e1sa, tan\u00fas\u00e1ga szerint az Isten t\u00e1rsas l\u00e9nynek teremtette az embert. A teremt\u00e9s k\u00f6nyv\u00e9ben \u00edgy fejezi ki, hogy: <em>Nem j\u00f3 az embernek egyed\u00fcl lennie. Alkotok neki seg\u00edt\u0151t\u00e1rsat, aki hozz\u00e1 ill\u0151. <\/em>(Ter 2,18) E t\u00e1rs pedig nem m\u00e1s, mint az asszony, akit az ember bord\u00e1j\u00e1b\u00f3l form\u00e1l az Isten, \u00e9s odavezeti az emberhez. Az ember pedig, megl\u00e1tva az asszonyt, boldogan f\u00f6lki\u00e1lt: <em>Ez m\u00e1r csont a csontomb\u00f3l \u00e9s h\u00fas a h\u00fasomb\u00f3l<\/em>, \u00e9s <em>egy testt\u00e9 lesznek<\/em>, mint <em>f\u00e9rj \u00e9s feles\u00e9g<\/em> (2,21\u201324).<\/p>\n<p>Az els\u0151 emberp\u00e1r t\u00f6rt\u00e9nete m\u00e9ly igazs\u00e1got fejez ki: az emberek egym\u00e1s ir\u00e1nti k\u00f6lcs\u00f6n\u00f6s szeretet\u00e9ben t\u00fckr\u00f6z\u0151dik az Isten, aki maga a szeretet. A sz\u00f3 szoros \u00e9rtelm\u00e9ben, a mag\u00e1nyomban sem vagyok egyed\u00fcl. Gondoljunk csak arra, hogy J\u00e9zus felt\u00e1mad\u00e1sa ut\u00e1n az apostolokat k\u00fcldi, hogy tegyenek tan\u00edtv\u00e1ny\u00e1v\u00e1 minden n\u00e9pet, \u00e9s biztos\u00edtja \u0151ket, hogy: <em>Veletek vagyok mindennap, a vil\u00e1g v\u00e9g\u00e9ig.<\/em> (Mk 28, 20b) M\u00e9gis bizonyos \u00e9rtelemben \u00c1d\u00e1m tapasztalat\u00e1t \u00e9lj\u00fck \u00e1t.<\/p>\n<p>Ratzinger b\u00edboros \u00edrja <em>A f\u00f6ld s\u00f3ja<\/em> c\u00edm\u0171 k\u00f6nyv\u00e9ben: <em>A kereszt\u00e9ny sivatagban tal\u00e1lja mag\u00e1t a mai vil\u00e1gban. A mag\u00e1nyos ember elpusztul a sivatagban. Csak \u00fagy kelhet\u00fcnk \u00e1t rajta, ha \u00fatit\u00e1rsakat, kis k\u00f6z\u00f6ss\u00e9geket hozunk l\u00e9tre<\/em>\u2026 . fontos, hogy valahov\u00e1 tartozzak, hogy legyenek kapaszkod\u00f3im. Kereszt\u00e9ny, Istenben h\u00edv\u0151 emberk\u00e9nt fontos az \u00e9letemben, hogy a mag\u00e1nyban tal\u00e1lkozzak Istennel, felismerjem jelenl\u00e9t\u00e9t. A mag\u00e1ny \u00e1ltal mag\u00e1val J\u00e9zussal tal\u00e1lkozhatunk, Istennel l\u00e9phet\u00fcnk kapcsolatba.<\/p>\n<p>Az evang\u00e9liumok el\u00e9nk t\u00e1rj\u00e1k, hogy J\u00e9zus mag\u00e1nyos helyekre vonult vissza, hogy im\u00e1dkozz\u00e9k. A mag\u00e1ny nagy lehet\u0151s\u00e9ge, hogy Istennel tal\u00e1lkozzak. Amikor teljesen \u00fagy \u00e9rzed, hogy nem sz\u00e1m\u00edthatsz mag\u00e1nyoss\u00e1godban senkire, engedd meg magadnak, hogy Ady Endre, <em>Az \u00dar \u00e9rkez\u00e9se<\/em> c\u00edm\u0171 vers\u00e9nek sorai \u00e9letre keljenek. Id\u00e9zem: <em>Mikor elhagytak,\/ Mikor a lelkem roskadozva vittem,\/ Cs\u00f6ndesen \u00e9s v\u00e1ratlanul\/ \u00c1t\u00f6lelt az Isten.<\/em> J\u00e9zus az\u00e9rt j\u00f6tt, hogy az Aty\u00e1hoz vezessen minket. Igen az\u00e9rt j\u00f6tt, hogy megkeresse a mag\u00e1nyost, \u00e1t\u00f6lelje, v\u00e1ll\u00e1ra vegye az elveszett b\u00e1r\u00e1nyt.<\/p>\n<p>B\u00facs\u00fabesz\u00e9d\u00e9ben meg\u00edg\u00e9rte nek\u00fcnk, hogy <em>nem hagylak \u00e1rv\u00e1n titeket\u2026 . <\/em>(Jn 14, 18a) Egyed\u00fcl J\u00e9zus tud kiragadni minket az elhagyatotts\u00e1g \u00e9rz\u00e9s\u00e9b\u0151l, a mag\u00e1nyb\u00f3l. Mag\u00e1nyoss\u00e1gom a J\u00e9zussal val\u00f3 tal\u00e1lkoz\u00e1s lehet\u0151s\u00e9ge. M\u00e9gis teherk\u00e9nt nehezedik r\u00e1nk, mert gyakran nem tudunk mit kezdeni a mag\u00e1nnyal.<\/p>\n<p>El\u0151sz\u00f6r is azt szeretn\u00e9m kiemelni, hogy szorosan kapcsol\u00f3dik a mag\u00e1nyom ahhoz, hogy mennyire vagyok k\u00f6zel Istenhez, milyen a kapcsolatom Istennel. Tudod, hogy Isten mennyire k\u00f6zel van hozz\u00e1d? Nagyon k\u00f6zel. Elk\u00e9pzelni, \u00e9s felfogni nem tudom, hogy mennyire k\u00f6zel. Mert bennem van. Isten nincs olyan messze, mint a legt\u00e1volabbi csillag. Olyan k\u00f6zel van, mint a k\u00f6vetkez\u0151 sz\u00edvver\u00e9sem. Velem van minden pillanatban. Lehet, hogy \u00fagy \u00e9rzem, Isten milli\u00f3 kilom\u00e9terekre van t\u0151lem. De az \u00e9rz\u00e9seim \u00e9s a val\u00f3s\u00e1g nem mindig tal\u00e1lkoznak &#8211; mindannyian tudjuk, hogy ez \u00edgy van. Az igazs\u00e1g az, hogy Isten velem van \u00e9pp most is. <em>K\u00f6zel az \u00daR mindenkihez, aki hozz\u00e1 ki\u00e1lt, mindenkihez, aki tiszta sz\u00edvb\u0151l h\u00edvja. <\/em>(145 Zsolt 18) Isten k\u00f6zel van hozz\u00e1m \u00e9s \u0150 meg\u00e9rt. Forduljak oda hozz\u00e1! \u00dagy ahogy vagyok! Er\u00e9nyeimmel, b\u0171neimmel, gyenges\u00e9geimmel, eg\u00e9sz mivoltommal! A mag\u00e1nyom az Istennel val\u00f3 kapcsolatomban rejlik. E gondolatok felt\u00e1rj\u00e1k azt a k\u00e9rd\u00e9st, hogyha Isten ennyire benne van az ember \u00e9let\u00e9ben, akkor sok ember mi\u00e9rt nem, vagy m\u00e1r mi\u00e9rt nem \u00e9l Istennel? A b\u0171n t\u00e1vol tartja. B\u00e1tor\u00edt\u00e1sk\u00e9nt id\u00e9zem Szent P\u00e1l apostolnak a R\u00f3maiakhoz \u00edrt level\u00e9b\u0151l, hogy: <em>Ahol azonban elhatalmasodott a b\u0171n, t\u00fal\u00e1radt a kegyelem<\/em>, <em>hogy amint a hal\u00e1lban uralkodott a b\u0171n, \u00fagy uralkodj\u00e9k az \u00f6r\u00f6k \u00e9letre sz\u00f3l\u00f3 megigazul\u00e1s \u00e1ltal a kegyelem is, Urunk, J\u00e9zus Krisztus \u00e1ltal.<\/em> (R\u00f3m 5, 21)<\/p>\n<p>M\u00e1sodszor azt szeretn\u00e9m kiemelni, hogy az ember nem csak akkor lehet mag\u00e1nyos, amikor Isten n\u00e9lk\u00fcl \u00e9l, hanem, egy sz\u00e1m\u00e1ra kedves ember elveszt\u00e9se; k\u00f3rh\u00e1zi \u00e1gyhoz k\u00f6t\u00f6tts\u00e9g \u2013 kialakul az elhagyatotts\u00e1g, kiszolg\u00e1ltatotts\u00e1g \u00e9rz\u00e9se \u2013, lakhelyv\u00e1ltoztat\u00e1s; kisebbs\u00e9gi \u00e9rz\u00e9s; nem \u00e9rtenek meg a szeretteim, bar\u00e1taim.<\/p>\n<p>Az \u00daj Ember katolikus hetilap kor\u00e1bbi sz\u00e1m\u00e1ban olvastam egy pszichi\u00e1ter megnyilatkoz\u00e1sait, hogy <em>Ki lehet mag\u00e1nyos? B\u00e1rmikor! B\u00e1rki! N\u00e9zz\u00fck \u00e9letkorok szerint. Kisgyerekek mag\u00e1nya. Soha ennyi mag\u00e1nyos gyerek nem \u00e9lt a f\u00f6ld\u00f6n, mint most. Elv\u00e1lt sz\u00fcl\u0151k gyermekei, \u00e1rv\u00e1n maradt gyermekek, \u00e1llami gondoz\u00e1sba adott gyermekek. S gondoljunk a csal\u00e1dban feln\u0151v\u0151, de t\u00falzott hajsz\u00e1ban \u00e9l\u0151 sz\u00fcleik miatt mag\u00e1nyos gyermekekre, a \u201ekulcsos gyerekekre\u201d, a \u201ehamburgeres gyerekekre\u201d \u2026 Sok gyerek \u00e9li meg a csal\u00e1dban, hogy teher, ny\u0171g. Ez az \u00e9rz\u00e9s lesz\/lehet a b\u00f6lcs\u0151je a k\u00e9s\u0151bbi, feln\u0151ttkori mag\u00e1nynak, esetleg depresszi\u00f3nak. A serd\u00fcl\u0151k mag\u00e1nya egy kritikus kor\u00e9. Ha ezek az ifjak nem kapnak k\u00e9rd\u00e9seikre, probl\u00e9m\u00e1ikra v\u00e1laszt vagy meg\u00e9rt\u00e9st a sz\u00fcl\u0151kt\u0151l, tan\u00e1rokt\u00f3l, bar\u00e1tokt\u00f3l, akkor soha nem tapasztalt mag\u00e1nyt \u00e9lnek \u00e1t. Ez sodor t\u00f6bb fiatalt a korai szexualit\u00e1shoz vagy a drogfogyaszt\u00e1shoz. Minden feln\u0151tt is lehet mag\u00e1nyos, k\u00fcl\u00f6nb\u00f6z\u0151 \u00e9let\u00e1llapotokban, ak\u00e1r egy n\u00e9pes csal\u00e1dban is, vagy ha nincs sz\u00fcks\u00e9g a munk\u00e1j\u00e1ra. De mag\u00e1nyos lehet valaki a rendezetlen m\u00faltja miatt is.<\/em><\/p>\n<p>Egy csal\u00e1dos asszony mondotta el, hogy <em>kir\u00e1ndulni ment kettesben a f\u00e9rj\u00e9vel. \u00c9rzed, kedves, fordult a f\u00e9rj\u00e9hez: hogy illatozik az \u0151szi avar? &#8211; Ugyan, nem az avar az, hanem rothad valami itt. Arr\u00e1b: Hallod, hogy zeng a f\u00f6ld, a f\u00e1k \u00e9s a t\u00e1j &#8211; M\u00e1r megint romantik\u00e1zol? A v\u00e1ros l\u00e1rm\u00e1ja sz\u0171r\u0151dik ide f\u00f6l. &#8211; A hegytet\u0151n: N\u00e9zzed kedves, n\u00e9zzed azt a felh\u0151t: mintha v\u00e1gtat\u00f3 lovak rohann\u00e1nak! Ugyan, es\u0151 lesz, ennyi az eg\u00e9sz! \u00c9s ekkor borult k\u00f6nnybe az asszony szeme: egyed\u00fcl maradtam. Pedig vid\u00e1man f\u00fcty\u00f6r\u00e9szve l\u00e9pkedett mellettem tov\u00e1bb. \u00c9s az\u00f3ta is egyed\u00fcl \u00e9lek &#8211; az \u0151 oldal\u00e1n. Egyed\u00fcl, hal\u00e1lomig.<\/em> Ilyenkor van, aki a tev\u00e9kenys\u00e9gbe menek\u00fcl, m\u00edg m\u00e1sok a t\u00e1rsas\u00e1gi \u00e9letbe. Van, aki azzal pr\u00f3b\u00e1lkozik, hogy a mag\u00e1nyoss\u00e1ga \u00e9rz\u00e9s\u00e9t t\u00e9v\u00e9n\u00e9z\u00e9ssel \u00e9s a sz\u00f3rakoz\u00e1s vagy a kikapcsol\u00f3d\u00e1s m\u00e1s eszk\u00f6z\u00e9vel \u0171zi el. Sajnos, hogy vannak, akik egy m\u00e1sik vesz\u00e9lyes l\u00e1tszatmegold\u00e1st v\u00e1lasztanak. Egyesek alkoholhoz ny\u00falnak, van, aki tudat m\u00f3dos\u00edt\u00f3 \u00e9s k\u00e1b\u00edt\u00f3 hat\u00e1s\u00fa szert szed, hogy ne kelljen \u00e9reznie a mag\u00e1nyoss\u00e1got \u00e9s tudatukat eltomp\u00edts\u00e1k. Mindezek az emberi \u00e9let zs\u00e1k utc\u00e1i, hisz a siralmas \u00e9s tragikus k\u00f6vetkezm\u00e9nyt j\u00f3l ismerj\u00fck. Felbomlott kapcsolat, h\u00e1zass\u00e1g \u00e9s csal\u00e1d, t\u00f6nkrement emberek.<\/p>\n<p>Az Istenbe h\u00edv\u0151 emberk\u00e9nt is el\u0151fordulhat a mag\u00e1nyoss\u00e1g, ha nem \u00e9rtenek meg, megvetnek, szeretteim k\u00f6z\u00fcl valakit elvesz\u00edtek. \u00c1lljon p\u00e9ldak\u00e9nt el\u0151tt\u00fcnk Szent P\u00e1l. Az apostol \u00edgy \u00edr r\u00f3mai fogs\u00e1g\u00e1r\u00f3l: <em>\u2026senki sem \u00e1llt p\u00e1rtomra, mindenki cserbenhagyott. Ne sz\u00e1m\u00edtson nekik b\u0171n\u00fcl! \u00c1m az \u00dar mell\u00e9m \u00e1llt, \u00e9s er\u0151t \u00f6nt\u00f6tt bel\u00e9m, hogy befejezzem az evang\u00e9lium hirdet\u00e9s\u00e9t, s tudom\u00e1st szerezzen r\u00f3la minden pog\u00e1ny. <\/em>(2Tim 4,16-17.) A n\u00e9pek apostola egyed\u00fcl maradt, mindenki elfutott. Nem r\u00f3tta fel nekik b\u0171n\u00fcl. Azonnal megbocs\u00e1tott nekik, nem elvonultan, s\u00e9rt\u0151d\u00e9kenyen, mag\u00e1nyban \u00e9lt tov\u00e1bb, hanem ann\u00e1l jobban meger\u0151s\u00f6d\u00f6tt az Istennel val\u00f3 k\u00f6z\u00f6ss\u00e9gben. Mindny\u00e1jan hajlamosak vagyunk arra, hogy ilyen esetben megkesered\u00fcnk \u00e9s mag\u00e1val ragad a mag\u00e1nyoss\u00e1g. Szent P\u00e1l viselked\u00e9s\u00e9t ut\u00e1nozva viszonyuljunk megbocs\u00e1t\u00e1ssal \u00e9s tudatos\u00edtsam, hogy a legfontosabb \u00e9s a leg\u00e9rt\u00e9kesebb az Istennel val\u00f3 k\u00f6z\u00f6ss\u00e9g. \u00c9s ilyenkor az egyed\u00fcll\u00e9tem m\u00e1r nem azonos a mag\u00e1nyos\u00e1ggal. Lelki \u00e9letet \u00e9l\u0151 ember sz\u00e1m\u00e1ra sz\u00fcks\u00e9ges, hogy id\u0151k\u00f6z\u00f6nk\u00e9nt egyed\u00fcl lehessen Istennel. (Z\u00e1r\u00f3jelben megjegyzem, hogy <strong>az egyed\u00fcl l\u00e9v\u0151 ember val\u00f3j\u00e1ban nem mag\u00e1nyos, mert a sz\u00edv\u00e9ben ott vannak vele azok, akiket szeret, \u00e9s akik \u0151t szeretik, vagy legal\u00e1bbis helye van az \u00e9let\u00fckben.<\/strong> <strong>A mag\u00e1nyos ember viszont bel\u00fcl is egyed\u00fcl van, vagy legal\u00e1bbis ezt hiszi. K\u00f6zvetlen\u00fcl \u00e9li \u00e1t a kitasz\u00edtotts\u00e1got, ami k\u00ednos.)<\/strong> Isten, hogy mennyire van jelen, amikor egyed\u00fcl \u00e9rzem magam, T\u00farmezei Erzs\u00e9bet ford\u00edt\u00e1s\u00e1ban egy k\u00f6zismert t\u00f6rt\u00e9nettel id\u00e9zem, aminek a c\u00edme: <em>L\u00e1bnyomok <\/em><\/p>\n<p><em>\u00c1lmomban Mesteremmel tengerparton j\u00e1rtam, s az \u00e9letem nyomai rajzol\u00f3dtak ki m\u00f6g\u00f6tt\u00fcnk: k\u00e9t p\u00e1r l\u00e1bnyom a parti homokon, ahogy \u0150 mindig ott j\u00e1rt velem. De ahogy az \u00fat v\u00e9g\u00e9n visszan\u00e9ztem, itt-amott csak egy p\u00e1r l\u00e1b nyoma l\u00e1tszott, \u00e9ppen, ahol az \u00e9letem pr\u00f3b\u00e1s, neh\u00e9z volt, sorsom mostoha. Riadt k\u00e9rd\u00e9ssel fordultam az \u00darhoz: Amikor \u00e9letem kezedbe tettem, s k\u00f6vet\u0151dnek szeg\u0151dtem Mesterem, azt \u00edg\u00e9rted, soha nem hagysz el engem, minden nap ott leszel velem. S most visszan\u00e9zve, a legnehezebb \u00faton, legk\u00ednosabb napokon \u00e1t m\u00e9gsem l\u00e1tom szent l\u00e1bad nyom\u00e1t! Csak egy p\u00e1r l\u00e1b nyoma l\u00e1tszik ott az \u00f6sv\u00e9nyen. Elhagyt\u00e1l a legnagyobb \u00edns\u00e9gben? Az \u00dar k\u00e9zen fogott, s szemembe n\u00e9zett: Gyermekem, sose hagytalak el t\u00e9ged! Azokon a neh\u00e9z napokon \u00e1t az\u00e9rt l\u00e1tod csak egy p\u00e1r l\u00e1b nyom\u00e1t, mert a legs\u00falyosabb pr\u00f3b\u00e1k alatt t\u00e9ged v\u00e1llamon hordoztalak!<\/em> \u00c9letem megpr\u00f3b\u00e1ltat\u00e1sai k\u00f6zepette is melyek mag\u00e1nyt sz\u00fclnek, ne feledjem, hogy abban is ott van az Isten.<\/p>\n<p>Pilinszky J\u00e1nos k\u00e9t\u00e9rtelm\u0171 dolognak l\u00e1ttatja az egyed\u00fcll\u00e9tet. <em>Az im\u00e1dkoz\u00f3 l\u00e9lek \u00e9pp\u00fagy keresi, mint az \u00e9jszaka csendj\u00e9ben lopakod\u00f3 tolvaj, s a cell\u00e1j\u00e1ban t\u00e9rdepl\u0151 szent \u00e9ppoly \u201emag\u00e1nyos\u201d, mint a p\u00e1nc\u00e9lszekr\u00e9ny el\u0151tt g\u00f6rnyed\u0151 kasszaf\u00far\u00f3. Nagy m\u0171vek \u00e9s nagy gaztettek sz\u00fclettek a mag\u00e1nyban.<\/em> <em>Mag\u00e1nyos az, aki l\u00e9nyeg\u00e9ben elvesztette vagy megsz\u00fcntette a vil\u00e1ggal \u00e9s saj\u00e1t, bels\u0151 vil\u00e1g\u00e1val val\u00f3 kapcsolat\u00e1t\u2026<\/em> <em>F\u00e9lelmetes \u00e1llapot a mag\u00e1ny. <\/em><\/p>\n<p>Szent M\u00e1t\u00e9 \u00e9s Szent M\u00e1rk evang\u00e9liumi elbesz\u00e9l\u00e9s\u00e9ben megrend\u00edt\u0151en t\u00e1rul el\u00e9nk a szenved\u0151 J\u00e9zus mag\u00e1nyoss\u00e1ga, elhagyatotts\u00e1ga. J\u00e9zus h\u00e9t szav\u00e1b\u00f3l a kereszten, (1. <em>Aty\u00e1m, bocs\u00e1ss meg nekik, mert nem tudj\u00e1k, mit cselekszenek<\/em> (<em>Lk 23,34<\/em>). 2. <em>M\u00e9g ma velem leszel a paradicsomban<\/em> (<em>Lk 23,43<\/em>). 3. <em>Asszony, \u00edme, a te Fiad; \u00cdme a te any\u00e1d!<\/em> (<em>Jn 19,26-27<\/em>) 4. <em><u>\u00c9li, \u00c9li, lamma szabaktani (Istenem, Istenem, mi\u00e9rt hagyt\u00e1l el engem?)<\/u><\/em>(<em>Mt 27,46; Mk 16,34<\/em>) 5. <em>Szomjazom<\/em> (<em>Jn 19,28<\/em>). &#8211; 6. <em>Beteljesedett<\/em> (<em>Jn 19,30<\/em>). 7<em>. <\/em><em>Aty\u00e1m, kezedbe aj\u00e1nlom lelkemet!<\/em> (<em>Lk 23,46<\/em>) a negyedik a legelkeseredettebb, amelyet az elhagyatotts\u00e1g v\u00e1ltott ki: <em>Istenem, Istenem, mi\u00e9rt hagyt\u00e1l el engem? <\/em>(<em>Mt 27,46; Mk 16,34)<\/em> <em>Ezzel a ki\u00e1lt\u00e1ssal \u00e9lte \u00e1t tal\u00e1n a legm\u00e9lyebben az emberi term\u00e9szet f\u00e1jdalm\u00e1t \u00e9s vesz\u00e9lyeit. Nem ismerte ugyan az unalom, a szomor\u00fas\u00e1g el\u0151sivatagait, de \u00e1t\u00e9lte a mag\u00e1ny legriaszt\u00f3bb f\u00e1jdalm\u00e1t, s \u0151, aki minden szenved\u00e9st mag\u00e1ra vett, ezt az egyet elviselhetetlennek tal\u00e1lta\u2026 . <\/em>(Pilinszky J\u00e1nos)<\/p>\n<p>\u00c9rdemes felfigyeln\u00fcnk arra, hogy J\u00e9zus Krisztus szenved\u00e9s\u00e9ben nem mer\u00fcl annyira \u00f6nmag\u00e1ban, hogy m\u00e1sokat figyelmen k\u00edv\u00fcl hagyna. Gondoljunk csak J\u00e9zus elfogat\u00e1s\u00e1ra, hogy a Getszem\u00e1ni-kertben meggy\u00f3gy\u00edtja a f\u0151pap szolg\u00e1j\u00e1t, akinek f\u00fcl\u00e9t nagy buzgalm\u00e1ban lev\u00e1gta egy apostol. P\u00e9terre is jut ideje a f\u0151pap udvar\u00e1ban a tagad\u00e1s pillanat\u00e1ban, <em>r\u00e1tekintett P\u00e9terre. P\u00e9ternek esz\u00e9be jutott, mit mondott neki az \u00dar: Miel\u0151tt ma megsz\u00f3lal a kakas, h\u00e1romszor megtagadsz. Kiment \u00e9s keserves s\u00edr\u00e1sra fakadt. <\/em>(Lk 22, 61) P\u00e9ter tagad\u00e1s\u00e1nak megj\u00f6vend\u00f6l\u00e9s\u00e9ben nemcsak v\u00e9tk\u00e9re figyelmezteti, hanem az utols\u00f3 vacsor\u00e1n elhangzott \u00edg\u00e9retre is: <em>De im\u00e1dkoztam \u00e9rted, nehogy megfogyatkozz a hitedben.<\/em> (Lk 22, 32)<\/p>\n<p>J\u00e9zusnak mindenkihez van szava, de a vil\u00e1g forgalmas rohan\u00e1s\u00e1ban nem halljuk meg. Az az ember, aki m\u00e9ly \u00e9s szem\u00e9lyes istenkapcsolatra jutott, ritk\u00e1bban \u00e9rzi mag\u00e1t egyed\u00fcl.<\/p>\n<p>Nek\u00fcnk<em> embereknek is a mag\u00e1nyos fa lehetne a jelk\u00e9pe, ahogy gy\u00f6ker\u00e9vel a f\u00f6ldben \u00e1ll, s leveleivel ki-be l\u00e9legzi a vil\u00e1got. Divatsz\u00f3 lett a mag\u00e1ny, s ez mindenesetre jelzi, hol kell a ma kereszt\u00e9ny\u00e9nek vigy\u00e1znia, mib\u0151l kell korszer\u0171 vizsg\u00e1t tennie. Mag\u00e1nyb\u00f3l. Abb\u00f3l, hogy mag\u00e1ny\u00e1ban hogyan tud min\u00e9l m\u00e9lyebb, min\u00e9l \u00e9l\u0151bb \u00e9s \u00e1lland\u00f3bb kapcsolatot teremteni Istennel. Mag\u00e1nyb\u00f3l kell vizsg\u00e1znia \u00e9s az emberek, a vil\u00e1g fel\u00e9 val\u00f3 nyitotts\u00e1gb\u00f3l, mely l\u00e9nyeg\u00e9ben a \u201ej\u00f3 mag\u00e1nyoss\u00e1g\u201d ellenpr\u00f3b\u00e1ja, ikertestv\u00e9re. <\/em>(Pilinszky J\u00e1nos)<\/p>\n<p>T\u00farmezei Erzs\u00e9bet, <em>A mag\u00e1nyt nem ismerem!<\/em><\/p>\n<p>Mag\u00e1nyos? Nem! Mag\u00e1nyos nem vagyok.<\/p>\n<p>Hisz soha nem vagyok egymagam.<\/p>\n<p>Ha sz\u00f3l\u00a0az \u00dar s szav\u00e1ra hallgatok,<\/p>\n<p>minden mag\u00e1nynak v\u00e9ge van.<\/p>\n<p>&nbsp;<\/p>\n<p>Ha kis szob\u00e1mban egyed\u00fcl vagyok,<\/p>\n<p>s figyelem csendesen,<\/p>\n<p>bennem sok dr\u00e1ga Ige felragyog,<\/p>\n<p>s vigasztal\u00e1st, \u00faj er\u00f5t ad nekem.<\/p>\n<p>&nbsp;<\/p>\n<p>Hiszen annyi nehezet \u00e9ltem \u00e1t<\/p>\n<p>hossz\u00fa, f\u00e1raszt\u00f3 \u00e9letutamon.<\/p>\n<p>M\u00e9rt v\u00e1gyn\u00e9k arra, a vil\u00e1g mit \u00e1d,<\/p>\n<p>ha hitem engem hazafel\u00e9 von?!<\/p>\n<p>&nbsp;<\/p>\n<p>Im\u00e1ra kulcsolom f\u00e1radt kezem,<\/p>\n<p>&#8211;\u00a0 tudom, Uram t\u00f6bbet most nem k\u00edv\u00e1n-,<\/p>\n<p>s \u00e9letem \u00faj f\u00e9nyben szeml\u00e9lhetem,<\/p>\n<p>\u00e1mulhatok isteni uralm\u00e1n.<\/p>\n<p>&nbsp;<\/p>\n<p>K\u00f6zels\u00e9ge el\u00fbz minden mag\u00e1nyt.<\/p>\n<p>Szent \u00fczenetein gondolkodom,<\/p>\n<p>\u00e9s hitem m\u00e1r a j\u00f6vend\u00f5be l\u00e1t.<\/p>\n<p>Milyen \u00f6r\u00f6m: v\u00e1r \u00f6r\u00f6k otthonom!<\/p>\n<p>&nbsp;<\/p>\n<p>Vil\u00e1g, nem nyitok m\u00e1r ajt\u00f3t neked.<\/p>\n<p>Csak Te l\u00e9gy velem, Uram, Mesterem!<\/p>\n<p>K\u00f6sz\u00f6n\u00f6m \u00e1ldott k\u00f6zels\u00e9gedet!<\/p>\n<p>Velem vagy! A mag\u00e1nyt nem ismerem.<\/p>\n<p>&nbsp;<\/p>\n<p><em>Az emberek az\u00e9rt mag\u00e1nyosak, mert falakat \u00e9p\u00edtenek hidak helyett.<\/em><\/p>\n<p>&nbsp;<\/p>\n<p>III.<\/p>\n<p>A j\u00f3 Isten az embert t\u00e1rsas l\u00e9nynek teremtette. (L\u00e1ttuk el\u0151z\u0151 elm\u00e9lked\u00e9s\u00fcnkben.) Minden embert saj\u00e1t k\u00e9p\u00e9re \u00e9s hasonlatoss\u00e1g\u00e1ra teremtett. Az ember ir\u00e1nti \u00e9rdekl\u0151d\u00e9se napjainkban is folytat\u00f3dik. Nem hagyott magunkra. Vel\u00fcnk van. J\u00e9zus felt\u00e1mad\u00e1sa ut\u00e1n, amikor az apostoloknak k\u00fcldet\u00e9st ad, akkor tudtukra adja a vigasztal\u00f3 szavakat is, hogy: <em>Veletek vagyok minden nap a vil\u00e1g v\u00e9g\u00e9ig!<\/em> (M\u00e1t\u00e9 28, 20b)<\/p>\n<p>J\u00f3 tudnunk azt is, hogy ki-ki a saj\u00e1t szem\u00e9ly\u00e9ben nagyon fontos Isten sz\u00e1m\u00e1ra. Benn\u00fcnk megb\u00edzik, olyannyira, hogy a teremtett vil\u00e1g m\u0171vel\u00e9s\u00e9t \u00e9s \u0151rz\u00e9s\u00e9t is r\u00e1nk b\u00edzta. (v\u00f6. Ter 2,15) S\u0151t szabad akaratot adott nek\u00fcnk, hogy d\u00f6nts\u00fcnk a j\u00f3 \u00e9s a rossz k\u00f6z\u00f6tt. Az ember a k\u00eds\u00e9rt\u00e9snek m\u00e1r kezdetben engedett az\u00e9rt, hogy olyan lehessen, mint az Isten, hogy ismerje a j\u00f3t \u00e9s a rosszat.<\/p>\n<p>Elm\u00e9lked\u00e9s\u00fcnk k\u00f6z\u00e9ppontja a k\u00eds\u00e9rt\u00e9s.<\/p>\n<p>J\u00e9zus hal\u00e1lk\u00fczdelm\u00e9nek \u00f3r\u00e1j\u00e1n \u2013 a Getszem\u00e1ni kertben \u2013 P\u00e9terrel, Jakabbal \u00e9s J\u00e1nossal volt egy\u00fctt. Arr\u00e9bb ment \u00e9s im\u00e1dkozott. Mik\u00f6zben elalszanak visszat\u00e9r hozz\u00e1juk \u00e9s ezekkel a szavakkal fordult P\u00e9terhez: <em>Virrasszatok \u00e9s im\u00e1dkozzatok, nehogy k\u00eds\u00e9rt\u00e9sbe essetek.<\/em> (Mt 26, 41) J\u00e9zus gyakran arra int, hogy virrasszunk. Ne engedj\u00fck meg magunknak, hogy a lelki \u00e1lmoss\u00e1g legy\u0151zz\u00f6n. A virraszt\u00e1s elv\u00e1laszthatatlan az im\u00e1t\u00f3l, mint ahogyan az ima is n\u00e9lk\u00fcl\u00f6zhetetlen a pr\u00f3bat\u00e9telek idej\u00e9n. Fel kell ismernem \u00e9s tudatos\u00edtanom kell, hogy a pr\u00f3bat\u00e9telnek t\u0171n\u0151 k\u00eds\u00e9rt\u00e9s nem az\u00e9rt van jelen az \u00e9letemben, hogy elb\u00e1tortalanodjak, hanem hogy legy\u0151zzem \u00e9s lelkileg meger\u0151s\u00f6djek. K\u00f6zben im\u00e1dkoznom kell. J\u00e9zus kezeskedik afel\u0151l, hogy a mennyei Atya nem hagyja, hogy n\u00e9lk\u00fcl\u00f6zz\u00fck a Szentl\u00e9lek erej\u00e9t. J\u00e9zus az utols\u00f3 vacsor\u00e1n apostolai fel\u00e9 elhangzott b\u00facs\u00fa besz\u00e9d\u00e9ben meg\u00edg\u00e9ri a Szentlelket. <em>Ha szerettek, tarts\u00e1tok meg parancsaimat, \u00e9n meg majd k\u00e9rem az Aty\u00e1t, \u00e9s m\u00e1s vigasztal\u00f3t ad nektek: az Igazs\u00e1g Lelk\u00e9t, aki \u00f6r\u00f6kk\u00e9 veletek marad.<\/em> (Jn 14,15-16) Szent P\u00e1l apostol pedig \u00edgy sz\u00f3l az efezusiakhoz \u00edrt level\u00e9ben: <em>Legyetek \u00e9berek \u00e9s im\u00e1dkozzatok kitart\u00f3an. <\/em>(Ef 6, 18b)<\/p>\n<p>Nagyb\u00f6jt az \u00faj ember kialak\u00edt\u00e1s\u00e1nak szent id\u0151szaka. Ez a munka azonban kem\u00e9ny k\u00fczdelmet ig\u00e9nyel. Minden munka: f\u00e1radts\u00e1g, izzads\u00e1g, de mik\u00f6zben \u00e9p\u00edtj\u00fck a lelki \u00e9let sz\u00e9ps\u00e9ges v\u00e1r\u00e1t, a gonosz l\u00e9lek incselked\u00e9sei ellen k\u00fczd\u00fcnk. J\u00e9zus Krisztus \u00e9let\u00e9ben ott van a virraszt\u00e1s az im\u00e1ds\u00e1g \u00e9s m\u00e9gis a s\u00e1t\u00e1n a puszt\u00e1ban megk\u00eds\u00e9rti. Teszi az\u00e9rt, hogy J\u00e9zusnak bels\u0151 lelki egyens\u00faly\u00e1t felakarja bor\u00edtani, k\u00fcldet\u00e9s\u00e9nek igazi teljes\u00edt\u00e9s\u00e9t szeretn\u00e9 meghi\u00fas\u00edtani. J\u00e9zust a L\u00e9lek vitte a puszt\u00e1ba, a teljes mag\u00e1nyba. Az \u00f6r\u00f6mh\u00edrb\u0151l j\u00f3l ismerj\u00fck, hogy amikor J\u00e9zus elvonul csendes helyre, vagy ak\u00e1r a puszt\u00e1ba, ott akkor senki \u00e9s semmi sem v\u00e1lasztja el Istent\u0151l. Keresi az im\u00e1ds\u00e1gban az Aty\u00e1val val\u00f3 egy\u00fcttl\u00e9tet. A puszt\u00e1ban a gonosz l\u00e9lek m\u00e9gis pr\u00f3b\u00e1lkozik, megk\u00eds\u00e9rti, J\u00e9zus pedig gy\u0151zelmesen szembesz\u00e1ll vele. A s\u00e1t\u00e1n, a gonosz l\u00e9lek mindent megtett \u00e9s megtesz az\u00e9rt, hogy meghi\u00fas\u00edtsa a megv\u00e1lt\u00e1s terv\u00e9t. Ezt ki is fejezi Szent Luk\u00e1cs evang\u00e9lista, amikor azt mondja a k\u00eds\u00e9rt\u00e9s legy\u0151z\u00e9se ut\u00e1n, hogy <em>Miut\u00e1n az \u00f6rd\u00f6g minden k\u00eds\u00e9rt\u00e9st v\u00e9gbevitt, egy id\u0151re elhagyta J\u00e9zust.<\/em> (Lk 4,13). Tudat\u00e1ban kell lennem, hogy a gonosz l\u00e9lek engem is csak egy id\u0151re hagy el, de a megk\u00eds\u00e9rt\u00e9seket J\u00e9zus Krisztussal egy\u00fctt szenvedem el.<\/p>\n<p>J\u00e9zus el\u0151tt a pusztai megk\u00eds\u00e9rtetts\u00e9gben megjelentek azok a lehets\u00e9ges utak, amelyekre azon az \u00e1ron l\u00e9phetett volna, hogy elhagyja a L\u00e9lek vezet\u00e9s\u00e9t. Id\u00e9zz\u00fck csak fel, hogy a L\u00e9lek ind\u00edttat\u00e1s\u00e1ra ment a puszt\u00e1ba. Vele van! \u00a0Ez\u00e9rt a s\u00e1t\u00e1n nem tudja elt\u00e9r\u00edteni igazi k\u00fcldet\u00e9s\u00e9t\u0151l. J\u00e9zus a gonosz l\u00e9lek k\u00eds\u00e9rt\u00e9seit visszautas\u00edtja teljes hat\u00e1rozotts\u00e1ggal, vil\u00e1gos messi\u00e1si \u00f6ntudattal. L\u00e1thatjuk, hogy m\u00e9g az Isten Fi\u00e1t is megk\u00eds\u00e9rtette \u00e9s el akarta t\u00e9r\u00edteni a helyes \u00fatj\u00e1r\u00f3l a gonosz l\u00e9lek. Ann\u00e1l nagyobb \u00fcgyess\u00e9ggel \u00e9s ravaszs\u00e1ggal fordul ellen\u00fcnk!<\/p>\n<p>Ki is ez a gonosz l\u00e9lek, a s\u00e1t\u00e1n, aki a k\u00eds\u00e9rt\u00e9st okozza? Az, aki hasonl\u00f3v\u00e1 akart lenni a Mindenhat\u00f3 Istenhez!\u00a0 Az az irigy l\u00e9lek, aki, mivel elvesztette \u00f6r\u00f6k boldogs\u00e1g\u00e1t, azt akarja, hogy m\u00e1sok se jussanak oda. Az a k\u00eds\u00e9rt\u0151 l\u00e9lek, akir\u0151l P\u00e9ter apostol mondja els\u0151 level\u00e9ben: <em>J\u00f3zanok legyetek \u00e9s vigy\u00e1zzatok. Ellens\u00e9getek, a s\u00e1t\u00e1n, ord\u00edt\u00f3 oroszl\u00e1n m\u00f3dj\u00e1ra ott k\u00f3sz\u00e1l minden\u00fctt, \u00e9s keresi, kit nyeljen el. <\/em>(1Pt 5,8) Csak figyelj\u00fck meg, milyen f\u00e9lelmetesen re\u00e1lisnak t\u0171nik itt a gonosz l\u00e9lek, akinek l\u00e9tez\u00e9s\u00e9ben nemcsak egy Dante, Aquin\u00f3i Szent Tam\u00e1s, Newton, Pascal hitt, hanem akinek konkr\u00e9t jelenl\u00e9t\u00e9t a nagy Goethe szinte \u00e9rezte \u00e9s mesterien meg\u00edrta \u00e9letm\u0171v\u00e9ben, a Faust-ban, aki v\u00e9gig k\u00eds\u00e9r \u00e9s k\u00eds\u00e9rt \u00e9gen, f\u00f6ld\u00f6n \u00e9s poklon \u00e1t. Mib\u0151l ismerj\u00fck fel? H\u00e1t cselekedeteib\u0151l, \u00e9s taktik\u00e1j\u00e1b\u00f3l!<\/p>\n<p>A s\u00e1t\u00e1nnak sok \u00e9vezredes tapasztalata van. J\u00f3l tudja, hogyan kell az embert megk\u00f6zel\u00edteni, megostromolni \u00e9s megh\u00f3d\u00edtani. \u00dagy tesz, mint Krisztusn\u00e1l tette, mert Szent J\u00e1nos evang\u00e9lista szerint az embert az \u00e1tered\u0151 b\u0171n ut\u00e1n h\u00e1rom szenved\u00e9ly f\u0171ti: <em>A test k\u00edv\u00e1ns\u00e1ga, a szemek k\u00edv\u00e1ns\u00e1ga \u00e9s az \u00e9let kev\u00e9lys\u00e9ge<\/em>. Mindezek nem az Aty\u00e1t\u00f3l vannak, <em>hanem a vil\u00e1gb\u00f3l. De a vil\u00e1g elm\u00falik a k\u00edv\u00e1ns\u00e1gaival egy\u00fctt. Csak, aki Isten akarat\u00e1t teljes\u00edti, az marad meg \u00f6r\u00f6kre.<\/em> (1Jn 2,16) Mindenki \u00e9lvezni akar, b\u00edrni akar, uralkodni akar, valami lenni akar. A k\u00eds\u00e9rt\u00e9s l\u00e9nyege a v\u00e1laszt\u00e1s: d\u00f6nteni kell Isten mellett, vagy Isten ellen.<\/p>\n<ol>\n<li>Hit\u00fcnket meg akarja ingatni. Ez a legvesz\u00e9lyesebb k\u00eds\u00e9rt\u00e9s. A term\u00e9szetb\u0151l vett p\u00e9ld\u00e1val szeretn\u00e9k r\u00e1vil\u00e1g\u00edtani. Figyelj\u00fck meg, vihar ut\u00e1n, hogyha a vihar megt\u00e9pi a fa koron\u00e1j\u00e1t, ha le is szak\u00edt n\u00e9h\u00e1ny \u00e1gat, nincs nagyobb baj! A fa \u00fajra kihajt. De ha a f\u00e9reg a fa gy\u00f6ker\u00e9t t\u00e1madja meg, az a fa hal\u00e1l\u00e1t okozza! A gonosz l\u00e9lek is a lelki \u00e9let alapj\u00e1t, gy\u00f6ker\u00e9t, a hitet t\u00e1madja meg, hogy az eg\u00e9sz embert hatalm\u00e1ba ker\u00edtse. A hazugs\u00e1gnak az igazs\u00e1g l\u00e1tszat\u00e1t adja. \u00dcgy t\u00fcnteti fel mag\u00e1t, mintha legf\u0151bb javunkat akarn\u00e1.<\/li>\n<\/ol>\n<p>J\u00e9zust is h\u00e1romszor megk\u00eds\u00e9rtette a s\u00e1t\u00e1n. Els\u0151 k\u00eds\u00e9rt\u00e9se: <em>Ha Isten Fia vagy, mondd, hogy ezek a k\u00f6vek v\u00e1ltozzanak keny\u00e9rr\u00e9.<\/em> (Mt 4,3b) Igen, a keny\u00e9r a t\u00f6rt\u00e9nelemben v\u00e9res csat\u00e1k, k\u00fczdelmek, h\u00e1bor\u00fak eml\u00e9k\u00e9t id\u00e9zi el\u00e9nk. Aki kenyeret ad, az parancsol! A val\u00f3s\u00e1gban komoly k\u00e9ts\u00e9g b\u00fajik meg a kijelent\u00e9sben: J\u00e9zus nem v\u00e1ltoztatta a k\u00f6veket kenyerekk\u00e9, teh\u00e1t nem Isten Fia! A h\u00edv\u0151k k\u00f6nnyen meginognak. Az ingadoz\u00f3k pedig hitetlenekk\u00e9 v\u00e1lnak. <em>J\u00e9zus ezt felelte: \u00edrva van, nem csak keny\u00e9rrel \u00e9l az ember!<\/em> (Lk 4,4) Kell a keny\u00e9r, de kell a l\u00e9lek t\u00e1pl\u00e1l\u00e9ka is: im\u00e1ds\u00e1g, Biblia-olvas\u00e1s, szent\u00e1ldoz\u00e1s. Kell a ruh\u00e1zat, de a lelket is f\u00f6l kell \u00f6lt\u00f6ztetni al\u00e1zatba, tisztas\u00e1gba \u00e9s szeretetbe. Kell a lak\u00e1s, de kell, hogy a l\u00e9leknek is legyen otthona: a csend, a befel\u00e9 fordul\u00e1s, a templom. J\u00e9zus v\u00e1lasza vil\u00e1gos: <em>Nemcsak keny\u00e9rrel \u00e9l az ember, hanem minden ig\u00e9vel, amely az Isten sz\u00e1j\u00e1b\u00f3l sz\u00e1rmazik. <\/em>(Mt 4,4) A l\u00e9nyeg ezen a sz\u00f3n fordul meg: <em>Nemcsak<\/em>. A d\u00e9moni vil\u00e1g: csak munka, im\u00e1ds\u00e1g nincs; csak h\u00e9tk\u00f6znap, vas\u00e1rnap nincs; csak sz\u00f3rakoz\u00e1s, elm\u00e9ly\u00fcl\u00e9s nincs. Minden van, csak Isten nincs.<\/p>\n<ol start=\"2\">\n<li>M\u00e1sik csele, amivel a gonosz l\u00e9lek megfogja az embert: a g\u0151g, b\u00fcszkes\u00e9g, hi\u00fas\u00e1g, amely nem ritk\u00e1n buzg\u00f3 lelkeket is hatalm\u00e1ba ejt. A nagyb\u00f6jti elcsendesed\u00e9s\u00fcnk k\u00f6zepette is megk\u00eds\u00e9rt a gonosz. A puszt\u00e1ban m\u00e1sodszor is k\u00eds\u00e9rti J\u00e9zust. <em>Majd felvitte \u0151t egy magas hegyre, \u00e9s megmutatta neki egy szempillant\u00e1s alatt a f\u00f6ldkereks\u00e9g minden orsz\u00e1g\u00e1t<\/em>. (Lk 4, 5) Itt kij\u00e1tssza legnagyobb tromfj\u00e1t. <em>\u00cdgy sz\u00f3l az \u00f6rd\u00f6g: Mindezt a hatalmat \u00e9s ennek dics\u0151s\u00e9g\u00e9t neked adom; mert az eny\u00e9m, \u00e9s akinek akarom, annak adom; ha teh\u00e1t im\u00e1dsz engem, mind a ti\u00e9d lesz. <\/em>(Lk 4, 6-7.) Vagyon, gazdags\u00e1g, hatalom, minden a ti\u00e9d! Nem k\u00e9rek t\u0151led semmi ellenszolg\u00e1ltat\u00e1st csak a lelkedet! Az \u00edr\u00e1s szav\u00e1val, mint k\u00e9t\u00e9l\u0171 karddal, \u0171zi el mag\u00e1t\u00f3l v\u00e1lasz\u00e1val, amikor id\u00e9zi: <em>\u00cdrva van: Uradat, Istenedet im\u00e1dd, \u00e9s csak neki szolg\u00e1lj<\/em>. <sup>(<\/sup><a href=\"http:\/\/szentiras.hu\/KNB\/MT%C3%B6rv%205,9;%206,13\"><sup>MT\u00f6rv 5,9; 6,13<\/sup><\/a><sup>)<\/sup> (Lk 4, 8)<\/li>\n<\/ol>\n<p>Amint a f\u00e9reg a legjobb gy\u00fcm\u00f6lcs\u00f6t keresi meg, a s\u00e1t\u00e1n is buzg\u00f3, t\u00f6rekv\u0151 lelkeket iparkodik beh\u00e1l\u00f3zni. Hi\u00fas\u00e1ggal \u00e9s \u00f6ntetszelg\u00e9ssel. A lelki g\u0151g megsemmis\u00edti az er\u00e9nyeket!<\/p>\n<ol start=\"3\">\n<li>A harmadik csel, amit a gonosz l\u00e9lek alkalmaz J\u00e9zus ellen, hogy kedvet akar csin\u00e1lni a b\u0171nh\u00f6z! <em>Azut\u00e1n Jeruzs\u00e1lembe vitte \u0151t, a templom orm\u00e1ra \u00e1ll\u00edtotta, \u00e9s azt mondta neki: Ha Isten Fia vagy, vesd le innen magadat. Mert \u00edrva van: Angyalainak parancsol fel\u0151led, hogy \u0151rizzenek t\u00e9ged, \u00e9s kez\u00fck\u00f6n hordoznak t\u00e9ged, hogy k\u0151be ne \u00fcssed l\u00e1badat. <\/em><sup>(<\/sup><a href=\"http:\/\/szentiras.hu\/KNB\/Zsolt%2091,11-12\"><sup>Zsolt 91,11-12<\/sup><\/a><sup>) <\/sup>(Lk 4, 9-11) A s\u00e1t\u00e1n, ak\u00e1r egy j\u00f3 teol\u00f3gus, id\u00e9zi a 91. zsolt\u00e1rt. Mit f\u00e9lsz? A s\u00e1t\u00e1n igyekszik, hogy a dics\u0151s\u00e9gv\u00e1gy, a felt\u0171n\u00e9s, a b\u00fcszkes\u00e9g h\u00e1l\u00f3j\u00e1val megfogja a Mestert!<\/li>\n<\/ol>\n<p>Shakespeare mondja, hogy nincsen ember a vil\u00e1gon, akit hi\u00fas\u00e1g\u00e1n\u00e1l fogva meg ne lehetne k\u00f6zel\u00edteni! Krisztus nem az\u00e9rt j\u00f6tt, hogy akrobata mutatv\u00e1nyokkal sz\u00f3rakoztassa az embereket. Itt sem alkudozik, hanem ny\u00edltan kiadja a k\u00eds\u00e9rt\u0151 \u00fatj\u00e1t: <em>Ne k\u00eds\u00e9rtsd Uradat, Istenedet. <\/em>(<sup>(<\/sup><a href=\"http:\/\/szentiras.hu\/KNB\/MT%C3%B6rv%206,16\"><sup>MT\u00f6rv 6,16<\/sup><\/a><sup>) <\/sup>Lk 4,12).<\/p>\n<p>\u00c9s ha engem k\u00f6rny\u00e9kez meg, mit feleljek? \u00c9n ismerem er\u0151met \u00e9s er\u0151tlens\u00e9gemet, k\u00e9pess\u00e9gemet \u00e9s hib\u00e1imat. \u00c9n szer\u00e9ny \u00e9s al\u00e1zatos akarok maradni \u00e9s megadni Istennek, ami Isten\u00e9! Te pedig, s\u00e1t\u00e1n t\u00e1vozz\u00e1l t\u0151lem, b\u00fcszkes\u00e9g, kev\u00e9lys\u00e9g lelke!<\/p>\n<p>A r\u00e9gi haj\u00f3sok legend\u00e1ja besz\u00e9l a m\u00e1gnes-szigetr\u0151l. Jaj annak a haj\u00f3nak, amelyik k\u00f6zel\u00e9be ker\u00fcl. Amint belesodr\u00f3dik vonz\u00e1s\u00e1ba, a vasalkatr\u00e9szeit kit\u00e9pi a haj\u00f3b\u00f3l. A sz\u00f6geket, p\u00e1ntokat \u00e9s m\u0171szereket mag\u00e1hoz vonja a m\u00e1gnes, s a haj\u00f3 utasaival egy\u00fctt a tengerbe veszik. \u00cdgy vagyunk ma a test, az anyag, a rekl\u00e1mok vonz\u00e1s\u00e1val. Halljuk naponta, hogyha ezt \u00e9s azt megveszed&#8230;, akkor boldog leszel. A k\u00eds\u00e9rt\u00e9s, a f\u00f6ldi \u00e9lvezet nem tudja az embert tart\u00f3san kiel\u00e9g\u00edteni \u00e9s megnyugtatni! Legy\u00fcnk er\u0151sek a hitben, mert a neh\u00e9zs\u00e9gekben senki \u00e9s semmi m\u00e1sba nem kapaszkodhatunk. Naponta k\u00e9rj\u00fck a L\u00e9lek jelenl\u00e9t\u00e9t \u00e9let\u00fcnkben. Teljes\u00edten\u00fcnk kellene J\u00e9zus k\u00edv\u00e1ns\u00e1g\u00e1t, \u00e9s minden nap k\u00e9rn\u00fcnk kellene a Szentlelket, hogy nyissa meg sz\u00edv\u00fcnket J\u00e9zus el\u0151tt. A Szentl\u00e9lek \u00e1ltal vesz lak\u00e1st benn\u00fcnk az Atya \u00e9s a Fi\u00fa: neki k\u00f6sz\u00f6nhet\u0151en \u00e9l\u00fcnk Istenben \u00e9s Istenb\u0151l. Isten szeretete, amelyre a Szentl\u00e9lek tan\u00edt, amelyre a Szentl\u00e9lek eml\u00e9keztet \u00e9s amelyet \u0151 aj\u00e1nd\u00e9koz nek\u00fcnk, mindig \u00e9s teljesen \u00e9rinti mindennapi \u00e9let\u00fcnket. H\u00edvjuk \u0151t seg\u00edts\u00e9g\u00fcl gyakrabban, hogy vezessen Krisztus tan\u00edtv\u00e1nyainak \u00fatj\u00e1n. H\u00edvjuk seg\u00edts\u00e9g\u00fcl minden nap. Ezt javaslom: h\u00edvjuk seg\u00edts\u00e9g\u00fcl minden nap a Szentlelket, s akkor a Szentl\u00e9lek egyre k\u00f6zelebb visz benn\u00fcnket J\u00e9zus Krisztushoz. Hab\u00e1r, aki hisz J\u00e9zus Krisztusban, az m\u00e1r megkapta, m\u00e9gis egyre teljesebben befogadhatja.<\/p>\n<p>Mindezek mellett nagyon fontos, hogy mire ill. kire is figyelek. Egy kis t\u00f6rt\u00e9nettel szeretn\u00e9m szeml\u00e9ltetni.<\/p>\n<p><em>T\u00f6rt\u00e9nt egyszer, hogy egy indi\u00e1n s\u00e9t\u00e1lt egy nagy amerikai v\u00e1rosban az egyik bar\u00e1tj\u00e1val. \u00c9ppen cs\u00facsid\u0151 volt, teh\u00e1t sokan ny\u00fczs\u00f6gtek az utc\u00e1kon. Egyszer csak megsz\u00f3lalt az indi\u00e1n: Hallok egy t\u00fccsk\u00f6t. Az nem lehet mondta a bar\u00e1tja. Ekkora zajban hogy lehetne meghallani egy t\u00fccsk\u00f6t? Biztos vagyok benne. Hallottam egy t\u00fccsk\u00f6t mondta az indi\u00e1n. Ez \u0151r\u00fclts\u00e9g- mondta \u00fajra a bar\u00e1tja. Az indi\u00e1n viszont egy kis ideig t\u00fcrelmesen figyelt, majd elindult az utca m\u00e1sik oldal\u00e1ra, ahol n\u00e9h\u00e1ny bokor n\u0151tt. Az \u00e1gak k\u00f6z\u00f6tt t\u00e9nyleg megtal\u00e1lta a t\u00fccsk\u00f6t. A bar\u00e1tja \u00e1lla leesett: &#8211; Ez lehetetlen. Neked term\u00e9szetf\u00f6l\u00f6tti hall\u00e1sod van. Nem- v\u00e1laszolt a bennsz\u00fcl\u00f6tt -Az \u00e9n f\u00fclem semmiben sem k\u00fcl\u00f6nb\u00f6zik a tiedt\u0151l. A dolog csak azon m\u00falik, hogy mire figyelsz jobban.\u00a0 Ez lehetetlen, \u00e9n sose hallan\u00e9k meg egy t\u00fccsk\u00f6t ilyen zajban. Nem, nem lehetetlen &#8211; hitetlenkedett tov\u00e1bb a bar\u00e1tja. Az eg\u00e9sz csak azon m\u00falik, hogy mi a legfontosabb neked. Figyelj! Bemutatom. Az indi\u00e1n kivett a zseb\u00e9b\u0151l n\u00e9h\u00e1ny \u00e9rm\u00e9t, majd a f\u00f6ldre ejtette azokat. Harminc m\u00e9teres k\u00f6rzetben minden fej megfordult, hogy vajon az \u00e9rme, ami cs\u00f6rrent, nem az \u00f6v\u00e9k-e. L\u00e1tod m\u00e1r, hogy mire gondoltam? Az eg\u00e9sz azon m\u00falik, hogy mi az, ami fontos sz\u00e1modra.<\/em> Te mire ill. kire figyelsz? \u00c9szreveszed a L\u00e9lek jelenl\u00e9t\u00e9t az \u00e9letedben? Hiszed, hogy benned, veled \u00e9s \u00e1ltalad munk\u00e1lkodik?<\/p>\n<p>J\u00e9zus Krisztust megk\u00eds\u00e9rti a s\u00e1t\u00e1n \u2013 a gonosz l\u00e9lek \u2013 h\u00e1t m\u00e9g minket. A d\u00f6nt\u00e9s, a v\u00e1lasz az \u00e9n \u00e9letemvitel\u00e9t\u0151l f\u00fcgg. Kinek akarok behod\u00f3lni?<\/p>\n<p>A test \u00e1lland\u00f3 k\u00fczdelemben \u00e1ll a l\u00e9lekkel \u00e9s szeretn\u00e9 azt leig\u00e1zni, nem akar tudni \u00f6nmegtagad\u00e1sr\u00f3l. Ez a k\u00fczdelem a s\u00edrig tart! \u00c9jjel-nappal vel\u00fcnk van ez az ellens\u00e9g, b\u00e1rhov\u00e1 menek\u00fcl\u00fcnk, mindig magunkkal vissz\u00fck.<\/p>\n<p>Hogyan gy\u0151zz\u00fck le a k\u00eds\u00e9rt\u00e9st? J\u00e9zus Krisztusra tekintve megmutatja az ellens\u00e9g harci eszk\u00f6zeit: Vigy\u00e1zni: vigilatc! Legyetek \u00e9berek. Ker\u00fclni a veszedelmet. <em>A b\u0171n\u00f6s ember b\u0171n\u00f6kre b\u0171nt halmoz<\/em>. (Sir 3, 27)<\/p>\n<p>Im\u00e1dkozni: orate! Krisztus int: <em>Virrasszatok \u00e9s im\u00e1dkozzatok, nehogy k\u00eds\u00e9rt\u00e9sbe essetek. <\/em>(Mt 26,41). Az ima el\u0171zi a k\u00eds\u00e9rt\u0151t \u00e9s kegyelmet ad. Ellen\u00e1llva k\u00fczdeni! Kezdetben \u00e1lljatok ellen! Ne v\u00e1rj\u00e1tok meg, am\u00edg a s\u00e1t\u00e1n b\u00e9kly\u00f3ba szor\u00edtja kezeteket, l\u00e1batokat. Akkor m\u00e1r k\u00e9s\u0151 a fut\u00e1s! K\u00fczdelem n\u00e9lk\u00fcl nincs gy\u0151zelem! Nagyb\u00f6jt komolyan figyelmeztet: haszn\u00e1ljuk fel az id\u0151t, hogy lelk\u00fcnk gazdagabb, szebb, \u00e9s boldogabb legyen! Nagyb\u00f6jt a l\u00e9lek\u00e9p\u00edt\u00e9s ideje! A nagyb\u00f6jt lelki tr\u00e9ning\u00fcnk, lelki edz\u00e9s\u00fcnk nagy ideje. Ugye, mennyit tr\u00e9ningeznek a j\u00f3 sportol\u00f3k, hogy kiv\u00e1l\u00f3 eredm\u00e9nyeket \u00e9rhessenek el? !Rajta! \u00c9n is, m\u00e9g ma&#8230; \u00e9s ezut\u00e1n minden nap tr\u00e9ningezek. <em>Nem tudj\u00e1tok, hogy a p\u00e1ly\u00e1n k\u00fczd\u0151k mind futnak ugyan, de a d\u00edjat csak egy nyeri el? \u00dagy fussatok, hogy elnyerj\u00e9tek! A versenyz\u0151k valamennyien megtart\u00f3ztat\u00f3 \u00e9letet \u00e9lnek, minden tekintetben. \u0150k hervad\u00f3 koszor\u00fa\u00e9rt, mi pedig hervadhatatlan\u00e9rt. \u00c9n is futok, de nem c\u00e9ltalanul\u2026 . <\/em>(1Kor, 9, 24-26a)<\/p>\n<p>Edzem magam, hogy \u00e1lland\u00f3 \u00f6nfegyelmez\u00e9ssel \u00e9s az ellenf\u00e9l taktik\u00e1j\u00e1nak megismer\u00e9s\u00e9vel felk\u00e9sz\u00fcljek a nagy k\u00fczdelemre \u00e9s gy\u0151zelemre. Mert csak ez adja vissza lelkem b\u00e9k\u00e9j\u00e9t, egyens\u00faly\u00e1t, boldogs\u00e1g\u00e1t \u00e9s sz\u00edvem nyugalm\u00e1t!<\/p>\n<p>V\u00f6r\u00f6smarty Mih\u00e1ly \u00edgy \u00edr:<\/p>\n<p><em>Mi az, mi embert boldogg\u00e1 tehetne?<\/em><\/p>\n<p><em>Kincs? H\u00edr? Gy\u00f6ny\u00f6r?<\/em><\/p>\n<p><em>Legyen b\u00e1r, mint \u00f6z\u00f6n,<\/em><\/p>\n<p><em>A telhetetlen elmer\u00fclhet benne,<\/em><\/p>\n<p><em>S nem fogja tudni,<\/em><\/p>\n<p><em>hogy van sz\u00edv\u00f6r\u00f6m.<\/em><\/p>\n<p>&nbsp;<\/p>\n<p>&nbsp;<\/p>\n<p>&nbsp;<\/p>\n<p>IV.<\/p>\n<p>A d\u00e9lel\u0151tti elm\u00e9lked\u00e9s\u00fcnkben hallottuk, hogy a k\u00eds\u00e9rt\u00e9s \u00e9let\u00fcnk velej\u00e1r\u00f3ja, hiszen m\u00e9g J\u00e9zus Krisztust is megk\u00eds\u00e9rti a gonosz l\u00e9lek- a s\u00e1t\u00e1n, h\u00e1t m\u00e9g minket embereket. Nem kell k\u00e9ts\u00e9gbe esn\u00fcnk a k\u00eds\u00e9rt\u00e9s hallat\u00e1n, \u00e9rz\u00e9s\u00e9n, mert m\u00e9g nincsen vesztett \u00fcgy\u00fcnk. S\u0151t nem vesz\u00edthet\u00fcnk!<\/p>\n<p>Szent P\u00e1l apostol a r\u00f3maiakhoz \u00edrt level\u00e9ben csod\u00e1latosan el\u00e9nk t\u00e1rja, hogy: <em>Ha Isten vel\u00fcnk, ki ellen\u00fcnk? Aki saj\u00e1t Fi\u00e1t nem k\u00edm\u00e9lte, hanem mindny\u00e1junk\u00e9rt \u00e1ldozatul adta, hogyne aj\u00e1nd\u00e9kozna nek\u00fcnk vele egy\u00fctt mindent? Ki emel v\u00e1dat Isten v\u00e1lasztottai ellen? Isten, aki a megigazul\u00e1st adta? Ki \u00edt\u00e9l el? Krisztus J\u00e9zus, aki meghalt, s\u0151t fel is t\u00e1madt, \u00e9s az Isten jobbj\u00e1n k\u00f6zbenj\u00e1r \u00e9rt\u00fcnk? Ki szak\u00edthat el benn\u00fcnket Krisztus szeretet\u00e9t\u0151l? Nyomor vagy sz\u00fcks\u00e9g? \u00dcld\u00f6ztet\u00e9s vagy \u00e9h\u00edns\u00e9g, ruh\u00e1tlans\u00e1g, \u00e9letvesz\u00e9ly vagy kard? Amint meg van \u00edrva: Minket minden id\u0151ben te\u00e9rted irtanak, s v\u00e1g\u00f3juhok m\u00f3dj\u00e1ra tartanak. De mindezeken diadalmaskodunk \u0151\u00e1ltala, aki szeret minket.<\/em> <em>Biztos vagyok ugyanis benne, hogy sem hal\u00e1l, sem \u00e9let, sem angyalok, sem fejedelems\u00e9gek, sem jelenval\u00f3k, sem elj\u00f6vend\u0151k, sem hatalmass\u00e1gok, sem magass\u00e1g, sem m\u00e9lys\u00e9g, sem egy\u00e9b teremtm\u00e9ny el nem szak\u00edthat benn\u00fcnket Isten szeretet\u00e9t\u0151l, amely Krisztus J\u00e9zusban, a mi Urunkban van. <\/em>(R\u00f3m 8, 31b-39)<\/p>\n<p>Elm\u00e9lked\u00e9s\u00fcnk k\u00f6z\u00e9ppontja J\u00e9zus a b\u0171n\u00f6s\u00f6k bar\u00e1tja.<\/p>\n<p>A s\u00e1t\u00e1n incselked\u00e9s\u00e9re, hogyha b\u0171nt is k\u00f6vet\u00fcnk el, nem az a megold\u00e1s, hogy b\u0171nt b\u0171nre halmozzak (v\u00f6. Sir 3,27) hanem az, hogy megb\u00e1njam \u00e9s j\u00f3v\u00e1 tegyem. A Szent\u00edr\u00e1s tan\u00edt\u00e1sa szerint J\u00e9zus egyetlen egy b\u0171n\u00f6s embert sem \u00edt\u00e9l el, aki \u0151szint\u00e9n b\u00e1nja gaztetteit. Nagyb\u00f6jt a b\u0171nb\u00e1nat tart\u00e1s ideje is. N\u00e9zzek bele lelki vil\u00e1gomba, vegyem vissza az ir\u00e1ny\u00edt\u00e1s\u00e1t, hogyha net\u00e1n a gonosz ott akarna sz\u00e1ll\u00e1st tal\u00e1lni mag\u00e1nak.<\/p>\n<p>A mi Urunkat t\u00f6bbsz\u00f6r is v\u00e1dolj\u00e1k az \u00edr\u00e1stud\u00f3k, farizeusok, hogy a b\u0171n\u00f6s emberek bar\u00e1tja. Ezekiel pr\u00f3f\u00e9ta tal\u00e1l\u00f3an \u00edrja, hogy: <em>Tal\u00e1n \u00f6r\u00f6m\u00f6m telik a b\u0171n\u00f6s hal\u00e1l\u00e1ban \u2013 mondja az \u00dar, az Isten \u2013, s nem azt akarom ink\u00e1bb, hogy let\u00e9rjen \u00fatj\u00e1r\u00f3l \u00e9s \u00e9ljen?<\/em> (Ez 18,23) A Szent\u00edr\u00e1s nyelvezet\u00e9ben jobban \u00f6rvend egy megt\u00e9r\u0151 b\u0171n\u00f6snek, mint kilencvenkilenc igaznak.<\/p>\n<p>Az \u00dajsz\u00f6vets\u00e9g kezeskedik arr\u00f3l, hogy J\u00e9zusnak k\u00fcl\u00f6nleges kapcsolata volt a b\u0171n\u00f6s\u00f6kkel. \u00c9s \u00e9ppen ez\u00e9rt sok embert megbotr\u00e1nkoztatott a vel\u00fck val\u00f3 \u00e9rintkez\u00e9s\u00e9vel, m\u00e9gis folytatja \u2013 \u00fagymond \u2013 nem ker\u00fcli a b\u0171n\u00f6s emberrel val\u00f3 kapcsolattart\u00e1st, hanem gondjaiba veszi. Neki ezt kell tennie, mert \u0150 J\u00e9zus, <em>mert \u0150 szabad\u00edtja meg n\u00e9p\u00e9t b\u0171neit\u0151l<\/em>. (Mt 1,21)<\/p>\n<h4>J\u00f3l ismerj\u00fck, hogy hogyan lesz M\u00e1t\u00e9b\u00f3l a v\u00e1mosb\u00f3l Krisztus k\u00f6vete. M\u00e1t\u00e9 megh\u00edv\u00e1sa. Amikor J\u00e9zus tov\u00e1bbment, l\u00e1tott egy M\u00e1t\u00e9 nev\u0171 embert, amint ott \u00fclt a v\u00e1mn\u00e1l. Sz\u00f3lt neki: K\u00f6vess engem! Az fel\u00e1llt \u00e9s k\u00f6vette. Amikor k\u00e9s\u0151bb vend\u00e9g\u00fcl l\u00e1tta h\u00e1z\u00e1ban, sok v\u00e1mos meg b\u0171n\u00f6s j\u00f6tt oda, s J\u00e9zussal \u00e9s tan\u00edtv\u00e1nyaival egy\u00fctt asztalhoz telepedett. Ezt l\u00e1tva a farizeusok megk\u00e9rdezt\u00e9k tan\u00edtv\u00e1nyait\u00f3l: Mi\u00e9rt eszik mesteretek v\u00e1mosokkal \u00e9s b\u0171n\u00f6s\u00f6kkel? J\u00e9zus meghallotta, \u00e9s \u00edgy v\u00e1laszolt: Nem az eg\u00e9szs\u00e9geseknek kell az orvos, hanem a betegeknek. Menjetek \u00e9s tanulj\u00e1tok meg, mit jelent: Irgalmass\u00e1got akarok, nem \u00e1ldozatot. Nem az\u00e9rt j\u00f6ttem, hogy az igazakat h\u00edvjam, hanem hogy a b\u0171n\u00f6s\u00f6ket. (Mt 9, 10-13)<\/h4>\n<h4><strong>Csup\u00e1n harminch\u00e1rom \u00e9v itt a bolyg\u00f3nkon f\u00f6ldi \u00e9lete. A kev\u00e9snek t\u0171n\u0151 \u00e9letet az\u00e9rt \u00e9lte, hogy megkeresse \u00e9s megmentse azt, ami elveszett. (Lk 19,10) Ez k\u00fcldet\u00e9snek l\u00e9nyege: az Atya az\u00e9rt k\u00fcldte, hogy a b\u0171n\u00f6s\u00f6ket keresse. Nem az volt a feladata, hogy az emberi viszonyokat rendezze, k\u00fcldet\u00e9s\u00e9ben ez is benne van, de els\u0151dleges c\u00e9lja J\u00e9zusnak, hogy az Isten \u00e9s ember k\u00f6z\u00f6tti viszonyt rendbe hozza. Hogyha ezt tudatos\u00edtom, akkor meg\u00e9rtem, hogy igenis az\u00e9rt j\u00f6tt, hogy a b\u0171n\u00f6s\u00f6ket h\u00edvja. A gy\u00f3gy\u00edt\u00e1s \u00e9s megbocs\u00e1t\u00e1s J\u00e9zus k\u00fcldet\u00e9s\u00e9ben nem k\u00fcl\u00f6n\u00fcl el. Figyelemre m\u00e9lt\u00f3 t\u00e9ny, hogy J\u00e9zus meggy\u00f3gy\u00edtotta a betegeket, akiket hozz\u00e1 elhoztak, vagy akikkel tal\u00e1lkozott de \u0151 nem ment ut\u00e1nuk. Sokkal ink\u00e1bb t\u00f6r\u0151d\u00f6tt a b\u0171n\u00f6s\u00f6kkel. N\u00e1luk \u0150 kezdem\u00e9nyezett, hogy megmutassa mennyire \u0151szint\u00e9n elfogadja \u0151ket.<\/strong><\/h4>\n<p>Isten maga j\u00f6n el megbocs\u00e1jtani \u00e9s be is bizony\u00edtja ezt azzal, hogy \u0150n\u00e1la nincsen szem\u00e9lyv\u00e1logat\u00e1s. Minden ember k\u00fcl\u00f6n \u00e9rt\u00e9k, kincs sz\u00e1m\u00e1ra. Szeretetb\u0151l \u00e9s szeretetre teremtett. Nem vet meg minket b\u0171n\u00f6s embereket. Ez a fordulat, a kereszt\u00e9nys\u00e9g l\u00e9nyege. J\u00e9zus b\u0171n\u00f6s\u00f6k k\u00f6z\u00e9 \u00fcl, vel\u00fck eszik \u00e9s iszik. Isten nem riad vissza a f\u00e1radts\u00e1gt\u00f3l. Elk\u00fcldi egyetlen Fi\u00e1t, hogy keresse a b\u0171n\u00f6s\u00f6ket. Nem tesz k\u00fcl\u00f6nbs\u00e9get. Szem\u00e9ben mindanyian b\u0171n\u00f6sek vagyunk. Egyik\u00fcnk a m\u00e1sikra <em>az vesse r\u00e1 az els\u0151 k\u00f6vet, aki b\u0171ntelen.<\/em> (Jn 8,7)<\/p>\n<p>Ahhoz, hogy b\u0171neim bocs\u00e1natot nyerjenek, be kell ismernem, hogy b\u0171n\u00f6s vagyok. Isten tiszteli szabads\u00e1gunkat. Nem er\u0151lteti r\u00e1nk mag\u00e1t, \u00e9s nem fog megszabad\u00edtani minket, ha mi vonakodunk.<\/p>\n<p>Ahhoz, hogy J\u00e9zus lakjon benn\u00fcnk \u00e9s tan\u00edtson minket a szeretetre, be kell engedn\u00fcnk \u0150t a sz\u00edv\u00fcnkbe. <em>Egy h\u00edres fest\u0151 lerajzolta J\u00e9zust, amint \u00e1ll az ajt\u00f3 el\u0151tt \u00e9s z\u00f6rget, de kilincset nem rajzolt az ajt\u00f3ra. J\u00e9zus nem mehet be sz\u00edvednek az ajtaj\u00e1n, mert csak te nyithatod ki az ajt\u00f3t bel\u00fclr\u0151l. <\/em>J\u00e9zus j\u00f6n hozz\u00e1d, z\u00f6rget, de nem er\u0151szakos, t\u00fcrelmesen v\u00e1r, nem ront r\u00e1d, hanem megv\u00e1rja, am\u00edg te nyitsz ajt\u00f3t. J\u00e9zus irgalmas. Ha sok\u00e1ig nem nyitod ki sz\u00edved ajtaj\u00e1t, nem b\u00fcntet meg, nem tesz szemreh\u00e1ny\u00e1st ez\u00e9rt. T\u00fcrelmesen v\u00e1r r\u00e1d. Ha megb\u00e1nod b\u0171neidet, akkor irgalma v\u00e9gtelen \u00e9s elfelejti minden b\u0171n\u00f6det. Ahol hi\u00e1nyzik a b\u0171ntudat, ott a kereszt\u00e9nys\u00e9g nemcsak, hogy l\u00e9g\u00fcres t\u00e9rben mozog, hanem az eg\u00e9sz evang\u00e9lium elveszti \u00e9rtelm\u00e9t \u00e9s c\u00e9lj\u00e1t. <em>Ha azt \u00e1ll\u00edtjuk, hogy nincs b\u0171n\u00fcnk, \u00f6nmagunkat vezetj\u00fck f\u00e9lre, \u00e9s nincs benn\u00fcnk igazs\u00e1g. Ha megvalljuk b\u0171neinket, akkor mivel j\u00f3 \u00e9s igazs\u00e1gos, megbocs\u00e1tja b\u0171neinket, \u00e9s minden igazs\u00e1gtalans\u00e1gt\u00f3l megtiszt\u00edt minket. Ha azt \u00e1ll\u00edtjuk, hogy nem v\u00e9tkezt\u00fcnk, hazugnak t\u00fcntetj\u00fck fel, \u00e9s tan\u00edt\u00e1sa nincs benn\u00fcnk. <\/em>(1Jn 1, 8-10)<\/p>\n<p>Az emberi t\u00f6rt\u00e9nelemben a b\u0171n\u00e9lm\u00e9ny volt mindig az egyik legk\u00ednz\u00f3bb jelens\u00e9g. Ez a cselekm\u00e9ny a nagy g\u00f6r\u00f6g dr\u00e1m\u00e1k, de a legjobb modern filmek k\u00f6z\u00fcl is n\u00e9h\u00e1nynak alapja. A b\u0171n hat\u00e1s\u00e1ra minden m\u00e1s vall\u00e1sban az ember az, aki kiengeszteli Istent \u2013 j\u00f3cselekedeteivel; magatart\u00e1s\u00e1val; \u00e9letvitel\u00e9vel, vezekl\u00e9seivel; \u00e1ldozataival&#8230; \u2013 a kereszt\u00e9nys\u00e9gben ISTEN az, aki kiengesztel. A megigazul\u00e1s Isten kegyelm\u00e9nek szabad aj\u00e1nd\u00e9ka (v\u00f6. R\u00f3m 3,24), amely azzal a k\u00e9r\u00e9ssel fordul hozz\u00e1nk, hogy ezt a kiengesztel\u0151 adom\u00e1nyt ismerjem fel. Isten kezdem\u00e9nyez\u00e9se, sz\u00edve v\u00e1gya ez.<\/p>\n<p><em>Ha azonban megtagadjuk, \u0151 is megtagad minket,<\/em> <em>de ha mi h\u0171tlenn\u00e9 v\u00e1lunk, \u0151 h\u0171 marad, mert \u00f6nmag\u00e1t nem tagadhatja meg.<\/em> (2Tim 2, 12b-13) Isten szeretete nagyobb, mint a mi \u00f6sszes b\u0171n\u00fcnk. Mi b\u0171n\u00f6s\u00f6k vagyunk ugyan, de Isten elfogadott minket.<\/p>\n<p>A b\u0171n befogja az ember szem\u00e9t, hogy ne l\u00e1ssa hib\u00e1it \u00e9s azok k\u00f6vetkezm\u00e9nyeit. A s\u00e1t\u00e1n alaposan bek\u00f6ti az ember szem\u00e9t! De van ki\u00fat a b\u0171nb\u00e1nat szents\u00e9ge \u00e1ltal a szentgy\u00f3n\u00e1sban.<\/p>\n<p>J\u00e9zus az\u00e1ltal teljes\u00edtette k\u00fcldet\u00e9s\u00e9t, hogy mindenkit elfogadott, akivel csak tal\u00e1lkozott. Az ad\u00f3szed\u0151k, h\u00e1zass\u00e1gt\u00f6r\u0151k, v\u00e1mosok, valamennyien szel\u00edd j\u00f3akaratot tal\u00e1ltak n\u00e1la, \u00e9s ez\u00e1ltal mindenki elfogadottnak \u00e9rezte mag\u00e1t. Hisz J\u00e9zusunk: <em>A megt\u00f6rt n\u00e1dsz\u00e1lat nem t\u00f6ri \u00f6ssze, a pisl\u00e1kol\u00f3 m\u00e9csbelet nem oltja ki. <\/em>(Iz 42, 3) Mindenkiben tal\u00e1lt \u00e9s tal\u00e1l valami j\u00f3t \u00e9s nem \u00edt\u00e9lt el senkit. <em>Mert nem az\u00e9rt k\u00fcldte Isten a Fi\u00fat a vil\u00e1gba, hogy el\u00edt\u00e9lje a vil\u00e1got, hanem hogy \u00fcdv\u00f6z\u00fclj\u00f6n \u00e1ltala a vil\u00e1g.<\/em> (Jn 3, 17)<\/p>\n<p>Van egy j\u00f3 bar\u00e1tunk, aki mindannyiunkkal van. Nem kell f\u00e9ln\u00fcnk, hogy b\u00e1rkinek is b\u00e1rmit is elmondana r\u00f3lam. El\u00e1rul\u00e1s\u00e1nak \u00e9jszak\u00e1j\u00e1n az \u00dar bizony\u00e1ra meglepte tan\u00edtv\u00e1nyait, amikor ezt mondta nekik: <em>Ti a bar\u00e1taim vagytok, ha megteszitek, amiket parancsolok nektek. M\u00e1r nem mondalak benneteket szolg\u00e1knak, mert a szolga nem tudja, mit tesz az ura. Bar\u00e1taimnak mondtalak titeket, mert mindent, amit hallottam Aty\u00e1mt\u00f3l, tudtul adtam nektek. Nem ti v\u00e1lasztottatok engem, hanem \u00e9n v\u00e1lasztottalak titeket.<\/em> (Jn 15,14-16a). Ma d\u00e9lut\u00e1n neked, nekem mondja, hogy te az \u00e9n bar\u00e1tom vagy. B\u00edzzunk meg benne, \u00e9p\u00edtkezz\u00fcnk szil\u00e1rd alapra.<\/p>\n<p><em>De ha h\u0171tlenek lesz\u00fcnk, \u0151 h\u0171 marad, mert \u00f6nmag\u00e1t meg nem tagadhatja. <\/em>(2Tim 2,13) Mekkora megnyugv\u00e1s rejlik ebben a mondat\u00e1ban is, hogy b\u00e1rmikor keress\u00fck, b\u00e1rhonnan \u00e9rkez\u00fcnk \u2013 ahogyan K\u00e1ny\u00e1di S\u00e1ndor, <em>Folytonoss\u00e1g <\/em>c\u00edm\u0171 vers\u00e9t \u00edgy fejezi be: <em>\u2026 ak\u00e1rmikor j\u00f6ssz, itthon van az Isten.<\/em><\/p>\n<p>A szeretet g\u00f6r\u00f6g\u00fcl fileo, bens\u0151s\u00e9ges bar\u00e1ts\u00e1got jelent. Ilyen m\u00f3don \u2013 mivel \u0150 a b\u0171n\u00f6s\u00f6k bar\u00e1tja \u2013 mi is Urunk J\u00e9zus bar\u00e1tai lehet\u00fcnk. J\u00f3l tessz\u00fck, ha ki-ki megk\u00e9rdezi \u00f6nmag\u00e1t\u00f3l, hogy: Milyen a bar\u00e1ti viszonyom \u0150vele?<\/p>\n<p>J\u00e9zus nem k\u00edv\u00e1ncsi tetteimre, gondolataimra, cselekedeteimre, hanem egyed\u00fcl azt akarja, hogy a b\u0171n\u00f6s let\u00e9rjen a b\u0171n \u00fatj\u00e1r\u00f3l \u00e9s \u00e9ljen, mert nem akarja a b\u0171n\u00f6s ember hal\u00e1l\u00e1t. (v\u00f6. Ez 33,11)<\/p>\n<p>Melyik emberen lehet seg\u00edteni? Kin lehet seg\u00edteni? Gy\u00f3gy\u00edtani csak azt lehet, aki elismeri, hogy beteg \u00e9s gy\u00f3gyulni akar. Ez\u00e9rt mondta J\u00e9zus: <em>Nem az eg\u00e9szs\u00e9geseknek kell az orvos, hanem a betegeknek. \u2026 Nem az igazakat j\u00f6ttem h\u00edvni, hanem a b\u0171n\u00f6s\u00f6ket.<\/em> (Mt 9,12-13)<\/p>\n<p>J\u00e9zus a farizeusr\u00f3l \u00e9s a v\u00e1mosr\u00f3l sz\u00f3l\u00f3 p\u00e9ldabesz\u00e9d\u00e9ben \u00edgy sz\u00f3l: <em>K\u00e9t ember f\u00f6lment a templomba im\u00e1dkozni, az egyik farizeus volt, a m\u00e1sik v\u00e1mos. A farizeus meg\u00e1llt, \u00e9s \u00edgy im\u00e1dkozott mag\u00e1ban: Istenem! H\u00e1l\u00e1t adok neked, hogy nem vagyok olyan, mint a t\u00f6bbi ember, rabl\u00f3, igaztalan \u00e9s h\u00e1zass\u00e1gt\u00f6r\u0151, mint ez a v\u00e1mos is. K\u00e9tszer b\u00f6jt\u00f6l\u00f6k hetente, tizedet adok mindenemb\u0151l. A v\u00e1mos pedig t\u00e1vol \u00e1llt meg, nem merte a szem\u00e9t sem az \u00e9gre emelni. Mell\u00e9t verve \u00edgy sz\u00f3lt: Istenem! L\u00e9gy irgalmas nekem, b\u0171n\u00f6snek! Mondom nektek: ez megigazultan ment haza, amaz pedig nem. Mert mindazt, aki mag\u00e1t felmagasztalja, megal\u00e1zz\u00e1k, \u00e9s aki mag\u00e1t megal\u00e1zza, felmagasztalj\u00e1k.<\/em> (Lk 18, 10-14) Aki \u00f6nmag\u00e1val van tele, annak nem lehet adni semmit. Aki szabadulni akar a b\u0171neit\u0151l, az J\u00e9zust\u00f3l kap a b\u0171nei hely\u00e9re igazs\u00e1got, tisztas\u00e1got, b\u00e9kess\u00e9get, rem\u00e9nys\u00e9get. J\u00f6v\u0151je csak annak van, aki v\u00e1ltozni akar. Az \u00f6ntelt ember fejl\u0151d\u00e9sk\u00e9ptelen. Melyik csoportba tartozok? Akarok-e v\u00e1ltozni, vagy a k\u00f6r\u00fcl\u00f6ttem \u00e9l\u0151ket \u00e9s J\u00e9zust szeretn\u00e9m megv\u00e1ltoztatni? Nem rejtegetek-e b\u0171n\u00f6ket sz\u00e9p l\u00e1tszatok m\u00f6g\u00f6tt? J\u00e9zust azzal is v\u00e1dolt\u00e1k, hogy a b\u0171n\u00f6s\u00f6k bar\u00e1tja. \u00d6r\u00fcl\u00f6k-e annak, hogy ez igaz, \u00e9s odatartozok-e az \u0151 bar\u00e1ti k\u00f6r\u00e9hez? J\u00e9zus ny\u00edltan kijelenti, hogy:<\/p>\n<p><em>Ti a bar\u00e1taim vagytok, ha megteszitek, amiket parancsolok nektek.<\/em> (Jn 15,14) J\u00e9zus a b\u0171nb\u00e1n\u00f3 b\u0171n\u00f6s\u00f6k bar\u00e1tja. Az \u0151 bar\u00e1tait onnan lehet t\u00e9vedhetetlen\u00fcl f\u00f6lismerni, hogy nincs benn\u00fck sem \u00f6n\u00e1m\u00edt\u00e1s, sem \u00f6ndics\u00e9r\u00e9s, \u00f6nmagukat Bar\u00e1tjukhoz viszony\u00edtj\u00e1k.<\/p>\n<p>B\u0171n\u00f6s\u00f6k bar\u00e1tja, \u00edgy nevezt\u00e9k a farizeusok. Akarok-e J\u00e9zusnak bar\u00e1tja lenni? Isten lehajol b\u00e1rmilyen m\u00e9lyre, nem sz\u00e1m\u00edt, hogy hol vagyok. J\u00e9zus j\u00f3l \u00e9rezte mag\u00e1t a b\u0171n\u00f6s\u00f6kkel, sz\u00edvesen volt vel\u00fck \u00e9s ez a tulajdons\u00e1ga nem v\u00e1ltozott meg. \u00c9rdekes, hogy ez nagy felh\u00e1borod\u00e1st v\u00e1ltott ki az egyh\u00e1zi vezet\u0151k r\u00e9sz\u00e9r\u0151l, megel\u0151zte kor\u00e1t, \u00fajat hozott. Isten naponta k\u00e9pes meg\u00faj\u00edtani benn\u00fcnket csak legy\u00fcnk a bar\u00e1ti k\u00f6r\u00e9ben. Ha szeretj\u00fck a bar\u00e1tunkat el is hissz\u00fck, amit mond.<\/p>\n<p>P\u00e1l apostol: a vil\u00e1g bar\u00e1ts\u00e1g\u00e1t, karrierj\u00e9t cser\u00e9lte fel J\u00e9zus bar\u00e1ts\u00e1g\u00e1ra. P\u00e1l sok mindent feladott \u00e9s igen hat\u00e9kony volt a szolg\u00e1lata. J\u00e9zusnak vel\u00fcnk is nagy tervei vannak, csak ne utas\u00edtsuk vissza. Azok az emberek, akik nem t\u00f6r\u0151dnek az \u0151ket el\u00edt\u00e9l\u0151kkel es\u00e9lyt adnak maguknak a megt\u00e9r\u00e9sre. J\u00e9zust az\u00e9rt is szeretem, mert elfogadott olyannak amilyen vagyok. Szeml\u00e9lve J\u00e9zus \u00e9let\u00e9t az Evang\u00e9lium lapjair\u00f3l eg\u00e9szen az emberi l\u00e9lek m\u00e9lys\u00e9geibe, az ember legnagyobb trag\u00e9di\u00e1j\u00e1ba hatolt be, mely a b\u0171n. Maga mondta, hogy azokat j\u00f6tt megkeresni \u00e9s \u00fcdv\u00f6z\u00edteni, akik elvesztek; hogy a b\u0171n\u00f6s\u00f6k bar\u00e1tja \u00e9s orvosa.<\/p>\n<p>\u00dagy \u00e9rzed, hogy elhagyott? Nem te hagytad el \u0151t? Hogy m\u00e1r v\u00e9gleg megharagudott r\u00e1d? Nem te nem besz\u00e9lsz vele? Azt gondolod, hogy nincs m\u00e1r sz\u00e1modra b\u00e9kess\u00e9g? Azt hiszed, olyan b\u0171n\u00f6ket k\u00f6vett\u00e9l el, hogy senki sem tud megbocs\u00e1tani? Aki hozz\u00e1 fordul, azt \u0150 soha nem utas\u00edtja el. J\u00e9zus Krisztus is k\u00eds\u00e9rt\u00e9st szenvedett, a b\u0171nt\u0151l azonban ment maradt. Egy\u00fctt \u00e9rez gy\u00f6nges\u00e9geinkkel (v\u00f6. Zsid 4,15).<\/p>\n<p>Ha v\u00e9tkezel sz\u00e1llj magadba \u00e9s \u0151szint\u00e9n b\u00e1nd meg b\u0171neidet. Isten a megt\u00e9r\u0151 b\u0171n\u00f6snek mindig k\u00e9sz megbocs\u00e1tani.<\/p>\n<p>Ady Endre, <em>Az \u00dar \u00e9rkez\u00e9se<\/em><\/p>\n<p><em>Amikor elhagytak, mikor a lelkem roskadozva vittem,<\/em><\/p>\n<p><em>Cs\u00f6ndesen \u00e9s v\u00e1ratlanul \u2014 \u00e1t\u00f6lelt az Isten.<\/em><\/p>\n<p><em>Nem harsonasz\u00f3val, hanem j\u00f6tt n\u00e9ma, igaz \u00f6lel\u00e9ssel.<\/em><\/p>\n<p><em>Nem j\u00f6tt sz\u00e9p, t\u00fczes nappalon, de h\u00e1bor\u00fas \u00e9jjel.<\/em><\/p>\n<p><em>\u00c9s megvakultak hi\u00fa szemeim, megsz\u0171nt ifj\u00fas\u00e1gom:<\/em><\/p>\n<p><em>De \u0151t, a f\u00e9nyest, a nagyszer\u0171t mind\u00f6r\u00f6kre l\u00e1tom.<\/em><\/p>\n<p>&nbsp;<\/p>\n<p>&nbsp;<\/p>\n<p>V.<\/p>\n<p>A d\u00e9lut\u00e1ni elm\u00e9lked\u00e9s\u00fcnkbe eljutottunk od\u00e1ig, hogy J\u00e9zus a b\u0171n\u00f6s\u00f6k bar\u00e1tja. Sokaknak felt\u0171nik, hogy vel\u00fck sz\u00f3ba \u00e1ll, de azt m\u00e1r nehezen viselik a farizeusok \u00e9s \u00edr\u00e1stud\u00f3k, hogy egy\u00fctt \u00fcl asztalhoz, eszik \u00e9s iszik vel\u00fck. Igen ez a mi Isten\u00fcnk, aki az\u00e9rt k\u00fcldte Fi\u00e1t, hogy megkeresse azt, aki elveszett. A mostani elm\u00e9lked\u00e9s\u00fcnkben n\u00e9zz\u00fck is meg ill. j\u00e1rjuk egy kicsit k\u00f6r\u00fcl, hogy mit is jelent a szentgy\u00f3n\u00e1s. (Szt. Antal nyom\u00e1n)<\/p>\n<p>Van es\u00e9ly\u00fcnk, hogy hazatal\u00e1ljak, hisz a k\u00eds\u00e9rt\u00e9s \u00e9s a b\u0171n rabs\u00e1g\u00e1b\u00f3l a szentgy\u00f3n\u00e1s \u00e1ltal tudunk teljesen visszat\u00e9rni\/ &#8211; fordulni szeret\u0151 Aty\u00e1nkhoz, aki mindig hazav\u00e1r. <em>Ha azt \u00e1ll\u00edtjuk, hogy nincs b\u0171n\u00fcnk, \u00f6nmagunkat vezetj\u00fck f\u00e9lre, \u00e9s nincs benn\u00fcnk igazs\u00e1g. Ha megvalljuk b\u0171neinket, akkor mivel j\u00f3 \u00e9s igazs\u00e1gos, megbocs\u00e1tja b\u0171neinket, \u00e9s minden igazs\u00e1gtalans\u00e1gt\u00f3l megtiszt\u00edt minket.<\/em> (1Jn 1,8-9).<\/p>\n<p>Itt a f\u00f6ldi \u00e9let\u00fcnkben a j\u00f3 Isten minden embert megh\u00edv arra, k\u00fcl\u00f6n\u00f6sen most a nagyb\u00f6jti id\u0151szakban, hogy tartsunk b\u0171nb\u00e1natot azaz b\u00e1njuk meg b\u0171neinket. R\u00f6viden sz\u00f3lva: <em>Megh\u00edv\u00e1s a szentgy\u00f3n\u00e1sra!<\/em> Eg\u00e9szen m\u00e1sk\u00e9pp hangzik, mint: b\u0171neidet k\u00f6teles vagy meggy\u00f3nni. Amikor mi gy\u00f3n\u00e1sr\u00f3l besz\u00e9l\u00fcnk, szinte kiz\u00e1r\u00f3lag azt hangs\u00falyozzuk, mit kell tenn\u00fcnk, hogy j\u00f3l v\u00e9gezz\u00fck el a szentgy\u00f3n\u00e1st. Nem feledkez\u00fcnk el az\u00e9rt arr\u00f3l sem, amit Isten m\u0171vel a szents\u00e9gben, ti. megbocs\u00e1tja b\u0171neinket. De erre \u00fagy gondolunk, mint a b\u0171nb\u00e1nat befejez\u0151 aktus\u00e1ra, melyet megel\u0151z a gy\u00f3n\u00f3 k\u00e9sz\u00fclete, b\u0171nbevall\u00e1sa, s ez ut\u00f3bbiak ink\u00e1bb foglalkoztatnak benn\u00fcnket, mint az, amit Isten tesz vel\u00fcnk. Mily nagy az Isten irgalma, hogy a mi b\u0171nb\u00e1natunk\u00e9rt, a b\u0171n\u00f6k megb\u00e1n\u00e1s\u00e1\u00e9rt tiszt\u00e1ra mossa lelk\u00fcnket! Mily nagy az Isten irgalma! Mily nagy a b\u0171neit megb\u00e1n\u00f3 b\u0171n\u00f6s m\u00e9lt\u00f3s\u00e1ga! Isten, aki a mennyben lakik, leereszkedik a b\u0171nb\u00e1n\u00f3 ember sz\u00edv\u00e9be, hogy ott lakj\u00e9k.<\/p>\n<p>A szentgy\u00f3n\u00e1s a kereszts\u00e9ghez hasonl\u00f3an az \u00fajj\u00e1sz\u00fclet\u00e9s szents\u00e9ge sz\u00e1munkra, \u00faj \u00e9let szents\u00e9ge a Szentl\u00e9lekben. A b\u0171nb\u00e1nat szents\u00e9g\u00e9ben Krisztus \u00fcdv\u00f6z\u00edt\u0151 m\u0171v\u00e9re eml\u00e9kez\u00fcnk, \u00fcnnepelj\u00fck a titkot, mely az \u0151 szenved\u00e9s\u00e9ben, hal\u00e1l\u00e1ban \u00e9s felt\u00e1mad\u00e1s\u00e1ban ment v\u00e9gbe. Ez ut\u00f3bbi a legfontosabb mozzanat a szentgy\u00f3n\u00e1sn\u00e1l.<\/p>\n<p>Isten\u00fcnk szeretete megnyilv\u00e1nult Fi\u00e1ban, Krisztusban. Szeretete tov\u00e1bb \u00e9l. A b\u0171nbocs\u00e1nat hatalma J\u00e9zus megv\u00e1lt\u00f3 hal\u00e1l\u00e1nak \u00e9s felt\u00e1mad\u00e1s\u00e1nak gy\u00fcm\u00f6lcsek\u00e9nt \u00e1tsz\u00e1ll az Egyh\u00e1zra, amikor a Felt\u00e1madott az apostolokra leheli a Szentlelket: <em>Vegy\u00e9tek a Szentlelket. Akinek megbocs\u00e1tj\u00e1tok b\u0171neit, bocs\u00e1natot nyer, akinek pedig megtartj\u00e1tok, az b\u0171nben marad<\/em>. (Jn 20, 22-23; v\u00f6. Mt 16, 19-20: a F\u00fcl\u00f6p Cez\u00e1rea-i jelenet, amikor J\u00e9zus \u00e1tadja P\u00e9ternek az old\u00e1s-k\u00f6t\u00e9s hatalm\u00e1t.) <em>Krisztus azt akarta, hogy az Egyh\u00e1z \u00e9let\u00e9ben, cselekedet\u00e9ben \u00e9s im\u00e1ds\u00e1g\u00e1ban marad\u00e9k n\u00e9lk\u00fcl a bocs\u00e1nat \u00e9s a kiengesztel\u0151d\u00e9s jele \u00e9s eszk\u00f6ze legyen, melyeket \u0151 nek\u00fcnk v\u00e9re \u00e1r\u00e1n szerzett meg. Ugyanakkor a f\u00f6loldoz\u00e1si hatalom gyakorl\u00e1s\u00e1t r\u00e1b\u00edzta az apostoli szolg\u00e1latra. Teh\u00e1t az apostoli szolg\u00e1latot b\u00edzta meg \u2019a kiengesztel\u0151d\u00e9s szolg\u00e1lat\u00e1val\u2019 (2Kor 5, 18). Az apostol \u2019Krisztus nev\u00e9ben\u2019 kapta k\u00fcldet\u00e9s\u00e9t \u00e9s \u2019maga Isten az\u2019, aki rajta kereszt\u00fcl buzd\u00edt \u00e9s k\u00e9r: \u2019engesztel\u0151djetek ki az Istennel\u2019<\/em> (2 Kor 5, 20) \/KEK 1442\/.<\/p>\n<p>Ennek jobb meg\u00e9rt\u00e9se v\u00e9gett induljunk ki a f\u0151pap, pontifex sz\u00f3 magyar\u00e1zat\u00e1b\u00f3l. A pontifex sz\u00f3 nemcsak f\u0151papot, hanem h\u00edd\u00e9p\u00edt\u0151t is jelent. A k\u00e9t jelent\u00e9st P\u00e1duai Szent Antal \u00f6sszekapcsolja. <em>Krisztus azonban a r\u00e1nk v\u00e1r\u00f3 javak f\u0151papjak\u00e9nt j\u00f6tt el<\/em>\u2026 . (Zsid 9,11) A f\u0151pap azoknak, akik \u0151t k\u00f6vetik, hidat s utat jelent.<\/p>\n<p><em>K\u00e9t partja van a foly\u00f3nak: egyik a haland\u00f3s\u00e1g partja, a m\u00e1sik a halhatatlans\u00e1g\u00e9. A foly\u00f3: a mi b\u0171n\u00f6ss\u00e9g\u00fcnk. Krisztus elj\u00f6tt, mint f\u0151pap (f\u0151pap \u00e9s h\u00edd\u00e9p\u00edt\u0151 egy szem\u00e9lyben), \u00e9s \u0151 maga lett a H\u00edd a k\u00e9t part k\u00f6z\u00f6tt.<\/em><\/p>\n<p>A k\u00e9p minden bizonnyal tal\u00e1l\u00f3. <em>A h\u00edd mindk\u00e9t parthoz tartozik, melyeket \u00f6sszek\u00f6t. Krisztus, mint Isten a halhatatlans\u00e1g partj\u00e1\u00e9 &#8211; ez mag\u00e1t\u00f3l \u00e9rtet\u0151d\u0151. De amikor emberr\u00e9 lett, mag\u00e1ra vette a mi haland\u00f3 embervoltunkat s meg is halt \u00e9rt\u00fcnk, a haland\u00f3s\u00e1g partj\u00e1hoz is tartozott<\/em>.<\/p>\n<p><em>A h\u00edd alapjai mindk\u00e9t parton szil\u00e1rdan m\u00e9lyednek a part talaj\u00e1ba. Krisztus mindk\u00e9t parthoz tartozik teh\u00e1t. \u00c9s \u00edgy, de csakis \u00edgy lehets\u00e9ges a Krisztus-k\u00f6vet\u0151knek Krisztus \u00e1ltal, aki a H\u00edd, a haland\u00f3s\u00e1g partj\u00e1t\u00f3l eljutni a halhatatlans\u00e1g partj\u00e1ra.<\/em><\/p>\n<p>De a k\u00e9t partot m\u00e1sk\u00e9pp is nevezhetj\u00fck. Az egyiket a b\u0171n partj\u00e1nak &#8211; mivel a b\u0171n \u00e1ltal j\u00f6tt a hal\u00e1l a f\u00f6ldre -, a m\u00e1sikat az el\u00e9gt\u00e9tel partj\u00e1nak. A b\u0171nb\u00e1nat \u00e1ltal a szentgy\u00f3n\u00e1s h\u00eddj\u00e1n \u00e1tmegy\u00fcnk a b\u0171n partj\u00e1r\u00f3l az el\u00e9gt\u00e9tel partj\u00e1hoz. Az el\u00e9gt\u00e9tel itt nem csup\u00e1n a szentgy\u00f3n\u00e1s ut\u00e1n v\u00e9gzend\u0151 im\u00e1t jelenti, hanem ann\u00e1l sokkal t\u00f6bbet. Az igazi el\u00e9gt\u00e9telt J\u00e9zus hozta meg nek\u00fcnk: \u0151 maga az el\u00e9gt\u00e9tel partja.<\/p>\n<p>De hogy is vagyunk a b\u0171n partj\u00e1val? J\u00e9zus ezen a parton, a b\u0171n partj\u00e1n is \u00e1ll? Itt megv\u00e1lt\u00e1sunk k\u00f6zponti titk\u00e1hoz \u00e9rt\u00fcnk. A titokr\u00f3l Szent P\u00e1l azt \u00edrja: <em>elk\u00fcldte tulajdon fi\u00e1t a b\u0171n miatt a b\u0171n test\u00e9nek hasonl\u00f3s\u00e1g\u00e1ban, hogy el\u00edt\u00e9lje a testben lev\u0151 b\u0171nt\u2026 .<\/em>\u00a0 (R\u00f3m 8,3) <em>Isten ugyanis Krisztusban kiengesztel\u0151d\u00f6tt a vil\u00e1ggal, nem tartja sz\u00e1mon v\u00e9tkeinket<\/em> (2Kor 5,19) \u2026 <em>engesztel\u0151djetek ki az Istennel! \u0150 azt, aki b\u0171nt nem ismert, \u201eb\u0171nn\u00e9\u201d tette \u00e9rt\u00fcnk, <\/em>mag\u00e1ra vette a b\u0171neinket, <em>hogy benne \u201eIsten igazs\u00e1goss\u00e1ga\u201d legy\u00fcnk. <\/em>(2Kor 5,20b-21) <em>F\u0151papunk ugyanis nem olyan, hogy ne tudna egy\u00fctt \u00e9rezni gy\u00f6nges\u00e9geinkkel, hanem olyan, aki hozz\u00e1nk hasonl\u00f3an mindenben k\u00eds\u00e9rt\u00e9st szenvedett, a b\u0171nt\u0151l azonban ment maradt. <\/em>(Zsid 4,15)<\/p>\n<p>Ha a szent\u00edr\u00e1snak ezeket a szavait figyelembe vessz\u00fck, azt kell mondanunk, hogy Krisztus mint h\u00edd a b\u0171n partj\u00e1n is \u00e1ll. A b\u0171n hordoz\u00f3ja lett, hogy innen, a b\u0171n oldal\u00e1r\u00f3l hidalja \u00e1t az Istent\u0151l elv\u00e1laszt\u00f3 szakad\u00e9kot \u00e9s hogy nek\u00fcnk, b\u0171n\u00f6s\u00f6knek utunk lehessen b\u0171neink bocs\u00e1nat\u00e1nak elnyer\u00e9s\u00e9hez s egyszersmind az \u00f6r\u00f6k \u00e9lethez.<\/p>\n<p>Hozz\u00e1nk j\u00f6tt, hogy hozz\u00e1 menj\u00fcnk! Krisztus hozz\u00e1nk, a mi oldalunkra j\u00f6tt, akik v\u00e9tkezt\u00fcnk. A mi oldalunkon tal\u00e1ljuk \u0151t, <em>aki \u00e9rett\u00fcnk a b\u0171n hordoz\u00f3j\u00e1v\u00e1 lett<\/em> \u2013 mag\u00e1ra vette b\u0171neinket (Ferenc p\u00e1pa) \u00e9s ha mi a szentgy\u00f3n\u00e1sban vele egyes\u00fcl\u00fcnk, akkor a mondat m\u00e1sodik r\u00e9sze is val\u00f3ra v\u00e1lik: hogy mi \u0151hozz\u00e1 menj\u00fcnk.\u00a0 Krisztus, a <em>mi H\u00eddunk<\/em> az \u0151 oldal\u00e1ra vezet minket \u2013 szenved\u00e9se \u00e9s keresztje \u00e1ltal az Aty\u00e1hoz, az \u00f6r\u00f6k \u00e9letre. S \u00edgy magasztaljuk felt\u00e1mad\u00e1s\u00e1t <em>Annak<\/em>, aki k\u00f6z\u00f6ss\u00e9gre l\u00e9pett vel\u00fcnk.<\/p>\n<p>A b\u0171nb\u00e1nat szents\u00e9g\u00e9n\u00e9l is megt\u00f6rt\u00e9nik az \u00dar megv\u00e1lt\u00f3 m\u0171v\u00e9re val\u00f3 eml\u00e9kez\u00e9s. Megd\u00f6bbent\u0151 a titok, mely abban rejlik, hogy Krisztus \u00fcdv\u00f6z\u00edt\u0151 m\u0171ve az emberben az ember \u00e1ltal val\u00f3sul meg.<\/p>\n<p><em>Mily nagy az Isten j\u00f3s\u00e1ga! Mily nagy a b\u0171neit megb\u00e1n\u00f3 b\u0171n\u00f6s m\u00e9lt\u00f3s\u00e1ga! Isten, aki az \u00f6r\u00f6kk\u00e9val\u00f3s\u00e1gban lakik, leereszkedik a b\u0171nb\u00e1n\u00f3 ember sz\u00edv\u00e9be, hogy ott lakj\u00e9k<\/em>. Isten irgalma nagyobb, mint a b\u0171n. Lehet\u0151v\u00e9 teszi a b\u0171n\u00f6snek azt is, hogy k\u00f6vesse Krisztust, aki \u0151t a b\u0171nt\u0151l megv\u00e1ltotta.<\/p>\n<p>A szentgy\u00f3n\u00e1sn\u00e1l k\u00f6vethetj\u00fck Szent \u00c1goston p\u00e9ld\u00e1j\u00e1t: legyen az confessio misericordiae \u00e9s confessio miseriae: egyszerre Isten irgalmass\u00e1g\u00e1nak \u00e9s a mi nyomor\u00fas\u00e1gunknak a megvall\u00e1sa. Hogyha m\u00e9g ezek ut\u00e1n is nehezemre esik a gy\u00f3ntat\u00f3sz\u00e9kbe l\u00e9pnem \u2013 \u00e9s kinek nem esik ez nehez\u00e9re! \u2013, akkor tekintsek fel a keresztre, hol minden a szeretet, az irgalom \u00e9s a megbocs\u00e1t\u00e1s nyelv\u00e9t besz\u00e9li: a kiterjesztett karok; az \u00e1tf\u00fart l\u00e1bak; a l\u00e1ndzs\u00e1val megnyitott sz\u00edv, a sz\u00e9lesre ny\u00edlt sz\u00edv; a lehajtott f\u0151, a v\u00e9r. Mintha ezt sugaln\u00e1k, hogy b\u0171n\u00f6s l\u00e9lek, mit kellene m\u00e9g tennem \u00e9rted, amit nem tettem m\u00e9g meg?<\/p>\n<p>Neveljem magamat! A j\u00f3l v\u00e9gzett szentgy\u00f3n\u00e1s meger\u0151s\u00edti d\u00f6nt\u00e9semet J\u00e9zus mellett. A rendszeres szentgy\u00f3n\u00e1s pedig seg\u00edt minket, hogy J\u00e9zus igazi tan\u00faiv\u00e1 nevelj\u00fck magunkat. Ez l\u00e9nyeg\u00e9ben tudatos \u00f6nnevel\u00e9s. K\u00f6vetelm\u00e9nyeket t\u00e1masztok saj\u00e1t magammal szemben \u00e9s ezeket tudatosan megval\u00f3s\u00edtom. Az els\u0151 feladat r\u00e1nevelni magamat arra, hogy mindig lelkiismeretem szerint cselekedjek, azt tegyem, amit J\u00e9zus tenne helyemben. Ez\u00e9rt tartunk rendszeres lelkiismeret-vizsg\u00e1latot: <em>Mit k\u00edv\u00e1n t\u0151lem J\u00e9zus, \u00e9s mit teszek \u00e9n? <\/em>Ha ezt mindennap \u00e1tgondolom, akkor mindig tudom, hogy mit kell tennem \u00e9s a szeretet fog ir\u00e1ny\u00edtani. Ehhez az \u00f6nnevel\u00e9shez sz\u00fcks\u00e9gem van az Isten \u00e9s az emberek seg\u00edts\u00e9g\u00e9re. Ezt kapom meg a j\u00f3l v\u00e9gzett szentgy\u00f3n\u00e1sban is.<\/p>\n<p>Ahogyan a j\u00f3l ismert t\u00e9kozl\u00f3 fi\u00fa t\u00f6rt\u00e9net\u00e9ben olvassuk, (Lk 15) az Atyaisten irgalma \u00e9s Krisztus kegyelme hat\u00e1rtalan: mindig keresi, h\u00edvja \u00e9s v\u00e1rja az elt\u00e9vedt b\u00e1r\u00e1nyt. Isten maga v\u00e1gyik arra, hogy megbocs\u00e1tson \u00e9s t\u00e9kozl\u00f3 gyermek\u00e9t \u00fajra mag\u00e1hoz \u00f6lelje. Ahhoz azonban, hogy r\u00e9szese lehessek e bocs\u00e1natnak, sz\u00fcks\u00e9ges, hogy sz\u00edvb\u0151l megb\u00e1njam b\u0171neimet, &#8211; amennyire lehet \u2013 j\u00f3v\u00e1 tegyem az okozott k\u00e1rt, megvalljam az Egyh\u00e1z k\u00e9pvisel\u0151je, a pap el\u0151tt b\u0171n\u00f6met \u00e9s k\u00e9rjem, hogy a Krisztust\u00f3l kapott meghatalmaz\u00e1s alapj\u00e1n megadja nekem a feloldoz\u00e1st. Ha ezt megkaptam, \u00fajra az \u00dar asztal\u00e1hoz j\u00e1rulhatok, mint az Egyh\u00e1z teljes jog\u00fa tagja, hiszen sz\u00edvemben \u00fajra ott lakozik az a szeretet, amelynek kifejez\u0151je az Eucharisztia lakom\u00e1ja.<\/p>\n<p>Az ember sz\u00e1m\u00e1ra az a legveszedelmesebb, ha elhiteti mag\u00e1val, hogy a rossz j\u00f3, a b\u0171n term\u00e9szetes, a lanyhas\u00e1g val\u00f3j\u00e1ban j\u00f3zans\u00e1g, a k\u00f6z\u00f6ny\u00f6ss\u00e9g alapvet\u0151en okoss\u00e1g. \u00c9letbev\u00e1g\u00f3an fontos, hogy bel\u00e1ssam: a rossz az rossz, de Isten j\u00f3s\u00e1g\u00e1ban bocs\u00e1natot nyerhet! A j\u00f3 szentgy\u00f3n\u00e1s tal\u00e1lkoz\u00e1s Krisztus irgalm\u00e1val, \u00e9s igaz \u00f6r\u00f6m forr\u00e1sa: bocs\u00e1natot kapva, megtisztulva \u00fajra nekiindulok az \u00fatnak, J\u00e9zus nyom\u00e1ban.<\/p>\n<p>Ugyanakkor Isten bocs\u00e1nat\u00e1nak felt\u00e9tele az egym\u00e1snak val\u00f3 megbocs\u00e1t\u00e1s. J\u00e9zus ezt ism\u00e9telten hangoztatta: <em>Ha megbocs\u00e1tj\u00e1tok az embereknek, amit v\u00e9tettek ellenetek, mennyei Aty\u00e1tok is megbocs\u00e1t nektek. De ha nem bocs\u00e1ttok meg az embereknek, Aty\u00e1tok sem bocs\u00e1tja meg b\u0171neiteket.<\/em> (Mt 6, 14-15) Aki tudja, mennyire r\u00e1szorul \u0151 maga is Isten irgalm\u00e1ra, maga is irgalmas lesz m\u00e1sok ir\u00e1nt, hisz minden nap im\u00e1dkozzuk: <em>bocs\u00e1sd meg a v\u00e9tkeinket, amint mi is megbocs\u00e1tottunk az ellen\u00fcnk v\u00e9tkez\u0151knek.<\/em> (Mt 6, 12)<\/p>\n<p>A b\u0171nb\u00e1nat szents\u00e9g\u00e9nek, a szentgy\u00f3n\u00e1snak az volna a rendeltet\u00e9se, hogy Isten bel\u00e9pjen \u00e9letembe \u00e9s megv\u00e1ltoztassa azt. Aki b\u0171n\u00f6sk\u00e9nt t\u00e9rdelt le, szentk\u00e9nt kel f\u00f6l. Aki a pusztul\u00e1ssal volt eljegyezve, most a Szenth\u00e1roms\u00e1g \u00e9let\u00e9t hordja mag\u00e1ban. <em>Mindenki, aki Krisztusban van, \u00faj teremtm\u00e9ny. A r\u00e9gi megsz\u0171nt, valami \u00faj val\u00f3sult meg<\/em>. (2Kor 5,17).<\/p>\n<p>A gy\u00f3ntat\u00f3sz\u00e9k az \u00faj teremt\u00e9s m\u0171helye.<\/p>\n<p>Sz\u00fcks\u00e9ges, hogy a szentgy\u00f3n\u00e1s megt\u00e9r\u00e9st jelentsen, vagyis elfordul\u00e1st a b\u0171nt\u0151l \u00e9s odafordul\u00e1st Istenhez, akit a j\u00f6v\u0151ben teljes sz\u00edv\u00fcnkb\u0151l t\u00f6reksz\u00fcnk szeretni. Egy \u00faj, term\u00e9szetf\u00f6l\u00f6tti \u00e9let kalandja \u00e1ll el\u0151tt\u00fcnk, a s\u00e1t\u00e1n veres\u00e9get szenvedett, Isten \u00f6r\u00f6me lakik benn\u00fcnk. Mer\u00edts\u00fcnk a kincsb\u0151l, amelyet hordozunk!<\/p>\n<p>J\u00e9zus Krisztus nyilv\u00e1nos m\u00fbk\u00f6d\u00e9s\u00e9nek idej\u00e9n isteni hatalm\u00e1val tan\u00edtott \u00e9s isteni erej\u00e9vel csod\u00e1kat m\u00fbvelt a n\u00e9p k\u00f6r\u00e9ben. A csod\u00e1k csod\u00e1ja, csod\u00e1inak betet\u00f5z\u00e9se L\u00e1z\u00e1r felt\u00e1maszt\u00e1sa. E csodatett\u00e9n\u00e9l isteni mivolta t\u00fals\u00e1gosan egy\u00e9rtelm\u00fb ahhoz, hogy a f\u00f5papok \u00e9s az \u00edr\u00e1stud\u00f3k elt\u00fbrj\u00e9k. Mindig is kerest\u00e9k az alkalmat, hogy hogyan tudn\u00e1nak J\u00e9zusnak keresztbe tenni, de amikor a felt\u00e1mad\u00e1si csod\u00e1r\u00f3l hallannak \u00e9s J\u00e9zus kijelent\u00e9s\u00e9r\u00f5l att\u00f3l <em>a napt\u00f3l elt\u00f6k\u00e9lt sz\u00e1nd\u00e9kuk volt, hogy meg\u00f6lik. <\/em>(Jn 11, 53) Itt J\u00e9zus nyilv\u00e1nos m\u00fbk\u00f6d\u00e9se v\u00e9get \u00e9r. Ezut\u00e1n m\u00e1r J\u00e9zus b\u00facs\u00fa besz\u00e9de, szenved\u00e9st\u00f6rt\u00e9nete \u00e9s felt\u00e1mad\u00e1sa k\u00f6vetkezik.<\/p>\n<p>J\u00e9zus nyilv\u00e1nos m\u00fbk\u00f6d\u00e9s\u00e9nek idej\u00e9n sokat tart\u00f3zkodott Bet\u00e1ni\u00e1ban, ennek a h\u00e1rom testv\u00e9rnek a h\u00e1z\u00e1ban sz\u00edvesen sz\u00e1llt meg, <em>szerette \u00f5ket<\/em>. (5.v) Amikor J\u00e9zus \u00fczenetet kap a n\u00f5v\u00e9rekt\u00f5l, hogy <em>Uram, akit szeretsz beteg <\/em>(Jn 11, 3b) nem emberi v\u00e1rakoz\u00e1sok szerint cselekszik. Azonnal nem indul \u00fatnak \u2013 hab\u00e1r szerette L\u00e1z\u00e1rt, akinek a neve annyit jelent, mint <em>az \u00dar az \u00e9n seg\u00edts\u00e9gem<\/em> \u2013 hanem a h\u00edr hallat\u00e1ra \u00edgy reag\u00e1l: <em>Ez a betegs\u00e9g nem okozza hal\u00e1l\u00e1t, hanem Isten dics\u00f5s\u00e9g\u00e9re lesz, hogy megdics\u00f5\u00fclj\u00f6n \u00e1ltala az Isten Fia. <\/em>(4.v.) J\u00e9zus, k\u00e9t napig m\u00e9g a Jord\u00e1non t\u00fal marad. Amikor indulni akar a tan\u00edtv\u00e1nyok megpr\u00f3b\u00e1lj\u00e1k lebesz\u00e9lni, mert a zsid\u00f3k most akart\u00e1k J\u00e9zust megk\u00f6vezni. (v\u00f6. 8.v.) <em>Amikor J\u00e9zus meg\u00e9rkezett, L\u00e1z\u00e1r m\u00e1r n\u00e9gy napja a s\u00edrban volt.<\/em> (17.v.)<\/p>\n<p><em>Amikor M\u00e1rta meghallotta, hogy J\u00e9zus k\u00f6zeledik, el\u00e9je sietett, M\u00e1ria pedig otthon maradt. Uram \u2013 sz\u00f3l\u00edtotta meg M\u00e1rta J\u00e9zust \u2013, ha itt lett\u00e9l volna, nem halt volna meg testv\u00e9rem. De most is tudom, hogy b\u00e1rmit k\u00e9rsz az Istent\u00f5l, megadja neked<\/em>. (20-22 v.) M\u00e1rta megsz\u00f3lal\u00e1sa egyszere kifejezi a J\u00e9zus ir\u00e1nti hit\u00e9t, bar\u00e1ti bizalm\u00e1t, de a szemreh\u00e1ny\u00e1s\u00e1t is. <em>J\u00e9zus megnyugtatta: Felt\u00e1mad testv\u00e9red. Tudom, hogy felt\u00e1mad \u2013 mondta M\u00e1rta \u2013 majd a felt\u00e1mad\u00e1skor, az utols\u00f3 napon. <\/em>(23. v.) M\u00e1rta vallja a felt\u00e1mad\u00e1sba vetett hitet, a farizeusok tan\u00edt\u00e1sa szerint. <em>J\u00e9zus \u00edgy folytatta: \u00c9n vagyok a felt\u00e1mad\u00e1s \u00e9s az \u00e9let. Aki hisz bennem, m\u00e9g ha meghal is, \u00e9lni fog. Az, aki \u00fagy \u00e9l, hogy hisz bennem, nem hal meg \u00f6r\u00f6kre. Hiszed ezt? Igen, Uram \u2013 felelte \u2013, hiszem, hogy te vagy a Messi\u00e1s, az Isten Fia, aki a vil\u00e1gba j\u00f6n. <\/em>(25-27.v.)<\/p>\n<p>M\u00e1rta n\u00f5v\u00e9r\u00e9t is h\u00edvja \u00e9s \u00d5 is tal\u00e1lkozik J\u00e9zussal. \u00cdgy sz\u00f3lal meg: Uram, <em>ha itt lett\u00e9l volna, nem halt volna meg testv\u00e9rem.<\/em> (32b) S\u00edr\u00e1suk l\u00e1tt\u00e1n, J\u00e9zus is <em>lelke m\u00e9ly\u00e9ig megrend\u00fclt<\/em>. (33.v.) <em>J\u00e9zus k\u00f6nnyekre fakadt.<\/em> (35.v.) J\u00e9zus k\u00e9r\u00e9s\u00e9re megmutatj\u00e1k, hogy hov\u00e1 temett\u00e9k. A csoda megt\u00e9tele el\u00f5tt h\u00e1l\u00e1t ad J\u00e9zus im\u00e1ds\u00e1g\u00e1ban az Aty\u00e1nak. Im\u00e1ds\u00e1ga ut\u00e1n hangosan ezt ki\u00e1ltotta: <em>L\u00e1z\u00e1r, j\u00f6jj ki! <\/em>\u00a0(43.v.) <em>A halott kij\u00f6tt.<\/em> (44.v.) Ez a hat\u00e1rozott h\u00edv\u00e1s minden kor ember\u00e9hez sz\u00f3l, mert a b\u00fbn k\u00f6vetkezm\u00e9nyek\u00e9nt mindny\u00e1junkra hal\u00e1l v\u00e1r. Ez a hang az \u00e9let Ur\u00e1nak a hangja, az\u00e9 az \u00dar\u00e9, aki a mai \u00f6r\u00f6mh\u00edrben hat\u00e1rozotts\u00e1ggal kijelenti \u00f6nmag\u00e1r\u00f3l, hogy <em>\u00c9n vagyok a felt\u00e1mad\u00e1s \u00e9s az \u00e9let. Aki hisz bennem, m\u00e9g ha meghal is, \u00e9lni fog. Az, aki \u00fagy \u00e9l, hogy hisz bennem, nem hal meg \u00f6r\u00f6kre. <\/em>(25.v.) J\u00e9zus azt akarja, hogy mindenkinek \u00e9lete legyen \u00e9s az b\u00f5s\u00e9gben legyen. (v\u00f6. Jn 10,10)<\/p>\n<p>B\u00fbneim, t\u00e9ved\u00e9seim, a s\u00e1t\u00e1nnak val\u00f3 engedelmess\u00e9geim s\u00edrboltot \u00e9p\u00edtenek sz\u00e1momra. De J\u00e9zus ebbe nem t\u00f6r\u00f5dik bele!!! Arra <em>sz\u00f3l\u00edt a mai vas\u00e1rnapon, hogy a b\u00fbn \u00e1ltal \u00e9p\u00edtett s\u00edromb\u00f3l l\u00e9pjek ki. Folyamatosan h\u00edv. J\u00f6jj ki! <\/em><\/p>\n<p>Aki tudatosan, sz\u00edvvel-l\u00e9lekkel \u00e9li kereszt\u00e9ny \u00e9let\u00e9t, elfogadja Krisztus Urunk szent ig\u00e9it, m\u00e9g annak az embernek is, elgondolkodtat\u00f3 a mai \u00f6r\u00f6mh\u00edr. \u00a0L\u00e1z\u00e1r felt\u00e1maszt\u00e1s\u00e1nak t\u00f6rt\u00e9nete \u00edgy fejez\u00f5dik be: <em>A zsid\u00f3k k\u00f6z\u00fcl, akik felkerest\u00e9k M\u00e1ri\u00e1t, sokan l\u00e1tt\u00e1k, amit J\u00e9zus v\u00e9gbevitt, \u00e9s hittek benne.<\/em> (Jn 11,45). J\u00e9zus t\u00f6rt\u00e9nete viszont folytat\u00f3dik, hisz megtudjuk, hogy sokan hittek benne. R\u00e1 kell d\u00f6bbennem, hogy a J\u00e9zusba vetett hit nem csup\u00e1n igazs\u00e1gok, hitt\u00e9telek elfogad\u00e1sa, nem is csak bizalom, nem csup\u00e1n erk\u00f6lcsi d\u00f6nt\u00e9s, hogy eg\u00e9sz f\u00f6ldi \u00e9letemet tan\u00edt\u00e1s\u00e1ra \u00e9p\u00edtem, hanem \u2013 J\u00e9zusba vetett hitem \u2013 a dics\u00f5s\u00e9ges felt\u00e1mad\u00e1s kezdete. Felt\u00e1mad\u00e1sunk m\u00e1r akkor elkezd\u00f5dik, amikor engedelmesked\u00fcnk J\u00e9zus e parancs\u00e1nak, hogy <em>J\u00f6jj ki!<\/em> J\u00f6jj ki a b\u00fbn s\u00f6t\u00e9ts\u00e9g\u00e9b\u00f5l az \u00e9letre. Engedjem, hogy a b\u00fbn \u00e1ltal k\u00e9sz\u00edtett \u00e1llarcaim lehuljanak r\u00f3lam \u00e9s \u00fajb\u00f3l tal\u00e1ljam meg Isten k\u00e9p\u00e9re \u00e9s hasonlatoss\u00e1g\u00e1ra teremtett arcomat.<\/p>\n<p>Az \u00e9letemben, munk\u00e1mban tapasztalom, hogyha valaki megdics\u00e9r, elismer engem, szeretet\u00e9t kinyilv\u00e1n\u00edtja ez igen j\u00f3 \u00e9rz\u00e9ssel t\u00f6lt el. A mai vas\u00e1rnapon J\u00e9zus sz\u00f3l hozz\u00e1d, hozz\u00e1m, kinyilv\u00e1n\u00edtja szeretet\u00e9t. Szeretet\u00e9nek nemcsak a csoda a jele, hanem hozz\u00e1nk int\u00e9zett szavai is. Szavainak hogyha hiszek, a legnagyobb v\u00e1ltoz\u00e1sok mennek v\u00e9gbe bennem. <em>Aki bennem hisz, m\u00e9g ha meghalt is, \u00e9lni fog<\/em> (25.v.) \u2013 mert az az \u00e9let, amelyet hittel fogadott szavai el\u00f5id\u00e9znek bennem, nincsenek al\u00e1vetve a biol\u00f3giai hal\u00e1lnak. Ez a mai \u00f6r\u00f6mh\u00edr k\u00f6zponti \u00fczenete: az \u00f6r\u00f6k \u00e9let. J\u00e9zus a f\u00f5papi im\u00e1j\u00e1ban \u00edgy im\u00e1dkozik: <em>Az az \u00f6r\u00f6k \u00e9let, hogy ismerjenek t\u00e9ged, az egyed\u00fcli igaz Istent \u00e9s akit k\u00fcldt\u00e9l, J\u00e9zus Krisztust. <\/em>(Jn 17,3) Isten megismerhet\u00f5, \u00fagy, ahogyan \u00f5 kinyilatkoztatja mag\u00e1t.<\/p>\n<p>J\u00e9zus Krisztus felfedte kil\u00e9t\u00e9t, m\u00e9gis f\u00e9lnek a f\u00f5papok \u00e9s az \u00edr\u00e1stud\u00f3k, hogy megsz\u00e9d\u00edti a zsid\u00f3 n\u00e9pet \u00e9s hinni fognak neki. Sokan felismert\u00e9k, hogy val\u00f3ban az \u00dcdv\u00f6z\u00edt\u00f5, de nem mindny\u00e1ja, hallottuk az \u00f6r\u00f6mh\u00edrb\u00f5l.<\/p>\n<p>A h\u00e9tk\u00f6znapi \u00e9letb\u00f5l szeretn\u00e9m kiemelni, hogy hogyan ismer\u00fcnk mi meg egy m\u00e1sik embert? Pl. ha valaki besz\u00e9l az illet\u00f5r\u00f5l; tetteib\u00f5l; viselked\u00e9s\u00e9b\u00f5l; megnyilv\u00e1nul\u00e1saib\u00f3l ismereteket szerz\u00fcnk r\u00f3la. Szem\u00e9lyesebb, hogy tal\u00e1lkozunk, besz\u00e9lget\u00fcnk. Biztosabb megismer\u00e9s, amelyet egy magyar mond\u00e1s tal\u00e1l\u00f3an kifejez, hogy <em>lakva ismeri meg az ember a m\u00e1sikat. <\/em>A Szent\u00edr\u00e1s tan\u00edt\u00e1sa szerint az Isten egy\u00fctt akar lakni az emberrel.<\/p>\n<p>Isten ismeret\u00e9r\u00f5l, felismer\u00e9s\u00e9r\u00f5l elm\u00e9lkedt\u00fcnk a csendes napok keret\u00e9ben. Ez\u00e9rt j\u00f6tt\u00fcnk <em>nagyb\u00f6jt puszt\u00e1j\u00e1ban<\/em>, hogy Istenre figyelj\u00fcnk, hogy felfedezz\u00fck a puszta, a csend gazdag \u00fczenet\u00e9t, hogy mag\u00e1nyoss\u00e1gomba bel\u00e9pjen J\u00e9zus, a k\u00eds\u00e9rt\u00e9sekben is higgyek benne, b\u00fbneim ellen\u00e9re is mennyire szeret engem, hogy a b\u00fbnt elit\u00e9li, de a b\u00fbn\u00f6st nem. Az \u00f6r\u00f6k \u00e9letre vezet\u00f5 \u00faton haladtunk.<\/p>\n<p>Ma J\u00e9zus szavaiban l\u00e1thatjuk j\u00f3s\u00e1gos Isten\u00fcnk k\u00f6zels\u00e9g\u00e9t. Isten milyen figyelmes \u00e9s gy\u00f6ng\u00e9d L\u00e1z\u00e1rral \u00e9s testv\u00e9reivel. Milyen egy\u00fctt \u00e9rz\u0151. K\u00f6nnyekre fakadt. L\u00e1tjuk, hogyan b\u00e1nik P\u00e9terrel. K\u00e9telked\u0151 Tam\u00e1ssal \u00e9s az \u00e1rul\u00f3 J\u00fad\u00e1ssal&#8230; Mindenkivel m\u00e1sk\u00e9ppen! Nyugodj\u00e1l meg, T\u00e9ged is ismer \u00e9s neveden sz\u00f3l\u00edt&#8230; L\u00e1t t\u00e9ged, mert \u0150 teremtett. Ismeri \u00e9rz\u00e9seidet \u00e9s gondolataidat. Ismeri v\u00e1gyaidat \u00e9s hajlamaidat. Ismeri er\u0151det \u00e9s er\u0151tlens\u00e9gedet. L\u00e1t az \u00f6r\u00f6m \u00e9s b\u00e1nat napjaiban. R\u00e9szt vesz \u00f6r\u00f6meidben, rem\u00e9nys\u00e9geidben \u00e9s b\u00e1natos megpr\u00f3b\u00e1ltat\u00e1saidban egyar\u00e1nt! Megsz\u00e1ml\u00e1lta hajad sz\u00e1l\u00e1t \u00e9s karj\u00e1ban tart t\u00e9ged. Felemel, majd letesz, figyeli arcodat, mosolyogsz-e vagy k\u00f6nnyben \u00faszik-e szemed! Oh milyen vigasztal\u00f3 \u00e9s felemel\u0151 erre gondolni, hogy nemcsak teremtm\u00e9nye vagy, hanem megv\u00e1ltott, megszentelt, az \u00f6r\u00f6k \u00e9letre megh\u00edvott gyermek vagy!<\/p>\n<p>&nbsp;<\/p>\n<p>\u2026 lehet, hogy valaki a felt\u00e1masztott L\u00e1z\u00e1rt fedezte fel \u00f6nmag\u00e1ban, akit tal\u00e1n J\u00e9zus \u00e9ppen itt \u00e9s ma keltett \u00faj \u00e9letre a b\u0171nb\u0151l vagy a hitetlens\u00e9gb\u0151l. J\u00e9zus a modern id\u0151k forgatag\u00e1ban is sok csod\u00e1t m\u0171vel: Szentlelk\u00e9vel \u0150 ma is \u00faj \u00e9letre t\u00e1masztja az embereket.<\/p>\n<p>&nbsp;<\/p>\n<p>P.<em>F\u0151cze Bonaventura OFM<\/em><\/p>\n","protected":false},"excerpt":{"rendered":"<p>I. A mai est\u00e9n arra h\u00edvlak, hogy vonuljunk el nagyb\u00f6jt puszt\u00e1j\u00e1ba, fedezz\u00fck fel \u00e9let\u00fcnkben a puszta csendj\u00e9t. Ebben az id\u0151szakban, amikor tudatosabban is kereszt\u00e9nys\u00e9g\u00fcnk legnagyobb \u00fcnnep\u00e9re k\u00e9sz\u00fcl\u00fcnk sz\u00fcks\u00e9g\u00fcnk van a puszt\u00e1ba vonul\u00e1shoz, az elcsendesed\u00e9shez. Egyh\u00e1zunk t\u00f6rt\u00e9nelm\u00e9b\u0151l sokakat ismer\u00fcnk, akik t\u00e9nylegesen kivonultak a puszt\u00e1ba, a sivatagba, vagy legal\u00e1bbis elvonultak a vil\u00e1gb\u00f3l\/- t\u00f3l, hogy remetes\u00e9gben \u00e9ljenek. Nek\u00fcnk tal\u00e1n nem ebben az \u00e9rtelemben kell elvonulnunk a vil\u00e1gt\u00f3l, hanem l\u00e9lekben kell megkeresn\u00fcnk a b\u00f6jt, az im\u00e1ds\u00e1g \u00e9s az elm\u00e9lked\u00e9s hely\u00e9t az \u00e9let\u00fcnkben. Val\u00f3ban, nem kell nek\u00fcnk a puszt\u00e1ba menn\u00fcnk, hisz pusztas\u00e1g, sz\u00e1razs\u00e1g, sokszor lelki sz\u00e1razs\u00e1g az \u00e9let\u00fcnk, ez azonban nem v\u00e9gzet, nem v\u00e9letlen, hanem \u00fat a c\u00e9l fel\u00e9. De ne feledjem, hogy a puszta az Istennel val\u00f3 tal\u00e1lkoz\u00e1s helye. A puszt\u00e1ban, a l\u00e9lek csendj\u00e9ben felfedezz\u00fck, r\u00e1d\u00f6bben\u00fcnk arra, hogy Isten kez\u00e9ben vagyunk \u00e9s r\u00e1b\u00edzzuk magunkat Gondvisel\u0151 szeretet\u00e9re. A ma embere f\u00e9l a puszt\u00e1t\u00f3l, a mag\u00e1nyt\u00f3l. Nagyb\u00f6jt a puszt\u00e1ba vonul\u00e1s ideje. Ne f\u00e9lj\u00fcnk t\u0151le. Fogjuk meg J\u00e9zus kez\u00e9t \u00e9s l\u00e9pj\u00fcnk be vele lelk\u00fcnk mag\u00e1ny\u00e1ba, ahol ism\u00e9t meghallhatjuk a puszta gazdag \u00fczenet\u00e9t. Mindannyiunk sz\u00e1m\u00e1ra j\u00f3l ismert Antoine de Saint-Exup\u00e9ry A Kis Herceg gyermekreg\u00e9nye. A szerz\u0151 nagy igazs\u00e1got sz\u00f3laltat meg, amikor \u00edgy sz\u00f3l a Kis Herceg: Az teszi sz\u00e9pp\u00e9 a sivatagot, a puszt\u00e1t (&#8230;), hogy valahol egy kutat rejt. (24. fejezet) Lelki mag\u00e1nyomban, saj\u00e1t \u00e9letem puszt\u00e1j\u00e1ban is ott van az \u00f6r\u00f6k \u00e9letre sz\u00f6kell\u0151 v\u00edzforr\u00e1s, velem van szeret\u0151 Isten\u00fcnk, hisz \u0150 egy pillanatra sem feledkezik meg r\u00f3lunk. Ezekben a napokban vonuljak el lelkem puszt\u00e1j\u00e1ba, mag\u00e1ny\u00e1ba, ne f\u00e9ljek szemben\u00e9zni gyenges\u00e9geimmel, f\u00e9lelmeimmel, hanem merjek tal\u00e1lkozni Istennel. J\u00f3llehet, hogy a puszta, a saj\u00e1t bens\u0151 vil\u00e1gomba val\u00f3 fordul\u00e1s megpr\u00f3b\u00e1l. Tartsam szem el\u0151tt, hogy a puszta kop\u00e1rnak, sivatagnak, szeg\u00e9nynek t\u0171nik, de nagy gazdags\u00e1got rejt. A puszta bibliai fogalomk\u00e9nt nem egy f\u00f6ldrajzi helyre gondol csup\u00e1n, hanem a pr\u00f3bat\u00e9tel idej\u00e9re. A Szent\u00edr\u00e1sb\u00f3l tudjuk, hogy \u00c1brah\u00e1m elhagyja v\u00e1ros\u00e1t, hogy megismerje Istent \u00e9s \u00f6nmag\u00e1t. M\u00f3zes kimegy a puszt\u00e1ba,&#8230; <\/p>\n<p><a class=\"readmore\" href=\"https:\/\/stuttgarti-katolikusok.de\/index.php\/p-focze-bonaventura-nagybojt-pusztajaban\/\">R\u00e9szletek<\/a><\/p>\n","protected":false},"author":3,"featured_media":0,"comment_status":"closed","ping_status":"closed","sticky":false,"template":"","format":"standard","meta":{"footnotes":""},"categories":[1],"tags":[],"class_list":["post-11646","post","type-post","status-publish","format-standard","hentry","category-valogatott"],"yoast_head":"<!-- This site is optimized with the Yoast SEO plugin v27.3 - https:\/\/yoast.com\/product\/yoast-seo-wordpress\/ -->\n<title>P. F\u0151cze Bonaventura: Nagyb\u00f6jt puszt\u00e1j\u00e1ban - Stuttgarti Katolikusok<\/title>\n<meta name=\"robots\" content=\"index, follow, max-snippet:-1, max-image-preview:large, max-video-preview:-1\" \/>\n<link rel=\"canonical\" href=\"https:\/\/stuttgarti-katolikusok.de\/index.php\/p-focze-bonaventura-nagybojt-pusztajaban\/\" \/>\n<meta property=\"og:locale\" content=\"hu_HU\" \/>\n<meta property=\"og:type\" content=\"article\" \/>\n<meta property=\"og:title\" content=\"P. F\u0151cze Bonaventura: Nagyb\u00f6jt puszt\u00e1j\u00e1ban - Stuttgarti Katolikusok\" \/>\n<meta property=\"og:description\" content=\"I. A mai est\u00e9n arra h\u00edvlak, hogy vonuljunk el nagyb\u00f6jt puszt\u00e1j\u00e1ba, fedezz\u00fck fel \u00e9let\u00fcnkben a puszta csendj\u00e9t. Ebben az id\u0151szakban, amikor tudatosabban is kereszt\u00e9nys\u00e9g\u00fcnk legnagyobb \u00fcnnep\u00e9re k\u00e9sz\u00fcl\u00fcnk sz\u00fcks\u00e9g\u00fcnk van a puszt\u00e1ba vonul\u00e1shoz, az elcsendesed\u00e9shez. Egyh\u00e1zunk t\u00f6rt\u00e9nelm\u00e9b\u0151l sokakat ismer\u00fcnk, akik t\u00e9nylegesen kivonultak a puszt\u00e1ba, a sivatagba, vagy legal\u00e1bbis elvonultak a vil\u00e1gb\u00f3l\/- t\u00f3l, hogy remetes\u00e9gben \u00e9ljenek. Nek\u00fcnk tal\u00e1n nem ebben az \u00e9rtelemben kell elvonulnunk a vil\u00e1gt\u00f3l, hanem l\u00e9lekben kell megkeresn\u00fcnk a b\u00f6jt, az im\u00e1ds\u00e1g \u00e9s az elm\u00e9lked\u00e9s hely\u00e9t az \u00e9let\u00fcnkben. Val\u00f3ban, nem kell nek\u00fcnk a puszt\u00e1ba menn\u00fcnk, hisz pusztas\u00e1g, sz\u00e1razs\u00e1g, sokszor lelki sz\u00e1razs\u00e1g az \u00e9let\u00fcnk, ez azonban nem v\u00e9gzet, nem v\u00e9letlen, hanem \u00fat a c\u00e9l fel\u00e9. De ne feledjem, hogy a puszta az Istennel val\u00f3 tal\u00e1lkoz\u00e1s helye. A puszt\u00e1ban, a l\u00e9lek csendj\u00e9ben felfedezz\u00fck, r\u00e1d\u00f6bben\u00fcnk arra, hogy Isten kez\u00e9ben vagyunk \u00e9s r\u00e1b\u00edzzuk magunkat Gondvisel\u0151 szeretet\u00e9re. A ma embere f\u00e9l a puszt\u00e1t\u00f3l, a mag\u00e1nyt\u00f3l. Nagyb\u00f6jt a puszt\u00e1ba vonul\u00e1s ideje. Ne f\u00e9lj\u00fcnk t\u0151le. Fogjuk meg J\u00e9zus kez\u00e9t \u00e9s l\u00e9pj\u00fcnk be vele lelk\u00fcnk mag\u00e1ny\u00e1ba, ahol ism\u00e9t meghallhatjuk a puszta gazdag \u00fczenet\u00e9t. Mindannyiunk sz\u00e1m\u00e1ra j\u00f3l ismert Antoine de Saint-Exup\u00e9ry A Kis Herceg gyermekreg\u00e9nye. A szerz\u0151 nagy igazs\u00e1got sz\u00f3laltat meg, amikor \u00edgy sz\u00f3l a Kis Herceg: Az teszi sz\u00e9pp\u00e9 a sivatagot, a puszt\u00e1t (&#8230;), hogy valahol egy kutat rejt. (24. fejezet) Lelki mag\u00e1nyomban, saj\u00e1t \u00e9letem puszt\u00e1j\u00e1ban is ott van az \u00f6r\u00f6k \u00e9letre sz\u00f6kell\u0151 v\u00edzforr\u00e1s, velem van szeret\u0151 Isten\u00fcnk, hisz \u0150 egy pillanatra sem feledkezik meg r\u00f3lunk. Ezekben a napokban vonuljak el lelkem puszt\u00e1j\u00e1ba, mag\u00e1ny\u00e1ba, ne f\u00e9ljek szemben\u00e9zni gyenges\u00e9geimmel, f\u00e9lelmeimmel, hanem merjek tal\u00e1lkozni Istennel. J\u00f3llehet, hogy a puszta, a saj\u00e1t bens\u0151 vil\u00e1gomba val\u00f3 fordul\u00e1s megpr\u00f3b\u00e1l. Tartsam szem el\u0151tt, hogy a puszta kop\u00e1rnak, sivatagnak, szeg\u00e9nynek t\u0171nik, de nagy gazdags\u00e1got rejt. A puszta bibliai fogalomk\u00e9nt nem egy f\u00f6ldrajzi helyre gondol csup\u00e1n, hanem a pr\u00f3bat\u00e9tel idej\u00e9re. A Szent\u00edr\u00e1sb\u00f3l tudjuk, hogy \u00c1brah\u00e1m elhagyja v\u00e1ros\u00e1t, hogy megismerje Istent \u00e9s \u00f6nmag\u00e1t. M\u00f3zes kimegy a puszt\u00e1ba,... R\u00e9szletek\" \/>\n<meta property=\"og:url\" content=\"https:\/\/stuttgarti-katolikusok.de\/index.php\/p-focze-bonaventura-nagybojt-pusztajaban\/\" \/>\n<meta property=\"og:site_name\" content=\"Stuttgarti Katolikusok\" \/>\n<meta property=\"article:published_time\" content=\"2017-04-03T06:26:40+00:00\" \/>\n<meta property=\"article:modified_time\" content=\"2019-10-23T10:45:12+00:00\" \/>\n<meta name=\"author\" content=\"Tibor atya\" \/>\n<meta name=\"twitter:card\" content=\"summary_large_image\" \/>\n<meta name=\"twitter:label1\" content=\"Szerz\u0151:\" \/>\n\t<meta name=\"twitter:data1\" content=\"Tibor atya\" \/>\n\t<meta name=\"twitter:label2\" content=\"Becs\u00fclt olvas\u00e1si id\u0151\" \/>\n\t<meta name=\"twitter:data2\" content=\"73 perc\" \/>\n<script type=\"application\/ld+json\" class=\"yoast-schema-graph\">{\"@context\":\"https:\\\/\\\/schema.org\",\"@graph\":[{\"@type\":\"Article\",\"@id\":\"https:\\\/\\\/stuttgarti-katolikusok.de\\\/index.php\\\/p-focze-bonaventura-nagybojt-pusztajaban\\\/#article\",\"isPartOf\":{\"@id\":\"https:\\\/\\\/stuttgarti-katolikusok.de\\\/index.php\\\/p-focze-bonaventura-nagybojt-pusztajaban\\\/\"},\"author\":{\"name\":\"Tibor atya\",\"@id\":\"https:\\\/\\\/stuttgarti-katolikusok.de\\\/#\\\/schema\\\/person\\\/75908d6f8fdc03a57889d27209df7795\"},\"headline\":\"P. F\u0151cze Bonaventura: Nagyb\u00f6jt puszt\u00e1j\u00e1ban\",\"datePublished\":\"2017-04-03T06:26:40+00:00\",\"dateModified\":\"2019-10-23T10:45:12+00:00\",\"mainEntityOfPage\":{\"@id\":\"https:\\\/\\\/stuttgarti-katolikusok.de\\\/index.php\\\/p-focze-bonaventura-nagybojt-pusztajaban\\\/\"},\"wordCount\":14576,\"articleSection\":[\"V\u00e1logatott \u00edr\u00e1sok\"],\"inLanguage\":\"hu\"},{\"@type\":\"WebPage\",\"@id\":\"https:\\\/\\\/stuttgarti-katolikusok.de\\\/index.php\\\/p-focze-bonaventura-nagybojt-pusztajaban\\\/\",\"url\":\"https:\\\/\\\/stuttgarti-katolikusok.de\\\/index.php\\\/p-focze-bonaventura-nagybojt-pusztajaban\\\/\",\"name\":\"P. F\u0151cze Bonaventura: Nagyb\u00f6jt puszt\u00e1j\u00e1ban - Stuttgarti Katolikusok\",\"isPartOf\":{\"@id\":\"https:\\\/\\\/stuttgarti-katolikusok.de\\\/#website\"},\"datePublished\":\"2017-04-03T06:26:40+00:00\",\"dateModified\":\"2019-10-23T10:45:12+00:00\",\"author\":{\"@id\":\"https:\\\/\\\/stuttgarti-katolikusok.de\\\/#\\\/schema\\\/person\\\/75908d6f8fdc03a57889d27209df7795\"},\"breadcrumb\":{\"@id\":\"https:\\\/\\\/stuttgarti-katolikusok.de\\\/index.php\\\/p-focze-bonaventura-nagybojt-pusztajaban\\\/#breadcrumb\"},\"inLanguage\":\"hu\",\"potentialAction\":[{\"@type\":\"ReadAction\",\"target\":[\"https:\\\/\\\/stuttgarti-katolikusok.de\\\/index.php\\\/p-focze-bonaventura-nagybojt-pusztajaban\\\/\"]}]},{\"@type\":\"BreadcrumbList\",\"@id\":\"https:\\\/\\\/stuttgarti-katolikusok.de\\\/index.php\\\/p-focze-bonaventura-nagybojt-pusztajaban\\\/#breadcrumb\",\"itemListElement\":[{\"@type\":\"ListItem\",\"position\":1,\"name\":\"Kezd\u0151lap\",\"item\":\"https:\\\/\\\/stuttgarti-katolikusok.de\\\/\"},{\"@type\":\"ListItem\",\"position\":2,\"name\":\"P. F\u0151cze Bonaventura: Nagyb\u00f6jt puszt\u00e1j\u00e1ban\"}]},{\"@type\":\"WebSite\",\"@id\":\"https:\\\/\\\/stuttgarti-katolikusok.de\\\/#website\",\"url\":\"https:\\\/\\\/stuttgarti-katolikusok.de\\\/\",\"name\":\"Stuttgarti Katolikusok\",\"description\":\"\",\"potentialAction\":[{\"@type\":\"SearchAction\",\"target\":{\"@type\":\"EntryPoint\",\"urlTemplate\":\"https:\\\/\\\/stuttgarti-katolikusok.de\\\/?s={search_term_string}\"},\"query-input\":{\"@type\":\"PropertyValueSpecification\",\"valueRequired\":true,\"valueName\":\"search_term_string\"}}],\"inLanguage\":\"hu\"},{\"@type\":\"Person\",\"@id\":\"https:\\\/\\\/stuttgarti-katolikusok.de\\\/#\\\/schema\\\/person\\\/75908d6f8fdc03a57889d27209df7795\",\"name\":\"Tibor atya\",\"image\":{\"@type\":\"ImageObject\",\"inLanguage\":\"hu\",\"@id\":\"https:\\\/\\\/secure.gravatar.com\\\/avatar\\\/61d268e57d1f4525b111222e29d2d5a7f8c420fdbf231ba5566a8ceac74fa960?s=96&d=mm&r=g\",\"url\":\"https:\\\/\\\/secure.gravatar.com\\\/avatar\\\/61d268e57d1f4525b111222e29d2d5a7f8c420fdbf231ba5566a8ceac74fa960?s=96&d=mm&r=g\",\"contentUrl\":\"https:\\\/\\\/secure.gravatar.com\\\/avatar\\\/61d268e57d1f4525b111222e29d2d5a7f8c420fdbf231ba5566a8ceac74fa960?s=96&d=mm&r=g\",\"caption\":\"Tibor atya\"},\"url\":\"https:\\\/\\\/stuttgarti-katolikusok.de\\\/index.php\\\/author\\\/tibor-atya\\\/\"}]}<\/script>\n<!-- \/ Yoast SEO plugin. -->","yoast_head_json":{"title":"P. F\u0151cze Bonaventura: Nagyb\u00f6jt puszt\u00e1j\u00e1ban - Stuttgarti Katolikusok","robots":{"index":"index","follow":"follow","max-snippet":"max-snippet:-1","max-image-preview":"max-image-preview:large","max-video-preview":"max-video-preview:-1"},"canonical":"https:\/\/stuttgarti-katolikusok.de\/index.php\/p-focze-bonaventura-nagybojt-pusztajaban\/","og_locale":"hu_HU","og_type":"article","og_title":"P. F\u0151cze Bonaventura: Nagyb\u00f6jt puszt\u00e1j\u00e1ban - Stuttgarti Katolikusok","og_description":"I. A mai est\u00e9n arra h\u00edvlak, hogy vonuljunk el nagyb\u00f6jt puszt\u00e1j\u00e1ba, fedezz\u00fck fel \u00e9let\u00fcnkben a puszta csendj\u00e9t. Ebben az id\u0151szakban, amikor tudatosabban is kereszt\u00e9nys\u00e9g\u00fcnk legnagyobb \u00fcnnep\u00e9re k\u00e9sz\u00fcl\u00fcnk sz\u00fcks\u00e9g\u00fcnk van a puszt\u00e1ba vonul\u00e1shoz, az elcsendesed\u00e9shez. Egyh\u00e1zunk t\u00f6rt\u00e9nelm\u00e9b\u0151l sokakat ismer\u00fcnk, akik t\u00e9nylegesen kivonultak a puszt\u00e1ba, a sivatagba, vagy legal\u00e1bbis elvonultak a vil\u00e1gb\u00f3l\/- t\u00f3l, hogy remetes\u00e9gben \u00e9ljenek. Nek\u00fcnk tal\u00e1n nem ebben az \u00e9rtelemben kell elvonulnunk a vil\u00e1gt\u00f3l, hanem l\u00e9lekben kell megkeresn\u00fcnk a b\u00f6jt, az im\u00e1ds\u00e1g \u00e9s az elm\u00e9lked\u00e9s hely\u00e9t az \u00e9let\u00fcnkben. Val\u00f3ban, nem kell nek\u00fcnk a puszt\u00e1ba menn\u00fcnk, hisz pusztas\u00e1g, sz\u00e1razs\u00e1g, sokszor lelki sz\u00e1razs\u00e1g az \u00e9let\u00fcnk, ez azonban nem v\u00e9gzet, nem v\u00e9letlen, hanem \u00fat a c\u00e9l fel\u00e9. De ne feledjem, hogy a puszta az Istennel val\u00f3 tal\u00e1lkoz\u00e1s helye. A puszt\u00e1ban, a l\u00e9lek csendj\u00e9ben felfedezz\u00fck, r\u00e1d\u00f6bben\u00fcnk arra, hogy Isten kez\u00e9ben vagyunk \u00e9s r\u00e1b\u00edzzuk magunkat Gondvisel\u0151 szeretet\u00e9re. A ma embere f\u00e9l a puszt\u00e1t\u00f3l, a mag\u00e1nyt\u00f3l. Nagyb\u00f6jt a puszt\u00e1ba vonul\u00e1s ideje. Ne f\u00e9lj\u00fcnk t\u0151le. Fogjuk meg J\u00e9zus kez\u00e9t \u00e9s l\u00e9pj\u00fcnk be vele lelk\u00fcnk mag\u00e1ny\u00e1ba, ahol ism\u00e9t meghallhatjuk a puszta gazdag \u00fczenet\u00e9t. Mindannyiunk sz\u00e1m\u00e1ra j\u00f3l ismert Antoine de Saint-Exup\u00e9ry A Kis Herceg gyermekreg\u00e9nye. A szerz\u0151 nagy igazs\u00e1got sz\u00f3laltat meg, amikor \u00edgy sz\u00f3l a Kis Herceg: Az teszi sz\u00e9pp\u00e9 a sivatagot, a puszt\u00e1t (&#8230;), hogy valahol egy kutat rejt. (24. fejezet) Lelki mag\u00e1nyomban, saj\u00e1t \u00e9letem puszt\u00e1j\u00e1ban is ott van az \u00f6r\u00f6k \u00e9letre sz\u00f6kell\u0151 v\u00edzforr\u00e1s, velem van szeret\u0151 Isten\u00fcnk, hisz \u0150 egy pillanatra sem feledkezik meg r\u00f3lunk. Ezekben a napokban vonuljak el lelkem puszt\u00e1j\u00e1ba, mag\u00e1ny\u00e1ba, ne f\u00e9ljek szemben\u00e9zni gyenges\u00e9geimmel, f\u00e9lelmeimmel, hanem merjek tal\u00e1lkozni Istennel. J\u00f3llehet, hogy a puszta, a saj\u00e1t bens\u0151 vil\u00e1gomba val\u00f3 fordul\u00e1s megpr\u00f3b\u00e1l. Tartsam szem el\u0151tt, hogy a puszta kop\u00e1rnak, sivatagnak, szeg\u00e9nynek t\u0171nik, de nagy gazdags\u00e1got rejt. A puszta bibliai fogalomk\u00e9nt nem egy f\u00f6ldrajzi helyre gondol csup\u00e1n, hanem a pr\u00f3bat\u00e9tel idej\u00e9re. A Szent\u00edr\u00e1sb\u00f3l tudjuk, hogy \u00c1brah\u00e1m elhagyja v\u00e1ros\u00e1t, hogy megismerje Istent \u00e9s \u00f6nmag\u00e1t. M\u00f3zes kimegy a puszt\u00e1ba,... R\u00e9szletek","og_url":"https:\/\/stuttgarti-katolikusok.de\/index.php\/p-focze-bonaventura-nagybojt-pusztajaban\/","og_site_name":"Stuttgarti Katolikusok","article_published_time":"2017-04-03T06:26:40+00:00","article_modified_time":"2019-10-23T10:45:12+00:00","author":"Tibor atya","twitter_card":"summary_large_image","twitter_misc":{"Szerz\u0151:":"Tibor atya","Becs\u00fclt olvas\u00e1si id\u0151":"73 perc"},"schema":{"@context":"https:\/\/schema.org","@graph":[{"@type":"Article","@id":"https:\/\/stuttgarti-katolikusok.de\/index.php\/p-focze-bonaventura-nagybojt-pusztajaban\/#article","isPartOf":{"@id":"https:\/\/stuttgarti-katolikusok.de\/index.php\/p-focze-bonaventura-nagybojt-pusztajaban\/"},"author":{"name":"Tibor atya","@id":"https:\/\/stuttgarti-katolikusok.de\/#\/schema\/person\/75908d6f8fdc03a57889d27209df7795"},"headline":"P. F\u0151cze Bonaventura: Nagyb\u00f6jt puszt\u00e1j\u00e1ban","datePublished":"2017-04-03T06:26:40+00:00","dateModified":"2019-10-23T10:45:12+00:00","mainEntityOfPage":{"@id":"https:\/\/stuttgarti-katolikusok.de\/index.php\/p-focze-bonaventura-nagybojt-pusztajaban\/"},"wordCount":14576,"articleSection":["V\u00e1logatott \u00edr\u00e1sok"],"inLanguage":"hu"},{"@type":"WebPage","@id":"https:\/\/stuttgarti-katolikusok.de\/index.php\/p-focze-bonaventura-nagybojt-pusztajaban\/","url":"https:\/\/stuttgarti-katolikusok.de\/index.php\/p-focze-bonaventura-nagybojt-pusztajaban\/","name":"P. F\u0151cze Bonaventura: Nagyb\u00f6jt puszt\u00e1j\u00e1ban - Stuttgarti Katolikusok","isPartOf":{"@id":"https:\/\/stuttgarti-katolikusok.de\/#website"},"datePublished":"2017-04-03T06:26:40+00:00","dateModified":"2019-10-23T10:45:12+00:00","author":{"@id":"https:\/\/stuttgarti-katolikusok.de\/#\/schema\/person\/75908d6f8fdc03a57889d27209df7795"},"breadcrumb":{"@id":"https:\/\/stuttgarti-katolikusok.de\/index.php\/p-focze-bonaventura-nagybojt-pusztajaban\/#breadcrumb"},"inLanguage":"hu","potentialAction":[{"@type":"ReadAction","target":["https:\/\/stuttgarti-katolikusok.de\/index.php\/p-focze-bonaventura-nagybojt-pusztajaban\/"]}]},{"@type":"BreadcrumbList","@id":"https:\/\/stuttgarti-katolikusok.de\/index.php\/p-focze-bonaventura-nagybojt-pusztajaban\/#breadcrumb","itemListElement":[{"@type":"ListItem","position":1,"name":"Kezd\u0151lap","item":"https:\/\/stuttgarti-katolikusok.de\/"},{"@type":"ListItem","position":2,"name":"P. F\u0151cze Bonaventura: Nagyb\u00f6jt puszt\u00e1j\u00e1ban"}]},{"@type":"WebSite","@id":"https:\/\/stuttgarti-katolikusok.de\/#website","url":"https:\/\/stuttgarti-katolikusok.de\/","name":"Stuttgarti Katolikusok","description":"","potentialAction":[{"@type":"SearchAction","target":{"@type":"EntryPoint","urlTemplate":"https:\/\/stuttgarti-katolikusok.de\/?s={search_term_string}"},"query-input":{"@type":"PropertyValueSpecification","valueRequired":true,"valueName":"search_term_string"}}],"inLanguage":"hu"},{"@type":"Person","@id":"https:\/\/stuttgarti-katolikusok.de\/#\/schema\/person\/75908d6f8fdc03a57889d27209df7795","name":"Tibor atya","image":{"@type":"ImageObject","inLanguage":"hu","@id":"https:\/\/secure.gravatar.com\/avatar\/61d268e57d1f4525b111222e29d2d5a7f8c420fdbf231ba5566a8ceac74fa960?s=96&d=mm&r=g","url":"https:\/\/secure.gravatar.com\/avatar\/61d268e57d1f4525b111222e29d2d5a7f8c420fdbf231ba5566a8ceac74fa960?s=96&d=mm&r=g","contentUrl":"https:\/\/secure.gravatar.com\/avatar\/61d268e57d1f4525b111222e29d2d5a7f8c420fdbf231ba5566a8ceac74fa960?s=96&d=mm&r=g","caption":"Tibor atya"},"url":"https:\/\/stuttgarti-katolikusok.de\/index.php\/author\/tibor-atya\/"}]}},"_links":{"self":[{"href":"https:\/\/stuttgarti-katolikusok.de\/index.php\/wp-json\/wp\/v2\/posts\/11646","targetHints":{"allow":["GET"]}}],"collection":[{"href":"https:\/\/stuttgarti-katolikusok.de\/index.php\/wp-json\/wp\/v2\/posts"}],"about":[{"href":"https:\/\/stuttgarti-katolikusok.de\/index.php\/wp-json\/wp\/v2\/types\/post"}],"author":[{"embeddable":true,"href":"https:\/\/stuttgarti-katolikusok.de\/index.php\/wp-json\/wp\/v2\/users\/3"}],"replies":[{"embeddable":true,"href":"https:\/\/stuttgarti-katolikusok.de\/index.php\/wp-json\/wp\/v2\/comments?post=11646"}],"version-history":[{"count":3,"href":"https:\/\/stuttgarti-katolikusok.de\/index.php\/wp-json\/wp\/v2\/posts\/11646\/revisions"}],"predecessor-version":[{"id":17803,"href":"https:\/\/stuttgarti-katolikusok.de\/index.php\/wp-json\/wp\/v2\/posts\/11646\/revisions\/17803"}],"wp:attachment":[{"href":"https:\/\/stuttgarti-katolikusok.de\/index.php\/wp-json\/wp\/v2\/media?parent=11646"}],"wp:term":[{"taxonomy":"category","embeddable":true,"href":"https:\/\/stuttgarti-katolikusok.de\/index.php\/wp-json\/wp\/v2\/categories?post=11646"},{"taxonomy":"post_tag","embeddable":true,"href":"https:\/\/stuttgarti-katolikusok.de\/index.php\/wp-json\/wp\/v2\/tags?post=11646"}],"curies":[{"name":"wp","href":"https:\/\/api.w.org\/{rel}","templated":true}]}}