{"id":11635,"date":"2017-03-31T08:03:06","date_gmt":"2017-03-31T08:03:06","guid":{"rendered":"https:\/\/gracious-dewdney.138-201-221-2.plesk.page\/?p=11635"},"modified":"2017-03-31T08:13:34","modified_gmt":"2017-03-31T08:13:34","slug":"halal-testver","status":"publish","type":"post","link":"https:\/\/stuttgarti-katolikusok.de\/index.php\/halal-testver\/","title":{"rendered":"&#8222;Hal\u00e1l Testv\u00e9r&#8221;&#8230;"},"content":{"rendered":"<p><strong>\u201eHal\u00e1l Testv\u00e9r\u201d&#8230;<\/strong><\/p>\n<p>Mikor el\u0151sz\u00f6r olvastam Szent Ferenct\u0151l (1182-1226) ezt a kifejez\u00e9st, azt hittem t\u00faloz. K\u00e9s\u0151bb azonban, amikor jobban megismerkedtem \u00e9let\u00e9vel \u00e9s gondolkod\u00e1sm\u00f3dj\u00e1val, igazat adtam neki: a hal\u00e1l val\u00f3ban testv\u00e9r\u00fcnk, hisz az\u00e9rt kopogtat \u00e9let\u00fcnk ajtaj\u00e1n, hogy hazavigyen benn\u00fcnket igazi otthonunkba&#8230;<\/p>\n<p>Ebben a nagyb\u00f6jtben is sokat foglalkoztam a gondolat\u00e1val. Nem csak ilyen \u00e9s ehhez hasonl\u00f3 id\u00e9zetek seg\u00edtettek engem ebben, mint: <em>\u201eA kereszt (\u00e9rtsd: a hal\u00e1l) m\u00e1sik oldal\u00e1t felt\u00e1mad\u00e1snak h\u00edvjuk!\u201d<\/em> Hanem egy \u00e9rdekes sz\u00edni el\u0151ad\u00e1s is&#8230;<\/p>\n<p>Az egyik m\u00fcncheni sz\u00ednh\u00e1zban m\u00e1r \u00e9vek \u00f3ta j\u00e1tszanak egy darabot, \u00e9s nem tudj\u00e1k a m\u0171sorr\u00f3l levenni, mert mindig telt h\u00e1z van. Tal\u00e1n m\u00e1r Ti is l\u00e1tt\u00e1tok a telev\u00edzi\u00f3ban. C\u00edme: <em>G\u00e1sp\u00e1r, a szeszf\u0151z\u0151.<\/em><\/p>\n<p>A darab r\u00f6viden arr\u00f3l sz\u00f3l, hogy G\u00e1sp\u00e1r, a szeszf\u0151z\u0151 lassan meg\u00f6regedett. \u00c9let\u00e9t, b\u00e1r ahogyan \u00edgy most visszatekint r\u00e1, soha nem volt k\u00f6nny\u0171, m\u00e9gis szeretn\u00e9 tov\u00e1bb \u00e9lni.<\/p>\n<p>Amint egy este szob\u00e1j\u00e1ban \u00fcld\u00f6g\u00e9l, hirtelen kopogtatnak. Amikor kinyitja az ajt\u00f3t, visszah\u0151k\u00f6l: maga a hal\u00e1l \u00e1ll el\u0151tte. Nem kertel, hanem azonnal megmondja: G\u00e1sp\u00e1r\u00e9rt j\u00f6tt, mert a neki el\u0151re kijel\u00f6lt \u00e9let\u00e9vek sz\u00e1ma elm\u00falt&#8230; G\u00e1sp\u00e1r azonban \u00e9lni szeretne, ezek ut\u00e1n k\u00fcl\u00f6n\u00f6sen. Elkezd h\u00e1t a hal\u00e1llal alkudozni. V\u00e9g\u00fcl fogad\u00e1st aj\u00e1nl a hal\u00e1lnak. K\u00e1rty\u00e1zzanak. Aki vesz\u00edt, az enged. Ha \u0151, G\u00e1sp\u00e1r bukik, akkor k\u00f6veti a hal\u00e1lt. Ha viszont a hal\u00e1l vesz\u00edt, akkor m\u00e9g ad G\u00e1sp\u00e1rnak 18 \u00e9vet.<\/p>\n<p>K\u00e1rty\u00e1zni kezdenek. G\u00e1sp\u00e1r ser\u00e9nyen \u00f6nti a hal\u00e1lnak a p\u00e1link\u00e1t \u2013 egyik poharat a m\u00e1sik ut\u00e1n. Az v\u00e9g\u00fcl is annyira fel\u00f6nt a garatra, hogy nem veszi \u00e9szre: G\u00e1sp\u00e1r a j\u00e1t\u00e9k folyam\u00e1n csal. Amikor befejez\u0151dik a j\u00e1tszma, G\u00e1sp\u00e1r gy\u0151ztesk\u00e9nt \u00e1llhat fel az asztal mell\u0151l. A hal\u00e1l viszont vesz\u00edt, \u00e9s mivel szav\u00e1nak kell \u00e1llnia, G\u00e1sp\u00e1r n\u00e9lk\u00fcl t\u00e1vozik.<\/p>\n<p>G\u00e1sp\u00e1r a szeszf\u0151z\u0151 nagyon boldog. M\u00e9g van neki 18 \u00e9ve. A biztons\u00e1g mer\u00e9ssz\u00e9 teszi: szikl\u00e1r\u00f3l ugrik le, foly\u00f3ba veti mag\u00e1t, kocsi el\u00e9 ugrik: semmi sem \u00e1rt neki, hisz a hal\u00e1l m\u00e9g nem j\u00f6het \u00e9rte&#8230;<\/p>\n<p>Egy id\u0151 ut\u00e1n azonban nem tal\u00e1lja hely\u00e9t a vil\u00e1gban. Egyre mag\u00e1nyosabb\u00e1 v\u00e1lik. Azok, akiket szeret, rokonai, bar\u00e1tai, ismer\u0151sei elhullnak mell\u0151le. Legjobban unokah\u00fag\u00e1t, M\u00e1ri\u00e1t gy\u00e1szolja, aki egy vihar alkalm\u00e1val vesz\u00edti \u00e9let\u00e9t&#8230;<\/p>\n<p>Az \u00e9let ezek ut\u00e1n m\u00e1r G\u00e1sp\u00e1rnak egy\u00e1ltal\u00e1n nem okoz \u00f6r\u00f6met.<\/p>\n<p>Ek\u00f6zben fenn az \u00e9gben Szent P\u00e9ter ugyancsak megmossa a hal\u00e1l fej\u00e9t, amikor az G\u00e1sp\u00e1r n\u00e9lk\u00fcl j\u00f6n vissza. Azonnal visszaford\u00edtja, mert G\u00e1sp\u00e1r \u00e9lete \u2013 fogad\u00e1s ide, fogad\u00e1s oda &#8211; lej\u00e1rt!<\/p>\n<p>A hal\u00e1l neh\u00e9z sz\u00edvve fordul vissza, hisz szav\u00e1t adta, \u00e9s azt nem akarja megszegni. Egy este ism\u00e9t bekopog hozz\u00e1. K\u00f6ny\u00f6r\u00f6gni kezd neki: <em>\u201eGyere legal\u00e1bb csak egyszer n\u00e9zd meg, mi v\u00e1r r\u00e1d. \u00c9s ha neked ott fenn nem tetszik, meg\u00edg\u00e9rem, visszahozlak.\u201d<\/em><\/p>\n<p>G\u00e1sp\u00e1r belemegy az alkuba. Fenn meg\u00e9rkezve, szeme k\u00f6nnybel\u00e1bad. Els\u0151nek ugyanis elhunyt feles\u00e9ge j\u00f6n fel\u00e9je, azut\u00e1n sz\u00fclei, testv\u00e9rei, rokonai, bar\u00e1tai, iv\u00f3cimbor\u00e1i \u2013 \u00e9s a sor v\u00e9g\u00e9n kedvenc, im\u00e1dott unokah\u00faga: M\u00e1ria. Ekkor d\u00f6nt: <em>\u201eMaradok!\u201d<\/em> A hal\u00e1lhoz fordulva ezt mondja: <em>\u201eK\u00f6sz\u00f6n\u00f6m neked, hogy ide betekinthettem. Mindent meg\u00e9rt!\u201d<\/em><\/p>\n<p>A sz\u00edndarab mintegy h\u00e1rom \u00f3r\u00e1ig tart. Bevallom, nemcsak a t\u00f6bbi n\u00e9z\u0151t, de engem is \u00f6r\u00f6mmel t\u00f6lt\u00f6tt el, amikor G\u00e1sp\u00e1r a k\u00e1rty\u00e1ban \u2013 m\u00e9gha csal\u00e1ssal is, de \u2013 legy\u0151zi a hal\u00e1lt. \u00c9n is neki szurkoltam, \u00e9n is \u00e9lveztem a gy\u0151zelm\u00e9t. Mert alapj\u00e1ban v\u00e9ve minden ember f\u00e9l \u00e9lni akar \u00e9s arra v\u00e1gyik, hogy valamik\u00e9pp legy\u0151zze a hal\u00e1lt.<\/p>\n<p>De amint halad a cselekm\u00e9ny el\u0151re, az \u00f6r\u00f6m hely\u00e9t egyre ink\u00e1bb \u00e1tveszi a melank\u00f3lia. Az ember arra gondol, hogy igaza van a darabnak: itt a f\u00f6ld\u00f6n nincs gondtalan, felh\u0151tlen \u00e9let. Min\u00e9l ink\u00e1bb \u00f6regsz\u00fcnk, az \u00e9vek, a h\u00f3napok, a hetek \u00e9s a napok egyre ink\u00e1bb teherr\u00e9 v\u00e1lnak. \u00c9s, ami legf\u0151bb: egyre jobban magunkra maradunk&#8230;<\/p>\n<p>V\u00e9g\u00fcl nagyon k\u00f6nny\u0171 G\u00e1sp\u00e1rral az \u00e9g fel\u00e9 tekinteni, majd vele egy\u00fctt oda bel\u00e9pni. Mi\u00e9rt? Mert az ember l\u00e1tja, hogy ott sz\u00e9p az \u00e9let. L\u00e1tja, hogy ott az \u00e9let t\u00f6bb \u00f6r\u00f6met okoz, mert mindenki, akit az ember szeretett m\u00e1r ott van, vagy oda fog meg\u00e9rkezni.<\/p>\n<p>Ekkor \u00e9rzi a darab sor\u00e1n az ember el\u0151sz\u00f6r, hogy megszereti a hal\u00e1lt. Mert a \u201eHal\u00e1l Testv\u00e9r\u201d az, aki ezt a mennybepillant\u00e1st a n\u00e9z\u0151nek megengedi. Lehet-e a hal\u00e1l ezek ut\u00e1n az ember ellens\u00e9ge? Nem. Alapj\u00e1ban v\u00e9ve a hal\u00e1l nem ellens\u00e9ge az embernek, mert \u2013 m\u00e9g ha el\u0151sz\u00f6r nehez\u00fcnkre is esik itthagyni a f\u00f6ldet \u2013 \u0151 az, aki nek\u00fcnk valami \u00f6r\u00f6mtelibb \u00e9s boldog\u00edt\u00f3bb \u00e9letet hoz.<\/p>\n<p>Egy\u00e9bk\u00e9nt, hogy a hal\u00e1l nem ellens\u00e9g\u00fcnk, hanem bar\u00e1tunk, s\u0151t testv\u00e9r\u00fcnk, azt J\u00e9zus Urunk is megmutatta nek\u00fcnk, amikor \u00e1tment a hal\u00e1lon. Erre eml\u00e9ksz\u00fcnk, ezt \u00fcnnepelj\u00fck a k\u00f6zelg\u0151 Nagyp\u00e9nteken&#8230;<\/p>\n<p>De azt is tudjuk, \u00fagye, hogy mi t\u00f6rt\u00e9nt Nagyp\u00e9ntek ut\u00e1n? J\u00f6tt H\u00fasv\u00e9t hajnala: J\u00e9zus Urunk felt\u00e1madt!<\/p>\n<p>Felt\u00e1mad\u00e1s\u00e1val nem csak, hogy megnyitotta sz\u00e1munkra a mennyet, de elvette a hal\u00e1lt\u00f3l val\u00f3 f\u00e9lelm\u00fcnket is! Megmutatta, hogy a hal\u00e1llal nem \u00e9r minden v\u00e9get, hanem a hal\u00e1l csak egy kapu, amelyen bel\u00e9p\u00fcnk a felt\u00e1madottak sor\u00e1ba.<\/p>\n<p>Mi\u00e9rt v\u00e9gz\u0151dik G\u00e1sp\u00e1r t\u00f6rt\u00e9nete nagy \u00f6r\u00f6mmel? Mi\u00e9rt l\u00e1togatj\u00e1k annyian mind a mai napig ezt a sz\u00edni el\u0151ad\u00e1st? Mert \u00e9l benn\u00fcnk a v\u00e1gy, hogy szeretteinket viszontl\u00e1ssuk. Mint ahogyan G\u00e1sp\u00e1r is v\u00e9gtelen\u00fcl boldog volt, mert mindenkit, akit szeretett, ott viszontl\u00e1thatott. Titkon mi is \u00e9rezz\u00fck, hogy ez lesz majd a mi oszt\u00e1lyr\u00e9sz\u00fcnk is. Mi is, ha a hal\u00e1l kapuj\u00e1n \u00e1tl\u00e9p\u00fcnk, akkor mindazokat viszontl\u00e1thatjuk, akik nek\u00fcnk kedvesek voltak, de m\u00e1r el\u0151rementek k\u00f6z\u00fcl\u00fcnk.<\/p>\n<p>Akkor nagy lesz majd az \u00f6r\u00f6m: akkor fogunk majd igaz\u00e1n \u00fcnnepelni.<\/p>\n<p><em>Stuttgart, 2017-03-30.<\/em><\/p>\n<p><em>Imre atya<\/em><\/p>\n","protected":false},"excerpt":{"rendered":"<p>\u201eHal\u00e1l Testv\u00e9r\u201d&#8230; Mikor el\u0151sz\u00f6r olvastam Szent Ferenct\u0151l (1182-1226) ezt a kifejez\u00e9st, azt hittem t\u00faloz. K\u00e9s\u0151bb azonban, amikor jobban megismerkedtem \u00e9let\u00e9vel \u00e9s gondolkod\u00e1sm\u00f3dj\u00e1val, igazat adtam neki: a hal\u00e1l val\u00f3ban testv\u00e9r\u00fcnk, hisz az\u00e9rt kopogtat \u00e9let\u00fcnk ajtaj\u00e1n, hogy hazavigyen benn\u00fcnket igazi otthonunkba&#8230; Ebben a nagyb\u00f6jtben is sokat foglalkoztam a gondolat\u00e1val. Nem csak ilyen \u00e9s ehhez hasonl\u00f3 id\u00e9zetek seg\u00edtettek engem ebben, mint: \u201eA kereszt (\u00e9rtsd: a hal\u00e1l) m\u00e1sik oldal\u00e1t felt\u00e1mad\u00e1snak h\u00edvjuk!\u201d Hanem egy \u00e9rdekes sz\u00edni el\u0151ad\u00e1s is&#8230; Az egyik m\u00fcncheni sz\u00ednh\u00e1zban m\u00e1r \u00e9vek \u00f3ta j\u00e1tszanak egy darabot, \u00e9s nem tudj\u00e1k a m\u0171sorr\u00f3l levenni, mert mindig telt h\u00e1z van. Tal\u00e1n m\u00e1r Ti is l\u00e1tt\u00e1tok a telev\u00edzi\u00f3ban. C\u00edme: G\u00e1sp\u00e1r, a szeszf\u0151z\u0151. A darab r\u00f6viden arr\u00f3l sz\u00f3l, hogy G\u00e1sp\u00e1r, a szeszf\u0151z\u0151 lassan meg\u00f6regedett. \u00c9let\u00e9t, b\u00e1r ahogyan \u00edgy most visszatekint r\u00e1, soha nem volt k\u00f6nny\u0171, m\u00e9gis szeretn\u00e9 tov\u00e1bb \u00e9lni. Amint egy este szob\u00e1j\u00e1ban \u00fcld\u00f6g\u00e9l, hirtelen kopogtatnak. Amikor kinyitja az ajt\u00f3t, visszah\u0151k\u00f6l: maga a hal\u00e1l \u00e1ll el\u0151tte. Nem kertel, hanem azonnal megmondja: G\u00e1sp\u00e1r\u00e9rt j\u00f6tt, mert a neki el\u0151re kijel\u00f6lt \u00e9let\u00e9vek sz\u00e1ma elm\u00falt&#8230; G\u00e1sp\u00e1r azonban \u00e9lni szeretne, ezek ut\u00e1n k\u00fcl\u00f6n\u00f6sen. Elkezd h\u00e1t a hal\u00e1llal alkudozni. V\u00e9g\u00fcl fogad\u00e1st aj\u00e1nl a hal\u00e1lnak. K\u00e1rty\u00e1zzanak. Aki vesz\u00edt, az enged. Ha \u0151, G\u00e1sp\u00e1r bukik, akkor k\u00f6veti a hal\u00e1lt. Ha viszont a hal\u00e1l vesz\u00edt, akkor m\u00e9g ad G\u00e1sp\u00e1rnak 18 \u00e9vet. K\u00e1rty\u00e1zni kezdenek. G\u00e1sp\u00e1r ser\u00e9nyen \u00f6nti a hal\u00e1lnak a p\u00e1link\u00e1t \u2013 egyik poharat a m\u00e1sik ut\u00e1n. Az v\u00e9g\u00fcl is annyira fel\u00f6nt a garatra, hogy nem veszi \u00e9szre: G\u00e1sp\u00e1r a j\u00e1t\u00e9k folyam\u00e1n csal. Amikor befejez\u0151dik a j\u00e1tszma, G\u00e1sp\u00e1r gy\u0151ztesk\u00e9nt \u00e1llhat fel az asztal mell\u0151l. A hal\u00e1l viszont vesz\u00edt, \u00e9s mivel szav\u00e1nak kell \u00e1llnia, G\u00e1sp\u00e1r n\u00e9lk\u00fcl t\u00e1vozik. G\u00e1sp\u00e1r a szeszf\u0151z\u0151 nagyon boldog. M\u00e9g van neki 18 \u00e9ve. A biztons\u00e1g mer\u00e9ssz\u00e9 teszi: szikl\u00e1r\u00f3l ugrik le, foly\u00f3ba veti mag\u00e1t, kocsi el\u00e9 ugrik: semmi sem \u00e1rt neki, hisz a hal\u00e1l m\u00e9g nem j\u00f6het \u00e9rte&#8230; Egy id\u0151 ut\u00e1n azonban nem tal\u00e1lja hely\u00e9t a&#8230; <\/p>\n<p><a class=\"readmore\" href=\"https:\/\/stuttgarti-katolikusok.de\/index.php\/halal-testver\/\">R\u00e9szletek<\/a><\/p>\n","protected":false},"author":3,"featured_media":0,"comment_status":"closed","ping_status":"closed","sticky":false,"template":"","format":"standard","meta":{"footnotes":""},"categories":[24],"tags":[],"class_list":["post-11635","post","type-post","status-publish","format-standard","hentry","category-gondolatok"],"yoast_head":"<!-- This site is optimized with the Yoast SEO plugin v27.3 - https:\/\/yoast.com\/product\/yoast-seo-wordpress\/ -->\n<title>&quot;Hal\u00e1l Testv\u00e9r&quot;... - Stuttgarti Katolikusok<\/title>\n<meta name=\"robots\" content=\"index, follow, max-snippet:-1, max-image-preview:large, max-video-preview:-1\" \/>\n<link rel=\"canonical\" href=\"https:\/\/stuttgarti-katolikusok.de\/index.php\/halal-testver\/\" \/>\n<meta property=\"og:locale\" content=\"hu_HU\" \/>\n<meta property=\"og:type\" content=\"article\" \/>\n<meta property=\"og:title\" content=\"&quot;Hal\u00e1l Testv\u00e9r&quot;... - Stuttgarti Katolikusok\" \/>\n<meta property=\"og:description\" content=\"\u201eHal\u00e1l Testv\u00e9r\u201d&#8230; Mikor el\u0151sz\u00f6r olvastam Szent Ferenct\u0151l (1182-1226) ezt a kifejez\u00e9st, azt hittem t\u00faloz. K\u00e9s\u0151bb azonban, amikor jobban megismerkedtem \u00e9let\u00e9vel \u00e9s gondolkod\u00e1sm\u00f3dj\u00e1val, igazat adtam neki: a hal\u00e1l val\u00f3ban testv\u00e9r\u00fcnk, hisz az\u00e9rt kopogtat \u00e9let\u00fcnk ajtaj\u00e1n, hogy hazavigyen benn\u00fcnket igazi otthonunkba&#8230; Ebben a nagyb\u00f6jtben is sokat foglalkoztam a gondolat\u00e1val. Nem csak ilyen \u00e9s ehhez hasonl\u00f3 id\u00e9zetek seg\u00edtettek engem ebben, mint: \u201eA kereszt (\u00e9rtsd: a hal\u00e1l) m\u00e1sik oldal\u00e1t felt\u00e1mad\u00e1snak h\u00edvjuk!\u201d Hanem egy \u00e9rdekes sz\u00edni el\u0151ad\u00e1s is&#8230; Az egyik m\u00fcncheni sz\u00ednh\u00e1zban m\u00e1r \u00e9vek \u00f3ta j\u00e1tszanak egy darabot, \u00e9s nem tudj\u00e1k a m\u0171sorr\u00f3l levenni, mert mindig telt h\u00e1z van. Tal\u00e1n m\u00e1r Ti is l\u00e1tt\u00e1tok a telev\u00edzi\u00f3ban. C\u00edme: G\u00e1sp\u00e1r, a szeszf\u0151z\u0151. A darab r\u00f6viden arr\u00f3l sz\u00f3l, hogy G\u00e1sp\u00e1r, a szeszf\u0151z\u0151 lassan meg\u00f6regedett. \u00c9let\u00e9t, b\u00e1r ahogyan \u00edgy most visszatekint r\u00e1, soha nem volt k\u00f6nny\u0171, m\u00e9gis szeretn\u00e9 tov\u00e1bb \u00e9lni. Amint egy este szob\u00e1j\u00e1ban \u00fcld\u00f6g\u00e9l, hirtelen kopogtatnak. Amikor kinyitja az ajt\u00f3t, visszah\u0151k\u00f6l: maga a hal\u00e1l \u00e1ll el\u0151tte. Nem kertel, hanem azonnal megmondja: G\u00e1sp\u00e1r\u00e9rt j\u00f6tt, mert a neki el\u0151re kijel\u00f6lt \u00e9let\u00e9vek sz\u00e1ma elm\u00falt&#8230; G\u00e1sp\u00e1r azonban \u00e9lni szeretne, ezek ut\u00e1n k\u00fcl\u00f6n\u00f6sen. Elkezd h\u00e1t a hal\u00e1llal alkudozni. V\u00e9g\u00fcl fogad\u00e1st aj\u00e1nl a hal\u00e1lnak. K\u00e1rty\u00e1zzanak. Aki vesz\u00edt, az enged. Ha \u0151, G\u00e1sp\u00e1r bukik, akkor k\u00f6veti a hal\u00e1lt. Ha viszont a hal\u00e1l vesz\u00edt, akkor m\u00e9g ad G\u00e1sp\u00e1rnak 18 \u00e9vet. K\u00e1rty\u00e1zni kezdenek. G\u00e1sp\u00e1r ser\u00e9nyen \u00f6nti a hal\u00e1lnak a p\u00e1link\u00e1t \u2013 egyik poharat a m\u00e1sik ut\u00e1n. Az v\u00e9g\u00fcl is annyira fel\u00f6nt a garatra, hogy nem veszi \u00e9szre: G\u00e1sp\u00e1r a j\u00e1t\u00e9k folyam\u00e1n csal. Amikor befejez\u0151dik a j\u00e1tszma, G\u00e1sp\u00e1r gy\u0151ztesk\u00e9nt \u00e1llhat fel az asztal mell\u0151l. A hal\u00e1l viszont vesz\u00edt, \u00e9s mivel szav\u00e1nak kell \u00e1llnia, G\u00e1sp\u00e1r n\u00e9lk\u00fcl t\u00e1vozik. G\u00e1sp\u00e1r a szeszf\u0151z\u0151 nagyon boldog. M\u00e9g van neki 18 \u00e9ve. A biztons\u00e1g mer\u00e9ssz\u00e9 teszi: szikl\u00e1r\u00f3l ugrik le, foly\u00f3ba veti mag\u00e1t, kocsi el\u00e9 ugrik: semmi sem \u00e1rt neki, hisz a hal\u00e1l m\u00e9g nem j\u00f6het \u00e9rte&#8230; Egy id\u0151 ut\u00e1n azonban nem tal\u00e1lja hely\u00e9t a... R\u00e9szletek\" \/>\n<meta property=\"og:url\" content=\"https:\/\/stuttgarti-katolikusok.de\/index.php\/halal-testver\/\" \/>\n<meta property=\"og:site_name\" content=\"Stuttgarti Katolikusok\" \/>\n<meta property=\"article:published_time\" content=\"2017-03-31T08:03:06+00:00\" \/>\n<meta property=\"article:modified_time\" content=\"2017-03-31T08:13:34+00:00\" \/>\n<meta name=\"author\" content=\"Tibor atya\" \/>\n<meta name=\"twitter:card\" content=\"summary_large_image\" \/>\n<meta name=\"twitter:label1\" content=\"Szerz\u0151:\" \/>\n\t<meta name=\"twitter:data1\" content=\"Tibor atya\" \/>\n\t<meta name=\"twitter:label2\" content=\"Becs\u00fclt olvas\u00e1si id\u0151\" \/>\n\t<meta name=\"twitter:data2\" content=\"6 perc\" \/>\n<script type=\"application\/ld+json\" class=\"yoast-schema-graph\">{\"@context\":\"https:\\\/\\\/schema.org\",\"@graph\":[{\"@type\":\"Article\",\"@id\":\"https:\\\/\\\/stuttgarti-katolikusok.de\\\/index.php\\\/halal-testver\\\/#article\",\"isPartOf\":{\"@id\":\"https:\\\/\\\/stuttgarti-katolikusok.de\\\/index.php\\\/halal-testver\\\/\"},\"author\":{\"name\":\"Tibor atya\",\"@id\":\"https:\\\/\\\/stuttgarti-katolikusok.de\\\/#\\\/schema\\\/person\\\/75908d6f8fdc03a57889d27209df7795\"},\"headline\":\"&#8222;Hal\u00e1l Testv\u00e9r&#8221;&#8230;\",\"datePublished\":\"2017-03-31T08:03:06+00:00\",\"dateModified\":\"2017-03-31T08:13:34+00:00\",\"mainEntityOfPage\":{\"@id\":\"https:\\\/\\\/stuttgarti-katolikusok.de\\\/index.php\\\/halal-testver\\\/\"},\"wordCount\":1209,\"articleSection\":[\"Gondolatok\"],\"inLanguage\":\"hu\"},{\"@type\":\"WebPage\",\"@id\":\"https:\\\/\\\/stuttgarti-katolikusok.de\\\/index.php\\\/halal-testver\\\/\",\"url\":\"https:\\\/\\\/stuttgarti-katolikusok.de\\\/index.php\\\/halal-testver\\\/\",\"name\":\"\\\"Hal\u00e1l Testv\u00e9r\\\"... - Stuttgarti Katolikusok\",\"isPartOf\":{\"@id\":\"https:\\\/\\\/stuttgarti-katolikusok.de\\\/#website\"},\"datePublished\":\"2017-03-31T08:03:06+00:00\",\"dateModified\":\"2017-03-31T08:13:34+00:00\",\"author\":{\"@id\":\"https:\\\/\\\/stuttgarti-katolikusok.de\\\/#\\\/schema\\\/person\\\/75908d6f8fdc03a57889d27209df7795\"},\"breadcrumb\":{\"@id\":\"https:\\\/\\\/stuttgarti-katolikusok.de\\\/index.php\\\/halal-testver\\\/#breadcrumb\"},\"inLanguage\":\"hu\",\"potentialAction\":[{\"@type\":\"ReadAction\",\"target\":[\"https:\\\/\\\/stuttgarti-katolikusok.de\\\/index.php\\\/halal-testver\\\/\"]}]},{\"@type\":\"BreadcrumbList\",\"@id\":\"https:\\\/\\\/stuttgarti-katolikusok.de\\\/index.php\\\/halal-testver\\\/#breadcrumb\",\"itemListElement\":[{\"@type\":\"ListItem\",\"position\":1,\"name\":\"Kezd\u0151lap\",\"item\":\"https:\\\/\\\/stuttgarti-katolikusok.de\\\/\"},{\"@type\":\"ListItem\",\"position\":2,\"name\":\"&#8220;Hal\u00e1l Testv\u00e9r&#8221;&#8230;\"}]},{\"@type\":\"WebSite\",\"@id\":\"https:\\\/\\\/stuttgarti-katolikusok.de\\\/#website\",\"url\":\"https:\\\/\\\/stuttgarti-katolikusok.de\\\/\",\"name\":\"Stuttgarti Katolikusok\",\"description\":\"\",\"potentialAction\":[{\"@type\":\"SearchAction\",\"target\":{\"@type\":\"EntryPoint\",\"urlTemplate\":\"https:\\\/\\\/stuttgarti-katolikusok.de\\\/?s={search_term_string}\"},\"query-input\":{\"@type\":\"PropertyValueSpecification\",\"valueRequired\":true,\"valueName\":\"search_term_string\"}}],\"inLanguage\":\"hu\"},{\"@type\":\"Person\",\"@id\":\"https:\\\/\\\/stuttgarti-katolikusok.de\\\/#\\\/schema\\\/person\\\/75908d6f8fdc03a57889d27209df7795\",\"name\":\"Tibor atya\",\"image\":{\"@type\":\"ImageObject\",\"inLanguage\":\"hu\",\"@id\":\"https:\\\/\\\/secure.gravatar.com\\\/avatar\\\/61d268e57d1f4525b111222e29d2d5a7f8c420fdbf231ba5566a8ceac74fa960?s=96&d=mm&r=g\",\"url\":\"https:\\\/\\\/secure.gravatar.com\\\/avatar\\\/61d268e57d1f4525b111222e29d2d5a7f8c420fdbf231ba5566a8ceac74fa960?s=96&d=mm&r=g\",\"contentUrl\":\"https:\\\/\\\/secure.gravatar.com\\\/avatar\\\/61d268e57d1f4525b111222e29d2d5a7f8c420fdbf231ba5566a8ceac74fa960?s=96&d=mm&r=g\",\"caption\":\"Tibor atya\"},\"url\":\"https:\\\/\\\/stuttgarti-katolikusok.de\\\/index.php\\\/author\\\/tibor-atya\\\/\"}]}<\/script>\n<!-- \/ Yoast SEO plugin. -->","yoast_head_json":{"title":"\"Hal\u00e1l Testv\u00e9r\"... - Stuttgarti Katolikusok","robots":{"index":"index","follow":"follow","max-snippet":"max-snippet:-1","max-image-preview":"max-image-preview:large","max-video-preview":"max-video-preview:-1"},"canonical":"https:\/\/stuttgarti-katolikusok.de\/index.php\/halal-testver\/","og_locale":"hu_HU","og_type":"article","og_title":"\"Hal\u00e1l Testv\u00e9r\"... - Stuttgarti Katolikusok","og_description":"\u201eHal\u00e1l Testv\u00e9r\u201d&#8230; Mikor el\u0151sz\u00f6r olvastam Szent Ferenct\u0151l (1182-1226) ezt a kifejez\u00e9st, azt hittem t\u00faloz. K\u00e9s\u0151bb azonban, amikor jobban megismerkedtem \u00e9let\u00e9vel \u00e9s gondolkod\u00e1sm\u00f3dj\u00e1val, igazat adtam neki: a hal\u00e1l val\u00f3ban testv\u00e9r\u00fcnk, hisz az\u00e9rt kopogtat \u00e9let\u00fcnk ajtaj\u00e1n, hogy hazavigyen benn\u00fcnket igazi otthonunkba&#8230; Ebben a nagyb\u00f6jtben is sokat foglalkoztam a gondolat\u00e1val. Nem csak ilyen \u00e9s ehhez hasonl\u00f3 id\u00e9zetek seg\u00edtettek engem ebben, mint: \u201eA kereszt (\u00e9rtsd: a hal\u00e1l) m\u00e1sik oldal\u00e1t felt\u00e1mad\u00e1snak h\u00edvjuk!\u201d Hanem egy \u00e9rdekes sz\u00edni el\u0151ad\u00e1s is&#8230; Az egyik m\u00fcncheni sz\u00ednh\u00e1zban m\u00e1r \u00e9vek \u00f3ta j\u00e1tszanak egy darabot, \u00e9s nem tudj\u00e1k a m\u0171sorr\u00f3l levenni, mert mindig telt h\u00e1z van. Tal\u00e1n m\u00e1r Ti is l\u00e1tt\u00e1tok a telev\u00edzi\u00f3ban. C\u00edme: G\u00e1sp\u00e1r, a szeszf\u0151z\u0151. A darab r\u00f6viden arr\u00f3l sz\u00f3l, hogy G\u00e1sp\u00e1r, a szeszf\u0151z\u0151 lassan meg\u00f6regedett. \u00c9let\u00e9t, b\u00e1r ahogyan \u00edgy most visszatekint r\u00e1, soha nem volt k\u00f6nny\u0171, m\u00e9gis szeretn\u00e9 tov\u00e1bb \u00e9lni. Amint egy este szob\u00e1j\u00e1ban \u00fcld\u00f6g\u00e9l, hirtelen kopogtatnak. Amikor kinyitja az ajt\u00f3t, visszah\u0151k\u00f6l: maga a hal\u00e1l \u00e1ll el\u0151tte. Nem kertel, hanem azonnal megmondja: G\u00e1sp\u00e1r\u00e9rt j\u00f6tt, mert a neki el\u0151re kijel\u00f6lt \u00e9let\u00e9vek sz\u00e1ma elm\u00falt&#8230; G\u00e1sp\u00e1r azonban \u00e9lni szeretne, ezek ut\u00e1n k\u00fcl\u00f6n\u00f6sen. Elkezd h\u00e1t a hal\u00e1llal alkudozni. V\u00e9g\u00fcl fogad\u00e1st aj\u00e1nl a hal\u00e1lnak. K\u00e1rty\u00e1zzanak. Aki vesz\u00edt, az enged. Ha \u0151, G\u00e1sp\u00e1r bukik, akkor k\u00f6veti a hal\u00e1lt. Ha viszont a hal\u00e1l vesz\u00edt, akkor m\u00e9g ad G\u00e1sp\u00e1rnak 18 \u00e9vet. K\u00e1rty\u00e1zni kezdenek. G\u00e1sp\u00e1r ser\u00e9nyen \u00f6nti a hal\u00e1lnak a p\u00e1link\u00e1t \u2013 egyik poharat a m\u00e1sik ut\u00e1n. Az v\u00e9g\u00fcl is annyira fel\u00f6nt a garatra, hogy nem veszi \u00e9szre: G\u00e1sp\u00e1r a j\u00e1t\u00e9k folyam\u00e1n csal. Amikor befejez\u0151dik a j\u00e1tszma, G\u00e1sp\u00e1r gy\u0151ztesk\u00e9nt \u00e1llhat fel az asztal mell\u0151l. A hal\u00e1l viszont vesz\u00edt, \u00e9s mivel szav\u00e1nak kell \u00e1llnia, G\u00e1sp\u00e1r n\u00e9lk\u00fcl t\u00e1vozik. G\u00e1sp\u00e1r a szeszf\u0151z\u0151 nagyon boldog. M\u00e9g van neki 18 \u00e9ve. A biztons\u00e1g mer\u00e9ssz\u00e9 teszi: szikl\u00e1r\u00f3l ugrik le, foly\u00f3ba veti mag\u00e1t, kocsi el\u00e9 ugrik: semmi sem \u00e1rt neki, hisz a hal\u00e1l m\u00e9g nem j\u00f6het \u00e9rte&#8230; Egy id\u0151 ut\u00e1n azonban nem tal\u00e1lja hely\u00e9t a... R\u00e9szletek","og_url":"https:\/\/stuttgarti-katolikusok.de\/index.php\/halal-testver\/","og_site_name":"Stuttgarti Katolikusok","article_published_time":"2017-03-31T08:03:06+00:00","article_modified_time":"2017-03-31T08:13:34+00:00","author":"Tibor atya","twitter_card":"summary_large_image","twitter_misc":{"Szerz\u0151:":"Tibor atya","Becs\u00fclt olvas\u00e1si id\u0151":"6 perc"},"schema":{"@context":"https:\/\/schema.org","@graph":[{"@type":"Article","@id":"https:\/\/stuttgarti-katolikusok.de\/index.php\/halal-testver\/#article","isPartOf":{"@id":"https:\/\/stuttgarti-katolikusok.de\/index.php\/halal-testver\/"},"author":{"name":"Tibor atya","@id":"https:\/\/stuttgarti-katolikusok.de\/#\/schema\/person\/75908d6f8fdc03a57889d27209df7795"},"headline":"&#8222;Hal\u00e1l Testv\u00e9r&#8221;&#8230;","datePublished":"2017-03-31T08:03:06+00:00","dateModified":"2017-03-31T08:13:34+00:00","mainEntityOfPage":{"@id":"https:\/\/stuttgarti-katolikusok.de\/index.php\/halal-testver\/"},"wordCount":1209,"articleSection":["Gondolatok"],"inLanguage":"hu"},{"@type":"WebPage","@id":"https:\/\/stuttgarti-katolikusok.de\/index.php\/halal-testver\/","url":"https:\/\/stuttgarti-katolikusok.de\/index.php\/halal-testver\/","name":"\"Hal\u00e1l Testv\u00e9r\"... - Stuttgarti Katolikusok","isPartOf":{"@id":"https:\/\/stuttgarti-katolikusok.de\/#website"},"datePublished":"2017-03-31T08:03:06+00:00","dateModified":"2017-03-31T08:13:34+00:00","author":{"@id":"https:\/\/stuttgarti-katolikusok.de\/#\/schema\/person\/75908d6f8fdc03a57889d27209df7795"},"breadcrumb":{"@id":"https:\/\/stuttgarti-katolikusok.de\/index.php\/halal-testver\/#breadcrumb"},"inLanguage":"hu","potentialAction":[{"@type":"ReadAction","target":["https:\/\/stuttgarti-katolikusok.de\/index.php\/halal-testver\/"]}]},{"@type":"BreadcrumbList","@id":"https:\/\/stuttgarti-katolikusok.de\/index.php\/halal-testver\/#breadcrumb","itemListElement":[{"@type":"ListItem","position":1,"name":"Kezd\u0151lap","item":"https:\/\/stuttgarti-katolikusok.de\/"},{"@type":"ListItem","position":2,"name":"&#8220;Hal\u00e1l Testv\u00e9r&#8221;&#8230;"}]},{"@type":"WebSite","@id":"https:\/\/stuttgarti-katolikusok.de\/#website","url":"https:\/\/stuttgarti-katolikusok.de\/","name":"Stuttgarti Katolikusok","description":"","potentialAction":[{"@type":"SearchAction","target":{"@type":"EntryPoint","urlTemplate":"https:\/\/stuttgarti-katolikusok.de\/?s={search_term_string}"},"query-input":{"@type":"PropertyValueSpecification","valueRequired":true,"valueName":"search_term_string"}}],"inLanguage":"hu"},{"@type":"Person","@id":"https:\/\/stuttgarti-katolikusok.de\/#\/schema\/person\/75908d6f8fdc03a57889d27209df7795","name":"Tibor atya","image":{"@type":"ImageObject","inLanguage":"hu","@id":"https:\/\/secure.gravatar.com\/avatar\/61d268e57d1f4525b111222e29d2d5a7f8c420fdbf231ba5566a8ceac74fa960?s=96&d=mm&r=g","url":"https:\/\/secure.gravatar.com\/avatar\/61d268e57d1f4525b111222e29d2d5a7f8c420fdbf231ba5566a8ceac74fa960?s=96&d=mm&r=g","contentUrl":"https:\/\/secure.gravatar.com\/avatar\/61d268e57d1f4525b111222e29d2d5a7f8c420fdbf231ba5566a8ceac74fa960?s=96&d=mm&r=g","caption":"Tibor atya"},"url":"https:\/\/stuttgarti-katolikusok.de\/index.php\/author\/tibor-atya\/"}]}},"_links":{"self":[{"href":"https:\/\/stuttgarti-katolikusok.de\/index.php\/wp-json\/wp\/v2\/posts\/11635","targetHints":{"allow":["GET"]}}],"collection":[{"href":"https:\/\/stuttgarti-katolikusok.de\/index.php\/wp-json\/wp\/v2\/posts"}],"about":[{"href":"https:\/\/stuttgarti-katolikusok.de\/index.php\/wp-json\/wp\/v2\/types\/post"}],"author":[{"embeddable":true,"href":"https:\/\/stuttgarti-katolikusok.de\/index.php\/wp-json\/wp\/v2\/users\/3"}],"replies":[{"embeddable":true,"href":"https:\/\/stuttgarti-katolikusok.de\/index.php\/wp-json\/wp\/v2\/comments?post=11635"}],"version-history":[{"count":4,"href":"https:\/\/stuttgarti-katolikusok.de\/index.php\/wp-json\/wp\/v2\/posts\/11635\/revisions"}],"predecessor-version":[{"id":11641,"href":"https:\/\/stuttgarti-katolikusok.de\/index.php\/wp-json\/wp\/v2\/posts\/11635\/revisions\/11641"}],"wp:attachment":[{"href":"https:\/\/stuttgarti-katolikusok.de\/index.php\/wp-json\/wp\/v2\/media?parent=11635"}],"wp:term":[{"taxonomy":"category","embeddable":true,"href":"https:\/\/stuttgarti-katolikusok.de\/index.php\/wp-json\/wp\/v2\/categories?post=11635"},{"taxonomy":"post_tag","embeddable":true,"href":"https:\/\/stuttgarti-katolikusok.de\/index.php\/wp-json\/wp\/v2\/tags?post=11635"}],"curies":[{"name":"wp","href":"https:\/\/api.w.org\/{rel}","templated":true}]}}