{"id":11624,"date":"2017-03-29T13:54:52","date_gmt":"2017-03-29T13:54:52","guid":{"rendered":"https:\/\/gracious-dewdney.138-201-221-2.plesk.page\/?p=11624"},"modified":"2017-03-30T10:11:00","modified_gmt":"2017-03-30T10:11:00","slug":"benedek-anniko-gondolatok-egy-koncert-margojara","status":"publish","type":"post","link":"https:\/\/stuttgarti-katolikusok.de\/index.php\/benedek-anniko-gondolatok-egy-koncert-margojara\/","title":{"rendered":"Benedek Annik\u00f3: Gondolatok egy koncert marg\u00f3j\u00e1ra&#8230;"},"content":{"rendered":"<p><strong>Benedek Annik\u00f3: Gondolatok egy koncert marg\u00f3j\u00e1ra&#8230;<\/strong><\/p>\n<p>Amikor hallottam a hirdet\u00e9sekben, hogy lesz egy nagyon \u00e9rdekes koncert a templomunkban, \u00fagy d\u00f6nt\u00f6ttem, hogy kil\u00e9pek a rengeteg munk\u00e1b\u00f3l \u00e9s a szok\u00e1sos mindennapi rutinb\u00f3l, \u00e9s nem csak rekl\u00e1mozni fogom az ismer\u0151s\u00f6knek \u00e9s bar\u00e1toknak a koncertet, hanem \u00e9n magam is elmegyek.<\/p>\n<p>Nagyon k\u00edv\u00e1ncsi voltam a h\u00edres orgonam\u0171v\u00e9szre, Ella Istv\u00e1nra, \u00e9s az \u0151t k\u00eds\u00e9r\u0151 Bach k\u00f3rusra is.<\/p>\n<p>P\u00e1r napra r\u00e1 j\u00f6tt Imre atya k\u00e9r\u00e9se, hogy a vend\u00e9geket egy \u00e1g\u00e1p\u00e9val is meg kellene lepn\u00fcnk\u2026<\/p>\n<p>Nagyon sokan vettek r\u00e9szt a szervez\u00e9sben, mindannyiunk arra t\u00f6rekedt\u00fcnk, hogy mindent megtegy\u00fcnk annak \u00e9rdek\u00e9ben, hogy a vend\u00e9gek j\u00f3l \u00e9rezz\u00e9k magukat.<\/p>\n<p>V\u00e9gre el\u00e9rkezett a vas\u00e1rnap este. K\u00edv\u00e1ncsi \u00e9s t\u00fcrelmetlen arcok lest\u00e9k mikor l\u00e9pnek be a k\u00f3rus tagjai \u00e9s vezet\u0151j\u00fck, Ella Istv\u00e1n m\u0171v\u00e9sz \u00far. Bach, Kod\u00e1ly Zolt\u00e1n, Liszt Ferenc szerzem\u00e9nyeib\u0151l adtak el\u0151 \u2013 hol a k\u00f3ruson, hol pedig lenn, az olt\u00e1r m\u00f6g\u00f6tt. Egyik darab szebb \u00e9s meghat\u00f3bb volt, mint a m\u00e1sik. Nekem szem\u00e9lyesen a legjobban az utols\u00f3 r\u00e9sz tetszett: M\u00e1trai k\u00e9pek.<\/p>\n<p>A k\u00f6z\u00f6ss\u00e9g nagyon el volt ragadtatva \u00e9s n\u00e9h\u00e1ny p\u00e1r perces nagy tapssal fejezte ki h\u00e1l\u00e1j\u00e1t a lelkeket f\u00f6lemel\u0151 csod\u00e1latos koncert\u00e9rt.<\/p>\n<p>Koncert ut\u00e1n szorgos kezek egy d\u00fas vacsor\u00e1t var\u00e1zsoltak el\u0151 az egyh\u00e1zk\u00f6zs\u00e9g k\u00f6z\u00f6ss\u00e9gi term\u00e9ben. Mindannyian \u00f6r\u00f6mmel tett\u00fck. A besz\u00e9lget\u00e9sek a vend\u00e9gekkel \u00e9s a k\u00f6z\u00f6sen elfogyasztott vacsora, k\u00fcl\u00f6nleges volt, nem a megszokott. Semmi f\u00e1rads\u00e1got nem \u00e9rezt\u00fcnk a mintegy h\u00e1rom\u00f3r\u00e1s egy\u00fcttl\u00e9t \u00e9s szolg\u00e1lat ut\u00e1n\u2026<\/p>\n<p>Hazafel\u00e9 menet azt kellett meg\u00e1llap\u00edtanom, hogy er\u0151t mer\u00edthettem az eg\u00e9sz d\u00e9lut\u00e1ni \u00e9s esti programb\u00f3l, illetve tal\u00e1lkoz\u00e1sb\u00f3l!<\/p>\n<p>Gondolom m\u00e1sok \u00edgy voltak ezzel\u2026<\/p>\n<p>K\u00f6sz\u00f6n\u00f6m Ella Istv\u00e1n m\u0171v\u00e9sz \u00farnak \u00e9s a Bach k\u00f3rusnak azt a sok sz\u00e9p \u00e9neket, amivel elk\u00e1pr\u00e1ztattak \u00e9s megaj\u00e1nd\u00e9koztak benn\u00fcnket, illetve azt a sok k\u00fcl\u00f6nleges lelki \u00e9lm\u00e9nyt, amikben r\u00e9szes\u00fclhet\u00fcnk. Az \u00e9let m\u00e1r ilyen: min\u00e9l t\u00f6bbet adok, ann\u00e1l t\u00f6bbet kapok!<\/p>\n<p>A J\u00f3isten \u00e1ldja meg \u0151ket, hogy m\u00e9g sok ilyen koncerttel szerezhessenek \u00f6r\u00f6met m\u00e1soknak.<\/p>\n<p><em>Stuttgart, 2017-03-29.<\/em><\/p>\n<p><em>Benedek Annik\u00f3<\/em><\/p>\n<p>&nbsp;<\/p>\n","protected":false},"excerpt":{"rendered":"<p>Benedek Annik\u00f3: Gondolatok egy koncert marg\u00f3j\u00e1ra&#8230; Amikor hallottam a hirdet\u00e9sekben, hogy lesz egy nagyon \u00e9rdekes koncert a templomunkban, \u00fagy d\u00f6nt\u00f6ttem, hogy kil\u00e9pek a rengeteg munk\u00e1b\u00f3l \u00e9s a szok\u00e1sos mindennapi rutinb\u00f3l, \u00e9s nem csak rekl\u00e1mozni fogom az ismer\u0151s\u00f6knek \u00e9s bar\u00e1toknak a koncertet, hanem \u00e9n magam is elmegyek. Nagyon k\u00edv\u00e1ncsi voltam a h\u00edres orgonam\u0171v\u00e9szre, Ella Istv\u00e1nra, \u00e9s az \u0151t k\u00eds\u00e9r\u0151 Bach k\u00f3rusra is. P\u00e1r napra r\u00e1 j\u00f6tt Imre atya k\u00e9r\u00e9se, hogy a vend\u00e9geket egy \u00e1g\u00e1p\u00e9val is meg kellene lepn\u00fcnk\u2026 Nagyon sokan vettek r\u00e9szt a szervez\u00e9sben, mindannyiunk arra t\u00f6rekedt\u00fcnk, hogy mindent megtegy\u00fcnk annak \u00e9rdek\u00e9ben, hogy a vend\u00e9gek j\u00f3l \u00e9rezz\u00e9k magukat. V\u00e9gre el\u00e9rkezett a vas\u00e1rnap este. K\u00edv\u00e1ncsi \u00e9s t\u00fcrelmetlen arcok lest\u00e9k mikor l\u00e9pnek be a k\u00f3rus tagjai \u00e9s vezet\u0151j\u00fck, Ella Istv\u00e1n m\u0171v\u00e9sz \u00far. Bach, Kod\u00e1ly Zolt\u00e1n, Liszt Ferenc szerzem\u00e9nyeib\u0151l adtak el\u0151 \u2013 hol a k\u00f3ruson, hol pedig lenn, az olt\u00e1r m\u00f6g\u00f6tt. Egyik darab szebb \u00e9s meghat\u00f3bb volt, mint a m\u00e1sik. Nekem szem\u00e9lyesen a legjobban az utols\u00f3 r\u00e9sz tetszett: M\u00e1trai k\u00e9pek. A k\u00f6z\u00f6ss\u00e9g nagyon el volt ragadtatva \u00e9s n\u00e9h\u00e1ny p\u00e1r perces nagy tapssal fejezte ki h\u00e1l\u00e1j\u00e1t a lelkeket f\u00f6lemel\u0151 csod\u00e1latos koncert\u00e9rt. Koncert ut\u00e1n szorgos kezek egy d\u00fas vacsor\u00e1t var\u00e1zsoltak el\u0151 az egyh\u00e1zk\u00f6zs\u00e9g k\u00f6z\u00f6ss\u00e9gi term\u00e9ben. Mindannyian \u00f6r\u00f6mmel tett\u00fck. A besz\u00e9lget\u00e9sek a vend\u00e9gekkel \u00e9s a k\u00f6z\u00f6sen elfogyasztott vacsora, k\u00fcl\u00f6nleges volt, nem a megszokott. Semmi f\u00e1rads\u00e1got nem \u00e9rezt\u00fcnk a mintegy h\u00e1rom\u00f3r\u00e1s egy\u00fcttl\u00e9t \u00e9s szolg\u00e1lat ut\u00e1n\u2026 Hazafel\u00e9 menet azt kellett meg\u00e1llap\u00edtanom, hogy er\u0151t mer\u00edthettem az eg\u00e9sz d\u00e9lut\u00e1ni \u00e9s esti programb\u00f3l, illetve tal\u00e1lkoz\u00e1sb\u00f3l! Gondolom m\u00e1sok \u00edgy voltak ezzel\u2026 K\u00f6sz\u00f6n\u00f6m Ella Istv\u00e1n m\u0171v\u00e9sz \u00farnak \u00e9s a Bach k\u00f3rusnak azt a sok sz\u00e9p \u00e9neket, amivel elk\u00e1pr\u00e1ztattak \u00e9s megaj\u00e1nd\u00e9koztak benn\u00fcnket, illetve azt a sok k\u00fcl\u00f6nleges lelki \u00e9lm\u00e9nyt, amikben r\u00e9szes\u00fclhet\u00fcnk. Az \u00e9let m\u00e1r ilyen: min\u00e9l t\u00f6bbet adok, ann\u00e1l t\u00f6bbet kapok! A J\u00f3isten \u00e1ldja meg \u0151ket, hogy m\u00e9g sok ilyen koncerttel szerezhessenek \u00f6r\u00f6met m\u00e1soknak. Stuttgart, 2017-03-29. Benedek Annik\u00f3 &nbsp;<\/p>\n","protected":false},"author":3,"featured_media":0,"comment_status":"closed","ping_status":"closed","sticky":false,"template":"","format":"standard","meta":{"footnotes":""},"categories":[28],"tags":[],"class_list":["post-11624","post","type-post","status-publish","format-standard","hentry","category-olvasoink-irjak"],"yoast_head":"<!-- This site is optimized with the Yoast SEO plugin v27.3 - https:\/\/yoast.com\/product\/yoast-seo-wordpress\/ -->\n<title>Benedek Annik\u00f3: Gondolatok egy koncert marg\u00f3j\u00e1ra... - Stuttgarti Katolikusok<\/title>\n<meta name=\"robots\" content=\"index, follow, max-snippet:-1, max-image-preview:large, max-video-preview:-1\" \/>\n<link rel=\"canonical\" href=\"https:\/\/stuttgarti-katolikusok.de\/index.php\/benedek-anniko-gondolatok-egy-koncert-margojara\/\" \/>\n<meta property=\"og:locale\" content=\"hu_HU\" \/>\n<meta property=\"og:type\" content=\"article\" \/>\n<meta property=\"og:title\" content=\"Benedek Annik\u00f3: Gondolatok egy koncert marg\u00f3j\u00e1ra... - Stuttgarti Katolikusok\" \/>\n<meta property=\"og:description\" content=\"Benedek Annik\u00f3: Gondolatok egy koncert marg\u00f3j\u00e1ra&#8230; Amikor hallottam a hirdet\u00e9sekben, hogy lesz egy nagyon \u00e9rdekes koncert a templomunkban, \u00fagy d\u00f6nt\u00f6ttem, hogy kil\u00e9pek a rengeteg munk\u00e1b\u00f3l \u00e9s a szok\u00e1sos mindennapi rutinb\u00f3l, \u00e9s nem csak rekl\u00e1mozni fogom az ismer\u0151s\u00f6knek \u00e9s bar\u00e1toknak a koncertet, hanem \u00e9n magam is elmegyek. Nagyon k\u00edv\u00e1ncsi voltam a h\u00edres orgonam\u0171v\u00e9szre, Ella Istv\u00e1nra, \u00e9s az \u0151t k\u00eds\u00e9r\u0151 Bach k\u00f3rusra is. P\u00e1r napra r\u00e1 j\u00f6tt Imre atya k\u00e9r\u00e9se, hogy a vend\u00e9geket egy \u00e1g\u00e1p\u00e9val is meg kellene lepn\u00fcnk\u2026 Nagyon sokan vettek r\u00e9szt a szervez\u00e9sben, mindannyiunk arra t\u00f6rekedt\u00fcnk, hogy mindent megtegy\u00fcnk annak \u00e9rdek\u00e9ben, hogy a vend\u00e9gek j\u00f3l \u00e9rezz\u00e9k magukat. V\u00e9gre el\u00e9rkezett a vas\u00e1rnap este. K\u00edv\u00e1ncsi \u00e9s t\u00fcrelmetlen arcok lest\u00e9k mikor l\u00e9pnek be a k\u00f3rus tagjai \u00e9s vezet\u0151j\u00fck, Ella Istv\u00e1n m\u0171v\u00e9sz \u00far. Bach, Kod\u00e1ly Zolt\u00e1n, Liszt Ferenc szerzem\u00e9nyeib\u0151l adtak el\u0151 \u2013 hol a k\u00f3ruson, hol pedig lenn, az olt\u00e1r m\u00f6g\u00f6tt. Egyik darab szebb \u00e9s meghat\u00f3bb volt, mint a m\u00e1sik. Nekem szem\u00e9lyesen a legjobban az utols\u00f3 r\u00e9sz tetszett: M\u00e1trai k\u00e9pek. A k\u00f6z\u00f6ss\u00e9g nagyon el volt ragadtatva \u00e9s n\u00e9h\u00e1ny p\u00e1r perces nagy tapssal fejezte ki h\u00e1l\u00e1j\u00e1t a lelkeket f\u00f6lemel\u0151 csod\u00e1latos koncert\u00e9rt. Koncert ut\u00e1n szorgos kezek egy d\u00fas vacsor\u00e1t var\u00e1zsoltak el\u0151 az egyh\u00e1zk\u00f6zs\u00e9g k\u00f6z\u00f6ss\u00e9gi term\u00e9ben. Mindannyian \u00f6r\u00f6mmel tett\u00fck. A besz\u00e9lget\u00e9sek a vend\u00e9gekkel \u00e9s a k\u00f6z\u00f6sen elfogyasztott vacsora, k\u00fcl\u00f6nleges volt, nem a megszokott. Semmi f\u00e1rads\u00e1got nem \u00e9rezt\u00fcnk a mintegy h\u00e1rom\u00f3r\u00e1s egy\u00fcttl\u00e9t \u00e9s szolg\u00e1lat ut\u00e1n\u2026 Hazafel\u00e9 menet azt kellett meg\u00e1llap\u00edtanom, hogy er\u0151t mer\u00edthettem az eg\u00e9sz d\u00e9lut\u00e1ni \u00e9s esti programb\u00f3l, illetve tal\u00e1lkoz\u00e1sb\u00f3l! Gondolom m\u00e1sok \u00edgy voltak ezzel\u2026 K\u00f6sz\u00f6n\u00f6m Ella Istv\u00e1n m\u0171v\u00e9sz \u00farnak \u00e9s a Bach k\u00f3rusnak azt a sok sz\u00e9p \u00e9neket, amivel elk\u00e1pr\u00e1ztattak \u00e9s megaj\u00e1nd\u00e9koztak benn\u00fcnket, illetve azt a sok k\u00fcl\u00f6nleges lelki \u00e9lm\u00e9nyt, amikben r\u00e9szes\u00fclhet\u00fcnk. Az \u00e9let m\u00e1r ilyen: min\u00e9l t\u00f6bbet adok, ann\u00e1l t\u00f6bbet kapok! A J\u00f3isten \u00e1ldja meg \u0151ket, hogy m\u00e9g sok ilyen koncerttel szerezhessenek \u00f6r\u00f6met m\u00e1soknak. Stuttgart, 2017-03-29. Benedek Annik\u00f3 &nbsp;\" \/>\n<meta property=\"og:url\" content=\"https:\/\/stuttgarti-katolikusok.de\/index.php\/benedek-anniko-gondolatok-egy-koncert-margojara\/\" \/>\n<meta property=\"og:site_name\" content=\"Stuttgarti Katolikusok\" \/>\n<meta property=\"article:published_time\" content=\"2017-03-29T13:54:52+00:00\" \/>\n<meta property=\"article:modified_time\" content=\"2017-03-30T10:11:00+00:00\" \/>\n<meta name=\"author\" content=\"Tibor atya\" \/>\n<meta name=\"twitter:card\" content=\"summary_large_image\" \/>\n<meta name=\"twitter:label1\" content=\"Szerz\u0151:\" \/>\n\t<meta name=\"twitter:data1\" content=\"Tibor atya\" \/>\n\t<meta name=\"twitter:label2\" content=\"Becs\u00fclt olvas\u00e1si id\u0151\" \/>\n\t<meta name=\"twitter:data2\" content=\"2 perc\" \/>\n<script type=\"application\/ld+json\" class=\"yoast-schema-graph\">{\"@context\":\"https:\\\/\\\/schema.org\",\"@graph\":[{\"@type\":\"Article\",\"@id\":\"https:\\\/\\\/stuttgarti-katolikusok.de\\\/index.php\\\/benedek-anniko-gondolatok-egy-koncert-margojara\\\/#article\",\"isPartOf\":{\"@id\":\"https:\\\/\\\/stuttgarti-katolikusok.de\\\/index.php\\\/benedek-anniko-gondolatok-egy-koncert-margojara\\\/\"},\"author\":{\"name\":\"Tibor atya\",\"@id\":\"https:\\\/\\\/stuttgarti-katolikusok.de\\\/#\\\/schema\\\/person\\\/75908d6f8fdc03a57889d27209df7795\"},\"headline\":\"Benedek Annik\u00f3: Gondolatok egy koncert marg\u00f3j\u00e1ra&#8230;\",\"datePublished\":\"2017-03-29T13:54:52+00:00\",\"dateModified\":\"2017-03-30T10:11:00+00:00\",\"mainEntityOfPage\":{\"@id\":\"https:\\\/\\\/stuttgarti-katolikusok.de\\\/index.php\\\/benedek-anniko-gondolatok-egy-koncert-margojara\\\/\"},\"wordCount\":452,\"articleSection\":[\"Olvas\u00f3ink \u00edrj\u00e1k\"],\"inLanguage\":\"hu\"},{\"@type\":\"WebPage\",\"@id\":\"https:\\\/\\\/stuttgarti-katolikusok.de\\\/index.php\\\/benedek-anniko-gondolatok-egy-koncert-margojara\\\/\",\"url\":\"https:\\\/\\\/stuttgarti-katolikusok.de\\\/index.php\\\/benedek-anniko-gondolatok-egy-koncert-margojara\\\/\",\"name\":\"Benedek Annik\u00f3: Gondolatok egy koncert marg\u00f3j\u00e1ra... - Stuttgarti Katolikusok\",\"isPartOf\":{\"@id\":\"https:\\\/\\\/stuttgarti-katolikusok.de\\\/#website\"},\"datePublished\":\"2017-03-29T13:54:52+00:00\",\"dateModified\":\"2017-03-30T10:11:00+00:00\",\"author\":{\"@id\":\"https:\\\/\\\/stuttgarti-katolikusok.de\\\/#\\\/schema\\\/person\\\/75908d6f8fdc03a57889d27209df7795\"},\"breadcrumb\":{\"@id\":\"https:\\\/\\\/stuttgarti-katolikusok.de\\\/index.php\\\/benedek-anniko-gondolatok-egy-koncert-margojara\\\/#breadcrumb\"},\"inLanguage\":\"hu\",\"potentialAction\":[{\"@type\":\"ReadAction\",\"target\":[\"https:\\\/\\\/stuttgarti-katolikusok.de\\\/index.php\\\/benedek-anniko-gondolatok-egy-koncert-margojara\\\/\"]}]},{\"@type\":\"BreadcrumbList\",\"@id\":\"https:\\\/\\\/stuttgarti-katolikusok.de\\\/index.php\\\/benedek-anniko-gondolatok-egy-koncert-margojara\\\/#breadcrumb\",\"itemListElement\":[{\"@type\":\"ListItem\",\"position\":1,\"name\":\"Kezd\u0151lap\",\"item\":\"https:\\\/\\\/stuttgarti-katolikusok.de\\\/\"},{\"@type\":\"ListItem\",\"position\":2,\"name\":\"Benedek Annik\u00f3: Gondolatok egy koncert marg\u00f3j\u00e1ra&#8230;\"}]},{\"@type\":\"WebSite\",\"@id\":\"https:\\\/\\\/stuttgarti-katolikusok.de\\\/#website\",\"url\":\"https:\\\/\\\/stuttgarti-katolikusok.de\\\/\",\"name\":\"Stuttgarti Katolikusok\",\"description\":\"\",\"potentialAction\":[{\"@type\":\"SearchAction\",\"target\":{\"@type\":\"EntryPoint\",\"urlTemplate\":\"https:\\\/\\\/stuttgarti-katolikusok.de\\\/?s={search_term_string}\"},\"query-input\":{\"@type\":\"PropertyValueSpecification\",\"valueRequired\":true,\"valueName\":\"search_term_string\"}}],\"inLanguage\":\"hu\"},{\"@type\":\"Person\",\"@id\":\"https:\\\/\\\/stuttgarti-katolikusok.de\\\/#\\\/schema\\\/person\\\/75908d6f8fdc03a57889d27209df7795\",\"name\":\"Tibor atya\",\"image\":{\"@type\":\"ImageObject\",\"inLanguage\":\"hu\",\"@id\":\"https:\\\/\\\/secure.gravatar.com\\\/avatar\\\/61d268e57d1f4525b111222e29d2d5a7f8c420fdbf231ba5566a8ceac74fa960?s=96&d=mm&r=g\",\"url\":\"https:\\\/\\\/secure.gravatar.com\\\/avatar\\\/61d268e57d1f4525b111222e29d2d5a7f8c420fdbf231ba5566a8ceac74fa960?s=96&d=mm&r=g\",\"contentUrl\":\"https:\\\/\\\/secure.gravatar.com\\\/avatar\\\/61d268e57d1f4525b111222e29d2d5a7f8c420fdbf231ba5566a8ceac74fa960?s=96&d=mm&r=g\",\"caption\":\"Tibor atya\"},\"url\":\"https:\\\/\\\/stuttgarti-katolikusok.de\\\/index.php\\\/author\\\/tibor-atya\\\/\"}]}<\/script>\n<!-- \/ Yoast SEO plugin. -->","yoast_head_json":{"title":"Benedek Annik\u00f3: Gondolatok egy koncert marg\u00f3j\u00e1ra... - Stuttgarti Katolikusok","robots":{"index":"index","follow":"follow","max-snippet":"max-snippet:-1","max-image-preview":"max-image-preview:large","max-video-preview":"max-video-preview:-1"},"canonical":"https:\/\/stuttgarti-katolikusok.de\/index.php\/benedek-anniko-gondolatok-egy-koncert-margojara\/","og_locale":"hu_HU","og_type":"article","og_title":"Benedek Annik\u00f3: Gondolatok egy koncert marg\u00f3j\u00e1ra... - Stuttgarti Katolikusok","og_description":"Benedek Annik\u00f3: Gondolatok egy koncert marg\u00f3j\u00e1ra&#8230; Amikor hallottam a hirdet\u00e9sekben, hogy lesz egy nagyon \u00e9rdekes koncert a templomunkban, \u00fagy d\u00f6nt\u00f6ttem, hogy kil\u00e9pek a rengeteg munk\u00e1b\u00f3l \u00e9s a szok\u00e1sos mindennapi rutinb\u00f3l, \u00e9s nem csak rekl\u00e1mozni fogom az ismer\u0151s\u00f6knek \u00e9s bar\u00e1toknak a koncertet, hanem \u00e9n magam is elmegyek. Nagyon k\u00edv\u00e1ncsi voltam a h\u00edres orgonam\u0171v\u00e9szre, Ella Istv\u00e1nra, \u00e9s az \u0151t k\u00eds\u00e9r\u0151 Bach k\u00f3rusra is. P\u00e1r napra r\u00e1 j\u00f6tt Imre atya k\u00e9r\u00e9se, hogy a vend\u00e9geket egy \u00e1g\u00e1p\u00e9val is meg kellene lepn\u00fcnk\u2026 Nagyon sokan vettek r\u00e9szt a szervez\u00e9sben, mindannyiunk arra t\u00f6rekedt\u00fcnk, hogy mindent megtegy\u00fcnk annak \u00e9rdek\u00e9ben, hogy a vend\u00e9gek j\u00f3l \u00e9rezz\u00e9k magukat. V\u00e9gre el\u00e9rkezett a vas\u00e1rnap este. K\u00edv\u00e1ncsi \u00e9s t\u00fcrelmetlen arcok lest\u00e9k mikor l\u00e9pnek be a k\u00f3rus tagjai \u00e9s vezet\u0151j\u00fck, Ella Istv\u00e1n m\u0171v\u00e9sz \u00far. Bach, Kod\u00e1ly Zolt\u00e1n, Liszt Ferenc szerzem\u00e9nyeib\u0151l adtak el\u0151 \u2013 hol a k\u00f3ruson, hol pedig lenn, az olt\u00e1r m\u00f6g\u00f6tt. Egyik darab szebb \u00e9s meghat\u00f3bb volt, mint a m\u00e1sik. Nekem szem\u00e9lyesen a legjobban az utols\u00f3 r\u00e9sz tetszett: M\u00e1trai k\u00e9pek. A k\u00f6z\u00f6ss\u00e9g nagyon el volt ragadtatva \u00e9s n\u00e9h\u00e1ny p\u00e1r perces nagy tapssal fejezte ki h\u00e1l\u00e1j\u00e1t a lelkeket f\u00f6lemel\u0151 csod\u00e1latos koncert\u00e9rt. Koncert ut\u00e1n szorgos kezek egy d\u00fas vacsor\u00e1t var\u00e1zsoltak el\u0151 az egyh\u00e1zk\u00f6zs\u00e9g k\u00f6z\u00f6ss\u00e9gi term\u00e9ben. Mindannyian \u00f6r\u00f6mmel tett\u00fck. A besz\u00e9lget\u00e9sek a vend\u00e9gekkel \u00e9s a k\u00f6z\u00f6sen elfogyasztott vacsora, k\u00fcl\u00f6nleges volt, nem a megszokott. Semmi f\u00e1rads\u00e1got nem \u00e9rezt\u00fcnk a mintegy h\u00e1rom\u00f3r\u00e1s egy\u00fcttl\u00e9t \u00e9s szolg\u00e1lat ut\u00e1n\u2026 Hazafel\u00e9 menet azt kellett meg\u00e1llap\u00edtanom, hogy er\u0151t mer\u00edthettem az eg\u00e9sz d\u00e9lut\u00e1ni \u00e9s esti programb\u00f3l, illetve tal\u00e1lkoz\u00e1sb\u00f3l! Gondolom m\u00e1sok \u00edgy voltak ezzel\u2026 K\u00f6sz\u00f6n\u00f6m Ella Istv\u00e1n m\u0171v\u00e9sz \u00farnak \u00e9s a Bach k\u00f3rusnak azt a sok sz\u00e9p \u00e9neket, amivel elk\u00e1pr\u00e1ztattak \u00e9s megaj\u00e1nd\u00e9koztak benn\u00fcnket, illetve azt a sok k\u00fcl\u00f6nleges lelki \u00e9lm\u00e9nyt, amikben r\u00e9szes\u00fclhet\u00fcnk. Az \u00e9let m\u00e1r ilyen: min\u00e9l t\u00f6bbet adok, ann\u00e1l t\u00f6bbet kapok! A J\u00f3isten \u00e1ldja meg \u0151ket, hogy m\u00e9g sok ilyen koncerttel szerezhessenek \u00f6r\u00f6met m\u00e1soknak. Stuttgart, 2017-03-29. Benedek Annik\u00f3 &nbsp;","og_url":"https:\/\/stuttgarti-katolikusok.de\/index.php\/benedek-anniko-gondolatok-egy-koncert-margojara\/","og_site_name":"Stuttgarti Katolikusok","article_published_time":"2017-03-29T13:54:52+00:00","article_modified_time":"2017-03-30T10:11:00+00:00","author":"Tibor atya","twitter_card":"summary_large_image","twitter_misc":{"Szerz\u0151:":"Tibor atya","Becs\u00fclt olvas\u00e1si id\u0151":"2 perc"},"schema":{"@context":"https:\/\/schema.org","@graph":[{"@type":"Article","@id":"https:\/\/stuttgarti-katolikusok.de\/index.php\/benedek-anniko-gondolatok-egy-koncert-margojara\/#article","isPartOf":{"@id":"https:\/\/stuttgarti-katolikusok.de\/index.php\/benedek-anniko-gondolatok-egy-koncert-margojara\/"},"author":{"name":"Tibor atya","@id":"https:\/\/stuttgarti-katolikusok.de\/#\/schema\/person\/75908d6f8fdc03a57889d27209df7795"},"headline":"Benedek Annik\u00f3: Gondolatok egy koncert marg\u00f3j\u00e1ra&#8230;","datePublished":"2017-03-29T13:54:52+00:00","dateModified":"2017-03-30T10:11:00+00:00","mainEntityOfPage":{"@id":"https:\/\/stuttgarti-katolikusok.de\/index.php\/benedek-anniko-gondolatok-egy-koncert-margojara\/"},"wordCount":452,"articleSection":["Olvas\u00f3ink \u00edrj\u00e1k"],"inLanguage":"hu"},{"@type":"WebPage","@id":"https:\/\/stuttgarti-katolikusok.de\/index.php\/benedek-anniko-gondolatok-egy-koncert-margojara\/","url":"https:\/\/stuttgarti-katolikusok.de\/index.php\/benedek-anniko-gondolatok-egy-koncert-margojara\/","name":"Benedek Annik\u00f3: Gondolatok egy koncert marg\u00f3j\u00e1ra... - Stuttgarti Katolikusok","isPartOf":{"@id":"https:\/\/stuttgarti-katolikusok.de\/#website"},"datePublished":"2017-03-29T13:54:52+00:00","dateModified":"2017-03-30T10:11:00+00:00","author":{"@id":"https:\/\/stuttgarti-katolikusok.de\/#\/schema\/person\/75908d6f8fdc03a57889d27209df7795"},"breadcrumb":{"@id":"https:\/\/stuttgarti-katolikusok.de\/index.php\/benedek-anniko-gondolatok-egy-koncert-margojara\/#breadcrumb"},"inLanguage":"hu","potentialAction":[{"@type":"ReadAction","target":["https:\/\/stuttgarti-katolikusok.de\/index.php\/benedek-anniko-gondolatok-egy-koncert-margojara\/"]}]},{"@type":"BreadcrumbList","@id":"https:\/\/stuttgarti-katolikusok.de\/index.php\/benedek-anniko-gondolatok-egy-koncert-margojara\/#breadcrumb","itemListElement":[{"@type":"ListItem","position":1,"name":"Kezd\u0151lap","item":"https:\/\/stuttgarti-katolikusok.de\/"},{"@type":"ListItem","position":2,"name":"Benedek Annik\u00f3: Gondolatok egy koncert marg\u00f3j\u00e1ra&#8230;"}]},{"@type":"WebSite","@id":"https:\/\/stuttgarti-katolikusok.de\/#website","url":"https:\/\/stuttgarti-katolikusok.de\/","name":"Stuttgarti Katolikusok","description":"","potentialAction":[{"@type":"SearchAction","target":{"@type":"EntryPoint","urlTemplate":"https:\/\/stuttgarti-katolikusok.de\/?s={search_term_string}"},"query-input":{"@type":"PropertyValueSpecification","valueRequired":true,"valueName":"search_term_string"}}],"inLanguage":"hu"},{"@type":"Person","@id":"https:\/\/stuttgarti-katolikusok.de\/#\/schema\/person\/75908d6f8fdc03a57889d27209df7795","name":"Tibor atya","image":{"@type":"ImageObject","inLanguage":"hu","@id":"https:\/\/secure.gravatar.com\/avatar\/61d268e57d1f4525b111222e29d2d5a7f8c420fdbf231ba5566a8ceac74fa960?s=96&d=mm&r=g","url":"https:\/\/secure.gravatar.com\/avatar\/61d268e57d1f4525b111222e29d2d5a7f8c420fdbf231ba5566a8ceac74fa960?s=96&d=mm&r=g","contentUrl":"https:\/\/secure.gravatar.com\/avatar\/61d268e57d1f4525b111222e29d2d5a7f8c420fdbf231ba5566a8ceac74fa960?s=96&d=mm&r=g","caption":"Tibor atya"},"url":"https:\/\/stuttgarti-katolikusok.de\/index.php\/author\/tibor-atya\/"}]}},"_links":{"self":[{"href":"https:\/\/stuttgarti-katolikusok.de\/index.php\/wp-json\/wp\/v2\/posts\/11624","targetHints":{"allow":["GET"]}}],"collection":[{"href":"https:\/\/stuttgarti-katolikusok.de\/index.php\/wp-json\/wp\/v2\/posts"}],"about":[{"href":"https:\/\/stuttgarti-katolikusok.de\/index.php\/wp-json\/wp\/v2\/types\/post"}],"author":[{"embeddable":true,"href":"https:\/\/stuttgarti-katolikusok.de\/index.php\/wp-json\/wp\/v2\/users\/3"}],"replies":[{"embeddable":true,"href":"https:\/\/stuttgarti-katolikusok.de\/index.php\/wp-json\/wp\/v2\/comments?post=11624"}],"version-history":[{"count":5,"href":"https:\/\/stuttgarti-katolikusok.de\/index.php\/wp-json\/wp\/v2\/posts\/11624\/revisions"}],"predecessor-version":[{"id":11631,"href":"https:\/\/stuttgarti-katolikusok.de\/index.php\/wp-json\/wp\/v2\/posts\/11624\/revisions\/11631"}],"wp:attachment":[{"href":"https:\/\/stuttgarti-katolikusok.de\/index.php\/wp-json\/wp\/v2\/media?parent=11624"}],"wp:term":[{"taxonomy":"category","embeddable":true,"href":"https:\/\/stuttgarti-katolikusok.de\/index.php\/wp-json\/wp\/v2\/categories?post=11624"},{"taxonomy":"post_tag","embeddable":true,"href":"https:\/\/stuttgarti-katolikusok.de\/index.php\/wp-json\/wp\/v2\/tags?post=11624"}],"curies":[{"name":"wp","href":"https:\/\/api.w.org\/{rel}","templated":true}]}}