{"id":11446,"date":"2017-03-07T19:12:24","date_gmt":"2017-03-07T19:12:24","guid":{"rendered":"https:\/\/gracious-dewdney.138-201-221-2.plesk.page\/?p=11446"},"modified":"2020-04-27T15:42:16","modified_gmt":"2020-04-27T15:42:16","slug":"gyogyult-lelekkel-isten-elebe","status":"publish","type":"post","link":"https:\/\/stuttgarti-katolikusok.de\/index.php\/gyogyult-lelekkel-isten-elebe\/","title":{"rendered":"Schutheis \u00c9va: Gy\u00f3gyult l\u00e9lekkel Isten el\u00e9be&#8230;"},"content":{"rendered":"<p><strong>Gy\u00f3gyult l\u00e9lekkel Isten el\u00e9be&#8230;.<\/strong><br \/>\nAlig k\u00e9t h\u00f3nappal kar\u00e1csony ut\u00e1n, az \u00fcnnep akkori t\u00falf\u0171t\u00f6tt, patetikus pillanat\u00e1ban megfogant hovatartoz\u00e1si sz\u00e1nd\u00e9kom, a kimondott, csillog\u00f3 igenem mostanra kopottasan v\u00e1rja az \u00fajabb csod\u00e1t, amely tal\u00e1n kiz\u00f6kkentheti abb\u00f3l a letargikus \u00e1llapotb\u00f3l, amit a hossz\u00fara sikeredett t\u00e9l \u00e9s a rem\u00e9nytelen tavaszv\u00e1r\u00e1s, napi k\u00fczdelmeim, a szok\u00e1sos emberi sir\u00e1mok m\u00e1ra \u00fagy kimostak bel\u0151lem, mint a lejt\u0151kr\u0151l lezuhan\u00f3 heves \u00e1rad\u00e1sok a gy\u00f6k\u00e9rtelen f\u00e1k talaj\u00e1t.<br \/>\nPedig kar\u00e1csonynak k\u00f6vetkezm\u00e9nye van, melynek l\u00e9nyeg\u00e9t V\u00edzkereszt hordozza legink\u00e1bb. J\u00e9zus nyilv\u00e1nos m\u0171k\u00f6d\u00e9s\u00e9nek kezdet\u00e9n Keresztel\u0151 Szent J\u00e1nos gyakorlatilag m\u00e1r mindent elmond a Messi\u00e1sr\u00f3l.<\/p>\n<p>Kijelent\u00e9s\u00e9ben cs\u00facsosodik magasra az el\u0151revet\u00edtett, b\u0171n\u00f6k miatt elhordozott szenved\u00e9s, a h\u00fasv\u00e9t \u00e9s a felt\u00e1mad\u00e1s.<\/p>\n<p>&#8222;\u00cdme az Isten B\u00e1r\u00e1nya&#8221;, \u00edme a titok, aki \u00e1tviszi a sz\u00fclet\u00e9st a hal\u00e1lba, hogy azt\u00e1n megdics\u0151\u00fclve, az \u00e9let v\u00e9gtelens\u00e9g\u00e9t hordozva \u00faj t\u00e1vlatokat nyisson el\u0151tt\u00fcnk&#8230;<\/p>\n<p>L\u00e1tszatra fel sem t\u0171nik, hogy a fent elhangzott mondat a szent\u00e1ldoz\u00e1s szertart\u00e1s\u00e1nak\u00a0szerves r\u00e9sze&#8230;<br \/>\nMennyire el\u00e9g ez az \u00fczenet? \u00c1tmenthet-e minket napi gondjaink k\u00f6zepette egy feltehet\u0151en sokkal fontosabb \u00e9s magasabb eszme \u00e9rdek\u00e9ben? Mennyire \u0151szinte a v\u00e1laszunk, amely saj\u00e1t m\u00e9lt\u00f3s\u00e1gunkat is k\u00e9ts\u00e9gbe vonja? Mire el\u00e9g az az egyetlen sz\u00f3, amelyre \u00farfelmutat\u00e1skor t\u00e9rden \u00e1llva, lehajtott fejjel, sz\u00edvre tett k\u00e9zzel \u00e1h\u00edtozunk? Meg\u00e9rtj\u00fck-e a titkot? S ha igen, mennyire lehet\u00fcnk el\u00e9gedettek a megszerzett \u00e9letb\u00f6lcsess\u00e9ggel, a benn\u00fcnk szunnyad\u00f3 hittel, lelkiismerettel, magatart\u00e1sm\u00f3ddal? Elegend\u0151-e a rendelkez\u00e9s\u00fcnkre \u00e1ll\u00f3 id\u0151, a sz\u00e1nd\u00e9k, melynek birtok\u00e1ban sokszor csapnival\u00f3an, sokszor mesterien -legal\u00e1bb is mi \u00fagy hissz\u00fck- szervezz\u00fck az \u00e9letet?<\/p>\n<p>Mire van igaz\u00e1n sz\u00fcks\u00e9g? Mi\u00e9rt el\u00e9gsz\u00fcnk meg kev\u00e9ssel, ha lehetne sokkal t\u00f6bb is? S mi a t\u00f6bb? Mikor el\u00e9g az el\u00e9g? Mit \u00e9r a megszerzett boldogs\u00e1g megszenvedett t\u00f6rekv\u00e9sek t\u00fckr\u00e9ben? Elegend\u0151-e mindez?<\/p>\n<p>Avilai Szent Ter\u00e9z egyetlen mondata r\u00e1vil\u00e1g\u00edt a l\u00e9nyegre: Ha ti\u00e9d az Isten, ti\u00e9d minden, mert &#8222;Isten egyed\u00fcl el\u00e9g&#8221;.<\/p>\n<p>El\u00e9g, hogy meg\u00e9rts\u00fck \u00e9s felfedezz\u00fck magunkban a sz\u00e1nd\u00e9kot, \u00a0amely oda mer hajolni, lemeri tenni a botl\u00e1st, hib\u00e1s d\u00f6nt\u00e9st, bes\u00e1rozott m\u00faltat, amely n\u00e9hanap tal\u00e1n \u0151szint\u00e9nek is t\u0171nhet, legal\u00e1bb a Krisztussal val\u00f3 egys\u00e9g pillanat\u00e1ban&#8230;<br \/>\nA befel\u00e9 tekint\u00e9s idej\u00e9t \u00e9lj\u00fck, halljuk meg tudatosan a hozz\u00e1nk int\u00e9zett szavakat, legyen a v\u00e1gy \u00e9s az odahajl\u00e1s tiszta&#8230; ne csak a szent negyven napon&#8230;<br \/>\nUram nem vagyok m\u00e9lt\u00f3, hogy befogadjalak, de el\u00e9g egyetlen sz\u00f3, \u00e9s meggy\u00f3gyul az \u00e9n lelkem&#8230;<\/p>\n<p><em>Schultheis \u00c9va<\/em><\/p>\n<p>K\u00e9p: Brindisi, Chiesa di Santa Maria del Casale &#8211; Fresk\u00f3r\u00e9szlet (<a href=\"http:\/\/brundarte.wordpress.com\">brundarte.wordpress.com<\/a>)<\/p>\n<p>&nbsp;<\/p>\n<p>&nbsp;<\/p>\n<p>&nbsp;<\/p>\n<p>&nbsp;<\/p>\n","protected":false},"excerpt":{"rendered":"<p>Gy\u00f3gyult l\u00e9lekkel Isten el\u00e9be&#8230;. Alig k\u00e9t h\u00f3nappal kar\u00e1csony ut\u00e1n, az \u00fcnnep akkori t\u00falf\u0171t\u00f6tt, patetikus pillanat\u00e1ban megfogant hovatartoz\u00e1si sz\u00e1nd\u00e9kom, a kimondott, csillog\u00f3 igenem mostanra kopottasan v\u00e1rja az \u00fajabb csod\u00e1t, amely tal\u00e1n kiz\u00f6kkentheti abb\u00f3l a letargikus \u00e1llapotb\u00f3l, amit a hossz\u00fara sikeredett t\u00e9l \u00e9s a rem\u00e9nytelen tavaszv\u00e1r\u00e1s, napi k\u00fczdelmeim, a szok\u00e1sos emberi sir\u00e1mok m\u00e1ra \u00fagy kimostak bel\u0151lem, mint a lejt\u0151kr\u0151l lezuhan\u00f3 heves \u00e1rad\u00e1sok a gy\u00f6k\u00e9rtelen f\u00e1k talaj\u00e1t. Pedig kar\u00e1csonynak k\u00f6vetkezm\u00e9nye van, melynek l\u00e9nyeg\u00e9t V\u00edzkereszt hordozza legink\u00e1bb. J\u00e9zus nyilv\u00e1nos m\u0171k\u00f6d\u00e9s\u00e9nek kezdet\u00e9n Keresztel\u0151 Szent J\u00e1nos gyakorlatilag m\u00e1r mindent elmond a Messi\u00e1sr\u00f3l. Kijelent\u00e9s\u00e9ben cs\u00facsosodik magasra az el\u0151revet\u00edtett, b\u0171n\u00f6k miatt elhordozott szenved\u00e9s, a h\u00fasv\u00e9t \u00e9s a felt\u00e1mad\u00e1s. &#8222;\u00cdme az Isten B\u00e1r\u00e1nya&#8221;, \u00edme a titok, aki \u00e1tviszi a sz\u00fclet\u00e9st a hal\u00e1lba, hogy azt\u00e1n megdics\u0151\u00fclve, az \u00e9let v\u00e9gtelens\u00e9g\u00e9t hordozva \u00faj t\u00e1vlatokat nyisson el\u0151tt\u00fcnk&#8230; L\u00e1tszatra fel sem t\u0171nik, hogy a fent elhangzott mondat a szent\u00e1ldoz\u00e1s szertart\u00e1s\u00e1nak\u00a0szerves r\u00e9sze&#8230; Mennyire el\u00e9g ez az \u00fczenet? \u00c1tmenthet-e minket napi gondjaink k\u00f6zepette egy feltehet\u0151en sokkal fontosabb \u00e9s magasabb eszme \u00e9rdek\u00e9ben? Mennyire \u0151szinte a v\u00e1laszunk, amely saj\u00e1t m\u00e9lt\u00f3s\u00e1gunkat is k\u00e9ts\u00e9gbe vonja? Mire el\u00e9g az az egyetlen sz\u00f3, amelyre \u00farfelmutat\u00e1skor t\u00e9rden \u00e1llva, lehajtott fejjel, sz\u00edvre tett k\u00e9zzel \u00e1h\u00edtozunk? Meg\u00e9rtj\u00fck-e a titkot? S ha igen, mennyire lehet\u00fcnk el\u00e9gedettek a megszerzett \u00e9letb\u00f6lcsess\u00e9ggel, a benn\u00fcnk szunnyad\u00f3 hittel, lelkiismerettel, magatart\u00e1sm\u00f3ddal? Elegend\u0151-e a rendelkez\u00e9s\u00fcnkre \u00e1ll\u00f3 id\u0151, a sz\u00e1nd\u00e9k, melynek birtok\u00e1ban sokszor csapnival\u00f3an, sokszor mesterien -legal\u00e1bb is mi \u00fagy hissz\u00fck- szervezz\u00fck az \u00e9letet? Mire van igaz\u00e1n sz\u00fcks\u00e9g? Mi\u00e9rt el\u00e9gsz\u00fcnk meg kev\u00e9ssel, ha lehetne sokkal t\u00f6bb is? S mi a t\u00f6bb? Mikor el\u00e9g az el\u00e9g? Mit \u00e9r a megszerzett boldogs\u00e1g megszenvedett t\u00f6rekv\u00e9sek t\u00fckr\u00e9ben? Elegend\u0151-e mindez? Avilai Szent Ter\u00e9z egyetlen mondata r\u00e1vil\u00e1g\u00edt a l\u00e9nyegre: Ha ti\u00e9d az Isten, ti\u00e9d minden, mert &#8222;Isten egyed\u00fcl el\u00e9g&#8221;. El\u00e9g, hogy meg\u00e9rts\u00fck \u00e9s felfedezz\u00fck magunkban a sz\u00e1nd\u00e9kot, \u00a0amely oda mer hajolni, lemeri tenni a botl\u00e1st, hib\u00e1s d\u00f6nt\u00e9st, bes\u00e1rozott m\u00faltat, amely n\u00e9hanap tal\u00e1n \u0151szint\u00e9nek is t\u0171nhet, legal\u00e1bb a Krisztussal val\u00f3 egys\u00e9g&#8230; <\/p>\n<p><a class=\"readmore\" href=\"https:\/\/stuttgarti-katolikusok.de\/index.php\/gyogyult-lelekkel-isten-elebe\/\">R\u00e9szletek<\/a><\/p>\n","protected":false},"author":3,"featured_media":0,"comment_status":"closed","ping_status":"closed","sticky":false,"template":"","format":"standard","meta":{"footnotes":""},"categories":[28],"tags":[],"class_list":["post-11446","post","type-post","status-publish","format-standard","hentry","category-olvasoink-irjak"],"yoast_head":"<!-- This site is optimized with the Yoast SEO plugin v27.3 - https:\/\/yoast.com\/product\/yoast-seo-wordpress\/ -->\n<title>Schutheis \u00c9va: Gy\u00f3gyult l\u00e9lekkel Isten el\u00e9be... - Stuttgarti Katolikusok<\/title>\n<meta name=\"robots\" content=\"index, follow, max-snippet:-1, max-image-preview:large, max-video-preview:-1\" \/>\n<link rel=\"canonical\" href=\"https:\/\/stuttgarti-katolikusok.de\/index.php\/gyogyult-lelekkel-isten-elebe\/\" \/>\n<meta property=\"og:locale\" content=\"hu_HU\" \/>\n<meta property=\"og:type\" content=\"article\" \/>\n<meta property=\"og:title\" content=\"Schutheis \u00c9va: Gy\u00f3gyult l\u00e9lekkel Isten el\u00e9be... - Stuttgarti Katolikusok\" \/>\n<meta property=\"og:description\" content=\"Gy\u00f3gyult l\u00e9lekkel Isten el\u00e9be&#8230;. Alig k\u00e9t h\u00f3nappal kar\u00e1csony ut\u00e1n, az \u00fcnnep akkori t\u00falf\u0171t\u00f6tt, patetikus pillanat\u00e1ban megfogant hovatartoz\u00e1si sz\u00e1nd\u00e9kom, a kimondott, csillog\u00f3 igenem mostanra kopottasan v\u00e1rja az \u00fajabb csod\u00e1t, amely tal\u00e1n kiz\u00f6kkentheti abb\u00f3l a letargikus \u00e1llapotb\u00f3l, amit a hossz\u00fara sikeredett t\u00e9l \u00e9s a rem\u00e9nytelen tavaszv\u00e1r\u00e1s, napi k\u00fczdelmeim, a szok\u00e1sos emberi sir\u00e1mok m\u00e1ra \u00fagy kimostak bel\u0151lem, mint a lejt\u0151kr\u0151l lezuhan\u00f3 heves \u00e1rad\u00e1sok a gy\u00f6k\u00e9rtelen f\u00e1k talaj\u00e1t. Pedig kar\u00e1csonynak k\u00f6vetkezm\u00e9nye van, melynek l\u00e9nyeg\u00e9t V\u00edzkereszt hordozza legink\u00e1bb. J\u00e9zus nyilv\u00e1nos m\u0171k\u00f6d\u00e9s\u00e9nek kezdet\u00e9n Keresztel\u0151 Szent J\u00e1nos gyakorlatilag m\u00e1r mindent elmond a Messi\u00e1sr\u00f3l. Kijelent\u00e9s\u00e9ben cs\u00facsosodik magasra az el\u0151revet\u00edtett, b\u0171n\u00f6k miatt elhordozott szenved\u00e9s, a h\u00fasv\u00e9t \u00e9s a felt\u00e1mad\u00e1s. &#8222;\u00cdme az Isten B\u00e1r\u00e1nya&#8221;, \u00edme a titok, aki \u00e1tviszi a sz\u00fclet\u00e9st a hal\u00e1lba, hogy azt\u00e1n megdics\u0151\u00fclve, az \u00e9let v\u00e9gtelens\u00e9g\u00e9t hordozva \u00faj t\u00e1vlatokat nyisson el\u0151tt\u00fcnk&#8230; L\u00e1tszatra fel sem t\u0171nik, hogy a fent elhangzott mondat a szent\u00e1ldoz\u00e1s szertart\u00e1s\u00e1nak\u00a0szerves r\u00e9sze&#8230; Mennyire el\u00e9g ez az \u00fczenet? \u00c1tmenthet-e minket napi gondjaink k\u00f6zepette egy feltehet\u0151en sokkal fontosabb \u00e9s magasabb eszme \u00e9rdek\u00e9ben? Mennyire \u0151szinte a v\u00e1laszunk, amely saj\u00e1t m\u00e9lt\u00f3s\u00e1gunkat is k\u00e9ts\u00e9gbe vonja? Mire el\u00e9g az az egyetlen sz\u00f3, amelyre \u00farfelmutat\u00e1skor t\u00e9rden \u00e1llva, lehajtott fejjel, sz\u00edvre tett k\u00e9zzel \u00e1h\u00edtozunk? Meg\u00e9rtj\u00fck-e a titkot? S ha igen, mennyire lehet\u00fcnk el\u00e9gedettek a megszerzett \u00e9letb\u00f6lcsess\u00e9ggel, a benn\u00fcnk szunnyad\u00f3 hittel, lelkiismerettel, magatart\u00e1sm\u00f3ddal? Elegend\u0151-e a rendelkez\u00e9s\u00fcnkre \u00e1ll\u00f3 id\u0151, a sz\u00e1nd\u00e9k, melynek birtok\u00e1ban sokszor csapnival\u00f3an, sokszor mesterien -legal\u00e1bb is mi \u00fagy hissz\u00fck- szervezz\u00fck az \u00e9letet? Mire van igaz\u00e1n sz\u00fcks\u00e9g? Mi\u00e9rt el\u00e9gsz\u00fcnk meg kev\u00e9ssel, ha lehetne sokkal t\u00f6bb is? S mi a t\u00f6bb? Mikor el\u00e9g az el\u00e9g? Mit \u00e9r a megszerzett boldogs\u00e1g megszenvedett t\u00f6rekv\u00e9sek t\u00fckr\u00e9ben? Elegend\u0151-e mindez? Avilai Szent Ter\u00e9z egyetlen mondata r\u00e1vil\u00e1g\u00edt a l\u00e9nyegre: Ha ti\u00e9d az Isten, ti\u00e9d minden, mert &#8222;Isten egyed\u00fcl el\u00e9g&#8221;. El\u00e9g, hogy meg\u00e9rts\u00fck \u00e9s felfedezz\u00fck magunkban a sz\u00e1nd\u00e9kot, \u00a0amely oda mer hajolni, lemeri tenni a botl\u00e1st, hib\u00e1s d\u00f6nt\u00e9st, bes\u00e1rozott m\u00faltat, amely n\u00e9hanap tal\u00e1n \u0151szint\u00e9nek is t\u0171nhet, legal\u00e1bb a Krisztussal val\u00f3 egys\u00e9g... R\u00e9szletek\" \/>\n<meta property=\"og:url\" content=\"https:\/\/stuttgarti-katolikusok.de\/index.php\/gyogyult-lelekkel-isten-elebe\/\" \/>\n<meta property=\"og:site_name\" content=\"Stuttgarti Katolikusok\" \/>\n<meta property=\"article:published_time\" content=\"2017-03-07T19:12:24+00:00\" \/>\n<meta property=\"article:modified_time\" content=\"2020-04-27T15:42:16+00:00\" \/>\n<meta name=\"author\" content=\"Tibor atya\" \/>\n<meta name=\"twitter:card\" content=\"summary_large_image\" \/>\n<meta name=\"twitter:label1\" content=\"Szerz\u0151:\" \/>\n\t<meta name=\"twitter:data1\" content=\"Tibor atya\" \/>\n\t<meta name=\"twitter:label2\" content=\"Becs\u00fclt olvas\u00e1si id\u0151\" \/>\n\t<meta name=\"twitter:data2\" content=\"3 perc\" \/>\n<script type=\"application\/ld+json\" class=\"yoast-schema-graph\">{\"@context\":\"https:\\\/\\\/schema.org\",\"@graph\":[{\"@type\":\"Article\",\"@id\":\"https:\\\/\\\/stuttgarti-katolikusok.de\\\/index.php\\\/gyogyult-lelekkel-isten-elebe\\\/#article\",\"isPartOf\":{\"@id\":\"https:\\\/\\\/stuttgarti-katolikusok.de\\\/index.php\\\/gyogyult-lelekkel-isten-elebe\\\/\"},\"author\":{\"name\":\"Tibor atya\",\"@id\":\"https:\\\/\\\/stuttgarti-katolikusok.de\\\/#\\\/schema\\\/person\\\/75908d6f8fdc03a57889d27209df7795\"},\"headline\":\"Schutheis \u00c9va: Gy\u00f3gyult l\u00e9lekkel Isten el\u00e9be&#8230;\",\"datePublished\":\"2017-03-07T19:12:24+00:00\",\"dateModified\":\"2020-04-27T15:42:16+00:00\",\"mainEntityOfPage\":{\"@id\":\"https:\\\/\\\/stuttgarti-katolikusok.de\\\/index.php\\\/gyogyult-lelekkel-isten-elebe\\\/\"},\"wordCount\":551,\"articleSection\":[\"Olvas\u00f3ink \u00edrj\u00e1k\"],\"inLanguage\":\"hu\"},{\"@type\":\"WebPage\",\"@id\":\"https:\\\/\\\/stuttgarti-katolikusok.de\\\/index.php\\\/gyogyult-lelekkel-isten-elebe\\\/\",\"url\":\"https:\\\/\\\/stuttgarti-katolikusok.de\\\/index.php\\\/gyogyult-lelekkel-isten-elebe\\\/\",\"name\":\"Schutheis \u00c9va: Gy\u00f3gyult l\u00e9lekkel Isten el\u00e9be... - Stuttgarti Katolikusok\",\"isPartOf\":{\"@id\":\"https:\\\/\\\/stuttgarti-katolikusok.de\\\/#website\"},\"datePublished\":\"2017-03-07T19:12:24+00:00\",\"dateModified\":\"2020-04-27T15:42:16+00:00\",\"author\":{\"@id\":\"https:\\\/\\\/stuttgarti-katolikusok.de\\\/#\\\/schema\\\/person\\\/75908d6f8fdc03a57889d27209df7795\"},\"breadcrumb\":{\"@id\":\"https:\\\/\\\/stuttgarti-katolikusok.de\\\/index.php\\\/gyogyult-lelekkel-isten-elebe\\\/#breadcrumb\"},\"inLanguage\":\"hu\",\"potentialAction\":[{\"@type\":\"ReadAction\",\"target\":[\"https:\\\/\\\/stuttgarti-katolikusok.de\\\/index.php\\\/gyogyult-lelekkel-isten-elebe\\\/\"]}]},{\"@type\":\"BreadcrumbList\",\"@id\":\"https:\\\/\\\/stuttgarti-katolikusok.de\\\/index.php\\\/gyogyult-lelekkel-isten-elebe\\\/#breadcrumb\",\"itemListElement\":[{\"@type\":\"ListItem\",\"position\":1,\"name\":\"Kezd\u0151lap\",\"item\":\"https:\\\/\\\/stuttgarti-katolikusok.de\\\/\"},{\"@type\":\"ListItem\",\"position\":2,\"name\":\"Schutheis \u00c9va: Gy\u00f3gyult l\u00e9lekkel Isten el\u00e9be&#8230;\"}]},{\"@type\":\"WebSite\",\"@id\":\"https:\\\/\\\/stuttgarti-katolikusok.de\\\/#website\",\"url\":\"https:\\\/\\\/stuttgarti-katolikusok.de\\\/\",\"name\":\"Stuttgarti Katolikusok\",\"description\":\"\",\"potentialAction\":[{\"@type\":\"SearchAction\",\"target\":{\"@type\":\"EntryPoint\",\"urlTemplate\":\"https:\\\/\\\/stuttgarti-katolikusok.de\\\/?s={search_term_string}\"},\"query-input\":{\"@type\":\"PropertyValueSpecification\",\"valueRequired\":true,\"valueName\":\"search_term_string\"}}],\"inLanguage\":\"hu\"},{\"@type\":\"Person\",\"@id\":\"https:\\\/\\\/stuttgarti-katolikusok.de\\\/#\\\/schema\\\/person\\\/75908d6f8fdc03a57889d27209df7795\",\"name\":\"Tibor atya\",\"image\":{\"@type\":\"ImageObject\",\"inLanguage\":\"hu\",\"@id\":\"https:\\\/\\\/secure.gravatar.com\\\/avatar\\\/61d268e57d1f4525b111222e29d2d5a7f8c420fdbf231ba5566a8ceac74fa960?s=96&d=mm&r=g\",\"url\":\"https:\\\/\\\/secure.gravatar.com\\\/avatar\\\/61d268e57d1f4525b111222e29d2d5a7f8c420fdbf231ba5566a8ceac74fa960?s=96&d=mm&r=g\",\"contentUrl\":\"https:\\\/\\\/secure.gravatar.com\\\/avatar\\\/61d268e57d1f4525b111222e29d2d5a7f8c420fdbf231ba5566a8ceac74fa960?s=96&d=mm&r=g\",\"caption\":\"Tibor atya\"},\"url\":\"https:\\\/\\\/stuttgarti-katolikusok.de\\\/index.php\\\/author\\\/tibor-atya\\\/\"}]}<\/script>\n<!-- \/ Yoast SEO plugin. -->","yoast_head_json":{"title":"Schutheis \u00c9va: Gy\u00f3gyult l\u00e9lekkel Isten el\u00e9be... - Stuttgarti Katolikusok","robots":{"index":"index","follow":"follow","max-snippet":"max-snippet:-1","max-image-preview":"max-image-preview:large","max-video-preview":"max-video-preview:-1"},"canonical":"https:\/\/stuttgarti-katolikusok.de\/index.php\/gyogyult-lelekkel-isten-elebe\/","og_locale":"hu_HU","og_type":"article","og_title":"Schutheis \u00c9va: Gy\u00f3gyult l\u00e9lekkel Isten el\u00e9be... - Stuttgarti Katolikusok","og_description":"Gy\u00f3gyult l\u00e9lekkel Isten el\u00e9be&#8230;. Alig k\u00e9t h\u00f3nappal kar\u00e1csony ut\u00e1n, az \u00fcnnep akkori t\u00falf\u0171t\u00f6tt, patetikus pillanat\u00e1ban megfogant hovatartoz\u00e1si sz\u00e1nd\u00e9kom, a kimondott, csillog\u00f3 igenem mostanra kopottasan v\u00e1rja az \u00fajabb csod\u00e1t, amely tal\u00e1n kiz\u00f6kkentheti abb\u00f3l a letargikus \u00e1llapotb\u00f3l, amit a hossz\u00fara sikeredett t\u00e9l \u00e9s a rem\u00e9nytelen tavaszv\u00e1r\u00e1s, napi k\u00fczdelmeim, a szok\u00e1sos emberi sir\u00e1mok m\u00e1ra \u00fagy kimostak bel\u0151lem, mint a lejt\u0151kr\u0151l lezuhan\u00f3 heves \u00e1rad\u00e1sok a gy\u00f6k\u00e9rtelen f\u00e1k talaj\u00e1t. Pedig kar\u00e1csonynak k\u00f6vetkezm\u00e9nye van, melynek l\u00e9nyeg\u00e9t V\u00edzkereszt hordozza legink\u00e1bb. J\u00e9zus nyilv\u00e1nos m\u0171k\u00f6d\u00e9s\u00e9nek kezdet\u00e9n Keresztel\u0151 Szent J\u00e1nos gyakorlatilag m\u00e1r mindent elmond a Messi\u00e1sr\u00f3l. Kijelent\u00e9s\u00e9ben cs\u00facsosodik magasra az el\u0151revet\u00edtett, b\u0171n\u00f6k miatt elhordozott szenved\u00e9s, a h\u00fasv\u00e9t \u00e9s a felt\u00e1mad\u00e1s. &#8222;\u00cdme az Isten B\u00e1r\u00e1nya&#8221;, \u00edme a titok, aki \u00e1tviszi a sz\u00fclet\u00e9st a hal\u00e1lba, hogy azt\u00e1n megdics\u0151\u00fclve, az \u00e9let v\u00e9gtelens\u00e9g\u00e9t hordozva \u00faj t\u00e1vlatokat nyisson el\u0151tt\u00fcnk&#8230; L\u00e1tszatra fel sem t\u0171nik, hogy a fent elhangzott mondat a szent\u00e1ldoz\u00e1s szertart\u00e1s\u00e1nak\u00a0szerves r\u00e9sze&#8230; Mennyire el\u00e9g ez az \u00fczenet? \u00c1tmenthet-e minket napi gondjaink k\u00f6zepette egy feltehet\u0151en sokkal fontosabb \u00e9s magasabb eszme \u00e9rdek\u00e9ben? Mennyire \u0151szinte a v\u00e1laszunk, amely saj\u00e1t m\u00e9lt\u00f3s\u00e1gunkat is k\u00e9ts\u00e9gbe vonja? Mire el\u00e9g az az egyetlen sz\u00f3, amelyre \u00farfelmutat\u00e1skor t\u00e9rden \u00e1llva, lehajtott fejjel, sz\u00edvre tett k\u00e9zzel \u00e1h\u00edtozunk? Meg\u00e9rtj\u00fck-e a titkot? S ha igen, mennyire lehet\u00fcnk el\u00e9gedettek a megszerzett \u00e9letb\u00f6lcsess\u00e9ggel, a benn\u00fcnk szunnyad\u00f3 hittel, lelkiismerettel, magatart\u00e1sm\u00f3ddal? Elegend\u0151-e a rendelkez\u00e9s\u00fcnkre \u00e1ll\u00f3 id\u0151, a sz\u00e1nd\u00e9k, melynek birtok\u00e1ban sokszor csapnival\u00f3an, sokszor mesterien -legal\u00e1bb is mi \u00fagy hissz\u00fck- szervezz\u00fck az \u00e9letet? Mire van igaz\u00e1n sz\u00fcks\u00e9g? Mi\u00e9rt el\u00e9gsz\u00fcnk meg kev\u00e9ssel, ha lehetne sokkal t\u00f6bb is? S mi a t\u00f6bb? Mikor el\u00e9g az el\u00e9g? Mit \u00e9r a megszerzett boldogs\u00e1g megszenvedett t\u00f6rekv\u00e9sek t\u00fckr\u00e9ben? Elegend\u0151-e mindez? Avilai Szent Ter\u00e9z egyetlen mondata r\u00e1vil\u00e1g\u00edt a l\u00e9nyegre: Ha ti\u00e9d az Isten, ti\u00e9d minden, mert &#8222;Isten egyed\u00fcl el\u00e9g&#8221;. El\u00e9g, hogy meg\u00e9rts\u00fck \u00e9s felfedezz\u00fck magunkban a sz\u00e1nd\u00e9kot, \u00a0amely oda mer hajolni, lemeri tenni a botl\u00e1st, hib\u00e1s d\u00f6nt\u00e9st, bes\u00e1rozott m\u00faltat, amely n\u00e9hanap tal\u00e1n \u0151szint\u00e9nek is t\u0171nhet, legal\u00e1bb a Krisztussal val\u00f3 egys\u00e9g... R\u00e9szletek","og_url":"https:\/\/stuttgarti-katolikusok.de\/index.php\/gyogyult-lelekkel-isten-elebe\/","og_site_name":"Stuttgarti Katolikusok","article_published_time":"2017-03-07T19:12:24+00:00","article_modified_time":"2020-04-27T15:42:16+00:00","author":"Tibor atya","twitter_card":"summary_large_image","twitter_misc":{"Szerz\u0151:":"Tibor atya","Becs\u00fclt olvas\u00e1si id\u0151":"3 perc"},"schema":{"@context":"https:\/\/schema.org","@graph":[{"@type":"Article","@id":"https:\/\/stuttgarti-katolikusok.de\/index.php\/gyogyult-lelekkel-isten-elebe\/#article","isPartOf":{"@id":"https:\/\/stuttgarti-katolikusok.de\/index.php\/gyogyult-lelekkel-isten-elebe\/"},"author":{"name":"Tibor atya","@id":"https:\/\/stuttgarti-katolikusok.de\/#\/schema\/person\/75908d6f8fdc03a57889d27209df7795"},"headline":"Schutheis \u00c9va: Gy\u00f3gyult l\u00e9lekkel Isten el\u00e9be&#8230;","datePublished":"2017-03-07T19:12:24+00:00","dateModified":"2020-04-27T15:42:16+00:00","mainEntityOfPage":{"@id":"https:\/\/stuttgarti-katolikusok.de\/index.php\/gyogyult-lelekkel-isten-elebe\/"},"wordCount":551,"articleSection":["Olvas\u00f3ink \u00edrj\u00e1k"],"inLanguage":"hu"},{"@type":"WebPage","@id":"https:\/\/stuttgarti-katolikusok.de\/index.php\/gyogyult-lelekkel-isten-elebe\/","url":"https:\/\/stuttgarti-katolikusok.de\/index.php\/gyogyult-lelekkel-isten-elebe\/","name":"Schutheis \u00c9va: Gy\u00f3gyult l\u00e9lekkel Isten el\u00e9be... - Stuttgarti Katolikusok","isPartOf":{"@id":"https:\/\/stuttgarti-katolikusok.de\/#website"},"datePublished":"2017-03-07T19:12:24+00:00","dateModified":"2020-04-27T15:42:16+00:00","author":{"@id":"https:\/\/stuttgarti-katolikusok.de\/#\/schema\/person\/75908d6f8fdc03a57889d27209df7795"},"breadcrumb":{"@id":"https:\/\/stuttgarti-katolikusok.de\/index.php\/gyogyult-lelekkel-isten-elebe\/#breadcrumb"},"inLanguage":"hu","potentialAction":[{"@type":"ReadAction","target":["https:\/\/stuttgarti-katolikusok.de\/index.php\/gyogyult-lelekkel-isten-elebe\/"]}]},{"@type":"BreadcrumbList","@id":"https:\/\/stuttgarti-katolikusok.de\/index.php\/gyogyult-lelekkel-isten-elebe\/#breadcrumb","itemListElement":[{"@type":"ListItem","position":1,"name":"Kezd\u0151lap","item":"https:\/\/stuttgarti-katolikusok.de\/"},{"@type":"ListItem","position":2,"name":"Schutheis \u00c9va: Gy\u00f3gyult l\u00e9lekkel Isten el\u00e9be&#8230;"}]},{"@type":"WebSite","@id":"https:\/\/stuttgarti-katolikusok.de\/#website","url":"https:\/\/stuttgarti-katolikusok.de\/","name":"Stuttgarti Katolikusok","description":"","potentialAction":[{"@type":"SearchAction","target":{"@type":"EntryPoint","urlTemplate":"https:\/\/stuttgarti-katolikusok.de\/?s={search_term_string}"},"query-input":{"@type":"PropertyValueSpecification","valueRequired":true,"valueName":"search_term_string"}}],"inLanguage":"hu"},{"@type":"Person","@id":"https:\/\/stuttgarti-katolikusok.de\/#\/schema\/person\/75908d6f8fdc03a57889d27209df7795","name":"Tibor atya","image":{"@type":"ImageObject","inLanguage":"hu","@id":"https:\/\/secure.gravatar.com\/avatar\/61d268e57d1f4525b111222e29d2d5a7f8c420fdbf231ba5566a8ceac74fa960?s=96&d=mm&r=g","url":"https:\/\/secure.gravatar.com\/avatar\/61d268e57d1f4525b111222e29d2d5a7f8c420fdbf231ba5566a8ceac74fa960?s=96&d=mm&r=g","contentUrl":"https:\/\/secure.gravatar.com\/avatar\/61d268e57d1f4525b111222e29d2d5a7f8c420fdbf231ba5566a8ceac74fa960?s=96&d=mm&r=g","caption":"Tibor atya"},"url":"https:\/\/stuttgarti-katolikusok.de\/index.php\/author\/tibor-atya\/"}]}},"_links":{"self":[{"href":"https:\/\/stuttgarti-katolikusok.de\/index.php\/wp-json\/wp\/v2\/posts\/11446","targetHints":{"allow":["GET"]}}],"collection":[{"href":"https:\/\/stuttgarti-katolikusok.de\/index.php\/wp-json\/wp\/v2\/posts"}],"about":[{"href":"https:\/\/stuttgarti-katolikusok.de\/index.php\/wp-json\/wp\/v2\/types\/post"}],"author":[{"embeddable":true,"href":"https:\/\/stuttgarti-katolikusok.de\/index.php\/wp-json\/wp\/v2\/users\/3"}],"replies":[{"embeddable":true,"href":"https:\/\/stuttgarti-katolikusok.de\/index.php\/wp-json\/wp\/v2\/comments?post=11446"}],"version-history":[{"count":3,"href":"https:\/\/stuttgarti-katolikusok.de\/index.php\/wp-json\/wp\/v2\/posts\/11446\/revisions"}],"predecessor-version":[{"id":11450,"href":"https:\/\/stuttgarti-katolikusok.de\/index.php\/wp-json\/wp\/v2\/posts\/11446\/revisions\/11450"}],"wp:attachment":[{"href":"https:\/\/stuttgarti-katolikusok.de\/index.php\/wp-json\/wp\/v2\/media?parent=11446"}],"wp:term":[{"taxonomy":"category","embeddable":true,"href":"https:\/\/stuttgarti-katolikusok.de\/index.php\/wp-json\/wp\/v2\/categories?post=11446"},{"taxonomy":"post_tag","embeddable":true,"href":"https:\/\/stuttgarti-katolikusok.de\/index.php\/wp-json\/wp\/v2\/tags?post=11446"}],"curies":[{"name":"wp","href":"https:\/\/api.w.org\/{rel}","templated":true}]}}