{"id":11393,"date":"2017-03-06T06:18:13","date_gmt":"2017-03-06T06:18:13","guid":{"rendered":"https:\/\/gracious-dewdney.138-201-221-2.plesk.page\/?p=11393"},"modified":"2017-03-07T10:06:59","modified_gmt":"2017-03-07T10:06:59","slug":"programelozetes-marcius-6-es-12-kozott","status":"publish","type":"post","link":"https:\/\/stuttgarti-katolikusok.de\/index.php\/programelozetes-marcius-6-es-12-kozott\/","title":{"rendered":"Programel\u0151zetes m\u00e1rcius 6 \u00e9s 12 k\u00f6z\u00f6tt"},"content":{"rendered":"<p><strong>Programel\u0151zetes<\/strong><\/p>\n<p><strong>M\u00e1rcius 9-\u00e9n, <\/strong>cs\u00fct\u00f6rt\u00f6k\u00f6n, <strong>Ulmban<\/strong> \u00a017.30 <em>kereszt\u00fati \u00e1jtatoss\u00e1g<\/em>, el\u0151tte <em>gy\u00f3ntat\u00e1s<\/em>, <em>szentmise<\/em>. Ut\u00e1na <em>Besz\u00e9lget\u00e9sek a Bibli\u00e1r\u00f3l<\/em> (B\u0171nb\u00e1nat az \u00d3sz\u00f6vets\u00e9gben).<\/p>\n<p>*<\/p>\n<p><strong>M\u00e1rcius 10-\u00e9n, <\/strong>p\u00e9nteken, <strong>Stuttgartban <\/strong>16.00 \u00f3rakor a <strong><em>Bar\u00e1ts\u00e1gklub<\/em> ELMARAD!<\/strong><em>\u00a0<\/em>18.00 \u00f3r\u00e1t\u00f3l <em>kereszt\u00fati \u00e1jtatoss\u00e1g<\/em>. \u00a0A <strong><em>szentmise<\/em><\/strong> <strong>ELMARAD!<\/strong>\u00a0Z\u00fcrichben tartok lelkigyakorlatot. 19.00 \u00f3r\u00e1t\u00f3l <em>Sportklub<\/em>.<\/p>\n<p>*<\/p>\n<p><strong>Weingartenben <\/strong>a Marien Kirche-ben, 17.30 <em>kereszt\u00fati \u00e1jtatoss\u00e1g<\/em>, el\u0151tte <em>gy\u00f3ntat\u00e1s<\/em>, majd <em>szentmise<\/em>. Ut\u00e1na <em>Besz\u00e9lget\u00e9sek a Bibli\u00e1r\u00f3l<\/em> (B\u0171nb\u00e1nat az \u00d3sz\u00f6vets\u00e9gben).<\/p>\n<p>*<\/p>\n<p><strong>M\u00e1rcius 11-\u00e9n<\/strong>, szombaton, <strong>Friedrichshafenben<\/strong> 17.00 \u00f3rakor <em>szentmise<\/em>, keret\u00e9ben <em>hamvaz\u00e1s<\/em>, ut\u00e1na <em>\u00e1g\u00e1p\u00e9<\/em>.<\/p>\n<p>*<\/p>\n<p><strong>M\u00e1rcius 12-\u00e9n, <\/strong>vas\u00e1rnap, <strong>Weingartenben <\/strong>10.00 \u00f3rakor <em>szentmise<\/em>, keret\u00e9ben <em>hamvaz\u00e1s<\/em>, ut\u00e1na <em>\u00e1g\u00e1p\u00e9<\/em>.<\/p>\n<p><strong>Ulmban<\/strong> 15.00 \u00f3rakor <em>szentmise<\/em>, keret\u00e9ben <em>hamvaz\u00e1s<\/em>, ut\u00e1na <em>\u00e1g\u00e1p\u00e9<\/em>.<\/p>\n<p>*<\/p>\n<p>Minden helyen mindenkit szeretettel v\u00e1r a k\u00f6z\u00f6ss\u00e9g, Imre atya \u00e9s Tibor atya!<\/p>\n<p><em>\u201eAz ima az a kulcs, amellyel reggel kinyitom \u00e9s este bez\u00e1rom a napot.\u201d <\/em><strong>(Ghandi \u2013 1869-1948 \u2013 indiai aszk\u00e9ta \u00e9s b\u00e9keharcos)<\/strong><\/p>\n<p><strong><em>Kegyelemteljes nagyb\u00f6jti napokat, j\u00f3 munk\u00e1t, tartalmas besz\u00e9lget\u00e9seket \u00e9s \u00f6r\u00f6mteli tal\u00e1lkoz\u00e1sokat k\u00edv\u00e1nunk minden Kedves H\u00edv\u00fcnknek!<\/em><\/strong><\/p>\n","protected":false},"excerpt":{"rendered":"<p>Programel\u0151zetes M\u00e1rcius 9-\u00e9n, cs\u00fct\u00f6rt\u00f6k\u00f6n, Ulmban \u00a017.30 kereszt\u00fati \u00e1jtatoss\u00e1g, el\u0151tte gy\u00f3ntat\u00e1s, szentmise. Ut\u00e1na Besz\u00e9lget\u00e9sek a Bibli\u00e1r\u00f3l (B\u0171nb\u00e1nat az \u00d3sz\u00f6vets\u00e9gben). * M\u00e1rcius 10-\u00e9n, p\u00e9nteken, Stuttgartban 16.00 \u00f3rakor a Bar\u00e1ts\u00e1gklub ELMARAD!\u00a018.00 \u00f3r\u00e1t\u00f3l kereszt\u00fati \u00e1jtatoss\u00e1g. \u00a0A szentmise ELMARAD!\u00a0Z\u00fcrichben tartok lelkigyakorlatot. 19.00 \u00f3r\u00e1t\u00f3l Sportklub. * Weingartenben a Marien Kirche-ben, 17.30 kereszt\u00fati \u00e1jtatoss\u00e1g, el\u0151tte gy\u00f3ntat\u00e1s, majd szentmise. Ut\u00e1na Besz\u00e9lget\u00e9sek a Bibli\u00e1r\u00f3l (B\u0171nb\u00e1nat az \u00d3sz\u00f6vets\u00e9gben). * M\u00e1rcius 11-\u00e9n, szombaton, Friedrichshafenben 17.00 \u00f3rakor szentmise, keret\u00e9ben hamvaz\u00e1s, ut\u00e1na \u00e1g\u00e1p\u00e9. * M\u00e1rcius 12-\u00e9n, vas\u00e1rnap, Weingartenben 10.00 \u00f3rakor szentmise, keret\u00e9ben hamvaz\u00e1s, ut\u00e1na \u00e1g\u00e1p\u00e9. Ulmban 15.00 \u00f3rakor szentmise, keret\u00e9ben hamvaz\u00e1s, ut\u00e1na \u00e1g\u00e1p\u00e9. * Minden helyen mindenkit szeretettel v\u00e1r a k\u00f6z\u00f6ss\u00e9g, Imre atya \u00e9s Tibor atya! \u201eAz ima az a kulcs, amellyel reggel kinyitom \u00e9s este bez\u00e1rom a napot.\u201d (Ghandi \u2013 1869-1948 \u2013 indiai aszk\u00e9ta \u00e9s b\u00e9keharcos) Kegyelemteljes nagyb\u00f6jti napokat, j\u00f3 munk\u00e1t, tartalmas besz\u00e9lget\u00e9seket \u00e9s \u00f6r\u00f6mteli tal\u00e1lkoz\u00e1sokat k\u00edv\u00e1nunk minden Kedves H\u00edv\u00fcnknek!<\/p>\n","protected":false},"author":3,"featured_media":11394,"comment_status":"closed","ping_status":"closed","sticky":false,"template":"","format":"standard","meta":{"footnotes":""},"categories":[37],"tags":[],"class_list":["post-11393","post","type-post","status-publish","format-standard","has-post-thumbnail","hentry","category-progamelozetes"],"yoast_head":"<!-- This site is optimized with the Yoast SEO plugin v27.3 - https:\/\/yoast.com\/product\/yoast-seo-wordpress\/ -->\n<title>Programel\u0151zetes m\u00e1rcius 6 \u00e9s 12 k\u00f6z\u00f6tt - Stuttgarti Katolikusok<\/title>\n<meta name=\"robots\" content=\"index, follow, max-snippet:-1, max-image-preview:large, max-video-preview:-1\" \/>\n<link rel=\"canonical\" href=\"https:\/\/stuttgarti-katolikusok.de\/index.php\/programelozetes-marcius-6-es-12-kozott\/\" \/>\n<meta property=\"og:locale\" content=\"hu_HU\" \/>\n<meta property=\"og:type\" content=\"article\" \/>\n<meta property=\"og:title\" content=\"Programel\u0151zetes m\u00e1rcius 6 \u00e9s 12 k\u00f6z\u00f6tt - Stuttgarti Katolikusok\" \/>\n<meta property=\"og:description\" content=\"Programel\u0151zetes M\u00e1rcius 9-\u00e9n, cs\u00fct\u00f6rt\u00f6k\u00f6n, Ulmban \u00a017.30 kereszt\u00fati \u00e1jtatoss\u00e1g, el\u0151tte gy\u00f3ntat\u00e1s, szentmise. Ut\u00e1na Besz\u00e9lget\u00e9sek a Bibli\u00e1r\u00f3l (B\u0171nb\u00e1nat az \u00d3sz\u00f6vets\u00e9gben). * M\u00e1rcius 10-\u00e9n, p\u00e9nteken, Stuttgartban 16.00 \u00f3rakor a Bar\u00e1ts\u00e1gklub ELMARAD!\u00a018.00 \u00f3r\u00e1t\u00f3l kereszt\u00fati \u00e1jtatoss\u00e1g. \u00a0A szentmise ELMARAD!\u00a0Z\u00fcrichben tartok lelkigyakorlatot. 19.00 \u00f3r\u00e1t\u00f3l Sportklub. * Weingartenben a Marien Kirche-ben, 17.30 kereszt\u00fati \u00e1jtatoss\u00e1g, el\u0151tte gy\u00f3ntat\u00e1s, majd szentmise. Ut\u00e1na Besz\u00e9lget\u00e9sek a Bibli\u00e1r\u00f3l (B\u0171nb\u00e1nat az \u00d3sz\u00f6vets\u00e9gben). * M\u00e1rcius 11-\u00e9n, szombaton, Friedrichshafenben 17.00 \u00f3rakor szentmise, keret\u00e9ben hamvaz\u00e1s, ut\u00e1na \u00e1g\u00e1p\u00e9. * M\u00e1rcius 12-\u00e9n, vas\u00e1rnap, Weingartenben 10.00 \u00f3rakor szentmise, keret\u00e9ben hamvaz\u00e1s, ut\u00e1na \u00e1g\u00e1p\u00e9. Ulmban 15.00 \u00f3rakor szentmise, keret\u00e9ben hamvaz\u00e1s, ut\u00e1na \u00e1g\u00e1p\u00e9. * Minden helyen mindenkit szeretettel v\u00e1r a k\u00f6z\u00f6ss\u00e9g, Imre atya \u00e9s Tibor atya! \u201eAz ima az a kulcs, amellyel reggel kinyitom \u00e9s este bez\u00e1rom a napot.\u201d (Ghandi \u2013 1869-1948 \u2013 indiai aszk\u00e9ta \u00e9s b\u00e9keharcos) Kegyelemteljes nagyb\u00f6jti napokat, j\u00f3 munk\u00e1t, tartalmas besz\u00e9lget\u00e9seket \u00e9s \u00f6r\u00f6mteli tal\u00e1lkoz\u00e1sokat k\u00edv\u00e1nunk minden Kedves H\u00edv\u00fcnknek!\" \/>\n<meta property=\"og:url\" content=\"https:\/\/stuttgarti-katolikusok.de\/index.php\/programelozetes-marcius-6-es-12-kozott\/\" \/>\n<meta property=\"og:site_name\" content=\"Stuttgarti Katolikusok\" \/>\n<meta property=\"article:published_time\" content=\"2017-03-06T06:18:13+00:00\" \/>\n<meta property=\"article:modified_time\" content=\"2017-03-07T10:06:59+00:00\" \/>\n<meta property=\"og:image\" content=\"https:\/\/stuttgarti-katolikusok.de\/wp-content\/uploads\/2017\/03\/az-imadsag.jpg\" \/>\n\t<meta property=\"og:image:width\" content=\"450\" \/>\n\t<meta property=\"og:image:height\" content=\"353\" \/>\n\t<meta property=\"og:image:type\" content=\"image\/jpeg\" \/>\n<meta name=\"author\" content=\"Tibor atya\" \/>\n<meta name=\"twitter:card\" content=\"summary_large_image\" \/>\n<meta name=\"twitter:label1\" content=\"Szerz\u0151:\" \/>\n\t<meta name=\"twitter:data1\" content=\"Tibor atya\" \/>\n\t<meta name=\"twitter:label2\" content=\"Becs\u00fclt olvas\u00e1si id\u0151\" \/>\n\t<meta name=\"twitter:data2\" content=\"1 perc\" \/>\n<script type=\"application\/ld+json\" class=\"yoast-schema-graph\">{\"@context\":\"https:\\\/\\\/schema.org\",\"@graph\":[{\"@type\":\"Article\",\"@id\":\"https:\\\/\\\/stuttgarti-katolikusok.de\\\/index.php\\\/programelozetes-marcius-6-es-12-kozott\\\/#article\",\"isPartOf\":{\"@id\":\"https:\\\/\\\/stuttgarti-katolikusok.de\\\/index.php\\\/programelozetes-marcius-6-es-12-kozott\\\/\"},\"author\":{\"name\":\"Tibor atya\",\"@id\":\"https:\\\/\\\/stuttgarti-katolikusok.de\\\/#\\\/schema\\\/person\\\/75908d6f8fdc03a57889d27209df7795\"},\"headline\":\"Programel\u0151zetes m\u00e1rcius 6 \u00e9s 12 k\u00f6z\u00f6tt\",\"datePublished\":\"2017-03-06T06:18:13+00:00\",\"dateModified\":\"2017-03-07T10:06:59+00:00\",\"mainEntityOfPage\":{\"@id\":\"https:\\\/\\\/stuttgarti-katolikusok.de\\\/index.php\\\/programelozetes-marcius-6-es-12-kozott\\\/\"},\"wordCount\":215,\"image\":{\"@id\":\"https:\\\/\\\/stuttgarti-katolikusok.de\\\/index.php\\\/programelozetes-marcius-6-es-12-kozott\\\/#primaryimage\"},\"thumbnailUrl\":\"https:\\\/\\\/stuttgarti-katolikusok.de\\\/wp-content\\\/uploads\\\/2017\\\/03\\\/az-imadsag.jpg\",\"articleSection\":[\"Progamel\u0151zetes\"],\"inLanguage\":\"hu\"},{\"@type\":\"WebPage\",\"@id\":\"https:\\\/\\\/stuttgarti-katolikusok.de\\\/index.php\\\/programelozetes-marcius-6-es-12-kozott\\\/\",\"url\":\"https:\\\/\\\/stuttgarti-katolikusok.de\\\/index.php\\\/programelozetes-marcius-6-es-12-kozott\\\/\",\"name\":\"Programel\u0151zetes m\u00e1rcius 6 \u00e9s 12 k\u00f6z\u00f6tt - Stuttgarti Katolikusok\",\"isPartOf\":{\"@id\":\"https:\\\/\\\/stuttgarti-katolikusok.de\\\/#website\"},\"primaryImageOfPage\":{\"@id\":\"https:\\\/\\\/stuttgarti-katolikusok.de\\\/index.php\\\/programelozetes-marcius-6-es-12-kozott\\\/#primaryimage\"},\"image\":{\"@id\":\"https:\\\/\\\/stuttgarti-katolikusok.de\\\/index.php\\\/programelozetes-marcius-6-es-12-kozott\\\/#primaryimage\"},\"thumbnailUrl\":\"https:\\\/\\\/stuttgarti-katolikusok.de\\\/wp-content\\\/uploads\\\/2017\\\/03\\\/az-imadsag.jpg\",\"datePublished\":\"2017-03-06T06:18:13+00:00\",\"dateModified\":\"2017-03-07T10:06:59+00:00\",\"author\":{\"@id\":\"https:\\\/\\\/stuttgarti-katolikusok.de\\\/#\\\/schema\\\/person\\\/75908d6f8fdc03a57889d27209df7795\"},\"breadcrumb\":{\"@id\":\"https:\\\/\\\/stuttgarti-katolikusok.de\\\/index.php\\\/programelozetes-marcius-6-es-12-kozott\\\/#breadcrumb\"},\"inLanguage\":\"hu\",\"potentialAction\":[{\"@type\":\"ReadAction\",\"target\":[\"https:\\\/\\\/stuttgarti-katolikusok.de\\\/index.php\\\/programelozetes-marcius-6-es-12-kozott\\\/\"]}]},{\"@type\":\"ImageObject\",\"inLanguage\":\"hu\",\"@id\":\"https:\\\/\\\/stuttgarti-katolikusok.de\\\/index.php\\\/programelozetes-marcius-6-es-12-kozott\\\/#primaryimage\",\"url\":\"https:\\\/\\\/stuttgarti-katolikusok.de\\\/wp-content\\\/uploads\\\/2017\\\/03\\\/az-imadsag.jpg\",\"contentUrl\":\"https:\\\/\\\/stuttgarti-katolikusok.de\\\/wp-content\\\/uploads\\\/2017\\\/03\\\/az-imadsag.jpg\",\"width\":450,\"height\":353},{\"@type\":\"BreadcrumbList\",\"@id\":\"https:\\\/\\\/stuttgarti-katolikusok.de\\\/index.php\\\/programelozetes-marcius-6-es-12-kozott\\\/#breadcrumb\",\"itemListElement\":[{\"@type\":\"ListItem\",\"position\":1,\"name\":\"Kezd\u0151lap\",\"item\":\"https:\\\/\\\/stuttgarti-katolikusok.de\\\/\"},{\"@type\":\"ListItem\",\"position\":2,\"name\":\"Programel\u0151zetes m\u00e1rcius 6 \u00e9s 12 k\u00f6z\u00f6tt\"}]},{\"@type\":\"WebSite\",\"@id\":\"https:\\\/\\\/stuttgarti-katolikusok.de\\\/#website\",\"url\":\"https:\\\/\\\/stuttgarti-katolikusok.de\\\/\",\"name\":\"Stuttgarti Katolikusok\",\"description\":\"\",\"potentialAction\":[{\"@type\":\"SearchAction\",\"target\":{\"@type\":\"EntryPoint\",\"urlTemplate\":\"https:\\\/\\\/stuttgarti-katolikusok.de\\\/?s={search_term_string}\"},\"query-input\":{\"@type\":\"PropertyValueSpecification\",\"valueRequired\":true,\"valueName\":\"search_term_string\"}}],\"inLanguage\":\"hu\"},{\"@type\":\"Person\",\"@id\":\"https:\\\/\\\/stuttgarti-katolikusok.de\\\/#\\\/schema\\\/person\\\/75908d6f8fdc03a57889d27209df7795\",\"name\":\"Tibor atya\",\"image\":{\"@type\":\"ImageObject\",\"inLanguage\":\"hu\",\"@id\":\"https:\\\/\\\/secure.gravatar.com\\\/avatar\\\/61d268e57d1f4525b111222e29d2d5a7f8c420fdbf231ba5566a8ceac74fa960?s=96&d=mm&r=g\",\"url\":\"https:\\\/\\\/secure.gravatar.com\\\/avatar\\\/61d268e57d1f4525b111222e29d2d5a7f8c420fdbf231ba5566a8ceac74fa960?s=96&d=mm&r=g\",\"contentUrl\":\"https:\\\/\\\/secure.gravatar.com\\\/avatar\\\/61d268e57d1f4525b111222e29d2d5a7f8c420fdbf231ba5566a8ceac74fa960?s=96&d=mm&r=g\",\"caption\":\"Tibor atya\"},\"url\":\"https:\\\/\\\/stuttgarti-katolikusok.de\\\/index.php\\\/author\\\/tibor-atya\\\/\"}]}<\/script>\n<!-- \/ Yoast SEO plugin. -->","yoast_head_json":{"title":"Programel\u0151zetes m\u00e1rcius 6 \u00e9s 12 k\u00f6z\u00f6tt - Stuttgarti Katolikusok","robots":{"index":"index","follow":"follow","max-snippet":"max-snippet:-1","max-image-preview":"max-image-preview:large","max-video-preview":"max-video-preview:-1"},"canonical":"https:\/\/stuttgarti-katolikusok.de\/index.php\/programelozetes-marcius-6-es-12-kozott\/","og_locale":"hu_HU","og_type":"article","og_title":"Programel\u0151zetes m\u00e1rcius 6 \u00e9s 12 k\u00f6z\u00f6tt - Stuttgarti Katolikusok","og_description":"Programel\u0151zetes M\u00e1rcius 9-\u00e9n, cs\u00fct\u00f6rt\u00f6k\u00f6n, Ulmban \u00a017.30 kereszt\u00fati \u00e1jtatoss\u00e1g, el\u0151tte gy\u00f3ntat\u00e1s, szentmise. Ut\u00e1na Besz\u00e9lget\u00e9sek a Bibli\u00e1r\u00f3l (B\u0171nb\u00e1nat az \u00d3sz\u00f6vets\u00e9gben). * M\u00e1rcius 10-\u00e9n, p\u00e9nteken, Stuttgartban 16.00 \u00f3rakor a Bar\u00e1ts\u00e1gklub ELMARAD!\u00a018.00 \u00f3r\u00e1t\u00f3l kereszt\u00fati \u00e1jtatoss\u00e1g. \u00a0A szentmise ELMARAD!\u00a0Z\u00fcrichben tartok lelkigyakorlatot. 19.00 \u00f3r\u00e1t\u00f3l Sportklub. * Weingartenben a Marien Kirche-ben, 17.30 kereszt\u00fati \u00e1jtatoss\u00e1g, el\u0151tte gy\u00f3ntat\u00e1s, majd szentmise. Ut\u00e1na Besz\u00e9lget\u00e9sek a Bibli\u00e1r\u00f3l (B\u0171nb\u00e1nat az \u00d3sz\u00f6vets\u00e9gben). * M\u00e1rcius 11-\u00e9n, szombaton, Friedrichshafenben 17.00 \u00f3rakor szentmise, keret\u00e9ben hamvaz\u00e1s, ut\u00e1na \u00e1g\u00e1p\u00e9. * M\u00e1rcius 12-\u00e9n, vas\u00e1rnap, Weingartenben 10.00 \u00f3rakor szentmise, keret\u00e9ben hamvaz\u00e1s, ut\u00e1na \u00e1g\u00e1p\u00e9. Ulmban 15.00 \u00f3rakor szentmise, keret\u00e9ben hamvaz\u00e1s, ut\u00e1na \u00e1g\u00e1p\u00e9. * Minden helyen mindenkit szeretettel v\u00e1r a k\u00f6z\u00f6ss\u00e9g, Imre atya \u00e9s Tibor atya! \u201eAz ima az a kulcs, amellyel reggel kinyitom \u00e9s este bez\u00e1rom a napot.\u201d (Ghandi \u2013 1869-1948 \u2013 indiai aszk\u00e9ta \u00e9s b\u00e9keharcos) Kegyelemteljes nagyb\u00f6jti napokat, j\u00f3 munk\u00e1t, tartalmas besz\u00e9lget\u00e9seket \u00e9s \u00f6r\u00f6mteli tal\u00e1lkoz\u00e1sokat k\u00edv\u00e1nunk minden Kedves H\u00edv\u00fcnknek!","og_url":"https:\/\/stuttgarti-katolikusok.de\/index.php\/programelozetes-marcius-6-es-12-kozott\/","og_site_name":"Stuttgarti Katolikusok","article_published_time":"2017-03-06T06:18:13+00:00","article_modified_time":"2017-03-07T10:06:59+00:00","og_image":[{"width":450,"height":353,"url":"https:\/\/stuttgarti-katolikusok.de\/wp-content\/uploads\/2017\/03\/az-imadsag.jpg","type":"image\/jpeg"}],"author":"Tibor atya","twitter_card":"summary_large_image","twitter_misc":{"Szerz\u0151:":"Tibor atya","Becs\u00fclt olvas\u00e1si id\u0151":"1 perc"},"schema":{"@context":"https:\/\/schema.org","@graph":[{"@type":"Article","@id":"https:\/\/stuttgarti-katolikusok.de\/index.php\/programelozetes-marcius-6-es-12-kozott\/#article","isPartOf":{"@id":"https:\/\/stuttgarti-katolikusok.de\/index.php\/programelozetes-marcius-6-es-12-kozott\/"},"author":{"name":"Tibor atya","@id":"https:\/\/stuttgarti-katolikusok.de\/#\/schema\/person\/75908d6f8fdc03a57889d27209df7795"},"headline":"Programel\u0151zetes m\u00e1rcius 6 \u00e9s 12 k\u00f6z\u00f6tt","datePublished":"2017-03-06T06:18:13+00:00","dateModified":"2017-03-07T10:06:59+00:00","mainEntityOfPage":{"@id":"https:\/\/stuttgarti-katolikusok.de\/index.php\/programelozetes-marcius-6-es-12-kozott\/"},"wordCount":215,"image":{"@id":"https:\/\/stuttgarti-katolikusok.de\/index.php\/programelozetes-marcius-6-es-12-kozott\/#primaryimage"},"thumbnailUrl":"https:\/\/stuttgarti-katolikusok.de\/wp-content\/uploads\/2017\/03\/az-imadsag.jpg","articleSection":["Progamel\u0151zetes"],"inLanguage":"hu"},{"@type":"WebPage","@id":"https:\/\/stuttgarti-katolikusok.de\/index.php\/programelozetes-marcius-6-es-12-kozott\/","url":"https:\/\/stuttgarti-katolikusok.de\/index.php\/programelozetes-marcius-6-es-12-kozott\/","name":"Programel\u0151zetes m\u00e1rcius 6 \u00e9s 12 k\u00f6z\u00f6tt - Stuttgarti Katolikusok","isPartOf":{"@id":"https:\/\/stuttgarti-katolikusok.de\/#website"},"primaryImageOfPage":{"@id":"https:\/\/stuttgarti-katolikusok.de\/index.php\/programelozetes-marcius-6-es-12-kozott\/#primaryimage"},"image":{"@id":"https:\/\/stuttgarti-katolikusok.de\/index.php\/programelozetes-marcius-6-es-12-kozott\/#primaryimage"},"thumbnailUrl":"https:\/\/stuttgarti-katolikusok.de\/wp-content\/uploads\/2017\/03\/az-imadsag.jpg","datePublished":"2017-03-06T06:18:13+00:00","dateModified":"2017-03-07T10:06:59+00:00","author":{"@id":"https:\/\/stuttgarti-katolikusok.de\/#\/schema\/person\/75908d6f8fdc03a57889d27209df7795"},"breadcrumb":{"@id":"https:\/\/stuttgarti-katolikusok.de\/index.php\/programelozetes-marcius-6-es-12-kozott\/#breadcrumb"},"inLanguage":"hu","potentialAction":[{"@type":"ReadAction","target":["https:\/\/stuttgarti-katolikusok.de\/index.php\/programelozetes-marcius-6-es-12-kozott\/"]}]},{"@type":"ImageObject","inLanguage":"hu","@id":"https:\/\/stuttgarti-katolikusok.de\/index.php\/programelozetes-marcius-6-es-12-kozott\/#primaryimage","url":"https:\/\/stuttgarti-katolikusok.de\/wp-content\/uploads\/2017\/03\/az-imadsag.jpg","contentUrl":"https:\/\/stuttgarti-katolikusok.de\/wp-content\/uploads\/2017\/03\/az-imadsag.jpg","width":450,"height":353},{"@type":"BreadcrumbList","@id":"https:\/\/stuttgarti-katolikusok.de\/index.php\/programelozetes-marcius-6-es-12-kozott\/#breadcrumb","itemListElement":[{"@type":"ListItem","position":1,"name":"Kezd\u0151lap","item":"https:\/\/stuttgarti-katolikusok.de\/"},{"@type":"ListItem","position":2,"name":"Programel\u0151zetes m\u00e1rcius 6 \u00e9s 12 k\u00f6z\u00f6tt"}]},{"@type":"WebSite","@id":"https:\/\/stuttgarti-katolikusok.de\/#website","url":"https:\/\/stuttgarti-katolikusok.de\/","name":"Stuttgarti Katolikusok","description":"","potentialAction":[{"@type":"SearchAction","target":{"@type":"EntryPoint","urlTemplate":"https:\/\/stuttgarti-katolikusok.de\/?s={search_term_string}"},"query-input":{"@type":"PropertyValueSpecification","valueRequired":true,"valueName":"search_term_string"}}],"inLanguage":"hu"},{"@type":"Person","@id":"https:\/\/stuttgarti-katolikusok.de\/#\/schema\/person\/75908d6f8fdc03a57889d27209df7795","name":"Tibor atya","image":{"@type":"ImageObject","inLanguage":"hu","@id":"https:\/\/secure.gravatar.com\/avatar\/61d268e57d1f4525b111222e29d2d5a7f8c420fdbf231ba5566a8ceac74fa960?s=96&d=mm&r=g","url":"https:\/\/secure.gravatar.com\/avatar\/61d268e57d1f4525b111222e29d2d5a7f8c420fdbf231ba5566a8ceac74fa960?s=96&d=mm&r=g","contentUrl":"https:\/\/secure.gravatar.com\/avatar\/61d268e57d1f4525b111222e29d2d5a7f8c420fdbf231ba5566a8ceac74fa960?s=96&d=mm&r=g","caption":"Tibor atya"},"url":"https:\/\/stuttgarti-katolikusok.de\/index.php\/author\/tibor-atya\/"}]}},"_links":{"self":[{"href":"https:\/\/stuttgarti-katolikusok.de\/index.php\/wp-json\/wp\/v2\/posts\/11393","targetHints":{"allow":["GET"]}}],"collection":[{"href":"https:\/\/stuttgarti-katolikusok.de\/index.php\/wp-json\/wp\/v2\/posts"}],"about":[{"href":"https:\/\/stuttgarti-katolikusok.de\/index.php\/wp-json\/wp\/v2\/types\/post"}],"author":[{"embeddable":true,"href":"https:\/\/stuttgarti-katolikusok.de\/index.php\/wp-json\/wp\/v2\/users\/3"}],"replies":[{"embeddable":true,"href":"https:\/\/stuttgarti-katolikusok.de\/index.php\/wp-json\/wp\/v2\/comments?post=11393"}],"version-history":[{"count":4,"href":"https:\/\/stuttgarti-katolikusok.de\/index.php\/wp-json\/wp\/v2\/posts\/11393\/revisions"}],"predecessor-version":[{"id":11440,"href":"https:\/\/stuttgarti-katolikusok.de\/index.php\/wp-json\/wp\/v2\/posts\/11393\/revisions\/11440"}],"wp:featuredmedia":[{"embeddable":true,"href":"https:\/\/stuttgarti-katolikusok.de\/index.php\/wp-json\/wp\/v2\/media\/11394"}],"wp:attachment":[{"href":"https:\/\/stuttgarti-katolikusok.de\/index.php\/wp-json\/wp\/v2\/media?parent=11393"}],"wp:term":[{"taxonomy":"category","embeddable":true,"href":"https:\/\/stuttgarti-katolikusok.de\/index.php\/wp-json\/wp\/v2\/categories?post=11393"},{"taxonomy":"post_tag","embeddable":true,"href":"https:\/\/stuttgarti-katolikusok.de\/index.php\/wp-json\/wp\/v2\/tags?post=11393"}],"curies":[{"name":"wp","href":"https:\/\/api.w.org\/{rel}","templated":true}]}}