{"id":11347,"date":"2017-02-27T10:13:27","date_gmt":"2017-02-27T10:13:27","guid":{"rendered":"https:\/\/gracious-dewdney.138-201-221-2.plesk.page\/?p=11347"},"modified":"2020-04-27T16:11:12","modified_gmt":"2020-04-27T16:11:12","slug":"programelozetes-februar-27-es-marcius-5-kozott","status":"publish","type":"post","link":"https:\/\/stuttgarti-katolikusok.de\/index.php\/programelozetes-februar-27-es-marcius-5-kozott\/","title":{"rendered":"Programel\u0151zetes febru\u00e1r 27 \u00e9s m\u00e1rcius 5 k\u00f6z\u00f6tt"},"content":{"rendered":"<p><strong>Programel\u0151zetes<\/strong><\/p>\n<p><strong>M\u00e1rcius 1-j\u00e9n, Hamvaz\u00f3szerda<\/strong>, a <em>nagyb\u00f6jt<\/em> kezdete, szigor\u00fa b\u00f6jti nap.<strong> Stuttgartban <\/strong>de. 10.15 \u00f3rakor n\u00e9met-magyar nyelv\u0171 <em>szentmise<\/em>, keret\u00e9ben <em>hamvaz\u00e1s<\/em>.<\/p>\n<p><strong>M\u00e1rcius 2-\u00e1n, <\/strong>cs\u00fct\u00f6rt\u00f6k\u00f6n, <strong>Ulmban <\/strong>17.30 <em>kereszt\u00fati \u00e1jtatoss\u00e1g<\/em>, <em>szentmise<\/em>, <em>hamvaz\u00e1s<\/em>, <em>el\u0151ad\u00e1s<\/em> a nagyb\u00f6jtr\u0151l.<\/p>\n<p>*<\/p>\n<p><strong>M\u00e1rcius 3-\u00e1n, <\/strong>p\u00e9nteken, <strong>Stuttgartban<\/strong> 16.00 \u00f3rakor <em>Bar\u00e1ts\u00e1gklub<\/em>.<strong>\u00a0 <\/strong>17.50 \u00f3rakor <em>kereszt\u00fati \u00e1jtatoss\u00e1g<\/em>, majd <em>szentmise, <\/em>keret\u00e9ben <em>hamvaz\u00e1s<\/em>. Ut\u00e1na <em>nagyb\u00f6jt kezdete <\/em>a Kisk\u00f6nyvt\u00e1rban.<\/p>\n<p><strong>Weingartenben <\/strong>17.30 \u00f3rakor a 14 Nothelfer Kapelle-ben <em>kereszt\u00fati \u00e1jtatoss\u00e1g<\/em>, azt\u00e1n <em>szentmise<\/em>, <em>hamvaz\u00e1s<\/em>, majd <em>el\u0151ad\u00e1s<\/em> a nagyb\u00f6jtr\u0151l.<\/p>\n<p>*<\/p>\n<p><strong>M\u00e1rcius 4-\u00e9n<\/strong>, szombaton, 17.00 \u00f3rakor <strong>Balingenben<\/strong> <em>szentmise<\/em>. Keret\u00e9ben <em>hamvaz\u00e1s<\/em>, ut\u00e1na <em>\u00e1g\u00e1p\u00e9<\/em>.<\/p>\n<p>*<\/p>\n<p><strong>M\u00e1rcius 5-\u00e9n, <\/strong>vas\u00e1rnap, 9.00 \u00f3rakor <strong>Munderkingenben <\/strong>\u00a0<em>szentmise,<\/em> keret\u00e9ben <em>hamvaz\u00e1s<\/em>.<\/p>\n<p>9.30 \u00f3rakor <strong>Schw\u00e4bisch-Gm\u00fcndben <\/strong><em>szentmise, <\/em>keret\u00e9ben <em>hamvaz\u00e1s<\/em>, ut\u00e1na <em>\u00e1g\u00e1p\u00e9<\/em>.<\/p>\n<p>15.00 \u00f3rakor <strong>Stuttgartban <\/strong><em>szentmise, <\/em>keret\u00e9ben <em>hamvaz\u00e1s<\/em>. Ut\u00e1na <strong>B\u00e1lint Nat\u00e1Lia <\/strong>\u00e9nekesn\u0151 \u00e9s<strong> Jevgeny\u00edj Alekszejev <\/strong>zongoram\u0171v\u00e9sz <em>nagyb\u00f6jti koncertet <\/em>ad. V\u00e9g\u00fcl <em>\u00e1g\u00e1p\u00e9. <\/em>Ezalatt a \u00a0Kisk\u00f6nyvt\u00e1rban <em>els\u0151\u00e1ldoz\u00f3k el\u0151k\u00e9sz\u00edt\u0151je.<\/em><\/p>\n<p>Minden helyen mindenkit szeretettel v\u00e1r a k\u00f6z\u00f6ss\u00e9g, Imre atya \u00e9s Tibor atya!<\/p>\n<p><em>\u201eAz <strong>ima<\/strong> a lelket, a f\u00e1jdalom a testet tiszt\u00edtja.\u201d <\/em><strong>(Ismeretlen)<\/strong><\/p>\n<p><strong><em>Kegyelemteljes nagyb\u00f6jti napokat, j\u00f3 munk\u00e1t, tartalmas besz\u00e9lget\u00e9seket \u00e9s \u00f6r\u00f6mteli tal\u00e1lkoz\u00e1sokat k\u00edv\u00e1nunk minden Kedves H\u00edv\u00fcnknek!<\/em><\/strong><\/p>\n<p><strong>\u00a0<\/strong><\/p>\n","protected":false},"excerpt":{"rendered":"<p>Programel\u0151zetes M\u00e1rcius 1-j\u00e9n, Hamvaz\u00f3szerda, a nagyb\u00f6jt kezdete, szigor\u00fa b\u00f6jti nap. Stuttgartban de. 10.15 \u00f3rakor n\u00e9met-magyar nyelv\u0171 szentmise, keret\u00e9ben hamvaz\u00e1s. M\u00e1rcius 2-\u00e1n, cs\u00fct\u00f6rt\u00f6k\u00f6n, Ulmban 17.30 kereszt\u00fati \u00e1jtatoss\u00e1g, szentmise, hamvaz\u00e1s, el\u0151ad\u00e1s a nagyb\u00f6jtr\u0151l. * M\u00e1rcius 3-\u00e1n, p\u00e9nteken, Stuttgartban 16.00 \u00f3rakor Bar\u00e1ts\u00e1gklub.\u00a0 17.50 \u00f3rakor kereszt\u00fati \u00e1jtatoss\u00e1g, majd szentmise, keret\u00e9ben hamvaz\u00e1s. Ut\u00e1na nagyb\u00f6jt kezdete a Kisk\u00f6nyvt\u00e1rban. Weingartenben 17.30 \u00f3rakor a 14 Nothelfer Kapelle-ben kereszt\u00fati \u00e1jtatoss\u00e1g, azt\u00e1n szentmise, hamvaz\u00e1s, majd el\u0151ad\u00e1s a nagyb\u00f6jtr\u0151l. * M\u00e1rcius 4-\u00e9n, szombaton, 17.00 \u00f3rakor Balingenben szentmise. Keret\u00e9ben hamvaz\u00e1s, ut\u00e1na \u00e1g\u00e1p\u00e9. * M\u00e1rcius 5-\u00e9n, vas\u00e1rnap, 9.00 \u00f3rakor Munderkingenben \u00a0szentmise, keret\u00e9ben hamvaz\u00e1s. 9.30 \u00f3rakor Schw\u00e4bisch-Gm\u00fcndben szentmise, keret\u00e9ben hamvaz\u00e1s, ut\u00e1na \u00e1g\u00e1p\u00e9. 15.00 \u00f3rakor Stuttgartban szentmise, keret\u00e9ben hamvaz\u00e1s. Ut\u00e1na B\u00e1lint Nat\u00e1Lia \u00e9nekesn\u0151 \u00e9s Jevgeny\u00edj Alekszejev zongoram\u0171v\u00e9sz nagyb\u00f6jti koncertet ad. V\u00e9g\u00fcl \u00e1g\u00e1p\u00e9. Ezalatt a \u00a0Kisk\u00f6nyvt\u00e1rban els\u0151\u00e1ldoz\u00f3k el\u0151k\u00e9sz\u00edt\u0151je. Minden helyen mindenkit szeretettel v\u00e1r a k\u00f6z\u00f6ss\u00e9g, Imre atya \u00e9s Tibor atya! \u201eAz ima a lelket, a f\u00e1jdalom a testet tiszt\u00edtja.\u201d (Ismeretlen) Kegyelemteljes nagyb\u00f6jti napokat, j\u00f3 munk\u00e1t, tartalmas besz\u00e9lget\u00e9seket \u00e9s \u00f6r\u00f6mteli tal\u00e1lkoz\u00e1sokat k\u00edv\u00e1nunk minden Kedves H\u00edv\u00fcnknek! \u00a0<\/p>\n","protected":false},"author":3,"featured_media":0,"comment_status":"closed","ping_status":"closed","sticky":false,"template":"","format":"standard","meta":{"footnotes":""},"categories":[37],"tags":[],"class_list":["post-11347","post","type-post","status-publish","format-standard","hentry","category-progamelozetes"],"yoast_head":"<!-- This site is optimized with the Yoast SEO plugin v27.3 - https:\/\/yoast.com\/product\/yoast-seo-wordpress\/ -->\n<title>Programel\u0151zetes febru\u00e1r 27 \u00e9s m\u00e1rcius 5 k\u00f6z\u00f6tt - Stuttgarti Katolikusok<\/title>\n<meta name=\"robots\" content=\"index, follow, max-snippet:-1, max-image-preview:large, max-video-preview:-1\" \/>\n<link rel=\"canonical\" href=\"https:\/\/stuttgarti-katolikusok.de\/index.php\/programelozetes-februar-27-es-marcius-5-kozott\/\" \/>\n<meta property=\"og:locale\" content=\"hu_HU\" \/>\n<meta property=\"og:type\" content=\"article\" \/>\n<meta property=\"og:title\" content=\"Programel\u0151zetes febru\u00e1r 27 \u00e9s m\u00e1rcius 5 k\u00f6z\u00f6tt - Stuttgarti Katolikusok\" \/>\n<meta property=\"og:description\" content=\"Programel\u0151zetes M\u00e1rcius 1-j\u00e9n, Hamvaz\u00f3szerda, a nagyb\u00f6jt kezdete, szigor\u00fa b\u00f6jti nap. Stuttgartban de. 10.15 \u00f3rakor n\u00e9met-magyar nyelv\u0171 szentmise, keret\u00e9ben hamvaz\u00e1s. M\u00e1rcius 2-\u00e1n, cs\u00fct\u00f6rt\u00f6k\u00f6n, Ulmban 17.30 kereszt\u00fati \u00e1jtatoss\u00e1g, szentmise, hamvaz\u00e1s, el\u0151ad\u00e1s a nagyb\u00f6jtr\u0151l. * M\u00e1rcius 3-\u00e1n, p\u00e9nteken, Stuttgartban 16.00 \u00f3rakor Bar\u00e1ts\u00e1gklub.\u00a0 17.50 \u00f3rakor kereszt\u00fati \u00e1jtatoss\u00e1g, majd szentmise, keret\u00e9ben hamvaz\u00e1s. Ut\u00e1na nagyb\u00f6jt kezdete a Kisk\u00f6nyvt\u00e1rban. Weingartenben 17.30 \u00f3rakor a 14 Nothelfer Kapelle-ben kereszt\u00fati \u00e1jtatoss\u00e1g, azt\u00e1n szentmise, hamvaz\u00e1s, majd el\u0151ad\u00e1s a nagyb\u00f6jtr\u0151l. * M\u00e1rcius 4-\u00e9n, szombaton, 17.00 \u00f3rakor Balingenben szentmise. Keret\u00e9ben hamvaz\u00e1s, ut\u00e1na \u00e1g\u00e1p\u00e9. * M\u00e1rcius 5-\u00e9n, vas\u00e1rnap, 9.00 \u00f3rakor Munderkingenben \u00a0szentmise, keret\u00e9ben hamvaz\u00e1s. 9.30 \u00f3rakor Schw\u00e4bisch-Gm\u00fcndben szentmise, keret\u00e9ben hamvaz\u00e1s, ut\u00e1na \u00e1g\u00e1p\u00e9. 15.00 \u00f3rakor Stuttgartban szentmise, keret\u00e9ben hamvaz\u00e1s. Ut\u00e1na B\u00e1lint Nat\u00e1Lia \u00e9nekesn\u0151 \u00e9s Jevgeny\u00edj Alekszejev zongoram\u0171v\u00e9sz nagyb\u00f6jti koncertet ad. V\u00e9g\u00fcl \u00e1g\u00e1p\u00e9. Ezalatt a \u00a0Kisk\u00f6nyvt\u00e1rban els\u0151\u00e1ldoz\u00f3k el\u0151k\u00e9sz\u00edt\u0151je. Minden helyen mindenkit szeretettel v\u00e1r a k\u00f6z\u00f6ss\u00e9g, Imre atya \u00e9s Tibor atya! \u201eAz ima a lelket, a f\u00e1jdalom a testet tiszt\u00edtja.\u201d (Ismeretlen) Kegyelemteljes nagyb\u00f6jti napokat, j\u00f3 munk\u00e1t, tartalmas besz\u00e9lget\u00e9seket \u00e9s \u00f6r\u00f6mteli tal\u00e1lkoz\u00e1sokat k\u00edv\u00e1nunk minden Kedves H\u00edv\u00fcnknek! \u00a0\" \/>\n<meta property=\"og:url\" content=\"https:\/\/stuttgarti-katolikusok.de\/index.php\/programelozetes-februar-27-es-marcius-5-kozott\/\" \/>\n<meta property=\"og:site_name\" content=\"Stuttgarti Katolikusok\" \/>\n<meta property=\"article:published_time\" content=\"2017-02-27T10:13:27+00:00\" \/>\n<meta property=\"article:modified_time\" content=\"2020-04-27T16:11:12+00:00\" \/>\n<meta name=\"author\" content=\"Tibor atya\" \/>\n<meta name=\"twitter:card\" content=\"summary_large_image\" \/>\n<meta name=\"twitter:label1\" content=\"Szerz\u0151:\" \/>\n\t<meta name=\"twitter:data1\" content=\"Tibor atya\" \/>\n\t<meta name=\"twitter:label2\" content=\"Becs\u00fclt olvas\u00e1si id\u0151\" \/>\n\t<meta name=\"twitter:data2\" content=\"1 perc\" \/>\n<script type=\"application\/ld+json\" class=\"yoast-schema-graph\">{\"@context\":\"https:\\\/\\\/schema.org\",\"@graph\":[{\"@type\":\"Article\",\"@id\":\"https:\\\/\\\/stuttgarti-katolikusok.de\\\/index.php\\\/programelozetes-februar-27-es-marcius-5-kozott\\\/#article\",\"isPartOf\":{\"@id\":\"https:\\\/\\\/stuttgarti-katolikusok.de\\\/index.php\\\/programelozetes-februar-27-es-marcius-5-kozott\\\/\"},\"author\":{\"name\":\"Tibor atya\",\"@id\":\"https:\\\/\\\/stuttgarti-katolikusok.de\\\/#\\\/schema\\\/person\\\/75908d6f8fdc03a57889d27209df7795\"},\"headline\":\"Programel\u0151zetes febru\u00e1r 27 \u00e9s m\u00e1rcius 5 k\u00f6z\u00f6tt\",\"datePublished\":\"2017-02-27T10:13:27+00:00\",\"dateModified\":\"2020-04-27T16:11:12+00:00\",\"mainEntityOfPage\":{\"@id\":\"https:\\\/\\\/stuttgarti-katolikusok.de\\\/index.php\\\/programelozetes-februar-27-es-marcius-5-kozott\\\/\"},\"wordCount\":252,\"articleSection\":[\"Progamel\u0151zetes\"],\"inLanguage\":\"hu\"},{\"@type\":\"WebPage\",\"@id\":\"https:\\\/\\\/stuttgarti-katolikusok.de\\\/index.php\\\/programelozetes-februar-27-es-marcius-5-kozott\\\/\",\"url\":\"https:\\\/\\\/stuttgarti-katolikusok.de\\\/index.php\\\/programelozetes-februar-27-es-marcius-5-kozott\\\/\",\"name\":\"Programel\u0151zetes febru\u00e1r 27 \u00e9s m\u00e1rcius 5 k\u00f6z\u00f6tt - Stuttgarti Katolikusok\",\"isPartOf\":{\"@id\":\"https:\\\/\\\/stuttgarti-katolikusok.de\\\/#website\"},\"datePublished\":\"2017-02-27T10:13:27+00:00\",\"dateModified\":\"2020-04-27T16:11:12+00:00\",\"author\":{\"@id\":\"https:\\\/\\\/stuttgarti-katolikusok.de\\\/#\\\/schema\\\/person\\\/75908d6f8fdc03a57889d27209df7795\"},\"breadcrumb\":{\"@id\":\"https:\\\/\\\/stuttgarti-katolikusok.de\\\/index.php\\\/programelozetes-februar-27-es-marcius-5-kozott\\\/#breadcrumb\"},\"inLanguage\":\"hu\",\"potentialAction\":[{\"@type\":\"ReadAction\",\"target\":[\"https:\\\/\\\/stuttgarti-katolikusok.de\\\/index.php\\\/programelozetes-februar-27-es-marcius-5-kozott\\\/\"]}]},{\"@type\":\"BreadcrumbList\",\"@id\":\"https:\\\/\\\/stuttgarti-katolikusok.de\\\/index.php\\\/programelozetes-februar-27-es-marcius-5-kozott\\\/#breadcrumb\",\"itemListElement\":[{\"@type\":\"ListItem\",\"position\":1,\"name\":\"Kezd\u0151lap\",\"item\":\"https:\\\/\\\/stuttgarti-katolikusok.de\\\/\"},{\"@type\":\"ListItem\",\"position\":2,\"name\":\"Programel\u0151zetes febru\u00e1r 27 \u00e9s m\u00e1rcius 5 k\u00f6z\u00f6tt\"}]},{\"@type\":\"WebSite\",\"@id\":\"https:\\\/\\\/stuttgarti-katolikusok.de\\\/#website\",\"url\":\"https:\\\/\\\/stuttgarti-katolikusok.de\\\/\",\"name\":\"Stuttgarti Katolikusok\",\"description\":\"\",\"potentialAction\":[{\"@type\":\"SearchAction\",\"target\":{\"@type\":\"EntryPoint\",\"urlTemplate\":\"https:\\\/\\\/stuttgarti-katolikusok.de\\\/?s={search_term_string}\"},\"query-input\":{\"@type\":\"PropertyValueSpecification\",\"valueRequired\":true,\"valueName\":\"search_term_string\"}}],\"inLanguage\":\"hu\"},{\"@type\":\"Person\",\"@id\":\"https:\\\/\\\/stuttgarti-katolikusok.de\\\/#\\\/schema\\\/person\\\/75908d6f8fdc03a57889d27209df7795\",\"name\":\"Tibor atya\",\"image\":{\"@type\":\"ImageObject\",\"inLanguage\":\"hu\",\"@id\":\"https:\\\/\\\/secure.gravatar.com\\\/avatar\\\/61d268e57d1f4525b111222e29d2d5a7f8c420fdbf231ba5566a8ceac74fa960?s=96&d=mm&r=g\",\"url\":\"https:\\\/\\\/secure.gravatar.com\\\/avatar\\\/61d268e57d1f4525b111222e29d2d5a7f8c420fdbf231ba5566a8ceac74fa960?s=96&d=mm&r=g\",\"contentUrl\":\"https:\\\/\\\/secure.gravatar.com\\\/avatar\\\/61d268e57d1f4525b111222e29d2d5a7f8c420fdbf231ba5566a8ceac74fa960?s=96&d=mm&r=g\",\"caption\":\"Tibor atya\"},\"url\":\"https:\\\/\\\/stuttgarti-katolikusok.de\\\/index.php\\\/author\\\/tibor-atya\\\/\"}]}<\/script>\n<!-- \/ Yoast SEO plugin. -->","yoast_head_json":{"title":"Programel\u0151zetes febru\u00e1r 27 \u00e9s m\u00e1rcius 5 k\u00f6z\u00f6tt - Stuttgarti Katolikusok","robots":{"index":"index","follow":"follow","max-snippet":"max-snippet:-1","max-image-preview":"max-image-preview:large","max-video-preview":"max-video-preview:-1"},"canonical":"https:\/\/stuttgarti-katolikusok.de\/index.php\/programelozetes-februar-27-es-marcius-5-kozott\/","og_locale":"hu_HU","og_type":"article","og_title":"Programel\u0151zetes febru\u00e1r 27 \u00e9s m\u00e1rcius 5 k\u00f6z\u00f6tt - Stuttgarti Katolikusok","og_description":"Programel\u0151zetes M\u00e1rcius 1-j\u00e9n, Hamvaz\u00f3szerda, a nagyb\u00f6jt kezdete, szigor\u00fa b\u00f6jti nap. Stuttgartban de. 10.15 \u00f3rakor n\u00e9met-magyar nyelv\u0171 szentmise, keret\u00e9ben hamvaz\u00e1s. M\u00e1rcius 2-\u00e1n, cs\u00fct\u00f6rt\u00f6k\u00f6n, Ulmban 17.30 kereszt\u00fati \u00e1jtatoss\u00e1g, szentmise, hamvaz\u00e1s, el\u0151ad\u00e1s a nagyb\u00f6jtr\u0151l. * M\u00e1rcius 3-\u00e1n, p\u00e9nteken, Stuttgartban 16.00 \u00f3rakor Bar\u00e1ts\u00e1gklub.\u00a0 17.50 \u00f3rakor kereszt\u00fati \u00e1jtatoss\u00e1g, majd szentmise, keret\u00e9ben hamvaz\u00e1s. Ut\u00e1na nagyb\u00f6jt kezdete a Kisk\u00f6nyvt\u00e1rban. Weingartenben 17.30 \u00f3rakor a 14 Nothelfer Kapelle-ben kereszt\u00fati \u00e1jtatoss\u00e1g, azt\u00e1n szentmise, hamvaz\u00e1s, majd el\u0151ad\u00e1s a nagyb\u00f6jtr\u0151l. * M\u00e1rcius 4-\u00e9n, szombaton, 17.00 \u00f3rakor Balingenben szentmise. Keret\u00e9ben hamvaz\u00e1s, ut\u00e1na \u00e1g\u00e1p\u00e9. * M\u00e1rcius 5-\u00e9n, vas\u00e1rnap, 9.00 \u00f3rakor Munderkingenben \u00a0szentmise, keret\u00e9ben hamvaz\u00e1s. 9.30 \u00f3rakor Schw\u00e4bisch-Gm\u00fcndben szentmise, keret\u00e9ben hamvaz\u00e1s, ut\u00e1na \u00e1g\u00e1p\u00e9. 15.00 \u00f3rakor Stuttgartban szentmise, keret\u00e9ben hamvaz\u00e1s. Ut\u00e1na B\u00e1lint Nat\u00e1Lia \u00e9nekesn\u0151 \u00e9s Jevgeny\u00edj Alekszejev zongoram\u0171v\u00e9sz nagyb\u00f6jti koncertet ad. V\u00e9g\u00fcl \u00e1g\u00e1p\u00e9. Ezalatt a \u00a0Kisk\u00f6nyvt\u00e1rban els\u0151\u00e1ldoz\u00f3k el\u0151k\u00e9sz\u00edt\u0151je. Minden helyen mindenkit szeretettel v\u00e1r a k\u00f6z\u00f6ss\u00e9g, Imre atya \u00e9s Tibor atya! \u201eAz ima a lelket, a f\u00e1jdalom a testet tiszt\u00edtja.\u201d (Ismeretlen) Kegyelemteljes nagyb\u00f6jti napokat, j\u00f3 munk\u00e1t, tartalmas besz\u00e9lget\u00e9seket \u00e9s \u00f6r\u00f6mteli tal\u00e1lkoz\u00e1sokat k\u00edv\u00e1nunk minden Kedves H\u00edv\u00fcnknek! \u00a0","og_url":"https:\/\/stuttgarti-katolikusok.de\/index.php\/programelozetes-februar-27-es-marcius-5-kozott\/","og_site_name":"Stuttgarti Katolikusok","article_published_time":"2017-02-27T10:13:27+00:00","article_modified_time":"2020-04-27T16:11:12+00:00","author":"Tibor atya","twitter_card":"summary_large_image","twitter_misc":{"Szerz\u0151:":"Tibor atya","Becs\u00fclt olvas\u00e1si id\u0151":"1 perc"},"schema":{"@context":"https:\/\/schema.org","@graph":[{"@type":"Article","@id":"https:\/\/stuttgarti-katolikusok.de\/index.php\/programelozetes-februar-27-es-marcius-5-kozott\/#article","isPartOf":{"@id":"https:\/\/stuttgarti-katolikusok.de\/index.php\/programelozetes-februar-27-es-marcius-5-kozott\/"},"author":{"name":"Tibor atya","@id":"https:\/\/stuttgarti-katolikusok.de\/#\/schema\/person\/75908d6f8fdc03a57889d27209df7795"},"headline":"Programel\u0151zetes febru\u00e1r 27 \u00e9s m\u00e1rcius 5 k\u00f6z\u00f6tt","datePublished":"2017-02-27T10:13:27+00:00","dateModified":"2020-04-27T16:11:12+00:00","mainEntityOfPage":{"@id":"https:\/\/stuttgarti-katolikusok.de\/index.php\/programelozetes-februar-27-es-marcius-5-kozott\/"},"wordCount":252,"articleSection":["Progamel\u0151zetes"],"inLanguage":"hu"},{"@type":"WebPage","@id":"https:\/\/stuttgarti-katolikusok.de\/index.php\/programelozetes-februar-27-es-marcius-5-kozott\/","url":"https:\/\/stuttgarti-katolikusok.de\/index.php\/programelozetes-februar-27-es-marcius-5-kozott\/","name":"Programel\u0151zetes febru\u00e1r 27 \u00e9s m\u00e1rcius 5 k\u00f6z\u00f6tt - Stuttgarti Katolikusok","isPartOf":{"@id":"https:\/\/stuttgarti-katolikusok.de\/#website"},"datePublished":"2017-02-27T10:13:27+00:00","dateModified":"2020-04-27T16:11:12+00:00","author":{"@id":"https:\/\/stuttgarti-katolikusok.de\/#\/schema\/person\/75908d6f8fdc03a57889d27209df7795"},"breadcrumb":{"@id":"https:\/\/stuttgarti-katolikusok.de\/index.php\/programelozetes-februar-27-es-marcius-5-kozott\/#breadcrumb"},"inLanguage":"hu","potentialAction":[{"@type":"ReadAction","target":["https:\/\/stuttgarti-katolikusok.de\/index.php\/programelozetes-februar-27-es-marcius-5-kozott\/"]}]},{"@type":"BreadcrumbList","@id":"https:\/\/stuttgarti-katolikusok.de\/index.php\/programelozetes-februar-27-es-marcius-5-kozott\/#breadcrumb","itemListElement":[{"@type":"ListItem","position":1,"name":"Kezd\u0151lap","item":"https:\/\/stuttgarti-katolikusok.de\/"},{"@type":"ListItem","position":2,"name":"Programel\u0151zetes febru\u00e1r 27 \u00e9s m\u00e1rcius 5 k\u00f6z\u00f6tt"}]},{"@type":"WebSite","@id":"https:\/\/stuttgarti-katolikusok.de\/#website","url":"https:\/\/stuttgarti-katolikusok.de\/","name":"Stuttgarti Katolikusok","description":"","potentialAction":[{"@type":"SearchAction","target":{"@type":"EntryPoint","urlTemplate":"https:\/\/stuttgarti-katolikusok.de\/?s={search_term_string}"},"query-input":{"@type":"PropertyValueSpecification","valueRequired":true,"valueName":"search_term_string"}}],"inLanguage":"hu"},{"@type":"Person","@id":"https:\/\/stuttgarti-katolikusok.de\/#\/schema\/person\/75908d6f8fdc03a57889d27209df7795","name":"Tibor atya","image":{"@type":"ImageObject","inLanguage":"hu","@id":"https:\/\/secure.gravatar.com\/avatar\/61d268e57d1f4525b111222e29d2d5a7f8c420fdbf231ba5566a8ceac74fa960?s=96&d=mm&r=g","url":"https:\/\/secure.gravatar.com\/avatar\/61d268e57d1f4525b111222e29d2d5a7f8c420fdbf231ba5566a8ceac74fa960?s=96&d=mm&r=g","contentUrl":"https:\/\/secure.gravatar.com\/avatar\/61d268e57d1f4525b111222e29d2d5a7f8c420fdbf231ba5566a8ceac74fa960?s=96&d=mm&r=g","caption":"Tibor atya"},"url":"https:\/\/stuttgarti-katolikusok.de\/index.php\/author\/tibor-atya\/"}]}},"_links":{"self":[{"href":"https:\/\/stuttgarti-katolikusok.de\/index.php\/wp-json\/wp\/v2\/posts\/11347","targetHints":{"allow":["GET"]}}],"collection":[{"href":"https:\/\/stuttgarti-katolikusok.de\/index.php\/wp-json\/wp\/v2\/posts"}],"about":[{"href":"https:\/\/stuttgarti-katolikusok.de\/index.php\/wp-json\/wp\/v2\/types\/post"}],"author":[{"embeddable":true,"href":"https:\/\/stuttgarti-katolikusok.de\/index.php\/wp-json\/wp\/v2\/users\/3"}],"replies":[{"embeddable":true,"href":"https:\/\/stuttgarti-katolikusok.de\/index.php\/wp-json\/wp\/v2\/comments?post=11347"}],"version-history":[{"count":2,"href":"https:\/\/stuttgarti-katolikusok.de\/index.php\/wp-json\/wp\/v2\/posts\/11347\/revisions"}],"predecessor-version":[{"id":11356,"href":"https:\/\/stuttgarti-katolikusok.de\/index.php\/wp-json\/wp\/v2\/posts\/11347\/revisions\/11356"}],"wp:attachment":[{"href":"https:\/\/stuttgarti-katolikusok.de\/index.php\/wp-json\/wp\/v2\/media?parent=11347"}],"wp:term":[{"taxonomy":"category","embeddable":true,"href":"https:\/\/stuttgarti-katolikusok.de\/index.php\/wp-json\/wp\/v2\/categories?post=11347"},{"taxonomy":"post_tag","embeddable":true,"href":"https:\/\/stuttgarti-katolikusok.de\/index.php\/wp-json\/wp\/v2\/tags?post=11347"}],"curies":[{"name":"wp","href":"https:\/\/api.w.org\/{rel}","templated":true}]}}