{"id":11341,"date":"2017-02-27T10:01:46","date_gmt":"2017-02-27T10:01:46","guid":{"rendered":"https:\/\/gracious-dewdney.138-201-221-2.plesk.page\/?p=11341"},"modified":"2017-02-27T10:12:31","modified_gmt":"2017-02-27T10:12:31","slug":"csalados-on-es-kapcsolatismereti-hetvege-ulmban","status":"publish","type":"post","link":"https:\/\/stuttgarti-katolikusok.de\/index.php\/csalados-on-es-kapcsolatismereti-hetvege-ulmban\/","title":{"rendered":"Csal\u00e1dos \u00f6n- \u00e9s kapcsolatismereti h\u00e9tv\u00e9ge Ulmban"},"content":{"rendered":"<p>Febru\u00e1r 18-\u00e1n csal\u00e1dos \u00f6n- \u00e9s kapcsolatismereti h\u00e9tv\u00e9g\u00e9re ment\u00fcnk Ulmba. K\u00edv\u00e1ncsian \u00e9s izgatottan indultunk reggel, hiszen nem tudtuk, mir\u0151l is lesz sz\u00f3 pontosan, milyen emberek gy\u0171lnek \u00f6ssze, h\u00e1nyan lesz\u00fcnk, milyen lesz a h\u00e9tv\u00e9g\u00e9t tart\u00f3 h\u00e1zasp\u00e1r. Oda\u00e9rve egy kicsit csal\u00f3dottak voltunk, hiszen rajtunk k\u00edv\u00fcl csup\u00e1n 4 h\u00e1zasp\u00e1r volt, pedig \u00fagy gondoltuk, egy ilyen lehet\u0151s\u00e9g t\u00f6bbeket \u00e9rdekel majd. A nap folyam\u00e1n m\u00e9g k\u00e9t h\u00e1zasp\u00e1r csatakozott hozz\u00e1nk, \u00edgy v\u00e9g\u00fcl a n\u00e9pmesei, b\u0171v\u00f6s hetes is \u00f6sszej\u00f6tt. A J\u00f3isten nagyon tudta, hogy mi\u00e9rt pont ezeket az embereket, h\u00e1zasp\u00e1rokat ind\u00edtotta meg a lehet\u0151s\u00e9g, hogy ezen a napon elmenjenek Ulmba.<\/p>\n<p>A nap vezet\u0151i, Edit \u00e9s G\u00e9za (K\u00e1roly Edit \u00e9s Klembala G\u00e9za), hamar feloldott\u00e1k j\u00e1t\u00e9kos, ismerked\u0151s feladataikkal a kezdeti szorong\u00e1st \u00e9s fesz\u00fclts\u00e9get. Edit mosolyg\u00e1sa, \u00e9s mindkett\u0151j\u00fck pozit\u00edv kisug\u00e1rz\u00e1sa azonnal melegs\u00e9ggel t\u00f6lt\u00f6tt el mindannyiunkat. El\u0151sz\u00f6r a p\u00e1runk nev\u00e9ben kellett bemutatkoznunk, ami nagyon j\u00f3l r\u00e1vil\u00e1g\u00edtott arra, hogyan is l\u00e1t minket a t\u00e1rsunk. Sokat nevett\u00fcnk a bemutatkoz\u00e1sok alatt, \u00e9s hamar j\u00f3 hangulat kerekedett. Nagyon nyitott t\u00e1rsas\u00e1g j\u00f6tt \u00f6ssze, akik el\u0151tt nem volt neh\u00e9z megny\u00edlni. A m\u00e1sodik feladatban kicsit \u00fajra gyerekek lehett\u00fcnk, mert gyurm\u00e1b\u00f3l kellett megform\u00e1zni a kapcsolatunkat, azt\u00e1n mint egy ki\u00e1ll\u00edt\u00e1son, megtekintett\u00fck az elk\u00e9sz\u00fclt m\u0171veket. El\u0151sz\u00f6r mindenki elmondhatta, mit l\u00e1t az adott alkot\u00e1sban, majd maga az alkot\u00f3 is elmondta, mit is akart megform\u00e1zni. Kider\u00fclt, hogy eg\u00e9sz j\u00f3 szobr\u00e1szok is vannak k\u00f6z\u00f6tt\u00fcnk, \u00edgy nem volt neh\u00e9z a tal\u00e1lgat\u00e1s. Az egyes feladatok k\u00f6z\u00f6tt r\u00f6vid sz\u00fcnetek voltak, amikor lehet\u0151s\u00e9g ny\u00edlt besz\u00e9lgetni egy kicsit. Valahogy olyan \u00e9rz\u00e9s volt, mintha m\u00e1r r\u00e9gr\u0151l ismert\u00fck volna egym\u00e1st, nem okozott gondot a besz\u00e9lget\u00e9s, szinte r\u00f6vidnek bizonyultak a sz\u00fcnetek, mert belefeledkezt\u00fcnk egy-egy t\u00e9ma \u00e1tbesz\u00e9l\u00e9s\u00e9be.<\/p>\n<p><a href=\"https:\/\/stuttgarti-katolikusok.de\/wp-content\/uploads\/2017\/02\/20170218_131444.jpg\"><img loading=\"lazy\" decoding=\"async\" class=\"alignnone size-medium wp-image-11343 aligncenter\" src=\"https:\/\/stuttgarti-katolikusok.de\/wp-content\/uploads\/2017\/02\/20170218_131444-300x225.jpg\" alt=\"\" width=\"300\" height=\"225\" srcset=\"https:\/\/stuttgarti-katolikusok.de\/wp-content\/uploads\/2017\/02\/20170218_131444-300x225.jpg 300w, https:\/\/stuttgarti-katolikusok.de\/wp-content\/uploads\/2017\/02\/20170218_131444-1024x768.jpg 1024w, https:\/\/stuttgarti-katolikusok.de\/wp-content\/uploads\/2017\/02\/20170218_131444-164x124.jpg 164w\" sizes=\"auto, (max-width: 300px) 100vw, 300px\" \/><\/a>A harmadik feladatban Edit\u00e9k j\u00e1tkosan r\u00e1vil\u00e1g\u00edtottak arra, hogy egy kapcsolat, h\u00e1zass\u00e1g alakul\u00e1sa \u00e9pp olyan, mint egy kisgyermek fejl\u0151d\u00e9se. A kezdeti szimbi\u00f3zist (amikor sz\u00fclet\u00e9s ut\u00e1n az anya \u00e9s a baba szinte egyek, \u00e1lland\u00f3 k\u00f6zels\u00e9gben vannak, \u00e9s nem hagyj\u00e1k el egym\u00e1st, ak\u00e1r csak a szerelmesek a kapcsolat kezdet\u00e9n) felv\u00e1ltja a f\u00fcggetlened\u00e9si v\u00e1gy, az \u00f6n\u00e1ll\u00f3s\u00e1gi t\u00f6rekv\u00e9sek, az elszakadni, de m\u00e9gis veled lenni \u00e9rz\u00e9sek, m\u00edg v\u00e9g\u00fcl a folyamat egy t\u00e1rgyi biztons\u00e1gban teljesedik ki. A gyermek tudja, hogy a sz\u00fcl\u0151kre mindig sz\u00e1m\u00edthat, ott vannak ha baj van, biztons\u00e1gba \u00e9rzi mag\u00e1t az otthon\u00e1ban, \u00e9s megnyugv\u00e1ssal t\u00f6lti el a megszokott k\u00f6zeg, a megszokott emberek k\u00f6r\u00fcl\u00f6tte. Ak\u00e1rcsak a kapcsolatunkban, amikor j\u00f6nnek a viharok (gyerek sz\u00fclet\u00e9s, munkahely v\u00e1lt\u00e1s, munkahelyi- csal\u00e1di kr\u00edzisek, kapcsolati k\u00eds\u00e9rt\u00e9sek stb&#8230;) de v\u00e9g\u00fcl, amikor mindezt a batyut amit az \u00e9lett\u0151l kapunk egy\u00fctt v\u00e9szelj\u00fck \u00e1t, akkor j\u00f3l esik \u00f6sszekapaszkodni a p\u00e1runkkal \u00e9s tudni, hogy sz\u00e1m\u00edthatunk r\u00e1, ott van mellett\u00fcnk. Ezut\u00e1n \u00e9l\u0151 szobor form\u00e1j\u00e1ban kellett megjelen\u00edten\u00fcnk a kapcsolat ezen f\u00e1zisait. Ez alatt a feladat alatt is sokat nevett\u00fcnk, \u00e9s szinte \u00e9szrev\u00e9tlen\u00fcl rep\u00fclt az id\u0151.<\/p>\n<p style=\"text-align: center;\"><a href=\"https:\/\/stuttgarti-katolikusok.de\/wp-content\/uploads\/2017\/02\/20170218_151726.jpg\"><img loading=\"lazy\" decoding=\"async\" class=\"alignnone size-medium wp-image-11344\" src=\"https:\/\/stuttgarti-katolikusok.de\/wp-content\/uploads\/2017\/02\/20170218_151726-300x225.jpg\" alt=\"\" width=\"300\" height=\"225\" srcset=\"https:\/\/stuttgarti-katolikusok.de\/wp-content\/uploads\/2017\/02\/20170218_151726-300x225.jpg 300w, https:\/\/stuttgarti-katolikusok.de\/wp-content\/uploads\/2017\/02\/20170218_151726-1024x768.jpg 1024w, https:\/\/stuttgarti-katolikusok.de\/wp-content\/uploads\/2017\/02\/20170218_151726-164x124.jpg 164w\" sizes=\"auto, (max-width: 300px) 100vw, 300px\" \/><\/a><\/p>\n<p style=\"text-align: left;\">Eb\u00e9dre a fi\u00fak elmentek vad\u00e1szni, \u00e9s a k\u00f6zeli pizz\u00e9ri\u00e1ban \u201cl\u0151ttek vadat\u201d, amit mi n\u0151k \u201cmegs\u00fct\u00f6tt\u00fcnk\u201d, de legink\u00e1bb dobozokban felszolg\u00e1ltunk. Az egy \u00f3r\u00e1sra tervezett eb\u00e9dsz\u00fcnetb\u0151l csaknem m\u00e1sf\u00e9l \u00f3ra lett, mert igazi piknik hangulat kerekedett, amir\u0151l a fi\u00fak \u00e1ltal hozott finom bor, \u00e9s a frissen f\u0151z\u00f6tt, illatos k\u00e1v\u00e9 is gondoskodott. \u00d3r\u00e1kig el tudtunk volna m\u00e9g besz\u00e9lgetni, a pizza \u00e9s a k\u00e1v\u00e9 t\u00e1rsas\u00e1g\u00e1ban, de v\u00e9g\u00fcl folytat\u00f3dott a nap, egy izgalmas d\u00e9lut\u00e1nnal.<\/p>\n<p>A pizz\u00e1z\u00e1s ut\u00e1n meg\u00fajult er\u0151vel v\u00e1rtuk a k\u00f6vetkez\u0151 feladatot. Arr\u00f3l besz\u00e9lgett\u00fcnk hogy milyen volt a kapcsolatunk az \u00e9desany\u00e1nkkal \u00e9s az any\u00f3sunkkal \u00e9s hogyan k\u00f6zvet\u00edtj\u00fck ezt most mi a gyerekeinkre. Ezut\u00e1n rajzol\u00f3s feladat k\u00f6vetkezett. A t\u00e9ma az \u00f6r\u00f6m, boldogs\u00e1g volt. Nagy lapokra k\u00fcl\u00f6n rajzoltak a f\u00e9rfiak \u00e9s a n\u0151k, majd megcser\u00e9lt\u00fck azokat \u00e9s v\u00e9lem\u00e9ny kellett mondanunk egym\u00e1s rajzair\u00f3l. Legt\u00f6bb\u00fcnknek m\u00e9g az is siker\u00fclt, hogy a saj\u00e1t p\u00e1runk rajz\u00e1t felismert\u00fck. Az utols\u00f3 feladat volt sz\u00e1momra a leg\u00e9rdekesebb. Minden n\u0151 egyes\u00e9vel \u00e1ts\u00e9t\u00e1lt a f\u00e9rfiak csapat\u00e1hoz ahol nekik el kellett mondaniuk a v\u00e9lem\u00e9ny\u00fcket r\u00f3lunk, majd ugyanezt a f\u00e9rfiak is sorban megtett\u00e9k. Fantasztikus \u00e9lm\u00e9ny volt ennyi sz\u00e9p dolgot hallani, meger\u0151s\u00edtett abban, hogy megtal\u00e1ltam a helyem ebben a z\u0171rzavaros vil\u00e1gban. Hihetetlen volt sz\u00e1momra hogy ennyi kedves emberrel megismerkedtem \u00e9s b\u00e1r csak aznap tal\u00e1lkoztunk el\u0151sz\u00f6r, este k\u00f6nnyeinkkel k\u00fcszk\u00f6dve v\u00e1ltunk el egym\u00e1st\u00f3l.<\/p>\n<p>A napot egy k\u00f6z\u00f6s szentmis\u00e9vel z\u00e1rtuk, amit G\u00e9za orgon\u00e1l\u00e1sa \u00e9s Edit angyali \u00e9neke tett m\u00e9g felemel\u0151bb\u00e9. A szentmis\u00e9n term\u00e9szetesen az\u00e9rt im\u00e1dkoztunk, hogy tov\u00e1bbra is megmaradjunk egym\u00e1st ir\u00e1nti k\u00f6lcs\u00f6n\u00f6s szeretetben \u00e9s h\u0171s\u00e9gben. Rem\u00e9nyeink szerint ez a nap meger\u0151s\u00edtett benn\u00fcnket, siker\u00fclt \u00f6nmagunkat \u00e9s h\u00e1zast\u00e1rsunkat is m\u00e9g jobban megismerni, kapcsolatunkat elm\u00e9ly\u00edteni. Rem\u00e9nyeink szerint ennek a napnak lesz folytat\u00e1sa.<\/p>\n<p><em>\/Megyeri Andrea \u00e9s Cs\u00e1k\u00e1ny \u00c9va\/\u00a0<\/em><\/p>\n","protected":false},"excerpt":{"rendered":"<p>Febru\u00e1r 18-\u00e1n csal\u00e1dos \u00f6n- \u00e9s kapcsolatismereti h\u00e9tv\u00e9g\u00e9re ment\u00fcnk Ulmba. K\u00edv\u00e1ncsian \u00e9s izgatottan indultunk reggel, hiszen nem tudtuk, mir\u0151l is lesz sz\u00f3 pontosan, milyen emberek gy\u0171lnek \u00f6ssze, h\u00e1nyan lesz\u00fcnk, milyen lesz a h\u00e9tv\u00e9g\u00e9t tart\u00f3 h\u00e1zasp\u00e1r. Oda\u00e9rve egy kicsit csal\u00f3dottak voltunk, hiszen rajtunk k\u00edv\u00fcl csup\u00e1n 4 h\u00e1zasp\u00e1r volt, pedig \u00fagy gondoltuk, egy ilyen lehet\u0151s\u00e9g t\u00f6bbeket \u00e9rdekel majd. A nap folyam\u00e1n m\u00e9g k\u00e9t h\u00e1zasp\u00e1r csatakozott hozz\u00e1nk, \u00edgy v\u00e9g\u00fcl a n\u00e9pmesei, b\u0171v\u00f6s hetes is \u00f6sszej\u00f6tt. A J\u00f3isten nagyon tudta, hogy mi\u00e9rt pont ezeket az embereket, h\u00e1zasp\u00e1rokat ind\u00edtotta meg a lehet\u0151s\u00e9g, hogy ezen a napon elmenjenek Ulmba. A nap vezet\u0151i, Edit \u00e9s G\u00e9za (K\u00e1roly Edit \u00e9s Klembala G\u00e9za), hamar feloldott\u00e1k j\u00e1t\u00e9kos, ismerked\u0151s feladataikkal a kezdeti szorong\u00e1st \u00e9s fesz\u00fclts\u00e9get. Edit mosolyg\u00e1sa, \u00e9s mindkett\u0151j\u00fck pozit\u00edv kisug\u00e1rz\u00e1sa azonnal melegs\u00e9ggel t\u00f6lt\u00f6tt el mindannyiunkat. El\u0151sz\u00f6r a p\u00e1runk nev\u00e9ben kellett bemutatkoznunk, ami nagyon j\u00f3l r\u00e1vil\u00e1g\u00edtott arra, hogyan is l\u00e1t minket a t\u00e1rsunk. Sokat nevett\u00fcnk a bemutatkoz\u00e1sok alatt, \u00e9s hamar j\u00f3 hangulat kerekedett. Nagyon nyitott t\u00e1rsas\u00e1g j\u00f6tt \u00f6ssze, akik el\u0151tt nem volt neh\u00e9z megny\u00edlni. A m\u00e1sodik feladatban kicsit \u00fajra gyerekek lehett\u00fcnk, mert gyurm\u00e1b\u00f3l kellett megform\u00e1zni a kapcsolatunkat, azt\u00e1n mint egy ki\u00e1ll\u00edt\u00e1son, megtekintett\u00fck az elk\u00e9sz\u00fclt m\u0171veket. El\u0151sz\u00f6r mindenki elmondhatta, mit l\u00e1t az adott alkot\u00e1sban, majd maga az alkot\u00f3 is elmondta, mit is akart megform\u00e1zni. Kider\u00fclt, hogy eg\u00e9sz j\u00f3 szobr\u00e1szok is vannak k\u00f6z\u00f6tt\u00fcnk, \u00edgy nem volt neh\u00e9z a tal\u00e1lgat\u00e1s. Az egyes feladatok k\u00f6z\u00f6tt r\u00f6vid sz\u00fcnetek voltak, amikor lehet\u0151s\u00e9g ny\u00edlt besz\u00e9lgetni egy kicsit. Valahogy olyan \u00e9rz\u00e9s volt, mintha m\u00e1r r\u00e9gr\u0151l ismert\u00fck volna egym\u00e1st, nem okozott gondot a besz\u00e9lget\u00e9s, szinte r\u00f6vidnek bizonyultak a sz\u00fcnetek, mert belefeledkezt\u00fcnk egy-egy t\u00e9ma \u00e1tbesz\u00e9l\u00e9s\u00e9be. A harmadik feladatban Edit\u00e9k j\u00e1tkosan r\u00e1vil\u00e1g\u00edtottak arra, hogy egy kapcsolat, h\u00e1zass\u00e1g alakul\u00e1sa \u00e9pp olyan, mint egy kisgyermek fejl\u0151d\u00e9se. A kezdeti szimbi\u00f3zist (amikor sz\u00fclet\u00e9s ut\u00e1n az anya \u00e9s a baba szinte egyek, \u00e1lland\u00f3 k\u00f6zels\u00e9gben vannak, \u00e9s nem hagyj\u00e1k el egym\u00e1st, ak\u00e1r csak a szerelmesek a kapcsolat kezdet\u00e9n) felv\u00e1ltja&#8230; <\/p>\n<p><a class=\"readmore\" href=\"https:\/\/stuttgarti-katolikusok.de\/index.php\/csalados-on-es-kapcsolatismereti-hetvege-ulmban\/\">R\u00e9szletek<\/a><\/p>\n","protected":false},"author":3,"featured_media":11342,"comment_status":"closed","ping_status":"closed","sticky":false,"template":"","format":"standard","meta":{"footnotes":""},"categories":[1],"tags":[],"class_list":["post-11341","post","type-post","status-publish","format-standard","has-post-thumbnail","hentry","category-valogatott"],"yoast_head":"<!-- This site is optimized with the Yoast SEO plugin v27.3 - https:\/\/yoast.com\/product\/yoast-seo-wordpress\/ -->\n<title>Csal\u00e1dos \u00f6n- \u00e9s kapcsolatismereti h\u00e9tv\u00e9ge Ulmban - Stuttgarti Katolikusok<\/title>\n<meta name=\"robots\" content=\"index, follow, max-snippet:-1, max-image-preview:large, max-video-preview:-1\" \/>\n<link rel=\"canonical\" href=\"https:\/\/stuttgarti-katolikusok.de\/index.php\/csalados-on-es-kapcsolatismereti-hetvege-ulmban\/\" \/>\n<meta property=\"og:locale\" content=\"hu_HU\" \/>\n<meta property=\"og:type\" content=\"article\" \/>\n<meta property=\"og:title\" content=\"Csal\u00e1dos \u00f6n- \u00e9s kapcsolatismereti h\u00e9tv\u00e9ge Ulmban - Stuttgarti Katolikusok\" \/>\n<meta property=\"og:description\" content=\"Febru\u00e1r 18-\u00e1n csal\u00e1dos \u00f6n- \u00e9s kapcsolatismereti h\u00e9tv\u00e9g\u00e9re ment\u00fcnk Ulmba. K\u00edv\u00e1ncsian \u00e9s izgatottan indultunk reggel, hiszen nem tudtuk, mir\u0151l is lesz sz\u00f3 pontosan, milyen emberek gy\u0171lnek \u00f6ssze, h\u00e1nyan lesz\u00fcnk, milyen lesz a h\u00e9tv\u00e9g\u00e9t tart\u00f3 h\u00e1zasp\u00e1r. Oda\u00e9rve egy kicsit csal\u00f3dottak voltunk, hiszen rajtunk k\u00edv\u00fcl csup\u00e1n 4 h\u00e1zasp\u00e1r volt, pedig \u00fagy gondoltuk, egy ilyen lehet\u0151s\u00e9g t\u00f6bbeket \u00e9rdekel majd. A nap folyam\u00e1n m\u00e9g k\u00e9t h\u00e1zasp\u00e1r csatakozott hozz\u00e1nk, \u00edgy v\u00e9g\u00fcl a n\u00e9pmesei, b\u0171v\u00f6s hetes is \u00f6sszej\u00f6tt. A J\u00f3isten nagyon tudta, hogy mi\u00e9rt pont ezeket az embereket, h\u00e1zasp\u00e1rokat ind\u00edtotta meg a lehet\u0151s\u00e9g, hogy ezen a napon elmenjenek Ulmba. A nap vezet\u0151i, Edit \u00e9s G\u00e9za (K\u00e1roly Edit \u00e9s Klembala G\u00e9za), hamar feloldott\u00e1k j\u00e1t\u00e9kos, ismerked\u0151s feladataikkal a kezdeti szorong\u00e1st \u00e9s fesz\u00fclts\u00e9get. Edit mosolyg\u00e1sa, \u00e9s mindkett\u0151j\u00fck pozit\u00edv kisug\u00e1rz\u00e1sa azonnal melegs\u00e9ggel t\u00f6lt\u00f6tt el mindannyiunkat. El\u0151sz\u00f6r a p\u00e1runk nev\u00e9ben kellett bemutatkoznunk, ami nagyon j\u00f3l r\u00e1vil\u00e1g\u00edtott arra, hogyan is l\u00e1t minket a t\u00e1rsunk. Sokat nevett\u00fcnk a bemutatkoz\u00e1sok alatt, \u00e9s hamar j\u00f3 hangulat kerekedett. Nagyon nyitott t\u00e1rsas\u00e1g j\u00f6tt \u00f6ssze, akik el\u0151tt nem volt neh\u00e9z megny\u00edlni. A m\u00e1sodik feladatban kicsit \u00fajra gyerekek lehett\u00fcnk, mert gyurm\u00e1b\u00f3l kellett megform\u00e1zni a kapcsolatunkat, azt\u00e1n mint egy ki\u00e1ll\u00edt\u00e1son, megtekintett\u00fck az elk\u00e9sz\u00fclt m\u0171veket. El\u0151sz\u00f6r mindenki elmondhatta, mit l\u00e1t az adott alkot\u00e1sban, majd maga az alkot\u00f3 is elmondta, mit is akart megform\u00e1zni. Kider\u00fclt, hogy eg\u00e9sz j\u00f3 szobr\u00e1szok is vannak k\u00f6z\u00f6tt\u00fcnk, \u00edgy nem volt neh\u00e9z a tal\u00e1lgat\u00e1s. Az egyes feladatok k\u00f6z\u00f6tt r\u00f6vid sz\u00fcnetek voltak, amikor lehet\u0151s\u00e9g ny\u00edlt besz\u00e9lgetni egy kicsit. Valahogy olyan \u00e9rz\u00e9s volt, mintha m\u00e1r r\u00e9gr\u0151l ismert\u00fck volna egym\u00e1st, nem okozott gondot a besz\u00e9lget\u00e9s, szinte r\u00f6vidnek bizonyultak a sz\u00fcnetek, mert belefeledkezt\u00fcnk egy-egy t\u00e9ma \u00e1tbesz\u00e9l\u00e9s\u00e9be. A harmadik feladatban Edit\u00e9k j\u00e1tkosan r\u00e1vil\u00e1g\u00edtottak arra, hogy egy kapcsolat, h\u00e1zass\u00e1g alakul\u00e1sa \u00e9pp olyan, mint egy kisgyermek fejl\u0151d\u00e9se. A kezdeti szimbi\u00f3zist (amikor sz\u00fclet\u00e9s ut\u00e1n az anya \u00e9s a baba szinte egyek, \u00e1lland\u00f3 k\u00f6zels\u00e9gben vannak, \u00e9s nem hagyj\u00e1k el egym\u00e1st, ak\u00e1r csak a szerelmesek a kapcsolat kezdet\u00e9n) felv\u00e1ltja... R\u00e9szletek\" \/>\n<meta property=\"og:url\" content=\"https:\/\/stuttgarti-katolikusok.de\/index.php\/csalados-on-es-kapcsolatismereti-hetvege-ulmban\/\" \/>\n<meta property=\"og:site_name\" content=\"Stuttgarti Katolikusok\" \/>\n<meta property=\"article:published_time\" content=\"2017-02-27T10:01:46+00:00\" \/>\n<meta property=\"article:modified_time\" content=\"2017-02-27T10:12:31+00:00\" \/>\n<meta property=\"og:image\" content=\"https:\/\/stuttgarti-katolikusok.de\/wp-content\/uploads\/2017\/02\/20170218_142735-1024x768.jpg\" \/>\n\t<meta property=\"og:image:width\" content=\"1024\" \/>\n\t<meta property=\"og:image:height\" content=\"768\" \/>\n\t<meta property=\"og:image:type\" content=\"image\/jpeg\" \/>\n<meta name=\"author\" content=\"Tibor atya\" \/>\n<meta name=\"twitter:card\" content=\"summary_large_image\" \/>\n<meta name=\"twitter:label1\" content=\"Szerz\u0151:\" \/>\n\t<meta name=\"twitter:data1\" content=\"Tibor atya\" \/>\n\t<meta name=\"twitter:label2\" content=\"Becs\u00fclt olvas\u00e1si id\u0151\" \/>\n\t<meta name=\"twitter:data2\" content=\"5 perc\" \/>\n<script type=\"application\/ld+json\" class=\"yoast-schema-graph\">{\"@context\":\"https:\\\/\\\/schema.org\",\"@graph\":[{\"@type\":\"Article\",\"@id\":\"https:\\\/\\\/stuttgarti-katolikusok.de\\\/index.php\\\/csalados-on-es-kapcsolatismereti-hetvege-ulmban\\\/#article\",\"isPartOf\":{\"@id\":\"https:\\\/\\\/stuttgarti-katolikusok.de\\\/index.php\\\/csalados-on-es-kapcsolatismereti-hetvege-ulmban\\\/\"},\"author\":{\"name\":\"Tibor atya\",\"@id\":\"https:\\\/\\\/stuttgarti-katolikusok.de\\\/#\\\/schema\\\/person\\\/75908d6f8fdc03a57889d27209df7795\"},\"headline\":\"Csal\u00e1dos \u00f6n- \u00e9s kapcsolatismereti h\u00e9tv\u00e9ge Ulmban\",\"datePublished\":\"2017-02-27T10:01:46+00:00\",\"dateModified\":\"2017-02-27T10:12:31+00:00\",\"mainEntityOfPage\":{\"@id\":\"https:\\\/\\\/stuttgarti-katolikusok.de\\\/index.php\\\/csalados-on-es-kapcsolatismereti-hetvege-ulmban\\\/\"},\"wordCount\":1046,\"image\":{\"@id\":\"https:\\\/\\\/stuttgarti-katolikusok.de\\\/index.php\\\/csalados-on-es-kapcsolatismereti-hetvege-ulmban\\\/#primaryimage\"},\"thumbnailUrl\":\"https:\\\/\\\/stuttgarti-katolikusok.de\\\/wp-content\\\/uploads\\\/2017\\\/02\\\/20170218_142735.jpg\",\"articleSection\":[\"V\u00e1logatott \u00edr\u00e1sok\"],\"inLanguage\":\"hu\"},{\"@type\":\"WebPage\",\"@id\":\"https:\\\/\\\/stuttgarti-katolikusok.de\\\/index.php\\\/csalados-on-es-kapcsolatismereti-hetvege-ulmban\\\/\",\"url\":\"https:\\\/\\\/stuttgarti-katolikusok.de\\\/index.php\\\/csalados-on-es-kapcsolatismereti-hetvege-ulmban\\\/\",\"name\":\"Csal\u00e1dos \u00f6n- \u00e9s kapcsolatismereti h\u00e9tv\u00e9ge Ulmban - Stuttgarti Katolikusok\",\"isPartOf\":{\"@id\":\"https:\\\/\\\/stuttgarti-katolikusok.de\\\/#website\"},\"primaryImageOfPage\":{\"@id\":\"https:\\\/\\\/stuttgarti-katolikusok.de\\\/index.php\\\/csalados-on-es-kapcsolatismereti-hetvege-ulmban\\\/#primaryimage\"},\"image\":{\"@id\":\"https:\\\/\\\/stuttgarti-katolikusok.de\\\/index.php\\\/csalados-on-es-kapcsolatismereti-hetvege-ulmban\\\/#primaryimage\"},\"thumbnailUrl\":\"https:\\\/\\\/stuttgarti-katolikusok.de\\\/wp-content\\\/uploads\\\/2017\\\/02\\\/20170218_142735.jpg\",\"datePublished\":\"2017-02-27T10:01:46+00:00\",\"dateModified\":\"2017-02-27T10:12:31+00:00\",\"author\":{\"@id\":\"https:\\\/\\\/stuttgarti-katolikusok.de\\\/#\\\/schema\\\/person\\\/75908d6f8fdc03a57889d27209df7795\"},\"breadcrumb\":{\"@id\":\"https:\\\/\\\/stuttgarti-katolikusok.de\\\/index.php\\\/csalados-on-es-kapcsolatismereti-hetvege-ulmban\\\/#breadcrumb\"},\"inLanguage\":\"hu\",\"potentialAction\":[{\"@type\":\"ReadAction\",\"target\":[\"https:\\\/\\\/stuttgarti-katolikusok.de\\\/index.php\\\/csalados-on-es-kapcsolatismereti-hetvege-ulmban\\\/\"]}]},{\"@type\":\"ImageObject\",\"inLanguage\":\"hu\",\"@id\":\"https:\\\/\\\/stuttgarti-katolikusok.de\\\/index.php\\\/csalados-on-es-kapcsolatismereti-hetvege-ulmban\\\/#primaryimage\",\"url\":\"https:\\\/\\\/stuttgarti-katolikusok.de\\\/wp-content\\\/uploads\\\/2017\\\/02\\\/20170218_142735.jpg\",\"contentUrl\":\"https:\\\/\\\/stuttgarti-katolikusok.de\\\/wp-content\\\/uploads\\\/2017\\\/02\\\/20170218_142735.jpg\",\"width\":4032,\"height\":3024},{\"@type\":\"BreadcrumbList\",\"@id\":\"https:\\\/\\\/stuttgarti-katolikusok.de\\\/index.php\\\/csalados-on-es-kapcsolatismereti-hetvege-ulmban\\\/#breadcrumb\",\"itemListElement\":[{\"@type\":\"ListItem\",\"position\":1,\"name\":\"Kezd\u0151lap\",\"item\":\"https:\\\/\\\/stuttgarti-katolikusok.de\\\/\"},{\"@type\":\"ListItem\",\"position\":2,\"name\":\"Csal\u00e1dos \u00f6n- \u00e9s kapcsolatismereti h\u00e9tv\u00e9ge Ulmban\"}]},{\"@type\":\"WebSite\",\"@id\":\"https:\\\/\\\/stuttgarti-katolikusok.de\\\/#website\",\"url\":\"https:\\\/\\\/stuttgarti-katolikusok.de\\\/\",\"name\":\"Stuttgarti Katolikusok\",\"description\":\"\",\"potentialAction\":[{\"@type\":\"SearchAction\",\"target\":{\"@type\":\"EntryPoint\",\"urlTemplate\":\"https:\\\/\\\/stuttgarti-katolikusok.de\\\/?s={search_term_string}\"},\"query-input\":{\"@type\":\"PropertyValueSpecification\",\"valueRequired\":true,\"valueName\":\"search_term_string\"}}],\"inLanguage\":\"hu\"},{\"@type\":\"Person\",\"@id\":\"https:\\\/\\\/stuttgarti-katolikusok.de\\\/#\\\/schema\\\/person\\\/75908d6f8fdc03a57889d27209df7795\",\"name\":\"Tibor atya\",\"image\":{\"@type\":\"ImageObject\",\"inLanguage\":\"hu\",\"@id\":\"https:\\\/\\\/secure.gravatar.com\\\/avatar\\\/61d268e57d1f4525b111222e29d2d5a7f8c420fdbf231ba5566a8ceac74fa960?s=96&d=mm&r=g\",\"url\":\"https:\\\/\\\/secure.gravatar.com\\\/avatar\\\/61d268e57d1f4525b111222e29d2d5a7f8c420fdbf231ba5566a8ceac74fa960?s=96&d=mm&r=g\",\"contentUrl\":\"https:\\\/\\\/secure.gravatar.com\\\/avatar\\\/61d268e57d1f4525b111222e29d2d5a7f8c420fdbf231ba5566a8ceac74fa960?s=96&d=mm&r=g\",\"caption\":\"Tibor atya\"},\"url\":\"https:\\\/\\\/stuttgarti-katolikusok.de\\\/index.php\\\/author\\\/tibor-atya\\\/\"}]}<\/script>\n<!-- \/ Yoast SEO plugin. -->","yoast_head_json":{"title":"Csal\u00e1dos \u00f6n- \u00e9s kapcsolatismereti h\u00e9tv\u00e9ge Ulmban - Stuttgarti Katolikusok","robots":{"index":"index","follow":"follow","max-snippet":"max-snippet:-1","max-image-preview":"max-image-preview:large","max-video-preview":"max-video-preview:-1"},"canonical":"https:\/\/stuttgarti-katolikusok.de\/index.php\/csalados-on-es-kapcsolatismereti-hetvege-ulmban\/","og_locale":"hu_HU","og_type":"article","og_title":"Csal\u00e1dos \u00f6n- \u00e9s kapcsolatismereti h\u00e9tv\u00e9ge Ulmban - Stuttgarti Katolikusok","og_description":"Febru\u00e1r 18-\u00e1n csal\u00e1dos \u00f6n- \u00e9s kapcsolatismereti h\u00e9tv\u00e9g\u00e9re ment\u00fcnk Ulmba. K\u00edv\u00e1ncsian \u00e9s izgatottan indultunk reggel, hiszen nem tudtuk, mir\u0151l is lesz sz\u00f3 pontosan, milyen emberek gy\u0171lnek \u00f6ssze, h\u00e1nyan lesz\u00fcnk, milyen lesz a h\u00e9tv\u00e9g\u00e9t tart\u00f3 h\u00e1zasp\u00e1r. Oda\u00e9rve egy kicsit csal\u00f3dottak voltunk, hiszen rajtunk k\u00edv\u00fcl csup\u00e1n 4 h\u00e1zasp\u00e1r volt, pedig \u00fagy gondoltuk, egy ilyen lehet\u0151s\u00e9g t\u00f6bbeket \u00e9rdekel majd. A nap folyam\u00e1n m\u00e9g k\u00e9t h\u00e1zasp\u00e1r csatakozott hozz\u00e1nk, \u00edgy v\u00e9g\u00fcl a n\u00e9pmesei, b\u0171v\u00f6s hetes is \u00f6sszej\u00f6tt. A J\u00f3isten nagyon tudta, hogy mi\u00e9rt pont ezeket az embereket, h\u00e1zasp\u00e1rokat ind\u00edtotta meg a lehet\u0151s\u00e9g, hogy ezen a napon elmenjenek Ulmba. A nap vezet\u0151i, Edit \u00e9s G\u00e9za (K\u00e1roly Edit \u00e9s Klembala G\u00e9za), hamar feloldott\u00e1k j\u00e1t\u00e9kos, ismerked\u0151s feladataikkal a kezdeti szorong\u00e1st \u00e9s fesz\u00fclts\u00e9get. Edit mosolyg\u00e1sa, \u00e9s mindkett\u0151j\u00fck pozit\u00edv kisug\u00e1rz\u00e1sa azonnal melegs\u00e9ggel t\u00f6lt\u00f6tt el mindannyiunkat. El\u0151sz\u00f6r a p\u00e1runk nev\u00e9ben kellett bemutatkoznunk, ami nagyon j\u00f3l r\u00e1vil\u00e1g\u00edtott arra, hogyan is l\u00e1t minket a t\u00e1rsunk. Sokat nevett\u00fcnk a bemutatkoz\u00e1sok alatt, \u00e9s hamar j\u00f3 hangulat kerekedett. Nagyon nyitott t\u00e1rsas\u00e1g j\u00f6tt \u00f6ssze, akik el\u0151tt nem volt neh\u00e9z megny\u00edlni. A m\u00e1sodik feladatban kicsit \u00fajra gyerekek lehett\u00fcnk, mert gyurm\u00e1b\u00f3l kellett megform\u00e1zni a kapcsolatunkat, azt\u00e1n mint egy ki\u00e1ll\u00edt\u00e1son, megtekintett\u00fck az elk\u00e9sz\u00fclt m\u0171veket. El\u0151sz\u00f6r mindenki elmondhatta, mit l\u00e1t az adott alkot\u00e1sban, majd maga az alkot\u00f3 is elmondta, mit is akart megform\u00e1zni. Kider\u00fclt, hogy eg\u00e9sz j\u00f3 szobr\u00e1szok is vannak k\u00f6z\u00f6tt\u00fcnk, \u00edgy nem volt neh\u00e9z a tal\u00e1lgat\u00e1s. Az egyes feladatok k\u00f6z\u00f6tt r\u00f6vid sz\u00fcnetek voltak, amikor lehet\u0151s\u00e9g ny\u00edlt besz\u00e9lgetni egy kicsit. Valahogy olyan \u00e9rz\u00e9s volt, mintha m\u00e1r r\u00e9gr\u0151l ismert\u00fck volna egym\u00e1st, nem okozott gondot a besz\u00e9lget\u00e9s, szinte r\u00f6vidnek bizonyultak a sz\u00fcnetek, mert belefeledkezt\u00fcnk egy-egy t\u00e9ma \u00e1tbesz\u00e9l\u00e9s\u00e9be. A harmadik feladatban Edit\u00e9k j\u00e1tkosan r\u00e1vil\u00e1g\u00edtottak arra, hogy egy kapcsolat, h\u00e1zass\u00e1g alakul\u00e1sa \u00e9pp olyan, mint egy kisgyermek fejl\u0151d\u00e9se. A kezdeti szimbi\u00f3zist (amikor sz\u00fclet\u00e9s ut\u00e1n az anya \u00e9s a baba szinte egyek, \u00e1lland\u00f3 k\u00f6zels\u00e9gben vannak, \u00e9s nem hagyj\u00e1k el egym\u00e1st, ak\u00e1r csak a szerelmesek a kapcsolat kezdet\u00e9n) felv\u00e1ltja... R\u00e9szletek","og_url":"https:\/\/stuttgarti-katolikusok.de\/index.php\/csalados-on-es-kapcsolatismereti-hetvege-ulmban\/","og_site_name":"Stuttgarti Katolikusok","article_published_time":"2017-02-27T10:01:46+00:00","article_modified_time":"2017-02-27T10:12:31+00:00","og_image":[{"width":1024,"height":768,"url":"https:\/\/stuttgarti-katolikusok.de\/wp-content\/uploads\/2017\/02\/20170218_142735-1024x768.jpg","type":"image\/jpeg"}],"author":"Tibor atya","twitter_card":"summary_large_image","twitter_misc":{"Szerz\u0151:":"Tibor atya","Becs\u00fclt olvas\u00e1si id\u0151":"5 perc"},"schema":{"@context":"https:\/\/schema.org","@graph":[{"@type":"Article","@id":"https:\/\/stuttgarti-katolikusok.de\/index.php\/csalados-on-es-kapcsolatismereti-hetvege-ulmban\/#article","isPartOf":{"@id":"https:\/\/stuttgarti-katolikusok.de\/index.php\/csalados-on-es-kapcsolatismereti-hetvege-ulmban\/"},"author":{"name":"Tibor atya","@id":"https:\/\/stuttgarti-katolikusok.de\/#\/schema\/person\/75908d6f8fdc03a57889d27209df7795"},"headline":"Csal\u00e1dos \u00f6n- \u00e9s kapcsolatismereti h\u00e9tv\u00e9ge Ulmban","datePublished":"2017-02-27T10:01:46+00:00","dateModified":"2017-02-27T10:12:31+00:00","mainEntityOfPage":{"@id":"https:\/\/stuttgarti-katolikusok.de\/index.php\/csalados-on-es-kapcsolatismereti-hetvege-ulmban\/"},"wordCount":1046,"image":{"@id":"https:\/\/stuttgarti-katolikusok.de\/index.php\/csalados-on-es-kapcsolatismereti-hetvege-ulmban\/#primaryimage"},"thumbnailUrl":"https:\/\/stuttgarti-katolikusok.de\/wp-content\/uploads\/2017\/02\/20170218_142735.jpg","articleSection":["V\u00e1logatott \u00edr\u00e1sok"],"inLanguage":"hu"},{"@type":"WebPage","@id":"https:\/\/stuttgarti-katolikusok.de\/index.php\/csalados-on-es-kapcsolatismereti-hetvege-ulmban\/","url":"https:\/\/stuttgarti-katolikusok.de\/index.php\/csalados-on-es-kapcsolatismereti-hetvege-ulmban\/","name":"Csal\u00e1dos \u00f6n- \u00e9s kapcsolatismereti h\u00e9tv\u00e9ge Ulmban - Stuttgarti Katolikusok","isPartOf":{"@id":"https:\/\/stuttgarti-katolikusok.de\/#website"},"primaryImageOfPage":{"@id":"https:\/\/stuttgarti-katolikusok.de\/index.php\/csalados-on-es-kapcsolatismereti-hetvege-ulmban\/#primaryimage"},"image":{"@id":"https:\/\/stuttgarti-katolikusok.de\/index.php\/csalados-on-es-kapcsolatismereti-hetvege-ulmban\/#primaryimage"},"thumbnailUrl":"https:\/\/stuttgarti-katolikusok.de\/wp-content\/uploads\/2017\/02\/20170218_142735.jpg","datePublished":"2017-02-27T10:01:46+00:00","dateModified":"2017-02-27T10:12:31+00:00","author":{"@id":"https:\/\/stuttgarti-katolikusok.de\/#\/schema\/person\/75908d6f8fdc03a57889d27209df7795"},"breadcrumb":{"@id":"https:\/\/stuttgarti-katolikusok.de\/index.php\/csalados-on-es-kapcsolatismereti-hetvege-ulmban\/#breadcrumb"},"inLanguage":"hu","potentialAction":[{"@type":"ReadAction","target":["https:\/\/stuttgarti-katolikusok.de\/index.php\/csalados-on-es-kapcsolatismereti-hetvege-ulmban\/"]}]},{"@type":"ImageObject","inLanguage":"hu","@id":"https:\/\/stuttgarti-katolikusok.de\/index.php\/csalados-on-es-kapcsolatismereti-hetvege-ulmban\/#primaryimage","url":"https:\/\/stuttgarti-katolikusok.de\/wp-content\/uploads\/2017\/02\/20170218_142735.jpg","contentUrl":"https:\/\/stuttgarti-katolikusok.de\/wp-content\/uploads\/2017\/02\/20170218_142735.jpg","width":4032,"height":3024},{"@type":"BreadcrumbList","@id":"https:\/\/stuttgarti-katolikusok.de\/index.php\/csalados-on-es-kapcsolatismereti-hetvege-ulmban\/#breadcrumb","itemListElement":[{"@type":"ListItem","position":1,"name":"Kezd\u0151lap","item":"https:\/\/stuttgarti-katolikusok.de\/"},{"@type":"ListItem","position":2,"name":"Csal\u00e1dos \u00f6n- \u00e9s kapcsolatismereti h\u00e9tv\u00e9ge Ulmban"}]},{"@type":"WebSite","@id":"https:\/\/stuttgarti-katolikusok.de\/#website","url":"https:\/\/stuttgarti-katolikusok.de\/","name":"Stuttgarti Katolikusok","description":"","potentialAction":[{"@type":"SearchAction","target":{"@type":"EntryPoint","urlTemplate":"https:\/\/stuttgarti-katolikusok.de\/?s={search_term_string}"},"query-input":{"@type":"PropertyValueSpecification","valueRequired":true,"valueName":"search_term_string"}}],"inLanguage":"hu"},{"@type":"Person","@id":"https:\/\/stuttgarti-katolikusok.de\/#\/schema\/person\/75908d6f8fdc03a57889d27209df7795","name":"Tibor atya","image":{"@type":"ImageObject","inLanguage":"hu","@id":"https:\/\/secure.gravatar.com\/avatar\/61d268e57d1f4525b111222e29d2d5a7f8c420fdbf231ba5566a8ceac74fa960?s=96&d=mm&r=g","url":"https:\/\/secure.gravatar.com\/avatar\/61d268e57d1f4525b111222e29d2d5a7f8c420fdbf231ba5566a8ceac74fa960?s=96&d=mm&r=g","contentUrl":"https:\/\/secure.gravatar.com\/avatar\/61d268e57d1f4525b111222e29d2d5a7f8c420fdbf231ba5566a8ceac74fa960?s=96&d=mm&r=g","caption":"Tibor atya"},"url":"https:\/\/stuttgarti-katolikusok.de\/index.php\/author\/tibor-atya\/"}]}},"_links":{"self":[{"href":"https:\/\/stuttgarti-katolikusok.de\/index.php\/wp-json\/wp\/v2\/posts\/11341","targetHints":{"allow":["GET"]}}],"collection":[{"href":"https:\/\/stuttgarti-katolikusok.de\/index.php\/wp-json\/wp\/v2\/posts"}],"about":[{"href":"https:\/\/stuttgarti-katolikusok.de\/index.php\/wp-json\/wp\/v2\/types\/post"}],"author":[{"embeddable":true,"href":"https:\/\/stuttgarti-katolikusok.de\/index.php\/wp-json\/wp\/v2\/users\/3"}],"replies":[{"embeddable":true,"href":"https:\/\/stuttgarti-katolikusok.de\/index.php\/wp-json\/wp\/v2\/comments?post=11341"}],"version-history":[{"count":3,"href":"https:\/\/stuttgarti-katolikusok.de\/index.php\/wp-json\/wp\/v2\/posts\/11341\/revisions"}],"predecessor-version":[{"id":11346,"href":"https:\/\/stuttgarti-katolikusok.de\/index.php\/wp-json\/wp\/v2\/posts\/11341\/revisions\/11346"}],"wp:featuredmedia":[{"embeddable":true,"href":"https:\/\/stuttgarti-katolikusok.de\/index.php\/wp-json\/wp\/v2\/media\/11342"}],"wp:attachment":[{"href":"https:\/\/stuttgarti-katolikusok.de\/index.php\/wp-json\/wp\/v2\/media?parent=11341"}],"wp:term":[{"taxonomy":"category","embeddable":true,"href":"https:\/\/stuttgarti-katolikusok.de\/index.php\/wp-json\/wp\/v2\/categories?post=11341"},{"taxonomy":"post_tag","embeddable":true,"href":"https:\/\/stuttgarti-katolikusok.de\/index.php\/wp-json\/wp\/v2\/tags?post=11341"}],"curies":[{"name":"wp","href":"https:\/\/api.w.org\/{rel}","templated":true}]}}