{"id":11267,"date":"2017-02-13T22:11:20","date_gmt":"2017-02-13T22:11:20","guid":{"rendered":"https:\/\/gracious-dewdney.138-201-221-2.plesk.page\/?p=11267"},"modified":"2017-02-13T22:11:53","modified_gmt":"2017-02-13T22:11:53","slug":"veled-kiteljesedve-hazassag-hete-2017-februar-12-19","status":"publish","type":"post","link":"https:\/\/stuttgarti-katolikusok.de\/index.php\/veled-kiteljesedve-hazassag-hete-2017-februar-12-19\/","title":{"rendered":"Veled kiteljesedve! &#8211; H\u00e1zass\u00e1g hete 2017. febru\u00e1r 12 &#8211; 19."},"content":{"rendered":"<h2>Mi is a h\u00e1zass\u00e1g hete?<\/h2>\n<p>K\u00f6zel k\u00e9t \u00e9vtizede Angli\u00e1b\u00f3l indult el ez a kezdem\u00e9nyez\u00e9s, amely Valentin-nap k\u00f6rny\u00e9k\u00e9n <strong>minden \u00e9vben<\/strong> egy h\u00e9tig <strong>a h\u00e1zass\u00e1g \u00e9s a csal\u00e1d fontoss\u00e1g\u00e1ra<\/strong> k\u00edv\u00e1nja ir\u00e1ny\u00edtani a figyelmet. A h\u00e1zass\u00e1g het\u00e9t \u2013 amelyhez hazai \u00e9s nemzetk\u00f6zi szinten is <strong>sz\u00e1mos ismert k\u00f6z\u00e9leti szem\u00e9lyis\u00e9g<\/strong> csatlakozott kifejezve elk\u00f6telez\u0151d\u00e9s\u00e9t a h\u00e1zass\u00e1g, a csal\u00e1d \u00fcgye ir\u00e1nt \u2013 m\u00e1ra <strong>4 kontinens 21 orsz\u00e1g\u00e1ban<\/strong> \u00fcnneplik. Haz\u00e1nkban az orsz\u00e1gos esem\u00e9nysorozatot 2008 \u00f3ta rendezik meg a <strong>kereszt\u00e9ny egyh\u00e1zak \u00e9s civil szervezetek<\/strong> sz\u00e9les k\u00f6r\u0171 \u00f6sszefog\u00e1s\u00e1val, sz\u00e1mtalan nagyv\u00e1ros, telep\u00fcl\u00e9s, k\u00f6z\u00f6ss\u00e9g r\u00e9szv\u00e9tel\u00e9vel. A H\u00e1zass\u00e1g Hete Szervez\u0151bizotts\u00e1ga \u00e1ltal koordin\u00e1lt k\u00f6zponti programok <strong>f\u0151v\u00e9dn\u00f6ke<\/strong> 2013 \u00f3ta <i>Herczegh Anita<\/i>, a k\u00f6zt\u00e1rsas\u00e1gi eln\u00f6k feles\u00e9ge.<\/p>\n<p>\u201eA h\u00e1zass\u00e1g Isten csod\u00e1latos aj\u00e1nd\u00e9ka \u00e9s gondoskod\u00e1sa az ember sz\u00e1m\u00e1ra, amelyben a felek megtapasztalhatj\u00e1k a <strong>felt\u00e9tel n\u00e9lk\u00fcli szeretet, a h\u0171s\u00e9g \u00e9s az \u0151szinte megbocs\u00e1t\u00e1s<\/strong> \u00e9rt\u00e9k\u00e9t egy nekik rendelt, de nem t\u00f6k\u00e9letes t\u00e1rson kereszt\u00fcl. A h\u00e1zass\u00e1gban egy f\u00e9rfi \u00e9s egy n\u0151 saj\u00e1t elhat\u00e1roz\u00e1s\u00e1b\u00f3l elk\u00f6telezi mag\u00e1t, hogy egym\u00e1s b\u00e1tor\u00edt\u00e1s\u00e1ra, seg\u00edt\u00e9s\u00e9re \u00e9s v\u00e9delm\u00e9re t\u00f6rekszik eg\u00e9sz \u00e9let\u00e9ben. Ilyen m\u00f3don a h\u00e1zass\u00e1g <strong>felel\u0151ss\u00e9gteljes, biztons\u00e1gos \u00e9s meghitt k\u00f6z\u00f6ss\u00e9get jelent<\/strong> sz\u00e1mukra, \u00e9s \u00e1ld\u00e1sul szolg\u00e1l \u00e9let\u00fck minden m\u00e1s ter\u00fclet\u00e9n is.<\/p>\n<p>A h\u00e1zass\u00e1g hete olyan sz\u00e9les k\u00f6r\u0171 \u00f6sszefog\u00e1sra t\u00f6rekszik, mely gyakorlati <strong>p\u00e9ldamutat\u00e1ssal<\/strong>, tudom\u00e1nyos<strong> kutat\u00e1sok<\/strong> <strong>eredm\u00e9nyeivel<\/strong>, bibliai \u00e9s erk\u00f6lcsi <strong>\u00e9rvekkel<\/strong> t\u00e1masztja al\u00e1 a h\u00e1zass\u00e1g \u00f6r\u00f6kk\u00e9val\u00f3 \u00e9rt\u00e9k\u00e9t. <strong>B\u00e1tor\u00edt<\/strong> <strong>minden<\/strong> olyan <strong>helyi kezdem\u00e9nyez\u00e9st<\/strong>, amely <strong>hidat \u00e9p\u00edt<\/strong> az adott k\u00f6z\u00f6ss\u00e9g k\u00f6rnyezet\u00e9ben \u00e9l\u0151 h\u00e1zasp\u00e1rok \u00e9s csal\u00e1dok fel\u00e9, amely seg\u00edti \u00e9let\u00fcket, boldogul\u00e1sukat. <strong>Ny\u00edltan besz\u00e9l<\/strong> a h\u00e1zass\u00e1g mindennapi val\u00f3s\u00e1g\u00e1r\u00f3l, \u00f6r\u00f6meir\u0151l \u00e9s fesz\u00fclts\u00e9geir\u0151l. Igyekszik b\u00f6lcs \u00e9s gyakorlati tan\u00e1csokkal ell\u00e1tni a <strong>h\u00e1zasokat \u00e9s h\u00e1zasuland\u00f3kat<\/strong>, valamint a teljes helyre\u00e1ll\u00e1s rem\u00e9ny\u00e9t \u00e9bren tartani azokban, <strong>akiknek a kapcsolata v\u00e1ls\u00e1gban van<\/strong>, illetve valamilyen ok miatt megszakadt.\u201d<\/p>\n<p><em>\/Forr\u00e1s: A H\u00e1zass\u00e1g Hete Szervez\u0151bizotts\u00e1ga honlapja\/<\/em><\/p>\n","protected":false},"excerpt":{"rendered":"<p>Mi is a h\u00e1zass\u00e1g hete? K\u00f6zel k\u00e9t \u00e9vtizede Angli\u00e1b\u00f3l indult el ez a kezdem\u00e9nyez\u00e9s, amely Valentin-nap k\u00f6rny\u00e9k\u00e9n minden \u00e9vben egy h\u00e9tig a h\u00e1zass\u00e1g \u00e9s a csal\u00e1d fontoss\u00e1g\u00e1ra k\u00edv\u00e1nja ir\u00e1ny\u00edtani a figyelmet. A h\u00e1zass\u00e1g het\u00e9t \u2013 amelyhez hazai \u00e9s nemzetk\u00f6zi szinten is sz\u00e1mos ismert k\u00f6z\u00e9leti szem\u00e9lyis\u00e9g csatlakozott kifejezve elk\u00f6telez\u0151d\u00e9s\u00e9t a h\u00e1zass\u00e1g, a csal\u00e1d \u00fcgye ir\u00e1nt \u2013 m\u00e1ra 4 kontinens 21 orsz\u00e1g\u00e1ban \u00fcnneplik. Haz\u00e1nkban az orsz\u00e1gos esem\u00e9nysorozatot 2008 \u00f3ta rendezik meg a kereszt\u00e9ny egyh\u00e1zak \u00e9s civil szervezetek sz\u00e9les k\u00f6r\u0171 \u00f6sszefog\u00e1s\u00e1val, sz\u00e1mtalan nagyv\u00e1ros, telep\u00fcl\u00e9s, k\u00f6z\u00f6ss\u00e9g r\u00e9szv\u00e9tel\u00e9vel. A H\u00e1zass\u00e1g Hete Szervez\u0151bizotts\u00e1ga \u00e1ltal koordin\u00e1lt k\u00f6zponti programok f\u0151v\u00e9dn\u00f6ke 2013 \u00f3ta Herczegh Anita, a k\u00f6zt\u00e1rsas\u00e1gi eln\u00f6k feles\u00e9ge. \u201eA h\u00e1zass\u00e1g Isten csod\u00e1latos aj\u00e1nd\u00e9ka \u00e9s gondoskod\u00e1sa az ember sz\u00e1m\u00e1ra, amelyben a felek megtapasztalhatj\u00e1k a felt\u00e9tel n\u00e9lk\u00fcli szeretet, a h\u0171s\u00e9g \u00e9s az \u0151szinte megbocs\u00e1t\u00e1s \u00e9rt\u00e9k\u00e9t egy nekik rendelt, de nem t\u00f6k\u00e9letes t\u00e1rson kereszt\u00fcl. A h\u00e1zass\u00e1gban egy f\u00e9rfi \u00e9s egy n\u0151 saj\u00e1t elhat\u00e1roz\u00e1s\u00e1b\u00f3l elk\u00f6telezi mag\u00e1t, hogy egym\u00e1s b\u00e1tor\u00edt\u00e1s\u00e1ra, seg\u00edt\u00e9s\u00e9re \u00e9s v\u00e9delm\u00e9re t\u00f6rekszik eg\u00e9sz \u00e9let\u00e9ben. Ilyen m\u00f3don a h\u00e1zass\u00e1g felel\u0151ss\u00e9gteljes, biztons\u00e1gos \u00e9s meghitt k\u00f6z\u00f6ss\u00e9get jelent sz\u00e1mukra, \u00e9s \u00e1ld\u00e1sul szolg\u00e1l \u00e9let\u00fck minden m\u00e1s ter\u00fclet\u00e9n is. A h\u00e1zass\u00e1g hete olyan sz\u00e9les k\u00f6r\u0171 \u00f6sszefog\u00e1sra t\u00f6rekszik, mely gyakorlati p\u00e9ldamutat\u00e1ssal, tudom\u00e1nyos kutat\u00e1sok eredm\u00e9nyeivel, bibliai \u00e9s erk\u00f6lcsi \u00e9rvekkel t\u00e1masztja al\u00e1 a h\u00e1zass\u00e1g \u00f6r\u00f6kk\u00e9val\u00f3 \u00e9rt\u00e9k\u00e9t. B\u00e1tor\u00edt minden olyan helyi kezdem\u00e9nyez\u00e9st, amely hidat \u00e9p\u00edt az adott k\u00f6z\u00f6ss\u00e9g k\u00f6rnyezet\u00e9ben \u00e9l\u0151 h\u00e1zasp\u00e1rok \u00e9s csal\u00e1dok fel\u00e9, amely seg\u00edti \u00e9let\u00fcket, boldogul\u00e1sukat. Ny\u00edltan besz\u00e9l a h\u00e1zass\u00e1g mindennapi val\u00f3s\u00e1g\u00e1r\u00f3l, \u00f6r\u00f6meir\u0151l \u00e9s fesz\u00fclts\u00e9geir\u0151l. Igyekszik b\u00f6lcs \u00e9s gyakorlati tan\u00e1csokkal ell\u00e1tni a h\u00e1zasokat \u00e9s h\u00e1zasuland\u00f3kat, valamint a teljes helyre\u00e1ll\u00e1s rem\u00e9ny\u00e9t \u00e9bren tartani azokban, akiknek a kapcsolata v\u00e1ls\u00e1gban van, illetve valamilyen ok miatt megszakadt.\u201d \/Forr\u00e1s: A H\u00e1zass\u00e1g Hete Szervez\u0151bizotts\u00e1ga honlapja\/<\/p>\n","protected":false},"author":3,"featured_media":11268,"comment_status":"closed","ping_status":"closed","sticky":false,"template":"","format":"standard","meta":{"footnotes":""},"categories":[1],"tags":[],"class_list":["post-11267","post","type-post","status-publish","format-standard","has-post-thumbnail","hentry","category-valogatott"],"yoast_head":"<!-- This site is optimized with the Yoast SEO plugin v27.3 - https:\/\/yoast.com\/product\/yoast-seo-wordpress\/ -->\n<title>Veled kiteljesedve! - H\u00e1zass\u00e1g hete 2017. febru\u00e1r 12 - 19. - Stuttgarti Katolikusok<\/title>\n<meta name=\"robots\" content=\"index, follow, max-snippet:-1, max-image-preview:large, max-video-preview:-1\" \/>\n<link rel=\"canonical\" href=\"https:\/\/stuttgarti-katolikusok.de\/index.php\/veled-kiteljesedve-hazassag-hete-2017-februar-12-19\/\" \/>\n<meta property=\"og:locale\" content=\"hu_HU\" \/>\n<meta property=\"og:type\" content=\"article\" \/>\n<meta property=\"og:title\" content=\"Veled kiteljesedve! - H\u00e1zass\u00e1g hete 2017. febru\u00e1r 12 - 19. - Stuttgarti Katolikusok\" \/>\n<meta property=\"og:description\" content=\"Mi is a h\u00e1zass\u00e1g hete? K\u00f6zel k\u00e9t \u00e9vtizede Angli\u00e1b\u00f3l indult el ez a kezdem\u00e9nyez\u00e9s, amely Valentin-nap k\u00f6rny\u00e9k\u00e9n minden \u00e9vben egy h\u00e9tig a h\u00e1zass\u00e1g \u00e9s a csal\u00e1d fontoss\u00e1g\u00e1ra k\u00edv\u00e1nja ir\u00e1ny\u00edtani a figyelmet. A h\u00e1zass\u00e1g het\u00e9t \u2013 amelyhez hazai \u00e9s nemzetk\u00f6zi szinten is sz\u00e1mos ismert k\u00f6z\u00e9leti szem\u00e9lyis\u00e9g csatlakozott kifejezve elk\u00f6telez\u0151d\u00e9s\u00e9t a h\u00e1zass\u00e1g, a csal\u00e1d \u00fcgye ir\u00e1nt \u2013 m\u00e1ra 4 kontinens 21 orsz\u00e1g\u00e1ban \u00fcnneplik. Haz\u00e1nkban az orsz\u00e1gos esem\u00e9nysorozatot 2008 \u00f3ta rendezik meg a kereszt\u00e9ny egyh\u00e1zak \u00e9s civil szervezetek sz\u00e9les k\u00f6r\u0171 \u00f6sszefog\u00e1s\u00e1val, sz\u00e1mtalan nagyv\u00e1ros, telep\u00fcl\u00e9s, k\u00f6z\u00f6ss\u00e9g r\u00e9szv\u00e9tel\u00e9vel. A H\u00e1zass\u00e1g Hete Szervez\u0151bizotts\u00e1ga \u00e1ltal koordin\u00e1lt k\u00f6zponti programok f\u0151v\u00e9dn\u00f6ke 2013 \u00f3ta Herczegh Anita, a k\u00f6zt\u00e1rsas\u00e1gi eln\u00f6k feles\u00e9ge. \u201eA h\u00e1zass\u00e1g Isten csod\u00e1latos aj\u00e1nd\u00e9ka \u00e9s gondoskod\u00e1sa az ember sz\u00e1m\u00e1ra, amelyben a felek megtapasztalhatj\u00e1k a felt\u00e9tel n\u00e9lk\u00fcli szeretet, a h\u0171s\u00e9g \u00e9s az \u0151szinte megbocs\u00e1t\u00e1s \u00e9rt\u00e9k\u00e9t egy nekik rendelt, de nem t\u00f6k\u00e9letes t\u00e1rson kereszt\u00fcl. A h\u00e1zass\u00e1gban egy f\u00e9rfi \u00e9s egy n\u0151 saj\u00e1t elhat\u00e1roz\u00e1s\u00e1b\u00f3l elk\u00f6telezi mag\u00e1t, hogy egym\u00e1s b\u00e1tor\u00edt\u00e1s\u00e1ra, seg\u00edt\u00e9s\u00e9re \u00e9s v\u00e9delm\u00e9re t\u00f6rekszik eg\u00e9sz \u00e9let\u00e9ben. Ilyen m\u00f3don a h\u00e1zass\u00e1g felel\u0151ss\u00e9gteljes, biztons\u00e1gos \u00e9s meghitt k\u00f6z\u00f6ss\u00e9get jelent sz\u00e1mukra, \u00e9s \u00e1ld\u00e1sul szolg\u00e1l \u00e9let\u00fck minden m\u00e1s ter\u00fclet\u00e9n is. A h\u00e1zass\u00e1g hete olyan sz\u00e9les k\u00f6r\u0171 \u00f6sszefog\u00e1sra t\u00f6rekszik, mely gyakorlati p\u00e9ldamutat\u00e1ssal, tudom\u00e1nyos kutat\u00e1sok eredm\u00e9nyeivel, bibliai \u00e9s erk\u00f6lcsi \u00e9rvekkel t\u00e1masztja al\u00e1 a h\u00e1zass\u00e1g \u00f6r\u00f6kk\u00e9val\u00f3 \u00e9rt\u00e9k\u00e9t. B\u00e1tor\u00edt minden olyan helyi kezdem\u00e9nyez\u00e9st, amely hidat \u00e9p\u00edt az adott k\u00f6z\u00f6ss\u00e9g k\u00f6rnyezet\u00e9ben \u00e9l\u0151 h\u00e1zasp\u00e1rok \u00e9s csal\u00e1dok fel\u00e9, amely seg\u00edti \u00e9let\u00fcket, boldogul\u00e1sukat. Ny\u00edltan besz\u00e9l a h\u00e1zass\u00e1g mindennapi val\u00f3s\u00e1g\u00e1r\u00f3l, \u00f6r\u00f6meir\u0151l \u00e9s fesz\u00fclts\u00e9geir\u0151l. Igyekszik b\u00f6lcs \u00e9s gyakorlati tan\u00e1csokkal ell\u00e1tni a h\u00e1zasokat \u00e9s h\u00e1zasuland\u00f3kat, valamint a teljes helyre\u00e1ll\u00e1s rem\u00e9ny\u00e9t \u00e9bren tartani azokban, akiknek a kapcsolata v\u00e1ls\u00e1gban van, illetve valamilyen ok miatt megszakadt.\u201d \/Forr\u00e1s: A H\u00e1zass\u00e1g Hete Szervez\u0151bizotts\u00e1ga honlapja\/\" \/>\n<meta property=\"og:url\" content=\"https:\/\/stuttgarti-katolikusok.de\/index.php\/veled-kiteljesedve-hazassag-hete-2017-februar-12-19\/\" \/>\n<meta property=\"og:site_name\" content=\"Stuttgarti Katolikusok\" \/>\n<meta property=\"article:published_time\" content=\"2017-02-13T22:11:20+00:00\" \/>\n<meta property=\"article:modified_time\" content=\"2017-02-13T22:11:53+00:00\" \/>\n<meta property=\"og:image\" content=\"https:\/\/stuttgarti-katolikusok.de\/wp-content\/uploads\/2017\/02\/hh_logo_nagy-e1487154023672.jpg\" \/>\n\t<meta property=\"og:image:width\" content=\"756\" \/>\n\t<meta property=\"og:image:height\" content=\"518\" \/>\n\t<meta property=\"og:image:type\" content=\"image\/jpeg\" \/>\n<meta name=\"author\" content=\"Tibor atya\" \/>\n<meta name=\"twitter:card\" content=\"summary_large_image\" \/>\n<meta name=\"twitter:label1\" content=\"Szerz\u0151:\" \/>\n\t<meta name=\"twitter:data1\" content=\"Tibor atya\" \/>\n\t<meta name=\"twitter:label2\" content=\"Becs\u00fclt olvas\u00e1si id\u0151\" \/>\n\t<meta name=\"twitter:data2\" content=\"2 perc\" \/>\n<script type=\"application\/ld+json\" class=\"yoast-schema-graph\">{\"@context\":\"https:\\\/\\\/schema.org\",\"@graph\":[{\"@type\":\"Article\",\"@id\":\"https:\\\/\\\/stuttgarti-katolikusok.de\\\/index.php\\\/veled-kiteljesedve-hazassag-hete-2017-februar-12-19\\\/#article\",\"isPartOf\":{\"@id\":\"https:\\\/\\\/stuttgarti-katolikusok.de\\\/index.php\\\/veled-kiteljesedve-hazassag-hete-2017-februar-12-19\\\/\"},\"author\":{\"name\":\"Tibor atya\",\"@id\":\"https:\\\/\\\/stuttgarti-katolikusok.de\\\/#\\\/schema\\\/person\\\/75908d6f8fdc03a57889d27209df7795\"},\"headline\":\"Veled kiteljesedve! &#8211; H\u00e1zass\u00e1g hete 2017. febru\u00e1r 12 &#8211; 19.\",\"datePublished\":\"2017-02-13T22:11:20+00:00\",\"dateModified\":\"2017-02-13T22:11:53+00:00\",\"mainEntityOfPage\":{\"@id\":\"https:\\\/\\\/stuttgarti-katolikusok.de\\\/index.php\\\/veled-kiteljesedve-hazassag-hete-2017-februar-12-19\\\/\"},\"wordCount\":464,\"image\":{\"@id\":\"https:\\\/\\\/stuttgarti-katolikusok.de\\\/index.php\\\/veled-kiteljesedve-hazassag-hete-2017-februar-12-19\\\/#primaryimage\"},\"thumbnailUrl\":\"https:\\\/\\\/stuttgarti-katolikusok.de\\\/wp-content\\\/uploads\\\/2017\\\/02\\\/hh_logo_nagy-e1487154023672.jpg\",\"articleSection\":[\"V\u00e1logatott \u00edr\u00e1sok\"],\"inLanguage\":\"hu\"},{\"@type\":\"WebPage\",\"@id\":\"https:\\\/\\\/stuttgarti-katolikusok.de\\\/index.php\\\/veled-kiteljesedve-hazassag-hete-2017-februar-12-19\\\/\",\"url\":\"https:\\\/\\\/stuttgarti-katolikusok.de\\\/index.php\\\/veled-kiteljesedve-hazassag-hete-2017-februar-12-19\\\/\",\"name\":\"Veled kiteljesedve! - H\u00e1zass\u00e1g hete 2017. febru\u00e1r 12 - 19. - Stuttgarti Katolikusok\",\"isPartOf\":{\"@id\":\"https:\\\/\\\/stuttgarti-katolikusok.de\\\/#website\"},\"primaryImageOfPage\":{\"@id\":\"https:\\\/\\\/stuttgarti-katolikusok.de\\\/index.php\\\/veled-kiteljesedve-hazassag-hete-2017-februar-12-19\\\/#primaryimage\"},\"image\":{\"@id\":\"https:\\\/\\\/stuttgarti-katolikusok.de\\\/index.php\\\/veled-kiteljesedve-hazassag-hete-2017-februar-12-19\\\/#primaryimage\"},\"thumbnailUrl\":\"https:\\\/\\\/stuttgarti-katolikusok.de\\\/wp-content\\\/uploads\\\/2017\\\/02\\\/hh_logo_nagy-e1487154023672.jpg\",\"datePublished\":\"2017-02-13T22:11:20+00:00\",\"dateModified\":\"2017-02-13T22:11:53+00:00\",\"author\":{\"@id\":\"https:\\\/\\\/stuttgarti-katolikusok.de\\\/#\\\/schema\\\/person\\\/75908d6f8fdc03a57889d27209df7795\"},\"breadcrumb\":{\"@id\":\"https:\\\/\\\/stuttgarti-katolikusok.de\\\/index.php\\\/veled-kiteljesedve-hazassag-hete-2017-februar-12-19\\\/#breadcrumb\"},\"inLanguage\":\"hu\",\"potentialAction\":[{\"@type\":\"ReadAction\",\"target\":[\"https:\\\/\\\/stuttgarti-katolikusok.de\\\/index.php\\\/veled-kiteljesedve-hazassag-hete-2017-februar-12-19\\\/\"]}]},{\"@type\":\"ImageObject\",\"inLanguage\":\"hu\",\"@id\":\"https:\\\/\\\/stuttgarti-katolikusok.de\\\/index.php\\\/veled-kiteljesedve-hazassag-hete-2017-februar-12-19\\\/#primaryimage\",\"url\":\"https:\\\/\\\/stuttgarti-katolikusok.de\\\/wp-content\\\/uploads\\\/2017\\\/02\\\/hh_logo_nagy-e1487154023672.jpg\",\"contentUrl\":\"https:\\\/\\\/stuttgarti-katolikusok.de\\\/wp-content\\\/uploads\\\/2017\\\/02\\\/hh_logo_nagy-e1487154023672.jpg\",\"width\":756,\"height\":518},{\"@type\":\"BreadcrumbList\",\"@id\":\"https:\\\/\\\/stuttgarti-katolikusok.de\\\/index.php\\\/veled-kiteljesedve-hazassag-hete-2017-februar-12-19\\\/#breadcrumb\",\"itemListElement\":[{\"@type\":\"ListItem\",\"position\":1,\"name\":\"Kezd\u0151lap\",\"item\":\"https:\\\/\\\/stuttgarti-katolikusok.de\\\/\"},{\"@type\":\"ListItem\",\"position\":2,\"name\":\"Veled kiteljesedve! &#8211; H\u00e1zass\u00e1g hete 2017. febru\u00e1r 12 &#8211; 19.\"}]},{\"@type\":\"WebSite\",\"@id\":\"https:\\\/\\\/stuttgarti-katolikusok.de\\\/#website\",\"url\":\"https:\\\/\\\/stuttgarti-katolikusok.de\\\/\",\"name\":\"Stuttgarti Katolikusok\",\"description\":\"\",\"potentialAction\":[{\"@type\":\"SearchAction\",\"target\":{\"@type\":\"EntryPoint\",\"urlTemplate\":\"https:\\\/\\\/stuttgarti-katolikusok.de\\\/?s={search_term_string}\"},\"query-input\":{\"@type\":\"PropertyValueSpecification\",\"valueRequired\":true,\"valueName\":\"search_term_string\"}}],\"inLanguage\":\"hu\"},{\"@type\":\"Person\",\"@id\":\"https:\\\/\\\/stuttgarti-katolikusok.de\\\/#\\\/schema\\\/person\\\/75908d6f8fdc03a57889d27209df7795\",\"name\":\"Tibor atya\",\"image\":{\"@type\":\"ImageObject\",\"inLanguage\":\"hu\",\"@id\":\"https:\\\/\\\/secure.gravatar.com\\\/avatar\\\/61d268e57d1f4525b111222e29d2d5a7f8c420fdbf231ba5566a8ceac74fa960?s=96&d=mm&r=g\",\"url\":\"https:\\\/\\\/secure.gravatar.com\\\/avatar\\\/61d268e57d1f4525b111222e29d2d5a7f8c420fdbf231ba5566a8ceac74fa960?s=96&d=mm&r=g\",\"contentUrl\":\"https:\\\/\\\/secure.gravatar.com\\\/avatar\\\/61d268e57d1f4525b111222e29d2d5a7f8c420fdbf231ba5566a8ceac74fa960?s=96&d=mm&r=g\",\"caption\":\"Tibor atya\"},\"url\":\"https:\\\/\\\/stuttgarti-katolikusok.de\\\/index.php\\\/author\\\/tibor-atya\\\/\"}]}<\/script>\n<!-- \/ Yoast SEO plugin. -->","yoast_head_json":{"title":"Veled kiteljesedve! - H\u00e1zass\u00e1g hete 2017. febru\u00e1r 12 - 19. - Stuttgarti Katolikusok","robots":{"index":"index","follow":"follow","max-snippet":"max-snippet:-1","max-image-preview":"max-image-preview:large","max-video-preview":"max-video-preview:-1"},"canonical":"https:\/\/stuttgarti-katolikusok.de\/index.php\/veled-kiteljesedve-hazassag-hete-2017-februar-12-19\/","og_locale":"hu_HU","og_type":"article","og_title":"Veled kiteljesedve! - H\u00e1zass\u00e1g hete 2017. febru\u00e1r 12 - 19. - Stuttgarti Katolikusok","og_description":"Mi is a h\u00e1zass\u00e1g hete? K\u00f6zel k\u00e9t \u00e9vtizede Angli\u00e1b\u00f3l indult el ez a kezdem\u00e9nyez\u00e9s, amely Valentin-nap k\u00f6rny\u00e9k\u00e9n minden \u00e9vben egy h\u00e9tig a h\u00e1zass\u00e1g \u00e9s a csal\u00e1d fontoss\u00e1g\u00e1ra k\u00edv\u00e1nja ir\u00e1ny\u00edtani a figyelmet. A h\u00e1zass\u00e1g het\u00e9t \u2013 amelyhez hazai \u00e9s nemzetk\u00f6zi szinten is sz\u00e1mos ismert k\u00f6z\u00e9leti szem\u00e9lyis\u00e9g csatlakozott kifejezve elk\u00f6telez\u0151d\u00e9s\u00e9t a h\u00e1zass\u00e1g, a csal\u00e1d \u00fcgye ir\u00e1nt \u2013 m\u00e1ra 4 kontinens 21 orsz\u00e1g\u00e1ban \u00fcnneplik. Haz\u00e1nkban az orsz\u00e1gos esem\u00e9nysorozatot 2008 \u00f3ta rendezik meg a kereszt\u00e9ny egyh\u00e1zak \u00e9s civil szervezetek sz\u00e9les k\u00f6r\u0171 \u00f6sszefog\u00e1s\u00e1val, sz\u00e1mtalan nagyv\u00e1ros, telep\u00fcl\u00e9s, k\u00f6z\u00f6ss\u00e9g r\u00e9szv\u00e9tel\u00e9vel. A H\u00e1zass\u00e1g Hete Szervez\u0151bizotts\u00e1ga \u00e1ltal koordin\u00e1lt k\u00f6zponti programok f\u0151v\u00e9dn\u00f6ke 2013 \u00f3ta Herczegh Anita, a k\u00f6zt\u00e1rsas\u00e1gi eln\u00f6k feles\u00e9ge. \u201eA h\u00e1zass\u00e1g Isten csod\u00e1latos aj\u00e1nd\u00e9ka \u00e9s gondoskod\u00e1sa az ember sz\u00e1m\u00e1ra, amelyben a felek megtapasztalhatj\u00e1k a felt\u00e9tel n\u00e9lk\u00fcli szeretet, a h\u0171s\u00e9g \u00e9s az \u0151szinte megbocs\u00e1t\u00e1s \u00e9rt\u00e9k\u00e9t egy nekik rendelt, de nem t\u00f6k\u00e9letes t\u00e1rson kereszt\u00fcl. A h\u00e1zass\u00e1gban egy f\u00e9rfi \u00e9s egy n\u0151 saj\u00e1t elhat\u00e1roz\u00e1s\u00e1b\u00f3l elk\u00f6telezi mag\u00e1t, hogy egym\u00e1s b\u00e1tor\u00edt\u00e1s\u00e1ra, seg\u00edt\u00e9s\u00e9re \u00e9s v\u00e9delm\u00e9re t\u00f6rekszik eg\u00e9sz \u00e9let\u00e9ben. Ilyen m\u00f3don a h\u00e1zass\u00e1g felel\u0151ss\u00e9gteljes, biztons\u00e1gos \u00e9s meghitt k\u00f6z\u00f6ss\u00e9get jelent sz\u00e1mukra, \u00e9s \u00e1ld\u00e1sul szolg\u00e1l \u00e9let\u00fck minden m\u00e1s ter\u00fclet\u00e9n is. A h\u00e1zass\u00e1g hete olyan sz\u00e9les k\u00f6r\u0171 \u00f6sszefog\u00e1sra t\u00f6rekszik, mely gyakorlati p\u00e9ldamutat\u00e1ssal, tudom\u00e1nyos kutat\u00e1sok eredm\u00e9nyeivel, bibliai \u00e9s erk\u00f6lcsi \u00e9rvekkel t\u00e1masztja al\u00e1 a h\u00e1zass\u00e1g \u00f6r\u00f6kk\u00e9val\u00f3 \u00e9rt\u00e9k\u00e9t. B\u00e1tor\u00edt minden olyan helyi kezdem\u00e9nyez\u00e9st, amely hidat \u00e9p\u00edt az adott k\u00f6z\u00f6ss\u00e9g k\u00f6rnyezet\u00e9ben \u00e9l\u0151 h\u00e1zasp\u00e1rok \u00e9s csal\u00e1dok fel\u00e9, amely seg\u00edti \u00e9let\u00fcket, boldogul\u00e1sukat. Ny\u00edltan besz\u00e9l a h\u00e1zass\u00e1g mindennapi val\u00f3s\u00e1g\u00e1r\u00f3l, \u00f6r\u00f6meir\u0151l \u00e9s fesz\u00fclts\u00e9geir\u0151l. Igyekszik b\u00f6lcs \u00e9s gyakorlati tan\u00e1csokkal ell\u00e1tni a h\u00e1zasokat \u00e9s h\u00e1zasuland\u00f3kat, valamint a teljes helyre\u00e1ll\u00e1s rem\u00e9ny\u00e9t \u00e9bren tartani azokban, akiknek a kapcsolata v\u00e1ls\u00e1gban van, illetve valamilyen ok miatt megszakadt.\u201d \/Forr\u00e1s: A H\u00e1zass\u00e1g Hete Szervez\u0151bizotts\u00e1ga honlapja\/","og_url":"https:\/\/stuttgarti-katolikusok.de\/index.php\/veled-kiteljesedve-hazassag-hete-2017-februar-12-19\/","og_site_name":"Stuttgarti Katolikusok","article_published_time":"2017-02-13T22:11:20+00:00","article_modified_time":"2017-02-13T22:11:53+00:00","og_image":[{"width":756,"height":518,"url":"https:\/\/stuttgarti-katolikusok.de\/wp-content\/uploads\/2017\/02\/hh_logo_nagy-e1487154023672.jpg","type":"image\/jpeg"}],"author":"Tibor atya","twitter_card":"summary_large_image","twitter_misc":{"Szerz\u0151:":"Tibor atya","Becs\u00fclt olvas\u00e1si id\u0151":"2 perc"},"schema":{"@context":"https:\/\/schema.org","@graph":[{"@type":"Article","@id":"https:\/\/stuttgarti-katolikusok.de\/index.php\/veled-kiteljesedve-hazassag-hete-2017-februar-12-19\/#article","isPartOf":{"@id":"https:\/\/stuttgarti-katolikusok.de\/index.php\/veled-kiteljesedve-hazassag-hete-2017-februar-12-19\/"},"author":{"name":"Tibor atya","@id":"https:\/\/stuttgarti-katolikusok.de\/#\/schema\/person\/75908d6f8fdc03a57889d27209df7795"},"headline":"Veled kiteljesedve! &#8211; H\u00e1zass\u00e1g hete 2017. febru\u00e1r 12 &#8211; 19.","datePublished":"2017-02-13T22:11:20+00:00","dateModified":"2017-02-13T22:11:53+00:00","mainEntityOfPage":{"@id":"https:\/\/stuttgarti-katolikusok.de\/index.php\/veled-kiteljesedve-hazassag-hete-2017-februar-12-19\/"},"wordCount":464,"image":{"@id":"https:\/\/stuttgarti-katolikusok.de\/index.php\/veled-kiteljesedve-hazassag-hete-2017-februar-12-19\/#primaryimage"},"thumbnailUrl":"https:\/\/stuttgarti-katolikusok.de\/wp-content\/uploads\/2017\/02\/hh_logo_nagy-e1487154023672.jpg","articleSection":["V\u00e1logatott \u00edr\u00e1sok"],"inLanguage":"hu"},{"@type":"WebPage","@id":"https:\/\/stuttgarti-katolikusok.de\/index.php\/veled-kiteljesedve-hazassag-hete-2017-februar-12-19\/","url":"https:\/\/stuttgarti-katolikusok.de\/index.php\/veled-kiteljesedve-hazassag-hete-2017-februar-12-19\/","name":"Veled kiteljesedve! - H\u00e1zass\u00e1g hete 2017. febru\u00e1r 12 - 19. - Stuttgarti Katolikusok","isPartOf":{"@id":"https:\/\/stuttgarti-katolikusok.de\/#website"},"primaryImageOfPage":{"@id":"https:\/\/stuttgarti-katolikusok.de\/index.php\/veled-kiteljesedve-hazassag-hete-2017-februar-12-19\/#primaryimage"},"image":{"@id":"https:\/\/stuttgarti-katolikusok.de\/index.php\/veled-kiteljesedve-hazassag-hete-2017-februar-12-19\/#primaryimage"},"thumbnailUrl":"https:\/\/stuttgarti-katolikusok.de\/wp-content\/uploads\/2017\/02\/hh_logo_nagy-e1487154023672.jpg","datePublished":"2017-02-13T22:11:20+00:00","dateModified":"2017-02-13T22:11:53+00:00","author":{"@id":"https:\/\/stuttgarti-katolikusok.de\/#\/schema\/person\/75908d6f8fdc03a57889d27209df7795"},"breadcrumb":{"@id":"https:\/\/stuttgarti-katolikusok.de\/index.php\/veled-kiteljesedve-hazassag-hete-2017-februar-12-19\/#breadcrumb"},"inLanguage":"hu","potentialAction":[{"@type":"ReadAction","target":["https:\/\/stuttgarti-katolikusok.de\/index.php\/veled-kiteljesedve-hazassag-hete-2017-februar-12-19\/"]}]},{"@type":"ImageObject","inLanguage":"hu","@id":"https:\/\/stuttgarti-katolikusok.de\/index.php\/veled-kiteljesedve-hazassag-hete-2017-februar-12-19\/#primaryimage","url":"https:\/\/stuttgarti-katolikusok.de\/wp-content\/uploads\/2017\/02\/hh_logo_nagy-e1487154023672.jpg","contentUrl":"https:\/\/stuttgarti-katolikusok.de\/wp-content\/uploads\/2017\/02\/hh_logo_nagy-e1487154023672.jpg","width":756,"height":518},{"@type":"BreadcrumbList","@id":"https:\/\/stuttgarti-katolikusok.de\/index.php\/veled-kiteljesedve-hazassag-hete-2017-februar-12-19\/#breadcrumb","itemListElement":[{"@type":"ListItem","position":1,"name":"Kezd\u0151lap","item":"https:\/\/stuttgarti-katolikusok.de\/"},{"@type":"ListItem","position":2,"name":"Veled kiteljesedve! &#8211; H\u00e1zass\u00e1g hete 2017. febru\u00e1r 12 &#8211; 19."}]},{"@type":"WebSite","@id":"https:\/\/stuttgarti-katolikusok.de\/#website","url":"https:\/\/stuttgarti-katolikusok.de\/","name":"Stuttgarti Katolikusok","description":"","potentialAction":[{"@type":"SearchAction","target":{"@type":"EntryPoint","urlTemplate":"https:\/\/stuttgarti-katolikusok.de\/?s={search_term_string}"},"query-input":{"@type":"PropertyValueSpecification","valueRequired":true,"valueName":"search_term_string"}}],"inLanguage":"hu"},{"@type":"Person","@id":"https:\/\/stuttgarti-katolikusok.de\/#\/schema\/person\/75908d6f8fdc03a57889d27209df7795","name":"Tibor atya","image":{"@type":"ImageObject","inLanguage":"hu","@id":"https:\/\/secure.gravatar.com\/avatar\/61d268e57d1f4525b111222e29d2d5a7f8c420fdbf231ba5566a8ceac74fa960?s=96&d=mm&r=g","url":"https:\/\/secure.gravatar.com\/avatar\/61d268e57d1f4525b111222e29d2d5a7f8c420fdbf231ba5566a8ceac74fa960?s=96&d=mm&r=g","contentUrl":"https:\/\/secure.gravatar.com\/avatar\/61d268e57d1f4525b111222e29d2d5a7f8c420fdbf231ba5566a8ceac74fa960?s=96&d=mm&r=g","caption":"Tibor atya"},"url":"https:\/\/stuttgarti-katolikusok.de\/index.php\/author\/tibor-atya\/"}]}},"_links":{"self":[{"href":"https:\/\/stuttgarti-katolikusok.de\/index.php\/wp-json\/wp\/v2\/posts\/11267","targetHints":{"allow":["GET"]}}],"collection":[{"href":"https:\/\/stuttgarti-katolikusok.de\/index.php\/wp-json\/wp\/v2\/posts"}],"about":[{"href":"https:\/\/stuttgarti-katolikusok.de\/index.php\/wp-json\/wp\/v2\/types\/post"}],"author":[{"embeddable":true,"href":"https:\/\/stuttgarti-katolikusok.de\/index.php\/wp-json\/wp\/v2\/users\/3"}],"replies":[{"embeddable":true,"href":"https:\/\/stuttgarti-katolikusok.de\/index.php\/wp-json\/wp\/v2\/comments?post=11267"}],"version-history":[{"count":2,"href":"https:\/\/stuttgarti-katolikusok.de\/index.php\/wp-json\/wp\/v2\/posts\/11267\/revisions"}],"predecessor-version":[{"id":11270,"href":"https:\/\/stuttgarti-katolikusok.de\/index.php\/wp-json\/wp\/v2\/posts\/11267\/revisions\/11270"}],"wp:featuredmedia":[{"embeddable":true,"href":"https:\/\/stuttgarti-katolikusok.de\/index.php\/wp-json\/wp\/v2\/media\/11268"}],"wp:attachment":[{"href":"https:\/\/stuttgarti-katolikusok.de\/index.php\/wp-json\/wp\/v2\/media?parent=11267"}],"wp:term":[{"taxonomy":"category","embeddable":true,"href":"https:\/\/stuttgarti-katolikusok.de\/index.php\/wp-json\/wp\/v2\/categories?post=11267"},{"taxonomy":"post_tag","embeddable":true,"href":"https:\/\/stuttgarti-katolikusok.de\/index.php\/wp-json\/wp\/v2\/tags?post=11267"}],"curies":[{"name":"wp","href":"https:\/\/api.w.org\/{rel}","templated":true}]}}