{"id":11263,"date":"2017-02-13T21:55:29","date_gmt":"2017-02-13T21:55:29","guid":{"rendered":"https:\/\/gracious-dewdney.138-201-221-2.plesk.page\/?p=11263"},"modified":"2019-10-23T10:46:11","modified_gmt":"2019-10-23T10:46:11","slug":"velencei-karneval-tortenete","status":"publish","type":"post","link":"https:\/\/stuttgarti-katolikusok.de\/index.php\/velencei-karneval-tortenete\/","title":{"rendered":"Velencei karnev\u00e1l t\u00f6rt\u00e9nete"},"content":{"rendered":"<p>Vil\u00e1gszerte alig akad ember, aki ne ismern\u00e9 a lag\u00fan\u00e1k v\u00e1ros\u00e1ban tartott, a v\u00e1rosr\u00f3l elnevezett Velencei karnev\u00e1lt, mely az olaszok egyik \u0151si hagyom\u00e1nya \u00e9s mindm\u00e1ig fontos esem\u00e9ny. Csod\u00e1latos \u00e9s izgalmas, a hangulat egyre csak fokoz\u00f3dik, eg\u00e9szen a karnev\u00e1l utols\u00f3 napj\u00e1ig, h\u00fashagy\u00f3 keddig. A Ri\u00f3i karnev\u00e1llal \u00f6sszehasonl\u00edtva azt mondhatjuk, hogy a Ri\u00f3i l\u00e1tv\u00e1nyos, a velencei a sz\u00f3 szoros \u00e9rtelm\u00e9ben sz\u00e9p. \u00c1ltal\u00e1ban a Ri\u00f3i karnev\u00e1l a hangos, t\u00falf\u0171t\u00f6tt ereszdelahajamr\u00f3l sz\u00f3l, m\u00e9g a Velencei karnev\u00e1l ink\u00e1bb egy \u00f6sszeszedettebb, megkompon\u00e1ltabb m\u0171faj.<\/p>\n<p>A Velencei karnev\u00e1l t\u00f6rt\u00e9nete.<\/p>\n<p>A r\u00e9gi id\u0151k D\u00e9l-Eur\u00f3p\u00e1j\u00e1ban a farsang az egyik legnagyobb esem\u00e9nynek sz\u00e1m\u00edtott. Janu\u00e1rban kezd\u0151d\u00f6tt a farsangi id\u0151szak, mely alatt szinte minden megengedett volt. A h\u00f6lgyek toj\u00e1ssal dob\u00e1lhatt\u00e1k a felvonul\u00f3 t\u00f6meget, frissel a sz\u00e9p n\u0151ket, megz\u00e1pulttal a cs\u00fany\u00e1kat, az \u00e1larcosoknak szabad volt berontani mag\u00e1nh\u00e1zakhoz. Az eg\u00e9sz egy hatalmas sz\u00ednj\u00e1t\u00e9k, melyben mindent szabad, melynek n\u00e9z\u0151k\u00f6z\u00f6ns\u00e9ge szerves r\u00e9sztvev\u0151je az esem\u00e9nyeknek.<br \/>\nA h\u00fashagy\u00f3 cs\u00fct\u00f6rt\u00f6k\u00f6n tartott f\u0151\u00fcnneps\u00e9get a Piazza San Marcon (Szent M\u00e1rk T\u00e9r) Velence h\u00edres f\u0151ter\u00e9n rendezt\u00e9k, a szabad \u00e9g alatt. A v\u00e1ros egy r\u00e9sz\u00e9n \u00e1tvonulva ide \u00e9rkezett a felvonul\u00f3 t\u00f6meg, \u00e9l\u00fck\u00f6n vir\u00e1gkoszor\u00faval d\u00edsz\u00edtett \u00f6kr\u00f6kkel. Ezeket az \u00e1llatokat, a f\u0151t\u00e9rre \u00e9rve, a d\u00f3zse el\u0151tt, egy nagyobb m\u00e9ret\u0171, \u00e9les \u00e9s sz\u00e9les peng\u00e9j\u0171 kard egyetlen csap\u00e1s\u00e1val lefejezt\u00e9k.<\/p>\n<p>A karnev\u00e1l sok r\u00e9szletet meg\u0151rz\u00f6tt a r\u00e9gi hagyom\u00e1nyb\u00f3l, n\u00e9melyiket kiss\u00e9 \u00e1talak\u00edtva, de a jelk\u00e9pes momentumok megmaradtak. Hagyom\u00e1nyosan a d\u00f3zse \u00e9s vend\u00e9gei a palota erk\u00e9ly\u00e9r\u0151l \u00fcdv\u00f6zlik a t\u00f6meget, majd megsz\u00f3lalnak a harson\u00e1k, \u00e9s t\u00f6bb sz\u00e1z l\u00e9gg\u00f6mb\u00f6t engednek a magasba, melynek hat\u00e1s\u00e1ra az \u00e9g megtelik mozg\u00e1ssal, sz\u00ednekkel, mintha eg\u00e9sz Velence bolydult volna fel, mindenest\u00fcl.<br \/>\nR\u00e9gebben egy fiatal k\u00f6t\u00e9lt\u00e1ncos vakmer\u0151 produkci\u00f3ja k\u00f6vetkezett, mikoris v\u00e9gighaladt egy a harangtorony \u00e9s D\u00f3zse-palota k\u00f6z\u00f6tt kifesz\u00edtett k\u00f6t\u00e9len. M\u00e1ra jelk\u00e9pesen a k\u00f6t\u00e9lt\u00e1ncos helyett egy gipszb\u0151l k\u00e9sz\u00fclt galamb cs\u00faszik \u00e1t lassan dr\u00f3tk\u00f6t\u00e9len a Campanile (A Szent M\u00e1rk bazilika k\u00fcl\u00f6n\u00e1ll\u00f3 harangtornya) \u00e9s Palazzo Ducale egyik oszlopa k\u00f6z\u00f6tt. K\u00f6zben az emberek azt ki\u00e1ltozz\u00e1k \u201eViva Venezia! Ciao Venezia!\u201d Majd a magasban a Colombiana, alj\u00e1t sz\u00e9tnyitva sz\u00ednes konfettit, szalagokat hullajt az \u00fcnnepl\u0151 t\u00f6megre. V\u00e9g\u00fcl, h\u00fashagy\u00f3 kedd \u00e9jjel\u00e9n, az \u00fcnneps\u00e9gsorozat befejez\u00e9sek\u00e9ppen az egybegy\u0171ltek leveszik d\u00edszes maszkjaikat \u00e9s \u201eElmegy! Elmegy! Elmegy!\u201d ki\u00e1lt\u00e1sokkal b\u00facs\u00faznak.<\/p>\n<p>A Herceg t\u00fcnd\u00f6kl\u00e9se \u00e9s buk\u00e1sa<\/p>\n<p>A turist\u00e1k k\u00f6z\u00f6tt legn\u00e9pszer\u0171bb nap a karnev\u00e1l utols\u00f3 napja \u00e9s egyben cs\u00facspontja, a h\u00fashagy\u00f3 kedd. Ekkor b\u00facs\u00faznak el a Karnev\u00e1l Herceg\u00e9t\u0151l, akinek az els\u0151 napon mindent odaadtak \u00e9s akit\u0151l most mindent el is vesznek. Ezen a napon szimbolikusan meg\u00f6lik a karnev\u00e1lt, hogy el\u0171zz\u00e9k a rossz szellemet, b\u00facs\u00faztass\u00e1k a telet, k\u00f6sz\u00f6nts\u00e9g a tavaszt \u00e9s hivatalosan is v\u00e9get vessenek j\u00f6v\u0151 ilyenkorig a f\u00e9ktelen mulatoz\u00e1snak.<br \/>\nA Karnev\u00e1l Hercege mindent megkapott, evett, ivott, a v\u00e9gletekig kisz\u00f3rakozta mag\u00e1t, de most v\u00e9ge. A t\u00f6meg elk\u00eds\u00e9ri utols\u00f3 \u00fatj\u00e1ra, mint egy igaz temet\u00e9sen, m\u00e9g meg is siratj\u00e1k, ami term\u00e9szetesen nem val\u00f3di, hanem ink\u00e1bb sz\u00ednpadias gesztus. Az \u00e1larcosok, szem\u00fcket kend\u0151vel t\u00f6r\u00f6lgetve imit\u00e1lj\u00e1k a hatalmas szomor\u00fas\u00e1got.<br \/>\nA Karnev\u00e1l Herceg\u00e9t a v\u00e9g el\u0151tt, b\u00edr\u00f3s\u00e1g el\u00e9 \u00e1ll\u00edtj\u00e1k, \u00e9s mint b\u0171nbak, mindent r\u00e1fognak, minden, a v\u00e1rosban t\u00f6rt\u00e9nt rossz\u00e9rt \u0151t okolj\u00e1k. Ennek eredm\u00e9nye, hogy a b\u00edr\u00f3s\u00e1g m\u00e1glya \u00e1ltali hal\u00e1lra \u00edt\u00e9li. Persze a m\u00e1glyahal\u00e1lt nem v\u00e1llalja senki, ez\u00e9rt helyette egy szalmab\u00e1but \u00e9getnek el, minden b\u0171n\u00e9rt, amit elk\u00f6vetett. Kicsit olyan ez, mint a boszork\u00e1ny\u00e9get\u00e9s.<\/p>\n<p>A t\u00f6meg sop\u00e1nkodik, s\u00edr, majd hagyom\u00e1nyosan sepr\u0171vel \u00fctik a f\u00f6ldet \u00e9s \u00fcv\u00f6lt\u00f6znek, mert a Karnev\u00e1l Hercege, mint b\u0171nbak, minden rosszat mag\u00e1val visz a hal\u00e1lba, m\u00e9g az emberekben rejl\u0151 rosszat is.<br \/>\nAz esem\u00e9ny egyik legfontosabb eleme a t\u0171z. A t\u0171z, ahogy szinte minden vall\u00e1sban, mitol\u00f3gi\u00e1ban a megtisztul\u00e1st jelk\u00e9pezi, ezzel az \u00e9get\u00e9ssel mindenki megtisztul \u00e9s megszabadul minden b\u0171n\u00e9t\u0151l, feloldoz\u00e1st nyer azok al\u00f3l. A m\u00e1gly\u00e1n val\u00f3 el\u00e9get\u00e9s az a pillanat, mikor a term\u00e9szet kil\u00e9p a t\u00e9lb\u0151l \u00e9s \u00fajra\u00e9led.<br \/>\nA karnev\u00e1l sz\u00f3 eredete<\/p>\n<p>A karnev\u00e1l, mint sz\u00f3, m\u00e9g a k\u00f6z\u00e9pkori latin \u201ecarne levare\u201d, azaz \u201ea h\u00fas elhagy\u00e1sa\u201d \u00fcnnep nev\u00e9nek sz\u00f3\u00f6sszet\u00e9tel\u00e9b\u0151l alakult ki. Ez a nagy mulatoz\u00e1s, d\u0151zs\u00f6l\u00e9s nem k\u00f6t\u0151dik kereszt\u00e9ny \u00fcnnephez, az egyh\u00e1z k\u00e9s\u0151bb tette azz\u00e1. A \u201ecarne\u201d azaz \u201eh\u00fas\u201d sz\u00f3 nem csak a kereszt\u00e9ny \u00fcnnep b\u00f6jtmegel\u0151z\u0151 jelleg\u00e9re utal, hanem a farsangi eszem-iszomra is. Az \u00fcnnepkor t\u00f6m\u00e9nytelen h\u00fas, t\u00f6bbek k\u00f6zt csirke, sert\u00e9s \u00e9s marha ker\u00fclt az asztalra, igazi lakom\u00e1kat rendeztek a farsang alkalm\u00e1val.<\/p>\n<p>Egy m\u00e1sik elm\u00e9let szerint, az elnevez\u00e9s \u201ecarrus navalis\u201d-ra eredeztethet\u0151 vissza. R\u00f3m\u00e1ban Lupercalia \u00fcnnep\u00e9n egy haj\u00f3t form\u00e1l\u00f3, kerekeken k\u00f6zleked\u0151 szerkezetet h\u00faztak v\u00e9gig az utc\u00e1kon febru\u00e1r 15-\u00e9n, ami a term\u00e9kenys\u00e9get \u00e9s a b\u0151s\u00e9g szimb\u00f3lum\u00e1t jelk\u00e9pezte. Ezzel \u00fcdv\u00f6z\u00f6lt\u00e9k a term\u00e9szet \u00fajj\u00e1sz\u00fclet\u00e9s\u00e9t.<br \/>\nEzt az ut\u00f3bbi elm\u00e9letet viszont sokan vitatj\u00e1k, mivel az olasz \u201ecarrus\u201d (kocsi) sz\u00f3 mind a mai napig k\u00e9t r-rel \u00edrand\u00f3, m\u00e9g a karnev\u00e1lt soha, sehol nem \u00edrt\u00e1k kett\u0151 r-rel.<\/p>\n<p>Dion\u00fcszosz \u00fcnnepek az \u00f3kori G\u00f6r\u00f6gorsz\u00e1gban \u00e9s Saturnali\u00e1k.<\/p>\n<p>Az \u00f3kori g\u00f6r\u00f6g\u00f6kn\u00e9l Dion\u00fcszosz egyik \u00fcnnepe a farsang napj\u00e1ra esik, ami a d\u00e1tumon k\u00edv\u00fcl m\u00e1sban is egyezik a mai karnev\u00e1l \u00fcnnep\u00e9vel. Ezt december-janu\u00e1r hav\u00e1ban volt esed\u00e9kes, ahol az utcai b\u00e1lokat, mulats\u00e1gokat szint\u00e9n \u00e1larcosokkal tartott\u00e1k. Innen alakult ki az ath\u00e9ni v\u00edgj\u00e1t\u00e9k.<br \/>\nEz volt a kis Dion\u00fcszia \u00fcnnep, a nagy Dion\u00fcszosz \u00fcnnep\u00e9t tavasszal tartott\u00e1k, meg\u00fcnnepelt\u00e9k az \u00fajbort, a sz\u0151l\u0151 \u00fajra vir\u00e1gz\u00e1s\u00e1t, ami a v\u00e1rosokra volt ink\u00e1bb jellemz\u0151. Ekkor kezdtek dr\u00e1mai versenyeket rendezni, amib\u0151l kialakult k\u00e9s\u0151bb a g\u00f6r\u00f6g dr\u00e1ma, az ath\u00e9ni tag\u00e9dia. A g\u00f6r\u00f6g\u00f6k a nagy Dion\u00fcszosznak \u00e1ldoztak, a r\u00f3maiak pedig febru\u00e1r 15-\u00e9n Lupercalia \u00fcnnep\u00e9n kecsk\u00e9t \u00e1ldoztak az isteneknek.<br \/>\nEgy \u0151sr\u00e9gi latin \u00fcnnep, a Saturnali\u00e1k, a legend\u00e1k szerint egy r\u00e9gi let\u0171nt aranykorra val\u00f3 eml\u00e9kez\u00e9s volt, ami m\u00e9g Saturnus uralkod\u00e1s\u00e1nak idej\u00e9n volt. Az esem\u00e9ny december 17.-re esett, de a mulats\u00e1g egy h\u00e9tig is eltartott. A cs\u00e1sz\u00e1rok ezt komolyan szab\u00e1lyozt\u00e1k, Augusztus cs\u00e1sz\u00e1r csak 3 napot engedett, Tiberius \u00e9s Caligula plusz egy-egy napot hozz\u00e1tett. Tilos volt dolgozni \u00e9s \u201ek\u00f6telez\u0151\u201d volt mulatni. A j\u00f3kedv nem maradt el. A gazdag r\u00e9teg r\u00f3zsakoszor\u00fat viselt, vend\u00e9g\u00fcl l\u00e1tt\u00e1k a szeg\u00e9nyeket, a rabszolg\u00e1kr\u00f3l leszedt\u00e9k a l\u00e1ncokat, a csel\u00e9dek oda\u00fclhettek az asztalukhoz, a csal\u00e1dok pedig, mint n\u00e1lunk kar\u00e1csonykor, aj\u00e1nd\u00e9kkal kedveskedtek egym\u00e1snak.<br \/>\nEzeken az \u00fcnnepnapokon cirkuszi mulats\u00e1gok, gladi\u00e1torj\u00e1t\u00e9kok \u00e9s felvonul\u00e1sok v\u00e1ltott\u00e1k egym\u00e1st, melyeket a bolondok \u00fcnnepe, a karnev\u00e1l \u00e9s m\u00e9g sok m\u00e1s \u00fcnnep \u0151s\u00e9nek tekintenek.<\/p>\n<p>A k\u00f6z\u00e9pkor \u2013 a pog\u00e1ny \u00fcnnep \u00e1talakul\u00e1sa<\/p>\n<p>A k\u00f6z\u00e9pkorban is jellemz\u0151 volt az \u00e1larcos, jelmezes felvonul\u00e1s. Az egyh\u00e1z ezen \u00fcnnepeket kereszt\u00e9ny jelent\u00e9ssel t\u00f6lt\u00f6tte meg. Bizonyos elemekben megtartott\u00e1k a Saturn\u00e1li\u00e1k jelleg\u00e9t, ami megadta a j\u00f3 hangulatot, jeleneteket rendeztek \u00e9s ugyan\u00fagy \u00e1llati jelmezeket is haszn\u00e1ltak a mulatoz\u00e1shoz.<br \/>\nSok eur\u00f3pai v\u00e1rosban v\u00e1rva v\u00e1rt esem\u00e9ny volt az \u00e1larcos felvonul\u00e1s. Megtartott\u00e1k a haj\u00f3 form\u00e1j\u00fa szekeret, amin mindenf\u00e9le maszkos \u00e9s jelmezes embereket k\u00f6zlekedtek. T\u00f6bb kocsi is volt, n\u00e9melyiken \u00f3ri\u00e1si figur\u00e1k utaztak. Firenz\u00e9ben a renesz\u00e1nsz idej\u00e9n az \u00e1larcosb\u00e1lok v\u00e9dn\u00f6ke Lorenzo II. Magnifico volt.<br \/>\nA farsang, mint elnevez\u00e9s ekkor alakult ki, mely a v\u00edzkeresztt\u0151l hamvaz\u00f3szerd\u00e1ig tartott. A sz\u00f3 a n\u00e9met \u201efasen\u201d sz\u00f3b\u00f3l sz\u00e1rmazik, amely \u201epajkoss\u00e1got \u0171zni\u201d-t jelent. Az utols\u00f3 h\u00e1rom napban a szabados mulatoz\u00e1s, lakm\u00e1roz\u00e1s, tivornya volt jellemz\u0151 a nagy b\u00f6jt\u00f6k el\u0151tt. Ekkoriban m\u00e9g nagyon vall\u00e1sosak voltak az emberek, de az \u00fcnnep alkalm\u00e1val elszabadulhattak a kereszt\u00e9ny k\u00f6tel\u00e9kekt\u0151l egy kis id\u0151re.<br \/>\nA maszk imm\u00e1ron Velence jelk\u00e9p\u00e9v\u00e9 v\u00e1lt. A farsang \u0151shaz\u00e1ja Olaszorsz\u00e1g, amit a r\u00f3mai kor Saturn\u00e1lia \u00f3ta \u0151riznek, fejlesztenek, alak\u00edtanak. Az egyh\u00e1z ellenezte kezdetekkor az \u00fcnnepet az elszabadult hangulat miatt, de a n\u00e9p kitartott, ez\u00e9rt a pog\u00e1ny hagyom\u00e1nyt ink\u00e1bb \u00e1talak\u00edtott\u00e1k kereszt\u00e9ny jelleg\u0171v\u00e9.<\/p>\n<p>A karnev\u00e1l maszkjai<\/p>\n<p>A karnev\u00e1lokon az emberek kezdetben nem csak felvonultak \u00e9s \u00e1larcot viseltek, hanem konfetti helyett vir\u00e1gokat \u00e9s cukorb\u00f3l vagy lisztb\u0151l k\u00e9sz\u00fclt goly\u00f3csk\u00e1kat sz\u00f3rtak az t\u00f6bbiekre \/innen sz\u00e1rmazik a konfetti\/, hanem \u00e1llatviadalokat is tartottak, valamint l\u00f3versenyeket is rendeztek.<br \/>\nA farsang t\u00f6rt\u00e9nete m\u00e9g r\u00e9gebbre ny\u00falik vissza, mint hinn\u00e9nk. A k\u00f6zt\u00e1rsas\u00e1g a cs\u00e1sz\u00e1rh\u0171 Ulrico p\u00e1tri\u00e1rka legy\u0151z\u00e9se \u00f3ta tart \u00fcnneps\u00e9geket a mai karnev\u00e1li id\u0151szakkal megegyez\u0151 id\u0151ben a Szent M\u00e1rk t\u00e9ren. Ebb\u0151l alakult ki a h\u00fashagy\u00f3 cs\u00fct\u00f6rt\u00f6k.<br \/>\nA legr\u00e9gebbi ebb\u0151l a korb\u00f3l fennmaradt \u00edr\u00e1s szerint 1094 \u00f3ta \u00fcnneplik a gy\u0151zelmeket, m\u00e9g Vitale Falier el\u00f6lj\u00e1r\u00f3 idej\u00e9n. Velence nagy \u00e9s befoly\u00e1sos tengeri hatalom volt akkoriban, \u00e9s mindig pazarul meg\u00fcnnepelte gy\u0151zelm\u00e9t. A h\u00fashagy\u00f3 \u00fcnnepet a 13. sz\u00e1zadban regisztr\u00e1lt\u00e1k hivatalos \u00fcnnepk\u00e9nt el\u0151sz\u00f6r.<\/p>\n<p>A maszk-k\u00e9sz\u00edt\u0151knek m\u00e1r eg\u00e9szen kor\u00e1n saj\u00e1t alcsoportjuk alakult ki a fest\u0151k c\u00e9h\u00e9n bel\u00fcl. Velenc\u00e9b\u0151l import\u00e1ltak maszkokat \u00e9s ruh\u00e1kat t\u00f6bb eur\u00f3pai \u00e1llamba, t\u00f6bbek k\u00f6z\u00f6tt M\u00e1ty\u00e1s kir\u00e1ly kor\u00e1ban Magyarorsz\u00e1gra is.<\/p>\n<p>Velence m\u00e1r a 18. sz\u00e1zadban a karnev\u00e1lok v\u00e1rosak\u00e9nt v\u00e1lt ismertt\u00e9. Megjelentek itt a turist\u00e1k, Eur\u00f3p\u00e1b\u00f3l egyre t\u00f6bb nemes volt k\u00edv\u00e1ncsi a karnev\u00e1lra, ahol kimulatt\u00e1k, kisz\u00f3rakozt\u00e1k magukat az utc\u00e1kon \u00e9s sz\u00f3rakoz\u00f3 helyeken.<\/p>\n<p>\u00c9rdekess\u00e9g, hogy titkokban m\u00e9g Ferenc J\u00f3zsef, Ausztria cs\u00e1sz\u00e1ra is tisztelet\u00e9t tette az 1869-ben rendezett fesztiv\u00e1lon, a Tron \u00e9s Rezzonico csal\u00e1dok vend\u00e9ge volt.<br \/>\nK\u00e9s\u0151bb a k\u00f6zt\u00e1rsas\u00e1g megbukott \u00e9s elfeledt\u00e9k az \u00fcnnepet, de szerencs\u00e9re a 20. sz\u00e1zad v\u00e9ge fel\u00e9 \u00fajra fel\u00e9ledtek a hagyom\u00e1nyok. 1979. \u00f3ta \u00fajra l\u00e9tezik a Velencei karnev\u00e1l, ism\u00e9t rengeteg ember l\u00e1togatja az esem\u00e9nyt, ami m\u00e1ra m\u00e1r \u00fajra vil\u00e1gh\u00edr\u0171v\u00e9 v\u00e1lt. A karnev\u00e1l alatt visszat\u00e9r Velence nagyvil\u00e1gi szalonokat id\u00e9z\u0151 hangulata. A rendezv\u00e9nyeken, ami a vil\u00e1g legrangosabb esem\u00e9nyei k\u00f6z\u00e9 tartozik, nagyj\u00e1b\u00f3l 500.000 turista teszi minden alkalommal tisztelet\u00e9t .<\/p>\n<p>Ha r\u00e9szt szeretn\u00e9nk venni a fesztiv\u00e1lon, \u00e9rdemes h\u00f3napokkal el\u0151tte rendezni a sz\u00e1ll\u00e1sunkat, ugyanis n\u00e9h\u00e1ny h\u00e9ttel k\u00e9s\u0151bb csak 10-20 kilom\u00e9terre az esem\u00e9nyek csom\u00f3pontj\u00e1t\u00f3l kapunk megfelel\u0151 helyet.<\/p>\n<p>T\u00f6rv\u00e9nyi szab\u00e1lyoz\u00e1sok<\/p>\n<p>A t\u00f6rv\u00e9nyek szigora a karnev\u00e1l ideje alatt v\u00e1ltoz\u00f3 volt. Az Adriai K\u00f6zt\u00e1rsas\u00e1g nem tiltott semmit, gyakorlatilag szinte b\u00e1rmit megengedhettek maguknak a maszkos, \u00e1lruh\u00e1s alakok. Minden szalonb\u00f3l, k\u00e1v\u00e9z\u00f3b\u00f3l \u00e9s egy\u00e9b sz\u00f3rakoz\u00f3helyr\u0151l hangos l\u00e1rm\u00e1z\u00e1s, \u00fcv\u00f6lt\u00f6z\u00e9s hallatszott ki. Ilyenkor k\u00f6telez\u0151 volt maszkot viselni, amit pap\u00edrb\u00f3l k\u00e9sz\u00edtettek \u00e9s m\u00e1r akkor cicom\u00e1ztak, kifestettek.<br \/>\nAz \u00e1larc nem csak sz\u00f3rakoz\u00e1sra volt j\u00f3. Volt, aki vissza\u00e9lt a helyzettel \u00e9s fegyvert tartott mag\u00e1n\u00e1l, nem lehetett felismerni a hulig\u00e1nokat \u00e9s a szerencsevad\u00e1szokat, csal\u00f3kat. A kaszin\u00f3k nem engedt\u00e9k a maszkvisel\u00e9st \u00e9rthet\u0151 okokb\u00f3l, mivel maszkban k\u00f6nny\u0171 volt elb\u00fajni a hitelez\u0151k el\u0151l.<br \/>\nAz \u00e1larc szab\u00e1lyoz\u00e1s\u00e1ra el\u0151sz\u00f6r 1268-ban hoztak t\u00f6rv\u00e9nyt. A Serenissima, Velence h\u00edrhedt, kem\u00e9nykez\u0171 tan\u00e1csa vezette be, tiltotta a \u201etoj\u00e1sj\u00e1t\u00e9k gyakorl\u00e1s\u00e1t\u201d.<\/p>\n<p>A leg\u00e9rdekesebb szab\u00e1lyoz\u00e1s 1467-b\u0151l, a v\u00e1ros f\u0151tan\u00e1cs\u00e1t\u00f3l sz\u00e1rmazik, melyben megtiltja a f\u00e9rfiaknak, hogy n\u0151nek \u00f6lt\u00f6zve bel\u00e9pjenek az ap\u00e1caz\u00e1rda ter\u00fclet\u00e9re.<\/p>\n<p>1502-ig kellett v\u00e1rni a fegyveres \u00e1larcos emberek rendszab\u00e1lyoz\u00e1s\u00e1ra, ami kimondja, hogy nem lehet maszkot \u00e9s fegyvert egyszerre viselni. Tov\u00e1bb\u00e1 fegyverrel \/vagy annak l\u00e1tsz\u00f3 t\u00e1rggyal\/ nem lehet templomot l\u00e1togatni. N\u00e9h\u00e1ny \u00e9vente be is tiltott\u00e1k a fegyverek visel\u00e9s\u00e9t.<\/p>\n<p>Az egyetlen maszk, amit szinte sohasem korl\u00e1toztak az a bauta, ami csak a f\u00e9l arcot takarja el. Praktikus is, hiszen nem kell levenni, ha enni-inni akar valaki.<br \/>\nA t\u00f6rv\u00e9nyeket persze nem volt k\u00f6nny\u0171 betartatni, hi\u00e1ba a szigor, az \u00fcnnepi hangulatban nem foglalkozott vele a sz\u00f3rakozni v\u00e1gy\u00f3 t\u00f6meg. Ugyanazokat a t\u00f6rv\u00e9nyeket hozt\u00e1k meg \u00e9vr\u0151l \u00e9vre 1789-ig, de tulajdonk\u00e9ppen eg\u00e9szen a m\u00e1sodik vil\u00e1gh\u00e1bor\u00faig foglalkoztak vele.<\/p>\n<p>Commedia dell\u2019Arte<\/p>\n<p>Ki ne hallott volna a Reality sorozatokr\u00f3l, ahol a sz\u00edn\u00e9szek csak a szitu\u00e1ci\u00f3t kapj\u00e1k meg, a sz\u00f6veget nekik kell kital\u00e1lni, vagy nagyj\u00e1b\u00f3l el\u0151adni? Ez a fajta sz\u00ednj\u00e1tsz\u00e1s m\u00e9g a 16-17. sz\u00e1zadban fejl\u0151d\u00f6tt ki a francia klasszicista dr\u00e1m\u00e1k f\u00e9nykor\u00e1ban. Olaszorsz\u00e1gb\u00f3l indult \u00e9s nagyon gyorsan elterjedt eg\u00e9sz Eur\u00f3p\u00e1ban.<\/p>\n<p>A sz\u00edn\u00e9szek csak \u201ecarnovaccio\u201d-t kaptak, ami nem tartalmazott el\u0151re meg\u00edrt sz\u00f6veget, csak a cselekm\u00e9nyt \u00e9s a benne foglalt fordulatokat, amiket el kell j\u00e1tszani. A p\u00e1rbesz\u00e9deket \u00e9s a sz\u00f6vegeket a sz\u00edn\u00e9szek tal\u00e1lt\u00e1k ki. Ebb\u0151l rengeteg kom\u00e9dia sz\u00fcletett, sosem volt ugyanaz. Folyamatos r\u00f6gt\u00f6nz\u00e9sek, mindig m\u00e1s sz\u00edn\u00e9szek. \u00c1lland\u00f3s\u00e1g\u00e1t csak a maszkok \u00e9s a ruh\u00e1k tartott\u00e1k meg, \u00e9s a benne megjelen\u0151 hagyom\u00e1nyos \u00e1lland\u00f3 jellemek, melyek mint\u00e1j\u00e1t a val\u00f3 \u00e9letb\u0151l vett\u00e9k, kiss\u00e9 elt\u00falozva, ahogy a kom\u00e9di\u00e1ra jellemz\u0151. A legjellemz\u0151bb karakterek k\u00f6z\u00e9 tartozott a gazdag, de zsugori \u00f6reg, a g\u0151g\u00f6s hetvenked\u0151, egy esetlen hivatalnok \u00e9s persze egy szerelmes fi\u00fa. Nem a l\u00e1tv\u00e1ny volt a fontos, hanem a gesztusokra \u00e9p\u00edtettek. Ol\u00edannyira meghat\u00e1roz\u00f3 volt az irodalom \u00e9s sz\u00ednj\u00e1tsz\u00e1s sz\u00e1m\u00e1ra ez a hagyom\u00e1nyra \u00e9p\u00fcl\u0151, nem t\u00fal kifinomult, de ann\u00e1l \u00e9rdekesebb m\u0171faj, t\u00f6bbek k\u00f6zt m\u00e9g Molierre is hatott a commedia dell\u2019arte var\u00e1zsa.<\/p>\n<p>N\u00e9h\u00e1ny jelenetben n\u00e9maj\u00e1t\u00e9kot helyzetek, ebb\u0151l alakult ki a mai pantomim. Angli\u00e1ban a 18. sz\u00e1zadban megsz\u00fcletett az \u00f6n\u00e1ll\u00f3 harlequinade(a v\u00e1laszt\u00e9kosabb besz\u00e9d\u0171eknek, a franci\u00e1b\u00f3l) vagy harlekin\u00e1d n\u00e9maj\u00e1t\u00e9k, amiben Harlekin \u00e9s Colobbine komikus epiz\u00f3djai k\u00e9sz\u00fcltek, amikben kifigur\u00e1zt\u00e1k a komoly darabokat.<\/p>\n<p>Ki ne ismern\u00e9 Pierrot feh\u00e9r arc\u00e1r\u00f3l, b\u0151 ruh\u00e1zat\u00e1r\u00f3l? \u0150 egyike a nagy m\u00falt\u00fa, legend\u00e1s sz\u00ednpadi alakoknak, akik irodalmi, k\u00e9pz\u0151m\u0171v\u00e9szeti s\u00edkokon is megjelentek. Eredetileg Pedlolino n\u00e9ven ismert\u00e9k Olaszorsz\u00e1gban, ahol szolgakaraktere volt, feh\u00e9r arc\u00e1t \u00e9s ruh\u00e1zat\u00e1t a francia sz\u00ednpadokon kapta.<\/p>\n<p>Tradicion\u00e1lis figur\u00e1k, \u00f6lt\u00f6zetek<\/p>\n<p>A velencei karnev\u00e1l h\u00edres \u00e9s tradicion\u00e1lis viselete a maschera-\u00f6lt\u00f6z\u00e9k, amely legt\u00f6bbsz\u00f6r fekete selyemk\u00f6p\u00f6nyeg, a fejen fekete csipk\u00e9b\u0151l k\u00e1mzs\u00e1t viselnek, amit f\u00e9l maszkkal hordanak(ezt nevezik baut\u00e1nak). Ezt m\u00e1r egy 1790-es it\u00e1liai \u00fatle\u00edr\u00e1s is megeml\u00edti. Az arc szabadon maradt r\u00e9sz\u00e9n feh\u00e9r maszkot hordanak, ami a sz\u00e1jat szabadon hagyja. Ezt a feh\u00e9r maszkot voltonnak h\u00edvj\u00e1k, ami az arcot b\u00e1r elfedi, de enni-inni lehet t\u0151le. Az eg\u00e9szet egy d\u00edszes kalap tartja, melyen tollbokr\u00e9ta \u00e9keskedik.<\/p>\n<p>A maszkokr\u00f3l egy p\u00e1r sz\u00f3t.<\/p>\n<p>M\u00e1ra rengeteg maszk k\u00f6z\u00fcl lehet v\u00e1lasztani 5-3ja0 eur\u00f3 k\u00f6z\u00f6tt. Aki egyedit szeretne, csak festessen mag\u00e1ra az utcai arcfest\u0151kkel. Ha k\u00fcl\u00f6nleges ruh\u00e1t szeretn\u00e9nk, az is megoldhat\u00f3, persze csak m\u00e9regdr\u00e1g\u00e1n.<\/p>\n<p>Arlecchino: A maszkok k\u00f6z\u00fcl a legn\u00e9pszer\u0171bb, vid\u00e1m karakter. A kezdetekkor foltos \u00e9s rongyos ruh\u00e1kban \u201epomp\u00e1zott\u201d, de napjainkban sz\u00ednes, fodros form\u00e1kk\u00e1 alak\u00edtott\u00e1k. A maszk fekete, a homlok\u00e1n v\u00f6r\u00f6s folt egy k\u00e9sel\u00e9sre utal. Legink\u00e1bb butas\u00e1g\u00e1t \u00e9s moh\u00f3s\u00e1g\u00e1t emelik ki. A kom\u00e9di\u00e1ban \u00fcgyetlen figura, aki probl\u00e9m\u00e1kat okoz gazd\u00e1j\u00e1nak.<\/p>\n<p>Brighella: Gyakori kom\u00e9di\u00e1s figura, a karakter kapzsi \u00e9s fukar. Egyszer\u0171, feh\u00e9r ruh\u00e1ban jelenik meg. Cselsz\u00f6v\u0151, p\u00e9nz\u00e9hes \u00e9s spiritu\u00e1lis hatalomra v\u00e1gyik. Sokszor szolgak\u00e9nt \u00e1br\u00e1zolj\u00e1k.<\/p>\n<p>Burattino: kevesebbet szerepel, mint el\u0151dei, gyors, okos figura, de egyszer\u0171 emberke. \u00c1ltal\u00e1ban szolga vagy k\u00f6zember.<\/p>\n<p>Capitano: Nagy mes\u00e9l\u0151, szeret h\u0151sk\u00f6dni, de vpal\u00f3j\u00e1ban gy\u00e1va alak. Jellegzetes tollas kalap, csizma, kard \u00e9s k\u00f6peny.<\/p>\n<p>Colombina: Komikous szolga. Rongyos ruh\u00e1ja van, szemk\u00f6r\u00fcli cifra fest\u00e9k jellemzi, \u00e9s mindig van n\u00e1la egy dob. Szerelmi konfliktusok \u00e9s cselsz\u00f6v\u00e9sek jellemzik.<\/p>\n<p>Dottore: Egy gazdaghak egy eur\u00f3 a k\u00f6zleked\u00e9s, viszont cser\u00e9be 75 percig utazhatunk, m\u00e9g a k\u00f6zeli kisv\u00e1rosokba is! Napijegy \u00e9s turistajegy sznint\u00e9n van. J\u00f3 az infrastrukt\u00fara, j\u00f3 \u00fatjaik vannak \u00e9s remek a vas\u00fath\u00e1l\u00f3zat is.<\/p>\n<p><em>\/Forr\u00e1s: Travelorigo Utaz\u00e1si Iroda honlapja\/<\/em><\/p>\n","protected":false},"excerpt":{"rendered":"<p>Vil\u00e1gszerte alig akad ember, aki ne ismern\u00e9 a lag\u00fan\u00e1k v\u00e1ros\u00e1ban tartott, a v\u00e1rosr\u00f3l elnevezett Velencei karnev\u00e1lt, mely az olaszok egyik \u0151si hagyom\u00e1nya \u00e9s mindm\u00e1ig fontos esem\u00e9ny. Csod\u00e1latos \u00e9s izgalmas, a hangulat egyre csak fokoz\u00f3dik, eg\u00e9szen a karnev\u00e1l utols\u00f3 napj\u00e1ig, h\u00fashagy\u00f3 keddig. A Ri\u00f3i karnev\u00e1llal \u00f6sszehasonl\u00edtva azt mondhatjuk, hogy a Ri\u00f3i l\u00e1tv\u00e1nyos, a velencei a sz\u00f3 szoros \u00e9rtelm\u00e9ben sz\u00e9p. \u00c1ltal\u00e1ban a Ri\u00f3i karnev\u00e1l a hangos, t\u00falf\u0171t\u00f6tt ereszdelahajamr\u00f3l sz\u00f3l, m\u00e9g a Velencei karnev\u00e1l ink\u00e1bb egy \u00f6sszeszedettebb, megkompon\u00e1ltabb m\u0171faj. A Velencei karnev\u00e1l t\u00f6rt\u00e9nete. A r\u00e9gi id\u0151k D\u00e9l-Eur\u00f3p\u00e1j\u00e1ban a farsang az egyik legnagyobb esem\u00e9nynek sz\u00e1m\u00edtott. Janu\u00e1rban kezd\u0151d\u00f6tt a farsangi id\u0151szak, mely alatt szinte minden megengedett volt. A h\u00f6lgyek toj\u00e1ssal dob\u00e1lhatt\u00e1k a felvonul\u00f3 t\u00f6meget, frissel a sz\u00e9p n\u0151ket, megz\u00e1pulttal a cs\u00fany\u00e1kat, az \u00e1larcosoknak szabad volt berontani mag\u00e1nh\u00e1zakhoz. Az eg\u00e9sz egy hatalmas sz\u00ednj\u00e1t\u00e9k, melyben mindent szabad, melynek n\u00e9z\u0151k\u00f6z\u00f6ns\u00e9ge szerves r\u00e9sztvev\u0151je az esem\u00e9nyeknek. A h\u00fashagy\u00f3 cs\u00fct\u00f6rt\u00f6k\u00f6n tartott f\u0151\u00fcnneps\u00e9get a Piazza San Marcon (Szent M\u00e1rk T\u00e9r) Velence h\u00edres f\u0151ter\u00e9n rendezt\u00e9k, a szabad \u00e9g alatt. A v\u00e1ros egy r\u00e9sz\u00e9n \u00e1tvonulva ide \u00e9rkezett a felvonul\u00f3 t\u00f6meg, \u00e9l\u00fck\u00f6n vir\u00e1gkoszor\u00faval d\u00edsz\u00edtett \u00f6kr\u00f6kkel. Ezeket az \u00e1llatokat, a f\u0151t\u00e9rre \u00e9rve, a d\u00f3zse el\u0151tt, egy nagyobb m\u00e9ret\u0171, \u00e9les \u00e9s sz\u00e9les peng\u00e9j\u0171 kard egyetlen csap\u00e1s\u00e1val lefejezt\u00e9k. A karnev\u00e1l sok r\u00e9szletet meg\u0151rz\u00f6tt a r\u00e9gi hagyom\u00e1nyb\u00f3l, n\u00e9melyiket kiss\u00e9 \u00e1talak\u00edtva, de a jelk\u00e9pes momentumok megmaradtak. Hagyom\u00e1nyosan a d\u00f3zse \u00e9s vend\u00e9gei a palota erk\u00e9ly\u00e9r\u0151l \u00fcdv\u00f6zlik a t\u00f6meget, majd megsz\u00f3lalnak a harson\u00e1k, \u00e9s t\u00f6bb sz\u00e1z l\u00e9gg\u00f6mb\u00f6t engednek a magasba, melynek hat\u00e1s\u00e1ra az \u00e9g megtelik mozg\u00e1ssal, sz\u00ednekkel, mintha eg\u00e9sz Velence bolydult volna fel, mindenest\u00fcl. R\u00e9gebben egy fiatal k\u00f6t\u00e9lt\u00e1ncos vakmer\u0151 produkci\u00f3ja k\u00f6vetkezett, mikoris v\u00e9gighaladt egy a harangtorony \u00e9s D\u00f3zse-palota k\u00f6z\u00f6tt kifesz\u00edtett k\u00f6t\u00e9len. M\u00e1ra jelk\u00e9pesen a k\u00f6t\u00e9lt\u00e1ncos helyett egy gipszb\u0151l k\u00e9sz\u00fclt galamb cs\u00faszik \u00e1t lassan dr\u00f3tk\u00f6t\u00e9len a Campanile (A Szent M\u00e1rk bazilika k\u00fcl\u00f6n\u00e1ll\u00f3 harangtornya) \u00e9s Palazzo Ducale egyik oszlopa k\u00f6z\u00f6tt. K\u00f6zben az emberek azt ki\u00e1ltozz\u00e1k \u201eViva Venezia! Ciao Venezia!\u201d Majd a magasban a Colombiana,&#8230; <\/p>\n<p><a class=\"readmore\" href=\"https:\/\/stuttgarti-katolikusok.de\/index.php\/velencei-karneval-tortenete\/\">R\u00e9szletek<\/a><\/p>\n","protected":false},"author":3,"featured_media":0,"comment_status":"closed","ping_status":"closed","sticky":false,"template":"","format":"standard","meta":{"footnotes":""},"categories":[1],"tags":[],"class_list":["post-11263","post","type-post","status-publish","format-standard","hentry","category-valogatott"],"yoast_head":"<!-- This site is optimized with the Yoast SEO plugin v27.3 - https:\/\/yoast.com\/product\/yoast-seo-wordpress\/ -->\n<title>Velencei karnev\u00e1l t\u00f6rt\u00e9nete - Stuttgarti Katolikusok<\/title>\n<meta name=\"robots\" content=\"index, follow, max-snippet:-1, max-image-preview:large, max-video-preview:-1\" \/>\n<link rel=\"canonical\" href=\"https:\/\/stuttgarti-katolikusok.de\/index.php\/velencei-karneval-tortenete\/\" \/>\n<meta property=\"og:locale\" content=\"hu_HU\" \/>\n<meta property=\"og:type\" content=\"article\" \/>\n<meta property=\"og:title\" content=\"Velencei karnev\u00e1l t\u00f6rt\u00e9nete - Stuttgarti Katolikusok\" \/>\n<meta property=\"og:description\" content=\"Vil\u00e1gszerte alig akad ember, aki ne ismern\u00e9 a lag\u00fan\u00e1k v\u00e1ros\u00e1ban tartott, a v\u00e1rosr\u00f3l elnevezett Velencei karnev\u00e1lt, mely az olaszok egyik \u0151si hagyom\u00e1nya \u00e9s mindm\u00e1ig fontos esem\u00e9ny. Csod\u00e1latos \u00e9s izgalmas, a hangulat egyre csak fokoz\u00f3dik, eg\u00e9szen a karnev\u00e1l utols\u00f3 napj\u00e1ig, h\u00fashagy\u00f3 keddig. A Ri\u00f3i karnev\u00e1llal \u00f6sszehasonl\u00edtva azt mondhatjuk, hogy a Ri\u00f3i l\u00e1tv\u00e1nyos, a velencei a sz\u00f3 szoros \u00e9rtelm\u00e9ben sz\u00e9p. \u00c1ltal\u00e1ban a Ri\u00f3i karnev\u00e1l a hangos, t\u00falf\u0171t\u00f6tt ereszdelahajamr\u00f3l sz\u00f3l, m\u00e9g a Velencei karnev\u00e1l ink\u00e1bb egy \u00f6sszeszedettebb, megkompon\u00e1ltabb m\u0171faj. A Velencei karnev\u00e1l t\u00f6rt\u00e9nete. A r\u00e9gi id\u0151k D\u00e9l-Eur\u00f3p\u00e1j\u00e1ban a farsang az egyik legnagyobb esem\u00e9nynek sz\u00e1m\u00edtott. Janu\u00e1rban kezd\u0151d\u00f6tt a farsangi id\u0151szak, mely alatt szinte minden megengedett volt. A h\u00f6lgyek toj\u00e1ssal dob\u00e1lhatt\u00e1k a felvonul\u00f3 t\u00f6meget, frissel a sz\u00e9p n\u0151ket, megz\u00e1pulttal a cs\u00fany\u00e1kat, az \u00e1larcosoknak szabad volt berontani mag\u00e1nh\u00e1zakhoz. Az eg\u00e9sz egy hatalmas sz\u00ednj\u00e1t\u00e9k, melyben mindent szabad, melynek n\u00e9z\u0151k\u00f6z\u00f6ns\u00e9ge szerves r\u00e9sztvev\u0151je az esem\u00e9nyeknek. A h\u00fashagy\u00f3 cs\u00fct\u00f6rt\u00f6k\u00f6n tartott f\u0151\u00fcnneps\u00e9get a Piazza San Marcon (Szent M\u00e1rk T\u00e9r) Velence h\u00edres f\u0151ter\u00e9n rendezt\u00e9k, a szabad \u00e9g alatt. A v\u00e1ros egy r\u00e9sz\u00e9n \u00e1tvonulva ide \u00e9rkezett a felvonul\u00f3 t\u00f6meg, \u00e9l\u00fck\u00f6n vir\u00e1gkoszor\u00faval d\u00edsz\u00edtett \u00f6kr\u00f6kkel. Ezeket az \u00e1llatokat, a f\u0151t\u00e9rre \u00e9rve, a d\u00f3zse el\u0151tt, egy nagyobb m\u00e9ret\u0171, \u00e9les \u00e9s sz\u00e9les peng\u00e9j\u0171 kard egyetlen csap\u00e1s\u00e1val lefejezt\u00e9k. A karnev\u00e1l sok r\u00e9szletet meg\u0151rz\u00f6tt a r\u00e9gi hagyom\u00e1nyb\u00f3l, n\u00e9melyiket kiss\u00e9 \u00e1talak\u00edtva, de a jelk\u00e9pes momentumok megmaradtak. Hagyom\u00e1nyosan a d\u00f3zse \u00e9s vend\u00e9gei a palota erk\u00e9ly\u00e9r\u0151l \u00fcdv\u00f6zlik a t\u00f6meget, majd megsz\u00f3lalnak a harson\u00e1k, \u00e9s t\u00f6bb sz\u00e1z l\u00e9gg\u00f6mb\u00f6t engednek a magasba, melynek hat\u00e1s\u00e1ra az \u00e9g megtelik mozg\u00e1ssal, sz\u00ednekkel, mintha eg\u00e9sz Velence bolydult volna fel, mindenest\u00fcl. R\u00e9gebben egy fiatal k\u00f6t\u00e9lt\u00e1ncos vakmer\u0151 produkci\u00f3ja k\u00f6vetkezett, mikoris v\u00e9gighaladt egy a harangtorony \u00e9s D\u00f3zse-palota k\u00f6z\u00f6tt kifesz\u00edtett k\u00f6t\u00e9len. M\u00e1ra jelk\u00e9pesen a k\u00f6t\u00e9lt\u00e1ncos helyett egy gipszb\u0151l k\u00e9sz\u00fclt galamb cs\u00faszik \u00e1t lassan dr\u00f3tk\u00f6t\u00e9len a Campanile (A Szent M\u00e1rk bazilika k\u00fcl\u00f6n\u00e1ll\u00f3 harangtornya) \u00e9s Palazzo Ducale egyik oszlopa k\u00f6z\u00f6tt. K\u00f6zben az emberek azt ki\u00e1ltozz\u00e1k \u201eViva Venezia! Ciao Venezia!\u201d Majd a magasban a Colombiana,... R\u00e9szletek\" \/>\n<meta property=\"og:url\" content=\"https:\/\/stuttgarti-katolikusok.de\/index.php\/velencei-karneval-tortenete\/\" \/>\n<meta property=\"og:site_name\" content=\"Stuttgarti Katolikusok\" \/>\n<meta property=\"article:published_time\" content=\"2017-02-13T21:55:29+00:00\" \/>\n<meta property=\"article:modified_time\" content=\"2019-10-23T10:46:11+00:00\" \/>\n<meta name=\"author\" content=\"Tibor atya\" \/>\n<meta name=\"twitter:card\" content=\"summary_large_image\" \/>\n<meta name=\"twitter:label1\" content=\"Szerz\u0151:\" \/>\n\t<meta name=\"twitter:data1\" content=\"Tibor atya\" \/>\n\t<meta name=\"twitter:label2\" content=\"Becs\u00fclt olvas\u00e1si id\u0151\" \/>\n\t<meta name=\"twitter:data2\" content=\"16 perc\" \/>\n<script type=\"application\/ld+json\" class=\"yoast-schema-graph\">{\"@context\":\"https:\\\/\\\/schema.org\",\"@graph\":[{\"@type\":\"Article\",\"@id\":\"https:\\\/\\\/stuttgarti-katolikusok.de\\\/index.php\\\/velencei-karneval-tortenete\\\/#article\",\"isPartOf\":{\"@id\":\"https:\\\/\\\/stuttgarti-katolikusok.de\\\/index.php\\\/velencei-karneval-tortenete\\\/\"},\"author\":{\"name\":\"Tibor atya\",\"@id\":\"https:\\\/\\\/stuttgarti-katolikusok.de\\\/#\\\/schema\\\/person\\\/75908d6f8fdc03a57889d27209df7795\"},\"headline\":\"Velencei karnev\u00e1l t\u00f6rt\u00e9nete\",\"datePublished\":\"2017-02-13T21:55:29+00:00\",\"dateModified\":\"2019-10-23T10:46:11+00:00\",\"mainEntityOfPage\":{\"@id\":\"https:\\\/\\\/stuttgarti-katolikusok.de\\\/index.php\\\/velencei-karneval-tortenete\\\/\"},\"wordCount\":3264,\"articleSection\":[\"V\u00e1logatott \u00edr\u00e1sok\"],\"inLanguage\":\"hu\"},{\"@type\":\"WebPage\",\"@id\":\"https:\\\/\\\/stuttgarti-katolikusok.de\\\/index.php\\\/velencei-karneval-tortenete\\\/\",\"url\":\"https:\\\/\\\/stuttgarti-katolikusok.de\\\/index.php\\\/velencei-karneval-tortenete\\\/\",\"name\":\"Velencei karnev\u00e1l t\u00f6rt\u00e9nete - Stuttgarti Katolikusok\",\"isPartOf\":{\"@id\":\"https:\\\/\\\/stuttgarti-katolikusok.de\\\/#website\"},\"datePublished\":\"2017-02-13T21:55:29+00:00\",\"dateModified\":\"2019-10-23T10:46:11+00:00\",\"author\":{\"@id\":\"https:\\\/\\\/stuttgarti-katolikusok.de\\\/#\\\/schema\\\/person\\\/75908d6f8fdc03a57889d27209df7795\"},\"breadcrumb\":{\"@id\":\"https:\\\/\\\/stuttgarti-katolikusok.de\\\/index.php\\\/velencei-karneval-tortenete\\\/#breadcrumb\"},\"inLanguage\":\"hu\",\"potentialAction\":[{\"@type\":\"ReadAction\",\"target\":[\"https:\\\/\\\/stuttgarti-katolikusok.de\\\/index.php\\\/velencei-karneval-tortenete\\\/\"]}]},{\"@type\":\"BreadcrumbList\",\"@id\":\"https:\\\/\\\/stuttgarti-katolikusok.de\\\/index.php\\\/velencei-karneval-tortenete\\\/#breadcrumb\",\"itemListElement\":[{\"@type\":\"ListItem\",\"position\":1,\"name\":\"Kezd\u0151lap\",\"item\":\"https:\\\/\\\/stuttgarti-katolikusok.de\\\/\"},{\"@type\":\"ListItem\",\"position\":2,\"name\":\"Velencei karnev\u00e1l t\u00f6rt\u00e9nete\"}]},{\"@type\":\"WebSite\",\"@id\":\"https:\\\/\\\/stuttgarti-katolikusok.de\\\/#website\",\"url\":\"https:\\\/\\\/stuttgarti-katolikusok.de\\\/\",\"name\":\"Stuttgarti Katolikusok\",\"description\":\"\",\"potentialAction\":[{\"@type\":\"SearchAction\",\"target\":{\"@type\":\"EntryPoint\",\"urlTemplate\":\"https:\\\/\\\/stuttgarti-katolikusok.de\\\/?s={search_term_string}\"},\"query-input\":{\"@type\":\"PropertyValueSpecification\",\"valueRequired\":true,\"valueName\":\"search_term_string\"}}],\"inLanguage\":\"hu\"},{\"@type\":\"Person\",\"@id\":\"https:\\\/\\\/stuttgarti-katolikusok.de\\\/#\\\/schema\\\/person\\\/75908d6f8fdc03a57889d27209df7795\",\"name\":\"Tibor atya\",\"image\":{\"@type\":\"ImageObject\",\"inLanguage\":\"hu\",\"@id\":\"https:\\\/\\\/secure.gravatar.com\\\/avatar\\\/61d268e57d1f4525b111222e29d2d5a7f8c420fdbf231ba5566a8ceac74fa960?s=96&d=mm&r=g\",\"url\":\"https:\\\/\\\/secure.gravatar.com\\\/avatar\\\/61d268e57d1f4525b111222e29d2d5a7f8c420fdbf231ba5566a8ceac74fa960?s=96&d=mm&r=g\",\"contentUrl\":\"https:\\\/\\\/secure.gravatar.com\\\/avatar\\\/61d268e57d1f4525b111222e29d2d5a7f8c420fdbf231ba5566a8ceac74fa960?s=96&d=mm&r=g\",\"caption\":\"Tibor atya\"},\"url\":\"https:\\\/\\\/stuttgarti-katolikusok.de\\\/index.php\\\/author\\\/tibor-atya\\\/\"}]}<\/script>\n<!-- \/ Yoast SEO plugin. -->","yoast_head_json":{"title":"Velencei karnev\u00e1l t\u00f6rt\u00e9nete - Stuttgarti Katolikusok","robots":{"index":"index","follow":"follow","max-snippet":"max-snippet:-1","max-image-preview":"max-image-preview:large","max-video-preview":"max-video-preview:-1"},"canonical":"https:\/\/stuttgarti-katolikusok.de\/index.php\/velencei-karneval-tortenete\/","og_locale":"hu_HU","og_type":"article","og_title":"Velencei karnev\u00e1l t\u00f6rt\u00e9nete - Stuttgarti Katolikusok","og_description":"Vil\u00e1gszerte alig akad ember, aki ne ismern\u00e9 a lag\u00fan\u00e1k v\u00e1ros\u00e1ban tartott, a v\u00e1rosr\u00f3l elnevezett Velencei karnev\u00e1lt, mely az olaszok egyik \u0151si hagyom\u00e1nya \u00e9s mindm\u00e1ig fontos esem\u00e9ny. Csod\u00e1latos \u00e9s izgalmas, a hangulat egyre csak fokoz\u00f3dik, eg\u00e9szen a karnev\u00e1l utols\u00f3 napj\u00e1ig, h\u00fashagy\u00f3 keddig. A Ri\u00f3i karnev\u00e1llal \u00f6sszehasonl\u00edtva azt mondhatjuk, hogy a Ri\u00f3i l\u00e1tv\u00e1nyos, a velencei a sz\u00f3 szoros \u00e9rtelm\u00e9ben sz\u00e9p. \u00c1ltal\u00e1ban a Ri\u00f3i karnev\u00e1l a hangos, t\u00falf\u0171t\u00f6tt ereszdelahajamr\u00f3l sz\u00f3l, m\u00e9g a Velencei karnev\u00e1l ink\u00e1bb egy \u00f6sszeszedettebb, megkompon\u00e1ltabb m\u0171faj. A Velencei karnev\u00e1l t\u00f6rt\u00e9nete. A r\u00e9gi id\u0151k D\u00e9l-Eur\u00f3p\u00e1j\u00e1ban a farsang az egyik legnagyobb esem\u00e9nynek sz\u00e1m\u00edtott. Janu\u00e1rban kezd\u0151d\u00f6tt a farsangi id\u0151szak, mely alatt szinte minden megengedett volt. A h\u00f6lgyek toj\u00e1ssal dob\u00e1lhatt\u00e1k a felvonul\u00f3 t\u00f6meget, frissel a sz\u00e9p n\u0151ket, megz\u00e1pulttal a cs\u00fany\u00e1kat, az \u00e1larcosoknak szabad volt berontani mag\u00e1nh\u00e1zakhoz. Az eg\u00e9sz egy hatalmas sz\u00ednj\u00e1t\u00e9k, melyben mindent szabad, melynek n\u00e9z\u0151k\u00f6z\u00f6ns\u00e9ge szerves r\u00e9sztvev\u0151je az esem\u00e9nyeknek. A h\u00fashagy\u00f3 cs\u00fct\u00f6rt\u00f6k\u00f6n tartott f\u0151\u00fcnneps\u00e9get a Piazza San Marcon (Szent M\u00e1rk T\u00e9r) Velence h\u00edres f\u0151ter\u00e9n rendezt\u00e9k, a szabad \u00e9g alatt. A v\u00e1ros egy r\u00e9sz\u00e9n \u00e1tvonulva ide \u00e9rkezett a felvonul\u00f3 t\u00f6meg, \u00e9l\u00fck\u00f6n vir\u00e1gkoszor\u00faval d\u00edsz\u00edtett \u00f6kr\u00f6kkel. Ezeket az \u00e1llatokat, a f\u0151t\u00e9rre \u00e9rve, a d\u00f3zse el\u0151tt, egy nagyobb m\u00e9ret\u0171, \u00e9les \u00e9s sz\u00e9les peng\u00e9j\u0171 kard egyetlen csap\u00e1s\u00e1val lefejezt\u00e9k. A karnev\u00e1l sok r\u00e9szletet meg\u0151rz\u00f6tt a r\u00e9gi hagyom\u00e1nyb\u00f3l, n\u00e9melyiket kiss\u00e9 \u00e1talak\u00edtva, de a jelk\u00e9pes momentumok megmaradtak. Hagyom\u00e1nyosan a d\u00f3zse \u00e9s vend\u00e9gei a palota erk\u00e9ly\u00e9r\u0151l \u00fcdv\u00f6zlik a t\u00f6meget, majd megsz\u00f3lalnak a harson\u00e1k, \u00e9s t\u00f6bb sz\u00e1z l\u00e9gg\u00f6mb\u00f6t engednek a magasba, melynek hat\u00e1s\u00e1ra az \u00e9g megtelik mozg\u00e1ssal, sz\u00ednekkel, mintha eg\u00e9sz Velence bolydult volna fel, mindenest\u00fcl. R\u00e9gebben egy fiatal k\u00f6t\u00e9lt\u00e1ncos vakmer\u0151 produkci\u00f3ja k\u00f6vetkezett, mikoris v\u00e9gighaladt egy a harangtorony \u00e9s D\u00f3zse-palota k\u00f6z\u00f6tt kifesz\u00edtett k\u00f6t\u00e9len. M\u00e1ra jelk\u00e9pesen a k\u00f6t\u00e9lt\u00e1ncos helyett egy gipszb\u0151l k\u00e9sz\u00fclt galamb cs\u00faszik \u00e1t lassan dr\u00f3tk\u00f6t\u00e9len a Campanile (A Szent M\u00e1rk bazilika k\u00fcl\u00f6n\u00e1ll\u00f3 harangtornya) \u00e9s Palazzo Ducale egyik oszlopa k\u00f6z\u00f6tt. K\u00f6zben az emberek azt ki\u00e1ltozz\u00e1k \u201eViva Venezia! Ciao Venezia!\u201d Majd a magasban a Colombiana,... R\u00e9szletek","og_url":"https:\/\/stuttgarti-katolikusok.de\/index.php\/velencei-karneval-tortenete\/","og_site_name":"Stuttgarti Katolikusok","article_published_time":"2017-02-13T21:55:29+00:00","article_modified_time":"2019-10-23T10:46:11+00:00","author":"Tibor atya","twitter_card":"summary_large_image","twitter_misc":{"Szerz\u0151:":"Tibor atya","Becs\u00fclt olvas\u00e1si id\u0151":"16 perc"},"schema":{"@context":"https:\/\/schema.org","@graph":[{"@type":"Article","@id":"https:\/\/stuttgarti-katolikusok.de\/index.php\/velencei-karneval-tortenete\/#article","isPartOf":{"@id":"https:\/\/stuttgarti-katolikusok.de\/index.php\/velencei-karneval-tortenete\/"},"author":{"name":"Tibor atya","@id":"https:\/\/stuttgarti-katolikusok.de\/#\/schema\/person\/75908d6f8fdc03a57889d27209df7795"},"headline":"Velencei karnev\u00e1l t\u00f6rt\u00e9nete","datePublished":"2017-02-13T21:55:29+00:00","dateModified":"2019-10-23T10:46:11+00:00","mainEntityOfPage":{"@id":"https:\/\/stuttgarti-katolikusok.de\/index.php\/velencei-karneval-tortenete\/"},"wordCount":3264,"articleSection":["V\u00e1logatott \u00edr\u00e1sok"],"inLanguage":"hu"},{"@type":"WebPage","@id":"https:\/\/stuttgarti-katolikusok.de\/index.php\/velencei-karneval-tortenete\/","url":"https:\/\/stuttgarti-katolikusok.de\/index.php\/velencei-karneval-tortenete\/","name":"Velencei karnev\u00e1l t\u00f6rt\u00e9nete - Stuttgarti Katolikusok","isPartOf":{"@id":"https:\/\/stuttgarti-katolikusok.de\/#website"},"datePublished":"2017-02-13T21:55:29+00:00","dateModified":"2019-10-23T10:46:11+00:00","author":{"@id":"https:\/\/stuttgarti-katolikusok.de\/#\/schema\/person\/75908d6f8fdc03a57889d27209df7795"},"breadcrumb":{"@id":"https:\/\/stuttgarti-katolikusok.de\/index.php\/velencei-karneval-tortenete\/#breadcrumb"},"inLanguage":"hu","potentialAction":[{"@type":"ReadAction","target":["https:\/\/stuttgarti-katolikusok.de\/index.php\/velencei-karneval-tortenete\/"]}]},{"@type":"BreadcrumbList","@id":"https:\/\/stuttgarti-katolikusok.de\/index.php\/velencei-karneval-tortenete\/#breadcrumb","itemListElement":[{"@type":"ListItem","position":1,"name":"Kezd\u0151lap","item":"https:\/\/stuttgarti-katolikusok.de\/"},{"@type":"ListItem","position":2,"name":"Velencei karnev\u00e1l t\u00f6rt\u00e9nete"}]},{"@type":"WebSite","@id":"https:\/\/stuttgarti-katolikusok.de\/#website","url":"https:\/\/stuttgarti-katolikusok.de\/","name":"Stuttgarti Katolikusok","description":"","potentialAction":[{"@type":"SearchAction","target":{"@type":"EntryPoint","urlTemplate":"https:\/\/stuttgarti-katolikusok.de\/?s={search_term_string}"},"query-input":{"@type":"PropertyValueSpecification","valueRequired":true,"valueName":"search_term_string"}}],"inLanguage":"hu"},{"@type":"Person","@id":"https:\/\/stuttgarti-katolikusok.de\/#\/schema\/person\/75908d6f8fdc03a57889d27209df7795","name":"Tibor atya","image":{"@type":"ImageObject","inLanguage":"hu","@id":"https:\/\/secure.gravatar.com\/avatar\/61d268e57d1f4525b111222e29d2d5a7f8c420fdbf231ba5566a8ceac74fa960?s=96&d=mm&r=g","url":"https:\/\/secure.gravatar.com\/avatar\/61d268e57d1f4525b111222e29d2d5a7f8c420fdbf231ba5566a8ceac74fa960?s=96&d=mm&r=g","contentUrl":"https:\/\/secure.gravatar.com\/avatar\/61d268e57d1f4525b111222e29d2d5a7f8c420fdbf231ba5566a8ceac74fa960?s=96&d=mm&r=g","caption":"Tibor atya"},"url":"https:\/\/stuttgarti-katolikusok.de\/index.php\/author\/tibor-atya\/"}]}},"_links":{"self":[{"href":"https:\/\/stuttgarti-katolikusok.de\/index.php\/wp-json\/wp\/v2\/posts\/11263","targetHints":{"allow":["GET"]}}],"collection":[{"href":"https:\/\/stuttgarti-katolikusok.de\/index.php\/wp-json\/wp\/v2\/posts"}],"about":[{"href":"https:\/\/stuttgarti-katolikusok.de\/index.php\/wp-json\/wp\/v2\/types\/post"}],"author":[{"embeddable":true,"href":"https:\/\/stuttgarti-katolikusok.de\/index.php\/wp-json\/wp\/v2\/users\/3"}],"replies":[{"embeddable":true,"href":"https:\/\/stuttgarti-katolikusok.de\/index.php\/wp-json\/wp\/v2\/comments?post=11263"}],"version-history":[{"count":1,"href":"https:\/\/stuttgarti-katolikusok.de\/index.php\/wp-json\/wp\/v2\/posts\/11263\/revisions"}],"predecessor-version":[{"id":11265,"href":"https:\/\/stuttgarti-katolikusok.de\/index.php\/wp-json\/wp\/v2\/posts\/11263\/revisions\/11265"}],"wp:attachment":[{"href":"https:\/\/stuttgarti-katolikusok.de\/index.php\/wp-json\/wp\/v2\/media?parent=11263"}],"wp:term":[{"taxonomy":"category","embeddable":true,"href":"https:\/\/stuttgarti-katolikusok.de\/index.php\/wp-json\/wp\/v2\/categories?post=11263"},{"taxonomy":"post_tag","embeddable":true,"href":"https:\/\/stuttgarti-katolikusok.de\/index.php\/wp-json\/wp\/v2\/tags?post=11263"}],"curies":[{"name":"wp","href":"https:\/\/api.w.org\/{rel}","templated":true}]}}