{"id":11112,"date":"2017-02-04T12:10:36","date_gmt":"2017-02-04T12:10:36","guid":{"rendered":"https:\/\/gracious-dewdney.138-201-221-2.plesk.page\/?p=11112"},"modified":"2017-02-04T12:22:07","modified_gmt":"2017-02-04T12:22:07","slug":"ossznemzeti-kulonvonat-a-csiksomlyoi-bucsura","status":"publish","type":"post","link":"https:\/\/stuttgarti-katolikusok.de\/index.php\/ossznemzeti-kulonvonat-a-csiksomlyoi-bucsura\/","title":{"rendered":"\u00d6ssznemzeti k\u00fcl\u00f6nvonat a cs\u00edksomly\u00f3i b\u00facs\u00fara"},"content":{"rendered":"<p><strong>A 10 \u00e9ves \u00f6ssznemzeti zar\u00e1ndokvonattal a 450.cs\u00edksomly\u00f3i b\u00facs\u00fara!\u00a0<\/strong><\/p>\n<p><strong>A 70 \u00e9ves stuttgarti Szent Gell\u00e9rt Magyar Katolikus egyh\u00e1zk\u00f6zs\u00e9ggel!<\/strong><\/p>\n<p><strong>Indul\u00e1s &#8211; \u00c9rkez\u00e9s: 2017.06.02 &#8211; 2017.06.05<\/strong><\/p>\n<p><strong>Aki Magyar, vel\u00fcnk tart!<\/strong><\/p>\n<p><strong>2017 Erd\u00e9ly<\/strong><\/p>\n<p>\u00d6ssznemzeti k\u00fcl\u00f6nvonat a cs\u00edksomly\u00f3i b\u00facs\u00fara \u2013 Cs\u00edksomly\u00f3 Expressz \u00e9s Sz\u00e9kely Gyors \u2013 lelki vezet\u0151 r\u00e9szv\u00e9tel\u00e9vel. A n\u00e9gynapos program cs\u00facspontja term\u00e9szetesen a Cs\u00edksomly\u00f3i M\u00e1ria \u00dcnnep, a P\u00fcnk\u00f6sdi B\u00facs\u00fa. \u00c9s a zar\u00e1ndoklat, a T\u00f6rt\u00e9nelmi Magyarorsz\u00e1g Ezer\u00e9ves hat\u00e1r\u00e1ra a vadreg\u00e9nyes Gyimesekbe, Gyimesb\u00fckkre.<\/p>\n<h4><strong><em>Program:<\/em><\/strong><\/h4>\n<p><strong><em><u>\u00a0<\/u><u>Els\u0151 nap (201 7.06.02, P\u00e9ntek):<\/u><\/em><\/strong><\/p>\n<p>Indul\u00e1s a kora reggeli \u00f3r\u00e1kban a Budapest-Keleti P\u00e1lyaudvarr\u00f3l. A d\u00e9li \u00f3r\u00e1kban \u00e9rkez\u00e9s a hat\u00e1rra, majd indul\u00e1s tov\u00e1bb a Nagyv\u00e1rad (Sebes-K\u00f6r\u00f6s v\u00f6lgye) \u2013 Kalotaszeg \u2013 Kolozsv\u00e1r \u2013 Szamos\u00fajv\u00e1r \u2013 D\u00e9s<\/p>\n<p>\u2013 D\u00e9da \u2013 Gyergy\u00f3szentmikl\u00f3s \u2013 Cs\u00edkr\u00e1kos \u00fatvonalon. Az esti \u00f3r\u00e1kban meg\u00e9rkez\u00e9s Sz\u00e9kelyf\u00f6ldre \u00e9s az elhelyez\u00e9s a faluturizmus keret\u00e9ben, sz\u00e9kely csal\u00e1dokn\u00e1l, f\u00fcrd\u0151szob\u00e1s h\u00e1zakban, f\u00e9lpanzi\u00f3s ell\u00e1t\u00e1ssal.<\/p>\n<p><em><strong><u>M\u00e1sodik nap (2017.06.03, Szombat):<\/u><\/strong><\/em><\/p>\n<p>Reggeli ut\u00e1n indul\u00e1s a cs\u00edksomly\u00f3i b\u00facs\u00fara. \u00c9rkez\u00e9s a cs\u00edkszeredai vas\u00fat\u00e1llom\u00e1sra majd gyalog<\/p>\n<p>Cs\u00edksomly\u00f3ig, ahol r\u00e9szt vesz\u00fcnk a 12:30 kor kezd\u0151d\u0151 szentmis\u00e9n.<\/p>\n<p><strong><em><u>Harmadik nap (2017.06.04, Vas\u00e1rnap):<\/u><\/em><\/strong><\/p>\n<p>Reggeli ut\u00e1n indul\u00e1s Cs\u00edkmad\u00e9falva \u00e9rint\u00e9s\u00e9vel a Gy\u00edmesekbe, az Ezer\u00e9ves hat\u00e1rhoz. \u00datvonal: Karak\u00f3- v\u00f6lgyh\u00edd \u2013 L\u00f3v\u00e9sz \u2013 Gyimesk\u00f6z\u00e9plok \u2013 Gyimesb\u00fckk, a t\u00f6rt\u00e9nelmi Magyarorsz\u00e1g vas\u00fati hat\u00e1r\u00e1llom\u00e1sa. Gyimesb\u00fckk\u00f6n megtekintj\u00fck a R\u00e1k\u00f3czi v\u00e1r romjait, \u00e9s a v\u00e1r t\u00f6v\u00e9ben, az ezer\u00e9ves hat\u00e1ron \u00e1ll\u00f3, fel\u00faj\u00edtott, 30. sz\u00e1m\u00fa M\u00c1V \u0151rh\u00e1zat ezt k\u00f6vet\u0151en r\u00e9szt vesz\u00fcnk majd a szentmis\u00e9n.<\/p>\n<p>A d\u00e9lut\u00e1ni \u00f3r\u00e1kban visszaindulunk <strong>Mad\u00e9falv\u00e1ra<\/strong>, ahol a turulmadaras eml\u00e9km\u0171 k\u00f6r\u00fcl kialak\u00edtott eml\u00e9kparkban megeml\u00e9kez\u00fcnk a mad\u00e9falvi veszedelemr\u0151l \u00e9s a trianoni b\u00e9kedikt\u00e1tumr\u00f3l, a helybeli sz\u00e9kelyek t\u00e1rsas\u00e1g\u00e1ban.<\/p>\n<p><em><strong><u>Negyedik nap (2017.06.05, H\u00e9tf\u0151): <\/u><\/strong><\/em><\/p>\n<p>Kora reggeli \u00f3r\u00e1kban indul\u00e1s D\u00e9l-Erd\u00e9lyen \u00e1t a Budapest-Keleti P\u00e1lyaudvarra.<\/p>\n<p>Jelentkez\u00e9si hat\u00e1rid\u0151: 2017. M\u00e1rcius 31.<\/p>\n<p>Helyfoglal\u00e1s \u00e9s b\u0151vebb felvil\u00e1gosit\u00e1st: Szegi Oszk\u00e1r 07334-920536 Majd az utaz\u00e1si k\u00f6lts\u00e9g \u00e1tutal\u00e1sa a k\u00f6vetkez\u0151 banksz\u00e1ml\u00e1ra: Oskar Segi; IBAN: DE58610500000008030261 (Sz\u00e9kely Gyors) R\u00e9szv\u00e9teli d\u00edj: 245 \u20ac*<\/p>\n<p>*A r\u00e9szv\u00e9teli d\u00edj tartalmazza a k\u00fcl\u00f6nvonat \u00fatik\u00f6lts\u00e9g\u00e9t m\u00e1sodoszt\u00e1lyon, h\u00e1rom \u00e9jszakai sz\u00e1ll\u00e1st mag\u00e1nh\u00e1zakn\u00e1l, k\u00e9t-, h\u00e1rom\u00e1gyas, p\u00f3t\u00e1gyazhat\u00f3 szob\u00e1kban, f\u00e9lpanzi\u00f3s ell\u00e1t\u00e1ssal, transzfereket &#8211; sz\u00fcks\u00e9g eset\u00e9n &#8211; a vas\u00fat\u00e1llom\u00e1s \u00e9s a sz\u00e1ll\u00e1shely k\u00f6z\u00f6tt.<\/p>\n<h3><strong><em>&#8222;MAGYARNAK LENNI NEH\u00c9Z, DE NEM LEHETETLEN.&#8221;<\/em><\/strong><\/h3>\n<p><em><strong>(Sz\u00e9chenyi Istv\u00e1n)<\/strong><\/em><\/p>\n<p style=\"text-align: center;\"><a href=\"https:\/\/stuttgarti-katolikusok.de\/wp-content\/uploads\/2017\/02\/csiksomlyo.jpg\"><img loading=\"lazy\" decoding=\"async\" class=\"alignnone size-medium wp-image-11113\" src=\"https:\/\/stuttgarti-katolikusok.de\/wp-content\/uploads\/2017\/02\/csiksomlyo-300x200.jpg\" alt=\"csiksomlyo\" width=\"300\" height=\"200\" srcset=\"https:\/\/stuttgarti-katolikusok.de\/wp-content\/uploads\/2017\/02\/csiksomlyo-300x200.jpg 300w, https:\/\/stuttgarti-katolikusok.de\/wp-content\/uploads\/2017\/02\/csiksomlyo-420x280.jpg 420w, https:\/\/stuttgarti-katolikusok.de\/wp-content\/uploads\/2017\/02\/csiksomlyo-690x460.jpg 690w, https:\/\/stuttgarti-katolikusok.de\/wp-content\/uploads\/2017\/02\/csiksomlyo.jpg 720w\" sizes=\"auto, (max-width: 300px) 100vw, 300px\" \/><\/a><\/p>\n<p>&nbsp;<\/p>\n","protected":false},"excerpt":{"rendered":"<p>A 10 \u00e9ves \u00f6ssznemzeti zar\u00e1ndokvonattal a 450.cs\u00edksomly\u00f3i b\u00facs\u00fara!\u00a0 A 70 \u00e9ves stuttgarti Szent Gell\u00e9rt Magyar Katolikus egyh\u00e1zk\u00f6zs\u00e9ggel! Indul\u00e1s &#8211; \u00c9rkez\u00e9s: 2017.06.02 &#8211; 2017.06.05 Aki Magyar, vel\u00fcnk tart! 2017 Erd\u00e9ly \u00d6ssznemzeti k\u00fcl\u00f6nvonat a cs\u00edksomly\u00f3i b\u00facs\u00fara \u2013 Cs\u00edksomly\u00f3 Expressz \u00e9s Sz\u00e9kely Gyors \u2013 lelki vezet\u0151 r\u00e9szv\u00e9tel\u00e9vel. A n\u00e9gynapos program cs\u00facspontja term\u00e9szetesen a Cs\u00edksomly\u00f3i M\u00e1ria \u00dcnnep, a P\u00fcnk\u00f6sdi B\u00facs\u00fa. \u00c9s a zar\u00e1ndoklat, a T\u00f6rt\u00e9nelmi Magyarorsz\u00e1g Ezer\u00e9ves hat\u00e1r\u00e1ra a vadreg\u00e9nyes Gyimesekbe, Gyimesb\u00fckkre. Program: \u00a0Els\u0151 nap (201 7.06.02, P\u00e9ntek): Indul\u00e1s a kora reggeli \u00f3r\u00e1kban a Budapest-Keleti P\u00e1lyaudvarr\u00f3l. A d\u00e9li \u00f3r\u00e1kban \u00e9rkez\u00e9s a hat\u00e1rra, majd indul\u00e1s tov\u00e1bb a Nagyv\u00e1rad (Sebes-K\u00f6r\u00f6s v\u00f6lgye) \u2013 Kalotaszeg \u2013 Kolozsv\u00e1r \u2013 Szamos\u00fajv\u00e1r \u2013 D\u00e9s \u2013 D\u00e9da \u2013 Gyergy\u00f3szentmikl\u00f3s \u2013 Cs\u00edkr\u00e1kos \u00fatvonalon. Az esti \u00f3r\u00e1kban meg\u00e9rkez\u00e9s Sz\u00e9kelyf\u00f6ldre \u00e9s az elhelyez\u00e9s a faluturizmus keret\u00e9ben, sz\u00e9kely csal\u00e1dokn\u00e1l, f\u00fcrd\u0151szob\u00e1s h\u00e1zakban, f\u00e9lpanzi\u00f3s ell\u00e1t\u00e1ssal. M\u00e1sodik nap (2017.06.03, Szombat): Reggeli ut\u00e1n indul\u00e1s a cs\u00edksomly\u00f3i b\u00facs\u00fara. \u00c9rkez\u00e9s a cs\u00edkszeredai vas\u00fat\u00e1llom\u00e1sra majd gyalog Cs\u00edksomly\u00f3ig, ahol r\u00e9szt vesz\u00fcnk a 12:30 kor kezd\u0151d\u0151 szentmis\u00e9n. Harmadik nap (2017.06.04, Vas\u00e1rnap): Reggeli ut\u00e1n indul\u00e1s Cs\u00edkmad\u00e9falva \u00e9rint\u00e9s\u00e9vel a Gy\u00edmesekbe, az Ezer\u00e9ves hat\u00e1rhoz. \u00datvonal: Karak\u00f3- v\u00f6lgyh\u00edd \u2013 L\u00f3v\u00e9sz \u2013 Gyimesk\u00f6z\u00e9plok \u2013 Gyimesb\u00fckk, a t\u00f6rt\u00e9nelmi Magyarorsz\u00e1g vas\u00fati hat\u00e1r\u00e1llom\u00e1sa. Gyimesb\u00fckk\u00f6n megtekintj\u00fck a R\u00e1k\u00f3czi v\u00e1r romjait, \u00e9s a v\u00e1r t\u00f6v\u00e9ben, az ezer\u00e9ves hat\u00e1ron \u00e1ll\u00f3, fel\u00faj\u00edtott, 30. sz\u00e1m\u00fa M\u00c1V \u0151rh\u00e1zat ezt k\u00f6vet\u0151en r\u00e9szt vesz\u00fcnk majd a szentmis\u00e9n. A d\u00e9lut\u00e1ni \u00f3r\u00e1kban visszaindulunk Mad\u00e9falv\u00e1ra, ahol a turulmadaras eml\u00e9km\u0171 k\u00f6r\u00fcl kialak\u00edtott eml\u00e9kparkban megeml\u00e9kez\u00fcnk a mad\u00e9falvi veszedelemr\u0151l \u00e9s a trianoni b\u00e9kedikt\u00e1tumr\u00f3l, a helybeli sz\u00e9kelyek t\u00e1rsas\u00e1g\u00e1ban. Negyedik nap (2017.06.05, H\u00e9tf\u0151): Kora reggeli \u00f3r\u00e1kban indul\u00e1s D\u00e9l-Erd\u00e9lyen \u00e1t a Budapest-Keleti P\u00e1lyaudvarra. Jelentkez\u00e9si hat\u00e1rid\u0151: 2017. M\u00e1rcius 31. Helyfoglal\u00e1s \u00e9s b\u0151vebb felvil\u00e1gosit\u00e1st: Szegi Oszk\u00e1r 07334-920536 Majd az utaz\u00e1si k\u00f6lts\u00e9g \u00e1tutal\u00e1sa a k\u00f6vetkez\u0151 banksz\u00e1ml\u00e1ra: Oskar Segi; IBAN: DE58610500000008030261 (Sz\u00e9kely Gyors) R\u00e9szv\u00e9teli d\u00edj: 245 \u20ac* *A r\u00e9szv\u00e9teli d\u00edj tartalmazza a k\u00fcl\u00f6nvonat \u00fatik\u00f6lts\u00e9g\u00e9t m\u00e1sodoszt\u00e1lyon, h\u00e1rom \u00e9jszakai sz\u00e1ll\u00e1st mag\u00e1nh\u00e1zakn\u00e1l, k\u00e9t-, h\u00e1rom\u00e1gyas, p\u00f3t\u00e1gyazhat\u00f3 szob\u00e1kban, f\u00e9lpanzi\u00f3s ell\u00e1t\u00e1ssal, transzfereket &#8211; sz\u00fcks\u00e9g eset\u00e9n &#8211; a vas\u00fat\u00e1llom\u00e1s \u00e9s a&#8230; <\/p>\n<p><a class=\"readmore\" href=\"https:\/\/stuttgarti-katolikusok.de\/index.php\/ossznemzeti-kulonvonat-a-csiksomlyoi-bucsura\/\">R\u00e9szletek<\/a><\/p>\n","protected":false},"author":3,"featured_media":0,"comment_status":"closed","ping_status":"closed","sticky":false,"template":"","format":"standard","meta":{"footnotes":""},"categories":[5],"tags":[],"class_list":["post-11112","post","type-post","status-publish","format-standard","hentry","category-hirek"],"yoast_head":"<!-- This site is optimized with the Yoast SEO plugin v27.3 - https:\/\/yoast.com\/product\/yoast-seo-wordpress\/ -->\n<title>\u00d6ssznemzeti k\u00fcl\u00f6nvonat a cs\u00edksomly\u00f3i b\u00facs\u00fara - Stuttgarti Katolikusok<\/title>\n<meta name=\"robots\" content=\"index, follow, max-snippet:-1, max-image-preview:large, max-video-preview:-1\" \/>\n<link rel=\"canonical\" href=\"https:\/\/stuttgarti-katolikusok.de\/index.php\/ossznemzeti-kulonvonat-a-csiksomlyoi-bucsura\/\" \/>\n<meta property=\"og:locale\" content=\"hu_HU\" \/>\n<meta property=\"og:type\" content=\"article\" \/>\n<meta property=\"og:title\" content=\"\u00d6ssznemzeti k\u00fcl\u00f6nvonat a cs\u00edksomly\u00f3i b\u00facs\u00fara - Stuttgarti Katolikusok\" \/>\n<meta property=\"og:description\" content=\"A 10 \u00e9ves \u00f6ssznemzeti zar\u00e1ndokvonattal a 450.cs\u00edksomly\u00f3i b\u00facs\u00fara!\u00a0 A 70 \u00e9ves stuttgarti Szent Gell\u00e9rt Magyar Katolikus egyh\u00e1zk\u00f6zs\u00e9ggel! Indul\u00e1s &#8211; \u00c9rkez\u00e9s: 2017.06.02 &#8211; 2017.06.05 Aki Magyar, vel\u00fcnk tart! 2017 Erd\u00e9ly \u00d6ssznemzeti k\u00fcl\u00f6nvonat a cs\u00edksomly\u00f3i b\u00facs\u00fara \u2013 Cs\u00edksomly\u00f3 Expressz \u00e9s Sz\u00e9kely Gyors \u2013 lelki vezet\u0151 r\u00e9szv\u00e9tel\u00e9vel. A n\u00e9gynapos program cs\u00facspontja term\u00e9szetesen a Cs\u00edksomly\u00f3i M\u00e1ria \u00dcnnep, a P\u00fcnk\u00f6sdi B\u00facs\u00fa. \u00c9s a zar\u00e1ndoklat, a T\u00f6rt\u00e9nelmi Magyarorsz\u00e1g Ezer\u00e9ves hat\u00e1r\u00e1ra a vadreg\u00e9nyes Gyimesekbe, Gyimesb\u00fckkre. Program: \u00a0Els\u0151 nap (201 7.06.02, P\u00e9ntek): Indul\u00e1s a kora reggeli \u00f3r\u00e1kban a Budapest-Keleti P\u00e1lyaudvarr\u00f3l. A d\u00e9li \u00f3r\u00e1kban \u00e9rkez\u00e9s a hat\u00e1rra, majd indul\u00e1s tov\u00e1bb a Nagyv\u00e1rad (Sebes-K\u00f6r\u00f6s v\u00f6lgye) \u2013 Kalotaszeg \u2013 Kolozsv\u00e1r \u2013 Szamos\u00fajv\u00e1r \u2013 D\u00e9s \u2013 D\u00e9da \u2013 Gyergy\u00f3szentmikl\u00f3s \u2013 Cs\u00edkr\u00e1kos \u00fatvonalon. Az esti \u00f3r\u00e1kban meg\u00e9rkez\u00e9s Sz\u00e9kelyf\u00f6ldre \u00e9s az elhelyez\u00e9s a faluturizmus keret\u00e9ben, sz\u00e9kely csal\u00e1dokn\u00e1l, f\u00fcrd\u0151szob\u00e1s h\u00e1zakban, f\u00e9lpanzi\u00f3s ell\u00e1t\u00e1ssal. M\u00e1sodik nap (2017.06.03, Szombat): Reggeli ut\u00e1n indul\u00e1s a cs\u00edksomly\u00f3i b\u00facs\u00fara. \u00c9rkez\u00e9s a cs\u00edkszeredai vas\u00fat\u00e1llom\u00e1sra majd gyalog Cs\u00edksomly\u00f3ig, ahol r\u00e9szt vesz\u00fcnk a 12:30 kor kezd\u0151d\u0151 szentmis\u00e9n. Harmadik nap (2017.06.04, Vas\u00e1rnap): Reggeli ut\u00e1n indul\u00e1s Cs\u00edkmad\u00e9falva \u00e9rint\u00e9s\u00e9vel a Gy\u00edmesekbe, az Ezer\u00e9ves hat\u00e1rhoz. \u00datvonal: Karak\u00f3- v\u00f6lgyh\u00edd \u2013 L\u00f3v\u00e9sz \u2013 Gyimesk\u00f6z\u00e9plok \u2013 Gyimesb\u00fckk, a t\u00f6rt\u00e9nelmi Magyarorsz\u00e1g vas\u00fati hat\u00e1r\u00e1llom\u00e1sa. Gyimesb\u00fckk\u00f6n megtekintj\u00fck a R\u00e1k\u00f3czi v\u00e1r romjait, \u00e9s a v\u00e1r t\u00f6v\u00e9ben, az ezer\u00e9ves hat\u00e1ron \u00e1ll\u00f3, fel\u00faj\u00edtott, 30. sz\u00e1m\u00fa M\u00c1V \u0151rh\u00e1zat ezt k\u00f6vet\u0151en r\u00e9szt vesz\u00fcnk majd a szentmis\u00e9n. A d\u00e9lut\u00e1ni \u00f3r\u00e1kban visszaindulunk Mad\u00e9falv\u00e1ra, ahol a turulmadaras eml\u00e9km\u0171 k\u00f6r\u00fcl kialak\u00edtott eml\u00e9kparkban megeml\u00e9kez\u00fcnk a mad\u00e9falvi veszedelemr\u0151l \u00e9s a trianoni b\u00e9kedikt\u00e1tumr\u00f3l, a helybeli sz\u00e9kelyek t\u00e1rsas\u00e1g\u00e1ban. Negyedik nap (2017.06.05, H\u00e9tf\u0151): Kora reggeli \u00f3r\u00e1kban indul\u00e1s D\u00e9l-Erd\u00e9lyen \u00e1t a Budapest-Keleti P\u00e1lyaudvarra. Jelentkez\u00e9si hat\u00e1rid\u0151: 2017. M\u00e1rcius 31. Helyfoglal\u00e1s \u00e9s b\u0151vebb felvil\u00e1gosit\u00e1st: Szegi Oszk\u00e1r 07334-920536 Majd az utaz\u00e1si k\u00f6lts\u00e9g \u00e1tutal\u00e1sa a k\u00f6vetkez\u0151 banksz\u00e1ml\u00e1ra: Oskar Segi; IBAN: DE58610500000008030261 (Sz\u00e9kely Gyors) R\u00e9szv\u00e9teli d\u00edj: 245 \u20ac* *A r\u00e9szv\u00e9teli d\u00edj tartalmazza a k\u00fcl\u00f6nvonat \u00fatik\u00f6lts\u00e9g\u00e9t m\u00e1sodoszt\u00e1lyon, h\u00e1rom \u00e9jszakai sz\u00e1ll\u00e1st mag\u00e1nh\u00e1zakn\u00e1l, k\u00e9t-, h\u00e1rom\u00e1gyas, p\u00f3t\u00e1gyazhat\u00f3 szob\u00e1kban, f\u00e9lpanzi\u00f3s ell\u00e1t\u00e1ssal, transzfereket &#8211; sz\u00fcks\u00e9g eset\u00e9n &#8211; a vas\u00fat\u00e1llom\u00e1s \u00e9s a... R\u00e9szletek\" \/>\n<meta property=\"og:url\" content=\"https:\/\/stuttgarti-katolikusok.de\/index.php\/ossznemzeti-kulonvonat-a-csiksomlyoi-bucsura\/\" \/>\n<meta property=\"og:site_name\" content=\"Stuttgarti Katolikusok\" \/>\n<meta property=\"article:published_time\" content=\"2017-02-04T12:10:36+00:00\" \/>\n<meta property=\"article:modified_time\" content=\"2017-02-04T12:22:07+00:00\" \/>\n<meta property=\"og:image\" content=\"https:\/\/stuttgarti-katolikusok.de\/wp-content\/uploads\/2017\/02\/csiksomlyo-300x200.jpg\" \/>\n<meta name=\"author\" content=\"Tibor atya\" \/>\n<meta name=\"twitter:card\" content=\"summary_large_image\" \/>\n<meta name=\"twitter:label1\" content=\"Szerz\u0151:\" \/>\n\t<meta name=\"twitter:data1\" content=\"Tibor atya\" \/>\n\t<meta name=\"twitter:label2\" content=\"Becs\u00fclt olvas\u00e1si id\u0151\" \/>\n\t<meta name=\"twitter:data2\" content=\"3 perc\" \/>\n<script type=\"application\/ld+json\" class=\"yoast-schema-graph\">{\"@context\":\"https:\\\/\\\/schema.org\",\"@graph\":[{\"@type\":\"Article\",\"@id\":\"https:\\\/\\\/stuttgarti-katolikusok.de\\\/index.php\\\/ossznemzeti-kulonvonat-a-csiksomlyoi-bucsura\\\/#article\",\"isPartOf\":{\"@id\":\"https:\\\/\\\/stuttgarti-katolikusok.de\\\/index.php\\\/ossznemzeti-kulonvonat-a-csiksomlyoi-bucsura\\\/\"},\"author\":{\"name\":\"Tibor atya\",\"@id\":\"https:\\\/\\\/stuttgarti-katolikusok.de\\\/#\\\/schema\\\/person\\\/75908d6f8fdc03a57889d27209df7795\"},\"headline\":\"\u00d6ssznemzeti k\u00fcl\u00f6nvonat a cs\u00edksomly\u00f3i b\u00facs\u00fara\",\"datePublished\":\"2017-02-04T12:10:36+00:00\",\"dateModified\":\"2017-02-04T12:22:07+00:00\",\"mainEntityOfPage\":{\"@id\":\"https:\\\/\\\/stuttgarti-katolikusok.de\\\/index.php\\\/ossznemzeti-kulonvonat-a-csiksomlyoi-bucsura\\\/\"},\"wordCount\":527,\"image\":{\"@id\":\"https:\\\/\\\/stuttgarti-katolikusok.de\\\/index.php\\\/ossznemzeti-kulonvonat-a-csiksomlyoi-bucsura\\\/#primaryimage\"},\"thumbnailUrl\":\"https:\\\/\\\/stuttgarti-katolikusok.de\\\/wp-content\\\/uploads\\\/2017\\\/02\\\/csiksomlyo-300x200.jpg\",\"articleSection\":[\"H\u00edrek\"],\"inLanguage\":\"hu\"},{\"@type\":\"WebPage\",\"@id\":\"https:\\\/\\\/stuttgarti-katolikusok.de\\\/index.php\\\/ossznemzeti-kulonvonat-a-csiksomlyoi-bucsura\\\/\",\"url\":\"https:\\\/\\\/stuttgarti-katolikusok.de\\\/index.php\\\/ossznemzeti-kulonvonat-a-csiksomlyoi-bucsura\\\/\",\"name\":\"\u00d6ssznemzeti k\u00fcl\u00f6nvonat a cs\u00edksomly\u00f3i b\u00facs\u00fara - Stuttgarti Katolikusok\",\"isPartOf\":{\"@id\":\"https:\\\/\\\/stuttgarti-katolikusok.de\\\/#website\"},\"primaryImageOfPage\":{\"@id\":\"https:\\\/\\\/stuttgarti-katolikusok.de\\\/index.php\\\/ossznemzeti-kulonvonat-a-csiksomlyoi-bucsura\\\/#primaryimage\"},\"image\":{\"@id\":\"https:\\\/\\\/stuttgarti-katolikusok.de\\\/index.php\\\/ossznemzeti-kulonvonat-a-csiksomlyoi-bucsura\\\/#primaryimage\"},\"thumbnailUrl\":\"https:\\\/\\\/stuttgarti-katolikusok.de\\\/wp-content\\\/uploads\\\/2017\\\/02\\\/csiksomlyo-300x200.jpg\",\"datePublished\":\"2017-02-04T12:10:36+00:00\",\"dateModified\":\"2017-02-04T12:22:07+00:00\",\"author\":{\"@id\":\"https:\\\/\\\/stuttgarti-katolikusok.de\\\/#\\\/schema\\\/person\\\/75908d6f8fdc03a57889d27209df7795\"},\"breadcrumb\":{\"@id\":\"https:\\\/\\\/stuttgarti-katolikusok.de\\\/index.php\\\/ossznemzeti-kulonvonat-a-csiksomlyoi-bucsura\\\/#breadcrumb\"},\"inLanguage\":\"hu\",\"potentialAction\":[{\"@type\":\"ReadAction\",\"target\":[\"https:\\\/\\\/stuttgarti-katolikusok.de\\\/index.php\\\/ossznemzeti-kulonvonat-a-csiksomlyoi-bucsura\\\/\"]}]},{\"@type\":\"ImageObject\",\"inLanguage\":\"hu\",\"@id\":\"https:\\\/\\\/stuttgarti-katolikusok.de\\\/index.php\\\/ossznemzeti-kulonvonat-a-csiksomlyoi-bucsura\\\/#primaryimage\",\"url\":\"https:\\\/\\\/stuttgarti-katolikusok.de\\\/wp-content\\\/uploads\\\/2017\\\/02\\\/csiksomlyo.jpg\",\"contentUrl\":\"https:\\\/\\\/stuttgarti-katolikusok.de\\\/wp-content\\\/uploads\\\/2017\\\/02\\\/csiksomlyo.jpg\",\"width\":720,\"height\":479},{\"@type\":\"BreadcrumbList\",\"@id\":\"https:\\\/\\\/stuttgarti-katolikusok.de\\\/index.php\\\/ossznemzeti-kulonvonat-a-csiksomlyoi-bucsura\\\/#breadcrumb\",\"itemListElement\":[{\"@type\":\"ListItem\",\"position\":1,\"name\":\"Kezd\u0151lap\",\"item\":\"https:\\\/\\\/stuttgarti-katolikusok.de\\\/\"},{\"@type\":\"ListItem\",\"position\":2,\"name\":\"\u00d6ssznemzeti k\u00fcl\u00f6nvonat a cs\u00edksomly\u00f3i b\u00facs\u00fara\"}]},{\"@type\":\"WebSite\",\"@id\":\"https:\\\/\\\/stuttgarti-katolikusok.de\\\/#website\",\"url\":\"https:\\\/\\\/stuttgarti-katolikusok.de\\\/\",\"name\":\"Stuttgarti Katolikusok\",\"description\":\"\",\"potentialAction\":[{\"@type\":\"SearchAction\",\"target\":{\"@type\":\"EntryPoint\",\"urlTemplate\":\"https:\\\/\\\/stuttgarti-katolikusok.de\\\/?s={search_term_string}\"},\"query-input\":{\"@type\":\"PropertyValueSpecification\",\"valueRequired\":true,\"valueName\":\"search_term_string\"}}],\"inLanguage\":\"hu\"},{\"@type\":\"Person\",\"@id\":\"https:\\\/\\\/stuttgarti-katolikusok.de\\\/#\\\/schema\\\/person\\\/75908d6f8fdc03a57889d27209df7795\",\"name\":\"Tibor atya\",\"image\":{\"@type\":\"ImageObject\",\"inLanguage\":\"hu\",\"@id\":\"https:\\\/\\\/secure.gravatar.com\\\/avatar\\\/61d268e57d1f4525b111222e29d2d5a7f8c420fdbf231ba5566a8ceac74fa960?s=96&d=mm&r=g\",\"url\":\"https:\\\/\\\/secure.gravatar.com\\\/avatar\\\/61d268e57d1f4525b111222e29d2d5a7f8c420fdbf231ba5566a8ceac74fa960?s=96&d=mm&r=g\",\"contentUrl\":\"https:\\\/\\\/secure.gravatar.com\\\/avatar\\\/61d268e57d1f4525b111222e29d2d5a7f8c420fdbf231ba5566a8ceac74fa960?s=96&d=mm&r=g\",\"caption\":\"Tibor atya\"},\"url\":\"https:\\\/\\\/stuttgarti-katolikusok.de\\\/index.php\\\/author\\\/tibor-atya\\\/\"}]}<\/script>\n<!-- \/ Yoast SEO plugin. -->","yoast_head_json":{"title":"\u00d6ssznemzeti k\u00fcl\u00f6nvonat a cs\u00edksomly\u00f3i b\u00facs\u00fara - Stuttgarti Katolikusok","robots":{"index":"index","follow":"follow","max-snippet":"max-snippet:-1","max-image-preview":"max-image-preview:large","max-video-preview":"max-video-preview:-1"},"canonical":"https:\/\/stuttgarti-katolikusok.de\/index.php\/ossznemzeti-kulonvonat-a-csiksomlyoi-bucsura\/","og_locale":"hu_HU","og_type":"article","og_title":"\u00d6ssznemzeti k\u00fcl\u00f6nvonat a cs\u00edksomly\u00f3i b\u00facs\u00fara - Stuttgarti Katolikusok","og_description":"A 10 \u00e9ves \u00f6ssznemzeti zar\u00e1ndokvonattal a 450.cs\u00edksomly\u00f3i b\u00facs\u00fara!\u00a0 A 70 \u00e9ves stuttgarti Szent Gell\u00e9rt Magyar Katolikus egyh\u00e1zk\u00f6zs\u00e9ggel! Indul\u00e1s &#8211; \u00c9rkez\u00e9s: 2017.06.02 &#8211; 2017.06.05 Aki Magyar, vel\u00fcnk tart! 2017 Erd\u00e9ly \u00d6ssznemzeti k\u00fcl\u00f6nvonat a cs\u00edksomly\u00f3i b\u00facs\u00fara \u2013 Cs\u00edksomly\u00f3 Expressz \u00e9s Sz\u00e9kely Gyors \u2013 lelki vezet\u0151 r\u00e9szv\u00e9tel\u00e9vel. A n\u00e9gynapos program cs\u00facspontja term\u00e9szetesen a Cs\u00edksomly\u00f3i M\u00e1ria \u00dcnnep, a P\u00fcnk\u00f6sdi B\u00facs\u00fa. \u00c9s a zar\u00e1ndoklat, a T\u00f6rt\u00e9nelmi Magyarorsz\u00e1g Ezer\u00e9ves hat\u00e1r\u00e1ra a vadreg\u00e9nyes Gyimesekbe, Gyimesb\u00fckkre. Program: \u00a0Els\u0151 nap (201 7.06.02, P\u00e9ntek): Indul\u00e1s a kora reggeli \u00f3r\u00e1kban a Budapest-Keleti P\u00e1lyaudvarr\u00f3l. A d\u00e9li \u00f3r\u00e1kban \u00e9rkez\u00e9s a hat\u00e1rra, majd indul\u00e1s tov\u00e1bb a Nagyv\u00e1rad (Sebes-K\u00f6r\u00f6s v\u00f6lgye) \u2013 Kalotaszeg \u2013 Kolozsv\u00e1r \u2013 Szamos\u00fajv\u00e1r \u2013 D\u00e9s \u2013 D\u00e9da \u2013 Gyergy\u00f3szentmikl\u00f3s \u2013 Cs\u00edkr\u00e1kos \u00fatvonalon. Az esti \u00f3r\u00e1kban meg\u00e9rkez\u00e9s Sz\u00e9kelyf\u00f6ldre \u00e9s az elhelyez\u00e9s a faluturizmus keret\u00e9ben, sz\u00e9kely csal\u00e1dokn\u00e1l, f\u00fcrd\u0151szob\u00e1s h\u00e1zakban, f\u00e9lpanzi\u00f3s ell\u00e1t\u00e1ssal. M\u00e1sodik nap (2017.06.03, Szombat): Reggeli ut\u00e1n indul\u00e1s a cs\u00edksomly\u00f3i b\u00facs\u00fara. \u00c9rkez\u00e9s a cs\u00edkszeredai vas\u00fat\u00e1llom\u00e1sra majd gyalog Cs\u00edksomly\u00f3ig, ahol r\u00e9szt vesz\u00fcnk a 12:30 kor kezd\u0151d\u0151 szentmis\u00e9n. Harmadik nap (2017.06.04, Vas\u00e1rnap): Reggeli ut\u00e1n indul\u00e1s Cs\u00edkmad\u00e9falva \u00e9rint\u00e9s\u00e9vel a Gy\u00edmesekbe, az Ezer\u00e9ves hat\u00e1rhoz. \u00datvonal: Karak\u00f3- v\u00f6lgyh\u00edd \u2013 L\u00f3v\u00e9sz \u2013 Gyimesk\u00f6z\u00e9plok \u2013 Gyimesb\u00fckk, a t\u00f6rt\u00e9nelmi Magyarorsz\u00e1g vas\u00fati hat\u00e1r\u00e1llom\u00e1sa. Gyimesb\u00fckk\u00f6n megtekintj\u00fck a R\u00e1k\u00f3czi v\u00e1r romjait, \u00e9s a v\u00e1r t\u00f6v\u00e9ben, az ezer\u00e9ves hat\u00e1ron \u00e1ll\u00f3, fel\u00faj\u00edtott, 30. sz\u00e1m\u00fa M\u00c1V \u0151rh\u00e1zat ezt k\u00f6vet\u0151en r\u00e9szt vesz\u00fcnk majd a szentmis\u00e9n. A d\u00e9lut\u00e1ni \u00f3r\u00e1kban visszaindulunk Mad\u00e9falv\u00e1ra, ahol a turulmadaras eml\u00e9km\u0171 k\u00f6r\u00fcl kialak\u00edtott eml\u00e9kparkban megeml\u00e9kez\u00fcnk a mad\u00e9falvi veszedelemr\u0151l \u00e9s a trianoni b\u00e9kedikt\u00e1tumr\u00f3l, a helybeli sz\u00e9kelyek t\u00e1rsas\u00e1g\u00e1ban. Negyedik nap (2017.06.05, H\u00e9tf\u0151): Kora reggeli \u00f3r\u00e1kban indul\u00e1s D\u00e9l-Erd\u00e9lyen \u00e1t a Budapest-Keleti P\u00e1lyaudvarra. Jelentkez\u00e9si hat\u00e1rid\u0151: 2017. M\u00e1rcius 31. Helyfoglal\u00e1s \u00e9s b\u0151vebb felvil\u00e1gosit\u00e1st: Szegi Oszk\u00e1r 07334-920536 Majd az utaz\u00e1si k\u00f6lts\u00e9g \u00e1tutal\u00e1sa a k\u00f6vetkez\u0151 banksz\u00e1ml\u00e1ra: Oskar Segi; IBAN: DE58610500000008030261 (Sz\u00e9kely Gyors) R\u00e9szv\u00e9teli d\u00edj: 245 \u20ac* *A r\u00e9szv\u00e9teli d\u00edj tartalmazza a k\u00fcl\u00f6nvonat \u00fatik\u00f6lts\u00e9g\u00e9t m\u00e1sodoszt\u00e1lyon, h\u00e1rom \u00e9jszakai sz\u00e1ll\u00e1st mag\u00e1nh\u00e1zakn\u00e1l, k\u00e9t-, h\u00e1rom\u00e1gyas, p\u00f3t\u00e1gyazhat\u00f3 szob\u00e1kban, f\u00e9lpanzi\u00f3s ell\u00e1t\u00e1ssal, transzfereket &#8211; sz\u00fcks\u00e9g eset\u00e9n &#8211; a vas\u00fat\u00e1llom\u00e1s \u00e9s a... R\u00e9szletek","og_url":"https:\/\/stuttgarti-katolikusok.de\/index.php\/ossznemzeti-kulonvonat-a-csiksomlyoi-bucsura\/","og_site_name":"Stuttgarti Katolikusok","article_published_time":"2017-02-04T12:10:36+00:00","article_modified_time":"2017-02-04T12:22:07+00:00","og_image":[{"url":"https:\/\/stuttgarti-katolikusok.de\/wp-content\/uploads\/2017\/02\/csiksomlyo-300x200.jpg","type":"","width":"","height":""}],"author":"Tibor atya","twitter_card":"summary_large_image","twitter_misc":{"Szerz\u0151:":"Tibor atya","Becs\u00fclt olvas\u00e1si id\u0151":"3 perc"},"schema":{"@context":"https:\/\/schema.org","@graph":[{"@type":"Article","@id":"https:\/\/stuttgarti-katolikusok.de\/index.php\/ossznemzeti-kulonvonat-a-csiksomlyoi-bucsura\/#article","isPartOf":{"@id":"https:\/\/stuttgarti-katolikusok.de\/index.php\/ossznemzeti-kulonvonat-a-csiksomlyoi-bucsura\/"},"author":{"name":"Tibor atya","@id":"https:\/\/stuttgarti-katolikusok.de\/#\/schema\/person\/75908d6f8fdc03a57889d27209df7795"},"headline":"\u00d6ssznemzeti k\u00fcl\u00f6nvonat a cs\u00edksomly\u00f3i b\u00facs\u00fara","datePublished":"2017-02-04T12:10:36+00:00","dateModified":"2017-02-04T12:22:07+00:00","mainEntityOfPage":{"@id":"https:\/\/stuttgarti-katolikusok.de\/index.php\/ossznemzeti-kulonvonat-a-csiksomlyoi-bucsura\/"},"wordCount":527,"image":{"@id":"https:\/\/stuttgarti-katolikusok.de\/index.php\/ossznemzeti-kulonvonat-a-csiksomlyoi-bucsura\/#primaryimage"},"thumbnailUrl":"https:\/\/stuttgarti-katolikusok.de\/wp-content\/uploads\/2017\/02\/csiksomlyo-300x200.jpg","articleSection":["H\u00edrek"],"inLanguage":"hu"},{"@type":"WebPage","@id":"https:\/\/stuttgarti-katolikusok.de\/index.php\/ossznemzeti-kulonvonat-a-csiksomlyoi-bucsura\/","url":"https:\/\/stuttgarti-katolikusok.de\/index.php\/ossznemzeti-kulonvonat-a-csiksomlyoi-bucsura\/","name":"\u00d6ssznemzeti k\u00fcl\u00f6nvonat a cs\u00edksomly\u00f3i b\u00facs\u00fara - Stuttgarti Katolikusok","isPartOf":{"@id":"https:\/\/stuttgarti-katolikusok.de\/#website"},"primaryImageOfPage":{"@id":"https:\/\/stuttgarti-katolikusok.de\/index.php\/ossznemzeti-kulonvonat-a-csiksomlyoi-bucsura\/#primaryimage"},"image":{"@id":"https:\/\/stuttgarti-katolikusok.de\/index.php\/ossznemzeti-kulonvonat-a-csiksomlyoi-bucsura\/#primaryimage"},"thumbnailUrl":"https:\/\/stuttgarti-katolikusok.de\/wp-content\/uploads\/2017\/02\/csiksomlyo-300x200.jpg","datePublished":"2017-02-04T12:10:36+00:00","dateModified":"2017-02-04T12:22:07+00:00","author":{"@id":"https:\/\/stuttgarti-katolikusok.de\/#\/schema\/person\/75908d6f8fdc03a57889d27209df7795"},"breadcrumb":{"@id":"https:\/\/stuttgarti-katolikusok.de\/index.php\/ossznemzeti-kulonvonat-a-csiksomlyoi-bucsura\/#breadcrumb"},"inLanguage":"hu","potentialAction":[{"@type":"ReadAction","target":["https:\/\/stuttgarti-katolikusok.de\/index.php\/ossznemzeti-kulonvonat-a-csiksomlyoi-bucsura\/"]}]},{"@type":"ImageObject","inLanguage":"hu","@id":"https:\/\/stuttgarti-katolikusok.de\/index.php\/ossznemzeti-kulonvonat-a-csiksomlyoi-bucsura\/#primaryimage","url":"https:\/\/stuttgarti-katolikusok.de\/wp-content\/uploads\/2017\/02\/csiksomlyo.jpg","contentUrl":"https:\/\/stuttgarti-katolikusok.de\/wp-content\/uploads\/2017\/02\/csiksomlyo.jpg","width":720,"height":479},{"@type":"BreadcrumbList","@id":"https:\/\/stuttgarti-katolikusok.de\/index.php\/ossznemzeti-kulonvonat-a-csiksomlyoi-bucsura\/#breadcrumb","itemListElement":[{"@type":"ListItem","position":1,"name":"Kezd\u0151lap","item":"https:\/\/stuttgarti-katolikusok.de\/"},{"@type":"ListItem","position":2,"name":"\u00d6ssznemzeti k\u00fcl\u00f6nvonat a cs\u00edksomly\u00f3i b\u00facs\u00fara"}]},{"@type":"WebSite","@id":"https:\/\/stuttgarti-katolikusok.de\/#website","url":"https:\/\/stuttgarti-katolikusok.de\/","name":"Stuttgarti Katolikusok","description":"","potentialAction":[{"@type":"SearchAction","target":{"@type":"EntryPoint","urlTemplate":"https:\/\/stuttgarti-katolikusok.de\/?s={search_term_string}"},"query-input":{"@type":"PropertyValueSpecification","valueRequired":true,"valueName":"search_term_string"}}],"inLanguage":"hu"},{"@type":"Person","@id":"https:\/\/stuttgarti-katolikusok.de\/#\/schema\/person\/75908d6f8fdc03a57889d27209df7795","name":"Tibor atya","image":{"@type":"ImageObject","inLanguage":"hu","@id":"https:\/\/secure.gravatar.com\/avatar\/61d268e57d1f4525b111222e29d2d5a7f8c420fdbf231ba5566a8ceac74fa960?s=96&d=mm&r=g","url":"https:\/\/secure.gravatar.com\/avatar\/61d268e57d1f4525b111222e29d2d5a7f8c420fdbf231ba5566a8ceac74fa960?s=96&d=mm&r=g","contentUrl":"https:\/\/secure.gravatar.com\/avatar\/61d268e57d1f4525b111222e29d2d5a7f8c420fdbf231ba5566a8ceac74fa960?s=96&d=mm&r=g","caption":"Tibor atya"},"url":"https:\/\/stuttgarti-katolikusok.de\/index.php\/author\/tibor-atya\/"}]}},"_links":{"self":[{"href":"https:\/\/stuttgarti-katolikusok.de\/index.php\/wp-json\/wp\/v2\/posts\/11112","targetHints":{"allow":["GET"]}}],"collection":[{"href":"https:\/\/stuttgarti-katolikusok.de\/index.php\/wp-json\/wp\/v2\/posts"}],"about":[{"href":"https:\/\/stuttgarti-katolikusok.de\/index.php\/wp-json\/wp\/v2\/types\/post"}],"author":[{"embeddable":true,"href":"https:\/\/stuttgarti-katolikusok.de\/index.php\/wp-json\/wp\/v2\/users\/3"}],"replies":[{"embeddable":true,"href":"https:\/\/stuttgarti-katolikusok.de\/index.php\/wp-json\/wp\/v2\/comments?post=11112"}],"version-history":[{"count":5,"href":"https:\/\/stuttgarti-katolikusok.de\/index.php\/wp-json\/wp\/v2\/posts\/11112\/revisions"}],"predecessor-version":[{"id":11119,"href":"https:\/\/stuttgarti-katolikusok.de\/index.php\/wp-json\/wp\/v2\/posts\/11112\/revisions\/11119"}],"wp:attachment":[{"href":"https:\/\/stuttgarti-katolikusok.de\/index.php\/wp-json\/wp\/v2\/media?parent=11112"}],"wp:term":[{"taxonomy":"category","embeddable":true,"href":"https:\/\/stuttgarti-katolikusok.de\/index.php\/wp-json\/wp\/v2\/categories?post=11112"},{"taxonomy":"post_tag","embeddable":true,"href":"https:\/\/stuttgarti-katolikusok.de\/index.php\/wp-json\/wp\/v2\/tags?post=11112"}],"curies":[{"name":"wp","href":"https:\/\/api.w.org\/{rel}","templated":true}]}}