{"id":11045,"date":"2017-01-23T06:28:56","date_gmt":"2017-01-23T06:28:56","guid":{"rendered":"https:\/\/gracious-dewdney.138-201-221-2.plesk.page\/?p=11045"},"modified":"2017-01-23T21:20:20","modified_gmt":"2017-01-23T21:20:20","slug":"programelozetes-januar-23-es-februar-5-kozott","status":"publish","type":"post","link":"https:\/\/stuttgarti-katolikusok.de\/index.php\/programelozetes-januar-23-es-februar-5-kozott\/","title":{"rendered":"Programel\u0151zetes janu\u00e1r 23 \u00e9s febru\u00e1r 5 k\u00f6z\u00f6tt"},"content":{"rendered":"<p><strong>Programel\u0151zetes<\/strong><\/p>\n<p><strong>Janu\u00e1r 26-\u00e1n, <\/strong>cs\u00fct\u00f6rt\u00f6k\u00f6n este 17.30 \u00f3r\u00e1t\u00f3l <strong>Ulmban<\/strong> <em>szentmise<\/em>, majd ut\u00e1na <em>Besz\u00e9lget\u00e9sek a Szent\u00edr\u00e1sr\u00f3l. <\/em><\/p>\n<p><strong>*<\/strong><\/p>\n<p><strong>Janu\u00e1r 27-\u00e9n<\/strong>, p\u00e9nteken, <strong>Stuttgartban<\/strong> 16.00 \u00f3rakor <em>Bar\u00e1ts\u00e1gklub<\/em>.<\/p>\n<p>17.55 \u00f3rakor <em>r\u00f3zsaf\u00fcz\u00e9r \u00e1jtatoss\u00e1g<\/em>. Ut\u00e1na <em>szentmise<\/em>. Keret\u00e9ben <em>P\u00e9nteki Egyetem<\/em><strong>, <\/strong>azaz <em>Besz\u00e9lget\u00e9sek a Katekizmusr\u00f3l. <\/em>Majd <em>Sportklub<\/em> \u00e9s <em>K\u00f3rus<\/em>.<\/p>\n<p><strong>Weingartenben<\/strong> 17.30 \u00f3rakor r\u00f3zsaf\u00fcz\u00e9r \u00e1jtatoss\u00e1g \u00e9s gy\u00f3ntat\u00e1s, 18.00 \u00f3rakor <em>szentmise<\/em>, majd <em>Besz\u00e9lget\u00e9sek a Szent\u00edr\u00e1sr\u00f3l.<\/em><\/p>\n<p>*<\/p>\n<p><strong>Janu\u00e1r 28-\u00e1n, <\/strong>szombaton, <strong>Fellbachban, <\/strong>18.00 \u00f3rakor a Schwabenlandhalle-ban (Tainer Str. 7), <em>42. Stuttgarti Magyar J\u00f3t\u00e9konys\u00e1gi B\u00e1l. <\/em><\/p>\n<p><strong>*<\/strong><\/p>\n<p><strong>Janu\u00e1r 29-\u00e9n<\/strong>, vas\u00e1rnap 10<strong>.00 \u00f3rakor <\/strong><strong>Stuttgartban, <\/strong>a Herz-Jesu-templomban (Schurwald Str. 4) \u00a0<em>n\u00e9met-magyar <\/em>nyelv\u0171<em> szentmise. <\/em>Ut\u00e1na <em>\u00e1ll\u00f3fogad\u00e1s<\/em>.<\/p>\n<p><strong>15.00 \u00f3rakor <\/strong><strong>Tuttlingenben<\/strong> <em>szentmise<\/em>, majd ut\u00e1na <em>\u00e1g\u00e1p\u00e9<\/em>.<\/p>\n<p>*<\/p>\n<p><strong>Febru\u00e1r 2-\u00e1n, <\/strong>cs\u00fct\u00f6rt\u00f6k\u00f6n, <strong>Ulmban <\/strong>a szentmise ELMARAD<em>. <\/em><\/p>\n<p>*<\/p>\n<p><strong>Febru\u00e1r 3-\u00e1n, <\/strong>p\u00e9nteken, <strong>Stuttgartban<\/strong> 16.00 \u00f3rakor <em>Bar\u00e1ts\u00e1gklub<\/em>.<strong>\u00a0 <\/strong>17.50 \u00f3rakor <em>r\u00f3zsaf\u00fcz\u00e9r<\/em>, majd <em>szentmise<\/em>. Keret\u00e9ben <em>gyertyaszentel\u00e9s<\/em> \u00e9s <em>bal\u00e1zs\u00e1ld\u00e1s<\/em>.<\/p>\n<p><strong>Weingartenben <\/strong>18.00 \u00f3rakor <em>szentmise<\/em> a 14 Nothelfer-Kapelle-ben. Keret\u00e9ben <em>gyertyaszentel\u00e9s<\/em> \u00e9s <em>bal\u00e1zs\u00e1ld\u00e1s<\/em>. El\u0151tte gy\u00f3ntat\u00e1s, ut\u00e1na <em>Besz\u00e9lget\u00e9sek a Bibli\u00e1r\u00f3l.<\/em><\/p>\n<p>*<\/p>\n<p><strong>Febru\u00e1r 4-\u00e9n<\/strong>, szombaton, <strong>Balingenben<\/strong> <em>templomb\u00facs\u00fa: Magyar Boldog P\u00e1l <\/em>\u00fcnnepe. 17.00 \u00f3rakor <em>szentmise<\/em>. El\u0151tte gy\u00f3ntat\u00e1s, ut\u00e1na <em>\u00e1g\u00e1p\u00e9<\/em>. K\u00e9rj\u00fck a k\u00f6rny\u00e9ken lak\u00f3 H\u00edveinket, hogy \u0151k is l\u00e1togassanak el Balingenbe!<\/p>\n<p><strong>Febru\u00e1r 4-\u00e9n Weingartenben<\/strong> 18.00 \u00f3rakor a k\u00f6z\u00f6ss\u00e9g <em>Farsangi B\u00e1l<\/em>ja lesz a St. Martin K\u00f6z\u00f6ss\u00e9gi H\u00e1zban. Szeretettel h\u00edvunk \u00e9s v\u00e1runk!<\/p>\n<p>*<\/p>\n<p><strong>Febru\u00e1r 5-\u00e9n, <\/strong>vas\u00e1rnap, 9.00 \u00f3rakor <strong>Munderkingenben <\/strong>\u00a0<em>szentmise<\/em>. El\u0151tte gy\u00f3ntat\u00e1s.<\/p>\n<p>9.30 \u00f3rakor <strong>Schw\u00e4bisch-Gm\u00fcndben <\/strong><em>szentmise<\/em>. Ut\u00e1na <em>\u00e1g\u00e1p\u00e9<\/em>.<\/p>\n<p>15.00 \u00f3rakor <strong>Stuttgartban <\/strong><em>Zar\u00e1ndokok<\/em> <em>szentmis\u00e9je<\/em>. Ut\u00e1na <em>\u00e1g\u00e1p\u00e9, <\/em>keret\u00e9ben <em>Zar\u00e1ndokok Tal\u00e1lkoz\u00f3ja. <\/em>A Kisk\u00f6nyvt\u00e1rban pedig <em>els\u0151\u00e1ldoz\u00f3k el\u0151k\u00e9sz\u00edt\u0151je.<\/em><\/p>\n<p>Minden helyen mindenkit szeretettel v\u00e1r a k\u00f6z\u00f6ss\u00e9g, Imre atya \u00e9s Tibor atya!<\/p>\n<p><em>\u201eA fiatalok nem is gondolj\u00e1k, hogy azt a hitet, amit most eldobnak, milyen neh\u00e9z lesz k\u00e9s\u0151bben \u00fajra megtal\u00e1lni, amikor olyan nagy sz\u00fcks\u00e9g lenne r\u00e1.\u201d <\/em><strong>(Paul Claudel \u2013 1868-1955 \u2013 francia \u00edr\u00f3)<\/strong><\/p>\n<p><strong><em>Bens\u0151s\u00e9ges napokat, j\u00f3 munk\u00e1t, tartalmas besz\u00e9lget\u00e9seket \u00e9s kellemes tal\u00e1lkoz\u00e1sokat k\u00edv\u00e1nunk minden kedves H\u00edv\u00fcnknek!<\/em><\/strong><\/p>\n","protected":false},"excerpt":{"rendered":"<p>Programel\u0151zetes Janu\u00e1r 26-\u00e1n, cs\u00fct\u00f6rt\u00f6k\u00f6n este 17.30 \u00f3r\u00e1t\u00f3l Ulmban szentmise, majd ut\u00e1na Besz\u00e9lget\u00e9sek a Szent\u00edr\u00e1sr\u00f3l. * Janu\u00e1r 27-\u00e9n, p\u00e9nteken, Stuttgartban 16.00 \u00f3rakor Bar\u00e1ts\u00e1gklub. 17.55 \u00f3rakor r\u00f3zsaf\u00fcz\u00e9r \u00e1jtatoss\u00e1g. Ut\u00e1na szentmise. Keret\u00e9ben P\u00e9nteki Egyetem, azaz Besz\u00e9lget\u00e9sek a Katekizmusr\u00f3l. Majd Sportklub \u00e9s K\u00f3rus. Weingartenben 17.30 \u00f3rakor r\u00f3zsaf\u00fcz\u00e9r \u00e1jtatoss\u00e1g \u00e9s gy\u00f3ntat\u00e1s, 18.00 \u00f3rakor szentmise, majd Besz\u00e9lget\u00e9sek a Szent\u00edr\u00e1sr\u00f3l. * Janu\u00e1r 28-\u00e1n, szombaton, Fellbachban, 18.00 \u00f3rakor a Schwabenlandhalle-ban (Tainer Str. 7), 42. Stuttgarti Magyar J\u00f3t\u00e9konys\u00e1gi B\u00e1l. * Janu\u00e1r 29-\u00e9n, vas\u00e1rnap 10.00 \u00f3rakor Stuttgartban, a Herz-Jesu-templomban (Schurwald Str. 4) \u00a0n\u00e9met-magyar nyelv\u0171 szentmise. Ut\u00e1na \u00e1ll\u00f3fogad\u00e1s. 15.00 \u00f3rakor Tuttlingenben szentmise, majd ut\u00e1na \u00e1g\u00e1p\u00e9. * Febru\u00e1r 2-\u00e1n, cs\u00fct\u00f6rt\u00f6k\u00f6n, Ulmban a szentmise ELMARAD. * Febru\u00e1r 3-\u00e1n, p\u00e9nteken, Stuttgartban 16.00 \u00f3rakor Bar\u00e1ts\u00e1gklub.\u00a0 17.50 \u00f3rakor r\u00f3zsaf\u00fcz\u00e9r, majd szentmise. Keret\u00e9ben gyertyaszentel\u00e9s \u00e9s bal\u00e1zs\u00e1ld\u00e1s. Weingartenben 18.00 \u00f3rakor szentmise a 14 Nothelfer-Kapelle-ben. Keret\u00e9ben gyertyaszentel\u00e9s \u00e9s bal\u00e1zs\u00e1ld\u00e1s. El\u0151tte gy\u00f3ntat\u00e1s, ut\u00e1na Besz\u00e9lget\u00e9sek a Bibli\u00e1r\u00f3l. * Febru\u00e1r 4-\u00e9n, szombaton, Balingenben templomb\u00facs\u00fa: Magyar Boldog P\u00e1l \u00fcnnepe. 17.00 \u00f3rakor szentmise. El\u0151tte gy\u00f3ntat\u00e1s, ut\u00e1na \u00e1g\u00e1p\u00e9. K\u00e9rj\u00fck a k\u00f6rny\u00e9ken lak\u00f3 H\u00edveinket, hogy \u0151k is l\u00e1togassanak el Balingenbe! Febru\u00e1r 4-\u00e9n Weingartenben 18.00 \u00f3rakor a k\u00f6z\u00f6ss\u00e9g Farsangi B\u00e1lja lesz a St. Martin K\u00f6z\u00f6ss\u00e9gi H\u00e1zban. Szeretettel h\u00edvunk \u00e9s v\u00e1runk! * Febru\u00e1r 5-\u00e9n, vas\u00e1rnap, 9.00 \u00f3rakor Munderkingenben \u00a0szentmise. El\u0151tte gy\u00f3ntat\u00e1s. 9.30 \u00f3rakor Schw\u00e4bisch-Gm\u00fcndben szentmise. Ut\u00e1na \u00e1g\u00e1p\u00e9. 15.00 \u00f3rakor Stuttgartban Zar\u00e1ndokok szentmis\u00e9je. Ut\u00e1na \u00e1g\u00e1p\u00e9, keret\u00e9ben Zar\u00e1ndokok Tal\u00e1lkoz\u00f3ja. A Kisk\u00f6nyvt\u00e1rban pedig els\u0151\u00e1ldoz\u00f3k el\u0151k\u00e9sz\u00edt\u0151je. Minden helyen mindenkit szeretettel v\u00e1r a k\u00f6z\u00f6ss\u00e9g, Imre atya \u00e9s Tibor atya! \u201eA fiatalok nem is gondolj\u00e1k, hogy azt a hitet, amit most eldobnak, milyen neh\u00e9z lesz k\u00e9s\u0151bben \u00fajra megtal\u00e1lni, amikor olyan nagy sz\u00fcks\u00e9g lenne r\u00e1.\u201d (Paul Claudel \u2013 1868-1955 \u2013 francia \u00edr\u00f3) Bens\u0151s\u00e9ges napokat, j\u00f3 munk\u00e1t, tartalmas besz\u00e9lget\u00e9seket \u00e9s kellemes tal\u00e1lkoz\u00e1sokat k\u00edv\u00e1nunk minden kedves H\u00edv\u00fcnknek!<\/p>\n","protected":false},"author":3,"featured_media":11046,"comment_status":"closed","ping_status":"closed","sticky":false,"template":"","format":"standard","meta":{"footnotes":""},"categories":[37],"tags":[],"class_list":["post-11045","post","type-post","status-publish","format-standard","has-post-thumbnail","hentry","category-progamelozetes"],"yoast_head":"<!-- This site is optimized with the Yoast SEO plugin v27.3 - https:\/\/yoast.com\/product\/yoast-seo-wordpress\/ -->\n<title>Programel\u0151zetes janu\u00e1r 23 \u00e9s febru\u00e1r 5 k\u00f6z\u00f6tt - Stuttgarti Katolikusok<\/title>\n<meta name=\"robots\" content=\"index, follow, max-snippet:-1, max-image-preview:large, max-video-preview:-1\" \/>\n<link rel=\"canonical\" href=\"https:\/\/stuttgarti-katolikusok.de\/index.php\/programelozetes-januar-23-es-februar-5-kozott\/\" \/>\n<meta property=\"og:locale\" content=\"hu_HU\" \/>\n<meta property=\"og:type\" content=\"article\" \/>\n<meta property=\"og:title\" content=\"Programel\u0151zetes janu\u00e1r 23 \u00e9s febru\u00e1r 5 k\u00f6z\u00f6tt - Stuttgarti Katolikusok\" \/>\n<meta property=\"og:description\" content=\"Programel\u0151zetes Janu\u00e1r 26-\u00e1n, cs\u00fct\u00f6rt\u00f6k\u00f6n este 17.30 \u00f3r\u00e1t\u00f3l Ulmban szentmise, majd ut\u00e1na Besz\u00e9lget\u00e9sek a Szent\u00edr\u00e1sr\u00f3l. * Janu\u00e1r 27-\u00e9n, p\u00e9nteken, Stuttgartban 16.00 \u00f3rakor Bar\u00e1ts\u00e1gklub. 17.55 \u00f3rakor r\u00f3zsaf\u00fcz\u00e9r \u00e1jtatoss\u00e1g. Ut\u00e1na szentmise. Keret\u00e9ben P\u00e9nteki Egyetem, azaz Besz\u00e9lget\u00e9sek a Katekizmusr\u00f3l. Majd Sportklub \u00e9s K\u00f3rus. Weingartenben 17.30 \u00f3rakor r\u00f3zsaf\u00fcz\u00e9r \u00e1jtatoss\u00e1g \u00e9s gy\u00f3ntat\u00e1s, 18.00 \u00f3rakor szentmise, majd Besz\u00e9lget\u00e9sek a Szent\u00edr\u00e1sr\u00f3l. * Janu\u00e1r 28-\u00e1n, szombaton, Fellbachban, 18.00 \u00f3rakor a Schwabenlandhalle-ban (Tainer Str. 7), 42. Stuttgarti Magyar J\u00f3t\u00e9konys\u00e1gi B\u00e1l. * Janu\u00e1r 29-\u00e9n, vas\u00e1rnap 10.00 \u00f3rakor Stuttgartban, a Herz-Jesu-templomban (Schurwald Str. 4) \u00a0n\u00e9met-magyar nyelv\u0171 szentmise. Ut\u00e1na \u00e1ll\u00f3fogad\u00e1s. 15.00 \u00f3rakor Tuttlingenben szentmise, majd ut\u00e1na \u00e1g\u00e1p\u00e9. * Febru\u00e1r 2-\u00e1n, cs\u00fct\u00f6rt\u00f6k\u00f6n, Ulmban a szentmise ELMARAD. * Febru\u00e1r 3-\u00e1n, p\u00e9nteken, Stuttgartban 16.00 \u00f3rakor Bar\u00e1ts\u00e1gklub.\u00a0 17.50 \u00f3rakor r\u00f3zsaf\u00fcz\u00e9r, majd szentmise. Keret\u00e9ben gyertyaszentel\u00e9s \u00e9s bal\u00e1zs\u00e1ld\u00e1s. Weingartenben 18.00 \u00f3rakor szentmise a 14 Nothelfer-Kapelle-ben. Keret\u00e9ben gyertyaszentel\u00e9s \u00e9s bal\u00e1zs\u00e1ld\u00e1s. El\u0151tte gy\u00f3ntat\u00e1s, ut\u00e1na Besz\u00e9lget\u00e9sek a Bibli\u00e1r\u00f3l. * Febru\u00e1r 4-\u00e9n, szombaton, Balingenben templomb\u00facs\u00fa: Magyar Boldog P\u00e1l \u00fcnnepe. 17.00 \u00f3rakor szentmise. El\u0151tte gy\u00f3ntat\u00e1s, ut\u00e1na \u00e1g\u00e1p\u00e9. K\u00e9rj\u00fck a k\u00f6rny\u00e9ken lak\u00f3 H\u00edveinket, hogy \u0151k is l\u00e1togassanak el Balingenbe! Febru\u00e1r 4-\u00e9n Weingartenben 18.00 \u00f3rakor a k\u00f6z\u00f6ss\u00e9g Farsangi B\u00e1lja lesz a St. Martin K\u00f6z\u00f6ss\u00e9gi H\u00e1zban. Szeretettel h\u00edvunk \u00e9s v\u00e1runk! * Febru\u00e1r 5-\u00e9n, vas\u00e1rnap, 9.00 \u00f3rakor Munderkingenben \u00a0szentmise. El\u0151tte gy\u00f3ntat\u00e1s. 9.30 \u00f3rakor Schw\u00e4bisch-Gm\u00fcndben szentmise. Ut\u00e1na \u00e1g\u00e1p\u00e9. 15.00 \u00f3rakor Stuttgartban Zar\u00e1ndokok szentmis\u00e9je. Ut\u00e1na \u00e1g\u00e1p\u00e9, keret\u00e9ben Zar\u00e1ndokok Tal\u00e1lkoz\u00f3ja. A Kisk\u00f6nyvt\u00e1rban pedig els\u0151\u00e1ldoz\u00f3k el\u0151k\u00e9sz\u00edt\u0151je. Minden helyen mindenkit szeretettel v\u00e1r a k\u00f6z\u00f6ss\u00e9g, Imre atya \u00e9s Tibor atya! \u201eA fiatalok nem is gondolj\u00e1k, hogy azt a hitet, amit most eldobnak, milyen neh\u00e9z lesz k\u00e9s\u0151bben \u00fajra megtal\u00e1lni, amikor olyan nagy sz\u00fcks\u00e9g lenne r\u00e1.\u201d (Paul Claudel \u2013 1868-1955 \u2013 francia \u00edr\u00f3) Bens\u0151s\u00e9ges napokat, j\u00f3 munk\u00e1t, tartalmas besz\u00e9lget\u00e9seket \u00e9s kellemes tal\u00e1lkoz\u00e1sokat k\u00edv\u00e1nunk minden kedves H\u00edv\u00fcnknek!\" \/>\n<meta property=\"og:url\" content=\"https:\/\/stuttgarti-katolikusok.de\/index.php\/programelozetes-januar-23-es-februar-5-kozott\/\" \/>\n<meta property=\"og:site_name\" content=\"Stuttgarti Katolikusok\" \/>\n<meta property=\"article:published_time\" content=\"2017-01-23T06:28:56+00:00\" \/>\n<meta property=\"article:modified_time\" content=\"2017-01-23T21:20:20+00:00\" \/>\n<meta property=\"og:image\" content=\"https:\/\/stuttgarti-katolikusok.de\/wp-content\/uploads\/2017\/01\/hit_remeny_szeretet_327730_30071_n.jpg\" \/>\n\t<meta property=\"og:image:width\" content=\"355\" \/>\n\t<meta property=\"og:image:height\" content=\"351\" \/>\n\t<meta property=\"og:image:type\" content=\"image\/jpeg\" \/>\n<meta name=\"author\" content=\"Tibor atya\" \/>\n<meta name=\"twitter:card\" content=\"summary_large_image\" \/>\n<meta name=\"twitter:label1\" content=\"Szerz\u0151:\" \/>\n\t<meta name=\"twitter:data1\" content=\"Tibor atya\" \/>\n\t<meta name=\"twitter:label2\" content=\"Becs\u00fclt olvas\u00e1si id\u0151\" \/>\n\t<meta name=\"twitter:data2\" content=\"2 perc\" \/>\n<script type=\"application\/ld+json\" class=\"yoast-schema-graph\">{\"@context\":\"https:\\\/\\\/schema.org\",\"@graph\":[{\"@type\":\"Article\",\"@id\":\"https:\\\/\\\/stuttgarti-katolikusok.de\\\/index.php\\\/programelozetes-januar-23-es-februar-5-kozott\\\/#article\",\"isPartOf\":{\"@id\":\"https:\\\/\\\/stuttgarti-katolikusok.de\\\/index.php\\\/programelozetes-januar-23-es-februar-5-kozott\\\/\"},\"author\":{\"name\":\"Tibor atya\",\"@id\":\"https:\\\/\\\/stuttgarti-katolikusok.de\\\/#\\\/schema\\\/person\\\/75908d6f8fdc03a57889d27209df7795\"},\"headline\":\"Programel\u0151zetes janu\u00e1r 23 \u00e9s febru\u00e1r 5 k\u00f6z\u00f6tt\",\"datePublished\":\"2017-01-23T06:28:56+00:00\",\"dateModified\":\"2017-01-23T21:20:20+00:00\",\"mainEntityOfPage\":{\"@id\":\"https:\\\/\\\/stuttgarti-katolikusok.de\\\/index.php\\\/programelozetes-januar-23-es-februar-5-kozott\\\/\"},\"wordCount\":415,\"image\":{\"@id\":\"https:\\\/\\\/stuttgarti-katolikusok.de\\\/index.php\\\/programelozetes-januar-23-es-februar-5-kozott\\\/#primaryimage\"},\"thumbnailUrl\":\"https:\\\/\\\/stuttgarti-katolikusok.de\\\/wp-content\\\/uploads\\\/2017\\\/01\\\/hit_remeny_szeretet_327730_30071_n.jpg\",\"articleSection\":[\"Progamel\u0151zetes\"],\"inLanguage\":\"hu\"},{\"@type\":\"WebPage\",\"@id\":\"https:\\\/\\\/stuttgarti-katolikusok.de\\\/index.php\\\/programelozetes-januar-23-es-februar-5-kozott\\\/\",\"url\":\"https:\\\/\\\/stuttgarti-katolikusok.de\\\/index.php\\\/programelozetes-januar-23-es-februar-5-kozott\\\/\",\"name\":\"Programel\u0151zetes janu\u00e1r 23 \u00e9s febru\u00e1r 5 k\u00f6z\u00f6tt - Stuttgarti Katolikusok\",\"isPartOf\":{\"@id\":\"https:\\\/\\\/stuttgarti-katolikusok.de\\\/#website\"},\"primaryImageOfPage\":{\"@id\":\"https:\\\/\\\/stuttgarti-katolikusok.de\\\/index.php\\\/programelozetes-januar-23-es-februar-5-kozott\\\/#primaryimage\"},\"image\":{\"@id\":\"https:\\\/\\\/stuttgarti-katolikusok.de\\\/index.php\\\/programelozetes-januar-23-es-februar-5-kozott\\\/#primaryimage\"},\"thumbnailUrl\":\"https:\\\/\\\/stuttgarti-katolikusok.de\\\/wp-content\\\/uploads\\\/2017\\\/01\\\/hit_remeny_szeretet_327730_30071_n.jpg\",\"datePublished\":\"2017-01-23T06:28:56+00:00\",\"dateModified\":\"2017-01-23T21:20:20+00:00\",\"author\":{\"@id\":\"https:\\\/\\\/stuttgarti-katolikusok.de\\\/#\\\/schema\\\/person\\\/75908d6f8fdc03a57889d27209df7795\"},\"breadcrumb\":{\"@id\":\"https:\\\/\\\/stuttgarti-katolikusok.de\\\/index.php\\\/programelozetes-januar-23-es-februar-5-kozott\\\/#breadcrumb\"},\"inLanguage\":\"hu\",\"potentialAction\":[{\"@type\":\"ReadAction\",\"target\":[\"https:\\\/\\\/stuttgarti-katolikusok.de\\\/index.php\\\/programelozetes-januar-23-es-februar-5-kozott\\\/\"]}]},{\"@type\":\"ImageObject\",\"inLanguage\":\"hu\",\"@id\":\"https:\\\/\\\/stuttgarti-katolikusok.de\\\/index.php\\\/programelozetes-januar-23-es-februar-5-kozott\\\/#primaryimage\",\"url\":\"https:\\\/\\\/stuttgarti-katolikusok.de\\\/wp-content\\\/uploads\\\/2017\\\/01\\\/hit_remeny_szeretet_327730_30071_n.jpg\",\"contentUrl\":\"https:\\\/\\\/stuttgarti-katolikusok.de\\\/wp-content\\\/uploads\\\/2017\\\/01\\\/hit_remeny_szeretet_327730_30071_n.jpg\",\"width\":355,\"height\":351},{\"@type\":\"BreadcrumbList\",\"@id\":\"https:\\\/\\\/stuttgarti-katolikusok.de\\\/index.php\\\/programelozetes-januar-23-es-februar-5-kozott\\\/#breadcrumb\",\"itemListElement\":[{\"@type\":\"ListItem\",\"position\":1,\"name\":\"Kezd\u0151lap\",\"item\":\"https:\\\/\\\/stuttgarti-katolikusok.de\\\/\"},{\"@type\":\"ListItem\",\"position\":2,\"name\":\"Programel\u0151zetes janu\u00e1r 23 \u00e9s febru\u00e1r 5 k\u00f6z\u00f6tt\"}]},{\"@type\":\"WebSite\",\"@id\":\"https:\\\/\\\/stuttgarti-katolikusok.de\\\/#website\",\"url\":\"https:\\\/\\\/stuttgarti-katolikusok.de\\\/\",\"name\":\"Stuttgarti Katolikusok\",\"description\":\"\",\"potentialAction\":[{\"@type\":\"SearchAction\",\"target\":{\"@type\":\"EntryPoint\",\"urlTemplate\":\"https:\\\/\\\/stuttgarti-katolikusok.de\\\/?s={search_term_string}\"},\"query-input\":{\"@type\":\"PropertyValueSpecification\",\"valueRequired\":true,\"valueName\":\"search_term_string\"}}],\"inLanguage\":\"hu\"},{\"@type\":\"Person\",\"@id\":\"https:\\\/\\\/stuttgarti-katolikusok.de\\\/#\\\/schema\\\/person\\\/75908d6f8fdc03a57889d27209df7795\",\"name\":\"Tibor atya\",\"image\":{\"@type\":\"ImageObject\",\"inLanguage\":\"hu\",\"@id\":\"https:\\\/\\\/secure.gravatar.com\\\/avatar\\\/61d268e57d1f4525b111222e29d2d5a7f8c420fdbf231ba5566a8ceac74fa960?s=96&d=mm&r=g\",\"url\":\"https:\\\/\\\/secure.gravatar.com\\\/avatar\\\/61d268e57d1f4525b111222e29d2d5a7f8c420fdbf231ba5566a8ceac74fa960?s=96&d=mm&r=g\",\"contentUrl\":\"https:\\\/\\\/secure.gravatar.com\\\/avatar\\\/61d268e57d1f4525b111222e29d2d5a7f8c420fdbf231ba5566a8ceac74fa960?s=96&d=mm&r=g\",\"caption\":\"Tibor atya\"},\"url\":\"https:\\\/\\\/stuttgarti-katolikusok.de\\\/index.php\\\/author\\\/tibor-atya\\\/\"}]}<\/script>\n<!-- \/ Yoast SEO plugin. -->","yoast_head_json":{"title":"Programel\u0151zetes janu\u00e1r 23 \u00e9s febru\u00e1r 5 k\u00f6z\u00f6tt - Stuttgarti Katolikusok","robots":{"index":"index","follow":"follow","max-snippet":"max-snippet:-1","max-image-preview":"max-image-preview:large","max-video-preview":"max-video-preview:-1"},"canonical":"https:\/\/stuttgarti-katolikusok.de\/index.php\/programelozetes-januar-23-es-februar-5-kozott\/","og_locale":"hu_HU","og_type":"article","og_title":"Programel\u0151zetes janu\u00e1r 23 \u00e9s febru\u00e1r 5 k\u00f6z\u00f6tt - Stuttgarti Katolikusok","og_description":"Programel\u0151zetes Janu\u00e1r 26-\u00e1n, cs\u00fct\u00f6rt\u00f6k\u00f6n este 17.30 \u00f3r\u00e1t\u00f3l Ulmban szentmise, majd ut\u00e1na Besz\u00e9lget\u00e9sek a Szent\u00edr\u00e1sr\u00f3l. * Janu\u00e1r 27-\u00e9n, p\u00e9nteken, Stuttgartban 16.00 \u00f3rakor Bar\u00e1ts\u00e1gklub. 17.55 \u00f3rakor r\u00f3zsaf\u00fcz\u00e9r \u00e1jtatoss\u00e1g. Ut\u00e1na szentmise. Keret\u00e9ben P\u00e9nteki Egyetem, azaz Besz\u00e9lget\u00e9sek a Katekizmusr\u00f3l. Majd Sportklub \u00e9s K\u00f3rus. Weingartenben 17.30 \u00f3rakor r\u00f3zsaf\u00fcz\u00e9r \u00e1jtatoss\u00e1g \u00e9s gy\u00f3ntat\u00e1s, 18.00 \u00f3rakor szentmise, majd Besz\u00e9lget\u00e9sek a Szent\u00edr\u00e1sr\u00f3l. * Janu\u00e1r 28-\u00e1n, szombaton, Fellbachban, 18.00 \u00f3rakor a Schwabenlandhalle-ban (Tainer Str. 7), 42. Stuttgarti Magyar J\u00f3t\u00e9konys\u00e1gi B\u00e1l. * Janu\u00e1r 29-\u00e9n, vas\u00e1rnap 10.00 \u00f3rakor Stuttgartban, a Herz-Jesu-templomban (Schurwald Str. 4) \u00a0n\u00e9met-magyar nyelv\u0171 szentmise. Ut\u00e1na \u00e1ll\u00f3fogad\u00e1s. 15.00 \u00f3rakor Tuttlingenben szentmise, majd ut\u00e1na \u00e1g\u00e1p\u00e9. * Febru\u00e1r 2-\u00e1n, cs\u00fct\u00f6rt\u00f6k\u00f6n, Ulmban a szentmise ELMARAD. * Febru\u00e1r 3-\u00e1n, p\u00e9nteken, Stuttgartban 16.00 \u00f3rakor Bar\u00e1ts\u00e1gklub.\u00a0 17.50 \u00f3rakor r\u00f3zsaf\u00fcz\u00e9r, majd szentmise. Keret\u00e9ben gyertyaszentel\u00e9s \u00e9s bal\u00e1zs\u00e1ld\u00e1s. Weingartenben 18.00 \u00f3rakor szentmise a 14 Nothelfer-Kapelle-ben. Keret\u00e9ben gyertyaszentel\u00e9s \u00e9s bal\u00e1zs\u00e1ld\u00e1s. El\u0151tte gy\u00f3ntat\u00e1s, ut\u00e1na Besz\u00e9lget\u00e9sek a Bibli\u00e1r\u00f3l. * Febru\u00e1r 4-\u00e9n, szombaton, Balingenben templomb\u00facs\u00fa: Magyar Boldog P\u00e1l \u00fcnnepe. 17.00 \u00f3rakor szentmise. El\u0151tte gy\u00f3ntat\u00e1s, ut\u00e1na \u00e1g\u00e1p\u00e9. K\u00e9rj\u00fck a k\u00f6rny\u00e9ken lak\u00f3 H\u00edveinket, hogy \u0151k is l\u00e1togassanak el Balingenbe! Febru\u00e1r 4-\u00e9n Weingartenben 18.00 \u00f3rakor a k\u00f6z\u00f6ss\u00e9g Farsangi B\u00e1lja lesz a St. Martin K\u00f6z\u00f6ss\u00e9gi H\u00e1zban. Szeretettel h\u00edvunk \u00e9s v\u00e1runk! * Febru\u00e1r 5-\u00e9n, vas\u00e1rnap, 9.00 \u00f3rakor Munderkingenben \u00a0szentmise. El\u0151tte gy\u00f3ntat\u00e1s. 9.30 \u00f3rakor Schw\u00e4bisch-Gm\u00fcndben szentmise. Ut\u00e1na \u00e1g\u00e1p\u00e9. 15.00 \u00f3rakor Stuttgartban Zar\u00e1ndokok szentmis\u00e9je. Ut\u00e1na \u00e1g\u00e1p\u00e9, keret\u00e9ben Zar\u00e1ndokok Tal\u00e1lkoz\u00f3ja. A Kisk\u00f6nyvt\u00e1rban pedig els\u0151\u00e1ldoz\u00f3k el\u0151k\u00e9sz\u00edt\u0151je. Minden helyen mindenkit szeretettel v\u00e1r a k\u00f6z\u00f6ss\u00e9g, Imre atya \u00e9s Tibor atya! \u201eA fiatalok nem is gondolj\u00e1k, hogy azt a hitet, amit most eldobnak, milyen neh\u00e9z lesz k\u00e9s\u0151bben \u00fajra megtal\u00e1lni, amikor olyan nagy sz\u00fcks\u00e9g lenne r\u00e1.\u201d (Paul Claudel \u2013 1868-1955 \u2013 francia \u00edr\u00f3) Bens\u0151s\u00e9ges napokat, j\u00f3 munk\u00e1t, tartalmas besz\u00e9lget\u00e9seket \u00e9s kellemes tal\u00e1lkoz\u00e1sokat k\u00edv\u00e1nunk minden kedves H\u00edv\u00fcnknek!","og_url":"https:\/\/stuttgarti-katolikusok.de\/index.php\/programelozetes-januar-23-es-februar-5-kozott\/","og_site_name":"Stuttgarti Katolikusok","article_published_time":"2017-01-23T06:28:56+00:00","article_modified_time":"2017-01-23T21:20:20+00:00","og_image":[{"width":355,"height":351,"url":"https:\/\/stuttgarti-katolikusok.de\/wp-content\/uploads\/2017\/01\/hit_remeny_szeretet_327730_30071_n.jpg","type":"image\/jpeg"}],"author":"Tibor atya","twitter_card":"summary_large_image","twitter_misc":{"Szerz\u0151:":"Tibor atya","Becs\u00fclt olvas\u00e1si id\u0151":"2 perc"},"schema":{"@context":"https:\/\/schema.org","@graph":[{"@type":"Article","@id":"https:\/\/stuttgarti-katolikusok.de\/index.php\/programelozetes-januar-23-es-februar-5-kozott\/#article","isPartOf":{"@id":"https:\/\/stuttgarti-katolikusok.de\/index.php\/programelozetes-januar-23-es-februar-5-kozott\/"},"author":{"name":"Tibor atya","@id":"https:\/\/stuttgarti-katolikusok.de\/#\/schema\/person\/75908d6f8fdc03a57889d27209df7795"},"headline":"Programel\u0151zetes janu\u00e1r 23 \u00e9s febru\u00e1r 5 k\u00f6z\u00f6tt","datePublished":"2017-01-23T06:28:56+00:00","dateModified":"2017-01-23T21:20:20+00:00","mainEntityOfPage":{"@id":"https:\/\/stuttgarti-katolikusok.de\/index.php\/programelozetes-januar-23-es-februar-5-kozott\/"},"wordCount":415,"image":{"@id":"https:\/\/stuttgarti-katolikusok.de\/index.php\/programelozetes-januar-23-es-februar-5-kozott\/#primaryimage"},"thumbnailUrl":"https:\/\/stuttgarti-katolikusok.de\/wp-content\/uploads\/2017\/01\/hit_remeny_szeretet_327730_30071_n.jpg","articleSection":["Progamel\u0151zetes"],"inLanguage":"hu"},{"@type":"WebPage","@id":"https:\/\/stuttgarti-katolikusok.de\/index.php\/programelozetes-januar-23-es-februar-5-kozott\/","url":"https:\/\/stuttgarti-katolikusok.de\/index.php\/programelozetes-januar-23-es-februar-5-kozott\/","name":"Programel\u0151zetes janu\u00e1r 23 \u00e9s febru\u00e1r 5 k\u00f6z\u00f6tt - Stuttgarti Katolikusok","isPartOf":{"@id":"https:\/\/stuttgarti-katolikusok.de\/#website"},"primaryImageOfPage":{"@id":"https:\/\/stuttgarti-katolikusok.de\/index.php\/programelozetes-januar-23-es-februar-5-kozott\/#primaryimage"},"image":{"@id":"https:\/\/stuttgarti-katolikusok.de\/index.php\/programelozetes-januar-23-es-februar-5-kozott\/#primaryimage"},"thumbnailUrl":"https:\/\/stuttgarti-katolikusok.de\/wp-content\/uploads\/2017\/01\/hit_remeny_szeretet_327730_30071_n.jpg","datePublished":"2017-01-23T06:28:56+00:00","dateModified":"2017-01-23T21:20:20+00:00","author":{"@id":"https:\/\/stuttgarti-katolikusok.de\/#\/schema\/person\/75908d6f8fdc03a57889d27209df7795"},"breadcrumb":{"@id":"https:\/\/stuttgarti-katolikusok.de\/index.php\/programelozetes-januar-23-es-februar-5-kozott\/#breadcrumb"},"inLanguage":"hu","potentialAction":[{"@type":"ReadAction","target":["https:\/\/stuttgarti-katolikusok.de\/index.php\/programelozetes-januar-23-es-februar-5-kozott\/"]}]},{"@type":"ImageObject","inLanguage":"hu","@id":"https:\/\/stuttgarti-katolikusok.de\/index.php\/programelozetes-januar-23-es-februar-5-kozott\/#primaryimage","url":"https:\/\/stuttgarti-katolikusok.de\/wp-content\/uploads\/2017\/01\/hit_remeny_szeretet_327730_30071_n.jpg","contentUrl":"https:\/\/stuttgarti-katolikusok.de\/wp-content\/uploads\/2017\/01\/hit_remeny_szeretet_327730_30071_n.jpg","width":355,"height":351},{"@type":"BreadcrumbList","@id":"https:\/\/stuttgarti-katolikusok.de\/index.php\/programelozetes-januar-23-es-februar-5-kozott\/#breadcrumb","itemListElement":[{"@type":"ListItem","position":1,"name":"Kezd\u0151lap","item":"https:\/\/stuttgarti-katolikusok.de\/"},{"@type":"ListItem","position":2,"name":"Programel\u0151zetes janu\u00e1r 23 \u00e9s febru\u00e1r 5 k\u00f6z\u00f6tt"}]},{"@type":"WebSite","@id":"https:\/\/stuttgarti-katolikusok.de\/#website","url":"https:\/\/stuttgarti-katolikusok.de\/","name":"Stuttgarti Katolikusok","description":"","potentialAction":[{"@type":"SearchAction","target":{"@type":"EntryPoint","urlTemplate":"https:\/\/stuttgarti-katolikusok.de\/?s={search_term_string}"},"query-input":{"@type":"PropertyValueSpecification","valueRequired":true,"valueName":"search_term_string"}}],"inLanguage":"hu"},{"@type":"Person","@id":"https:\/\/stuttgarti-katolikusok.de\/#\/schema\/person\/75908d6f8fdc03a57889d27209df7795","name":"Tibor atya","image":{"@type":"ImageObject","inLanguage":"hu","@id":"https:\/\/secure.gravatar.com\/avatar\/61d268e57d1f4525b111222e29d2d5a7f8c420fdbf231ba5566a8ceac74fa960?s=96&d=mm&r=g","url":"https:\/\/secure.gravatar.com\/avatar\/61d268e57d1f4525b111222e29d2d5a7f8c420fdbf231ba5566a8ceac74fa960?s=96&d=mm&r=g","contentUrl":"https:\/\/secure.gravatar.com\/avatar\/61d268e57d1f4525b111222e29d2d5a7f8c420fdbf231ba5566a8ceac74fa960?s=96&d=mm&r=g","caption":"Tibor atya"},"url":"https:\/\/stuttgarti-katolikusok.de\/index.php\/author\/tibor-atya\/"}]}},"_links":{"self":[{"href":"https:\/\/stuttgarti-katolikusok.de\/index.php\/wp-json\/wp\/v2\/posts\/11045","targetHints":{"allow":["GET"]}}],"collection":[{"href":"https:\/\/stuttgarti-katolikusok.de\/index.php\/wp-json\/wp\/v2\/posts"}],"about":[{"href":"https:\/\/stuttgarti-katolikusok.de\/index.php\/wp-json\/wp\/v2\/types\/post"}],"author":[{"embeddable":true,"href":"https:\/\/stuttgarti-katolikusok.de\/index.php\/wp-json\/wp\/v2\/users\/3"}],"replies":[{"embeddable":true,"href":"https:\/\/stuttgarti-katolikusok.de\/index.php\/wp-json\/wp\/v2\/comments?post=11045"}],"version-history":[{"count":2,"href":"https:\/\/stuttgarti-katolikusok.de\/index.php\/wp-json\/wp\/v2\/posts\/11045\/revisions"}],"predecessor-version":[{"id":11050,"href":"https:\/\/stuttgarti-katolikusok.de\/index.php\/wp-json\/wp\/v2\/posts\/11045\/revisions\/11050"}],"wp:featuredmedia":[{"embeddable":true,"href":"https:\/\/stuttgarti-katolikusok.de\/index.php\/wp-json\/wp\/v2\/media\/11046"}],"wp:attachment":[{"href":"https:\/\/stuttgarti-katolikusok.de\/index.php\/wp-json\/wp\/v2\/media?parent=11045"}],"wp:term":[{"taxonomy":"category","embeddable":true,"href":"https:\/\/stuttgarti-katolikusok.de\/index.php\/wp-json\/wp\/v2\/categories?post=11045"},{"taxonomy":"post_tag","embeddable":true,"href":"https:\/\/stuttgarti-katolikusok.de\/index.php\/wp-json\/wp\/v2\/tags?post=11045"}],"curies":[{"name":"wp","href":"https:\/\/api.w.org\/{rel}","templated":true}]}}