{"id":10944,"date":"2017-01-16T07:44:32","date_gmt":"2017-01-16T07:44:32","guid":{"rendered":"https:\/\/gracious-dewdney.138-201-221-2.plesk.page\/?p=10944"},"modified":"2017-01-16T14:57:11","modified_gmt":"2017-01-16T14:57:11","slug":"programelozetes-januar-16-es-22-kozott","status":"publish","type":"post","link":"https:\/\/stuttgarti-katolikusok.de\/index.php\/programelozetes-januar-16-es-22-kozott\/","title":{"rendered":"Programel\u0151zetes janu\u00e1r 16 \u00e9s 22 k\u00f6z\u00f6tt"},"content":{"rendered":"<p><strong>Programel\u0151zetes<\/strong><\/p>\n<p><strong>Janu\u00e1r 19-\u00e9n, <\/strong>cs\u00fct\u00f6rt\u00f6k\u00f6n, 17.30 \u00f3rakor <strong>Ulmban <\/strong><em>szentmise. <\/em>El\u0151tte <em>gy\u00f3n\u00e1si<\/em> lehet\u0151s\u00e9g, ut\u00e1na <em>Besz\u00e9lget\u00e9sek a Bibli\u00e1r\u00f3l<\/em>.<\/p>\n<p><strong>*<\/strong><\/p>\n<p><strong>Janu\u00e1r 20-\u00e1n, <\/strong>p\u00e9nteken, <strong>Stuttgartban<\/strong> 16.00 \u00f3rakor <em>Bar\u00e1ts\u00e1gklub<\/em>. 17.45 \u00f3rakor <em>r\u00f3zsaf\u00fcz\u00e9r-\u00e1jtatoss\u00e1g<\/em>, ut\u00e1na <em>szentmise<\/em>, keret\u00e9ben <em>P\u00e9nteki Egyetem<\/em>. 19.00 \u00f3r\u00e1t\u00f3l <em>Bibliak\u00f6r<\/em>. T\u00e9ma: <em>Zsolt\u00e1rok K\u00f6nyve.<\/em><\/p>\n<p><strong>Weingartenben <\/strong>17.30 \u00f3rakor <em>r\u00f3zsaf\u00fcz\u00e9r \u00e1jtatoss\u00e1g \u00e9s gy\u00f3ntat\u00e1s<\/em><strong>, <\/strong>18.00 \u00f3rakor <em>szentmise<\/em> a St.Marien-templomban. El\u0151tte <em>gy\u00f3ntat\u00e1s<\/em>, ut\u00e1na <em>Besz\u00e9lget\u00e9sek a Bibli\u00e1r\u00f3l.<\/em><\/p>\n<p>*<\/p>\n<p><strong>Janu\u00e1r 21-\u00e9n, <\/strong>szombaton, 15.30 \u00f3rakor <strong>Heidenheimban<\/strong> <em>szentmise<\/em>, majd <em>\u00e1g\u00e1p\u00e9<\/em>. El\u0151tte, 14.30 \u00f3rakor, <em>katek\u00e9zis<\/em> \u00e9s <em>gy\u00f3ntat\u00e1s<\/em>. Ut\u00e1na <em>\u00e1g\u00e1p\u00e9<\/em>.<\/p>\n<p>16.30 \u00f3rakor <strong>Reutlingenben<\/strong> <em>szentmise<\/em>, majd ut\u00e1na <em>\u00e1g\u00e1p\u00e9<\/em>.<\/p>\n<p>*<\/p>\n<p><strong>Janu\u00e1r 22-\u00e9n,<\/strong> vas\u00e1rnap, 8.45 \u00f3rakor <strong>Biberachban<\/strong> <em>szentmise<\/em>, majd <em>\u00e1g\u00e1p\u00e9<\/em>.<\/p>\n<p>9.30 \u00f3rakor <strong>B\u00f6blingenben<\/strong> <em>szentmise<\/em>, ut\u00e1na <em>\u00e1g\u00e1p\u00e9<\/em>.<\/p>\n<p>12.00 \u00f3rakor <strong>Ulmban<\/strong> <em>szentmise<\/em>.<\/p>\n<p>15.00 \u00f3rakor <strong>Eislingenben<\/strong> <em>szentmise,<\/em> majd <em>\u00e1g\u00e1p\u00e9<\/em>.<\/p>\n<p>15.30 \u00f3rakor <strong>Heilbronnban<\/strong> <em>szentmise<\/em>, ut\u00e1na <em>\u00e1g\u00e1p\u00e9<\/em>.<\/p>\n<p>Minden helyen mindenkit szeretettel v\u00e1r a k\u00f6z\u00f6ss\u00e9g, Imre atya \u00e9s Tibor atya!<\/p>\n<p><em>\u201eHa olyannyira szomor\u00fa vagy, hogy azt hiszed, senki nem k\u00e9pes megvigasztalni, t\u00e9gy valakivel j\u00f3t, \u00e9s megl\u00e1tod, egyszeriben sokkal jobban \u00e9rzed magad!\u201d<\/em> <strong>(Peter Rosegger \u2013 1843 \u2013 1918 \u2013 osztr\u00e1k \u00edr\u00f3 \u00e9s k\u00f6lt\u0151)<\/strong><\/p>\n<p><strong><em>\u00c1ld\u00e1sos, b\u00e9k\u00e9s, boldog \u00faj \u00e9vet, sz\u00e9p napokat, j\u00f3 munk\u00e1t, tartalmas besz\u00e9lget\u00e9seket \u00e9s kellemes tal\u00e1lkoz\u00e1sokat k\u00edv\u00e1nunk minden kedves H\u00edv\u00fcnknek!<\/em><\/strong><\/p>\n","protected":false},"excerpt":{"rendered":"<p>Programel\u0151zetes Janu\u00e1r 19-\u00e9n, cs\u00fct\u00f6rt\u00f6k\u00f6n, 17.30 \u00f3rakor Ulmban szentmise. El\u0151tte gy\u00f3n\u00e1si lehet\u0151s\u00e9g, ut\u00e1na Besz\u00e9lget\u00e9sek a Bibli\u00e1r\u00f3l. * Janu\u00e1r 20-\u00e1n, p\u00e9nteken, Stuttgartban 16.00 \u00f3rakor Bar\u00e1ts\u00e1gklub. 17.45 \u00f3rakor r\u00f3zsaf\u00fcz\u00e9r-\u00e1jtatoss\u00e1g, ut\u00e1na szentmise, keret\u00e9ben P\u00e9nteki Egyetem. 19.00 \u00f3r\u00e1t\u00f3l Bibliak\u00f6r. T\u00e9ma: Zsolt\u00e1rok K\u00f6nyve. Weingartenben 17.30 \u00f3rakor r\u00f3zsaf\u00fcz\u00e9r \u00e1jtatoss\u00e1g \u00e9s gy\u00f3ntat\u00e1s, 18.00 \u00f3rakor szentmise a St.Marien-templomban. El\u0151tte gy\u00f3ntat\u00e1s, ut\u00e1na Besz\u00e9lget\u00e9sek a Bibli\u00e1r\u00f3l. * Janu\u00e1r 21-\u00e9n, szombaton, 15.30 \u00f3rakor Heidenheimban szentmise, majd \u00e1g\u00e1p\u00e9. El\u0151tte, 14.30 \u00f3rakor, katek\u00e9zis \u00e9s gy\u00f3ntat\u00e1s. Ut\u00e1na \u00e1g\u00e1p\u00e9. 16.30 \u00f3rakor Reutlingenben szentmise, majd ut\u00e1na \u00e1g\u00e1p\u00e9. * Janu\u00e1r 22-\u00e9n, vas\u00e1rnap, 8.45 \u00f3rakor Biberachban szentmise, majd \u00e1g\u00e1p\u00e9. 9.30 \u00f3rakor B\u00f6blingenben szentmise, ut\u00e1na \u00e1g\u00e1p\u00e9. 12.00 \u00f3rakor Ulmban szentmise. 15.00 \u00f3rakor Eislingenben szentmise, majd \u00e1g\u00e1p\u00e9. 15.30 \u00f3rakor Heilbronnban szentmise, ut\u00e1na \u00e1g\u00e1p\u00e9. Minden helyen mindenkit szeretettel v\u00e1r a k\u00f6z\u00f6ss\u00e9g, Imre atya \u00e9s Tibor atya! \u201eHa olyannyira szomor\u00fa vagy, hogy azt hiszed, senki nem k\u00e9pes megvigasztalni, t\u00e9gy valakivel j\u00f3t, \u00e9s megl\u00e1tod, egyszeriben sokkal jobban \u00e9rzed magad!\u201d (Peter Rosegger \u2013 1843 \u2013 1918 \u2013 osztr\u00e1k \u00edr\u00f3 \u00e9s k\u00f6lt\u0151) \u00c1ld\u00e1sos, b\u00e9k\u00e9s, boldog \u00faj \u00e9vet, sz\u00e9p napokat, j\u00f3 munk\u00e1t, tartalmas besz\u00e9lget\u00e9seket \u00e9s kellemes tal\u00e1lkoz\u00e1sokat k\u00edv\u00e1nunk minden kedves H\u00edv\u00fcnknek!<\/p>\n","protected":false},"author":3,"featured_media":10945,"comment_status":"closed","ping_status":"closed","sticky":false,"template":"","format":"standard","meta":{"footnotes":""},"categories":[37],"tags":[],"class_list":["post-10944","post","type-post","status-publish","format-standard","has-post-thumbnail","hentry","category-progamelozetes"],"yoast_head":"<!-- This site is optimized with the Yoast SEO plugin v27.3 - https:\/\/yoast.com\/product\/yoast-seo-wordpress\/ -->\n<title>Programel\u0151zetes janu\u00e1r 16 \u00e9s 22 k\u00f6z\u00f6tt - Stuttgarti Katolikusok<\/title>\n<meta name=\"robots\" content=\"index, follow, max-snippet:-1, max-image-preview:large, max-video-preview:-1\" \/>\n<link rel=\"canonical\" href=\"https:\/\/stuttgarti-katolikusok.de\/index.php\/programelozetes-januar-16-es-22-kozott\/\" \/>\n<meta property=\"og:locale\" content=\"hu_HU\" \/>\n<meta property=\"og:type\" content=\"article\" \/>\n<meta property=\"og:title\" content=\"Programel\u0151zetes janu\u00e1r 16 \u00e9s 22 k\u00f6z\u00f6tt - Stuttgarti Katolikusok\" \/>\n<meta property=\"og:description\" content=\"Programel\u0151zetes Janu\u00e1r 19-\u00e9n, cs\u00fct\u00f6rt\u00f6k\u00f6n, 17.30 \u00f3rakor Ulmban szentmise. El\u0151tte gy\u00f3n\u00e1si lehet\u0151s\u00e9g, ut\u00e1na Besz\u00e9lget\u00e9sek a Bibli\u00e1r\u00f3l. * Janu\u00e1r 20-\u00e1n, p\u00e9nteken, Stuttgartban 16.00 \u00f3rakor Bar\u00e1ts\u00e1gklub. 17.45 \u00f3rakor r\u00f3zsaf\u00fcz\u00e9r-\u00e1jtatoss\u00e1g, ut\u00e1na szentmise, keret\u00e9ben P\u00e9nteki Egyetem. 19.00 \u00f3r\u00e1t\u00f3l Bibliak\u00f6r. T\u00e9ma: Zsolt\u00e1rok K\u00f6nyve. Weingartenben 17.30 \u00f3rakor r\u00f3zsaf\u00fcz\u00e9r \u00e1jtatoss\u00e1g \u00e9s gy\u00f3ntat\u00e1s, 18.00 \u00f3rakor szentmise a St.Marien-templomban. El\u0151tte gy\u00f3ntat\u00e1s, ut\u00e1na Besz\u00e9lget\u00e9sek a Bibli\u00e1r\u00f3l. * Janu\u00e1r 21-\u00e9n, szombaton, 15.30 \u00f3rakor Heidenheimban szentmise, majd \u00e1g\u00e1p\u00e9. El\u0151tte, 14.30 \u00f3rakor, katek\u00e9zis \u00e9s gy\u00f3ntat\u00e1s. Ut\u00e1na \u00e1g\u00e1p\u00e9. 16.30 \u00f3rakor Reutlingenben szentmise, majd ut\u00e1na \u00e1g\u00e1p\u00e9. * Janu\u00e1r 22-\u00e9n, vas\u00e1rnap, 8.45 \u00f3rakor Biberachban szentmise, majd \u00e1g\u00e1p\u00e9. 9.30 \u00f3rakor B\u00f6blingenben szentmise, ut\u00e1na \u00e1g\u00e1p\u00e9. 12.00 \u00f3rakor Ulmban szentmise. 15.00 \u00f3rakor Eislingenben szentmise, majd \u00e1g\u00e1p\u00e9. 15.30 \u00f3rakor Heilbronnban szentmise, ut\u00e1na \u00e1g\u00e1p\u00e9. Minden helyen mindenkit szeretettel v\u00e1r a k\u00f6z\u00f6ss\u00e9g, Imre atya \u00e9s Tibor atya! \u201eHa olyannyira szomor\u00fa vagy, hogy azt hiszed, senki nem k\u00e9pes megvigasztalni, t\u00e9gy valakivel j\u00f3t, \u00e9s megl\u00e1tod, egyszeriben sokkal jobban \u00e9rzed magad!\u201d (Peter Rosegger \u2013 1843 \u2013 1918 \u2013 osztr\u00e1k \u00edr\u00f3 \u00e9s k\u00f6lt\u0151) \u00c1ld\u00e1sos, b\u00e9k\u00e9s, boldog \u00faj \u00e9vet, sz\u00e9p napokat, j\u00f3 munk\u00e1t, tartalmas besz\u00e9lget\u00e9seket \u00e9s kellemes tal\u00e1lkoz\u00e1sokat k\u00edv\u00e1nunk minden kedves H\u00edv\u00fcnknek!\" \/>\n<meta property=\"og:url\" content=\"https:\/\/stuttgarti-katolikusok.de\/index.php\/programelozetes-januar-16-es-22-kozott\/\" \/>\n<meta property=\"og:site_name\" content=\"Stuttgarti Katolikusok\" \/>\n<meta property=\"article:published_time\" content=\"2017-01-16T07:44:32+00:00\" \/>\n<meta property=\"article:modified_time\" content=\"2017-01-16T14:57:11+00:00\" \/>\n<meta property=\"og:image\" content=\"https:\/\/stuttgarti-katolikusok.de\/wp-content\/uploads\/2017\/01\/www-tvn-hu_f4bebbef302cf234b003cdd58d463269.jpg\" \/>\n\t<meta property=\"og:image:width\" content=\"400\" \/>\n\t<meta property=\"og:image:height\" content=\"327\" \/>\n\t<meta property=\"og:image:type\" content=\"image\/jpeg\" \/>\n<meta name=\"author\" content=\"Tibor atya\" \/>\n<meta name=\"twitter:card\" content=\"summary_large_image\" \/>\n<meta name=\"twitter:label1\" content=\"Szerz\u0151:\" \/>\n\t<meta name=\"twitter:data1\" content=\"Tibor atya\" \/>\n\t<meta name=\"twitter:label2\" content=\"Becs\u00fclt olvas\u00e1si id\u0151\" \/>\n\t<meta name=\"twitter:data2\" content=\"1 perc\" \/>\n<script type=\"application\/ld+json\" class=\"yoast-schema-graph\">{\"@context\":\"https:\\\/\\\/schema.org\",\"@graph\":[{\"@type\":\"Article\",\"@id\":\"https:\\\/\\\/stuttgarti-katolikusok.de\\\/index.php\\\/programelozetes-januar-16-es-22-kozott\\\/#article\",\"isPartOf\":{\"@id\":\"https:\\\/\\\/stuttgarti-katolikusok.de\\\/index.php\\\/programelozetes-januar-16-es-22-kozott\\\/\"},\"author\":{\"name\":\"Tibor atya\",\"@id\":\"https:\\\/\\\/stuttgarti-katolikusok.de\\\/#\\\/schema\\\/person\\\/75908d6f8fdc03a57889d27209df7795\"},\"headline\":\"Programel\u0151zetes janu\u00e1r 16 \u00e9s 22 k\u00f6z\u00f6tt\",\"datePublished\":\"2017-01-16T07:44:32+00:00\",\"dateModified\":\"2017-01-16T14:57:11+00:00\",\"mainEntityOfPage\":{\"@id\":\"https:\\\/\\\/stuttgarti-katolikusok.de\\\/index.php\\\/programelozetes-januar-16-es-22-kozott\\\/\"},\"wordCount\":255,\"image\":{\"@id\":\"https:\\\/\\\/stuttgarti-katolikusok.de\\\/index.php\\\/programelozetes-januar-16-es-22-kozott\\\/#primaryimage\"},\"thumbnailUrl\":\"https:\\\/\\\/stuttgarti-katolikusok.de\\\/wp-content\\\/uploads\\\/2017\\\/01\\\/www-tvn-hu_f4bebbef302cf234b003cdd58d463269.jpg\",\"articleSection\":[\"Progamel\u0151zetes\"],\"inLanguage\":\"hu\"},{\"@type\":\"WebPage\",\"@id\":\"https:\\\/\\\/stuttgarti-katolikusok.de\\\/index.php\\\/programelozetes-januar-16-es-22-kozott\\\/\",\"url\":\"https:\\\/\\\/stuttgarti-katolikusok.de\\\/index.php\\\/programelozetes-januar-16-es-22-kozott\\\/\",\"name\":\"Programel\u0151zetes janu\u00e1r 16 \u00e9s 22 k\u00f6z\u00f6tt - Stuttgarti Katolikusok\",\"isPartOf\":{\"@id\":\"https:\\\/\\\/stuttgarti-katolikusok.de\\\/#website\"},\"primaryImageOfPage\":{\"@id\":\"https:\\\/\\\/stuttgarti-katolikusok.de\\\/index.php\\\/programelozetes-januar-16-es-22-kozott\\\/#primaryimage\"},\"image\":{\"@id\":\"https:\\\/\\\/stuttgarti-katolikusok.de\\\/index.php\\\/programelozetes-januar-16-es-22-kozott\\\/#primaryimage\"},\"thumbnailUrl\":\"https:\\\/\\\/stuttgarti-katolikusok.de\\\/wp-content\\\/uploads\\\/2017\\\/01\\\/www-tvn-hu_f4bebbef302cf234b003cdd58d463269.jpg\",\"datePublished\":\"2017-01-16T07:44:32+00:00\",\"dateModified\":\"2017-01-16T14:57:11+00:00\",\"author\":{\"@id\":\"https:\\\/\\\/stuttgarti-katolikusok.de\\\/#\\\/schema\\\/person\\\/75908d6f8fdc03a57889d27209df7795\"},\"breadcrumb\":{\"@id\":\"https:\\\/\\\/stuttgarti-katolikusok.de\\\/index.php\\\/programelozetes-januar-16-es-22-kozott\\\/#breadcrumb\"},\"inLanguage\":\"hu\",\"potentialAction\":[{\"@type\":\"ReadAction\",\"target\":[\"https:\\\/\\\/stuttgarti-katolikusok.de\\\/index.php\\\/programelozetes-januar-16-es-22-kozott\\\/\"]}]},{\"@type\":\"ImageObject\",\"inLanguage\":\"hu\",\"@id\":\"https:\\\/\\\/stuttgarti-katolikusok.de\\\/index.php\\\/programelozetes-januar-16-es-22-kozott\\\/#primaryimage\",\"url\":\"https:\\\/\\\/stuttgarti-katolikusok.de\\\/wp-content\\\/uploads\\\/2017\\\/01\\\/www-tvn-hu_f4bebbef302cf234b003cdd58d463269.jpg\",\"contentUrl\":\"https:\\\/\\\/stuttgarti-katolikusok.de\\\/wp-content\\\/uploads\\\/2017\\\/01\\\/www-tvn-hu_f4bebbef302cf234b003cdd58d463269.jpg\",\"width\":400,\"height\":327},{\"@type\":\"BreadcrumbList\",\"@id\":\"https:\\\/\\\/stuttgarti-katolikusok.de\\\/index.php\\\/programelozetes-januar-16-es-22-kozott\\\/#breadcrumb\",\"itemListElement\":[{\"@type\":\"ListItem\",\"position\":1,\"name\":\"Kezd\u0151lap\",\"item\":\"https:\\\/\\\/stuttgarti-katolikusok.de\\\/\"},{\"@type\":\"ListItem\",\"position\":2,\"name\":\"Programel\u0151zetes janu\u00e1r 16 \u00e9s 22 k\u00f6z\u00f6tt\"}]},{\"@type\":\"WebSite\",\"@id\":\"https:\\\/\\\/stuttgarti-katolikusok.de\\\/#website\",\"url\":\"https:\\\/\\\/stuttgarti-katolikusok.de\\\/\",\"name\":\"Stuttgarti Katolikusok\",\"description\":\"\",\"potentialAction\":[{\"@type\":\"SearchAction\",\"target\":{\"@type\":\"EntryPoint\",\"urlTemplate\":\"https:\\\/\\\/stuttgarti-katolikusok.de\\\/?s={search_term_string}\"},\"query-input\":{\"@type\":\"PropertyValueSpecification\",\"valueRequired\":true,\"valueName\":\"search_term_string\"}}],\"inLanguage\":\"hu\"},{\"@type\":\"Person\",\"@id\":\"https:\\\/\\\/stuttgarti-katolikusok.de\\\/#\\\/schema\\\/person\\\/75908d6f8fdc03a57889d27209df7795\",\"name\":\"Tibor atya\",\"image\":{\"@type\":\"ImageObject\",\"inLanguage\":\"hu\",\"@id\":\"https:\\\/\\\/secure.gravatar.com\\\/avatar\\\/61d268e57d1f4525b111222e29d2d5a7f8c420fdbf231ba5566a8ceac74fa960?s=96&d=mm&r=g\",\"url\":\"https:\\\/\\\/secure.gravatar.com\\\/avatar\\\/61d268e57d1f4525b111222e29d2d5a7f8c420fdbf231ba5566a8ceac74fa960?s=96&d=mm&r=g\",\"contentUrl\":\"https:\\\/\\\/secure.gravatar.com\\\/avatar\\\/61d268e57d1f4525b111222e29d2d5a7f8c420fdbf231ba5566a8ceac74fa960?s=96&d=mm&r=g\",\"caption\":\"Tibor atya\"},\"url\":\"https:\\\/\\\/stuttgarti-katolikusok.de\\\/index.php\\\/author\\\/tibor-atya\\\/\"}]}<\/script>\n<!-- \/ Yoast SEO plugin. -->","yoast_head_json":{"title":"Programel\u0151zetes janu\u00e1r 16 \u00e9s 22 k\u00f6z\u00f6tt - Stuttgarti Katolikusok","robots":{"index":"index","follow":"follow","max-snippet":"max-snippet:-1","max-image-preview":"max-image-preview:large","max-video-preview":"max-video-preview:-1"},"canonical":"https:\/\/stuttgarti-katolikusok.de\/index.php\/programelozetes-januar-16-es-22-kozott\/","og_locale":"hu_HU","og_type":"article","og_title":"Programel\u0151zetes janu\u00e1r 16 \u00e9s 22 k\u00f6z\u00f6tt - Stuttgarti Katolikusok","og_description":"Programel\u0151zetes Janu\u00e1r 19-\u00e9n, cs\u00fct\u00f6rt\u00f6k\u00f6n, 17.30 \u00f3rakor Ulmban szentmise. El\u0151tte gy\u00f3n\u00e1si lehet\u0151s\u00e9g, ut\u00e1na Besz\u00e9lget\u00e9sek a Bibli\u00e1r\u00f3l. * Janu\u00e1r 20-\u00e1n, p\u00e9nteken, Stuttgartban 16.00 \u00f3rakor Bar\u00e1ts\u00e1gklub. 17.45 \u00f3rakor r\u00f3zsaf\u00fcz\u00e9r-\u00e1jtatoss\u00e1g, ut\u00e1na szentmise, keret\u00e9ben P\u00e9nteki Egyetem. 19.00 \u00f3r\u00e1t\u00f3l Bibliak\u00f6r. T\u00e9ma: Zsolt\u00e1rok K\u00f6nyve. Weingartenben 17.30 \u00f3rakor r\u00f3zsaf\u00fcz\u00e9r \u00e1jtatoss\u00e1g \u00e9s gy\u00f3ntat\u00e1s, 18.00 \u00f3rakor szentmise a St.Marien-templomban. El\u0151tte gy\u00f3ntat\u00e1s, ut\u00e1na Besz\u00e9lget\u00e9sek a Bibli\u00e1r\u00f3l. * Janu\u00e1r 21-\u00e9n, szombaton, 15.30 \u00f3rakor Heidenheimban szentmise, majd \u00e1g\u00e1p\u00e9. El\u0151tte, 14.30 \u00f3rakor, katek\u00e9zis \u00e9s gy\u00f3ntat\u00e1s. Ut\u00e1na \u00e1g\u00e1p\u00e9. 16.30 \u00f3rakor Reutlingenben szentmise, majd ut\u00e1na \u00e1g\u00e1p\u00e9. * Janu\u00e1r 22-\u00e9n, vas\u00e1rnap, 8.45 \u00f3rakor Biberachban szentmise, majd \u00e1g\u00e1p\u00e9. 9.30 \u00f3rakor B\u00f6blingenben szentmise, ut\u00e1na \u00e1g\u00e1p\u00e9. 12.00 \u00f3rakor Ulmban szentmise. 15.00 \u00f3rakor Eislingenben szentmise, majd \u00e1g\u00e1p\u00e9. 15.30 \u00f3rakor Heilbronnban szentmise, ut\u00e1na \u00e1g\u00e1p\u00e9. Minden helyen mindenkit szeretettel v\u00e1r a k\u00f6z\u00f6ss\u00e9g, Imre atya \u00e9s Tibor atya! \u201eHa olyannyira szomor\u00fa vagy, hogy azt hiszed, senki nem k\u00e9pes megvigasztalni, t\u00e9gy valakivel j\u00f3t, \u00e9s megl\u00e1tod, egyszeriben sokkal jobban \u00e9rzed magad!\u201d (Peter Rosegger \u2013 1843 \u2013 1918 \u2013 osztr\u00e1k \u00edr\u00f3 \u00e9s k\u00f6lt\u0151) \u00c1ld\u00e1sos, b\u00e9k\u00e9s, boldog \u00faj \u00e9vet, sz\u00e9p napokat, j\u00f3 munk\u00e1t, tartalmas besz\u00e9lget\u00e9seket \u00e9s kellemes tal\u00e1lkoz\u00e1sokat k\u00edv\u00e1nunk minden kedves H\u00edv\u00fcnknek!","og_url":"https:\/\/stuttgarti-katolikusok.de\/index.php\/programelozetes-januar-16-es-22-kozott\/","og_site_name":"Stuttgarti Katolikusok","article_published_time":"2017-01-16T07:44:32+00:00","article_modified_time":"2017-01-16T14:57:11+00:00","og_image":[{"width":400,"height":327,"url":"https:\/\/stuttgarti-katolikusok.de\/wp-content\/uploads\/2017\/01\/www-tvn-hu_f4bebbef302cf234b003cdd58d463269.jpg","type":"image\/jpeg"}],"author":"Tibor atya","twitter_card":"summary_large_image","twitter_misc":{"Szerz\u0151:":"Tibor atya","Becs\u00fclt olvas\u00e1si id\u0151":"1 perc"},"schema":{"@context":"https:\/\/schema.org","@graph":[{"@type":"Article","@id":"https:\/\/stuttgarti-katolikusok.de\/index.php\/programelozetes-januar-16-es-22-kozott\/#article","isPartOf":{"@id":"https:\/\/stuttgarti-katolikusok.de\/index.php\/programelozetes-januar-16-es-22-kozott\/"},"author":{"name":"Tibor atya","@id":"https:\/\/stuttgarti-katolikusok.de\/#\/schema\/person\/75908d6f8fdc03a57889d27209df7795"},"headline":"Programel\u0151zetes janu\u00e1r 16 \u00e9s 22 k\u00f6z\u00f6tt","datePublished":"2017-01-16T07:44:32+00:00","dateModified":"2017-01-16T14:57:11+00:00","mainEntityOfPage":{"@id":"https:\/\/stuttgarti-katolikusok.de\/index.php\/programelozetes-januar-16-es-22-kozott\/"},"wordCount":255,"image":{"@id":"https:\/\/stuttgarti-katolikusok.de\/index.php\/programelozetes-januar-16-es-22-kozott\/#primaryimage"},"thumbnailUrl":"https:\/\/stuttgarti-katolikusok.de\/wp-content\/uploads\/2017\/01\/www-tvn-hu_f4bebbef302cf234b003cdd58d463269.jpg","articleSection":["Progamel\u0151zetes"],"inLanguage":"hu"},{"@type":"WebPage","@id":"https:\/\/stuttgarti-katolikusok.de\/index.php\/programelozetes-januar-16-es-22-kozott\/","url":"https:\/\/stuttgarti-katolikusok.de\/index.php\/programelozetes-januar-16-es-22-kozott\/","name":"Programel\u0151zetes janu\u00e1r 16 \u00e9s 22 k\u00f6z\u00f6tt - Stuttgarti Katolikusok","isPartOf":{"@id":"https:\/\/stuttgarti-katolikusok.de\/#website"},"primaryImageOfPage":{"@id":"https:\/\/stuttgarti-katolikusok.de\/index.php\/programelozetes-januar-16-es-22-kozott\/#primaryimage"},"image":{"@id":"https:\/\/stuttgarti-katolikusok.de\/index.php\/programelozetes-januar-16-es-22-kozott\/#primaryimage"},"thumbnailUrl":"https:\/\/stuttgarti-katolikusok.de\/wp-content\/uploads\/2017\/01\/www-tvn-hu_f4bebbef302cf234b003cdd58d463269.jpg","datePublished":"2017-01-16T07:44:32+00:00","dateModified":"2017-01-16T14:57:11+00:00","author":{"@id":"https:\/\/stuttgarti-katolikusok.de\/#\/schema\/person\/75908d6f8fdc03a57889d27209df7795"},"breadcrumb":{"@id":"https:\/\/stuttgarti-katolikusok.de\/index.php\/programelozetes-januar-16-es-22-kozott\/#breadcrumb"},"inLanguage":"hu","potentialAction":[{"@type":"ReadAction","target":["https:\/\/stuttgarti-katolikusok.de\/index.php\/programelozetes-januar-16-es-22-kozott\/"]}]},{"@type":"ImageObject","inLanguage":"hu","@id":"https:\/\/stuttgarti-katolikusok.de\/index.php\/programelozetes-januar-16-es-22-kozott\/#primaryimage","url":"https:\/\/stuttgarti-katolikusok.de\/wp-content\/uploads\/2017\/01\/www-tvn-hu_f4bebbef302cf234b003cdd58d463269.jpg","contentUrl":"https:\/\/stuttgarti-katolikusok.de\/wp-content\/uploads\/2017\/01\/www-tvn-hu_f4bebbef302cf234b003cdd58d463269.jpg","width":400,"height":327},{"@type":"BreadcrumbList","@id":"https:\/\/stuttgarti-katolikusok.de\/index.php\/programelozetes-januar-16-es-22-kozott\/#breadcrumb","itemListElement":[{"@type":"ListItem","position":1,"name":"Kezd\u0151lap","item":"https:\/\/stuttgarti-katolikusok.de\/"},{"@type":"ListItem","position":2,"name":"Programel\u0151zetes janu\u00e1r 16 \u00e9s 22 k\u00f6z\u00f6tt"}]},{"@type":"WebSite","@id":"https:\/\/stuttgarti-katolikusok.de\/#website","url":"https:\/\/stuttgarti-katolikusok.de\/","name":"Stuttgarti Katolikusok","description":"","potentialAction":[{"@type":"SearchAction","target":{"@type":"EntryPoint","urlTemplate":"https:\/\/stuttgarti-katolikusok.de\/?s={search_term_string}"},"query-input":{"@type":"PropertyValueSpecification","valueRequired":true,"valueName":"search_term_string"}}],"inLanguage":"hu"},{"@type":"Person","@id":"https:\/\/stuttgarti-katolikusok.de\/#\/schema\/person\/75908d6f8fdc03a57889d27209df7795","name":"Tibor atya","image":{"@type":"ImageObject","inLanguage":"hu","@id":"https:\/\/secure.gravatar.com\/avatar\/61d268e57d1f4525b111222e29d2d5a7f8c420fdbf231ba5566a8ceac74fa960?s=96&d=mm&r=g","url":"https:\/\/secure.gravatar.com\/avatar\/61d268e57d1f4525b111222e29d2d5a7f8c420fdbf231ba5566a8ceac74fa960?s=96&d=mm&r=g","contentUrl":"https:\/\/secure.gravatar.com\/avatar\/61d268e57d1f4525b111222e29d2d5a7f8c420fdbf231ba5566a8ceac74fa960?s=96&d=mm&r=g","caption":"Tibor atya"},"url":"https:\/\/stuttgarti-katolikusok.de\/index.php\/author\/tibor-atya\/"}]}},"_links":{"self":[{"href":"https:\/\/stuttgarti-katolikusok.de\/index.php\/wp-json\/wp\/v2\/posts\/10944","targetHints":{"allow":["GET"]}}],"collection":[{"href":"https:\/\/stuttgarti-katolikusok.de\/index.php\/wp-json\/wp\/v2\/posts"}],"about":[{"href":"https:\/\/stuttgarti-katolikusok.de\/index.php\/wp-json\/wp\/v2\/types\/post"}],"author":[{"embeddable":true,"href":"https:\/\/stuttgarti-katolikusok.de\/index.php\/wp-json\/wp\/v2\/users\/3"}],"replies":[{"embeddable":true,"href":"https:\/\/stuttgarti-katolikusok.de\/index.php\/wp-json\/wp\/v2\/comments?post=10944"}],"version-history":[{"count":2,"href":"https:\/\/stuttgarti-katolikusok.de\/index.php\/wp-json\/wp\/v2\/posts\/10944\/revisions"}],"predecessor-version":[{"id":10953,"href":"https:\/\/stuttgarti-katolikusok.de\/index.php\/wp-json\/wp\/v2\/posts\/10944\/revisions\/10953"}],"wp:featuredmedia":[{"embeddable":true,"href":"https:\/\/stuttgarti-katolikusok.de\/index.php\/wp-json\/wp\/v2\/media\/10945"}],"wp:attachment":[{"href":"https:\/\/stuttgarti-katolikusok.de\/index.php\/wp-json\/wp\/v2\/media?parent=10944"}],"wp:term":[{"taxonomy":"category","embeddable":true,"href":"https:\/\/stuttgarti-katolikusok.de\/index.php\/wp-json\/wp\/v2\/categories?post=10944"},{"taxonomy":"post_tag","embeddable":true,"href":"https:\/\/stuttgarti-katolikusok.de\/index.php\/wp-json\/wp\/v2\/tags?post=10944"}],"curies":[{"name":"wp","href":"https:\/\/api.w.org\/{rel}","templated":true}]}}