{"id":10845,"date":"2017-01-02T15:20:08","date_gmt":"2017-01-02T15:20:08","guid":{"rendered":"https:\/\/gracious-dewdney.138-201-221-2.plesk.page\/?p=10845"},"modified":"2017-01-02T19:54:13","modified_gmt":"2017-01-02T19:54:13","slug":"feszitsd-szelnek-a-vitorladat","status":"publish","type":"post","link":"https:\/\/stuttgarti-katolikusok.de\/index.php\/feszitsd-szelnek-a-vitorladat\/","title":{"rendered":"Fesz\u00edtsd sz\u00e9lnek a vitorl\u00e1dat!"},"content":{"rendered":"<p><strong>Fesz\u00edtsd sz\u00e9lnek a vitorl\u00e1dat!<\/strong><\/p>\n<p>&nbsp;<\/p>\n<p>Hirtelen csak el\u00e9m toppant\u00e1l&#8230; R\u00e9g nem l\u00e1ttuk egym\u00e1st. Azt mondod, otthon voltatok k\u00e9t \u00e9vig, de most ism\u00e9t visszaj\u00f6ttetek egy kiss\u00e9 megalapozni anyagilag is ifj\u00fa \u00e9leteteket.<\/p>\n<p>Bevallod viszont, hogy f\u00e9lsz az \u00faj esztend\u0151t\u0151l. Annyi aggaszt\u00f3 dolog van m\u00e1r id\u0151k\u00f6zben itt is, hogy m\u00e1r-m\u00e1r elcs\u00fcggedtek. Most \u00e9pp \u00e1ll\u00e1st kerestek. T\u00f6bb aj\u00e1nlatot is kaptatok, de hetek \u00f3ta azon t\u00f6prengtek, hogy melyik \u00faton induljatok el? \u00c9s nem tudtok d\u00f6nteni, mert annyi megv\u00e1laszolatlan k\u00e9rd\u00e9s kapcsol\u00f3dik mindegyik lehet\u0151s\u00e9ghez&#8230;<\/p>\n<p>&nbsp;<\/p>\n<p><em>\u201cCsak ez a b\u00e9n\u00edt\u00f3 f\u00e9lelem ne lenne!\u201d<\/em> &#8211; mondod\u2026 <em>\u201c\u00dagye, meg\u00e9rtesz, atya?\u201d<\/em> \u2013 k\u00e9rdezed.<\/p>\n<p>&nbsp;<\/p>\n<p>Igen, r\u00e9szben meg\u00e9rtelek.<\/p>\n<p>Meg\u00e9rtem, hogy haboztok az els\u0151 l\u00e9p\u00e9st megtenni. Nem akartok na\u00edvnak, t\u00falzottan hisz\u00e9kenynek felt\u0171nni. Ink\u00e1bb k\u00e9tszer is meggondolj\u00e1tok, hogy merre induljatok! Ez helyes!<\/p>\n<p>&nbsp;<\/p>\n<p>De azt is gondold meg: mi t\u00f6rt\u00e9nik Veletek, ha att\u00f3l val\u00f3 f\u00e9lelmedben, hogy hib\u00e1t tal\u00e1ltok elk\u00f6vetni, nem v\u00e1gtok neki egyetlen \u00fatnak sem?<\/p>\n<p>Hova \u00e9rkezn\u00e9tek meg? Sehova!<\/p>\n<p>Az \u00e9let melyik t\u00e1bor\u00e1hoz tartozn\u00e1tok? A vesztesei k\u00f6z\u00e9!<\/p>\n<p>Valah\u00e1nyszor ugyanis csak egy helyben toporogtok, az \u00e9let elrohan &#8211; mellettetek. Megy, halad \u2013 csak \u00e9ppen n\u00e9lk\u00fcletek. N\u00e9lk\u00fcletek, mert f\u00e9lelemb\u0151l nem meritek az els\u0151 l\u00e9p\u00e9st megtenni.<\/p>\n<p>Ilyen agg\u00f3d\u00f3 f\u00e9lelem m\u00e1r nem egyszer rontott meg \u00e9leteket \u00e9s sorsokat!<\/p>\n<p>Ilyen b\u00e9n\u00edt\u00f3 f\u00e9lelem nem egy sz\u00e9prem\u00e9ny\u0171 \u00e9letet t\u00f6rt m\u00e1r der\u00e9kba!<\/p>\n<p>&nbsp;<\/p>\n<p>Ne f\u00e9ljetek h\u00e1t!<\/p>\n<p>&nbsp;<\/p>\n<p><em>\u201cJ\u00f3, de mit csin\u00e1ljunk azzal a sok benn\u00fcnk \u00e1gaskod\u00f3 k\u00e9rd\u00e9ssel, ami g\u00fazsba k\u00f6ti a kez\u00fcnket?\u201d<\/em> \u2013 k\u00e9rdezed agg\u00f3d\u00f3 szorong\u00e1ssal.<\/p>\n<p>&nbsp;<\/p>\n<p>Minden \u00e9let\u00fathoz egy sereg k\u00e9rd\u00e9s tartozik, amelyek foglalkoztatnak \u00e9s nyugtalann\u00e1 tesznek benn\u00fcnket.<\/p>\n<p>De ezek a k\u00e9rd\u00e9sek &#8211; el\u0151sz\u00f6r is &#8211; sz\u00fcks\u00e9gesek ahhoz, hogy okosan m\u00e9rj\u00fck fel k\u00e9pess\u00e9geinket, vil\u00e1gosan m\u00e9rlegelj\u00fck lehet\u0151s\u00e9geinket, \u00e9s b\u00f6lcsen osszuk be er\u0151nket.<\/p>\n<p>Ugyanakkor nagyon sok k\u00e9rd\u00e9s, amely most nyugtalan\u00edt minket, az \u00fat sor\u00e1n majd mag\u00e1t\u00f3l megv\u00e1laszol\u00f3dik. Sok k\u00e9rd\u00e9sre maga az \u00fat a v\u00e1lasz!<\/p>\n<p>Soha ne az \u00fat elej\u00e9n akarjatok minden k\u00e9rd\u00e9sre v\u00e1laszt tal\u00e1lni, hanem majd \u00fatk\u00f6zben.<\/p>\n<p>&nbsp;<\/p>\n<p>Induljatok h\u00e1t!<\/p>\n<p>Aki nem mer elindulni, az soha nem jut el\u0151re!<\/p>\n<p>&nbsp;<\/p>\n<p>Az \u00e9let igazi nyertesei nem a gazdagok,<\/p>\n<p>nem is a nagy karriert befut\u00f3k,<\/p>\n<p>m\u00e9g csak nem is a nagy hatalommal rendelkez\u0151k.<\/p>\n<p>Az \u00e9let nyertesei azok, akik valamit mer\u00e9szelnek!<\/p>\n<p>Az \u00e9let nyertesei, akik az ismeretlen \u00fatra is r\u00e1 mernek l\u00e9pni!<\/p>\n<p>&nbsp;<\/p>\n<p>Teszik ezt azonban nem vakmer\u0151s\u00e9gb\u0151l, meggondolatlans\u00e1gb\u00f3l vagy gondatlans\u00e1gb\u00f3l.<\/p>\n<p>Teszik ezt bizalomb\u00f3l&#8230;<\/p>\n<p>Abban b\u00edznak, hogy Isten \u0151ket minden \u00e9let\u00fatjukon elk\u00eds\u00e9ri.<\/p>\n<p>&nbsp;<\/p>\n<p>\u00c9s tudod, mit? Ezek az emberek soha nem csal\u00f3dnak!<\/p>\n<p>&nbsp;<\/p>\n<p>Keljetek f\u00f6l h\u00e1t, fesz\u00edts\u00e9tek a sz\u00e9lnek a vitorl\u00e1tokat, \u00e9s induljatok neki b\u00e1tran valamelyik \u00fatnak!<\/p>\n<p>&nbsp;<\/p>\n<p>Az \u00e9let 2017-ben m\u00e1r elindult!<\/p>\n<p>&nbsp;<\/p>\n<p>\u00c9s Isten is Veletek van!<\/p>\n<p>&nbsp;<\/p>\n<p>J\u00f3 utat k\u00edv\u00e1n Nektek \u2013 \u00e9s minden kedves H\u00edv\u00e9nek illetve Olvas\u00f3j\u00e1nak,<\/p>\n<p>&nbsp;<\/p>\n<p>szeretettel,<\/p>\n<p><em>Imre atya<\/em><\/p>\n<p><em>Stuttgart, 2017. janu\u00e1r 2.<\/em><\/p>\n<p><em>\u00a0<\/em><\/p>\n","protected":false},"excerpt":{"rendered":"<p>Fesz\u00edtsd sz\u00e9lnek a vitorl\u00e1dat! &nbsp; Hirtelen csak el\u00e9m toppant\u00e1l&#8230; R\u00e9g nem l\u00e1ttuk egym\u00e1st. Azt mondod, otthon voltatok k\u00e9t \u00e9vig, de most ism\u00e9t visszaj\u00f6ttetek egy kiss\u00e9 megalapozni anyagilag is ifj\u00fa \u00e9leteteket. Bevallod viszont, hogy f\u00e9lsz az \u00faj esztend\u0151t\u0151l. Annyi aggaszt\u00f3 dolog van m\u00e1r id\u0151k\u00f6zben itt is, hogy m\u00e1r-m\u00e1r elcs\u00fcggedtek. Most \u00e9pp \u00e1ll\u00e1st kerestek. T\u00f6bb aj\u00e1nlatot is kaptatok, de hetek \u00f3ta azon t\u00f6prengtek, hogy melyik \u00faton induljatok el? \u00c9s nem tudtok d\u00f6nteni, mert annyi megv\u00e1laszolatlan k\u00e9rd\u00e9s kapcsol\u00f3dik mindegyik lehet\u0151s\u00e9ghez&#8230; &nbsp; \u201cCsak ez a b\u00e9n\u00edt\u00f3 f\u00e9lelem ne lenne!\u201d &#8211; mondod\u2026 \u201c\u00dagye, meg\u00e9rtesz, atya?\u201d \u2013 k\u00e9rdezed. &nbsp; Igen, r\u00e9szben meg\u00e9rtelek. Meg\u00e9rtem, hogy haboztok az els\u0151 l\u00e9p\u00e9st megtenni. Nem akartok na\u00edvnak, t\u00falzottan hisz\u00e9kenynek felt\u0171nni. Ink\u00e1bb k\u00e9tszer is meggondolj\u00e1tok, hogy merre induljatok! Ez helyes! &nbsp; De azt is gondold meg: mi t\u00f6rt\u00e9nik Veletek, ha att\u00f3l val\u00f3 f\u00e9lelmedben, hogy hib\u00e1t tal\u00e1ltok elk\u00f6vetni, nem v\u00e1gtok neki egyetlen \u00fatnak sem? Hova \u00e9rkezn\u00e9tek meg? Sehova! Az \u00e9let melyik t\u00e1bor\u00e1hoz tartozn\u00e1tok? A vesztesei k\u00f6z\u00e9! Valah\u00e1nyszor ugyanis csak egy helyben toporogtok, az \u00e9let elrohan &#8211; mellettetek. Megy, halad \u2013 csak \u00e9ppen n\u00e9lk\u00fcletek. N\u00e9lk\u00fcletek, mert f\u00e9lelemb\u0151l nem meritek az els\u0151 l\u00e9p\u00e9st megtenni. Ilyen agg\u00f3d\u00f3 f\u00e9lelem m\u00e1r nem egyszer rontott meg \u00e9leteket \u00e9s sorsokat! Ilyen b\u00e9n\u00edt\u00f3 f\u00e9lelem nem egy sz\u00e9prem\u00e9ny\u0171 \u00e9letet t\u00f6rt m\u00e1r der\u00e9kba! &nbsp; Ne f\u00e9ljetek h\u00e1t! &nbsp; \u201cJ\u00f3, de mit csin\u00e1ljunk azzal a sok benn\u00fcnk \u00e1gaskod\u00f3 k\u00e9rd\u00e9ssel, ami g\u00fazsba k\u00f6ti a kez\u00fcnket?\u201d \u2013 k\u00e9rdezed agg\u00f3d\u00f3 szorong\u00e1ssal. &nbsp; Minden \u00e9let\u00fathoz egy sereg k\u00e9rd\u00e9s tartozik, amelyek foglalkoztatnak \u00e9s nyugtalann\u00e1 tesznek benn\u00fcnket. De ezek a k\u00e9rd\u00e9sek &#8211; el\u0151sz\u00f6r is &#8211; sz\u00fcks\u00e9gesek ahhoz, hogy okosan m\u00e9rj\u00fck fel k\u00e9pess\u00e9geinket, vil\u00e1gosan m\u00e9rlegelj\u00fck lehet\u0151s\u00e9geinket, \u00e9s b\u00f6lcsen osszuk be er\u0151nket. Ugyanakkor nagyon sok k\u00e9rd\u00e9s, amely most nyugtalan\u00edt minket, az \u00fat sor\u00e1n majd mag\u00e1t\u00f3l megv\u00e1laszol\u00f3dik. Sok k\u00e9rd\u00e9sre maga az \u00fat a v\u00e1lasz! Soha ne az \u00fat elej\u00e9n akarjatok minden k\u00e9rd\u00e9sre v\u00e1laszt tal\u00e1lni, hanem majd \u00fatk\u00f6zben. &nbsp; Induljatok h\u00e1t! Aki nem mer&#8230; <\/p>\n<p><a class=\"readmore\" href=\"https:\/\/stuttgarti-katolikusok.de\/index.php\/feszitsd-szelnek-a-vitorladat\/\">R\u00e9szletek<\/a><\/p>\n","protected":false},"author":3,"featured_media":0,"comment_status":"closed","ping_status":"closed","sticky":false,"template":"","format":"standard","meta":{"footnotes":""},"categories":[24],"tags":[],"class_list":["post-10845","post","type-post","status-publish","format-standard","hentry","category-gondolatok"],"yoast_head":"<!-- This site is optimized with the Yoast SEO plugin v27.3 - https:\/\/yoast.com\/product\/yoast-seo-wordpress\/ -->\n<title>Fesz\u00edtsd sz\u00e9lnek a vitorl\u00e1dat! - Stuttgarti Katolikusok<\/title>\n<meta name=\"robots\" content=\"index, follow, max-snippet:-1, max-image-preview:large, max-video-preview:-1\" \/>\n<link rel=\"canonical\" href=\"https:\/\/stuttgarti-katolikusok.de\/index.php\/feszitsd-szelnek-a-vitorladat\/\" \/>\n<meta property=\"og:locale\" content=\"hu_HU\" \/>\n<meta property=\"og:type\" content=\"article\" \/>\n<meta property=\"og:title\" content=\"Fesz\u00edtsd sz\u00e9lnek a vitorl\u00e1dat! - Stuttgarti Katolikusok\" \/>\n<meta property=\"og:description\" content=\"Fesz\u00edtsd sz\u00e9lnek a vitorl\u00e1dat! &nbsp; Hirtelen csak el\u00e9m toppant\u00e1l&#8230; R\u00e9g nem l\u00e1ttuk egym\u00e1st. Azt mondod, otthon voltatok k\u00e9t \u00e9vig, de most ism\u00e9t visszaj\u00f6ttetek egy kiss\u00e9 megalapozni anyagilag is ifj\u00fa \u00e9leteteket. Bevallod viszont, hogy f\u00e9lsz az \u00faj esztend\u0151t\u0151l. Annyi aggaszt\u00f3 dolog van m\u00e1r id\u0151k\u00f6zben itt is, hogy m\u00e1r-m\u00e1r elcs\u00fcggedtek. Most \u00e9pp \u00e1ll\u00e1st kerestek. T\u00f6bb aj\u00e1nlatot is kaptatok, de hetek \u00f3ta azon t\u00f6prengtek, hogy melyik \u00faton induljatok el? \u00c9s nem tudtok d\u00f6nteni, mert annyi megv\u00e1laszolatlan k\u00e9rd\u00e9s kapcsol\u00f3dik mindegyik lehet\u0151s\u00e9ghez&#8230; &nbsp; \u201cCsak ez a b\u00e9n\u00edt\u00f3 f\u00e9lelem ne lenne!\u201d &#8211; mondod\u2026 \u201c\u00dagye, meg\u00e9rtesz, atya?\u201d \u2013 k\u00e9rdezed. &nbsp; Igen, r\u00e9szben meg\u00e9rtelek. Meg\u00e9rtem, hogy haboztok az els\u0151 l\u00e9p\u00e9st megtenni. Nem akartok na\u00edvnak, t\u00falzottan hisz\u00e9kenynek felt\u0171nni. Ink\u00e1bb k\u00e9tszer is meggondolj\u00e1tok, hogy merre induljatok! Ez helyes! &nbsp; De azt is gondold meg: mi t\u00f6rt\u00e9nik Veletek, ha att\u00f3l val\u00f3 f\u00e9lelmedben, hogy hib\u00e1t tal\u00e1ltok elk\u00f6vetni, nem v\u00e1gtok neki egyetlen \u00fatnak sem? Hova \u00e9rkezn\u00e9tek meg? Sehova! Az \u00e9let melyik t\u00e1bor\u00e1hoz tartozn\u00e1tok? A vesztesei k\u00f6z\u00e9! Valah\u00e1nyszor ugyanis csak egy helyben toporogtok, az \u00e9let elrohan &#8211; mellettetek. Megy, halad \u2013 csak \u00e9ppen n\u00e9lk\u00fcletek. N\u00e9lk\u00fcletek, mert f\u00e9lelemb\u0151l nem meritek az els\u0151 l\u00e9p\u00e9st megtenni. Ilyen agg\u00f3d\u00f3 f\u00e9lelem m\u00e1r nem egyszer rontott meg \u00e9leteket \u00e9s sorsokat! Ilyen b\u00e9n\u00edt\u00f3 f\u00e9lelem nem egy sz\u00e9prem\u00e9ny\u0171 \u00e9letet t\u00f6rt m\u00e1r der\u00e9kba! &nbsp; Ne f\u00e9ljetek h\u00e1t! &nbsp; \u201cJ\u00f3, de mit csin\u00e1ljunk azzal a sok benn\u00fcnk \u00e1gaskod\u00f3 k\u00e9rd\u00e9ssel, ami g\u00fazsba k\u00f6ti a kez\u00fcnket?\u201d \u2013 k\u00e9rdezed agg\u00f3d\u00f3 szorong\u00e1ssal. &nbsp; Minden \u00e9let\u00fathoz egy sereg k\u00e9rd\u00e9s tartozik, amelyek foglalkoztatnak \u00e9s nyugtalann\u00e1 tesznek benn\u00fcnket. De ezek a k\u00e9rd\u00e9sek &#8211; el\u0151sz\u00f6r is &#8211; sz\u00fcks\u00e9gesek ahhoz, hogy okosan m\u00e9rj\u00fck fel k\u00e9pess\u00e9geinket, vil\u00e1gosan m\u00e9rlegelj\u00fck lehet\u0151s\u00e9geinket, \u00e9s b\u00f6lcsen osszuk be er\u0151nket. Ugyanakkor nagyon sok k\u00e9rd\u00e9s, amely most nyugtalan\u00edt minket, az \u00fat sor\u00e1n majd mag\u00e1t\u00f3l megv\u00e1laszol\u00f3dik. Sok k\u00e9rd\u00e9sre maga az \u00fat a v\u00e1lasz! Soha ne az \u00fat elej\u00e9n akarjatok minden k\u00e9rd\u00e9sre v\u00e1laszt tal\u00e1lni, hanem majd \u00fatk\u00f6zben. &nbsp; Induljatok h\u00e1t! Aki nem mer... R\u00e9szletek\" \/>\n<meta property=\"og:url\" content=\"https:\/\/stuttgarti-katolikusok.de\/index.php\/feszitsd-szelnek-a-vitorladat\/\" \/>\n<meta property=\"og:site_name\" content=\"Stuttgarti Katolikusok\" \/>\n<meta property=\"article:published_time\" content=\"2017-01-02T15:20:08+00:00\" \/>\n<meta property=\"article:modified_time\" content=\"2017-01-02T19:54:13+00:00\" \/>\n<meta name=\"author\" content=\"Tibor atya\" \/>\n<meta name=\"twitter:card\" content=\"summary_large_image\" \/>\n<meta name=\"twitter:label1\" content=\"Szerz\u0151:\" \/>\n\t<meta name=\"twitter:data1\" content=\"Tibor atya\" \/>\n\t<meta name=\"twitter:label2\" content=\"Becs\u00fclt olvas\u00e1si id\u0151\" \/>\n\t<meta name=\"twitter:data2\" content=\"3 perc\" \/>\n<script type=\"application\/ld+json\" class=\"yoast-schema-graph\">{\"@context\":\"https:\\\/\\\/schema.org\",\"@graph\":[{\"@type\":\"Article\",\"@id\":\"https:\\\/\\\/stuttgarti-katolikusok.de\\\/index.php\\\/feszitsd-szelnek-a-vitorladat\\\/#article\",\"isPartOf\":{\"@id\":\"https:\\\/\\\/stuttgarti-katolikusok.de\\\/index.php\\\/feszitsd-szelnek-a-vitorladat\\\/\"},\"author\":{\"name\":\"Tibor atya\",\"@id\":\"https:\\\/\\\/stuttgarti-katolikusok.de\\\/#\\\/schema\\\/person\\\/75908d6f8fdc03a57889d27209df7795\"},\"headline\":\"Fesz\u00edtsd sz\u00e9lnek a vitorl\u00e1dat!\",\"datePublished\":\"2017-01-02T15:20:08+00:00\",\"dateModified\":\"2017-01-02T19:54:13+00:00\",\"mainEntityOfPage\":{\"@id\":\"https:\\\/\\\/stuttgarti-katolikusok.de\\\/index.php\\\/feszitsd-szelnek-a-vitorladat\\\/\"},\"wordCount\":590,\"articleSection\":[\"Gondolatok\"],\"inLanguage\":\"hu\"},{\"@type\":\"WebPage\",\"@id\":\"https:\\\/\\\/stuttgarti-katolikusok.de\\\/index.php\\\/feszitsd-szelnek-a-vitorladat\\\/\",\"url\":\"https:\\\/\\\/stuttgarti-katolikusok.de\\\/index.php\\\/feszitsd-szelnek-a-vitorladat\\\/\",\"name\":\"Fesz\u00edtsd sz\u00e9lnek a vitorl\u00e1dat! - Stuttgarti Katolikusok\",\"isPartOf\":{\"@id\":\"https:\\\/\\\/stuttgarti-katolikusok.de\\\/#website\"},\"datePublished\":\"2017-01-02T15:20:08+00:00\",\"dateModified\":\"2017-01-02T19:54:13+00:00\",\"author\":{\"@id\":\"https:\\\/\\\/stuttgarti-katolikusok.de\\\/#\\\/schema\\\/person\\\/75908d6f8fdc03a57889d27209df7795\"},\"breadcrumb\":{\"@id\":\"https:\\\/\\\/stuttgarti-katolikusok.de\\\/index.php\\\/feszitsd-szelnek-a-vitorladat\\\/#breadcrumb\"},\"inLanguage\":\"hu\",\"potentialAction\":[{\"@type\":\"ReadAction\",\"target\":[\"https:\\\/\\\/stuttgarti-katolikusok.de\\\/index.php\\\/feszitsd-szelnek-a-vitorladat\\\/\"]}]},{\"@type\":\"BreadcrumbList\",\"@id\":\"https:\\\/\\\/stuttgarti-katolikusok.de\\\/index.php\\\/feszitsd-szelnek-a-vitorladat\\\/#breadcrumb\",\"itemListElement\":[{\"@type\":\"ListItem\",\"position\":1,\"name\":\"Kezd\u0151lap\",\"item\":\"https:\\\/\\\/stuttgarti-katolikusok.de\\\/\"},{\"@type\":\"ListItem\",\"position\":2,\"name\":\"Fesz\u00edtsd sz\u00e9lnek a vitorl\u00e1dat!\"}]},{\"@type\":\"WebSite\",\"@id\":\"https:\\\/\\\/stuttgarti-katolikusok.de\\\/#website\",\"url\":\"https:\\\/\\\/stuttgarti-katolikusok.de\\\/\",\"name\":\"Stuttgarti Katolikusok\",\"description\":\"\",\"potentialAction\":[{\"@type\":\"SearchAction\",\"target\":{\"@type\":\"EntryPoint\",\"urlTemplate\":\"https:\\\/\\\/stuttgarti-katolikusok.de\\\/?s={search_term_string}\"},\"query-input\":{\"@type\":\"PropertyValueSpecification\",\"valueRequired\":true,\"valueName\":\"search_term_string\"}}],\"inLanguage\":\"hu\"},{\"@type\":\"Person\",\"@id\":\"https:\\\/\\\/stuttgarti-katolikusok.de\\\/#\\\/schema\\\/person\\\/75908d6f8fdc03a57889d27209df7795\",\"name\":\"Tibor atya\",\"image\":{\"@type\":\"ImageObject\",\"inLanguage\":\"hu\",\"@id\":\"https:\\\/\\\/secure.gravatar.com\\\/avatar\\\/61d268e57d1f4525b111222e29d2d5a7f8c420fdbf231ba5566a8ceac74fa960?s=96&d=mm&r=g\",\"url\":\"https:\\\/\\\/secure.gravatar.com\\\/avatar\\\/61d268e57d1f4525b111222e29d2d5a7f8c420fdbf231ba5566a8ceac74fa960?s=96&d=mm&r=g\",\"contentUrl\":\"https:\\\/\\\/secure.gravatar.com\\\/avatar\\\/61d268e57d1f4525b111222e29d2d5a7f8c420fdbf231ba5566a8ceac74fa960?s=96&d=mm&r=g\",\"caption\":\"Tibor atya\"},\"url\":\"https:\\\/\\\/stuttgarti-katolikusok.de\\\/index.php\\\/author\\\/tibor-atya\\\/\"}]}<\/script>\n<!-- \/ Yoast SEO plugin. -->","yoast_head_json":{"title":"Fesz\u00edtsd sz\u00e9lnek a vitorl\u00e1dat! - Stuttgarti Katolikusok","robots":{"index":"index","follow":"follow","max-snippet":"max-snippet:-1","max-image-preview":"max-image-preview:large","max-video-preview":"max-video-preview:-1"},"canonical":"https:\/\/stuttgarti-katolikusok.de\/index.php\/feszitsd-szelnek-a-vitorladat\/","og_locale":"hu_HU","og_type":"article","og_title":"Fesz\u00edtsd sz\u00e9lnek a vitorl\u00e1dat! - Stuttgarti Katolikusok","og_description":"Fesz\u00edtsd sz\u00e9lnek a vitorl\u00e1dat! &nbsp; Hirtelen csak el\u00e9m toppant\u00e1l&#8230; R\u00e9g nem l\u00e1ttuk egym\u00e1st. Azt mondod, otthon voltatok k\u00e9t \u00e9vig, de most ism\u00e9t visszaj\u00f6ttetek egy kiss\u00e9 megalapozni anyagilag is ifj\u00fa \u00e9leteteket. Bevallod viszont, hogy f\u00e9lsz az \u00faj esztend\u0151t\u0151l. Annyi aggaszt\u00f3 dolog van m\u00e1r id\u0151k\u00f6zben itt is, hogy m\u00e1r-m\u00e1r elcs\u00fcggedtek. Most \u00e9pp \u00e1ll\u00e1st kerestek. T\u00f6bb aj\u00e1nlatot is kaptatok, de hetek \u00f3ta azon t\u00f6prengtek, hogy melyik \u00faton induljatok el? \u00c9s nem tudtok d\u00f6nteni, mert annyi megv\u00e1laszolatlan k\u00e9rd\u00e9s kapcsol\u00f3dik mindegyik lehet\u0151s\u00e9ghez&#8230; &nbsp; \u201cCsak ez a b\u00e9n\u00edt\u00f3 f\u00e9lelem ne lenne!\u201d &#8211; mondod\u2026 \u201c\u00dagye, meg\u00e9rtesz, atya?\u201d \u2013 k\u00e9rdezed. &nbsp; Igen, r\u00e9szben meg\u00e9rtelek. Meg\u00e9rtem, hogy haboztok az els\u0151 l\u00e9p\u00e9st megtenni. Nem akartok na\u00edvnak, t\u00falzottan hisz\u00e9kenynek felt\u0171nni. Ink\u00e1bb k\u00e9tszer is meggondolj\u00e1tok, hogy merre induljatok! Ez helyes! &nbsp; De azt is gondold meg: mi t\u00f6rt\u00e9nik Veletek, ha att\u00f3l val\u00f3 f\u00e9lelmedben, hogy hib\u00e1t tal\u00e1ltok elk\u00f6vetni, nem v\u00e1gtok neki egyetlen \u00fatnak sem? Hova \u00e9rkezn\u00e9tek meg? Sehova! Az \u00e9let melyik t\u00e1bor\u00e1hoz tartozn\u00e1tok? A vesztesei k\u00f6z\u00e9! Valah\u00e1nyszor ugyanis csak egy helyben toporogtok, az \u00e9let elrohan &#8211; mellettetek. Megy, halad \u2013 csak \u00e9ppen n\u00e9lk\u00fcletek. N\u00e9lk\u00fcletek, mert f\u00e9lelemb\u0151l nem meritek az els\u0151 l\u00e9p\u00e9st megtenni. Ilyen agg\u00f3d\u00f3 f\u00e9lelem m\u00e1r nem egyszer rontott meg \u00e9leteket \u00e9s sorsokat! Ilyen b\u00e9n\u00edt\u00f3 f\u00e9lelem nem egy sz\u00e9prem\u00e9ny\u0171 \u00e9letet t\u00f6rt m\u00e1r der\u00e9kba! &nbsp; Ne f\u00e9ljetek h\u00e1t! &nbsp; \u201cJ\u00f3, de mit csin\u00e1ljunk azzal a sok benn\u00fcnk \u00e1gaskod\u00f3 k\u00e9rd\u00e9ssel, ami g\u00fazsba k\u00f6ti a kez\u00fcnket?\u201d \u2013 k\u00e9rdezed agg\u00f3d\u00f3 szorong\u00e1ssal. &nbsp; Minden \u00e9let\u00fathoz egy sereg k\u00e9rd\u00e9s tartozik, amelyek foglalkoztatnak \u00e9s nyugtalann\u00e1 tesznek benn\u00fcnket. De ezek a k\u00e9rd\u00e9sek &#8211; el\u0151sz\u00f6r is &#8211; sz\u00fcks\u00e9gesek ahhoz, hogy okosan m\u00e9rj\u00fck fel k\u00e9pess\u00e9geinket, vil\u00e1gosan m\u00e9rlegelj\u00fck lehet\u0151s\u00e9geinket, \u00e9s b\u00f6lcsen osszuk be er\u0151nket. Ugyanakkor nagyon sok k\u00e9rd\u00e9s, amely most nyugtalan\u00edt minket, az \u00fat sor\u00e1n majd mag\u00e1t\u00f3l megv\u00e1laszol\u00f3dik. Sok k\u00e9rd\u00e9sre maga az \u00fat a v\u00e1lasz! Soha ne az \u00fat elej\u00e9n akarjatok minden k\u00e9rd\u00e9sre v\u00e1laszt tal\u00e1lni, hanem majd \u00fatk\u00f6zben. &nbsp; Induljatok h\u00e1t! Aki nem mer... R\u00e9szletek","og_url":"https:\/\/stuttgarti-katolikusok.de\/index.php\/feszitsd-szelnek-a-vitorladat\/","og_site_name":"Stuttgarti Katolikusok","article_published_time":"2017-01-02T15:20:08+00:00","article_modified_time":"2017-01-02T19:54:13+00:00","author":"Tibor atya","twitter_card":"summary_large_image","twitter_misc":{"Szerz\u0151:":"Tibor atya","Becs\u00fclt olvas\u00e1si id\u0151":"3 perc"},"schema":{"@context":"https:\/\/schema.org","@graph":[{"@type":"Article","@id":"https:\/\/stuttgarti-katolikusok.de\/index.php\/feszitsd-szelnek-a-vitorladat\/#article","isPartOf":{"@id":"https:\/\/stuttgarti-katolikusok.de\/index.php\/feszitsd-szelnek-a-vitorladat\/"},"author":{"name":"Tibor atya","@id":"https:\/\/stuttgarti-katolikusok.de\/#\/schema\/person\/75908d6f8fdc03a57889d27209df7795"},"headline":"Fesz\u00edtsd sz\u00e9lnek a vitorl\u00e1dat!","datePublished":"2017-01-02T15:20:08+00:00","dateModified":"2017-01-02T19:54:13+00:00","mainEntityOfPage":{"@id":"https:\/\/stuttgarti-katolikusok.de\/index.php\/feszitsd-szelnek-a-vitorladat\/"},"wordCount":590,"articleSection":["Gondolatok"],"inLanguage":"hu"},{"@type":"WebPage","@id":"https:\/\/stuttgarti-katolikusok.de\/index.php\/feszitsd-szelnek-a-vitorladat\/","url":"https:\/\/stuttgarti-katolikusok.de\/index.php\/feszitsd-szelnek-a-vitorladat\/","name":"Fesz\u00edtsd sz\u00e9lnek a vitorl\u00e1dat! - Stuttgarti Katolikusok","isPartOf":{"@id":"https:\/\/stuttgarti-katolikusok.de\/#website"},"datePublished":"2017-01-02T15:20:08+00:00","dateModified":"2017-01-02T19:54:13+00:00","author":{"@id":"https:\/\/stuttgarti-katolikusok.de\/#\/schema\/person\/75908d6f8fdc03a57889d27209df7795"},"breadcrumb":{"@id":"https:\/\/stuttgarti-katolikusok.de\/index.php\/feszitsd-szelnek-a-vitorladat\/#breadcrumb"},"inLanguage":"hu","potentialAction":[{"@type":"ReadAction","target":["https:\/\/stuttgarti-katolikusok.de\/index.php\/feszitsd-szelnek-a-vitorladat\/"]}]},{"@type":"BreadcrumbList","@id":"https:\/\/stuttgarti-katolikusok.de\/index.php\/feszitsd-szelnek-a-vitorladat\/#breadcrumb","itemListElement":[{"@type":"ListItem","position":1,"name":"Kezd\u0151lap","item":"https:\/\/stuttgarti-katolikusok.de\/"},{"@type":"ListItem","position":2,"name":"Fesz\u00edtsd sz\u00e9lnek a vitorl\u00e1dat!"}]},{"@type":"WebSite","@id":"https:\/\/stuttgarti-katolikusok.de\/#website","url":"https:\/\/stuttgarti-katolikusok.de\/","name":"Stuttgarti Katolikusok","description":"","potentialAction":[{"@type":"SearchAction","target":{"@type":"EntryPoint","urlTemplate":"https:\/\/stuttgarti-katolikusok.de\/?s={search_term_string}"},"query-input":{"@type":"PropertyValueSpecification","valueRequired":true,"valueName":"search_term_string"}}],"inLanguage":"hu"},{"@type":"Person","@id":"https:\/\/stuttgarti-katolikusok.de\/#\/schema\/person\/75908d6f8fdc03a57889d27209df7795","name":"Tibor atya","image":{"@type":"ImageObject","inLanguage":"hu","@id":"https:\/\/secure.gravatar.com\/avatar\/61d268e57d1f4525b111222e29d2d5a7f8c420fdbf231ba5566a8ceac74fa960?s=96&d=mm&r=g","url":"https:\/\/secure.gravatar.com\/avatar\/61d268e57d1f4525b111222e29d2d5a7f8c420fdbf231ba5566a8ceac74fa960?s=96&d=mm&r=g","contentUrl":"https:\/\/secure.gravatar.com\/avatar\/61d268e57d1f4525b111222e29d2d5a7f8c420fdbf231ba5566a8ceac74fa960?s=96&d=mm&r=g","caption":"Tibor atya"},"url":"https:\/\/stuttgarti-katolikusok.de\/index.php\/author\/tibor-atya\/"}]}},"_links":{"self":[{"href":"https:\/\/stuttgarti-katolikusok.de\/index.php\/wp-json\/wp\/v2\/posts\/10845","targetHints":{"allow":["GET"]}}],"collection":[{"href":"https:\/\/stuttgarti-katolikusok.de\/index.php\/wp-json\/wp\/v2\/posts"}],"about":[{"href":"https:\/\/stuttgarti-katolikusok.de\/index.php\/wp-json\/wp\/v2\/types\/post"}],"author":[{"embeddable":true,"href":"https:\/\/stuttgarti-katolikusok.de\/index.php\/wp-json\/wp\/v2\/users\/3"}],"replies":[{"embeddable":true,"href":"https:\/\/stuttgarti-katolikusok.de\/index.php\/wp-json\/wp\/v2\/comments?post=10845"}],"version-history":[{"count":5,"href":"https:\/\/stuttgarti-katolikusok.de\/index.php\/wp-json\/wp\/v2\/posts\/10845\/revisions"}],"predecessor-version":[{"id":10867,"href":"https:\/\/stuttgarti-katolikusok.de\/index.php\/wp-json\/wp\/v2\/posts\/10845\/revisions\/10867"}],"wp:attachment":[{"href":"https:\/\/stuttgarti-katolikusok.de\/index.php\/wp-json\/wp\/v2\/media?parent=10845"}],"wp:term":[{"taxonomy":"category","embeddable":true,"href":"https:\/\/stuttgarti-katolikusok.de\/index.php\/wp-json\/wp\/v2\/categories?post=10845"},{"taxonomy":"post_tag","embeddable":true,"href":"https:\/\/stuttgarti-katolikusok.de\/index.php\/wp-json\/wp\/v2\/tags?post=10845"}],"curies":[{"name":"wp","href":"https:\/\/api.w.org\/{rel}","templated":true}]}}