{"id":10752,"date":"2016-12-28T07:59:53","date_gmt":"2016-12-28T07:59:53","guid":{"rendered":"https:\/\/gracious-dewdney.138-201-221-2.plesk.page\/?p=10752"},"modified":"2020-04-27T15:43:57","modified_gmt":"2020-04-27T15:43:57","slug":"schultheis-eva-beke-veled","status":"publish","type":"post","link":"https:\/\/stuttgarti-katolikusok.de\/index.php\/schultheis-eva-beke-veled\/","title":{"rendered":"Schultheis \u00c9va: B\u00e9ke Veled!"},"content":{"rendered":"<p>B\u00e9ke Veled!<\/p>\n<p><strong>Museo Santa Giulia, Brescia- Fresk\u00f3r\u00e9szlet<\/strong><\/p>\n<p>&nbsp;<\/p>\n<p>Kar\u00e1csony harmadnapj\u00e1n valami b\u00e9k\u00e9s megnyugv\u00e1s t\u00f6lt el.<\/p>\n<p>A b\u00e9k\u00e9t k\u00fcl\u00f6n\u00f6sen hangs\u00falyozn\u00e1m. Sokszorosan kimondtam ugyan a boldog kar\u00e1csonyt id\u00e9n, an\u00e9lk\u00fcl, hogy hozz\u00e1 mertem volna f\u0171zni a b\u00e9k\u00e9t.<\/p>\n<p>A b\u00e9ke, amelyet annyira elcs\u00e9peltnek, annyira t\u00e1volinak, annyira jellegtelennek hittem ezid\u00e1ig, id\u00e9n adventkor\u00a0hirtelen felismer\u00e9sk\u00e9nt szinte bel\u00e9m mart, olyannyira fel\u00e9rt\u00e9kel\u0151d\u00f6tt, hogy az\u00f3ta nem merem a sz\u00e1mra venni, kiejteni, \u00fagy \u00e9rzem, illetlens\u00e9get k\u00f6vetn\u00e9k el vele szemben&#8230;<\/p>\n<p>A b\u00e9k\u00e9t, amelyet \u00e1h\u00edtok, de megteremteni k\u00e9ptelen vagyok&#8230;<\/p>\n<p>Elm\u00faltak a k\u00f6z\u00f6sen elk\u00f6lt\u00f6tt eb\u00e9dek, vacsor\u00e1k.\u00a0 Az \u00fcnnep lecseng\u0151ben. A nap k\u00e9nyelmesen \u00e1tragyog a d\u00e9lel\u0151tt\u00f6n. Nem sietek el semmit, \u00e9lvezem, hogy szinte kapkod\u00e1s n\u00e9lk\u00fcl b\u00e9k\u00e9sen sz\u00f6szm\u00f6t\u00f6lhetek. Pakolgat\u00e1s k\u00f6zben tudatosan mazsol\u00e1zok az aj\u00e1nd\u00e9kok k\u00f6z\u00f6tt. Szeretetteljesen elk\u00e9sz\u00edtett\u00a0csomagok r\u00e9szben m\u00e9g a feny\u0151fa alatt \u0151rzik a szenteste meghitts\u00e9g\u00e9t.<\/p>\n<p>J\u00f3lesik a csend, j\u00f3lesik a egyed\u00fcll\u00e9t, v\u00e9gre van merszem r\u00e1b\u00f3lintani az idei \u00fcnnep l\u00e9nyeg\u00e9re.<\/p>\n<p>V\u00e9gre van b\u00e1tors\u00e1gom a b\u00e9ke szem\u00e9be n\u00e9zni, amelyet \u00a0minden szentmise b\u00e9ker\u00edtus\u00e1ban ugyan hangosan kimondok, de szentest\u00e9n, az\u00f3ta, hogy Izaj\u00e1s pr\u00f3f\u00e9ta j\u00f6vend\u00f6l\u00e9s\u00e9ben felhangzott \u00e9s\u00a0mint Csod\u00e1latos Tan\u00e1csad\u00f3, Er\u0151s Isten, \u00d6r\u00f6k Atya, B\u00e9ke Fejedelme jelent meg a kar\u00e1csonyi liturgi\u00e1ban,\u00a0\u00faj tipr\u00f3d\u00e1sokra adott okot.<\/p>\n<p>Most azonban ez a\u00a0b\u00e9k\u00e9s hang azt s\u00fagja, ne adjam fel. Minden hezit\u00e1l\u00e1s, rezign\u00e1ci\u00f3, el\u0151zetes szorong\u00e1s, kaotikus vil\u00e1gpolitikai esem\u00e9ny\u00a0ellen\u00e9re sem.<\/p>\n<p>\u00c9veken \u00e1t keresem, elvesz\u00edtem, \u00fajra megtal\u00e1lom, kimondom a l\u00e9nyeget. Elindulok a j\u00f6v\u0151be, tov\u00e1bb hordozom az \u00e9letet egy bizonytalan \u00e9s kisz\u00e1m\u00edthatatlan vil\u00e1gban, amelyben egyed\u00fcl csak a szeretetre val\u00f3 t\u00f6rekv\u00e9s sz\u00e1m\u00edt&#8230;<\/p>\n<p>\u00c9s term\u00e9szetesen a b\u00e9ke. Mert az izaj\u00e1si pr\u00f3f\u00e9ci\u00e1b\u00f3l ez is vil\u00e1goss\u00e1 v\u00e1lik. A B\u00e9ke Fejedelme D\u00e1vid tr\u00f3nj\u00e1nak kir\u00e1lys\u00e1g\u00e1ban jog \u00e9s igazs\u00e1g\u00a0\u00e1ltal uralkodik majd, akinek messzire kiterjed uralma, mert a b\u00e9ke megtart\u00f3ja \u00e9s megszil\u00e1rd\u00edt\u00f3ja lesz.<\/p>\n<p>Annak a b\u00e9k\u00e9nek az \u0151rz\u0151je, amelyet egyed\u00fcl \u00e9n, azaz mi teremthet\u00fcnk meg magunkban, egym\u00e1sban&#8230;<\/p>\n<p>\u00c9s a b\u00e9k\u00e9nek nem lesz v\u00e9ge&#8230; ha megsz\u00fcletett bennem \u00e9s benned,\u00a0b\u00e9kess\u00e9g lesz k\u00f6zt\u00fcnk mindenkor&#8230; Rajtunk m\u00falik&#8230;<\/p>\n<p>Mostant\u00f3l mind\u00f6r\u00f6kk\u00e9 ezt teszi a Seregek ur\u00e1nak f\u00e9lt\u0151 szeretete&#8230;<\/p>\n<p>Ezt k\u00edv\u00e1nom mindannyiunknak, \u00fagy legyen&#8230;<\/p>\n<p>&nbsp;<\/p>\n<p>2016 kar\u00e1csony\u00e1n<\/p>\n<p>Schultheis \u00c9va<\/p>\n<p>&nbsp;<\/p>\n","protected":false},"excerpt":{"rendered":"<p>B\u00e9ke Veled! Museo Santa Giulia, Brescia- Fresk\u00f3r\u00e9szlet &nbsp; Kar\u00e1csony harmadnapj\u00e1n valami b\u00e9k\u00e9s megnyugv\u00e1s t\u00f6lt el. A b\u00e9k\u00e9t k\u00fcl\u00f6n\u00f6sen hangs\u00falyozn\u00e1m. Sokszorosan kimondtam ugyan a boldog kar\u00e1csonyt id\u00e9n, an\u00e9lk\u00fcl, hogy hozz\u00e1 mertem volna f\u0171zni a b\u00e9k\u00e9t. A b\u00e9ke, amelyet annyira elcs\u00e9peltnek, annyira t\u00e1volinak, annyira jellegtelennek hittem ezid\u00e1ig, id\u00e9n adventkor\u00a0hirtelen felismer\u00e9sk\u00e9nt szinte bel\u00e9m mart, olyannyira fel\u00e9rt\u00e9kel\u0151d\u00f6tt, hogy az\u00f3ta nem merem a sz\u00e1mra venni, kiejteni, \u00fagy \u00e9rzem, illetlens\u00e9get k\u00f6vetn\u00e9k el vele szemben&#8230; A b\u00e9k\u00e9t, amelyet \u00e1h\u00edtok, de megteremteni k\u00e9ptelen vagyok&#8230; Elm\u00faltak a k\u00f6z\u00f6sen elk\u00f6lt\u00f6tt eb\u00e9dek, vacsor\u00e1k.\u00a0 Az \u00fcnnep lecseng\u0151ben. A nap k\u00e9nyelmesen \u00e1tragyog a d\u00e9lel\u0151tt\u00f6n. Nem sietek el semmit, \u00e9lvezem, hogy szinte kapkod\u00e1s n\u00e9lk\u00fcl b\u00e9k\u00e9sen sz\u00f6szm\u00f6t\u00f6lhetek. Pakolgat\u00e1s k\u00f6zben tudatosan mazsol\u00e1zok az aj\u00e1nd\u00e9kok k\u00f6z\u00f6tt. Szeretetteljesen elk\u00e9sz\u00edtett\u00a0csomagok r\u00e9szben m\u00e9g a feny\u0151fa alatt \u0151rzik a szenteste meghitts\u00e9g\u00e9t. J\u00f3lesik a csend, j\u00f3lesik a egyed\u00fcll\u00e9t, v\u00e9gre van merszem r\u00e1b\u00f3lintani az idei \u00fcnnep l\u00e9nyeg\u00e9re. V\u00e9gre van b\u00e1tors\u00e1gom a b\u00e9ke szem\u00e9be n\u00e9zni, amelyet \u00a0minden szentmise b\u00e9ker\u00edtus\u00e1ban ugyan hangosan kimondok, de szentest\u00e9n, az\u00f3ta, hogy Izaj\u00e1s pr\u00f3f\u00e9ta j\u00f6vend\u00f6l\u00e9s\u00e9ben felhangzott \u00e9s\u00a0mint Csod\u00e1latos Tan\u00e1csad\u00f3, Er\u0151s Isten, \u00d6r\u00f6k Atya, B\u00e9ke Fejedelme jelent meg a kar\u00e1csonyi liturgi\u00e1ban,\u00a0\u00faj tipr\u00f3d\u00e1sokra adott okot. Most azonban ez a\u00a0b\u00e9k\u00e9s hang azt s\u00fagja, ne adjam fel. Minden hezit\u00e1l\u00e1s, rezign\u00e1ci\u00f3, el\u0151zetes szorong\u00e1s, kaotikus vil\u00e1gpolitikai esem\u00e9ny\u00a0ellen\u00e9re sem. \u00c9veken \u00e1t keresem, elvesz\u00edtem, \u00fajra megtal\u00e1lom, kimondom a l\u00e9nyeget. Elindulok a j\u00f6v\u0151be, tov\u00e1bb hordozom az \u00e9letet egy bizonytalan \u00e9s kisz\u00e1m\u00edthatatlan vil\u00e1gban, amelyben egyed\u00fcl csak a szeretetre val\u00f3 t\u00f6rekv\u00e9s sz\u00e1m\u00edt&#8230; \u00c9s term\u00e9szetesen a b\u00e9ke. Mert az izaj\u00e1si pr\u00f3f\u00e9ci\u00e1b\u00f3l ez is vil\u00e1goss\u00e1 v\u00e1lik. A B\u00e9ke Fejedelme D\u00e1vid tr\u00f3nj\u00e1nak kir\u00e1lys\u00e1g\u00e1ban jog \u00e9s igazs\u00e1g\u00a0\u00e1ltal uralkodik majd, akinek messzire kiterjed uralma, mert a b\u00e9ke megtart\u00f3ja \u00e9s megszil\u00e1rd\u00edt\u00f3ja lesz. Annak a b\u00e9k\u00e9nek az \u0151rz\u0151je, amelyet egyed\u00fcl \u00e9n, azaz mi teremthet\u00fcnk meg magunkban, egym\u00e1sban&#8230; \u00c9s a b\u00e9k\u00e9nek nem lesz v\u00e9ge&#8230; ha megsz\u00fcletett bennem \u00e9s benned,\u00a0b\u00e9kess\u00e9g lesz k\u00f6zt\u00fcnk mindenkor&#8230; Rajtunk m\u00falik&#8230; Mostant\u00f3l mind\u00f6r\u00f6kk\u00e9 ezt teszi a Seregek ur\u00e1nak f\u00e9lt\u0151 szeretete&#8230; Ezt k\u00edv\u00e1nom mindannyiunknak, \u00fagy legyen&#8230; &nbsp;&#8230; <\/p>\n<p><a class=\"readmore\" href=\"https:\/\/stuttgarti-katolikusok.de\/index.php\/schultheis-eva-beke-veled\/\">R\u00e9szletek<\/a><\/p>\n","protected":false},"author":3,"featured_media":0,"comment_status":"closed","ping_status":"closed","sticky":false,"template":"","format":"standard","meta":{"footnotes":""},"categories":[28],"tags":[],"class_list":["post-10752","post","type-post","status-publish","format-standard","hentry","category-olvasoink-irjak"],"yoast_head":"<!-- This site is optimized with the Yoast SEO plugin v27.3 - https:\/\/yoast.com\/product\/yoast-seo-wordpress\/ -->\n<title>Schultheis \u00c9va: B\u00e9ke Veled! - Stuttgarti Katolikusok<\/title>\n<meta name=\"robots\" content=\"index, follow, max-snippet:-1, max-image-preview:large, max-video-preview:-1\" \/>\n<link rel=\"canonical\" href=\"https:\/\/stuttgarti-katolikusok.de\/index.php\/schultheis-eva-beke-veled\/\" \/>\n<meta property=\"og:locale\" content=\"hu_HU\" \/>\n<meta property=\"og:type\" content=\"article\" \/>\n<meta property=\"og:title\" content=\"Schultheis \u00c9va: B\u00e9ke Veled! - Stuttgarti Katolikusok\" \/>\n<meta property=\"og:description\" content=\"B\u00e9ke Veled! Museo Santa Giulia, Brescia- Fresk\u00f3r\u00e9szlet &nbsp; Kar\u00e1csony harmadnapj\u00e1n valami b\u00e9k\u00e9s megnyugv\u00e1s t\u00f6lt el. A b\u00e9k\u00e9t k\u00fcl\u00f6n\u00f6sen hangs\u00falyozn\u00e1m. Sokszorosan kimondtam ugyan a boldog kar\u00e1csonyt id\u00e9n, an\u00e9lk\u00fcl, hogy hozz\u00e1 mertem volna f\u0171zni a b\u00e9k\u00e9t. A b\u00e9ke, amelyet annyira elcs\u00e9peltnek, annyira t\u00e1volinak, annyira jellegtelennek hittem ezid\u00e1ig, id\u00e9n adventkor\u00a0hirtelen felismer\u00e9sk\u00e9nt szinte bel\u00e9m mart, olyannyira fel\u00e9rt\u00e9kel\u0151d\u00f6tt, hogy az\u00f3ta nem merem a sz\u00e1mra venni, kiejteni, \u00fagy \u00e9rzem, illetlens\u00e9get k\u00f6vetn\u00e9k el vele szemben&#8230; A b\u00e9k\u00e9t, amelyet \u00e1h\u00edtok, de megteremteni k\u00e9ptelen vagyok&#8230; Elm\u00faltak a k\u00f6z\u00f6sen elk\u00f6lt\u00f6tt eb\u00e9dek, vacsor\u00e1k.\u00a0 Az \u00fcnnep lecseng\u0151ben. A nap k\u00e9nyelmesen \u00e1tragyog a d\u00e9lel\u0151tt\u00f6n. Nem sietek el semmit, \u00e9lvezem, hogy szinte kapkod\u00e1s n\u00e9lk\u00fcl b\u00e9k\u00e9sen sz\u00f6szm\u00f6t\u00f6lhetek. Pakolgat\u00e1s k\u00f6zben tudatosan mazsol\u00e1zok az aj\u00e1nd\u00e9kok k\u00f6z\u00f6tt. Szeretetteljesen elk\u00e9sz\u00edtett\u00a0csomagok r\u00e9szben m\u00e9g a feny\u0151fa alatt \u0151rzik a szenteste meghitts\u00e9g\u00e9t. J\u00f3lesik a csend, j\u00f3lesik a egyed\u00fcll\u00e9t, v\u00e9gre van merszem r\u00e1b\u00f3lintani az idei \u00fcnnep l\u00e9nyeg\u00e9re. V\u00e9gre van b\u00e1tors\u00e1gom a b\u00e9ke szem\u00e9be n\u00e9zni, amelyet \u00a0minden szentmise b\u00e9ker\u00edtus\u00e1ban ugyan hangosan kimondok, de szentest\u00e9n, az\u00f3ta, hogy Izaj\u00e1s pr\u00f3f\u00e9ta j\u00f6vend\u00f6l\u00e9s\u00e9ben felhangzott \u00e9s\u00a0mint Csod\u00e1latos Tan\u00e1csad\u00f3, Er\u0151s Isten, \u00d6r\u00f6k Atya, B\u00e9ke Fejedelme jelent meg a kar\u00e1csonyi liturgi\u00e1ban,\u00a0\u00faj tipr\u00f3d\u00e1sokra adott okot. Most azonban ez a\u00a0b\u00e9k\u00e9s hang azt s\u00fagja, ne adjam fel. Minden hezit\u00e1l\u00e1s, rezign\u00e1ci\u00f3, el\u0151zetes szorong\u00e1s, kaotikus vil\u00e1gpolitikai esem\u00e9ny\u00a0ellen\u00e9re sem. \u00c9veken \u00e1t keresem, elvesz\u00edtem, \u00fajra megtal\u00e1lom, kimondom a l\u00e9nyeget. Elindulok a j\u00f6v\u0151be, tov\u00e1bb hordozom az \u00e9letet egy bizonytalan \u00e9s kisz\u00e1m\u00edthatatlan vil\u00e1gban, amelyben egyed\u00fcl csak a szeretetre val\u00f3 t\u00f6rekv\u00e9s sz\u00e1m\u00edt&#8230; \u00c9s term\u00e9szetesen a b\u00e9ke. Mert az izaj\u00e1si pr\u00f3f\u00e9ci\u00e1b\u00f3l ez is vil\u00e1goss\u00e1 v\u00e1lik. A B\u00e9ke Fejedelme D\u00e1vid tr\u00f3nj\u00e1nak kir\u00e1lys\u00e1g\u00e1ban jog \u00e9s igazs\u00e1g\u00a0\u00e1ltal uralkodik majd, akinek messzire kiterjed uralma, mert a b\u00e9ke megtart\u00f3ja \u00e9s megszil\u00e1rd\u00edt\u00f3ja lesz. Annak a b\u00e9k\u00e9nek az \u0151rz\u0151je, amelyet egyed\u00fcl \u00e9n, azaz mi teremthet\u00fcnk meg magunkban, egym\u00e1sban&#8230; \u00c9s a b\u00e9k\u00e9nek nem lesz v\u00e9ge&#8230; ha megsz\u00fcletett bennem \u00e9s benned,\u00a0b\u00e9kess\u00e9g lesz k\u00f6zt\u00fcnk mindenkor&#8230; Rajtunk m\u00falik&#8230; Mostant\u00f3l mind\u00f6r\u00f6kk\u00e9 ezt teszi a Seregek ur\u00e1nak f\u00e9lt\u0151 szeretete&#8230; Ezt k\u00edv\u00e1nom mindannyiunknak, \u00fagy legyen&#8230; &nbsp;... R\u00e9szletek\" \/>\n<meta property=\"og:url\" content=\"https:\/\/stuttgarti-katolikusok.de\/index.php\/schultheis-eva-beke-veled\/\" \/>\n<meta property=\"og:site_name\" content=\"Stuttgarti Katolikusok\" \/>\n<meta property=\"article:published_time\" content=\"2016-12-28T07:59:53+00:00\" \/>\n<meta property=\"article:modified_time\" content=\"2020-04-27T15:43:57+00:00\" \/>\n<meta name=\"author\" content=\"Tibor atya\" \/>\n<meta name=\"twitter:card\" content=\"summary_large_image\" \/>\n<meta name=\"twitter:label1\" content=\"Szerz\u0151:\" \/>\n\t<meta name=\"twitter:data1\" content=\"Tibor atya\" \/>\n\t<meta name=\"twitter:label2\" content=\"Becs\u00fclt olvas\u00e1si id\u0151\" \/>\n\t<meta name=\"twitter:data2\" content=\"2 perc\" \/>\n<script type=\"application\/ld+json\" class=\"yoast-schema-graph\">{\"@context\":\"https:\\\/\\\/schema.org\",\"@graph\":[{\"@type\":\"Article\",\"@id\":\"https:\\\/\\\/stuttgarti-katolikusok.de\\\/index.php\\\/schultheis-eva-beke-veled\\\/#article\",\"isPartOf\":{\"@id\":\"https:\\\/\\\/stuttgarti-katolikusok.de\\\/index.php\\\/schultheis-eva-beke-veled\\\/\"},\"author\":{\"name\":\"Tibor atya\",\"@id\":\"https:\\\/\\\/stuttgarti-katolikusok.de\\\/#\\\/schema\\\/person\\\/75908d6f8fdc03a57889d27209df7795\"},\"headline\":\"Schultheis \u00c9va: B\u00e9ke Veled!\",\"datePublished\":\"2016-12-28T07:59:53+00:00\",\"dateModified\":\"2020-04-27T15:43:57+00:00\",\"mainEntityOfPage\":{\"@id\":\"https:\\\/\\\/stuttgarti-katolikusok.de\\\/index.php\\\/schultheis-eva-beke-veled\\\/\"},\"wordCount\":502,\"articleSection\":[\"Olvas\u00f3ink \u00edrj\u00e1k\"],\"inLanguage\":\"hu\"},{\"@type\":\"WebPage\",\"@id\":\"https:\\\/\\\/stuttgarti-katolikusok.de\\\/index.php\\\/schultheis-eva-beke-veled\\\/\",\"url\":\"https:\\\/\\\/stuttgarti-katolikusok.de\\\/index.php\\\/schultheis-eva-beke-veled\\\/\",\"name\":\"Schultheis \u00c9va: B\u00e9ke Veled! - Stuttgarti Katolikusok\",\"isPartOf\":{\"@id\":\"https:\\\/\\\/stuttgarti-katolikusok.de\\\/#website\"},\"datePublished\":\"2016-12-28T07:59:53+00:00\",\"dateModified\":\"2020-04-27T15:43:57+00:00\",\"author\":{\"@id\":\"https:\\\/\\\/stuttgarti-katolikusok.de\\\/#\\\/schema\\\/person\\\/75908d6f8fdc03a57889d27209df7795\"},\"breadcrumb\":{\"@id\":\"https:\\\/\\\/stuttgarti-katolikusok.de\\\/index.php\\\/schultheis-eva-beke-veled\\\/#breadcrumb\"},\"inLanguage\":\"hu\",\"potentialAction\":[{\"@type\":\"ReadAction\",\"target\":[\"https:\\\/\\\/stuttgarti-katolikusok.de\\\/index.php\\\/schultheis-eva-beke-veled\\\/\"]}]},{\"@type\":\"BreadcrumbList\",\"@id\":\"https:\\\/\\\/stuttgarti-katolikusok.de\\\/index.php\\\/schultheis-eva-beke-veled\\\/#breadcrumb\",\"itemListElement\":[{\"@type\":\"ListItem\",\"position\":1,\"name\":\"Kezd\u0151lap\",\"item\":\"https:\\\/\\\/stuttgarti-katolikusok.de\\\/\"},{\"@type\":\"ListItem\",\"position\":2,\"name\":\"Schultheis \u00c9va: B\u00e9ke Veled!\"}]},{\"@type\":\"WebSite\",\"@id\":\"https:\\\/\\\/stuttgarti-katolikusok.de\\\/#website\",\"url\":\"https:\\\/\\\/stuttgarti-katolikusok.de\\\/\",\"name\":\"Stuttgarti Katolikusok\",\"description\":\"\",\"potentialAction\":[{\"@type\":\"SearchAction\",\"target\":{\"@type\":\"EntryPoint\",\"urlTemplate\":\"https:\\\/\\\/stuttgarti-katolikusok.de\\\/?s={search_term_string}\"},\"query-input\":{\"@type\":\"PropertyValueSpecification\",\"valueRequired\":true,\"valueName\":\"search_term_string\"}}],\"inLanguage\":\"hu\"},{\"@type\":\"Person\",\"@id\":\"https:\\\/\\\/stuttgarti-katolikusok.de\\\/#\\\/schema\\\/person\\\/75908d6f8fdc03a57889d27209df7795\",\"name\":\"Tibor atya\",\"image\":{\"@type\":\"ImageObject\",\"inLanguage\":\"hu\",\"@id\":\"https:\\\/\\\/secure.gravatar.com\\\/avatar\\\/61d268e57d1f4525b111222e29d2d5a7f8c420fdbf231ba5566a8ceac74fa960?s=96&d=mm&r=g\",\"url\":\"https:\\\/\\\/secure.gravatar.com\\\/avatar\\\/61d268e57d1f4525b111222e29d2d5a7f8c420fdbf231ba5566a8ceac74fa960?s=96&d=mm&r=g\",\"contentUrl\":\"https:\\\/\\\/secure.gravatar.com\\\/avatar\\\/61d268e57d1f4525b111222e29d2d5a7f8c420fdbf231ba5566a8ceac74fa960?s=96&d=mm&r=g\",\"caption\":\"Tibor atya\"},\"url\":\"https:\\\/\\\/stuttgarti-katolikusok.de\\\/index.php\\\/author\\\/tibor-atya\\\/\"}]}<\/script>\n<!-- \/ Yoast SEO plugin. -->","yoast_head_json":{"title":"Schultheis \u00c9va: B\u00e9ke Veled! - Stuttgarti Katolikusok","robots":{"index":"index","follow":"follow","max-snippet":"max-snippet:-1","max-image-preview":"max-image-preview:large","max-video-preview":"max-video-preview:-1"},"canonical":"https:\/\/stuttgarti-katolikusok.de\/index.php\/schultheis-eva-beke-veled\/","og_locale":"hu_HU","og_type":"article","og_title":"Schultheis \u00c9va: B\u00e9ke Veled! - Stuttgarti Katolikusok","og_description":"B\u00e9ke Veled! Museo Santa Giulia, Brescia- Fresk\u00f3r\u00e9szlet &nbsp; Kar\u00e1csony harmadnapj\u00e1n valami b\u00e9k\u00e9s megnyugv\u00e1s t\u00f6lt el. A b\u00e9k\u00e9t k\u00fcl\u00f6n\u00f6sen hangs\u00falyozn\u00e1m. Sokszorosan kimondtam ugyan a boldog kar\u00e1csonyt id\u00e9n, an\u00e9lk\u00fcl, hogy hozz\u00e1 mertem volna f\u0171zni a b\u00e9k\u00e9t. A b\u00e9ke, amelyet annyira elcs\u00e9peltnek, annyira t\u00e1volinak, annyira jellegtelennek hittem ezid\u00e1ig, id\u00e9n adventkor\u00a0hirtelen felismer\u00e9sk\u00e9nt szinte bel\u00e9m mart, olyannyira fel\u00e9rt\u00e9kel\u0151d\u00f6tt, hogy az\u00f3ta nem merem a sz\u00e1mra venni, kiejteni, \u00fagy \u00e9rzem, illetlens\u00e9get k\u00f6vetn\u00e9k el vele szemben&#8230; A b\u00e9k\u00e9t, amelyet \u00e1h\u00edtok, de megteremteni k\u00e9ptelen vagyok&#8230; Elm\u00faltak a k\u00f6z\u00f6sen elk\u00f6lt\u00f6tt eb\u00e9dek, vacsor\u00e1k.\u00a0 Az \u00fcnnep lecseng\u0151ben. A nap k\u00e9nyelmesen \u00e1tragyog a d\u00e9lel\u0151tt\u00f6n. Nem sietek el semmit, \u00e9lvezem, hogy szinte kapkod\u00e1s n\u00e9lk\u00fcl b\u00e9k\u00e9sen sz\u00f6szm\u00f6t\u00f6lhetek. Pakolgat\u00e1s k\u00f6zben tudatosan mazsol\u00e1zok az aj\u00e1nd\u00e9kok k\u00f6z\u00f6tt. Szeretetteljesen elk\u00e9sz\u00edtett\u00a0csomagok r\u00e9szben m\u00e9g a feny\u0151fa alatt \u0151rzik a szenteste meghitts\u00e9g\u00e9t. J\u00f3lesik a csend, j\u00f3lesik a egyed\u00fcll\u00e9t, v\u00e9gre van merszem r\u00e1b\u00f3lintani az idei \u00fcnnep l\u00e9nyeg\u00e9re. V\u00e9gre van b\u00e1tors\u00e1gom a b\u00e9ke szem\u00e9be n\u00e9zni, amelyet \u00a0minden szentmise b\u00e9ker\u00edtus\u00e1ban ugyan hangosan kimondok, de szentest\u00e9n, az\u00f3ta, hogy Izaj\u00e1s pr\u00f3f\u00e9ta j\u00f6vend\u00f6l\u00e9s\u00e9ben felhangzott \u00e9s\u00a0mint Csod\u00e1latos Tan\u00e1csad\u00f3, Er\u0151s Isten, \u00d6r\u00f6k Atya, B\u00e9ke Fejedelme jelent meg a kar\u00e1csonyi liturgi\u00e1ban,\u00a0\u00faj tipr\u00f3d\u00e1sokra adott okot. Most azonban ez a\u00a0b\u00e9k\u00e9s hang azt s\u00fagja, ne adjam fel. Minden hezit\u00e1l\u00e1s, rezign\u00e1ci\u00f3, el\u0151zetes szorong\u00e1s, kaotikus vil\u00e1gpolitikai esem\u00e9ny\u00a0ellen\u00e9re sem. \u00c9veken \u00e1t keresem, elvesz\u00edtem, \u00fajra megtal\u00e1lom, kimondom a l\u00e9nyeget. Elindulok a j\u00f6v\u0151be, tov\u00e1bb hordozom az \u00e9letet egy bizonytalan \u00e9s kisz\u00e1m\u00edthatatlan vil\u00e1gban, amelyben egyed\u00fcl csak a szeretetre val\u00f3 t\u00f6rekv\u00e9s sz\u00e1m\u00edt&#8230; \u00c9s term\u00e9szetesen a b\u00e9ke. Mert az izaj\u00e1si pr\u00f3f\u00e9ci\u00e1b\u00f3l ez is vil\u00e1goss\u00e1 v\u00e1lik. A B\u00e9ke Fejedelme D\u00e1vid tr\u00f3nj\u00e1nak kir\u00e1lys\u00e1g\u00e1ban jog \u00e9s igazs\u00e1g\u00a0\u00e1ltal uralkodik majd, akinek messzire kiterjed uralma, mert a b\u00e9ke megtart\u00f3ja \u00e9s megszil\u00e1rd\u00edt\u00f3ja lesz. Annak a b\u00e9k\u00e9nek az \u0151rz\u0151je, amelyet egyed\u00fcl \u00e9n, azaz mi teremthet\u00fcnk meg magunkban, egym\u00e1sban&#8230; \u00c9s a b\u00e9k\u00e9nek nem lesz v\u00e9ge&#8230; ha megsz\u00fcletett bennem \u00e9s benned,\u00a0b\u00e9kess\u00e9g lesz k\u00f6zt\u00fcnk mindenkor&#8230; Rajtunk m\u00falik&#8230; Mostant\u00f3l mind\u00f6r\u00f6kk\u00e9 ezt teszi a Seregek ur\u00e1nak f\u00e9lt\u0151 szeretete&#8230; Ezt k\u00edv\u00e1nom mindannyiunknak, \u00fagy legyen&#8230; &nbsp;... R\u00e9szletek","og_url":"https:\/\/stuttgarti-katolikusok.de\/index.php\/schultheis-eva-beke-veled\/","og_site_name":"Stuttgarti Katolikusok","article_published_time":"2016-12-28T07:59:53+00:00","article_modified_time":"2020-04-27T15:43:57+00:00","author":"Tibor atya","twitter_card":"summary_large_image","twitter_misc":{"Szerz\u0151:":"Tibor atya","Becs\u00fclt olvas\u00e1si id\u0151":"2 perc"},"schema":{"@context":"https:\/\/schema.org","@graph":[{"@type":"Article","@id":"https:\/\/stuttgarti-katolikusok.de\/index.php\/schultheis-eva-beke-veled\/#article","isPartOf":{"@id":"https:\/\/stuttgarti-katolikusok.de\/index.php\/schultheis-eva-beke-veled\/"},"author":{"name":"Tibor atya","@id":"https:\/\/stuttgarti-katolikusok.de\/#\/schema\/person\/75908d6f8fdc03a57889d27209df7795"},"headline":"Schultheis \u00c9va: B\u00e9ke Veled!","datePublished":"2016-12-28T07:59:53+00:00","dateModified":"2020-04-27T15:43:57+00:00","mainEntityOfPage":{"@id":"https:\/\/stuttgarti-katolikusok.de\/index.php\/schultheis-eva-beke-veled\/"},"wordCount":502,"articleSection":["Olvas\u00f3ink \u00edrj\u00e1k"],"inLanguage":"hu"},{"@type":"WebPage","@id":"https:\/\/stuttgarti-katolikusok.de\/index.php\/schultheis-eva-beke-veled\/","url":"https:\/\/stuttgarti-katolikusok.de\/index.php\/schultheis-eva-beke-veled\/","name":"Schultheis \u00c9va: B\u00e9ke Veled! - Stuttgarti Katolikusok","isPartOf":{"@id":"https:\/\/stuttgarti-katolikusok.de\/#website"},"datePublished":"2016-12-28T07:59:53+00:00","dateModified":"2020-04-27T15:43:57+00:00","author":{"@id":"https:\/\/stuttgarti-katolikusok.de\/#\/schema\/person\/75908d6f8fdc03a57889d27209df7795"},"breadcrumb":{"@id":"https:\/\/stuttgarti-katolikusok.de\/index.php\/schultheis-eva-beke-veled\/#breadcrumb"},"inLanguage":"hu","potentialAction":[{"@type":"ReadAction","target":["https:\/\/stuttgarti-katolikusok.de\/index.php\/schultheis-eva-beke-veled\/"]}]},{"@type":"BreadcrumbList","@id":"https:\/\/stuttgarti-katolikusok.de\/index.php\/schultheis-eva-beke-veled\/#breadcrumb","itemListElement":[{"@type":"ListItem","position":1,"name":"Kezd\u0151lap","item":"https:\/\/stuttgarti-katolikusok.de\/"},{"@type":"ListItem","position":2,"name":"Schultheis \u00c9va: B\u00e9ke Veled!"}]},{"@type":"WebSite","@id":"https:\/\/stuttgarti-katolikusok.de\/#website","url":"https:\/\/stuttgarti-katolikusok.de\/","name":"Stuttgarti Katolikusok","description":"","potentialAction":[{"@type":"SearchAction","target":{"@type":"EntryPoint","urlTemplate":"https:\/\/stuttgarti-katolikusok.de\/?s={search_term_string}"},"query-input":{"@type":"PropertyValueSpecification","valueRequired":true,"valueName":"search_term_string"}}],"inLanguage":"hu"},{"@type":"Person","@id":"https:\/\/stuttgarti-katolikusok.de\/#\/schema\/person\/75908d6f8fdc03a57889d27209df7795","name":"Tibor atya","image":{"@type":"ImageObject","inLanguage":"hu","@id":"https:\/\/secure.gravatar.com\/avatar\/61d268e57d1f4525b111222e29d2d5a7f8c420fdbf231ba5566a8ceac74fa960?s=96&d=mm&r=g","url":"https:\/\/secure.gravatar.com\/avatar\/61d268e57d1f4525b111222e29d2d5a7f8c420fdbf231ba5566a8ceac74fa960?s=96&d=mm&r=g","contentUrl":"https:\/\/secure.gravatar.com\/avatar\/61d268e57d1f4525b111222e29d2d5a7f8c420fdbf231ba5566a8ceac74fa960?s=96&d=mm&r=g","caption":"Tibor atya"},"url":"https:\/\/stuttgarti-katolikusok.de\/index.php\/author\/tibor-atya\/"}]}},"_links":{"self":[{"href":"https:\/\/stuttgarti-katolikusok.de\/index.php\/wp-json\/wp\/v2\/posts\/10752","targetHints":{"allow":["GET"]}}],"collection":[{"href":"https:\/\/stuttgarti-katolikusok.de\/index.php\/wp-json\/wp\/v2\/posts"}],"about":[{"href":"https:\/\/stuttgarti-katolikusok.de\/index.php\/wp-json\/wp\/v2\/types\/post"}],"author":[{"embeddable":true,"href":"https:\/\/stuttgarti-katolikusok.de\/index.php\/wp-json\/wp\/v2\/users\/3"}],"replies":[{"embeddable":true,"href":"https:\/\/stuttgarti-katolikusok.de\/index.php\/wp-json\/wp\/v2\/comments?post=10752"}],"version-history":[{"count":2,"href":"https:\/\/stuttgarti-katolikusok.de\/index.php\/wp-json\/wp\/v2\/posts\/10752\/revisions"}],"predecessor-version":[{"id":10757,"href":"https:\/\/stuttgarti-katolikusok.de\/index.php\/wp-json\/wp\/v2\/posts\/10752\/revisions\/10757"}],"wp:attachment":[{"href":"https:\/\/stuttgarti-katolikusok.de\/index.php\/wp-json\/wp\/v2\/media?parent=10752"}],"wp:term":[{"taxonomy":"category","embeddable":true,"href":"https:\/\/stuttgarti-katolikusok.de\/index.php\/wp-json\/wp\/v2\/categories?post=10752"},{"taxonomy":"post_tag","embeddable":true,"href":"https:\/\/stuttgarti-katolikusok.de\/index.php\/wp-json\/wp\/v2\/tags?post=10752"}],"curies":[{"name":"wp","href":"https:\/\/api.w.org\/{rel}","templated":true}]}}