{"id":10675,"date":"2016-12-19T07:45:36","date_gmt":"2016-12-19T07:45:36","guid":{"rendered":"https:\/\/gracious-dewdney.138-201-221-2.plesk.page\/?p=10675"},"modified":"2016-12-19T11:13:04","modified_gmt":"2016-12-19T11:13:04","slug":"programelozetes-2016-december-es-2017-januar-1-kozott","status":"publish","type":"post","link":"https:\/\/stuttgarti-katolikusok.de\/index.php\/programelozetes-2016-december-es-2017-januar-1-kozott\/","title":{"rendered":"Programel\u0151zetes 2016. december 19 \u00e9s 2017. janu\u00e1r 1 k\u00f6z\u00f6tt"},"content":{"rendered":"<p><strong>Programel\u0151zetes<\/strong><\/p>\n<p><strong>December 22-\u00e9n, <\/strong>cs\u00fct\u00f6rt\u00f6k\u00f6n, 17.30 \u00f3rakor <strong>Ulmban <\/strong><em>szentmise. <\/em>El\u0151tte <em>gy\u00f3n\u00e1si<\/em> lehet\u0151s\u00e9g, ut\u00e1na <em>Besz\u00e9lget\u00e9sek a Bibli\u00e1r\u00f3l<\/em>.<\/p>\n<p><strong>*<\/strong><\/p>\n<p><strong>December 23-\u00e1n, <\/strong>p\u00e9nteken, <strong>Stuttgartban<\/strong> reggel 8.00 \u00f3rakor <em>ror\u00e1t\u00e9-szentmise<\/em>. Ut\u00e1na <em>k\u00f6z\u00f6s reggeli<\/em> a Pl\u00e9b\u00e1ni\u00e1n.<\/p>\n<p><strong>Weingartenben <\/strong>18.00 \u00f3rakor <em>szentmise<\/em> a St.Marien-templomban. El\u0151tte <em>gy\u00f3ntat\u00e1s<\/em>, ut\u00e1na <em>Besz\u00e9lget\u00e9sek a Bibli\u00e1r\u00f3l.<\/em><\/p>\n<p>*<\/p>\n<p><strong>Kar\u00e1csonyi miserend\u00fcnk<\/strong><\/p>\n<p><em>Stuttgart\u00a0\u00a0\u00a0\u00a0\u00a0\u00a0\u00a0\u00a0\u00a0\u00a0\u00a0\u00a0\u00a0\u00a0\u00a0\u00a0\u00a0\u00a0\u00a0\u00a0\u00a0\u00a0 <\/em>december 24 Kar\u00e1csony \u00e9jjel\u00a0\u00a0\u00a0 19.00 \u00f3ra<\/p>\n<p><em>Weingarten\u00a0\u00a0\u00a0\u00a0\u00a0\u00a0\u00a0\u00a0\u00a0\u00a0\u00a0\u00a0\u00a0\u00a0\u00a0\u00a0\u00a0 <\/em>december 24 Kar\u00e1csony \u00e9jjel\u00a0\u00a0\u00a0 20.00 \u00f3ra<\/p>\n<p><em>B\u00f6blingen\u00a0\u00a0\u00a0\u00a0\u00a0\u00a0\u00a0\u00a0 \u00a0\u00a0\u00a0\u00a0\u00a0\u00a0 \u00a0\u00a0\u00a0\u00a0 <\/em>december 25 Kar\u00e1csony I.\u00a0\u00a0\u00a0\u00a0\u00a0\u00a0 \u00a009.30 \u00f3ra<\/p>\n<p><em>Weingarten\u00a0\u00a0\u00a0\u00a0\u00a0\u00a0\u00a0\u00a0\u00a0\u00a0\u00a0\u00a0\u00a0\u00a0\u00a0\u00a0\u00a0 <\/em>december 25 Kar\u00e1csony I.\u00a0\u00a0\u00a0\u00a0\u00a0\u00a0\u00a0 10.00 \u00f3ra<\/p>\n<p><em>Stuttgart\u00a0\u00a0\u00a0\u00a0\u00a0\u00a0\u00a0\u00a0\u00a0\u00a0\u00a0\u00a0\u00a0\u00a0\u00a0\u00a0\u00a0\u00a0\u00a0\u00a0\u00a0\u00a0 <\/em>december 25 Kar\u00e1csony I.\u00a0\u00a0\u00a0\u00a0\u00a0\u00a0\u00a0 12.00 \u00f3ra<\/p>\n<p><em>Ulm\u00a0\u00a0\u00a0\u00a0\u00a0\u00a0\u00a0\u00a0\u00a0\u00a0\u00a0\u00a0\u00a0\u00a0\u00a0\u00a0\u00a0\u00a0\u00a0\u00a0\u00a0\u00a0\u00a0\u00a0\u00a0\u00a0\u00a0\u00a0\u00a0\u00a0\u00a0 <\/em>december 25 Kar\u00e1csony\u00a0I.\u00a0\u00a0 \u00a0\u00a0\u00a0\u00a0 \u00a015.00 \u00f3ra<\/p>\n<p><em>Heilbronn\u00a0\u00a0\u00a0\u00a0\u00a0\u00a0\u00a0\u00a0\u00a0\u00a0\u00a0\u00a0\u00a0\u00a0\u00a0\u00a0\u00a0\u00a0\u00a0\u00a0 <\/em>december 25 Kar\u00e1csony I.\u00a0\u00a0\u00a0\u00a0\u00a0\u00a0\u00a0 15.30 \u00f3ra<\/p>\n<p><em>Biberach\u00a0\u00a0\u00a0\u00a0\u00a0\u00a0\u00a0\u00a0\u00a0\u00a0\u00a0\u00a0\u00a0\u00a0\u00a0\u00a0\u00a0\u00a0\u00a0\u00a0\u00a0\u00a0 <\/em>december 26 Kar\u00e1csony II.\u00a0\u00a0\u00a0\u00a0\u00a0\u00a0 08.45 \u00f3ra<\/p>\n<p><em>Ludwigsburg\u00a0\u00a0\u00a0\u00a0\u00a0\u00a0\u00a0\u00a0\u00a0\u00a0\u00a0\u00a0\u00a0\u00a0 <\/em>december 26 Kar\u00e1csony II.\u00a0\u00a0\u00a0\u00a0\u00a0\u00a0 09.30 \u00f3ra<em>\u00a0\u00a0\u00a0\u00a0\u00a0\u00a0 <\/em><\/p>\n<p><em>Stuttgart\u00a0\u00a0\u00a0\u00a0\u00a0\u00a0\u00a0\u00a0\u00a0\u00a0\u00a0\u00a0\u00a0\u00a0\u00a0\u00a0\u00a0\u00a0\u00a0\u00a0\u00a0\u00a0 <\/em>december 26 Kar\u00e1csony II.\u00a0\u00a0\u00a0\u00a0\u00a0\u00a0\u00a0\u00a0 12.00 \u00f3ra<\/p>\n<p><em>Eislingen\u00a0\u00a0\u00a0\u00a0\u00a0\u00a0\u00a0\u00a0\u00a0\u00a0\u00a0\u00a0\u00a0\u00a0\u00a0\u00a0\u00a0\u00a0\u00a0\u00a0\u00a0\u00a0 <\/em>december 26 Kar\u00e1csony II.\u00a0\u00a0\u00a0\u00a0\u00a0\u00a0\u00a0\u00a0 15.00 \u00f3ra<\/p>\n<p><em>Schw<\/em><em>\u00e4<\/em><em>bisch-Gm\u00fcnd\u00a0\u00a0 <\/em>december 27 Kar\u00e1csony III.\u00a0\u00a0\u00a0\u00a0 \u00a009.30 \u00f3ra<\/p>\n<p><em>Heidenheim\u00a0\u00a0\u00a0\u00a0\u00a0\u00a0\u00a0\u00a0\u00a0\u00a0\u00a0\u00a0\u00a0\u00a0\u00a0\u00a0\u00a0 <\/em>december 27 Kar\u00e1csony III. \u00a0\u00a0\u00a0\u00a0 \u00a015.30 \u00f3ra<\/p>\n<p><em>Reutlingen\u00a0\u00a0\u00a0\u00a0\u00a0\u00a0\u00a0\u00a0\u00a0\u00a0\u00a0\u00a0\u00a0\u00a0\u00a0\u00a0\u00a0\u00a0\u00a0 <\/em>december 27 Kar\u00e1csony III.\u00a0\u00a0\u00a0\u00a0\u00a0 16.30 \u00f3ra<\/p>\n<p><strong>*<\/strong><\/p>\n<p><strong>Szilveszterkor, <\/strong>december 31-\u00e9n, szombaton,<strong> Stuttgartban <\/strong>18.00 \u00f3rakor <em>\u00e9vv\u00e9gi h\u00e1laad\u00f3 szentmise,<\/em> majd r\u00f6vid <em>koccint\u00e1s az \u00faj\u00e9vre <\/em>a Pl\u00e9b\u00e1ni\u00e1n<em>.<\/em><\/p>\n<p><strong>Weingartenben<\/strong> szint\u00e9n december 31-\u00e9n, szilveszterkor 17.00 \u00f3rakor <em>\u00e9vv\u00e9gi h\u00e1laad\u00f3 szentmise<\/em> a 14 Nothelfer Kapelle-ben.<\/p>\n<p><strong>*<\/strong><\/p>\n<ol start=\"2017\">\n<li><strong> janu\u00e1r 1-j\u00e9n, <\/strong>vas\u00e1rnap, 9.00 \u00f3rakor <strong>Miunderkingenben <\/strong><em>szentmise.<\/em><\/li>\n<\/ol>\n<p>9.30 \u00f3rakor<strong> Schw\u00e4bisch-Gm\u00fcndben <\/strong><em>szentmise,<\/em> majd ut\u00e1na <em>\u00e1g\u00e1p\u00e9.<\/em><\/p>\n<p>15.00 \u00f3rakor<strong> Stuttgartban <\/strong><em>szentmise<\/em>. Az <em>\u00e1g\u00e1p\u00e9<\/em> ez\u00fattal elmarad!<\/p>\n<p>Minden helyen mindenkit szeretettel v\u00e1r a k\u00f6z\u00f6ss\u00e9g, Imre atya \u00e9s Tibor atya!<\/p>\n<p>&nbsp;<\/p>\n<p style=\"text-align: center;\"><strong><em>Kegyelemteljes Kar\u00e1csonyt, <\/em><\/strong><\/p>\n<p style=\"text-align: center;\"><strong><em>\u00e9s \u00e1ld\u00e1sos, b\u00e9k\u00e9s, boldog, \u00f6r\u00f6mteli \u00faj esztend\u0151t k\u00edv\u00e1nunk <\/em><\/strong><\/p>\n<p style=\"text-align: center;\"><strong><em>minden kedves H\u00edv\u00fcnknek!<\/em><\/strong><\/p>\n<p><strong><em>\u00a0<\/em><\/strong><\/p>\n<p>&nbsp;<\/p>\n","protected":false},"excerpt":{"rendered":"<p>Programel\u0151zetes December 22-\u00e9n, cs\u00fct\u00f6rt\u00f6k\u00f6n, 17.30 \u00f3rakor Ulmban szentmise. El\u0151tte gy\u00f3n\u00e1si lehet\u0151s\u00e9g, ut\u00e1na Besz\u00e9lget\u00e9sek a Bibli\u00e1r\u00f3l. * December 23-\u00e1n, p\u00e9nteken, Stuttgartban reggel 8.00 \u00f3rakor ror\u00e1t\u00e9-szentmise. Ut\u00e1na k\u00f6z\u00f6s reggeli a Pl\u00e9b\u00e1ni\u00e1n. Weingartenben 18.00 \u00f3rakor szentmise a St.Marien-templomban. El\u0151tte gy\u00f3ntat\u00e1s, ut\u00e1na Besz\u00e9lget\u00e9sek a Bibli\u00e1r\u00f3l. * Kar\u00e1csonyi miserend\u00fcnk Stuttgart\u00a0\u00a0\u00a0\u00a0\u00a0\u00a0\u00a0\u00a0\u00a0\u00a0\u00a0\u00a0\u00a0\u00a0\u00a0\u00a0\u00a0\u00a0\u00a0\u00a0\u00a0\u00a0 december 24 Kar\u00e1csony \u00e9jjel\u00a0\u00a0\u00a0 19.00 \u00f3ra Weingarten\u00a0\u00a0\u00a0\u00a0\u00a0\u00a0\u00a0\u00a0\u00a0\u00a0\u00a0\u00a0\u00a0\u00a0\u00a0\u00a0\u00a0 december 24 Kar\u00e1csony \u00e9jjel\u00a0\u00a0\u00a0 20.00 \u00f3ra B\u00f6blingen\u00a0\u00a0\u00a0\u00a0\u00a0\u00a0\u00a0\u00a0 \u00a0\u00a0\u00a0\u00a0\u00a0\u00a0 \u00a0\u00a0\u00a0\u00a0 december 25 Kar\u00e1csony I.\u00a0\u00a0\u00a0\u00a0\u00a0\u00a0 \u00a009.30 \u00f3ra Weingarten\u00a0\u00a0\u00a0\u00a0\u00a0\u00a0\u00a0\u00a0\u00a0\u00a0\u00a0\u00a0\u00a0\u00a0\u00a0\u00a0\u00a0 december 25 Kar\u00e1csony I.\u00a0\u00a0\u00a0\u00a0\u00a0\u00a0\u00a0 10.00 \u00f3ra Stuttgart\u00a0\u00a0\u00a0\u00a0\u00a0\u00a0\u00a0\u00a0\u00a0\u00a0\u00a0\u00a0\u00a0\u00a0\u00a0\u00a0\u00a0\u00a0\u00a0\u00a0\u00a0\u00a0 december 25 Kar\u00e1csony I.\u00a0\u00a0\u00a0\u00a0\u00a0\u00a0\u00a0 12.00 \u00f3ra Ulm\u00a0\u00a0\u00a0\u00a0\u00a0\u00a0\u00a0\u00a0\u00a0\u00a0\u00a0\u00a0\u00a0\u00a0\u00a0\u00a0\u00a0\u00a0\u00a0\u00a0\u00a0\u00a0\u00a0\u00a0\u00a0\u00a0\u00a0\u00a0\u00a0\u00a0\u00a0 december 25 Kar\u00e1csony\u00a0I.\u00a0\u00a0 \u00a0\u00a0\u00a0\u00a0 \u00a015.00 \u00f3ra Heilbronn\u00a0\u00a0\u00a0\u00a0\u00a0\u00a0\u00a0\u00a0\u00a0\u00a0\u00a0\u00a0\u00a0\u00a0\u00a0\u00a0\u00a0\u00a0\u00a0\u00a0 december 25 Kar\u00e1csony I.\u00a0\u00a0\u00a0\u00a0\u00a0\u00a0\u00a0 15.30 \u00f3ra Biberach\u00a0\u00a0\u00a0\u00a0\u00a0\u00a0\u00a0\u00a0\u00a0\u00a0\u00a0\u00a0\u00a0\u00a0\u00a0\u00a0\u00a0\u00a0\u00a0\u00a0\u00a0\u00a0 december 26 Kar\u00e1csony II.\u00a0\u00a0\u00a0\u00a0\u00a0\u00a0 08.45 \u00f3ra Ludwigsburg\u00a0\u00a0\u00a0\u00a0\u00a0\u00a0\u00a0\u00a0\u00a0\u00a0\u00a0\u00a0\u00a0\u00a0 december 26 Kar\u00e1csony II.\u00a0\u00a0\u00a0\u00a0\u00a0\u00a0 09.30 \u00f3ra\u00a0\u00a0\u00a0\u00a0\u00a0\u00a0 Stuttgart\u00a0\u00a0\u00a0\u00a0\u00a0\u00a0\u00a0\u00a0\u00a0\u00a0\u00a0\u00a0\u00a0\u00a0\u00a0\u00a0\u00a0\u00a0\u00a0\u00a0\u00a0\u00a0 december 26 Kar\u00e1csony II.\u00a0\u00a0\u00a0\u00a0\u00a0\u00a0\u00a0\u00a0 12.00 \u00f3ra Eislingen\u00a0\u00a0\u00a0\u00a0\u00a0\u00a0\u00a0\u00a0\u00a0\u00a0\u00a0\u00a0\u00a0\u00a0\u00a0\u00a0\u00a0\u00a0\u00a0\u00a0\u00a0\u00a0 december 26 Kar\u00e1csony II.\u00a0\u00a0\u00a0\u00a0\u00a0\u00a0\u00a0\u00a0 15.00 \u00f3ra Schw\u00e4bisch-Gm\u00fcnd\u00a0\u00a0 december 27 Kar\u00e1csony III.\u00a0\u00a0\u00a0\u00a0 \u00a009.30 \u00f3ra Heidenheim\u00a0\u00a0\u00a0\u00a0\u00a0\u00a0\u00a0\u00a0\u00a0\u00a0\u00a0\u00a0\u00a0\u00a0\u00a0\u00a0\u00a0 december 27 Kar\u00e1csony III. \u00a0\u00a0\u00a0\u00a0 \u00a015.30 \u00f3ra Reutlingen\u00a0\u00a0\u00a0\u00a0\u00a0\u00a0\u00a0\u00a0\u00a0\u00a0\u00a0\u00a0\u00a0\u00a0\u00a0\u00a0\u00a0\u00a0\u00a0 december 27 Kar\u00e1csony III.\u00a0\u00a0\u00a0\u00a0\u00a0 16.30 \u00f3ra * Szilveszterkor, december 31-\u00e9n, szombaton, Stuttgartban 18.00 \u00f3rakor \u00e9vv\u00e9gi h\u00e1laad\u00f3 szentmise, majd r\u00f6vid koccint\u00e1s az \u00faj\u00e9vre a Pl\u00e9b\u00e1ni\u00e1n. Weingartenben szint\u00e9n december 31-\u00e9n, szilveszterkor 17.00 \u00f3rakor \u00e9vv\u00e9gi h\u00e1laad\u00f3 szentmise a 14 Nothelfer Kapelle-ben. * janu\u00e1r 1-j\u00e9n, vas\u00e1rnap, 9.00 \u00f3rakor Miunderkingenben szentmise. 9.30 \u00f3rakor Schw\u00e4bisch-Gm\u00fcndben szentmise, majd ut\u00e1na \u00e1g\u00e1p\u00e9. 15.00 \u00f3rakor Stuttgartban szentmise. Az \u00e1g\u00e1p\u00e9 ez\u00fattal elmarad! Minden helyen mindenkit szeretettel v\u00e1r a k\u00f6z\u00f6ss\u00e9g, Imre atya \u00e9s Tibor atya! &nbsp; Kegyelemteljes Kar\u00e1csonyt, \u00e9s \u00e1ld\u00e1sos, b\u00e9k\u00e9s, boldog, \u00f6r\u00f6mteli \u00faj esztend\u0151t k\u00edv\u00e1nunk minden kedves H\u00edv\u00fcnknek! \u00a0 &nbsp;<\/p>\n","protected":false},"author":3,"featured_media":10676,"comment_status":"closed","ping_status":"closed","sticky":false,"template":"","format":"standard","meta":{"footnotes":""},"categories":[37],"tags":[],"class_list":["post-10675","post","type-post","status-publish","format-standard","has-post-thumbnail","hentry","category-progamelozetes"],"yoast_head":"<!-- This site is optimized with the Yoast SEO plugin v27.3 - https:\/\/yoast.com\/product\/yoast-seo-wordpress\/ -->\n<title>Programel\u0151zetes 2016. december 19 \u00e9s 2017. janu\u00e1r 1 k\u00f6z\u00f6tt - Stuttgarti Katolikusok<\/title>\n<meta name=\"robots\" content=\"index, follow, max-snippet:-1, max-image-preview:large, max-video-preview:-1\" \/>\n<link rel=\"canonical\" href=\"https:\/\/stuttgarti-katolikusok.de\/index.php\/programelozetes-2016-december-es-2017-januar-1-kozott\/\" \/>\n<meta property=\"og:locale\" content=\"hu_HU\" \/>\n<meta property=\"og:type\" content=\"article\" \/>\n<meta property=\"og:title\" content=\"Programel\u0151zetes 2016. december 19 \u00e9s 2017. janu\u00e1r 1 k\u00f6z\u00f6tt - Stuttgarti Katolikusok\" \/>\n<meta property=\"og:description\" content=\"Programel\u0151zetes December 22-\u00e9n, cs\u00fct\u00f6rt\u00f6k\u00f6n, 17.30 \u00f3rakor Ulmban szentmise. El\u0151tte gy\u00f3n\u00e1si lehet\u0151s\u00e9g, ut\u00e1na Besz\u00e9lget\u00e9sek a Bibli\u00e1r\u00f3l. * December 23-\u00e1n, p\u00e9nteken, Stuttgartban reggel 8.00 \u00f3rakor ror\u00e1t\u00e9-szentmise. Ut\u00e1na k\u00f6z\u00f6s reggeli a Pl\u00e9b\u00e1ni\u00e1n. Weingartenben 18.00 \u00f3rakor szentmise a St.Marien-templomban. El\u0151tte gy\u00f3ntat\u00e1s, ut\u00e1na Besz\u00e9lget\u00e9sek a Bibli\u00e1r\u00f3l. * Kar\u00e1csonyi miserend\u00fcnk Stuttgart\u00a0\u00a0\u00a0\u00a0\u00a0\u00a0\u00a0\u00a0\u00a0\u00a0\u00a0\u00a0\u00a0\u00a0\u00a0\u00a0\u00a0\u00a0\u00a0\u00a0\u00a0\u00a0 december 24 Kar\u00e1csony \u00e9jjel\u00a0\u00a0\u00a0 19.00 \u00f3ra Weingarten\u00a0\u00a0\u00a0\u00a0\u00a0\u00a0\u00a0\u00a0\u00a0\u00a0\u00a0\u00a0\u00a0\u00a0\u00a0\u00a0\u00a0 december 24 Kar\u00e1csony \u00e9jjel\u00a0\u00a0\u00a0 20.00 \u00f3ra B\u00f6blingen\u00a0\u00a0\u00a0\u00a0\u00a0\u00a0\u00a0\u00a0 \u00a0\u00a0\u00a0\u00a0\u00a0\u00a0 \u00a0\u00a0\u00a0\u00a0 december 25 Kar\u00e1csony I.\u00a0\u00a0\u00a0\u00a0\u00a0\u00a0 \u00a009.30 \u00f3ra Weingarten\u00a0\u00a0\u00a0\u00a0\u00a0\u00a0\u00a0\u00a0\u00a0\u00a0\u00a0\u00a0\u00a0\u00a0\u00a0\u00a0\u00a0 december 25 Kar\u00e1csony I.\u00a0\u00a0\u00a0\u00a0\u00a0\u00a0\u00a0 10.00 \u00f3ra Stuttgart\u00a0\u00a0\u00a0\u00a0\u00a0\u00a0\u00a0\u00a0\u00a0\u00a0\u00a0\u00a0\u00a0\u00a0\u00a0\u00a0\u00a0\u00a0\u00a0\u00a0\u00a0\u00a0 december 25 Kar\u00e1csony I.\u00a0\u00a0\u00a0\u00a0\u00a0\u00a0\u00a0 12.00 \u00f3ra Ulm\u00a0\u00a0\u00a0\u00a0\u00a0\u00a0\u00a0\u00a0\u00a0\u00a0\u00a0\u00a0\u00a0\u00a0\u00a0\u00a0\u00a0\u00a0\u00a0\u00a0\u00a0\u00a0\u00a0\u00a0\u00a0\u00a0\u00a0\u00a0\u00a0\u00a0\u00a0 december 25 Kar\u00e1csony\u00a0I.\u00a0\u00a0 \u00a0\u00a0\u00a0\u00a0 \u00a015.00 \u00f3ra Heilbronn\u00a0\u00a0\u00a0\u00a0\u00a0\u00a0\u00a0\u00a0\u00a0\u00a0\u00a0\u00a0\u00a0\u00a0\u00a0\u00a0\u00a0\u00a0\u00a0\u00a0 december 25 Kar\u00e1csony I.\u00a0\u00a0\u00a0\u00a0\u00a0\u00a0\u00a0 15.30 \u00f3ra Biberach\u00a0\u00a0\u00a0\u00a0\u00a0\u00a0\u00a0\u00a0\u00a0\u00a0\u00a0\u00a0\u00a0\u00a0\u00a0\u00a0\u00a0\u00a0\u00a0\u00a0\u00a0\u00a0 december 26 Kar\u00e1csony II.\u00a0\u00a0\u00a0\u00a0\u00a0\u00a0 08.45 \u00f3ra Ludwigsburg\u00a0\u00a0\u00a0\u00a0\u00a0\u00a0\u00a0\u00a0\u00a0\u00a0\u00a0\u00a0\u00a0\u00a0 december 26 Kar\u00e1csony II.\u00a0\u00a0\u00a0\u00a0\u00a0\u00a0 09.30 \u00f3ra\u00a0\u00a0\u00a0\u00a0\u00a0\u00a0 Stuttgart\u00a0\u00a0\u00a0\u00a0\u00a0\u00a0\u00a0\u00a0\u00a0\u00a0\u00a0\u00a0\u00a0\u00a0\u00a0\u00a0\u00a0\u00a0\u00a0\u00a0\u00a0\u00a0 december 26 Kar\u00e1csony II.\u00a0\u00a0\u00a0\u00a0\u00a0\u00a0\u00a0\u00a0 12.00 \u00f3ra Eislingen\u00a0\u00a0\u00a0\u00a0\u00a0\u00a0\u00a0\u00a0\u00a0\u00a0\u00a0\u00a0\u00a0\u00a0\u00a0\u00a0\u00a0\u00a0\u00a0\u00a0\u00a0\u00a0 december 26 Kar\u00e1csony II.\u00a0\u00a0\u00a0\u00a0\u00a0\u00a0\u00a0\u00a0 15.00 \u00f3ra Schw\u00e4bisch-Gm\u00fcnd\u00a0\u00a0 december 27 Kar\u00e1csony III.\u00a0\u00a0\u00a0\u00a0 \u00a009.30 \u00f3ra Heidenheim\u00a0\u00a0\u00a0\u00a0\u00a0\u00a0\u00a0\u00a0\u00a0\u00a0\u00a0\u00a0\u00a0\u00a0\u00a0\u00a0\u00a0 december 27 Kar\u00e1csony III. \u00a0\u00a0\u00a0\u00a0 \u00a015.30 \u00f3ra Reutlingen\u00a0\u00a0\u00a0\u00a0\u00a0\u00a0\u00a0\u00a0\u00a0\u00a0\u00a0\u00a0\u00a0\u00a0\u00a0\u00a0\u00a0\u00a0\u00a0 december 27 Kar\u00e1csony III.\u00a0\u00a0\u00a0\u00a0\u00a0 16.30 \u00f3ra * Szilveszterkor, december 31-\u00e9n, szombaton, Stuttgartban 18.00 \u00f3rakor \u00e9vv\u00e9gi h\u00e1laad\u00f3 szentmise, majd r\u00f6vid koccint\u00e1s az \u00faj\u00e9vre a Pl\u00e9b\u00e1ni\u00e1n. Weingartenben szint\u00e9n december 31-\u00e9n, szilveszterkor 17.00 \u00f3rakor \u00e9vv\u00e9gi h\u00e1laad\u00f3 szentmise a 14 Nothelfer Kapelle-ben. * janu\u00e1r 1-j\u00e9n, vas\u00e1rnap, 9.00 \u00f3rakor Miunderkingenben szentmise. 9.30 \u00f3rakor Schw\u00e4bisch-Gm\u00fcndben szentmise, majd ut\u00e1na \u00e1g\u00e1p\u00e9. 15.00 \u00f3rakor Stuttgartban szentmise. Az \u00e1g\u00e1p\u00e9 ez\u00fattal elmarad! Minden helyen mindenkit szeretettel v\u00e1r a k\u00f6z\u00f6ss\u00e9g, Imre atya \u00e9s Tibor atya! &nbsp; Kegyelemteljes Kar\u00e1csonyt, \u00e9s \u00e1ld\u00e1sos, b\u00e9k\u00e9s, boldog, \u00f6r\u00f6mteli \u00faj esztend\u0151t k\u00edv\u00e1nunk minden kedves H\u00edv\u00fcnknek! \u00a0 &nbsp;\" \/>\n<meta property=\"og:url\" content=\"https:\/\/stuttgarti-katolikusok.de\/index.php\/programelozetes-2016-december-es-2017-januar-1-kozott\/\" \/>\n<meta property=\"og:site_name\" content=\"Stuttgarti Katolikusok\" \/>\n<meta property=\"article:published_time\" content=\"2016-12-19T07:45:36+00:00\" \/>\n<meta property=\"article:modified_time\" content=\"2016-12-19T11:13:04+00:00\" \/>\n<meta property=\"og:image\" content=\"https:\/\/stuttgarti-katolikusok.de\/wp-content\/uploads\/2016\/12\/karacsony.jpg\" \/>\n\t<meta property=\"og:image:width\" content=\"540\" \/>\n\t<meta property=\"og:image:height\" content=\"364\" \/>\n\t<meta property=\"og:image:type\" content=\"image\/jpeg\" \/>\n<meta name=\"author\" content=\"Tibor atya\" \/>\n<meta name=\"twitter:card\" content=\"summary_large_image\" \/>\n<meta name=\"twitter:label1\" content=\"Szerz\u0151:\" \/>\n\t<meta name=\"twitter:data1\" content=\"Tibor atya\" \/>\n\t<meta name=\"twitter:label2\" content=\"Becs\u00fclt olvas\u00e1si id\u0151\" \/>\n\t<meta name=\"twitter:data2\" content=\"1 perc\" \/>\n<script type=\"application\/ld+json\" class=\"yoast-schema-graph\">{\"@context\":\"https:\\\/\\\/schema.org\",\"@graph\":[{\"@type\":\"Article\",\"@id\":\"https:\\\/\\\/stuttgarti-katolikusok.de\\\/index.php\\\/programelozetes-2016-december-es-2017-januar-1-kozott\\\/#article\",\"isPartOf\":{\"@id\":\"https:\\\/\\\/stuttgarti-katolikusok.de\\\/index.php\\\/programelozetes-2016-december-es-2017-januar-1-kozott\\\/\"},\"author\":{\"name\":\"Tibor atya\",\"@id\":\"https:\\\/\\\/stuttgarti-katolikusok.de\\\/#\\\/schema\\\/person\\\/75908d6f8fdc03a57889d27209df7795\"},\"headline\":\"Programel\u0151zetes 2016. december 19 \u00e9s 2017. janu\u00e1r 1 k\u00f6z\u00f6tt\",\"datePublished\":\"2016-12-19T07:45:36+00:00\",\"dateModified\":\"2016-12-19T11:13:04+00:00\",\"mainEntityOfPage\":{\"@id\":\"https:\\\/\\\/stuttgarti-katolikusok.de\\\/index.php\\\/programelozetes-2016-december-es-2017-januar-1-kozott\\\/\"},\"wordCount\":282,\"image\":{\"@id\":\"https:\\\/\\\/stuttgarti-katolikusok.de\\\/index.php\\\/programelozetes-2016-december-es-2017-januar-1-kozott\\\/#primaryimage\"},\"thumbnailUrl\":\"https:\\\/\\\/stuttgarti-katolikusok.de\\\/wp-content\\\/uploads\\\/2016\\\/12\\\/karacsony.jpg\",\"articleSection\":[\"Progamel\u0151zetes\"],\"inLanguage\":\"hu\"},{\"@type\":\"WebPage\",\"@id\":\"https:\\\/\\\/stuttgarti-katolikusok.de\\\/index.php\\\/programelozetes-2016-december-es-2017-januar-1-kozott\\\/\",\"url\":\"https:\\\/\\\/stuttgarti-katolikusok.de\\\/index.php\\\/programelozetes-2016-december-es-2017-januar-1-kozott\\\/\",\"name\":\"Programel\u0151zetes 2016. december 19 \u00e9s 2017. janu\u00e1r 1 k\u00f6z\u00f6tt - Stuttgarti Katolikusok\",\"isPartOf\":{\"@id\":\"https:\\\/\\\/stuttgarti-katolikusok.de\\\/#website\"},\"primaryImageOfPage\":{\"@id\":\"https:\\\/\\\/stuttgarti-katolikusok.de\\\/index.php\\\/programelozetes-2016-december-es-2017-januar-1-kozott\\\/#primaryimage\"},\"image\":{\"@id\":\"https:\\\/\\\/stuttgarti-katolikusok.de\\\/index.php\\\/programelozetes-2016-december-es-2017-januar-1-kozott\\\/#primaryimage\"},\"thumbnailUrl\":\"https:\\\/\\\/stuttgarti-katolikusok.de\\\/wp-content\\\/uploads\\\/2016\\\/12\\\/karacsony.jpg\",\"datePublished\":\"2016-12-19T07:45:36+00:00\",\"dateModified\":\"2016-12-19T11:13:04+00:00\",\"author\":{\"@id\":\"https:\\\/\\\/stuttgarti-katolikusok.de\\\/#\\\/schema\\\/person\\\/75908d6f8fdc03a57889d27209df7795\"},\"breadcrumb\":{\"@id\":\"https:\\\/\\\/stuttgarti-katolikusok.de\\\/index.php\\\/programelozetes-2016-december-es-2017-januar-1-kozott\\\/#breadcrumb\"},\"inLanguage\":\"hu\",\"potentialAction\":[{\"@type\":\"ReadAction\",\"target\":[\"https:\\\/\\\/stuttgarti-katolikusok.de\\\/index.php\\\/programelozetes-2016-december-es-2017-januar-1-kozott\\\/\"]}]},{\"@type\":\"ImageObject\",\"inLanguage\":\"hu\",\"@id\":\"https:\\\/\\\/stuttgarti-katolikusok.de\\\/index.php\\\/programelozetes-2016-december-es-2017-januar-1-kozott\\\/#primaryimage\",\"url\":\"https:\\\/\\\/stuttgarti-katolikusok.de\\\/wp-content\\\/uploads\\\/2016\\\/12\\\/karacsony.jpg\",\"contentUrl\":\"https:\\\/\\\/stuttgarti-katolikusok.de\\\/wp-content\\\/uploads\\\/2016\\\/12\\\/karacsony.jpg\",\"width\":540,\"height\":364},{\"@type\":\"BreadcrumbList\",\"@id\":\"https:\\\/\\\/stuttgarti-katolikusok.de\\\/index.php\\\/programelozetes-2016-december-es-2017-januar-1-kozott\\\/#breadcrumb\",\"itemListElement\":[{\"@type\":\"ListItem\",\"position\":1,\"name\":\"Kezd\u0151lap\",\"item\":\"https:\\\/\\\/stuttgarti-katolikusok.de\\\/\"},{\"@type\":\"ListItem\",\"position\":2,\"name\":\"Programel\u0151zetes 2016. december 19 \u00e9s 2017. janu\u00e1r 1 k\u00f6z\u00f6tt\"}]},{\"@type\":\"WebSite\",\"@id\":\"https:\\\/\\\/stuttgarti-katolikusok.de\\\/#website\",\"url\":\"https:\\\/\\\/stuttgarti-katolikusok.de\\\/\",\"name\":\"Stuttgarti Katolikusok\",\"description\":\"\",\"potentialAction\":[{\"@type\":\"SearchAction\",\"target\":{\"@type\":\"EntryPoint\",\"urlTemplate\":\"https:\\\/\\\/stuttgarti-katolikusok.de\\\/?s={search_term_string}\"},\"query-input\":{\"@type\":\"PropertyValueSpecification\",\"valueRequired\":true,\"valueName\":\"search_term_string\"}}],\"inLanguage\":\"hu\"},{\"@type\":\"Person\",\"@id\":\"https:\\\/\\\/stuttgarti-katolikusok.de\\\/#\\\/schema\\\/person\\\/75908d6f8fdc03a57889d27209df7795\",\"name\":\"Tibor atya\",\"image\":{\"@type\":\"ImageObject\",\"inLanguage\":\"hu\",\"@id\":\"https:\\\/\\\/secure.gravatar.com\\\/avatar\\\/61d268e57d1f4525b111222e29d2d5a7f8c420fdbf231ba5566a8ceac74fa960?s=96&d=mm&r=g\",\"url\":\"https:\\\/\\\/secure.gravatar.com\\\/avatar\\\/61d268e57d1f4525b111222e29d2d5a7f8c420fdbf231ba5566a8ceac74fa960?s=96&d=mm&r=g\",\"contentUrl\":\"https:\\\/\\\/secure.gravatar.com\\\/avatar\\\/61d268e57d1f4525b111222e29d2d5a7f8c420fdbf231ba5566a8ceac74fa960?s=96&d=mm&r=g\",\"caption\":\"Tibor atya\"},\"url\":\"https:\\\/\\\/stuttgarti-katolikusok.de\\\/index.php\\\/author\\\/tibor-atya\\\/\"}]}<\/script>\n<!-- \/ Yoast SEO plugin. -->","yoast_head_json":{"title":"Programel\u0151zetes 2016. december 19 \u00e9s 2017. janu\u00e1r 1 k\u00f6z\u00f6tt - Stuttgarti Katolikusok","robots":{"index":"index","follow":"follow","max-snippet":"max-snippet:-1","max-image-preview":"max-image-preview:large","max-video-preview":"max-video-preview:-1"},"canonical":"https:\/\/stuttgarti-katolikusok.de\/index.php\/programelozetes-2016-december-es-2017-januar-1-kozott\/","og_locale":"hu_HU","og_type":"article","og_title":"Programel\u0151zetes 2016. december 19 \u00e9s 2017. janu\u00e1r 1 k\u00f6z\u00f6tt - Stuttgarti Katolikusok","og_description":"Programel\u0151zetes December 22-\u00e9n, cs\u00fct\u00f6rt\u00f6k\u00f6n, 17.30 \u00f3rakor Ulmban szentmise. El\u0151tte gy\u00f3n\u00e1si lehet\u0151s\u00e9g, ut\u00e1na Besz\u00e9lget\u00e9sek a Bibli\u00e1r\u00f3l. * December 23-\u00e1n, p\u00e9nteken, Stuttgartban reggel 8.00 \u00f3rakor ror\u00e1t\u00e9-szentmise. Ut\u00e1na k\u00f6z\u00f6s reggeli a Pl\u00e9b\u00e1ni\u00e1n. Weingartenben 18.00 \u00f3rakor szentmise a St.Marien-templomban. El\u0151tte gy\u00f3ntat\u00e1s, ut\u00e1na Besz\u00e9lget\u00e9sek a Bibli\u00e1r\u00f3l. * Kar\u00e1csonyi miserend\u00fcnk Stuttgart\u00a0\u00a0\u00a0\u00a0\u00a0\u00a0\u00a0\u00a0\u00a0\u00a0\u00a0\u00a0\u00a0\u00a0\u00a0\u00a0\u00a0\u00a0\u00a0\u00a0\u00a0\u00a0 december 24 Kar\u00e1csony \u00e9jjel\u00a0\u00a0\u00a0 19.00 \u00f3ra Weingarten\u00a0\u00a0\u00a0\u00a0\u00a0\u00a0\u00a0\u00a0\u00a0\u00a0\u00a0\u00a0\u00a0\u00a0\u00a0\u00a0\u00a0 december 24 Kar\u00e1csony \u00e9jjel\u00a0\u00a0\u00a0 20.00 \u00f3ra B\u00f6blingen\u00a0\u00a0\u00a0\u00a0\u00a0\u00a0\u00a0\u00a0 \u00a0\u00a0\u00a0\u00a0\u00a0\u00a0 \u00a0\u00a0\u00a0\u00a0 december 25 Kar\u00e1csony I.\u00a0\u00a0\u00a0\u00a0\u00a0\u00a0 \u00a009.30 \u00f3ra Weingarten\u00a0\u00a0\u00a0\u00a0\u00a0\u00a0\u00a0\u00a0\u00a0\u00a0\u00a0\u00a0\u00a0\u00a0\u00a0\u00a0\u00a0 december 25 Kar\u00e1csony I.\u00a0\u00a0\u00a0\u00a0\u00a0\u00a0\u00a0 10.00 \u00f3ra Stuttgart\u00a0\u00a0\u00a0\u00a0\u00a0\u00a0\u00a0\u00a0\u00a0\u00a0\u00a0\u00a0\u00a0\u00a0\u00a0\u00a0\u00a0\u00a0\u00a0\u00a0\u00a0\u00a0 december 25 Kar\u00e1csony I.\u00a0\u00a0\u00a0\u00a0\u00a0\u00a0\u00a0 12.00 \u00f3ra Ulm\u00a0\u00a0\u00a0\u00a0\u00a0\u00a0\u00a0\u00a0\u00a0\u00a0\u00a0\u00a0\u00a0\u00a0\u00a0\u00a0\u00a0\u00a0\u00a0\u00a0\u00a0\u00a0\u00a0\u00a0\u00a0\u00a0\u00a0\u00a0\u00a0\u00a0\u00a0 december 25 Kar\u00e1csony\u00a0I.\u00a0\u00a0 \u00a0\u00a0\u00a0\u00a0 \u00a015.00 \u00f3ra Heilbronn\u00a0\u00a0\u00a0\u00a0\u00a0\u00a0\u00a0\u00a0\u00a0\u00a0\u00a0\u00a0\u00a0\u00a0\u00a0\u00a0\u00a0\u00a0\u00a0\u00a0 december 25 Kar\u00e1csony I.\u00a0\u00a0\u00a0\u00a0\u00a0\u00a0\u00a0 15.30 \u00f3ra Biberach\u00a0\u00a0\u00a0\u00a0\u00a0\u00a0\u00a0\u00a0\u00a0\u00a0\u00a0\u00a0\u00a0\u00a0\u00a0\u00a0\u00a0\u00a0\u00a0\u00a0\u00a0\u00a0 december 26 Kar\u00e1csony II.\u00a0\u00a0\u00a0\u00a0\u00a0\u00a0 08.45 \u00f3ra Ludwigsburg\u00a0\u00a0\u00a0\u00a0\u00a0\u00a0\u00a0\u00a0\u00a0\u00a0\u00a0\u00a0\u00a0\u00a0 december 26 Kar\u00e1csony II.\u00a0\u00a0\u00a0\u00a0\u00a0\u00a0 09.30 \u00f3ra\u00a0\u00a0\u00a0\u00a0\u00a0\u00a0 Stuttgart\u00a0\u00a0\u00a0\u00a0\u00a0\u00a0\u00a0\u00a0\u00a0\u00a0\u00a0\u00a0\u00a0\u00a0\u00a0\u00a0\u00a0\u00a0\u00a0\u00a0\u00a0\u00a0 december 26 Kar\u00e1csony II.\u00a0\u00a0\u00a0\u00a0\u00a0\u00a0\u00a0\u00a0 12.00 \u00f3ra Eislingen\u00a0\u00a0\u00a0\u00a0\u00a0\u00a0\u00a0\u00a0\u00a0\u00a0\u00a0\u00a0\u00a0\u00a0\u00a0\u00a0\u00a0\u00a0\u00a0\u00a0\u00a0\u00a0 december 26 Kar\u00e1csony II.\u00a0\u00a0\u00a0\u00a0\u00a0\u00a0\u00a0\u00a0 15.00 \u00f3ra Schw\u00e4bisch-Gm\u00fcnd\u00a0\u00a0 december 27 Kar\u00e1csony III.\u00a0\u00a0\u00a0\u00a0 \u00a009.30 \u00f3ra Heidenheim\u00a0\u00a0\u00a0\u00a0\u00a0\u00a0\u00a0\u00a0\u00a0\u00a0\u00a0\u00a0\u00a0\u00a0\u00a0\u00a0\u00a0 december 27 Kar\u00e1csony III. \u00a0\u00a0\u00a0\u00a0 \u00a015.30 \u00f3ra Reutlingen\u00a0\u00a0\u00a0\u00a0\u00a0\u00a0\u00a0\u00a0\u00a0\u00a0\u00a0\u00a0\u00a0\u00a0\u00a0\u00a0\u00a0\u00a0\u00a0 december 27 Kar\u00e1csony III.\u00a0\u00a0\u00a0\u00a0\u00a0 16.30 \u00f3ra * Szilveszterkor, december 31-\u00e9n, szombaton, Stuttgartban 18.00 \u00f3rakor \u00e9vv\u00e9gi h\u00e1laad\u00f3 szentmise, majd r\u00f6vid koccint\u00e1s az \u00faj\u00e9vre a Pl\u00e9b\u00e1ni\u00e1n. Weingartenben szint\u00e9n december 31-\u00e9n, szilveszterkor 17.00 \u00f3rakor \u00e9vv\u00e9gi h\u00e1laad\u00f3 szentmise a 14 Nothelfer Kapelle-ben. * janu\u00e1r 1-j\u00e9n, vas\u00e1rnap, 9.00 \u00f3rakor Miunderkingenben szentmise. 9.30 \u00f3rakor Schw\u00e4bisch-Gm\u00fcndben szentmise, majd ut\u00e1na \u00e1g\u00e1p\u00e9. 15.00 \u00f3rakor Stuttgartban szentmise. Az \u00e1g\u00e1p\u00e9 ez\u00fattal elmarad! Minden helyen mindenkit szeretettel v\u00e1r a k\u00f6z\u00f6ss\u00e9g, Imre atya \u00e9s Tibor atya! &nbsp; Kegyelemteljes Kar\u00e1csonyt, \u00e9s \u00e1ld\u00e1sos, b\u00e9k\u00e9s, boldog, \u00f6r\u00f6mteli \u00faj esztend\u0151t k\u00edv\u00e1nunk minden kedves H\u00edv\u00fcnknek! \u00a0 &nbsp;","og_url":"https:\/\/stuttgarti-katolikusok.de\/index.php\/programelozetes-2016-december-es-2017-januar-1-kozott\/","og_site_name":"Stuttgarti Katolikusok","article_published_time":"2016-12-19T07:45:36+00:00","article_modified_time":"2016-12-19T11:13:04+00:00","og_image":[{"width":540,"height":364,"url":"https:\/\/stuttgarti-katolikusok.de\/wp-content\/uploads\/2016\/12\/karacsony.jpg","type":"image\/jpeg"}],"author":"Tibor atya","twitter_card":"summary_large_image","twitter_misc":{"Szerz\u0151:":"Tibor atya","Becs\u00fclt olvas\u00e1si id\u0151":"1 perc"},"schema":{"@context":"https:\/\/schema.org","@graph":[{"@type":"Article","@id":"https:\/\/stuttgarti-katolikusok.de\/index.php\/programelozetes-2016-december-es-2017-januar-1-kozott\/#article","isPartOf":{"@id":"https:\/\/stuttgarti-katolikusok.de\/index.php\/programelozetes-2016-december-es-2017-januar-1-kozott\/"},"author":{"name":"Tibor atya","@id":"https:\/\/stuttgarti-katolikusok.de\/#\/schema\/person\/75908d6f8fdc03a57889d27209df7795"},"headline":"Programel\u0151zetes 2016. december 19 \u00e9s 2017. janu\u00e1r 1 k\u00f6z\u00f6tt","datePublished":"2016-12-19T07:45:36+00:00","dateModified":"2016-12-19T11:13:04+00:00","mainEntityOfPage":{"@id":"https:\/\/stuttgarti-katolikusok.de\/index.php\/programelozetes-2016-december-es-2017-januar-1-kozott\/"},"wordCount":282,"image":{"@id":"https:\/\/stuttgarti-katolikusok.de\/index.php\/programelozetes-2016-december-es-2017-januar-1-kozott\/#primaryimage"},"thumbnailUrl":"https:\/\/stuttgarti-katolikusok.de\/wp-content\/uploads\/2016\/12\/karacsony.jpg","articleSection":["Progamel\u0151zetes"],"inLanguage":"hu"},{"@type":"WebPage","@id":"https:\/\/stuttgarti-katolikusok.de\/index.php\/programelozetes-2016-december-es-2017-januar-1-kozott\/","url":"https:\/\/stuttgarti-katolikusok.de\/index.php\/programelozetes-2016-december-es-2017-januar-1-kozott\/","name":"Programel\u0151zetes 2016. december 19 \u00e9s 2017. janu\u00e1r 1 k\u00f6z\u00f6tt - Stuttgarti Katolikusok","isPartOf":{"@id":"https:\/\/stuttgarti-katolikusok.de\/#website"},"primaryImageOfPage":{"@id":"https:\/\/stuttgarti-katolikusok.de\/index.php\/programelozetes-2016-december-es-2017-januar-1-kozott\/#primaryimage"},"image":{"@id":"https:\/\/stuttgarti-katolikusok.de\/index.php\/programelozetes-2016-december-es-2017-januar-1-kozott\/#primaryimage"},"thumbnailUrl":"https:\/\/stuttgarti-katolikusok.de\/wp-content\/uploads\/2016\/12\/karacsony.jpg","datePublished":"2016-12-19T07:45:36+00:00","dateModified":"2016-12-19T11:13:04+00:00","author":{"@id":"https:\/\/stuttgarti-katolikusok.de\/#\/schema\/person\/75908d6f8fdc03a57889d27209df7795"},"breadcrumb":{"@id":"https:\/\/stuttgarti-katolikusok.de\/index.php\/programelozetes-2016-december-es-2017-januar-1-kozott\/#breadcrumb"},"inLanguage":"hu","potentialAction":[{"@type":"ReadAction","target":["https:\/\/stuttgarti-katolikusok.de\/index.php\/programelozetes-2016-december-es-2017-januar-1-kozott\/"]}]},{"@type":"ImageObject","inLanguage":"hu","@id":"https:\/\/stuttgarti-katolikusok.de\/index.php\/programelozetes-2016-december-es-2017-januar-1-kozott\/#primaryimage","url":"https:\/\/stuttgarti-katolikusok.de\/wp-content\/uploads\/2016\/12\/karacsony.jpg","contentUrl":"https:\/\/stuttgarti-katolikusok.de\/wp-content\/uploads\/2016\/12\/karacsony.jpg","width":540,"height":364},{"@type":"BreadcrumbList","@id":"https:\/\/stuttgarti-katolikusok.de\/index.php\/programelozetes-2016-december-es-2017-januar-1-kozott\/#breadcrumb","itemListElement":[{"@type":"ListItem","position":1,"name":"Kezd\u0151lap","item":"https:\/\/stuttgarti-katolikusok.de\/"},{"@type":"ListItem","position":2,"name":"Programel\u0151zetes 2016. december 19 \u00e9s 2017. janu\u00e1r 1 k\u00f6z\u00f6tt"}]},{"@type":"WebSite","@id":"https:\/\/stuttgarti-katolikusok.de\/#website","url":"https:\/\/stuttgarti-katolikusok.de\/","name":"Stuttgarti Katolikusok","description":"","potentialAction":[{"@type":"SearchAction","target":{"@type":"EntryPoint","urlTemplate":"https:\/\/stuttgarti-katolikusok.de\/?s={search_term_string}"},"query-input":{"@type":"PropertyValueSpecification","valueRequired":true,"valueName":"search_term_string"}}],"inLanguage":"hu"},{"@type":"Person","@id":"https:\/\/stuttgarti-katolikusok.de\/#\/schema\/person\/75908d6f8fdc03a57889d27209df7795","name":"Tibor atya","image":{"@type":"ImageObject","inLanguage":"hu","@id":"https:\/\/secure.gravatar.com\/avatar\/61d268e57d1f4525b111222e29d2d5a7f8c420fdbf231ba5566a8ceac74fa960?s=96&d=mm&r=g","url":"https:\/\/secure.gravatar.com\/avatar\/61d268e57d1f4525b111222e29d2d5a7f8c420fdbf231ba5566a8ceac74fa960?s=96&d=mm&r=g","contentUrl":"https:\/\/secure.gravatar.com\/avatar\/61d268e57d1f4525b111222e29d2d5a7f8c420fdbf231ba5566a8ceac74fa960?s=96&d=mm&r=g","caption":"Tibor atya"},"url":"https:\/\/stuttgarti-katolikusok.de\/index.php\/author\/tibor-atya\/"}]}},"_links":{"self":[{"href":"https:\/\/stuttgarti-katolikusok.de\/index.php\/wp-json\/wp\/v2\/posts\/10675","targetHints":{"allow":["GET"]}}],"collection":[{"href":"https:\/\/stuttgarti-katolikusok.de\/index.php\/wp-json\/wp\/v2\/posts"}],"about":[{"href":"https:\/\/stuttgarti-katolikusok.de\/index.php\/wp-json\/wp\/v2\/types\/post"}],"author":[{"embeddable":true,"href":"https:\/\/stuttgarti-katolikusok.de\/index.php\/wp-json\/wp\/v2\/users\/3"}],"replies":[{"embeddable":true,"href":"https:\/\/stuttgarti-katolikusok.de\/index.php\/wp-json\/wp\/v2\/comments?post=10675"}],"version-history":[{"count":3,"href":"https:\/\/stuttgarti-katolikusok.de\/index.php\/wp-json\/wp\/v2\/posts\/10675\/revisions"}],"predecessor-version":[{"id":10680,"href":"https:\/\/stuttgarti-katolikusok.de\/index.php\/wp-json\/wp\/v2\/posts\/10675\/revisions\/10680"}],"wp:featuredmedia":[{"embeddable":true,"href":"https:\/\/stuttgarti-katolikusok.de\/index.php\/wp-json\/wp\/v2\/media\/10676"}],"wp:attachment":[{"href":"https:\/\/stuttgarti-katolikusok.de\/index.php\/wp-json\/wp\/v2\/media?parent=10675"}],"wp:term":[{"taxonomy":"category","embeddable":true,"href":"https:\/\/stuttgarti-katolikusok.de\/index.php\/wp-json\/wp\/v2\/categories?post=10675"},{"taxonomy":"post_tag","embeddable":true,"href":"https:\/\/stuttgarti-katolikusok.de\/index.php\/wp-json\/wp\/v2\/tags?post=10675"}],"curies":[{"name":"wp","href":"https:\/\/api.w.org\/{rel}","templated":true}]}}