{"id":10464,"date":"2016-12-02T13:40:56","date_gmt":"2016-12-02T13:40:56","guid":{"rendered":"https:\/\/gracious-dewdney.138-201-221-2.plesk.page\/?p=10464"},"modified":"2016-12-03T12:00:33","modified_gmt":"2016-12-03T12:00:33","slug":"2016-decembere","status":"publish","type":"post","link":"https:\/\/stuttgarti-katolikusok.de\/index.php\/2016-decembere\/","title":{"rendered":"2016 decembere"},"content":{"rendered":"<p><strong>B A R \u00c1 T O M<\/strong><\/p>\n<h3>A Szent Gell\u00e9rt Magyar Katolikus Egyh\u00e1zk\u00f6zs\u00e9g Havilapja<\/h3>\n<p>Szerkeszt\u0151: Ft. Merl\u00e1s Tibor \u00e9s Ft. Dr. Tempfli Imre. Kiad\u00f3: a Szent Gell\u00e9rt Magyar Katolikus Egyh\u00e1zk\u00f6zs\u00e9g. Postac\u00edm: Albert-Sch\u00e4ffle-Str. 30, 70186-Stuttgart. Tel: 0711-236 91 90, Fax: 0711-236 73 93, E-mail: <a href=\"mailto:mis-sion@gracious-dewdney.138-201-221-2.plesk.page\">mission@gracious-dewdney.138-201-221-2.plesk.page<\/a> Honlap: <a href=\"https:\/\/stuttgarti-katolikusok.de\/\">www. stuttgarti-katolikusok.de<\/a> Facebook: Stuttgarti.Katolikusok vagy: Szent Gell\u00e9rt Sz\u00e1mla: Postbank Stuttgart, IBAN: DE80 600 100 700 002 190 704,\u00a0 BIC: PBNKDEFF<\/p>\n<p><strong>2 0 1 6\u00a0\u00a0 D E C E M B E R<\/strong><\/p>\n<p>\u201eTudod, Kar\u00e1csonykor az ember mindig hisz egy kiss\u00e9 a csod\u00e1ban, nemcsak te \u00e9s \u00e9n, hanem az eg\u00e9sz vil\u00e1g, az emberis\u00e9g, mint mondj\u00e1k, hiszen ez\u00e9rt van az \u00fcnnep, mert nem lehet a csoda n\u00e9lk\u00fcl \u00e9lni.<em> &#8221; \u00a0<\/em><strong>(M\u00e1rai S\u00e1ndor)<\/strong><\/p>\n<p><strong>\u00a0<\/strong><\/p>\n<p><strong>GARAY ANDR\u00c1S:<\/strong> <strong>KAR\u00c1CSONYI T\u00d6RT\u00c9NET<\/strong><\/p>\n<p>Mi, gyerekek, nagyon v\u00e1rtuk az els\u0151 havat. Kar\u00e1csonyt\u00e1jt \u00e9rkeztek meg nyugat fel\u0151l a sz\u00fcrke fellegek, s letett\u00e9k terh\u00fcket a hegyek koszor\u00faja \u00f6vezte v\u00f6lgyben, de nem olyan v\u00e1rosias, hossz\u00fa sz\u00e1lling\u00f3z\u00e1s m\u00f3dj\u00e1n, hanem vastag bunda al\u00e1 ker\u00fclt a t\u00e1j, a falu. Mi m\u00e1r december eleje \u00f3ta a reggeli felkel\u00e9s ut\u00e1n azonnal az ablakhoz siett\u00fcnk, hogy led\u00f6rzs\u00f6lve a j\u00e9gvir\u00e1gokat, megl\u00e1thassuk az els\u0151 havat&#8230;<\/p>\n<p>Id\u00e9n sem kellett csal\u00f3dnunk. Andr\u00e1s-napra m\u00e1r h\u00f3sipka bor\u00edtotta a K\u00f6m\u00f6ge tetej\u00e9t, s december k\u00f6zep\u00e9n egy \u00e9jszaka k\u00e9t arasznyi h\u00f3 hullott, beter\u00edtett mindent, s mesevil\u00e1got var\u00e1zsolt a k\u00f6rny\u00e9kre. Hurr\u00e1! &#8211; rohantunk vissza az ablakt\u00f3l, s sarokba dobva az iskolat\u00e1sk\u00e1t, l\u00e1zasan kezdt\u00fck sz\u0151ni a sz\u00fcnidei terveket. Kert\u00fcnk v\u00e9ge a hegyek l\u00e1b\u00e1ig ny\u00falott, s kukoricacsutk\u00e1t cip\u0151nkre k\u00f6tve v\u00edgan siklottunk a havon. Cs\u00faszk\u00e1l\u00e1ssal, r\u00f3dliz\u00e1ssal telt az id\u0151, s este, mikor a konyh\u00e1ban egybegy\u0171lt a csal\u00e1d, hallgattuk az \u00f6regek szav\u00e1t, ap\u00e1m, M\u00e1rton tr\u00e9f\u00e1lkoz\u00e1sait, a vil\u00e1g gondj\u00e1t, s k\u00f6r\u00fclfogott benn\u00fcnket any\u00e1m szeret\u0151 gondoskod\u00e1sa. Kezdet\u00e9t vette a s\u00fct\u00e9s-f\u0151z\u00e9s, a k\u00e9sz\u00fcl\u0151d\u00e9s.<\/p>\n<p>Hamarosan itt a kar\u00e1csony. S mikor ap\u00e1nk egy este azt mondta, hogy m\u00e1snap lev\u00e1gjuk a diszn\u00f3t, tudtuk, m\u00e1r csak napok vannak h\u00e1tra, s est\u00e9nk\u00e9nt leszak\u00edtva a leveles napt\u00e1r lapjait, mi, gyerekek, lest\u00fck azt az egyre k\u00f6zelebb ker\u00fcl\u0151 piros bet\u0171s sz\u00e1mot. M\u00e1r a sz\u00e1nk\u00f3z\u00e1s sem volt az igazi, s am\u00edg a f\u00e9rfiak az udvarban tettek-vettek az \u00e1llatok k\u00f6r\u00fcl, mi n\u00e9zt\u00fck a konyhaasztal k\u00f6r\u00e9 kuporodva az any\u00e1m keze al\u00f3l kiker\u00fcl\u0151 m\u00e9zes figur\u00e1kat, cukord\u00edszeket, apr\u00f3 meglepet\u00e9seket.<\/p>\n<p>Titkol\u00f3zni nemigen lehetett, nem is volt r\u00e1 sz\u00fcks\u00e9g. \u0150szinte vil\u00e1g volt a mi\u00e9nk, tiszta sz\u00e1nd\u00e9k\u00fa, egyszer\u0171 szav\u00fa. \u00dagy mondt\u00e1k otthon: kar\u00e1csonykor J\u00e9zust v\u00e1rjuk, hogy elj\u00f6jj\u00f6n hozz\u00e1nk, k\u00e9sz\u00fcl\u00fcnk, hogy m\u00e9lt\u00f3nak tal\u00e1ljon minket. S az igazi aj\u00e1nd\u00e9kok ezek az est\u00e9k voltak, amikor a csal\u00e1d \u00f6sszehajolva, gyerekek \u00e9s sz\u00fcl\u0151k k\u00f6z\u00f6s izgalm\u00e1val, tr\u00e9f\u00e1lkoz\u00e1ssal az elj\u00f6vend\u0151 nap \u00f6r\u00f6m\u00e9ben k\u00e9sz\u00fclgetett.<\/p>\n<p>Egy este, hogy ap\u00e1m elf\u00fajta a l\u00e1mp\u00e1st, Dorka h\u00fagom odas\u00fagta anyj\u00e1nak: Anya, ugye a Mennyorsz\u00e1gban is \u00edgy telnek az est\u00e9k? Any\u00e1m igen\u00e9re m\u00e1r tudtuk, elj\u00f6n \u0151 hozz\u00e1nk, mint tavaly, tavalyel\u0151tt, s ami\u00f3ta csak az eszemet tudom. Egy meglepet\u00e9s azonban mindig volt. A fa. Ezt mindig ap\u00e1m hozta, de oly \u00e9szrev\u00e9tlen, hogy mi, gyerekek sehogy sem \u00e9rtett\u00fck, hogyan ker\u00fcl oda az asztalra, csak leny\u0171g\u00f6zve \u00e1lltuk k\u00f6r\u00fcl este a gyertyaf\u00e9nyben alakot \u00f6lt\u0151 kar\u00e1csonyf\u00e1t.<\/p>\n<p>A v\u00e1rt reggelen ap\u00e1m szok\u00e1s szerint fogta a fejsz\u00e9j\u00e9t, felvette h\u00f3tapos\u00f3 csizm\u00e1j\u00e1t, s mikorra mi el\u0151k\u00e1sz\u00e1l\u00f3dtunk a meleg dunyh\u00e1k al\u00f3l, m\u00e1r csak imbolyg\u00f3 alakj\u00e1t l\u00e1ttuk a hegynek tartva a feh\u00e9r h\u00f3mez\u0151ben. A f\u00e1t m\u00e9g az \u0151sszel kin\u00e9zte. Igaz, kicsit messze kellett mennie fel a hegyekbe, de ezt az utat minden \u00e9vben megtette, tal\u00e1n neki is le kellett tenni a gondokat, k\u00f3borolni a csendes, behavazott t\u00e1jon.<\/p>\n<p>Ott is volt a fa egy kis besz\u00f6gell\u00e9sben, \u00e9vsz\u00e1zados feny\u0151k oltalm\u00e1ban. K\u00e9t csap\u00e1sra kiv\u00e1gta, majd kicsit megpihenve elindult visszafel\u00e9. A megindult h\u00f3es\u00e9s betemette a nyomokat, s bizony iparkodnia kellett, hogy s\u00f6t\u00e9ted\u00e9sre vissza\u00e9rjen. Balj\u00f3s z\u00fag\u00e1ssal felt\u00e1madt a sz\u00e9l. H\u00f3na alatt a feny\u0151f\u00e1val ugyancsak k\u00fcl\u00f6n\u00f6s l\u00e1tv\u00e1ny lehetett. De ismerte a t\u00e1jat, hiszen itt gyerekeskedett, s a falut is alig hagyta el.<\/p>\n<p>Le\u00e9rt a v\u00f6lgybe, s m\u00e1r er\u0151st sz\u00fcrk\u00fclt az id\u0151, mikor el\u00e9rte a falu els\u0151 h\u00e1zait. A hegyek alatt, a forr\u00e1sn\u00e1l &#8211; hova egy\u00fctt j\u00e1rtunk a ny\u00e1ron a t\u00f6bbi gyerekkel v\u00edz\u00e9rt -, kis h\u00e1z \u00e1llott. Egy \u00f6reg juh\u00e1sz\u00e9 volt, kit, mivel nem csizm\u00e1ban j\u00e1rt, hanem bakancsban &#8211; mindenki Bakancsos Pista b\u00e1csinak sz\u00f3l\u00edtott. Rossz \u00e9rz\u00e9s fogta el ap\u00e1mat a behavazott udvar, a set\u00e9t ablakok l\u00e1tt\u00e1n. Megnyitotta a kertajt\u00f3t, let\u00e1masztotta a f\u00e1t a torn\u00e1cra \u00e9s benyitott a h\u00e1zba. Pista b\u00e1csi az \u00e1gyban fek\u00fcdt. Mi van mag\u00e1val? &#8211; k\u00e9rd\u00e9 ap\u00e1m, ahogy meggy\u00fajtotta a vil\u00e1got. Beteg vagyok, M\u00e1rton &#8211; mondta az \u00f6reg. A k\u00e1lyha hideg volt. &#8211; Mindj\u00e1rt bef\u0171t\u00f6k. Zs\u00f3fi majd holnap hoz meleg levest meg k\u00f3stol\u00f3t.<\/p>\n<p>Kiment a f\u00e9szerbe, f\u00e1t keresett. De csak a h\u00f3 alatt tal\u00e1lt nyirkos, korhadt fadarabokat, \u00edgy a feladat rem\u00e9nytelennek l\u00e1tszott. Azt\u00e1n pillant\u00e1sa az ajt\u00f3n\u00e1l l\u00e9v\u0151 f\u00e1ra esett. A tusk\u00f3ra tette a kis feny\u0151t, s nagyot foh\u00e1szkodva apr\u00f3ra has\u00edtotta. Lassan pattogni kezdett a t\u0171z, s feny\u0151illat t\u00f6lt\u00f6tte be a kicsi h\u00e1zat. Pista b\u00e1csi megk\u00f6nnyebbedett. Akkor holnap &#8211; mondta ap\u00e1m b\u00facs\u00faz\u00f3ul. M\u00e1r nagyon v\u00e1rtuk \u0151t. Neh\u00e9z l\u00e9pteit hallva izgalom vett rajtunk er\u0151t. V\u00e9gre mindannyian egy\u00fctt vagyunk idehaza. Mikor pillant\u00e1sunk feh\u00e9r arc\u00e1ra esett, csak annyit gondoltunk, milyen hideg lehet, s \u00fajra \u00e1tadtuk magunkat a v\u00e1rakoz\u00e1s b\u00f3d\u00edt\u00f3 \u00e9rz\u00e9s\u00e9nek. Any\u00e1m n\u00e9h\u00e1ny sz\u00f3t v\u00e1ltott ap\u00e1mmal, majd \u00fcnnepl\u0151be \u00f6lt\u00f6zve \u00fclt\u00fcnk le a konyh\u00e1ban, s kezd\u0151d\u00f6tt, amit \u00fagy v\u00e1rtunk.<\/p>\n<p>Ap\u00e1m \u00f6lbe vett benn\u00fcnket, s szok\u00e1sunk szerint mes\u00e9lni kezdett egy idegen orsz\u00e1gr\u00f3l, egy h\u00e1zasp\u00e1rr\u00f3l, a sz\u00fcletend\u0151 kisgyermekr\u0151l, emberekr\u0151l, hatalmasokr\u00f3l \u00e9s szeg\u00e9nyekr\u0151l. Besz\u00e9lt a rokonokr\u00f3l, a bar\u00e1tokr\u00f3l, a n\u00e9lk\u00fcl\u00f6z\u0151kr\u0151l, s percek alatt odavar\u00e1zsolta el\u00e9nk a falut, a m\u00faltat \u00e9s j\u00f6v\u0151t, az eg\u00e9sz vil\u00e1got. Azt\u00e1n \u00e9nekelni kezdt\u00fcnk, s mikor a kis cseng\u0151 megsz\u00f3lalt, nagy izgalommal nyitottuk ki a szoba-ajt\u00f3t. Az asztalon egy t\u00e1ny\u00e9rban ott voltak a m\u00e9zes \u00e9s cukrozott d\u00edszek, \u00e9gtek a gyerty\u00e1k a tart\u00f3kban, de a fa, a fa nem volt sehol. K\u00f6nnyes szemmel, k\u00e9rd\u0151n n\u00e9zt\u00fcnk ap\u00e1nkra. A sarokban \u00e1llt, any\u00e1val egym\u00e1shoz hajoltak, szem\u00fckben megcsillant a gyerty\u00e1k f\u00e9nye. Tal\u00e1lkoztam az \u00faton Vele, elk\u00e9rte a f\u00e1t, \u00e9n meg odaadtam neki, hiszen nem illik egy k\u00e9r\u00e9st T\u0151le megtagadni. Szavai megnyugtat\u00f3an csengtek. Any\u00e1m, hogy a csend fesz\u00fclts\u00e9g\u00e9t feloldja, az \u00fcnnepi asztalhoz invit\u00e1lt benn\u00fcnket. Boldog kar\u00e1csonyt mindenkinek &#8211; mondta, \u00e9s behozta a g\u0151z\u00f6lg\u0151 levest.<\/p>\n<p><strong>K\u00d6ZLEM\u00c9NYEK \u2013 RENDEZV\u00c9NYEK<\/strong><\/p>\n<p>Az<strong> \u00e1dvent<\/strong> a latin <em>adventus<\/em><em>, \u2018elj\u00f6vetel\u2019<\/em> sz\u00f3b\u00f3l ered \u00e9s az egyh\u00e1zi \u00e9v I. r\u00e9sze, a <em>Kar\u00e1csonyt<\/em> el\u0151k\u00e9sz\u00edt\u0151 id\u0151szak. Alapgondolata a megtestes\u00fcl\u00e9sben k\u00f6z\u00e9nk \u00e9rkez\u0151 Isten Fi\u00e1nak a v\u00e1r\u00e1sa. Hagyom\u00e1nyos vall\u00e1sos alaphangulat\u00e1t <em>a hajnali mise<\/em>, az \u00fan. <em>ror\u00e1te<\/em> jelenti. Hogy Urunk megtestes\u00fcl\u00e9s\u00e9nek \u00fcnnep\u00e9re mi is kell\u0151k\u00e9ppen el\u0151k\u00e9sz\u00fclhess\u00fcnk, <strong>Stuttgartban<\/strong>, <strong>p\u00e9ntek reggelente <\/strong>(december 2-\u00e1n, 9-\u00e9n, 16-\u00e1n \u00e9s 22-\u00e9n)<strong> 8.00 \u00f3rakor<\/strong> <em>r\u00f3r\u00e1t\u00e9-mis\u00e9t<\/em> tartunk. Ut\u00e1na <em>k\u00f6z\u00f6s reggeli<\/em> a pl\u00e9b\u00e1ni\u00e1n.<\/p>\n<p>*<\/p>\n<p><strong>A Bar\u00e1ts\u00e1gs\u00e1gklub <\/strong>tagjai pedig 2-\u00e1n \u00e9s 9-\u00e9n j\u00f6nnek \u00f6ssze, 15.30 \u00f3rakor. Ez ut\u00f3bbi alkalommal lesz <em>az adventi \u00fcnneps\u00e9g\u00fck! <\/em>\u00a0Minden \u00e9rdekl\u0151d\u0151t szeretettel v\u00e1rnak!<\/p>\n<p><strong>*<\/strong><\/p>\n<p><strong>Ulmban<\/strong> <strong>cs\u00fct\u00f6rt\u00f6k\u00f6nk\u00e9nt<\/strong>, azaz: december 1-\u00e9n, 8-\u00e1n, 15-\u00e9n \u00e9s 22-\u00e9n <strong>\u00a017.30 <\/strong>\u00f3r\u00e1t\u00f3l, <strong>Weingartenben <\/strong>pedig <strong>p\u00e9ntekenk\u00e9nt<\/strong>, azaz december 2-\u00e1n 18 \u00f3r\u00e1t\u00f3l, 9-\u00e9n \u00e9s 16-\u00e1n 17.30 \u00f3r\u00e1t\u00f3l <em>szentmise,<\/em> ut\u00e1na mindk\u00e9t helyen <em>Besz\u00e9lget\u00e9sek a Bibli\u00e1r\u00f3l<\/em>. \u00a0Adventben <strong>Weingartenben<\/strong> december 3-\u00e1n, 10-\u00e9n \u00e9s 17-\u00e9n reggel 6.30 \u00f3rakor <em>r\u00f3r\u00e1t\u00e9-mis\u00e9t<\/em> tartunk. Mindenkit szeretettel v\u00e1runk!<\/p>\n<p>*<\/p>\n<p><strong>December 4-\u00e9n<\/strong>, vas\u00e1rnap, Stuttgartban a 15.00 \u00f3rai szentmise ut\u00e1n <em>Cserk\u00e9sz-Adventet<\/em> tartunk. Ut\u00e1na pedig kicsinyeinkhez elj\u00f6n a <em>Mikul\u00e1s<\/em>. Minden H\u00edv\u00fcnket, kicsit \u00e9s nagyot, nagy szeretettel v\u00e1runk!<\/p>\n<p>*<\/p>\n<p>A <strong>Sportklub \u00e9s <\/strong>a<strong> Bibliak\u00f6r <\/strong>tagjai <strong>december 9-\u00e9n,<\/strong> p\u00e9nteken, 18.00 \u00f3r\u00e1t\u00f3l <em>Adventi \u00dcnneps\u00e9get<\/em> tartanak. Minden tagot \u00e9s \u00e9rdekl\u0151d\u0151t szeretettel v\u00e1rnak!<\/p>\n<p>*<\/p>\n<p><strong>December 18-\u00e1n, <\/strong>vas\u00e1rnap, Stuttgartban a 12.00 \u00f3rai szentmise ut\u00e1n <em>adventi m\u0171sor.<\/em> El\u0151ad\u00f3k az Egyh\u00e1zk\u00f6zs\u00e9g gyermekei \u00e9s h\u00edvei!<\/p>\n<p>*<\/p>\n<p><strong>Nevess vel\u00fcnk<\/strong> <em>\u2013 K\u00e9t sk\u00f3t besz\u00e9lget: &#8211; K\u00e9pzeld, az \u00e9n feles\u00e9gem sz\u00fclet\u00e9snapja \u00e9s a n\u00e9vnapja is Kar\u00e1csonyra esik. &#8211; Noh\u00e1t, micsoda v\u00e9letlen! &#8211; Dehogy v\u00e9letlen! Mit gondolsz, mi\u00e9rt pont \u0151t vettem feles\u00e9g\u00fcl?<\/em><\/p>\n<p><em>\u00a0<\/em><\/p>\n<h3>S Z E N T M I S \u00c9 I N K<\/h3>\n<p><em>Balingen<\/em> \u00a0\u00a0\u00a0\u00a0\u00a0\u00a0\u00a0\u00a0\u00a0\u00a0\u00a0\u00a0\u00a0\u00a0\u00a0\u00a0\u00a0\u00a0\u00a0\u00a0\u00a0 december 03 szombat \u00a0\u00a0\u00a0\u00a0\u00a0\u00a0\u00a0\u00a0\u00a0\u00a0\u00a0\u00a0 \u00a017.00 \u00f3ra<\/p>\n<p><em>Munderkingen\u00a0\u00a0\u00a0\u00a0\u00a0\u00a0\u00a0\u00a0\u00a0\u00a0\u00a0\u00a0\u00a0 <\/em>december 04 vas\u00e1rn \u00a0 \u00a0 \u00a0 \u00a0 \u00a0 \u00a0 \u00a0 \u00a009.00 \u00f3ra<\/p>\n<p><em>Schw\u00e4bisch Gm\u00fcnd \u00a0\u00a0\u00a0\u00a0 <\/em>december 04 vas\u00e1 \u00a0 \u00a0 \u00a0 \u00a0 \u00a0 \u00a0 \u00a0 \u00a0 \u00a0 09.30 \u00f3ra<\/p>\n<p><em>Stuttgart\u00a0\u00a0\u00a0\u00a0\u00a0\u00a0\u00a0\u00a0\u00a0\u00a0\u00a0\u00a0\u00a0\u00a0\u00a0\u00a0\u00a0\u00a0\u00a0\u00a0\u00a0\u00a0 <\/em>december 04 vas\u00e1rnap \u00a0 \u00a0 \u00a0 \u00a0 \u00a0 \u00a0 15.00 \u00f3ra !!!<\/p>\n<p><em>Friedrichshafen-Berg\u00a0\u00a0\u00a0 <\/em>december 10 szombat \u00a0 \u00a0 \u00a0 \u00a0 \u00a0 17.00 \u00f3ra<\/p>\n<p><em>Weingarten\u00a0\u00a0\u00a0\u00a0\u00a0\u00a0\u00a0\u00a0\u00a0\u00a0\u00a0\u00a0\u00a0\u00a0\u00a0\u00a0 <\/em>december 11 vas\u00e1rnap \u00a0 \u00a0 \u00a0 \u00a0 \u00a0 \u00a0 \u00a0 \u00a010.00 \u00f3ra<\/p>\n<p><em>Ulm\u00a0\u00a0\u00a0\u00a0\u00a0\u00a0\u00a0\u00a0\u00a0\u00a0\u00a0\u00a0\u00a0\u00a0\u00a0\u00a0\u00a0\u00a0\u00a0\u00a0\u00a0\u00a0\u00a0\u00a0\u00a0\u00a0\u00a0\u00a0\u00a0\u00a0\u00a0 <\/em>december 11 vas\u00e1rnap \u00a0 \u00a0 \u00a0 \u00a0 \u00a0 \u00a0 \u00a0 15.00 \u00f3ra<\/p>\n<p><em>Ludwigsburg\u00a0\u00a0\u00a0\u00a0 \u00a0\u00a0\u00a0\u00a0\u00a0\u00a0 \u00a0\u00a0\u00a0\u00a0 <\/em>december 18 vas\u00e1rnap \u00a0 \u00a0 \u00a0 \u00a0 \u00a0 \u00a009.30 \u00f3ra !!!<\/p>\n<p><em>Stuttgart\u00a0\u00a0\u00a0\u00a0\u00a0\u00a0\u00a0\u00a0\u00a0\u00a0\u00a0\u00a0\u00a0\u00a0\u00a0\u00a0\u00a0\u00a0\u00a0\u00a0\u00a0\u00a0 <\/em>december 18 vas\u00e1rnap \u00a0 \u00a0 \u00a0 \u00a0 \u00a0 \u00a0 \u00a012.00 \u00f3ra<\/p>\n<p><em>Pforzheim\u00a0\u00a0\u00a0\u00a0\u00a0\u00a0\u00a0\u00a0\u00a0\u00a0\u00a0\u00a0\u00a0\u00a0\u00a0\u00a0\u00a0\u00a0\u00a0\u00a0\u00a0 <\/em>december 18 vas\u00e1rnap \u00a0 \u00a0 \u00a0 \u00a0 \u00a0 \u00a0 \u00a017.00 \u00f3ra<\/p>\n<p><em>Stuttgart\u00a0\u00a0\u00a0\u00a0\u00a0\u00a0\u00a0\u00a0\u00a0\u00a0\u00a0\u00a0\u00a0\u00a0\u00a0\u00a0\u00a0\u00a0\u00a0\u00a0\u00a0\u00a0 <\/em>december 24 Kar\u00e1csony \u00e9jjel\u00a0\u00a0\u00a0 19.00 \u00f3ra<\/p>\n<p><em>Weingarten\u00a0\u00a0\u00a0\u00a0\u00a0\u00a0\u00a0\u00a0\u00a0\u00a0\u00a0\u00a0\u00a0\u00a0\u00a0\u00a0 <\/em>december 24 Kar\u00e1csony \u00e9jjel \u00a0 \u00a0 20.00 \u00f3ra<\/p>\n<p><em>B\u00f6blingen\u00a0\u00a0\u00a0\u00a0\u00a0\u00a0\u00a0\u00a0 \u00a0\u00a0\u00a0\u00a0\u00a0\u00a0 \u00a0\u00a0\u00a0\u00a0 <\/em>december 25 Kar\u00e1csony I. \u00a0 \u00a0 \u00a0 \u00a0 09.30 \u00f3ra<\/p>\n<p><em>Weingarten\u00a0\u00a0\u00a0\u00a0\u00a0\u00a0\u00a0\u00a0\u00a0\u00a0\u00a0\u00a0\u00a0\u00a0\u00a0\u00a0 <\/em>december 25 Kar\u00e1csony I. \u00a0 \u00a0 \u00a0 \u00a0 \u00a010.00 \u00f3ra<\/p>\n<p><em>Stuttgart\u00a0\u00a0\u00a0\u00a0\u00a0\u00a0\u00a0\u00a0\u00a0\u00a0\u00a0\u00a0\u00a0\u00a0\u00a0\u00a0\u00a0\u00a0\u00a0\u00a0\u00a0\u00a0 <\/em>december 25 Kar\u00e1csony I. \u00a0 \u00a0 \u00a0 \u00a0 12.00 \u00f3ra<\/p>\n<p><em>Ulm\u00a0\u00a0\u00a0\u00a0\u00a0\u00a0\u00a0\u00a0\u00a0\u00a0\u00a0\u00a0\u00a0\u00a0\u00a0\u00a0\u00a0\u00a0\u00a0\u00a0\u00a0\u00a0\u00a0\u00a0\u00a0\u00a0\u00a0\u00a0 <\/em>december 25 Kar\u00e1csony\u00a0I. \u00a0 \u00a0 \u00a0 \u00a0 \u00a0 \u00a015.00 \u00f3ra<\/p>\n<p><em>Heilbronn\u00a0\u00a0\u00a0\u00a0\u00a0\u00a0\u00a0\u00a0\u00a0\u00a0\u00a0\u00a0\u00a0\u00a0\u00a0\u00a0\u00a0\u00a0\u00a0\u00a0 <\/em>december 25 Kar\u00e1csony I. \u00a0 \u00a0 \u00a0 \u00a0 15.30 \u00f3ra<\/p>\n<p><em>Biberach\u00a0\u00a0\u00a0\u00a0\u00a0\u00a0\u00a0\u00a0\u00a0\u00a0\u00a0\u00a0\u00a0\u00a0\u00a0\u00a0\u00a0\u00a0\u00a0\u00a0\u00a0 <\/em>december 26 Kar\u00e1csony II. \u00a0 \u00a0 \u00a0 \u00a0 08.45 \u00f3ra<\/p>\n<p><em>Ludwigsburg\u00a0\u00a0\u00a0\u00a0\u00a0\u00a0\u00a0\u00a0\u00a0\u00a0\u00a0\u00a0\u00a0\u00a0\u00a0\u00a0 <\/em>december 26 Kar\u00e1csony II. \u00a0 \u00a0 09.30 \u00f3ra<em>\u00a0\u00a0\u00a0\u00a0\u00a0\u00a0 <\/em><\/p>\n<p><em>Stuttgart\u00a0\u00a0\u00a0\u00a0\u00a0\u00a0\u00a0\u00a0\u00a0\u00a0\u00a0\u00a0\u00a0\u00a0\u00a0\u00a0\u00a0\u00a0\u00a0\u00a0\u00a0\u00a0 <\/em>december 26 Kar\u00e1csony II. \u00a0 \u00a0 \u00a0 12.00 \u00f3ra<\/p>\n<p><em>Eislingen\u00a0\u00a0\u00a0\u00a0\u00a0\u00a0\u00a0\u00a0\u00a0\u00a0\u00a0\u00a0\u00a0\u00a0\u00a0\u00a0\u00a0\u00a0\u00a0\u00a0\u00a0 <\/em>december 26 Kar\u00e1csony II. \u00a0 \u00a0 \u00a0 \u00a015.00 \u00f3ra<\/p>\n<p><em>Schw<\/em><em>\u00e4<\/em><em>bisch-Gm\u00fcnd\u00a0\u00a0\u00a0\u00a0 <\/em>december 27 Kar\u00e1csony III. \u00a0 \u00a0 09.30 \u00f3ra<\/p>\n<p><em>Heidenheim\u00a0\u00a0\u00a0\u00a0\u00a0\u00a0\u00a0\u00a0\u00a0\u00a0\u00a0\u00a0\u00a0\u00a0\u00a0\u00a0\u00a0 <\/em>december 27 Kar\u00e1csony III. \u00a0 \u00a0 \u00a015.30 \u00f3ra<\/p>\n<p><em>Reutlingen\u00a0\u00a0\u00a0\u00a0\u00a0\u00a0\u00a0\u00a0\u00a0\u00a0\u00a0\u00a0\u00a0\u00a0\u00a0\u00a0\u00a0\u00a0\u00a0 <\/em>december 27 Kar\u00e1csony III. \u00a0 \u00a0 \u00a016.30 \u00f3ra<\/p>\n<p>&nbsp;<\/p>\n<p>&nbsp;<\/p>\n","protected":false},"excerpt":{"rendered":"<p>B A R \u00c1 T O M A Szent Gell\u00e9rt Magyar Katolikus Egyh\u00e1zk\u00f6zs\u00e9g Havilapja Szerkeszt\u0151: Ft. Merl\u00e1s Tibor \u00e9s Ft. Dr. Tempfli Imre. Kiad\u00f3: a Szent Gell\u00e9rt Magyar Katolikus Egyh\u00e1zk\u00f6zs\u00e9g. Postac\u00edm: Albert-Sch\u00e4ffle-Str. 30, 70186-Stuttgart. Tel: 0711-236 91 90, Fax: 0711-236 73 93, E-mail: mission@gracious-dewdney.138-201-221-2.plesk.page Honlap: www. stuttgarti-katolikusok.de Facebook: Stuttgarti.Katolikusok vagy: Szent Gell\u00e9rt Sz\u00e1mla: Postbank Stuttgart, IBAN: DE80 600 100 700 002 190 704,\u00a0 BIC: PBNKDEFF 2 0 1 6\u00a0\u00a0 D E C E M B E R \u201eTudod, Kar\u00e1csonykor az ember mindig hisz egy kiss\u00e9 a csod\u00e1ban, nemcsak te \u00e9s \u00e9n, hanem az eg\u00e9sz vil\u00e1g, az emberis\u00e9g, mint mondj\u00e1k, hiszen ez\u00e9rt van az \u00fcnnep, mert nem lehet a csoda n\u00e9lk\u00fcl \u00e9lni. &#8221; \u00a0(M\u00e1rai S\u00e1ndor) \u00a0 GARAY ANDR\u00c1S: KAR\u00c1CSONYI T\u00d6RT\u00c9NET Mi, gyerekek, nagyon v\u00e1rtuk az els\u0151 havat. Kar\u00e1csonyt\u00e1jt \u00e9rkeztek meg nyugat fel\u0151l a sz\u00fcrke fellegek, s letett\u00e9k terh\u00fcket a hegyek koszor\u00faja \u00f6vezte v\u00f6lgyben, de nem olyan v\u00e1rosias, hossz\u00fa sz\u00e1lling\u00f3z\u00e1s m\u00f3dj\u00e1n, hanem vastag bunda al\u00e1 ker\u00fclt a t\u00e1j, a falu. Mi m\u00e1r december eleje \u00f3ta a reggeli felkel\u00e9s ut\u00e1n azonnal az ablakhoz siett\u00fcnk, hogy led\u00f6rzs\u00f6lve a j\u00e9gvir\u00e1gokat, megl\u00e1thassuk az els\u0151 havat&#8230; Id\u00e9n sem kellett csal\u00f3dnunk. Andr\u00e1s-napra m\u00e1r h\u00f3sipka bor\u00edtotta a K\u00f6m\u00f6ge tetej\u00e9t, s december k\u00f6zep\u00e9n egy \u00e9jszaka k\u00e9t arasznyi h\u00f3 hullott, beter\u00edtett mindent, s mesevil\u00e1got var\u00e1zsolt a k\u00f6rny\u00e9kre. Hurr\u00e1! &#8211; rohantunk vissza az ablakt\u00f3l, s sarokba dobva az iskolat\u00e1sk\u00e1t, l\u00e1zasan kezdt\u00fck sz\u0151ni a sz\u00fcnidei terveket. Kert\u00fcnk v\u00e9ge a hegyek l\u00e1b\u00e1ig ny\u00falott, s kukoricacsutk\u00e1t cip\u0151nkre k\u00f6tve v\u00edgan siklottunk a havon. Cs\u00faszk\u00e1l\u00e1ssal, r\u00f3dliz\u00e1ssal telt az id\u0151, s este, mikor a konyh\u00e1ban egybegy\u0171lt a csal\u00e1d, hallgattuk az \u00f6regek szav\u00e1t, ap\u00e1m, M\u00e1rton tr\u00e9f\u00e1lkoz\u00e1sait, a vil\u00e1g gondj\u00e1t, s k\u00f6r\u00fclfogott benn\u00fcnket any\u00e1m szeret\u0151 gondoskod\u00e1sa. Kezdet\u00e9t vette a s\u00fct\u00e9s-f\u0151z\u00e9s, a k\u00e9sz\u00fcl\u0151d\u00e9s. Hamarosan itt a kar\u00e1csony. S mikor ap\u00e1nk egy este azt mondta, hogy m\u00e1snap lev\u00e1gjuk a diszn\u00f3t, tudtuk, m\u00e1r csak napok vannak h\u00e1tra, s est\u00e9nk\u00e9nt leszak\u00edtva a leveles napt\u00e1r&#8230; <\/p>\n<p><a class=\"readmore\" href=\"https:\/\/stuttgarti-katolikusok.de\/index.php\/2016-decembere\/\">R\u00e9szletek<\/a><\/p>\n","protected":false},"author":3,"featured_media":10465,"comment_status":"closed","ping_status":"closed","sticky":false,"template":"","format":"standard","meta":{"footnotes":""},"categories":[29],"tags":[],"class_list":["post-10464","post","type-post","status-publish","format-standard","has-post-thumbnail","hentry","category-baratom"],"yoast_head":"<!-- This site is optimized with the Yoast SEO plugin v27.3 - https:\/\/yoast.com\/product\/yoast-seo-wordpress\/ -->\n<title>2016 decembere - Stuttgarti Katolikusok<\/title>\n<meta name=\"robots\" content=\"index, follow, max-snippet:-1, max-image-preview:large, max-video-preview:-1\" \/>\n<link rel=\"canonical\" href=\"https:\/\/stuttgarti-katolikusok.de\/index.php\/2016-decembere\/\" \/>\n<meta property=\"og:locale\" content=\"hu_HU\" \/>\n<meta property=\"og:type\" content=\"article\" \/>\n<meta property=\"og:title\" content=\"2016 decembere - Stuttgarti Katolikusok\" \/>\n<meta property=\"og:description\" content=\"B A R \u00c1 T O M A Szent Gell\u00e9rt Magyar Katolikus Egyh\u00e1zk\u00f6zs\u00e9g Havilapja Szerkeszt\u0151: Ft. Merl\u00e1s Tibor \u00e9s Ft. Dr. Tempfli Imre. Kiad\u00f3: a Szent Gell\u00e9rt Magyar Katolikus Egyh\u00e1zk\u00f6zs\u00e9g. Postac\u00edm: Albert-Sch\u00e4ffle-Str. 30, 70186-Stuttgart. Tel: 0711-236 91 90, Fax: 0711-236 73 93, E-mail: mission@gracious-dewdney.138-201-221-2.plesk.page Honlap: www. stuttgarti-katolikusok.de Facebook: Stuttgarti.Katolikusok vagy: Szent Gell\u00e9rt Sz\u00e1mla: Postbank Stuttgart, IBAN: DE80 600 100 700 002 190 704,\u00a0 BIC: PBNKDEFF 2 0 1 6\u00a0\u00a0 D E C E M B E R \u201eTudod, Kar\u00e1csonykor az ember mindig hisz egy kiss\u00e9 a csod\u00e1ban, nemcsak te \u00e9s \u00e9n, hanem az eg\u00e9sz vil\u00e1g, az emberis\u00e9g, mint mondj\u00e1k, hiszen ez\u00e9rt van az \u00fcnnep, mert nem lehet a csoda n\u00e9lk\u00fcl \u00e9lni. &#8221; \u00a0(M\u00e1rai S\u00e1ndor) \u00a0 GARAY ANDR\u00c1S: KAR\u00c1CSONYI T\u00d6RT\u00c9NET Mi, gyerekek, nagyon v\u00e1rtuk az els\u0151 havat. Kar\u00e1csonyt\u00e1jt \u00e9rkeztek meg nyugat fel\u0151l a sz\u00fcrke fellegek, s letett\u00e9k terh\u00fcket a hegyek koszor\u00faja \u00f6vezte v\u00f6lgyben, de nem olyan v\u00e1rosias, hossz\u00fa sz\u00e1lling\u00f3z\u00e1s m\u00f3dj\u00e1n, hanem vastag bunda al\u00e1 ker\u00fclt a t\u00e1j, a falu. Mi m\u00e1r december eleje \u00f3ta a reggeli felkel\u00e9s ut\u00e1n azonnal az ablakhoz siett\u00fcnk, hogy led\u00f6rzs\u00f6lve a j\u00e9gvir\u00e1gokat, megl\u00e1thassuk az els\u0151 havat&#8230; Id\u00e9n sem kellett csal\u00f3dnunk. Andr\u00e1s-napra m\u00e1r h\u00f3sipka bor\u00edtotta a K\u00f6m\u00f6ge tetej\u00e9t, s december k\u00f6zep\u00e9n egy \u00e9jszaka k\u00e9t arasznyi h\u00f3 hullott, beter\u00edtett mindent, s mesevil\u00e1got var\u00e1zsolt a k\u00f6rny\u00e9kre. Hurr\u00e1! &#8211; rohantunk vissza az ablakt\u00f3l, s sarokba dobva az iskolat\u00e1sk\u00e1t, l\u00e1zasan kezdt\u00fck sz\u0151ni a sz\u00fcnidei terveket. Kert\u00fcnk v\u00e9ge a hegyek l\u00e1b\u00e1ig ny\u00falott, s kukoricacsutk\u00e1t cip\u0151nkre k\u00f6tve v\u00edgan siklottunk a havon. Cs\u00faszk\u00e1l\u00e1ssal, r\u00f3dliz\u00e1ssal telt az id\u0151, s este, mikor a konyh\u00e1ban egybegy\u0171lt a csal\u00e1d, hallgattuk az \u00f6regek szav\u00e1t, ap\u00e1m, M\u00e1rton tr\u00e9f\u00e1lkoz\u00e1sait, a vil\u00e1g gondj\u00e1t, s k\u00f6r\u00fclfogott benn\u00fcnket any\u00e1m szeret\u0151 gondoskod\u00e1sa. Kezdet\u00e9t vette a s\u00fct\u00e9s-f\u0151z\u00e9s, a k\u00e9sz\u00fcl\u0151d\u00e9s. Hamarosan itt a kar\u00e1csony. S mikor ap\u00e1nk egy este azt mondta, hogy m\u00e1snap lev\u00e1gjuk a diszn\u00f3t, tudtuk, m\u00e1r csak napok vannak h\u00e1tra, s est\u00e9nk\u00e9nt leszak\u00edtva a leveles napt\u00e1r... R\u00e9szletek\" \/>\n<meta property=\"og:url\" content=\"https:\/\/stuttgarti-katolikusok.de\/index.php\/2016-decembere\/\" \/>\n<meta property=\"og:site_name\" content=\"Stuttgarti Katolikusok\" \/>\n<meta property=\"article:published_time\" content=\"2016-12-02T13:40:56+00:00\" \/>\n<meta property=\"article:modified_time\" content=\"2016-12-03T12:00:33+00:00\" \/>\n<meta property=\"og:image\" content=\"https:\/\/stuttgarti-katolikusok.de\/wp-content\/uploads\/2016\/12\/karacsony-koszoru.jpg\" \/>\n\t<meta property=\"og:image:width\" content=\"276\" \/>\n\t<meta property=\"og:image:height\" content=\"183\" \/>\n\t<meta property=\"og:image:type\" content=\"image\/jpeg\" \/>\n<meta name=\"author\" content=\"Tibor atya\" \/>\n<meta name=\"twitter:card\" content=\"summary_large_image\" \/>\n<meta name=\"twitter:label1\" content=\"Szerz\u0151:\" \/>\n\t<meta name=\"twitter:data1\" content=\"Tibor atya\" \/>\n\t<meta name=\"twitter:label2\" content=\"Becs\u00fclt olvas\u00e1si id\u0151\" \/>\n\t<meta name=\"twitter:data2\" content=\"9 perc\" \/>\n<script type=\"application\/ld+json\" class=\"yoast-schema-graph\">{\"@context\":\"https:\\\/\\\/schema.org\",\"@graph\":[{\"@type\":\"Article\",\"@id\":\"https:\\\/\\\/stuttgarti-katolikusok.de\\\/index.php\\\/2016-decembere\\\/#article\",\"isPartOf\":{\"@id\":\"https:\\\/\\\/stuttgarti-katolikusok.de\\\/index.php\\\/2016-decembere\\\/\"},\"author\":{\"name\":\"Tibor atya\",\"@id\":\"https:\\\/\\\/stuttgarti-katolikusok.de\\\/#\\\/schema\\\/person\\\/75908d6f8fdc03a57889d27209df7795\"},\"headline\":\"2016 decembere\",\"datePublished\":\"2016-12-02T13:40:56+00:00\",\"dateModified\":\"2016-12-03T12:00:33+00:00\",\"mainEntityOfPage\":{\"@id\":\"https:\\\/\\\/stuttgarti-katolikusok.de\\\/index.php\\\/2016-decembere\\\/\"},\"wordCount\":1894,\"image\":{\"@id\":\"https:\\\/\\\/stuttgarti-katolikusok.de\\\/index.php\\\/2016-decembere\\\/#primaryimage\"},\"thumbnailUrl\":\"https:\\\/\\\/stuttgarti-katolikusok.de\\\/wp-content\\\/uploads\\\/2016\\\/12\\\/karacsony-koszoru.jpg\",\"articleSection\":[\"Bar\u00e1tom\"],\"inLanguage\":\"hu\"},{\"@type\":\"WebPage\",\"@id\":\"https:\\\/\\\/stuttgarti-katolikusok.de\\\/index.php\\\/2016-decembere\\\/\",\"url\":\"https:\\\/\\\/stuttgarti-katolikusok.de\\\/index.php\\\/2016-decembere\\\/\",\"name\":\"2016 decembere - Stuttgarti Katolikusok\",\"isPartOf\":{\"@id\":\"https:\\\/\\\/stuttgarti-katolikusok.de\\\/#website\"},\"primaryImageOfPage\":{\"@id\":\"https:\\\/\\\/stuttgarti-katolikusok.de\\\/index.php\\\/2016-decembere\\\/#primaryimage\"},\"image\":{\"@id\":\"https:\\\/\\\/stuttgarti-katolikusok.de\\\/index.php\\\/2016-decembere\\\/#primaryimage\"},\"thumbnailUrl\":\"https:\\\/\\\/stuttgarti-katolikusok.de\\\/wp-content\\\/uploads\\\/2016\\\/12\\\/karacsony-koszoru.jpg\",\"datePublished\":\"2016-12-02T13:40:56+00:00\",\"dateModified\":\"2016-12-03T12:00:33+00:00\",\"author\":{\"@id\":\"https:\\\/\\\/stuttgarti-katolikusok.de\\\/#\\\/schema\\\/person\\\/75908d6f8fdc03a57889d27209df7795\"},\"breadcrumb\":{\"@id\":\"https:\\\/\\\/stuttgarti-katolikusok.de\\\/index.php\\\/2016-decembere\\\/#breadcrumb\"},\"inLanguage\":\"hu\",\"potentialAction\":[{\"@type\":\"ReadAction\",\"target\":[\"https:\\\/\\\/stuttgarti-katolikusok.de\\\/index.php\\\/2016-decembere\\\/\"]}]},{\"@type\":\"ImageObject\",\"inLanguage\":\"hu\",\"@id\":\"https:\\\/\\\/stuttgarti-katolikusok.de\\\/index.php\\\/2016-decembere\\\/#primaryimage\",\"url\":\"https:\\\/\\\/stuttgarti-katolikusok.de\\\/wp-content\\\/uploads\\\/2016\\\/12\\\/karacsony-koszoru.jpg\",\"contentUrl\":\"https:\\\/\\\/stuttgarti-katolikusok.de\\\/wp-content\\\/uploads\\\/2016\\\/12\\\/karacsony-koszoru.jpg\",\"width\":276,\"height\":183},{\"@type\":\"BreadcrumbList\",\"@id\":\"https:\\\/\\\/stuttgarti-katolikusok.de\\\/index.php\\\/2016-decembere\\\/#breadcrumb\",\"itemListElement\":[{\"@type\":\"ListItem\",\"position\":1,\"name\":\"Kezd\u0151lap\",\"item\":\"https:\\\/\\\/stuttgarti-katolikusok.de\\\/\"},{\"@type\":\"ListItem\",\"position\":2,\"name\":\"2016 decembere\"}]},{\"@type\":\"WebSite\",\"@id\":\"https:\\\/\\\/stuttgarti-katolikusok.de\\\/#website\",\"url\":\"https:\\\/\\\/stuttgarti-katolikusok.de\\\/\",\"name\":\"Stuttgarti Katolikusok\",\"description\":\"\",\"potentialAction\":[{\"@type\":\"SearchAction\",\"target\":{\"@type\":\"EntryPoint\",\"urlTemplate\":\"https:\\\/\\\/stuttgarti-katolikusok.de\\\/?s={search_term_string}\"},\"query-input\":{\"@type\":\"PropertyValueSpecification\",\"valueRequired\":true,\"valueName\":\"search_term_string\"}}],\"inLanguage\":\"hu\"},{\"@type\":\"Person\",\"@id\":\"https:\\\/\\\/stuttgarti-katolikusok.de\\\/#\\\/schema\\\/person\\\/75908d6f8fdc03a57889d27209df7795\",\"name\":\"Tibor atya\",\"image\":{\"@type\":\"ImageObject\",\"inLanguage\":\"hu\",\"@id\":\"https:\\\/\\\/secure.gravatar.com\\\/avatar\\\/61d268e57d1f4525b111222e29d2d5a7f8c420fdbf231ba5566a8ceac74fa960?s=96&d=mm&r=g\",\"url\":\"https:\\\/\\\/secure.gravatar.com\\\/avatar\\\/61d268e57d1f4525b111222e29d2d5a7f8c420fdbf231ba5566a8ceac74fa960?s=96&d=mm&r=g\",\"contentUrl\":\"https:\\\/\\\/secure.gravatar.com\\\/avatar\\\/61d268e57d1f4525b111222e29d2d5a7f8c420fdbf231ba5566a8ceac74fa960?s=96&d=mm&r=g\",\"caption\":\"Tibor atya\"},\"url\":\"https:\\\/\\\/stuttgarti-katolikusok.de\\\/index.php\\\/author\\\/tibor-atya\\\/\"}]}<\/script>\n<!-- \/ Yoast SEO plugin. -->","yoast_head_json":{"title":"2016 decembere - Stuttgarti Katolikusok","robots":{"index":"index","follow":"follow","max-snippet":"max-snippet:-1","max-image-preview":"max-image-preview:large","max-video-preview":"max-video-preview:-1"},"canonical":"https:\/\/stuttgarti-katolikusok.de\/index.php\/2016-decembere\/","og_locale":"hu_HU","og_type":"article","og_title":"2016 decembere - Stuttgarti Katolikusok","og_description":"B A R \u00c1 T O M A Szent Gell\u00e9rt Magyar Katolikus Egyh\u00e1zk\u00f6zs\u00e9g Havilapja Szerkeszt\u0151: Ft. Merl\u00e1s Tibor \u00e9s Ft. Dr. Tempfli Imre. Kiad\u00f3: a Szent Gell\u00e9rt Magyar Katolikus Egyh\u00e1zk\u00f6zs\u00e9g. Postac\u00edm: Albert-Sch\u00e4ffle-Str. 30, 70186-Stuttgart. Tel: 0711-236 91 90, Fax: 0711-236 73 93, E-mail: mission@gracious-dewdney.138-201-221-2.plesk.page Honlap: www. stuttgarti-katolikusok.de Facebook: Stuttgarti.Katolikusok vagy: Szent Gell\u00e9rt Sz\u00e1mla: Postbank Stuttgart, IBAN: DE80 600 100 700 002 190 704,\u00a0 BIC: PBNKDEFF 2 0 1 6\u00a0\u00a0 D E C E M B E R \u201eTudod, Kar\u00e1csonykor az ember mindig hisz egy kiss\u00e9 a csod\u00e1ban, nemcsak te \u00e9s \u00e9n, hanem az eg\u00e9sz vil\u00e1g, az emberis\u00e9g, mint mondj\u00e1k, hiszen ez\u00e9rt van az \u00fcnnep, mert nem lehet a csoda n\u00e9lk\u00fcl \u00e9lni. &#8221; \u00a0(M\u00e1rai S\u00e1ndor) \u00a0 GARAY ANDR\u00c1S: KAR\u00c1CSONYI T\u00d6RT\u00c9NET Mi, gyerekek, nagyon v\u00e1rtuk az els\u0151 havat. Kar\u00e1csonyt\u00e1jt \u00e9rkeztek meg nyugat fel\u0151l a sz\u00fcrke fellegek, s letett\u00e9k terh\u00fcket a hegyek koszor\u00faja \u00f6vezte v\u00f6lgyben, de nem olyan v\u00e1rosias, hossz\u00fa sz\u00e1lling\u00f3z\u00e1s m\u00f3dj\u00e1n, hanem vastag bunda al\u00e1 ker\u00fclt a t\u00e1j, a falu. Mi m\u00e1r december eleje \u00f3ta a reggeli felkel\u00e9s ut\u00e1n azonnal az ablakhoz siett\u00fcnk, hogy led\u00f6rzs\u00f6lve a j\u00e9gvir\u00e1gokat, megl\u00e1thassuk az els\u0151 havat&#8230; Id\u00e9n sem kellett csal\u00f3dnunk. Andr\u00e1s-napra m\u00e1r h\u00f3sipka bor\u00edtotta a K\u00f6m\u00f6ge tetej\u00e9t, s december k\u00f6zep\u00e9n egy \u00e9jszaka k\u00e9t arasznyi h\u00f3 hullott, beter\u00edtett mindent, s mesevil\u00e1got var\u00e1zsolt a k\u00f6rny\u00e9kre. Hurr\u00e1! &#8211; rohantunk vissza az ablakt\u00f3l, s sarokba dobva az iskolat\u00e1sk\u00e1t, l\u00e1zasan kezdt\u00fck sz\u0151ni a sz\u00fcnidei terveket. Kert\u00fcnk v\u00e9ge a hegyek l\u00e1b\u00e1ig ny\u00falott, s kukoricacsutk\u00e1t cip\u0151nkre k\u00f6tve v\u00edgan siklottunk a havon. Cs\u00faszk\u00e1l\u00e1ssal, r\u00f3dliz\u00e1ssal telt az id\u0151, s este, mikor a konyh\u00e1ban egybegy\u0171lt a csal\u00e1d, hallgattuk az \u00f6regek szav\u00e1t, ap\u00e1m, M\u00e1rton tr\u00e9f\u00e1lkoz\u00e1sait, a vil\u00e1g gondj\u00e1t, s k\u00f6r\u00fclfogott benn\u00fcnket any\u00e1m szeret\u0151 gondoskod\u00e1sa. Kezdet\u00e9t vette a s\u00fct\u00e9s-f\u0151z\u00e9s, a k\u00e9sz\u00fcl\u0151d\u00e9s. Hamarosan itt a kar\u00e1csony. S mikor ap\u00e1nk egy este azt mondta, hogy m\u00e1snap lev\u00e1gjuk a diszn\u00f3t, tudtuk, m\u00e1r csak napok vannak h\u00e1tra, s est\u00e9nk\u00e9nt leszak\u00edtva a leveles napt\u00e1r... R\u00e9szletek","og_url":"https:\/\/stuttgarti-katolikusok.de\/index.php\/2016-decembere\/","og_site_name":"Stuttgarti Katolikusok","article_published_time":"2016-12-02T13:40:56+00:00","article_modified_time":"2016-12-03T12:00:33+00:00","og_image":[{"width":276,"height":183,"url":"https:\/\/stuttgarti-katolikusok.de\/wp-content\/uploads\/2016\/12\/karacsony-koszoru.jpg","type":"image\/jpeg"}],"author":"Tibor atya","twitter_card":"summary_large_image","twitter_misc":{"Szerz\u0151:":"Tibor atya","Becs\u00fclt olvas\u00e1si id\u0151":"9 perc"},"schema":{"@context":"https:\/\/schema.org","@graph":[{"@type":"Article","@id":"https:\/\/stuttgarti-katolikusok.de\/index.php\/2016-decembere\/#article","isPartOf":{"@id":"https:\/\/stuttgarti-katolikusok.de\/index.php\/2016-decembere\/"},"author":{"name":"Tibor atya","@id":"https:\/\/stuttgarti-katolikusok.de\/#\/schema\/person\/75908d6f8fdc03a57889d27209df7795"},"headline":"2016 decembere","datePublished":"2016-12-02T13:40:56+00:00","dateModified":"2016-12-03T12:00:33+00:00","mainEntityOfPage":{"@id":"https:\/\/stuttgarti-katolikusok.de\/index.php\/2016-decembere\/"},"wordCount":1894,"image":{"@id":"https:\/\/stuttgarti-katolikusok.de\/index.php\/2016-decembere\/#primaryimage"},"thumbnailUrl":"https:\/\/stuttgarti-katolikusok.de\/wp-content\/uploads\/2016\/12\/karacsony-koszoru.jpg","articleSection":["Bar\u00e1tom"],"inLanguage":"hu"},{"@type":"WebPage","@id":"https:\/\/stuttgarti-katolikusok.de\/index.php\/2016-decembere\/","url":"https:\/\/stuttgarti-katolikusok.de\/index.php\/2016-decembere\/","name":"2016 decembere - Stuttgarti Katolikusok","isPartOf":{"@id":"https:\/\/stuttgarti-katolikusok.de\/#website"},"primaryImageOfPage":{"@id":"https:\/\/stuttgarti-katolikusok.de\/index.php\/2016-decembere\/#primaryimage"},"image":{"@id":"https:\/\/stuttgarti-katolikusok.de\/index.php\/2016-decembere\/#primaryimage"},"thumbnailUrl":"https:\/\/stuttgarti-katolikusok.de\/wp-content\/uploads\/2016\/12\/karacsony-koszoru.jpg","datePublished":"2016-12-02T13:40:56+00:00","dateModified":"2016-12-03T12:00:33+00:00","author":{"@id":"https:\/\/stuttgarti-katolikusok.de\/#\/schema\/person\/75908d6f8fdc03a57889d27209df7795"},"breadcrumb":{"@id":"https:\/\/stuttgarti-katolikusok.de\/index.php\/2016-decembere\/#breadcrumb"},"inLanguage":"hu","potentialAction":[{"@type":"ReadAction","target":["https:\/\/stuttgarti-katolikusok.de\/index.php\/2016-decembere\/"]}]},{"@type":"ImageObject","inLanguage":"hu","@id":"https:\/\/stuttgarti-katolikusok.de\/index.php\/2016-decembere\/#primaryimage","url":"https:\/\/stuttgarti-katolikusok.de\/wp-content\/uploads\/2016\/12\/karacsony-koszoru.jpg","contentUrl":"https:\/\/stuttgarti-katolikusok.de\/wp-content\/uploads\/2016\/12\/karacsony-koszoru.jpg","width":276,"height":183},{"@type":"BreadcrumbList","@id":"https:\/\/stuttgarti-katolikusok.de\/index.php\/2016-decembere\/#breadcrumb","itemListElement":[{"@type":"ListItem","position":1,"name":"Kezd\u0151lap","item":"https:\/\/stuttgarti-katolikusok.de\/"},{"@type":"ListItem","position":2,"name":"2016 decembere"}]},{"@type":"WebSite","@id":"https:\/\/stuttgarti-katolikusok.de\/#website","url":"https:\/\/stuttgarti-katolikusok.de\/","name":"Stuttgarti Katolikusok","description":"","potentialAction":[{"@type":"SearchAction","target":{"@type":"EntryPoint","urlTemplate":"https:\/\/stuttgarti-katolikusok.de\/?s={search_term_string}"},"query-input":{"@type":"PropertyValueSpecification","valueRequired":true,"valueName":"search_term_string"}}],"inLanguage":"hu"},{"@type":"Person","@id":"https:\/\/stuttgarti-katolikusok.de\/#\/schema\/person\/75908d6f8fdc03a57889d27209df7795","name":"Tibor atya","image":{"@type":"ImageObject","inLanguage":"hu","@id":"https:\/\/secure.gravatar.com\/avatar\/61d268e57d1f4525b111222e29d2d5a7f8c420fdbf231ba5566a8ceac74fa960?s=96&d=mm&r=g","url":"https:\/\/secure.gravatar.com\/avatar\/61d268e57d1f4525b111222e29d2d5a7f8c420fdbf231ba5566a8ceac74fa960?s=96&d=mm&r=g","contentUrl":"https:\/\/secure.gravatar.com\/avatar\/61d268e57d1f4525b111222e29d2d5a7f8c420fdbf231ba5566a8ceac74fa960?s=96&d=mm&r=g","caption":"Tibor atya"},"url":"https:\/\/stuttgarti-katolikusok.de\/index.php\/author\/tibor-atya\/"}]}},"_links":{"self":[{"href":"https:\/\/stuttgarti-katolikusok.de\/index.php\/wp-json\/wp\/v2\/posts\/10464","targetHints":{"allow":["GET"]}}],"collection":[{"href":"https:\/\/stuttgarti-katolikusok.de\/index.php\/wp-json\/wp\/v2\/posts"}],"about":[{"href":"https:\/\/stuttgarti-katolikusok.de\/index.php\/wp-json\/wp\/v2\/types\/post"}],"author":[{"embeddable":true,"href":"https:\/\/stuttgarti-katolikusok.de\/index.php\/wp-json\/wp\/v2\/users\/3"}],"replies":[{"embeddable":true,"href":"https:\/\/stuttgarti-katolikusok.de\/index.php\/wp-json\/wp\/v2\/comments?post=10464"}],"version-history":[{"count":3,"href":"https:\/\/stuttgarti-katolikusok.de\/index.php\/wp-json\/wp\/v2\/posts\/10464\/revisions"}],"predecessor-version":[{"id":10470,"href":"https:\/\/stuttgarti-katolikusok.de\/index.php\/wp-json\/wp\/v2\/posts\/10464\/revisions\/10470"}],"wp:featuredmedia":[{"embeddable":true,"href":"https:\/\/stuttgarti-katolikusok.de\/index.php\/wp-json\/wp\/v2\/media\/10465"}],"wp:attachment":[{"href":"https:\/\/stuttgarti-katolikusok.de\/index.php\/wp-json\/wp\/v2\/media?parent=10464"}],"wp:term":[{"taxonomy":"category","embeddable":true,"href":"https:\/\/stuttgarti-katolikusok.de\/index.php\/wp-json\/wp\/v2\/categories?post=10464"},{"taxonomy":"post_tag","embeddable":true,"href":"https:\/\/stuttgarti-katolikusok.de\/index.php\/wp-json\/wp\/v2\/tags?post=10464"}],"curies":[{"name":"wp","href":"https:\/\/api.w.org\/{rel}","templated":true}]}}