{"id":10321,"date":"2016-11-28T12:20:06","date_gmt":"2016-11-28T12:20:06","guid":{"rendered":"https:\/\/gracious-dewdney.138-201-221-2.plesk.page\/?p=10321"},"modified":"2020-04-27T15:42:55","modified_gmt":"2020-04-27T15:42:55","slug":"sziv","status":"publish","type":"post","link":"https:\/\/stuttgarti-katolikusok.de\/index.php\/sziv\/","title":{"rendered":"Schultheis \u00c9va: Sz\u00edv"},"content":{"rendered":"<p><strong>Sz\u00edv<\/strong><\/p>\n<p>-Emelj\u00fck f\u00f6l sz\u00edv\u00fcnket!<\/p>\n<p>-F\u00f6lemelt\u00fck az \u00darhoz!<\/p>\n<p>Az egyetemes liturgia e sokat ism\u00e9telt, n\u00e9ha m\u00e1r \u00e1t sem gondolt, pap \u00e9s h\u00edvek \u00e1ltal t\u00f6rt\u00e9n\u0151 dial\u00f3gus\u00e1ban\u00a0megfogalmaz\u00f3dik\u00a0egy sz\u00e1nd\u00e9k, amely, ha val\u00f3s\u00e1gg\u00e1 \u00e9rne, val\u00f3ban az egekig r\u00f6p\u00edthetn\u00e9 a vil\u00e1got. Egy kijelent\u00e9s, amely m\u00e9lys\u00e9gb\u0151l t\u00e1pl\u00e1lkozik, hiszen ezt az \u00edg\u00e9retet k\u00f6zvetlen m\u00f3don maga az \u00dar k\u00e9rhetn\u00e9 t\u0151l\u00fcnk sz\u00e1mon &#8230; joggal k\u00e9rhetn\u00e9&#8230;<\/p>\n<p>Advent els\u0151 h\u00e9tf\u0151je fagyos t\u00e1jba pillant. Megn\u00e9zi mag\u00e1t a f\u00e9ny t\u00fckr\u00e9ben. A k\u00f6d\u00f6s \u0151szi sz\u00fcrk\u00e9t v\u00e9gre felv\u00e1ltja egy bels\u0151 ragyog\u00e1s.<\/p>\n<p>L\u00e1tsz\u00f3lag minden a legnagyobb rendben, mintha t\u00f6k\u00e9letes csendben \u00e9s szeretetben k\u00e9sz\u00fcl\u0151dne a vil\u00e1g. L\u00e1tsz\u00f3lag csillog\u00f3 f\u00e9ny\u0171 d\u00e9rrel hintett a p\u00e1zsit, csillog\u00f3 f\u00e9ny\u0171\u00a0h\u00e1ztet\u0151k\u00a0alatt csillog\u00f3 f\u00e9ny\u0171 lelkek gy\u0151zik le a h\u00e9tk\u00f6znapok \u00e1lnok tr\u00fckkjeit, l\u00e1tsz\u00f3lag nincs mag\u00e1ny, nincs\u00a0szeretetlens\u00e9g, h\u00e1bor\u00fa, elidegened\u00e9s, t\u00e9kozl\u00e1s, gy\u0171l\u00f6let. L\u00e1tsz\u00f3lag minden csupa sz\u00edv.<\/p>\n<p>L\u00e1tsz\u00f3lag. Mert minden\u00a0l\u00e1tsz\u00f3lagoss\u00e1g\u00a0m\u00f6g\u00f6tt ott h\u00faz\u00f3dik valami ki nem mondott, v\u00e1rakoz\u00e1sba vegy\u00fcl\u0151, ideges f\u00e9lelem, agg\u00f3d\u00e1s. Mert b\u00e1r igen, akarjuk a j\u00f3t, a v\u00e1gyakoz\u00e1s szintj\u00e9n megtorpan\u00f3 \u00e9rzelem, nem el\u00e9g ahhoz, hogy megteremje mag\u00e1ban a v\u00e1ltoz\u00e1s\u00a0l\u00e1nglelk\u0171\u00a0val\u00f3s\u00e1g\u00e1t.<\/p>\n<p>Mert a vil\u00e1g, amelyr\u0151l mindig is azt hitt\u00fck,\u00a0l\u00e9t\u00e9be\u00a0pillantva meg\u00e9rthetj\u00fck, sz\u00e9tsz\u00f3rta mag\u00e1b\u00f3l a lelk\u00e9t. A vil\u00e1g amelyr\u0151l azt hitt\u00fck, fel\u00e9nk is fordul, t\u00e1volod\u00f3ban van. A vil\u00e1g, amelyr\u0151l \u00fagy hitt\u00fck, kiny\u00fajtja \u00e9rt\u00fcnk a kez\u00e9t, leeresztett karokkal \u00e1ll, tan\u00e1cstalanabb mint\u00a0j\u00f3magunk, nem \u00e9rti, mit v\u00e1runk t\u0151le. A vil\u00e1g, amelyr\u0151l elhitt\u00fck, n\u00e9hanapj\u00e1n r\u00e1nk emeli tekintet\u00e9t, elfordul, hogy ne kelljen t\u00f6bb\u00e9 a szem\u00e9be n\u00e9zn\u00fcnk. Mert a vil\u00e1g mi magunk vagyunk.<\/p>\n<p>A l\u00e1tsz\u00f3lagos csillog\u00e1s \u00e9s\u00a0magamutogat\u00e1s\u00a0m\u00f6g\u00fcl elfogyott a l\u00e9lek. A vil\u00e1g vil\u00e1goss\u00e1g helyett s\u00f6t\u00e9ts\u00e9get lopott a sz\u00edvek hely\u00e9re. Mintha elt\u0171nt volna a gondolatok m\u00f6g\u00fcl, m\u00e1r sajn\u00e1lkozni sem k\u00e9pes, r\u00e9szv\u00e9tet nem \u00e9rez, elszeg\u0151d\u00f6tt igaz cselekedetek mell\u0151l. A sz\u00edv, amelyr\u0151l mindig is azt hitt\u00fck itt van benn\u00fcnk, mintha m\u00e1r nem is l\u00e9tezne. Tal\u00e1n ez\u00e9rt a sok f\u00e9nyl\u0151\u00a0\u00e1ld\u00edsz,\u00a0vil\u00e1g\u00edt\u00f3eszk\u00f6z, kacif\u00e1nt,\u00a0csodav\u00e1r\u00f3\u00a0kirakat, zsibv\u00e1s\u00e1ros hangulat. Nem m\u00e1s ez mint v\u00e9szjel, egy, a maga m\u00f3dj\u00e1n, \u00e9letk\u00e9ptelen k\u00f6z\u00f6ss\u00e9g, k\u00e9k f\u00e9nybe vegy\u00fcl\u0151 szir\u00e9n\u00e1ja, seg\u00edts\u00e9g ut\u00e1ni ki\u00e1lt\u00e1sa&#8230;<\/p>\n<p>Vegy\u00fck \u00e9szre a bels\u0151 f\u00e9nyt, emelj\u00fck ki magunkat a s\u00f6t\u00e9ts\u00e9g vil\u00e1g\u00e1b\u00f3l, merj\u00fcnk levenni a csillog\u00e1s \u00e1larc\u00e1t, merj\u00fcnk belen\u00e9zni a megpr\u00f3b\u00e1ltat\u00e1sok szem\u00e9be. Merj\u00fck kimondani a f\u00e9lelmet. Helyezz\u00fck vissza a sz\u00edvet a saj\u00e1t m\u00e9lt\u00f3s\u00e1g\u00e1ba. Merj\u00fck v\u00e9gre val\u00f3ban f\u00f6lemelni \u00e9s odany\u00fajtani az \u00darnak. Hogy ne csak kimondott sz\u00f3 legyen az \u00edg\u00e9ret.<\/p>\n<p>2016 Adventj\u00e9n<\/p>\n<p>Schultheis \u00c9va<\/p>\n<p>&nbsp;<\/p>\n","protected":false},"excerpt":{"rendered":"<p>Sz\u00edv -Emelj\u00fck f\u00f6l sz\u00edv\u00fcnket! -F\u00f6lemelt\u00fck az \u00darhoz! Az egyetemes liturgia e sokat ism\u00e9telt, n\u00e9ha m\u00e1r \u00e1t sem gondolt, pap \u00e9s h\u00edvek \u00e1ltal t\u00f6rt\u00e9n\u0151 dial\u00f3gus\u00e1ban\u00a0megfogalmaz\u00f3dik\u00a0egy sz\u00e1nd\u00e9k, amely, ha val\u00f3s\u00e1gg\u00e1 \u00e9rne, val\u00f3ban az egekig r\u00f6p\u00edthetn\u00e9 a vil\u00e1got. Egy kijelent\u00e9s, amely m\u00e9lys\u00e9gb\u0151l t\u00e1pl\u00e1lkozik, hiszen ezt az \u00edg\u00e9retet k\u00f6zvetlen m\u00f3don maga az \u00dar k\u00e9rhetn\u00e9 t\u0151l\u00fcnk sz\u00e1mon &#8230; joggal k\u00e9rhetn\u00e9&#8230; Advent els\u0151 h\u00e9tf\u0151je fagyos t\u00e1jba pillant. Megn\u00e9zi mag\u00e1t a f\u00e9ny t\u00fckr\u00e9ben. A k\u00f6d\u00f6s \u0151szi sz\u00fcrk\u00e9t v\u00e9gre felv\u00e1ltja egy bels\u0151 ragyog\u00e1s. L\u00e1tsz\u00f3lag minden a legnagyobb rendben, mintha t\u00f6k\u00e9letes csendben \u00e9s szeretetben k\u00e9sz\u00fcl\u0151dne a vil\u00e1g. L\u00e1tsz\u00f3lag csillog\u00f3 f\u00e9ny\u0171 d\u00e9rrel hintett a p\u00e1zsit, csillog\u00f3 f\u00e9ny\u0171\u00a0h\u00e1ztet\u0151k\u00a0alatt csillog\u00f3 f\u00e9ny\u0171 lelkek gy\u0151zik le a h\u00e9tk\u00f6znapok \u00e1lnok tr\u00fckkjeit, l\u00e1tsz\u00f3lag nincs mag\u00e1ny, nincs\u00a0szeretetlens\u00e9g, h\u00e1bor\u00fa, elidegened\u00e9s, t\u00e9kozl\u00e1s, gy\u0171l\u00f6let. L\u00e1tsz\u00f3lag minden csupa sz\u00edv. L\u00e1tsz\u00f3lag. Mert minden\u00a0l\u00e1tsz\u00f3lagoss\u00e1g\u00a0m\u00f6g\u00f6tt ott h\u00faz\u00f3dik valami ki nem mondott, v\u00e1rakoz\u00e1sba vegy\u00fcl\u0151, ideges f\u00e9lelem, agg\u00f3d\u00e1s. Mert b\u00e1r igen, akarjuk a j\u00f3t, a v\u00e1gyakoz\u00e1s szintj\u00e9n megtorpan\u00f3 \u00e9rzelem, nem el\u00e9g ahhoz, hogy megteremje mag\u00e1ban a v\u00e1ltoz\u00e1s\u00a0l\u00e1nglelk\u0171\u00a0val\u00f3s\u00e1g\u00e1t. Mert a vil\u00e1g, amelyr\u0151l mindig is azt hitt\u00fck,\u00a0l\u00e9t\u00e9be\u00a0pillantva meg\u00e9rthetj\u00fck, sz\u00e9tsz\u00f3rta mag\u00e1b\u00f3l a lelk\u00e9t. A vil\u00e1g amelyr\u0151l azt hitt\u00fck, fel\u00e9nk is fordul, t\u00e1volod\u00f3ban van. A vil\u00e1g, amelyr\u0151l \u00fagy hitt\u00fck, kiny\u00fajtja \u00e9rt\u00fcnk a kez\u00e9t, leeresztett karokkal \u00e1ll, tan\u00e1cstalanabb mint\u00a0j\u00f3magunk, nem \u00e9rti, mit v\u00e1runk t\u0151le. A vil\u00e1g, amelyr\u0151l elhitt\u00fck, n\u00e9hanapj\u00e1n r\u00e1nk emeli tekintet\u00e9t, elfordul, hogy ne kelljen t\u00f6bb\u00e9 a szem\u00e9be n\u00e9zn\u00fcnk. Mert a vil\u00e1g mi magunk vagyunk. A l\u00e1tsz\u00f3lagos csillog\u00e1s \u00e9s\u00a0magamutogat\u00e1s\u00a0m\u00f6g\u00fcl elfogyott a l\u00e9lek. A vil\u00e1g vil\u00e1goss\u00e1g helyett s\u00f6t\u00e9ts\u00e9get lopott a sz\u00edvek hely\u00e9re. Mintha elt\u0171nt volna a gondolatok m\u00f6g\u00fcl, m\u00e1r sajn\u00e1lkozni sem k\u00e9pes, r\u00e9szv\u00e9tet nem \u00e9rez, elszeg\u0151d\u00f6tt igaz cselekedetek mell\u0151l. A sz\u00edv, amelyr\u0151l mindig is azt hitt\u00fck itt van benn\u00fcnk, mintha m\u00e1r nem is l\u00e9tezne. Tal\u00e1n ez\u00e9rt a sok f\u00e9nyl\u0151\u00a0\u00e1ld\u00edsz,\u00a0vil\u00e1g\u00edt\u00f3eszk\u00f6z, kacif\u00e1nt,\u00a0csodav\u00e1r\u00f3\u00a0kirakat, zsibv\u00e1s\u00e1ros hangulat. Nem m\u00e1s ez mint v\u00e9szjel, egy, a maga m\u00f3dj\u00e1n, \u00e9letk\u00e9ptelen k\u00f6z\u00f6ss\u00e9g, k\u00e9k f\u00e9nybe vegy\u00fcl\u0151 szir\u00e9n\u00e1ja, seg\u00edts\u00e9g ut\u00e1ni ki\u00e1lt\u00e1sa&#8230; Vegy\u00fck \u00e9szre a bels\u0151 f\u00e9nyt, emelj\u00fck ki magunkat a s\u00f6t\u00e9ts\u00e9g vil\u00e1g\u00e1b\u00f3l,&#8230; <\/p>\n<p><a class=\"readmore\" href=\"https:\/\/stuttgarti-katolikusok.de\/index.php\/sziv\/\">R\u00e9szletek<\/a><\/p>\n","protected":false},"author":3,"featured_media":0,"comment_status":"closed","ping_status":"closed","sticky":false,"template":"","format":"standard","meta":{"footnotes":""},"categories":[28],"tags":[],"class_list":["post-10321","post","type-post","status-publish","format-standard","hentry","category-olvasoink-irjak"],"yoast_head":"<!-- This site is optimized with the Yoast SEO plugin v27.3 - https:\/\/yoast.com\/product\/yoast-seo-wordpress\/ -->\n<title>Schultheis \u00c9va: Sz\u00edv - Stuttgarti Katolikusok<\/title>\n<meta name=\"robots\" content=\"index, follow, max-snippet:-1, max-image-preview:large, max-video-preview:-1\" \/>\n<link rel=\"canonical\" href=\"https:\/\/stuttgarti-katolikusok.de\/index.php\/sziv\/\" \/>\n<meta property=\"og:locale\" content=\"hu_HU\" \/>\n<meta property=\"og:type\" content=\"article\" \/>\n<meta property=\"og:title\" content=\"Schultheis \u00c9va: Sz\u00edv - Stuttgarti Katolikusok\" \/>\n<meta property=\"og:description\" content=\"Sz\u00edv -Emelj\u00fck f\u00f6l sz\u00edv\u00fcnket! -F\u00f6lemelt\u00fck az \u00darhoz! Az egyetemes liturgia e sokat ism\u00e9telt, n\u00e9ha m\u00e1r \u00e1t sem gondolt, pap \u00e9s h\u00edvek \u00e1ltal t\u00f6rt\u00e9n\u0151 dial\u00f3gus\u00e1ban\u00a0megfogalmaz\u00f3dik\u00a0egy sz\u00e1nd\u00e9k, amely, ha val\u00f3s\u00e1gg\u00e1 \u00e9rne, val\u00f3ban az egekig r\u00f6p\u00edthetn\u00e9 a vil\u00e1got. Egy kijelent\u00e9s, amely m\u00e9lys\u00e9gb\u0151l t\u00e1pl\u00e1lkozik, hiszen ezt az \u00edg\u00e9retet k\u00f6zvetlen m\u00f3don maga az \u00dar k\u00e9rhetn\u00e9 t\u0151l\u00fcnk sz\u00e1mon &#8230; joggal k\u00e9rhetn\u00e9&#8230; Advent els\u0151 h\u00e9tf\u0151je fagyos t\u00e1jba pillant. Megn\u00e9zi mag\u00e1t a f\u00e9ny t\u00fckr\u00e9ben. A k\u00f6d\u00f6s \u0151szi sz\u00fcrk\u00e9t v\u00e9gre felv\u00e1ltja egy bels\u0151 ragyog\u00e1s. L\u00e1tsz\u00f3lag minden a legnagyobb rendben, mintha t\u00f6k\u00e9letes csendben \u00e9s szeretetben k\u00e9sz\u00fcl\u0151dne a vil\u00e1g. L\u00e1tsz\u00f3lag csillog\u00f3 f\u00e9ny\u0171 d\u00e9rrel hintett a p\u00e1zsit, csillog\u00f3 f\u00e9ny\u0171\u00a0h\u00e1ztet\u0151k\u00a0alatt csillog\u00f3 f\u00e9ny\u0171 lelkek gy\u0151zik le a h\u00e9tk\u00f6znapok \u00e1lnok tr\u00fckkjeit, l\u00e1tsz\u00f3lag nincs mag\u00e1ny, nincs\u00a0szeretetlens\u00e9g, h\u00e1bor\u00fa, elidegened\u00e9s, t\u00e9kozl\u00e1s, gy\u0171l\u00f6let. L\u00e1tsz\u00f3lag minden csupa sz\u00edv. L\u00e1tsz\u00f3lag. Mert minden\u00a0l\u00e1tsz\u00f3lagoss\u00e1g\u00a0m\u00f6g\u00f6tt ott h\u00faz\u00f3dik valami ki nem mondott, v\u00e1rakoz\u00e1sba vegy\u00fcl\u0151, ideges f\u00e9lelem, agg\u00f3d\u00e1s. Mert b\u00e1r igen, akarjuk a j\u00f3t, a v\u00e1gyakoz\u00e1s szintj\u00e9n megtorpan\u00f3 \u00e9rzelem, nem el\u00e9g ahhoz, hogy megteremje mag\u00e1ban a v\u00e1ltoz\u00e1s\u00a0l\u00e1nglelk\u0171\u00a0val\u00f3s\u00e1g\u00e1t. Mert a vil\u00e1g, amelyr\u0151l mindig is azt hitt\u00fck,\u00a0l\u00e9t\u00e9be\u00a0pillantva meg\u00e9rthetj\u00fck, sz\u00e9tsz\u00f3rta mag\u00e1b\u00f3l a lelk\u00e9t. A vil\u00e1g amelyr\u0151l azt hitt\u00fck, fel\u00e9nk is fordul, t\u00e1volod\u00f3ban van. A vil\u00e1g, amelyr\u0151l \u00fagy hitt\u00fck, kiny\u00fajtja \u00e9rt\u00fcnk a kez\u00e9t, leeresztett karokkal \u00e1ll, tan\u00e1cstalanabb mint\u00a0j\u00f3magunk, nem \u00e9rti, mit v\u00e1runk t\u0151le. A vil\u00e1g, amelyr\u0151l elhitt\u00fck, n\u00e9hanapj\u00e1n r\u00e1nk emeli tekintet\u00e9t, elfordul, hogy ne kelljen t\u00f6bb\u00e9 a szem\u00e9be n\u00e9zn\u00fcnk. Mert a vil\u00e1g mi magunk vagyunk. A l\u00e1tsz\u00f3lagos csillog\u00e1s \u00e9s\u00a0magamutogat\u00e1s\u00a0m\u00f6g\u00fcl elfogyott a l\u00e9lek. A vil\u00e1g vil\u00e1goss\u00e1g helyett s\u00f6t\u00e9ts\u00e9get lopott a sz\u00edvek hely\u00e9re. Mintha elt\u0171nt volna a gondolatok m\u00f6g\u00fcl, m\u00e1r sajn\u00e1lkozni sem k\u00e9pes, r\u00e9szv\u00e9tet nem \u00e9rez, elszeg\u0151d\u00f6tt igaz cselekedetek mell\u0151l. A sz\u00edv, amelyr\u0151l mindig is azt hitt\u00fck itt van benn\u00fcnk, mintha m\u00e1r nem is l\u00e9tezne. Tal\u00e1n ez\u00e9rt a sok f\u00e9nyl\u0151\u00a0\u00e1ld\u00edsz,\u00a0vil\u00e1g\u00edt\u00f3eszk\u00f6z, kacif\u00e1nt,\u00a0csodav\u00e1r\u00f3\u00a0kirakat, zsibv\u00e1s\u00e1ros hangulat. Nem m\u00e1s ez mint v\u00e9szjel, egy, a maga m\u00f3dj\u00e1n, \u00e9letk\u00e9ptelen k\u00f6z\u00f6ss\u00e9g, k\u00e9k f\u00e9nybe vegy\u00fcl\u0151 szir\u00e9n\u00e1ja, seg\u00edts\u00e9g ut\u00e1ni ki\u00e1lt\u00e1sa&#8230; Vegy\u00fck \u00e9szre a bels\u0151 f\u00e9nyt, emelj\u00fck ki magunkat a s\u00f6t\u00e9ts\u00e9g vil\u00e1g\u00e1b\u00f3l,... R\u00e9szletek\" \/>\n<meta property=\"og:url\" content=\"https:\/\/stuttgarti-katolikusok.de\/index.php\/sziv\/\" \/>\n<meta property=\"og:site_name\" content=\"Stuttgarti Katolikusok\" \/>\n<meta property=\"article:published_time\" content=\"2016-11-28T12:20:06+00:00\" \/>\n<meta property=\"article:modified_time\" content=\"2020-04-27T15:42:55+00:00\" \/>\n<meta name=\"author\" content=\"Tibor atya\" \/>\n<meta name=\"twitter:card\" content=\"summary_large_image\" \/>\n<meta name=\"twitter:label1\" content=\"Szerz\u0151:\" \/>\n\t<meta name=\"twitter:data1\" content=\"Tibor atya\" \/>\n\t<meta name=\"twitter:label2\" content=\"Becs\u00fclt olvas\u00e1si id\u0151\" \/>\n\t<meta name=\"twitter:data2\" content=\"3 perc\" \/>\n<script type=\"application\/ld+json\" class=\"yoast-schema-graph\">{\"@context\":\"https:\\\/\\\/schema.org\",\"@graph\":[{\"@type\":\"Article\",\"@id\":\"https:\\\/\\\/stuttgarti-katolikusok.de\\\/index.php\\\/sziv\\\/#article\",\"isPartOf\":{\"@id\":\"https:\\\/\\\/stuttgarti-katolikusok.de\\\/index.php\\\/sziv\\\/\"},\"author\":{\"name\":\"Tibor atya\",\"@id\":\"https:\\\/\\\/stuttgarti-katolikusok.de\\\/#\\\/schema\\\/person\\\/75908d6f8fdc03a57889d27209df7795\"},\"headline\":\"Schultheis \u00c9va: Sz\u00edv\",\"datePublished\":\"2016-11-28T12:20:06+00:00\",\"dateModified\":\"2020-04-27T15:42:55+00:00\",\"mainEntityOfPage\":{\"@id\":\"https:\\\/\\\/stuttgarti-katolikusok.de\\\/index.php\\\/sziv\\\/\"},\"wordCount\":613,\"articleSection\":[\"Olvas\u00f3ink \u00edrj\u00e1k\"],\"inLanguage\":\"hu\"},{\"@type\":\"WebPage\",\"@id\":\"https:\\\/\\\/stuttgarti-katolikusok.de\\\/index.php\\\/sziv\\\/\",\"url\":\"https:\\\/\\\/stuttgarti-katolikusok.de\\\/index.php\\\/sziv\\\/\",\"name\":\"Schultheis \u00c9va: Sz\u00edv - Stuttgarti Katolikusok\",\"isPartOf\":{\"@id\":\"https:\\\/\\\/stuttgarti-katolikusok.de\\\/#website\"},\"datePublished\":\"2016-11-28T12:20:06+00:00\",\"dateModified\":\"2020-04-27T15:42:55+00:00\",\"author\":{\"@id\":\"https:\\\/\\\/stuttgarti-katolikusok.de\\\/#\\\/schema\\\/person\\\/75908d6f8fdc03a57889d27209df7795\"},\"breadcrumb\":{\"@id\":\"https:\\\/\\\/stuttgarti-katolikusok.de\\\/index.php\\\/sziv\\\/#breadcrumb\"},\"inLanguage\":\"hu\",\"potentialAction\":[{\"@type\":\"ReadAction\",\"target\":[\"https:\\\/\\\/stuttgarti-katolikusok.de\\\/index.php\\\/sziv\\\/\"]}]},{\"@type\":\"BreadcrumbList\",\"@id\":\"https:\\\/\\\/stuttgarti-katolikusok.de\\\/index.php\\\/sziv\\\/#breadcrumb\",\"itemListElement\":[{\"@type\":\"ListItem\",\"position\":1,\"name\":\"Kezd\u0151lap\",\"item\":\"https:\\\/\\\/stuttgarti-katolikusok.de\\\/\"},{\"@type\":\"ListItem\",\"position\":2,\"name\":\"Schultheis \u00c9va: Sz\u00edv\"}]},{\"@type\":\"WebSite\",\"@id\":\"https:\\\/\\\/stuttgarti-katolikusok.de\\\/#website\",\"url\":\"https:\\\/\\\/stuttgarti-katolikusok.de\\\/\",\"name\":\"Stuttgarti Katolikusok\",\"description\":\"\",\"potentialAction\":[{\"@type\":\"SearchAction\",\"target\":{\"@type\":\"EntryPoint\",\"urlTemplate\":\"https:\\\/\\\/stuttgarti-katolikusok.de\\\/?s={search_term_string}\"},\"query-input\":{\"@type\":\"PropertyValueSpecification\",\"valueRequired\":true,\"valueName\":\"search_term_string\"}}],\"inLanguage\":\"hu\"},{\"@type\":\"Person\",\"@id\":\"https:\\\/\\\/stuttgarti-katolikusok.de\\\/#\\\/schema\\\/person\\\/75908d6f8fdc03a57889d27209df7795\",\"name\":\"Tibor atya\",\"image\":{\"@type\":\"ImageObject\",\"inLanguage\":\"hu\",\"@id\":\"https:\\\/\\\/secure.gravatar.com\\\/avatar\\\/61d268e57d1f4525b111222e29d2d5a7f8c420fdbf231ba5566a8ceac74fa960?s=96&d=mm&r=g\",\"url\":\"https:\\\/\\\/secure.gravatar.com\\\/avatar\\\/61d268e57d1f4525b111222e29d2d5a7f8c420fdbf231ba5566a8ceac74fa960?s=96&d=mm&r=g\",\"contentUrl\":\"https:\\\/\\\/secure.gravatar.com\\\/avatar\\\/61d268e57d1f4525b111222e29d2d5a7f8c420fdbf231ba5566a8ceac74fa960?s=96&d=mm&r=g\",\"caption\":\"Tibor atya\"},\"url\":\"https:\\\/\\\/stuttgarti-katolikusok.de\\\/index.php\\\/author\\\/tibor-atya\\\/\"}]}<\/script>\n<!-- \/ Yoast SEO plugin. -->","yoast_head_json":{"title":"Schultheis \u00c9va: Sz\u00edv - Stuttgarti Katolikusok","robots":{"index":"index","follow":"follow","max-snippet":"max-snippet:-1","max-image-preview":"max-image-preview:large","max-video-preview":"max-video-preview:-1"},"canonical":"https:\/\/stuttgarti-katolikusok.de\/index.php\/sziv\/","og_locale":"hu_HU","og_type":"article","og_title":"Schultheis \u00c9va: Sz\u00edv - Stuttgarti Katolikusok","og_description":"Sz\u00edv -Emelj\u00fck f\u00f6l sz\u00edv\u00fcnket! -F\u00f6lemelt\u00fck az \u00darhoz! Az egyetemes liturgia e sokat ism\u00e9telt, n\u00e9ha m\u00e1r \u00e1t sem gondolt, pap \u00e9s h\u00edvek \u00e1ltal t\u00f6rt\u00e9n\u0151 dial\u00f3gus\u00e1ban\u00a0megfogalmaz\u00f3dik\u00a0egy sz\u00e1nd\u00e9k, amely, ha val\u00f3s\u00e1gg\u00e1 \u00e9rne, val\u00f3ban az egekig r\u00f6p\u00edthetn\u00e9 a vil\u00e1got. Egy kijelent\u00e9s, amely m\u00e9lys\u00e9gb\u0151l t\u00e1pl\u00e1lkozik, hiszen ezt az \u00edg\u00e9retet k\u00f6zvetlen m\u00f3don maga az \u00dar k\u00e9rhetn\u00e9 t\u0151l\u00fcnk sz\u00e1mon &#8230; joggal k\u00e9rhetn\u00e9&#8230; Advent els\u0151 h\u00e9tf\u0151je fagyos t\u00e1jba pillant. Megn\u00e9zi mag\u00e1t a f\u00e9ny t\u00fckr\u00e9ben. A k\u00f6d\u00f6s \u0151szi sz\u00fcrk\u00e9t v\u00e9gre felv\u00e1ltja egy bels\u0151 ragyog\u00e1s. L\u00e1tsz\u00f3lag minden a legnagyobb rendben, mintha t\u00f6k\u00e9letes csendben \u00e9s szeretetben k\u00e9sz\u00fcl\u0151dne a vil\u00e1g. L\u00e1tsz\u00f3lag csillog\u00f3 f\u00e9ny\u0171 d\u00e9rrel hintett a p\u00e1zsit, csillog\u00f3 f\u00e9ny\u0171\u00a0h\u00e1ztet\u0151k\u00a0alatt csillog\u00f3 f\u00e9ny\u0171 lelkek gy\u0151zik le a h\u00e9tk\u00f6znapok \u00e1lnok tr\u00fckkjeit, l\u00e1tsz\u00f3lag nincs mag\u00e1ny, nincs\u00a0szeretetlens\u00e9g, h\u00e1bor\u00fa, elidegened\u00e9s, t\u00e9kozl\u00e1s, gy\u0171l\u00f6let. L\u00e1tsz\u00f3lag minden csupa sz\u00edv. L\u00e1tsz\u00f3lag. Mert minden\u00a0l\u00e1tsz\u00f3lagoss\u00e1g\u00a0m\u00f6g\u00f6tt ott h\u00faz\u00f3dik valami ki nem mondott, v\u00e1rakoz\u00e1sba vegy\u00fcl\u0151, ideges f\u00e9lelem, agg\u00f3d\u00e1s. Mert b\u00e1r igen, akarjuk a j\u00f3t, a v\u00e1gyakoz\u00e1s szintj\u00e9n megtorpan\u00f3 \u00e9rzelem, nem el\u00e9g ahhoz, hogy megteremje mag\u00e1ban a v\u00e1ltoz\u00e1s\u00a0l\u00e1nglelk\u0171\u00a0val\u00f3s\u00e1g\u00e1t. Mert a vil\u00e1g, amelyr\u0151l mindig is azt hitt\u00fck,\u00a0l\u00e9t\u00e9be\u00a0pillantva meg\u00e9rthetj\u00fck, sz\u00e9tsz\u00f3rta mag\u00e1b\u00f3l a lelk\u00e9t. A vil\u00e1g amelyr\u0151l azt hitt\u00fck, fel\u00e9nk is fordul, t\u00e1volod\u00f3ban van. A vil\u00e1g, amelyr\u0151l \u00fagy hitt\u00fck, kiny\u00fajtja \u00e9rt\u00fcnk a kez\u00e9t, leeresztett karokkal \u00e1ll, tan\u00e1cstalanabb mint\u00a0j\u00f3magunk, nem \u00e9rti, mit v\u00e1runk t\u0151le. A vil\u00e1g, amelyr\u0151l elhitt\u00fck, n\u00e9hanapj\u00e1n r\u00e1nk emeli tekintet\u00e9t, elfordul, hogy ne kelljen t\u00f6bb\u00e9 a szem\u00e9be n\u00e9zn\u00fcnk. Mert a vil\u00e1g mi magunk vagyunk. A l\u00e1tsz\u00f3lagos csillog\u00e1s \u00e9s\u00a0magamutogat\u00e1s\u00a0m\u00f6g\u00fcl elfogyott a l\u00e9lek. A vil\u00e1g vil\u00e1goss\u00e1g helyett s\u00f6t\u00e9ts\u00e9get lopott a sz\u00edvek hely\u00e9re. Mintha elt\u0171nt volna a gondolatok m\u00f6g\u00fcl, m\u00e1r sajn\u00e1lkozni sem k\u00e9pes, r\u00e9szv\u00e9tet nem \u00e9rez, elszeg\u0151d\u00f6tt igaz cselekedetek mell\u0151l. A sz\u00edv, amelyr\u0151l mindig is azt hitt\u00fck itt van benn\u00fcnk, mintha m\u00e1r nem is l\u00e9tezne. Tal\u00e1n ez\u00e9rt a sok f\u00e9nyl\u0151\u00a0\u00e1ld\u00edsz,\u00a0vil\u00e1g\u00edt\u00f3eszk\u00f6z, kacif\u00e1nt,\u00a0csodav\u00e1r\u00f3\u00a0kirakat, zsibv\u00e1s\u00e1ros hangulat. Nem m\u00e1s ez mint v\u00e9szjel, egy, a maga m\u00f3dj\u00e1n, \u00e9letk\u00e9ptelen k\u00f6z\u00f6ss\u00e9g, k\u00e9k f\u00e9nybe vegy\u00fcl\u0151 szir\u00e9n\u00e1ja, seg\u00edts\u00e9g ut\u00e1ni ki\u00e1lt\u00e1sa&#8230; Vegy\u00fck \u00e9szre a bels\u0151 f\u00e9nyt, emelj\u00fck ki magunkat a s\u00f6t\u00e9ts\u00e9g vil\u00e1g\u00e1b\u00f3l,... R\u00e9szletek","og_url":"https:\/\/stuttgarti-katolikusok.de\/index.php\/sziv\/","og_site_name":"Stuttgarti Katolikusok","article_published_time":"2016-11-28T12:20:06+00:00","article_modified_time":"2020-04-27T15:42:55+00:00","author":"Tibor atya","twitter_card":"summary_large_image","twitter_misc":{"Szerz\u0151:":"Tibor atya","Becs\u00fclt olvas\u00e1si id\u0151":"3 perc"},"schema":{"@context":"https:\/\/schema.org","@graph":[{"@type":"Article","@id":"https:\/\/stuttgarti-katolikusok.de\/index.php\/sziv\/#article","isPartOf":{"@id":"https:\/\/stuttgarti-katolikusok.de\/index.php\/sziv\/"},"author":{"name":"Tibor atya","@id":"https:\/\/stuttgarti-katolikusok.de\/#\/schema\/person\/75908d6f8fdc03a57889d27209df7795"},"headline":"Schultheis \u00c9va: Sz\u00edv","datePublished":"2016-11-28T12:20:06+00:00","dateModified":"2020-04-27T15:42:55+00:00","mainEntityOfPage":{"@id":"https:\/\/stuttgarti-katolikusok.de\/index.php\/sziv\/"},"wordCount":613,"articleSection":["Olvas\u00f3ink \u00edrj\u00e1k"],"inLanguage":"hu"},{"@type":"WebPage","@id":"https:\/\/stuttgarti-katolikusok.de\/index.php\/sziv\/","url":"https:\/\/stuttgarti-katolikusok.de\/index.php\/sziv\/","name":"Schultheis \u00c9va: Sz\u00edv - Stuttgarti Katolikusok","isPartOf":{"@id":"https:\/\/stuttgarti-katolikusok.de\/#website"},"datePublished":"2016-11-28T12:20:06+00:00","dateModified":"2020-04-27T15:42:55+00:00","author":{"@id":"https:\/\/stuttgarti-katolikusok.de\/#\/schema\/person\/75908d6f8fdc03a57889d27209df7795"},"breadcrumb":{"@id":"https:\/\/stuttgarti-katolikusok.de\/index.php\/sziv\/#breadcrumb"},"inLanguage":"hu","potentialAction":[{"@type":"ReadAction","target":["https:\/\/stuttgarti-katolikusok.de\/index.php\/sziv\/"]}]},{"@type":"BreadcrumbList","@id":"https:\/\/stuttgarti-katolikusok.de\/index.php\/sziv\/#breadcrumb","itemListElement":[{"@type":"ListItem","position":1,"name":"Kezd\u0151lap","item":"https:\/\/stuttgarti-katolikusok.de\/"},{"@type":"ListItem","position":2,"name":"Schultheis \u00c9va: Sz\u00edv"}]},{"@type":"WebSite","@id":"https:\/\/stuttgarti-katolikusok.de\/#website","url":"https:\/\/stuttgarti-katolikusok.de\/","name":"Stuttgarti Katolikusok","description":"","potentialAction":[{"@type":"SearchAction","target":{"@type":"EntryPoint","urlTemplate":"https:\/\/stuttgarti-katolikusok.de\/?s={search_term_string}"},"query-input":{"@type":"PropertyValueSpecification","valueRequired":true,"valueName":"search_term_string"}}],"inLanguage":"hu"},{"@type":"Person","@id":"https:\/\/stuttgarti-katolikusok.de\/#\/schema\/person\/75908d6f8fdc03a57889d27209df7795","name":"Tibor atya","image":{"@type":"ImageObject","inLanguage":"hu","@id":"https:\/\/secure.gravatar.com\/avatar\/61d268e57d1f4525b111222e29d2d5a7f8c420fdbf231ba5566a8ceac74fa960?s=96&d=mm&r=g","url":"https:\/\/secure.gravatar.com\/avatar\/61d268e57d1f4525b111222e29d2d5a7f8c420fdbf231ba5566a8ceac74fa960?s=96&d=mm&r=g","contentUrl":"https:\/\/secure.gravatar.com\/avatar\/61d268e57d1f4525b111222e29d2d5a7f8c420fdbf231ba5566a8ceac74fa960?s=96&d=mm&r=g","caption":"Tibor atya"},"url":"https:\/\/stuttgarti-katolikusok.de\/index.php\/author\/tibor-atya\/"}]}},"_links":{"self":[{"href":"https:\/\/stuttgarti-katolikusok.de\/index.php\/wp-json\/wp\/v2\/posts\/10321","targetHints":{"allow":["GET"]}}],"collection":[{"href":"https:\/\/stuttgarti-katolikusok.de\/index.php\/wp-json\/wp\/v2\/posts"}],"about":[{"href":"https:\/\/stuttgarti-katolikusok.de\/index.php\/wp-json\/wp\/v2\/types\/post"}],"author":[{"embeddable":true,"href":"https:\/\/stuttgarti-katolikusok.de\/index.php\/wp-json\/wp\/v2\/users\/3"}],"replies":[{"embeddable":true,"href":"https:\/\/stuttgarti-katolikusok.de\/index.php\/wp-json\/wp\/v2\/comments?post=10321"}],"version-history":[{"count":5,"href":"https:\/\/stuttgarti-katolikusok.de\/index.php\/wp-json\/wp\/v2\/posts\/10321\/revisions"}],"predecessor-version":[{"id":10328,"href":"https:\/\/stuttgarti-katolikusok.de\/index.php\/wp-json\/wp\/v2\/posts\/10321\/revisions\/10328"}],"wp:attachment":[{"href":"https:\/\/stuttgarti-katolikusok.de\/index.php\/wp-json\/wp\/v2\/media?parent=10321"}],"wp:term":[{"taxonomy":"category","embeddable":true,"href":"https:\/\/stuttgarti-katolikusok.de\/index.php\/wp-json\/wp\/v2\/categories?post=10321"},{"taxonomy":"post_tag","embeddable":true,"href":"https:\/\/stuttgarti-katolikusok.de\/index.php\/wp-json\/wp\/v2\/tags?post=10321"}],"curies":[{"name":"wp","href":"https:\/\/api.w.org\/{rel}","templated":true}]}}