{"id":10317,"date":"2016-11-28T05:55:47","date_gmt":"2016-11-28T05:55:47","guid":{"rendered":"https:\/\/gracious-dewdney.138-201-221-2.plesk.page\/?p=10317"},"modified":"2016-11-28T05:55:47","modified_gmt":"2016-11-28T05:55:47","slug":"programelozetes-november-28-es-december-4-kozott","status":"publish","type":"post","link":"https:\/\/stuttgarti-katolikusok.de\/index.php\/programelozetes-november-28-es-december-4-kozott\/","title":{"rendered":"Programel\u0151zetes november 28 \u00e9s december 4 k\u00f6z\u00f6tt"},"content":{"rendered":"<p><strong>Programel\u0151zetes<\/strong><\/p>\n<p><strong>\u00a0<\/strong><\/p>\n<p><strong>\u00a0<\/strong><\/p>\n<p><strong>November 30-\u00e1n, <\/strong>szerd\u00e1n 19.00 \u00f3rakor, <em>Szent M\u00e1rton \u00c9v\u00e9nek<\/em> lez\u00e1r\u00e1sak\u00e9nt, az <strong>ERAK<\/strong> is megeml\u00e9kezik r\u00f3la. El\u0151ad\u00f3: <em>Imre atya.<\/em> Az el\u0151ad\u00e1s c\u00edme: <em>Egy eur\u00f3pai l\u00e9pt\u00e9k\u0171 szent \u2013 M\u00e1rton. <\/em><\/p>\n<p>*<\/p>\n<p><strong>December 1-j\u00e9n, <\/strong>cs\u00fct\u00f6rt\u00f6k\u00f6n, <strong>Ulmban <\/strong>17.30 \u00f3rakor <em>szentmise<\/em>. El\u0151tte gy\u00f3n\u00e1si lehet\u0151s\u00e9g, ut\u00e1na <em>Besz\u00e9lget\u00e9sek a Bibli\u00e1r\u00f3l. <\/em><\/p>\n<p>*<\/p>\n<p><strong>December 2-\u00e1n, <\/strong>p\u00e9nteken, <strong>Stuttgartban<\/strong> reggel 8 \u00f3rakor <em>ror\u00e1t\u00e9-szentmise<\/em>. Ut\u00e1na <em>k\u00f6z\u00f6s reggeli<\/em> a Pl\u00e9b\u00e1ni\u00e1n.<\/p>\n<p>15.30 \u00f3rakor <em>Bar\u00e1ts\u00e1gklub<\/em>.<strong>\u00a0 <\/strong>Minden kellemes t\u00e1rsas\u00e1gra v\u00e1gy\u00f3 \u00e9rdekl\u0151d\u0151t szeretettel v\u00e1r a Tags\u00e1g!<\/p>\n<p>&nbsp;<\/p>\n<p><strong>Weingartenben <\/strong>18.00 \u00f3rakor <em>szentmise<\/em> a St.Marien-templomban. El\u0151tte gy\u00f3ntat\u00e1s, ut\u00e1na <em>Besz\u00e9lget\u00e9sek a Bibli\u00e1r\u00f3l.<\/em><\/p>\n<p>*<\/p>\n<p><strong>December 3-\u00e1n<\/strong>, szombaton, <strong>Weingartenben<\/strong> reggel 6.30 \u00f3rakor <em>ror\u00e1t\u00e9-szentmise<\/em> a 14 Nothelfer-Kapelle-ban. Hozzunk gyerty\u00e1t magunkkal!<\/p>\n<p>*<\/p>\n<p>17.00 \u00f3rakor <strong>Balingenben<\/strong> <em>szentmise<\/em>. El\u0151tte gy\u00f3ntat\u00e1s, ut\u00e1na <em>\u00e1g\u00e1p\u00e9<\/em>.<\/p>\n<p>*<\/p>\n<p><strong>December 4-\u00e9n, <\/strong>vas\u00e1rnap, 9.00 \u00f3rakor <strong>Munderkingenben <\/strong>\u00a0<em>szentmise<\/em>. El\u0151tte gy\u00f3ntat\u00e1s.<\/p>\n<p>&nbsp;<\/p>\n<p>9.30 \u00f3rakor <strong>Schw<\/strong><strong>\u00e4bisch-Gm\u00fcndben <\/strong><em>szentmise<\/em>. Ut\u00e1na <em>\u00e1g\u00e1p\u00e9<\/em>.<\/p>\n<p>&nbsp;<\/p>\n<p>15.00 \u00f3rakor <strong>Stuttgartban <\/strong><em>szentmise<\/em>. Ut\u00e1na <em>Cserk\u00e9sz-Advent<\/em>: \u00a0Cserk\u00e9szeink kar\u00e1csonyi m\u0171sora. Majd <em>Mikul\u00e1s-j\u00e1r\u00e1s! <\/em>Az \u00a0<em>\u00e1g\u00e1p\u00e9<\/em> ez\u00fattal, a n\u00e9met egyh\u00e1zk\u00f6zs\u00e9g adventi programja miatt, elmarad!<\/p>\n<p>&nbsp;<\/p>\n<p>&nbsp;<\/p>\n<p>Minden helyen mindenkit szeretettel v\u00e1r a k\u00f6z\u00f6ss\u00e9g, Imre atya \u00e9s Tibor atya!<\/p>\n<p>&nbsp;<\/p>\n<p><strong><em>\u00a0<\/em><\/strong><\/p>\n<p><em>\u201eAz az\u00a0 ember, aki nem teszi meg azt, amire pedig k\u00e9pes lenne, \u00e9s csak csod\u00e1ra v\u00e1r fel\u00fclr\u0151l, az k\u00eds\u00e9rti az Istent. Azt viszont, aki minden t\u0151le telhet\u0151t megtesz, megseg\u00edti az Isten.\u201d <\/em><strong>(Aquin\u00f3i Szent Tam\u00e1s \u2013 1225-1274 \u2013 teol\u00f3gus).<\/strong><\/p>\n<p><strong>\u00a0<\/strong><\/p>\n<p><strong><em>Sz\u00e9p napokat, j\u00f3 munk\u00e1t, tartalmas besz\u00e9lget\u00e9seket \u00e9s kellemes tal\u00e1lkoz\u00e1sokat k\u00edv\u00e1nunk minden Kedves H\u00edv\u00fcnknek!<\/em><\/strong><\/p>\n<p><strong>\u00a0<\/strong><\/p>\n","protected":false},"excerpt":{"rendered":"<p>Programel\u0151zetes \u00a0 \u00a0 November 30-\u00e1n, szerd\u00e1n 19.00 \u00f3rakor, Szent M\u00e1rton \u00c9v\u00e9nek lez\u00e1r\u00e1sak\u00e9nt, az ERAK is megeml\u00e9kezik r\u00f3la. El\u0151ad\u00f3: Imre atya. Az el\u0151ad\u00e1s c\u00edme: Egy eur\u00f3pai l\u00e9pt\u00e9k\u0171 szent \u2013 M\u00e1rton. * December 1-j\u00e9n, cs\u00fct\u00f6rt\u00f6k\u00f6n, Ulmban 17.30 \u00f3rakor szentmise. El\u0151tte gy\u00f3n\u00e1si lehet\u0151s\u00e9g, ut\u00e1na Besz\u00e9lget\u00e9sek a Bibli\u00e1r\u00f3l. * December 2-\u00e1n, p\u00e9nteken, Stuttgartban reggel 8 \u00f3rakor ror\u00e1t\u00e9-szentmise. Ut\u00e1na k\u00f6z\u00f6s reggeli a Pl\u00e9b\u00e1ni\u00e1n. 15.30 \u00f3rakor Bar\u00e1ts\u00e1gklub.\u00a0 Minden kellemes t\u00e1rsas\u00e1gra v\u00e1gy\u00f3 \u00e9rdekl\u0151d\u0151t szeretettel v\u00e1r a Tags\u00e1g! &nbsp; Weingartenben 18.00 \u00f3rakor szentmise a St.Marien-templomban. El\u0151tte gy\u00f3ntat\u00e1s, ut\u00e1na Besz\u00e9lget\u00e9sek a Bibli\u00e1r\u00f3l. * December 3-\u00e1n, szombaton, Weingartenben reggel 6.30 \u00f3rakor ror\u00e1t\u00e9-szentmise a 14 Nothelfer-Kapelle-ban. Hozzunk gyerty\u00e1t magunkkal! * 17.00 \u00f3rakor Balingenben szentmise. El\u0151tte gy\u00f3ntat\u00e1s, ut\u00e1na \u00e1g\u00e1p\u00e9. * December 4-\u00e9n, vas\u00e1rnap, 9.00 \u00f3rakor Munderkingenben \u00a0szentmise. El\u0151tte gy\u00f3ntat\u00e1s. &nbsp; 9.30 \u00f3rakor Schw\u00e4bisch-Gm\u00fcndben szentmise. Ut\u00e1na \u00e1g\u00e1p\u00e9. &nbsp; 15.00 \u00f3rakor Stuttgartban szentmise. Ut\u00e1na Cserk\u00e9sz-Advent: \u00a0Cserk\u00e9szeink kar\u00e1csonyi m\u0171sora. Majd Mikul\u00e1s-j\u00e1r\u00e1s! Az \u00a0\u00e1g\u00e1p\u00e9 ez\u00fattal, a n\u00e9met egyh\u00e1zk\u00f6zs\u00e9g adventi programja miatt, elmarad! &nbsp; &nbsp; Minden helyen mindenkit szeretettel v\u00e1r a k\u00f6z\u00f6ss\u00e9g, Imre atya \u00e9s Tibor atya! &nbsp; \u00a0 \u201eAz az\u00a0 ember, aki nem teszi meg azt, amire pedig k\u00e9pes lenne, \u00e9s csak csod\u00e1ra v\u00e1r fel\u00fclr\u0151l, az k\u00eds\u00e9rti az Istent. Azt viszont, aki minden t\u0151le telhet\u0151t megtesz, megseg\u00edti az Isten.\u201d (Aquin\u00f3i Szent Tam\u00e1s \u2013 1225-1274 \u2013 teol\u00f3gus). \u00a0 Sz\u00e9p napokat, j\u00f3 munk\u00e1t, tartalmas besz\u00e9lget\u00e9seket \u00e9s kellemes tal\u00e1lkoz\u00e1sokat k\u00edv\u00e1nunk minden Kedves H\u00edv\u00fcnknek! \u00a0<\/p>\n","protected":false},"author":3,"featured_media":10318,"comment_status":"closed","ping_status":"closed","sticky":false,"template":"","format":"standard","meta":{"footnotes":""},"categories":[37],"tags":[],"class_list":["post-10317","post","type-post","status-publish","format-standard","has-post-thumbnail","hentry","category-progamelozetes"],"yoast_head":"<!-- This site is optimized with the Yoast SEO plugin v27.3 - https:\/\/yoast.com\/product\/yoast-seo-wordpress\/ -->\n<title>Programel\u0151zetes november 28 \u00e9s december 4 k\u00f6z\u00f6tt - Stuttgarti Katolikusok<\/title>\n<meta name=\"robots\" content=\"index, follow, max-snippet:-1, max-image-preview:large, max-video-preview:-1\" \/>\n<link rel=\"canonical\" href=\"https:\/\/stuttgarti-katolikusok.de\/index.php\/programelozetes-november-28-es-december-4-kozott\/\" \/>\n<meta property=\"og:locale\" content=\"hu_HU\" \/>\n<meta property=\"og:type\" content=\"article\" \/>\n<meta property=\"og:title\" content=\"Programel\u0151zetes november 28 \u00e9s december 4 k\u00f6z\u00f6tt - Stuttgarti Katolikusok\" \/>\n<meta property=\"og:description\" content=\"Programel\u0151zetes \u00a0 \u00a0 November 30-\u00e1n, szerd\u00e1n 19.00 \u00f3rakor, Szent M\u00e1rton \u00c9v\u00e9nek lez\u00e1r\u00e1sak\u00e9nt, az ERAK is megeml\u00e9kezik r\u00f3la. El\u0151ad\u00f3: Imre atya. Az el\u0151ad\u00e1s c\u00edme: Egy eur\u00f3pai l\u00e9pt\u00e9k\u0171 szent \u2013 M\u00e1rton. * December 1-j\u00e9n, cs\u00fct\u00f6rt\u00f6k\u00f6n, Ulmban 17.30 \u00f3rakor szentmise. El\u0151tte gy\u00f3n\u00e1si lehet\u0151s\u00e9g, ut\u00e1na Besz\u00e9lget\u00e9sek a Bibli\u00e1r\u00f3l. * December 2-\u00e1n, p\u00e9nteken, Stuttgartban reggel 8 \u00f3rakor ror\u00e1t\u00e9-szentmise. Ut\u00e1na k\u00f6z\u00f6s reggeli a Pl\u00e9b\u00e1ni\u00e1n. 15.30 \u00f3rakor Bar\u00e1ts\u00e1gklub.\u00a0 Minden kellemes t\u00e1rsas\u00e1gra v\u00e1gy\u00f3 \u00e9rdekl\u0151d\u0151t szeretettel v\u00e1r a Tags\u00e1g! &nbsp; Weingartenben 18.00 \u00f3rakor szentmise a St.Marien-templomban. El\u0151tte gy\u00f3ntat\u00e1s, ut\u00e1na Besz\u00e9lget\u00e9sek a Bibli\u00e1r\u00f3l. * December 3-\u00e1n, szombaton, Weingartenben reggel 6.30 \u00f3rakor ror\u00e1t\u00e9-szentmise a 14 Nothelfer-Kapelle-ban. Hozzunk gyerty\u00e1t magunkkal! * 17.00 \u00f3rakor Balingenben szentmise. El\u0151tte gy\u00f3ntat\u00e1s, ut\u00e1na \u00e1g\u00e1p\u00e9. * December 4-\u00e9n, vas\u00e1rnap, 9.00 \u00f3rakor Munderkingenben \u00a0szentmise. El\u0151tte gy\u00f3ntat\u00e1s. &nbsp; 9.30 \u00f3rakor Schw\u00e4bisch-Gm\u00fcndben szentmise. Ut\u00e1na \u00e1g\u00e1p\u00e9. &nbsp; 15.00 \u00f3rakor Stuttgartban szentmise. Ut\u00e1na Cserk\u00e9sz-Advent: \u00a0Cserk\u00e9szeink kar\u00e1csonyi m\u0171sora. Majd Mikul\u00e1s-j\u00e1r\u00e1s! Az \u00a0\u00e1g\u00e1p\u00e9 ez\u00fattal, a n\u00e9met egyh\u00e1zk\u00f6zs\u00e9g adventi programja miatt, elmarad! &nbsp; &nbsp; Minden helyen mindenkit szeretettel v\u00e1r a k\u00f6z\u00f6ss\u00e9g, Imre atya \u00e9s Tibor atya! &nbsp; \u00a0 \u201eAz az\u00a0 ember, aki nem teszi meg azt, amire pedig k\u00e9pes lenne, \u00e9s csak csod\u00e1ra v\u00e1r fel\u00fclr\u0151l, az k\u00eds\u00e9rti az Istent. Azt viszont, aki minden t\u0151le telhet\u0151t megtesz, megseg\u00edti az Isten.\u201d (Aquin\u00f3i Szent Tam\u00e1s \u2013 1225-1274 \u2013 teol\u00f3gus). \u00a0 Sz\u00e9p napokat, j\u00f3 munk\u00e1t, tartalmas besz\u00e9lget\u00e9seket \u00e9s kellemes tal\u00e1lkoz\u00e1sokat k\u00edv\u00e1nunk minden Kedves H\u00edv\u00fcnknek! \u00a0\" \/>\n<meta property=\"og:url\" content=\"https:\/\/stuttgarti-katolikusok.de\/index.php\/programelozetes-november-28-es-december-4-kozott\/\" \/>\n<meta property=\"og:site_name\" content=\"Stuttgarti Katolikusok\" \/>\n<meta property=\"article:published_time\" content=\"2016-11-28T05:55:47+00:00\" \/>\n<meta property=\"og:image\" content=\"https:\/\/stuttgarti-katolikusok.de\/wp-content\/uploads\/2016\/11\/segits-magadon-es-isten-is-megsegit.jpg\" \/>\n\t<meta property=\"og:image:width\" content=\"371\" \/>\n\t<meta property=\"og:image:height\" content=\"460\" \/>\n\t<meta property=\"og:image:type\" content=\"image\/jpeg\" \/>\n<meta name=\"author\" content=\"Tibor atya\" \/>\n<meta name=\"twitter:card\" content=\"summary_large_image\" \/>\n<meta name=\"twitter:label1\" content=\"Szerz\u0151:\" \/>\n\t<meta name=\"twitter:data1\" content=\"Tibor atya\" \/>\n\t<meta name=\"twitter:label2\" content=\"Becs\u00fclt olvas\u00e1si id\u0151\" \/>\n\t<meta name=\"twitter:data2\" content=\"2 perc\" \/>\n<script type=\"application\/ld+json\" class=\"yoast-schema-graph\">{\"@context\":\"https:\\\/\\\/schema.org\",\"@graph\":[{\"@type\":\"Article\",\"@id\":\"https:\\\/\\\/stuttgarti-katolikusok.de\\\/index.php\\\/programelozetes-november-28-es-december-4-kozott\\\/#article\",\"isPartOf\":{\"@id\":\"https:\\\/\\\/stuttgarti-katolikusok.de\\\/index.php\\\/programelozetes-november-28-es-december-4-kozott\\\/\"},\"author\":{\"name\":\"Tibor atya\",\"@id\":\"https:\\\/\\\/stuttgarti-katolikusok.de\\\/#\\\/schema\\\/person\\\/75908d6f8fdc03a57889d27209df7795\"},\"headline\":\"Programel\u0151zetes november 28 \u00e9s december 4 k\u00f6z\u00f6tt\",\"datePublished\":\"2016-11-28T05:55:47+00:00\",\"mainEntityOfPage\":{\"@id\":\"https:\\\/\\\/stuttgarti-katolikusok.de\\\/index.php\\\/programelozetes-november-28-es-december-4-kozott\\\/\"},\"wordCount\":319,\"image\":{\"@id\":\"https:\\\/\\\/stuttgarti-katolikusok.de\\\/index.php\\\/programelozetes-november-28-es-december-4-kozott\\\/#primaryimage\"},\"thumbnailUrl\":\"https:\\\/\\\/stuttgarti-katolikusok.de\\\/wp-content\\\/uploads\\\/2016\\\/11\\\/segits-magadon-es-isten-is-megsegit.jpg\",\"articleSection\":[\"Progamel\u0151zetes\"],\"inLanguage\":\"hu\"},{\"@type\":\"WebPage\",\"@id\":\"https:\\\/\\\/stuttgarti-katolikusok.de\\\/index.php\\\/programelozetes-november-28-es-december-4-kozott\\\/\",\"url\":\"https:\\\/\\\/stuttgarti-katolikusok.de\\\/index.php\\\/programelozetes-november-28-es-december-4-kozott\\\/\",\"name\":\"Programel\u0151zetes november 28 \u00e9s december 4 k\u00f6z\u00f6tt - Stuttgarti Katolikusok\",\"isPartOf\":{\"@id\":\"https:\\\/\\\/stuttgarti-katolikusok.de\\\/#website\"},\"primaryImageOfPage\":{\"@id\":\"https:\\\/\\\/stuttgarti-katolikusok.de\\\/index.php\\\/programelozetes-november-28-es-december-4-kozott\\\/#primaryimage\"},\"image\":{\"@id\":\"https:\\\/\\\/stuttgarti-katolikusok.de\\\/index.php\\\/programelozetes-november-28-es-december-4-kozott\\\/#primaryimage\"},\"thumbnailUrl\":\"https:\\\/\\\/stuttgarti-katolikusok.de\\\/wp-content\\\/uploads\\\/2016\\\/11\\\/segits-magadon-es-isten-is-megsegit.jpg\",\"datePublished\":\"2016-11-28T05:55:47+00:00\",\"author\":{\"@id\":\"https:\\\/\\\/stuttgarti-katolikusok.de\\\/#\\\/schema\\\/person\\\/75908d6f8fdc03a57889d27209df7795\"},\"breadcrumb\":{\"@id\":\"https:\\\/\\\/stuttgarti-katolikusok.de\\\/index.php\\\/programelozetes-november-28-es-december-4-kozott\\\/#breadcrumb\"},\"inLanguage\":\"hu\",\"potentialAction\":[{\"@type\":\"ReadAction\",\"target\":[\"https:\\\/\\\/stuttgarti-katolikusok.de\\\/index.php\\\/programelozetes-november-28-es-december-4-kozott\\\/\"]}]},{\"@type\":\"ImageObject\",\"inLanguage\":\"hu\",\"@id\":\"https:\\\/\\\/stuttgarti-katolikusok.de\\\/index.php\\\/programelozetes-november-28-es-december-4-kozott\\\/#primaryimage\",\"url\":\"https:\\\/\\\/stuttgarti-katolikusok.de\\\/wp-content\\\/uploads\\\/2016\\\/11\\\/segits-magadon-es-isten-is-megsegit.jpg\",\"contentUrl\":\"https:\\\/\\\/stuttgarti-katolikusok.de\\\/wp-content\\\/uploads\\\/2016\\\/11\\\/segits-magadon-es-isten-is-megsegit.jpg\",\"width\":371,\"height\":460},{\"@type\":\"BreadcrumbList\",\"@id\":\"https:\\\/\\\/stuttgarti-katolikusok.de\\\/index.php\\\/programelozetes-november-28-es-december-4-kozott\\\/#breadcrumb\",\"itemListElement\":[{\"@type\":\"ListItem\",\"position\":1,\"name\":\"Kezd\u0151lap\",\"item\":\"https:\\\/\\\/stuttgarti-katolikusok.de\\\/\"},{\"@type\":\"ListItem\",\"position\":2,\"name\":\"Programel\u0151zetes november 28 \u00e9s december 4 k\u00f6z\u00f6tt\"}]},{\"@type\":\"WebSite\",\"@id\":\"https:\\\/\\\/stuttgarti-katolikusok.de\\\/#website\",\"url\":\"https:\\\/\\\/stuttgarti-katolikusok.de\\\/\",\"name\":\"Stuttgarti Katolikusok\",\"description\":\"\",\"potentialAction\":[{\"@type\":\"SearchAction\",\"target\":{\"@type\":\"EntryPoint\",\"urlTemplate\":\"https:\\\/\\\/stuttgarti-katolikusok.de\\\/?s={search_term_string}\"},\"query-input\":{\"@type\":\"PropertyValueSpecification\",\"valueRequired\":true,\"valueName\":\"search_term_string\"}}],\"inLanguage\":\"hu\"},{\"@type\":\"Person\",\"@id\":\"https:\\\/\\\/stuttgarti-katolikusok.de\\\/#\\\/schema\\\/person\\\/75908d6f8fdc03a57889d27209df7795\",\"name\":\"Tibor atya\",\"image\":{\"@type\":\"ImageObject\",\"inLanguage\":\"hu\",\"@id\":\"https:\\\/\\\/secure.gravatar.com\\\/avatar\\\/61d268e57d1f4525b111222e29d2d5a7f8c420fdbf231ba5566a8ceac74fa960?s=96&d=mm&r=g\",\"url\":\"https:\\\/\\\/secure.gravatar.com\\\/avatar\\\/61d268e57d1f4525b111222e29d2d5a7f8c420fdbf231ba5566a8ceac74fa960?s=96&d=mm&r=g\",\"contentUrl\":\"https:\\\/\\\/secure.gravatar.com\\\/avatar\\\/61d268e57d1f4525b111222e29d2d5a7f8c420fdbf231ba5566a8ceac74fa960?s=96&d=mm&r=g\",\"caption\":\"Tibor atya\"},\"url\":\"https:\\\/\\\/stuttgarti-katolikusok.de\\\/index.php\\\/author\\\/tibor-atya\\\/\"}]}<\/script>\n<!-- \/ Yoast SEO plugin. -->","yoast_head_json":{"title":"Programel\u0151zetes november 28 \u00e9s december 4 k\u00f6z\u00f6tt - Stuttgarti Katolikusok","robots":{"index":"index","follow":"follow","max-snippet":"max-snippet:-1","max-image-preview":"max-image-preview:large","max-video-preview":"max-video-preview:-1"},"canonical":"https:\/\/stuttgarti-katolikusok.de\/index.php\/programelozetes-november-28-es-december-4-kozott\/","og_locale":"hu_HU","og_type":"article","og_title":"Programel\u0151zetes november 28 \u00e9s december 4 k\u00f6z\u00f6tt - Stuttgarti Katolikusok","og_description":"Programel\u0151zetes \u00a0 \u00a0 November 30-\u00e1n, szerd\u00e1n 19.00 \u00f3rakor, Szent M\u00e1rton \u00c9v\u00e9nek lez\u00e1r\u00e1sak\u00e9nt, az ERAK is megeml\u00e9kezik r\u00f3la. El\u0151ad\u00f3: Imre atya. Az el\u0151ad\u00e1s c\u00edme: Egy eur\u00f3pai l\u00e9pt\u00e9k\u0171 szent \u2013 M\u00e1rton. * December 1-j\u00e9n, cs\u00fct\u00f6rt\u00f6k\u00f6n, Ulmban 17.30 \u00f3rakor szentmise. El\u0151tte gy\u00f3n\u00e1si lehet\u0151s\u00e9g, ut\u00e1na Besz\u00e9lget\u00e9sek a Bibli\u00e1r\u00f3l. * December 2-\u00e1n, p\u00e9nteken, Stuttgartban reggel 8 \u00f3rakor ror\u00e1t\u00e9-szentmise. Ut\u00e1na k\u00f6z\u00f6s reggeli a Pl\u00e9b\u00e1ni\u00e1n. 15.30 \u00f3rakor Bar\u00e1ts\u00e1gklub.\u00a0 Minden kellemes t\u00e1rsas\u00e1gra v\u00e1gy\u00f3 \u00e9rdekl\u0151d\u0151t szeretettel v\u00e1r a Tags\u00e1g! &nbsp; Weingartenben 18.00 \u00f3rakor szentmise a St.Marien-templomban. El\u0151tte gy\u00f3ntat\u00e1s, ut\u00e1na Besz\u00e9lget\u00e9sek a Bibli\u00e1r\u00f3l. * December 3-\u00e1n, szombaton, Weingartenben reggel 6.30 \u00f3rakor ror\u00e1t\u00e9-szentmise a 14 Nothelfer-Kapelle-ban. Hozzunk gyerty\u00e1t magunkkal! * 17.00 \u00f3rakor Balingenben szentmise. El\u0151tte gy\u00f3ntat\u00e1s, ut\u00e1na \u00e1g\u00e1p\u00e9. * December 4-\u00e9n, vas\u00e1rnap, 9.00 \u00f3rakor Munderkingenben \u00a0szentmise. El\u0151tte gy\u00f3ntat\u00e1s. &nbsp; 9.30 \u00f3rakor Schw\u00e4bisch-Gm\u00fcndben szentmise. Ut\u00e1na \u00e1g\u00e1p\u00e9. &nbsp; 15.00 \u00f3rakor Stuttgartban szentmise. Ut\u00e1na Cserk\u00e9sz-Advent: \u00a0Cserk\u00e9szeink kar\u00e1csonyi m\u0171sora. Majd Mikul\u00e1s-j\u00e1r\u00e1s! Az \u00a0\u00e1g\u00e1p\u00e9 ez\u00fattal, a n\u00e9met egyh\u00e1zk\u00f6zs\u00e9g adventi programja miatt, elmarad! &nbsp; &nbsp; Minden helyen mindenkit szeretettel v\u00e1r a k\u00f6z\u00f6ss\u00e9g, Imre atya \u00e9s Tibor atya! &nbsp; \u00a0 \u201eAz az\u00a0 ember, aki nem teszi meg azt, amire pedig k\u00e9pes lenne, \u00e9s csak csod\u00e1ra v\u00e1r fel\u00fclr\u0151l, az k\u00eds\u00e9rti az Istent. Azt viszont, aki minden t\u0151le telhet\u0151t megtesz, megseg\u00edti az Isten.\u201d (Aquin\u00f3i Szent Tam\u00e1s \u2013 1225-1274 \u2013 teol\u00f3gus). \u00a0 Sz\u00e9p napokat, j\u00f3 munk\u00e1t, tartalmas besz\u00e9lget\u00e9seket \u00e9s kellemes tal\u00e1lkoz\u00e1sokat k\u00edv\u00e1nunk minden Kedves H\u00edv\u00fcnknek! \u00a0","og_url":"https:\/\/stuttgarti-katolikusok.de\/index.php\/programelozetes-november-28-es-december-4-kozott\/","og_site_name":"Stuttgarti Katolikusok","article_published_time":"2016-11-28T05:55:47+00:00","og_image":[{"width":371,"height":460,"url":"https:\/\/stuttgarti-katolikusok.de\/wp-content\/uploads\/2016\/11\/segits-magadon-es-isten-is-megsegit.jpg","type":"image\/jpeg"}],"author":"Tibor atya","twitter_card":"summary_large_image","twitter_misc":{"Szerz\u0151:":"Tibor atya","Becs\u00fclt olvas\u00e1si id\u0151":"2 perc"},"schema":{"@context":"https:\/\/schema.org","@graph":[{"@type":"Article","@id":"https:\/\/stuttgarti-katolikusok.de\/index.php\/programelozetes-november-28-es-december-4-kozott\/#article","isPartOf":{"@id":"https:\/\/stuttgarti-katolikusok.de\/index.php\/programelozetes-november-28-es-december-4-kozott\/"},"author":{"name":"Tibor atya","@id":"https:\/\/stuttgarti-katolikusok.de\/#\/schema\/person\/75908d6f8fdc03a57889d27209df7795"},"headline":"Programel\u0151zetes november 28 \u00e9s december 4 k\u00f6z\u00f6tt","datePublished":"2016-11-28T05:55:47+00:00","mainEntityOfPage":{"@id":"https:\/\/stuttgarti-katolikusok.de\/index.php\/programelozetes-november-28-es-december-4-kozott\/"},"wordCount":319,"image":{"@id":"https:\/\/stuttgarti-katolikusok.de\/index.php\/programelozetes-november-28-es-december-4-kozott\/#primaryimage"},"thumbnailUrl":"https:\/\/stuttgarti-katolikusok.de\/wp-content\/uploads\/2016\/11\/segits-magadon-es-isten-is-megsegit.jpg","articleSection":["Progamel\u0151zetes"],"inLanguage":"hu"},{"@type":"WebPage","@id":"https:\/\/stuttgarti-katolikusok.de\/index.php\/programelozetes-november-28-es-december-4-kozott\/","url":"https:\/\/stuttgarti-katolikusok.de\/index.php\/programelozetes-november-28-es-december-4-kozott\/","name":"Programel\u0151zetes november 28 \u00e9s december 4 k\u00f6z\u00f6tt - Stuttgarti Katolikusok","isPartOf":{"@id":"https:\/\/stuttgarti-katolikusok.de\/#website"},"primaryImageOfPage":{"@id":"https:\/\/stuttgarti-katolikusok.de\/index.php\/programelozetes-november-28-es-december-4-kozott\/#primaryimage"},"image":{"@id":"https:\/\/stuttgarti-katolikusok.de\/index.php\/programelozetes-november-28-es-december-4-kozott\/#primaryimage"},"thumbnailUrl":"https:\/\/stuttgarti-katolikusok.de\/wp-content\/uploads\/2016\/11\/segits-magadon-es-isten-is-megsegit.jpg","datePublished":"2016-11-28T05:55:47+00:00","author":{"@id":"https:\/\/stuttgarti-katolikusok.de\/#\/schema\/person\/75908d6f8fdc03a57889d27209df7795"},"breadcrumb":{"@id":"https:\/\/stuttgarti-katolikusok.de\/index.php\/programelozetes-november-28-es-december-4-kozott\/#breadcrumb"},"inLanguage":"hu","potentialAction":[{"@type":"ReadAction","target":["https:\/\/stuttgarti-katolikusok.de\/index.php\/programelozetes-november-28-es-december-4-kozott\/"]}]},{"@type":"ImageObject","inLanguage":"hu","@id":"https:\/\/stuttgarti-katolikusok.de\/index.php\/programelozetes-november-28-es-december-4-kozott\/#primaryimage","url":"https:\/\/stuttgarti-katolikusok.de\/wp-content\/uploads\/2016\/11\/segits-magadon-es-isten-is-megsegit.jpg","contentUrl":"https:\/\/stuttgarti-katolikusok.de\/wp-content\/uploads\/2016\/11\/segits-magadon-es-isten-is-megsegit.jpg","width":371,"height":460},{"@type":"BreadcrumbList","@id":"https:\/\/stuttgarti-katolikusok.de\/index.php\/programelozetes-november-28-es-december-4-kozott\/#breadcrumb","itemListElement":[{"@type":"ListItem","position":1,"name":"Kezd\u0151lap","item":"https:\/\/stuttgarti-katolikusok.de\/"},{"@type":"ListItem","position":2,"name":"Programel\u0151zetes november 28 \u00e9s december 4 k\u00f6z\u00f6tt"}]},{"@type":"WebSite","@id":"https:\/\/stuttgarti-katolikusok.de\/#website","url":"https:\/\/stuttgarti-katolikusok.de\/","name":"Stuttgarti Katolikusok","description":"","potentialAction":[{"@type":"SearchAction","target":{"@type":"EntryPoint","urlTemplate":"https:\/\/stuttgarti-katolikusok.de\/?s={search_term_string}"},"query-input":{"@type":"PropertyValueSpecification","valueRequired":true,"valueName":"search_term_string"}}],"inLanguage":"hu"},{"@type":"Person","@id":"https:\/\/stuttgarti-katolikusok.de\/#\/schema\/person\/75908d6f8fdc03a57889d27209df7795","name":"Tibor atya","image":{"@type":"ImageObject","inLanguage":"hu","@id":"https:\/\/secure.gravatar.com\/avatar\/61d268e57d1f4525b111222e29d2d5a7f8c420fdbf231ba5566a8ceac74fa960?s=96&d=mm&r=g","url":"https:\/\/secure.gravatar.com\/avatar\/61d268e57d1f4525b111222e29d2d5a7f8c420fdbf231ba5566a8ceac74fa960?s=96&d=mm&r=g","contentUrl":"https:\/\/secure.gravatar.com\/avatar\/61d268e57d1f4525b111222e29d2d5a7f8c420fdbf231ba5566a8ceac74fa960?s=96&d=mm&r=g","caption":"Tibor atya"},"url":"https:\/\/stuttgarti-katolikusok.de\/index.php\/author\/tibor-atya\/"}]}},"_links":{"self":[{"href":"https:\/\/stuttgarti-katolikusok.de\/index.php\/wp-json\/wp\/v2\/posts\/10317","targetHints":{"allow":["GET"]}}],"collection":[{"href":"https:\/\/stuttgarti-katolikusok.de\/index.php\/wp-json\/wp\/v2\/posts"}],"about":[{"href":"https:\/\/stuttgarti-katolikusok.de\/index.php\/wp-json\/wp\/v2\/types\/post"}],"author":[{"embeddable":true,"href":"https:\/\/stuttgarti-katolikusok.de\/index.php\/wp-json\/wp\/v2\/users\/3"}],"replies":[{"embeddable":true,"href":"https:\/\/stuttgarti-katolikusok.de\/index.php\/wp-json\/wp\/v2\/comments?post=10317"}],"version-history":[{"count":2,"href":"https:\/\/stuttgarti-katolikusok.de\/index.php\/wp-json\/wp\/v2\/posts\/10317\/revisions"}],"predecessor-version":[{"id":10320,"href":"https:\/\/stuttgarti-katolikusok.de\/index.php\/wp-json\/wp\/v2\/posts\/10317\/revisions\/10320"}],"wp:featuredmedia":[{"embeddable":true,"href":"https:\/\/stuttgarti-katolikusok.de\/index.php\/wp-json\/wp\/v2\/media\/10318"}],"wp:attachment":[{"href":"https:\/\/stuttgarti-katolikusok.de\/index.php\/wp-json\/wp\/v2\/media?parent=10317"}],"wp:term":[{"taxonomy":"category","embeddable":true,"href":"https:\/\/stuttgarti-katolikusok.de\/index.php\/wp-json\/wp\/v2\/categories?post=10317"},{"taxonomy":"post_tag","embeddable":true,"href":"https:\/\/stuttgarti-katolikusok.de\/index.php\/wp-json\/wp\/v2\/tags?post=10317"}],"curies":[{"name":"wp","href":"https:\/\/api.w.org\/{rel}","templated":true}]}}