{"id":10296,"date":"2016-11-24T14:18:25","date_gmt":"2016-11-24T14:18:25","guid":{"rendered":"https:\/\/gracious-dewdney.138-201-221-2.plesk.page\/?p=10296"},"modified":"2016-11-24T14:18:25","modified_gmt":"2016-11-24T14:18:25","slug":"reutlingen-arpadhazi-szent-erzsebet-bucsu","status":"publish","type":"post","link":"https:\/\/stuttgarti-katolikusok.de\/index.php\/reutlingen-arpadhazi-szent-erzsebet-bucsu\/","title":{"rendered":"Reutlingen &#8211; \u00c1rp\u00e1dh\u00e1zi Szent Erzs\u00e9bet b\u00facs\u00fa"},"content":{"rendered":"<p style=\"text-align: justify;\">MEGH\u00cdV\u00d3<\/p>\n<p style=\"text-align: justify;\">\nNovember 26-\u00e1n, szombaton, Reutlingenben templomb\u00facs\u00fa: \u00c1rp\u00e1dh\u00e1zi Szent Erzs\u00e9bet \u00fcnnepe.<br \/>\nA 16.30 \u00f3rakor kezd\u0151d\u0151 szentmis\u00e9n v\u00e9d\u0151szent\u00fcnkre tekint\u00fcnk, akit\u0151l szeretn\u00e9nk eltanulni a senkit sem kiz\u00e1r\u00f3 felebar\u00e1ti szeretet titk\u00e1t.<br \/>\nUgyanakkor az Irgalmass\u00e1g \u00c9ve l\u00e9v\u00e9n, tal\u00e1n utolj\u00e1ra, szeretn\u00e9nk megragadni az alkalmat arra, hogy kiengesztel\u0151dj\u00fcnk Istennel s egym\u00e1ssal, \u00e9s teljes b\u00facs\u00fat nyerj\u00fcnk magunk, illetve elhunyt szeretteink sz\u00e1m\u00e1ra.<br \/>\nA szentmise ut\u00e1n, term\u00e9szetesen egy k<span class=\"text_exposed_show\">ellemes, kedves \u00e1g\u00e1p\u00e9 illetve bar\u00e1ti egy\u00fcttl\u00e9t lesz, amelyre magunkkal hozottat sz\u00edvesen elfogadunk.<br \/>\nErre a nagy esem\u00e9nyre szeretettel h\u00edvja kedves bar\u00e1tait \u00e9s ismer\u0151seit<br \/>\n&#8211; a reutlingeni egyh\u00e1zk\u00f6zs\u00e9g nev\u00e9ben is \u2013<br \/>\nImre atya<\/span><\/p>\n","protected":false},"excerpt":{"rendered":"<p>MEGH\u00cdV\u00d3 November 26-\u00e1n, szombaton, Reutlingenben templomb\u00facs\u00fa: \u00c1rp\u00e1dh\u00e1zi Szent Erzs\u00e9bet \u00fcnnepe. A 16.30 \u00f3rakor kezd\u0151d\u0151 szentmis\u00e9n v\u00e9d\u0151szent\u00fcnkre tekint\u00fcnk, akit\u0151l szeretn\u00e9nk eltanulni a senkit sem kiz\u00e1r\u00f3 felebar\u00e1ti szeretet titk\u00e1t. Ugyanakkor az Irgalmass\u00e1g \u00c9ve l\u00e9v\u00e9n, tal\u00e1n utolj\u00e1ra, szeretn\u00e9nk megragadni az alkalmat arra, hogy kiengesztel\u0151dj\u00fcnk Istennel s egym\u00e1ssal, \u00e9s teljes b\u00facs\u00fat nyerj\u00fcnk magunk, illetve elhunyt szeretteink sz\u00e1m\u00e1ra. A szentmise ut\u00e1n, term\u00e9szetesen egy kellemes, kedves \u00e1g\u00e1p\u00e9 illetve bar\u00e1ti egy\u00fcttl\u00e9t lesz, amelyre magunkkal hozottat sz\u00edvesen elfogadunk. Erre a nagy esem\u00e9nyre szeretettel h\u00edvja kedves bar\u00e1tait \u00e9s ismer\u0151seit &#8211; a reutlingeni egyh\u00e1zk\u00f6zs\u00e9g nev\u00e9ben is \u2013 Imre atya<\/p>\n","protected":false},"author":3,"featured_media":10297,"comment_status":"closed","ping_status":"closed","sticky":false,"template":"","format":"standard","meta":{"footnotes":""},"categories":[5],"tags":[],"class_list":["post-10296","post","type-post","status-publish","format-standard","has-post-thumbnail","hentry","category-hirek"],"yoast_head":"<!-- This site is optimized with the Yoast SEO plugin v27.3 - https:\/\/yoast.com\/product\/yoast-seo-wordpress\/ -->\n<title>Reutlingen - \u00c1rp\u00e1dh\u00e1zi Szent Erzs\u00e9bet b\u00facs\u00fa - Stuttgarti Katolikusok<\/title>\n<meta name=\"robots\" content=\"index, follow, max-snippet:-1, max-image-preview:large, max-video-preview:-1\" \/>\n<link rel=\"canonical\" href=\"https:\/\/stuttgarti-katolikusok.de\/index.php\/reutlingen-arpadhazi-szent-erzsebet-bucsu\/\" \/>\n<meta property=\"og:locale\" content=\"hu_HU\" \/>\n<meta property=\"og:type\" content=\"article\" \/>\n<meta property=\"og:title\" content=\"Reutlingen - \u00c1rp\u00e1dh\u00e1zi Szent Erzs\u00e9bet b\u00facs\u00fa - Stuttgarti Katolikusok\" \/>\n<meta property=\"og:description\" content=\"MEGH\u00cdV\u00d3 November 26-\u00e1n, szombaton, Reutlingenben templomb\u00facs\u00fa: \u00c1rp\u00e1dh\u00e1zi Szent Erzs\u00e9bet \u00fcnnepe. A 16.30 \u00f3rakor kezd\u0151d\u0151 szentmis\u00e9n v\u00e9d\u0151szent\u00fcnkre tekint\u00fcnk, akit\u0151l szeretn\u00e9nk eltanulni a senkit sem kiz\u00e1r\u00f3 felebar\u00e1ti szeretet titk\u00e1t. Ugyanakkor az Irgalmass\u00e1g \u00c9ve l\u00e9v\u00e9n, tal\u00e1n utolj\u00e1ra, szeretn\u00e9nk megragadni az alkalmat arra, hogy kiengesztel\u0151dj\u00fcnk Istennel s egym\u00e1ssal, \u00e9s teljes b\u00facs\u00fat nyerj\u00fcnk magunk, illetve elhunyt szeretteink sz\u00e1m\u00e1ra. A szentmise ut\u00e1n, term\u00e9szetesen egy kellemes, kedves \u00e1g\u00e1p\u00e9 illetve bar\u00e1ti egy\u00fcttl\u00e9t lesz, amelyre magunkkal hozottat sz\u00edvesen elfogadunk. Erre a nagy esem\u00e9nyre szeretettel h\u00edvja kedves bar\u00e1tait \u00e9s ismer\u0151seit &#8211; a reutlingeni egyh\u00e1zk\u00f6zs\u00e9g nev\u00e9ben is \u2013 Imre atya\" \/>\n<meta property=\"og:url\" content=\"https:\/\/stuttgarti-katolikusok.de\/index.php\/reutlingen-arpadhazi-szent-erzsebet-bucsu\/\" \/>\n<meta property=\"og:site_name\" content=\"Stuttgarti Katolikusok\" \/>\n<meta property=\"article:published_time\" content=\"2016-11-24T14:18:25+00:00\" \/>\n<meta property=\"og:image\" content=\"https:\/\/stuttgarti-katolikusok.de\/wp-content\/uploads\/2016\/11\/szent-erzsebet.jpg\" \/>\n\t<meta property=\"og:image:width\" content=\"1280\" \/>\n\t<meta property=\"og:image:height\" content=\"720\" \/>\n\t<meta property=\"og:image:type\" content=\"image\/jpeg\" \/>\n<meta name=\"author\" content=\"Tibor atya\" \/>\n<meta name=\"twitter:card\" content=\"summary_large_image\" \/>\n<meta name=\"twitter:label1\" content=\"Szerz\u0151:\" \/>\n\t<meta name=\"twitter:data1\" content=\"Tibor atya\" \/>\n\t<meta name=\"twitter:label2\" content=\"Becs\u00fclt olvas\u00e1si id\u0151\" \/>\n\t<meta name=\"twitter:data2\" content=\"1 perc\" \/>\n<script type=\"application\/ld+json\" class=\"yoast-schema-graph\">{\"@context\":\"https:\\\/\\\/schema.org\",\"@graph\":[{\"@type\":\"Article\",\"@id\":\"https:\\\/\\\/stuttgarti-katolikusok.de\\\/index.php\\\/reutlingen-arpadhazi-szent-erzsebet-bucsu\\\/#article\",\"isPartOf\":{\"@id\":\"https:\\\/\\\/stuttgarti-katolikusok.de\\\/index.php\\\/reutlingen-arpadhazi-szent-erzsebet-bucsu\\\/\"},\"author\":{\"name\":\"Tibor atya\",\"@id\":\"https:\\\/\\\/stuttgarti-katolikusok.de\\\/#\\\/schema\\\/person\\\/75908d6f8fdc03a57889d27209df7795\"},\"headline\":\"Reutlingen &#8211; \u00c1rp\u00e1dh\u00e1zi Szent Erzs\u00e9bet b\u00facs\u00fa\",\"datePublished\":\"2016-11-24T14:18:25+00:00\",\"mainEntityOfPage\":{\"@id\":\"https:\\\/\\\/stuttgarti-katolikusok.de\\\/index.php\\\/reutlingen-arpadhazi-szent-erzsebet-bucsu\\\/\"},\"wordCount\":143,\"image\":{\"@id\":\"https:\\\/\\\/stuttgarti-katolikusok.de\\\/index.php\\\/reutlingen-arpadhazi-szent-erzsebet-bucsu\\\/#primaryimage\"},\"thumbnailUrl\":\"https:\\\/\\\/stuttgarti-katolikusok.de\\\/wp-content\\\/uploads\\\/2016\\\/11\\\/szent-erzsebet.jpg\",\"articleSection\":[\"H\u00edrek\"],\"inLanguage\":\"hu\"},{\"@type\":\"WebPage\",\"@id\":\"https:\\\/\\\/stuttgarti-katolikusok.de\\\/index.php\\\/reutlingen-arpadhazi-szent-erzsebet-bucsu\\\/\",\"url\":\"https:\\\/\\\/stuttgarti-katolikusok.de\\\/index.php\\\/reutlingen-arpadhazi-szent-erzsebet-bucsu\\\/\",\"name\":\"Reutlingen - \u00c1rp\u00e1dh\u00e1zi Szent Erzs\u00e9bet b\u00facs\u00fa - Stuttgarti Katolikusok\",\"isPartOf\":{\"@id\":\"https:\\\/\\\/stuttgarti-katolikusok.de\\\/#website\"},\"primaryImageOfPage\":{\"@id\":\"https:\\\/\\\/stuttgarti-katolikusok.de\\\/index.php\\\/reutlingen-arpadhazi-szent-erzsebet-bucsu\\\/#primaryimage\"},\"image\":{\"@id\":\"https:\\\/\\\/stuttgarti-katolikusok.de\\\/index.php\\\/reutlingen-arpadhazi-szent-erzsebet-bucsu\\\/#primaryimage\"},\"thumbnailUrl\":\"https:\\\/\\\/stuttgarti-katolikusok.de\\\/wp-content\\\/uploads\\\/2016\\\/11\\\/szent-erzsebet.jpg\",\"datePublished\":\"2016-11-24T14:18:25+00:00\",\"author\":{\"@id\":\"https:\\\/\\\/stuttgarti-katolikusok.de\\\/#\\\/schema\\\/person\\\/75908d6f8fdc03a57889d27209df7795\"},\"breadcrumb\":{\"@id\":\"https:\\\/\\\/stuttgarti-katolikusok.de\\\/index.php\\\/reutlingen-arpadhazi-szent-erzsebet-bucsu\\\/#breadcrumb\"},\"inLanguage\":\"hu\",\"potentialAction\":[{\"@type\":\"ReadAction\",\"target\":[\"https:\\\/\\\/stuttgarti-katolikusok.de\\\/index.php\\\/reutlingen-arpadhazi-szent-erzsebet-bucsu\\\/\"]}]},{\"@type\":\"ImageObject\",\"inLanguage\":\"hu\",\"@id\":\"https:\\\/\\\/stuttgarti-katolikusok.de\\\/index.php\\\/reutlingen-arpadhazi-szent-erzsebet-bucsu\\\/#primaryimage\",\"url\":\"https:\\\/\\\/stuttgarti-katolikusok.de\\\/wp-content\\\/uploads\\\/2016\\\/11\\\/szent-erzsebet.jpg\",\"contentUrl\":\"https:\\\/\\\/stuttgarti-katolikusok.de\\\/wp-content\\\/uploads\\\/2016\\\/11\\\/szent-erzsebet.jpg\",\"width\":1280,\"height\":720},{\"@type\":\"BreadcrumbList\",\"@id\":\"https:\\\/\\\/stuttgarti-katolikusok.de\\\/index.php\\\/reutlingen-arpadhazi-szent-erzsebet-bucsu\\\/#breadcrumb\",\"itemListElement\":[{\"@type\":\"ListItem\",\"position\":1,\"name\":\"Kezd\u0151lap\",\"item\":\"https:\\\/\\\/stuttgarti-katolikusok.de\\\/\"},{\"@type\":\"ListItem\",\"position\":2,\"name\":\"Reutlingen &#8211; \u00c1rp\u00e1dh\u00e1zi Szent Erzs\u00e9bet b\u00facs\u00fa\"}]},{\"@type\":\"WebSite\",\"@id\":\"https:\\\/\\\/stuttgarti-katolikusok.de\\\/#website\",\"url\":\"https:\\\/\\\/stuttgarti-katolikusok.de\\\/\",\"name\":\"Stuttgarti Katolikusok\",\"description\":\"\",\"potentialAction\":[{\"@type\":\"SearchAction\",\"target\":{\"@type\":\"EntryPoint\",\"urlTemplate\":\"https:\\\/\\\/stuttgarti-katolikusok.de\\\/?s={search_term_string}\"},\"query-input\":{\"@type\":\"PropertyValueSpecification\",\"valueRequired\":true,\"valueName\":\"search_term_string\"}}],\"inLanguage\":\"hu\"},{\"@type\":\"Person\",\"@id\":\"https:\\\/\\\/stuttgarti-katolikusok.de\\\/#\\\/schema\\\/person\\\/75908d6f8fdc03a57889d27209df7795\",\"name\":\"Tibor atya\",\"image\":{\"@type\":\"ImageObject\",\"inLanguage\":\"hu\",\"@id\":\"https:\\\/\\\/secure.gravatar.com\\\/avatar\\\/61d268e57d1f4525b111222e29d2d5a7f8c420fdbf231ba5566a8ceac74fa960?s=96&d=mm&r=g\",\"url\":\"https:\\\/\\\/secure.gravatar.com\\\/avatar\\\/61d268e57d1f4525b111222e29d2d5a7f8c420fdbf231ba5566a8ceac74fa960?s=96&d=mm&r=g\",\"contentUrl\":\"https:\\\/\\\/secure.gravatar.com\\\/avatar\\\/61d268e57d1f4525b111222e29d2d5a7f8c420fdbf231ba5566a8ceac74fa960?s=96&d=mm&r=g\",\"caption\":\"Tibor atya\"},\"url\":\"https:\\\/\\\/stuttgarti-katolikusok.de\\\/index.php\\\/author\\\/tibor-atya\\\/\"}]}<\/script>\n<!-- \/ Yoast SEO plugin. -->","yoast_head_json":{"title":"Reutlingen - \u00c1rp\u00e1dh\u00e1zi Szent Erzs\u00e9bet b\u00facs\u00fa - Stuttgarti Katolikusok","robots":{"index":"index","follow":"follow","max-snippet":"max-snippet:-1","max-image-preview":"max-image-preview:large","max-video-preview":"max-video-preview:-1"},"canonical":"https:\/\/stuttgarti-katolikusok.de\/index.php\/reutlingen-arpadhazi-szent-erzsebet-bucsu\/","og_locale":"hu_HU","og_type":"article","og_title":"Reutlingen - \u00c1rp\u00e1dh\u00e1zi Szent Erzs\u00e9bet b\u00facs\u00fa - Stuttgarti Katolikusok","og_description":"MEGH\u00cdV\u00d3 November 26-\u00e1n, szombaton, Reutlingenben templomb\u00facs\u00fa: \u00c1rp\u00e1dh\u00e1zi Szent Erzs\u00e9bet \u00fcnnepe. A 16.30 \u00f3rakor kezd\u0151d\u0151 szentmis\u00e9n v\u00e9d\u0151szent\u00fcnkre tekint\u00fcnk, akit\u0151l szeretn\u00e9nk eltanulni a senkit sem kiz\u00e1r\u00f3 felebar\u00e1ti szeretet titk\u00e1t. Ugyanakkor az Irgalmass\u00e1g \u00c9ve l\u00e9v\u00e9n, tal\u00e1n utolj\u00e1ra, szeretn\u00e9nk megragadni az alkalmat arra, hogy kiengesztel\u0151dj\u00fcnk Istennel s egym\u00e1ssal, \u00e9s teljes b\u00facs\u00fat nyerj\u00fcnk magunk, illetve elhunyt szeretteink sz\u00e1m\u00e1ra. A szentmise ut\u00e1n, term\u00e9szetesen egy kellemes, kedves \u00e1g\u00e1p\u00e9 illetve bar\u00e1ti egy\u00fcttl\u00e9t lesz, amelyre magunkkal hozottat sz\u00edvesen elfogadunk. Erre a nagy esem\u00e9nyre szeretettel h\u00edvja kedves bar\u00e1tait \u00e9s ismer\u0151seit &#8211; a reutlingeni egyh\u00e1zk\u00f6zs\u00e9g nev\u00e9ben is \u2013 Imre atya","og_url":"https:\/\/stuttgarti-katolikusok.de\/index.php\/reutlingen-arpadhazi-szent-erzsebet-bucsu\/","og_site_name":"Stuttgarti Katolikusok","article_published_time":"2016-11-24T14:18:25+00:00","og_image":[{"width":1280,"height":720,"url":"https:\/\/stuttgarti-katolikusok.de\/wp-content\/uploads\/2016\/11\/szent-erzsebet.jpg","type":"image\/jpeg"}],"author":"Tibor atya","twitter_card":"summary_large_image","twitter_misc":{"Szerz\u0151:":"Tibor atya","Becs\u00fclt olvas\u00e1si id\u0151":"1 perc"},"schema":{"@context":"https:\/\/schema.org","@graph":[{"@type":"Article","@id":"https:\/\/stuttgarti-katolikusok.de\/index.php\/reutlingen-arpadhazi-szent-erzsebet-bucsu\/#article","isPartOf":{"@id":"https:\/\/stuttgarti-katolikusok.de\/index.php\/reutlingen-arpadhazi-szent-erzsebet-bucsu\/"},"author":{"name":"Tibor atya","@id":"https:\/\/stuttgarti-katolikusok.de\/#\/schema\/person\/75908d6f8fdc03a57889d27209df7795"},"headline":"Reutlingen &#8211; \u00c1rp\u00e1dh\u00e1zi Szent Erzs\u00e9bet b\u00facs\u00fa","datePublished":"2016-11-24T14:18:25+00:00","mainEntityOfPage":{"@id":"https:\/\/stuttgarti-katolikusok.de\/index.php\/reutlingen-arpadhazi-szent-erzsebet-bucsu\/"},"wordCount":143,"image":{"@id":"https:\/\/stuttgarti-katolikusok.de\/index.php\/reutlingen-arpadhazi-szent-erzsebet-bucsu\/#primaryimage"},"thumbnailUrl":"https:\/\/stuttgarti-katolikusok.de\/wp-content\/uploads\/2016\/11\/szent-erzsebet.jpg","articleSection":["H\u00edrek"],"inLanguage":"hu"},{"@type":"WebPage","@id":"https:\/\/stuttgarti-katolikusok.de\/index.php\/reutlingen-arpadhazi-szent-erzsebet-bucsu\/","url":"https:\/\/stuttgarti-katolikusok.de\/index.php\/reutlingen-arpadhazi-szent-erzsebet-bucsu\/","name":"Reutlingen - \u00c1rp\u00e1dh\u00e1zi Szent Erzs\u00e9bet b\u00facs\u00fa - Stuttgarti Katolikusok","isPartOf":{"@id":"https:\/\/stuttgarti-katolikusok.de\/#website"},"primaryImageOfPage":{"@id":"https:\/\/stuttgarti-katolikusok.de\/index.php\/reutlingen-arpadhazi-szent-erzsebet-bucsu\/#primaryimage"},"image":{"@id":"https:\/\/stuttgarti-katolikusok.de\/index.php\/reutlingen-arpadhazi-szent-erzsebet-bucsu\/#primaryimage"},"thumbnailUrl":"https:\/\/stuttgarti-katolikusok.de\/wp-content\/uploads\/2016\/11\/szent-erzsebet.jpg","datePublished":"2016-11-24T14:18:25+00:00","author":{"@id":"https:\/\/stuttgarti-katolikusok.de\/#\/schema\/person\/75908d6f8fdc03a57889d27209df7795"},"breadcrumb":{"@id":"https:\/\/stuttgarti-katolikusok.de\/index.php\/reutlingen-arpadhazi-szent-erzsebet-bucsu\/#breadcrumb"},"inLanguage":"hu","potentialAction":[{"@type":"ReadAction","target":["https:\/\/stuttgarti-katolikusok.de\/index.php\/reutlingen-arpadhazi-szent-erzsebet-bucsu\/"]}]},{"@type":"ImageObject","inLanguage":"hu","@id":"https:\/\/stuttgarti-katolikusok.de\/index.php\/reutlingen-arpadhazi-szent-erzsebet-bucsu\/#primaryimage","url":"https:\/\/stuttgarti-katolikusok.de\/wp-content\/uploads\/2016\/11\/szent-erzsebet.jpg","contentUrl":"https:\/\/stuttgarti-katolikusok.de\/wp-content\/uploads\/2016\/11\/szent-erzsebet.jpg","width":1280,"height":720},{"@type":"BreadcrumbList","@id":"https:\/\/stuttgarti-katolikusok.de\/index.php\/reutlingen-arpadhazi-szent-erzsebet-bucsu\/#breadcrumb","itemListElement":[{"@type":"ListItem","position":1,"name":"Kezd\u0151lap","item":"https:\/\/stuttgarti-katolikusok.de\/"},{"@type":"ListItem","position":2,"name":"Reutlingen &#8211; \u00c1rp\u00e1dh\u00e1zi Szent Erzs\u00e9bet b\u00facs\u00fa"}]},{"@type":"WebSite","@id":"https:\/\/stuttgarti-katolikusok.de\/#website","url":"https:\/\/stuttgarti-katolikusok.de\/","name":"Stuttgarti Katolikusok","description":"","potentialAction":[{"@type":"SearchAction","target":{"@type":"EntryPoint","urlTemplate":"https:\/\/stuttgarti-katolikusok.de\/?s={search_term_string}"},"query-input":{"@type":"PropertyValueSpecification","valueRequired":true,"valueName":"search_term_string"}}],"inLanguage":"hu"},{"@type":"Person","@id":"https:\/\/stuttgarti-katolikusok.de\/#\/schema\/person\/75908d6f8fdc03a57889d27209df7795","name":"Tibor atya","image":{"@type":"ImageObject","inLanguage":"hu","@id":"https:\/\/secure.gravatar.com\/avatar\/61d268e57d1f4525b111222e29d2d5a7f8c420fdbf231ba5566a8ceac74fa960?s=96&d=mm&r=g","url":"https:\/\/secure.gravatar.com\/avatar\/61d268e57d1f4525b111222e29d2d5a7f8c420fdbf231ba5566a8ceac74fa960?s=96&d=mm&r=g","contentUrl":"https:\/\/secure.gravatar.com\/avatar\/61d268e57d1f4525b111222e29d2d5a7f8c420fdbf231ba5566a8ceac74fa960?s=96&d=mm&r=g","caption":"Tibor atya"},"url":"https:\/\/stuttgarti-katolikusok.de\/index.php\/author\/tibor-atya\/"}]}},"_links":{"self":[{"href":"https:\/\/stuttgarti-katolikusok.de\/index.php\/wp-json\/wp\/v2\/posts\/10296","targetHints":{"allow":["GET"]}}],"collection":[{"href":"https:\/\/stuttgarti-katolikusok.de\/index.php\/wp-json\/wp\/v2\/posts"}],"about":[{"href":"https:\/\/stuttgarti-katolikusok.de\/index.php\/wp-json\/wp\/v2\/types\/post"}],"author":[{"embeddable":true,"href":"https:\/\/stuttgarti-katolikusok.de\/index.php\/wp-json\/wp\/v2\/users\/3"}],"replies":[{"embeddable":true,"href":"https:\/\/stuttgarti-katolikusok.de\/index.php\/wp-json\/wp\/v2\/comments?post=10296"}],"version-history":[{"count":2,"href":"https:\/\/stuttgarti-katolikusok.de\/index.php\/wp-json\/wp\/v2\/posts\/10296\/revisions"}],"predecessor-version":[{"id":10299,"href":"https:\/\/stuttgarti-katolikusok.de\/index.php\/wp-json\/wp\/v2\/posts\/10296\/revisions\/10299"}],"wp:featuredmedia":[{"embeddable":true,"href":"https:\/\/stuttgarti-katolikusok.de\/index.php\/wp-json\/wp\/v2\/media\/10297"}],"wp:attachment":[{"href":"https:\/\/stuttgarti-katolikusok.de\/index.php\/wp-json\/wp\/v2\/media?parent=10296"}],"wp:term":[{"taxonomy":"category","embeddable":true,"href":"https:\/\/stuttgarti-katolikusok.de\/index.php\/wp-json\/wp\/v2\/categories?post=10296"},{"taxonomy":"post_tag","embeddable":true,"href":"https:\/\/stuttgarti-katolikusok.de\/index.php\/wp-json\/wp\/v2\/tags?post=10296"}],"curies":[{"name":"wp","href":"https:\/\/api.w.org\/{rel}","templated":true}]}}