{"id":10282,"date":"2016-11-21T21:49:51","date_gmt":"2016-11-21T21:49:51","guid":{"rendered":"https:\/\/gracious-dewdney.138-201-221-2.plesk.page\/?p=10282"},"modified":"2016-11-21T21:49:51","modified_gmt":"2016-11-21T21:49:51","slug":"eislingen-skociai-szent-margit-bucsu","status":"publish","type":"post","link":"https:\/\/stuttgarti-katolikusok.de\/index.php\/eislingen-skociai-szent-margit-bucsu\/","title":{"rendered":"Eislingen &#8211; Sk\u00f3ciai Szent Margit b\u00facs\u00fa"},"content":{"rendered":"<p>&#8222;Isten\u00fcnk, ki Szent Margitot arra v\u00e1lasztottad, hogy k\u00fcl\u00f6n\u00f6s szeretettel szeresse a szeg\u00e9nyeket, k\u00e9r\u00fcnk, seg\u00edts, hogy k\u00f6zbenj\u00e1r\u00e1s\u00e1ra \u00e9s p\u00e9ld\u00e1j\u00e1t k\u00f6vetve mi is megmutathassuk felebar\u00e1tainknak, mennyire j\u00f3 vagy!&#8221; &#8211; hangzik a foh\u00e1sz Szent Margit \u00fcnnep\u00e9n.<\/p>\n<p>Sk\u00f3ciai Szent Margit mintak\u00e9pe volt a t\u00f6k\u00e9letes any\u00e1nak, a h\u0171s\u00e9ges feles\u00e9gnek. N\u00e9p\u00e9nek j\u00f3tev\u0151je, szeg\u00e9nyek seg\u00edt\u0151je, az egyh\u00e1z p\u00e1rtfog\u00f3ja volt.<\/p>\n<p>\u0150t szeretn\u00e9nk k\u00f6sz\u00f6nteni, t\u0151le tanulni, p\u00e9ld\u00e1j\u00e1t k\u00f6vetni!<\/p>\n<p><a href=\"https:\/\/stuttgarti-katolikusok.de\/wp-content\/uploads\/2016\/11\/Sk\u00f3ciai-Szent-Margit-templomb\u00facs\u00fa.pdf\">Sk\u00f3ciai Szent Margit templomb\u00facs\u00fa<\/a><\/p>\n","protected":false},"excerpt":{"rendered":"<p>&#8222;Isten\u00fcnk, ki Szent Margitot arra v\u00e1lasztottad, hogy k\u00fcl\u00f6n\u00f6s szeretettel szeresse a szeg\u00e9nyeket, k\u00e9r\u00fcnk, seg\u00edts, hogy k\u00f6zbenj\u00e1r\u00e1s\u00e1ra \u00e9s p\u00e9ld\u00e1j\u00e1t k\u00f6vetve mi is megmutathassuk felebar\u00e1tainknak, mennyire j\u00f3 vagy!&#8221; &#8211; hangzik a foh\u00e1sz Szent Margit \u00fcnnep\u00e9n. Sk\u00f3ciai Szent Margit mintak\u00e9pe volt a t\u00f6k\u00e9letes any\u00e1nak, a h\u0171s\u00e9ges feles\u00e9gnek. N\u00e9p\u00e9nek j\u00f3tev\u0151je, szeg\u00e9nyek seg\u00edt\u0151je, az egyh\u00e1z p\u00e1rtfog\u00f3ja volt. \u0150t szeretn\u00e9nk k\u00f6sz\u00f6nteni, t\u0151le tanulni, p\u00e9ld\u00e1j\u00e1t k\u00f6vetni! Sk\u00f3ciai Szent Margit templomb\u00facs\u00fa<\/p>\n","protected":false},"author":3,"featured_media":10286,"comment_status":"closed","ping_status":"closed","sticky":false,"template":"","format":"standard","meta":{"footnotes":""},"categories":[5],"tags":[],"class_list":["post-10282","post","type-post","status-publish","format-standard","has-post-thumbnail","hentry","category-hirek"],"yoast_head":"<!-- This site is optimized with the Yoast SEO plugin v27.3 - https:\/\/yoast.com\/product\/yoast-seo-wordpress\/ -->\n<title>Eislingen - Sk\u00f3ciai Szent Margit b\u00facs\u00fa - Stuttgarti Katolikusok<\/title>\n<meta name=\"robots\" content=\"index, follow, max-snippet:-1, max-image-preview:large, max-video-preview:-1\" \/>\n<link rel=\"canonical\" href=\"https:\/\/stuttgarti-katolikusok.de\/index.php\/eislingen-skociai-szent-margit-bucsu\/\" \/>\n<meta property=\"og:locale\" content=\"hu_HU\" \/>\n<meta property=\"og:type\" content=\"article\" \/>\n<meta property=\"og:title\" content=\"Eislingen - Sk\u00f3ciai Szent Margit b\u00facs\u00fa - Stuttgarti Katolikusok\" \/>\n<meta property=\"og:description\" content=\"&#8222;Isten\u00fcnk, ki Szent Margitot arra v\u00e1lasztottad, hogy k\u00fcl\u00f6n\u00f6s szeretettel szeresse a szeg\u00e9nyeket, k\u00e9r\u00fcnk, seg\u00edts, hogy k\u00f6zbenj\u00e1r\u00e1s\u00e1ra \u00e9s p\u00e9ld\u00e1j\u00e1t k\u00f6vetve mi is megmutathassuk felebar\u00e1tainknak, mennyire j\u00f3 vagy!&#8221; &#8211; hangzik a foh\u00e1sz Szent Margit \u00fcnnep\u00e9n. Sk\u00f3ciai Szent Margit mintak\u00e9pe volt a t\u00f6k\u00e9letes any\u00e1nak, a h\u0171s\u00e9ges feles\u00e9gnek. N\u00e9p\u00e9nek j\u00f3tev\u0151je, szeg\u00e9nyek seg\u00edt\u0151je, az egyh\u00e1z p\u00e1rtfog\u00f3ja volt. \u0150t szeretn\u00e9nk k\u00f6sz\u00f6nteni, t\u0151le tanulni, p\u00e9ld\u00e1j\u00e1t k\u00f6vetni! Sk\u00f3ciai Szent Margit templomb\u00facs\u00fa\" \/>\n<meta property=\"og:url\" content=\"https:\/\/stuttgarti-katolikusok.de\/index.php\/eislingen-skociai-szent-margit-bucsu\/\" \/>\n<meta property=\"og:site_name\" content=\"Stuttgarti Katolikusok\" \/>\n<meta property=\"article:published_time\" content=\"2016-11-21T21:49:51+00:00\" \/>\n<meta property=\"og:image\" content=\"https:\/\/stuttgarti-katolikusok.de\/wp-content\/uploads\/2016\/11\/skociai-szent-margit.jpg\" \/>\n\t<meta property=\"og:image:width\" content=\"700\" \/>\n\t<meta property=\"og:image:height\" content=\"325\" \/>\n\t<meta property=\"og:image:type\" content=\"image\/jpeg\" \/>\n<meta name=\"author\" content=\"Tibor atya\" \/>\n<meta name=\"twitter:card\" content=\"summary_large_image\" \/>\n<meta name=\"twitter:label1\" content=\"Szerz\u0151:\" \/>\n\t<meta name=\"twitter:data1\" content=\"Tibor atya\" \/>\n\t<meta name=\"twitter:label2\" content=\"Becs\u00fclt olvas\u00e1si id\u0151\" \/>\n\t<meta name=\"twitter:data2\" content=\"1 perc\" \/>\n<script type=\"application\/ld+json\" class=\"yoast-schema-graph\">{\"@context\":\"https:\\\/\\\/schema.org\",\"@graph\":[{\"@type\":\"Article\",\"@id\":\"https:\\\/\\\/stuttgarti-katolikusok.de\\\/index.php\\\/eislingen-skociai-szent-margit-bucsu\\\/#article\",\"isPartOf\":{\"@id\":\"https:\\\/\\\/stuttgarti-katolikusok.de\\\/index.php\\\/eislingen-skociai-szent-margit-bucsu\\\/\"},\"author\":{\"name\":\"Tibor atya\",\"@id\":\"https:\\\/\\\/stuttgarti-katolikusok.de\\\/#\\\/schema\\\/person\\\/75908d6f8fdc03a57889d27209df7795\"},\"headline\":\"Eislingen &#8211; Sk\u00f3ciai Szent Margit b\u00facs\u00fa\",\"datePublished\":\"2016-11-21T21:49:51+00:00\",\"mainEntityOfPage\":{\"@id\":\"https:\\\/\\\/stuttgarti-katolikusok.de\\\/index.php\\\/eislingen-skociai-szent-margit-bucsu\\\/\"},\"wordCount\":119,\"image\":{\"@id\":\"https:\\\/\\\/stuttgarti-katolikusok.de\\\/index.php\\\/eislingen-skociai-szent-margit-bucsu\\\/#primaryimage\"},\"thumbnailUrl\":\"https:\\\/\\\/stuttgarti-katolikusok.de\\\/wp-content\\\/uploads\\\/2016\\\/11\\\/skociai-szent-margit.jpg\",\"articleSection\":[\"H\u00edrek\"],\"inLanguage\":\"hu\"},{\"@type\":\"WebPage\",\"@id\":\"https:\\\/\\\/stuttgarti-katolikusok.de\\\/index.php\\\/eislingen-skociai-szent-margit-bucsu\\\/\",\"url\":\"https:\\\/\\\/stuttgarti-katolikusok.de\\\/index.php\\\/eislingen-skociai-szent-margit-bucsu\\\/\",\"name\":\"Eislingen - Sk\u00f3ciai Szent Margit b\u00facs\u00fa - Stuttgarti Katolikusok\",\"isPartOf\":{\"@id\":\"https:\\\/\\\/stuttgarti-katolikusok.de\\\/#website\"},\"primaryImageOfPage\":{\"@id\":\"https:\\\/\\\/stuttgarti-katolikusok.de\\\/index.php\\\/eislingen-skociai-szent-margit-bucsu\\\/#primaryimage\"},\"image\":{\"@id\":\"https:\\\/\\\/stuttgarti-katolikusok.de\\\/index.php\\\/eislingen-skociai-szent-margit-bucsu\\\/#primaryimage\"},\"thumbnailUrl\":\"https:\\\/\\\/stuttgarti-katolikusok.de\\\/wp-content\\\/uploads\\\/2016\\\/11\\\/skociai-szent-margit.jpg\",\"datePublished\":\"2016-11-21T21:49:51+00:00\",\"author\":{\"@id\":\"https:\\\/\\\/stuttgarti-katolikusok.de\\\/#\\\/schema\\\/person\\\/75908d6f8fdc03a57889d27209df7795\"},\"breadcrumb\":{\"@id\":\"https:\\\/\\\/stuttgarti-katolikusok.de\\\/index.php\\\/eislingen-skociai-szent-margit-bucsu\\\/#breadcrumb\"},\"inLanguage\":\"hu\",\"potentialAction\":[{\"@type\":\"ReadAction\",\"target\":[\"https:\\\/\\\/stuttgarti-katolikusok.de\\\/index.php\\\/eislingen-skociai-szent-margit-bucsu\\\/\"]}]},{\"@type\":\"ImageObject\",\"inLanguage\":\"hu\",\"@id\":\"https:\\\/\\\/stuttgarti-katolikusok.de\\\/index.php\\\/eislingen-skociai-szent-margit-bucsu\\\/#primaryimage\",\"url\":\"https:\\\/\\\/stuttgarti-katolikusok.de\\\/wp-content\\\/uploads\\\/2016\\\/11\\\/skociai-szent-margit.jpg\",\"contentUrl\":\"https:\\\/\\\/stuttgarti-katolikusok.de\\\/wp-content\\\/uploads\\\/2016\\\/11\\\/skociai-szent-margit.jpg\",\"width\":700,\"height\":325},{\"@type\":\"BreadcrumbList\",\"@id\":\"https:\\\/\\\/stuttgarti-katolikusok.de\\\/index.php\\\/eislingen-skociai-szent-margit-bucsu\\\/#breadcrumb\",\"itemListElement\":[{\"@type\":\"ListItem\",\"position\":1,\"name\":\"Kezd\u0151lap\",\"item\":\"https:\\\/\\\/stuttgarti-katolikusok.de\\\/\"},{\"@type\":\"ListItem\",\"position\":2,\"name\":\"Eislingen &#8211; Sk\u00f3ciai Szent Margit b\u00facs\u00fa\"}]},{\"@type\":\"WebSite\",\"@id\":\"https:\\\/\\\/stuttgarti-katolikusok.de\\\/#website\",\"url\":\"https:\\\/\\\/stuttgarti-katolikusok.de\\\/\",\"name\":\"Stuttgarti Katolikusok\",\"description\":\"\",\"potentialAction\":[{\"@type\":\"SearchAction\",\"target\":{\"@type\":\"EntryPoint\",\"urlTemplate\":\"https:\\\/\\\/stuttgarti-katolikusok.de\\\/?s={search_term_string}\"},\"query-input\":{\"@type\":\"PropertyValueSpecification\",\"valueRequired\":true,\"valueName\":\"search_term_string\"}}],\"inLanguage\":\"hu\"},{\"@type\":\"Person\",\"@id\":\"https:\\\/\\\/stuttgarti-katolikusok.de\\\/#\\\/schema\\\/person\\\/75908d6f8fdc03a57889d27209df7795\",\"name\":\"Tibor atya\",\"image\":{\"@type\":\"ImageObject\",\"inLanguage\":\"hu\",\"@id\":\"https:\\\/\\\/secure.gravatar.com\\\/avatar\\\/61d268e57d1f4525b111222e29d2d5a7f8c420fdbf231ba5566a8ceac74fa960?s=96&d=mm&r=g\",\"url\":\"https:\\\/\\\/secure.gravatar.com\\\/avatar\\\/61d268e57d1f4525b111222e29d2d5a7f8c420fdbf231ba5566a8ceac74fa960?s=96&d=mm&r=g\",\"contentUrl\":\"https:\\\/\\\/secure.gravatar.com\\\/avatar\\\/61d268e57d1f4525b111222e29d2d5a7f8c420fdbf231ba5566a8ceac74fa960?s=96&d=mm&r=g\",\"caption\":\"Tibor atya\"},\"url\":\"https:\\\/\\\/stuttgarti-katolikusok.de\\\/index.php\\\/author\\\/tibor-atya\\\/\"}]}<\/script>\n<!-- \/ Yoast SEO plugin. -->","yoast_head_json":{"title":"Eislingen - Sk\u00f3ciai Szent Margit b\u00facs\u00fa - Stuttgarti Katolikusok","robots":{"index":"index","follow":"follow","max-snippet":"max-snippet:-1","max-image-preview":"max-image-preview:large","max-video-preview":"max-video-preview:-1"},"canonical":"https:\/\/stuttgarti-katolikusok.de\/index.php\/eislingen-skociai-szent-margit-bucsu\/","og_locale":"hu_HU","og_type":"article","og_title":"Eislingen - Sk\u00f3ciai Szent Margit b\u00facs\u00fa - Stuttgarti Katolikusok","og_description":"&#8222;Isten\u00fcnk, ki Szent Margitot arra v\u00e1lasztottad, hogy k\u00fcl\u00f6n\u00f6s szeretettel szeresse a szeg\u00e9nyeket, k\u00e9r\u00fcnk, seg\u00edts, hogy k\u00f6zbenj\u00e1r\u00e1s\u00e1ra \u00e9s p\u00e9ld\u00e1j\u00e1t k\u00f6vetve mi is megmutathassuk felebar\u00e1tainknak, mennyire j\u00f3 vagy!&#8221; &#8211; hangzik a foh\u00e1sz Szent Margit \u00fcnnep\u00e9n. Sk\u00f3ciai Szent Margit mintak\u00e9pe volt a t\u00f6k\u00e9letes any\u00e1nak, a h\u0171s\u00e9ges feles\u00e9gnek. N\u00e9p\u00e9nek j\u00f3tev\u0151je, szeg\u00e9nyek seg\u00edt\u0151je, az egyh\u00e1z p\u00e1rtfog\u00f3ja volt. \u0150t szeretn\u00e9nk k\u00f6sz\u00f6nteni, t\u0151le tanulni, p\u00e9ld\u00e1j\u00e1t k\u00f6vetni! Sk\u00f3ciai Szent Margit templomb\u00facs\u00fa","og_url":"https:\/\/stuttgarti-katolikusok.de\/index.php\/eislingen-skociai-szent-margit-bucsu\/","og_site_name":"Stuttgarti Katolikusok","article_published_time":"2016-11-21T21:49:51+00:00","og_image":[{"width":700,"height":325,"url":"https:\/\/stuttgarti-katolikusok.de\/wp-content\/uploads\/2016\/11\/skociai-szent-margit.jpg","type":"image\/jpeg"}],"author":"Tibor atya","twitter_card":"summary_large_image","twitter_misc":{"Szerz\u0151:":"Tibor atya","Becs\u00fclt olvas\u00e1si id\u0151":"1 perc"},"schema":{"@context":"https:\/\/schema.org","@graph":[{"@type":"Article","@id":"https:\/\/stuttgarti-katolikusok.de\/index.php\/eislingen-skociai-szent-margit-bucsu\/#article","isPartOf":{"@id":"https:\/\/stuttgarti-katolikusok.de\/index.php\/eislingen-skociai-szent-margit-bucsu\/"},"author":{"name":"Tibor atya","@id":"https:\/\/stuttgarti-katolikusok.de\/#\/schema\/person\/75908d6f8fdc03a57889d27209df7795"},"headline":"Eislingen &#8211; Sk\u00f3ciai Szent Margit b\u00facs\u00fa","datePublished":"2016-11-21T21:49:51+00:00","mainEntityOfPage":{"@id":"https:\/\/stuttgarti-katolikusok.de\/index.php\/eislingen-skociai-szent-margit-bucsu\/"},"wordCount":119,"image":{"@id":"https:\/\/stuttgarti-katolikusok.de\/index.php\/eislingen-skociai-szent-margit-bucsu\/#primaryimage"},"thumbnailUrl":"https:\/\/stuttgarti-katolikusok.de\/wp-content\/uploads\/2016\/11\/skociai-szent-margit.jpg","articleSection":["H\u00edrek"],"inLanguage":"hu"},{"@type":"WebPage","@id":"https:\/\/stuttgarti-katolikusok.de\/index.php\/eislingen-skociai-szent-margit-bucsu\/","url":"https:\/\/stuttgarti-katolikusok.de\/index.php\/eislingen-skociai-szent-margit-bucsu\/","name":"Eislingen - Sk\u00f3ciai Szent Margit b\u00facs\u00fa - Stuttgarti Katolikusok","isPartOf":{"@id":"https:\/\/stuttgarti-katolikusok.de\/#website"},"primaryImageOfPage":{"@id":"https:\/\/stuttgarti-katolikusok.de\/index.php\/eislingen-skociai-szent-margit-bucsu\/#primaryimage"},"image":{"@id":"https:\/\/stuttgarti-katolikusok.de\/index.php\/eislingen-skociai-szent-margit-bucsu\/#primaryimage"},"thumbnailUrl":"https:\/\/stuttgarti-katolikusok.de\/wp-content\/uploads\/2016\/11\/skociai-szent-margit.jpg","datePublished":"2016-11-21T21:49:51+00:00","author":{"@id":"https:\/\/stuttgarti-katolikusok.de\/#\/schema\/person\/75908d6f8fdc03a57889d27209df7795"},"breadcrumb":{"@id":"https:\/\/stuttgarti-katolikusok.de\/index.php\/eislingen-skociai-szent-margit-bucsu\/#breadcrumb"},"inLanguage":"hu","potentialAction":[{"@type":"ReadAction","target":["https:\/\/stuttgarti-katolikusok.de\/index.php\/eislingen-skociai-szent-margit-bucsu\/"]}]},{"@type":"ImageObject","inLanguage":"hu","@id":"https:\/\/stuttgarti-katolikusok.de\/index.php\/eislingen-skociai-szent-margit-bucsu\/#primaryimage","url":"https:\/\/stuttgarti-katolikusok.de\/wp-content\/uploads\/2016\/11\/skociai-szent-margit.jpg","contentUrl":"https:\/\/stuttgarti-katolikusok.de\/wp-content\/uploads\/2016\/11\/skociai-szent-margit.jpg","width":700,"height":325},{"@type":"BreadcrumbList","@id":"https:\/\/stuttgarti-katolikusok.de\/index.php\/eislingen-skociai-szent-margit-bucsu\/#breadcrumb","itemListElement":[{"@type":"ListItem","position":1,"name":"Kezd\u0151lap","item":"https:\/\/stuttgarti-katolikusok.de\/"},{"@type":"ListItem","position":2,"name":"Eislingen &#8211; Sk\u00f3ciai Szent Margit b\u00facs\u00fa"}]},{"@type":"WebSite","@id":"https:\/\/stuttgarti-katolikusok.de\/#website","url":"https:\/\/stuttgarti-katolikusok.de\/","name":"Stuttgarti Katolikusok","description":"","potentialAction":[{"@type":"SearchAction","target":{"@type":"EntryPoint","urlTemplate":"https:\/\/stuttgarti-katolikusok.de\/?s={search_term_string}"},"query-input":{"@type":"PropertyValueSpecification","valueRequired":true,"valueName":"search_term_string"}}],"inLanguage":"hu"},{"@type":"Person","@id":"https:\/\/stuttgarti-katolikusok.de\/#\/schema\/person\/75908d6f8fdc03a57889d27209df7795","name":"Tibor atya","image":{"@type":"ImageObject","inLanguage":"hu","@id":"https:\/\/secure.gravatar.com\/avatar\/61d268e57d1f4525b111222e29d2d5a7f8c420fdbf231ba5566a8ceac74fa960?s=96&d=mm&r=g","url":"https:\/\/secure.gravatar.com\/avatar\/61d268e57d1f4525b111222e29d2d5a7f8c420fdbf231ba5566a8ceac74fa960?s=96&d=mm&r=g","contentUrl":"https:\/\/secure.gravatar.com\/avatar\/61d268e57d1f4525b111222e29d2d5a7f8c420fdbf231ba5566a8ceac74fa960?s=96&d=mm&r=g","caption":"Tibor atya"},"url":"https:\/\/stuttgarti-katolikusok.de\/index.php\/author\/tibor-atya\/"}]}},"_links":{"self":[{"href":"https:\/\/stuttgarti-katolikusok.de\/index.php\/wp-json\/wp\/v2\/posts\/10282","targetHints":{"allow":["GET"]}}],"collection":[{"href":"https:\/\/stuttgarti-katolikusok.de\/index.php\/wp-json\/wp\/v2\/posts"}],"about":[{"href":"https:\/\/stuttgarti-katolikusok.de\/index.php\/wp-json\/wp\/v2\/types\/post"}],"author":[{"embeddable":true,"href":"https:\/\/stuttgarti-katolikusok.de\/index.php\/wp-json\/wp\/v2\/users\/3"}],"replies":[{"embeddable":true,"href":"https:\/\/stuttgarti-katolikusok.de\/index.php\/wp-json\/wp\/v2\/comments?post=10282"}],"version-history":[{"count":3,"href":"https:\/\/stuttgarti-katolikusok.de\/index.php\/wp-json\/wp\/v2\/posts\/10282\/revisions"}],"predecessor-version":[{"id":10287,"href":"https:\/\/stuttgarti-katolikusok.de\/index.php\/wp-json\/wp\/v2\/posts\/10282\/revisions\/10287"}],"wp:featuredmedia":[{"embeddable":true,"href":"https:\/\/stuttgarti-katolikusok.de\/index.php\/wp-json\/wp\/v2\/media\/10286"}],"wp:attachment":[{"href":"https:\/\/stuttgarti-katolikusok.de\/index.php\/wp-json\/wp\/v2\/media?parent=10282"}],"wp:term":[{"taxonomy":"category","embeddable":true,"href":"https:\/\/stuttgarti-katolikusok.de\/index.php\/wp-json\/wp\/v2\/categories?post=10282"},{"taxonomy":"post_tag","embeddable":true,"href":"https:\/\/stuttgarti-katolikusok.de\/index.php\/wp-json\/wp\/v2\/tags?post=10282"}],"curies":[{"name":"wp","href":"https:\/\/api.w.org\/{rel}","templated":true}]}}