{"id":10275,"date":"2016-11-21T06:18:18","date_gmt":"2016-11-21T06:18:18","guid":{"rendered":"https:\/\/gracious-dewdney.138-201-221-2.plesk.page\/?p=10275"},"modified":"2020-04-27T16:09:10","modified_gmt":"2020-04-27T16:09:10","slug":"programelozetes-november-21-es-27-kozott","status":"publish","type":"post","link":"https:\/\/stuttgarti-katolikusok.de\/index.php\/programelozetes-november-21-es-27-kozott\/","title":{"rendered":"Programel\u0151zetes november 21 \u00e9s 27 k\u00f6z\u00f6tt"},"content":{"rendered":"<p><strong>Programel\u0151zetes<\/strong><\/p>\n<p>&nbsp;<\/p>\n<p><strong>November 24-\u00e9n, <\/strong>cs\u00fct\u00f6rt\u00f6k\u00f6n, 17.30 \u00f3rakor <strong>Ulmban <\/strong><em>szentmise. <\/em>El\u0151tte gy\u00f3n\u00e1si lehet\u0151s\u00e9g, ut\u00e1na <em>Besz\u00e9lget\u00e9sek a Bibli\u00e1r\u00f3l<\/em>.<\/p>\n<p><strong>*<\/strong><\/p>\n<p><strong>November 25-\u00e9n, <\/strong>p\u00e9nteken, 15.30 \u00f3rakor, <strong>Stuttgartban <\/strong><em>Bar\u00e1ts\u00e1gklub<\/em>. Minden id\u0151sebb, kellemes \u00e9s kereszt\u00e9ny t\u00e1rsas\u00e1gra v\u00e1gy\u00f3t szeretettel l\u00e1t a Tags\u00e1g!<\/p>\n<p>17.50 \u00f3r\u00e1t\u00f3l <em>r\u00f3zsaf\u00fcz\u00e9r-\u00e1jtatoss\u00e1g<\/em>, ut\u00e1na <em>szentmise<\/em>. Keret\u00e9ben <em>P\u00e9nteki Egyetem.<\/em> Ut\u00e1na 19.00 \u00f3rakor <em>Sportklub.<\/em><\/p>\n<p>Ugyancsak p\u00e9nteken 17.30 \u00f3rakor <strong>Weingartenben<\/strong> a St.-Marien-templomban <em>szentmise.<\/em> El\u0151tte gy\u00f3ntat\u00e1s, ut\u00e1na <em>Besz\u00e9lget\u00e9s a Bibli\u00e1r\u00f3l<\/em>.<\/p>\n<p><strong>*<\/strong><\/p>\n<p><strong>November 26-\u00e1n, <\/strong>szombaton, 14.30 \u00f3rakor <em>katek\u00e9zis<\/em>, 15.30 \u00f3rakor<strong> Heidenheimban <\/strong><em>szentmise<\/em>. El\u0151tte gy\u00f3n\u00e1si lehet\u0151s\u00e9g, ut\u00e1na \u00e1g\u00e1p\u00e9.<\/p>\n<p>Ugyancsak <strong>november 26-\u00e1n, <\/strong>szombaton, <strong>Reutlingenben templomb\u00facs\u00fa: <\/strong><em>\u00c1rp\u00e1dh\u00e1zi Szent Erzs\u00e9bet<\/em> \u00fcnnepe. 16.30 \u00f3rakor <em>szentmise<\/em>, ut\u00e1na <em>\u00e1g\u00e1p\u00e9<\/em>.<\/p>\n<p><strong>*<\/strong><\/p>\n<p><strong>November 27-\u00e9n, <\/strong>vas\u00e1rnap, 8.45 \u00f3rakor\u00a0 <strong>Biberachban<\/strong>\u00a0<em>szentmise<\/em>, majd ut\u00e1na <em>\u00e1g\u00e1p\u00e9<\/em>. El\u0151tte gy\u00f3ntat\u00e1si lehet\u0151s\u00e9g.<\/p>\n<p><strong>9.30 \u00f3rakor <\/strong><strong>B\u00f6blingenben <\/strong><em>szentmise<\/em>, el\u0151tte gy\u00f3n\u00e1si lehet\u0151s\u00e9g, ut\u00e1na <em>\u00e1g\u00e1p\u00e9<\/em>.<\/p>\n<p><strong>15.00 \u00f3rakor <\/strong><strong>Eislingenben <\/strong><strong>templomb\u00facs\u00fa, <\/strong><em>Sk\u00f3ciai Szent Margit<\/em> \u00fcnnepe. Ut\u00e1na <em>\u00e1g\u00e1p\u00e9<\/em> \u00e9s <em>bar\u00e1ti egy\u00fcttl\u00e9t.<\/em><\/p>\n<p><strong>15.30 \u00f3rakor <\/strong><strong>Heilbronnban <\/strong><em>szentmise<\/em>, ut\u00e1na <em>\u00e1g\u00e1p\u00e9<\/em>.<\/p>\n<p><strong>*<\/strong><\/p>\n<p>Minden helyen mindenkit szeretettel v\u00e1r a k\u00f6z\u00f6ss\u00e9g, Imre atya \u00e9s Tibor atya!<\/p>\n<p><em>\u201eA b\u00f6lcs emberek mindig t\u00f6bb lehet\u0151s\u00e9get teremtenek maguknak, mint amennyit tal\u00e1lnak\u201d<\/em> <strong>(Francis Bacon Ferenc \u2013 1561-1626 \u2013 angol filoz\u00f3fus)<\/strong><\/p>\n<p><strong><em>Sz\u00e9p napokat, j\u00f3 munk\u00e1t, tartalmas besz\u00e9lget\u00e9seket \u00e9s kellemes tal\u00e1lkoz\u00e1sokat k\u00edv\u00e1nunk minden Kedves H\u00edv\u00fcnknek!<\/em><\/strong><\/p>\n","protected":false},"excerpt":{"rendered":"<p>Programel\u0151zetes &nbsp; November 24-\u00e9n, cs\u00fct\u00f6rt\u00f6k\u00f6n, 17.30 \u00f3rakor Ulmban szentmise. El\u0151tte gy\u00f3n\u00e1si lehet\u0151s\u00e9g, ut\u00e1na Besz\u00e9lget\u00e9sek a Bibli\u00e1r\u00f3l. * November 25-\u00e9n, p\u00e9nteken, 15.30 \u00f3rakor, Stuttgartban Bar\u00e1ts\u00e1gklub. Minden id\u0151sebb, kellemes \u00e9s kereszt\u00e9ny t\u00e1rsas\u00e1gra v\u00e1gy\u00f3t szeretettel l\u00e1t a Tags\u00e1g! 17.50 \u00f3r\u00e1t\u00f3l r\u00f3zsaf\u00fcz\u00e9r-\u00e1jtatoss\u00e1g, ut\u00e1na szentmise. Keret\u00e9ben P\u00e9nteki Egyetem. Ut\u00e1na 19.00 \u00f3rakor Sportklub. Ugyancsak p\u00e9nteken 17.30 \u00f3rakor Weingartenben a St.-Marien-templomban szentmise. El\u0151tte gy\u00f3ntat\u00e1s, ut\u00e1na Besz\u00e9lget\u00e9s a Bibli\u00e1r\u00f3l. * November 26-\u00e1n, szombaton, 14.30 \u00f3rakor katek\u00e9zis, 15.30 \u00f3rakor Heidenheimban szentmise. El\u0151tte gy\u00f3n\u00e1si lehet\u0151s\u00e9g, ut\u00e1na \u00e1g\u00e1p\u00e9. Ugyancsak november 26-\u00e1n, szombaton, Reutlingenben templomb\u00facs\u00fa: \u00c1rp\u00e1dh\u00e1zi Szent Erzs\u00e9bet \u00fcnnepe. 16.30 \u00f3rakor szentmise, ut\u00e1na \u00e1g\u00e1p\u00e9. * November 27-\u00e9n, vas\u00e1rnap, 8.45 \u00f3rakor\u00a0 Biberachban\u00a0szentmise, majd ut\u00e1na \u00e1g\u00e1p\u00e9. El\u0151tte gy\u00f3ntat\u00e1si lehet\u0151s\u00e9g. 9.30 \u00f3rakor B\u00f6blingenben szentmise, el\u0151tte gy\u00f3n\u00e1si lehet\u0151s\u00e9g, ut\u00e1na \u00e1g\u00e1p\u00e9. 15.00 \u00f3rakor Eislingenben templomb\u00facs\u00fa, Sk\u00f3ciai Szent Margit \u00fcnnepe. Ut\u00e1na \u00e1g\u00e1p\u00e9 \u00e9s bar\u00e1ti egy\u00fcttl\u00e9t. 15.30 \u00f3rakor Heilbronnban szentmise, ut\u00e1na \u00e1g\u00e1p\u00e9. * Minden helyen mindenkit szeretettel v\u00e1r a k\u00f6z\u00f6ss\u00e9g, Imre atya \u00e9s Tibor atya! \u201eA b\u00f6lcs emberek mindig t\u00f6bb lehet\u0151s\u00e9get teremtenek maguknak, mint amennyit tal\u00e1lnak\u201d (Francis Bacon Ferenc \u2013 1561-1626 \u2013 angol filoz\u00f3fus) Sz\u00e9p napokat, j\u00f3 munk\u00e1t, tartalmas besz\u00e9lget\u00e9seket \u00e9s kellemes tal\u00e1lkoz\u00e1sokat k\u00edv\u00e1nunk minden Kedves H\u00edv\u00fcnknek!<\/p>\n","protected":false},"author":3,"featured_media":0,"comment_status":"closed","ping_status":"closed","sticky":false,"template":"","format":"standard","meta":{"footnotes":""},"categories":[37],"tags":[],"class_list":["post-10275","post","type-post","status-publish","format-standard","hentry","category-progamelozetes"],"yoast_head":"<!-- This site is optimized with the Yoast SEO plugin v27.3 - https:\/\/yoast.com\/product\/yoast-seo-wordpress\/ -->\n<title>Programel\u0151zetes november 21 \u00e9s 27 k\u00f6z\u00f6tt - Stuttgarti Katolikusok<\/title>\n<meta name=\"robots\" content=\"index, follow, max-snippet:-1, max-image-preview:large, max-video-preview:-1\" \/>\n<link rel=\"canonical\" href=\"https:\/\/stuttgarti-katolikusok.de\/index.php\/programelozetes-november-21-es-27-kozott\/\" \/>\n<meta property=\"og:locale\" content=\"hu_HU\" \/>\n<meta property=\"og:type\" content=\"article\" \/>\n<meta property=\"og:title\" content=\"Programel\u0151zetes november 21 \u00e9s 27 k\u00f6z\u00f6tt - Stuttgarti Katolikusok\" \/>\n<meta property=\"og:description\" content=\"Programel\u0151zetes &nbsp; November 24-\u00e9n, cs\u00fct\u00f6rt\u00f6k\u00f6n, 17.30 \u00f3rakor Ulmban szentmise. El\u0151tte gy\u00f3n\u00e1si lehet\u0151s\u00e9g, ut\u00e1na Besz\u00e9lget\u00e9sek a Bibli\u00e1r\u00f3l. * November 25-\u00e9n, p\u00e9nteken, 15.30 \u00f3rakor, Stuttgartban Bar\u00e1ts\u00e1gklub. Minden id\u0151sebb, kellemes \u00e9s kereszt\u00e9ny t\u00e1rsas\u00e1gra v\u00e1gy\u00f3t szeretettel l\u00e1t a Tags\u00e1g! 17.50 \u00f3r\u00e1t\u00f3l r\u00f3zsaf\u00fcz\u00e9r-\u00e1jtatoss\u00e1g, ut\u00e1na szentmise. Keret\u00e9ben P\u00e9nteki Egyetem. Ut\u00e1na 19.00 \u00f3rakor Sportklub. Ugyancsak p\u00e9nteken 17.30 \u00f3rakor Weingartenben a St.-Marien-templomban szentmise. El\u0151tte gy\u00f3ntat\u00e1s, ut\u00e1na Besz\u00e9lget\u00e9s a Bibli\u00e1r\u00f3l. * November 26-\u00e1n, szombaton, 14.30 \u00f3rakor katek\u00e9zis, 15.30 \u00f3rakor Heidenheimban szentmise. El\u0151tte gy\u00f3n\u00e1si lehet\u0151s\u00e9g, ut\u00e1na \u00e1g\u00e1p\u00e9. Ugyancsak november 26-\u00e1n, szombaton, Reutlingenben templomb\u00facs\u00fa: \u00c1rp\u00e1dh\u00e1zi Szent Erzs\u00e9bet \u00fcnnepe. 16.30 \u00f3rakor szentmise, ut\u00e1na \u00e1g\u00e1p\u00e9. * November 27-\u00e9n, vas\u00e1rnap, 8.45 \u00f3rakor\u00a0 Biberachban\u00a0szentmise, majd ut\u00e1na \u00e1g\u00e1p\u00e9. El\u0151tte gy\u00f3ntat\u00e1si lehet\u0151s\u00e9g. 9.30 \u00f3rakor B\u00f6blingenben szentmise, el\u0151tte gy\u00f3n\u00e1si lehet\u0151s\u00e9g, ut\u00e1na \u00e1g\u00e1p\u00e9. 15.00 \u00f3rakor Eislingenben templomb\u00facs\u00fa, Sk\u00f3ciai Szent Margit \u00fcnnepe. Ut\u00e1na \u00e1g\u00e1p\u00e9 \u00e9s bar\u00e1ti egy\u00fcttl\u00e9t. 15.30 \u00f3rakor Heilbronnban szentmise, ut\u00e1na \u00e1g\u00e1p\u00e9. * Minden helyen mindenkit szeretettel v\u00e1r a k\u00f6z\u00f6ss\u00e9g, Imre atya \u00e9s Tibor atya! \u201eA b\u00f6lcs emberek mindig t\u00f6bb lehet\u0151s\u00e9get teremtenek maguknak, mint amennyit tal\u00e1lnak\u201d (Francis Bacon Ferenc \u2013 1561-1626 \u2013 angol filoz\u00f3fus) Sz\u00e9p napokat, j\u00f3 munk\u00e1t, tartalmas besz\u00e9lget\u00e9seket \u00e9s kellemes tal\u00e1lkoz\u00e1sokat k\u00edv\u00e1nunk minden Kedves H\u00edv\u00fcnknek!\" \/>\n<meta property=\"og:url\" content=\"https:\/\/stuttgarti-katolikusok.de\/index.php\/programelozetes-november-21-es-27-kozott\/\" \/>\n<meta property=\"og:site_name\" content=\"Stuttgarti Katolikusok\" \/>\n<meta property=\"article:published_time\" content=\"2016-11-21T06:18:18+00:00\" \/>\n<meta property=\"article:modified_time\" content=\"2020-04-27T16:09:10+00:00\" \/>\n<meta name=\"author\" content=\"Tibor atya\" \/>\n<meta name=\"twitter:card\" content=\"summary_large_image\" \/>\n<meta name=\"twitter:label1\" content=\"Szerz\u0151:\" \/>\n\t<meta name=\"twitter:data1\" content=\"Tibor atya\" \/>\n\t<meta name=\"twitter:label2\" content=\"Becs\u00fclt olvas\u00e1si id\u0151\" \/>\n\t<meta name=\"twitter:data2\" content=\"1 perc\" \/>\n<script type=\"application\/ld+json\" class=\"yoast-schema-graph\">{\"@context\":\"https:\\\/\\\/schema.org\",\"@graph\":[{\"@type\":\"Article\",\"@id\":\"https:\\\/\\\/stuttgarti-katolikusok.de\\\/index.php\\\/programelozetes-november-21-es-27-kozott\\\/#article\",\"isPartOf\":{\"@id\":\"https:\\\/\\\/stuttgarti-katolikusok.de\\\/index.php\\\/programelozetes-november-21-es-27-kozott\\\/\"},\"author\":{\"name\":\"Tibor atya\",\"@id\":\"https:\\\/\\\/stuttgarti-katolikusok.de\\\/#\\\/schema\\\/person\\\/75908d6f8fdc03a57889d27209df7795\"},\"headline\":\"Programel\u0151zetes november 21 \u00e9s 27 k\u00f6z\u00f6tt\",\"datePublished\":\"2016-11-21T06:18:18+00:00\",\"dateModified\":\"2020-04-27T16:09:10+00:00\",\"mainEntityOfPage\":{\"@id\":\"https:\\\/\\\/stuttgarti-katolikusok.de\\\/index.php\\\/programelozetes-november-21-es-27-kozott\\\/\"},\"wordCount\":279,\"articleSection\":[\"Progamel\u0151zetes\"],\"inLanguage\":\"hu\"},{\"@type\":\"WebPage\",\"@id\":\"https:\\\/\\\/stuttgarti-katolikusok.de\\\/index.php\\\/programelozetes-november-21-es-27-kozott\\\/\",\"url\":\"https:\\\/\\\/stuttgarti-katolikusok.de\\\/index.php\\\/programelozetes-november-21-es-27-kozott\\\/\",\"name\":\"Programel\u0151zetes november 21 \u00e9s 27 k\u00f6z\u00f6tt - Stuttgarti Katolikusok\",\"isPartOf\":{\"@id\":\"https:\\\/\\\/stuttgarti-katolikusok.de\\\/#website\"},\"datePublished\":\"2016-11-21T06:18:18+00:00\",\"dateModified\":\"2020-04-27T16:09:10+00:00\",\"author\":{\"@id\":\"https:\\\/\\\/stuttgarti-katolikusok.de\\\/#\\\/schema\\\/person\\\/75908d6f8fdc03a57889d27209df7795\"},\"breadcrumb\":{\"@id\":\"https:\\\/\\\/stuttgarti-katolikusok.de\\\/index.php\\\/programelozetes-november-21-es-27-kozott\\\/#breadcrumb\"},\"inLanguage\":\"hu\",\"potentialAction\":[{\"@type\":\"ReadAction\",\"target\":[\"https:\\\/\\\/stuttgarti-katolikusok.de\\\/index.php\\\/programelozetes-november-21-es-27-kozott\\\/\"]}]},{\"@type\":\"BreadcrumbList\",\"@id\":\"https:\\\/\\\/stuttgarti-katolikusok.de\\\/index.php\\\/programelozetes-november-21-es-27-kozott\\\/#breadcrumb\",\"itemListElement\":[{\"@type\":\"ListItem\",\"position\":1,\"name\":\"Kezd\u0151lap\",\"item\":\"https:\\\/\\\/stuttgarti-katolikusok.de\\\/\"},{\"@type\":\"ListItem\",\"position\":2,\"name\":\"Programel\u0151zetes november 21 \u00e9s 27 k\u00f6z\u00f6tt\"}]},{\"@type\":\"WebSite\",\"@id\":\"https:\\\/\\\/stuttgarti-katolikusok.de\\\/#website\",\"url\":\"https:\\\/\\\/stuttgarti-katolikusok.de\\\/\",\"name\":\"Stuttgarti Katolikusok\",\"description\":\"\",\"potentialAction\":[{\"@type\":\"SearchAction\",\"target\":{\"@type\":\"EntryPoint\",\"urlTemplate\":\"https:\\\/\\\/stuttgarti-katolikusok.de\\\/?s={search_term_string}\"},\"query-input\":{\"@type\":\"PropertyValueSpecification\",\"valueRequired\":true,\"valueName\":\"search_term_string\"}}],\"inLanguage\":\"hu\"},{\"@type\":\"Person\",\"@id\":\"https:\\\/\\\/stuttgarti-katolikusok.de\\\/#\\\/schema\\\/person\\\/75908d6f8fdc03a57889d27209df7795\",\"name\":\"Tibor atya\",\"image\":{\"@type\":\"ImageObject\",\"inLanguage\":\"hu\",\"@id\":\"https:\\\/\\\/secure.gravatar.com\\\/avatar\\\/61d268e57d1f4525b111222e29d2d5a7f8c420fdbf231ba5566a8ceac74fa960?s=96&d=mm&r=g\",\"url\":\"https:\\\/\\\/secure.gravatar.com\\\/avatar\\\/61d268e57d1f4525b111222e29d2d5a7f8c420fdbf231ba5566a8ceac74fa960?s=96&d=mm&r=g\",\"contentUrl\":\"https:\\\/\\\/secure.gravatar.com\\\/avatar\\\/61d268e57d1f4525b111222e29d2d5a7f8c420fdbf231ba5566a8ceac74fa960?s=96&d=mm&r=g\",\"caption\":\"Tibor atya\"},\"url\":\"https:\\\/\\\/stuttgarti-katolikusok.de\\\/index.php\\\/author\\\/tibor-atya\\\/\"}]}<\/script>\n<!-- \/ Yoast SEO plugin. -->","yoast_head_json":{"title":"Programel\u0151zetes november 21 \u00e9s 27 k\u00f6z\u00f6tt - Stuttgarti Katolikusok","robots":{"index":"index","follow":"follow","max-snippet":"max-snippet:-1","max-image-preview":"max-image-preview:large","max-video-preview":"max-video-preview:-1"},"canonical":"https:\/\/stuttgarti-katolikusok.de\/index.php\/programelozetes-november-21-es-27-kozott\/","og_locale":"hu_HU","og_type":"article","og_title":"Programel\u0151zetes november 21 \u00e9s 27 k\u00f6z\u00f6tt - Stuttgarti Katolikusok","og_description":"Programel\u0151zetes &nbsp; November 24-\u00e9n, cs\u00fct\u00f6rt\u00f6k\u00f6n, 17.30 \u00f3rakor Ulmban szentmise. El\u0151tte gy\u00f3n\u00e1si lehet\u0151s\u00e9g, ut\u00e1na Besz\u00e9lget\u00e9sek a Bibli\u00e1r\u00f3l. * November 25-\u00e9n, p\u00e9nteken, 15.30 \u00f3rakor, Stuttgartban Bar\u00e1ts\u00e1gklub. Minden id\u0151sebb, kellemes \u00e9s kereszt\u00e9ny t\u00e1rsas\u00e1gra v\u00e1gy\u00f3t szeretettel l\u00e1t a Tags\u00e1g! 17.50 \u00f3r\u00e1t\u00f3l r\u00f3zsaf\u00fcz\u00e9r-\u00e1jtatoss\u00e1g, ut\u00e1na szentmise. Keret\u00e9ben P\u00e9nteki Egyetem. Ut\u00e1na 19.00 \u00f3rakor Sportklub. Ugyancsak p\u00e9nteken 17.30 \u00f3rakor Weingartenben a St.-Marien-templomban szentmise. El\u0151tte gy\u00f3ntat\u00e1s, ut\u00e1na Besz\u00e9lget\u00e9s a Bibli\u00e1r\u00f3l. * November 26-\u00e1n, szombaton, 14.30 \u00f3rakor katek\u00e9zis, 15.30 \u00f3rakor Heidenheimban szentmise. El\u0151tte gy\u00f3n\u00e1si lehet\u0151s\u00e9g, ut\u00e1na \u00e1g\u00e1p\u00e9. Ugyancsak november 26-\u00e1n, szombaton, Reutlingenben templomb\u00facs\u00fa: \u00c1rp\u00e1dh\u00e1zi Szent Erzs\u00e9bet \u00fcnnepe. 16.30 \u00f3rakor szentmise, ut\u00e1na \u00e1g\u00e1p\u00e9. * November 27-\u00e9n, vas\u00e1rnap, 8.45 \u00f3rakor\u00a0 Biberachban\u00a0szentmise, majd ut\u00e1na \u00e1g\u00e1p\u00e9. El\u0151tte gy\u00f3ntat\u00e1si lehet\u0151s\u00e9g. 9.30 \u00f3rakor B\u00f6blingenben szentmise, el\u0151tte gy\u00f3n\u00e1si lehet\u0151s\u00e9g, ut\u00e1na \u00e1g\u00e1p\u00e9. 15.00 \u00f3rakor Eislingenben templomb\u00facs\u00fa, Sk\u00f3ciai Szent Margit \u00fcnnepe. Ut\u00e1na \u00e1g\u00e1p\u00e9 \u00e9s bar\u00e1ti egy\u00fcttl\u00e9t. 15.30 \u00f3rakor Heilbronnban szentmise, ut\u00e1na \u00e1g\u00e1p\u00e9. * Minden helyen mindenkit szeretettel v\u00e1r a k\u00f6z\u00f6ss\u00e9g, Imre atya \u00e9s Tibor atya! \u201eA b\u00f6lcs emberek mindig t\u00f6bb lehet\u0151s\u00e9get teremtenek maguknak, mint amennyit tal\u00e1lnak\u201d (Francis Bacon Ferenc \u2013 1561-1626 \u2013 angol filoz\u00f3fus) Sz\u00e9p napokat, j\u00f3 munk\u00e1t, tartalmas besz\u00e9lget\u00e9seket \u00e9s kellemes tal\u00e1lkoz\u00e1sokat k\u00edv\u00e1nunk minden Kedves H\u00edv\u00fcnknek!","og_url":"https:\/\/stuttgarti-katolikusok.de\/index.php\/programelozetes-november-21-es-27-kozott\/","og_site_name":"Stuttgarti Katolikusok","article_published_time":"2016-11-21T06:18:18+00:00","article_modified_time":"2020-04-27T16:09:10+00:00","author":"Tibor atya","twitter_card":"summary_large_image","twitter_misc":{"Szerz\u0151:":"Tibor atya","Becs\u00fclt olvas\u00e1si id\u0151":"1 perc"},"schema":{"@context":"https:\/\/schema.org","@graph":[{"@type":"Article","@id":"https:\/\/stuttgarti-katolikusok.de\/index.php\/programelozetes-november-21-es-27-kozott\/#article","isPartOf":{"@id":"https:\/\/stuttgarti-katolikusok.de\/index.php\/programelozetes-november-21-es-27-kozott\/"},"author":{"name":"Tibor atya","@id":"https:\/\/stuttgarti-katolikusok.de\/#\/schema\/person\/75908d6f8fdc03a57889d27209df7795"},"headline":"Programel\u0151zetes november 21 \u00e9s 27 k\u00f6z\u00f6tt","datePublished":"2016-11-21T06:18:18+00:00","dateModified":"2020-04-27T16:09:10+00:00","mainEntityOfPage":{"@id":"https:\/\/stuttgarti-katolikusok.de\/index.php\/programelozetes-november-21-es-27-kozott\/"},"wordCount":279,"articleSection":["Progamel\u0151zetes"],"inLanguage":"hu"},{"@type":"WebPage","@id":"https:\/\/stuttgarti-katolikusok.de\/index.php\/programelozetes-november-21-es-27-kozott\/","url":"https:\/\/stuttgarti-katolikusok.de\/index.php\/programelozetes-november-21-es-27-kozott\/","name":"Programel\u0151zetes november 21 \u00e9s 27 k\u00f6z\u00f6tt - Stuttgarti Katolikusok","isPartOf":{"@id":"https:\/\/stuttgarti-katolikusok.de\/#website"},"datePublished":"2016-11-21T06:18:18+00:00","dateModified":"2020-04-27T16:09:10+00:00","author":{"@id":"https:\/\/stuttgarti-katolikusok.de\/#\/schema\/person\/75908d6f8fdc03a57889d27209df7795"},"breadcrumb":{"@id":"https:\/\/stuttgarti-katolikusok.de\/index.php\/programelozetes-november-21-es-27-kozott\/#breadcrumb"},"inLanguage":"hu","potentialAction":[{"@type":"ReadAction","target":["https:\/\/stuttgarti-katolikusok.de\/index.php\/programelozetes-november-21-es-27-kozott\/"]}]},{"@type":"BreadcrumbList","@id":"https:\/\/stuttgarti-katolikusok.de\/index.php\/programelozetes-november-21-es-27-kozott\/#breadcrumb","itemListElement":[{"@type":"ListItem","position":1,"name":"Kezd\u0151lap","item":"https:\/\/stuttgarti-katolikusok.de\/"},{"@type":"ListItem","position":2,"name":"Programel\u0151zetes november 21 \u00e9s 27 k\u00f6z\u00f6tt"}]},{"@type":"WebSite","@id":"https:\/\/stuttgarti-katolikusok.de\/#website","url":"https:\/\/stuttgarti-katolikusok.de\/","name":"Stuttgarti Katolikusok","description":"","potentialAction":[{"@type":"SearchAction","target":{"@type":"EntryPoint","urlTemplate":"https:\/\/stuttgarti-katolikusok.de\/?s={search_term_string}"},"query-input":{"@type":"PropertyValueSpecification","valueRequired":true,"valueName":"search_term_string"}}],"inLanguage":"hu"},{"@type":"Person","@id":"https:\/\/stuttgarti-katolikusok.de\/#\/schema\/person\/75908d6f8fdc03a57889d27209df7795","name":"Tibor atya","image":{"@type":"ImageObject","inLanguage":"hu","@id":"https:\/\/secure.gravatar.com\/avatar\/61d268e57d1f4525b111222e29d2d5a7f8c420fdbf231ba5566a8ceac74fa960?s=96&d=mm&r=g","url":"https:\/\/secure.gravatar.com\/avatar\/61d268e57d1f4525b111222e29d2d5a7f8c420fdbf231ba5566a8ceac74fa960?s=96&d=mm&r=g","contentUrl":"https:\/\/secure.gravatar.com\/avatar\/61d268e57d1f4525b111222e29d2d5a7f8c420fdbf231ba5566a8ceac74fa960?s=96&d=mm&r=g","caption":"Tibor atya"},"url":"https:\/\/stuttgarti-katolikusok.de\/index.php\/author\/tibor-atya\/"}]}},"_links":{"self":[{"href":"https:\/\/stuttgarti-katolikusok.de\/index.php\/wp-json\/wp\/v2\/posts\/10275","targetHints":{"allow":["GET"]}}],"collection":[{"href":"https:\/\/stuttgarti-katolikusok.de\/index.php\/wp-json\/wp\/v2\/posts"}],"about":[{"href":"https:\/\/stuttgarti-katolikusok.de\/index.php\/wp-json\/wp\/v2\/types\/post"}],"author":[{"embeddable":true,"href":"https:\/\/stuttgarti-katolikusok.de\/index.php\/wp-json\/wp\/v2\/users\/3"}],"replies":[{"embeddable":true,"href":"https:\/\/stuttgarti-katolikusok.de\/index.php\/wp-json\/wp\/v2\/comments?post=10275"}],"version-history":[{"count":2,"href":"https:\/\/stuttgarti-katolikusok.de\/index.php\/wp-json\/wp\/v2\/posts\/10275\/revisions"}],"predecessor-version":[{"id":10279,"href":"https:\/\/stuttgarti-katolikusok.de\/index.php\/wp-json\/wp\/v2\/posts\/10275\/revisions\/10279"}],"wp:attachment":[{"href":"https:\/\/stuttgarti-katolikusok.de\/index.php\/wp-json\/wp\/v2\/media?parent=10275"}],"wp:term":[{"taxonomy":"category","embeddable":true,"href":"https:\/\/stuttgarti-katolikusok.de\/index.php\/wp-json\/wp\/v2\/categories?post=10275"},{"taxonomy":"post_tag","embeddable":true,"href":"https:\/\/stuttgarti-katolikusok.de\/index.php\/wp-json\/wp\/v2\/tags?post=10275"}],"curies":[{"name":"wp","href":"https:\/\/api.w.org\/{rel}","templated":true}]}}