{"id":10245,"date":"2016-11-17T10:21:27","date_gmt":"2016-11-17T10:21:27","guid":{"rendered":"https:\/\/gracious-dewdney.138-201-221-2.plesk.page\/?p=10245"},"modified":"2016-11-17T10:30:12","modified_gmt":"2016-11-17T10:30:12","slug":"kiss-benedek-mate-furulya-koncert","status":"publish","type":"post","link":"https:\/\/stuttgarti-katolikusok.de\/index.php\/kiss-benedek-mate-furulya-koncert\/","title":{"rendered":"Kiss Benedek M\u00e1t\u00e9 furulya koncertje"},"content":{"rendered":"<p><a href=\"https:\/\/stuttgarti-katolikusok.de\/wp-content\/uploads\/2016\/11\/kiss-benedek.png\"><img loading=\"lazy\" decoding=\"async\" class=\"alignnone size-medium wp-image-10247 aligncenter\" src=\"https:\/\/stuttgarti-katolikusok.de\/wp-content\/uploads\/2016\/11\/kiss-benedek-228x300.png\" alt=\"Kiss Benedek\" width=\"228\" height=\"300\" srcset=\"https:\/\/stuttgarti-katolikusok.de\/wp-content\/uploads\/2016\/11\/kiss-benedek-228x300.png 228w, https:\/\/stuttgarti-katolikusok.de\/wp-content\/uploads\/2016\/11\/kiss-benedek-778x1024.png 778w, https:\/\/stuttgarti-katolikusok.de\/wp-content\/uploads\/2016\/11\/kiss-benedek.png 1210w\" sizes=\"auto, (max-width: 228px) 100vw, 228px\" \/><\/a><\/p>\n<p>2016. november 20-\u00e1n, vas\u00e1rnap a 12 \u00f3rakor kezd\u0151d\u0151 szentmis\u00e9t k\u00f6vet\u0151en szeretettel v\u00e1runk Kiss Benedek M\u00e1t\u00e9 furulya koncertj\u00e9re. Benedek a Duna TV \u00e1ltal ind\u00edtott Virtu\u00f3zok tehets\u00e9gkutat\u00f3 verseny d\u00f6nt\u0151se.<\/p>\n<p>Feledhetetlen zenei \u00e9lm\u00e9nyben lesz r\u00e9sz\u00fcnk. Szeretettel v\u00e1runk mind a szentmis\u00e9re, mind a furulya koncertre!<\/p>\n<p>&nbsp;<\/p>\n","protected":false},"excerpt":{"rendered":"<p>2016. november 20-\u00e1n, vas\u00e1rnap a 12 \u00f3rakor kezd\u0151d\u0151 szentmis\u00e9t k\u00f6vet\u0151en szeretettel v\u00e1runk Kiss Benedek M\u00e1t\u00e9 furulya koncertj\u00e9re. Benedek a Duna TV \u00e1ltal ind\u00edtott Virtu\u00f3zok tehets\u00e9gkutat\u00f3 verseny d\u00f6nt\u0151se. Feledhetetlen zenei \u00e9lm\u00e9nyben lesz r\u00e9sz\u00fcnk. Szeretettel v\u00e1runk mind a szentmis\u00e9re, mind a furulya koncertre! &nbsp;<\/p>\n","protected":false},"author":3,"featured_media":10246,"comment_status":"closed","ping_status":"closed","sticky":false,"template":"","format":"standard","meta":{"footnotes":""},"categories":[5],"tags":[],"class_list":["post-10245","post","type-post","status-publish","format-standard","has-post-thumbnail","hentry","category-hirek"],"yoast_head":"<!-- This site is optimized with the Yoast SEO plugin v27.3 - https:\/\/yoast.com\/product\/yoast-seo-wordpress\/ -->\n<title>Kiss Benedek M\u00e1t\u00e9 furulya koncertje - Stuttgarti Katolikusok<\/title>\n<meta name=\"robots\" content=\"index, follow, max-snippet:-1, max-image-preview:large, max-video-preview:-1\" \/>\n<link rel=\"canonical\" href=\"https:\/\/stuttgarti-katolikusok.de\/index.php\/kiss-benedek-mate-furulya-koncert\/\" \/>\n<meta property=\"og:locale\" content=\"hu_HU\" \/>\n<meta property=\"og:type\" content=\"article\" \/>\n<meta property=\"og:title\" content=\"Kiss Benedek M\u00e1t\u00e9 furulya koncertje - Stuttgarti Katolikusok\" \/>\n<meta property=\"og:description\" content=\"2016. november 20-\u00e1n, vas\u00e1rnap a 12 \u00f3rakor kezd\u0151d\u0151 szentmis\u00e9t k\u00f6vet\u0151en szeretettel v\u00e1runk Kiss Benedek M\u00e1t\u00e9 furulya koncertj\u00e9re. Benedek a Duna TV \u00e1ltal ind\u00edtott Virtu\u00f3zok tehets\u00e9gkutat\u00f3 verseny d\u00f6nt\u0151se. Feledhetetlen zenei \u00e9lm\u00e9nyben lesz r\u00e9sz\u00fcnk. Szeretettel v\u00e1runk mind a szentmis\u00e9re, mind a furulya koncertre! &nbsp;\" \/>\n<meta property=\"og:url\" content=\"https:\/\/stuttgarti-katolikusok.de\/index.php\/kiss-benedek-mate-furulya-koncert\/\" \/>\n<meta property=\"og:site_name\" content=\"Stuttgarti Katolikusok\" \/>\n<meta property=\"article:published_time\" content=\"2016-11-17T10:21:27+00:00\" \/>\n<meta property=\"article:modified_time\" content=\"2016-11-17T10:30:12+00:00\" \/>\n<meta property=\"og:image\" content=\"https:\/\/stuttgarti-katolikusok.de\/wp-content\/uploads\/2016\/11\/kiss-benedek-mate.jpg\" \/>\n\t<meta property=\"og:image:width\" content=\"1701\" \/>\n\t<meta property=\"og:image:height\" content=\"964\" \/>\n\t<meta property=\"og:image:type\" content=\"image\/jpeg\" \/>\n<meta name=\"author\" content=\"Tibor atya\" \/>\n<meta name=\"twitter:card\" content=\"summary_large_image\" \/>\n<meta name=\"twitter:label1\" content=\"Szerz\u0151:\" \/>\n\t<meta name=\"twitter:data1\" content=\"Tibor atya\" \/>\n<script type=\"application\/ld+json\" class=\"yoast-schema-graph\">{\"@context\":\"https:\\\/\\\/schema.org\",\"@graph\":[{\"@type\":\"Article\",\"@id\":\"https:\\\/\\\/stuttgarti-katolikusok.de\\\/index.php\\\/kiss-benedek-mate-furulya-koncert\\\/#article\",\"isPartOf\":{\"@id\":\"https:\\\/\\\/stuttgarti-katolikusok.de\\\/index.php\\\/kiss-benedek-mate-furulya-koncert\\\/\"},\"author\":{\"name\":\"Tibor atya\",\"@id\":\"https:\\\/\\\/stuttgarti-katolikusok.de\\\/#\\\/schema\\\/person\\\/75908d6f8fdc03a57889d27209df7795\"},\"headline\":\"Kiss Benedek M\u00e1t\u00e9 furulya koncertje\",\"datePublished\":\"2016-11-17T10:21:27+00:00\",\"dateModified\":\"2016-11-17T10:30:12+00:00\",\"mainEntityOfPage\":{\"@id\":\"https:\\\/\\\/stuttgarti-katolikusok.de\\\/index.php\\\/kiss-benedek-mate-furulya-koncert\\\/\"},\"wordCount\":65,\"image\":{\"@id\":\"https:\\\/\\\/stuttgarti-katolikusok.de\\\/index.php\\\/kiss-benedek-mate-furulya-koncert\\\/#primaryimage\"},\"thumbnailUrl\":\"https:\\\/\\\/stuttgarti-katolikusok.de\\\/wp-content\\\/uploads\\\/2016\\\/11\\\/kiss-benedek-mate.jpg\",\"articleSection\":[\"H\u00edrek\"],\"inLanguage\":\"hu\"},{\"@type\":\"WebPage\",\"@id\":\"https:\\\/\\\/stuttgarti-katolikusok.de\\\/index.php\\\/kiss-benedek-mate-furulya-koncert\\\/\",\"url\":\"https:\\\/\\\/stuttgarti-katolikusok.de\\\/index.php\\\/kiss-benedek-mate-furulya-koncert\\\/\",\"name\":\"Kiss Benedek M\u00e1t\u00e9 furulya koncertje - Stuttgarti Katolikusok\",\"isPartOf\":{\"@id\":\"https:\\\/\\\/stuttgarti-katolikusok.de\\\/#website\"},\"primaryImageOfPage\":{\"@id\":\"https:\\\/\\\/stuttgarti-katolikusok.de\\\/index.php\\\/kiss-benedek-mate-furulya-koncert\\\/#primaryimage\"},\"image\":{\"@id\":\"https:\\\/\\\/stuttgarti-katolikusok.de\\\/index.php\\\/kiss-benedek-mate-furulya-koncert\\\/#primaryimage\"},\"thumbnailUrl\":\"https:\\\/\\\/stuttgarti-katolikusok.de\\\/wp-content\\\/uploads\\\/2016\\\/11\\\/kiss-benedek-mate.jpg\",\"datePublished\":\"2016-11-17T10:21:27+00:00\",\"dateModified\":\"2016-11-17T10:30:12+00:00\",\"author\":{\"@id\":\"https:\\\/\\\/stuttgarti-katolikusok.de\\\/#\\\/schema\\\/person\\\/75908d6f8fdc03a57889d27209df7795\"},\"breadcrumb\":{\"@id\":\"https:\\\/\\\/stuttgarti-katolikusok.de\\\/index.php\\\/kiss-benedek-mate-furulya-koncert\\\/#breadcrumb\"},\"inLanguage\":\"hu\",\"potentialAction\":[{\"@type\":\"ReadAction\",\"target\":[\"https:\\\/\\\/stuttgarti-katolikusok.de\\\/index.php\\\/kiss-benedek-mate-furulya-koncert\\\/\"]}]},{\"@type\":\"ImageObject\",\"inLanguage\":\"hu\",\"@id\":\"https:\\\/\\\/stuttgarti-katolikusok.de\\\/index.php\\\/kiss-benedek-mate-furulya-koncert\\\/#primaryimage\",\"url\":\"https:\\\/\\\/stuttgarti-katolikusok.de\\\/wp-content\\\/uploads\\\/2016\\\/11\\\/kiss-benedek-mate.jpg\",\"contentUrl\":\"https:\\\/\\\/stuttgarti-katolikusok.de\\\/wp-content\\\/uploads\\\/2016\\\/11\\\/kiss-benedek-mate.jpg\",\"width\":1701,\"height\":964},{\"@type\":\"BreadcrumbList\",\"@id\":\"https:\\\/\\\/stuttgarti-katolikusok.de\\\/index.php\\\/kiss-benedek-mate-furulya-koncert\\\/#breadcrumb\",\"itemListElement\":[{\"@type\":\"ListItem\",\"position\":1,\"name\":\"Kezd\u0151lap\",\"item\":\"https:\\\/\\\/stuttgarti-katolikusok.de\\\/\"},{\"@type\":\"ListItem\",\"position\":2,\"name\":\"Kiss Benedek M\u00e1t\u00e9 furulya koncertje\"}]},{\"@type\":\"WebSite\",\"@id\":\"https:\\\/\\\/stuttgarti-katolikusok.de\\\/#website\",\"url\":\"https:\\\/\\\/stuttgarti-katolikusok.de\\\/\",\"name\":\"Stuttgarti Katolikusok\",\"description\":\"\",\"potentialAction\":[{\"@type\":\"SearchAction\",\"target\":{\"@type\":\"EntryPoint\",\"urlTemplate\":\"https:\\\/\\\/stuttgarti-katolikusok.de\\\/?s={search_term_string}\"},\"query-input\":{\"@type\":\"PropertyValueSpecification\",\"valueRequired\":true,\"valueName\":\"search_term_string\"}}],\"inLanguage\":\"hu\"},{\"@type\":\"Person\",\"@id\":\"https:\\\/\\\/stuttgarti-katolikusok.de\\\/#\\\/schema\\\/person\\\/75908d6f8fdc03a57889d27209df7795\",\"name\":\"Tibor atya\",\"image\":{\"@type\":\"ImageObject\",\"inLanguage\":\"hu\",\"@id\":\"https:\\\/\\\/secure.gravatar.com\\\/avatar\\\/61d268e57d1f4525b111222e29d2d5a7f8c420fdbf231ba5566a8ceac74fa960?s=96&d=mm&r=g\",\"url\":\"https:\\\/\\\/secure.gravatar.com\\\/avatar\\\/61d268e57d1f4525b111222e29d2d5a7f8c420fdbf231ba5566a8ceac74fa960?s=96&d=mm&r=g\",\"contentUrl\":\"https:\\\/\\\/secure.gravatar.com\\\/avatar\\\/61d268e57d1f4525b111222e29d2d5a7f8c420fdbf231ba5566a8ceac74fa960?s=96&d=mm&r=g\",\"caption\":\"Tibor atya\"},\"url\":\"https:\\\/\\\/stuttgarti-katolikusok.de\\\/index.php\\\/author\\\/tibor-atya\\\/\"}]}<\/script>\n<!-- \/ Yoast SEO plugin. -->","yoast_head_json":{"title":"Kiss Benedek M\u00e1t\u00e9 furulya koncertje - Stuttgarti Katolikusok","robots":{"index":"index","follow":"follow","max-snippet":"max-snippet:-1","max-image-preview":"max-image-preview:large","max-video-preview":"max-video-preview:-1"},"canonical":"https:\/\/stuttgarti-katolikusok.de\/index.php\/kiss-benedek-mate-furulya-koncert\/","og_locale":"hu_HU","og_type":"article","og_title":"Kiss Benedek M\u00e1t\u00e9 furulya koncertje - Stuttgarti Katolikusok","og_description":"2016. november 20-\u00e1n, vas\u00e1rnap a 12 \u00f3rakor kezd\u0151d\u0151 szentmis\u00e9t k\u00f6vet\u0151en szeretettel v\u00e1runk Kiss Benedek M\u00e1t\u00e9 furulya koncertj\u00e9re. Benedek a Duna TV \u00e1ltal ind\u00edtott Virtu\u00f3zok tehets\u00e9gkutat\u00f3 verseny d\u00f6nt\u0151se. Feledhetetlen zenei \u00e9lm\u00e9nyben lesz r\u00e9sz\u00fcnk. Szeretettel v\u00e1runk mind a szentmis\u00e9re, mind a furulya koncertre! &nbsp;","og_url":"https:\/\/stuttgarti-katolikusok.de\/index.php\/kiss-benedek-mate-furulya-koncert\/","og_site_name":"Stuttgarti Katolikusok","article_published_time":"2016-11-17T10:21:27+00:00","article_modified_time":"2016-11-17T10:30:12+00:00","og_image":[{"width":1701,"height":964,"url":"https:\/\/stuttgarti-katolikusok.de\/wp-content\/uploads\/2016\/11\/kiss-benedek-mate.jpg","type":"image\/jpeg"}],"author":"Tibor atya","twitter_card":"summary_large_image","twitter_misc":{"Szerz\u0151:":"Tibor atya"},"schema":{"@context":"https:\/\/schema.org","@graph":[{"@type":"Article","@id":"https:\/\/stuttgarti-katolikusok.de\/index.php\/kiss-benedek-mate-furulya-koncert\/#article","isPartOf":{"@id":"https:\/\/stuttgarti-katolikusok.de\/index.php\/kiss-benedek-mate-furulya-koncert\/"},"author":{"name":"Tibor atya","@id":"https:\/\/stuttgarti-katolikusok.de\/#\/schema\/person\/75908d6f8fdc03a57889d27209df7795"},"headline":"Kiss Benedek M\u00e1t\u00e9 furulya koncertje","datePublished":"2016-11-17T10:21:27+00:00","dateModified":"2016-11-17T10:30:12+00:00","mainEntityOfPage":{"@id":"https:\/\/stuttgarti-katolikusok.de\/index.php\/kiss-benedek-mate-furulya-koncert\/"},"wordCount":65,"image":{"@id":"https:\/\/stuttgarti-katolikusok.de\/index.php\/kiss-benedek-mate-furulya-koncert\/#primaryimage"},"thumbnailUrl":"https:\/\/stuttgarti-katolikusok.de\/wp-content\/uploads\/2016\/11\/kiss-benedek-mate.jpg","articleSection":["H\u00edrek"],"inLanguage":"hu"},{"@type":"WebPage","@id":"https:\/\/stuttgarti-katolikusok.de\/index.php\/kiss-benedek-mate-furulya-koncert\/","url":"https:\/\/stuttgarti-katolikusok.de\/index.php\/kiss-benedek-mate-furulya-koncert\/","name":"Kiss Benedek M\u00e1t\u00e9 furulya koncertje - Stuttgarti Katolikusok","isPartOf":{"@id":"https:\/\/stuttgarti-katolikusok.de\/#website"},"primaryImageOfPage":{"@id":"https:\/\/stuttgarti-katolikusok.de\/index.php\/kiss-benedek-mate-furulya-koncert\/#primaryimage"},"image":{"@id":"https:\/\/stuttgarti-katolikusok.de\/index.php\/kiss-benedek-mate-furulya-koncert\/#primaryimage"},"thumbnailUrl":"https:\/\/stuttgarti-katolikusok.de\/wp-content\/uploads\/2016\/11\/kiss-benedek-mate.jpg","datePublished":"2016-11-17T10:21:27+00:00","dateModified":"2016-11-17T10:30:12+00:00","author":{"@id":"https:\/\/stuttgarti-katolikusok.de\/#\/schema\/person\/75908d6f8fdc03a57889d27209df7795"},"breadcrumb":{"@id":"https:\/\/stuttgarti-katolikusok.de\/index.php\/kiss-benedek-mate-furulya-koncert\/#breadcrumb"},"inLanguage":"hu","potentialAction":[{"@type":"ReadAction","target":["https:\/\/stuttgarti-katolikusok.de\/index.php\/kiss-benedek-mate-furulya-koncert\/"]}]},{"@type":"ImageObject","inLanguage":"hu","@id":"https:\/\/stuttgarti-katolikusok.de\/index.php\/kiss-benedek-mate-furulya-koncert\/#primaryimage","url":"https:\/\/stuttgarti-katolikusok.de\/wp-content\/uploads\/2016\/11\/kiss-benedek-mate.jpg","contentUrl":"https:\/\/stuttgarti-katolikusok.de\/wp-content\/uploads\/2016\/11\/kiss-benedek-mate.jpg","width":1701,"height":964},{"@type":"BreadcrumbList","@id":"https:\/\/stuttgarti-katolikusok.de\/index.php\/kiss-benedek-mate-furulya-koncert\/#breadcrumb","itemListElement":[{"@type":"ListItem","position":1,"name":"Kezd\u0151lap","item":"https:\/\/stuttgarti-katolikusok.de\/"},{"@type":"ListItem","position":2,"name":"Kiss Benedek M\u00e1t\u00e9 furulya koncertje"}]},{"@type":"WebSite","@id":"https:\/\/stuttgarti-katolikusok.de\/#website","url":"https:\/\/stuttgarti-katolikusok.de\/","name":"Stuttgarti Katolikusok","description":"","potentialAction":[{"@type":"SearchAction","target":{"@type":"EntryPoint","urlTemplate":"https:\/\/stuttgarti-katolikusok.de\/?s={search_term_string}"},"query-input":{"@type":"PropertyValueSpecification","valueRequired":true,"valueName":"search_term_string"}}],"inLanguage":"hu"},{"@type":"Person","@id":"https:\/\/stuttgarti-katolikusok.de\/#\/schema\/person\/75908d6f8fdc03a57889d27209df7795","name":"Tibor atya","image":{"@type":"ImageObject","inLanguage":"hu","@id":"https:\/\/secure.gravatar.com\/avatar\/61d268e57d1f4525b111222e29d2d5a7f8c420fdbf231ba5566a8ceac74fa960?s=96&d=mm&r=g","url":"https:\/\/secure.gravatar.com\/avatar\/61d268e57d1f4525b111222e29d2d5a7f8c420fdbf231ba5566a8ceac74fa960?s=96&d=mm&r=g","contentUrl":"https:\/\/secure.gravatar.com\/avatar\/61d268e57d1f4525b111222e29d2d5a7f8c420fdbf231ba5566a8ceac74fa960?s=96&d=mm&r=g","caption":"Tibor atya"},"url":"https:\/\/stuttgarti-katolikusok.de\/index.php\/author\/tibor-atya\/"}]}},"_links":{"self":[{"href":"https:\/\/stuttgarti-katolikusok.de\/index.php\/wp-json\/wp\/v2\/posts\/10245","targetHints":{"allow":["GET"]}}],"collection":[{"href":"https:\/\/stuttgarti-katolikusok.de\/index.php\/wp-json\/wp\/v2\/posts"}],"about":[{"href":"https:\/\/stuttgarti-katolikusok.de\/index.php\/wp-json\/wp\/v2\/types\/post"}],"author":[{"embeddable":true,"href":"https:\/\/stuttgarti-katolikusok.de\/index.php\/wp-json\/wp\/v2\/users\/3"}],"replies":[{"embeddable":true,"href":"https:\/\/stuttgarti-katolikusok.de\/index.php\/wp-json\/wp\/v2\/comments?post=10245"}],"version-history":[{"count":2,"href":"https:\/\/stuttgarti-katolikusok.de\/index.php\/wp-json\/wp\/v2\/posts\/10245\/revisions"}],"predecessor-version":[{"id":10251,"href":"https:\/\/stuttgarti-katolikusok.de\/index.php\/wp-json\/wp\/v2\/posts\/10245\/revisions\/10251"}],"wp:featuredmedia":[{"embeddable":true,"href":"https:\/\/stuttgarti-katolikusok.de\/index.php\/wp-json\/wp\/v2\/media\/10246"}],"wp:attachment":[{"href":"https:\/\/stuttgarti-katolikusok.de\/index.php\/wp-json\/wp\/v2\/media?parent=10245"}],"wp:term":[{"taxonomy":"category","embeddable":true,"href":"https:\/\/stuttgarti-katolikusok.de\/index.php\/wp-json\/wp\/v2\/categories?post=10245"},{"taxonomy":"post_tag","embeddable":true,"href":"https:\/\/stuttgarti-katolikusok.de\/index.php\/wp-json\/wp\/v2\/tags?post=10245"}],"curies":[{"name":"wp","href":"https:\/\/api.w.org\/{rel}","templated":true}]}}