{"id":10234,"date":"2016-11-14T05:59:10","date_gmt":"2016-11-14T05:59:10","guid":{"rendered":"https:\/\/gracious-dewdney.138-201-221-2.plesk.page\/?p=10234"},"modified":"2016-11-14T17:21:24","modified_gmt":"2016-11-14T17:21:24","slug":"programelozetes-november-14-es-20-kozott","status":"publish","type":"post","link":"https:\/\/stuttgarti-katolikusok.de\/index.php\/programelozetes-november-14-es-20-kozott\/","title":{"rendered":"Programel\u0151zetes november 14 \u00e9s 20 k\u00f6z\u00f6tt"},"content":{"rendered":"<p><strong>Programel\u0151zetes<\/strong><\/p>\n<p><strong>November 17-\u00e9n, <\/strong>cs\u00fct\u00f6rt\u00f6k\u00f6n, <strong>Ulmban <\/strong>17.30 \u00f3rakor <em>r\u00f3zsaf\u00fcz\u00e9r-\u00e1jtatoss\u00e1g<\/em>, ezt k\u00f6vet\u0151en <em>szentmise<\/em>. A szentmise v\u00e9gezt\u00e9vel <em>Besz\u00e9lget\u00e9s a Bibli\u00e1r\u00f3l.<\/em><\/p>\n<p>*<\/p>\n<p><strong>November 18-\u00e1n, <\/strong>p\u00e9nteken, <strong>Stuttgartban <\/strong>15.30 \u00f3rakor <em>Bar\u00e1ts\u00e1gklub<\/em>. Minden kellemes t\u00e1rsas\u00e1gra v\u00e1gy\u00f3 \u00e9rdekl\u0151d\u0151t szeretettel v\u00e1r a Tags\u00e1g!<\/p>\n<p>Az esti <em>szentmise <\/em>\u00e9s a <em>Bibliak\u00f6r <\/em>ez alkalommal ELMARAD!<\/p>\n<p><strong>Weingartenben<\/strong>, a St. Marien-templomban 17.30 \u00f3r\u00e1t\u00f3l <em>r\u00f3zsaf\u00fcz\u00e9r-\u00e1jtatoss\u00e1g<\/em> \u00e9s <em>szentmise<\/em>, el\u0151tte gy\u00f3ntat\u00e1s. Szentmise ut\u00e1na pedig <em>Besz\u00e9lget\u00e9sek a Bibli\u00e1r\u00f3l.<\/em><\/p>\n<p>*<\/p>\n<p><strong>November 20-\u00e1n, <\/strong>vas\u00e1rnap, 9.30 \u00f3rakor <strong>Ludwigsburgban<\/strong> <em>szentmise<\/em>, ut\u00e1na <em>\u00e1g\u00e1p\u00e9<\/em>.<\/p>\n<p><strong>Stuttgartban<\/strong> 12.00 \u00f3rakor <em>szentmise.<\/em> Ut\u00e1na a ny\u00edregyh\u00e1zi <strong>Kiss Benedek<\/strong> ifj\u00fa furulyam\u0171v\u00e9sz ad <em>koncertet.<\/em><\/p>\n<p>Minden helyen mindenkit szeretettel v\u00e1r a k\u00f6z\u00f6ss\u00e9g, Imre atya \u00e9s Tibor atya!<\/p>\n<p>*<\/p>\n<p><em>\u201eAki igaz\u00e1n \u00e9lni akar \u00e9s j\u00f3l akarja mag\u00e1t az \u00e9letben \u00e9rezni, az ne foglalkozzon a szomsz\u00e9d b\u0171neivel!\u201d<\/em> <strong>(Paul Heyse \u2013 1830-1914 \u2013 n\u00e9met \u00edr\u00f3)<\/strong><\/p>\n<p><strong><em>Sz\u00e9p napokat, j\u00f3 munk\u00e1t, tartalmas besz\u00e9lget\u00e9seket \u00e9s kellemes tal\u00e1lkoz\u00e1sokat k\u00edv\u00e1nunk minden kedves H\u00edv\u00fcnknek!<\/em><\/strong><\/p>\n","protected":false},"excerpt":{"rendered":"<p>Programel\u0151zetes November 17-\u00e9n, cs\u00fct\u00f6rt\u00f6k\u00f6n, Ulmban 17.30 \u00f3rakor r\u00f3zsaf\u00fcz\u00e9r-\u00e1jtatoss\u00e1g, ezt k\u00f6vet\u0151en szentmise. A szentmise v\u00e9gezt\u00e9vel Besz\u00e9lget\u00e9s a Bibli\u00e1r\u00f3l. * November 18-\u00e1n, p\u00e9nteken, Stuttgartban 15.30 \u00f3rakor Bar\u00e1ts\u00e1gklub. Minden kellemes t\u00e1rsas\u00e1gra v\u00e1gy\u00f3 \u00e9rdekl\u0151d\u0151t szeretettel v\u00e1r a Tags\u00e1g! Az esti szentmise \u00e9s a Bibliak\u00f6r ez alkalommal ELMARAD! Weingartenben, a St. Marien-templomban 17.30 \u00f3r\u00e1t\u00f3l r\u00f3zsaf\u00fcz\u00e9r-\u00e1jtatoss\u00e1g \u00e9s szentmise, el\u0151tte gy\u00f3ntat\u00e1s. Szentmise ut\u00e1na pedig Besz\u00e9lget\u00e9sek a Bibli\u00e1r\u00f3l. * November 20-\u00e1n, vas\u00e1rnap, 9.30 \u00f3rakor Ludwigsburgban szentmise, ut\u00e1na \u00e1g\u00e1p\u00e9. Stuttgartban 12.00 \u00f3rakor szentmise. Ut\u00e1na a ny\u00edregyh\u00e1zi Kiss Benedek ifj\u00fa furulyam\u0171v\u00e9sz ad koncertet. Minden helyen mindenkit szeretettel v\u00e1r a k\u00f6z\u00f6ss\u00e9g, Imre atya \u00e9s Tibor atya! * \u201eAki igaz\u00e1n \u00e9lni akar \u00e9s j\u00f3l akarja mag\u00e1t az \u00e9letben \u00e9rezni, az ne foglalkozzon a szomsz\u00e9d b\u0171neivel!\u201d (Paul Heyse \u2013 1830-1914 \u2013 n\u00e9met \u00edr\u00f3) Sz\u00e9p napokat, j\u00f3 munk\u00e1t, tartalmas besz\u00e9lget\u00e9seket \u00e9s kellemes tal\u00e1lkoz\u00e1sokat k\u00edv\u00e1nunk minden kedves H\u00edv\u00fcnknek!<\/p>\n","protected":false},"author":3,"featured_media":0,"comment_status":"closed","ping_status":"closed","sticky":false,"template":"","format":"standard","meta":{"footnotes":""},"categories":[37],"tags":[],"class_list":["post-10234","post","type-post","status-publish","format-standard","hentry","category-progamelozetes"],"yoast_head":"<!-- This site is optimized with the Yoast SEO plugin v27.3 - https:\/\/yoast.com\/product\/yoast-seo-wordpress\/ -->\n<title>Programel\u0151zetes november 14 \u00e9s 20 k\u00f6z\u00f6tt - Stuttgarti Katolikusok<\/title>\n<meta name=\"robots\" content=\"index, follow, max-snippet:-1, max-image-preview:large, max-video-preview:-1\" \/>\n<link rel=\"canonical\" href=\"https:\/\/stuttgarti-katolikusok.de\/index.php\/programelozetes-november-14-es-20-kozott\/\" \/>\n<meta property=\"og:locale\" content=\"hu_HU\" \/>\n<meta property=\"og:type\" content=\"article\" \/>\n<meta property=\"og:title\" content=\"Programel\u0151zetes november 14 \u00e9s 20 k\u00f6z\u00f6tt - Stuttgarti Katolikusok\" \/>\n<meta property=\"og:description\" content=\"Programel\u0151zetes November 17-\u00e9n, cs\u00fct\u00f6rt\u00f6k\u00f6n, Ulmban 17.30 \u00f3rakor r\u00f3zsaf\u00fcz\u00e9r-\u00e1jtatoss\u00e1g, ezt k\u00f6vet\u0151en szentmise. A szentmise v\u00e9gezt\u00e9vel Besz\u00e9lget\u00e9s a Bibli\u00e1r\u00f3l. * November 18-\u00e1n, p\u00e9nteken, Stuttgartban 15.30 \u00f3rakor Bar\u00e1ts\u00e1gklub. Minden kellemes t\u00e1rsas\u00e1gra v\u00e1gy\u00f3 \u00e9rdekl\u0151d\u0151t szeretettel v\u00e1r a Tags\u00e1g! Az esti szentmise \u00e9s a Bibliak\u00f6r ez alkalommal ELMARAD! Weingartenben, a St. Marien-templomban 17.30 \u00f3r\u00e1t\u00f3l r\u00f3zsaf\u00fcz\u00e9r-\u00e1jtatoss\u00e1g \u00e9s szentmise, el\u0151tte gy\u00f3ntat\u00e1s. Szentmise ut\u00e1na pedig Besz\u00e9lget\u00e9sek a Bibli\u00e1r\u00f3l. * November 20-\u00e1n, vas\u00e1rnap, 9.30 \u00f3rakor Ludwigsburgban szentmise, ut\u00e1na \u00e1g\u00e1p\u00e9. Stuttgartban 12.00 \u00f3rakor szentmise. Ut\u00e1na a ny\u00edregyh\u00e1zi Kiss Benedek ifj\u00fa furulyam\u0171v\u00e9sz ad koncertet. Minden helyen mindenkit szeretettel v\u00e1r a k\u00f6z\u00f6ss\u00e9g, Imre atya \u00e9s Tibor atya! * \u201eAki igaz\u00e1n \u00e9lni akar \u00e9s j\u00f3l akarja mag\u00e1t az \u00e9letben \u00e9rezni, az ne foglalkozzon a szomsz\u00e9d b\u0171neivel!\u201d (Paul Heyse \u2013 1830-1914 \u2013 n\u00e9met \u00edr\u00f3) Sz\u00e9p napokat, j\u00f3 munk\u00e1t, tartalmas besz\u00e9lget\u00e9seket \u00e9s kellemes tal\u00e1lkoz\u00e1sokat k\u00edv\u00e1nunk minden kedves H\u00edv\u00fcnknek!\" \/>\n<meta property=\"og:url\" content=\"https:\/\/stuttgarti-katolikusok.de\/index.php\/programelozetes-november-14-es-20-kozott\/\" \/>\n<meta property=\"og:site_name\" content=\"Stuttgarti Katolikusok\" \/>\n<meta property=\"article:published_time\" content=\"2016-11-14T05:59:10+00:00\" \/>\n<meta property=\"article:modified_time\" content=\"2016-11-14T17:21:24+00:00\" \/>\n<meta name=\"author\" content=\"Tibor atya\" \/>\n<meta name=\"twitter:card\" content=\"summary_large_image\" \/>\n<meta name=\"twitter:label1\" content=\"Szerz\u0151:\" \/>\n\t<meta name=\"twitter:data1\" content=\"Tibor atya\" \/>\n\t<meta name=\"twitter:label2\" content=\"Becs\u00fclt olvas\u00e1si id\u0151\" \/>\n\t<meta name=\"twitter:data2\" content=\"1 perc\" \/>\n<script type=\"application\/ld+json\" class=\"yoast-schema-graph\">{\"@context\":\"https:\\\/\\\/schema.org\",\"@graph\":[{\"@type\":\"Article\",\"@id\":\"https:\\\/\\\/stuttgarti-katolikusok.de\\\/index.php\\\/programelozetes-november-14-es-20-kozott\\\/#article\",\"isPartOf\":{\"@id\":\"https:\\\/\\\/stuttgarti-katolikusok.de\\\/index.php\\\/programelozetes-november-14-es-20-kozott\\\/\"},\"author\":{\"name\":\"Tibor atya\",\"@id\":\"https:\\\/\\\/stuttgarti-katolikusok.de\\\/#\\\/schema\\\/person\\\/75908d6f8fdc03a57889d27209df7795\"},\"headline\":\"Programel\u0151zetes november 14 \u00e9s 20 k\u00f6z\u00f6tt\",\"datePublished\":\"2016-11-14T05:59:10+00:00\",\"dateModified\":\"2016-11-14T17:21:24+00:00\",\"mainEntityOfPage\":{\"@id\":\"https:\\\/\\\/stuttgarti-katolikusok.de\\\/index.php\\\/programelozetes-november-14-es-20-kozott\\\/\"},\"wordCount\":205,\"articleSection\":[\"Progamel\u0151zetes\"],\"inLanguage\":\"hu\"},{\"@type\":\"WebPage\",\"@id\":\"https:\\\/\\\/stuttgarti-katolikusok.de\\\/index.php\\\/programelozetes-november-14-es-20-kozott\\\/\",\"url\":\"https:\\\/\\\/stuttgarti-katolikusok.de\\\/index.php\\\/programelozetes-november-14-es-20-kozott\\\/\",\"name\":\"Programel\u0151zetes november 14 \u00e9s 20 k\u00f6z\u00f6tt - Stuttgarti Katolikusok\",\"isPartOf\":{\"@id\":\"https:\\\/\\\/stuttgarti-katolikusok.de\\\/#website\"},\"datePublished\":\"2016-11-14T05:59:10+00:00\",\"dateModified\":\"2016-11-14T17:21:24+00:00\",\"author\":{\"@id\":\"https:\\\/\\\/stuttgarti-katolikusok.de\\\/#\\\/schema\\\/person\\\/75908d6f8fdc03a57889d27209df7795\"},\"breadcrumb\":{\"@id\":\"https:\\\/\\\/stuttgarti-katolikusok.de\\\/index.php\\\/programelozetes-november-14-es-20-kozott\\\/#breadcrumb\"},\"inLanguage\":\"hu\",\"potentialAction\":[{\"@type\":\"ReadAction\",\"target\":[\"https:\\\/\\\/stuttgarti-katolikusok.de\\\/index.php\\\/programelozetes-november-14-es-20-kozott\\\/\"]}]},{\"@type\":\"BreadcrumbList\",\"@id\":\"https:\\\/\\\/stuttgarti-katolikusok.de\\\/index.php\\\/programelozetes-november-14-es-20-kozott\\\/#breadcrumb\",\"itemListElement\":[{\"@type\":\"ListItem\",\"position\":1,\"name\":\"Kezd\u0151lap\",\"item\":\"https:\\\/\\\/stuttgarti-katolikusok.de\\\/\"},{\"@type\":\"ListItem\",\"position\":2,\"name\":\"Programel\u0151zetes november 14 \u00e9s 20 k\u00f6z\u00f6tt\"}]},{\"@type\":\"WebSite\",\"@id\":\"https:\\\/\\\/stuttgarti-katolikusok.de\\\/#website\",\"url\":\"https:\\\/\\\/stuttgarti-katolikusok.de\\\/\",\"name\":\"Stuttgarti Katolikusok\",\"description\":\"\",\"potentialAction\":[{\"@type\":\"SearchAction\",\"target\":{\"@type\":\"EntryPoint\",\"urlTemplate\":\"https:\\\/\\\/stuttgarti-katolikusok.de\\\/?s={search_term_string}\"},\"query-input\":{\"@type\":\"PropertyValueSpecification\",\"valueRequired\":true,\"valueName\":\"search_term_string\"}}],\"inLanguage\":\"hu\"},{\"@type\":\"Person\",\"@id\":\"https:\\\/\\\/stuttgarti-katolikusok.de\\\/#\\\/schema\\\/person\\\/75908d6f8fdc03a57889d27209df7795\",\"name\":\"Tibor atya\",\"image\":{\"@type\":\"ImageObject\",\"inLanguage\":\"hu\",\"@id\":\"https:\\\/\\\/secure.gravatar.com\\\/avatar\\\/61d268e57d1f4525b111222e29d2d5a7f8c420fdbf231ba5566a8ceac74fa960?s=96&d=mm&r=g\",\"url\":\"https:\\\/\\\/secure.gravatar.com\\\/avatar\\\/61d268e57d1f4525b111222e29d2d5a7f8c420fdbf231ba5566a8ceac74fa960?s=96&d=mm&r=g\",\"contentUrl\":\"https:\\\/\\\/secure.gravatar.com\\\/avatar\\\/61d268e57d1f4525b111222e29d2d5a7f8c420fdbf231ba5566a8ceac74fa960?s=96&d=mm&r=g\",\"caption\":\"Tibor atya\"},\"url\":\"https:\\\/\\\/stuttgarti-katolikusok.de\\\/index.php\\\/author\\\/tibor-atya\\\/\"}]}<\/script>\n<!-- \/ Yoast SEO plugin. -->","yoast_head_json":{"title":"Programel\u0151zetes november 14 \u00e9s 20 k\u00f6z\u00f6tt - Stuttgarti Katolikusok","robots":{"index":"index","follow":"follow","max-snippet":"max-snippet:-1","max-image-preview":"max-image-preview:large","max-video-preview":"max-video-preview:-1"},"canonical":"https:\/\/stuttgarti-katolikusok.de\/index.php\/programelozetes-november-14-es-20-kozott\/","og_locale":"hu_HU","og_type":"article","og_title":"Programel\u0151zetes november 14 \u00e9s 20 k\u00f6z\u00f6tt - Stuttgarti Katolikusok","og_description":"Programel\u0151zetes November 17-\u00e9n, cs\u00fct\u00f6rt\u00f6k\u00f6n, Ulmban 17.30 \u00f3rakor r\u00f3zsaf\u00fcz\u00e9r-\u00e1jtatoss\u00e1g, ezt k\u00f6vet\u0151en szentmise. A szentmise v\u00e9gezt\u00e9vel Besz\u00e9lget\u00e9s a Bibli\u00e1r\u00f3l. * November 18-\u00e1n, p\u00e9nteken, Stuttgartban 15.30 \u00f3rakor Bar\u00e1ts\u00e1gklub. Minden kellemes t\u00e1rsas\u00e1gra v\u00e1gy\u00f3 \u00e9rdekl\u0151d\u0151t szeretettel v\u00e1r a Tags\u00e1g! Az esti szentmise \u00e9s a Bibliak\u00f6r ez alkalommal ELMARAD! Weingartenben, a St. Marien-templomban 17.30 \u00f3r\u00e1t\u00f3l r\u00f3zsaf\u00fcz\u00e9r-\u00e1jtatoss\u00e1g \u00e9s szentmise, el\u0151tte gy\u00f3ntat\u00e1s. Szentmise ut\u00e1na pedig Besz\u00e9lget\u00e9sek a Bibli\u00e1r\u00f3l. * November 20-\u00e1n, vas\u00e1rnap, 9.30 \u00f3rakor Ludwigsburgban szentmise, ut\u00e1na \u00e1g\u00e1p\u00e9. Stuttgartban 12.00 \u00f3rakor szentmise. Ut\u00e1na a ny\u00edregyh\u00e1zi Kiss Benedek ifj\u00fa furulyam\u0171v\u00e9sz ad koncertet. Minden helyen mindenkit szeretettel v\u00e1r a k\u00f6z\u00f6ss\u00e9g, Imre atya \u00e9s Tibor atya! * \u201eAki igaz\u00e1n \u00e9lni akar \u00e9s j\u00f3l akarja mag\u00e1t az \u00e9letben \u00e9rezni, az ne foglalkozzon a szomsz\u00e9d b\u0171neivel!\u201d (Paul Heyse \u2013 1830-1914 \u2013 n\u00e9met \u00edr\u00f3) Sz\u00e9p napokat, j\u00f3 munk\u00e1t, tartalmas besz\u00e9lget\u00e9seket \u00e9s kellemes tal\u00e1lkoz\u00e1sokat k\u00edv\u00e1nunk minden kedves H\u00edv\u00fcnknek!","og_url":"https:\/\/stuttgarti-katolikusok.de\/index.php\/programelozetes-november-14-es-20-kozott\/","og_site_name":"Stuttgarti Katolikusok","article_published_time":"2016-11-14T05:59:10+00:00","article_modified_time":"2016-11-14T17:21:24+00:00","author":"Tibor atya","twitter_card":"summary_large_image","twitter_misc":{"Szerz\u0151:":"Tibor atya","Becs\u00fclt olvas\u00e1si id\u0151":"1 perc"},"schema":{"@context":"https:\/\/schema.org","@graph":[{"@type":"Article","@id":"https:\/\/stuttgarti-katolikusok.de\/index.php\/programelozetes-november-14-es-20-kozott\/#article","isPartOf":{"@id":"https:\/\/stuttgarti-katolikusok.de\/index.php\/programelozetes-november-14-es-20-kozott\/"},"author":{"name":"Tibor atya","@id":"https:\/\/stuttgarti-katolikusok.de\/#\/schema\/person\/75908d6f8fdc03a57889d27209df7795"},"headline":"Programel\u0151zetes november 14 \u00e9s 20 k\u00f6z\u00f6tt","datePublished":"2016-11-14T05:59:10+00:00","dateModified":"2016-11-14T17:21:24+00:00","mainEntityOfPage":{"@id":"https:\/\/stuttgarti-katolikusok.de\/index.php\/programelozetes-november-14-es-20-kozott\/"},"wordCount":205,"articleSection":["Progamel\u0151zetes"],"inLanguage":"hu"},{"@type":"WebPage","@id":"https:\/\/stuttgarti-katolikusok.de\/index.php\/programelozetes-november-14-es-20-kozott\/","url":"https:\/\/stuttgarti-katolikusok.de\/index.php\/programelozetes-november-14-es-20-kozott\/","name":"Programel\u0151zetes november 14 \u00e9s 20 k\u00f6z\u00f6tt - Stuttgarti Katolikusok","isPartOf":{"@id":"https:\/\/stuttgarti-katolikusok.de\/#website"},"datePublished":"2016-11-14T05:59:10+00:00","dateModified":"2016-11-14T17:21:24+00:00","author":{"@id":"https:\/\/stuttgarti-katolikusok.de\/#\/schema\/person\/75908d6f8fdc03a57889d27209df7795"},"breadcrumb":{"@id":"https:\/\/stuttgarti-katolikusok.de\/index.php\/programelozetes-november-14-es-20-kozott\/#breadcrumb"},"inLanguage":"hu","potentialAction":[{"@type":"ReadAction","target":["https:\/\/stuttgarti-katolikusok.de\/index.php\/programelozetes-november-14-es-20-kozott\/"]}]},{"@type":"BreadcrumbList","@id":"https:\/\/stuttgarti-katolikusok.de\/index.php\/programelozetes-november-14-es-20-kozott\/#breadcrumb","itemListElement":[{"@type":"ListItem","position":1,"name":"Kezd\u0151lap","item":"https:\/\/stuttgarti-katolikusok.de\/"},{"@type":"ListItem","position":2,"name":"Programel\u0151zetes november 14 \u00e9s 20 k\u00f6z\u00f6tt"}]},{"@type":"WebSite","@id":"https:\/\/stuttgarti-katolikusok.de\/#website","url":"https:\/\/stuttgarti-katolikusok.de\/","name":"Stuttgarti Katolikusok","description":"","potentialAction":[{"@type":"SearchAction","target":{"@type":"EntryPoint","urlTemplate":"https:\/\/stuttgarti-katolikusok.de\/?s={search_term_string}"},"query-input":{"@type":"PropertyValueSpecification","valueRequired":true,"valueName":"search_term_string"}}],"inLanguage":"hu"},{"@type":"Person","@id":"https:\/\/stuttgarti-katolikusok.de\/#\/schema\/person\/75908d6f8fdc03a57889d27209df7795","name":"Tibor atya","image":{"@type":"ImageObject","inLanguage":"hu","@id":"https:\/\/secure.gravatar.com\/avatar\/61d268e57d1f4525b111222e29d2d5a7f8c420fdbf231ba5566a8ceac74fa960?s=96&d=mm&r=g","url":"https:\/\/secure.gravatar.com\/avatar\/61d268e57d1f4525b111222e29d2d5a7f8c420fdbf231ba5566a8ceac74fa960?s=96&d=mm&r=g","contentUrl":"https:\/\/secure.gravatar.com\/avatar\/61d268e57d1f4525b111222e29d2d5a7f8c420fdbf231ba5566a8ceac74fa960?s=96&d=mm&r=g","caption":"Tibor atya"},"url":"https:\/\/stuttgarti-katolikusok.de\/index.php\/author\/tibor-atya\/"}]}},"_links":{"self":[{"href":"https:\/\/stuttgarti-katolikusok.de\/index.php\/wp-json\/wp\/v2\/posts\/10234","targetHints":{"allow":["GET"]}}],"collection":[{"href":"https:\/\/stuttgarti-katolikusok.de\/index.php\/wp-json\/wp\/v2\/posts"}],"about":[{"href":"https:\/\/stuttgarti-katolikusok.de\/index.php\/wp-json\/wp\/v2\/types\/post"}],"author":[{"embeddable":true,"href":"https:\/\/stuttgarti-katolikusok.de\/index.php\/wp-json\/wp\/v2\/users\/3"}],"replies":[{"embeddable":true,"href":"https:\/\/stuttgarti-katolikusok.de\/index.php\/wp-json\/wp\/v2\/comments?post=10234"}],"version-history":[{"count":2,"href":"https:\/\/stuttgarti-katolikusok.de\/index.php\/wp-json\/wp\/v2\/posts\/10234\/revisions"}],"predecessor-version":[{"id":10238,"href":"https:\/\/stuttgarti-katolikusok.de\/index.php\/wp-json\/wp\/v2\/posts\/10234\/revisions\/10238"}],"wp:attachment":[{"href":"https:\/\/stuttgarti-katolikusok.de\/index.php\/wp-json\/wp\/v2\/media?parent=10234"}],"wp:term":[{"taxonomy":"category","embeddable":true,"href":"https:\/\/stuttgarti-katolikusok.de\/index.php\/wp-json\/wp\/v2\/categories?post=10234"},{"taxonomy":"post_tag","embeddable":true,"href":"https:\/\/stuttgarti-katolikusok.de\/index.php\/wp-json\/wp\/v2\/tags?post=10234"}],"curies":[{"name":"wp","href":"https:\/\/api.w.org\/{rel}","templated":true}]}}