{"id":10150,"date":"2016-11-03T09:31:27","date_gmt":"2016-11-03T09:31:27","guid":{"rendered":"https:\/\/gracious-dewdney.138-201-221-2.plesk.page\/?p=10150"},"modified":"2016-11-03T11:19:07","modified_gmt":"2016-11-03T11:19:07","slug":"katalin-bal","status":"publish","type":"post","link":"https:\/\/stuttgarti-katolikusok.de\/index.php\/katalin-bal\/","title":{"rendered":"Katalin-B\u00e1l"},"content":{"rendered":"<p><strong>MEGH\u00cdV\u00d3 <\/strong><\/p>\n<p><strong>A KATALIN-B\u00c1LRA<\/strong><\/p>\n<p>&nbsp;<\/p>\n<p>A STUTTGARTI MAGYAR KATOLIKUS EGYH\u00c1ZK\u00d6ZS\u00c9G<\/p>\n<p>november 26-\u00e1n, szombaton, este 19.00 \u00f3r\u00e1t\u00f3l<\/p>\n<p>\u201eSzingli-B\u00e1lra\u201d h\u00edv<\/p>\n<p>minden j\u00f3sz\u00e1nd\u00e9k\u00fa, magyarul tud\u00f3,<\/p>\n<p>25 \u00e9s 40 \u00e9v k\u00f6z\u00f6tti \u2013 nem h\u00e1zas \u00e9s nem elv\u00e1lt \u2013 fiatalt,<\/p>\n<p>a Bruder Klaus templom k\u00f6z\u00f6ss\u00e9gi h\u00e1z\u00e1nak nagyterm\u00e9be.<\/p>\n<p>&#8211;<\/p>\n<p>A B\u00e1l programja a k\u00f6vetkez\u0151:<\/p>\n<p>18.30 \u2013 19.00 \u00f3ra k\u00f6z\u00f6tt \u00e9rkez\u00e9s,<\/p>\n<p>19.00 \u00f3rakor nyit\u00e1s k\u00f6sz\u00f6nt\u00e9ssel,<\/p>\n<p>19.15 \u00f3rakor kezd\u0151dik a j\u00e1t\u00e9k \u00e9s az ismerked\u00e9s,<\/p>\n<p>20.00 \u00f3r\u00e1t\u00f3l vacsora, besz\u00e9lget\u00e9s \u00e9s t\u00e1nc.<\/p>\n<p>23.00 \u00f3rakor teremz\u00e1r\u00e1s.<\/p>\n<p>&nbsp;<\/p>\n<p>A r\u00e9szv\u00e9teli sz\u00e1nd\u00e9kot az Egyh\u00e1zk\u00f6zs\u00e9g Irod\u00e1j\u00e1n kell bejelenteni!<\/p>\n<p>Tel.: 0711-236 91 90<\/p>\n<p>E-mail: mission@gracious-dewdney.138-201-221-2.plesk.page<\/p>\n<p>Szeretettel<\/p>\n<p>Imre atya<\/p>\n<p><strong>\u00a0<\/strong><\/p>\n","protected":false},"excerpt":{"rendered":"<p>MEGH\u00cdV\u00d3 A KATALIN-B\u00c1LRA &nbsp; A STUTTGARTI MAGYAR KATOLIKUS EGYH\u00c1ZK\u00d6ZS\u00c9G november 26-\u00e1n, szombaton, este 19.00 \u00f3r\u00e1t\u00f3l \u201eSzingli-B\u00e1lra\u201d h\u00edv minden j\u00f3sz\u00e1nd\u00e9k\u00fa, magyarul tud\u00f3, 25 \u00e9s 40 \u00e9v k\u00f6z\u00f6tti \u2013 nem h\u00e1zas \u00e9s nem elv\u00e1lt \u2013 fiatalt, a Bruder Klaus templom k\u00f6z\u00f6ss\u00e9gi h\u00e1z\u00e1nak nagyterm\u00e9be. &#8211; A B\u00e1l programja a k\u00f6vetkez\u0151: 18.30 \u2013 19.00 \u00f3ra k\u00f6z\u00f6tt \u00e9rkez\u00e9s, 19.00 \u00f3rakor nyit\u00e1s k\u00f6sz\u00f6nt\u00e9ssel, 19.15 \u00f3rakor kezd\u0151dik a j\u00e1t\u00e9k \u00e9s az ismerked\u00e9s, 20.00 \u00f3r\u00e1t\u00f3l vacsora, besz\u00e9lget\u00e9s \u00e9s t\u00e1nc. 23.00 \u00f3rakor teremz\u00e1r\u00e1s. &nbsp; A r\u00e9szv\u00e9teli sz\u00e1nd\u00e9kot az Egyh\u00e1zk\u00f6zs\u00e9g Irod\u00e1j\u00e1n kell bejelenteni! Tel.: 0711-236 91 90 E-mail: mission@gracious-dewdney.138-201-221-2.plesk.page Szeretettel Imre atya \u00a0<\/p>\n","protected":false},"author":3,"featured_media":10151,"comment_status":"closed","ping_status":"closed","sticky":false,"template":"","format":"standard","meta":{"footnotes":""},"categories":[37],"tags":[],"class_list":["post-10150","post","type-post","status-publish","format-standard","has-post-thumbnail","hentry","category-progamelozetes"],"yoast_head":"<!-- This site is optimized with the Yoast SEO plugin v27.3 - https:\/\/yoast.com\/product\/yoast-seo-wordpress\/ -->\n<title>Katalin-B\u00e1l - Stuttgarti Katolikusok<\/title>\n<meta name=\"robots\" content=\"index, follow, max-snippet:-1, max-image-preview:large, max-video-preview:-1\" \/>\n<link rel=\"canonical\" href=\"https:\/\/stuttgarti-katolikusok.de\/index.php\/katalin-bal\/\" \/>\n<meta property=\"og:locale\" content=\"hu_HU\" \/>\n<meta property=\"og:type\" content=\"article\" \/>\n<meta property=\"og:title\" content=\"Katalin-B\u00e1l - Stuttgarti Katolikusok\" \/>\n<meta property=\"og:description\" content=\"MEGH\u00cdV\u00d3 A KATALIN-B\u00c1LRA &nbsp; A STUTTGARTI MAGYAR KATOLIKUS EGYH\u00c1ZK\u00d6ZS\u00c9G november 26-\u00e1n, szombaton, este 19.00 \u00f3r\u00e1t\u00f3l \u201eSzingli-B\u00e1lra\u201d h\u00edv minden j\u00f3sz\u00e1nd\u00e9k\u00fa, magyarul tud\u00f3, 25 \u00e9s 40 \u00e9v k\u00f6z\u00f6tti \u2013 nem h\u00e1zas \u00e9s nem elv\u00e1lt \u2013 fiatalt, a Bruder Klaus templom k\u00f6z\u00f6ss\u00e9gi h\u00e1z\u00e1nak nagyterm\u00e9be. &#8211; A B\u00e1l programja a k\u00f6vetkez\u0151: 18.30 \u2013 19.00 \u00f3ra k\u00f6z\u00f6tt \u00e9rkez\u00e9s, 19.00 \u00f3rakor nyit\u00e1s k\u00f6sz\u00f6nt\u00e9ssel, 19.15 \u00f3rakor kezd\u0151dik a j\u00e1t\u00e9k \u00e9s az ismerked\u00e9s, 20.00 \u00f3r\u00e1t\u00f3l vacsora, besz\u00e9lget\u00e9s \u00e9s t\u00e1nc. 23.00 \u00f3rakor teremz\u00e1r\u00e1s. &nbsp; A r\u00e9szv\u00e9teli sz\u00e1nd\u00e9kot az Egyh\u00e1zk\u00f6zs\u00e9g Irod\u00e1j\u00e1n kell bejelenteni! Tel.: 0711-236 91 90 E-mail: mission@gracious-dewdney.138-201-221-2.plesk.page Szeretettel Imre atya \u00a0\" \/>\n<meta property=\"og:url\" content=\"https:\/\/stuttgarti-katolikusok.de\/index.php\/katalin-bal\/\" \/>\n<meta property=\"og:site_name\" content=\"Stuttgarti Katolikusok\" \/>\n<meta property=\"article:published_time\" content=\"2016-11-03T09:31:27+00:00\" \/>\n<meta property=\"article:modified_time\" content=\"2016-11-03T11:19:07+00:00\" \/>\n<meta property=\"og:image\" content=\"https:\/\/stuttgarti-katolikusok.de\/wp-content\/uploads\/2016\/11\/katlin-bal-stuttgart.jpg\" \/>\n\t<meta property=\"og:image:width\" content=\"1002\" \/>\n\t<meta property=\"og:image:height\" content=\"486\" \/>\n\t<meta property=\"og:image:type\" content=\"image\/jpeg\" \/>\n<meta name=\"author\" content=\"Tibor atya\" \/>\n<meta name=\"twitter:card\" content=\"summary_large_image\" \/>\n<meta name=\"twitter:label1\" content=\"Szerz\u0151:\" \/>\n\t<meta name=\"twitter:data1\" content=\"Tibor atya\" \/>\n\t<meta name=\"twitter:label2\" content=\"Becs\u00fclt olvas\u00e1si id\u0151\" \/>\n\t<meta name=\"twitter:data2\" content=\"1 perc\" \/>\n<script type=\"application\/ld+json\" class=\"yoast-schema-graph\">{\"@context\":\"https:\\\/\\\/schema.org\",\"@graph\":[{\"@type\":\"Article\",\"@id\":\"https:\\\/\\\/stuttgarti-katolikusok.de\\\/index.php\\\/katalin-bal\\\/#article\",\"isPartOf\":{\"@id\":\"https:\\\/\\\/stuttgarti-katolikusok.de\\\/index.php\\\/katalin-bal\\\/\"},\"author\":{\"name\":\"Tibor atya\",\"@id\":\"https:\\\/\\\/stuttgarti-katolikusok.de\\\/#\\\/schema\\\/person\\\/75908d6f8fdc03a57889d27209df7795\"},\"headline\":\"Katalin-B\u00e1l\",\"datePublished\":\"2016-11-03T09:31:27+00:00\",\"dateModified\":\"2016-11-03T11:19:07+00:00\",\"mainEntityOfPage\":{\"@id\":\"https:\\\/\\\/stuttgarti-katolikusok.de\\\/index.php\\\/katalin-bal\\\/\"},\"wordCount\":138,\"image\":{\"@id\":\"https:\\\/\\\/stuttgarti-katolikusok.de\\\/index.php\\\/katalin-bal\\\/#primaryimage\"},\"thumbnailUrl\":\"https:\\\/\\\/stuttgarti-katolikusok.de\\\/wp-content\\\/uploads\\\/2016\\\/11\\\/katlin-bal-stuttgart.jpg\",\"articleSection\":[\"Progamel\u0151zetes\"],\"inLanguage\":\"hu\"},{\"@type\":\"WebPage\",\"@id\":\"https:\\\/\\\/stuttgarti-katolikusok.de\\\/index.php\\\/katalin-bal\\\/\",\"url\":\"https:\\\/\\\/stuttgarti-katolikusok.de\\\/index.php\\\/katalin-bal\\\/\",\"name\":\"Katalin-B\u00e1l - Stuttgarti Katolikusok\",\"isPartOf\":{\"@id\":\"https:\\\/\\\/stuttgarti-katolikusok.de\\\/#website\"},\"primaryImageOfPage\":{\"@id\":\"https:\\\/\\\/stuttgarti-katolikusok.de\\\/index.php\\\/katalin-bal\\\/#primaryimage\"},\"image\":{\"@id\":\"https:\\\/\\\/stuttgarti-katolikusok.de\\\/index.php\\\/katalin-bal\\\/#primaryimage\"},\"thumbnailUrl\":\"https:\\\/\\\/stuttgarti-katolikusok.de\\\/wp-content\\\/uploads\\\/2016\\\/11\\\/katlin-bal-stuttgart.jpg\",\"datePublished\":\"2016-11-03T09:31:27+00:00\",\"dateModified\":\"2016-11-03T11:19:07+00:00\",\"author\":{\"@id\":\"https:\\\/\\\/stuttgarti-katolikusok.de\\\/#\\\/schema\\\/person\\\/75908d6f8fdc03a57889d27209df7795\"},\"breadcrumb\":{\"@id\":\"https:\\\/\\\/stuttgarti-katolikusok.de\\\/index.php\\\/katalin-bal\\\/#breadcrumb\"},\"inLanguage\":\"hu\",\"potentialAction\":[{\"@type\":\"ReadAction\",\"target\":[\"https:\\\/\\\/stuttgarti-katolikusok.de\\\/index.php\\\/katalin-bal\\\/\"]}]},{\"@type\":\"ImageObject\",\"inLanguage\":\"hu\",\"@id\":\"https:\\\/\\\/stuttgarti-katolikusok.de\\\/index.php\\\/katalin-bal\\\/#primaryimage\",\"url\":\"https:\\\/\\\/stuttgarti-katolikusok.de\\\/wp-content\\\/uploads\\\/2016\\\/11\\\/katlin-bal-stuttgart.jpg\",\"contentUrl\":\"https:\\\/\\\/stuttgarti-katolikusok.de\\\/wp-content\\\/uploads\\\/2016\\\/11\\\/katlin-bal-stuttgart.jpg\",\"width\":1002,\"height\":486},{\"@type\":\"BreadcrumbList\",\"@id\":\"https:\\\/\\\/stuttgarti-katolikusok.de\\\/index.php\\\/katalin-bal\\\/#breadcrumb\",\"itemListElement\":[{\"@type\":\"ListItem\",\"position\":1,\"name\":\"Kezd\u0151lap\",\"item\":\"https:\\\/\\\/stuttgarti-katolikusok.de\\\/\"},{\"@type\":\"ListItem\",\"position\":2,\"name\":\"Katalin-B\u00e1l\"}]},{\"@type\":\"WebSite\",\"@id\":\"https:\\\/\\\/stuttgarti-katolikusok.de\\\/#website\",\"url\":\"https:\\\/\\\/stuttgarti-katolikusok.de\\\/\",\"name\":\"Stuttgarti Katolikusok\",\"description\":\"\",\"potentialAction\":[{\"@type\":\"SearchAction\",\"target\":{\"@type\":\"EntryPoint\",\"urlTemplate\":\"https:\\\/\\\/stuttgarti-katolikusok.de\\\/?s={search_term_string}\"},\"query-input\":{\"@type\":\"PropertyValueSpecification\",\"valueRequired\":true,\"valueName\":\"search_term_string\"}}],\"inLanguage\":\"hu\"},{\"@type\":\"Person\",\"@id\":\"https:\\\/\\\/stuttgarti-katolikusok.de\\\/#\\\/schema\\\/person\\\/75908d6f8fdc03a57889d27209df7795\",\"name\":\"Tibor atya\",\"image\":{\"@type\":\"ImageObject\",\"inLanguage\":\"hu\",\"@id\":\"https:\\\/\\\/secure.gravatar.com\\\/avatar\\\/61d268e57d1f4525b111222e29d2d5a7f8c420fdbf231ba5566a8ceac74fa960?s=96&d=mm&r=g\",\"url\":\"https:\\\/\\\/secure.gravatar.com\\\/avatar\\\/61d268e57d1f4525b111222e29d2d5a7f8c420fdbf231ba5566a8ceac74fa960?s=96&d=mm&r=g\",\"contentUrl\":\"https:\\\/\\\/secure.gravatar.com\\\/avatar\\\/61d268e57d1f4525b111222e29d2d5a7f8c420fdbf231ba5566a8ceac74fa960?s=96&d=mm&r=g\",\"caption\":\"Tibor atya\"},\"url\":\"https:\\\/\\\/stuttgarti-katolikusok.de\\\/index.php\\\/author\\\/tibor-atya\\\/\"}]}<\/script>\n<!-- \/ Yoast SEO plugin. -->","yoast_head_json":{"title":"Katalin-B\u00e1l - Stuttgarti Katolikusok","robots":{"index":"index","follow":"follow","max-snippet":"max-snippet:-1","max-image-preview":"max-image-preview:large","max-video-preview":"max-video-preview:-1"},"canonical":"https:\/\/stuttgarti-katolikusok.de\/index.php\/katalin-bal\/","og_locale":"hu_HU","og_type":"article","og_title":"Katalin-B\u00e1l - Stuttgarti Katolikusok","og_description":"MEGH\u00cdV\u00d3 A KATALIN-B\u00c1LRA &nbsp; A STUTTGARTI MAGYAR KATOLIKUS EGYH\u00c1ZK\u00d6ZS\u00c9G november 26-\u00e1n, szombaton, este 19.00 \u00f3r\u00e1t\u00f3l \u201eSzingli-B\u00e1lra\u201d h\u00edv minden j\u00f3sz\u00e1nd\u00e9k\u00fa, magyarul tud\u00f3, 25 \u00e9s 40 \u00e9v k\u00f6z\u00f6tti \u2013 nem h\u00e1zas \u00e9s nem elv\u00e1lt \u2013 fiatalt, a Bruder Klaus templom k\u00f6z\u00f6ss\u00e9gi h\u00e1z\u00e1nak nagyterm\u00e9be. &#8211; A B\u00e1l programja a k\u00f6vetkez\u0151: 18.30 \u2013 19.00 \u00f3ra k\u00f6z\u00f6tt \u00e9rkez\u00e9s, 19.00 \u00f3rakor nyit\u00e1s k\u00f6sz\u00f6nt\u00e9ssel, 19.15 \u00f3rakor kezd\u0151dik a j\u00e1t\u00e9k \u00e9s az ismerked\u00e9s, 20.00 \u00f3r\u00e1t\u00f3l vacsora, besz\u00e9lget\u00e9s \u00e9s t\u00e1nc. 23.00 \u00f3rakor teremz\u00e1r\u00e1s. &nbsp; A r\u00e9szv\u00e9teli sz\u00e1nd\u00e9kot az Egyh\u00e1zk\u00f6zs\u00e9g Irod\u00e1j\u00e1n kell bejelenteni! Tel.: 0711-236 91 90 E-mail: mission@gracious-dewdney.138-201-221-2.plesk.page Szeretettel Imre atya \u00a0","og_url":"https:\/\/stuttgarti-katolikusok.de\/index.php\/katalin-bal\/","og_site_name":"Stuttgarti Katolikusok","article_published_time":"2016-11-03T09:31:27+00:00","article_modified_time":"2016-11-03T11:19:07+00:00","og_image":[{"width":1002,"height":486,"url":"https:\/\/stuttgarti-katolikusok.de\/wp-content\/uploads\/2016\/11\/katlin-bal-stuttgart.jpg","type":"image\/jpeg"}],"author":"Tibor atya","twitter_card":"summary_large_image","twitter_misc":{"Szerz\u0151:":"Tibor atya","Becs\u00fclt olvas\u00e1si id\u0151":"1 perc"},"schema":{"@context":"https:\/\/schema.org","@graph":[{"@type":"Article","@id":"https:\/\/stuttgarti-katolikusok.de\/index.php\/katalin-bal\/#article","isPartOf":{"@id":"https:\/\/stuttgarti-katolikusok.de\/index.php\/katalin-bal\/"},"author":{"name":"Tibor atya","@id":"https:\/\/stuttgarti-katolikusok.de\/#\/schema\/person\/75908d6f8fdc03a57889d27209df7795"},"headline":"Katalin-B\u00e1l","datePublished":"2016-11-03T09:31:27+00:00","dateModified":"2016-11-03T11:19:07+00:00","mainEntityOfPage":{"@id":"https:\/\/stuttgarti-katolikusok.de\/index.php\/katalin-bal\/"},"wordCount":138,"image":{"@id":"https:\/\/stuttgarti-katolikusok.de\/index.php\/katalin-bal\/#primaryimage"},"thumbnailUrl":"https:\/\/stuttgarti-katolikusok.de\/wp-content\/uploads\/2016\/11\/katlin-bal-stuttgart.jpg","articleSection":["Progamel\u0151zetes"],"inLanguage":"hu"},{"@type":"WebPage","@id":"https:\/\/stuttgarti-katolikusok.de\/index.php\/katalin-bal\/","url":"https:\/\/stuttgarti-katolikusok.de\/index.php\/katalin-bal\/","name":"Katalin-B\u00e1l - Stuttgarti Katolikusok","isPartOf":{"@id":"https:\/\/stuttgarti-katolikusok.de\/#website"},"primaryImageOfPage":{"@id":"https:\/\/stuttgarti-katolikusok.de\/index.php\/katalin-bal\/#primaryimage"},"image":{"@id":"https:\/\/stuttgarti-katolikusok.de\/index.php\/katalin-bal\/#primaryimage"},"thumbnailUrl":"https:\/\/stuttgarti-katolikusok.de\/wp-content\/uploads\/2016\/11\/katlin-bal-stuttgart.jpg","datePublished":"2016-11-03T09:31:27+00:00","dateModified":"2016-11-03T11:19:07+00:00","author":{"@id":"https:\/\/stuttgarti-katolikusok.de\/#\/schema\/person\/75908d6f8fdc03a57889d27209df7795"},"breadcrumb":{"@id":"https:\/\/stuttgarti-katolikusok.de\/index.php\/katalin-bal\/#breadcrumb"},"inLanguage":"hu","potentialAction":[{"@type":"ReadAction","target":["https:\/\/stuttgarti-katolikusok.de\/index.php\/katalin-bal\/"]}]},{"@type":"ImageObject","inLanguage":"hu","@id":"https:\/\/stuttgarti-katolikusok.de\/index.php\/katalin-bal\/#primaryimage","url":"https:\/\/stuttgarti-katolikusok.de\/wp-content\/uploads\/2016\/11\/katlin-bal-stuttgart.jpg","contentUrl":"https:\/\/stuttgarti-katolikusok.de\/wp-content\/uploads\/2016\/11\/katlin-bal-stuttgart.jpg","width":1002,"height":486},{"@type":"BreadcrumbList","@id":"https:\/\/stuttgarti-katolikusok.de\/index.php\/katalin-bal\/#breadcrumb","itemListElement":[{"@type":"ListItem","position":1,"name":"Kezd\u0151lap","item":"https:\/\/stuttgarti-katolikusok.de\/"},{"@type":"ListItem","position":2,"name":"Katalin-B\u00e1l"}]},{"@type":"WebSite","@id":"https:\/\/stuttgarti-katolikusok.de\/#website","url":"https:\/\/stuttgarti-katolikusok.de\/","name":"Stuttgarti Katolikusok","description":"","potentialAction":[{"@type":"SearchAction","target":{"@type":"EntryPoint","urlTemplate":"https:\/\/stuttgarti-katolikusok.de\/?s={search_term_string}"},"query-input":{"@type":"PropertyValueSpecification","valueRequired":true,"valueName":"search_term_string"}}],"inLanguage":"hu"},{"@type":"Person","@id":"https:\/\/stuttgarti-katolikusok.de\/#\/schema\/person\/75908d6f8fdc03a57889d27209df7795","name":"Tibor atya","image":{"@type":"ImageObject","inLanguage":"hu","@id":"https:\/\/secure.gravatar.com\/avatar\/61d268e57d1f4525b111222e29d2d5a7f8c420fdbf231ba5566a8ceac74fa960?s=96&d=mm&r=g","url":"https:\/\/secure.gravatar.com\/avatar\/61d268e57d1f4525b111222e29d2d5a7f8c420fdbf231ba5566a8ceac74fa960?s=96&d=mm&r=g","contentUrl":"https:\/\/secure.gravatar.com\/avatar\/61d268e57d1f4525b111222e29d2d5a7f8c420fdbf231ba5566a8ceac74fa960?s=96&d=mm&r=g","caption":"Tibor atya"},"url":"https:\/\/stuttgarti-katolikusok.de\/index.php\/author\/tibor-atya\/"}]}},"_links":{"self":[{"href":"https:\/\/stuttgarti-katolikusok.de\/index.php\/wp-json\/wp\/v2\/posts\/10150","targetHints":{"allow":["GET"]}}],"collection":[{"href":"https:\/\/stuttgarti-katolikusok.de\/index.php\/wp-json\/wp\/v2\/posts"}],"about":[{"href":"https:\/\/stuttgarti-katolikusok.de\/index.php\/wp-json\/wp\/v2\/types\/post"}],"author":[{"embeddable":true,"href":"https:\/\/stuttgarti-katolikusok.de\/index.php\/wp-json\/wp\/v2\/users\/3"}],"replies":[{"embeddable":true,"href":"https:\/\/stuttgarti-katolikusok.de\/index.php\/wp-json\/wp\/v2\/comments?post=10150"}],"version-history":[{"count":2,"href":"https:\/\/stuttgarti-katolikusok.de\/index.php\/wp-json\/wp\/v2\/posts\/10150\/revisions"}],"predecessor-version":[{"id":10155,"href":"https:\/\/stuttgarti-katolikusok.de\/index.php\/wp-json\/wp\/v2\/posts\/10150\/revisions\/10155"}],"wp:featuredmedia":[{"embeddable":true,"href":"https:\/\/stuttgarti-katolikusok.de\/index.php\/wp-json\/wp\/v2\/media\/10151"}],"wp:attachment":[{"href":"https:\/\/stuttgarti-katolikusok.de\/index.php\/wp-json\/wp\/v2\/media?parent=10150"}],"wp:term":[{"taxonomy":"category","embeddable":true,"href":"https:\/\/stuttgarti-katolikusok.de\/index.php\/wp-json\/wp\/v2\/categories?post=10150"},{"taxonomy":"post_tag","embeddable":true,"href":"https:\/\/stuttgarti-katolikusok.de\/index.php\/wp-json\/wp\/v2\/tags?post=10150"}],"curies":[{"name":"wp","href":"https:\/\/api.w.org\/{rel}","templated":true}]}}