{"id":10095,"date":"2016-10-27T13:47:24","date_gmt":"2016-10-27T13:47:24","guid":{"rendered":"https:\/\/gracious-dewdney.138-201-221-2.plesk.page\/?p=10095"},"modified":"2016-10-27T22:57:18","modified_gmt":"2016-10-27T22:57:18","slug":"zeitler-barbara-kik-erted-haltak-szent-vilagszabadsag","status":"publish","type":"post","link":"https:\/\/stuttgarti-katolikusok.de\/index.php\/zeitler-barbara-kik-erted-haltak-szent-vilagszabadsag\/","title":{"rendered":"Zeitler Barbara: &#8222;Kik \u00e9rted haltak, szent vil\u00e1gszabads\u00e1g&#8230;&#8221;"},"content":{"rendered":"<p><strong>\u201cKik \u00e9rted haltak szent vil\u00e1gszabads\u00e1g\u201d<\/strong><\/p>\n<p>T\u00f6bb \u00e9vtizedes hagyom\u00e1nya van annak, hogy a stuttgarti magyar h\u00edvek az \u201956-os okt\u00f3beri forradalmunk v\u00edvm\u00e1nyaira eml\u00e9kezve \u00f6kumenikus szentmis\u00e9t \u00e9s istentiszteletet mutatnak be, \u2013 \u00e9s mint ahogy azt pl\u00e9b\u00e1nosunk bevezet\u0151j\u00e9ben kifejtette, \u2013 a szentmise \u00e1ldozat\u00e1t szabads\u00e1gunk\u00e9rt v\u00e9r\u00fcket ont\u00f3 h\u0151s\u00f6k lelki \u00fcdv\u00e9\u00e9rt aj\u00e1nljuk f\u00f6l.<\/p>\n<p>Okt\u00f3ber 23-\u00e1n Dr. Tempfli Imre, a Stuttgarti Szent Gell\u00e9rt Egyh\u00e1zk\u00f6zs\u00e9g pl\u00e9b\u00e1nosa, \u00e9s papt\u00e1rsa Merl\u00e1s Tibor atya koncelebr\u00e1lta a szentmis\u00e9t, amelyen az Ig\u00e9t Nt G\u00e9mes P\u00e1l hirdette, seg\u00edt\u0151t\u00e1rsa az \u00farvacsora kioszt\u00e1s\u00e1ban Nt. G\u00e9mes Istv\u00e1n volt.<\/p>\n<p>Bevonul\u00e1sra egy sz\u00e9p du\u00f3t hallhattunk: Jean Xavier Lef\u00e8vre (1763-1829): Sonata Nr.1 \u2013 Allegro moderato, amelynek sz\u00f3l\u00f3j\u00e1t Horv\u00e1th Ott\u00f3 tolm\u00e1csolta klarinetten, s orgon\u00e1n Kocsis Judit k\u00eds\u00e9rt, majd zsolt\u00e1rk\u00e9nt ugyancsak t\u0151l\u00fck csend\u00fclt f\u00f6l Jean Xavier Lef\u00e8vre a Sonata Nr.1 \u2013 Adagio-ja.<\/p>\n<p>A napi Olvasm\u00e1ny szavait Sir\u00e1k fia k\u00f6nyv\u00e9b\u0151l hallottuk az \u00darr\u00f3l, az igaz B\u00edr\u00f3r\u00f3l, akinek mindig f\u00fcle van arra, hogy az \u00e1rv\u00e1k k\u00f6ny\u00f6rg\u00e9s\u00e9t, \u00e9s \u00f6zvegyek panasz\u00e1t meghallgassa. Ez a sz\u00f6vegr\u00e9sz engem arra eml\u00e9keztetett, hogy 1956. november\u00e9ben, sok hallgatni val\u00f3ja lehetett a j\u00f3 Istennek. Mert a t\u00faler\u0151vel szemben v\u00edvott harc n\u00e9p\u00fcnkt\u0151l nagy v\u00e9r\u00e1ldozatot k\u00f6vetelt, s majd ezt k\u00f6vet\u0151en is, a megtorl\u00e1sokat k\u00f6vet\u0151 \u00e9vekben, mikor is \u201cLev\u00e1gva n\u00e9p\u00fcnk ezrei, Halomba, mint kereszt, Hogy s\u00edrva tall\u00f3z, aki \u00e9l\u201d. [K\u00e1d\u00e1r] \u201ckir\u00e1ly te tetted ezt! Magyarorsz\u00e1g ezen tragikus \u00e9veiben \u00f6zvegyasszonyok sz\u00e1zainak jajai, \u00e9s az \u00e1rv\u00e1k zokog\u00f3 panaszai, az \u00e9gbe, az igaz B\u00edr\u00f3hoz ki\u00e1ltottak. Hullt az \u00e9desany\u00e1k k\u00f6nnyz\u00e1pora, mik\u00f6zben utols\u00f3 \u00fatjukra k\u00eds\u00e9rt\u00e9k fiatal \u00e9let\u00fckben kett\u00e9t\u00f6rt fiaikat, \u00e9s szer\u00e9t-sz\u00e1m\u00e1t nem tudjuk azoknak a fiatal n\u0151knek, akiknek oly kor\u00e1n ker\u00fclt fej\u00fckre az \u00f6zvegyi f\u00e1tyol, \u00e9s ami tal\u00e1n sz\u00e1mukra a legszomor\u00fabb volt, hogy gyakran m\u00e9g b\u00facs\u00fat sem tudtak venni fiaikt\u00f3l vagy f\u00e9rjeikt\u0151l, mert j\u00f3l tudjuk a K\u00e1d\u00e1r-rendszer sok embert kiv\u00e9geztetett, akiket akkor jeltelen\u00fcl hantoltak el, s \u00edgy m\u00e9g egy kis\u00a0s<em>\u00edrhant sem adatott meg nekik, amely f\u00f6l\u00e9 borulva, b\u00e1natukat elzokogj\u00e1k.<\/em><\/p>\n<p><strong>Zas L\u00f3r\u00e1nt: Novemberben..<\/strong><\/p>\n<p>Novemberben s\u00edrnak az utc\u00e1k<br \/>\nNovemberben s\u00edrnak az emberek.<br \/>\nNovemberben k\u00f6nnyek k\u00f6sz\u00f6ntik<br \/>\nAz elesetteket.<\/p>\n<p>Novemberben csend van \u00e9s b\u00e9ke,<br \/>\nTemet\u0151, fejfa, vir\u00e1g \u00e9s kereszt.<br \/>\nNovemberben az \u00e1lmod\u00f3 r\u00f6g<br \/>\nItt tart \u00e9s nem ereszt.<\/p>\n<p>A Szentleck\u00e9t Szent P\u00e1l apostolnak Tim\u00f3teushoz \u00edrt m\u00e1sodik level\u00e9b\u0151l hallhattuk, majd ezut\u00e1n Tibor atya olvasta f\u00f6l az aznapi Evang\u00e9liumot Szent Luk\u00e1cs k\u00f6nyv\u00e9b\u0151l, amelynek az volt a f\u0151 gondolata, hogy : Aki mag\u00e1t megal\u00e1zza, azt dics\u0151s\u00e9gre emelik.<\/p>\n<p>Ezut\u00e1n\u00a0Nt. G\u00e9mes P\u00e1l \u00far Szt. P\u00e1l Filippieknek irt level\u00e9b\u0151l mer\u00edtette szentbesz\u00e9d\u00e9nek t\u00e9m\u00e1j\u00e1t. A lev\u00e9lb\u0151l kit\u0171nik, hogy P\u00e1l a lev\u00e9l \u00edr\u00e1sa idej\u00e9n nem lehetett egy t\u00fal szigor\u00fa, fogs\u00e1gban, mert munkat\u00e1rsai, \u00e9s a filippi gy\u00fclekezet k\u00fcld\u00f6ttei \u00e9rintkezhettek vele. Ebben a gy\u00fclekezetben mindig szeretetre, \u00e9s meg\u00e9rt\u00e9sre tal\u00e1lt. A tiszteletes k\u00e9rd\u00e9st int\u00e9zett a konfirmandusokhoz, hogy mi a Filippiekhez \u00edrt lev\u00e9l legf\u0151bb tanuls\u00e1ga, s a kapott v\u00e1laszokb\u00f3l kit\u0171nt, hogy j\u00f3l l\u00e1tj\u00e1k a fiatalok a dolgot, mert nagyon helyesen h\u00e1rom t\u00e9mak\u00f6rt: a szeretetet, a hitet \u00e9s a szenved\u00e9s fontoss\u00e1g\u00e1t jel\u00f6lt\u00e9k meg. A lelk\u00e9sz egy \u00e9lm\u00e9ny\u00e9r\u0151l is besz\u00e1molt mikor elmondta, hogy amikor 1990 ut\u00e1n Erd\u00e9lyben j\u00e1rt ac\u00e9lb\u00f3l, hogy az ottani evang\u00e9likus gy\u00fclekezet r\u00e9sz\u00e9re seg\u00e9lyaj\u00e1nd\u00e9kot vigyenek, sz\u00f3ba elegyedett egy id\u0151sebb asszonnyal, aki ezeket mondta neki: eddig nem gondoltam, hogy a messzi t\u00e1voli nyugaton is vannak r\u00e1nk gondol\u00f3, \u00e9s \u00e9rt\u00fcnk im\u00e1dkoz\u00f3 kereszt\u00e9nyek. \u00d6r\u00f6mmel t\u00f6lt el ez a tudat, mondta, s minden aj\u00e1nd\u00e9kn\u00e1l fontosabb, hogy szeretettel gondolnak r\u00e1nk, a n\u00e9metorsz\u00e1gi magyar h\u00edvek, s mindenek felett az a gesztus, amellyel hozz\u00e1nk hajolnak, \u00e9s im\u00e1t mondanak \u00e9rt\u00fcnk. Mi mindig sz\u00edvesen vend\u00e9g\u00fcl l\u00e1tjuk \u0151ket akkor is, ha a szereteten k\u00edv\u00fcl semmi m\u00e1st nem hoznak, sz\u00e1munkra az egy\u00fctt \u00e9rz\u0151 j\u00f3 sz\u00edv mindenn\u00e9l fontosabb. A tiszteletes \u00far \u00fagy v\u00e9lte, hogy ezek az \u00e9rz\u00e9sek az elvil\u00e1giasodott ember h\u00e9tk\u00f6znapjaib\u00f3l m\u00e1ra m\u00e1r teljesen kikoptak, s hely\u00fckbe a mindenek feletti anyagiass\u00e1g l\u00e9pett, s \u00edgy nem maradt helye az ilyen emelkedett \u00e9rz\u00e9seknek\u2026<\/p>\n<p>A szent\u00e1ldoz\u00e1s ut\u00e1n n\u00e9p\u00e9nek k\u00f6vetkezett\u00a0\u201e\u00c1ldjad ember e nagy J\u00f3dat\u2026<\/p>\n<p>Az \u00farvacsora \u00e1h\u00edtat csendj\u00e9t ism\u00e9t Jutka \u00e9s Ott\u00f3 sz\u00e9p zenesz\u00e1ma\u00a0Franz Rieder (1942*). Intermezzo a \u201cMissa Gaudeamus in Do-mino\u201d c. darabb\u00f3l t\u00f6rte meg.<\/p>\n<p>A szentmise \u00e1ld\u00e1sa ut\u00e1n el\u00e9nekelt\u00fck a magyar Himnuszt, majd kezdet\u00e9t vette \u00fcnnepi m\u0171sorunk, \u00e9s ezzel a konferansz Huber Ica \u00e1tadta a sz\u00f3t vend\u00e9gsz\u00f3nokunknak,\u00a0<strong>Dr. Ber\u00e9nyi J\u00e1nos\u00a0<\/strong>f\u0151konzul \u00farnak.<\/p>\n<p>Megeml\u00e9kez\u00e9s\u00e9nek \u00e9rdekes\u00a0pontja volt, \u2013 amikor t\u00f6bbek k\u00f6z\u00f6tt arr\u00f3l is besz\u00e9lt, hogy mennyire a mindent f\u00f6l\u00fclm\u00fal\u00f3 becs\u00fclet \u00e9s j\u00f3s\u00e1g vez\u00e9relte az \u00f6sszmagyar n\u00e9pet 1956-ban itt id\u00e9zett besz\u00e1mol\u00f3j\u00e1b\u00f3l:<\/p>\n<p><em>\u201d 1956 h\u0151sei, a pesti sr\u00e1cok, az ifjak \u00e9s id\u0151sek felismert\u00e9k az \u00f6sszefog\u00e1s \u00e9s a magyar sz\u00edv erej\u00e9t. Nem k\u00e9rdeztek, nem k\u00e9rkedtek, nem akartak m\u00e1st, csak egy f\u00fcggetlen magyar haz\u00e1t. Kulcsszavaik pedig ma is f\u00fcleinkben csengenek: egys\u00e9gess\u00e9g, testv\u00e9riess\u00e9g \u00e9s szeretet! Mindez \u00f6sszek\u00f6t\u00f6tte a f\u0151v\u00e1rossal a vid\u00e9ket, a di\u00e1kot a munk\u00e1s emberrel, a nemzet\u0151r honv\u00e9det az \u00e9rtelmis\u00e9givel, a pesti sr\u00e1cokat a megb\u00e9lyegzett polg\u00e1rokkal! Err\u0151l tan\u00faskodott a teheraut\u00f3kon sz\u00e1ll\u00edtott \u00e9lelemoszt\u00e1s, az \u00e1lland\u00f3 v\u00e9rad\u00e1s, s a kil\u0151tt kirakatok m\u00f6g\u00f6tt ki nem rabolt bolt, vagy az \u00e9rintetlen becs\u00fcletkassza! De tov\u00e1bb sorolhatn\u00e1m azokat a t\u00e9nyeket, amelyek jellemezt\u00e9k a mi magyar okt\u00f3ber\u00fcnket!\u201d<\/em><\/p>\n<p>\u00c9n az\u00e9rt is \u00f6r\u00fcltem szavainak, mert a magyar m\u00e9di\u00e1b\u00f3l tudjuk, hogy k\u00fcl\u00fcgyminiszter\u00fcnknek, Szijj\u00e1rt\u00f3 P\u00e9ternek a magyar n\u00e9p nev\u00e9ben kellett tiltakoznia az ellen, hogy a 60. \u00e9vfordul\u00f3 kapcs\u00e1n az orosz k\u00f6zv\u00e9lem\u00e9ny nem v\u00e1ltoztat a 60-\u00e9vvel ezel\u0151tti \u00e1ll\u00e1spontj\u00e1n, s m\u00e9g mindig el\u0151fordul, hogy k\u00f6zszolg\u00e1lati TV m\u0171sorukban dics\u0151 forradalmunkat s\u00e1rba tiporj\u00e1k, \u00e9s a magyar n\u00e1cik puccs\u00e1nak nevezik.<\/p>\n<p>Majd a m\u0171sor Weiner Leo (1885-1960): Peregi verbunk klarin\u00e9tra \u00e9s zongor\u00e1ra op. 40 zenedarabbal folytat\u00f3dott, amelynek el\u0151ad\u00f3i a szentmis\u00e9n is k\u00f6zrem\u0171k\u00f6d\u0151 m\u0171v\u00e9szeink Kocsis Judit zongor\u00e1n \u00e9s Horv\u00e1th Ott\u00f3 klarin\u00e9ton voltak.<\/p>\n<p>Ism\u00e9t a konferansz\u00e9 volt a sz\u00f3, s t\u0151le megtudhattuk, hogy 1960-ban az \u00e1llameln\u00f6k F. J. Kennedy mik\u00e9nt v\u00e9lekedett: \u201e<em>1956. okt\u00f3ber 23-a \u00f6r\u00f6kk\u00e9 \u00e9lni fog a szabad emberek \u00e9s nemzetek eml\u00e9kezet\u00e9ben. E nap a b\u00e1tors\u00e1g, az \u00f6ntudat \u00e9s a gy\u0151zelem napja volt. A t\u00f6rt\u00e9nelem kezdete \u00f3ta nincs m\u00e9g egy nap, mely vil\u00e1gosabban mutatja az ember csillap\u00edthatatlan v\u00e1gy\u00e1t a szabads\u00e1g ir\u00e1nt \u2013 b\u00e1rmily kicsi is a siker es\u00e9lye, s b\u00e1rmily nagy is az \u00e1ldozat, amit k\u00f6vete<\/em>l.\u201d<\/p>\n<p>A m\u00e1sik, \u2013 mondta tov\u00e1bb konferanszi\u00e9nk \u2013 Condoleezza Rice amerikai k\u00fcl\u00fcgyminiszter asszonyt\u00f3l\u00a0 sz\u00e1rmazik, aki 2006-ban \u00edgy nyilatkozott: \u201e<em>1956-ban a magyar n\u00e9p r\u00f6vid 12 napra kiv\u00edvta saj\u00e1t f\u00fcggetlens\u00e9g\u00e9t. Ezek az elsz\u00e1nt hazafiak \u00fagy l\u00e1zadtak fel a hatalmas szovjet birodalom ellen, hogy alig volt m\u00e1s fegyver\u00fck, mint a szabads\u00e1g puszta szeretete.\u201d<\/em><\/p>\n<p>Rice asszonyt is dics\u00e9ret illeti, mert felismerte: ahhoz, hogy a szabads\u00e1got kiv\u00edvhassa az ember, szeretnie \u00e9s \u00e9rt\u00e9kelnie kell azt. Annak nem szabad megalkudnia, annak a kompromisszum nem lehet kenyere!<\/p>\n<p>Ezut\u00e1n Huber Ica \u2013 f\u00f6lkonfer\u00e1lta Ramon Cue Romano jezsuita atya egyik vers\u00e9t, amelyet a m\u00e9lyen \u00e9rz\u0151 szerzetes mint Mexik\u00f3 szabads\u00e1g szeret\u0151 n\u00e9p\u00e9nek fia vetett pap\u00edrra forradalmunkkal val\u00f3 egy\u00fctt\u00e9rz\u00e9s\u00e9t. A forradalom \u00e9s szabads\u00e1gharc lever\u00e9se ut\u00e1n a vil\u00e1g lelkiismeret\u00e9nek hangj\u00e1n csak a fegyvertelen k\u00f6lt\u0151k sz\u00f3ltak, \u00e9s csak \u0151k hajtottak fejet az elnyomottak, a beb\u00f6rt\u00f6nz\u00f6ttek, a halottak el\u0151tt. Csak \u0151k mondt\u00e1k \u0151szint\u00e9n, \u00e9s m\u00e9ly egy\u00fctt\u00e9rz\u00e9ssel: Gloria victis, azaz: Dics\u0151s\u00e9g a legy\u0151z\u00f6tteknek, kik gy\u0151zhetetlenek.<br \/>\nRomano jezsuita atya felkavar\u00f3, Magadra hagytunk T\u00e9gedet c\u00edm\u0171 verse az 1957-ben kiadott \u201eSangre de Hungaria\u201d (Magyarorsz\u00e1g v\u00e9re) c\u00edm\u0171 k\u00f6tet\u00e9ben tal\u00e1lhat\u00f3.<\/p>\n<p><strong>Tepper J\u00e1nos\u00a0<\/strong>el\u0151ad\u00e1s\u00e1ban:<\/p>\n<p><strong>RAMON CU\u00c9 ROMANO\u00a0<\/strong><\/p>\n<p><strong>Magadra hagytunk T\u00e9gedet\u00a0<\/strong><\/p>\n<p>Magadra hagytunk T\u00e9gedet<\/p>\n<p>Kicsi h\u00fagunk, te dr\u00e1ga!<\/p>\n<p>Magadra hagytunk T\u00e9gedet.<\/p>\n<p>M\u00edg f\u00e9nyes nappal R\u00e1d t\u00f6rtek gyal\u00e1zva,<\/p>\n<p>S Eur\u00f3pa sz\u00edv\u00e9r\u0151l let\u00e9ptek r\u0151t kezek.<\/p>\n<p>Kereszt\u00fatj\u00e1n a m\u0171velt vil\u00e1gnak<\/p>\n<p>Magadra hagytunk T\u00e9gedet.\u00a0\u2026<\/p>\n<p><strong>Majd Szedl\u00e1k Vikt\u00f3ria stuttgarti konzulasszony.\u00a0<\/strong>az \u201e<em>Eur\u00f3pa sz\u00edv\u00e9r\u0151l f\u00e9nyes nappal let\u00e9pett vir\u00e1g<\/em>\u201d, Magyarorsz\u00e1g 1956-os forradalmi esem\u00e9nyeire eml\u00e9kezett \u00c1lljon itt n\u00e9h\u00e1ny sor az elhangzott besz\u00e9d\u00e9b\u0151l: \u2026<\/p>\n<p><em>\u201cAz 1956-os forradalom a t\u00f6rt\u00e9nelem azon ritka pillanatai k\u00f6z\u00e9 tartozott, amikor szinte az eg\u00e9sz orsz\u00e1g l\u00e9pett f\u00f6l egy k\u00f6z\u00f6s \u00fcgy \u00e9rdek\u00e9ben. 1956. okt\u00f3ber 23-\u00e1n a magyarok a szabads\u00e1got v\u00e1lasztott\u00e1k. Ez\u00e1ltal az eg\u00e9sz orsz\u00e1gnak k\u00edn\u00e1ltak rem\u00e9nyt \u00e9s m\u00e9lt\u00f3s\u00e1got. A magyarok 60 \u00e9vvel ezel<\/em>\u0151<em>tt felkeltek \u00e9s azt mondt\u00e1k, hogy az \u00e9let szabads\u00e1g n\u00e9lk\u00fcl t\u0171rhetetlen. A kommunista terror ellen kelt f\u00f6l a magyar n\u00e9p, ez\u00e9rt volt ez forradalom. \u2026<\/em><\/p>\n<p><em>Egy\u00fctt dobbant meg a magyar n\u00e9p sz\u00edve \u20181956-ban az\u00e9rt, mert a v\u00e9gs\u0151kig elkeseredett n\u00e9p \u00fagy \u00e9rezte, most lehetne t\u00e1voz\u00e1sra k\u00e9nyszer\u00edteni azt a bizonyos k\u00fcls\u0151 er\u0151t, a szovjet imp\u00e9riumot, melynek \u00e1gy\u00facs\u00f6veit a nemzet h\u00e1t\u00e1ba nyomta a nagyhatalmi rendez\u00e9s \u00e9s a kommunista terror a II. vil\u00e1gh\u00e1bor\u00fa ut\u00e1n. Ett\u0151l lett \u201956 szabads\u00e1gharc is. Ez\u00e9rt van az, hogy \u00edgy helyes r\u00f3la besz\u00e9lni: az 1956-os forradalom \u00e9s szabads\u00e1gharc\u201d<\/em>. \u2026<\/p>\n<p>A besz\u00e9d ut\u00e1n ism\u00e9t zenesz\u00e1m k\u00f6vetkezett. Judit \u00e9s Otto egy sz\u00e1munkra igen j\u00f3l ismert zenesz\u00e1mot, a Honv\u00e1gydalt j\u00e1tszott\u00e1k el, \u00e9s a dal bevezet\u0151j\u00e9\u00fcl Otto elmondta, hogy ennek az amerikai eredet\u0171 dalnak a magyar sz\u00f6vege v\u00e1lt az emigr\u00e1ns magyarok legend\u00e1s honv\u00e1gy-dal\u00e1v\u00e1. Hossz\u00fa ideig j\u00e1tszott\u00e1k a Szabad Eur\u00f3pa R\u00e1di\u00f3 k\u00edv\u00e1ns\u00e1gm\u0171sor\u00e1ban. Az is \u00e9rdekess\u00e9ge, hogy a felv\u00e9tel pont 1956. okt\u00f3ber 23-\u00e1n k\u00e9sz\u00fclt a Magyar R\u00e1di\u00f3ban, \u00e9s t\u00f6bb sz\u00e1zezer ember sz\u00e1m\u00e1ra ez a Terry Gilkyson-Richard Dehr-Frank Miller: Memories Are Made of This \u2013 Honv\u00e1gydal (magyar sz\u00f6veg: \u201eOly t\u00e1vol, messze van haz\u00e1m\u201d Gommermann Istv\u00e1n) jelentette a haz\u00e1t, \u00e9s \u00f6tvenhatot.<\/p>\n<p>A magyar n\u00e9pnek, mi\u00f3ta megtelepedett a K\u00e1rp\u00e1t-medenc\u00e9ben, b\u0151ven kijutott a tragikus hon-elhagy\u00e1si tapasztalatokb\u00f3l: a tat\u00e1rj\u00e1r\u00e1s, a t\u00f6r\u00f6k h\u00f3dolts\u00e1g, a levert forradalmak \u00e9s szabads\u00e1gharcok traum\u00e1i nyom\u00e1n, h\u00e1nyszor \u00e9s h\u00e1nyszor cser\u00e9lt m\u00e1r haz\u00e1t, Vil\u00e1gosi fegyverlet\u00e9tel, \u00e9s Trianon, elvesz\u00edtett h\u00e1bor\u00faink, levert forradalmaink, \u00e9s orsz\u00e1gunk feldarabol\u00e1s\u00e1t k\u00f6vet\u0151en , sz\u00e1zezrek menek\u00fcl\u00e9s\u00e9t id\u00e9zt\u00e9k vers\u00fckben nagy k\u00f6lt\u0151ink B\u00fajt az \u00fcld\u00f6z\u00f6tt s fel\u00e9 Kard ny\u00fal barlangj\u00e1ban, Szerte n\u00e9zett, s nem lel\u00e9 Honj\u00e1t a haz\u00e1ban.\u201d mondja K\u00f6lcsey,\u00a0\u201d kit\u00e1ntorgott Amerik\u00e1ba m\u00e1sf\u00e9l milli\u00f3 ember\u00fcnk\u201d panaszolja J\u00f3zsef Attila, \u00e9s 1956 ut\u00e1n 200000 ember elhagyta az orsz\u00e1got, vetnek sz\u00e1mot ezzel a t\u00f6rt\u00e9n\u00e9szek. \u00cdgy nem csoda, hogy Honv\u00e1gydal b\u00fas melank\u00f3li\u00e1ja a magyars\u00e1g vil\u00e1gm\u00e9ret\u0171 sz\u00e9tsz\u00f3rat\u00e1sa kapcs\u00e1n m\u00e9lt\u00e1n m\u00e9ly \u00e9s szomor\u00fa h\u00farokat pend\u00edtett, \u00e9s pend\u00edt meg mindannyiunk sz\u00edv\u00e9ben.<\/p>\n<p>Hogy mi\u00e9rt v\u00e1lasztottam besz\u00e1mol\u00f3m c\u00edmad\u00f3j\u00e1ul Pet\u0151fi S\u00e1ndor\u00a0<em>\u201cEgy gondolat b\u00e1nt engemet\u201d\u00a0<\/em>vers\u00e9nek z\u00e1r\u00f3 sor\u00e1t? Mert \u201956-os h\u0151seink is ugyanaz\u00e9rt az eszm\u00e9\u00e9rt, a vil\u00e1gszabads\u00e1g\u00e9rt ontott\u00e1k v\u00e9r\u00fcket, s \u0151k is az\u00e9rt haltak meg, hogy \u201cA magyar n\u00e9v megint sz\u00e9p, [lehessen] M\u00e9lt\u00f3 r\u00e9gi nagy h\u00edr\u00e9hez\u201d (Pet\u0151fi:\u00a0<em>Talpra magyar).<\/em><\/p>\n<p>\u00c9s ezt siker\u00fclt is megval\u00f3s\u00edtaniuk. A Nobel d\u00edjas francia \u00edr\u00f3 Albert Camus \u00edgy \u00edrt:<\/p>\n<p>\u201dA leg\u00e1zolt, bilincsbe vert Magyarorsz\u00e1g t\u00f6bbet tett a szabads\u00e1g\u00e9rt \u00e9s igazs\u00e1g\u00e9rt, mint b\u00e1rmelyik n\u00e9p a vil\u00e1gon az elm\u00falt h\u00fasz esztend\u0151ben. Ahhoz, hogy ezt a t\u00f6rt\u00e9nelmi leck\u00e9t meg\u00e9rtse a f\u00fcl\u00e9t bet\u00f6m\u0151, szem\u00e9t eltakar\u00f3 nyugati t\u00e1rsadalom, sok magyar v\u00e9rnek kellett elhullnia \u2013 s ez a v\u00e9rfolyam most m\u00e1r alvad az eml\u00e9kezetben. A mag\u00e1ra maradt Eur\u00f3p\u00e1ban csak \u00fagy maradhatunk h\u00edvek Magyarorsz\u00e1ghoz, ha soha \u00e9s sehol el nem \u00e1ruljuk, ami\u00e9rt a magyar harcosok \u00e9let\u00fcket adt\u00e1k, \u00e9s soha, sehol \u2013 m\u00e9g k\u00f6zvetve sem \u2013 igazoljuk a gyilkosokat.\u201d<\/p>\n<p>Indro Montanelli \u00fajs\u00e1g\u00edr\u00f3 a riporter szem\u00e9vel sz\u00e1molt be a t\u00f6rt\u00e9ntekr\u0151l, amikor n\u00e9p\u00fcnk a kis D\u00e1vidk\u00e9nt v\u00edvta harc\u00e1t a hatalmas G\u00f3li\u00e1ttal szemben:<em>\u00a0\u201eAki l\u00e1tta ezt a v\u00e1rost akkor, amikor \u00e1lm\u00e1ban \u00f6tezer tank lepte meg, \u00e9s l\u00e1tta vel\u00fck szembeszeg\u00fclni, ahogy minden h\u00e1z er\u0151dd\u00e9 v\u00e1ltozik, l\u0151r\u00e9ss\u00e9 minden ablak, amint n\u00e9gy nap, n\u00e9gy \u00e9jjel \u00e1d\u00e1z k\u00fczdelem ut\u00e1n elbor\u00edtj\u00e1k utc\u00e1it a holttestek, s miut\u00e1n mun\u00edci\u00f3 n\u00e9lk\u00fcl marad, \u00f6sszek\u00f6tik a kez\u00e9t, \u00e9s hagynia kell, hogy letart\u00f3ztass\u00e1k, kiv\u00e9gezz\u00e9k, deport\u00e1lj\u00e1k, de ink\u00e1bb \u00e9hen hal \u00e9s megfagy, mintsem kollabor\u00e1ljon; nos, aki l\u00e1tta mindezt, az nem hihet abban a felt\u00e9telez\u00e9sben, hogy humbug volt az eg\u00e9sz.\u201d<\/em><\/p>\n<p>Nemcsak \u00edr\u00f3k, de el\u0151ad\u00f3m\u0171v\u00e9szek is ki\u00e1lltak a h\u0151sies magyarok forradalma mellett. A kor legnagyobb rock and roll fejedelme, Elvis Presley 1956 november\u00e9nek els\u0151 napjaiban a \u201cSong In The Valley\u201d (Dal a v\u00f6lgyben) c., dalt a magyar forradalm\u00e1rok tisztelet\u00e9re adta el\u0151 egy koncerten, \u00e9s f\u00f6laj\u00e1nlotta g\u00e1zsij\u00e1t a magyarorsz\u00e1gi r\u00e1szorul\u00f3k megseg\u00edt\u00e9s\u00e9re, \u00e9s k\u00f6z\u00f6ns\u00e9g\u00e9t is adakoz\u00e1sra sz\u00f3l\u00edtotta fel. Bizony\u00e1ra hozz\u00e1m hasonl\u00f3an m\u00e9g sokan eml\u00e9kez\u00fcnk azokra a finoms\u00e1gokra, (csokol\u00e1d\u00e9, cukorka, tejpor, s\u0151t sz\u00fcleinknek m\u00e9g babk\u00e1v\u00e9 is), amelyek Elvys szavainak h\u00edv\u00e1s\u00e1ra \u00e9rkeztek hozz\u00e1nk Amerik\u00e1b\u00f3l.<\/p>\n<p>De ma m\u00e1r tudjuk, hogy hi\u00e1ba val\u00f3 volt n\u00e9p\u00fcnk csodav\u00e1r\u00e1sa. A r\u00e1di\u00f3 hull\u00e1mhossz\u00e1n, \u2013 amely okt\u00f3ber 23-t\u00f3l nem a Magyar R\u00e1di\u00f3 \u00e9p\u00fclet\u00e9b\u0151l sug\u00e1rozta ad\u00e1sait, hanem a Parlament egyik term\u00e9ben kik\u00e9pzett st\u00fadi\u00f3b\u00f3l a k\u00f6zlem\u00e9nyek sz\u00fcneteiben folyamatosan sz\u00f3lt Beethoven Egmont nyit\u00e1nya. Eml\u00e9kszem m\u00e9g arra a napra amikor az Egmont nyit\u00e1ny sz\u00fcnet\u00e9ben kis n\u00e9pr\u00e1di\u00f3nk hangsz\u00f3r\u00f3j\u00e1n meghallottuk Nagy Imre riadtnak t\u0171n\u0151 hangj\u00e1t.\u00a0SOS ki\u00e1lt\u00e1s\u00e1t szinte belerim\u00e1nkodta a nyugati hatalmak bez\u00e1rult f\u00fcl\u00e9be. L\u00e1ttam a d\u00f6bbent f\u00e9lelmet sz\u00fcleim arc\u00e1n, amely f\u00e9lelem r\u00e1m is visszahatott, mik\u00f6zben hallottuk a miniszter beolvasott r\u00e1di\u00f3sz\u00f6veg\u00e9t: \u201eCsapataink harcban \u00e1llnak. A korm\u00e1ny a hely\u00e9n van.\u201d \u2013, s ezt k\u00f6vet\u0151en a h\u00e1romszori k\u00e9r\u00e9s, seg\u00edtsetek, seg\u00edtsetek, seg\u00edtsetek! Majd ism\u00e9t az Egmont-nyit\u00e1ny k\u00f6vetkezett. \u00c9n m\u00e1r gyermekk\u00e9nt is tudtam ekkor, hogy amikor ezt j\u00e1tsz\u00e1k, mindig valami szomor\u00fa dolog t\u00f6rt\u00e9nik. Most is. Nagy Imre \u00e9s t\u00e1rsai hamarosan a Jugoszl\u00e1v k\u00f6vets\u00e9gen tal\u00e1lt\u00e1k magukat, \u00e9s azt m\u00e1r szabad emberk\u00e9nt sohasem hagyhatt\u00e1k el.<\/p>\n<p>Utols\u00f3 szavai az \u00edt\u00e9lethirdet\u00e9s ut\u00e1n nek\u00fcnk is sz\u00f3lnak:<\/p>\n<p><em>\u201c\u00dagy \u00e9rzem, s\u00falyos t\u00e9ved\u00e9s, b\u00edr\u00f3s\u00e1gi t\u00e9ved\u00e9s \u00e1ldozata vagyok. Kegyelmet nem k\u00e9rek. A hal\u00e1los \u00edt\u00e9letet, amelyet r\u00e1m az igen tisztelt N\u00e9pb\u00edr\u00f3s\u00e1gi Tan\u00e1cs kir\u00f3tt, \u00e9n a magam r\u00e9sz\u00e9r\u0151l igazs\u00e1gtalannak tartom, indokl\u00e1s\u00e1t nem tartom megalapozottnak, \u00e9s ez\u00e9rt a magam r\u00e9sz\u00e9r\u0151l, b\u00e1r tudom azt, hogy fellebbez\u00e9snek helye nincs, elfogadni nem tudom. Egyetlen vigaszom ebben a helyzetben az a meggy\u0151z\u0151d\u00e9sem, hogy el\u0151bb vagy ut\u00f3bb a magyar n\u00e9p \u00e9s a nemzetk\u00f6zi munk\u00e1soszt\u00e1ly majd felment azok al\u00f3l a s\u00falyos v\u00e1dak al\u00f3l, amelyeknek s\u00faly\u00e1t most nekem kell viselnem, amelynek k\u00f6vetkezm\u00e9nyek\u00e9nt nekem \u00e9letemet kell \u00e1ldoznom, de amelyet nekem v\u00e1llalnom kell. \u00dagy \u00e9rzem, elj\u00f6n az id\u0151, amikor ezekben a k\u00e9rd\u00e9sekben nyugodtabb l\u00e9gk\u00f6rben, vil\u00e1gosabb l\u00e1t\u00f3k\u00f6rrel, a t\u00e9nyek jobb ismerete alapj\u00e1n igazs\u00e1got lehet szolg\u00e1ltatni az \u00e9n \u00fcgyemben is.<\/em>\u00a0\u201c<\/p>\n<p>A 60. \u00e9v eml\u00e9km\u0171sor z\u00e1r\u00f3 sz\u00e1mak\u00e9nt el\u00e9nekelt\u00fck a Sz\u00f3zatot \u00e9s a Sz\u00e9kely Himnuszt, majd miel\u0151tt \u00e1tment\u00fcnk volna a k\u00f6z\u00f6ss\u00e9gi terembe, hogy feh\u00e9r asztal mellett egym\u00e1s t\u00e1rsas\u00e1gban t\u00f6lts\u00fck el ezt a sz\u00e9p est\u00e9t, m\u00e9g megn\u00e9zt\u00fck a templomunk fal\u00e1n az 56-os esem\u00e9nyekkel kapcsolatos k\u00e9pki\u00e1ll\u00edt\u00e1sunkat.<\/p>\n<p>Z\u00e1r\u00f3mondatul \u00e1lljanak itt\u00a0Ady Endre szavai:<\/p>\n<p><strong>A T\u0171z csihol\u00f3ja.<\/strong><\/p>\n<p>Csak akkor sz\u00fclettek nagy dolgok,<br \/>\nHa b\u00e1trak voltak, akik mertek<br \/>\nS ha sz\u00e1zszor tudtak b\u00e1trak lenni,<br \/>\nSz\u00e1zszor b\u00e1trak \u00e9s viharvertek.<\/p>\n","protected":false},"excerpt":{"rendered":"<p>\u201cKik \u00e9rted haltak szent vil\u00e1gszabads\u00e1g\u201d T\u00f6bb \u00e9vtizedes hagyom\u00e1nya van annak, hogy a stuttgarti magyar h\u00edvek az \u201956-os okt\u00f3beri forradalmunk v\u00edvm\u00e1nyaira eml\u00e9kezve \u00f6kumenikus szentmis\u00e9t \u00e9s istentiszteletet mutatnak be, \u2013 \u00e9s mint ahogy azt pl\u00e9b\u00e1nosunk bevezet\u0151j\u00e9ben kifejtette, \u2013 a szentmise \u00e1ldozat\u00e1t szabads\u00e1gunk\u00e9rt v\u00e9r\u00fcket ont\u00f3 h\u0151s\u00f6k lelki \u00fcdv\u00e9\u00e9rt aj\u00e1nljuk f\u00f6l. Okt\u00f3ber 23-\u00e1n Dr. Tempfli Imre, a Stuttgarti Szent Gell\u00e9rt Egyh\u00e1zk\u00f6zs\u00e9g pl\u00e9b\u00e1nosa, \u00e9s papt\u00e1rsa Merl\u00e1s Tibor atya koncelebr\u00e1lta a szentmis\u00e9t, amelyen az Ig\u00e9t Nt G\u00e9mes P\u00e1l hirdette, seg\u00edt\u0151t\u00e1rsa az \u00farvacsora kioszt\u00e1s\u00e1ban Nt. G\u00e9mes Istv\u00e1n volt. Bevonul\u00e1sra egy sz\u00e9p du\u00f3t hallhattunk: Jean Xavier Lef\u00e8vre (1763-1829): Sonata Nr.1 \u2013 Allegro moderato, amelynek sz\u00f3l\u00f3j\u00e1t Horv\u00e1th Ott\u00f3 tolm\u00e1csolta klarinetten, s orgon\u00e1n Kocsis Judit k\u00eds\u00e9rt, majd zsolt\u00e1rk\u00e9nt ugyancsak t\u0151l\u00fck csend\u00fclt f\u00f6l Jean Xavier Lef\u00e8vre a Sonata Nr.1 \u2013 Adagio-ja. A napi Olvasm\u00e1ny szavait Sir\u00e1k fia k\u00f6nyv\u00e9b\u0151l hallottuk az \u00darr\u00f3l, az igaz B\u00edr\u00f3r\u00f3l, akinek mindig f\u00fcle van arra, hogy az \u00e1rv\u00e1k k\u00f6ny\u00f6rg\u00e9s\u00e9t, \u00e9s \u00f6zvegyek panasz\u00e1t meghallgassa. Ez a sz\u00f6vegr\u00e9sz engem arra eml\u00e9keztetett, hogy 1956. november\u00e9ben, sok hallgatni val\u00f3ja lehetett a j\u00f3 Istennek. Mert a t\u00faler\u0151vel szemben v\u00edvott harc n\u00e9p\u00fcnkt\u0151l nagy v\u00e9r\u00e1ldozatot k\u00f6vetelt, s majd ezt k\u00f6vet\u0151en is, a megtorl\u00e1sokat k\u00f6vet\u0151 \u00e9vekben, mikor is \u201cLev\u00e1gva n\u00e9p\u00fcnk ezrei, Halomba, mint kereszt, Hogy s\u00edrva tall\u00f3z, aki \u00e9l\u201d. [K\u00e1d\u00e1r] \u201ckir\u00e1ly te tetted ezt! Magyarorsz\u00e1g ezen tragikus \u00e9veiben \u00f6zvegyasszonyok sz\u00e1zainak jajai, \u00e9s az \u00e1rv\u00e1k zokog\u00f3 panaszai, az \u00e9gbe, az igaz B\u00edr\u00f3hoz ki\u00e1ltottak. Hullt az \u00e9desany\u00e1k k\u00f6nnyz\u00e1pora, mik\u00f6zben utols\u00f3 \u00fatjukra k\u00eds\u00e9rt\u00e9k fiatal \u00e9let\u00fckben kett\u00e9t\u00f6rt fiaikat, \u00e9s szer\u00e9t-sz\u00e1m\u00e1t nem tudjuk azoknak a fiatal n\u0151knek, akiknek oly kor\u00e1n ker\u00fclt fej\u00fckre az \u00f6zvegyi f\u00e1tyol, \u00e9s ami tal\u00e1n sz\u00e1mukra a legszomor\u00fabb volt, hogy gyakran m\u00e9g b\u00facs\u00fat sem tudtak venni fiaikt\u00f3l vagy f\u00e9rjeikt\u0151l, mert j\u00f3l tudjuk a K\u00e1d\u00e1r-rendszer sok embert kiv\u00e9geztetett, akiket akkor jeltelen\u00fcl hantoltak el, s \u00edgy m\u00e9g egy kis\u00a0s\u00edrhant sem adatott meg nekik, amely f\u00f6l\u00e9 borulva, b\u00e1natukat elzokogj\u00e1k. Zas L\u00f3r\u00e1nt: Novemberben.. Novemberben s\u00edrnak az utc\u00e1k Novemberben s\u00edrnak az emberek&#8230;. <\/p>\n<p><a class=\"readmore\" href=\"https:\/\/stuttgarti-katolikusok.de\/index.php\/zeitler-barbara-kik-erted-haltak-szent-vilagszabadsag\/\">R\u00e9szletek<\/a><\/p>\n","protected":false},"author":3,"featured_media":0,"comment_status":"closed","ping_status":"closed","sticky":false,"template":"","format":"standard","meta":{"footnotes":""},"categories":[28],"tags":[],"class_list":["post-10095","post","type-post","status-publish","format-standard","hentry","category-olvasoink-irjak"],"yoast_head":"<!-- This site is optimized with the Yoast SEO plugin v27.3 - https:\/\/yoast.com\/product\/yoast-seo-wordpress\/ -->\n<title>Zeitler Barbara: &quot;Kik \u00e9rted haltak, szent vil\u00e1gszabads\u00e1g...&quot; - Stuttgarti Katolikusok<\/title>\n<meta name=\"robots\" content=\"index, follow, max-snippet:-1, max-image-preview:large, max-video-preview:-1\" \/>\n<link rel=\"canonical\" href=\"https:\/\/stuttgarti-katolikusok.de\/index.php\/zeitler-barbara-kik-erted-haltak-szent-vilagszabadsag\/\" \/>\n<meta property=\"og:locale\" content=\"hu_HU\" \/>\n<meta property=\"og:type\" content=\"article\" \/>\n<meta property=\"og:title\" content=\"Zeitler Barbara: &quot;Kik \u00e9rted haltak, szent vil\u00e1gszabads\u00e1g...&quot; - Stuttgarti Katolikusok\" \/>\n<meta property=\"og:description\" content=\"\u201cKik \u00e9rted haltak szent vil\u00e1gszabads\u00e1g\u201d T\u00f6bb \u00e9vtizedes hagyom\u00e1nya van annak, hogy a stuttgarti magyar h\u00edvek az \u201956-os okt\u00f3beri forradalmunk v\u00edvm\u00e1nyaira eml\u00e9kezve \u00f6kumenikus szentmis\u00e9t \u00e9s istentiszteletet mutatnak be, \u2013 \u00e9s mint ahogy azt pl\u00e9b\u00e1nosunk bevezet\u0151j\u00e9ben kifejtette, \u2013 a szentmise \u00e1ldozat\u00e1t szabads\u00e1gunk\u00e9rt v\u00e9r\u00fcket ont\u00f3 h\u0151s\u00f6k lelki \u00fcdv\u00e9\u00e9rt aj\u00e1nljuk f\u00f6l. Okt\u00f3ber 23-\u00e1n Dr. Tempfli Imre, a Stuttgarti Szent Gell\u00e9rt Egyh\u00e1zk\u00f6zs\u00e9g pl\u00e9b\u00e1nosa, \u00e9s papt\u00e1rsa Merl\u00e1s Tibor atya koncelebr\u00e1lta a szentmis\u00e9t, amelyen az Ig\u00e9t Nt G\u00e9mes P\u00e1l hirdette, seg\u00edt\u0151t\u00e1rsa az \u00farvacsora kioszt\u00e1s\u00e1ban Nt. G\u00e9mes Istv\u00e1n volt. Bevonul\u00e1sra egy sz\u00e9p du\u00f3t hallhattunk: Jean Xavier Lef\u00e8vre (1763-1829): Sonata Nr.1 \u2013 Allegro moderato, amelynek sz\u00f3l\u00f3j\u00e1t Horv\u00e1th Ott\u00f3 tolm\u00e1csolta klarinetten, s orgon\u00e1n Kocsis Judit k\u00eds\u00e9rt, majd zsolt\u00e1rk\u00e9nt ugyancsak t\u0151l\u00fck csend\u00fclt f\u00f6l Jean Xavier Lef\u00e8vre a Sonata Nr.1 \u2013 Adagio-ja. A napi Olvasm\u00e1ny szavait Sir\u00e1k fia k\u00f6nyv\u00e9b\u0151l hallottuk az \u00darr\u00f3l, az igaz B\u00edr\u00f3r\u00f3l, akinek mindig f\u00fcle van arra, hogy az \u00e1rv\u00e1k k\u00f6ny\u00f6rg\u00e9s\u00e9t, \u00e9s \u00f6zvegyek panasz\u00e1t meghallgassa. Ez a sz\u00f6vegr\u00e9sz engem arra eml\u00e9keztetett, hogy 1956. november\u00e9ben, sok hallgatni val\u00f3ja lehetett a j\u00f3 Istennek. Mert a t\u00faler\u0151vel szemben v\u00edvott harc n\u00e9p\u00fcnkt\u0151l nagy v\u00e9r\u00e1ldozatot k\u00f6vetelt, s majd ezt k\u00f6vet\u0151en is, a megtorl\u00e1sokat k\u00f6vet\u0151 \u00e9vekben, mikor is \u201cLev\u00e1gva n\u00e9p\u00fcnk ezrei, Halomba, mint kereszt, Hogy s\u00edrva tall\u00f3z, aki \u00e9l\u201d. [K\u00e1d\u00e1r] \u201ckir\u00e1ly te tetted ezt! Magyarorsz\u00e1g ezen tragikus \u00e9veiben \u00f6zvegyasszonyok sz\u00e1zainak jajai, \u00e9s az \u00e1rv\u00e1k zokog\u00f3 panaszai, az \u00e9gbe, az igaz B\u00edr\u00f3hoz ki\u00e1ltottak. Hullt az \u00e9desany\u00e1k k\u00f6nnyz\u00e1pora, mik\u00f6zben utols\u00f3 \u00fatjukra k\u00eds\u00e9rt\u00e9k fiatal \u00e9let\u00fckben kett\u00e9t\u00f6rt fiaikat, \u00e9s szer\u00e9t-sz\u00e1m\u00e1t nem tudjuk azoknak a fiatal n\u0151knek, akiknek oly kor\u00e1n ker\u00fclt fej\u00fckre az \u00f6zvegyi f\u00e1tyol, \u00e9s ami tal\u00e1n sz\u00e1mukra a legszomor\u00fabb volt, hogy gyakran m\u00e9g b\u00facs\u00fat sem tudtak venni fiaikt\u00f3l vagy f\u00e9rjeikt\u0151l, mert j\u00f3l tudjuk a K\u00e1d\u00e1r-rendszer sok embert kiv\u00e9geztetett, akiket akkor jeltelen\u00fcl hantoltak el, s \u00edgy m\u00e9g egy kis\u00a0s\u00edrhant sem adatott meg nekik, amely f\u00f6l\u00e9 borulva, b\u00e1natukat elzokogj\u00e1k. Zas L\u00f3r\u00e1nt: Novemberben.. Novemberben s\u00edrnak az utc\u00e1k Novemberben s\u00edrnak az emberek.... R\u00e9szletek\" \/>\n<meta property=\"og:url\" content=\"https:\/\/stuttgarti-katolikusok.de\/index.php\/zeitler-barbara-kik-erted-haltak-szent-vilagszabadsag\/\" \/>\n<meta property=\"og:site_name\" content=\"Stuttgarti Katolikusok\" \/>\n<meta property=\"article:published_time\" content=\"2016-10-27T13:47:24+00:00\" \/>\n<meta property=\"article:modified_time\" content=\"2016-10-27T22:57:18+00:00\" \/>\n<meta name=\"author\" content=\"Tibor atya\" \/>\n<meta name=\"twitter:card\" content=\"summary_large_image\" \/>\n<meta name=\"twitter:label1\" content=\"Szerz\u0151:\" \/>\n\t<meta name=\"twitter:data1\" content=\"Tibor atya\" \/>\n\t<meta name=\"twitter:label2\" content=\"Becs\u00fclt olvas\u00e1si id\u0151\" \/>\n\t<meta name=\"twitter:data2\" content=\"16 perc\" \/>\n<script type=\"application\/ld+json\" class=\"yoast-schema-graph\">{\"@context\":\"https:\\\/\\\/schema.org\",\"@graph\":[{\"@type\":\"Article\",\"@id\":\"https:\\\/\\\/stuttgarti-katolikusok.de\\\/index.php\\\/zeitler-barbara-kik-erted-haltak-szent-vilagszabadsag\\\/#article\",\"isPartOf\":{\"@id\":\"https:\\\/\\\/stuttgarti-katolikusok.de\\\/index.php\\\/zeitler-barbara-kik-erted-haltak-szent-vilagszabadsag\\\/\"},\"author\":{\"name\":\"Tibor atya\",\"@id\":\"https:\\\/\\\/stuttgarti-katolikusok.de\\\/#\\\/schema\\\/person\\\/75908d6f8fdc03a57889d27209df7795\"},\"headline\":\"Zeitler Barbara: &#8222;Kik \u00e9rted haltak, szent vil\u00e1gszabads\u00e1g&#8230;&#8221;\",\"datePublished\":\"2016-10-27T13:47:24+00:00\",\"dateModified\":\"2016-10-27T22:57:18+00:00\",\"mainEntityOfPage\":{\"@id\":\"https:\\\/\\\/stuttgarti-katolikusok.de\\\/index.php\\\/zeitler-barbara-kik-erted-haltak-szent-vilagszabadsag\\\/\"},\"wordCount\":3230,\"articleSection\":[\"Olvas\u00f3ink \u00edrj\u00e1k\"],\"inLanguage\":\"hu\"},{\"@type\":\"WebPage\",\"@id\":\"https:\\\/\\\/stuttgarti-katolikusok.de\\\/index.php\\\/zeitler-barbara-kik-erted-haltak-szent-vilagszabadsag\\\/\",\"url\":\"https:\\\/\\\/stuttgarti-katolikusok.de\\\/index.php\\\/zeitler-barbara-kik-erted-haltak-szent-vilagszabadsag\\\/\",\"name\":\"Zeitler Barbara: \\\"Kik \u00e9rted haltak, szent vil\u00e1gszabads\u00e1g...\\\" - Stuttgarti Katolikusok\",\"isPartOf\":{\"@id\":\"https:\\\/\\\/stuttgarti-katolikusok.de\\\/#website\"},\"datePublished\":\"2016-10-27T13:47:24+00:00\",\"dateModified\":\"2016-10-27T22:57:18+00:00\",\"author\":{\"@id\":\"https:\\\/\\\/stuttgarti-katolikusok.de\\\/#\\\/schema\\\/person\\\/75908d6f8fdc03a57889d27209df7795\"},\"breadcrumb\":{\"@id\":\"https:\\\/\\\/stuttgarti-katolikusok.de\\\/index.php\\\/zeitler-barbara-kik-erted-haltak-szent-vilagszabadsag\\\/#breadcrumb\"},\"inLanguage\":\"hu\",\"potentialAction\":[{\"@type\":\"ReadAction\",\"target\":[\"https:\\\/\\\/stuttgarti-katolikusok.de\\\/index.php\\\/zeitler-barbara-kik-erted-haltak-szent-vilagszabadsag\\\/\"]}]},{\"@type\":\"BreadcrumbList\",\"@id\":\"https:\\\/\\\/stuttgarti-katolikusok.de\\\/index.php\\\/zeitler-barbara-kik-erted-haltak-szent-vilagszabadsag\\\/#breadcrumb\",\"itemListElement\":[{\"@type\":\"ListItem\",\"position\":1,\"name\":\"Kezd\u0151lap\",\"item\":\"https:\\\/\\\/stuttgarti-katolikusok.de\\\/\"},{\"@type\":\"ListItem\",\"position\":2,\"name\":\"Zeitler Barbara: &#8220;Kik \u00e9rted haltak, szent vil\u00e1gszabads\u00e1g&#8230;&#8221;\"}]},{\"@type\":\"WebSite\",\"@id\":\"https:\\\/\\\/stuttgarti-katolikusok.de\\\/#website\",\"url\":\"https:\\\/\\\/stuttgarti-katolikusok.de\\\/\",\"name\":\"Stuttgarti Katolikusok\",\"description\":\"\",\"potentialAction\":[{\"@type\":\"SearchAction\",\"target\":{\"@type\":\"EntryPoint\",\"urlTemplate\":\"https:\\\/\\\/stuttgarti-katolikusok.de\\\/?s={search_term_string}\"},\"query-input\":{\"@type\":\"PropertyValueSpecification\",\"valueRequired\":true,\"valueName\":\"search_term_string\"}}],\"inLanguage\":\"hu\"},{\"@type\":\"Person\",\"@id\":\"https:\\\/\\\/stuttgarti-katolikusok.de\\\/#\\\/schema\\\/person\\\/75908d6f8fdc03a57889d27209df7795\",\"name\":\"Tibor atya\",\"image\":{\"@type\":\"ImageObject\",\"inLanguage\":\"hu\",\"@id\":\"https:\\\/\\\/secure.gravatar.com\\\/avatar\\\/61d268e57d1f4525b111222e29d2d5a7f8c420fdbf231ba5566a8ceac74fa960?s=96&d=mm&r=g\",\"url\":\"https:\\\/\\\/secure.gravatar.com\\\/avatar\\\/61d268e57d1f4525b111222e29d2d5a7f8c420fdbf231ba5566a8ceac74fa960?s=96&d=mm&r=g\",\"contentUrl\":\"https:\\\/\\\/secure.gravatar.com\\\/avatar\\\/61d268e57d1f4525b111222e29d2d5a7f8c420fdbf231ba5566a8ceac74fa960?s=96&d=mm&r=g\",\"caption\":\"Tibor atya\"},\"url\":\"https:\\\/\\\/stuttgarti-katolikusok.de\\\/index.php\\\/author\\\/tibor-atya\\\/\"}]}<\/script>\n<!-- \/ Yoast SEO plugin. -->","yoast_head_json":{"title":"Zeitler Barbara: \"Kik \u00e9rted haltak, szent vil\u00e1gszabads\u00e1g...\" - Stuttgarti Katolikusok","robots":{"index":"index","follow":"follow","max-snippet":"max-snippet:-1","max-image-preview":"max-image-preview:large","max-video-preview":"max-video-preview:-1"},"canonical":"https:\/\/stuttgarti-katolikusok.de\/index.php\/zeitler-barbara-kik-erted-haltak-szent-vilagszabadsag\/","og_locale":"hu_HU","og_type":"article","og_title":"Zeitler Barbara: \"Kik \u00e9rted haltak, szent vil\u00e1gszabads\u00e1g...\" - Stuttgarti Katolikusok","og_description":"\u201cKik \u00e9rted haltak szent vil\u00e1gszabads\u00e1g\u201d T\u00f6bb \u00e9vtizedes hagyom\u00e1nya van annak, hogy a stuttgarti magyar h\u00edvek az \u201956-os okt\u00f3beri forradalmunk v\u00edvm\u00e1nyaira eml\u00e9kezve \u00f6kumenikus szentmis\u00e9t \u00e9s istentiszteletet mutatnak be, \u2013 \u00e9s mint ahogy azt pl\u00e9b\u00e1nosunk bevezet\u0151j\u00e9ben kifejtette, \u2013 a szentmise \u00e1ldozat\u00e1t szabads\u00e1gunk\u00e9rt v\u00e9r\u00fcket ont\u00f3 h\u0151s\u00f6k lelki \u00fcdv\u00e9\u00e9rt aj\u00e1nljuk f\u00f6l. Okt\u00f3ber 23-\u00e1n Dr. Tempfli Imre, a Stuttgarti Szent Gell\u00e9rt Egyh\u00e1zk\u00f6zs\u00e9g pl\u00e9b\u00e1nosa, \u00e9s papt\u00e1rsa Merl\u00e1s Tibor atya koncelebr\u00e1lta a szentmis\u00e9t, amelyen az Ig\u00e9t Nt G\u00e9mes P\u00e1l hirdette, seg\u00edt\u0151t\u00e1rsa az \u00farvacsora kioszt\u00e1s\u00e1ban Nt. G\u00e9mes Istv\u00e1n volt. Bevonul\u00e1sra egy sz\u00e9p du\u00f3t hallhattunk: Jean Xavier Lef\u00e8vre (1763-1829): Sonata Nr.1 \u2013 Allegro moderato, amelynek sz\u00f3l\u00f3j\u00e1t Horv\u00e1th Ott\u00f3 tolm\u00e1csolta klarinetten, s orgon\u00e1n Kocsis Judit k\u00eds\u00e9rt, majd zsolt\u00e1rk\u00e9nt ugyancsak t\u0151l\u00fck csend\u00fclt f\u00f6l Jean Xavier Lef\u00e8vre a Sonata Nr.1 \u2013 Adagio-ja. A napi Olvasm\u00e1ny szavait Sir\u00e1k fia k\u00f6nyv\u00e9b\u0151l hallottuk az \u00darr\u00f3l, az igaz B\u00edr\u00f3r\u00f3l, akinek mindig f\u00fcle van arra, hogy az \u00e1rv\u00e1k k\u00f6ny\u00f6rg\u00e9s\u00e9t, \u00e9s \u00f6zvegyek panasz\u00e1t meghallgassa. Ez a sz\u00f6vegr\u00e9sz engem arra eml\u00e9keztetett, hogy 1956. november\u00e9ben, sok hallgatni val\u00f3ja lehetett a j\u00f3 Istennek. Mert a t\u00faler\u0151vel szemben v\u00edvott harc n\u00e9p\u00fcnkt\u0151l nagy v\u00e9r\u00e1ldozatot k\u00f6vetelt, s majd ezt k\u00f6vet\u0151en is, a megtorl\u00e1sokat k\u00f6vet\u0151 \u00e9vekben, mikor is \u201cLev\u00e1gva n\u00e9p\u00fcnk ezrei, Halomba, mint kereszt, Hogy s\u00edrva tall\u00f3z, aki \u00e9l\u201d. [K\u00e1d\u00e1r] \u201ckir\u00e1ly te tetted ezt! Magyarorsz\u00e1g ezen tragikus \u00e9veiben \u00f6zvegyasszonyok sz\u00e1zainak jajai, \u00e9s az \u00e1rv\u00e1k zokog\u00f3 panaszai, az \u00e9gbe, az igaz B\u00edr\u00f3hoz ki\u00e1ltottak. Hullt az \u00e9desany\u00e1k k\u00f6nnyz\u00e1pora, mik\u00f6zben utols\u00f3 \u00fatjukra k\u00eds\u00e9rt\u00e9k fiatal \u00e9let\u00fckben kett\u00e9t\u00f6rt fiaikat, \u00e9s szer\u00e9t-sz\u00e1m\u00e1t nem tudjuk azoknak a fiatal n\u0151knek, akiknek oly kor\u00e1n ker\u00fclt fej\u00fckre az \u00f6zvegyi f\u00e1tyol, \u00e9s ami tal\u00e1n sz\u00e1mukra a legszomor\u00fabb volt, hogy gyakran m\u00e9g b\u00facs\u00fat sem tudtak venni fiaikt\u00f3l vagy f\u00e9rjeikt\u0151l, mert j\u00f3l tudjuk a K\u00e1d\u00e1r-rendszer sok embert kiv\u00e9geztetett, akiket akkor jeltelen\u00fcl hantoltak el, s \u00edgy m\u00e9g egy kis\u00a0s\u00edrhant sem adatott meg nekik, amely f\u00f6l\u00e9 borulva, b\u00e1natukat elzokogj\u00e1k. Zas L\u00f3r\u00e1nt: Novemberben.. Novemberben s\u00edrnak az utc\u00e1k Novemberben s\u00edrnak az emberek.... R\u00e9szletek","og_url":"https:\/\/stuttgarti-katolikusok.de\/index.php\/zeitler-barbara-kik-erted-haltak-szent-vilagszabadsag\/","og_site_name":"Stuttgarti Katolikusok","article_published_time":"2016-10-27T13:47:24+00:00","article_modified_time":"2016-10-27T22:57:18+00:00","author":"Tibor atya","twitter_card":"summary_large_image","twitter_misc":{"Szerz\u0151:":"Tibor atya","Becs\u00fclt olvas\u00e1si id\u0151":"16 perc"},"schema":{"@context":"https:\/\/schema.org","@graph":[{"@type":"Article","@id":"https:\/\/stuttgarti-katolikusok.de\/index.php\/zeitler-barbara-kik-erted-haltak-szent-vilagszabadsag\/#article","isPartOf":{"@id":"https:\/\/stuttgarti-katolikusok.de\/index.php\/zeitler-barbara-kik-erted-haltak-szent-vilagszabadsag\/"},"author":{"name":"Tibor atya","@id":"https:\/\/stuttgarti-katolikusok.de\/#\/schema\/person\/75908d6f8fdc03a57889d27209df7795"},"headline":"Zeitler Barbara: &#8222;Kik \u00e9rted haltak, szent vil\u00e1gszabads\u00e1g&#8230;&#8221;","datePublished":"2016-10-27T13:47:24+00:00","dateModified":"2016-10-27T22:57:18+00:00","mainEntityOfPage":{"@id":"https:\/\/stuttgarti-katolikusok.de\/index.php\/zeitler-barbara-kik-erted-haltak-szent-vilagszabadsag\/"},"wordCount":3230,"articleSection":["Olvas\u00f3ink \u00edrj\u00e1k"],"inLanguage":"hu"},{"@type":"WebPage","@id":"https:\/\/stuttgarti-katolikusok.de\/index.php\/zeitler-barbara-kik-erted-haltak-szent-vilagszabadsag\/","url":"https:\/\/stuttgarti-katolikusok.de\/index.php\/zeitler-barbara-kik-erted-haltak-szent-vilagszabadsag\/","name":"Zeitler Barbara: \"Kik \u00e9rted haltak, szent vil\u00e1gszabads\u00e1g...\" - Stuttgarti Katolikusok","isPartOf":{"@id":"https:\/\/stuttgarti-katolikusok.de\/#website"},"datePublished":"2016-10-27T13:47:24+00:00","dateModified":"2016-10-27T22:57:18+00:00","author":{"@id":"https:\/\/stuttgarti-katolikusok.de\/#\/schema\/person\/75908d6f8fdc03a57889d27209df7795"},"breadcrumb":{"@id":"https:\/\/stuttgarti-katolikusok.de\/index.php\/zeitler-barbara-kik-erted-haltak-szent-vilagszabadsag\/#breadcrumb"},"inLanguage":"hu","potentialAction":[{"@type":"ReadAction","target":["https:\/\/stuttgarti-katolikusok.de\/index.php\/zeitler-barbara-kik-erted-haltak-szent-vilagszabadsag\/"]}]},{"@type":"BreadcrumbList","@id":"https:\/\/stuttgarti-katolikusok.de\/index.php\/zeitler-barbara-kik-erted-haltak-szent-vilagszabadsag\/#breadcrumb","itemListElement":[{"@type":"ListItem","position":1,"name":"Kezd\u0151lap","item":"https:\/\/stuttgarti-katolikusok.de\/"},{"@type":"ListItem","position":2,"name":"Zeitler Barbara: &#8220;Kik \u00e9rted haltak, szent vil\u00e1gszabads\u00e1g&#8230;&#8221;"}]},{"@type":"WebSite","@id":"https:\/\/stuttgarti-katolikusok.de\/#website","url":"https:\/\/stuttgarti-katolikusok.de\/","name":"Stuttgarti Katolikusok","description":"","potentialAction":[{"@type":"SearchAction","target":{"@type":"EntryPoint","urlTemplate":"https:\/\/stuttgarti-katolikusok.de\/?s={search_term_string}"},"query-input":{"@type":"PropertyValueSpecification","valueRequired":true,"valueName":"search_term_string"}}],"inLanguage":"hu"},{"@type":"Person","@id":"https:\/\/stuttgarti-katolikusok.de\/#\/schema\/person\/75908d6f8fdc03a57889d27209df7795","name":"Tibor atya","image":{"@type":"ImageObject","inLanguage":"hu","@id":"https:\/\/secure.gravatar.com\/avatar\/61d268e57d1f4525b111222e29d2d5a7f8c420fdbf231ba5566a8ceac74fa960?s=96&d=mm&r=g","url":"https:\/\/secure.gravatar.com\/avatar\/61d268e57d1f4525b111222e29d2d5a7f8c420fdbf231ba5566a8ceac74fa960?s=96&d=mm&r=g","contentUrl":"https:\/\/secure.gravatar.com\/avatar\/61d268e57d1f4525b111222e29d2d5a7f8c420fdbf231ba5566a8ceac74fa960?s=96&d=mm&r=g","caption":"Tibor atya"},"url":"https:\/\/stuttgarti-katolikusok.de\/index.php\/author\/tibor-atya\/"}]}},"_links":{"self":[{"href":"https:\/\/stuttgarti-katolikusok.de\/index.php\/wp-json\/wp\/v2\/posts\/10095","targetHints":{"allow":["GET"]}}],"collection":[{"href":"https:\/\/stuttgarti-katolikusok.de\/index.php\/wp-json\/wp\/v2\/posts"}],"about":[{"href":"https:\/\/stuttgarti-katolikusok.de\/index.php\/wp-json\/wp\/v2\/types\/post"}],"author":[{"embeddable":true,"href":"https:\/\/stuttgarti-katolikusok.de\/index.php\/wp-json\/wp\/v2\/users\/3"}],"replies":[{"embeddable":true,"href":"https:\/\/stuttgarti-katolikusok.de\/index.php\/wp-json\/wp\/v2\/comments?post=10095"}],"version-history":[{"count":6,"href":"https:\/\/stuttgarti-katolikusok.de\/index.php\/wp-json\/wp\/v2\/posts\/10095\/revisions"}],"predecessor-version":[{"id":10102,"href":"https:\/\/stuttgarti-katolikusok.de\/index.php\/wp-json\/wp\/v2\/posts\/10095\/revisions\/10102"}],"wp:attachment":[{"href":"https:\/\/stuttgarti-katolikusok.de\/index.php\/wp-json\/wp\/v2\/media?parent=10095"}],"wp:term":[{"taxonomy":"category","embeddable":true,"href":"https:\/\/stuttgarti-katolikusok.de\/index.php\/wp-json\/wp\/v2\/categories?post=10095"},{"taxonomy":"post_tag","embeddable":true,"href":"https:\/\/stuttgarti-katolikusok.de\/index.php\/wp-json\/wp\/v2\/tags?post=10095"}],"curies":[{"name":"wp","href":"https:\/\/api.w.org\/{rel}","templated":true}]}}