{"id":10015,"date":"2016-10-10T05:24:50","date_gmt":"2016-10-10T05:24:50","guid":{"rendered":"https:\/\/gracious-dewdney.138-201-221-2.plesk.page\/?p=10015"},"modified":"2016-10-10T05:24:50","modified_gmt":"2016-10-10T05:24:50","slug":"magyarok-nagyasszonya-bucsu-ulmban","status":"publish","type":"post","link":"https:\/\/stuttgarti-katolikusok.de\/index.php\/magyarok-nagyasszonya-bucsu-ulmban\/","title":{"rendered":"Magyarok Nagyasszonya b\u00facs\u00fa Ulmban"},"content":{"rendered":"<p>2016. okt\u00f3ber 9-\u00e9n Ulmban gy\u0171lt\u00fcnk \u00f6ssze k\u00f6sz\u00f6nteni Magyarok Nagyasszony\u00e1t. A b\u00facs\u00fas szentmis\u00e9t k\u00f6vet\u0151en az \u00e1g\u00e1p\u00e9n is egy\u00fctt voltunk.<\/p>\n<p>Fogadj\u00e1tok szeretettel az itt k\u00e9sz\u00fclt k\u00e9peket!<\/p>\n\n            \n<p>&nbsp;<\/p>\n","protected":false},"excerpt":{"rendered":"<p>2016. okt\u00f3ber 9-\u00e9n Ulmban gy\u0171lt\u00fcnk \u00f6ssze k\u00f6sz\u00f6nteni Magyarok Nagyasszony\u00e1t. A b\u00facs\u00fas szentmis\u00e9t k\u00f6vet\u0151en az \u00e1g\u00e1p\u00e9n is egy\u00fctt voltunk. Fogadj\u00e1tok szeretettel az itt k\u00e9sz\u00fclt k\u00e9peket! &nbsp;<\/p>\n","protected":false},"author":3,"featured_media":10016,"comment_status":"closed","ping_status":"closed","sticky":false,"template":"","format":"gallery","meta":{"footnotes":""},"categories":[39],"tags":[],"class_list":["post-10015","post","type-post","status-publish","format-gallery","has-post-thumbnail","hentry","category-kepgaleria","post_format-post-format-gallery"],"yoast_head":"<!-- This site is optimized with the Yoast SEO plugin v27.3 - https:\/\/yoast.com\/product\/yoast-seo-wordpress\/ -->\n<title>Magyarok Nagyasszonya b\u00facs\u00fa Ulmban - Stuttgarti Katolikusok<\/title>\n<meta name=\"robots\" content=\"index, follow, max-snippet:-1, max-image-preview:large, max-video-preview:-1\" \/>\n<link rel=\"canonical\" href=\"https:\/\/stuttgarti-katolikusok.de\/index.php\/magyarok-nagyasszonya-bucsu-ulmban\/\" \/>\n<meta property=\"og:locale\" content=\"hu_HU\" \/>\n<meta property=\"og:type\" content=\"article\" \/>\n<meta property=\"og:title\" content=\"Magyarok Nagyasszonya b\u00facs\u00fa Ulmban - Stuttgarti Katolikusok\" \/>\n<meta property=\"og:description\" content=\"2016. okt\u00f3ber 9-\u00e9n Ulmban gy\u0171lt\u00fcnk \u00f6ssze k\u00f6sz\u00f6nteni Magyarok Nagyasszony\u00e1t. A b\u00facs\u00fas szentmis\u00e9t k\u00f6vet\u0151en az \u00e1g\u00e1p\u00e9n is egy\u00fctt voltunk. Fogadj\u00e1tok szeretettel az itt k\u00e9sz\u00fclt k\u00e9peket! &nbsp;\" \/>\n<meta property=\"og:url\" content=\"https:\/\/stuttgarti-katolikusok.de\/index.php\/magyarok-nagyasszonya-bucsu-ulmban\/\" \/>\n<meta property=\"og:site_name\" content=\"Stuttgarti Katolikusok\" \/>\n<meta property=\"article:published_time\" content=\"2016-10-10T05:24:50+00:00\" \/>\n<meta property=\"og:image\" content=\"https:\/\/stuttgarti-katolikusok.de\/wp-content\/uploads\/2016\/10\/ulmi-bucsu.jpg\" \/>\n\t<meta property=\"og:image:width\" content=\"800\" \/>\n\t<meta property=\"og:image:height\" content=\"533\" \/>\n\t<meta property=\"og:image:type\" content=\"image\/jpeg\" \/>\n<meta name=\"author\" content=\"Tibor atya\" \/>\n<meta name=\"twitter:card\" content=\"summary_large_image\" \/>\n<meta name=\"twitter:label1\" content=\"Szerz\u0151:\" \/>\n\t<meta name=\"twitter:data1\" content=\"Tibor atya\" \/>\n<script type=\"application\/ld+json\" class=\"yoast-schema-graph\">{\"@context\":\"https:\\\/\\\/schema.org\",\"@graph\":[{\"@type\":\"Article\",\"@id\":\"https:\\\/\\\/stuttgarti-katolikusok.de\\\/index.php\\\/magyarok-nagyasszonya-bucsu-ulmban\\\/#article\",\"isPartOf\":{\"@id\":\"https:\\\/\\\/stuttgarti-katolikusok.de\\\/index.php\\\/magyarok-nagyasszonya-bucsu-ulmban\\\/\"},\"author\":{\"name\":\"Tibor atya\",\"@id\":\"https:\\\/\\\/stuttgarti-katolikusok.de\\\/#\\\/schema\\\/person\\\/75908d6f8fdc03a57889d27209df7795\"},\"headline\":\"Magyarok Nagyasszonya b\u00facs\u00fa Ulmban\",\"datePublished\":\"2016-10-10T05:24:50+00:00\",\"mainEntityOfPage\":{\"@id\":\"https:\\\/\\\/stuttgarti-katolikusok.de\\\/index.php\\\/magyarok-nagyasszonya-bucsu-ulmban\\\/\"},\"wordCount\":50,\"image\":{\"@id\":\"https:\\\/\\\/stuttgarti-katolikusok.de\\\/index.php\\\/magyarok-nagyasszonya-bucsu-ulmban\\\/#primaryimage\"},\"thumbnailUrl\":\"https:\\\/\\\/stuttgarti-katolikusok.de\\\/wp-content\\\/uploads\\\/2016\\\/10\\\/ulmi-bucsu.jpg\",\"articleSection\":[\"K\u00e9pgal\u00e9ria\"],\"inLanguage\":\"hu\"},{\"@type\":\"WebPage\",\"@id\":\"https:\\\/\\\/stuttgarti-katolikusok.de\\\/index.php\\\/magyarok-nagyasszonya-bucsu-ulmban\\\/\",\"url\":\"https:\\\/\\\/stuttgarti-katolikusok.de\\\/index.php\\\/magyarok-nagyasszonya-bucsu-ulmban\\\/\",\"name\":\"Magyarok Nagyasszonya b\u00facs\u00fa Ulmban - Stuttgarti Katolikusok\",\"isPartOf\":{\"@id\":\"https:\\\/\\\/stuttgarti-katolikusok.de\\\/#website\"},\"primaryImageOfPage\":{\"@id\":\"https:\\\/\\\/stuttgarti-katolikusok.de\\\/index.php\\\/magyarok-nagyasszonya-bucsu-ulmban\\\/#primaryimage\"},\"image\":{\"@id\":\"https:\\\/\\\/stuttgarti-katolikusok.de\\\/index.php\\\/magyarok-nagyasszonya-bucsu-ulmban\\\/#primaryimage\"},\"thumbnailUrl\":\"https:\\\/\\\/stuttgarti-katolikusok.de\\\/wp-content\\\/uploads\\\/2016\\\/10\\\/ulmi-bucsu.jpg\",\"datePublished\":\"2016-10-10T05:24:50+00:00\",\"author\":{\"@id\":\"https:\\\/\\\/stuttgarti-katolikusok.de\\\/#\\\/schema\\\/person\\\/75908d6f8fdc03a57889d27209df7795\"},\"breadcrumb\":{\"@id\":\"https:\\\/\\\/stuttgarti-katolikusok.de\\\/index.php\\\/magyarok-nagyasszonya-bucsu-ulmban\\\/#breadcrumb\"},\"inLanguage\":\"hu\",\"potentialAction\":[{\"@type\":\"ReadAction\",\"target\":[\"https:\\\/\\\/stuttgarti-katolikusok.de\\\/index.php\\\/magyarok-nagyasszonya-bucsu-ulmban\\\/\"]}]},{\"@type\":\"ImageObject\",\"inLanguage\":\"hu\",\"@id\":\"https:\\\/\\\/stuttgarti-katolikusok.de\\\/index.php\\\/magyarok-nagyasszonya-bucsu-ulmban\\\/#primaryimage\",\"url\":\"https:\\\/\\\/stuttgarti-katolikusok.de\\\/wp-content\\\/uploads\\\/2016\\\/10\\\/ulmi-bucsu.jpg\",\"contentUrl\":\"https:\\\/\\\/stuttgarti-katolikusok.de\\\/wp-content\\\/uploads\\\/2016\\\/10\\\/ulmi-bucsu.jpg\",\"width\":800,\"height\":533},{\"@type\":\"BreadcrumbList\",\"@id\":\"https:\\\/\\\/stuttgarti-katolikusok.de\\\/index.php\\\/magyarok-nagyasszonya-bucsu-ulmban\\\/#breadcrumb\",\"itemListElement\":[{\"@type\":\"ListItem\",\"position\":1,\"name\":\"Kezd\u0151lap\",\"item\":\"https:\\\/\\\/stuttgarti-katolikusok.de\\\/\"},{\"@type\":\"ListItem\",\"position\":2,\"name\":\"Magyarok Nagyasszonya b\u00facs\u00fa Ulmban\"}]},{\"@type\":\"WebSite\",\"@id\":\"https:\\\/\\\/stuttgarti-katolikusok.de\\\/#website\",\"url\":\"https:\\\/\\\/stuttgarti-katolikusok.de\\\/\",\"name\":\"Stuttgarti Katolikusok\",\"description\":\"\",\"potentialAction\":[{\"@type\":\"SearchAction\",\"target\":{\"@type\":\"EntryPoint\",\"urlTemplate\":\"https:\\\/\\\/stuttgarti-katolikusok.de\\\/?s={search_term_string}\"},\"query-input\":{\"@type\":\"PropertyValueSpecification\",\"valueRequired\":true,\"valueName\":\"search_term_string\"}}],\"inLanguage\":\"hu\"},{\"@type\":\"Person\",\"@id\":\"https:\\\/\\\/stuttgarti-katolikusok.de\\\/#\\\/schema\\\/person\\\/75908d6f8fdc03a57889d27209df7795\",\"name\":\"Tibor atya\",\"image\":{\"@type\":\"ImageObject\",\"inLanguage\":\"hu\",\"@id\":\"https:\\\/\\\/secure.gravatar.com\\\/avatar\\\/61d268e57d1f4525b111222e29d2d5a7f8c420fdbf231ba5566a8ceac74fa960?s=96&d=mm&r=g\",\"url\":\"https:\\\/\\\/secure.gravatar.com\\\/avatar\\\/61d268e57d1f4525b111222e29d2d5a7f8c420fdbf231ba5566a8ceac74fa960?s=96&d=mm&r=g\",\"contentUrl\":\"https:\\\/\\\/secure.gravatar.com\\\/avatar\\\/61d268e57d1f4525b111222e29d2d5a7f8c420fdbf231ba5566a8ceac74fa960?s=96&d=mm&r=g\",\"caption\":\"Tibor atya\"},\"url\":\"https:\\\/\\\/stuttgarti-katolikusok.de\\\/index.php\\\/author\\\/tibor-atya\\\/\"}]}<\/script>\n<!-- \/ Yoast SEO plugin. -->","yoast_head_json":{"title":"Magyarok Nagyasszonya b\u00facs\u00fa Ulmban - Stuttgarti Katolikusok","robots":{"index":"index","follow":"follow","max-snippet":"max-snippet:-1","max-image-preview":"max-image-preview:large","max-video-preview":"max-video-preview:-1"},"canonical":"https:\/\/stuttgarti-katolikusok.de\/index.php\/magyarok-nagyasszonya-bucsu-ulmban\/","og_locale":"hu_HU","og_type":"article","og_title":"Magyarok Nagyasszonya b\u00facs\u00fa Ulmban - Stuttgarti Katolikusok","og_description":"2016. okt\u00f3ber 9-\u00e9n Ulmban gy\u0171lt\u00fcnk \u00f6ssze k\u00f6sz\u00f6nteni Magyarok Nagyasszony\u00e1t. A b\u00facs\u00fas szentmis\u00e9t k\u00f6vet\u0151en az \u00e1g\u00e1p\u00e9n is egy\u00fctt voltunk. Fogadj\u00e1tok szeretettel az itt k\u00e9sz\u00fclt k\u00e9peket! &nbsp;","og_url":"https:\/\/stuttgarti-katolikusok.de\/index.php\/magyarok-nagyasszonya-bucsu-ulmban\/","og_site_name":"Stuttgarti Katolikusok","article_published_time":"2016-10-10T05:24:50+00:00","og_image":[{"width":800,"height":533,"url":"https:\/\/stuttgarti-katolikusok.de\/wp-content\/uploads\/2016\/10\/ulmi-bucsu.jpg","type":"image\/jpeg"}],"author":"Tibor atya","twitter_card":"summary_large_image","twitter_misc":{"Szerz\u0151:":"Tibor atya"},"schema":{"@context":"https:\/\/schema.org","@graph":[{"@type":"Article","@id":"https:\/\/stuttgarti-katolikusok.de\/index.php\/magyarok-nagyasszonya-bucsu-ulmban\/#article","isPartOf":{"@id":"https:\/\/stuttgarti-katolikusok.de\/index.php\/magyarok-nagyasszonya-bucsu-ulmban\/"},"author":{"name":"Tibor atya","@id":"https:\/\/stuttgarti-katolikusok.de\/#\/schema\/person\/75908d6f8fdc03a57889d27209df7795"},"headline":"Magyarok Nagyasszonya b\u00facs\u00fa Ulmban","datePublished":"2016-10-10T05:24:50+00:00","mainEntityOfPage":{"@id":"https:\/\/stuttgarti-katolikusok.de\/index.php\/magyarok-nagyasszonya-bucsu-ulmban\/"},"wordCount":50,"image":{"@id":"https:\/\/stuttgarti-katolikusok.de\/index.php\/magyarok-nagyasszonya-bucsu-ulmban\/#primaryimage"},"thumbnailUrl":"https:\/\/stuttgarti-katolikusok.de\/wp-content\/uploads\/2016\/10\/ulmi-bucsu.jpg","articleSection":["K\u00e9pgal\u00e9ria"],"inLanguage":"hu"},{"@type":"WebPage","@id":"https:\/\/stuttgarti-katolikusok.de\/index.php\/magyarok-nagyasszonya-bucsu-ulmban\/","url":"https:\/\/stuttgarti-katolikusok.de\/index.php\/magyarok-nagyasszonya-bucsu-ulmban\/","name":"Magyarok Nagyasszonya b\u00facs\u00fa Ulmban - Stuttgarti Katolikusok","isPartOf":{"@id":"https:\/\/stuttgarti-katolikusok.de\/#website"},"primaryImageOfPage":{"@id":"https:\/\/stuttgarti-katolikusok.de\/index.php\/magyarok-nagyasszonya-bucsu-ulmban\/#primaryimage"},"image":{"@id":"https:\/\/stuttgarti-katolikusok.de\/index.php\/magyarok-nagyasszonya-bucsu-ulmban\/#primaryimage"},"thumbnailUrl":"https:\/\/stuttgarti-katolikusok.de\/wp-content\/uploads\/2016\/10\/ulmi-bucsu.jpg","datePublished":"2016-10-10T05:24:50+00:00","author":{"@id":"https:\/\/stuttgarti-katolikusok.de\/#\/schema\/person\/75908d6f8fdc03a57889d27209df7795"},"breadcrumb":{"@id":"https:\/\/stuttgarti-katolikusok.de\/index.php\/magyarok-nagyasszonya-bucsu-ulmban\/#breadcrumb"},"inLanguage":"hu","potentialAction":[{"@type":"ReadAction","target":["https:\/\/stuttgarti-katolikusok.de\/index.php\/magyarok-nagyasszonya-bucsu-ulmban\/"]}]},{"@type":"ImageObject","inLanguage":"hu","@id":"https:\/\/stuttgarti-katolikusok.de\/index.php\/magyarok-nagyasszonya-bucsu-ulmban\/#primaryimage","url":"https:\/\/stuttgarti-katolikusok.de\/wp-content\/uploads\/2016\/10\/ulmi-bucsu.jpg","contentUrl":"https:\/\/stuttgarti-katolikusok.de\/wp-content\/uploads\/2016\/10\/ulmi-bucsu.jpg","width":800,"height":533},{"@type":"BreadcrumbList","@id":"https:\/\/stuttgarti-katolikusok.de\/index.php\/magyarok-nagyasszonya-bucsu-ulmban\/#breadcrumb","itemListElement":[{"@type":"ListItem","position":1,"name":"Kezd\u0151lap","item":"https:\/\/stuttgarti-katolikusok.de\/"},{"@type":"ListItem","position":2,"name":"Magyarok Nagyasszonya b\u00facs\u00fa Ulmban"}]},{"@type":"WebSite","@id":"https:\/\/stuttgarti-katolikusok.de\/#website","url":"https:\/\/stuttgarti-katolikusok.de\/","name":"Stuttgarti Katolikusok","description":"","potentialAction":[{"@type":"SearchAction","target":{"@type":"EntryPoint","urlTemplate":"https:\/\/stuttgarti-katolikusok.de\/?s={search_term_string}"},"query-input":{"@type":"PropertyValueSpecification","valueRequired":true,"valueName":"search_term_string"}}],"inLanguage":"hu"},{"@type":"Person","@id":"https:\/\/stuttgarti-katolikusok.de\/#\/schema\/person\/75908d6f8fdc03a57889d27209df7795","name":"Tibor atya","image":{"@type":"ImageObject","inLanguage":"hu","@id":"https:\/\/secure.gravatar.com\/avatar\/61d268e57d1f4525b111222e29d2d5a7f8c420fdbf231ba5566a8ceac74fa960?s=96&d=mm&r=g","url":"https:\/\/secure.gravatar.com\/avatar\/61d268e57d1f4525b111222e29d2d5a7f8c420fdbf231ba5566a8ceac74fa960?s=96&d=mm&r=g","contentUrl":"https:\/\/secure.gravatar.com\/avatar\/61d268e57d1f4525b111222e29d2d5a7f8c420fdbf231ba5566a8ceac74fa960?s=96&d=mm&r=g","caption":"Tibor atya"},"url":"https:\/\/stuttgarti-katolikusok.de\/index.php\/author\/tibor-atya\/"}]}},"_links":{"self":[{"href":"https:\/\/stuttgarti-katolikusok.de\/index.php\/wp-json\/wp\/v2\/posts\/10015","targetHints":{"allow":["GET"]}}],"collection":[{"href":"https:\/\/stuttgarti-katolikusok.de\/index.php\/wp-json\/wp\/v2\/posts"}],"about":[{"href":"https:\/\/stuttgarti-katolikusok.de\/index.php\/wp-json\/wp\/v2\/types\/post"}],"author":[{"embeddable":true,"href":"https:\/\/stuttgarti-katolikusok.de\/index.php\/wp-json\/wp\/v2\/users\/3"}],"replies":[{"embeddable":true,"href":"https:\/\/stuttgarti-katolikusok.de\/index.php\/wp-json\/wp\/v2\/comments?post=10015"}],"version-history":[{"count":2,"href":"https:\/\/stuttgarti-katolikusok.de\/index.php\/wp-json\/wp\/v2\/posts\/10015\/revisions"}],"predecessor-version":[{"id":10020,"href":"https:\/\/stuttgarti-katolikusok.de\/index.php\/wp-json\/wp\/v2\/posts\/10015\/revisions\/10020"}],"wp:featuredmedia":[{"embeddable":true,"href":"https:\/\/stuttgarti-katolikusok.de\/index.php\/wp-json\/wp\/v2\/media\/10016"}],"wp:attachment":[{"href":"https:\/\/stuttgarti-katolikusok.de\/index.php\/wp-json\/wp\/v2\/media?parent=10015"}],"wp:term":[{"taxonomy":"category","embeddable":true,"href":"https:\/\/stuttgarti-katolikusok.de\/index.php\/wp-json\/wp\/v2\/categories?post=10015"},{"taxonomy":"post_tag","embeddable":true,"href":"https:\/\/stuttgarti-katolikusok.de\/index.php\/wp-json\/wp\/v2\/tags?post=10015"}],"curies":[{"name":"wp","href":"https:\/\/api.w.org\/{rel}","templated":true}]}}