{"id":10000,"date":"2016-10-10T04:27:37","date_gmt":"2016-10-10T04:27:37","guid":{"rendered":"https:\/\/gracious-dewdney.138-201-221-2.plesk.page\/?p=10000"},"modified":"2016-10-10T04:27:37","modified_gmt":"2016-10-10T04:27:37","slug":"marton-aron-emlekev-stuttgartban-2","status":"publish","type":"post","link":"https:\/\/stuttgarti-katolikusok.de\/index.php\/marton-aron-emlekev-stuttgartban-2\/","title":{"rendered":"M\u00e1rton \u00c1ron-Eml\u00e9k\u00e9v Stuttgartban"},"content":{"rendered":"<p>2016 okt\u00f3ber 2- \u00e1n Stuttg\u00e1rtban, \u00fcnnepi szentmise keret\u00e9ben megeml\u00e9kezt\u00fcnk M\u00e1rton \u00c1ronr\u00f3l, Erd\u00e9ly szent\u00e9let\u0171 p\u00fcsp\u00f6k\u00e9r\u0151l. Magyarorsz\u00e1g Minisztereln\u00f6ks\u00e9g\u00e9nek Nemzetpolitikai \u00c1llamtitk\u00e1rs\u00e1ga <em>M\u00e1rton \u00c1ron-Eml\u00e9k\u00e9v<\/em>et hirdetett a 2016-os \u00e9vre azzal a c\u00e9llal, hogy sz\u00fclet\u00e9s\u00e9nek 120. \u00e9vfordul\u00f3ja alkalm\u00e1b\u00f3l az erd\u00e9lyi p\u00fcsp\u00f6k \u00e9let\u00e9t \u00e9s munk\u00e1ss\u00e1g\u00e1t p\u00e9ldak\u00e9nt \u00e1ll\u00edtsa a vil\u00e1g magyarjai el\u00e9.<\/p>\n<p>Stuttgartban a szentmis\u00e9t k\u00f6vet\u0151en Nagy Zolt\u00e1n, sz\u00e9kelyudvarhelyi tan\u00e1r egy filmr\u00e9szletekkel gazdag\u00edtott el\u0151ad\u00e1st tartott M\u00e1rton \u00c1ron p\u00fcsp\u00f6k \u00e9let\u00e9r\u0151l.<\/p>\n<p>A szentmise keret\u00e9ben Tempfli Imre atya pr\u00e9dik\u00e1ci\u00f3j\u00e1ban felfedte nek\u00fcnk, hogy a p\u00fcsp\u00f6k \u00e9lete \u00e9s p\u00e9ld\u00e1ja az evang\u00e9lium minden r\u00e9sz\u00e9ben megtal\u00e1lhat\u00f3.<\/p>\n<p>Az olvasm\u00e1nyt Habakuk pr\u00f3f\u00e9ta k\u00f6nyv\u00e9b\u0151l hallottuk \u00e9s azt foglalta \u00f6ssze, <em>hogy az igaz ember a hitb\u0151l \u00e9l; hiszen, ha n\u00e9ha \u00fagy is \u00e9rezz\u00fck, hogy az Isten elfelejtett minket, mert m\u00e1sk\u00e9p nem engedn\u00e9, hogy szenved\u00e9s\u00fcnk ily sokk\u00e1 tartson \u00e9s megb\u00fcntetn\u00e9 a gonoszt; m\u00e9gis van Istennek egy c\u00e9lja: id\u0151t ad a t\u00e9vedteknek, hogy visszat\u00e9rjenek hozz\u00e1 \u00e9s alkalmat ad az igazaknak, hogy gyakorolj\u00e1k a t\u00fcrelmet. <\/em>Habakuk pr\u00f3f\u00e9ta azt j\u00f6vend\u00f6li <em>\u201eAkinek nem igaz a lelke, az elbukik, de az igaz \u00e9lni fog h\u0171s\u00e9g\u00e9\u00e9rt.\u201d<\/em><\/p>\n<p>Imre atya kihangs\u00falyozta, hogy mennyire fontos a hit \u00e9s, hogy ezt M\u00e1rton \u00c1ron is mindig az \u00faj papn\u00f6vend\u00e9keknek a lelk\u00e9re k\u00f6t\u00f6tte, hogy a hit az a fundamentum, amelyre \u00e9p\u00edteni kell \u00e9s \u00e9p\u00edteni \u00e9rdemes.<\/p>\n<p>A Szentlecke Szent P\u00e1l apostolnak Tim\u00f3teushoz \u00edrt m\u00e1sodik level\u00e9b\u0151l val\u00f3 r\u00e9szlet volt, melyben \u00f6szt\u00f6nzi, hogy b<em>\u00e1tor sz\u00edvvel tegyen tan\u00fas\u00e1got J\u00e9zus Krisztus mellett! <\/em>M\u00e1rton \u00c1ron is sok ifj\u00fa pap \u00e9let\u00e9re befoly\u00e1ssal volt. Imre atya b\u00fcszk\u00e9n dicsekedte el, hogy neki alkalma volt \u0151t megismerni \u00e9s t\u0151le tanulni. Nagy tisztelettel \u00e9s csod\u00e1lattal mondta el nek\u00fcnk, hogy milyen nagy befoly\u00e1ssal volt az emberek ir\u00e1nt egy tal\u00e1lkoz\u00e1s, egy sz\u00f3v\u00e1lt\u00e1s a p\u00fcsp\u00f6k \u00farral. Az \u00e9let\u00e9vel tan\u00fas\u00edtott helyt\u00e1ll\u00e1st \u00e9s tan\u00fabizonys\u00e1got semmi m\u00e1s jelz\u0151 nem jellemez jobban, mit az ut\u00f3dj\u00e1nak, Jakab Antalnak a szavai: <em>\u201eMost m\u00e1r szem\u00fcnkben \u0151 lett a hegy, s\u0151t, szikla.\u201d<\/em><\/p>\n<p>Az Evang\u00e9liumot Szent Luk\u00e1cs k\u00f6nyv\u00e9b\u0151l hallottuk \u00e9s a<em> j\u00f3 szolg\u00e1r\u00f3l sz\u00f3lt, aki nem puszt\u00e1n k\u00f6teless\u00e9gb\u0151l, hanem szeretetb\u0151l v\u00e9gzi munk\u00e1j\u00e1t. <\/em>M\u00e1rton \u00c1ron egy olyan korban volt p\u00fcsp\u00f6k, amikor Erd\u00e9lyben a komunista rendszer gyors perrel int\u00e9zte el a m\u00e1s vil\u00e1gn\u00e9zeti vezet\u0151ket. M\u00e1rton \u00c1ron hat \u00e9vet t\u00f6lt\u00f6tt b\u00f6rt\u00f6nben, t\u00edzet pedig h\u00e1zi \u0151rizetben. Munk\u00e1ss\u00e1g\u00e1nak b\u00e1rmilyen kit\u00fcntet\u00e9se tov\u00e1bbi neh\u00e9zs\u00e9geket okozott volna neki, \u00e9s b\u00e1r olyan h\u00edrek j\u00e1rtak, hogy titokban \u00e9rsekk\u00e9 avattak, \u0151 soha nem besz\u00e9lt r\u00f3la. Nem eml\u00edtette, mert nem volt fontos. Egy h\u0171 szolg\u00e1nak tartotta mag\u00e1t, aki sz\u00edvesen v\u00e9gezte a r\u00e1b\u00edzott feladatot, m\u00e9g akkor is, ha ez sokszor nagyon neh\u00e9z volt sz\u00e1m\u00e1ra \u00e9s soha nem v\u00e1rt \u00e9rte elismer\u00e9st vagy kit\u00fcntet\u00e9st.<\/p>\n<p>A szentmise ut\u00e1n a k\u00f6z\u00f6ss\u00e9gi teremben ker\u00fclt sor az el\u0151ad\u00e1sra, melyben a dokumentumfilm szerkeszt\u0151je \u00e9s \u00f6ssze\u00e1ll\u00edt\u00f3ja egy v\u00e1logat\u00e1st k\u00e9sz\u00edtett a stuttgarti h\u00edvek sz\u00e1m\u00e1ra.<\/p>\n<p>Nagy Zolt\u00e1n hittan\u00e1r csal\u00e1dj\u00e1val \u00e9rkezett Sz\u00e9kelyudvarhelyr\u0151l \u00e9s bevall\u00e1sa szerint, amikor huszonk\u00e9t \u00e9vvel ezel\u0151tt, Mih\u00e1ly J\u00f3zsef egykori sz\u00e9kelyudvarhelyi k\u00e1pl\u00e1nnal elhat\u00e1rozta, hogy v\u00e9gig j\u00e1rja a M\u00e1rton \u00c1ron p\u00fcsp\u00f6kkel kapcsolatos helyeket nem gondolta, hogy ilyen terjedelmes anyagot siker\u00fcl majd \u00f6sszegy\u0171jtenie. Egyr\u00e9szt mert a technika m\u00e9g nem ny\u00fajtott egyszer\u0171en el\u00e9rhet\u0151 megold\u00e1sokat, m\u00e1sr\u00e9szt mert sok hang es k\u00e9panyagot tudatosan megsemmis\u00edtettek az \u201aillet\u00e9kesek\u2018. Kutat\u00e1sai sor\u00e1n rokonok, tan\u00edtv\u00e1nyok, munkat\u00e1rsak visszaeml\u00e9kez\u00e9seit gy\u0171jt\u00f6tte \u00f6ssze a p\u00fcsp\u00f6k \u00farr\u00f3l \u00e9s korabeli \u00fajs\u00e1gcikkekkel, a szent\u00e9let\u0171 f\u0151p\u00e1sztor besz\u00e9deivel, \u00edr\u00e1saival eg\u00e9sz\u00edtette ki. A v\u00e9g\u00e9n egy 5 \u00e9s f\u00e9l \u00f3r\u00e1s dokumentumfilm k\u00e9sz\u00fclt M\u00e1rton \u00c1ron (1896-1980) egykori gyulafeh\u00e9rv\u00e1ri p\u00fcsp\u00f6k k\u00fczdelmes \u00e9s hitvall\u00f3 \u00e9let\u00fatj\u00e1r\u00f3l.<\/p>\n<p>Stuttgarti el\u0151ad\u00e1s\u00e1ban egy 50 perces \u00f6sszefoglal\u00f3t k\u00e9sz\u00edtett a p\u00fcsp\u00f6k \u00far \u00e9let\u00e9nek legfontosabb staci\u00f3ir\u00f3l. Megismerhett\u00fck elindul\u00e1s\u00e1t az egyszer\u0171, sz\u00e9kely f\u00f6ldm\u0171vel\u0151 csal\u00e1db\u00f3l sz\u00fcletett M\u00e1rton \u00c1ronnak, a papi hitavat\u00e1s ir\u00e1ny\u00e1ban, az els\u0151 vil\u00e1gh\u00e1bor\u00fa keser\u0171 eml\u00e9keit, a b\u00f6rt\u00f6nben \u00e9s h\u00e1zi \u0151rizetben t\u00f6lt\u00f6tt \u00e9veket. A k\u00e9s\u0151bbi b\u00e9rma\u00fatjain \u00fagy ismerj\u00fck meg \u00c1ron p\u00fcsp\u00f6k\u00f6t, mint a rem\u00e9ny \u00e9s a hit h\u00edrn\u00f6k\u00e9t, aki rendk\u00edv\u00fcli nagys\u00e1ga mellett al\u00e1zatos l\u00e9lek volt \u00e9s kellemes besz\u00e9lget\u0151t\u00e1rs.<\/p>\n<p>Egy r\u00e9szletesebb \u00f6sszefoglal\u00f3 a dokumentumfilmr\u0151l a Magyar Kurir oldalan is olvashat\u00f3 (<a href=\"http:\/\/www.magyarkurir.hu\/hirek\/a-hegy-mozaikkepek-marton-aron-eletebol\">http:\/\/www.magyarkurir.hu\/hirek\/a-hegy-mozaikkepek-marton-aron-eletebol<\/a>). Az egyik fontos visszat\u00e9r\u0151 gondolat ez, amit minden szerepl\u0151 a filmben \u00e9s mindenki, akinek volt alkalma vele tal\u00e1lkozni tanus\u00edt: \u201e\u00e9vtizedek fognak j\u00f6nni, \u00e9s a t\u00f6rt\u00e9nelem majd \u00edt\u00e9l, de \u0151 akkor is az marad, aki volt, a hegy l\u00e1b\u00e1n\u00e1l n\u0151tt domb, amelyb\u0151l szikl\u00e1s hegy lett id\u0151vel, hogy az is maradjon mind\u00f6r\u00f6kre.\u201d<\/p>\n<p>Sz\u00e1momra is ez a p\u00e9ldamutat\u00f3 \u00e9s buzd\u00edt\u00f3 k\u00e9p maradt meg \u00e9s mint a legt\u00f6bb r\u00e9sztvev\u0151 \u00e9n is megv\u00e1s\u00e1roltam a DVD\u2019t, hogy amikor a mindennapi neh\u00e9zs\u00e9gek megpr\u00f3b\u00e1ltat\u00e1saiban elcs\u00fcggedek \u00e9s bizonytalannak vagy kil\u00e1t\u00e1stalannak t\u0171nik a j\u00f6v\u0151, er\u0151t mer\u00edtsek M\u00e1rton \u00c1ron p\u00fcsp\u00f6k p\u00e9ld\u00e1j\u00e1b\u00f3l \u00e9s szavaib\u00f3l<\/p>\n<p>J\u00f3zsa Levente<\/p>\n","protected":false},"excerpt":{"rendered":"<p>2016 okt\u00f3ber 2- \u00e1n Stuttg\u00e1rtban, \u00fcnnepi szentmise keret\u00e9ben megeml\u00e9kezt\u00fcnk M\u00e1rton \u00c1ronr\u00f3l, Erd\u00e9ly szent\u00e9let\u0171 p\u00fcsp\u00f6k\u00e9r\u0151l. Magyarorsz\u00e1g Minisztereln\u00f6ks\u00e9g\u00e9nek Nemzetpolitikai \u00c1llamtitk\u00e1rs\u00e1ga M\u00e1rton \u00c1ron-Eml\u00e9k\u00e9vet hirdetett a 2016-os \u00e9vre azzal a c\u00e9llal, hogy sz\u00fclet\u00e9s\u00e9nek 120. \u00e9vfordul\u00f3ja alkalm\u00e1b\u00f3l az erd\u00e9lyi p\u00fcsp\u00f6k \u00e9let\u00e9t \u00e9s munk\u00e1ss\u00e1g\u00e1t p\u00e9ldak\u00e9nt \u00e1ll\u00edtsa a vil\u00e1g magyarjai el\u00e9. Stuttgartban a szentmis\u00e9t k\u00f6vet\u0151en Nagy Zolt\u00e1n, sz\u00e9kelyudvarhelyi tan\u00e1r egy filmr\u00e9szletekkel gazdag\u00edtott el\u0151ad\u00e1st tartott M\u00e1rton \u00c1ron p\u00fcsp\u00f6k \u00e9let\u00e9r\u0151l. A szentmise keret\u00e9ben Tempfli Imre atya pr\u00e9dik\u00e1ci\u00f3j\u00e1ban felfedte nek\u00fcnk, hogy a p\u00fcsp\u00f6k \u00e9lete \u00e9s p\u00e9ld\u00e1ja az evang\u00e9lium minden r\u00e9sz\u00e9ben megtal\u00e1lhat\u00f3. Az olvasm\u00e1nyt Habakuk pr\u00f3f\u00e9ta k\u00f6nyv\u00e9b\u0151l hallottuk \u00e9s azt foglalta \u00f6ssze, hogy az igaz ember a hitb\u0151l \u00e9l; hiszen, ha n\u00e9ha \u00fagy is \u00e9rezz\u00fck, hogy az Isten elfelejtett minket, mert m\u00e1sk\u00e9p nem engedn\u00e9, hogy szenved\u00e9s\u00fcnk ily sokk\u00e1 tartson \u00e9s megb\u00fcntetn\u00e9 a gonoszt; m\u00e9gis van Istennek egy c\u00e9lja: id\u0151t ad a t\u00e9vedteknek, hogy visszat\u00e9rjenek hozz\u00e1 \u00e9s alkalmat ad az igazaknak, hogy gyakorolj\u00e1k a t\u00fcrelmet. Habakuk pr\u00f3f\u00e9ta azt j\u00f6vend\u00f6li \u201eAkinek nem igaz a lelke, az elbukik, de az igaz \u00e9lni fog h\u0171s\u00e9g\u00e9\u00e9rt.\u201d Imre atya kihangs\u00falyozta, hogy mennyire fontos a hit \u00e9s, hogy ezt M\u00e1rton \u00c1ron is mindig az \u00faj papn\u00f6vend\u00e9keknek a lelk\u00e9re k\u00f6t\u00f6tte, hogy a hit az a fundamentum, amelyre \u00e9p\u00edteni kell \u00e9s \u00e9p\u00edteni \u00e9rdemes. A Szentlecke Szent P\u00e1l apostolnak Tim\u00f3teushoz \u00edrt m\u00e1sodik level\u00e9b\u0151l val\u00f3 r\u00e9szlet volt, melyben \u00f6szt\u00f6nzi, hogy b\u00e1tor sz\u00edvvel tegyen tan\u00fas\u00e1got J\u00e9zus Krisztus mellett! M\u00e1rton \u00c1ron is sok ifj\u00fa pap \u00e9let\u00e9re befoly\u00e1ssal volt. Imre atya b\u00fcszk\u00e9n dicsekedte el, hogy neki alkalma volt \u0151t megismerni \u00e9s t\u0151le tanulni. Nagy tisztelettel \u00e9s csod\u00e1lattal mondta el nek\u00fcnk, hogy milyen nagy befoly\u00e1ssal volt az emberek ir\u00e1nt egy tal\u00e1lkoz\u00e1s, egy sz\u00f3v\u00e1lt\u00e1s a p\u00fcsp\u00f6k \u00farral. Az \u00e9let\u00e9vel tan\u00fas\u00edtott helyt\u00e1ll\u00e1st \u00e9s tan\u00fabizonys\u00e1got semmi m\u00e1s jelz\u0151 nem jellemez jobban, mit az ut\u00f3dj\u00e1nak, Jakab Antalnak a szavai: \u201eMost m\u00e1r szem\u00fcnkben \u0151 lett a hegy, s\u0151t, szikla.\u201d Az Evang\u00e9liumot Szent Luk\u00e1cs k\u00f6nyv\u00e9b\u0151l hallottuk \u00e9s a j\u00f3 szolg\u00e1r\u00f3l sz\u00f3lt, aki&#8230; <\/p>\n<p><a class=\"readmore\" href=\"https:\/\/stuttgarti-katolikusok.de\/index.php\/marton-aron-emlekev-stuttgartban-2\/\">R\u00e9szletek<\/a><\/p>\n","protected":false},"author":3,"featured_media":10001,"comment_status":"closed","ping_status":"closed","sticky":false,"template":"","format":"standard","meta":{"footnotes":""},"categories":[28],"tags":[],"class_list":["post-10000","post","type-post","status-publish","format-standard","has-post-thumbnail","hentry","category-olvasoink-irjak"],"yoast_head":"<!-- This site is optimized with the Yoast SEO plugin v27.3 - https:\/\/yoast.com\/product\/yoast-seo-wordpress\/ -->\n<title>M\u00e1rton \u00c1ron-Eml\u00e9k\u00e9v Stuttgartban - Stuttgarti Katolikusok<\/title>\n<meta name=\"robots\" content=\"index, follow, max-snippet:-1, max-image-preview:large, max-video-preview:-1\" \/>\n<link rel=\"canonical\" href=\"https:\/\/stuttgarti-katolikusok.de\/index.php\/marton-aron-emlekev-stuttgartban-2\/\" \/>\n<meta property=\"og:locale\" content=\"hu_HU\" \/>\n<meta property=\"og:type\" content=\"article\" \/>\n<meta property=\"og:title\" content=\"M\u00e1rton \u00c1ron-Eml\u00e9k\u00e9v Stuttgartban - Stuttgarti Katolikusok\" \/>\n<meta property=\"og:description\" content=\"2016 okt\u00f3ber 2- \u00e1n Stuttg\u00e1rtban, \u00fcnnepi szentmise keret\u00e9ben megeml\u00e9kezt\u00fcnk M\u00e1rton \u00c1ronr\u00f3l, Erd\u00e9ly szent\u00e9let\u0171 p\u00fcsp\u00f6k\u00e9r\u0151l. Magyarorsz\u00e1g Minisztereln\u00f6ks\u00e9g\u00e9nek Nemzetpolitikai \u00c1llamtitk\u00e1rs\u00e1ga M\u00e1rton \u00c1ron-Eml\u00e9k\u00e9vet hirdetett a 2016-os \u00e9vre azzal a c\u00e9llal, hogy sz\u00fclet\u00e9s\u00e9nek 120. \u00e9vfordul\u00f3ja alkalm\u00e1b\u00f3l az erd\u00e9lyi p\u00fcsp\u00f6k \u00e9let\u00e9t \u00e9s munk\u00e1ss\u00e1g\u00e1t p\u00e9ldak\u00e9nt \u00e1ll\u00edtsa a vil\u00e1g magyarjai el\u00e9. Stuttgartban a szentmis\u00e9t k\u00f6vet\u0151en Nagy Zolt\u00e1n, sz\u00e9kelyudvarhelyi tan\u00e1r egy filmr\u00e9szletekkel gazdag\u00edtott el\u0151ad\u00e1st tartott M\u00e1rton \u00c1ron p\u00fcsp\u00f6k \u00e9let\u00e9r\u0151l. A szentmise keret\u00e9ben Tempfli Imre atya pr\u00e9dik\u00e1ci\u00f3j\u00e1ban felfedte nek\u00fcnk, hogy a p\u00fcsp\u00f6k \u00e9lete \u00e9s p\u00e9ld\u00e1ja az evang\u00e9lium minden r\u00e9sz\u00e9ben megtal\u00e1lhat\u00f3. Az olvasm\u00e1nyt Habakuk pr\u00f3f\u00e9ta k\u00f6nyv\u00e9b\u0151l hallottuk \u00e9s azt foglalta \u00f6ssze, hogy az igaz ember a hitb\u0151l \u00e9l; hiszen, ha n\u00e9ha \u00fagy is \u00e9rezz\u00fck, hogy az Isten elfelejtett minket, mert m\u00e1sk\u00e9p nem engedn\u00e9, hogy szenved\u00e9s\u00fcnk ily sokk\u00e1 tartson \u00e9s megb\u00fcntetn\u00e9 a gonoszt; m\u00e9gis van Istennek egy c\u00e9lja: id\u0151t ad a t\u00e9vedteknek, hogy visszat\u00e9rjenek hozz\u00e1 \u00e9s alkalmat ad az igazaknak, hogy gyakorolj\u00e1k a t\u00fcrelmet. Habakuk pr\u00f3f\u00e9ta azt j\u00f6vend\u00f6li \u201eAkinek nem igaz a lelke, az elbukik, de az igaz \u00e9lni fog h\u0171s\u00e9g\u00e9\u00e9rt.\u201d Imre atya kihangs\u00falyozta, hogy mennyire fontos a hit \u00e9s, hogy ezt M\u00e1rton \u00c1ron is mindig az \u00faj papn\u00f6vend\u00e9keknek a lelk\u00e9re k\u00f6t\u00f6tte, hogy a hit az a fundamentum, amelyre \u00e9p\u00edteni kell \u00e9s \u00e9p\u00edteni \u00e9rdemes. A Szentlecke Szent P\u00e1l apostolnak Tim\u00f3teushoz \u00edrt m\u00e1sodik level\u00e9b\u0151l val\u00f3 r\u00e9szlet volt, melyben \u00f6szt\u00f6nzi, hogy b\u00e1tor sz\u00edvvel tegyen tan\u00fas\u00e1got J\u00e9zus Krisztus mellett! M\u00e1rton \u00c1ron is sok ifj\u00fa pap \u00e9let\u00e9re befoly\u00e1ssal volt. Imre atya b\u00fcszk\u00e9n dicsekedte el, hogy neki alkalma volt \u0151t megismerni \u00e9s t\u0151le tanulni. Nagy tisztelettel \u00e9s csod\u00e1lattal mondta el nek\u00fcnk, hogy milyen nagy befoly\u00e1ssal volt az emberek ir\u00e1nt egy tal\u00e1lkoz\u00e1s, egy sz\u00f3v\u00e1lt\u00e1s a p\u00fcsp\u00f6k \u00farral. Az \u00e9let\u00e9vel tan\u00fas\u00edtott helyt\u00e1ll\u00e1st \u00e9s tan\u00fabizonys\u00e1got semmi m\u00e1s jelz\u0151 nem jellemez jobban, mit az ut\u00f3dj\u00e1nak, Jakab Antalnak a szavai: \u201eMost m\u00e1r szem\u00fcnkben \u0151 lett a hegy, s\u0151t, szikla.\u201d Az Evang\u00e9liumot Szent Luk\u00e1cs k\u00f6nyv\u00e9b\u0151l hallottuk \u00e9s a j\u00f3 szolg\u00e1r\u00f3l sz\u00f3lt, aki... R\u00e9szletek\" \/>\n<meta property=\"og:url\" content=\"https:\/\/stuttgarti-katolikusok.de\/index.php\/marton-aron-emlekev-stuttgartban-2\/\" \/>\n<meta property=\"og:site_name\" content=\"Stuttgarti Katolikusok\" \/>\n<meta property=\"article:published_time\" content=\"2016-10-10T04:27:37+00:00\" \/>\n<meta property=\"og:image\" content=\"https:\/\/stuttgarti-katolikusok.de\/wp-content\/uploads\/2016\/10\/ma-stg.jpg\" \/>\n\t<meta property=\"og:image:width\" content=\"800\" \/>\n\t<meta property=\"og:image:height\" content=\"533\" \/>\n\t<meta property=\"og:image:type\" content=\"image\/jpeg\" \/>\n<meta name=\"author\" content=\"Tibor atya\" \/>\n<meta name=\"twitter:card\" content=\"summary_large_image\" \/>\n<meta name=\"twitter:label1\" content=\"Szerz\u0151:\" \/>\n\t<meta name=\"twitter:data1\" content=\"Tibor atya\" \/>\n\t<meta name=\"twitter:label2\" content=\"Becs\u00fclt olvas\u00e1si id\u0151\" \/>\n\t<meta name=\"twitter:data2\" content=\"5 perc\" \/>\n<script type=\"application\/ld+json\" class=\"yoast-schema-graph\">{\"@context\":\"https:\\\/\\\/schema.org\",\"@graph\":[{\"@type\":\"Article\",\"@id\":\"https:\\\/\\\/stuttgarti-katolikusok.de\\\/index.php\\\/marton-aron-emlekev-stuttgartban-2\\\/#article\",\"isPartOf\":{\"@id\":\"https:\\\/\\\/stuttgarti-katolikusok.de\\\/index.php\\\/marton-aron-emlekev-stuttgartban-2\\\/\"},\"author\":{\"name\":\"Tibor atya\",\"@id\":\"https:\\\/\\\/stuttgarti-katolikusok.de\\\/#\\\/schema\\\/person\\\/75908d6f8fdc03a57889d27209df7795\"},\"headline\":\"M\u00e1rton \u00c1ron-Eml\u00e9k\u00e9v Stuttgartban\",\"datePublished\":\"2016-10-10T04:27:37+00:00\",\"mainEntityOfPage\":{\"@id\":\"https:\\\/\\\/stuttgarti-katolikusok.de\\\/index.php\\\/marton-aron-emlekev-stuttgartban-2\\\/\"},\"wordCount\":1083,\"image\":{\"@id\":\"https:\\\/\\\/stuttgarti-katolikusok.de\\\/index.php\\\/marton-aron-emlekev-stuttgartban-2\\\/#primaryimage\"},\"thumbnailUrl\":\"https:\\\/\\\/stuttgarti-katolikusok.de\\\/wp-content\\\/uploads\\\/2016\\\/10\\\/ma-stg.jpg\",\"articleSection\":[\"Olvas\u00f3ink \u00edrj\u00e1k\"],\"inLanguage\":\"hu\"},{\"@type\":\"WebPage\",\"@id\":\"https:\\\/\\\/stuttgarti-katolikusok.de\\\/index.php\\\/marton-aron-emlekev-stuttgartban-2\\\/\",\"url\":\"https:\\\/\\\/stuttgarti-katolikusok.de\\\/index.php\\\/marton-aron-emlekev-stuttgartban-2\\\/\",\"name\":\"M\u00e1rton \u00c1ron-Eml\u00e9k\u00e9v Stuttgartban - Stuttgarti Katolikusok\",\"isPartOf\":{\"@id\":\"https:\\\/\\\/stuttgarti-katolikusok.de\\\/#website\"},\"primaryImageOfPage\":{\"@id\":\"https:\\\/\\\/stuttgarti-katolikusok.de\\\/index.php\\\/marton-aron-emlekev-stuttgartban-2\\\/#primaryimage\"},\"image\":{\"@id\":\"https:\\\/\\\/stuttgarti-katolikusok.de\\\/index.php\\\/marton-aron-emlekev-stuttgartban-2\\\/#primaryimage\"},\"thumbnailUrl\":\"https:\\\/\\\/stuttgarti-katolikusok.de\\\/wp-content\\\/uploads\\\/2016\\\/10\\\/ma-stg.jpg\",\"datePublished\":\"2016-10-10T04:27:37+00:00\",\"author\":{\"@id\":\"https:\\\/\\\/stuttgarti-katolikusok.de\\\/#\\\/schema\\\/person\\\/75908d6f8fdc03a57889d27209df7795\"},\"breadcrumb\":{\"@id\":\"https:\\\/\\\/stuttgarti-katolikusok.de\\\/index.php\\\/marton-aron-emlekev-stuttgartban-2\\\/#breadcrumb\"},\"inLanguage\":\"hu\",\"potentialAction\":[{\"@type\":\"ReadAction\",\"target\":[\"https:\\\/\\\/stuttgarti-katolikusok.de\\\/index.php\\\/marton-aron-emlekev-stuttgartban-2\\\/\"]}]},{\"@type\":\"ImageObject\",\"inLanguage\":\"hu\",\"@id\":\"https:\\\/\\\/stuttgarti-katolikusok.de\\\/index.php\\\/marton-aron-emlekev-stuttgartban-2\\\/#primaryimage\",\"url\":\"https:\\\/\\\/stuttgarti-katolikusok.de\\\/wp-content\\\/uploads\\\/2016\\\/10\\\/ma-stg.jpg\",\"contentUrl\":\"https:\\\/\\\/stuttgarti-katolikusok.de\\\/wp-content\\\/uploads\\\/2016\\\/10\\\/ma-stg.jpg\",\"width\":800,\"height\":533},{\"@type\":\"BreadcrumbList\",\"@id\":\"https:\\\/\\\/stuttgarti-katolikusok.de\\\/index.php\\\/marton-aron-emlekev-stuttgartban-2\\\/#breadcrumb\",\"itemListElement\":[{\"@type\":\"ListItem\",\"position\":1,\"name\":\"Kezd\u0151lap\",\"item\":\"https:\\\/\\\/stuttgarti-katolikusok.de\\\/\"},{\"@type\":\"ListItem\",\"position\":2,\"name\":\"M\u00e1rton \u00c1ron-Eml\u00e9k\u00e9v Stuttgartban\"}]},{\"@type\":\"WebSite\",\"@id\":\"https:\\\/\\\/stuttgarti-katolikusok.de\\\/#website\",\"url\":\"https:\\\/\\\/stuttgarti-katolikusok.de\\\/\",\"name\":\"Stuttgarti Katolikusok\",\"description\":\"\",\"potentialAction\":[{\"@type\":\"SearchAction\",\"target\":{\"@type\":\"EntryPoint\",\"urlTemplate\":\"https:\\\/\\\/stuttgarti-katolikusok.de\\\/?s={search_term_string}\"},\"query-input\":{\"@type\":\"PropertyValueSpecification\",\"valueRequired\":true,\"valueName\":\"search_term_string\"}}],\"inLanguage\":\"hu\"},{\"@type\":\"Person\",\"@id\":\"https:\\\/\\\/stuttgarti-katolikusok.de\\\/#\\\/schema\\\/person\\\/75908d6f8fdc03a57889d27209df7795\",\"name\":\"Tibor atya\",\"image\":{\"@type\":\"ImageObject\",\"inLanguage\":\"hu\",\"@id\":\"https:\\\/\\\/secure.gravatar.com\\\/avatar\\\/61d268e57d1f4525b111222e29d2d5a7f8c420fdbf231ba5566a8ceac74fa960?s=96&d=mm&r=g\",\"url\":\"https:\\\/\\\/secure.gravatar.com\\\/avatar\\\/61d268e57d1f4525b111222e29d2d5a7f8c420fdbf231ba5566a8ceac74fa960?s=96&d=mm&r=g\",\"contentUrl\":\"https:\\\/\\\/secure.gravatar.com\\\/avatar\\\/61d268e57d1f4525b111222e29d2d5a7f8c420fdbf231ba5566a8ceac74fa960?s=96&d=mm&r=g\",\"caption\":\"Tibor atya\"},\"url\":\"https:\\\/\\\/stuttgarti-katolikusok.de\\\/index.php\\\/author\\\/tibor-atya\\\/\"}]}<\/script>\n<!-- \/ Yoast SEO plugin. -->","yoast_head_json":{"title":"M\u00e1rton \u00c1ron-Eml\u00e9k\u00e9v Stuttgartban - Stuttgarti Katolikusok","robots":{"index":"index","follow":"follow","max-snippet":"max-snippet:-1","max-image-preview":"max-image-preview:large","max-video-preview":"max-video-preview:-1"},"canonical":"https:\/\/stuttgarti-katolikusok.de\/index.php\/marton-aron-emlekev-stuttgartban-2\/","og_locale":"hu_HU","og_type":"article","og_title":"M\u00e1rton \u00c1ron-Eml\u00e9k\u00e9v Stuttgartban - Stuttgarti Katolikusok","og_description":"2016 okt\u00f3ber 2- \u00e1n Stuttg\u00e1rtban, \u00fcnnepi szentmise keret\u00e9ben megeml\u00e9kezt\u00fcnk M\u00e1rton \u00c1ronr\u00f3l, Erd\u00e9ly szent\u00e9let\u0171 p\u00fcsp\u00f6k\u00e9r\u0151l. Magyarorsz\u00e1g Minisztereln\u00f6ks\u00e9g\u00e9nek Nemzetpolitikai \u00c1llamtitk\u00e1rs\u00e1ga M\u00e1rton \u00c1ron-Eml\u00e9k\u00e9vet hirdetett a 2016-os \u00e9vre azzal a c\u00e9llal, hogy sz\u00fclet\u00e9s\u00e9nek 120. \u00e9vfordul\u00f3ja alkalm\u00e1b\u00f3l az erd\u00e9lyi p\u00fcsp\u00f6k \u00e9let\u00e9t \u00e9s munk\u00e1ss\u00e1g\u00e1t p\u00e9ldak\u00e9nt \u00e1ll\u00edtsa a vil\u00e1g magyarjai el\u00e9. Stuttgartban a szentmis\u00e9t k\u00f6vet\u0151en Nagy Zolt\u00e1n, sz\u00e9kelyudvarhelyi tan\u00e1r egy filmr\u00e9szletekkel gazdag\u00edtott el\u0151ad\u00e1st tartott M\u00e1rton \u00c1ron p\u00fcsp\u00f6k \u00e9let\u00e9r\u0151l. A szentmise keret\u00e9ben Tempfli Imre atya pr\u00e9dik\u00e1ci\u00f3j\u00e1ban felfedte nek\u00fcnk, hogy a p\u00fcsp\u00f6k \u00e9lete \u00e9s p\u00e9ld\u00e1ja az evang\u00e9lium minden r\u00e9sz\u00e9ben megtal\u00e1lhat\u00f3. Az olvasm\u00e1nyt Habakuk pr\u00f3f\u00e9ta k\u00f6nyv\u00e9b\u0151l hallottuk \u00e9s azt foglalta \u00f6ssze, hogy az igaz ember a hitb\u0151l \u00e9l; hiszen, ha n\u00e9ha \u00fagy is \u00e9rezz\u00fck, hogy az Isten elfelejtett minket, mert m\u00e1sk\u00e9p nem engedn\u00e9, hogy szenved\u00e9s\u00fcnk ily sokk\u00e1 tartson \u00e9s megb\u00fcntetn\u00e9 a gonoszt; m\u00e9gis van Istennek egy c\u00e9lja: id\u0151t ad a t\u00e9vedteknek, hogy visszat\u00e9rjenek hozz\u00e1 \u00e9s alkalmat ad az igazaknak, hogy gyakorolj\u00e1k a t\u00fcrelmet. Habakuk pr\u00f3f\u00e9ta azt j\u00f6vend\u00f6li \u201eAkinek nem igaz a lelke, az elbukik, de az igaz \u00e9lni fog h\u0171s\u00e9g\u00e9\u00e9rt.\u201d Imre atya kihangs\u00falyozta, hogy mennyire fontos a hit \u00e9s, hogy ezt M\u00e1rton \u00c1ron is mindig az \u00faj papn\u00f6vend\u00e9keknek a lelk\u00e9re k\u00f6t\u00f6tte, hogy a hit az a fundamentum, amelyre \u00e9p\u00edteni kell \u00e9s \u00e9p\u00edteni \u00e9rdemes. A Szentlecke Szent P\u00e1l apostolnak Tim\u00f3teushoz \u00edrt m\u00e1sodik level\u00e9b\u0151l val\u00f3 r\u00e9szlet volt, melyben \u00f6szt\u00f6nzi, hogy b\u00e1tor sz\u00edvvel tegyen tan\u00fas\u00e1got J\u00e9zus Krisztus mellett! M\u00e1rton \u00c1ron is sok ifj\u00fa pap \u00e9let\u00e9re befoly\u00e1ssal volt. Imre atya b\u00fcszk\u00e9n dicsekedte el, hogy neki alkalma volt \u0151t megismerni \u00e9s t\u0151le tanulni. Nagy tisztelettel \u00e9s csod\u00e1lattal mondta el nek\u00fcnk, hogy milyen nagy befoly\u00e1ssal volt az emberek ir\u00e1nt egy tal\u00e1lkoz\u00e1s, egy sz\u00f3v\u00e1lt\u00e1s a p\u00fcsp\u00f6k \u00farral. Az \u00e9let\u00e9vel tan\u00fas\u00edtott helyt\u00e1ll\u00e1st \u00e9s tan\u00fabizonys\u00e1got semmi m\u00e1s jelz\u0151 nem jellemez jobban, mit az ut\u00f3dj\u00e1nak, Jakab Antalnak a szavai: \u201eMost m\u00e1r szem\u00fcnkben \u0151 lett a hegy, s\u0151t, szikla.\u201d Az Evang\u00e9liumot Szent Luk\u00e1cs k\u00f6nyv\u00e9b\u0151l hallottuk \u00e9s a j\u00f3 szolg\u00e1r\u00f3l sz\u00f3lt, aki... R\u00e9szletek","og_url":"https:\/\/stuttgarti-katolikusok.de\/index.php\/marton-aron-emlekev-stuttgartban-2\/","og_site_name":"Stuttgarti Katolikusok","article_published_time":"2016-10-10T04:27:37+00:00","og_image":[{"width":800,"height":533,"url":"https:\/\/stuttgarti-katolikusok.de\/wp-content\/uploads\/2016\/10\/ma-stg.jpg","type":"image\/jpeg"}],"author":"Tibor atya","twitter_card":"summary_large_image","twitter_misc":{"Szerz\u0151:":"Tibor atya","Becs\u00fclt olvas\u00e1si id\u0151":"5 perc"},"schema":{"@context":"https:\/\/schema.org","@graph":[{"@type":"Article","@id":"https:\/\/stuttgarti-katolikusok.de\/index.php\/marton-aron-emlekev-stuttgartban-2\/#article","isPartOf":{"@id":"https:\/\/stuttgarti-katolikusok.de\/index.php\/marton-aron-emlekev-stuttgartban-2\/"},"author":{"name":"Tibor atya","@id":"https:\/\/stuttgarti-katolikusok.de\/#\/schema\/person\/75908d6f8fdc03a57889d27209df7795"},"headline":"M\u00e1rton \u00c1ron-Eml\u00e9k\u00e9v Stuttgartban","datePublished":"2016-10-10T04:27:37+00:00","mainEntityOfPage":{"@id":"https:\/\/stuttgarti-katolikusok.de\/index.php\/marton-aron-emlekev-stuttgartban-2\/"},"wordCount":1083,"image":{"@id":"https:\/\/stuttgarti-katolikusok.de\/index.php\/marton-aron-emlekev-stuttgartban-2\/#primaryimage"},"thumbnailUrl":"https:\/\/stuttgarti-katolikusok.de\/wp-content\/uploads\/2016\/10\/ma-stg.jpg","articleSection":["Olvas\u00f3ink \u00edrj\u00e1k"],"inLanguage":"hu"},{"@type":"WebPage","@id":"https:\/\/stuttgarti-katolikusok.de\/index.php\/marton-aron-emlekev-stuttgartban-2\/","url":"https:\/\/stuttgarti-katolikusok.de\/index.php\/marton-aron-emlekev-stuttgartban-2\/","name":"M\u00e1rton \u00c1ron-Eml\u00e9k\u00e9v Stuttgartban - Stuttgarti Katolikusok","isPartOf":{"@id":"https:\/\/stuttgarti-katolikusok.de\/#website"},"primaryImageOfPage":{"@id":"https:\/\/stuttgarti-katolikusok.de\/index.php\/marton-aron-emlekev-stuttgartban-2\/#primaryimage"},"image":{"@id":"https:\/\/stuttgarti-katolikusok.de\/index.php\/marton-aron-emlekev-stuttgartban-2\/#primaryimage"},"thumbnailUrl":"https:\/\/stuttgarti-katolikusok.de\/wp-content\/uploads\/2016\/10\/ma-stg.jpg","datePublished":"2016-10-10T04:27:37+00:00","author":{"@id":"https:\/\/stuttgarti-katolikusok.de\/#\/schema\/person\/75908d6f8fdc03a57889d27209df7795"},"breadcrumb":{"@id":"https:\/\/stuttgarti-katolikusok.de\/index.php\/marton-aron-emlekev-stuttgartban-2\/#breadcrumb"},"inLanguage":"hu","potentialAction":[{"@type":"ReadAction","target":["https:\/\/stuttgarti-katolikusok.de\/index.php\/marton-aron-emlekev-stuttgartban-2\/"]}]},{"@type":"ImageObject","inLanguage":"hu","@id":"https:\/\/stuttgarti-katolikusok.de\/index.php\/marton-aron-emlekev-stuttgartban-2\/#primaryimage","url":"https:\/\/stuttgarti-katolikusok.de\/wp-content\/uploads\/2016\/10\/ma-stg.jpg","contentUrl":"https:\/\/stuttgarti-katolikusok.de\/wp-content\/uploads\/2016\/10\/ma-stg.jpg","width":800,"height":533},{"@type":"BreadcrumbList","@id":"https:\/\/stuttgarti-katolikusok.de\/index.php\/marton-aron-emlekev-stuttgartban-2\/#breadcrumb","itemListElement":[{"@type":"ListItem","position":1,"name":"Kezd\u0151lap","item":"https:\/\/stuttgarti-katolikusok.de\/"},{"@type":"ListItem","position":2,"name":"M\u00e1rton \u00c1ron-Eml\u00e9k\u00e9v Stuttgartban"}]},{"@type":"WebSite","@id":"https:\/\/stuttgarti-katolikusok.de\/#website","url":"https:\/\/stuttgarti-katolikusok.de\/","name":"Stuttgarti Katolikusok","description":"","potentialAction":[{"@type":"SearchAction","target":{"@type":"EntryPoint","urlTemplate":"https:\/\/stuttgarti-katolikusok.de\/?s={search_term_string}"},"query-input":{"@type":"PropertyValueSpecification","valueRequired":true,"valueName":"search_term_string"}}],"inLanguage":"hu"},{"@type":"Person","@id":"https:\/\/stuttgarti-katolikusok.de\/#\/schema\/person\/75908d6f8fdc03a57889d27209df7795","name":"Tibor atya","image":{"@type":"ImageObject","inLanguage":"hu","@id":"https:\/\/secure.gravatar.com\/avatar\/61d268e57d1f4525b111222e29d2d5a7f8c420fdbf231ba5566a8ceac74fa960?s=96&d=mm&r=g","url":"https:\/\/secure.gravatar.com\/avatar\/61d268e57d1f4525b111222e29d2d5a7f8c420fdbf231ba5566a8ceac74fa960?s=96&d=mm&r=g","contentUrl":"https:\/\/secure.gravatar.com\/avatar\/61d268e57d1f4525b111222e29d2d5a7f8c420fdbf231ba5566a8ceac74fa960?s=96&d=mm&r=g","caption":"Tibor atya"},"url":"https:\/\/stuttgarti-katolikusok.de\/index.php\/author\/tibor-atya\/"}]}},"_links":{"self":[{"href":"https:\/\/stuttgarti-katolikusok.de\/index.php\/wp-json\/wp\/v2\/posts\/10000","targetHints":{"allow":["GET"]}}],"collection":[{"href":"https:\/\/stuttgarti-katolikusok.de\/index.php\/wp-json\/wp\/v2\/posts"}],"about":[{"href":"https:\/\/stuttgarti-katolikusok.de\/index.php\/wp-json\/wp\/v2\/types\/post"}],"author":[{"embeddable":true,"href":"https:\/\/stuttgarti-katolikusok.de\/index.php\/wp-json\/wp\/v2\/users\/3"}],"replies":[{"embeddable":true,"href":"https:\/\/stuttgarti-katolikusok.de\/index.php\/wp-json\/wp\/v2\/comments?post=10000"}],"version-history":[{"count":2,"href":"https:\/\/stuttgarti-katolikusok.de\/index.php\/wp-json\/wp\/v2\/posts\/10000\/revisions"}],"predecessor-version":[{"id":10003,"href":"https:\/\/stuttgarti-katolikusok.de\/index.php\/wp-json\/wp\/v2\/posts\/10000\/revisions\/10003"}],"wp:featuredmedia":[{"embeddable":true,"href":"https:\/\/stuttgarti-katolikusok.de\/index.php\/wp-json\/wp\/v2\/media\/10001"}],"wp:attachment":[{"href":"https:\/\/stuttgarti-katolikusok.de\/index.php\/wp-json\/wp\/v2\/media?parent=10000"}],"wp:term":[{"taxonomy":"category","embeddable":true,"href":"https:\/\/stuttgarti-katolikusok.de\/index.php\/wp-json\/wp\/v2\/categories?post=10000"},{"taxonomy":"post_tag","embeddable":true,"href":"https:\/\/stuttgarti-katolikusok.de\/index.php\/wp-json\/wp\/v2\/tags?post=10000"}],"curies":[{"name":"wp","href":"https:\/\/api.w.org\/{rel}","templated":true}]}}